{"id":9744,"date":"2013-12-11T10:25:44","date_gmt":"2013-12-11T09:25:44","guid":{"rendered":"http:\/\/smallthings.fr\/?post_type=os_livre&#038;p=9744"},"modified":"2015-11-02T13:33:12","modified_gmt":"2015-11-02T12:33:12","slug":"tout-ce-qui-brille-anne-godbersen","status":"publish","type":"post","link":"https:\/\/smallthings.fr\/lespetitslivres\/2013\/12\/11\/tout-ce-qui-brille-anne-godbersen\/","title":{"rendered":"Tout ce qui brille d&rsquo;Anna Godbersen : le NY des ann\u00e9es 30"},"content":{"rendered":"<h2><em>Tout ce qui brille<\/em>\u00a0est sorti aux \u00e9ditions du\u00a0Livre de Poche \u00e0 la fin du mois d&rsquo;octobre. A l&rsquo;origine publi\u00e9\u00a0en fran\u00e7ais pour la premi\u00e8re fois aux \u00e9ditions Albin\u00a0Michel dans la collection Wiz, <em>Tout ce qui brille<\/em>\u00a0apportera la touche de bling\u00a0bling\u00a0n\u00e9cessaire \u00e0 vos f\u00eates de No\u00ebl. Lr\u00a0roman vous entra\u00eenera\u00a0dans le New-York des ann\u00e9es 30,\u00a0en compagnie de Letty\u00a0et Cordelia, deux jeunes femmes happ\u00e9es par les soir\u00e9es fastueuses o\u00f9 tout n&rsquo;est qu&rsquo;apparence&#8230;<\/h2>\n<p><a href=\"http:\/\/smallthings.fr\/livre\/tout-ce-qui-brille-anne-godbersen\/tout-ce-qui-brille-couv\/\" rel=\"attachment wp-att-9747\"><img loading=\"lazy\" decoding=\"async\" class=\"alignright size-full wp-image-9747\" style=\"width: 235px; height: 360px;\" alt=\"tout-ce-qui-brille-couv\" src=\"http:\/\/uploads.smallthings.fr\/2013\/12\/tout-ce-qui-brille-couv.jpg\" width=\"250\" height=\"404\" \/><\/a>Alors que Cordelia\u00a0est promise \u00e0 John, l&rsquo;id\u00e9e d&rsquo;une vie rang\u00e9e\u00a0dans l&rsquo;Ohio\u00a0avec lui, lui semble insurmontable. C&rsquo;est tout en sachant qu&rsquo;elle choquera sa famille et son fianc\u00e9, qu&rsquo;elle d\u00e9cide de partir pour New-York, accompagn\u00e9e de sa meilleure amie Letty. Dans un premier temps, leur nouvelle vie ne s&rsquo;av\u00e8re pas si facile \u00e0 \u00e9tablir. Apr\u00e8s quelques p\u00e9rip\u00e9ties et frayeurs, les deux jeunes filles d\u00e9cident de profiter de la vie et de faire connaissance avec la fr\u00e9n\u00e9sie des soir\u00e9es new-yorkaises de l&rsquo;\u00e9poque. Entra\u00een\u00e9es par Astrid, riche new-yorkaise au r\u00e9seau tr\u00e8s d\u00e9velopp\u00e9, Cordelia\u00a0et Letty risqueraient bien se de br\u00fbler les ailes&#8230; Entre \u00e9merveillement et fascination, le quotidien des deux femmes, obs\u00e9d\u00e9es par tout ce qui brille, change radicalement. Les rencontres vont se multiplier, et les histoires d&rsquo;amours aussi&#8230;\u00a0Les complications familiales seront \u00e9galement de la partie.<\/p>\n<p>Ce voyage de l&rsquo;Ohio \u00e0 New-York vaudra-t-il vraiment le coup ? Cordelia\u00a0et Letty\u00a0ont-elles bien fait de quitter leur vie rang\u00e9e et s\u00e9curisante\u00a0pour quelques soir\u00e9es de plaisir et d&rsquo;\u00e9tourdissement ?<\/p>\n<p><em>Tout ce qui brille<\/em>\u00a0est le premier tome d&rsquo;une s\u00e9rie d&rsquo;Anna\u00a0Godbersen, visiblement passionn\u00e9e par le New-York des ann\u00e9es 30. <em>Tout ce qui brille<\/em> est un peu le <em>Gatsby le magnifique<\/em> des adolescents. Pour qui aime se plonger dans l&rsquo;atmosph\u00e8re des ann\u00e9es folles \u00e0 New-York, <em>Tout ce qui brille<\/em>\u00a0est le livre id\u00e9al. Facile et agr\u00e9able \u00e0 lire \u00e0 tout \u00e2ge \u00e0 partir de 13 ans, les aventures de Cordelia\u00a0et de Letty\u00a0vous entra\u00eeneront\u00a0\u00e0 l&rsquo;\u00e9poque o\u00f9 les premiers grattes-ciel se construisaient, l&rsquo;\u00e9poque d&rsquo;une certaine insousciance. Insousciance\u00a0qu&rsquo;illustre parfaitement Letty, particuli\u00e8rement na\u00efve, limite crucruche, qui pense que tout est possible. Mais apr\u00e8s tout n&rsquo;est-ce pas le cas ?<\/p>\n<blockquote><p><i>\u00ab En combinant fiction et Histoire dans cette nouvelle s\u00e9rie situ\u00e9e\u00a0dans les Ann\u00e9es folles, Anna\u00a0Godbersen\u00a0nous prouve que certains id\u00e9aux, comme l\u2019attrait des grandes cit\u00e9s et la tentation de la c\u00e9l\u00e9brit\u00e9, ne changent jamais. \u00bb<\/i><strong>Publishers\u00a0Weekly<\/strong><\/p><\/blockquote>\n<p><a href=\"http:\/\/smallthings.fr\/livre\/tout-ce-qui-brille-anne-godbersen\/new-york-annes-30\/\" rel=\"attachment wp-att-9903\"><img loading=\"lazy\" decoding=\"async\" class=\"aligncenter size-full wp-image-9903\" style=\"width: 348px; height: 238px;\" alt=\"new-york-annes-30\" src=\"http:\/\/uploads.smallthings.fr\/2013\/12\/new-york-annes-30.jpg\" width=\"350\" height=\"263\" \/><\/a><\/p>\n<p><a href=\"http:\/\/www.annagodbersen.com\/\" target=\"_blank\">Le site d&rsquo;Anna\u00a0Godbersen<\/a><\/p>\n","protected":false},"excerpt":{"rendered":"<p>\ufeffTout ce qui brille est sorti aux \u00e9ditions du Livre de Poche \u00e0 la fin du mois d&rsquo;octobre. Il nous entra\u00eene \u00e0 New York en 1929 en compagnie de Letty et Cordelia, deux jeunes femmes happ\u00e9es par les soir\u00e9es fastueuses o\u00f9 tout n&rsquo;est qu&rsquo;apparence&#8230;<\/p>\n","protected":false},"author":2,"featured_media":9745,"comment_status":"open","ping_status":"open","sticky":false,"template":"","format":"standard","meta":{"jetpack_post_was_ever_published":false,"_jetpack_newsletter_access":"","_jetpack_newsletter_tier_id":0,"footnotes":"","jetpack_publicize_message":"","jetpack_is_tweetstorm":false,"jetpack_publicize_feature_enabled":true,"jetpack_social_post_already_shared":true,"jetpack_social_options":{"image_generator_settings":{"template":"highway","enabled":false}}},"categories":[1118],"tags":[576,577,578,579],"jetpack_publicize_connections":[],"yoast_head":"<!-- This site is optimized with the Yoast SEO plugin v21.5 - https:\/\/yoast.com\/wordpress\/plugins\/seo\/ -->\n<title>Tout ce qui brille d&#039;Anna Godbersen : le NY des ann\u00e9es 30<\/title>\n<meta name=\"description\" content=\"Tout ce qui brille est sorti aux \u00e9ditions du Livre de Poche \u00e0 la fin du mois d&#039;octobre. Il nous entra\u00eene \u00e0 New York en 1929\" \/>\n<meta name=\"robots\" content=\"index, follow, max-snippet:-1, max-image-preview:large, max-video-preview:-1\" \/>\n<link rel=\"canonical\" href=\"https:\/\/smallthings.fr\/lespetitslivres\/2013\/12\/11\/tout-ce-qui-brille-anne-godbersen\/\" \/>\n<meta property=\"og:locale\" content=\"fr_FR\" \/>\n<meta property=\"og:type\" content=\"article\" \/>\n<meta property=\"og:title\" content=\"Tout ce qui brille d&#039;Anna Godbersen : le NY des ann\u00e9es 30\" \/>\n<meta property=\"og:description\" content=\"Tout ce qui brille est sorti aux \u00e9ditions du Livre de Poche \u00e0 la fin du mois d&#039;octobre. Il nous entra\u00eene \u00e0 New York en 1929\" \/>\n<meta property=\"og:url\" content=\"https:\/\/smallthings.fr\/lespetitslivres\/2013\/12\/11\/tout-ce-qui-brille-anne-godbersen\/\" \/>\n<meta property=\"og:site_name\" content=\"Les Petits Livres\" \/>\n<meta property=\"article:published_time\" content=\"2013-12-11T09:25:44+00:00\" \/>\n<meta property=\"article:modified_time\" content=\"2015-11-02T12:33:12+00:00\" \/>\n<meta name=\"author\" content=\"Claire\" \/>\n<meta name=\"twitter:card\" content=\"summary_large_image\" \/>\n<meta name=\"twitter:label1\" content=\"\u00c9crit par\" \/>\n\t<meta name=\"twitter:data1\" content=\"Claire\" \/>\n\t<meta name=\"twitter:label2\" content=\"Dur\u00e9e de lecture estim\u00e9e\" \/>\n\t<meta name=\"twitter:data2\" content=\"2 minutes\" \/>\n<script type=\"application\/ld+json\" class=\"yoast-schema-graph\">{\"@context\":\"https:\/\/schema.org\",\"@graph\":[{\"@type\":\"WebPage\",\"@id\":\"https:\/\/smallthings.fr\/lespetitslivres\/2013\/12\/11\/tout-ce-qui-brille-anne-godbersen\/\",\"url\":\"https:\/\/smallthings.fr\/lespetitslivres\/2013\/12\/11\/tout-ce-qui-brille-anne-godbersen\/\",\"name\":\"Tout ce qui brille d'Anna Godbersen : le NY des ann\u00e9es 30\",\"isPartOf\":{\"@id\":\"https:\/\/smallthings.fr\/lespetitslivres\/#website\"},\"datePublished\":\"2013-12-11T09:25:44+00:00\",\"dateModified\":\"2015-11-02T12:33:12+00:00\",\"author\":{\"@id\":\"https:\/\/smallthings.fr\/lespetitslivres\/#\/schema\/person\/504d603cacfe064fe039dfa03a8b7918\"},\"description\":\"Tout ce qui brille est sorti aux \u00e9ditions du Livre de Poche \u00e0 la fin du mois d'octobre. Il nous entra\u00eene \u00e0 New York en 1929\",\"breadcrumb\":{\"@id\":\"https:\/\/smallthings.fr\/lespetitslivres\/2013\/12\/11\/tout-ce-qui-brille-anne-godbersen\/#breadcrumb\"},\"inLanguage\":\"fr-FR\",\"potentialAction\":[{\"@type\":\"ReadAction\",\"target\":[\"https:\/\/smallthings.fr\/lespetitslivres\/2013\/12\/11\/tout-ce-qui-brille-anne-godbersen\/\"]}]},{\"@type\":\"BreadcrumbList\",\"@id\":\"https:\/\/smallthings.fr\/lespetitslivres\/2013\/12\/11\/tout-ce-qui-brille-anne-godbersen\/#breadcrumb\",\"itemListElement\":[{\"@type\":\"ListItem\",\"position\":1,\"name\":\"Accueil\",\"item\":\"https:\/\/smallthings.fr\/lespetitslivres\/\"},{\"@type\":\"ListItem\",\"position\":2,\"name\":\"Tout ce qui brille d&rsquo;Anna Godbersen : le NY des ann\u00e9es 30\"}]},{\"@type\":\"WebSite\",\"@id\":\"https:\/\/smallthings.fr\/lespetitslivres\/#website\",\"url\":\"https:\/\/smallthings.fr\/lespetitslivres\/\",\"name\":\"Les Petits Livres\",\"description\":\"by Small Things\",\"potentialAction\":[{\"@type\":\"SearchAction\",\"target\":{\"@type\":\"EntryPoint\",\"urlTemplate\":\"https:\/\/smallthings.fr\/lespetitslivres\/?s={search_term_string}\"},\"query-input\":\"required name=search_term_string\"}],\"inLanguage\":\"fr-FR\"},{\"@type\":\"Person\",\"@id\":\"https:\/\/smallthings.fr\/lespetitslivres\/#\/schema\/person\/504d603cacfe064fe039dfa03a8b7918\",\"name\":\"Claire\",\"image\":{\"@type\":\"ImageObject\",\"inLanguage\":\"fr-FR\",\"@id\":\"https:\/\/smallthings.fr\/lespetitslivres\/#\/schema\/person\/image\/\",\"url\":\"https:\/\/secure.gravatar.com\/avatar\/9a85ff83d76b3eb17b8cae208640786e?s=96&d=retro&r=g\",\"contentUrl\":\"https:\/\/secure.gravatar.com\/avatar\/9a85ff83d76b3eb17b8cae208640786e?s=96&d=retro&r=g\",\"caption\":\"Claire\"},\"url\":\"https:\/\/smallthings.fr\/lespetitslivres\/author\/claire\/\"}]}<\/script>\n<!-- \/ Yoast SEO plugin. -->","yoast_head_json":{"title":"Tout ce qui brille d'Anna Godbersen : le NY des ann\u00e9es 30","description":"Tout ce qui brille est sorti aux \u00e9ditions du Livre de Poche \u00e0 la fin du mois d'octobre. Il nous entra\u00eene \u00e0 New York en 1929","robots":{"index":"index","follow":"follow","max-snippet":"max-snippet:-1","max-image-preview":"max-image-preview:large","max-video-preview":"max-video-preview:-1"},"canonical":"https:\/\/smallthings.fr\/lespetitslivres\/2013\/12\/11\/tout-ce-qui-brille-anne-godbersen\/","og_locale":"fr_FR","og_type":"article","og_title":"Tout ce qui brille d'Anna Godbersen : le NY des ann\u00e9es 30","og_description":"Tout ce qui brille est sorti aux \u00e9ditions du Livre de Poche \u00e0 la fin du mois d'octobre. Il nous entra\u00eene \u00e0 New York en 1929","og_url":"https:\/\/smallthings.fr\/lespetitslivres\/2013\/12\/11\/tout-ce-qui-brille-anne-godbersen\/","og_site_name":"Les Petits Livres","article_published_time":"2013-12-11T09:25:44+00:00","article_modified_time":"2015-11-02T12:33:12+00:00","author":"Claire","twitter_card":"summary_large_image","twitter_misc":{"\u00c9crit par":"Claire","Dur\u00e9e de lecture estim\u00e9e":"2 minutes"},"schema":{"@context":"https:\/\/schema.org","@graph":[{"@type":"WebPage","@id":"https:\/\/smallthings.fr\/lespetitslivres\/2013\/12\/11\/tout-ce-qui-brille-anne-godbersen\/","url":"https:\/\/smallthings.fr\/lespetitslivres\/2013\/12\/11\/tout-ce-qui-brille-anne-godbersen\/","name":"Tout ce qui brille d'Anna Godbersen : le NY des ann\u00e9es 30","isPartOf":{"@id":"https:\/\/smallthings.fr\/lespetitslivres\/#website"},"datePublished":"2013-12-11T09:25:44+00:00","dateModified":"2015-11-02T12:33:12+00:00","author":{"@id":"https:\/\/smallthings.fr\/lespetitslivres\/#\/schema\/person\/504d603cacfe064fe039dfa03a8b7918"},"description":"Tout ce qui brille est sorti aux \u00e9ditions du Livre de Poche \u00e0 la fin du mois d'octobre. Il nous entra\u00eene \u00e0 New York en 1929","breadcrumb":{"@id":"https:\/\/smallthings.fr\/lespetitslivres\/2013\/12\/11\/tout-ce-qui-brille-anne-godbersen\/#breadcrumb"},"inLanguage":"fr-FR","potentialAction":[{"@type":"ReadAction","target":["https:\/\/smallthings.fr\/lespetitslivres\/2013\/12\/11\/tout-ce-qui-brille-anne-godbersen\/"]}]},{"@type":"BreadcrumbList","@id":"https:\/\/smallthings.fr\/lespetitslivres\/2013\/12\/11\/tout-ce-qui-brille-anne-godbersen\/#breadcrumb","itemListElement":[{"@type":"ListItem","position":1,"name":"Accueil","item":"https:\/\/smallthings.fr\/lespetitslivres\/"},{"@type":"ListItem","position":2,"name":"Tout ce qui brille d&rsquo;Anna Godbersen : le NY des ann\u00e9es 30"}]},{"@type":"WebSite","@id":"https:\/\/smallthings.fr\/lespetitslivres\/#website","url":"https:\/\/smallthings.fr\/lespetitslivres\/","name":"Les Petits Livres","description":"by Small Things","potentialAction":[{"@type":"SearchAction","target":{"@type":"EntryPoint","urlTemplate":"https:\/\/smallthings.fr\/lespetitslivres\/?s={search_term_string}"},"query-input":"required name=search_term_string"}],"inLanguage":"fr-FR"},{"@type":"Person","@id":"https:\/\/smallthings.fr\/lespetitslivres\/#\/schema\/person\/504d603cacfe064fe039dfa03a8b7918","name":"Claire","image":{"@type":"ImageObject","inLanguage":"fr-FR","@id":"https:\/\/smallthings.fr\/lespetitslivres\/#\/schema\/person\/image\/","url":"https:\/\/secure.gravatar.com\/avatar\/9a85ff83d76b3eb17b8cae208640786e?s=96&d=retro&r=g","contentUrl":"https:\/\/secure.gravatar.com\/avatar\/9a85ff83d76b3eb17b8cae208640786e?s=96&d=retro&r=g","caption":"Claire"},"url":"https:\/\/smallthings.fr\/lespetitslivres\/author\/claire\/"}]}},"jetpack_featured_media_url":"","jetpack_sharing_enabled":true,"jetpack_shortlink":"https:\/\/wp.me\/p6Un21-2xa","jetpack-related-posts":[{"id":30081,"url":"https:\/\/smallthings.fr\/lespetitslivres\/2016\/06\/14\/avant-toi-roman-film-evenement\/","url_meta":{"origin":9744,"position":0},"title":"Avant toi, le roman qui a inspir\u00e9 le film \u00e9v\u00e9nement","author":"Jennifer","date":"14 juin 2016","format":false,"excerpt":"Avant toi, le livre \u00e0 succ\u00e8s de Jojo Moyes, est sorti en format poche le 10 juin dernier aux \u00e9ditions Milady. Une histoire \u00e9mouvante entre Lou, jeune femme au style particulier cherchant d\u00e9sesp\u00e9r\u00e9ment un emploi, et Will, un homme exceptionnel qui, suite \u00e0 un accident de la route, est devenu\u2026","rel":"","context":"Dans &quot;Roman \u00e9tranger&quot;","block_context":{"text":"Roman \u00e9tranger","link":"https:\/\/smallthings.fr\/lespetitslivres\/category\/roman\/roman-etranger\/"},"img":{"alt_text":"","src":"https:\/\/i0.wp.com\/smallthings.fr\/lespetitslivres\/wp-content\/uploads\/2016\/06\/avant-toi-couv.jpg?resize=350%2C200&ssl=1","width":350,"height":200,"srcset":"https:\/\/i0.wp.com\/smallthings.fr\/lespetitslivres\/wp-content\/uploads\/2016\/06\/avant-toi-couv.jpg?resize=350%2C200&ssl=1 1x, https:\/\/i0.wp.com\/smallthings.fr\/lespetitslivres\/wp-content\/uploads\/2016\/06\/avant-toi-couv.jpg?resize=525%2C300&ssl=1 1.5x, https:\/\/i0.wp.com\/smallthings.fr\/lespetitslivres\/wp-content\/uploads\/2016\/06\/avant-toi-couv.jpg?resize=700%2C400&ssl=1 2x, https:\/\/i0.wp.com\/smallthings.fr\/lespetitslivres\/wp-content\/uploads\/2016\/06\/avant-toi-couv.jpg?resize=1050%2C600&ssl=1 3x, https:\/\/i0.wp.com\/smallthings.fr\/lespetitslivres\/wp-content\/uploads\/2016\/06\/avant-toi-couv.jpg?resize=1400%2C800&ssl=1 4x"},"classes":[]},{"id":29121,"url":"https:\/\/smallthings.fr\/lespetitslivres\/2015\/11\/14\/reste-avec-moi-warman-critique\/","url_meta":{"origin":9744,"position":1},"title":"Reste avec moi, le livre entre deux mondes de Jessica Warman","author":"Jennifer","date":"14 novembre 2015","format":false,"excerpt":"Reste avec moi de Jessica Warman est sorti le 14 octobre dernier en format poche aux \u00e9ditions Pocket Jeunesse. Il raconte l\u2019histoire d\u2019Elizabeth, jeune fille au comportement ex\u00e9crable, qui va \u00eatre tu\u00e9e le jour de son 18\u00e8me anniversaire. Coinc\u00e9e entre le monde des vivants et celui des morts, elle va\u2026","rel":"","context":"Dans &quot;Fantastique&quot;","block_context":{"text":"Fantastique","link":"https:\/\/smallthings.fr\/lespetitslivres\/category\/imaginaire\/fantastique\/"},"img":{"alt_text":"","src":"https:\/\/i0.wp.com\/smallthings.fr\/lespetitslivres\/wp-content\/uploads\/2015\/11\/reste-avec-moi-couv.jpg?resize=350%2C200&ssl=1","width":350,"height":200},"classes":[]},{"id":29178,"url":"https:\/\/smallthings.fr\/lespetitslivres\/2015\/11\/23\/comme-si-c-etait-toi-mcfarlane-avis\/","url_meta":{"origin":9744,"position":2},"title":"Comme si c\u2019\u00e9tait toi, com\u00e9die romantique de Mhairi McFarlane","author":"Jennifer","date":"23 novembre 2015","format":false,"excerpt":"Comme si c\u2019\u00e9tait toi, roman de Mhairi McFarlane, est sorti en version poche aux \u00e9ditions Milady le 23 octobre dernier. Il raconte l\u2019histoire d\u2019Anna, une jeune femme traumatis\u00e9e par ses ann\u00e9es lyc\u00e9e, qui, une fois adulte, va se retrouver face \u00e0 celui qu\u2019elle aimait \u00e0 cette \u00e9poque et qui l\u2019a\u2026","rel":"","context":"Dans &quot;Actu&quot;","block_context":{"text":"Actu","link":"https:\/\/smallthings.fr\/lespetitslivres\/category\/actu\/"},"img":{"alt_text":"","src":"https:\/\/i0.wp.com\/smallthings.fr\/lespetitslivres\/wp-content\/uploads\/2015\/11\/comme-si-c-etait-toi-couv.jpg?resize=350%2C200&ssl=1","width":350,"height":200,"srcset":"https:\/\/i0.wp.com\/smallthings.fr\/lespetitslivres\/wp-content\/uploads\/2015\/11\/comme-si-c-etait-toi-couv.jpg?resize=350%2C200&ssl=1 1x, https:\/\/i0.wp.com\/smallthings.fr\/lespetitslivres\/wp-content\/uploads\/2015\/11\/comme-si-c-etait-toi-couv.jpg?resize=525%2C300&ssl=1 1.5x, https:\/\/i0.wp.com\/smallthings.fr\/lespetitslivres\/wp-content\/uploads\/2015\/11\/comme-si-c-etait-toi-couv.jpg?resize=700%2C400&ssl=1 2x, https:\/\/i0.wp.com\/smallthings.fr\/lespetitslivres\/wp-content\/uploads\/2015\/11\/comme-si-c-etait-toi-couv.jpg?resize=1050%2C600&ssl=1 3x, https:\/\/i0.wp.com\/smallthings.fr\/lespetitslivres\/wp-content\/uploads\/2015\/11\/comme-si-c-etait-toi-couv.jpg?resize=1400%2C800&ssl=1 4x"},"classes":[]},{"id":19896,"url":"https:\/\/smallthings.fr\/lespetitslivres\/2015\/01\/13\/notre-famille-akhil-sharma-indien\/","url_meta":{"origin":9744,"position":3},"title":"Notre famille d&rsquo;Akhil Sharma &#8211; un indien \u00e0 New York","author":"Claire","date":"13 janvier 2015","format":false,"excerpt":"Notre famille, r\u00e9cit d'Akhil Sharma, est sorti le 8 janvier aux \u00e9ditions de l'Olivier. Ce roman dramatique est sensible m'a accroch\u00e9e du d\u00e9but \u00e0 la fin. Second roman de cet auteur indien (apr\u00e8s Un p\u00e8re ob\u00e9issant traduit en France en 2003), il raconte l'histoire du jeune Ajay qui quitte avec\u2026","rel":"","context":"Dans &quot;Roman \u00e9tranger&quot;","block_context":{"text":"Roman \u00e9tranger","link":"https:\/\/smallthings.fr\/lespetitslivres\/category\/roman\/roman-etranger\/"},"img":{"alt_text":"notre-famille-akhil-sharma","src":"https:\/\/i0.wp.com\/smallthings.fr\/wp-content\/uploads\/2015\/01\/notre-famille-akhil-sharma.jpg?resize=350%2C200","width":350,"height":200,"srcset":"https:\/\/i0.wp.com\/smallthings.fr\/wp-content\/uploads\/2015\/01\/notre-famille-akhil-sharma.jpg?resize=350%2C200 1x, https:\/\/i0.wp.com\/smallthings.fr\/wp-content\/uploads\/2015\/01\/notre-famille-akhil-sharma.jpg?resize=525%2C300 1.5x"},"classes":[]},{"id":30757,"url":"https:\/\/smallthings.fr\/lespetitslivres\/2017\/02\/15\/rien-qu-avec-toi-renee-carlino\/","url_meta":{"origin":9744,"position":4},"title":"Rien qu\u2019avec toi de Ren\u00e9e Carlino : \u00ab\u00a0Vous \u00eates ce que vous avez\u00a0\u00bb","author":"Jennifer","date":"15 f\u00e9vrier 2017","format":false,"excerpt":"Rien qu\u2019avec toi est le second roman de Ren\u00e9e Carlino. Sorti en d\u00e9cembre aux \u00e9ditions Milady, ce livre est l\u2019histoire d\u2019une vie, celle de Kate, jeune femme un peu perdue depuis la mort de celle qu\u2019elle consid\u00e9rait comme une m\u00e8re. Arrivera-t-elle \u00e0 s\u2019en sortir\u00a0? C\u2019est en suivant les conseils d\u2019un\u2026","rel":"","context":"Dans &quot;Roman \u00e9tranger&quot;","block_context":{"text":"Roman \u00e9tranger","link":"https:\/\/smallthings.fr\/lespetitslivres\/category\/roman\/roman-etranger\/"},"img":{"alt_text":"","src":"https:\/\/i0.wp.com\/smallthings.fr\/lespetitslivres\/wp-content\/uploads\/2017\/01\/nowhere-but-here-banner.jpg?resize=350%2C200&ssl=1","width":350,"height":200,"srcset":"https:\/\/i0.wp.com\/smallthings.fr\/lespetitslivres\/wp-content\/uploads\/2017\/01\/nowhere-but-here-banner.jpg?resize=350%2C200&ssl=1 1x, https:\/\/i0.wp.com\/smallthings.fr\/lespetitslivres\/wp-content\/uploads\/2017\/01\/nowhere-but-here-banner.jpg?resize=525%2C300&ssl=1 1.5x"},"classes":[]},{"id":31774,"url":"https:\/\/smallthings.fr\/lespetitslivres\/2018\/09\/01\/avant-toi-apres-toi-apres-tout\/","url_meta":{"origin":9744,"position":5},"title":"Avant toi&#8230; Apr\u00e8s toi&#8230; Apr\u00e8s tout !","author":"Jennifer","date":"1 septembre 2018","format":false,"excerpt":"Jojo Moyes revient avec Apr\u00e8s tout, la suite de Apr\u00e8s toi qui \u00e9tait bien s\u00fbr la suite de Avant toi. Des titres que l'on retient facilement et surtout des best-sellers qui auront su \u00e9mouvoir le monde entier. Dans ce dernier tome, sorti en avril chez Milady, nous retrouvons une Lou\u2026","rel":"","context":"Dans &quot;Roman \u00e9tranger&quot;","block_context":{"text":"Roman \u00e9tranger","link":"https:\/\/smallthings.fr\/lespetitslivres\/category\/roman\/roman-etranger\/"},"img":{"alt_text":"","src":"https:\/\/i0.wp.com\/smallthings.fr\/lespetitslivres\/wp-content\/uploads\/2018\/08\/1_rrw1-3fuYgkqD4XUdenolA.png?resize=350%2C200&ssl=1","width":350,"height":200,"srcset":"https:\/\/i0.wp.com\/smallthings.fr\/lespetitslivres\/wp-content\/uploads\/2018\/08\/1_rrw1-3fuYgkqD4XUdenolA.png?resize=350%2C200&ssl=1 1x, https:\/\/i0.wp.com\/smallthings.fr\/lespetitslivres\/wp-content\/uploads\/2018\/08\/1_rrw1-3fuYgkqD4XUdenolA.png?resize=525%2C300&ssl=1 1.5x, https:\/\/i0.wp.com\/smallthings.fr\/lespetitslivres\/wp-content\/uploads\/2018\/08\/1_rrw1-3fuYgkqD4XUdenolA.png?resize=700%2C400&ssl=1 2x, https:\/\/i0.wp.com\/smallthings.fr\/lespetitslivres\/wp-content\/uploads\/2018\/08\/1_rrw1-3fuYgkqD4XUdenolA.png?resize=1050%2C600&ssl=1 3x"},"classes":[]}],"_links":{"self":[{"href":"https:\/\/smallthings.fr\/lespetitslivres\/wp-json\/wp\/v2\/posts\/9744"}],"collection":[{"href":"https:\/\/smallthings.fr\/lespetitslivres\/wp-json\/wp\/v2\/posts"}],"about":[{"href":"https:\/\/smallthings.fr\/lespetitslivres\/wp-json\/wp\/v2\/types\/post"}],"author":[{"embeddable":true,"href":"https:\/\/smallthings.fr\/lespetitslivres\/wp-json\/wp\/v2\/users\/2"}],"replies":[{"embeddable":true,"href":"https:\/\/smallthings.fr\/lespetitslivres\/wp-json\/wp\/v2\/comments?post=9744"}],"version-history":[{"count":1,"href":"https:\/\/smallthings.fr\/lespetitslivres\/wp-json\/wp\/v2\/posts\/9744\/revisions"}],"predecessor-version":[{"id":28915,"href":"https:\/\/smallthings.fr\/lespetitslivres\/wp-json\/wp\/v2\/posts\/9744\/revisions\/28915"}],"wp:featuredmedia":[{"embeddable":true,"href":"https:\/\/smallthings.fr\/lespetitslivres\/wp-json\/"}],"wp:attachment":[{"href":"https:\/\/smallthings.fr\/lespetitslivres\/wp-json\/wp\/v2\/media?parent=9744"}],"wp:term":[{"taxonomy":"category","embeddable":true,"href":"https:\/\/smallthings.fr\/lespetitslivres\/wp-json\/wp\/v2\/categories?post=9744"},{"taxonomy":"post_tag","embeddable":true,"href":"https:\/\/smallthings.fr\/lespetitslivres\/wp-json\/wp\/v2\/tags?post=9744"}],"curies":[{"name":"wp","href":"https:\/\/api.w.org\/{rel}","templated":true}]}}