{"id":9482,"date":"2013-12-05T23:47:18","date_gmt":"2013-12-05T22:47:18","guid":{"rendered":"http:\/\/smallthings.fr\/?post_type=os_livre&#038;p=9482"},"modified":"2015-10-22T17:23:35","modified_gmt":"2015-10-22T16:23:35","slug":"concours-livres-audio","status":"publish","type":"post","link":"https:\/\/smallthings.fr\/lespetitslivres\/2013\/12\/05\/concours-livres-audio\/","title":{"rendered":"[Concours ] Gagnez 10 livres audio avec Lire dans le noir !"},"content":{"rendered":"<h2><\/h2>\n<p style=\"text-align: center;\">\u00a0<code>[slickquiz id=1]<\/code><\/p>\n<p style=\"text-align: left;\">1 livre audio au choix par personne. Date de fin : vendredi 13 d\u00e9cembre 12h. Gagnants d\u00e9sign\u00e9s par tirage au sort parmi ceux qui auront bien r\u00e9pondu.<\/p>\n<p>Pour rappel, cette \u00e9dition 2013, parrain\u00e9e par Laurent Gaud\u00e9,\u00a0a r\u00e9compens\u00e9 : en fict<strong>ion nouveaut\u00e9s<\/strong> : <em>Le Confident <\/em>\/ En <strong>fiction classique<\/strong> : <em>Le Hobbit<\/em> \/ En <strong>document<\/strong> : <em>La domination masculine \/ <\/em>En <strong>jeunesse<\/strong> : <em>Louis Armstrong. <\/em><\/p>\n<p>Si vous avez besoin d&rsquo;aide pour r\u00e9pondre aux questions, n&rsquo;h\u00e9sitez pas \u00e0 relire <a href=\"http:\/\/smallthings.fr\/livre\/prix-lire-dans-le-noir-laureats\/\" target=\"_blank\">notre article sur le sujet <\/a>et \u00e0 faire un tour sur <a href=\"http:\/\/www.liredanslenoir.com\/\" target=\"_blank\">Le site de l&rsquo;association<\/a><\/p>\n<p>&nbsp;<\/p>\n<p>Les livres \u00e0 gagner\u00a0:<\/p>\n<p>&#8211; <em>Enregistrements pirates<\/em>\u00a0de Philippe Delerm<\/p>\n<p>Lu par l&rsquo;auteur. \u00ab\u00a0Peintre de la vie quotidienne, Philippe Delerm\u00a0capte ici les murmures de la ville : br\u00e8ves de comptoir, adieux sur un quai de gare, \u00e9changes de textos\u2026 En restituant ces fragments de vie pas si anecdotiques, l&rsquo;\u00e9crivain nous fait sourire, nous \u00e9meut, nous r\u00e9v\u00e8le\u00a0\u00e0 nous-m\u00eames. Apr\u00e8s la lecture, Philippe Delerm\u00a0r\u00e9pond aux questions du journaliste Philippe Vallet.\u00a0\u00bb<\/p>\n<p>&#8211; <em>Le Dictateur et le hamac<\/em>\u00a0de Daniel Pennac<\/p>\n<p>Lu par l&rsquo;auteur. \u00ab\u00a0Daniel Pennac a offert \u00e0 Lire dans le noir une nouvelle version de son roman. Il a choisi d&rsquo;apporter de l\u00e9g\u00e8res modifications au texte original et a gliss\u00e9 quelques commentaires au fil de sa lecture. Un discret habillage musical accompagne notre voyage au Br\u00e9sil.\u00a0\u00bb<\/p>\n<p>&#8211; <em>Le Roman des Jardin<\/em> d&rsquo;Alexandre Jardin<\/p>\n<p>Lu par l&rsquo;auteur. \u00ab\u00a0Chez les Jardin, il fallait \u00e0 tout prix devenir Mozart, Mickey\u00a0ou Jules C\u00e9sar, s&rsquo;\u00e9lever sans faire de chichis au rang de monarque ou p\u00e9rir jeune. Question d&rsquo;\u00e9l\u00e9gance. Ou encore, surplomber le si\u00e8cle en s&rsquo;\u00e9levant au rang d&rsquo;amant virtuose\u2026 Alexandre Jardin nous livre les secrets de sa dr\u00f4le de tribu : une famille hors normes dont l&rsquo;h\u00e9ritage est parfois lourd \u00e0 porter.\u00a0\u00bb Apr\u00e8s la lecture, l&rsquo;auteur r\u00e9pond aux questions d&rsquo;Aur\u00e9lie\u00a0Kieffer, journaliste et pr\u00e9sidente de l&rsquo;association Lire dans le noir.<\/p>\n<p>&#8211; <em>Histoire(s) d&rsquo;amour(s)<\/em> d&rsquo;Arnaud Catherine<\/p>\n<p>Lues par l&rsquo;auteur, deux histoires d&rsquo;amour (\u00ab\u00a0Nous ne grandirons pas ensemble\u00a0\u00bb et \u00ab\u00a0Je suis la honte de la famille\u00a0\u00bb) qui s&rsquo;adressent aussi bien aux adultes qu&rsquo;aux enfants \u00e0 partir de 9 ans.<\/p>\n<h6><a href=\"http:\/\/www.reflexemedia.com\/contest.php\">Application de jeux concours Facebook<\/a><\/h6>\n","protected":false},"excerpt":{"rendered":"<p>Les laur\u00e9ats du Prix Lire dans le noir ont \u00e9t\u00e9 annonc\u00e9s jeudi 5 d\u00e9cembre : il est maintenant temps pour vous de participer \u00e0 notre jeu-concours et de gagner des livres audio !<\/p>\n","protected":false},"author":2,"featured_media":9756,"comment_status":"open","ping_status":"open","sticky":false,"template":"","format":"standard","meta":{"jetpack_post_was_ever_published":false,"_jetpack_newsletter_access":"","_jetpack_newsletter_tier_id":0,"footnotes":"","jetpack_publicize_message":"","jetpack_is_tweetstorm":false,"jetpack_publicize_feature_enabled":true,"jetpack_social_post_already_shared":true,"jetpack_social_options":{"image_generator_settings":{"template":"highway","enabled":false}}},"categories":[1113,1108],"tags":[569,570,571,572],"jetpack_publicize_connections":[],"yoast_head":"<!-- This site is optimized with the Yoast SEO plugin v21.5 - https:\/\/yoast.com\/wordpress\/plugins\/seo\/ -->\n<title>Jeu-concours : 10 livres audio \u00e0 gagner<\/title>\n<meta name=\"description\" content=\"A l&#039;occasion du prix Lire dans le noir, participez \u00e0 notre jeu-concours et gagnez des livres audio avec Lire dans le noir et SmallThings !\" \/>\n<meta name=\"robots\" content=\"index, follow, max-snippet:-1, max-image-preview:large, max-video-preview:-1\" \/>\n<link rel=\"canonical\" href=\"http:\/\/smallthings.fr\/lespetitslivres\/2013\/12\/05\/concours-livres-audio\/\" \/>\n<meta property=\"og:locale\" content=\"fr_FR\" \/>\n<meta property=\"og:type\" content=\"article\" \/>\n<meta property=\"og:title\" content=\"Jeu-concours : 10 livres audio \u00e0 gagner\" \/>\n<meta property=\"og:description\" content=\"A l&#039;occasion du prix Lire dans le noir, participez \u00e0 notre jeu-concours et gagnez des livres audio avec Lire dans le noir et SmallThings !\" \/>\n<meta property=\"og:url\" content=\"http:\/\/smallthings.fr\/lespetitslivres\/2013\/12\/05\/concours-livres-audio\/\" \/>\n<meta property=\"og:site_name\" content=\"Les Petits Livres\" \/>\n<meta property=\"article:published_time\" content=\"2013-12-05T22:47:18+00:00\" \/>\n<meta property=\"article:modified_time\" content=\"2015-10-22T16:23:35+00:00\" \/>\n<meta name=\"author\" content=\"Claire\" \/>\n<meta name=\"twitter:card\" content=\"summary_large_image\" \/>\n<meta name=\"twitter:label1\" content=\"\u00c9crit par\" \/>\n\t<meta name=\"twitter:data1\" content=\"Claire\" \/>\n\t<meta name=\"twitter:label2\" content=\"Dur\u00e9e de lecture estim\u00e9e\" \/>\n\t<meta name=\"twitter:data2\" content=\"2 minutes\" \/>\n<script type=\"application\/ld+json\" class=\"yoast-schema-graph\">{\"@context\":\"https:\/\/schema.org\",\"@graph\":[{\"@type\":\"WebPage\",\"@id\":\"http:\/\/smallthings.fr\/lespetitslivres\/2013\/12\/05\/concours-livres-audio\/\",\"url\":\"http:\/\/smallthings.fr\/lespetitslivres\/2013\/12\/05\/concours-livres-audio\/\",\"name\":\"Jeu-concours : 10 livres audio \u00e0 gagner\",\"isPartOf\":{\"@id\":\"https:\/\/smallthings.fr\/lespetitslivres\/#website\"},\"datePublished\":\"2013-12-05T22:47:18+00:00\",\"dateModified\":\"2015-10-22T16:23:35+00:00\",\"author\":{\"@id\":\"https:\/\/smallthings.fr\/lespetitslivres\/#\/schema\/person\/504d603cacfe064fe039dfa03a8b7918\"},\"description\":\"A l'occasion du prix Lire dans le noir, participez \u00e0 notre jeu-concours et gagnez des livres audio avec Lire dans le noir et SmallThings !\",\"breadcrumb\":{\"@id\":\"http:\/\/smallthings.fr\/lespetitslivres\/2013\/12\/05\/concours-livres-audio\/#breadcrumb\"},\"inLanguage\":\"fr-FR\",\"potentialAction\":[{\"@type\":\"ReadAction\",\"target\":[\"http:\/\/smallthings.fr\/lespetitslivres\/2013\/12\/05\/concours-livres-audio\/\"]}]},{\"@type\":\"BreadcrumbList\",\"@id\":\"http:\/\/smallthings.fr\/lespetitslivres\/2013\/12\/05\/concours-livres-audio\/#breadcrumb\",\"itemListElement\":[{\"@type\":\"ListItem\",\"position\":1,\"name\":\"Accueil\",\"item\":\"https:\/\/smallthings.fr\/lespetitslivres\/\"},{\"@type\":\"ListItem\",\"position\":2,\"name\":\"[Concours ] Gagnez 10 livres audio avec Lire dans le noir !\"}]},{\"@type\":\"WebSite\",\"@id\":\"https:\/\/smallthings.fr\/lespetitslivres\/#website\",\"url\":\"https:\/\/smallthings.fr\/lespetitslivres\/\",\"name\":\"Les Petits Livres\",\"description\":\"by Small Things\",\"potentialAction\":[{\"@type\":\"SearchAction\",\"target\":{\"@type\":\"EntryPoint\",\"urlTemplate\":\"https:\/\/smallthings.fr\/lespetitslivres\/?s={search_term_string}\"},\"query-input\":\"required name=search_term_string\"}],\"inLanguage\":\"fr-FR\"},{\"@type\":\"Person\",\"@id\":\"https:\/\/smallthings.fr\/lespetitslivres\/#\/schema\/person\/504d603cacfe064fe039dfa03a8b7918\",\"name\":\"Claire\",\"image\":{\"@type\":\"ImageObject\",\"inLanguage\":\"fr-FR\",\"@id\":\"https:\/\/smallthings.fr\/lespetitslivres\/#\/schema\/person\/image\/\",\"url\":\"https:\/\/secure.gravatar.com\/avatar\/9a85ff83d76b3eb17b8cae208640786e?s=96&d=retro&r=g\",\"contentUrl\":\"https:\/\/secure.gravatar.com\/avatar\/9a85ff83d76b3eb17b8cae208640786e?s=96&d=retro&r=g\",\"caption\":\"Claire\"},\"url\":\"https:\/\/smallthings.fr\/lespetitslivres\/author\/claire\/\"}]}<\/script>\n<!-- \/ Yoast SEO plugin. -->","yoast_head_json":{"title":"Jeu-concours : 10 livres audio \u00e0 gagner","description":"A l'occasion du prix Lire dans le noir, participez \u00e0 notre jeu-concours et gagnez des livres audio avec Lire dans le noir et SmallThings !","robots":{"index":"index","follow":"follow","max-snippet":"max-snippet:-1","max-image-preview":"max-image-preview:large","max-video-preview":"max-video-preview:-1"},"canonical":"http:\/\/smallthings.fr\/lespetitslivres\/2013\/12\/05\/concours-livres-audio\/","og_locale":"fr_FR","og_type":"article","og_title":"Jeu-concours : 10 livres audio \u00e0 gagner","og_description":"A l'occasion du prix Lire dans le noir, participez \u00e0 notre jeu-concours et gagnez des livres audio avec Lire dans le noir et SmallThings !","og_url":"http:\/\/smallthings.fr\/lespetitslivres\/2013\/12\/05\/concours-livres-audio\/","og_site_name":"Les Petits Livres","article_published_time":"2013-12-05T22:47:18+00:00","article_modified_time":"2015-10-22T16:23:35+00:00","author":"Claire","twitter_card":"summary_large_image","twitter_misc":{"\u00c9crit par":"Claire","Dur\u00e9e de lecture estim\u00e9e":"2 minutes"},"schema":{"@context":"https:\/\/schema.org","@graph":[{"@type":"WebPage","@id":"http:\/\/smallthings.fr\/lespetitslivres\/2013\/12\/05\/concours-livres-audio\/","url":"http:\/\/smallthings.fr\/lespetitslivres\/2013\/12\/05\/concours-livres-audio\/","name":"Jeu-concours : 10 livres audio \u00e0 gagner","isPartOf":{"@id":"https:\/\/smallthings.fr\/lespetitslivres\/#website"},"datePublished":"2013-12-05T22:47:18+00:00","dateModified":"2015-10-22T16:23:35+00:00","author":{"@id":"https:\/\/smallthings.fr\/lespetitslivres\/#\/schema\/person\/504d603cacfe064fe039dfa03a8b7918"},"description":"A l'occasion du prix Lire dans le noir, participez \u00e0 notre jeu-concours et gagnez des livres audio avec Lire dans le noir et SmallThings !","breadcrumb":{"@id":"http:\/\/smallthings.fr\/lespetitslivres\/2013\/12\/05\/concours-livres-audio\/#breadcrumb"},"inLanguage":"fr-FR","potentialAction":[{"@type":"ReadAction","target":["http:\/\/smallthings.fr\/lespetitslivres\/2013\/12\/05\/concours-livres-audio\/"]}]},{"@type":"BreadcrumbList","@id":"http:\/\/smallthings.fr\/lespetitslivres\/2013\/12\/05\/concours-livres-audio\/#breadcrumb","itemListElement":[{"@type":"ListItem","position":1,"name":"Accueil","item":"https:\/\/smallthings.fr\/lespetitslivres\/"},{"@type":"ListItem","position":2,"name":"[Concours ] Gagnez 10 livres audio avec Lire dans le noir !"}]},{"@type":"WebSite","@id":"https:\/\/smallthings.fr\/lespetitslivres\/#website","url":"https:\/\/smallthings.fr\/lespetitslivres\/","name":"Les Petits Livres","description":"by Small Things","potentialAction":[{"@type":"SearchAction","target":{"@type":"EntryPoint","urlTemplate":"https:\/\/smallthings.fr\/lespetitslivres\/?s={search_term_string}"},"query-input":"required name=search_term_string"}],"inLanguage":"fr-FR"},{"@type":"Person","@id":"https:\/\/smallthings.fr\/lespetitslivres\/#\/schema\/person\/504d603cacfe064fe039dfa03a8b7918","name":"Claire","image":{"@type":"ImageObject","inLanguage":"fr-FR","@id":"https:\/\/smallthings.fr\/lespetitslivres\/#\/schema\/person\/image\/","url":"https:\/\/secure.gravatar.com\/avatar\/9a85ff83d76b3eb17b8cae208640786e?s=96&d=retro&r=g","contentUrl":"https:\/\/secure.gravatar.com\/avatar\/9a85ff83d76b3eb17b8cae208640786e?s=96&d=retro&r=g","caption":"Claire"},"url":"https:\/\/smallthings.fr\/lespetitslivres\/author\/claire\/"}]}},"jetpack_featured_media_url":"","jetpack_sharing_enabled":true,"jetpack_shortlink":"https:\/\/wp.me\/p6Un21-2sW","jetpack-related-posts":[{"id":30559,"url":"https:\/\/smallthings.fr\/lespetitslivres\/2016\/12\/19\/livre-audio-test-audible-avis\/","url_meta":{"origin":9482,"position":0},"title":"On a test\u00e9 Audible. Le livre audio, c&rsquo;est comment ?","author":"Claire","date":"19 d\u00e9cembre 2016","format":false,"excerpt":"On n'y pense pas assez, mais le livre audio peut se r\u00e9v\u00e9ler id\u00e9al dans diverses situations, quand on a l'habitude de prendre les transport ou de faire de grandes marches \u00e0 pied... Quand on fait une activit\u00e9 manuelle, du footing... etc. C'est ce que nous avons r\u00e9cemment exp\u00e9riment\u00e9, gr\u00e2ce \u00e0\u2026","rel":"","context":"Dans &quot;Num\u00e9rique et audio&quot;","block_context":{"text":"Num\u00e9rique et audio","link":"https:\/\/smallthings.fr\/lespetitslivres\/category\/numerique-audio\/"},"img":{"alt_text":"","src":"https:\/\/i0.wp.com\/smallthings.fr\/lespetitslivres\/wp-content\/uploads\/2016\/12\/audible-couv.png?resize=350%2C200&ssl=1","width":350,"height":200},"classes":[]},{"id":2996,"url":"https:\/\/smallthings.fr\/lespetitslivres\/2012\/11\/13\/game-of-thrones-george-rr-martin\/","url_meta":{"origin":9482,"position":1},"title":"Game of Thrones : du livre \u00e0 la s\u00e9rie","author":"Audrey","date":"13 novembre 2012","format":false,"excerpt":"Game of Thrones, c\u2019est g\u00e9nial. Ok. Une fois que l\u2019on a entendu cet \u00e9tat de fait, et qu\u2019on est d\u00e9cid\u00e9 \u00e0 s\u2019y pencher, qu\u2019est-ce qu\u2019on fait ? On lit les bouquins, ou on regarde la s\u00e9rie t\u00e9l\u00e9 ? Cet article vous laissera le choix, mais vous aiguillera peut-\u00eatre vers l\u2019une\u2026","rel":"","context":"Dans &quot;Fantasy&quot;","block_context":{"text":"Fantasy","link":"https:\/\/smallthings.fr\/lespetitslivres\/category\/imaginaire\/fantasy\/"},"img":{"alt_text":"Game of Thrones","src":"https:\/\/i0.wp.com\/s.tf1.fr\/mmdia\/i\/34\/8\/le-trone-de-fer-saison-1-game-of-thrones-serie-creee-en-2010-avec-10404348ppyny.jpg?resize=350%2C200","width":350,"height":200,"srcset":"https:\/\/i0.wp.com\/s.tf1.fr\/mmdia\/i\/34\/8\/le-trone-de-fer-saison-1-game-of-thrones-serie-creee-en-2010-avec-10404348ppyny.jpg?resize=350%2C200 1x, https:\/\/i0.wp.com\/s.tf1.fr\/mmdia\/i\/34\/8\/le-trone-de-fer-saison-1-game-of-thrones-serie-creee-en-2010-avec-10404348ppyny.jpg?resize=525%2C300 1.5x"},"classes":[]},{"id":30493,"url":"https:\/\/smallthings.fr\/lespetitslivres\/2016\/11\/21\/cosmographia-guibe-jamonneau-avis\/","url_meta":{"origin":9482,"position":2},"title":"Cosmographia : le testament des \u00e9toiles en livre illustr\u00e9","author":"Jennifer","date":"21 novembre 2016","format":false,"excerpt":"Cosmographia est un livre de\u00a0Mathieu Guib\u00e9 et parfaitement illustr\u00e9 par Nicolas Jamonneau. Sorti d\u00e9but novembre aux\u00a0\u00e9ditions du Chat Noir, cette histoire raconte la lutte de jumeaux cosmographes contre l\u2019ordre de l\u2019Etoile Ecarlate. Les lecteurs d\u2019\u00e9toiles survivront-ils \u00e0 leurs assaillants\u00a0? Cosmographia nous plonge dans un monde gouvern\u00e9 par les messages des\u2026","rel":"","context":"Dans &quot;Science-fiction&quot;","block_context":{"text":"Science-fiction","link":"https:\/\/smallthings.fr\/lespetitslivres\/category\/imaginaire\/science-fiction\/"},"img":{"alt_text":"","src":"https:\/\/i0.wp.com\/smallthings.fr\/lespetitslivres\/wp-content\/uploads\/2016\/11\/Cosmographia-artbook-3.jpg?resize=350%2C200&ssl=1","width":350,"height":200,"srcset":"https:\/\/i0.wp.com\/smallthings.fr\/lespetitslivres\/wp-content\/uploads\/2016\/11\/Cosmographia-artbook-3.jpg?resize=350%2C200&ssl=1 1x, https:\/\/i0.wp.com\/smallthings.fr\/lespetitslivres\/wp-content\/uploads\/2016\/11\/Cosmographia-artbook-3.jpg?resize=525%2C300&ssl=1 1.5x"},"classes":[]},{"id":20279,"url":"https:\/\/smallthings.fr\/lespetitslivres\/2015\/01\/23\/fille-hecate-cecile-guillot-saga\/","url_meta":{"origin":9482,"position":3},"title":"Fille d&rsquo;H\u00e9cate, la saga de C\u00e9cile Guillot aux \u00e9ditions du Chat Noir","author":"Jennifer","date":"23 janvier 2015","format":false,"excerpt":"Fille d\u2019H\u00e9cate est une s\u00e9rie \u00e9crite par C\u00e9cile Guillot et \u00e9dit\u00e9e aux \u00e9ditions du Chat Noir. Le tome 1, La Voie de la Sorci\u00e8re (juillet 2012) nous emporte dans l\u2019univers de la Wicca gr\u00e2ce \u00e0 l\u2019h\u00e9ro\u00efne Ma\u00eblys, qui apprend qu\u2019elle est une sorci\u00e8re. Dans le tome 2, Le Parfum du\u2026","rel":"","context":"Dans &quot;Fantastique&quot;","block_context":{"text":"Fantastique","link":"https:\/\/smallthings.fr\/lespetitslivres\/category\/imaginaire\/fantastique\/"},"img":{"alt_text":"","src":"https:\/\/i0.wp.com\/smallthings.fr\/wp-content\/uploads\/2015\/01\/fille-hecate-voie-sorciere-210x300.jpg?resize=350%2C200","width":350,"height":200},"classes":[]},{"id":31785,"url":"https:\/\/smallthings.fr\/lespetitslivres\/2018\/08\/31\/1994-adlene-meddi-roman-avis\/","url_meta":{"origin":9482,"position":4},"title":"1994 d&rsquo;Adl\u00e8ne Meddi, le fant\u00f4me inflexible de la guerre","author":"Victoire Neyraud","date":"31 ao\u00fbt 2018","format":false,"excerpt":"Le troisi\u00e8me roman d\u2019Adl\u00e8ne Meddi, 1994, para\u00eet ces jours-ci chez Rivages Noir. Avec pour arri\u00e8re plan l\u2019Alger des ann\u00e9es 90 et 2000, c\u2019est un roman bien sombre que nous livre ce journaliste et \u00e9crivain. Il n\u2019est pas sans rappeler (et le titre y est pour quelque chose), le 1984 de\u2026","rel":"","context":"Dans &quot;Roman fran\u00e7ais&quot;","block_context":{"text":"Roman fran\u00e7ais","link":"https:\/\/smallthings.fr\/lespetitslivres\/category\/roman\/roman-francais\/"},"img":{"alt_text":"","src":"https:\/\/i0.wp.com\/smallthings.fr\/lespetitslivres\/wp-content\/uploads\/2018\/08\/1994-meddi-cover.jpg?resize=350%2C200&ssl=1","width":350,"height":200},"classes":[]},{"id":18410,"url":"https:\/\/smallthings.fr\/lespetitslivres\/2014\/11\/12\/respire-gagnez-livre-melanie-laurent\/","url_meta":{"origin":9482,"position":5},"title":"Respire : gagnez 2 exs du livre adapt\u00e9 au cin\u00e9ma par M\u00e9lanie Laurent","author":"Claire","date":"12 novembre 2014","format":false,"excerpt":"[slickquiz id=23] Concours termin\u00e9 Respire, le film r\u00e9alis\u00e9 par M\u00e9lanie Laurent,\u00a0sera dans les salles d\u00e8s demain (le 12 novembre). En choisissant d'adapter cette histoire, la jeune r\u00e9alisatrice dit vouloir \"rendre le harc\u00e8lement comme un non-\u00e9v\u00e9nement\" afin d'en traiter la gu\u00e9rison et la sortie. Pour l'occasion, le Livre de Poche\u00a0lance une\u2026","rel":"","context":"Dans &quot;Concours&quot;","block_context":{"text":"Concours","link":"https:\/\/smallthings.fr\/lespetitslivres\/category\/concours\/"},"img":{"alt_text":"Jos\u00c3\u00a9phine Japy et Lou de La\u00c3\u00a2ge, les jeunes actrices de \"Respire\"","src":"https:\/\/i0.wp.com\/smallthings.fr\/wp-content\/uploads\/2014\/11\/respire-film-couv.jpg?resize=350%2C200","width":350,"height":200},"classes":[]}],"_links":{"self":[{"href":"https:\/\/smallthings.fr\/lespetitslivres\/wp-json\/wp\/v2\/posts\/9482"}],"collection":[{"href":"https:\/\/smallthings.fr\/lespetitslivres\/wp-json\/wp\/v2\/posts"}],"about":[{"href":"https:\/\/smallthings.fr\/lespetitslivres\/wp-json\/wp\/v2\/types\/post"}],"author":[{"embeddable":true,"href":"https:\/\/smallthings.fr\/lespetitslivres\/wp-json\/wp\/v2\/users\/2"}],"replies":[{"embeddable":true,"href":"https:\/\/smallthings.fr\/lespetitslivres\/wp-json\/wp\/v2\/comments?post=9482"}],"version-history":[{"count":1,"href":"https:\/\/smallthings.fr\/lespetitslivres\/wp-json\/wp\/v2\/posts\/9482\/revisions"}],"predecessor-version":[{"id":28916,"href":"https:\/\/smallthings.fr\/lespetitslivres\/wp-json\/wp\/v2\/posts\/9482\/revisions\/28916"}],"wp:featuredmedia":[{"embeddable":true,"href":"https:\/\/smallthings.fr\/lespetitslivres\/wp-json\/"}],"wp:attachment":[{"href":"https:\/\/smallthings.fr\/lespetitslivres\/wp-json\/wp\/v2\/media?parent=9482"}],"wp:term":[{"taxonomy":"category","embeddable":true,"href":"https:\/\/smallthings.fr\/lespetitslivres\/wp-json\/wp\/v2\/categories?post=9482"},{"taxonomy":"post_tag","embeddable":true,"href":"https:\/\/smallthings.fr\/lespetitslivres\/wp-json\/wp\/v2\/tags?post=9482"}],"curies":[{"name":"wp","href":"https:\/\/api.w.org\/{rel}","templated":true}]}}