{"id":8971,"date":"2013-12-17T12:14:14","date_gmt":"2013-12-17T11:14:14","guid":{"rendered":"http:\/\/smallthings.fr\/?post_type=os_livre&#038;p=8971"},"modified":"2015-11-02T13:33:26","modified_gmt":"2015-11-02T12:33:26","slug":"christophe-ono-dit-biot-plonger","status":"publish","type":"post","link":"https:\/\/smallthings.fr\/lespetitslivres\/2013\/12\/17\/christophe-ono-dit-biot-plonger\/","title":{"rendered":"Plonger avec Christophe Ono-dit-Biot"},"content":{"rendered":"<h2>Laur\u00e9at du Grand Prix de l\u2019Acad\u00e9mie fran\u00e7aise, <i>Plonger<\/i> semble r\u00e9unir \u00e0 premi\u00e8re vue tous les ingr\u00e9dients d\u2019un roman sympathique : une mort myst\u00e9rieuse, une histoire d\u2019amour tumultueuse et un p\u00e9riple qui nous entra\u00eene\u00a0\u00ab\u00a0des tr\u00e9sors de la vieille Europe aux m\u00e9gapoles du Nouveau Monde\u00a0\u00bb. \u00ab\u00a0L\u2019histoire d\u2019un couple de notre temps\u00a0\u00bb selon Gallimard\u2026 Cela semblait presque trop all\u00e9chant.<\/h2>\n<p>Effectivement\u00a0<em>Plonger<\/em>\u00a0fait un gros plouf, et tout coule\u00a0\u00e0 pic au bout de quelques pages \u00e0 peine. Alors, certes, savoir la fin d\u00e8s la premi\u00e8re page titille la curiosit\u00e9 du lecteur\u00a0; c\u2019est bien jou\u00e9. Le style est vif, imag\u00e9, malgr\u00e9 quelques couacs ;<strong>\u00a0le rythme entra\u00eenant aide \u00e0 ne pas c\u00e9der \u00e0 l\u2019envie de refermer le livre. Mais c\u2019est bien la seule chose qu\u2019a\u00a0<em>Plonger<\/em> pour lui.<\/strong><\/p>\n<p>Le h\u00e9ros, C\u00e9sar, journaliste (tout comme l\u2019auteur) et passionn\u00e9 d\u2019art, apr\u00e8s avoir identifi\u00e9 le corps de sa femme, Paz, morte dans la mer, d\u00e9cide, par devoir de m\u00e9moire, de raconter toute leur histoire d\u2019amour \u00e0 son fils, Hector (tout comme le fils de l\u2019auteur). Le parall\u00e8le est trop gros pour pouvoir \u00eatre subtil.<\/p>\n<p><a href=\"http:\/\/smallthings.fr\/livre\/christophe-ono-dit-biot-plonger\/plonger-ono-dit-biot\/\" rel=\"attachment wp-att-9690\"><img loading=\"lazy\" decoding=\"async\" class=\"alignleft size-medium wp-image-9690\" alt=\"plonger-ono-dit-biot\" src=\"http:\/\/uploads.smallthings.fr\/2013\/12\/plonger-ono-dit-biot-201x300.jpg\" width=\"201\" height=\"300\" \/><\/a>Et cela ne s\u2019arrange pas. On aurait pu esp\u00e9rer que les lieux communs \u00e9cul\u00e9s s\u2019arr\u00eateraient l\u00e0. Il ne font que commencer. Au-del\u00e0 du clich\u00e9 magistral qu\u2019est ce couple caricatural d\u2019un critique d\u2019art p\u00e9dant et d\u2019une photographe rebelle dont l\u2019histoire sonne faux de bout en bout, <strong>l\u2019intrigue de <em>Plonger <\/em>est par trop invraisemblable \u00e0 la fois cousue de fil blanc, et sautant du coq \u00e0 l\u2019\u00e2ne<\/strong>. Leur fils Hector, port\u00e9 aux nues durant le prologue, n\u2019est finalement qu\u2019un pr\u00e9texte creux \u00e0 raconter l\u2019histoire, \u00e0 \u00e9mouvoir le lecteur, \u00e0 pr\u00e9tendre expliquer ce qui ne l\u2019est finalement pas\u00a0: la mort de Paz. La passion subite dont elle se prend pour les requins, au point d\u2019en adopter un, tombe des nues comme un <i>deus ex machina<\/i> sans aucune cr\u00e9dibilit\u00e9, t\u00e2chant de justifier son d\u00e9part brusque, sa mort et le p\u00e9riple rocambolesque que fait C\u00e9sar pour en comprendre le pourquoi.<\/p>\n<p>Le lecteur se fait embarquer sans pr\u00e9ambule, ballotter n\u2019importe comment, n\u2019importe o\u00f9, pour finalement se retrouver le nez dans l\u2019eau, noy\u00e9 dans l\u2019incoh\u00e9rence. Si bien qu\u2019on se d\u00e9tache tr\u00e8s vite de l\u2019histoire, sans parvenir \u00e0 suivre le narrateur dans ses digressions sur le milieu de l\u2019art, ni \u00e0 avaler son <i>name-dropping<\/i>\u00a0horripilant et son d\u00e9lire d\u2019une Europe sombrant lentement dans la d\u00e9cadence et les cendres de sa grandeur pass\u00e9e face \u00e0 la menace des barbares terroristes et l\u2019horreur des catastrophes naturelles, telles le tsunami de 2004.<\/p>\n<p><strong>C\u2019est dommage. <i>Plonger<\/i> rec\u00e9lait des pistes qui, bien exploit\u00e9es, auraient pu rattraper le coup<\/strong>. L\u2019\u00e9norme contre-sens que fait C\u00e9sar dans son interpr\u00e9tation des photographies de Paz aurait pu renouveler le d\u00e9bat entre l\u2019autorit\u00e9 du critique et celle de l\u2019artiste, de savoir si l\u2019un des deux a plus de poids que l\u2019autre, ou si l\u2019\u0153uvre d\u2019art ne peut \u00eatre appr\u00e9hend\u00e9e que par le prisme d\u2019interpr\u00e9tations toujours partielles et partiales, car toujours subjectives. Le serment que C\u00e9sar s\u2019\u00e9tait fait de ne plus jamais franchir les fronti\u00e8res d\u2019Europe aurait pu amorcer une r\u00e9flexion int\u00e9ressante sur l\u2019opposition qu\u2019il fait entre l\u2019Ancien et le Nouveau monde, le second d\u00e9signant tout ce qui n\u2019est pas \u00ab\u00a0civilis\u00e9\u00a0\u00bb selon ses pr\u00e9jug\u00e9s d\u2019Occidental.<\/p>\n<p>Mais rien n\u2019y fait,\u00a0<em>Plonger<\/em>\u00a0tourne en rond, reflet fid\u00e8le de l\u2019enfermement mortif\u00e8re de C\u00e9sar dans son discours tautologique et st\u00e9rile de l\u2019art pour l\u2019art, sa v\u00e9n\u00e9ration du pass\u00e9, toujours d\u00e9\u00e7u par le pr\u00e9sent, angoiss\u00e9 par le futur mena\u00e7ant et la d\u00e9cadence de l\u2019Europe. Et surtout, reflet de l\u2019impasse de sa relation avec Paz, tout aussi but\u00e9e dans son discours, moins st\u00e9rile certes, mais tout aussi r\u00e9ducteur et incoh\u00e9rent, du mouvement de la cr\u00e9ation comme sup\u00e9rieur \u00e0 l\u2019art fig\u00e9 et de refus violent face \u00e0 toute tentative d\u2019interpr\u00e9tation de l\u2019art, car cela reviendrait \u00e0 l\u2019enfermer. La mort de Paz annihile cette opposition sans la r\u00e9soudre, et laisse C\u00e9sar mariner dans son cercle vicieux.<\/p>\n<p><strong><i>Plonger<\/i> m\u2019a beaucoup rappel\u00e9 <i>99 francs<\/i>\u00a0de Beigbeider, par la superficialit\u00e9 qui s\u2019y d\u00e9ploie, les d\u00e9tails mat\u00e9riels qui ne sont l\u00e0 que pour souligner la richesse du narrateur\u2026 et le vide de sa vie qui s\u2019en d\u00e9gage<\/strong>. Car il peut bien courir de pays en pays, avoir des amis financiers, c\u00f4toyer plein de jolies filles, de gens c\u00e9l\u00e8bres, avoir tous les privil\u00e8ges de l\u2019argent et du luxe, le journaliste n\u2019en est pas moins seul dans son deuil, son incompr\u00e9hension que ne peut sublimer nulle \u0153uvre d\u2019art, pas m\u00eame celle de Paz\u00a0; nul discours, pas m\u00eame le sien, ni celui de l\u2019auteur.<\/p>\n<p>Je ne con\u00e7ois de coh\u00e9rence \u00e0\u00a0<em>Plonger<\/em>\u00a0qu\u2019en le prenant au second degr\u00e9, comme un portrait au vitriol, noir et ironique, de l\u2019impasse dans laquelle se trouveraient l&rsquo;intelligentsia de l&rsquo;art contemporain, la civilisation europ\u00e9enne, et m\u00eame l\u2019amour, d\u00e9pass\u00e9s face \u00e0 une r\u00e9alit\u00e9 trop rapide, \u00e0 laquelle ils ne trouvent plus de sens. Comme le r\u00e9cit d\u2019un \u00e9chec \u00e0 cerner, \u00e0 ma\u00eetriser le monde actuel, et de la panique qui s\u2019ensuit. Je ne crois gu\u00e8re que ce soit une d\u00e9marche consciente de l\u2019auteur\u2026 mais soyons bons princes, et laissons-lui le b\u00e9n\u00e9fice du doute, \u00e0 d\u00e9faut de conseiller son livre.<\/p>\n<div id=\"attachment_9689\" style=\"width: 457px\" class=\"wp-caption aligncenter\"><a href=\"http:\/\/smallthings.fr\/livre\/christophe-ono-dit-biot-plonger\/ono-dit-biot\/\" rel=\"attachment wp-att-9689\"><img loading=\"lazy\" decoding=\"async\" aria-describedby=\"caption-attachment-9689\" class=\"size-full wp-image-9689\" alt=\"Christophe Ono-dit-Biot - \u00a9 H\u00e9l\u00e8ne Pambrun\" src=\"http:\/\/uploads.smallthings.fr\/2013\/12\/ono-dit-biot.jpg\" width=\"447\" height=\"295\" \/><\/a><p id=\"caption-attachment-9689\" class=\"wp-caption-text\">Christophe Ono-dit-Biot &#8211; \u00a9 H\u00e9l\u00e8ne Pambrun<\/p><\/div>\n<p>C\u00e9cile, <a href=\"http:\/\/www.lexpress.fr\/culture\/livre\/plonger-par-christophe-ono-dit-biot-baignade-deconseillee_1293975.html\" target=\"_blank\">l&rsquo;Express<\/a> est bien d&rsquo;accord avec toi ! <em>(ndlr)<\/em><\/p>\n","protected":false},"excerpt":{"rendered":"<p>Laur\u00e9at du Grand Prix de l\u2019Acad\u00e9mie fran\u00e7aise, Plonger semble r\u00e9unir \u00e0 premi\u00e8re vue tous les ingr\u00e9dients d\u2019un roman sympathique : une mort myst\u00e9rieuse, une histoire d\u2019amour tumultueuse et un p\u00e9riple qui nous entra\u00eene \u00ab des tr\u00e9sors de la vieille Europe aux m\u00e9gapoles du Nouveau Monde \u00bb.<\/p>\n","protected":false},"author":13,"featured_media":9691,"comment_status":"open","ping_status":"open","sticky":false,"template":"","format":"standard","meta":{"jetpack_post_was_ever_published":false,"_jetpack_newsletter_access":"","_jetpack_newsletter_tier_id":0,"footnotes":"","jetpack_publicize_message":"","jetpack_is_tweetstorm":false,"jetpack_publicize_feature_enabled":true,"jetpack_social_post_already_shared":true,"jetpack_social_options":{"image_generator_settings":{"template":"highway","enabled":false}}},"categories":[1117],"tags":[168,169,170,171],"jetpack_publicize_connections":[],"yoast_head":"<!-- This site is optimized with the Yoast SEO plugin v21.5 - https:\/\/yoast.com\/wordpress\/plugins\/seo\/ -->\n<title>Plonger avec Christophe Ono-dit-Biot<\/title>\n<meta name=\"description\" content=\"Laur\u00e9at du Grand Prix de l\u2019Acad\u00e9mie fran\u00e7aise, Plonger semble r\u00e9unir \u00e0 premi\u00e8re vue tous les ingr\u00e9dients d\u2019un roman sympathique\" \/>\n<meta name=\"robots\" content=\"index, follow, max-snippet:-1, max-image-preview:large, max-video-preview:-1\" \/>\n<link rel=\"canonical\" href=\"https:\/\/smallthings.fr\/lespetitslivres\/2013\/12\/17\/christophe-ono-dit-biot-plonger\/\" \/>\n<meta property=\"og:locale\" content=\"fr_FR\" \/>\n<meta property=\"og:type\" content=\"article\" \/>\n<meta property=\"og:title\" content=\"Plonger avec Christophe Ono-dit-Biot\" \/>\n<meta property=\"og:description\" content=\"Laur\u00e9at du Grand Prix de l\u2019Acad\u00e9mie fran\u00e7aise, Plonger semble r\u00e9unir \u00e0 premi\u00e8re vue tous les ingr\u00e9dients d\u2019un roman sympathique\" \/>\n<meta property=\"og:url\" content=\"https:\/\/smallthings.fr\/lespetitslivres\/2013\/12\/17\/christophe-ono-dit-biot-plonger\/\" \/>\n<meta property=\"og:site_name\" content=\"Les Petits Livres\" \/>\n<meta property=\"article:published_time\" content=\"2013-12-17T11:14:14+00:00\" \/>\n<meta property=\"article:modified_time\" content=\"2015-11-02T12:33:26+00:00\" \/>\n<meta name=\"author\" content=\"Cecile\" \/>\n<meta name=\"twitter:card\" content=\"summary_large_image\" \/>\n<meta name=\"twitter:label1\" content=\"\u00c9crit par\" \/>\n\t<meta name=\"twitter:data1\" content=\"Cecile\" \/>\n\t<meta name=\"twitter:label2\" content=\"Dur\u00e9e de lecture estim\u00e9e\" \/>\n\t<meta name=\"twitter:data2\" content=\"5 minutes\" \/>\n<script type=\"application\/ld+json\" class=\"yoast-schema-graph\">{\"@context\":\"https:\/\/schema.org\",\"@graph\":[{\"@type\":\"WebPage\",\"@id\":\"https:\/\/smallthings.fr\/lespetitslivres\/2013\/12\/17\/christophe-ono-dit-biot-plonger\/\",\"url\":\"https:\/\/smallthings.fr\/lespetitslivres\/2013\/12\/17\/christophe-ono-dit-biot-plonger\/\",\"name\":\"Plonger avec Christophe Ono-dit-Biot\",\"isPartOf\":{\"@id\":\"https:\/\/smallthings.fr\/lespetitslivres\/#website\"},\"datePublished\":\"2013-12-17T11:14:14+00:00\",\"dateModified\":\"2015-11-02T12:33:26+00:00\",\"author\":{\"@id\":\"https:\/\/smallthings.fr\/lespetitslivres\/#\/schema\/person\/7b3de8ef611f2b29f758a00cad7cafb2\"},\"description\":\"Laur\u00e9at du Grand Prix de l\u2019Acad\u00e9mie fran\u00e7aise, Plonger semble r\u00e9unir \u00e0 premi\u00e8re vue tous les ingr\u00e9dients d\u2019un roman sympathique\",\"breadcrumb\":{\"@id\":\"https:\/\/smallthings.fr\/lespetitslivres\/2013\/12\/17\/christophe-ono-dit-biot-plonger\/#breadcrumb\"},\"inLanguage\":\"fr-FR\",\"potentialAction\":[{\"@type\":\"ReadAction\",\"target\":[\"https:\/\/smallthings.fr\/lespetitslivres\/2013\/12\/17\/christophe-ono-dit-biot-plonger\/\"]}]},{\"@type\":\"BreadcrumbList\",\"@id\":\"https:\/\/smallthings.fr\/lespetitslivres\/2013\/12\/17\/christophe-ono-dit-biot-plonger\/#breadcrumb\",\"itemListElement\":[{\"@type\":\"ListItem\",\"position\":1,\"name\":\"Accueil\",\"item\":\"https:\/\/smallthings.fr\/lespetitslivres\/\"},{\"@type\":\"ListItem\",\"position\":2,\"name\":\"Plonger avec Christophe Ono-dit-Biot\"}]},{\"@type\":\"WebSite\",\"@id\":\"https:\/\/smallthings.fr\/lespetitslivres\/#website\",\"url\":\"https:\/\/smallthings.fr\/lespetitslivres\/\",\"name\":\"Les Petits Livres\",\"description\":\"by Small Things\",\"potentialAction\":[{\"@type\":\"SearchAction\",\"target\":{\"@type\":\"EntryPoint\",\"urlTemplate\":\"https:\/\/smallthings.fr\/lespetitslivres\/?s={search_term_string}\"},\"query-input\":\"required name=search_term_string\"}],\"inLanguage\":\"fr-FR\"},{\"@type\":\"Person\",\"@id\":\"https:\/\/smallthings.fr\/lespetitslivres\/#\/schema\/person\/7b3de8ef611f2b29f758a00cad7cafb2\",\"name\":\"Cecile\",\"image\":{\"@type\":\"ImageObject\",\"inLanguage\":\"fr-FR\",\"@id\":\"https:\/\/smallthings.fr\/lespetitslivres\/#\/schema\/person\/image\/\",\"url\":\"https:\/\/secure.gravatar.com\/avatar\/a855fa1dbad38b06e97132a8a6579746?s=96&d=retro&r=g\",\"contentUrl\":\"https:\/\/secure.gravatar.com\/avatar\/a855fa1dbad38b06e97132a8a6579746?s=96&d=retro&r=g\",\"caption\":\"Cecile\"},\"url\":\"https:\/\/smallthings.fr\/lespetitslivres\/author\/cecile\/\"}]}<\/script>\n<!-- \/ Yoast SEO plugin. -->","yoast_head_json":{"title":"Plonger avec Christophe Ono-dit-Biot","description":"Laur\u00e9at du Grand Prix de l\u2019Acad\u00e9mie fran\u00e7aise, Plonger semble r\u00e9unir \u00e0 premi\u00e8re vue tous les ingr\u00e9dients d\u2019un roman sympathique","robots":{"index":"index","follow":"follow","max-snippet":"max-snippet:-1","max-image-preview":"max-image-preview:large","max-video-preview":"max-video-preview:-1"},"canonical":"https:\/\/smallthings.fr\/lespetitslivres\/2013\/12\/17\/christophe-ono-dit-biot-plonger\/","og_locale":"fr_FR","og_type":"article","og_title":"Plonger avec Christophe Ono-dit-Biot","og_description":"Laur\u00e9at du Grand Prix de l\u2019Acad\u00e9mie fran\u00e7aise, Plonger semble r\u00e9unir \u00e0 premi\u00e8re vue tous les ingr\u00e9dients d\u2019un roman sympathique","og_url":"https:\/\/smallthings.fr\/lespetitslivres\/2013\/12\/17\/christophe-ono-dit-biot-plonger\/","og_site_name":"Les Petits Livres","article_published_time":"2013-12-17T11:14:14+00:00","article_modified_time":"2015-11-02T12:33:26+00:00","author":"Cecile","twitter_card":"summary_large_image","twitter_misc":{"\u00c9crit par":"Cecile","Dur\u00e9e de lecture estim\u00e9e":"5 minutes"},"schema":{"@context":"https:\/\/schema.org","@graph":[{"@type":"WebPage","@id":"https:\/\/smallthings.fr\/lespetitslivres\/2013\/12\/17\/christophe-ono-dit-biot-plonger\/","url":"https:\/\/smallthings.fr\/lespetitslivres\/2013\/12\/17\/christophe-ono-dit-biot-plonger\/","name":"Plonger avec Christophe Ono-dit-Biot","isPartOf":{"@id":"https:\/\/smallthings.fr\/lespetitslivres\/#website"},"datePublished":"2013-12-17T11:14:14+00:00","dateModified":"2015-11-02T12:33:26+00:00","author":{"@id":"https:\/\/smallthings.fr\/lespetitslivres\/#\/schema\/person\/7b3de8ef611f2b29f758a00cad7cafb2"},"description":"Laur\u00e9at du Grand Prix de l\u2019Acad\u00e9mie fran\u00e7aise, Plonger semble r\u00e9unir \u00e0 premi\u00e8re vue tous les ingr\u00e9dients d\u2019un roman sympathique","breadcrumb":{"@id":"https:\/\/smallthings.fr\/lespetitslivres\/2013\/12\/17\/christophe-ono-dit-biot-plonger\/#breadcrumb"},"inLanguage":"fr-FR","potentialAction":[{"@type":"ReadAction","target":["https:\/\/smallthings.fr\/lespetitslivres\/2013\/12\/17\/christophe-ono-dit-biot-plonger\/"]}]},{"@type":"BreadcrumbList","@id":"https:\/\/smallthings.fr\/lespetitslivres\/2013\/12\/17\/christophe-ono-dit-biot-plonger\/#breadcrumb","itemListElement":[{"@type":"ListItem","position":1,"name":"Accueil","item":"https:\/\/smallthings.fr\/lespetitslivres\/"},{"@type":"ListItem","position":2,"name":"Plonger avec Christophe Ono-dit-Biot"}]},{"@type":"WebSite","@id":"https:\/\/smallthings.fr\/lespetitslivres\/#website","url":"https:\/\/smallthings.fr\/lespetitslivres\/","name":"Les Petits Livres","description":"by Small Things","potentialAction":[{"@type":"SearchAction","target":{"@type":"EntryPoint","urlTemplate":"https:\/\/smallthings.fr\/lespetitslivres\/?s={search_term_string}"},"query-input":"required name=search_term_string"}],"inLanguage":"fr-FR"},{"@type":"Person","@id":"https:\/\/smallthings.fr\/lespetitslivres\/#\/schema\/person\/7b3de8ef611f2b29f758a00cad7cafb2","name":"Cecile","image":{"@type":"ImageObject","inLanguage":"fr-FR","@id":"https:\/\/smallthings.fr\/lespetitslivres\/#\/schema\/person\/image\/","url":"https:\/\/secure.gravatar.com\/avatar\/a855fa1dbad38b06e97132a8a6579746?s=96&d=retro&r=g","contentUrl":"https:\/\/secure.gravatar.com\/avatar\/a855fa1dbad38b06e97132a8a6579746?s=96&d=retro&r=g","caption":"Cecile"},"url":"https:\/\/smallthings.fr\/lespetitslivres\/author\/cecile\/"}]}},"jetpack_featured_media_url":"","jetpack_sharing_enabled":true,"jetpack_shortlink":"https:\/\/wp.me\/p6Un21-2kH","jetpack-related-posts":[{"id":24522,"url":"https:\/\/smallthings.fr\/lespetitslivres\/2015\/06\/16\/les-stagiaires-samantha-bailly-critique\/","url_meta":{"origin":8971,"position":0},"title":"Les stagiaires : le monde de l&rsquo;entreprise racont\u00e9 par Samantha Bailly","author":"Jennifer","date":"16 juin 2015","format":false,"excerpt":"Les stagiaires est un roman de l\u2019auteure fran\u00e7aise Samantha Bailly, sorti en poche le 29 mai dernier aux \u00e9ditions Milady. Les stagiaires, comme son nom l\u2019indique, est un roman qui parle de six jeunes qui sont pris en stage dans une entreprise sp\u00e9cialis\u00e9e en mangas et jeux vid\u00e9o, et qui\u2026","rel":"","context":"Dans &quot;Roman \u00e9tranger&quot;","block_context":{"text":"Roman \u00e9tranger","link":"https:\/\/smallthings.fr\/lespetitslivres\/category\/roman\/roman-etranger\/"},"img":{"alt_text":"","src":"https:\/\/i0.wp.com\/smallthings.fr\/wp-content\/uploads\/2015\/06\/stagiaires-samantha-bailly-gf.jpg?resize=350%2C200","width":350,"height":200},"classes":[]},{"id":21146,"url":"https:\/\/smallthings.fr\/lespetitslivres\/2015\/02\/20\/petite-fille-nuage-tour-eiffel-critique\/","url_meta":{"origin":8971,"position":1},"title":"La petite fille qui avait aval\u00e9 un nuage grand comme la Tour Eiffel","author":"Claire","date":"20 f\u00e9vrier 2015","format":false,"excerpt":"Apr\u00e8s l'immense succ\u00e8s de L'Extraordinaire voyage du fakir qui \u00e9tait rest\u00e9 coinc\u00e9 dans une armoire Ikea, Roman Pu\u00e9rtolas r\u00e9cidive avec La petite fille qui avait aval\u00e9 un nuage grand comme la Tour Eiffel. Le roman est sorti le 7 janvier aux \u00e9ditions du Dilettante. Digne de la saga Malauss\u00e8ne de\u2026","rel":"","context":"Dans &quot;Roman fran\u00e7ais&quot;","block_context":{"text":"Roman fran\u00e7ais","link":"https:\/\/smallthings.fr\/lespetitslivres\/category\/roman\/roman-francais\/"},"img":{"alt_text":"","src":"https:\/\/i0.wp.com\/smallthings.fr\/wp-content\/uploads\/2015\/02\/9782842638122.jpg?resize=350%2C200","width":350,"height":200},"classes":[]},{"id":31637,"url":"https:\/\/smallthings.fr\/lespetitslivres\/2018\/04\/30\/le-grand-incendie-jean-d-aillon\/","url_meta":{"origin":8971,"position":2},"title":"Le Grand Incendie, la nouvelle enqu\u00eate de Louis Fronsac","author":"June","date":"30 avril 2018","format":false,"excerpt":"Le Grand Incendie est l'un des tomes de la s\u00e9rie historique des Enqu\u00eates de Louise Fronsac par Jean d'Aillon. Il est paru il y a quelques semaines chez Plon. Jean d\u2019Aillon conna\u00eet \u00e0 coup s\u00fbr son sujet et nous le d\u00e9montre avec brio. Si vous souhaitez vous immerger dans le\u2026","rel":"","context":"Dans &quot;Roman fran\u00e7ais&quot;","block_context":{"text":"Roman fran\u00e7ais","link":"https:\/\/smallthings.fr\/lespetitslivres\/category\/roman\/roman-francais\/"},"img":{"alt_text":"","src":"https:\/\/i0.wp.com\/smallthings.fr\/lespetitslivres\/wp-content\/uploads\/2018\/04\/grand-incendie-d-aillon-cover.jpg?resize=350%2C200&ssl=1","width":350,"height":200,"srcset":"https:\/\/i0.wp.com\/smallthings.fr\/lespetitslivres\/wp-content\/uploads\/2018\/04\/grand-incendie-d-aillon-cover.jpg?resize=350%2C200&ssl=1 1x, https:\/\/i0.wp.com\/smallthings.fr\/lespetitslivres\/wp-content\/uploads\/2018\/04\/grand-incendie-d-aillon-cover.jpg?resize=525%2C300&ssl=1 1.5x, https:\/\/i0.wp.com\/smallthings.fr\/lespetitslivres\/wp-content\/uploads\/2018\/04\/grand-incendie-d-aillon-cover.jpg?resize=700%2C400&ssl=1 2x"},"classes":[]},{"id":31523,"url":"https:\/\/smallthings.fr\/lespetitslivres\/2018\/02\/01\/rien-a-voir-avec-amour-claire-gallen\/","url_meta":{"origin":8971,"position":3},"title":"Rien \u00e0 voir avec l\u2019amour : le roman noir de Claire Gallen","author":"Diane Norric","date":"1 f\u00e9vrier 2018","format":false,"excerpt":"Rien \u00e0 voir avec l\u2019amour\u00a0de Claire Gallen raconte sept jours, du 8 au 14 juillet, dans la vie de Sandra, la narratrice. Au gr\u00e9 de flashbacks judicieux et du d\u00e9roul\u00e9 de la semaine, on reconstitue petit \u00e0 petit le fil de l\u2019histoire. Le roman est paru aux \u00e9ditions du Rouergue.\u2026","rel":"","context":"Dans &quot;Roman fran\u00e7ais&quot;","block_context":{"text":"Roman fran\u00e7ais","link":"https:\/\/smallthings.fr\/lespetitslivres\/category\/roman\/roman-francais\/"},"img":{"alt_text":"","src":"https:\/\/i0.wp.com\/smallthings.fr\/lespetitslivres\/wp-content\/uploads\/2018\/02\/rien-a-voir-amour-cover.jpg?resize=350%2C200&ssl=1","width":350,"height":200,"srcset":"https:\/\/i0.wp.com\/smallthings.fr\/lespetitslivres\/wp-content\/uploads\/2018\/02\/rien-a-voir-amour-cover.jpg?resize=350%2C200&ssl=1 1x, https:\/\/i0.wp.com\/smallthings.fr\/lespetitslivres\/wp-content\/uploads\/2018\/02\/rien-a-voir-amour-cover.jpg?resize=525%2C300&ssl=1 1.5x, https:\/\/i0.wp.com\/smallthings.fr\/lespetitslivres\/wp-content\/uploads\/2018\/02\/rien-a-voir-amour-cover.jpg?resize=700%2C400&ssl=1 2x"},"classes":[]},{"id":16297,"url":"https:\/\/smallthings.fr\/lespetitslivres\/2014\/09\/04\/pas-termine-verite-affaire-harry-quebert\/","url_meta":{"origin":8971,"position":4},"title":"Pourquoi je n&rsquo;ai pas termin\u00e9 \u00ab\u00a0La V\u00e9rit\u00e9 sur l&rsquo;affaire Harry Qu\u00e9bert\u00a0\u00bb","author":"Claire","date":"4 septembre 2014","format":false,"excerpt":"Il y a quelques mois, j'\u00e9crivais avec enthousiasme avoir acquis la version poche de La V\u00e9rit\u00e9 sur l'affaire Harry Qu\u00e9bert, roman \u00e0 succ\u00e8s de Jo\u00ebl Dicker, laur\u00e9at de plusieurs prix litt\u00e9raires en 2012, tels que le Goncourt des lyc\u00e9ens, et le Grand Prix de l'Acad\u00e9mie Fran\u00e7aise, rien que \u00e7a. Cependant,\u2026","rel":"","context":"Dans &quot;Roman fran\u00e7ais&quot;","block_context":{"text":"Roman fran\u00e7ais","link":"https:\/\/smallthings.fr\/lespetitslivres\/category\/roman\/roman-francais\/"},"img":{"alt_text":"","src":"","width":0,"height":0},"classes":[]},{"id":29781,"url":"https:\/\/smallthings.fr\/lespetitslivres\/2016\/03\/27\/%c2%ac%c2%acaudrey-hepburn-la-vie-et-moi\/","url_meta":{"origin":8971,"position":5},"title":"Audrey Hepburn, la vie et moi : chroniques hollywoodiennes","author":"June","date":"27 mars 2016","format":false,"excerpt":"A para\u00eetre le 30 mars, aux \u00e9ditions Mosa\u00efc, Audrey Hepburn, la vie et moi p\u00e9tille comme une coupe de champagne. Avec humour et l\u00e9g\u00e8ret\u00e9, Lucy Holliday nous d\u00e9livre cette le\u00e7on de confiance en soi sous la houlette d\u2019une Audrey Hepburn d\u00e9licieusement d\u00e9cal\u00e9e. Un agr\u00e9able rayon de soleil. Entre un p\u00e8re\u2026","rel":"","context":"Dans &quot;Roman \u00e9tranger&quot;","block_context":{"text":"Roman \u00e9tranger","link":"https:\/\/smallthings.fr\/lespetitslivres\/category\/roman\/roman-etranger\/"},"img":{"alt_text":"","src":"https:\/\/i0.wp.com\/smallthings.fr\/lespetitslivres\/wp-content\/uploads\/2016\/03\/audrey-hepburn-couv.jpeg?resize=350%2C200&ssl=1","width":350,"height":200,"srcset":"https:\/\/i0.wp.com\/smallthings.fr\/lespetitslivres\/wp-content\/uploads\/2016\/03\/audrey-hepburn-couv.jpeg?resize=350%2C200&ssl=1 1x, https:\/\/i0.wp.com\/smallthings.fr\/lespetitslivres\/wp-content\/uploads\/2016\/03\/audrey-hepburn-couv.jpeg?resize=525%2C300&ssl=1 1.5x, https:\/\/i0.wp.com\/smallthings.fr\/lespetitslivres\/wp-content\/uploads\/2016\/03\/audrey-hepburn-couv.jpeg?resize=700%2C400&ssl=1 2x"},"classes":[]}],"_links":{"self":[{"href":"https:\/\/smallthings.fr\/lespetitslivres\/wp-json\/wp\/v2\/posts\/8971"}],"collection":[{"href":"https:\/\/smallthings.fr\/lespetitslivres\/wp-json\/wp\/v2\/posts"}],"about":[{"href":"https:\/\/smallthings.fr\/lespetitslivres\/wp-json\/wp\/v2\/types\/post"}],"author":[{"embeddable":true,"href":"https:\/\/smallthings.fr\/lespetitslivres\/wp-json\/wp\/v2\/users\/13"}],"replies":[{"embeddable":true,"href":"https:\/\/smallthings.fr\/lespetitslivres\/wp-json\/wp\/v2\/comments?post=8971"}],"version-history":[{"count":1,"href":"https:\/\/smallthings.fr\/lespetitslivres\/wp-json\/wp\/v2\/posts\/8971\/revisions"}],"predecessor-version":[{"id":28914,"href":"https:\/\/smallthings.fr\/lespetitslivres\/wp-json\/wp\/v2\/posts\/8971\/revisions\/28914"}],"wp:featuredmedia":[{"embeddable":true,"href":"https:\/\/smallthings.fr\/lespetitslivres\/wp-json\/"}],"wp:attachment":[{"href":"https:\/\/smallthings.fr\/lespetitslivres\/wp-json\/wp\/v2\/media?parent=8971"}],"wp:term":[{"taxonomy":"category","embeddable":true,"href":"https:\/\/smallthings.fr\/lespetitslivres\/wp-json\/wp\/v2\/categories?post=8971"},{"taxonomy":"post_tag","embeddable":true,"href":"https:\/\/smallthings.fr\/lespetitslivres\/wp-json\/wp\/v2\/tags?post=8971"}],"curies":[{"name":"wp","href":"https:\/\/api.w.org\/{rel}","templated":true}]}}