{"id":8865,"date":"2013-10-24T10:42:01","date_gmt":"2013-10-24T09:42:01","guid":{"rendered":"http:\/\/smallthings.fr\/?post_type=os_livre&#038;p=8865"},"modified":"2015-11-02T13:34:12","modified_gmt":"2015-11-02T12:34:12","slug":"edition-numerique-cecile-la-liseuse","status":"publish","type":"post","link":"https:\/\/smallthings.fr\/lespetitslivres\/2013\/10\/24\/edition-numerique-cecile-la-liseuse\/","title":{"rendered":"\u00c9dition num\u00e9rique &#8211; Zoom sur les \u00e9ditions C\u00e9cile La Liseuse"},"content":{"rendered":"<h2>Aujourd&rsquo;hui, dans le cadre de notre dossier sur l&rsquo;\u00e9dition num\u00e9rique, je vous propose un zoom sur une jeune maison d&rsquo;\u00e9dition num\u00e9rique : les \u00e9ditions C\u00e9cile La Liseuse.<\/h2>\n<p>Cr\u00e9er sa propre maison d&rsquo;\u00e9dition, d\u00e9cider soi-m\u00eame de sa ligne \u00e9ditoriale, faire un contrat aux auteurs prometteurs que l&rsquo;on a rep\u00e9r\u00e9 dans notre entourage depuis longtemps&#8230; On est nombreux \u00e0 l&rsquo;avoir r\u00eav\u00e9. Mais concr\u00e8tement, rien de plus compliqu\u00e9 dans le paysage actuel. C&rsquo;est l\u00e0 que l&rsquo;\u00e9dition num\u00e9rique intervient et peut s&rsquo;av\u00e9rer \u00eatre une solution porteuse et innovante.<\/p>\n<p>C&rsquo;est le pari qu&rsquo;a fait C\u00e9cile, <strong>en choisissant la voie de la litt\u00e9rature num\u00e9rique<\/strong>. <strong>Pas facile\u00a0de s&rsquo;imposer dans le paysage de l&rsquo;\u00e9dition,\u00a0alors autant\u00a0essayer un chemin un peu d\u00e9cal\u00e9.<\/strong> Comme C\u00e9cile le dit elle-m\u00eame, le mod\u00e8le \u00e9conomique de l&rsquo;\u00e9dition num\u00e9rique consiste en \u00ab\u00a0une r\u00e9mun\u00e9ration sur les r\u00e9sultats, ce qui permet \u00e0 tous les auteurs de se lancer sans barri\u00e8re financi\u00e8re au d\u00e9part\u00a0\u00bb.<\/p>\n<blockquote><p>\u00ab\u00a0Je d\u00e9fends un principe simple, un livre doit aller le plus simplement possible \u00e0 la d\u00e9couverte de ses lecteurs. Sachant que le monde de l&rsquo;\u00e9dition ne permet pas \u00e0 beaucoup d&rsquo;auteurs de vivre de leur travail au meilleur des cas &#8211; ni m\u00eame d&rsquo;\u00eatre accompagn\u00e9s et rendus visibles dans la masse \u00e9ditoriale annuelle &#8211; je privil\u00e9gie aujourd&rsquo;hui l&rsquo;ebook.\u00a0\u00bb<\/p><\/blockquote>\n<p>A la base lectrice-correctrice, elle conna\u00eet donc bien les rouages et le fonctionnement du monde de l&rsquo;\u00e9dition. <strong>Elle propose \u00e0 ses auteurs une double d\u00e9marche<\/strong>. Tandis qu&rsquo;elle s&rsquo;occupe d&rsquo;\u00e9diter leur oeuvre en num\u00e9rique, ils peuvent continuer \u00e0 prendre contact avec les \u00e9diteurs papier. Au fil de leur prospection \u00ab\u00a0papier\u00a0\u00bb, la version num\u00e9rique de leur livre rencontre ses premiers lecteurs, et commence son \u00ab\u00a0aventure litt\u00e9raire\u00a0\u00bb. <strong>Une d\u00e9marche int\u00e9ressante qui permet aux auteurs en herbe de toucher \u00e0 leur objectif, recevoir les premiers retours de lecteurs, b\u00e9n\u00e9ficier d&rsquo;une d\u00e9but de notori\u00e9t\u00e9, sans pour autant perdre de vue leur ambition de publication papier.<\/strong><\/p>\n<p><a href=\"http:\/\/uploads.smallthings.fr\/2013\/10\/88415842_o.jpg\"><img loading=\"lazy\" decoding=\"async\" class=\"alignright size-medium wp-image-8892\" title=\"paul-faury-caillou-poche\" alt=\"\u00e9dition num\u00e9rique\" src=\"http:\/\/uploads.smallthings.fr\/2013\/10\/88415842_o-211x300.jpg\" width=\"211\" height=\"300\" \/><\/a>C&rsquo;est ce qu&rsquo;elle a propos\u00e9 \u00e0 l&rsquo;auteur <strong>Paul Faury<\/strong>, qui publie avec elle son roman <strong><em>Un caillou dans la poche<\/em><\/strong>. Un premier roman disponible depuis la rentr\u00e9e litt\u00e9raire derni\u00e8re. Un roman d&rsquo;initiation\u00a0m\u00ealant polar historique et essai philosophique.\u00a0Antoine, qui partait pour une simple promenade dans le Vercors, va se retrouver confront\u00e9 \u00e0 son pass\u00e9 familial et au coeur d&rsquo;une (en)qu\u00eate inattendu qui va l&rsquo;entra\u00eener jusqu&rsquo;au souvenir du 3\u00e8me Reich. Le site de l&rsquo;auteur <a href=\"http:\/\/paulfaury.canalblog.com\/\" target=\"_blank\">ici <\/a><\/p>\n<p>C\u00e9cile la liseuse a aussi sa <a href=\"https:\/\/www.facebook.com\/pages\/Editions-C%C3%A9cilelaliseuse\/675282869152005?ref=hl\" target=\"_blank\">page Facebook<\/a>, qui recense notamment les avis de lecteurs sur les livres qu&rsquo;elle publie. Elle n&rsquo;est pas avare de liens vers Amazon\u00a0pour proposer entre autres\u00a0l&#8217;emprunt gratuit du livre. Oui parce que l&rsquo;on peut emprunter gratuitement des livres via son Kindle\u00a0quand on a un compte premium\u00a0sur Amazon&#8230; Le saviez-vous ?<\/p>\n<p>Une tr\u00e8s jeune maison d&rsquo;\u00e9dition num\u00e9rique \u00e0 qui on souhaite le meilleur. C\u00e9cile la liseuse nous avoue publier prochainement \u00ab\u00a0une fresque historique se d\u00e9roulant en Afrique au XIX\u00e8me si\u00e8cle\u00a0\u00bb. Bonne continuation !<\/p>\n<p>&nbsp;<\/p>\n","protected":false},"excerpt":{"rendered":"<p>Zoom sur les \u00e9ditions C\u00e9cile La Liseuse dans le cadre de notre dossier sur l&rsquo;\u00e9dition num\u00e9rique. <\/p>\n","protected":false},"author":2,"featured_media":8904,"comment_status":"open","ping_status":"open","sticky":false,"template":"","format":"standard","meta":{"jetpack_post_was_ever_published":false,"_jetpack_newsletter_access":"","_jetpack_newsletter_tier_id":0,"footnotes":"","jetpack_publicize_message":"","jetpack_is_tweetstorm":false,"jetpack_publicize_feature_enabled":true,"jetpack_social_post_already_shared":true,"jetpack_social_options":{"image_generator_settings":{"template":"highway","enabled":false}}},"categories":[1109],"tags":[542,543,544,545],"jetpack_publicize_connections":[],"yoast_head":"<!-- This site is optimized with the Yoast SEO plugin v21.5 - https:\/\/yoast.com\/wordpress\/plugins\/seo\/ -->\n<title>\u00c9dition num\u00e9rique - Zoom sur les \u00e9ditions C\u00e9cile La Liseuse - Les Petits Livres<\/title>\n<meta name=\"description\" content=\"Zoom sur les \u00e9ditions C\u00e9cile La Liseuse dans le cadre de notre dossier sur l&#039;\u00e9dition num\u00e9rique.\" \/>\n<meta name=\"robots\" content=\"index, follow, max-snippet:-1, max-image-preview:large, max-video-preview:-1\" \/>\n<link rel=\"canonical\" href=\"https:\/\/smallthings.fr\/lespetitslivres\/2013\/10\/24\/edition-numerique-cecile-la-liseuse\/\" \/>\n<meta property=\"og:locale\" content=\"fr_FR\" \/>\n<meta property=\"og:type\" content=\"article\" \/>\n<meta property=\"og:title\" content=\"\u00c9dition num\u00e9rique - Zoom sur les \u00e9ditions C\u00e9cile La Liseuse - Les Petits Livres\" \/>\n<meta property=\"og:description\" content=\"Zoom sur les \u00e9ditions C\u00e9cile La Liseuse dans le cadre de notre dossier sur l&#039;\u00e9dition num\u00e9rique.\" \/>\n<meta property=\"og:url\" content=\"https:\/\/smallthings.fr\/lespetitslivres\/2013\/10\/24\/edition-numerique-cecile-la-liseuse\/\" \/>\n<meta property=\"og:site_name\" content=\"Les Petits Livres\" \/>\n<meta property=\"article:published_time\" content=\"2013-10-24T09:42:01+00:00\" \/>\n<meta property=\"article:modified_time\" content=\"2015-11-02T12:34:12+00:00\" \/>\n<meta name=\"author\" content=\"Claire\" \/>\n<meta name=\"twitter:card\" content=\"summary_large_image\" \/>\n<meta name=\"twitter:label1\" content=\"\u00c9crit par\" \/>\n\t<meta name=\"twitter:data1\" content=\"Claire\" \/>\n\t<meta name=\"twitter:label2\" content=\"Dur\u00e9e de lecture estim\u00e9e\" \/>\n\t<meta name=\"twitter:data2\" content=\"3 minutes\" \/>\n<script type=\"application\/ld+json\" class=\"yoast-schema-graph\">{\"@context\":\"https:\/\/schema.org\",\"@graph\":[{\"@type\":\"WebPage\",\"@id\":\"https:\/\/smallthings.fr\/lespetitslivres\/2013\/10\/24\/edition-numerique-cecile-la-liseuse\/\",\"url\":\"https:\/\/smallthings.fr\/lespetitslivres\/2013\/10\/24\/edition-numerique-cecile-la-liseuse\/\",\"name\":\"\u00c9dition num\u00e9rique - Zoom sur les \u00e9ditions C\u00e9cile La Liseuse - Les Petits Livres\",\"isPartOf\":{\"@id\":\"https:\/\/smallthings.fr\/lespetitslivres\/#website\"},\"datePublished\":\"2013-10-24T09:42:01+00:00\",\"dateModified\":\"2015-11-02T12:34:12+00:00\",\"author\":{\"@id\":\"https:\/\/smallthings.fr\/lespetitslivres\/#\/schema\/person\/504d603cacfe064fe039dfa03a8b7918\"},\"description\":\"Zoom sur les \u00e9ditions C\u00e9cile La Liseuse dans le cadre de notre dossier sur l'\u00e9dition num\u00e9rique.\",\"breadcrumb\":{\"@id\":\"https:\/\/smallthings.fr\/lespetitslivres\/2013\/10\/24\/edition-numerique-cecile-la-liseuse\/#breadcrumb\"},\"inLanguage\":\"fr-FR\",\"potentialAction\":[{\"@type\":\"ReadAction\",\"target\":[\"https:\/\/smallthings.fr\/lespetitslivres\/2013\/10\/24\/edition-numerique-cecile-la-liseuse\/\"]}]},{\"@type\":\"BreadcrumbList\",\"@id\":\"https:\/\/smallthings.fr\/lespetitslivres\/2013\/10\/24\/edition-numerique-cecile-la-liseuse\/#breadcrumb\",\"itemListElement\":[{\"@type\":\"ListItem\",\"position\":1,\"name\":\"Accueil\",\"item\":\"https:\/\/smallthings.fr\/lespetitslivres\/\"},{\"@type\":\"ListItem\",\"position\":2,\"name\":\"\u00c9dition num\u00e9rique &#8211; Zoom sur les \u00e9ditions C\u00e9cile La Liseuse\"}]},{\"@type\":\"WebSite\",\"@id\":\"https:\/\/smallthings.fr\/lespetitslivres\/#website\",\"url\":\"https:\/\/smallthings.fr\/lespetitslivres\/\",\"name\":\"Les Petits Livres\",\"description\":\"by Small Things\",\"potentialAction\":[{\"@type\":\"SearchAction\",\"target\":{\"@type\":\"EntryPoint\",\"urlTemplate\":\"https:\/\/smallthings.fr\/lespetitslivres\/?s={search_term_string}\"},\"query-input\":\"required name=search_term_string\"}],\"inLanguage\":\"fr-FR\"},{\"@type\":\"Person\",\"@id\":\"https:\/\/smallthings.fr\/lespetitslivres\/#\/schema\/person\/504d603cacfe064fe039dfa03a8b7918\",\"name\":\"Claire\",\"image\":{\"@type\":\"ImageObject\",\"inLanguage\":\"fr-FR\",\"@id\":\"https:\/\/smallthings.fr\/lespetitslivres\/#\/schema\/person\/image\/\",\"url\":\"https:\/\/secure.gravatar.com\/avatar\/9a85ff83d76b3eb17b8cae208640786e?s=96&d=retro&r=g\",\"contentUrl\":\"https:\/\/secure.gravatar.com\/avatar\/9a85ff83d76b3eb17b8cae208640786e?s=96&d=retro&r=g\",\"caption\":\"Claire\"},\"url\":\"https:\/\/smallthings.fr\/lespetitslivres\/author\/claire\/\"}]}<\/script>\n<!-- \/ Yoast SEO plugin. -->","yoast_head_json":{"title":"\u00c9dition num\u00e9rique - Zoom sur les \u00e9ditions C\u00e9cile La Liseuse - Les Petits Livres","description":"Zoom sur les \u00e9ditions C\u00e9cile La Liseuse dans le cadre de notre dossier sur l'\u00e9dition num\u00e9rique.","robots":{"index":"index","follow":"follow","max-snippet":"max-snippet:-1","max-image-preview":"max-image-preview:large","max-video-preview":"max-video-preview:-1"},"canonical":"https:\/\/smallthings.fr\/lespetitslivres\/2013\/10\/24\/edition-numerique-cecile-la-liseuse\/","og_locale":"fr_FR","og_type":"article","og_title":"\u00c9dition num\u00e9rique - Zoom sur les \u00e9ditions C\u00e9cile La Liseuse - Les Petits Livres","og_description":"Zoom sur les \u00e9ditions C\u00e9cile La Liseuse dans le cadre de notre dossier sur l'\u00e9dition num\u00e9rique.","og_url":"https:\/\/smallthings.fr\/lespetitslivres\/2013\/10\/24\/edition-numerique-cecile-la-liseuse\/","og_site_name":"Les Petits Livres","article_published_time":"2013-10-24T09:42:01+00:00","article_modified_time":"2015-11-02T12:34:12+00:00","author":"Claire","twitter_card":"summary_large_image","twitter_misc":{"\u00c9crit par":"Claire","Dur\u00e9e de lecture estim\u00e9e":"3 minutes"},"schema":{"@context":"https:\/\/schema.org","@graph":[{"@type":"WebPage","@id":"https:\/\/smallthings.fr\/lespetitslivres\/2013\/10\/24\/edition-numerique-cecile-la-liseuse\/","url":"https:\/\/smallthings.fr\/lespetitslivres\/2013\/10\/24\/edition-numerique-cecile-la-liseuse\/","name":"\u00c9dition num\u00e9rique - Zoom sur les \u00e9ditions C\u00e9cile La Liseuse - Les Petits Livres","isPartOf":{"@id":"https:\/\/smallthings.fr\/lespetitslivres\/#website"},"datePublished":"2013-10-24T09:42:01+00:00","dateModified":"2015-11-02T12:34:12+00:00","author":{"@id":"https:\/\/smallthings.fr\/lespetitslivres\/#\/schema\/person\/504d603cacfe064fe039dfa03a8b7918"},"description":"Zoom sur les \u00e9ditions C\u00e9cile La Liseuse dans le cadre de notre dossier sur l'\u00e9dition num\u00e9rique.","breadcrumb":{"@id":"https:\/\/smallthings.fr\/lespetitslivres\/2013\/10\/24\/edition-numerique-cecile-la-liseuse\/#breadcrumb"},"inLanguage":"fr-FR","potentialAction":[{"@type":"ReadAction","target":["https:\/\/smallthings.fr\/lespetitslivres\/2013\/10\/24\/edition-numerique-cecile-la-liseuse\/"]}]},{"@type":"BreadcrumbList","@id":"https:\/\/smallthings.fr\/lespetitslivres\/2013\/10\/24\/edition-numerique-cecile-la-liseuse\/#breadcrumb","itemListElement":[{"@type":"ListItem","position":1,"name":"Accueil","item":"https:\/\/smallthings.fr\/lespetitslivres\/"},{"@type":"ListItem","position":2,"name":"\u00c9dition num\u00e9rique &#8211; Zoom sur les \u00e9ditions C\u00e9cile La Liseuse"}]},{"@type":"WebSite","@id":"https:\/\/smallthings.fr\/lespetitslivres\/#website","url":"https:\/\/smallthings.fr\/lespetitslivres\/","name":"Les Petits Livres","description":"by Small Things","potentialAction":[{"@type":"SearchAction","target":{"@type":"EntryPoint","urlTemplate":"https:\/\/smallthings.fr\/lespetitslivres\/?s={search_term_string}"},"query-input":"required name=search_term_string"}],"inLanguage":"fr-FR"},{"@type":"Person","@id":"https:\/\/smallthings.fr\/lespetitslivres\/#\/schema\/person\/504d603cacfe064fe039dfa03a8b7918","name":"Claire","image":{"@type":"ImageObject","inLanguage":"fr-FR","@id":"https:\/\/smallthings.fr\/lespetitslivres\/#\/schema\/person\/image\/","url":"https:\/\/secure.gravatar.com\/avatar\/9a85ff83d76b3eb17b8cae208640786e?s=96&d=retro&r=g","contentUrl":"https:\/\/secure.gravatar.com\/avatar\/9a85ff83d76b3eb17b8cae208640786e?s=96&d=retro&r=g","caption":"Claire"},"url":"https:\/\/smallthings.fr\/lespetitslivres\/author\/claire\/"}]}},"jetpack_featured_media_url":"","jetpack_sharing_enabled":true,"jetpack_shortlink":"https:\/\/wp.me\/p6Un21-2iZ","jetpack-related-posts":[{"id":8666,"url":"https:\/\/smallthings.fr\/lespetitslivres\/2013\/10\/15\/matinale-litterature-courte\/","url_meta":{"origin":8865,"position":0},"title":"La matinale de la litt\u00e9rature courte","author":"Claire","date":"15 octobre 2013","format":false,"excerpt":"Ce matin a lieu la deuxi\u00e8me \u00e9dition de la Matinale de la litt\u00e9rature courte \u00e0 Paris, organis\u00e9e par Short \u00e9dition. Concours de cr\u00e9ation en live","rel":"","context":"Dans &quot;Num\u00e9rique et audio&quot;","block_context":{"text":"Num\u00e9rique et audio","link":"https:\/\/smallthings.fr\/lespetitslivres\/category\/numerique-audio\/"},"img":{"alt_text":"","src":"https:\/\/i0.wp.com\/uploads.smallthings.fr\/2013\/10\/Sh\u00c3\u00a9ma-Short-Edition-392x1024.jpg?resize=350%2C200","width":350,"height":200},"classes":[]},{"id":30923,"url":"https:\/\/smallthings.fr\/lespetitslivres\/2017\/04\/11\/sainte-caboche-socorro-acioli-belleville-editions\/","url_meta":{"origin":8865,"position":1},"title":"Sainte Caboche : un tr\u00e9sor br\u00e9silien by Belleville Editions","author":"Lola","date":"11 avril 2017","format":false,"excerpt":"Belleville Editions est une toute petite et nouvelle maison d\u2019\u00e9dition. Fond\u00e9e par deux jeunes femmes motiv\u00e9es, Marie et Doroth\u00e9e, elle allie deux tendances tr\u00e8s contemporaines : le voyage et le num\u00e9rique. Les deux \u00e9ditrices prospectent au gr\u00e9 de leurs voyages pour d\u00e9couvrir des livres dont les libraires raffolent mais qui\u2026","rel":"","context":"Dans &quot;Roman \u00e9tranger&quot;","block_context":{"text":"Roman \u00e9tranger","link":"https:\/\/smallthings.fr\/lespetitslivres\/category\/roman\/roman-etranger\/"},"img":{"alt_text":"","src":"https:\/\/i0.wp.com\/smallthings.fr\/lespetitslivres\/wp-content\/uploads\/2017\/04\/sainte-caboche-couv.jpg?resize=350%2C200&ssl=1","width":350,"height":200,"srcset":"https:\/\/i0.wp.com\/smallthings.fr\/lespetitslivres\/wp-content\/uploads\/2017\/04\/sainte-caboche-couv.jpg?resize=350%2C200&ssl=1 1x, https:\/\/i0.wp.com\/smallthings.fr\/lespetitslivres\/wp-content\/uploads\/2017\/04\/sainte-caboche-couv.jpg?resize=525%2C300&ssl=1 1.5x, https:\/\/i0.wp.com\/smallthings.fr\/lespetitslivres\/wp-content\/uploads\/2017\/04\/sainte-caboche-couv.jpg?resize=700%2C400&ssl=1 2x, https:\/\/i0.wp.com\/smallthings.fr\/lespetitslivres\/wp-content\/uploads\/2017\/04\/sainte-caboche-couv.jpg?resize=1050%2C600&ssl=1 3x"},"classes":[]},{"id":12716,"url":"https:\/\/smallthings.fr\/lespetitslivres\/2014\/04\/07\/silo-hugh-howey-avis\/","url_meta":{"origin":8865,"position":2},"title":"Silo &#8211; Hugh Howey","author":"Cecile","date":"7 avril 2014","format":false,"excerpt":"Zoom sur Silo, le premier tome de la trilogie \"postapocalyptique\" d'Hugh Howey sorti en octobre dernier chez Actes Sud. Le livre est un v\u00e9ritable ph\u00e9nom\u00e8ne \u00e9ditorial aux Etats-Unis. D'abord autopubli\u00e9, le livre s'est r\u00e9v\u00e9l\u00e9 \u00eatre un \u00e9norme succ\u00e8s sur Internet. Il est aujourd'hui l'un des best-sellers de la maison am\u00e9ricaine\u2026","rel":"","context":"Dans &quot;Roman \u00e9tranger&quot;","block_context":{"text":"Roman \u00e9tranger","link":"https:\/\/smallthings.fr\/lespetitslivres\/category\/roman\/roman-etranger\/"},"img":{"alt_text":"","src":"https:\/\/i0.wp.com\/smallthings.fr\/wp-content\/uploads\/2014\/04\/silo-howey-couv-483x800.jpg?resize=350%2C200","width":350,"height":200},"classes":[]},{"id":20279,"url":"https:\/\/smallthings.fr\/lespetitslivres\/2015\/01\/23\/fille-hecate-cecile-guillot-saga\/","url_meta":{"origin":8865,"position":3},"title":"Fille d&rsquo;H\u00e9cate, la saga de C\u00e9cile Guillot aux \u00e9ditions du Chat Noir","author":"Jennifer","date":"23 janvier 2015","format":false,"excerpt":"Fille d\u2019H\u00e9cate est une s\u00e9rie \u00e9crite par C\u00e9cile Guillot et \u00e9dit\u00e9e aux \u00e9ditions du Chat Noir. Le tome 1, La Voie de la Sorci\u00e8re (juillet 2012) nous emporte dans l\u2019univers de la Wicca gr\u00e2ce \u00e0 l\u2019h\u00e9ro\u00efne Ma\u00eblys, qui apprend qu\u2019elle est une sorci\u00e8re. Dans le tome 2, Le Parfum du\u2026","rel":"","context":"Dans &quot;Fantastique&quot;","block_context":{"text":"Fantastique","link":"https:\/\/smallthings.fr\/lespetitslivres\/category\/imaginaire\/fantastique\/"},"img":{"alt_text":"","src":"https:\/\/i0.wp.com\/smallthings.fr\/wp-content\/uploads\/2015\/01\/fille-hecate-voie-sorciere-210x300.jpg?resize=350%2C200","width":350,"height":200},"classes":[]},{"id":30928,"url":"https:\/\/smallthings.fr\/lespetitslivres\/2017\/04\/12\/maestro-cecile-balavoine-avis\/","url_meta":{"origin":8865,"position":4},"title":"Maestro de C\u00e9cile Balavoine : un amour qui se rit du temps","author":"Diane Norric","date":"12 avril 2017","format":false,"excerpt":"Les \u00e9ditions du Mercure de France font para\u00eetre en ce printemps 2017 Maestro de C\u00e9cile Balavoine. Il s\u2019agit l\u00e0 de son premier roman \u2013 une information qui laisse pantois tant cet ouvrage t\u00e9moigne d\u2019une ma\u00eetrise et d\u2019une maturit\u00e9 d\u2019\u00e9criture impressionnantes. Maestro\u00a0est racont\u00e9 \u00e0 la premi\u00e8re personne, par l\u2019h\u00e9ro\u00efne, qui s\u2019appelle\u2026","rel":"","context":"Dans &quot;Roman fran\u00e7ais&quot;","block_context":{"text":"Roman fran\u00e7ais","link":"https:\/\/smallthings.fr\/lespetitslivres\/category\/roman\/roman-francais\/"},"img":{"alt_text":"","src":"https:\/\/i0.wp.com\/smallthings.fr\/lespetitslivres\/wp-content\/uploads\/2017\/04\/mastro-balavoine-couv.jpg?resize=350%2C200&ssl=1","width":350,"height":200,"srcset":"https:\/\/i0.wp.com\/smallthings.fr\/lespetitslivres\/wp-content\/uploads\/2017\/04\/mastro-balavoine-couv.jpg?resize=350%2C200&ssl=1 1x, https:\/\/i0.wp.com\/smallthings.fr\/lespetitslivres\/wp-content\/uploads\/2017\/04\/mastro-balavoine-couv.jpg?resize=525%2C300&ssl=1 1.5x"},"classes":[]},{"id":14280,"url":"https:\/\/smallthings.fr\/lespetitslivres\/2014\/06\/16\/de-toutes-les-nuits-les-amants-kawakami\/","url_meta":{"origin":8865,"position":5},"title":"De toutes les nuits, les amants &#8211; Mieko Kawakami","author":"Cecile","date":"16 juin 2014","format":false,"excerpt":"De toutes les nuits, les amants de la japonaise Mieko Kawakami, est sorti dans sa traduction fran\u00e7aise chez Actes Sud le 5 mars. A trente-six ans, Mieko Kawakami a d\u00e9j\u00e0 plusieurs cordes \u00e0 son arc\u00a0: musicienne, actrice et romanci\u00e8re, cette dipl\u00f4m\u00e9e de philosophie a re\u00e7u le prix Akutagawa en 2007\u2026","rel":"","context":"Dans &quot;Roman \u00e9tranger&quot;","block_context":{"text":"Roman \u00e9tranger","link":"https:\/\/smallthings.fr\/lespetitslivres\/category\/roman\/roman-etranger\/"},"img":{"alt_text":"Mieko Kawakami","src":"https:\/\/i0.wp.com\/smallthings.fr\/wp-content\/uploads\/2014\/06\/mieko-kawakami.jpg?resize=350%2C200","width":350,"height":200},"classes":[]}],"_links":{"self":[{"href":"https:\/\/smallthings.fr\/lespetitslivres\/wp-json\/wp\/v2\/posts\/8865"}],"collection":[{"href":"https:\/\/smallthings.fr\/lespetitslivres\/wp-json\/wp\/v2\/posts"}],"about":[{"href":"https:\/\/smallthings.fr\/lespetitslivres\/wp-json\/wp\/v2\/types\/post"}],"author":[{"embeddable":true,"href":"https:\/\/smallthings.fr\/lespetitslivres\/wp-json\/wp\/v2\/users\/2"}],"replies":[{"embeddable":true,"href":"https:\/\/smallthings.fr\/lespetitslivres\/wp-json\/wp\/v2\/comments?post=8865"}],"version-history":[{"count":1,"href":"https:\/\/smallthings.fr\/lespetitslivres\/wp-json\/wp\/v2\/posts\/8865\/revisions"}],"predecessor-version":[{"id":28958,"href":"https:\/\/smallthings.fr\/lespetitslivres\/wp-json\/wp\/v2\/posts\/8865\/revisions\/28958"}],"wp:featuredmedia":[{"embeddable":true,"href":"https:\/\/smallthings.fr\/lespetitslivres\/wp-json\/"}],"wp:attachment":[{"href":"https:\/\/smallthings.fr\/lespetitslivres\/wp-json\/wp\/v2\/media?parent=8865"}],"wp:term":[{"taxonomy":"category","embeddable":true,"href":"https:\/\/smallthings.fr\/lespetitslivres\/wp-json\/wp\/v2\/categories?post=8865"},{"taxonomy":"post_tag","embeddable":true,"href":"https:\/\/smallthings.fr\/lespetitslivres\/wp-json\/wp\/v2\/tags?post=8865"}],"curies":[{"name":"wp","href":"https:\/\/api.w.org\/{rel}","templated":true}]}}