{"id":8666,"date":"2013-10-15T09:30:03","date_gmt":"2013-10-15T08:30:03","guid":{"rendered":"http:\/\/smallthings.fr\/?post_type=os_livre&#038;p=8666"},"modified":"2015-10-22T17:24:59","modified_gmt":"2015-10-22T16:24:59","slug":"matinale-litterature-courte","status":"publish","type":"post","link":"https:\/\/smallthings.fr\/lespetitslivres\/2013\/10\/15\/matinale-litterature-courte\/","title":{"rendered":"La matinale de la litt\u00e9rature courte"},"content":{"rendered":"<h2>Ce matin a lieu la deuxi\u00e8me \u00e9dition de la Matinale de la litt\u00e9rature courte \u00e0 Paris, organis\u00e9e par Short \u00e9dition. Il s&rsquo;agit d&rsquo;un concours de cr\u00e9ation en live, sous la pr\u00e9sidence d&rsquo;honneur de David Foenkinos. Short \u00e9dition a cr\u00e9\u00e9 en 2011 ce concept de communaut\u00e9 d&rsquo;auteurs et de lecteurs sur le web, dont le but est la d\u00e9couverte de nouveaux talents litt\u00e9raires \u00e0 lire en num\u00e9rique en un temps r\u00e9duit (de 1 \u00e0 20 minutes). La litt\u00e9rature courte : litt\u00e9rature de l&rsquo;\u00e8re moderne et num\u00e9rique ? En tout cas Short \u00e9dition y croit, d\u00e9veloppe cette communaut\u00e9, et communique autour \u00e0 l&rsquo;occasion de cette matinale d\u00e9di\u00e9e.<\/h2>\n<p><a href=\"http:\/\/uploads.smallthings.fr\/2013\/10\/logomatinale.jpg\"><img loading=\"lazy\" decoding=\"async\" class=\"aligncenter size-full wp-image-8669\" style=\"width: 664px; height: 122px;\" alt=\"litterature-courte-matinale\" src=\"http:\/\/uploads.smallthings.fr\/2013\/10\/logomatinale.jpg\" width=\"683\" height=\"122\" \/><\/a><\/p>\n<p>D\u00e8s 7h du matin, auteurs et lecteurs seront rassembl\u00e9s pour <strong>un concours de cr\u00e9ation en live<\/strong>. Nouvelles, micro-nouvelles, po\u00e8mes, Bd courtes&#8230; Les participants, pr\u00e9alablement s\u00e9lectionn\u00e9s sur le site de Short \u00e9dition,\u00a0devront cr\u00e9er une oeuvre en direct en acceptant les contraintes de temps limit\u00e9, du moment impos\u00e9, et de l&rsquo;exposition au regard des autres. Pas \u00e9vident, surtout ce dernier point, alors que la cr\u00e9ation artistique et litt\u00e9raire est souvent timide et discr\u00e8te. <strong>La litt\u00e9rature courte est connect\u00e9e \u00e0 sa communaut\u00e9 web, mais aussi \u00e0 son public du jour<\/strong>. Le gagnant remporte 600\u20ac mais surtout la reconnaissance de son talent !<\/p>\n<p><strong>C&rsquo;est Short \u00e9dition qui a d\u00e9velopp\u00e9 le concept de la litt\u00e9rature courte, litt\u00e9rature de l&rsquo;\u00e8re num\u00e9rique mais aussi litt\u00e9rature de l&rsquo;\u00e9poque\u00a0moderne<\/strong>. On peut imaginer lire ces textes dans les transports, dans une file d&rsquo;attente&#8230; On peut aussi participer \u00e0 cette communaut\u00e9 en\u00a0votant pour\u00a0les textes, en les partageant\u00a0sur les r\u00e9seaux sociaux, en d\u00e9couvrant les autres posts\u00a0des auteurs qu&rsquo;on a appr\u00e9ci\u00e9. <strong>Une mani\u00e8re diff\u00e9rente d&rsquo;appr\u00e9hender la lecture et l&rsquo;\u00e9criture pour notre \u00e9poque moderne, o\u00f9 l&rsquo;on a pas forc\u00e9ment le temps n\u00e9cessaire pour ces activit\u00e9s<\/strong>. Une fa\u00e7on aussi de tordre un peu le cou aux pr\u00e9jug\u00e9s concernant le num\u00e9rique. La litt\u00e9rature doit changer, \u00e9voluer de concert avec la soci\u00e9t\u00e9 et les technologies, mais ce n&rsquo;est pas pour autant qu&rsquo;elle en\u00a0est forc\u00e9ment rabaiss\u00e9e. <strong>Elle peut adopter plusieurs visages, s&rsquo;adresser \u00e0 des publics et habitudes diff\u00e9rentes, en somme prendre une place plus importante dans notre vie<\/strong>. C&rsquo;est en tout cas l&rsquo;id\u00e9e de Short \u00e9dition, qui avec ce concept de litt\u00e9rature courte tente d&rsquo;adapter la litt\u00e9rature aux nouveaux modes et rythmes de vie, pour ceux qui n&rsquo;envisagent plus de passer des heures dans le canap\u00e9 avec un bouquin de 500 pages.<\/p>\n<blockquote><p>\u00ab\u00a0On parle beaucoup des d\u00e9fauts, des dangers du num\u00e9rique mais il faut encourager ce qui pousse \u00e0 la lecture &#8211; j&rsquo;ai toujours pens\u00e9 que c&rsquo;\u00e9taient aux textes d&rsquo;aller vers les lecteurs &#8211; et \u00e0 l&rsquo;\u00e9criture. C&rsquo;est si inqui\u00e9tant de voir la moyenne d&rsquo;\u00e2ge des lecteurs augmenter ainsi. Le num\u00e9rique est le mode de vie de la nouvelle g\u00e9n\u00e9ration, c&rsquo;est ainsi !\u00a0\u00bb David Foenkinos<\/p><\/blockquote>\n<p>Sur <a href=\"http:\/\/short-edition.com\/\" target=\"_blank\">le site de Short \u00e9ditions<\/a>, les fiches de\u00a0chaque\u00a0oeuvre\u00a0contiennent donc le\u00a0contenu avec une pr\u00e9sentation de son auteur, le nombre de vues, le temps de lecture estim\u00e9, les genres et mots-cl\u00e9s (\u00ab\u00a0romance\u00a0\u00bb, \u00ab\u00a0instants de vie\u00a0\u00bb, \u00ab\u00a0humour\u00a0\u00bb, etc). Rien \u00e0 voir avec l&rsquo;auto-\u00e9dition : c&rsquo;est la communaut\u00e9 est r\u00e9v\u00e9lateur de talent. Gr\u00e2ce \u00e0 Short \u00e9ditions, les auteurs peuvent \u00eatre remarqu\u00e9s s&rsquo;ils ont beaucoup de vues et de votes. Ils ont la possibilit\u00e9 d&rsquo;\u00eatre publi\u00e9s en eBook et au format papier, en collectif, puis \u00e9ventuellement en individuel.<\/p>\n<p>Une chouette initiative dont pourront profiter les auteurs en herbe qui ont envie de s&rsquo;amuser un peu, d&rsquo;int\u00e9grer une communaut\u00e9 encourageante et sympathique, et pourquoi pas d&rsquo;\u00eatre reconnu ?<\/p>\n<p>&nbsp;<\/p>\n<div id=\"attachment_8667\" style=\"width: 274px\" class=\"wp-caption aligncenter\"><a href=\"http:\/\/uploads.smallthings.fr\/2013\/10\/Sh\u00e9ma-Short-Edition.jpg\"><img loading=\"lazy\" decoding=\"async\" aria-describedby=\"caption-attachment-8667\" class=\"size-large wp-image-8667\" alt=\"Le sch\u00e9ma du fonctionnement Short Editions\" src=\"http:\/\/uploads.smallthings.fr\/2013\/10\/Sh\u00e9ma-Short-Edition-392x1024.jpg\" width=\"264\" height=\"770\" \/><\/a><p id=\"caption-attachment-8667\" class=\"wp-caption-text\">Le sch\u00e9ma du fonctionnement Short Editions<\/p><\/div>\n","protected":false},"excerpt":{"rendered":"<p>Ce matin a lieu la deuxi\u00e8me \u00e9dition de la Matinale de la litt\u00e9rature courte \u00e0 Paris, organis\u00e9e par Short \u00e9dition. Concours de cr\u00e9ation en live<\/p>\n","protected":false},"author":2,"featured_media":8678,"comment_status":"open","ping_status":"open","sticky":false,"template":"","format":"standard","meta":{"jetpack_post_was_ever_published":false,"_jetpack_newsletter_access":"","_jetpack_newsletter_tier_id":0,"footnotes":"","jetpack_publicize_message":"","jetpack_is_tweetstorm":false,"jetpack_publicize_feature_enabled":true,"jetpack_social_post_already_shared":true,"jetpack_social_options":{"image_generator_settings":{"template":"highway","enabled":false}}},"categories":[1109],"tags":[530,532,533,534],"jetpack_publicize_connections":[],"yoast_head":"<!-- This site is optimized with the Yoast SEO plugin v21.5 - https:\/\/yoast.com\/wordpress\/plugins\/seo\/ -->\n<title>La matinale de la litt\u00e9rature courte - Les Petits Livres<\/title>\n<meta name=\"description\" content=\"Ce matin a lieu la deuxi\u00e8me \u00e9dition de la Matinale de la litt\u00e9rature courte \u00e0 Paris, organis\u00e9e par Short \u00e9dition. Concours de cr\u00e9ation en live\" \/>\n<meta name=\"robots\" content=\"index, follow, max-snippet:-1, max-image-preview:large, max-video-preview:-1\" \/>\n<link rel=\"canonical\" href=\"https:\/\/smallthings.fr\/lespetitslivres\/2013\/10\/15\/matinale-litterature-courte\/\" \/>\n<meta property=\"og:locale\" content=\"fr_FR\" \/>\n<meta property=\"og:type\" content=\"article\" \/>\n<meta property=\"og:title\" content=\"La matinale de la litt\u00e9rature courte - Les Petits Livres\" \/>\n<meta property=\"og:description\" content=\"Ce matin a lieu la deuxi\u00e8me \u00e9dition de la Matinale de la litt\u00e9rature courte \u00e0 Paris, organis\u00e9e par Short \u00e9dition. Concours de cr\u00e9ation en live\" \/>\n<meta property=\"og:url\" content=\"https:\/\/smallthings.fr\/lespetitslivres\/2013\/10\/15\/matinale-litterature-courte\/\" \/>\n<meta property=\"og:site_name\" content=\"Les Petits Livres\" \/>\n<meta property=\"article:published_time\" content=\"2013-10-15T08:30:03+00:00\" \/>\n<meta property=\"article:modified_time\" content=\"2015-10-22T16:24:59+00:00\" \/>\n<meta name=\"author\" content=\"Claire\" \/>\n<meta name=\"twitter:card\" content=\"summary_large_image\" \/>\n<meta name=\"twitter:label1\" content=\"\u00c9crit par\" \/>\n\t<meta name=\"twitter:data1\" content=\"Claire\" \/>\n\t<meta name=\"twitter:label2\" content=\"Dur\u00e9e de lecture estim\u00e9e\" \/>\n\t<meta name=\"twitter:data2\" content=\"3 minutes\" \/>\n<script type=\"application\/ld+json\" class=\"yoast-schema-graph\">{\"@context\":\"https:\/\/schema.org\",\"@graph\":[{\"@type\":\"WebPage\",\"@id\":\"https:\/\/smallthings.fr\/lespetitslivres\/2013\/10\/15\/matinale-litterature-courte\/\",\"url\":\"https:\/\/smallthings.fr\/lespetitslivres\/2013\/10\/15\/matinale-litterature-courte\/\",\"name\":\"La matinale de la litt\u00e9rature courte - Les Petits Livres\",\"isPartOf\":{\"@id\":\"https:\/\/smallthings.fr\/lespetitslivres\/#website\"},\"datePublished\":\"2013-10-15T08:30:03+00:00\",\"dateModified\":\"2015-10-22T16:24:59+00:00\",\"author\":{\"@id\":\"https:\/\/smallthings.fr\/lespetitslivres\/#\/schema\/person\/504d603cacfe064fe039dfa03a8b7918\"},\"description\":\"Ce matin a lieu la deuxi\u00e8me \u00e9dition de la Matinale de la litt\u00e9rature courte \u00e0 Paris, organis\u00e9e par Short \u00e9dition. Concours de cr\u00e9ation en live\",\"breadcrumb\":{\"@id\":\"https:\/\/smallthings.fr\/lespetitslivres\/2013\/10\/15\/matinale-litterature-courte\/#breadcrumb\"},\"inLanguage\":\"fr-FR\",\"potentialAction\":[{\"@type\":\"ReadAction\",\"target\":[\"https:\/\/smallthings.fr\/lespetitslivres\/2013\/10\/15\/matinale-litterature-courte\/\"]}]},{\"@type\":\"BreadcrumbList\",\"@id\":\"https:\/\/smallthings.fr\/lespetitslivres\/2013\/10\/15\/matinale-litterature-courte\/#breadcrumb\",\"itemListElement\":[{\"@type\":\"ListItem\",\"position\":1,\"name\":\"Accueil\",\"item\":\"https:\/\/smallthings.fr\/lespetitslivres\/\"},{\"@type\":\"ListItem\",\"position\":2,\"name\":\"La matinale de la litt\u00e9rature courte\"}]},{\"@type\":\"WebSite\",\"@id\":\"https:\/\/smallthings.fr\/lespetitslivres\/#website\",\"url\":\"https:\/\/smallthings.fr\/lespetitslivres\/\",\"name\":\"Les Petits Livres\",\"description\":\"by Small Things\",\"potentialAction\":[{\"@type\":\"SearchAction\",\"target\":{\"@type\":\"EntryPoint\",\"urlTemplate\":\"https:\/\/smallthings.fr\/lespetitslivres\/?s={search_term_string}\"},\"query-input\":\"required name=search_term_string\"}],\"inLanguage\":\"fr-FR\"},{\"@type\":\"Person\",\"@id\":\"https:\/\/smallthings.fr\/lespetitslivres\/#\/schema\/person\/504d603cacfe064fe039dfa03a8b7918\",\"name\":\"Claire\",\"image\":{\"@type\":\"ImageObject\",\"inLanguage\":\"fr-FR\",\"@id\":\"https:\/\/smallthings.fr\/lespetitslivres\/#\/schema\/person\/image\/\",\"url\":\"https:\/\/secure.gravatar.com\/avatar\/9a85ff83d76b3eb17b8cae208640786e?s=96&d=retro&r=g\",\"contentUrl\":\"https:\/\/secure.gravatar.com\/avatar\/9a85ff83d76b3eb17b8cae208640786e?s=96&d=retro&r=g\",\"caption\":\"Claire\"},\"url\":\"https:\/\/smallthings.fr\/lespetitslivres\/author\/claire\/\"}]}<\/script>\n<!-- \/ Yoast SEO plugin. -->","yoast_head_json":{"title":"La matinale de la litt\u00e9rature courte - Les Petits Livres","description":"Ce matin a lieu la deuxi\u00e8me \u00e9dition de la Matinale de la litt\u00e9rature courte \u00e0 Paris, organis\u00e9e par Short \u00e9dition. Concours de cr\u00e9ation en live","robots":{"index":"index","follow":"follow","max-snippet":"max-snippet:-1","max-image-preview":"max-image-preview:large","max-video-preview":"max-video-preview:-1"},"canonical":"https:\/\/smallthings.fr\/lespetitslivres\/2013\/10\/15\/matinale-litterature-courte\/","og_locale":"fr_FR","og_type":"article","og_title":"La matinale de la litt\u00e9rature courte - Les Petits Livres","og_description":"Ce matin a lieu la deuxi\u00e8me \u00e9dition de la Matinale de la litt\u00e9rature courte \u00e0 Paris, organis\u00e9e par Short \u00e9dition. Concours de cr\u00e9ation en live","og_url":"https:\/\/smallthings.fr\/lespetitslivres\/2013\/10\/15\/matinale-litterature-courte\/","og_site_name":"Les Petits Livres","article_published_time":"2013-10-15T08:30:03+00:00","article_modified_time":"2015-10-22T16:24:59+00:00","author":"Claire","twitter_card":"summary_large_image","twitter_misc":{"\u00c9crit par":"Claire","Dur\u00e9e de lecture estim\u00e9e":"3 minutes"},"schema":{"@context":"https:\/\/schema.org","@graph":[{"@type":"WebPage","@id":"https:\/\/smallthings.fr\/lespetitslivres\/2013\/10\/15\/matinale-litterature-courte\/","url":"https:\/\/smallthings.fr\/lespetitslivres\/2013\/10\/15\/matinale-litterature-courte\/","name":"La matinale de la litt\u00e9rature courte - Les Petits Livres","isPartOf":{"@id":"https:\/\/smallthings.fr\/lespetitslivres\/#website"},"datePublished":"2013-10-15T08:30:03+00:00","dateModified":"2015-10-22T16:24:59+00:00","author":{"@id":"https:\/\/smallthings.fr\/lespetitslivres\/#\/schema\/person\/504d603cacfe064fe039dfa03a8b7918"},"description":"Ce matin a lieu la deuxi\u00e8me \u00e9dition de la Matinale de la litt\u00e9rature courte \u00e0 Paris, organis\u00e9e par Short \u00e9dition. Concours de cr\u00e9ation en live","breadcrumb":{"@id":"https:\/\/smallthings.fr\/lespetitslivres\/2013\/10\/15\/matinale-litterature-courte\/#breadcrumb"},"inLanguage":"fr-FR","potentialAction":[{"@type":"ReadAction","target":["https:\/\/smallthings.fr\/lespetitslivres\/2013\/10\/15\/matinale-litterature-courte\/"]}]},{"@type":"BreadcrumbList","@id":"https:\/\/smallthings.fr\/lespetitslivres\/2013\/10\/15\/matinale-litterature-courte\/#breadcrumb","itemListElement":[{"@type":"ListItem","position":1,"name":"Accueil","item":"https:\/\/smallthings.fr\/lespetitslivres\/"},{"@type":"ListItem","position":2,"name":"La matinale de la litt\u00e9rature courte"}]},{"@type":"WebSite","@id":"https:\/\/smallthings.fr\/lespetitslivres\/#website","url":"https:\/\/smallthings.fr\/lespetitslivres\/","name":"Les Petits Livres","description":"by Small Things","potentialAction":[{"@type":"SearchAction","target":{"@type":"EntryPoint","urlTemplate":"https:\/\/smallthings.fr\/lespetitslivres\/?s={search_term_string}"},"query-input":"required name=search_term_string"}],"inLanguage":"fr-FR"},{"@type":"Person","@id":"https:\/\/smallthings.fr\/lespetitslivres\/#\/schema\/person\/504d603cacfe064fe039dfa03a8b7918","name":"Claire","image":{"@type":"ImageObject","inLanguage":"fr-FR","@id":"https:\/\/smallthings.fr\/lespetitslivres\/#\/schema\/person\/image\/","url":"https:\/\/secure.gravatar.com\/avatar\/9a85ff83d76b3eb17b8cae208640786e?s=96&d=retro&r=g","contentUrl":"https:\/\/secure.gravatar.com\/avatar\/9a85ff83d76b3eb17b8cae208640786e?s=96&d=retro&r=g","caption":"Claire"},"url":"https:\/\/smallthings.fr\/lespetitslivres\/author\/claire\/"}]}},"jetpack_featured_media_url":"","jetpack_sharing_enabled":true,"jetpack_shortlink":"https:\/\/wp.me\/p6Un21-2fM","jetpack-related-posts":[{"id":12380,"url":"https:\/\/smallthings.fr\/lespetitslivres\/2014\/03\/24\/david-foenkinos-rencontre-salon-livre\/","url_meta":{"origin":8666,"position":0},"title":"David Foenkinos rencontre ses lecteurs au Salon du Livre","author":"Claire","date":"24 mars 2014","format":false,"excerpt":"SmallThings \u00e9tait \u00e0 la rencontre de David Foenkinos avec ses lecteurs dimanche au Salon du Livre de Paris. 1h d'\u00e9change, d'anecdotes et d'analyse de son dernier roman La t\u00eate de l'emploi. La gen\u00e8se du roman David Foenkinos, entour\u00e9 de deux \u00e9ditrices des \u00e9ditions J\u2019ai Lu, nous donne quelques pr\u00e9cisions sur\u2026","rel":"","context":"Dans &quot;Actu&quot;","block_context":{"text":"Actu","link":"https:\/\/smallthings.fr\/lespetitslivres\/category\/actu\/"},"img":{"alt_text":"foenkinos-rencontre","src":"https:\/\/i0.wp.com\/smallthings.fr\/wp-content\/uploads\/2014\/03\/foenkinos-rencontre.jpg?resize=350%2C200","width":350,"height":200},"classes":[]},{"id":8865,"url":"https:\/\/smallthings.fr\/lespetitslivres\/2013\/10\/24\/edition-numerique-cecile-la-liseuse\/","url_meta":{"origin":8666,"position":1},"title":"\u00c9dition num\u00e9rique &#8211; Zoom sur les \u00e9ditions C\u00e9cile La Liseuse","author":"Claire","date":"24 octobre 2013","format":false,"excerpt":"Zoom sur les \u00e9ditions C\u00e9cile La Liseuse dans le cadre de notre dossier sur l'\u00e9dition num\u00e9rique.","rel":"","context":"Dans &quot;Num\u00e9rique et audio&quot;","block_context":{"text":"Num\u00e9rique et audio","link":"https:\/\/smallthings.fr\/lespetitslivres\/category\/numerique-audio\/"},"img":{"alt_text":"","src":"https:\/\/i0.wp.com\/uploads.smallthings.fr\/2013\/10\/88415842_o-211x300.jpg?resize=350%2C200","width":350,"height":200},"classes":[]},{"id":17558,"url":"https:\/\/smallthings.fr\/lespetitslivres\/2014\/10\/17\/charlotte-david-foenkinos-renaudot\/","url_meta":{"origin":8666,"position":2},"title":"Charlotte : la claque de David Foenkinos &#8211; Prix Renaudot 2014","author":"Claire","date":"17 octobre 2014","format":false,"excerpt":"Charlotte, pour moi, c'est LE livre de la rentr\u00e9e litt\u00e9raire. Si je n'attendais Foenkinos, ni sur la rentr\u00e9e, ni sur ce cr\u00e9neau, je dois dire que j'ai \u00e9t\u00e9 bluff\u00e9e. Charlotte, c'est aussi son livre \u00e0 lui : \"c'est toute [s]a vie\", confesse-t-il. Tous les \u00e9crivains ont un livre \"fant\u00f4me\", celui\u2026","rel":"","context":"Dans &quot;Roman fran\u00e7ais&quot;","block_context":{"text":"Roman fran\u00e7ais","link":"https:\/\/smallthings.fr\/lespetitslivres\/category\/roman\/roman-francais\/"},"img":{"alt_text":"FRANCE-CULTURE-LITERATURE-FOENKINOS","src":"https:\/\/i0.wp.com\/smallthings.fr\/wp-content\/uploads\/2014\/10\/David-Foenkinos.jpg?resize=350%2C200","width":350,"height":200},"classes":[]},{"id":15071,"url":"https:\/\/smallthings.fr\/lespetitslivres\/2014\/07\/16\/camion-qui-livre-livre-de-poche-tournee\/","url_meta":{"origin":8666,"position":3},"title":"La Camion qui livre du Livre de Poche en tourn\u00e9e","author":"Claire","date":"16 juillet 2014","format":false,"excerpt":"Le Livre de Poche inaugure le concept du Camion qui livre. D\u00e8s demain et pour un mois, il sera en tourn\u00e9e dans toute la France, \u00e0 commencer par Toulon. Livraison de plage en plage de livres pour tous les \u00e2ges, poches et audiolib. En partenariat avec des libraires, le Camion\u2026","rel":"","context":"Dans &quot;Actu&quot;","block_context":{"text":"Actu","link":"https:\/\/smallthings.fr\/lespetitslivres\/category\/actu\/"},"img":{"alt_text":"camion-qui-livre-carte","src":"https:\/\/i0.wp.com\/smallthings.fr\/wp-content\/uploads\/2014\/07\/camion-qui-livre-carte.jpg?resize=350%2C200","width":350,"height":200,"srcset":"https:\/\/i0.wp.com\/smallthings.fr\/wp-content\/uploads\/2014\/07\/camion-qui-livre-carte.jpg?resize=350%2C200 1x, https:\/\/i0.wp.com\/smallthings.fr\/wp-content\/uploads\/2014\/07\/camion-qui-livre-carte.jpg?resize=525%2C300 1.5x"},"classes":[]},{"id":4154,"url":"https:\/\/smallthings.fr\/lespetitslivres\/2013\/03\/21\/amos-oz-entre-amis\/","url_meta":{"origin":8666,"position":4},"title":"Amos Oz : histoires Entre amis","author":"Claire","date":"21 mars 2013","format":false,"excerpt":"Trois ans apr\u00e8s \"Sc\u00e8nes de vie villageoise\", Gallimard publie le nouveau recueil de nouvelles d'Amos Oz : \"Entre amis\". Sept histoires qui nous d\u00e9voilent les p\u00e9r\u00e9grinations des habitants d'un kibboutz. Un texte magnifique, tr\u00e8s sensible, tout en subtilit\u00e9 et en suggestion.","rel":"","context":"Dans &quot;Roman \u00e9tranger&quot;","block_context":{"text":"Roman \u00e9tranger","link":"https:\/\/smallthings.fr\/lespetitslivres\/category\/roman\/roman-etranger\/"},"img":{"alt_text":"Oz","src":"https:\/\/i0.wp.com\/uploads.smallthings.fr\/2013\/03\/Oz1.jpg?resize=350%2C200","width":350,"height":200,"srcset":"https:\/\/i0.wp.com\/uploads.smallthings.fr\/2013\/03\/Oz1.jpg?resize=350%2C200 1x, https:\/\/i0.wp.com\/uploads.smallthings.fr\/2013\/03\/Oz1.jpg?resize=525%2C300 1.5x"},"classes":[]},{"id":30923,"url":"https:\/\/smallthings.fr\/lespetitslivres\/2017\/04\/11\/sainte-caboche-socorro-acioli-belleville-editions\/","url_meta":{"origin":8666,"position":5},"title":"Sainte Caboche : un tr\u00e9sor br\u00e9silien by Belleville Editions","author":"Lola","date":"11 avril 2017","format":false,"excerpt":"Belleville Editions est une toute petite et nouvelle maison d\u2019\u00e9dition. Fond\u00e9e par deux jeunes femmes motiv\u00e9es, Marie et Doroth\u00e9e, elle allie deux tendances tr\u00e8s contemporaines : le voyage et le num\u00e9rique. Les deux \u00e9ditrices prospectent au gr\u00e9 de leurs voyages pour d\u00e9couvrir des livres dont les libraires raffolent mais qui\u2026","rel":"","context":"Dans &quot;Roman \u00e9tranger&quot;","block_context":{"text":"Roman \u00e9tranger","link":"https:\/\/smallthings.fr\/lespetitslivres\/category\/roman\/roman-etranger\/"},"img":{"alt_text":"","src":"https:\/\/i0.wp.com\/smallthings.fr\/lespetitslivres\/wp-content\/uploads\/2017\/04\/sainte-caboche-couv.jpg?resize=350%2C200&ssl=1","width":350,"height":200,"srcset":"https:\/\/i0.wp.com\/smallthings.fr\/lespetitslivres\/wp-content\/uploads\/2017\/04\/sainte-caboche-couv.jpg?resize=350%2C200&ssl=1 1x, https:\/\/i0.wp.com\/smallthings.fr\/lespetitslivres\/wp-content\/uploads\/2017\/04\/sainte-caboche-couv.jpg?resize=525%2C300&ssl=1 1.5x, https:\/\/i0.wp.com\/smallthings.fr\/lespetitslivres\/wp-content\/uploads\/2017\/04\/sainte-caboche-couv.jpg?resize=700%2C400&ssl=1 2x, https:\/\/i0.wp.com\/smallthings.fr\/lespetitslivres\/wp-content\/uploads\/2017\/04\/sainte-caboche-couv.jpg?resize=1050%2C600&ssl=1 3x"},"classes":[]}],"_links":{"self":[{"href":"https:\/\/smallthings.fr\/lespetitslivres\/wp-json\/wp\/v2\/posts\/8666"}],"collection":[{"href":"https:\/\/smallthings.fr\/lespetitslivres\/wp-json\/wp\/v2\/posts"}],"about":[{"href":"https:\/\/smallthings.fr\/lespetitslivres\/wp-json\/wp\/v2\/types\/post"}],"author":[{"embeddable":true,"href":"https:\/\/smallthings.fr\/lespetitslivres\/wp-json\/wp\/v2\/users\/2"}],"replies":[{"embeddable":true,"href":"https:\/\/smallthings.fr\/lespetitslivres\/wp-json\/wp\/v2\/comments?post=8666"}],"version-history":[{"count":1,"href":"https:\/\/smallthings.fr\/lespetitslivres\/wp-json\/wp\/v2\/posts\/8666\/revisions"}],"predecessor-version":[{"id":28924,"href":"https:\/\/smallthings.fr\/lespetitslivres\/wp-json\/wp\/v2\/posts\/8666\/revisions\/28924"}],"wp:featuredmedia":[{"embeddable":true,"href":"https:\/\/smallthings.fr\/lespetitslivres\/wp-json\/"}],"wp:attachment":[{"href":"https:\/\/smallthings.fr\/lespetitslivres\/wp-json\/wp\/v2\/media?parent=8666"}],"wp:term":[{"taxonomy":"category","embeddable":true,"href":"https:\/\/smallthings.fr\/lespetitslivres\/wp-json\/wp\/v2\/categories?post=8666"},{"taxonomy":"post_tag","embeddable":true,"href":"https:\/\/smallthings.fr\/lespetitslivres\/wp-json\/wp\/v2\/tags?post=8666"}],"curies":[{"name":"wp","href":"https:\/\/api.w.org\/{rel}","templated":true}]}}