{"id":8069,"date":"2013-09-17T12:17:53","date_gmt":"2013-09-17T11:17:53","guid":{"rendered":"http:\/\/smallthings.fr\/?post_type=os_livre&#038;p=8069"},"modified":"2015-11-02T13:35:33","modified_gmt":"2015-11-02T12:35:33","slug":"jeremie-gindre-on-a-eu-du-mal","status":"publish","type":"post","link":"https:\/\/smallthings.fr\/lespetitslivres\/2013\/09\/17\/jeremie-gindre-on-a-eu-du-mal\/","title":{"rendered":"J\u00e9r\u00e9mie Gindre &#8211; On a eu du mal"},"content":{"rendered":"<h2>On a eu du mal \u00e0 r\u00e9sister \u00e0 ce recueil de nouvelles de J\u00e9r\u00e9mie\u00a0Gindre,\u00a0tout \u00e0 fait prometteur sur le papier. Les \u00e9ditions de l\u00a0\u00bbOlivier nous l\u00a0\u00bbont gentiment envoy\u00e9, et voici ce que notre chroniqueur Yohann en a pens\u00e9.<\/h2>\n<p><strong>Dans\u00a0<em>On a eu du mal<\/em>,\u00a0recueil de cinq nouvelles, J\u00e9r\u00e9mie\u00a0Gindre\u00a0met en sc\u00e8ne la diff\u00e9rence, le d\u00e9calage du personnage face \u00e0 son environnement et exp\u00e9rimente la folie.<\/strong> Douce, imperceptible, elle r\u00e9side ici\u00a0dans la manie, la lubie, l\u00a0\u00bbauto-conditionnement, comme dans les troubles du comportement.<\/p>\n<p><strong>Cinq situations, cinq personnages, cinq divergences.<\/strong><\/p>\n<p><strong><em>Vari\u00e9t\u00e9 des passions. Et tout casser. L\u00a0\u00bbanorak. Moiti\u00e9 moins. Un \u00e9t\u00e9 sans gu\u00eapes.<\/em><\/strong><\/p>\n<p><strong>Paul<\/strong> part en vacances au camping avec sa famille qu\u00a0\u00bbil ne supporte plus. Adolescent affirmant une personnalit\u00e9 aux antipodes de celle de ses parents, il fait la rencontre de Clifford, issu d\u00a0\u00bbun milieu plus ais\u00e9. L\u00a0\u00bbamiti\u00e9 qu\u00a0\u00bbils construisent va forger sa personnalit\u00e9 et lui apprendre \u00e0 \u00e9prouver \u00e0 sa mani\u00e8re du respect.<\/p>\n<blockquote>\n<p>\u00ab Plus on s\u00a0\u00bbapproche, plus on dirait la Lune. Le sable fin compact\u00e9, \u00e9rod\u00e9 en mottes dures, plisse partout comme de la peau d\u00a0\u00bb\u00e9l\u00e9phant. Chaque pente est lign\u00e9e horizontalement de strates gris\u00a0clair, brun cuir, rose pastel, et creus\u00e9 verticalement de sillons se succ\u00e9dant comme un million de fesses align\u00e9es. Quand son p\u00e8re arr\u00eate la voiture pour sortir prendre une photo de la vall\u00e9e, Paul ose le dire : \u00ab On dirait des culs. \u00bb<\/p>\n<\/blockquote>\n<p><strong>M\u00e9lanie Gillioz<\/strong> n\u00a0\u00bba pas de limites. C\u00e9r\u00e9brale, elle r\u00e9fl\u00e9chit \u00e0 cent \u00e0 l\u00a0\u00bbheure et se laisse emporter par ses intuitions. Elle est comme une enfant qui n\u00a0\u00bba aucune tol\u00e9rance vis-\u00e0-vis de la frustration. C\u00a0\u00bbest une collectionneuse. La derni\u00e8re en date : celle des pommes de pin.<\/p>\n<p><strong>Fran\u00e7ois<\/strong>, bloqu\u00e9 dans son v\u00e9hicule \u00e0 la suite d\u00a0\u00bbune avalanche, nous laisse suivre le fil de ses pens\u00e9es. Il lutte, divague, et se rassure par le biais d\u00a0\u00bbimages virtuelles agr\u00e9ables. Le mental reste sa derni\u00e8re chance.<\/p>\n<p><strong>Claude<\/strong>, suite \u00e0 un accident de voiture, est atteint d\u00a0\u00bbH\u00e9min\u00e9gligence. Il oublie la moiti\u00e9 du monde qui l\u00a0\u00bbentoure, ne voit plus ce qu\u00a0\u00bbil se passe sur sa gauche mais nie la v\u00e9rit\u00e9. Il vit sa vie comme s\u00a0\u00bbil ne s\u00a0\u00bbagissait pas d\u00a0\u00bbun handicap. Faire un jogging en ayant entre autre oubli\u00e9 de lacer l\u00a0\u00bbune de ses chaussures n\u00a0\u00bbest pourtant pas si ais\u00e9 qu\u00a0\u00bbil tente de s\u00a0\u00bben convaincre.<\/p>\n<p><strong>Sven<\/strong>\u00a0passe ses vacances \u00e0\u00a0l\u00a0\u00bbUniversit\u00e9 d\u2019\u00c9t\u00e9 du Centre de Recherche Mn\u00e9sique. Cobaye volontaire\u00a0 d\u00a0\u00bbexercices de m\u00e9moire, il apprend \u00e0 se conna\u00eetre et d\u00e9crypte les signes avant-coureurs de l\u00a0\u00bbamour, cern\u00e9 d\u00a0\u00bboppressants chants d\u00a0\u00bboiseaux.<\/p>\n<p><strong><a href=\"http:\/\/uploads.smallthings.fr\/2013\/09\/9782823601756FS.gif\"><img loading=\"lazy\" decoding=\"async\" class=\"alignleft size-full wp-image-8072\" style=\"width: 221px;height: 317px\" alt=\"on-a-eu-du-mal-couv\" src=\"http:\/\/uploads.smallthings.fr\/2013\/09\/9782823601756FS.gif\" width=\"221\" height=\"333\" \/><\/a>Toutes ces histoires aux allures de portraits contemporains ont comme lien, comme point de d\u00e9part une source scientifique plus ou moins perceptible.<\/strong><\/p>\n<p><strong>Pour cause,\u00a0<em>On a\u00a0eu du mal\u00a0<\/em>est issu du programme suisse Artist-in-Labs, r\u00e9sidence en centres inter-facultaires accordant l\u00a0\u00bbArt et la science dans un projet commun.<\/strong><\/p>\n<p><strong>J\u00e9r\u00e9mie\u00a0Gindre, \u00e9crivain mais \u00e9galement sculpteur, dessinateur et peintre, nous d\u00e9voile ces histoires comme il aurait construit un tableau.<\/strong><\/p>\n<p>L\u00a0\u00bbauteur part d\u00a0\u00bbune id\u00e9e <a href=\"http:\/\/nbso.ca\/\">online casino canada<\/a>  de base, puis se laisse surprendre par la suite, \u00e9non\u00e7ant les faits comme s\u00a0\u00bbil les d\u00e9couvrait avec nous.<\/p>\n<blockquote>\n<p>\u00ab Il a l\u00a0\u00bbair de r\u00e9fl\u00e9chir, mais on ne sait pas \u00e0 quoi \u00bb<\/p>\n<\/blockquote>\n<p>J\u00e9r\u00e9mie\u00a0Gindre\u00a0se sp\u00e9cialise m\u00eame dans un exercice de style assez particulier : l\u00a0\u00bb \u00ab<strong>hyper-r\u00e9alisme<\/strong> \u00bb.<\/p>\n<p>Le lecteur reste dans le constat, assiste \u00e0 toutes ces sc\u00e8nes comme s\u00a0\u00bbil vivait le moment. <strong>Aucun d\u00e9tail n\u00a0\u00bbest oubli\u00e9, en insistant\u00a0sur des traits de personnalit\u00e9 obsessionnels, parfois ridicules, effrayants, mais la plupart du temps tr\u00e8s dr\u00f4les.<\/strong><\/p>\n<blockquote>\n<p>\u00ab Son p\u00e8re est occup\u00e9 \u00e0 classer les aliments en fonction de leur caract\u00e8re p\u00e9rissable et sa m\u00e8re lit son horoscope, assise dans un des fauteuils pliants. Elle porte une visi\u00e8re mauve qui teint curieusement son visage. \u00bb<\/p>\n<\/blockquote>\n<p>Pour renforcer cet effet d\u00a0\u00bbuniversalit\u00e9,\u00a0J\u00e9r\u00e9mie\u00a0Gindre\u00a0choisit d\u00a0\u00bbailleurs pour <em>On a eu du mal<\/em>\u00a0des pr\u00e9noms extr\u00eamement communs (except\u00e9 Sven, \u00e0 moins que le lectorat soit franco-su\u00e9dois).<\/p>\n<p>Par ses mots,\u00a0J\u00e9r\u00e9mie\u00a0Gindre\u00a0nous d\u00e9montre que le trouble d\u00a0\u00bbune personne, peu importe son degr\u00e9 d\u00a0\u00bbamplitude et la situation dans laquelle il se trouve, peut \u00eatre mal identifi\u00e9, \u00e9ph\u00e9m\u00e8re, n\u00a0\u00bbavoir d\u00a0\u00bbimportance que pour son porteur ou \u00eatre salvateur.<\/p>\n<div id=\"attachment_8074\" style=\"width: 291px\" class=\"wp-caption aligncenter\"><a href=\"http:\/\/uploads.smallthings.fr\/2013\/09\/6cni1_480x270_2pnv47.jpg\"><img loading=\"lazy\" decoding=\"async\" aria-describedby=\"caption-attachment-8074\" class=\"size-full wp-image-8074\" alt=\"J\u00e9r\u00e9mie Gindre\" src=\"http:\/\/uploads.smallthings.fr\/2013\/09\/6cni1_480x270_2pnv47.jpg\" width=\"281\" height=\"225\" \/><\/a><p id=\"caption-attachment-8074\" class=\"wp-caption-text\">J\u00e9r\u00e9mie\u00a0Gindre<\/p><\/div>\n<p>Si\u00a0<em>On a eu du mal<\/em>\u00a0d\u00e9marre par deux excellentes nouvelles, rythm\u00e9es et bien construites, les trois derni\u00e8res pourront laisser un peu plus perplexe. Un ordre diff\u00e9rent aurait peut-\u00eatre donn\u00e9 un meilleur \u00e9quilibre \u00e0 l\u00a0\u00bbensemble, qui nous pr\u00e9sente le meilleur d\u00e8s le d\u00e9but et peut lasser sur la fin.<\/p>\n<p><strong>Un livre, malgr\u00e9 ce petit b\u00e9mol, brillamment \u00e9crit, efficace et tr\u00e8s divertissant.<\/strong><\/p>\n<p><a href=\"http:\/\/www.jeremiegindre.ch\/\" target=\"_blank\">Le site de J\u00e9r\u00e9mie\u00a0Gindre<\/a><\/p>\n","protected":false},"excerpt":{"rendered":"<p>On a eu du mal \u00e0 r\u00e9sister \u00e0 ce recueil de nouvelles de J\u00e9r\u00e9mie\u00a0Gindre,\u00a0tout \u00e0 fait prometteur sur le papier. Les \u00e9ditions de l\u00a0\u00bbOlivier nous l\u00a0\u00bbont gentiment envoy\u00e9, et voici ce que notre chroniqueur Yohann en a pens\u00e9. Dans\u00a0On a eu du mal,\u00a0recueil de cinq nouvelles, J\u00e9r\u00e9mie\u00a0Gindre\u00a0met en sc\u00e8ne la diff\u00e9rence, le d\u00e9calage du personnage<\/p>\n","protected":false},"author":9,"featured_media":8071,"comment_status":"open","ping_status":"open","sticky":false,"template":"","format":"standard","meta":{"jetpack_post_was_ever_published":false,"_jetpack_newsletter_access":"","_jetpack_newsletter_tier_id":0,"footnotes":"","jetpack_publicize_message":"","jetpack_is_tweetstorm":false,"jetpack_publicize_feature_enabled":true,"jetpack_social_post_already_shared":true,"jetpack_social_options":{"image_generator_settings":{"template":"highway","enabled":false}}},"categories":[1117],"tags":[37,1092,320,1093,1094,32,33],"jetpack_publicize_connections":[],"yoast_head":"<!-- This site is optimized with the Yoast SEO plugin v21.5 - https:\/\/yoast.com\/wordpress\/plugins\/seo\/ -->\n<title>J\u00e9r\u00e9mie Gindre - On a eu du mal - Les Petits Livres<\/title>\n<meta name=\"robots\" content=\"index, follow, max-snippet:-1, max-image-preview:large, max-video-preview:-1\" \/>\n<link rel=\"canonical\" href=\"https:\/\/smallthings.fr\/lespetitslivres\/2013\/09\/17\/jeremie-gindre-on-a-eu-du-mal\/\" \/>\n<meta property=\"og:locale\" content=\"fr_FR\" \/>\n<meta property=\"og:type\" content=\"article\" \/>\n<meta property=\"og:title\" content=\"J\u00e9r\u00e9mie Gindre - On a eu du mal - Les Petits Livres\" \/>\n<meta property=\"og:description\" content=\"On a eu du mal \u00e0 r\u00e9sister \u00e0 ce recueil de nouvelles de J\u00e9r\u00e9mie\u00a0Gindre,\u00a0tout \u00e0 fait prometteur sur le papier. Les \u00e9ditions de l\u00a0\u00bbOlivier nous l\u00a0\u00bbont gentiment envoy\u00e9, et voici ce que notre chroniqueur Yohann en a pens\u00e9. Dans\u00a0On a eu du mal,\u00a0recueil de cinq nouvelles, J\u00e9r\u00e9mie\u00a0Gindre\u00a0met en sc\u00e8ne la diff\u00e9rence, le d\u00e9calage du personnage\" \/>\n<meta property=\"og:url\" content=\"https:\/\/smallthings.fr\/lespetitslivres\/2013\/09\/17\/jeremie-gindre-on-a-eu-du-mal\/\" \/>\n<meta property=\"og:site_name\" content=\"Les Petits Livres\" \/>\n<meta property=\"article:published_time\" content=\"2013-09-17T11:17:53+00:00\" \/>\n<meta property=\"article:modified_time\" content=\"2015-11-02T12:35:33+00:00\" \/>\n<meta name=\"author\" content=\"Yohann\" \/>\n<meta name=\"twitter:card\" content=\"summary_large_image\" \/>\n<meta name=\"twitter:label1\" content=\"\u00c9crit par\" \/>\n\t<meta name=\"twitter:data1\" content=\"Yohann\" \/>\n\t<meta name=\"twitter:label2\" content=\"Dur\u00e9e de lecture estim\u00e9e\" \/>\n\t<meta name=\"twitter:data2\" content=\"4 minutes\" \/>\n<script type=\"application\/ld+json\" class=\"yoast-schema-graph\">{\"@context\":\"https:\/\/schema.org\",\"@graph\":[{\"@type\":\"WebPage\",\"@id\":\"https:\/\/smallthings.fr\/lespetitslivres\/2013\/09\/17\/jeremie-gindre-on-a-eu-du-mal\/\",\"url\":\"https:\/\/smallthings.fr\/lespetitslivres\/2013\/09\/17\/jeremie-gindre-on-a-eu-du-mal\/\",\"name\":\"J\u00e9r\u00e9mie Gindre - On a eu du mal - Les Petits Livres\",\"isPartOf\":{\"@id\":\"https:\/\/smallthings.fr\/lespetitslivres\/#website\"},\"datePublished\":\"2013-09-17T11:17:53+00:00\",\"dateModified\":\"2015-11-02T12:35:33+00:00\",\"author\":{\"@id\":\"https:\/\/smallthings.fr\/lespetitslivres\/#\/schema\/person\/a1db371868b123992c1dc350ce9ad885\"},\"breadcrumb\":{\"@id\":\"https:\/\/smallthings.fr\/lespetitslivres\/2013\/09\/17\/jeremie-gindre-on-a-eu-du-mal\/#breadcrumb\"},\"inLanguage\":\"fr-FR\",\"potentialAction\":[{\"@type\":\"ReadAction\",\"target\":[\"https:\/\/smallthings.fr\/lespetitslivres\/2013\/09\/17\/jeremie-gindre-on-a-eu-du-mal\/\"]}]},{\"@type\":\"BreadcrumbList\",\"@id\":\"https:\/\/smallthings.fr\/lespetitslivres\/2013\/09\/17\/jeremie-gindre-on-a-eu-du-mal\/#breadcrumb\",\"itemListElement\":[{\"@type\":\"ListItem\",\"position\":1,\"name\":\"Accueil\",\"item\":\"https:\/\/smallthings.fr\/lespetitslivres\/\"},{\"@type\":\"ListItem\",\"position\":2,\"name\":\"J\u00e9r\u00e9mie Gindre &#8211; On a eu du mal\"}]},{\"@type\":\"WebSite\",\"@id\":\"https:\/\/smallthings.fr\/lespetitslivres\/#website\",\"url\":\"https:\/\/smallthings.fr\/lespetitslivres\/\",\"name\":\"Les Petits Livres\",\"description\":\"by Small Things\",\"potentialAction\":[{\"@type\":\"SearchAction\",\"target\":{\"@type\":\"EntryPoint\",\"urlTemplate\":\"https:\/\/smallthings.fr\/lespetitslivres\/?s={search_term_string}\"},\"query-input\":\"required name=search_term_string\"}],\"inLanguage\":\"fr-FR\"},{\"@type\":\"Person\",\"@id\":\"https:\/\/smallthings.fr\/lespetitslivres\/#\/schema\/person\/a1db371868b123992c1dc350ce9ad885\",\"name\":\"Yohann\",\"image\":{\"@type\":\"ImageObject\",\"inLanguage\":\"fr-FR\",\"@id\":\"https:\/\/smallthings.fr\/lespetitslivres\/#\/schema\/person\/image\/\",\"url\":\"https:\/\/secure.gravatar.com\/avatar\/6b7b050de2d916cf2378c000857c5e68?s=96&d=retro&r=g\",\"contentUrl\":\"https:\/\/secure.gravatar.com\/avatar\/6b7b050de2d916cf2378c000857c5e68?s=96&d=retro&r=g\",\"caption\":\"Yohann\"},\"url\":\"https:\/\/smallthings.fr\/lespetitslivres\/author\/yohann\/\"}]}<\/script>\n<!-- \/ Yoast SEO plugin. -->","yoast_head_json":{"title":"J\u00e9r\u00e9mie Gindre - On a eu du mal - Les Petits Livres","robots":{"index":"index","follow":"follow","max-snippet":"max-snippet:-1","max-image-preview":"max-image-preview:large","max-video-preview":"max-video-preview:-1"},"canonical":"https:\/\/smallthings.fr\/lespetitslivres\/2013\/09\/17\/jeremie-gindre-on-a-eu-du-mal\/","og_locale":"fr_FR","og_type":"article","og_title":"J\u00e9r\u00e9mie Gindre - On a eu du mal - Les Petits Livres","og_description":"On a eu du mal \u00e0 r\u00e9sister \u00e0 ce recueil de nouvelles de J\u00e9r\u00e9mie\u00a0Gindre,\u00a0tout \u00e0 fait prometteur sur le papier. Les \u00e9ditions de l\u00a0\u00bbOlivier nous l\u00a0\u00bbont gentiment envoy\u00e9, et voici ce que notre chroniqueur Yohann en a pens\u00e9. Dans\u00a0On a eu du mal,\u00a0recueil de cinq nouvelles, J\u00e9r\u00e9mie\u00a0Gindre\u00a0met en sc\u00e8ne la diff\u00e9rence, le d\u00e9calage du personnage","og_url":"https:\/\/smallthings.fr\/lespetitslivres\/2013\/09\/17\/jeremie-gindre-on-a-eu-du-mal\/","og_site_name":"Les Petits Livres","article_published_time":"2013-09-17T11:17:53+00:00","article_modified_time":"2015-11-02T12:35:33+00:00","author":"Yohann","twitter_card":"summary_large_image","twitter_misc":{"\u00c9crit par":"Yohann","Dur\u00e9e de lecture estim\u00e9e":"4 minutes"},"schema":{"@context":"https:\/\/schema.org","@graph":[{"@type":"WebPage","@id":"https:\/\/smallthings.fr\/lespetitslivres\/2013\/09\/17\/jeremie-gindre-on-a-eu-du-mal\/","url":"https:\/\/smallthings.fr\/lespetitslivres\/2013\/09\/17\/jeremie-gindre-on-a-eu-du-mal\/","name":"J\u00e9r\u00e9mie Gindre - On a eu du mal - Les Petits Livres","isPartOf":{"@id":"https:\/\/smallthings.fr\/lespetitslivres\/#website"},"datePublished":"2013-09-17T11:17:53+00:00","dateModified":"2015-11-02T12:35:33+00:00","author":{"@id":"https:\/\/smallthings.fr\/lespetitslivres\/#\/schema\/person\/a1db371868b123992c1dc350ce9ad885"},"breadcrumb":{"@id":"https:\/\/smallthings.fr\/lespetitslivres\/2013\/09\/17\/jeremie-gindre-on-a-eu-du-mal\/#breadcrumb"},"inLanguage":"fr-FR","potentialAction":[{"@type":"ReadAction","target":["https:\/\/smallthings.fr\/lespetitslivres\/2013\/09\/17\/jeremie-gindre-on-a-eu-du-mal\/"]}]},{"@type":"BreadcrumbList","@id":"https:\/\/smallthings.fr\/lespetitslivres\/2013\/09\/17\/jeremie-gindre-on-a-eu-du-mal\/#breadcrumb","itemListElement":[{"@type":"ListItem","position":1,"name":"Accueil","item":"https:\/\/smallthings.fr\/lespetitslivres\/"},{"@type":"ListItem","position":2,"name":"J\u00e9r\u00e9mie Gindre &#8211; On a eu du mal"}]},{"@type":"WebSite","@id":"https:\/\/smallthings.fr\/lespetitslivres\/#website","url":"https:\/\/smallthings.fr\/lespetitslivres\/","name":"Les Petits Livres","description":"by Small Things","potentialAction":[{"@type":"SearchAction","target":{"@type":"EntryPoint","urlTemplate":"https:\/\/smallthings.fr\/lespetitslivres\/?s={search_term_string}"},"query-input":"required name=search_term_string"}],"inLanguage":"fr-FR"},{"@type":"Person","@id":"https:\/\/smallthings.fr\/lespetitslivres\/#\/schema\/person\/a1db371868b123992c1dc350ce9ad885","name":"Yohann","image":{"@type":"ImageObject","inLanguage":"fr-FR","@id":"https:\/\/smallthings.fr\/lespetitslivres\/#\/schema\/person\/image\/","url":"https:\/\/secure.gravatar.com\/avatar\/6b7b050de2d916cf2378c000857c5e68?s=96&d=retro&r=g","contentUrl":"https:\/\/secure.gravatar.com\/avatar\/6b7b050de2d916cf2378c000857c5e68?s=96&d=retro&r=g","caption":"Yohann"},"url":"https:\/\/smallthings.fr\/lespetitslivres\/author\/yohann\/"}]}},"jetpack_featured_media_url":"","jetpack_sharing_enabled":true,"jetpack_shortlink":"https:\/\/wp.me\/p6Un21-269","jetpack-related-posts":[{"id":29335,"url":"https:\/\/smallthings.fr\/lespetitslivres\/2016\/01\/06\/un-peu-plus-bas-vers-la-terre-cerqueux\/","url_meta":{"origin":8069,"position":0},"title":"Un peu plus bas vers la Terre, de Renaud Cerqueux : philosopher sans choper la migraine","author":"Audrey Ch\u00e8vrefeuille","date":"6 janvier 2016","format":false,"excerpt":"Un peu plus bas vers la Terre est le premier recueil de nouvelles de Renaud Cerqueux. Il sort aujourd'hui aux \u00e9ditions du Dilettante. C\u2019est vivant, \u00e7a divertit et \u00e7a fait r\u00e9fl\u00e9chir\u00a0: et si on plaquait tout pour vivre nos r\u00eaves\u00a0? Encore faut-il savoir de quoi on r\u00eave vraiment\u2026 En ce\u2026","rel":"","context":"Dans &quot;Actu&quot;","block_context":{"text":"Actu","link":"https:\/\/smallthings.fr\/lespetitslivres\/category\/actu\/"},"img":{"alt_text":"","src":"https:\/\/i0.wp.com\/smallthings.fr\/lespetitslivres\/wp-content\/uploads\/2016\/01\/un-peu-plus-bas-vers-la-terre-couv.jpg?resize=350%2C200&ssl=1","width":350,"height":200},"classes":[]},{"id":18265,"url":"https:\/\/smallthings.fr\/lespetitslivres\/2014\/11\/05\/quartier-chinois-oh-jung-hi-nouvelles\/","url_meta":{"origin":8069,"position":1},"title":"Le quartier chinois, nouvelles d&rsquo;Oh Jung-hi","author":"Cecile","date":"5 novembre 2014","format":false,"excerpt":"Pour sa rentr\u00e9e litt\u00e9raire, Serge Safran traduit Le quartier chinois de la cor\u00e9enne Oh Jung-hi, dont l\u2019\u0153uvre compos\u00e9e de romans et de nouvelles se teintent de son exp\u00e9rience et de sa vision de diff\u00e9rentes \u00e9tapes d\u00e9cisives de l'Histoire de son pays. Dans Le quartier chinois, elle nous parle de ces\u2026","rel":"","context":"Dans &quot;Roman \u00e9tranger&quot;","block_context":{"text":"Roman \u00e9tranger","link":"https:\/\/smallthings.fr\/lespetitslivres\/category\/roman\/roman-etranger\/"},"img":{"alt_text":"","src":"https:\/\/i0.wp.com\/smallthings.fr\/wp-content\/uploads\/2014\/11\/quartier-chinois.jpg?resize=350%2C200","width":350,"height":200},"classes":[]},{"id":26290,"url":"https:\/\/smallthings.fr\/lespetitslivres\/2015\/08\/19\/petits-plats-de-resistance-pujol-critique\/","url_meta":{"origin":8069,"position":2},"title":"Petits plats de r\u00e9sistance : le premier roman de Pascale Pujol","author":"Audrey Ch\u00e8vrefeuille","date":"19 ao\u00fbt 2015","format":false,"excerpt":"Avec Petits plats de r\u00e9sistance, de Pascale Pujol signe l'une des publications les plus originales de cette rentr\u00e9e litt\u00e9raire aux \u00e9ditions du Dilettante. Un premier roman pour cette auteure, qui s\u2019\u00e9tait auparavant essay\u00e9e au recueil de nouvelles en 2014 avec Fragments d\u2019un texto amoureux, publi\u00e9 aux \u00e9ditions Quadrature, un \u00e9diteur\u2026","rel":"","context":"Dans &quot;Rentr\u00e9e Litt\u00e9raire&quot;","block_context":{"text":"Rentr\u00e9e Litt\u00e9raire","link":"https:\/\/smallthings.fr\/lespetitslivres\/category\/rentree-litteraire-2015\/"},"img":{"alt_text":"","src":"https:\/\/i0.wp.com\/smallthings.fr\/wp-content\/uploads\/2015\/08\/petits-plats-de-resistance.jpg?resize=350%2C200","width":350,"height":200},"classes":[]},{"id":30207,"url":"https:\/\/smallthings.fr\/lespetitslivres\/2016\/08\/24\/metamorphose-d-un-crabe-univers-carceral\/","url_meta":{"origin":8069,"position":3},"title":"M\u00e9tamorphose d&rsquo;un crabe, au c\u0153ur de l&rsquo;univers carc\u00e9ral","author":"Audrey Ch\u00e8vrefeuille","date":"24 ao\u00fbt 2016","format":false,"excerpt":"Apr\u00e8s un recueil de nouvelles en 2003, Sylvie Dazy propose M\u00e9tamorphose d\u2019un crabe, un roman audacieux. Publi\u00e9 au Dilettante pour cette rentr\u00e9e litt\u00e9raire, il nous plonge dans le difficile univers carc\u00e9ral. \u00c9crire un grand livre sur la prison\u00a0: voil\u00e0 un projet surprenant et ambitieux dans lequel s\u2019est lanc\u00e9e Sylvie Dazy.\u2026","rel":"","context":"Dans &quot;Rentr\u00e9e litt\u00e9raire&quot;","block_context":{"text":"Rentr\u00e9e litt\u00e9raire","link":"https:\/\/smallthings.fr\/lespetitslivres\/category\/rentree-litteraire\/"},"img":{"alt_text":"","src":"https:\/\/i0.wp.com\/smallthings.fr\/lespetitslivres\/wp-content\/uploads\/2016\/08\/sylvie-dazy-metamorphose.jpg?resize=350%2C200&ssl=1","width":350,"height":200,"srcset":"https:\/\/i0.wp.com\/smallthings.fr\/lespetitslivres\/wp-content\/uploads\/2016\/08\/sylvie-dazy-metamorphose.jpg?resize=350%2C200&ssl=1 1x, https:\/\/i0.wp.com\/smallthings.fr\/lespetitslivres\/wp-content\/uploads\/2016\/08\/sylvie-dazy-metamorphose.jpg?resize=525%2C300&ssl=1 1.5x, https:\/\/i0.wp.com\/smallthings.fr\/lespetitslivres\/wp-content\/uploads\/2016\/08\/sylvie-dazy-metamorphose.jpg?resize=700%2C400&ssl=1 2x, https:\/\/i0.wp.com\/smallthings.fr\/lespetitslivres\/wp-content\/uploads\/2016\/08\/sylvie-dazy-metamorphose.jpg?resize=1050%2C600&ssl=1 3x"},"classes":[]},{"id":10212,"url":"https:\/\/smallthings.fr\/lespetitslivres\/2013\/12\/24\/le-new-york-des-ecrivains-nouvelles\/","url_meta":{"origin":8069,"position":4},"title":"Le New York des \u00e9crivains : des nouvelles pour No\u00ebl","author":"Claire","date":"24 d\u00e9cembre 2013","format":false,"excerpt":"Si pour vous la magie de New York s\u2019apparente \u00e0 celle de No\u00ebl, alors vous \u00eates tomb\u00e9s sur le bon article. Les \u00e9ditions Stock ont sorti cet automne ce recueil de nouvelles original sur le th\u00e8me de New York.","rel":"","context":"Dans &quot;Roman fran\u00e7ais&quot;","block_context":{"text":"Roman fran\u00e7ais","link":"https:\/\/smallthings.fr\/lespetitslivres\/category\/roman\/roman-francais\/"},"img":{"alt_text":"new-york-ecrivains-couv","src":"https:\/\/i0.wp.com\/uploads.smallthings.fr\/2013\/12\/new-york-ecrivains-couv.jpg?resize=350%2C200","width":350,"height":200},"classes":[]},{"id":30902,"url":"https:\/\/smallthings.fr\/lespetitslivres\/2017\/03\/30\/je-serai-ta-cage-foret-lanesem\/","url_meta":{"origin":8069,"position":5},"title":"Je serai ta cage et ta for\u00eat : quand on se laisse ensorceler&#8230;","author":"Lola","date":"30 mars 2017","format":false,"excerpt":"Nous vous proposons aujourd'hui la critique de Je serai ta cage et ta for\u00eat, roman auto-\u00e9dit\u00e9 de Jos\u00e9phine Lanesem. V\u00e9ritable ph\u00e9nom\u00e8ne de soci\u00e9t\u00e9, l'auto\u00e9dition permet \u00e0 de nombreux auteurs de se lancer sur le march\u00e9 du livre sans passer par la moulinette des grandes maisons, qui croulent sous les manuscrits.\u2026","rel":"","context":"Dans &quot;Roman fran\u00e7ais&quot;","block_context":{"text":"Roman fran\u00e7ais","link":"https:\/\/smallthings.fr\/lespetitslivres\/category\/roman\/roman-francais\/"},"img":{"alt_text":"","src":"https:\/\/i0.wp.com\/smallthings.fr\/lespetitslivres\/wp-content\/uploads\/2017\/03\/je-serai-ta-cage-foret-couv.jpeg?resize=350%2C200&ssl=1","width":350,"height":200,"srcset":"https:\/\/i0.wp.com\/smallthings.fr\/lespetitslivres\/wp-content\/uploads\/2017\/03\/je-serai-ta-cage-foret-couv.jpeg?resize=350%2C200&ssl=1 1x, https:\/\/i0.wp.com\/smallthings.fr\/lespetitslivres\/wp-content\/uploads\/2017\/03\/je-serai-ta-cage-foret-couv.jpeg?resize=525%2C300&ssl=1 1.5x, https:\/\/i0.wp.com\/smallthings.fr\/lespetitslivres\/wp-content\/uploads\/2017\/03\/je-serai-ta-cage-foret-couv.jpeg?resize=700%2C400&ssl=1 2x"},"classes":[]}],"_links":{"self":[{"href":"https:\/\/smallthings.fr\/lespetitslivres\/wp-json\/wp\/v2\/posts\/8069"}],"collection":[{"href":"https:\/\/smallthings.fr\/lespetitslivres\/wp-json\/wp\/v2\/posts"}],"about":[{"href":"https:\/\/smallthings.fr\/lespetitslivres\/wp-json\/wp\/v2\/types\/post"}],"author":[{"embeddable":true,"href":"https:\/\/smallthings.fr\/lespetitslivres\/wp-json\/wp\/v2\/users\/9"}],"replies":[{"embeddable":true,"href":"https:\/\/smallthings.fr\/lespetitslivres\/wp-json\/wp\/v2\/comments?post=8069"}],"version-history":[{"count":1,"href":"https:\/\/smallthings.fr\/lespetitslivres\/wp-json\/wp\/v2\/posts\/8069\/revisions"}],"predecessor-version":[{"id":28928,"href":"https:\/\/smallthings.fr\/lespetitslivres\/wp-json\/wp\/v2\/posts\/8069\/revisions\/28928"}],"wp:featuredmedia":[{"embeddable":true,"href":"https:\/\/smallthings.fr\/lespetitslivres\/wp-json\/"}],"wp:attachment":[{"href":"https:\/\/smallthings.fr\/lespetitslivres\/wp-json\/wp\/v2\/media?parent=8069"}],"wp:term":[{"taxonomy":"category","embeddable":true,"href":"https:\/\/smallthings.fr\/lespetitslivres\/wp-json\/wp\/v2\/categories?post=8069"},{"taxonomy":"post_tag","embeddable":true,"href":"https:\/\/smallthings.fr\/lespetitslivres\/wp-json\/wp\/v2\/tags?post=8069"}],"curies":[{"name":"wp","href":"https:\/\/api.w.org\/{rel}","templated":true}]}}