{"id":8060,"date":"2013-10-02T10:30:09","date_gmt":"2013-10-02T09:30:09","guid":{"rendered":"http:\/\/smallthings.fr\/?post_type=os_livre&#038;p=8060"},"modified":"2015-11-02T13:35:06","modified_gmt":"2015-11-02T12:35:06","slug":"billie-anna-gavalda","status":"publish","type":"post","link":"https:\/\/smallthings.fr\/lespetitslivres\/2013\/10\/02\/billie-anna-gavalda\/","title":{"rendered":"Billie &#8211; Anna Gavalda"},"content":{"rendered":"<h2>C&rsquo;est avec <em>Billie<\/em>\u00a0qu&rsquo;Anna\u00a0Gavalda\u00a0fait aujourd&rsquo;hui son grand retour. Cela faisait quelques ann\u00e9es qu&rsquo;elle n&rsquo;avait pas publi\u00e9, et on sent qu&rsquo;elle a envie\u00a0de surprendre, cette fois-ci. Un roman court mais ultra dense, des personnages forts, en marge. Une h\u00e9ro\u00efne psychologiquement ab\u00eem\u00e9e par la vie, qui n&rsquo;a pas peur de dire sa col\u00e8re envers la vie, et son amour pour Franck, son meilleur ami homosexuel.<\/h2>\n<div id=\"attachment_8265\" style=\"width: 262px\" class=\"wp-caption alignleft\"><a href=\"http:\/\/uploads.smallthings.fr\/2013\/09\/9782842637903.jpg\"><img loading=\"lazy\" decoding=\"async\" aria-describedby=\"caption-attachment-8265\" class=\"size-full wp-image-8265\" alt=\"Billie - Il est trop chou cela dit\" src=\"http:\/\/uploads.smallthings.fr\/2013\/09\/9782842637903.jpg\" width=\"252\" height=\"378\" \/><\/a><p id=\"caption-attachment-8265\" class=\"wp-caption-text\">Billie &#8211; Il est trop chou cela dit<\/p><\/div>\n<p><strong>Franck\u00a0et Billie sont deux amis \u00e9corch\u00e9s par la vie<\/strong>. Au d\u00e9but du roman, Anna\u00a0Gavalda\u00a0nous propose\u00a0de\u00a0faire leur connaissance dans une situation pr\u00e9occupante.\u00a0Ils se trouvent\u00a0apparemment bloqu\u00e9s\u00a0dans une sorte de fosse, en pleine campagne, dans laquelle\u00a0ils sont tomb\u00e9s. Franck\u00a0semble bless\u00e9. Billie\u00a0ne sait pas quoi faire ? Aller chercher les secours ? Mais comment, est-ce qu&rsquo;elle est capable de remonter ? Et capable de laisser Franck seul, surtout ? Alors que la nuit tombe et que les \u00e9toiles se montrent dans le ciel, <strong>Billie se laisse aller \u00e0 nous raconter son histoire, leur histoire. Leur amiti\u00e9, leur rencontre, leurs blessures, leurs combats&#8230;<\/strong>\u00a0et tout ce qui les a men\u00e9s \u00e0 ce moment. Leurs histoires familiales compliqu\u00e9es, leurs errances amoureuses respectives, leur s\u00e9paration, leurs retrouvailles. Billie\u00a0a peur, Franck ne r\u00e9agit plus : <strong>pour se consoler, elle se raconte cette histoire et nous la fait partager.<\/strong><\/p>\n<p>C&rsquo;est Billie, la narratrice. Impossible d&rsquo;oublier \u00e7a. Le ton est tr\u00e8s particulier. <strong>Anna\u00a0Gavalda choisit un langage oral, des expressions tr\u00e8s imag\u00e9es.<\/strong>\u00a0C&rsquo;est le caract\u00e8re de Billie\u00a0qui transpara\u00eet dans le style m\u00eame du texte. Cela donne beaucoup de force au roman. On dirait qu&rsquo;elle existe vraiment. C&rsquo;est comme si l&rsquo;on passait quelques heures avec elle tandis qu&rsquo;elle nous raconte son histoire. Ce ton sp\u00e9cial peut lasser au bout d&rsquo;un moment, mais le livre est suffisamment court pour emp\u00eacher l&rsquo;overdose. Overdose d&rsquo;une Billie\u00a0omnipr\u00e9sente, d&rsquo;une Billie qui ne s&rsquo;arr\u00eate pas de parler, de raconter sa vie, de dire ce qu&rsquo;elle pense de toute chose.<\/p>\n<p><strong>En v\u00e9ritable cam\u00e9l\u00e9on, Anna\u00a0Gavalda s&rsquo;efface derri\u00e8re son personnage.<\/strong> Elle nous avait d\u00e9j\u00e0 montr\u00e9 cette capacit\u00e9, qui m&rsquo;avait particuli\u00e8rement frapp\u00e9e dans <em>Je l&rsquo;aimais<\/em>.<\/p>\n<blockquote><p>\u00ab\u00a0On s&rsquo;est avou\u00e9 depuis qu&rsquo;on s&rsquo;\u00e9tait rep\u00e9r\u00e9s d\u00e8s le matin du jour de la rentr\u00e9e en sixi\u00e8me. Oui, qu&rsquo;on s&rsquo;\u00e9tait reconnus au premier coup d&rsquo;oeil, mais qu&rsquo;inconsciemment, on s&rsquo;\u00e9tait \u00e9vit\u00e9s pendant toutes ces ann\u00e9es parce qu&rsquo;on sentait que l&rsquo;autre se trimbalait du lourd aussi et qu&rsquo;on ne pouvait prendre le risque de souffrir un milligramme de plus.\u00a0\u00bb<\/p><\/blockquote>\n<p><em>Billie<\/em> parle en toute pudeur de ce qu&rsquo;il se passe parfois dans la t\u00eate des adolescents. <strong>Mais elle nous parle aussi de LA rencontre, qu&rsquo;elle soit amoureuse ou amicale, ou les deux. <em>Billie<\/em> ne fait pas de cat\u00e9gorisation, et c&rsquo;est aussi \u00e7a qui m&rsquo;a plu.<\/strong>\u00a0Elle aime les gar\u00e7ons, Franck aime aussi les gar\u00e7ons, mais tous les deux s&rsquo;aiment incontestablement. C&rsquo;est l&rsquo;histoire d&rsquo;un couple pas comme les autres, qui n&rsquo;en est pas moins sinc\u00e8re, et qui se renforce dans l&rsquo;\u00e9preuve et la souffrance. <strong>Un constat dont on ne sait pas s&rsquo;il doit nous faire sourire ou pleurer. Surtout que certaines sc\u00e8nes ne sont pas \u00e9videntes \u00e0 lire. Douleur et col\u00e8re, dissimul\u00e9s sous ce ton ludique et joyeux.<\/strong><\/p>\n<p><strong>Anna\u00a0Gavalda\u00a0signe avec Billie un roman auquel franchement on ne s&rsquo;attend pas.<\/strong>\u00a0Parce que&#8230; d&rsquo;abord, qu&rsquo;est-ce que c&rsquo;est que ce petit \u00e2ne ? Il a beau \u00eatre\u00a0trop mignon, on se demande un peu ce qu&rsquo;il fait l\u00e0&#8230; Mais vous le saurez&#8230; \u00e0 un moment dans le roman. Cela dit, le d\u00e9but du premier chapitre marque de suite le contraste important entre le choix de la couverture et le texte. <strong>J&rsquo;ai aim\u00e9 \u00eatre surprise, ne pas savoir \u00e0 quoi m&rsquo;attendre.<\/strong> Et j&rsquo;ai de suite donn\u00e9 un bon point au livre, rien que pour \u00e7a. Au-del\u00e0 de la surprise du d\u00e9but, la suite du texte confirme l&rsquo;int\u00e9r\u00eat qu&rsquo;il faut y porter.<\/p>\n<p>Apr\u00e8s, on pourra \u00e9videmment y voir <strong>quelques clich\u00e9s. Franck\u00a0et Billie ont des caract\u00e8res qui correspondent\u00a0trop au pass\u00e9 qu&rsquo;on leur d\u00e9couvre. <\/strong>J&rsquo;ai \u00e9t\u00e9 assez d\u00e9concert\u00e9e par les \u00e9v\u00e9nements racont\u00e9s \u00e0 la fin du livre. On se demande si c&rsquo;est exag\u00e9r\u00e9 expr\u00e8s, ou si l&rsquo;auteure entame une sorte de m\u00e9taphore fil\u00e9e de la col\u00e8re. Je ne vous en dis pas plus&#8230;<\/p>\n<p>Le nom des personnages est emprunt\u00e9 au roman de Laurie\u00a0Colwin, <i>Another\u00a0Marvellous\u00a0thing<\/i>, en fran\u00e7ais Franck\u00a0et Billy.<\/p>\n<p>Une petite <a href=\"http:\/\/www.ledilettante.com\/auteur-134.htm\" target=\"_blank\">biblio\u00a0de l&rsquo;auteure<\/a>\u00a0pour ceux qui connaissent mal et auraient envie d&rsquo;en lire davantage.<\/p>\n<div id=\"attachment_8264\" style=\"width: 460px\" class=\"wp-caption aligncenter\"><a href=\"http:\/\/uploads.smallthings.fr\/2013\/09\/anna-gavalda-bureau-12a44.jpg\"><img loading=\"lazy\" decoding=\"async\" aria-describedby=\"caption-attachment-8264\" class=\"size-full wp-image-8264\" alt=\"Anna Gavalda \/ \u00a9 Alexandre Isar - Le Dilettante\" src=\"http:\/\/uploads.smallthings.fr\/2013\/09\/anna-gavalda-bureau-12a44.jpg\" width=\"450\" height=\"299\" \/><\/a><p id=\"caption-attachment-8264\" class=\"wp-caption-text\">Anna\u00a0Gavalda\u00a0\/ \u00a9 Alexandre Isar &#8211; Le Dilettante<\/p><\/div>\n<p>&nbsp;<\/p>\n","protected":false},"excerpt":{"rendered":"<p>C&rsquo;est avec Billie qu&rsquo;Anna Gavalda fait aujourd&rsquo;hui son grand retour. Un roman court mais ultra dense, des personnages forts, en marge.<\/p>\n","protected":false},"author":2,"featured_media":8263,"comment_status":"open","ping_status":"open","sticky":false,"template":"","format":"standard","meta":{"jetpack_post_was_ever_published":false,"_jetpack_newsletter_access":"","_jetpack_newsletter_tier_id":0,"footnotes":"","jetpack_publicize_message":"","jetpack_is_tweetstorm":false,"jetpack_publicize_feature_enabled":true,"jetpack_social_post_already_shared":true,"jetpack_social_options":{"image_generator_settings":{"template":"highway","enabled":false}}},"categories":[1117],"tags":[494,495,496,33],"jetpack_publicize_connections":[],"yoast_head":"<!-- This site is optimized with the Yoast SEO plugin v21.5 - https:\/\/yoast.com\/wordpress\/plugins\/seo\/ -->\n<title>Billie - Anna Gavalda - Les Petits Livres<\/title>\n<meta name=\"description\" content=\"C&#039;est avec Billie qu&#039;Anna Gavalda fait aujourd&#039;hui son grand retour. Un roman court mais ultra dense, des personnages forts, en marge.\" \/>\n<meta name=\"robots\" content=\"index, follow, max-snippet:-1, max-image-preview:large, max-video-preview:-1\" \/>\n<link rel=\"canonical\" href=\"http:\/\/smallthings.fr\/lespetitslivres\/2013\/10\/02\/billie-anna-gavalda\/\" \/>\n<meta property=\"og:locale\" content=\"fr_FR\" \/>\n<meta property=\"og:type\" content=\"article\" \/>\n<meta property=\"og:title\" content=\"Billie - Anna Gavalda - Les Petits Livres\" \/>\n<meta property=\"og:description\" content=\"C&#039;est avec Billie qu&#039;Anna Gavalda fait aujourd&#039;hui son grand retour. Un roman court mais ultra dense, des personnages forts, en marge.\" \/>\n<meta property=\"og:url\" content=\"http:\/\/smallthings.fr\/lespetitslivres\/2013\/10\/02\/billie-anna-gavalda\/\" \/>\n<meta property=\"og:site_name\" content=\"Les Petits Livres\" \/>\n<meta property=\"article:published_time\" content=\"2013-10-02T09:30:09+00:00\" \/>\n<meta property=\"article:modified_time\" content=\"2015-11-02T12:35:06+00:00\" \/>\n<meta name=\"author\" content=\"Claire\" \/>\n<meta name=\"twitter:card\" content=\"summary_large_image\" \/>\n<meta name=\"twitter:label1\" content=\"\u00c9crit par\" \/>\n\t<meta name=\"twitter:data1\" content=\"Claire\" \/>\n\t<meta name=\"twitter:label2\" content=\"Dur\u00e9e de lecture estim\u00e9e\" \/>\n\t<meta name=\"twitter:data2\" content=\"4 minutes\" \/>\n<script type=\"application\/ld+json\" class=\"yoast-schema-graph\">{\"@context\":\"https:\/\/schema.org\",\"@graph\":[{\"@type\":\"WebPage\",\"@id\":\"http:\/\/smallthings.fr\/lespetitslivres\/2013\/10\/02\/billie-anna-gavalda\/\",\"url\":\"http:\/\/smallthings.fr\/lespetitslivres\/2013\/10\/02\/billie-anna-gavalda\/\",\"name\":\"Billie - Anna Gavalda - Les Petits Livres\",\"isPartOf\":{\"@id\":\"https:\/\/smallthings.fr\/lespetitslivres\/#website\"},\"datePublished\":\"2013-10-02T09:30:09+00:00\",\"dateModified\":\"2015-11-02T12:35:06+00:00\",\"author\":{\"@id\":\"https:\/\/smallthings.fr\/lespetitslivres\/#\/schema\/person\/504d603cacfe064fe039dfa03a8b7918\"},\"description\":\"C'est avec Billie qu'Anna Gavalda fait aujourd'hui son grand retour. Un roman court mais ultra dense, des personnages forts, en marge.\",\"breadcrumb\":{\"@id\":\"http:\/\/smallthings.fr\/lespetitslivres\/2013\/10\/02\/billie-anna-gavalda\/#breadcrumb\"},\"inLanguage\":\"fr-FR\",\"potentialAction\":[{\"@type\":\"ReadAction\",\"target\":[\"http:\/\/smallthings.fr\/lespetitslivres\/2013\/10\/02\/billie-anna-gavalda\/\"]}]},{\"@type\":\"BreadcrumbList\",\"@id\":\"http:\/\/smallthings.fr\/lespetitslivres\/2013\/10\/02\/billie-anna-gavalda\/#breadcrumb\",\"itemListElement\":[{\"@type\":\"ListItem\",\"position\":1,\"name\":\"Accueil\",\"item\":\"https:\/\/smallthings.fr\/lespetitslivres\/\"},{\"@type\":\"ListItem\",\"position\":2,\"name\":\"Billie &#8211; Anna Gavalda\"}]},{\"@type\":\"WebSite\",\"@id\":\"https:\/\/smallthings.fr\/lespetitslivres\/#website\",\"url\":\"https:\/\/smallthings.fr\/lespetitslivres\/\",\"name\":\"Les Petits Livres\",\"description\":\"by Small Things\",\"potentialAction\":[{\"@type\":\"SearchAction\",\"target\":{\"@type\":\"EntryPoint\",\"urlTemplate\":\"https:\/\/smallthings.fr\/lespetitslivres\/?s={search_term_string}\"},\"query-input\":\"required name=search_term_string\"}],\"inLanguage\":\"fr-FR\"},{\"@type\":\"Person\",\"@id\":\"https:\/\/smallthings.fr\/lespetitslivres\/#\/schema\/person\/504d603cacfe064fe039dfa03a8b7918\",\"name\":\"Claire\",\"image\":{\"@type\":\"ImageObject\",\"inLanguage\":\"fr-FR\",\"@id\":\"https:\/\/smallthings.fr\/lespetitslivres\/#\/schema\/person\/image\/\",\"url\":\"https:\/\/secure.gravatar.com\/avatar\/9a85ff83d76b3eb17b8cae208640786e?s=96&d=retro&r=g\",\"contentUrl\":\"https:\/\/secure.gravatar.com\/avatar\/9a85ff83d76b3eb17b8cae208640786e?s=96&d=retro&r=g\",\"caption\":\"Claire\"},\"url\":\"https:\/\/smallthings.fr\/lespetitslivres\/author\/claire\/\"}]}<\/script>\n<!-- \/ Yoast SEO plugin. -->","yoast_head_json":{"title":"Billie - Anna Gavalda - Les Petits Livres","description":"C'est avec Billie qu'Anna Gavalda fait aujourd'hui son grand retour. Un roman court mais ultra dense, des personnages forts, en marge.","robots":{"index":"index","follow":"follow","max-snippet":"max-snippet:-1","max-image-preview":"max-image-preview:large","max-video-preview":"max-video-preview:-1"},"canonical":"http:\/\/smallthings.fr\/lespetitslivres\/2013\/10\/02\/billie-anna-gavalda\/","og_locale":"fr_FR","og_type":"article","og_title":"Billie - Anna Gavalda - Les Petits Livres","og_description":"C'est avec Billie qu'Anna Gavalda fait aujourd'hui son grand retour. Un roman court mais ultra dense, des personnages forts, en marge.","og_url":"http:\/\/smallthings.fr\/lespetitslivres\/2013\/10\/02\/billie-anna-gavalda\/","og_site_name":"Les Petits Livres","article_published_time":"2013-10-02T09:30:09+00:00","article_modified_time":"2015-11-02T12:35:06+00:00","author":"Claire","twitter_card":"summary_large_image","twitter_misc":{"\u00c9crit par":"Claire","Dur\u00e9e de lecture estim\u00e9e":"4 minutes"},"schema":{"@context":"https:\/\/schema.org","@graph":[{"@type":"WebPage","@id":"http:\/\/smallthings.fr\/lespetitslivres\/2013\/10\/02\/billie-anna-gavalda\/","url":"http:\/\/smallthings.fr\/lespetitslivres\/2013\/10\/02\/billie-anna-gavalda\/","name":"Billie - Anna Gavalda - Les Petits Livres","isPartOf":{"@id":"https:\/\/smallthings.fr\/lespetitslivres\/#website"},"datePublished":"2013-10-02T09:30:09+00:00","dateModified":"2015-11-02T12:35:06+00:00","author":{"@id":"https:\/\/smallthings.fr\/lespetitslivres\/#\/schema\/person\/504d603cacfe064fe039dfa03a8b7918"},"description":"C'est avec Billie qu'Anna Gavalda fait aujourd'hui son grand retour. Un roman court mais ultra dense, des personnages forts, en marge.","breadcrumb":{"@id":"http:\/\/smallthings.fr\/lespetitslivres\/2013\/10\/02\/billie-anna-gavalda\/#breadcrumb"},"inLanguage":"fr-FR","potentialAction":[{"@type":"ReadAction","target":["http:\/\/smallthings.fr\/lespetitslivres\/2013\/10\/02\/billie-anna-gavalda\/"]}]},{"@type":"BreadcrumbList","@id":"http:\/\/smallthings.fr\/lespetitslivres\/2013\/10\/02\/billie-anna-gavalda\/#breadcrumb","itemListElement":[{"@type":"ListItem","position":1,"name":"Accueil","item":"https:\/\/smallthings.fr\/lespetitslivres\/"},{"@type":"ListItem","position":2,"name":"Billie &#8211; Anna Gavalda"}]},{"@type":"WebSite","@id":"https:\/\/smallthings.fr\/lespetitslivres\/#website","url":"https:\/\/smallthings.fr\/lespetitslivres\/","name":"Les Petits Livres","description":"by Small Things","potentialAction":[{"@type":"SearchAction","target":{"@type":"EntryPoint","urlTemplate":"https:\/\/smallthings.fr\/lespetitslivres\/?s={search_term_string}"},"query-input":"required name=search_term_string"}],"inLanguage":"fr-FR"},{"@type":"Person","@id":"https:\/\/smallthings.fr\/lespetitslivres\/#\/schema\/person\/504d603cacfe064fe039dfa03a8b7918","name":"Claire","image":{"@type":"ImageObject","inLanguage":"fr-FR","@id":"https:\/\/smallthings.fr\/lespetitslivres\/#\/schema\/person\/image\/","url":"https:\/\/secure.gravatar.com\/avatar\/9a85ff83d76b3eb17b8cae208640786e?s=96&d=retro&r=g","contentUrl":"https:\/\/secure.gravatar.com\/avatar\/9a85ff83d76b3eb17b8cae208640786e?s=96&d=retro&r=g","caption":"Claire"},"url":"https:\/\/smallthings.fr\/lespetitslivres\/author\/claire\/"}]}},"jetpack_featured_media_url":"","jetpack_sharing_enabled":true,"jetpack_shortlink":"https:\/\/wp.me\/p6Un21-260","jetpack-related-posts":[{"id":12254,"url":"https:\/\/smallthings.fr\/lespetitslivres\/2014\/03\/17\/anna-gavalda-coache-vie-en-mieux\/","url_meta":{"origin":8060,"position":0},"title":"Anna Gavalda vous coache avec La Vie en mieux","author":"Claire","date":"17 mars 2014","format":false,"excerpt":"La Vie en mieux est sorti le 12 mars dernier. Mais... attendez, Anna Gavalda n'avait-elle pas d\u00e9j\u00e0 publi\u00e9 \u00e0 l'automne ? Dites, c'est la crise ! Faut bien manger ! Non, en r\u00e9alit\u00e9, Billie et La Vie en mieux auraient d\u00fb n'\u00eatre qu'un seul et m\u00eame livre, divis\u00e9 en 3\u2026","rel":"","context":"Dans &quot;Roman&quot;","block_context":{"text":"Roman","link":"https:\/\/smallthings.fr\/lespetitslivres\/category\/roman\/"},"img":{"alt_text":"","src":"https:\/\/i0.wp.com\/smallthings.fr\/wp-content\/uploads\/2014\/03\/gavalda-vie-en-mieux.gif?resize=350%2C200","width":350,"height":200},"classes":[]},{"id":31504,"url":"https:\/\/smallthings.fr\/lespetitslivres\/2018\/01\/18\/l-atelier-des-souvenirs-idoux-thivet\/","url_meta":{"origin":8060,"position":1},"title":"L&rsquo;Atelier des souvenirs, premier roman d&rsquo;Anne Idoux-Thivet","author":"June","date":"18 janvier 2018","format":false,"excerpt":"L'Atelier des souvenirs est le premier roman d'Anne Idoux-Thivet, qui vient de para\u00eetre chez Michel Lafon. A d\u00e9faut de trouver du travail, Alice prend sa th\u00e8se sous son bras et part vivre \u00e0 la campagne dans la maison de feue sa grand-m\u00e8re\u2026 O\u00f9 elle d\u00e9p\u00e9rit passablement. Jusqu\u2019au jour o\u00f9 elle\u2026","rel":"","context":"Dans &quot;Roman fran\u00e7ais&quot;","block_context":{"text":"Roman fran\u00e7ais","link":"https:\/\/smallthings.fr\/lespetitslivres\/category\/roman\/roman-francais\/"},"img":{"alt_text":"","src":"https:\/\/i0.wp.com\/smallthings.fr\/lespetitslivres\/wp-content\/uploads\/2018\/01\/atelier-des-souvenirs-cover.png?resize=350%2C200&ssl=1","width":350,"height":200},"classes":[]},{"id":29178,"url":"https:\/\/smallthings.fr\/lespetitslivres\/2015\/11\/23\/comme-si-c-etait-toi-mcfarlane-avis\/","url_meta":{"origin":8060,"position":2},"title":"Comme si c\u2019\u00e9tait toi, com\u00e9die romantique de Mhairi McFarlane","author":"Jennifer","date":"23 novembre 2015","format":false,"excerpt":"Comme si c\u2019\u00e9tait toi, roman de Mhairi McFarlane, est sorti en version poche aux \u00e9ditions Milady le 23 octobre dernier. Il raconte l\u2019histoire d\u2019Anna, une jeune femme traumatis\u00e9e par ses ann\u00e9es lyc\u00e9e, qui, une fois adulte, va se retrouver face \u00e0 celui qu\u2019elle aimait \u00e0 cette \u00e9poque et qui l\u2019a\u2026","rel":"","context":"Dans &quot;Actu&quot;","block_context":{"text":"Actu","link":"https:\/\/smallthings.fr\/lespetitslivres\/category\/actu\/"},"img":{"alt_text":"","src":"https:\/\/i0.wp.com\/smallthings.fr\/lespetitslivres\/wp-content\/uploads\/2015\/11\/comme-si-c-etait-toi-couv.jpg?resize=350%2C200&ssl=1","width":350,"height":200,"srcset":"https:\/\/i0.wp.com\/smallthings.fr\/lespetitslivres\/wp-content\/uploads\/2015\/11\/comme-si-c-etait-toi-couv.jpg?resize=350%2C200&ssl=1 1x, https:\/\/i0.wp.com\/smallthings.fr\/lespetitslivres\/wp-content\/uploads\/2015\/11\/comme-si-c-etait-toi-couv.jpg?resize=525%2C300&ssl=1 1.5x, https:\/\/i0.wp.com\/smallthings.fr\/lespetitslivres\/wp-content\/uploads\/2015\/11\/comme-si-c-etait-toi-couv.jpg?resize=700%2C400&ssl=1 2x, https:\/\/i0.wp.com\/smallthings.fr\/lespetitslivres\/wp-content\/uploads\/2015\/11\/comme-si-c-etait-toi-couv.jpg?resize=1050%2C600&ssl=1 3x, https:\/\/i0.wp.com\/smallthings.fr\/lespetitslivres\/wp-content\/uploads\/2015\/11\/comme-si-c-etait-toi-couv.jpg?resize=1400%2C800&ssl=1 4x"},"classes":[]},{"id":30700,"url":"https:\/\/smallthings.fr\/lespetitslivres\/2017\/01\/17\/presque-ensemble-philibert-critique\/","url_meta":{"origin":8060,"position":3},"title":"Presque ensemble, la vie malgr\u00e9 la d\u00e9sillusion selon Marjorie Philibert","author":"Cecile","date":"17 janvier 2017","format":false,"excerpt":"Presque ensemble est le premier roman de la journaliste Marjorie Philibert, qui vient de para\u00eetre chez JC Latt\u00e8s en cette rentr\u00e9e hivernale. Une analyse quasi sociologique du c\u00f4t\u00e9 obscur de notre g\u00e9n\u00e9ration\u00a0: les existences m\u00e9diocres. Un roman sans illusion, f\u00e9rocement dr\u00f4le. Le ton est donn\u00e9 d\u00e8s les premi\u00e8res pages\u00a0: ce\u2026","rel":"","context":"Dans &quot;Roman fran\u00e7ais&quot;","block_context":{"text":"Roman fran\u00e7ais","link":"https:\/\/smallthings.fr\/lespetitslivres\/category\/roman\/roman-francais\/"},"img":{"alt_text":"","src":"https:\/\/i0.wp.com\/smallthings.fr\/lespetitslivres\/wp-content\/uploads\/2017\/01\/presque-ensemble-couv.jpeg?resize=350%2C200&ssl=1","width":350,"height":200,"srcset":"https:\/\/i0.wp.com\/smallthings.fr\/lespetitslivres\/wp-content\/uploads\/2017\/01\/presque-ensemble-couv.jpeg?resize=350%2C200&ssl=1 1x, https:\/\/i0.wp.com\/smallthings.fr\/lespetitslivres\/wp-content\/uploads\/2017\/01\/presque-ensemble-couv.jpeg?resize=525%2C300&ssl=1 1.5x"},"classes":[]},{"id":29811,"url":"https:\/\/smallthings.fr\/lespetitslivres\/2016\/04\/05\/sur-une-majeure-partie-france-critique\/","url_meta":{"origin":8060,"position":4},"title":"Sur une majeure partie de la France : l&rsquo;adolescence au c\u0153ur d&rsquo;une campagne oubli\u00e9e","author":"Audrey Ch\u00e8vrefeuille","date":"5 avril 2016","format":false,"excerpt":"Sur une majeure partie de la France, du romancier et photographe Franck Court\u00e8s, est paru en janvier aux \u00e9ditions JC Latt\u00e8s. Il s'agit du second roman de l'auteur du tr\u00e8s remarqu\u00e9 recueil de nouvelles Autorisation de pratiquer la course \u00e0 pied. Quentin et Gary sont n\u00e9s dans un petit village\u2026","rel":"","context":"Dans &quot;Roman fran\u00e7ais&quot;","block_context":{"text":"Roman fran\u00e7ais","link":"https:\/\/smallthings.fr\/lespetitslivres\/category\/roman\/roman-francais\/"},"img":{"alt_text":"","src":"https:\/\/i0.wp.com\/smallthings.fr\/lespetitslivres\/wp-content\/uploads\/2016\/04\/majeure-partie-france.jpeg?resize=350%2C200","width":350,"height":200},"classes":[]},{"id":31404,"url":"https:\/\/smallthings.fr\/lespetitslivres\/2017\/12\/04\/vie-revee-virginia-fly-huth\/","url_meta":{"origin":8060,"position":5},"title":"La vie r\u00eav\u00e9e de Virginia Fly : ce que veulent les femmes selon Angela Huth","author":"Cecile","date":"4 d\u00e9cembre 2017","format":false,"excerpt":"La vie r\u00eav\u00e9e de Virginia Fly est le dernier roman d'Angela Huth, paru chez Quai Voltaire cette ann\u00e9e. Un roman coup de c\u0153ur ! Une histoire savoureuse, cruelle et tendre tout \u00e0 la fois, qui tourne en ridicule les clich\u00e9s que la soci\u00e9t\u00e9 impose aux femmes. Un tour de force\u2026","rel":"","context":"Dans &quot;Roman \u00e9tranger&quot;","block_context":{"text":"Roman \u00e9tranger","link":"https:\/\/smallthings.fr\/lespetitslivres\/category\/roman\/roman-etranger\/"},"img":{"alt_text":"","src":"https:\/\/i0.wp.com\/smallthings.fr\/lespetitslivres\/wp-content\/uploads\/2017\/12\/vie-revee-virginia-fly-cover.jpg?resize=350%2C200&ssl=1","width":350,"height":200,"srcset":"https:\/\/i0.wp.com\/smallthings.fr\/lespetitslivres\/wp-content\/uploads\/2017\/12\/vie-revee-virginia-fly-cover.jpg?resize=350%2C200&ssl=1 1x, https:\/\/i0.wp.com\/smallthings.fr\/lespetitslivres\/wp-content\/uploads\/2017\/12\/vie-revee-virginia-fly-cover.jpg?resize=525%2C300&ssl=1 1.5x, https:\/\/i0.wp.com\/smallthings.fr\/lespetitslivres\/wp-content\/uploads\/2017\/12\/vie-revee-virginia-fly-cover.jpg?resize=700%2C400&ssl=1 2x, https:\/\/i0.wp.com\/smallthings.fr\/lespetitslivres\/wp-content\/uploads\/2017\/12\/vie-revee-virginia-fly-cover.jpg?resize=1050%2C600&ssl=1 3x, https:\/\/i0.wp.com\/smallthings.fr\/lespetitslivres\/wp-content\/uploads\/2017\/12\/vie-revee-virginia-fly-cover.jpg?resize=1400%2C800&ssl=1 4x"},"classes":[]}],"_links":{"self":[{"href":"https:\/\/smallthings.fr\/lespetitslivres\/wp-json\/wp\/v2\/posts\/8060"}],"collection":[{"href":"https:\/\/smallthings.fr\/lespetitslivres\/wp-json\/wp\/v2\/posts"}],"about":[{"href":"https:\/\/smallthings.fr\/lespetitslivres\/wp-json\/wp\/v2\/types\/post"}],"author":[{"embeddable":true,"href":"https:\/\/smallthings.fr\/lespetitslivres\/wp-json\/wp\/v2\/users\/2"}],"replies":[{"embeddable":true,"href":"https:\/\/smallthings.fr\/lespetitslivres\/wp-json\/wp\/v2\/comments?post=8060"}],"version-history":[{"count":1,"href":"https:\/\/smallthings.fr\/lespetitslivres\/wp-json\/wp\/v2\/posts\/8060\/revisions"}],"predecessor-version":[{"id":28694,"href":"https:\/\/smallthings.fr\/lespetitslivres\/wp-json\/wp\/v2\/posts\/8060\/revisions\/28694"}],"wp:featuredmedia":[{"embeddable":true,"href":"https:\/\/smallthings.fr\/lespetitslivres\/wp-json\/"}],"wp:attachment":[{"href":"https:\/\/smallthings.fr\/lespetitslivres\/wp-json\/wp\/v2\/media?parent=8060"}],"wp:term":[{"taxonomy":"category","embeddable":true,"href":"https:\/\/smallthings.fr\/lespetitslivres\/wp-json\/wp\/v2\/categories?post=8060"},{"taxonomy":"post_tag","embeddable":true,"href":"https:\/\/smallthings.fr\/lespetitslivres\/wp-json\/wp\/v2\/tags?post=8060"}],"curies":[{"name":"wp","href":"https:\/\/api.w.org\/{rel}","templated":true}]}}