{"id":7980,"date":"2013-09-19T11:00:08","date_gmt":"2013-09-19T10:00:08","guid":{"rendered":"http:\/\/smallthings.fr\/?post_type=os_livre&#038;p=7980"},"modified":"2015-11-02T13:35:23","modified_gmt":"2015-11-02T12:35:23","slug":"jean-louis-fournier-servante-du-seigneur","status":"publish","type":"post","link":"https:\/\/smallthings.fr\/lespetitslivres\/2013\/09\/19\/jean-louis-fournier-servante-du-seigneur\/","title":{"rendered":"Jean-Louis Fournier &#8211; La Servante du Seigneur"},"content":{"rendered":"<h2><em>La Servante du Seigneur<\/em>\u00a0de Jean-Louis Fournier, depuis sa sortie en cette rentr\u00e9e litt\u00e9raire 2013, a fait grand bruit. Pour la sensibilit\u00e9 de son \u00e9criture et son ton percutant, bien s\u00fbr, mais aussi parce qu&rsquo;il s&rsquo;est retrouv\u00e9 au coeur d&rsquo;une affaire judiciaire in\u00e9dite dans l&rsquo;\u00e9dition. Que s&rsquo;est-il pass\u00e9 ? Et le livre en lui-m\u00eame, que vaut-il ?<\/h2>\n<p>Jean-Louis Fournier, quelques jours apr\u00e8s la sortie de <em>La Servante du Seigneur<\/em>, a en effet \u00e9t\u00e9 oblig\u00e9 d&rsquo;ins\u00e9rer un <strong>\u00ab\u00a0droit de r\u00e9ponse\u00a0\u00bb<\/strong>. Ce droit de r\u00e9ponse a \u00e9t\u00e9 exerc\u00e9 par sa fille Marie, qui se consid\u00e8re comme victime des propos que son p\u00e8re tient sur elle. Jean-Louis Fournier nous raconte qu&rsquo;elle est tomb\u00e9e dans l&rsquo;extr\u00e9misme religieux ; r\u00e9volt\u00e9e, elle ne se laisse pas faire. <strong>Deux versions du livre circulent donc depuis la fin du mois d&rsquo;ao\u00fbt : la seconde contient 5 pages suppl\u00e9mentaires r\u00e9dig\u00e9es par la fille.<\/strong><\/p>\n<p>Une affaire qui nous rappelle\u00a0que les \u00e9crivains ont depuis quelques mois de plus en plus de comptes \u00e0 rendre \u00e0 la justice, m\u00eame si leur livre a \u00e9t\u00e9 \u00e0 la base\u00a0appel\u00e9 \u00ab\u00a0roman\u00a0\u00bb. Rappelons-nous entre autres <strong>Gr\u00e9goire Delacourt\u00a0et Scarlett\u00a0Johannson<\/strong>, et sans aller jusqu&rsquo;\u00e0 parler d&rsquo;affaire de\u00a0justice, d&rsquo;autres auteurs sont accus\u00e9s de \u00ab\u00a0<strong>mensonge<\/strong>\u00a0\u00bb par leur public, alors qu&rsquo;ils publient des \u00ab\u00a0romans\u00a0\u00bb. Il faudrait d&rsquo;ailleurs parfois rappeler \u00e0 certains lecteurs la d\u00e9finition du mot \u00ab\u00a0roman\u00a0\u00bb&#8230; Mais passons. Et parlons plut\u00f4t du contenu de <em>La Servante du Seigneur<\/em>.<\/p>\n<p><a href=\"http:\/\/uploads.smallthings.fr\/2013\/09\/1507-1.jpg\"><img loading=\"lazy\" decoding=\"async\" class=\"alignleft size-full wp-image-8080\" style=\"width: 242px; height: 401px;\" alt=\"servante-du-seigneur-couv\" src=\"http:\/\/uploads.smallthings.fr\/2013\/09\/1507-1.jpg\" width=\"242\" height=\"428\" \/><\/a>Servante du Seigneur, parce que r\u00e9f\u00e9rence \u00e0 \u00ab\u00a0Monseigneur\u00a0\u00bb, un personnage du livre. L&rsquo;homme qui a influenc\u00e9 et fait tomber la fille de l&rsquo;auteur dans cet extr\u00e9misme. <strong>Jean-Louis Fournier raconte dans de tr\u00e8s courts chapitres sa relation devenue compliqu\u00e9e avec sa fille, alors qu&rsquo;elle \u00e9tait autrefois si simple<\/strong>. Des rapports idylliques, bas\u00e9s sur la complicit\u00e9 et l&rsquo;humour. Simplicit\u00e9 que Marie n&rsquo;h\u00e9site pas \u00e0 d\u00e9mentir dans son droit de r\u00e9ponse, faisant r\u00e9f\u00e9rence au\u00a0mal-\u00eatre\u00a0qu&rsquo;elle a ressenti adolescente et jeune adulte. Elle mentionne aussi une d\u00e9pression. Voil\u00e0 pourquoi\u00a0selon moi\u00a0<strong>le droit de r\u00e9ponse apporte quelque chose de diff\u00e9rent au texte de Jean-Louis Fournier<\/strong>. Il remet beaucoup de choses en question, et finalement rend les propos du p\u00e8re assez troublants. On sent que lui aussi perd pied dans cette c\u00e9l\u00e9bration du souvenir de sa fille. Le lecteur, je pense, n&rsquo;aura pas envie de d\u00e9m\u00ealer le vrai du faux, mais cette diff\u00e9rence de vision des choses p\u00e8se dans la balance, et rend\u00a0le livre\u00a0plus triste.<\/p>\n<p>Marie (car du coup \u00e0 pr\u00e9sent nous connaissons son pr\u00e9nom),\u00a0influenc\u00e9e donc par \u00ab\u00a0Monseigneur\u00a0\u00bb, quitte Paris et s&rsquo;isole dans une maison au bord de la mer. <strong>Son p\u00e8re, qui vient de perdre sa nouvelle \u00e9pouse, vit tr\u00e8s mal cet \u00e9loignement brusque<\/strong>. L&rsquo;auteur fait des <strong>allers-retours constants entre pass\u00e9 et pr\u00e9sent<\/strong>. On devine \u00e0 quelle \u00e9poque les choses ont bascul\u00e9. Il parle d&rsquo;une \u00e9poque o\u00f9\u00a0sa fille\u00a0\u00e9tait beaucoup l\u00e0 pour lui,\u00a0\u00e0 le soutenir suite au d\u00e9c\u00e8s de son \u00e9pouse. On les imagine complices, tr\u00e8s li\u00e9s. Et d&rsquo;un seul coup, la machine s&rsquo;inverse, et Marie se d\u00e9couvre une vie spirituelle qui l&rsquo;\u00e9loigne de sa vie d&rsquo;avant, de ses amis, de sa famille. <strong>Jean-Louis Fournier ne m\u00e2che pas ses mots quant \u00e0 ce ph\u00e9nom\u00e8ne cruel qui lui a enlev\u00e9 sa fille, alors qu&rsquo;elle, de son c\u00f4t\u00e9,\u00a0affirme avoir repris go\u00fbt \u00e0 la vie&#8230;<\/strong><\/p>\n<p>Peut-\u00eatre suis-je un peu trop curieuse, mais <strong>j&rsquo;aurais aim\u00e9 en apprendre davantage sur les \u00e9tapes du glissement de Marie dans l&rsquo;extr\u00eamisme religieux<\/strong>. On est toujours un peu curieux de savoir comment ce genre de chose peut se produire chez un \u00eatre humain&#8230; Nul doute que la fille de Jean-Louis Fournier\u00a0aurait \u00e9t\u00e9 encore plus en col\u00e8re de voir ces explications pr\u00e9cises \u00e9tal\u00e9es dans <em>La Servante du Seigneur<\/em>, alors que ce livre-l\u00e0 ne constitue finalement qu&rsquo;une s\u00e9rie de regrets formul\u00e9s par son p\u00e8re.\u00a0Jean-Louis Fournier\u00a0reste tr\u00e8s vague. On ne sait pas grand chose sur Monseigneur. Qui il est, d&rsquo;o\u00f9 il vient. Ce n&rsquo;est peut-\u00eatre pas utile, finalement&#8230; Le flou permet la po\u00e9sie, comme le prouve cet extrait :<\/p>\n<blockquote><p><em>J&rsquo;ai fait la connaissance de Monseigneur. Il est habill\u00e9 en noir, il a des bottines qui brillent et des oreilles pointues comme Belz\u00e9buth.<br \/>\nJe te l&rsquo;ai fait remarquer, tu as ri.<br \/>\nOn a d\u00een\u00e9 tous les trois. Quand elle parle, il la regarde avec d\u00e9votion. Quoi qu&rsquo;elle dise, m\u00eame \u00ab passe-moi le sel \u00bb, Monseigneur est aux anges. Il m&rsquo;a plusieurs fois dit, au cours du repas, \u00ab votre fille est extraordinaire \u00bb.<br \/>\nJe n&rsquo;ai pas besoin de lui pour le savoir. Tu n&rsquo;es pas comme les autres.<br \/>\nTu es beaucoup mieux que les autres.<\/em><\/p><\/blockquote>\n<p>Quelques ann\u00e9es apr\u00e8s le tr\u00e8s remarqu\u00e9 <em>O\u00f9 on va, papa ?<\/em>, qui\u00a0concernait ses fils handicap\u00e9s, c&rsquo;est de sa fille dont nous parle cette fois-ci Jean-Louis Fournier. On se laisse porter par la\u00a0prose courte mais percutante d&rsquo;un p\u00e8re\u00a0bless\u00e9 et perdu.<\/p>\n<div id=\"attachment_8079\" style=\"width: 531px\" class=\"wp-caption aligncenter\"><a href=\"http:\/\/uploads.smallthings.fr\/2013\/09\/fournier-servante-1748695-jpg_1604797.jpg\"><img loading=\"lazy\" decoding=\"async\" aria-describedby=\"caption-attachment-8079\" class=\"size-full wp-image-8079\" alt=\"Jean-Louis Fournier\" src=\"http:\/\/uploads.smallthings.fr\/2013\/09\/fournier-servante-1748695-jpg_1604797.jpg\" width=\"521\" height=\"217\" \/><\/a><p id=\"caption-attachment-8079\" class=\"wp-caption-text\">Jean-Louis Fournier<\/p><\/div>\n<p>Pour finir, je vous propose 2 articles, sur <a href=\"http:\/\/www.actualitte.com\/les-maisons\/la-fille-de-jean-louis-fournier-obtient-5-pages-pour-repondre-44645.htm\" target=\"_blank\">actualitte<\/a> et <a href=\"http:\/\/www.lefigaro.fr\/livres\/2013\/08\/26\/03005-20130826ARTFIG00401-jean-louis-fournier-attaque-par-sa-fille.php\" target=\"_blank\">lefigaro.fr<\/a> pour en savoir plus sur le c\u00f4t\u00e9 judiciaire.<\/p>\n","protected":false},"excerpt":{"rendered":"<p>La Servante du Seigneur\u00a0de Jean-Louis Fournier, depuis sa sortie en cette rentr\u00e9e litt\u00e9raire 2013, a fait grand bruit. Pour la sensibilit\u00e9 de son \u00e9criture et son ton percutant, bien s\u00fbr, mais aussi parce qu&rsquo;il s&rsquo;est retrouv\u00e9 au coeur d&rsquo;une affaire judiciaire in\u00e9dite dans l&rsquo;\u00e9dition. Que s&rsquo;est-il pass\u00e9 ? Et le livre en lui-m\u00eame, que vaut-il<\/p>\n","protected":false},"author":2,"featured_media":7981,"comment_status":"open","ping_status":"open","sticky":false,"template":"","format":"standard","meta":{"jetpack_post_was_ever_published":false,"_jetpack_newsletter_access":"","_jetpack_newsletter_tier_id":0,"footnotes":"","jetpack_publicize_message":"","jetpack_is_tweetstorm":false,"jetpack_publicize_feature_enabled":true,"jetpack_social_post_already_shared":true,"jetpack_social_options":{"image_generator_settings":{"template":"highway","enabled":false}}},"categories":[1117],"tags":[482,483,32,33,484],"jetpack_publicize_connections":[],"yoast_head":"<!-- This site is optimized with the Yoast SEO plugin v21.5 - https:\/\/yoast.com\/wordpress\/plugins\/seo\/ -->\n<title>Jean-Louis Fournier - La Servante du Seigneur - Les Petits Livres<\/title>\n<meta name=\"robots\" content=\"index, follow, max-snippet:-1, max-image-preview:large, max-video-preview:-1\" \/>\n<link rel=\"canonical\" href=\"https:\/\/smallthings.fr\/lespetitslivres\/2013\/09\/19\/jean-louis-fournier-servante-du-seigneur\/\" \/>\n<meta property=\"og:locale\" content=\"fr_FR\" \/>\n<meta property=\"og:type\" content=\"article\" \/>\n<meta property=\"og:title\" content=\"Jean-Louis Fournier - La Servante du Seigneur - Les Petits Livres\" \/>\n<meta property=\"og:description\" content=\"La Servante du Seigneur\u00a0de Jean-Louis Fournier, depuis sa sortie en cette rentr\u00e9e litt\u00e9raire 2013, a fait grand bruit. Pour la sensibilit\u00e9 de son \u00e9criture et son ton percutant, bien s\u00fbr, mais aussi parce qu&rsquo;il s&rsquo;est retrouv\u00e9 au coeur d&rsquo;une affaire judiciaire in\u00e9dite dans l&rsquo;\u00e9dition. Que s&rsquo;est-il pass\u00e9 ? Et le livre en lui-m\u00eame, que vaut-il\" \/>\n<meta property=\"og:url\" content=\"https:\/\/smallthings.fr\/lespetitslivres\/2013\/09\/19\/jean-louis-fournier-servante-du-seigneur\/\" \/>\n<meta property=\"og:site_name\" content=\"Les Petits Livres\" \/>\n<meta property=\"article:published_time\" content=\"2013-09-19T10:00:08+00:00\" \/>\n<meta property=\"article:modified_time\" content=\"2015-11-02T12:35:23+00:00\" \/>\n<meta name=\"author\" content=\"Claire\" \/>\n<meta name=\"twitter:card\" content=\"summary_large_image\" \/>\n<meta name=\"twitter:label1\" content=\"\u00c9crit par\" \/>\n\t<meta name=\"twitter:data1\" content=\"Claire\" \/>\n\t<meta name=\"twitter:label2\" content=\"Dur\u00e9e de lecture estim\u00e9e\" \/>\n\t<meta name=\"twitter:data2\" content=\"4 minutes\" \/>\n<script type=\"application\/ld+json\" class=\"yoast-schema-graph\">{\"@context\":\"https:\/\/schema.org\",\"@graph\":[{\"@type\":\"WebPage\",\"@id\":\"https:\/\/smallthings.fr\/lespetitslivres\/2013\/09\/19\/jean-louis-fournier-servante-du-seigneur\/\",\"url\":\"https:\/\/smallthings.fr\/lespetitslivres\/2013\/09\/19\/jean-louis-fournier-servante-du-seigneur\/\",\"name\":\"Jean-Louis Fournier - La Servante du Seigneur - Les Petits Livres\",\"isPartOf\":{\"@id\":\"https:\/\/smallthings.fr\/lespetitslivres\/#website\"},\"datePublished\":\"2013-09-19T10:00:08+00:00\",\"dateModified\":\"2015-11-02T12:35:23+00:00\",\"author\":{\"@id\":\"https:\/\/smallthings.fr\/lespetitslivres\/#\/schema\/person\/504d603cacfe064fe039dfa03a8b7918\"},\"breadcrumb\":{\"@id\":\"https:\/\/smallthings.fr\/lespetitslivres\/2013\/09\/19\/jean-louis-fournier-servante-du-seigneur\/#breadcrumb\"},\"inLanguage\":\"fr-FR\",\"potentialAction\":[{\"@type\":\"ReadAction\",\"target\":[\"https:\/\/smallthings.fr\/lespetitslivres\/2013\/09\/19\/jean-louis-fournier-servante-du-seigneur\/\"]}]},{\"@type\":\"BreadcrumbList\",\"@id\":\"https:\/\/smallthings.fr\/lespetitslivres\/2013\/09\/19\/jean-louis-fournier-servante-du-seigneur\/#breadcrumb\",\"itemListElement\":[{\"@type\":\"ListItem\",\"position\":1,\"name\":\"Accueil\",\"item\":\"https:\/\/smallthings.fr\/lespetitslivres\/\"},{\"@type\":\"ListItem\",\"position\":2,\"name\":\"Jean-Louis Fournier &#8211; La Servante du Seigneur\"}]},{\"@type\":\"WebSite\",\"@id\":\"https:\/\/smallthings.fr\/lespetitslivres\/#website\",\"url\":\"https:\/\/smallthings.fr\/lespetitslivres\/\",\"name\":\"Les Petits Livres\",\"description\":\"by Small Things\",\"potentialAction\":[{\"@type\":\"SearchAction\",\"target\":{\"@type\":\"EntryPoint\",\"urlTemplate\":\"https:\/\/smallthings.fr\/lespetitslivres\/?s={search_term_string}\"},\"query-input\":\"required name=search_term_string\"}],\"inLanguage\":\"fr-FR\"},{\"@type\":\"Person\",\"@id\":\"https:\/\/smallthings.fr\/lespetitslivres\/#\/schema\/person\/504d603cacfe064fe039dfa03a8b7918\",\"name\":\"Claire\",\"image\":{\"@type\":\"ImageObject\",\"inLanguage\":\"fr-FR\",\"@id\":\"https:\/\/smallthings.fr\/lespetitslivres\/#\/schema\/person\/image\/\",\"url\":\"https:\/\/secure.gravatar.com\/avatar\/9a85ff83d76b3eb17b8cae208640786e?s=96&d=retro&r=g\",\"contentUrl\":\"https:\/\/secure.gravatar.com\/avatar\/9a85ff83d76b3eb17b8cae208640786e?s=96&d=retro&r=g\",\"caption\":\"Claire\"},\"url\":\"https:\/\/smallthings.fr\/lespetitslivres\/author\/claire\/\"}]}<\/script>\n<!-- \/ Yoast SEO plugin. -->","yoast_head_json":{"title":"Jean-Louis Fournier - La Servante du Seigneur - Les Petits Livres","robots":{"index":"index","follow":"follow","max-snippet":"max-snippet:-1","max-image-preview":"max-image-preview:large","max-video-preview":"max-video-preview:-1"},"canonical":"https:\/\/smallthings.fr\/lespetitslivres\/2013\/09\/19\/jean-louis-fournier-servante-du-seigneur\/","og_locale":"fr_FR","og_type":"article","og_title":"Jean-Louis Fournier - La Servante du Seigneur - Les Petits Livres","og_description":"La Servante du Seigneur\u00a0de Jean-Louis Fournier, depuis sa sortie en cette rentr\u00e9e litt\u00e9raire 2013, a fait grand bruit. Pour la sensibilit\u00e9 de son \u00e9criture et son ton percutant, bien s\u00fbr, mais aussi parce qu&rsquo;il s&rsquo;est retrouv\u00e9 au coeur d&rsquo;une affaire judiciaire in\u00e9dite dans l&rsquo;\u00e9dition. Que s&rsquo;est-il pass\u00e9 ? Et le livre en lui-m\u00eame, que vaut-il","og_url":"https:\/\/smallthings.fr\/lespetitslivres\/2013\/09\/19\/jean-louis-fournier-servante-du-seigneur\/","og_site_name":"Les Petits Livres","article_published_time":"2013-09-19T10:00:08+00:00","article_modified_time":"2015-11-02T12:35:23+00:00","author":"Claire","twitter_card":"summary_large_image","twitter_misc":{"\u00c9crit par":"Claire","Dur\u00e9e de lecture estim\u00e9e":"4 minutes"},"schema":{"@context":"https:\/\/schema.org","@graph":[{"@type":"WebPage","@id":"https:\/\/smallthings.fr\/lespetitslivres\/2013\/09\/19\/jean-louis-fournier-servante-du-seigneur\/","url":"https:\/\/smallthings.fr\/lespetitslivres\/2013\/09\/19\/jean-louis-fournier-servante-du-seigneur\/","name":"Jean-Louis Fournier - La Servante du Seigneur - Les Petits Livres","isPartOf":{"@id":"https:\/\/smallthings.fr\/lespetitslivres\/#website"},"datePublished":"2013-09-19T10:00:08+00:00","dateModified":"2015-11-02T12:35:23+00:00","author":{"@id":"https:\/\/smallthings.fr\/lespetitslivres\/#\/schema\/person\/504d603cacfe064fe039dfa03a8b7918"},"breadcrumb":{"@id":"https:\/\/smallthings.fr\/lespetitslivres\/2013\/09\/19\/jean-louis-fournier-servante-du-seigneur\/#breadcrumb"},"inLanguage":"fr-FR","potentialAction":[{"@type":"ReadAction","target":["https:\/\/smallthings.fr\/lespetitslivres\/2013\/09\/19\/jean-louis-fournier-servante-du-seigneur\/"]}]},{"@type":"BreadcrumbList","@id":"https:\/\/smallthings.fr\/lespetitslivres\/2013\/09\/19\/jean-louis-fournier-servante-du-seigneur\/#breadcrumb","itemListElement":[{"@type":"ListItem","position":1,"name":"Accueil","item":"https:\/\/smallthings.fr\/lespetitslivres\/"},{"@type":"ListItem","position":2,"name":"Jean-Louis Fournier &#8211; La Servante du Seigneur"}]},{"@type":"WebSite","@id":"https:\/\/smallthings.fr\/lespetitslivres\/#website","url":"https:\/\/smallthings.fr\/lespetitslivres\/","name":"Les Petits Livres","description":"by Small Things","potentialAction":[{"@type":"SearchAction","target":{"@type":"EntryPoint","urlTemplate":"https:\/\/smallthings.fr\/lespetitslivres\/?s={search_term_string}"},"query-input":"required name=search_term_string"}],"inLanguage":"fr-FR"},{"@type":"Person","@id":"https:\/\/smallthings.fr\/lespetitslivres\/#\/schema\/person\/504d603cacfe064fe039dfa03a8b7918","name":"Claire","image":{"@type":"ImageObject","inLanguage":"fr-FR","@id":"https:\/\/smallthings.fr\/lespetitslivres\/#\/schema\/person\/image\/","url":"https:\/\/secure.gravatar.com\/avatar\/9a85ff83d76b3eb17b8cae208640786e?s=96&d=retro&r=g","contentUrl":"https:\/\/secure.gravatar.com\/avatar\/9a85ff83d76b3eb17b8cae208640786e?s=96&d=retro&r=g","caption":"Claire"},"url":"https:\/\/smallthings.fr\/lespetitslivres\/author\/claire\/"}]}},"jetpack_featured_media_url":"","jetpack_sharing_enabled":true,"jetpack_shortlink":"https:\/\/wp.me\/p6Un21-24I","jetpack-related-posts":[{"id":31762,"url":"https:\/\/smallthings.fr\/lespetitslivres\/2018\/08\/23\/vie-de-pierres-chaudes-aurelie-razimbaud\/","url_meta":{"origin":7980,"position":0},"title":"Une vie de pierres chaudes, le premier roman d&rsquo;Aur\u00e9lie Razimbaud","author":"Claire","date":"23 ao\u00fbt 2018","format":false,"excerpt":"Aur\u00e9lie Razimbaud publie son premier roman chez Albin Michel pour cette Rentr\u00e9e litt\u00e9raire, Une vie de pierres chaudes. C'est dans le contexte de la guerre d'Alg\u00e9rie qu'elle plonge ses personnages. Un moyen pour elle de dire cette \u00e9poque que son grand-p\u00e8re n'a jamais pu lui raconter... En Alg\u00e9rie, dans les\u2026","rel":"","context":"Dans &quot;Roman fran\u00e7ais&quot;","block_context":{"text":"Roman fran\u00e7ais","link":"https:\/\/smallthings.fr\/lespetitslivres\/category\/roman\/roman-francais\/"},"img":{"alt_text":"","src":"https:\/\/i0.wp.com\/smallthings.fr\/lespetitslivres\/wp-content\/uploads\/2018\/08\/aurelie-razimbaud.jpg?resize=350%2C200&ssl=1","width":350,"height":200,"srcset":"https:\/\/i0.wp.com\/smallthings.fr\/lespetitslivres\/wp-content\/uploads\/2018\/08\/aurelie-razimbaud.jpg?resize=350%2C200&ssl=1 1x, https:\/\/i0.wp.com\/smallthings.fr\/lespetitslivres\/wp-content\/uploads\/2018\/08\/aurelie-razimbaud.jpg?resize=525%2C300&ssl=1 1.5x, https:\/\/i0.wp.com\/smallthings.fr\/lespetitslivres\/wp-content\/uploads\/2018\/08\/aurelie-razimbaud.jpg?resize=700%2C400&ssl=1 2x, https:\/\/i0.wp.com\/smallthings.fr\/lespetitslivres\/wp-content\/uploads\/2018\/08\/aurelie-razimbaud.jpg?resize=1050%2C600&ssl=1 3x"},"classes":[]},{"id":31299,"url":"https:\/\/smallthings.fr\/lespetitslivres\/2017\/09\/26\/dans-epaisseur-chair-blas-de-robles\/","url_meta":{"origin":7980,"position":1},"title":"Dans l&rsquo;\u00e9paisseur de la chair : retour dans le pass\u00e9 d&rsquo;un p\u00e8re myst\u00e9rieux","author":"Betsy","date":"26 septembre 2017","format":false,"excerpt":"Dans l'\u00e9paisseur de la chair est le nouveau roman de Jean-Marie Blas de Robl\u00e8s, paru chez Zulma en cette rentr\u00e9e litt\u00e9raire. Un retour dans un pass\u00e9 pas forc\u00e9ment glorieux mais \u00e9mouvant et ouvrant \u00e0 la r\u00e9flexion. Et bien que l\u00e9g\u00e8rement autobiographique pour rendre hommage \u00e0 son p\u00e8re, Dans l'\u00e9paisseur de\u2026","rel":"","context":"Dans &quot;Roman fran\u00e7ais&quot;","block_context":{"text":"Roman fran\u00e7ais","link":"https:\/\/smallthings.fr\/lespetitslivres\/category\/roman\/roman-francais\/"},"img":{"alt_text":"","src":"https:\/\/i0.wp.com\/smallthings.fr\/lespetitslivres\/wp-content\/uploads\/2017\/09\/blas-de-robles-jean-marie-blas-de-robles-opale-ok_0.jpg?resize=350%2C200&ssl=1","width":350,"height":200,"srcset":"https:\/\/i0.wp.com\/smallthings.fr\/lespetitslivres\/wp-content\/uploads\/2017\/09\/blas-de-robles-jean-marie-blas-de-robles-opale-ok_0.jpg?resize=350%2C200&ssl=1 1x, https:\/\/i0.wp.com\/smallthings.fr\/lespetitslivres\/wp-content\/uploads\/2017\/09\/blas-de-robles-jean-marie-blas-de-robles-opale-ok_0.jpg?resize=525%2C300&ssl=1 1.5x, https:\/\/i0.wp.com\/smallthings.fr\/lespetitslivres\/wp-content\/uploads\/2017\/09\/blas-de-robles-jean-marie-blas-de-robles-opale-ok_0.jpg?resize=700%2C400&ssl=1 2x"},"classes":[]},{"id":26328,"url":"https:\/\/smallthings.fr\/lespetitslivres\/2015\/08\/20\/un-homme-dangereux-emilie-freche-critique\/","url_meta":{"origin":7980,"position":2},"title":"Un homme dangereux &#8211; \u00c9milie Fr\u00e8che","author":"Claire","date":"20 ao\u00fbt 2015","format":false,"excerpt":"Un homme dangereux, nouveau roman d\u2019\u00c9milie Fr\u00e8che, laur\u00e9ate en 2013 du Prix Orange du Livre avec Deux \u00e9trangers, vient de para\u00eetre chez Stock. Fort et captivant, c'est l'un de mes coups de c\u0153ur de cette rentr\u00e9e litt\u00e9raire. Un homme dangereux raconte l'une de ces rencontres qui nous changent et nous\u2026","rel":"","context":"Dans &quot;Rentr\u00e9e Litt\u00e9raire&quot;","block_context":{"text":"Rentr\u00e9e Litt\u00e9raire","link":"https:\/\/smallthings.fr\/lespetitslivres\/category\/rentree-litteraire-2015\/"},"img":{"alt_text":"","src":"","width":0,"height":0},"classes":[]},{"id":26589,"url":"https:\/\/smallthings.fr\/lespetitslivres\/2015\/08\/29\/a-l-enseigne-du-coeur-epris-pigeat-critique\/","url_meta":{"origin":7980,"position":3},"title":"\u00c0 l\u2019enseigne du c\u0153ur \u00e9pris : premier roman de Jean-Fran\u00e7ois Pigeat","author":"Audrey Ch\u00e8vrefeuille","date":"29 ao\u00fbt 2015","format":false,"excerpt":"\u00c0 l\u2019enseigne du c\u0153ur \u00e9pris est le premier roman de Jean-Fran\u00e7ois Pigeat, paru au Dilettante pour la rentr\u00e9e litt\u00e9raire. \u00c0 l\u2019enseigne du c\u0153ur \u00e9pris est l\u2019histoire d\u2019un type. Et d\u2019une femme. La vie les a marqu\u00e9s, le mariage ne leur a pas r\u00e9ussi. Lass\u00e9s du c\u00e9libat mais devenus exigeants par\u2026","rel":"","context":"Dans &quot;Rentr\u00e9e Litt\u00e9raire&quot;","block_context":{"text":"Rentr\u00e9e Litt\u00e9raire","link":"https:\/\/smallthings.fr\/lespetitslivres\/category\/rentree-litteraire-2015\/"},"img":{"alt_text":"","src":"","width":0,"height":0},"classes":[]},{"id":30246,"url":"https:\/\/smallthings.fr\/lespetitslivres\/2016\/08\/25\/principal-guigue-critique\/","url_meta":{"origin":7980,"position":4},"title":"Le principal : les coulisses mouvement\u00e9es d&rsquo;un coll\u00e8ge","author":"Rebecca","date":"25 ao\u00fbt 2016","format":false,"excerpt":"Le principal vient de para\u00eetre chez JC Latt\u00e8s. L'auteur, Arnaud Guigue, sait bien de quoi il parle, car il a \u00e9t\u00e9 lui-m\u00eame principal avant de devenir proviseur dans la r\u00e9gion parisienne. Sa ni\u00e8ce lui ayant fait un jour une remarque des plus surprenantes - \"une fois les emplois du temps\u2026","rel":"","context":"Dans &quot;Essai&quot;","block_context":{"text":"Essai","link":"https:\/\/smallthings.fr\/lespetitslivres\/category\/non-fiction\/essai\/"},"img":{"alt_text":"","src":"https:\/\/i0.wp.com\/smallthings.fr\/lespetitslivres\/wp-content\/uploads\/2016\/08\/college-principal-guigue-couv.jpg?resize=350%2C200&ssl=1","width":350,"height":200,"srcset":"https:\/\/i0.wp.com\/smallthings.fr\/lespetitslivres\/wp-content\/uploads\/2016\/08\/college-principal-guigue-couv.jpg?resize=350%2C200&ssl=1 1x, https:\/\/i0.wp.com\/smallthings.fr\/lespetitslivres\/wp-content\/uploads\/2016\/08\/college-principal-guigue-couv.jpg?resize=525%2C300&ssl=1 1.5x, https:\/\/i0.wp.com\/smallthings.fr\/lespetitslivres\/wp-content\/uploads\/2016\/08\/college-principal-guigue-couv.jpg?resize=700%2C400&ssl=1 2x"},"classes":[]},{"id":26505,"url":"https:\/\/smallthings.fr\/lespetitslivres\/2015\/08\/26\/d-apres-une-histoire-vraie-vigan-critique\/","url_meta":{"origin":7980,"position":5},"title":"D&rsquo;apr\u00e8s une histoire vraie : Delphine de Vigan et l&rsquo;autofiction","author":"Claire","date":"26 ao\u00fbt 2015","format":false,"excerpt":"D'apr\u00e8s une histoire vraie, nouveau roman de Delphine de Vigan, sort aujourd'hui aux \u00e9ditions JC Latt\u00e8s. Un livre tr\u00e8s attendu, quatre ans apr\u00e8s la bombe Rien ne s'oppose \u00e0 la nuit (2011). Pour cette rentr\u00e9e litt\u00e9raire, l'auteure nous propose un livre surprenant, qui m\u00eale fiction et r\u00e9alit\u00e9 dans une intensit\u00e9\u2026","rel":"","context":"Dans &quot;Rentr\u00e9e Litt\u00e9raire&quot;","block_context":{"text":"Rentr\u00e9e Litt\u00e9raire","link":"https:\/\/smallthings.fr\/lespetitslivres\/category\/rentree-litteraire-2015\/"},"img":{"alt_text":"","src":"","width":0,"height":0},"classes":[]}],"_links":{"self":[{"href":"https:\/\/smallthings.fr\/lespetitslivres\/wp-json\/wp\/v2\/posts\/7980"}],"collection":[{"href":"https:\/\/smallthings.fr\/lespetitslivres\/wp-json\/wp\/v2\/posts"}],"about":[{"href":"https:\/\/smallthings.fr\/lespetitslivres\/wp-json\/wp\/v2\/types\/post"}],"author":[{"embeddable":true,"href":"https:\/\/smallthings.fr\/lespetitslivres\/wp-json\/wp\/v2\/users\/2"}],"replies":[{"embeddable":true,"href":"https:\/\/smallthings.fr\/lespetitslivres\/wp-json\/wp\/v2\/comments?post=7980"}],"version-history":[{"count":1,"href":"https:\/\/smallthings.fr\/lespetitslivres\/wp-json\/wp\/v2\/posts\/7980\/revisions"}],"predecessor-version":[{"id":28927,"href":"https:\/\/smallthings.fr\/lespetitslivres\/wp-json\/wp\/v2\/posts\/7980\/revisions\/28927"}],"wp:featuredmedia":[{"embeddable":true,"href":"https:\/\/smallthings.fr\/lespetitslivres\/wp-json\/"}],"wp:attachment":[{"href":"https:\/\/smallthings.fr\/lespetitslivres\/wp-json\/wp\/v2\/media?parent=7980"}],"wp:term":[{"taxonomy":"category","embeddable":true,"href":"https:\/\/smallthings.fr\/lespetitslivres\/wp-json\/wp\/v2\/categories?post=7980"},{"taxonomy":"post_tag","embeddable":true,"href":"https:\/\/smallthings.fr\/lespetitslivres\/wp-json\/wp\/v2\/tags?post=7980"}],"curies":[{"name":"wp","href":"https:\/\/api.w.org\/{rel}","templated":true}]}}