{"id":7907,"date":"2013-09-13T15:53:18","date_gmt":"2013-09-13T14:53:18","guid":{"rendered":"http:\/\/smallthings.fr\/?post_type=os_livre&#038;p=7907"},"modified":"2015-11-02T13:35:39","modified_gmt":"2015-11-02T12:35:39","slug":"veronique-ovalde-grace-brigands","status":"publish","type":"post","link":"https:\/\/smallthings.fr\/lespetitslivres\/2013\/09\/13\/veronique-ovalde-grace-brigands\/","title":{"rendered":"V\u00e9ronique Ovald\u00e9 &#8211; La gr\u00e2ce des brigands"},"content":{"rendered":"<h2><i>La gr\u00e2ce des brigants<\/i>, neuvi\u00e8me roman de V\u00e9ronique Ovald\u00e9, sort aux \u00e9ditions de l&rsquo;Olivier en cette rentr\u00e9e litt\u00e9raire. V\u00e9ronique Ovald\u00e9 est notamment l&rsquo;auteur des tr\u00e8s prim\u00e9s <i>Ce que je sais de Vera\u00a0Candida<\/i> et <i>Mon coeur transparent<\/i>. Cette fois encore, les personnages et leurs histoires, leurs pass\u00e9s, sont au coeur de ce nouveau roman.<\/h2>\n<p><em>La gr\u00e2ce des brigants<\/em>\u00a0de V\u00e9ronique Ovald\u00e9\u00a0commence en 1989.<strong>\u00a0Maria Cristina\u00a0V\u00e4\u00e4tonen re\u00e7oit un appel t\u00e9l\u00e9phonique qui va la bouleverser<\/strong>. C&rsquo;est sa m\u00e8re, dont elle est sans nouvelles\u00a0depuis tant d&rsquo;ann\u00e9es. Sa m\u00e8re qu&rsquo;elle a fui sans se retourner,\u00a0sans retour possible, avec sa vie d&rsquo;avant, son village de Lap\u00e9rouse\u00a0et la maison rose, cette maison de fous. Elle lui demande de venir chercher Peeleete, le jeune fils de sa soeur. Au fond\u00a0d&rsquo;elle-m\u00eame, elle sait qu&rsquo;il ne faut pas qu&rsquo;elle retourne dans cette maison infernale. Cette maison qui lui rappelle tant de mauvais souvenirs. Mais est-ce la curiosit\u00e9 ? Le besoin de v\u00e9rifier que\u00a0ce qu&rsquo;elle sait d\u00e9j\u00e0 est la r\u00e9alit\u00e9 ? Maria Cristina\u00a0prend un avion pour Lap\u00e9rouse et va \u00e0 la rencontre de cet enfant dont elle ignorait jusqu&rsquo;\u00e0 l&rsquo;existence.<\/p>\n<div id=\"attachment_8046\" style=\"width: 229px\" class=\"wp-caption alignright\"><a href=\"http:\/\/uploads.smallthings.fr\/2013\/09\/OVALDV1.jpg\"><img loading=\"lazy\" decoding=\"async\" aria-describedby=\"caption-attachment-8046\" class=\"size-large wp-image-8046\" alt=\"\u00a9 Christian Kettiger\" src=\"http:\/\/uploads.smallthings.fr\/2013\/09\/OVALDV1-877x1024.jpg\" width=\"219\" height=\"255\" \/><\/a><p id=\"caption-attachment-8046\" class=\"wp-caption-text\">\u00a9 Christian Kettiger<\/p><\/div>\n<p><strong><a href=\"http:\/\/uploads.smallthings.fr\/2013\/09\/1413269-gf.jpg\"><img loading=\"lazy\" decoding=\"async\" class=\"alignleft size-full wp-image-8049\" style=\"width: 223px; height: 320px;\" alt=\"grace-des-brigants-couv\" src=\"http:\/\/uploads.smallthings.fr\/2013\/09\/1413269-gf.jpg\" width=\"224\" height=\"335\" \/><\/a>V\u00e9ronique Ovald\u00e9\u00a0nous raconte\u00a0alors la vie incroyable de Maria Cristina<\/strong>. De ses origines \u00e0 sa carri\u00e8re internationale d&rsquo;\u00e9crivaine\u00a0renomm\u00e9e, le lecteur d\u00e9couvre les blessures profondes d&rsquo;une\u00a0enfance perturb\u00e9e par la folie religieuse d&rsquo;une m\u00e8re d\u00e9rang\u00e9e et incapable d&rsquo;aimer. Fuyant cette vie traumatisante, Maria Cristina\u00a0d\u00e9couvrira alors Rafael\u00a0Claramunt, l&rsquo;\u00e9crivain qu&rsquo;elle\u00a0admire tant et qui va devenir son amant, puis son mentor.<\/p>\n<p>Mais malgr\u00e9 les difficult\u00e9s travers\u00e9es dans sa jeunesse, la vie d&rsquo;adulte de Maria Cristina ne s&rsquo;annonce pas facile. <strong>Les blessures, les traumatismes se succ\u00e8dent<\/strong>. A pas de g\u00e9ant, la voil\u00e0\u00a0contrainte de m\u00fbrir, de faire face \u00e0 ces drames de chaque jour. Ses r\u00eaves s&rsquo;effritent, ses mod\u00e8les s&rsquo;av\u00e8rent moins fid\u00e8les qu&rsquo;elle ne le pensait et la vie est finalement bien cruelle avec elle.<\/p>\n<p><strong>Avec <em>La gr\u00e2ce des brigants<\/em>, V\u00e9ronique Ovald\u00e9 signe pour cette rentr\u00e9e litt\u00e9raire un roman puissant. Elle nous propose un personnage plein et tout en volont\u00e9<\/strong>. La volont\u00e9 qui la sauvera de tout, qui la raccroche \u00e0 la vie malgr\u00e9\u00a0tout. On regrette cependant la fin abrupte, qui nous laisse\u00a0un go\u00fbt de trop peu. On aurait aim\u00e9 continuer \u00e0 suivre les aventures de Maria Cristina et on comprend mal cette succession de hasards\u00a0sortis de nulle part.<\/p>\n","protected":false},"excerpt":{"rendered":"<p>La gr\u00e2ce des brigants, neuvi\u00e8me roman de V\u00e9ronique Ovald\u00e9, sort aux \u00e9ditions de l&rsquo;Olivier en cette rentr\u00e9e litt\u00e9raire. V\u00e9ronique Ovald\u00e9 est notamment l&rsquo;auteur des tr\u00e8s prim\u00e9s Ce que je sais de Vera\u00a0Candida et Mon coeur transparent. Cette fois encore, les personnages et leurs histoires, leurs pass\u00e9s, sont au coeur de ce nouveau roman. La gr\u00e2ce<\/p>\n","protected":false},"author":6,"featured_media":8045,"comment_status":"open","ping_status":"open","sticky":false,"template":"","format":"standard","meta":{"jetpack_post_was_ever_published":false,"_jetpack_newsletter_access":"","_jetpack_newsletter_tier_id":0,"footnotes":"","jetpack_publicize_message":"","jetpack_is_tweetstorm":false,"jetpack_publicize_feature_enabled":true,"jetpack_social_post_already_shared":true,"jetpack_social_options":{"image_generator_settings":{"template":"highway","enabled":false}}},"categories":[1117],"tags":[37,38,32,33,39,40],"jetpack_publicize_connections":[],"yoast_head":"<!-- This site is optimized with the Yoast SEO plugin v21.5 - https:\/\/yoast.com\/wordpress\/plugins\/seo\/ -->\n<title>V\u00e9ronique Ovald\u00e9 - La gr\u00e2ce des brigands - Les Petits Livres<\/title>\n<meta name=\"robots\" content=\"index, follow, max-snippet:-1, max-image-preview:large, max-video-preview:-1\" \/>\n<link rel=\"canonical\" href=\"http:\/\/smallthings.fr\/lespetitslivres\/2013\/09\/13\/veronique-ovalde-grace-brigands\/\" \/>\n<meta property=\"og:locale\" content=\"fr_FR\" \/>\n<meta property=\"og:type\" content=\"article\" \/>\n<meta property=\"og:title\" content=\"V\u00e9ronique Ovald\u00e9 - La gr\u00e2ce des brigands - Les Petits Livres\" \/>\n<meta property=\"og:description\" content=\"La gr\u00e2ce des brigants, neuvi\u00e8me roman de V\u00e9ronique Ovald\u00e9, sort aux \u00e9ditions de l&rsquo;Olivier en cette rentr\u00e9e litt\u00e9raire. V\u00e9ronique Ovald\u00e9 est notamment l&rsquo;auteur des tr\u00e8s prim\u00e9s Ce que je sais de Vera\u00a0Candida et Mon coeur transparent. Cette fois encore, les personnages et leurs histoires, leurs pass\u00e9s, sont au coeur de ce nouveau roman. La gr\u00e2ce\" \/>\n<meta property=\"og:url\" content=\"http:\/\/smallthings.fr\/lespetitslivres\/2013\/09\/13\/veronique-ovalde-grace-brigands\/\" \/>\n<meta property=\"og:site_name\" content=\"Les Petits Livres\" \/>\n<meta property=\"article:published_time\" content=\"2013-09-13T14:53:18+00:00\" \/>\n<meta property=\"article:modified_time\" content=\"2015-11-02T12:35:39+00:00\" \/>\n<meta name=\"author\" content=\"Audrey Ch\u00e8vrefeuille\" \/>\n<meta name=\"twitter:card\" content=\"summary_large_image\" \/>\n<meta name=\"twitter:label1\" content=\"\u00c9crit par\" \/>\n\t<meta name=\"twitter:data1\" content=\"Audrey Ch\u00e8vrefeuille\" \/>\n\t<meta name=\"twitter:label2\" content=\"Dur\u00e9e de lecture estim\u00e9e\" \/>\n\t<meta name=\"twitter:data2\" content=\"2 minutes\" \/>\n<script type=\"application\/ld+json\" class=\"yoast-schema-graph\">{\"@context\":\"https:\/\/schema.org\",\"@graph\":[{\"@type\":\"WebPage\",\"@id\":\"http:\/\/smallthings.fr\/lespetitslivres\/2013\/09\/13\/veronique-ovalde-grace-brigands\/\",\"url\":\"http:\/\/smallthings.fr\/lespetitslivres\/2013\/09\/13\/veronique-ovalde-grace-brigands\/\",\"name\":\"V\u00e9ronique Ovald\u00e9 - La gr\u00e2ce des brigands - Les Petits Livres\",\"isPartOf\":{\"@id\":\"https:\/\/smallthings.fr\/lespetitslivres\/#website\"},\"datePublished\":\"2013-09-13T14:53:18+00:00\",\"dateModified\":\"2015-11-02T12:35:39+00:00\",\"author\":{\"@id\":\"https:\/\/smallthings.fr\/lespetitslivres\/#\/schema\/person\/aab65d6efcfc32725dcf5e977fdbcc75\"},\"breadcrumb\":{\"@id\":\"http:\/\/smallthings.fr\/lespetitslivres\/2013\/09\/13\/veronique-ovalde-grace-brigands\/#breadcrumb\"},\"inLanguage\":\"fr-FR\",\"potentialAction\":[{\"@type\":\"ReadAction\",\"target\":[\"http:\/\/smallthings.fr\/lespetitslivres\/2013\/09\/13\/veronique-ovalde-grace-brigands\/\"]}]},{\"@type\":\"BreadcrumbList\",\"@id\":\"http:\/\/smallthings.fr\/lespetitslivres\/2013\/09\/13\/veronique-ovalde-grace-brigands\/#breadcrumb\",\"itemListElement\":[{\"@type\":\"ListItem\",\"position\":1,\"name\":\"Accueil\",\"item\":\"https:\/\/smallthings.fr\/lespetitslivres\/\"},{\"@type\":\"ListItem\",\"position\":2,\"name\":\"V\u00e9ronique Ovald\u00e9 &#8211; La gr\u00e2ce des brigands\"}]},{\"@type\":\"WebSite\",\"@id\":\"https:\/\/smallthings.fr\/lespetitslivres\/#website\",\"url\":\"https:\/\/smallthings.fr\/lespetitslivres\/\",\"name\":\"Les Petits Livres\",\"description\":\"by Small Things\",\"potentialAction\":[{\"@type\":\"SearchAction\",\"target\":{\"@type\":\"EntryPoint\",\"urlTemplate\":\"https:\/\/smallthings.fr\/lespetitslivres\/?s={search_term_string}\"},\"query-input\":\"required name=search_term_string\"}],\"inLanguage\":\"fr-FR\"},{\"@type\":\"Person\",\"@id\":\"https:\/\/smallthings.fr\/lespetitslivres\/#\/schema\/person\/aab65d6efcfc32725dcf5e977fdbcc75\",\"name\":\"Audrey Ch\u00e8vrefeuille\",\"image\":{\"@type\":\"ImageObject\",\"inLanguage\":\"fr-FR\",\"@id\":\"https:\/\/smallthings.fr\/lespetitslivres\/#\/schema\/person\/image\/\",\"url\":\"https:\/\/secure.gravatar.com\/avatar\/5b5b4b3479c8d73a7ac976231ee93e9a?s=96&d=retro&r=g\",\"contentUrl\":\"https:\/\/secure.gravatar.com\/avatar\/5b5b4b3479c8d73a7ac976231ee93e9a?s=96&d=retro&r=g\",\"caption\":\"Audrey Ch\u00e8vrefeuille\"},\"url\":\"https:\/\/smallthings.fr\/lespetitslivres\/author\/audrey_h\/\"}]}<\/script>\n<!-- \/ Yoast SEO plugin. -->","yoast_head_json":{"title":"V\u00e9ronique Ovald\u00e9 - La gr\u00e2ce des brigands - Les Petits Livres","robots":{"index":"index","follow":"follow","max-snippet":"max-snippet:-1","max-image-preview":"max-image-preview:large","max-video-preview":"max-video-preview:-1"},"canonical":"http:\/\/smallthings.fr\/lespetitslivres\/2013\/09\/13\/veronique-ovalde-grace-brigands\/","og_locale":"fr_FR","og_type":"article","og_title":"V\u00e9ronique Ovald\u00e9 - La gr\u00e2ce des brigands - Les Petits Livres","og_description":"La gr\u00e2ce des brigants, neuvi\u00e8me roman de V\u00e9ronique Ovald\u00e9, sort aux \u00e9ditions de l&rsquo;Olivier en cette rentr\u00e9e litt\u00e9raire. V\u00e9ronique Ovald\u00e9 est notamment l&rsquo;auteur des tr\u00e8s prim\u00e9s Ce que je sais de Vera\u00a0Candida et Mon coeur transparent. Cette fois encore, les personnages et leurs histoires, leurs pass\u00e9s, sont au coeur de ce nouveau roman. La gr\u00e2ce","og_url":"http:\/\/smallthings.fr\/lespetitslivres\/2013\/09\/13\/veronique-ovalde-grace-brigands\/","og_site_name":"Les Petits Livres","article_published_time":"2013-09-13T14:53:18+00:00","article_modified_time":"2015-11-02T12:35:39+00:00","author":"Audrey Ch\u00e8vrefeuille","twitter_card":"summary_large_image","twitter_misc":{"\u00c9crit par":"Audrey Ch\u00e8vrefeuille","Dur\u00e9e de lecture estim\u00e9e":"2 minutes"},"schema":{"@context":"https:\/\/schema.org","@graph":[{"@type":"WebPage","@id":"http:\/\/smallthings.fr\/lespetitslivres\/2013\/09\/13\/veronique-ovalde-grace-brigands\/","url":"http:\/\/smallthings.fr\/lespetitslivres\/2013\/09\/13\/veronique-ovalde-grace-brigands\/","name":"V\u00e9ronique Ovald\u00e9 - La gr\u00e2ce des brigands - Les Petits Livres","isPartOf":{"@id":"https:\/\/smallthings.fr\/lespetitslivres\/#website"},"datePublished":"2013-09-13T14:53:18+00:00","dateModified":"2015-11-02T12:35:39+00:00","author":{"@id":"https:\/\/smallthings.fr\/lespetitslivres\/#\/schema\/person\/aab65d6efcfc32725dcf5e977fdbcc75"},"breadcrumb":{"@id":"http:\/\/smallthings.fr\/lespetitslivres\/2013\/09\/13\/veronique-ovalde-grace-brigands\/#breadcrumb"},"inLanguage":"fr-FR","potentialAction":[{"@type":"ReadAction","target":["http:\/\/smallthings.fr\/lespetitslivres\/2013\/09\/13\/veronique-ovalde-grace-brigands\/"]}]},{"@type":"BreadcrumbList","@id":"http:\/\/smallthings.fr\/lespetitslivres\/2013\/09\/13\/veronique-ovalde-grace-brigands\/#breadcrumb","itemListElement":[{"@type":"ListItem","position":1,"name":"Accueil","item":"https:\/\/smallthings.fr\/lespetitslivres\/"},{"@type":"ListItem","position":2,"name":"V\u00e9ronique Ovald\u00e9 &#8211; La gr\u00e2ce des brigands"}]},{"@type":"WebSite","@id":"https:\/\/smallthings.fr\/lespetitslivres\/#website","url":"https:\/\/smallthings.fr\/lespetitslivres\/","name":"Les Petits Livres","description":"by Small Things","potentialAction":[{"@type":"SearchAction","target":{"@type":"EntryPoint","urlTemplate":"https:\/\/smallthings.fr\/lespetitslivres\/?s={search_term_string}"},"query-input":"required name=search_term_string"}],"inLanguage":"fr-FR"},{"@type":"Person","@id":"https:\/\/smallthings.fr\/lespetitslivres\/#\/schema\/person\/aab65d6efcfc32725dcf5e977fdbcc75","name":"Audrey Ch\u00e8vrefeuille","image":{"@type":"ImageObject","inLanguage":"fr-FR","@id":"https:\/\/smallthings.fr\/lespetitslivres\/#\/schema\/person\/image\/","url":"https:\/\/secure.gravatar.com\/avatar\/5b5b4b3479c8d73a7ac976231ee93e9a?s=96&d=retro&r=g","contentUrl":"https:\/\/secure.gravatar.com\/avatar\/5b5b4b3479c8d73a7ac976231ee93e9a?s=96&d=retro&r=g","caption":"Audrey Ch\u00e8vrefeuille"},"url":"https:\/\/smallthings.fr\/lespetitslivres\/author\/audrey_h\/"}]}},"jetpack_featured_media_url":"","jetpack_sharing_enabled":true,"jetpack_shortlink":"https:\/\/wp.me\/p6Un21-23x","jetpack-related-posts":[{"id":31780,"url":"https:\/\/smallthings.fr\/lespetitslivres\/2018\/08\/28\/monsieur-viannet-veronique-le-goaziou\/","url_meta":{"origin":7907,"position":0},"title":"Monsieur Viannet, le roman des laiss\u00e9s pour compte","author":"Victoire Neyraud","date":"28 ao\u00fbt 2018","format":false,"excerpt":"Monsieur Viannet, le dernier roman de la sociologue et romanci\u00e8re V\u00e9ronique Le Goaziou, qui vient de para\u00eetre aux \u00e9ditions La Table Ronde pour la Rentr\u00e9e litt\u00e9raire. Une petite perle qui, d\u00e8s les premiers instants de lecture, nous prend en haleine et nous emporte sans pr\u00e9ambule dans un monde souvent peu\u2026","rel":"","context":"Dans &quot;Roman fran\u00e7ais&quot;","block_context":{"text":"Roman fran\u00e7ais","link":"https:\/\/smallthings.fr\/lespetitslivres\/category\/roman\/roman-francais\/"},"img":{"alt_text":"","src":"https:\/\/i0.wp.com\/smallthings.fr\/lespetitslivres\/wp-content\/uploads\/2018\/08\/monsieur-viannet-couverture-cover.jpg?resize=350%2C200&ssl=1","width":350,"height":200,"srcset":"https:\/\/i0.wp.com\/smallthings.fr\/lespetitslivres\/wp-content\/uploads\/2018\/08\/monsieur-viannet-couverture-cover.jpg?resize=350%2C200&ssl=1 1x, https:\/\/i0.wp.com\/smallthings.fr\/lespetitslivres\/wp-content\/uploads\/2018\/08\/monsieur-viannet-couverture-cover.jpg?resize=525%2C300&ssl=1 1.5x, https:\/\/i0.wp.com\/smallthings.fr\/lespetitslivres\/wp-content\/uploads\/2018\/08\/monsieur-viannet-couverture-cover.jpg?resize=700%2C400&ssl=1 2x"},"classes":[]},{"id":30217,"url":"https:\/\/smallthings.fr\/lespetitslivres\/2016\/08\/18\/derniers-feux-sunset-fitzgerald\/","url_meta":{"origin":7907,"position":1},"title":"Derniers feux sur Sunset ou la vie revisit\u00e9e de Francis Scott Fitzgerald","author":"Fanny","date":"18 ao\u00fbt 2016","format":false,"excerpt":"Avec Derniers feux sur Sunset, ce tout nouveau roman \u00e0 para\u00eetre aujourd'hui\u00a0aux \u00e9ditions de l'Olivier, Stewart O'Nan nous plonge dans un Hollywood plus r\u00e9aliste, d\u00e9fra\u00eechi et mit\u00e9, bien loin de celui des \u00e9crans de cin\u00e9ma. Le temps a pass\u00e9, la vie de Francis Scott Fitzgerald aussi. En 1937, Scott se\u2026","rel":"","context":"Dans &quot;Rentr\u00e9e litt\u00e9raire&quot;","block_context":{"text":"Rentr\u00e9e litt\u00e9raire","link":"https:\/\/smallthings.fr\/lespetitslivres\/category\/rentree-litteraire\/"},"img":{"alt_text":"","src":"https:\/\/i0.wp.com\/smallthings.fr\/lespetitslivres\/wp-content\/uploads\/2016\/08\/derniers-feux-sunset-couv.jpg?resize=350%2C200&ssl=1","width":350,"height":200,"srcset":"https:\/\/i0.wp.com\/smallthings.fr\/lespetitslivres\/wp-content\/uploads\/2016\/08\/derniers-feux-sunset-couv.jpg?resize=350%2C200&ssl=1 1x, https:\/\/i0.wp.com\/smallthings.fr\/lespetitslivres\/wp-content\/uploads\/2016\/08\/derniers-feux-sunset-couv.jpg?resize=525%2C300&ssl=1 1.5x, https:\/\/i0.wp.com\/smallthings.fr\/lespetitslivres\/wp-content\/uploads\/2016\/08\/derniers-feux-sunset-couv.jpg?resize=700%2C400&ssl=1 2x, https:\/\/i0.wp.com\/smallthings.fr\/lespetitslivres\/wp-content\/uploads\/2016\/08\/derniers-feux-sunset-couv.jpg?resize=1050%2C600&ssl=1 3x"},"classes":[]},{"id":26678,"url":"https:\/\/smallthings.fr\/lespetitslivres\/2015\/09\/03\/les-pechers-claire-castillon-critique\/","url_meta":{"origin":7907,"position":2},"title":"Les p\u00eachers, la rentr\u00e9e de Claire Castillon : d\u00e9ception","author":"Claire","date":"3 septembre 2015","format":false,"excerpt":"Grande amatrice des nouvelles de Claire Castillon, j'attendais son roman Les p\u00eachers avec beaucoup d'impatience et de curiosit\u00e9. Il para\u00eet aujourd'hui aux \u00e9ditions de l'Olivier. Ce roman \u00e0 trois voix a beau \u00eatre servi par un style impeccable, il ne parvient pas \u00e0 nous accrocher jusqu'\u00e0 la fin. Certains passages,\u2026","rel":"","context":"Dans &quot;Rentr\u00e9e Litt\u00e9raire&quot;","block_context":{"text":"Rentr\u00e9e Litt\u00e9raire","link":"https:\/\/smallthings.fr\/lespetitslivres\/category\/rentree-litteraire-2015\/"},"img":{"alt_text":"","src":"","width":0,"height":0},"classes":[]},{"id":26444,"url":"https:\/\/smallthings.fr\/lespetitslivres\/2015\/08\/24\/la-maladroite-alexandre-seurat-critique\/","url_meta":{"origin":7907,"position":3},"title":"La maladroite, premier roman d&rsquo;Alexandre Seurat","author":"Claire","date":"24 ao\u00fbt 2015","format":false,"excerpt":"La maladroite, premier roman d'Alexandre Seurat, est le bijou inattendu de cette rentr\u00e9e litt\u00e9raire. Paru aux \u00e9ditions du Rouergue le 19 ao\u00fbt, il a d\u00e9j\u00e0 remport\u00e9 le coup de c\u0153ur des magasins Cultura, qui lui assure une belle visibilit\u00e9. Il est \u00e9galement finaliste du Prix Roman Fnac 2015, et on\u2026","rel":"","context":"Dans &quot;Rentr\u00e9e Litt\u00e9raire&quot;","block_context":{"text":"Rentr\u00e9e Litt\u00e9raire","link":"https:\/\/smallthings.fr\/lespetitslivres\/category\/rentree-litteraire-2015\/"},"img":{"alt_text":"","src":"https:\/\/i0.wp.com\/smallthings.fr\/wp-content\/uploads\/2015\/08\/la-maladroite-205x300.jpg?resize=350%2C200","width":350,"height":200},"classes":[]},{"id":30350,"url":"https:\/\/smallthings.fr\/lespetitslivres\/2016\/09\/28\/a-la-fin-le-silence-tardieu\/","url_meta":{"origin":7907,"position":4},"title":"A la fin le silence : la mort puis la vie, de Laurence Tardieu","author":"Claire","date":"28 septembre 2016","format":false,"excerpt":"A la fin le silence est le roman que nous propose Laurence Tardieu pour cette rentr\u00e9e litt\u00e9raire aux \u00e9ditions du Seuil. Apr\u00e8s Le jugement de L\u00e9a, Puisque rien ne dure et Une vie \u00e0 soi, A la fin le silence s'apparente plus \u00e0 un essai litt\u00e9raire qu'\u00e0 une fiction. S'il\u2026","rel":"","context":"Dans &quot;Rentr\u00e9e litt\u00e9raire&quot;","block_context":{"text":"Rentr\u00e9e litt\u00e9raire","link":"https:\/\/smallthings.fr\/lespetitslivres\/category\/rentree-litteraire\/"},"img":{"alt_text":"","src":"https:\/\/i0.wp.com\/smallthings.fr\/lespetitslivres\/wp-content\/uploads\/2016\/09\/laurence-tardieu.jpg?resize=350%2C200&ssl=1","width":350,"height":200,"srcset":"https:\/\/i0.wp.com\/smallthings.fr\/lespetitslivres\/wp-content\/uploads\/2016\/09\/laurence-tardieu.jpg?resize=350%2C200&ssl=1 1x, https:\/\/i0.wp.com\/smallthings.fr\/lespetitslivres\/wp-content\/uploads\/2016\/09\/laurence-tardieu.jpg?resize=525%2C300&ssl=1 1.5x"},"classes":[]},{"id":31260,"url":"https:\/\/smallthings.fr\/lespetitslivres\/2017\/09\/03\/avancee-de-la-nuit-alikavazovic-avis\/","url_meta":{"origin":7907,"position":5},"title":"L&rsquo;Avanc\u00e9e de la nuit : un r\u00e9cit peut-il changer une vie ?","author":"No\u00e9mie Toledano","date":"3 septembre 2017","format":false,"excerpt":"L'Avanc\u00e9e de la nuit de Jakuta Alikavazovic est l'un des romans de la rentr\u00e9e litt\u00e9raire des \u00e9ditions de l'Olivier. Un r\u00e9cit peut-il changer une vie\u00a0? Telle est la question. Dans ce roman, o\u00f9 l\u2019on se plonge comme on se laisse envahir par la nuit qui tombe, le r\u00e9cit est celui\u2026","rel":"","context":"Dans &quot;Roman fran\u00e7ais&quot;","block_context":{"text":"Roman fran\u00e7ais","link":"https:\/\/smallthings.fr\/lespetitslivres\/category\/roman\/roman-francais\/"},"img":{"alt_text":"","src":"https:\/\/i0.wp.com\/smallthings.fr\/lespetitslivres\/wp-content\/uploads\/2017\/09\/avancee-de-la-nuit-couv.jpg?resize=350%2C200&ssl=1","width":350,"height":200},"classes":[]}],"_links":{"self":[{"href":"https:\/\/smallthings.fr\/lespetitslivres\/wp-json\/wp\/v2\/posts\/7907"}],"collection":[{"href":"https:\/\/smallthings.fr\/lespetitslivres\/wp-json\/wp\/v2\/posts"}],"about":[{"href":"https:\/\/smallthings.fr\/lespetitslivres\/wp-json\/wp\/v2\/types\/post"}],"author":[{"embeddable":true,"href":"https:\/\/smallthings.fr\/lespetitslivres\/wp-json\/wp\/v2\/users\/6"}],"replies":[{"embeddable":true,"href":"https:\/\/smallthings.fr\/lespetitslivres\/wp-json\/wp\/v2\/comments?post=7907"}],"version-history":[{"count":1,"href":"https:\/\/smallthings.fr\/lespetitslivres\/wp-json\/wp\/v2\/posts\/7907\/revisions"}],"predecessor-version":[{"id":28929,"href":"https:\/\/smallthings.fr\/lespetitslivres\/wp-json\/wp\/v2\/posts\/7907\/revisions\/28929"}],"wp:featuredmedia":[{"embeddable":true,"href":"https:\/\/smallthings.fr\/lespetitslivres\/wp-json\/"}],"wp:attachment":[{"href":"https:\/\/smallthings.fr\/lespetitslivres\/wp-json\/wp\/v2\/media?parent=7907"}],"wp:term":[{"taxonomy":"category","embeddable":true,"href":"https:\/\/smallthings.fr\/lespetitslivres\/wp-json\/wp\/v2\/categories?post=7907"},{"taxonomy":"post_tag","embeddable":true,"href":"https:\/\/smallthings.fr\/lespetitslivres\/wp-json\/wp\/v2\/tags?post=7907"}],"curies":[{"name":"wp","href":"https:\/\/api.w.org\/{rel}","templated":true}]}}