{"id":7044,"date":"2013-09-11T17:11:25","date_gmt":"2013-09-11T16:11:25","guid":{"rendered":"http:\/\/smallthings.fr\/?post_type=os_livre&#038;p=7044"},"modified":"2015-11-02T13:35:43","modified_gmt":"2015-11-02T12:35:43","slug":"e-pessan-muette","status":"publish","type":"post","link":"https:\/\/smallthings.fr\/lespetitslivres\/2013\/09\/11\/e-pessan-muette\/","title":{"rendered":"Eric Pessan &#8211; Muette"},"content":{"rendered":"<h2>Avec <em>Muette<\/em>, Eric\u00a0Pessan choisit pour cette rentr\u00e9e le th\u00e8me de la fugue et du mal-\u00eatre adolescent. <em>Muette<\/em>,\u00a0ou l&rsquo;incompr\u00e9hension\u00a0entre\u00a0une jeune fille\u00a0et le reste du monde. Un roman sensible et po\u00e9tique.<\/h2>\n<p><a href=\"http:\/\/uploads.smallthings.fr\/2013\/07\/Muette-EricPessan.jpg\"><img loading=\"lazy\" decoding=\"async\" class=\"alignright size-medium wp-image-8000\" alt=\"muette-eric-pessan\" src=\"http:\/\/uploads.smallthings.fr\/2013\/07\/Muette-EricPessan-204x300.jpg\" width=\"204\" height=\"300\" \/><\/a>C&rsquo;est l&rsquo;\u00e9t\u00e9. Le moment est id\u00e9al. <strong>Muette a soigneusement pr\u00e9par\u00e9 sa fuite<\/strong>, pens\u00e9 au meilleur endroit o\u00f9 se cacher, au temps qu&rsquo;il faudra \u00e0 ses parents pour se rendre compte de son absence. S&rsquo;ils la remarquent. Alors elle est partie. Elle a rassembl\u00e9 quelques affaires,\u00a0des biscuits, des bouteilles d&rsquo;eau, une tenue de rechange. Elle a ferm\u00e9 la porte derri\u00e8re elle et elle est partie\u00a0sans se retourner. L\u00e0-bas, \u00e0 quelques kilom\u00e8tres \u00e0 peine, il y a une grange abandonn\u00e9e. Elle deviendra <em>sa<\/em> grange.<\/p>\n<p><strong>La fugue lui donne des ailes, le sentiment de libert\u00e9 la fait vibrer<\/strong>. Muette red\u00e9couvre\u00a0ce petit chemin \u00e0 travers les bois qu&rsquo;elle a pourtant mille fois emprunt\u00e9. Mais cette fois, personne ne\u00a0sait o\u00f9 elle est, personne ne peut lui dire de rentrer. L\u00e0-bas, l&rsquo;attend la grange, ce lieu merveilleux o\u00f9 elle sera libre de faire ce qu&rsquo;elle veut. Quand elle veut. Parce qu&rsquo;elle le veut.<\/p>\n<p><strong>Dans ce roman touchant, Eric\u00a0Pessan\u00a0nous entraine dans une aventure comme il en existe tant : une adolescente d\u00e9cide de s&rsquo;enfuir pour d\u00e9couvrir la <em>libert\u00e9<\/em>.<\/strong> A travers cette fugue, la sensibilit\u00e9 de la plume de l&rsquo;auteur nous d\u00e9voile les pens\u00e9es de Muette, ses impressions, ses craintes, sa d\u00e9termination. Tant\u00f4t d\u00e9cid\u00e9e, tant\u00f4t effray\u00e9e, Muette est finalement une adolescente comme les autres, une jeune fille qui ne trouve pas sa place dans le monde qui l&rsquo;entoure et se sent profond\u00e9ment seule et incomprise. Cette solitude psychologique, elle la mat\u00e9rialise en s&rsquo;exilant au milieu de la for\u00eat.<\/p>\n<p>Mais en s&rsquo;installant \u00e0 quelques kilom\u00e8tres \u00e0 peine de chez ses parents, quel est son v\u00e9ritable but ? Et si ce monde qui ne la comprend pas, elle voulait y <em>entrer <\/em>? Comme si cette fugue \u00e9tait un voyage initiatique, une mani\u00e8re de montrer qu&rsquo;elle <em>existe<\/em>, qu&rsquo;elle est capable de vivre par elle-m\u00eame, pour elle-m\u00eame et d&rsquo;entrer ainsi dans le monde des adultes en laissant derri\u00e8re elle, sur le chemin qui la conduit \u00e0 la grange, son enfance r\u00e9volue.<\/p>\n<blockquote><p>\u00ab\u00a0<em>Muette franchit un foss\u00e9 et chasse les images, chasse tout souvenir, elle aimerait perdre la m\u00e9moire,n effacer, effacer, creuser et enfouir, redevenir le lapin qui sait vivre sous terre. Ou bien elle ouvrirait le contenu de son cr\u00e2ne, saisirait avec une petite fl\u00e8che les \u00e9l\u00e9ments ind\u00e9sirables, les glisserait par-dessus la corbeille et hop, disparus. Videz la corbeille. Voulez-vous vraiment supprimer ces \u00e9l\u00e9ments? Oui. Et enfin, la paix, tout simplement la paix.\u00a0\u00bb<\/em><\/p><\/blockquote>\n<p><strong>Eric\u00a0Pessan<\/strong> est d\u00e9j\u00e0 auteur de 6 romans, parus chez divers \u00e9diteurs. Il touche un peu \u00e0 tout en mati\u00e8re de litt\u00e9rature : jeunesse, nouvelles, pi\u00e8ces de th\u00e9\u00e2tre, po\u00e9sie&#8230;<\/p>\n<p><em>Muette<\/em> est d\u00e9j\u00e0 en lice pour des prix litt\u00e9raires, dont le prix <strong>Femina<\/strong>, pour lequel il a int\u00e9gr\u00e9 la premi\u00e8re s\u00e9lection.<\/p>\n<div id=\"attachment_7999\" style=\"width: 320px\" class=\"wp-caption aligncenter\"><a href=\"http:\/\/uploads.smallthings.fr\/2013\/07\/150901.jpg\"><img loading=\"lazy\" decoding=\"async\" aria-describedby=\"caption-attachment-7999\" class=\"size-full wp-image-7999\" alt=\"\u00a9 Thierry Rajic \/ Figure\" src=\"http:\/\/uploads.smallthings.fr\/2013\/07\/150901.jpg\" width=\"310\" height=\"214\" \/><\/a><p id=\"caption-attachment-7999\" class=\"wp-caption-text\">\u00a9 Thierry Rajic \/ Figure<\/p><\/div>\n","protected":false},"excerpt":{"rendered":"<p>Avec Muette, Eric\u00a0Pessan choisit pour cette rentr\u00e9e le th\u00e8me de la fugue et du mal-\u00eatre adolescent. Muette,\u00a0ou l&rsquo;incompr\u00e9hension\u00a0entre\u00a0une jeune fille\u00a0et le reste du monde. Un roman sensible et po\u00e9tique. C&rsquo;est l&rsquo;\u00e9t\u00e9. Le moment est id\u00e9al. Muette a soigneusement pr\u00e9par\u00e9 sa fuite, pens\u00e9 au meilleur endroit o\u00f9 se cacher, au temps qu&rsquo;il faudra \u00e0 ses parents<\/p>\n","protected":false},"author":6,"featured_media":8002,"comment_status":"open","ping_status":"open","sticky":false,"template":"","format":"standard","meta":{"jetpack_post_was_ever_published":false,"_jetpack_newsletter_access":"","_jetpack_newsletter_tier_id":0,"footnotes":"","jetpack_publicize_message":"","jetpack_is_tweetstorm":false,"jetpack_publicize_feature_enabled":true,"jetpack_social_post_already_shared":true,"jetpack_social_options":{"image_generator_settings":{"template":"highway","enabled":false}}},"categories":[1117],"tags":[29,30,31,32,33],"jetpack_publicize_connections":[],"yoast_head":"<!-- This site is optimized with the Yoast SEO plugin v21.5 - https:\/\/yoast.com\/wordpress\/plugins\/seo\/ -->\n<title>Eric Pessan - Muette - Les Petits Livres<\/title>\n<meta name=\"robots\" content=\"index, follow, max-snippet:-1, max-image-preview:large, max-video-preview:-1\" \/>\n<link rel=\"canonical\" href=\"http:\/\/smallthings.fr\/lespetitslivres\/2013\/09\/11\/e-pessan-muette\/\" \/>\n<meta property=\"og:locale\" content=\"fr_FR\" \/>\n<meta property=\"og:type\" content=\"article\" \/>\n<meta property=\"og:title\" content=\"Eric Pessan - Muette - Les Petits Livres\" \/>\n<meta property=\"og:description\" content=\"Avec Muette, Eric\u00a0Pessan choisit pour cette rentr\u00e9e le th\u00e8me de la fugue et du mal-\u00eatre adolescent. Muette,\u00a0ou l&rsquo;incompr\u00e9hension\u00a0entre\u00a0une jeune fille\u00a0et le reste du monde. Un roman sensible et po\u00e9tique. C&rsquo;est l&rsquo;\u00e9t\u00e9. Le moment est id\u00e9al. Muette a soigneusement pr\u00e9par\u00e9 sa fuite, pens\u00e9 au meilleur endroit o\u00f9 se cacher, au temps qu&rsquo;il faudra \u00e0 ses parents\" \/>\n<meta property=\"og:url\" content=\"http:\/\/smallthings.fr\/lespetitslivres\/2013\/09\/11\/e-pessan-muette\/\" \/>\n<meta property=\"og:site_name\" content=\"Les Petits Livres\" \/>\n<meta property=\"article:published_time\" content=\"2013-09-11T16:11:25+00:00\" \/>\n<meta property=\"article:modified_time\" content=\"2015-11-02T12:35:43+00:00\" \/>\n<meta name=\"author\" content=\"Audrey Ch\u00e8vrefeuille\" \/>\n<meta name=\"twitter:card\" content=\"summary_large_image\" \/>\n<meta name=\"twitter:label1\" content=\"\u00c9crit par\" \/>\n\t<meta name=\"twitter:data1\" content=\"Audrey Ch\u00e8vrefeuille\" \/>\n\t<meta name=\"twitter:label2\" content=\"Dur\u00e9e de lecture estim\u00e9e\" \/>\n\t<meta name=\"twitter:data2\" content=\"3 minutes\" \/>\n<script type=\"application\/ld+json\" class=\"yoast-schema-graph\">{\"@context\":\"https:\/\/schema.org\",\"@graph\":[{\"@type\":\"WebPage\",\"@id\":\"http:\/\/smallthings.fr\/lespetitslivres\/2013\/09\/11\/e-pessan-muette\/\",\"url\":\"http:\/\/smallthings.fr\/lespetitslivres\/2013\/09\/11\/e-pessan-muette\/\",\"name\":\"Eric Pessan - Muette - Les Petits Livres\",\"isPartOf\":{\"@id\":\"https:\/\/smallthings.fr\/lespetitslivres\/#website\"},\"datePublished\":\"2013-09-11T16:11:25+00:00\",\"dateModified\":\"2015-11-02T12:35:43+00:00\",\"author\":{\"@id\":\"https:\/\/smallthings.fr\/lespetitslivres\/#\/schema\/person\/aab65d6efcfc32725dcf5e977fdbcc75\"},\"breadcrumb\":{\"@id\":\"http:\/\/smallthings.fr\/lespetitslivres\/2013\/09\/11\/e-pessan-muette\/#breadcrumb\"},\"inLanguage\":\"fr-FR\",\"potentialAction\":[{\"@type\":\"ReadAction\",\"target\":[\"http:\/\/smallthings.fr\/lespetitslivres\/2013\/09\/11\/e-pessan-muette\/\"]}]},{\"@type\":\"BreadcrumbList\",\"@id\":\"http:\/\/smallthings.fr\/lespetitslivres\/2013\/09\/11\/e-pessan-muette\/#breadcrumb\",\"itemListElement\":[{\"@type\":\"ListItem\",\"position\":1,\"name\":\"Accueil\",\"item\":\"https:\/\/smallthings.fr\/lespetitslivres\/\"},{\"@type\":\"ListItem\",\"position\":2,\"name\":\"Eric Pessan &#8211; Muette\"}]},{\"@type\":\"WebSite\",\"@id\":\"https:\/\/smallthings.fr\/lespetitslivres\/#website\",\"url\":\"https:\/\/smallthings.fr\/lespetitslivres\/\",\"name\":\"Les Petits Livres\",\"description\":\"by Small Things\",\"potentialAction\":[{\"@type\":\"SearchAction\",\"target\":{\"@type\":\"EntryPoint\",\"urlTemplate\":\"https:\/\/smallthings.fr\/lespetitslivres\/?s={search_term_string}\"},\"query-input\":\"required name=search_term_string\"}],\"inLanguage\":\"fr-FR\"},{\"@type\":\"Person\",\"@id\":\"https:\/\/smallthings.fr\/lespetitslivres\/#\/schema\/person\/aab65d6efcfc32725dcf5e977fdbcc75\",\"name\":\"Audrey Ch\u00e8vrefeuille\",\"image\":{\"@type\":\"ImageObject\",\"inLanguage\":\"fr-FR\",\"@id\":\"https:\/\/smallthings.fr\/lespetitslivres\/#\/schema\/person\/image\/\",\"url\":\"https:\/\/secure.gravatar.com\/avatar\/5b5b4b3479c8d73a7ac976231ee93e9a?s=96&d=retro&r=g\",\"contentUrl\":\"https:\/\/secure.gravatar.com\/avatar\/5b5b4b3479c8d73a7ac976231ee93e9a?s=96&d=retro&r=g\",\"caption\":\"Audrey Ch\u00e8vrefeuille\"},\"url\":\"https:\/\/smallthings.fr\/lespetitslivres\/author\/audrey_h\/\"}]}<\/script>\n<!-- \/ Yoast SEO plugin. -->","yoast_head_json":{"title":"Eric Pessan - Muette - Les Petits Livres","robots":{"index":"index","follow":"follow","max-snippet":"max-snippet:-1","max-image-preview":"max-image-preview:large","max-video-preview":"max-video-preview:-1"},"canonical":"http:\/\/smallthings.fr\/lespetitslivres\/2013\/09\/11\/e-pessan-muette\/","og_locale":"fr_FR","og_type":"article","og_title":"Eric Pessan - Muette - Les Petits Livres","og_description":"Avec Muette, Eric\u00a0Pessan choisit pour cette rentr\u00e9e le th\u00e8me de la fugue et du mal-\u00eatre adolescent. Muette,\u00a0ou l&rsquo;incompr\u00e9hension\u00a0entre\u00a0une jeune fille\u00a0et le reste du monde. Un roman sensible et po\u00e9tique. C&rsquo;est l&rsquo;\u00e9t\u00e9. Le moment est id\u00e9al. Muette a soigneusement pr\u00e9par\u00e9 sa fuite, pens\u00e9 au meilleur endroit o\u00f9 se cacher, au temps qu&rsquo;il faudra \u00e0 ses parents","og_url":"http:\/\/smallthings.fr\/lespetitslivres\/2013\/09\/11\/e-pessan-muette\/","og_site_name":"Les Petits Livres","article_published_time":"2013-09-11T16:11:25+00:00","article_modified_time":"2015-11-02T12:35:43+00:00","author":"Audrey Ch\u00e8vrefeuille","twitter_card":"summary_large_image","twitter_misc":{"\u00c9crit par":"Audrey Ch\u00e8vrefeuille","Dur\u00e9e de lecture estim\u00e9e":"3 minutes"},"schema":{"@context":"https:\/\/schema.org","@graph":[{"@type":"WebPage","@id":"http:\/\/smallthings.fr\/lespetitslivres\/2013\/09\/11\/e-pessan-muette\/","url":"http:\/\/smallthings.fr\/lespetitslivres\/2013\/09\/11\/e-pessan-muette\/","name":"Eric Pessan - Muette - Les Petits Livres","isPartOf":{"@id":"https:\/\/smallthings.fr\/lespetitslivres\/#website"},"datePublished":"2013-09-11T16:11:25+00:00","dateModified":"2015-11-02T12:35:43+00:00","author":{"@id":"https:\/\/smallthings.fr\/lespetitslivres\/#\/schema\/person\/aab65d6efcfc32725dcf5e977fdbcc75"},"breadcrumb":{"@id":"http:\/\/smallthings.fr\/lespetitslivres\/2013\/09\/11\/e-pessan-muette\/#breadcrumb"},"inLanguage":"fr-FR","potentialAction":[{"@type":"ReadAction","target":["http:\/\/smallthings.fr\/lespetitslivres\/2013\/09\/11\/e-pessan-muette\/"]}]},{"@type":"BreadcrumbList","@id":"http:\/\/smallthings.fr\/lespetitslivres\/2013\/09\/11\/e-pessan-muette\/#breadcrumb","itemListElement":[{"@type":"ListItem","position":1,"name":"Accueil","item":"https:\/\/smallthings.fr\/lespetitslivres\/"},{"@type":"ListItem","position":2,"name":"Eric Pessan &#8211; Muette"}]},{"@type":"WebSite","@id":"https:\/\/smallthings.fr\/lespetitslivres\/#website","url":"https:\/\/smallthings.fr\/lespetitslivres\/","name":"Les Petits Livres","description":"by Small Things","potentialAction":[{"@type":"SearchAction","target":{"@type":"EntryPoint","urlTemplate":"https:\/\/smallthings.fr\/lespetitslivres\/?s={search_term_string}"},"query-input":"required name=search_term_string"}],"inLanguage":"fr-FR"},{"@type":"Person","@id":"https:\/\/smallthings.fr\/lespetitslivres\/#\/schema\/person\/aab65d6efcfc32725dcf5e977fdbcc75","name":"Audrey Ch\u00e8vrefeuille","image":{"@type":"ImageObject","inLanguage":"fr-FR","@id":"https:\/\/smallthings.fr\/lespetitslivres\/#\/schema\/person\/image\/","url":"https:\/\/secure.gravatar.com\/avatar\/5b5b4b3479c8d73a7ac976231ee93e9a?s=96&d=retro&r=g","contentUrl":"https:\/\/secure.gravatar.com\/avatar\/5b5b4b3479c8d73a7ac976231ee93e9a?s=96&d=retro&r=g","caption":"Audrey Ch\u00e8vrefeuille"},"url":"https:\/\/smallthings.fr\/lespetitslivres\/author\/audrey_h\/"}]}},"jetpack_featured_media_url":"","jetpack_sharing_enabled":true,"jetpack_shortlink":"https:\/\/wp.me\/p6Un21-1PC","jetpack-related-posts":[{"id":25537,"url":"https:\/\/smallthings.fr\/lespetitslivres\/2015\/08\/21\/ressources-inhumaines-roman-viguier-critique\/","url_meta":{"origin":7044,"position":0},"title":"Ressources inhumaines : premier roman de Fr\u00e9d\u00e9ric Viguier","author":"Claire","date":"21 ao\u00fbt 2015","format":false,"excerpt":"Ressources inhumaines est le premier roman de Fr\u00e9d\u00e9ric Viguier, publi\u00e9 en cette rentr\u00e9e litt\u00e9raire par les \u00e9ditions Albin Michel. L'auteur choisit le th\u00e8me de la vie en entreprise au sein d'un hypermarch\u00e9. Ressources inhumaines nous parle de manipulation, de harc\u00e8lement, mais aussi de ces existences qui ne tournent qu'autour du\u2026","rel":"","context":"Dans &quot;Rentr\u00e9e Litt\u00e9raire&quot;","block_context":{"text":"Rentr\u00e9e Litt\u00e9raire","link":"https:\/\/smallthings.fr\/lespetitslivres\/category\/rentree-litteraire-2015\/"},"img":{"alt_text":"","src":"https:\/\/i0.wp.com\/smallthings.fr\/wp-content\/uploads\/2015\/07\/ressources-inhumaines-viguier.jpg?resize=350%2C200","width":350,"height":200},"classes":[]},{"id":26444,"url":"https:\/\/smallthings.fr\/lespetitslivres\/2015\/08\/24\/la-maladroite-alexandre-seurat-critique\/","url_meta":{"origin":7044,"position":1},"title":"La maladroite, premier roman d&rsquo;Alexandre Seurat","author":"Claire","date":"24 ao\u00fbt 2015","format":false,"excerpt":"La maladroite, premier roman d'Alexandre Seurat, est le bijou inattendu de cette rentr\u00e9e litt\u00e9raire. Paru aux \u00e9ditions du Rouergue le 19 ao\u00fbt, il a d\u00e9j\u00e0 remport\u00e9 le coup de c\u0153ur des magasins Cultura, qui lui assure une belle visibilit\u00e9. Il est \u00e9galement finaliste du Prix Roman Fnac 2015, et on\u2026","rel":"","context":"Dans &quot;Rentr\u00e9e Litt\u00e9raire&quot;","block_context":{"text":"Rentr\u00e9e Litt\u00e9raire","link":"https:\/\/smallthings.fr\/lespetitslivres\/category\/rentree-litteraire-2015\/"},"img":{"alt_text":"","src":"https:\/\/i0.wp.com\/smallthings.fr\/wp-content\/uploads\/2015\/08\/la-maladroite-205x300.jpg?resize=350%2C200","width":350,"height":200},"classes":[]},{"id":30292,"url":"https:\/\/smallthings.fr\/lespetitslivres\/2016\/09\/14\/garde-corps-virginie-martin\/","url_meta":{"origin":7044,"position":2},"title":"Garde-corps de Virginie Martin : la vie des femmes","author":"Diane Norric","date":"14 septembre 2016","format":false,"excerpt":"\u00c0 l\u2019occasion de la rentr\u00e9e litt\u00e9raire, les \u00e9ditions Lemieux publient Garde-corps, le premier roman de la\u00a0chercheure\u00a0et politologue Virginie Martin. Un bref r\u00e9cit situ\u00e9 dans le monde politique, o\u00f9\u00a0affleure l\u2019engagement f\u00e9ministe de l\u2019auteure. Gabrielle Clair est une ministre du travail brillante, d\u00e9vou\u00e9e et ambitieuse. Elle \u00e9volue dans un monde d\u2019hommes, o\u00f9\u2026","rel":"","context":"Dans &quot;Rentr\u00e9e litt\u00e9raire&quot;","block_context":{"text":"Rentr\u00e9e litt\u00e9raire","link":"https:\/\/smallthings.fr\/lespetitslivres\/category\/rentree-litteraire\/"},"img":{"alt_text":"","src":"https:\/\/i0.wp.com\/smallthings.fr\/lespetitslivres\/wp-content\/uploads\/2016\/09\/virginie-martin.jpg?resize=350%2C200&ssl=1","width":350,"height":200,"srcset":"https:\/\/i0.wp.com\/smallthings.fr\/lespetitslivres\/wp-content\/uploads\/2016\/09\/virginie-martin.jpg?resize=350%2C200&ssl=1 1x, https:\/\/i0.wp.com\/smallthings.fr\/lespetitslivres\/wp-content\/uploads\/2016\/09\/virginie-martin.jpg?resize=525%2C300&ssl=1 1.5x, https:\/\/i0.wp.com\/smallthings.fr\/lespetitslivres\/wp-content\/uploads\/2016\/09\/virginie-martin.jpg?resize=700%2C400&ssl=1 2x"},"classes":[]},{"id":31762,"url":"https:\/\/smallthings.fr\/lespetitslivres\/2018\/08\/23\/vie-de-pierres-chaudes-aurelie-razimbaud\/","url_meta":{"origin":7044,"position":3},"title":"Une vie de pierres chaudes, le premier roman d&rsquo;Aur\u00e9lie Razimbaud","author":"Claire","date":"23 ao\u00fbt 2018","format":false,"excerpt":"Aur\u00e9lie Razimbaud publie son premier roman chez Albin Michel pour cette Rentr\u00e9e litt\u00e9raire, Une vie de pierres chaudes. C'est dans le contexte de la guerre d'Alg\u00e9rie qu'elle plonge ses personnages. Un moyen pour elle de dire cette \u00e9poque que son grand-p\u00e8re n'a jamais pu lui raconter... En Alg\u00e9rie, dans les\u2026","rel":"","context":"Dans &quot;Roman fran\u00e7ais&quot;","block_context":{"text":"Roman fran\u00e7ais","link":"https:\/\/smallthings.fr\/lespetitslivres\/category\/roman\/roman-francais\/"},"img":{"alt_text":"","src":"https:\/\/i0.wp.com\/smallthings.fr\/lespetitslivres\/wp-content\/uploads\/2018\/08\/aurelie-razimbaud.jpg?resize=350%2C200&ssl=1","width":350,"height":200,"srcset":"https:\/\/i0.wp.com\/smallthings.fr\/lespetitslivres\/wp-content\/uploads\/2018\/08\/aurelie-razimbaud.jpg?resize=350%2C200&ssl=1 1x, https:\/\/i0.wp.com\/smallthings.fr\/lespetitslivres\/wp-content\/uploads\/2018\/08\/aurelie-razimbaud.jpg?resize=525%2C300&ssl=1 1.5x, https:\/\/i0.wp.com\/smallthings.fr\/lespetitslivres\/wp-content\/uploads\/2018\/08\/aurelie-razimbaud.jpg?resize=700%2C400&ssl=1 2x, https:\/\/i0.wp.com\/smallthings.fr\/lespetitslivres\/wp-content\/uploads\/2018\/08\/aurelie-razimbaud.jpg?resize=1050%2C600&ssl=1 3x"},"classes":[]},{"id":15845,"url":"https:\/\/smallthings.fr\/lespetitslivres\/2014\/08\/20\/amelie-nothomb-petronille-rentree-avis\/","url_meta":{"origin":7044,"position":4},"title":"Am\u00e9lie Nothomb fait sa rentr\u00e9e avec P\u00e9tronille","author":"Audrey Ch\u00e8vrefeuille","date":"20 ao\u00fbt 2014","format":false,"excerpt":"Comme chaque ann\u00e9e, Am\u00e9lie Nothomb sort son nouveau roman pour la rentr\u00e9e litt\u00e9raire chez Albin Michel. C\u2019est devenu une habitude depuis longtemps maintenant. Pas de r\u00e9el suspense donc quant \u00e0 l\u2019\u00e9v\u00e9nement, mais toujours une impatience et des interrogations sur le contenu. Annonc\u00e9 \u00e0 200.000 exemplaires, P\u00e9tronille fera s\u00fbrement beaucoup parler\u2026","rel":"","context":"Dans &quot;Roman fran\u00e7ais&quot;","block_context":{"text":"Roman fran\u00e7ais","link":"https:\/\/smallthings.fr\/lespetitslivres\/category\/roman\/roman-francais\/"},"img":{"alt_text":"","src":"https:\/\/i0.wp.com\/smallthings.fr\/wp-content\/uploads\/2014\/08\/nothomb-petronille.jpg?resize=350%2C200","width":350,"height":200},"classes":[]},{"id":30217,"url":"https:\/\/smallthings.fr\/lespetitslivres\/2016\/08\/18\/derniers-feux-sunset-fitzgerald\/","url_meta":{"origin":7044,"position":5},"title":"Derniers feux sur Sunset ou la vie revisit\u00e9e de Francis Scott Fitzgerald","author":"Fanny","date":"18 ao\u00fbt 2016","format":false,"excerpt":"Avec Derniers feux sur Sunset, ce tout nouveau roman \u00e0 para\u00eetre aujourd'hui\u00a0aux \u00e9ditions de l'Olivier, Stewart O'Nan nous plonge dans un Hollywood plus r\u00e9aliste, d\u00e9fra\u00eechi et mit\u00e9, bien loin de celui des \u00e9crans de cin\u00e9ma. Le temps a pass\u00e9, la vie de Francis Scott Fitzgerald aussi. En 1937, Scott se\u2026","rel":"","context":"Dans &quot;Rentr\u00e9e litt\u00e9raire&quot;","block_context":{"text":"Rentr\u00e9e litt\u00e9raire","link":"https:\/\/smallthings.fr\/lespetitslivres\/category\/rentree-litteraire\/"},"img":{"alt_text":"","src":"https:\/\/i0.wp.com\/smallthings.fr\/lespetitslivres\/wp-content\/uploads\/2016\/08\/derniers-feux-sunset-couv.jpg?resize=350%2C200&ssl=1","width":350,"height":200,"srcset":"https:\/\/i0.wp.com\/smallthings.fr\/lespetitslivres\/wp-content\/uploads\/2016\/08\/derniers-feux-sunset-couv.jpg?resize=350%2C200&ssl=1 1x, https:\/\/i0.wp.com\/smallthings.fr\/lespetitslivres\/wp-content\/uploads\/2016\/08\/derniers-feux-sunset-couv.jpg?resize=525%2C300&ssl=1 1.5x, https:\/\/i0.wp.com\/smallthings.fr\/lespetitslivres\/wp-content\/uploads\/2016\/08\/derniers-feux-sunset-couv.jpg?resize=700%2C400&ssl=1 2x, https:\/\/i0.wp.com\/smallthings.fr\/lespetitslivres\/wp-content\/uploads\/2016\/08\/derniers-feux-sunset-couv.jpg?resize=1050%2C600&ssl=1 3x"},"classes":[]}],"_links":{"self":[{"href":"https:\/\/smallthings.fr\/lespetitslivres\/wp-json\/wp\/v2\/posts\/7044"}],"collection":[{"href":"https:\/\/smallthings.fr\/lespetitslivres\/wp-json\/wp\/v2\/posts"}],"about":[{"href":"https:\/\/smallthings.fr\/lespetitslivres\/wp-json\/wp\/v2\/types\/post"}],"author":[{"embeddable":true,"href":"https:\/\/smallthings.fr\/lespetitslivres\/wp-json\/wp\/v2\/users\/6"}],"replies":[{"embeddable":true,"href":"https:\/\/smallthings.fr\/lespetitslivres\/wp-json\/wp\/v2\/comments?post=7044"}],"version-history":[{"count":1,"href":"https:\/\/smallthings.fr\/lespetitslivres\/wp-json\/wp\/v2\/posts\/7044\/revisions"}],"predecessor-version":[{"id":28930,"href":"https:\/\/smallthings.fr\/lespetitslivres\/wp-json\/wp\/v2\/posts\/7044\/revisions\/28930"}],"wp:featuredmedia":[{"embeddable":true,"href":"https:\/\/smallthings.fr\/lespetitslivres\/wp-json\/"}],"wp:attachment":[{"href":"https:\/\/smallthings.fr\/lespetitslivres\/wp-json\/wp\/v2\/media?parent=7044"}],"wp:term":[{"taxonomy":"category","embeddable":true,"href":"https:\/\/smallthings.fr\/lespetitslivres\/wp-json\/wp\/v2\/categories?post=7044"},{"taxonomy":"post_tag","embeddable":true,"href":"https:\/\/smallthings.fr\/lespetitslivres\/wp-json\/wp\/v2\/tags?post=7044"}],"curies":[{"name":"wp","href":"https:\/\/api.w.org\/{rel}","templated":true}]}}