{"id":6505,"date":"2013-09-04T16:26:42","date_gmt":"2013-09-04T15:26:42","guid":{"rendered":"http:\/\/smallthings.fr\/?post_type=os_livre&#038;p=6505"},"modified":"2015-11-02T13:36:26","modified_gmt":"2015-11-02T12:36:26","slug":"sandra-lucbert-mobiles","status":"publish","type":"post","link":"https:\/\/smallthings.fr\/lespetitslivres\/2013\/09\/04\/sandra-lucbert-mobiles\/","title":{"rendered":"Sandra Lucbert &#8211; Mobiles"},"content":{"rendered":"<h2>Sandra\u00a0Lucbert choisit d&rsquo;aborder dans son premier roman un\u00a0sujet tr\u00e8s actuel de soci\u00e9t\u00e9\u00a0: la difficult\u00e9 d&rsquo;insertion des jeunes adultes dans le monde du travail. \u00ab\u00a0Mobiles\u00a0\u00bb, ou le roman embl\u00e9matique d&rsquo;une g\u00e9n\u00e9ration.<\/h2>\n<p>Mathias, M\u00e9ta, Rapha\u00ebl, Marianne, Assia, Pauline, Emeric&#8230; Ils sont professeur, acteur, m\u00e9decin, chercheur&#8230; Ou du moins ils essaient. Repr\u00e9sentatifs de ce qu&rsquo;on appelle \u00ab\u00a0l&rsquo;\u00e9lite\u00a0\u00bb de la soci\u00e9t\u00e9, ils viennent de terminer leurs \u00e9tudes ou en sont \u00e0 la toute fin. Des \u00e9tudes valorisantes, difficiles, des dipl\u00f4mes reconnus, et pourtant&#8230; Domaines \u00ab\u00a0bouch\u00e9s\u00a0\u00bb, d\u00e9buts difficiles, environnements malsains, leurs d\u00e9sillusions s&rsquo;encha\u00eenent \u00e0 la vitesse grand\u00a0V. Professionnellement, ils stagnent, ou bien ils craquent, et transposent leur mal-\u00eatre directement dans leur vie personnelle. Relations amoureuses vou\u00e9es \u00e0 l&rsquo;\u00e9chec, tromperies, mensonges : <strong>c&rsquo;est la spirale infernale<\/strong>.<\/p>\n<p>Ce constat peut sembler bien noir, c&rsquo;est s\u00fbr. Mais au-del\u00e0 du fait qu&rsquo;il pourra (j&rsquo;esp\u00e8re&#8230;) faire r\u00e9agir, je me suis retrouv\u00e9e dans ces pages, ces histoires. On a tous un copain professeur, acteur, ou m\u00e9decin, qui nous a racont\u00e9 des situations \u00e9quivalentes. On a tous fait\u00a0partie d&rsquo;un groupe de potes, dans lequel tout le monde gal\u00e9rait, quel que soit le dipl\u00f4me, l&rsquo;ambition, la profession.<\/p>\n<p>On suit la chronologie gr\u00e2ce aux titres des chapitres, qui contiennent les mois, les saisons. L&rsquo;occasion pour le lecteur de faire connaissance avec la farandole des personnages, qui \u00e9voluent plus ou moins selon la p\u00e9riode de l&rsquo;ann\u00e9e. <strong>S&rsquo;agit-il de r\u00e9elles avanc\u00e9es, ou seulement de mouvements dans le vide ?<\/strong> Tout en posant des bases pessimistes, <strong>Sandra\u00a0Lucbert\u00a0<\/strong>distille l&rsquo;espoir tout au long du livre.<\/p>\n<p>Quelques petits exemples&#8230; Apr\u00e8s son agr\u00e9gation, M\u00e9ta se retrouve professeur de fran\u00e7ais dans un lyc\u00e9e de banlieue, o\u00f9 les \u00e9l\u00e8ves sont ing\u00e9rables. L&rsquo;administration de ce lyc\u00e9e semble avoir baiss\u00e9 les bras, et elle cotoie\u00a0d&rsquo;autres coll\u00e8gues au bout du rouleau. Cas typique : on a tous entendu\u00a0des histoires de copains ou copines oblig\u00e9s d&rsquo;enseigner dans de tels \u00e9tablissements, suite \u00e0 des classes pr\u00e9pa, agr\u00e9gations, capes ou autres distinctions si difficiles \u00e0 obtenir. Le type de dipl\u00f4me qui n&rsquo;apprend absolument pas \u00e0 g\u00e9rer une classe d&rsquo;\u00e9l\u00e8ves, \u00e0 moins que ce soit inn\u00e9 (c&rsquo;est le cas de certains, heureusement). Les transports en commun interminables, le r\u00e9veil tr\u00e8s t\u00f4t, les journ\u00e9es \u00e9prouvantes, parfois violentes. <strong>M\u00e9ta en vient forc\u00e9ment \u00e0 douter de tout, et surtout de sa vocation<\/strong>.<\/p>\n<div id=\"attachment_7605\" style=\"width: 219px\" class=\"wp-caption alignleft\"><a href=\"http:\/\/uploads.smallthings.fr\/2013\/08\/LUCBERT_Sandra_1_2-Copie1.jpg\"><img loading=\"lazy\" decoding=\"async\" aria-describedby=\"caption-attachment-7605\" class=\"size-medium wp-image-7605 \" alt=\"sandra lucbert\" src=\"http:\/\/uploads.smallthings.fr\/2013\/08\/LUCBERT_Sandra_1_2-Copie1-209x300.jpg\" width=\"209\" height=\"300\" \/><\/a><p id=\"caption-attachment-7605\" class=\"wp-caption-text\">\u00a9 David Ignaszewski\u00a0\/ Koboy \u00a9 Flammarion<\/p><\/div>\n<p>Quant \u00e0 Rapha\u00ebl, son petit ami, il est toujours en th\u00e8se. Pour pouvoir payer son loyer, il est employ\u00e9 \u00e0 la BNF. Il range les livres des autres th\u00e9sards, qui eux n&rsquo;ont pas besoin de travailler pour vivre. Plein de rage devant cette injustice, il a du mal \u00e0 r\u00e9primer des comportements violents, et, de plus en plus aigri, m\u00e9prise \u00e0 peu pr\u00e8s tout le monde. Rapha\u00ebl a pourtant de nombreuses qualit\u00e9s, il serait capable de faire beaucoup de choses, entre autres du cin\u00e9ma, du journalisme, \u00e9crire&#8230; Il se montre particuli\u00e8rement \u00e0 l&rsquo;aise et pertinent lorsqu&rsquo;il s&rsquo;agit de mener la c\u00e9r\u00e9monie d&rsquo;inauguration de l&rsquo;exposition du fr\u00e8re de M\u00e9ta. <strong>Coinc\u00e9 dans sa th\u00e8se et son sentiment d&rsquo;injustice, il est incapable de voir la lumi\u00e8re au bout du tunnel<\/strong>.<\/p>\n<p><strong>Le flou professionnel se r\u00e9percute donc dans le personnel<\/strong>. Trop de questionnement, trop de stress, trop de crises existentielles de toutes parts, pour aborder sereinement les relations amicales et\/ou amoureuses.<\/p>\n<p>Pour conclure, je dirais que <strong>ce roman de Sandra\u00a0Lucbert\u00a0m&rsquo;a vraiment parl\u00e9<\/strong>. Je me suis reconnue quelquefois, et j&rsquo;ai reconnu pas mal de mes amis. Des discussions interminables que nous avons pu avoir, notamment sur les \u00ab\u00a0mensonges\u00a0\u00bb\u00a0entendus \u00e0 propos des longues \u00e9tudes, et la gal\u00e8re que \u00e7a peut \u00eatre apr\u00e8s&#8230;<\/p>\n<p><strong>Un livre qui fait du bien, on a l&rsquo;impression d&rsquo;avoir \u00e9t\u00e9 moins seul au monde !<\/strong><\/p>\n","protected":false},"excerpt":{"rendered":"<p>C&rsquo;est la rentr\u00e9e ! Parlons un peu du monde du travail, tout en r\u00e9alisme et ironie avec le premier roman de Sandra Lucbert. <\/p>\n","protected":false},"author":2,"featured_media":7994,"comment_status":"open","ping_status":"open","sticky":false,"template":"","format":"standard","meta":{"jetpack_post_was_ever_published":false,"_jetpack_newsletter_access":"","_jetpack_newsletter_tier_id":0,"footnotes":"","jetpack_publicize_message":"","jetpack_is_tweetstorm":false,"jetpack_publicize_feature_enabled":true,"jetpack_social_post_already_shared":true,"jetpack_social_options":{"image_generator_settings":{"template":"highway","enabled":false}}},"categories":[1117],"tags":[432,433,51,32,33,434],"jetpack_publicize_connections":[],"yoast_head":"<!-- This site is optimized with the Yoast SEO plugin v21.5 - https:\/\/yoast.com\/wordpress\/plugins\/seo\/ -->\n<title>Sandra Lucbert - Mobiles - Les Petits Livres<\/title>\n<meta name=\"description\" content=\"C&#039;est la rentr\u00e9e ! Parlons un peu du monde du travail, tout en r\u00e9alisme et ironie avec le premier roman de Sandra Lucbert.\" \/>\n<meta name=\"robots\" content=\"index, follow, max-snippet:-1, max-image-preview:large, max-video-preview:-1\" \/>\n<link rel=\"canonical\" href=\"http:\/\/smallthings.fr\/lespetitslivres\/2013\/09\/04\/sandra-lucbert-mobiles\/\" \/>\n<meta property=\"og:locale\" content=\"fr_FR\" \/>\n<meta property=\"og:type\" content=\"article\" \/>\n<meta property=\"og:title\" content=\"Sandra Lucbert - Mobiles - Les Petits Livres\" \/>\n<meta property=\"og:description\" content=\"C&#039;est la rentr\u00e9e ! Parlons un peu du monde du travail, tout en r\u00e9alisme et ironie avec le premier roman de Sandra Lucbert.\" \/>\n<meta property=\"og:url\" content=\"http:\/\/smallthings.fr\/lespetitslivres\/2013\/09\/04\/sandra-lucbert-mobiles\/\" \/>\n<meta property=\"og:site_name\" content=\"Les Petits Livres\" \/>\n<meta property=\"article:published_time\" content=\"2013-09-04T15:26:42+00:00\" \/>\n<meta property=\"article:modified_time\" content=\"2015-11-02T12:36:26+00:00\" \/>\n<meta name=\"author\" content=\"Claire\" \/>\n<meta name=\"twitter:card\" content=\"summary_large_image\" \/>\n<meta name=\"twitter:label1\" content=\"\u00c9crit par\" \/>\n\t<meta name=\"twitter:data1\" content=\"Claire\" \/>\n\t<meta name=\"twitter:label2\" content=\"Dur\u00e9e de lecture estim\u00e9e\" \/>\n\t<meta name=\"twitter:data2\" content=\"3 minutes\" \/>\n<script type=\"application\/ld+json\" class=\"yoast-schema-graph\">{\"@context\":\"https:\/\/schema.org\",\"@graph\":[{\"@type\":\"WebPage\",\"@id\":\"http:\/\/smallthings.fr\/lespetitslivres\/2013\/09\/04\/sandra-lucbert-mobiles\/\",\"url\":\"http:\/\/smallthings.fr\/lespetitslivres\/2013\/09\/04\/sandra-lucbert-mobiles\/\",\"name\":\"Sandra Lucbert - Mobiles - Les Petits Livres\",\"isPartOf\":{\"@id\":\"https:\/\/smallthings.fr\/lespetitslivres\/#website\"},\"datePublished\":\"2013-09-04T15:26:42+00:00\",\"dateModified\":\"2015-11-02T12:36:26+00:00\",\"author\":{\"@id\":\"https:\/\/smallthings.fr\/lespetitslivres\/#\/schema\/person\/504d603cacfe064fe039dfa03a8b7918\"},\"description\":\"C'est la rentr\u00e9e ! Parlons un peu du monde du travail, tout en r\u00e9alisme et ironie avec le premier roman de Sandra Lucbert.\",\"breadcrumb\":{\"@id\":\"http:\/\/smallthings.fr\/lespetitslivres\/2013\/09\/04\/sandra-lucbert-mobiles\/#breadcrumb\"},\"inLanguage\":\"fr-FR\",\"potentialAction\":[{\"@type\":\"ReadAction\",\"target\":[\"http:\/\/smallthings.fr\/lespetitslivres\/2013\/09\/04\/sandra-lucbert-mobiles\/\"]}]},{\"@type\":\"BreadcrumbList\",\"@id\":\"http:\/\/smallthings.fr\/lespetitslivres\/2013\/09\/04\/sandra-lucbert-mobiles\/#breadcrumb\",\"itemListElement\":[{\"@type\":\"ListItem\",\"position\":1,\"name\":\"Accueil\",\"item\":\"https:\/\/smallthings.fr\/lespetitslivres\/\"},{\"@type\":\"ListItem\",\"position\":2,\"name\":\"Sandra Lucbert &#8211; Mobiles\"}]},{\"@type\":\"WebSite\",\"@id\":\"https:\/\/smallthings.fr\/lespetitslivres\/#website\",\"url\":\"https:\/\/smallthings.fr\/lespetitslivres\/\",\"name\":\"Les Petits Livres\",\"description\":\"by Small Things\",\"potentialAction\":[{\"@type\":\"SearchAction\",\"target\":{\"@type\":\"EntryPoint\",\"urlTemplate\":\"https:\/\/smallthings.fr\/lespetitslivres\/?s={search_term_string}\"},\"query-input\":\"required name=search_term_string\"}],\"inLanguage\":\"fr-FR\"},{\"@type\":\"Person\",\"@id\":\"https:\/\/smallthings.fr\/lespetitslivres\/#\/schema\/person\/504d603cacfe064fe039dfa03a8b7918\",\"name\":\"Claire\",\"image\":{\"@type\":\"ImageObject\",\"inLanguage\":\"fr-FR\",\"@id\":\"https:\/\/smallthings.fr\/lespetitslivres\/#\/schema\/person\/image\/\",\"url\":\"https:\/\/secure.gravatar.com\/avatar\/9a85ff83d76b3eb17b8cae208640786e?s=96&d=retro&r=g\",\"contentUrl\":\"https:\/\/secure.gravatar.com\/avatar\/9a85ff83d76b3eb17b8cae208640786e?s=96&d=retro&r=g\",\"caption\":\"Claire\"},\"url\":\"https:\/\/smallthings.fr\/lespetitslivres\/author\/claire\/\"}]}<\/script>\n<!-- \/ Yoast SEO plugin. -->","yoast_head_json":{"title":"Sandra Lucbert - Mobiles - Les Petits Livres","description":"C'est la rentr\u00e9e ! Parlons un peu du monde du travail, tout en r\u00e9alisme et ironie avec le premier roman de Sandra Lucbert.","robots":{"index":"index","follow":"follow","max-snippet":"max-snippet:-1","max-image-preview":"max-image-preview:large","max-video-preview":"max-video-preview:-1"},"canonical":"http:\/\/smallthings.fr\/lespetitslivres\/2013\/09\/04\/sandra-lucbert-mobiles\/","og_locale":"fr_FR","og_type":"article","og_title":"Sandra Lucbert - Mobiles - Les Petits Livres","og_description":"C'est la rentr\u00e9e ! Parlons un peu du monde du travail, tout en r\u00e9alisme et ironie avec le premier roman de Sandra Lucbert.","og_url":"http:\/\/smallthings.fr\/lespetitslivres\/2013\/09\/04\/sandra-lucbert-mobiles\/","og_site_name":"Les Petits Livres","article_published_time":"2013-09-04T15:26:42+00:00","article_modified_time":"2015-11-02T12:36:26+00:00","author":"Claire","twitter_card":"summary_large_image","twitter_misc":{"\u00c9crit par":"Claire","Dur\u00e9e de lecture estim\u00e9e":"3 minutes"},"schema":{"@context":"https:\/\/schema.org","@graph":[{"@type":"WebPage","@id":"http:\/\/smallthings.fr\/lespetitslivres\/2013\/09\/04\/sandra-lucbert-mobiles\/","url":"http:\/\/smallthings.fr\/lespetitslivres\/2013\/09\/04\/sandra-lucbert-mobiles\/","name":"Sandra Lucbert - Mobiles - Les Petits Livres","isPartOf":{"@id":"https:\/\/smallthings.fr\/lespetitslivres\/#website"},"datePublished":"2013-09-04T15:26:42+00:00","dateModified":"2015-11-02T12:36:26+00:00","author":{"@id":"https:\/\/smallthings.fr\/lespetitslivres\/#\/schema\/person\/504d603cacfe064fe039dfa03a8b7918"},"description":"C'est la rentr\u00e9e ! Parlons un peu du monde du travail, tout en r\u00e9alisme et ironie avec le premier roman de Sandra Lucbert.","breadcrumb":{"@id":"http:\/\/smallthings.fr\/lespetitslivres\/2013\/09\/04\/sandra-lucbert-mobiles\/#breadcrumb"},"inLanguage":"fr-FR","potentialAction":[{"@type":"ReadAction","target":["http:\/\/smallthings.fr\/lespetitslivres\/2013\/09\/04\/sandra-lucbert-mobiles\/"]}]},{"@type":"BreadcrumbList","@id":"http:\/\/smallthings.fr\/lespetitslivres\/2013\/09\/04\/sandra-lucbert-mobiles\/#breadcrumb","itemListElement":[{"@type":"ListItem","position":1,"name":"Accueil","item":"https:\/\/smallthings.fr\/lespetitslivres\/"},{"@type":"ListItem","position":2,"name":"Sandra Lucbert &#8211; Mobiles"}]},{"@type":"WebSite","@id":"https:\/\/smallthings.fr\/lespetitslivres\/#website","url":"https:\/\/smallthings.fr\/lespetitslivres\/","name":"Les Petits Livres","description":"by Small Things","potentialAction":[{"@type":"SearchAction","target":{"@type":"EntryPoint","urlTemplate":"https:\/\/smallthings.fr\/lespetitslivres\/?s={search_term_string}"},"query-input":"required name=search_term_string"}],"inLanguage":"fr-FR"},{"@type":"Person","@id":"https:\/\/smallthings.fr\/lespetitslivres\/#\/schema\/person\/504d603cacfe064fe039dfa03a8b7918","name":"Claire","image":{"@type":"ImageObject","inLanguage":"fr-FR","@id":"https:\/\/smallthings.fr\/lespetitslivres\/#\/schema\/person\/image\/","url":"https:\/\/secure.gravatar.com\/avatar\/9a85ff83d76b3eb17b8cae208640786e?s=96&d=retro&r=g","contentUrl":"https:\/\/secure.gravatar.com\/avatar\/9a85ff83d76b3eb17b8cae208640786e?s=96&d=retro&r=g","caption":"Claire"},"url":"https:\/\/smallthings.fr\/lespetitslivres\/author\/claire\/"}]}},"jetpack_featured_media_url":"","jetpack_sharing_enabled":true,"jetpack_shortlink":"https:\/\/wp.me\/p6Un21-1GV","jetpack-related-posts":[{"id":26589,"url":"https:\/\/smallthings.fr\/lespetitslivres\/2015\/08\/29\/a-l-enseigne-du-coeur-epris-pigeat-critique\/","url_meta":{"origin":6505,"position":0},"title":"\u00c0 l\u2019enseigne du c\u0153ur \u00e9pris : premier roman de Jean-Fran\u00e7ois Pigeat","author":"Audrey Ch\u00e8vrefeuille","date":"29 ao\u00fbt 2015","format":false,"excerpt":"\u00c0 l\u2019enseigne du c\u0153ur \u00e9pris est le premier roman de Jean-Fran\u00e7ois Pigeat, paru au Dilettante pour la rentr\u00e9e litt\u00e9raire. \u00c0 l\u2019enseigne du c\u0153ur \u00e9pris est l\u2019histoire d\u2019un type. Et d\u2019une femme. La vie les a marqu\u00e9s, le mariage ne leur a pas r\u00e9ussi. Lass\u00e9s du c\u00e9libat mais devenus exigeants par\u2026","rel":"","context":"Dans &quot;Rentr\u00e9e Litt\u00e9raire&quot;","block_context":{"text":"Rentr\u00e9e Litt\u00e9raire","link":"https:\/\/smallthings.fr\/lespetitslivres\/category\/rentree-litteraire-2015\/"},"img":{"alt_text":"","src":"","width":0,"height":0},"classes":[]},{"id":30232,"url":"https:\/\/smallthings.fr\/lespetitslivres\/2016\/08\/25\/police-gardien-paix-boris-critique\/","url_meta":{"origin":6505,"position":1},"title":"Police : dans la peau d&rsquo;un gardien de la paix","author":"June","date":"25 ao\u00fbt 2016","format":false,"excerpt":"Avec Police, paru\u00a0le 24 ao\u00fbt 2016 aux \u00e9ditions Grasset, Hugo Boris nous offre une plong\u00e9e d\u00e9routante dans l\u2019univers des gardiens de la paix. Une immersion troublante qui nous confronte autant \u00e0 nos convictions qu\u2019aux probl\u00e9matiques actuelles. Le temps de ce huis-clos entre ces trois policiers, on se questionne. Trois gardiens\u2026","rel":"","context":"Dans &quot;Rentr\u00e9e litt\u00e9raire&quot;","block_context":{"text":"Rentr\u00e9e litt\u00e9raire","link":"https:\/\/smallthings.fr\/lespetitslivres\/category\/rentree-litteraire\/"},"img":{"alt_text":"","src":"https:\/\/i0.wp.com\/smallthings.fr\/lespetitslivres\/wp-content\/uploads\/2016\/08\/police.jpeg?resize=350%2C200","width":350,"height":200},"classes":[]},{"id":31799,"url":"https:\/\/smallthings.fr\/lespetitslivres\/2018\/09\/04\/trancher-amelie-cordonnier-roman-avis\/","url_meta":{"origin":6505,"position":2},"title":"Trancher, quand les mots d\u00e9truisent : le premier roman d&rsquo;Am\u00e9lie Cordonnier","author":"Claire","date":"4 septembre 2018","format":false,"excerpt":"En cette Rentr\u00e9e litt\u00e9raire, la journaliste Am\u00e9lie Cordonnier publie son premier roman, Trancher, chez Flammarion. Un livre difficile qui aborde le sujet de la violence conjugale verbale. L'h\u00e9ro\u00efne est en couple avec Aur\u00e9lien. Ils ont deux enfants. Apr\u00e8s des ann\u00e9es de tr\u00eave, Aur\u00e9lien recommence \u00e0 l'insulter, et ce devant leurs\u2026","rel":"","context":"Dans &quot;Roman fran\u00e7ais&quot;","block_context":{"text":"Roman fran\u00e7ais","link":"https:\/\/smallthings.fr\/lespetitslivres\/category\/roman\/roman-francais\/"},"img":{"alt_text":"","src":"https:\/\/i0.wp.com\/smallthings.fr\/lespetitslivres\/wp-content\/uploads\/2018\/09\/trancher-cordonnier-cover.jpg?resize=350%2C200&ssl=1","width":350,"height":200,"srcset":"https:\/\/i0.wp.com\/smallthings.fr\/lespetitslivres\/wp-content\/uploads\/2018\/09\/trancher-cordonnier-cover.jpg?resize=350%2C200&ssl=1 1x, https:\/\/i0.wp.com\/smallthings.fr\/lespetitslivres\/wp-content\/uploads\/2018\/09\/trancher-cordonnier-cover.jpg?resize=525%2C300&ssl=1 1.5x"},"classes":[]},{"id":26444,"url":"https:\/\/smallthings.fr\/lespetitslivres\/2015\/08\/24\/la-maladroite-alexandre-seurat-critique\/","url_meta":{"origin":6505,"position":3},"title":"La maladroite, premier roman d&rsquo;Alexandre Seurat","author":"Claire","date":"24 ao\u00fbt 2015","format":false,"excerpt":"La maladroite, premier roman d'Alexandre Seurat, est le bijou inattendu de cette rentr\u00e9e litt\u00e9raire. Paru aux \u00e9ditions du Rouergue le 19 ao\u00fbt, il a d\u00e9j\u00e0 remport\u00e9 le coup de c\u0153ur des magasins Cultura, qui lui assure une belle visibilit\u00e9. Il est \u00e9galement finaliste du Prix Roman Fnac 2015, et on\u2026","rel":"","context":"Dans &quot;Rentr\u00e9e Litt\u00e9raire&quot;","block_context":{"text":"Rentr\u00e9e Litt\u00e9raire","link":"https:\/\/smallthings.fr\/lespetitslivres\/category\/rentree-litteraire-2015\/"},"img":{"alt_text":"","src":"https:\/\/i0.wp.com\/smallthings.fr\/wp-content\/uploads\/2015\/08\/la-maladroite-205x300.jpg?resize=350%2C200","width":350,"height":200},"classes":[]},{"id":9048,"url":"https:\/\/smallthings.fr\/lespetitslivres\/2013\/11\/13\/grace-mccleen-plus-beau-de-tous-les-pays\/","url_meta":{"origin":6505,"position":4},"title":"Le plus beau de tous les pays selon Grace McCleen","author":"Yohann","date":"13 novembre 2013","format":false,"excerpt":"Le premier roman de Grace McCleen, Le plus beau de tous les pays (en anglais The land of decoration) est sorti en fran\u00e7ais chez Nil Editions pour la rentr\u00e9e litt\u00e9raire.","rel":"","context":"Dans &quot;Roman \u00e9tranger&quot;","block_context":{"text":"Roman \u00e9tranger","link":"https:\/\/smallthings.fr\/lespetitslivres\/category\/roman\/roman-etranger\/"},"img":{"alt_text":"Grace McCleen \u00c2\u00a9 Pal Hansen","src":"https:\/\/i0.wp.com\/uploads.smallthings.fr\/2013\/11\/Grace-McCleen-010.jpg?resize=350%2C200","width":350,"height":200},"classes":[]},{"id":31241,"url":"https:\/\/smallthings.fr\/lespetitslivres\/2017\/08\/28\/faux-depart-marion-messina-critique\/","url_meta":{"origin":6505,"position":5},"title":"Faux d\u00e9part : portrait d&rsquo;une jeunesse d\u00e9senchant\u00e9e","author":"Marie Leroy","date":"28 ao\u00fbt 2017","format":false,"excerpt":"Faux d\u00e9part de Marion Messina vient de para\u00eetre chez Le Dilettante pour cette rentr\u00e9e litt\u00e9raire. Un premier roman au style direct et sans m\u00e9lodrame mais au pessimisme latent, d\u00e9non\u00e7ant l'injustice d'\u00eatre mal n\u00e9 dans un monde o\u00f9 il est difficile de changer de classe sociale. Quand on d\u00e9bute sa vie\u2026","rel":"","context":"Dans &quot;Roman fran\u00e7ais&quot;","block_context":{"text":"Roman fran\u00e7ais","link":"https:\/\/smallthings.fr\/lespetitslivres\/category\/roman\/roman-francais\/"},"img":{"alt_text":"","src":"https:\/\/i0.wp.com\/smallthings.fr\/lespetitslivres\/wp-content\/uploads\/2017\/08\/faux-depart-messina.jpg?resize=350%2C200","width":350,"height":200},"classes":[]}],"_links":{"self":[{"href":"https:\/\/smallthings.fr\/lespetitslivres\/wp-json\/wp\/v2\/posts\/6505"}],"collection":[{"href":"https:\/\/smallthings.fr\/lespetitslivres\/wp-json\/wp\/v2\/posts"}],"about":[{"href":"https:\/\/smallthings.fr\/lespetitslivres\/wp-json\/wp\/v2\/types\/post"}],"author":[{"embeddable":true,"href":"https:\/\/smallthings.fr\/lespetitslivres\/wp-json\/wp\/v2\/users\/2"}],"replies":[{"embeddable":true,"href":"https:\/\/smallthings.fr\/lespetitslivres\/wp-json\/wp\/v2\/comments?post=6505"}],"version-history":[{"count":1,"href":"https:\/\/smallthings.fr\/lespetitslivres\/wp-json\/wp\/v2\/posts\/6505\/revisions"}],"predecessor-version":[{"id":28933,"href":"https:\/\/smallthings.fr\/lespetitslivres\/wp-json\/wp\/v2\/posts\/6505\/revisions\/28933"}],"wp:featuredmedia":[{"embeddable":true,"href":"https:\/\/smallthings.fr\/lespetitslivres\/wp-json\/"}],"wp:attachment":[{"href":"https:\/\/smallthings.fr\/lespetitslivres\/wp-json\/wp\/v2\/media?parent=6505"}],"wp:term":[{"taxonomy":"category","embeddable":true,"href":"https:\/\/smallthings.fr\/lespetitslivres\/wp-json\/wp\/v2\/categories?post=6505"},{"taxonomy":"post_tag","embeddable":true,"href":"https:\/\/smallthings.fr\/lespetitslivres\/wp-json\/wp\/v2\/tags?post=6505"}],"curies":[{"name":"wp","href":"https:\/\/api.w.org\/{rel}","templated":true}]}}