{"id":6396,"date":"2013-06-28T10:29:17","date_gmt":"2013-06-28T09:29:17","guid":{"rendered":"http:\/\/smallthings.fr\/?post_type=os_livre&#038;p=6396"},"modified":"2015-11-02T13:38:01","modified_gmt":"2015-11-02T12:38:01","slug":"555-romans-pour-la-rentree-litteraire-2013","status":"publish","type":"post","link":"https:\/\/smallthings.fr\/lespetitslivres\/2013\/06\/28\/555-romans-pour-la-rentree-litteraire-2013\/","title":{"rendered":"555 romans pour la rentr\u00e9e litt\u00e9raire 2013"},"content":{"rendered":"<p class=\"wp-caption-dt\"><strong>555 ! C&rsquo;est le nombre de romans que comptera la rentr\u00e9e litt\u00e9raire 2013.<\/strong><\/p>\n<p>357 romans fran\u00e7ais et 198 romans \u00e9trangers sortiront entre les mois d&rsquo;ao\u00fbt et octobre. Un joli pourcentage de <strong>premiers romans<\/strong> cette ann\u00e9e : 86, contre 69 l&rsquo;ann\u00e9e derni\u00e8re. <strong>Les \u00e9diteurs ont d\u00e9cid\u00e9 de laisser la part belle au renouveau et \u00e0 la d\u00e9couverte de nouveaux talents afin de booster un peu le paysage \u00e9ditorial.<\/strong><\/p>\n<p>Petit \u00e0 petit depuis plusieurs semaines, des noms sortent d&rsquo;ors et d\u00e9j\u00e0 du silence. Certains auteurs habitu\u00e9s aux rentr\u00e9es litt\u00e9raires, tr\u00e8s attendus au tournant, et d&rsquo;autres pas encore connus, qui esp\u00e8rent sortir du lot et pourquoi pas gagner quelques prix.<\/p>\n<p>On observe<strong> une baisse de 14%<\/strong> par rapport \u00e0 l&rsquo;ann\u00e9e derni\u00e8re o\u00f9 avaient \u00e9t\u00e9 publi\u00e9s 646 romans. Les \u00e9diteurs regrouperont leurs efforts sur moins de titres, qu&rsquo;ils esp\u00e8rent pouvoir d\u00e9fendre encore mieux. La tendance sera \u00e0 l&rsquo;envie de faire d\u00e9couvrir de nouveaux styles, une prise de risque g\u00e9n\u00e9rale, dans un climat de crise toujours un peu stressant !<\/p>\n<p>Le site de<strong> la Lettre du libraire<\/strong> s&rsquo;attache \u00e0 recenser peu \u00e0 peu les programmes de la rentr\u00e9e de la plupart des maisons d&rsquo;\u00e9dition : <a href=\"http:\/\/www.lalettredulibraire.com\/\">http:\/\/www.lalettredulibraire.com\/<\/a><\/p>\n<p>La r\u00e9daction de Small Things en a d\u00e9j\u00e0 re\u00e7u et d\u00e9couvert quelques uns&#8230; Et ce n&rsquo;est pas fini ! De quoi vous conseiller en jolies lectures cet automne !<\/p>\n<p><strong>En attendant, la tendance ne varie pas beaucoup en vue de cet \u00e9t\u00e9.<\/strong> Apparemment, les fran\u00e7ais ont d\u00e9cid\u00e9 d&#8217;emporter Dan Brown et son <em>Inferno<\/em> avec eux, ainsi que les ind\u00e9tr\u00f4nables <em>Fifty Shades<\/em> 1, 2 et 3&#8230; <em>Le gardien de phare<\/em> de Camilla L\u00e4ckberg chez Actes Sud (les \u00e9diteurs de la version fran\u00e7aise de <em>Millenium<\/em>) est \u00e9galement en tr\u00e8s bonne place&#8230; Pas tr\u00e8s original, tout \u00e7a ! <strong>N&rsquo;oubliez pas de consulter notre rubrique Litt\u00e9rature \u00e0 la recherche de petites perles \u00e0 emporter en vacances !<\/strong> A noter aussi le succ\u00e8s inattendu de <em>Sombre dimanche<\/em> d&rsquo;Alice Zeniter chez Albin Michel. Elle vient de remporter plusieurs prix litt\u00e9raires et les ventes grimpent un peu plus chaque semaine.<\/p>\n<div id=\"attachment_6398\" style=\"width: 440px\" class=\"wp-caption aligncenter\"><a href=\"http:\/\/uploads.smallthings.fr\/2013\/06\/2010_01.jpg\"><img loading=\"lazy\" decoding=\"async\" aria-describedby=\"caption-attachment-6398\" class=\"size-full wp-image-6398\" alt=\"Rigolote illustration par Jochen Gerner du ph\u00e9nom\u00e8ne de la rentr\u00e9e litt\u00e9raire, dans Le Monde du vendredi 20 ao\u00fbt 2010\" src=\"http:\/\/uploads.smallthings.fr\/2013\/06\/2010_01.jpg\" width=\"430\" height=\"324\" \/><\/a><p id=\"caption-attachment-6398\" class=\"wp-caption-text\">Rigolote illustration par Jochen Gerner du ph\u00e9nom\u00e8ne de la rentr\u00e9e litt\u00e9raire, dans Le Monde du vendredi 20 ao\u00fbt 2010<\/p><\/div>\n<p>&nbsp;<\/p>\n<p>&nbsp;<\/p>\n","protected":false},"excerpt":{"rendered":"<p>555 ! C&rsquo;est le nombre de romans que comptera la rentr\u00e9e litt\u00e9raire 2013.<\/p>\n<p>357 romans fran\u00e7ais et 198 romans \u00e9trangers sortiront entre les mois d&rsquo;ao\u00fbt et octobre. Un joli pourcentage de premiers romans cette ann\u00e9e : 86, contre 69 l&rsquo;ann\u00e9e derni\u00e8re. <\/p>\n","protected":false},"author":2,"featured_media":6399,"comment_status":"open","ping_status":"open","sticky":false,"template":"","format":"standard","meta":{"jetpack_post_was_ever_published":false,"_jetpack_newsletter_access":"","_jetpack_newsletter_tier_id":0,"footnotes":"","jetpack_publicize_message":"","jetpack_is_tweetstorm":false,"jetpack_publicize_feature_enabled":true,"jetpack_social_post_already_shared":true,"jetpack_social_options":{"image_generator_settings":{"template":"highway","enabled":false}}},"categories":[1121],"tags":[418,419,420,51,33,421,39],"jetpack_publicize_connections":[],"yoast_head":"<!-- This site is optimized with the Yoast SEO plugin v21.5 - https:\/\/yoast.com\/wordpress\/plugins\/seo\/ -->\n<title>555 romans pour la rentr\u00e9e litt\u00e9raire 2013 - Les Petits Livres<\/title>\n<meta name=\"description\" content=\"555 ! C&#039;est le nombre de romans que comptera la rentr\u00e9e litt\u00e9raire 2013.\" \/>\n<meta name=\"robots\" content=\"index, follow, max-snippet:-1, max-image-preview:large, max-video-preview:-1\" \/>\n<link rel=\"canonical\" href=\"https:\/\/smallthings.fr\/lespetitslivres\/2013\/06\/28\/555-romans-pour-la-rentree-litteraire-2013\/\" \/>\n<meta property=\"og:locale\" content=\"fr_FR\" \/>\n<meta property=\"og:type\" content=\"article\" \/>\n<meta property=\"og:title\" content=\"555 romans pour la rentr\u00e9e litt\u00e9raire 2013 - Les Petits Livres\" \/>\n<meta property=\"og:description\" content=\"555 ! C&#039;est le nombre de romans que comptera la rentr\u00e9e litt\u00e9raire 2013.\" \/>\n<meta property=\"og:url\" content=\"https:\/\/smallthings.fr\/lespetitslivres\/2013\/06\/28\/555-romans-pour-la-rentree-litteraire-2013\/\" \/>\n<meta property=\"og:site_name\" content=\"Les Petits Livres\" \/>\n<meta property=\"article:published_time\" content=\"2013-06-28T09:29:17+00:00\" \/>\n<meta property=\"article:modified_time\" content=\"2015-11-02T12:38:01+00:00\" \/>\n<meta name=\"author\" content=\"Claire\" \/>\n<meta name=\"twitter:card\" content=\"summary_large_image\" \/>\n<meta name=\"twitter:label1\" content=\"\u00c9crit par\" \/>\n\t<meta name=\"twitter:data1\" content=\"Claire\" \/>\n\t<meta name=\"twitter:label2\" content=\"Dur\u00e9e de lecture estim\u00e9e\" \/>\n\t<meta name=\"twitter:data2\" content=\"2 minutes\" \/>\n<script type=\"application\/ld+json\" class=\"yoast-schema-graph\">{\"@context\":\"https:\/\/schema.org\",\"@graph\":[{\"@type\":\"WebPage\",\"@id\":\"https:\/\/smallthings.fr\/lespetitslivres\/2013\/06\/28\/555-romans-pour-la-rentree-litteraire-2013\/\",\"url\":\"https:\/\/smallthings.fr\/lespetitslivres\/2013\/06\/28\/555-romans-pour-la-rentree-litteraire-2013\/\",\"name\":\"555 romans pour la rentr\u00e9e litt\u00e9raire 2013 - Les Petits Livres\",\"isPartOf\":{\"@id\":\"https:\/\/smallthings.fr\/lespetitslivres\/#website\"},\"datePublished\":\"2013-06-28T09:29:17+00:00\",\"dateModified\":\"2015-11-02T12:38:01+00:00\",\"author\":{\"@id\":\"https:\/\/smallthings.fr\/lespetitslivres\/#\/schema\/person\/504d603cacfe064fe039dfa03a8b7918\"},\"description\":\"555 ! C'est le nombre de romans que comptera la rentr\u00e9e litt\u00e9raire 2013.\",\"breadcrumb\":{\"@id\":\"https:\/\/smallthings.fr\/lespetitslivres\/2013\/06\/28\/555-romans-pour-la-rentree-litteraire-2013\/#breadcrumb\"},\"inLanguage\":\"fr-FR\",\"potentialAction\":[{\"@type\":\"ReadAction\",\"target\":[\"https:\/\/smallthings.fr\/lespetitslivres\/2013\/06\/28\/555-romans-pour-la-rentree-litteraire-2013\/\"]}]},{\"@type\":\"BreadcrumbList\",\"@id\":\"https:\/\/smallthings.fr\/lespetitslivres\/2013\/06\/28\/555-romans-pour-la-rentree-litteraire-2013\/#breadcrumb\",\"itemListElement\":[{\"@type\":\"ListItem\",\"position\":1,\"name\":\"Accueil\",\"item\":\"https:\/\/smallthings.fr\/lespetitslivres\/\"},{\"@type\":\"ListItem\",\"position\":2,\"name\":\"555 romans pour la rentr\u00e9e litt\u00e9raire 2013\"}]},{\"@type\":\"WebSite\",\"@id\":\"https:\/\/smallthings.fr\/lespetitslivres\/#website\",\"url\":\"https:\/\/smallthings.fr\/lespetitslivres\/\",\"name\":\"Les Petits Livres\",\"description\":\"by Small Things\",\"potentialAction\":[{\"@type\":\"SearchAction\",\"target\":{\"@type\":\"EntryPoint\",\"urlTemplate\":\"https:\/\/smallthings.fr\/lespetitslivres\/?s={search_term_string}\"},\"query-input\":\"required name=search_term_string\"}],\"inLanguage\":\"fr-FR\"},{\"@type\":\"Person\",\"@id\":\"https:\/\/smallthings.fr\/lespetitslivres\/#\/schema\/person\/504d603cacfe064fe039dfa03a8b7918\",\"name\":\"Claire\",\"image\":{\"@type\":\"ImageObject\",\"inLanguage\":\"fr-FR\",\"@id\":\"https:\/\/smallthings.fr\/lespetitslivres\/#\/schema\/person\/image\/\",\"url\":\"https:\/\/secure.gravatar.com\/avatar\/9a85ff83d76b3eb17b8cae208640786e?s=96&d=retro&r=g\",\"contentUrl\":\"https:\/\/secure.gravatar.com\/avatar\/9a85ff83d76b3eb17b8cae208640786e?s=96&d=retro&r=g\",\"caption\":\"Claire\"},\"url\":\"https:\/\/smallthings.fr\/lespetitslivres\/author\/claire\/\"}]}<\/script>\n<!-- \/ Yoast SEO plugin. -->","yoast_head_json":{"title":"555 romans pour la rentr\u00e9e litt\u00e9raire 2013 - Les Petits Livres","description":"555 ! C'est le nombre de romans que comptera la rentr\u00e9e litt\u00e9raire 2013.","robots":{"index":"index","follow":"follow","max-snippet":"max-snippet:-1","max-image-preview":"max-image-preview:large","max-video-preview":"max-video-preview:-1"},"canonical":"https:\/\/smallthings.fr\/lespetitslivres\/2013\/06\/28\/555-romans-pour-la-rentree-litteraire-2013\/","og_locale":"fr_FR","og_type":"article","og_title":"555 romans pour la rentr\u00e9e litt\u00e9raire 2013 - Les Petits Livres","og_description":"555 ! C'est le nombre de romans que comptera la rentr\u00e9e litt\u00e9raire 2013.","og_url":"https:\/\/smallthings.fr\/lespetitslivres\/2013\/06\/28\/555-romans-pour-la-rentree-litteraire-2013\/","og_site_name":"Les Petits Livres","article_published_time":"2013-06-28T09:29:17+00:00","article_modified_time":"2015-11-02T12:38:01+00:00","author":"Claire","twitter_card":"summary_large_image","twitter_misc":{"\u00c9crit par":"Claire","Dur\u00e9e de lecture estim\u00e9e":"2 minutes"},"schema":{"@context":"https:\/\/schema.org","@graph":[{"@type":"WebPage","@id":"https:\/\/smallthings.fr\/lespetitslivres\/2013\/06\/28\/555-romans-pour-la-rentree-litteraire-2013\/","url":"https:\/\/smallthings.fr\/lespetitslivres\/2013\/06\/28\/555-romans-pour-la-rentree-litteraire-2013\/","name":"555 romans pour la rentr\u00e9e litt\u00e9raire 2013 - Les Petits Livres","isPartOf":{"@id":"https:\/\/smallthings.fr\/lespetitslivres\/#website"},"datePublished":"2013-06-28T09:29:17+00:00","dateModified":"2015-11-02T12:38:01+00:00","author":{"@id":"https:\/\/smallthings.fr\/lespetitslivres\/#\/schema\/person\/504d603cacfe064fe039dfa03a8b7918"},"description":"555 ! C'est le nombre de romans que comptera la rentr\u00e9e litt\u00e9raire 2013.","breadcrumb":{"@id":"https:\/\/smallthings.fr\/lespetitslivres\/2013\/06\/28\/555-romans-pour-la-rentree-litteraire-2013\/#breadcrumb"},"inLanguage":"fr-FR","potentialAction":[{"@type":"ReadAction","target":["https:\/\/smallthings.fr\/lespetitslivres\/2013\/06\/28\/555-romans-pour-la-rentree-litteraire-2013\/"]}]},{"@type":"BreadcrumbList","@id":"https:\/\/smallthings.fr\/lespetitslivres\/2013\/06\/28\/555-romans-pour-la-rentree-litteraire-2013\/#breadcrumb","itemListElement":[{"@type":"ListItem","position":1,"name":"Accueil","item":"https:\/\/smallthings.fr\/lespetitslivres\/"},{"@type":"ListItem","position":2,"name":"555 romans pour la rentr\u00e9e litt\u00e9raire 2013"}]},{"@type":"WebSite","@id":"https:\/\/smallthings.fr\/lespetitslivres\/#website","url":"https:\/\/smallthings.fr\/lespetitslivres\/","name":"Les Petits Livres","description":"by Small Things","potentialAction":[{"@type":"SearchAction","target":{"@type":"EntryPoint","urlTemplate":"https:\/\/smallthings.fr\/lespetitslivres\/?s={search_term_string}"},"query-input":"required name=search_term_string"}],"inLanguage":"fr-FR"},{"@type":"Person","@id":"https:\/\/smallthings.fr\/lespetitslivres\/#\/schema\/person\/504d603cacfe064fe039dfa03a8b7918","name":"Claire","image":{"@type":"ImageObject","inLanguage":"fr-FR","@id":"https:\/\/smallthings.fr\/lespetitslivres\/#\/schema\/person\/image\/","url":"https:\/\/secure.gravatar.com\/avatar\/9a85ff83d76b3eb17b8cae208640786e?s=96&d=retro&r=g","contentUrl":"https:\/\/secure.gravatar.com\/avatar\/9a85ff83d76b3eb17b8cae208640786e?s=96&d=retro&r=g","caption":"Claire"},"url":"https:\/\/smallthings.fr\/lespetitslivres\/author\/claire\/"}]}},"jetpack_featured_media_url":"","jetpack_sharing_enabled":true,"jetpack_shortlink":"https:\/\/wp.me\/p6Un21-1Fa","jetpack-related-posts":[{"id":15845,"url":"https:\/\/smallthings.fr\/lespetitslivres\/2014\/08\/20\/amelie-nothomb-petronille-rentree-avis\/","url_meta":{"origin":6396,"position":0},"title":"Am\u00e9lie Nothomb fait sa rentr\u00e9e avec P\u00e9tronille","author":"Audrey Ch\u00e8vrefeuille","date":"20 ao\u00fbt 2014","format":false,"excerpt":"Comme chaque ann\u00e9e, Am\u00e9lie Nothomb sort son nouveau roman pour la rentr\u00e9e litt\u00e9raire chez Albin Michel. C\u2019est devenu une habitude depuis longtemps maintenant. Pas de r\u00e9el suspense donc quant \u00e0 l\u2019\u00e9v\u00e9nement, mais toujours une impatience et des interrogations sur le contenu. Annonc\u00e9 \u00e0 200.000 exemplaires, P\u00e9tronille fera s\u00fbrement beaucoup parler\u2026","rel":"","context":"Dans &quot;Roman fran\u00e7ais&quot;","block_context":{"text":"Roman fran\u00e7ais","link":"https:\/\/smallthings.fr\/lespetitslivres\/category\/roman\/roman-francais\/"},"img":{"alt_text":"","src":"https:\/\/i0.wp.com\/smallthings.fr\/wp-content\/uploads\/2014\/08\/nothomb-petronille.jpg?resize=350%2C200","width":350,"height":200},"classes":[]},{"id":7044,"url":"https:\/\/smallthings.fr\/lespetitslivres\/2013\/09\/11\/e-pessan-muette\/","url_meta":{"origin":6396,"position":1},"title":"Eric Pessan &#8211; Muette","author":"Audrey Ch\u00e8vrefeuille","date":"11 septembre 2013","format":false,"excerpt":"Avec Muette, Eric\u00a0Pessan choisit pour cette rentr\u00e9e le th\u00e8me de la fugue et du mal-\u00eatre adolescent. Muette,\u00a0ou l'incompr\u00e9hension\u00a0entre\u00a0une jeune fille\u00a0et le reste du monde. Un roman sensible et po\u00e9tique. C'est l'\u00e9t\u00e9. Le moment est id\u00e9al. Muette a soigneusement pr\u00e9par\u00e9 sa fuite, pens\u00e9 au meilleur endroit o\u00f9 se cacher, au temps\u2026","rel":"","context":"Dans &quot;Roman fran\u00e7ais&quot;","block_context":{"text":"Roman fran\u00e7ais","link":"https:\/\/smallthings.fr\/lespetitslivres\/category\/roman\/roman-francais\/"},"img":{"alt_text":"","src":"https:\/\/i0.wp.com\/uploads.smallthings.fr\/2013\/07\/Muette-EricPessan-204x300.jpg?resize=350%2C200","width":350,"height":200},"classes":[]},{"id":7577,"url":"https:\/\/smallthings.fr\/lespetitslivres\/2013\/08\/22\/a-nothomb-la-nostalgie-heureuse\/","url_meta":{"origin":6396,"position":2},"title":"Am\u00e9lie Nothomb &#8211; La Nostalgie heureuse","author":"Audrey Ch\u00e8vrefeuille","date":"22 ao\u00fbt 2013","format":false,"excerpt":"Le mill\u00e9sime Nothomb 2013 vient de para\u00eetre : il est d\u00e9sormais dispo en librairie. Audrey Chevrefeuille nous donne son avis sur l'un des romans les plus attendus de la rentr\u00e9e.","rel":"","context":"Dans &quot;Roman fran\u00e7ais&quot;","block_context":{"text":"Roman fran\u00e7ais","link":"https:\/\/smallthings.fr\/lespetitslivres\/category\/roman\/roman-francais\/"},"img":{"alt_text":"amelie-nothomb-copie-1.jpg","src":"https:\/\/i0.wp.com\/idata.over-blog.com\/3\/60\/10\/05\/Auteurs-et-livres\/amelie-nothomb-copie-1.jpg?resize=350%2C200","width":350,"height":200},"classes":[]},{"id":7609,"url":"https:\/\/smallthings.fr\/lespetitslivres\/2013\/08\/23\/delphine-bertholon-le-soleil-a-mes-pieds\/","url_meta":{"origin":6396,"position":3},"title":"Delphine Bertholon &#8211; Le soleil \u00e0 mes pieds","author":"Claire","date":"23 ao\u00fbt 2013","format":false,"excerpt":"Continuons notre exploration des sorties de la rentr\u00e9e litt\u00e9raire avec le nouveau roman de Delphine Berthelon qui para\u00eet chez JC Latt\u00e8s.","rel":"","context":"Dans &quot;Roman fran\u00e7ais&quot;","block_context":{"text":"Roman fran\u00e7ais","link":"https:\/\/smallthings.fr\/lespetitslivres\/category\/roman\/roman-francais\/"},"img":{"alt_text":"","src":"","width":0,"height":0},"classes":[]},{"id":26505,"url":"https:\/\/smallthings.fr\/lespetitslivres\/2015\/08\/26\/d-apres-une-histoire-vraie-vigan-critique\/","url_meta":{"origin":6396,"position":4},"title":"D&rsquo;apr\u00e8s une histoire vraie : Delphine de Vigan et l&rsquo;autofiction","author":"Claire","date":"26 ao\u00fbt 2015","format":false,"excerpt":"D'apr\u00e8s une histoire vraie, nouveau roman de Delphine de Vigan, sort aujourd'hui aux \u00e9ditions JC Latt\u00e8s. Un livre tr\u00e8s attendu, quatre ans apr\u00e8s la bombe Rien ne s'oppose \u00e0 la nuit (2011). Pour cette rentr\u00e9e litt\u00e9raire, l'auteure nous propose un livre surprenant, qui m\u00eale fiction et r\u00e9alit\u00e9 dans une intensit\u00e9\u2026","rel":"","context":"Dans &quot;Rentr\u00e9e Litt\u00e9raire&quot;","block_context":{"text":"Rentr\u00e9e Litt\u00e9raire","link":"https:\/\/smallthings.fr\/lespetitslivres\/category\/rentree-litteraire-2015\/"},"img":{"alt_text":"","src":"","width":0,"height":0},"classes":[]},{"id":31803,"url":"https:\/\/smallthings.fr\/lespetitslivres\/2018\/09\/08\/presque-nuit-ete-thi-thu-avis\/","url_meta":{"origin":6396,"position":5},"title":"Presque une nuit d\u2019\u00e9t\u00e9, premier roman de Thi Thu","author":"Diane Norric","date":"8 septembre 2018","format":false,"excerpt":"La rentr\u00e9e litt\u00e9raire 2018 a \u00e9tabli un record en mati\u00e8re de premiers romans. Difficile pour ces primo-romanciers de ne pas finir noy\u00e9s dans la masse. Dans cette for\u00eat de titres, on ne peut que conseiller de ne pas manquer un arbre d\u00e9licat et remarquable : Presque une nuit d\u2019\u00e9t\u00e9 et\u2026","rel":"","context":"Dans &quot;Roman fran\u00e7ais&quot;","block_context":{"text":"Roman fran\u00e7ais","link":"https:\/\/smallthings.fr\/lespetitslivres\/category\/roman\/roman-francais\/"},"img":{"alt_text":"","src":"https:\/\/i0.wp.com\/smallthings.fr\/lespetitslivres\/wp-content\/uploads\/2018\/09\/presque-une-nuit-d-ete-cover.jpg?resize=350%2C200&ssl=1","width":350,"height":200,"srcset":"https:\/\/i0.wp.com\/smallthings.fr\/lespetitslivres\/wp-content\/uploads\/2018\/09\/presque-une-nuit-d-ete-cover.jpg?resize=350%2C200&ssl=1 1x, https:\/\/i0.wp.com\/smallthings.fr\/lespetitslivres\/wp-content\/uploads\/2018\/09\/presque-une-nuit-d-ete-cover.jpg?resize=525%2C300&ssl=1 1.5x"},"classes":[]}],"_links":{"self":[{"href":"https:\/\/smallthings.fr\/lespetitslivres\/wp-json\/wp\/v2\/posts\/6396"}],"collection":[{"href":"https:\/\/smallthings.fr\/lespetitslivres\/wp-json\/wp\/v2\/posts"}],"about":[{"href":"https:\/\/smallthings.fr\/lespetitslivres\/wp-json\/wp\/v2\/types\/post"}],"author":[{"embeddable":true,"href":"https:\/\/smallthings.fr\/lespetitslivres\/wp-json\/wp\/v2\/users\/2"}],"replies":[{"embeddable":true,"href":"https:\/\/smallthings.fr\/lespetitslivres\/wp-json\/wp\/v2\/comments?post=6396"}],"version-history":[{"count":1,"href":"https:\/\/smallthings.fr\/lespetitslivres\/wp-json\/wp\/v2\/posts\/6396\/revisions"}],"predecessor-version":[{"id":28967,"href":"https:\/\/smallthings.fr\/lespetitslivres\/wp-json\/wp\/v2\/posts\/6396\/revisions\/28967"}],"wp:featuredmedia":[{"embeddable":true,"href":"https:\/\/smallthings.fr\/lespetitslivres\/wp-json\/"}],"wp:attachment":[{"href":"https:\/\/smallthings.fr\/lespetitslivres\/wp-json\/wp\/v2\/media?parent=6396"}],"wp:term":[{"taxonomy":"category","embeddable":true,"href":"https:\/\/smallthings.fr\/lespetitslivres\/wp-json\/wp\/v2\/categories?post=6396"},{"taxonomy":"post_tag","embeddable":true,"href":"https:\/\/smallthings.fr\/lespetitslivres\/wp-json\/wp\/v2\/tags?post=6396"}],"curies":[{"name":"wp","href":"https:\/\/api.w.org\/{rel}","templated":true}]}}