{"id":6060,"date":"2013-06-27T11:07:32","date_gmt":"2013-06-27T10:07:32","guid":{"rendered":"http:\/\/smallthings.fr\/?post_type=os_livre&#038;p=6060"},"modified":"2015-11-02T13:38:09","modified_gmt":"2015-11-02T12:38:09","slug":"frederic-lenoir-et-simonetta-greggio-nina","status":"publish","type":"post","link":"https:\/\/smallthings.fr\/lespetitslivres\/2013\/06\/27\/frederic-lenoir-et-simonetta-greggio-nina\/","title":{"rendered":"Fr\u00e9d\u00e9ric Lenoir et Simonetta Greggio &#8211; \u00ab\u00a0Nina\u00a0\u00bb"},"content":{"rendered":"<p>Parce qu&rsquo;il en faut pour tous les go\u00fbts : apr\u00e8s vous avoir chaleureusement conseill\u00e9 l&rsquo;excellent <em>Oh, my dear<\/em> paru au Cherche Midi, la r\u00e9daction de Small Things vous\u00a0parle du\u00a0romantique <em>Nina<\/em>. Je ne vous cache pas que tous les chapitres ne sont pas joyeux ; le personnage principal a en effet l&rsquo;intention de mettre fin \u00e0 ses jours&#8230; Il n&rsquo;en reste pas moins que malgr\u00e9 cet \u00e9tat de fait n\u00e9gatif, <em>Nina<\/em> rassemble vraiment de jolis \u00e9l\u00e9ments, ainsi qu&rsquo;une multitude de personnages tous aussi attachants et sympathiques les uns que les autres.<\/p>\n<p><a href=\"http:\/\/uploads.smallthings.fr\/2013\/06\/NINA_F1.jpg\"><img loading=\"lazy\" decoding=\"async\" class=\"alignleft size-medium wp-image-6374\" alt=\"NINA_F~1\" src=\"http:\/\/uploads.smallthings.fr\/2013\/06\/NINA_F1-188x300.jpg\" width=\"188\" height=\"300\" \/><\/a>Dans\u00a0son petit appartement parisien, Adrien voit la vie en noir. Un mal-\u00eatre de longue date, qui remonte \u00e0 la surface. Un soir, alors qu&rsquo;il d\u00e9cide d&rsquo;en finir avec la vie, il s&rsquo;installe \u00e0 son bureau pour r\u00e9diger des lettres d&rsquo;adieu. Il \u00e9crit \u00e0 Rose, son adorable voisine. Puis, dans un \u00e9lan quasi inconscient, alors que des instants \u00e9pars de sa vie d\u00e9filent devant ses yeux, il commence \u00e0 \u00e9crire \u00e0 Nina&#8230; Nina, cette jeune fille qu&rsquo;il a connue adolescent, qu&rsquo;il a aim\u00e9e tendrement et perdue de vue progressivement. Cet amour platonique qui semblait r\u00e9ciproque va hanter les derni\u00e8res heures de la vie d&rsquo;Adrien. Fi\u00e8vreusement, il lui adresse des pages et des pages, des mots d&rsquo;amour retenus si longtemps et presque oubli\u00e9s. Avant d&rsquo;avaler une dose mortelle de m\u00e9dicaments.<\/p>\n<p>Le lendemain matin, les proches d&rsquo;Adrien retrouvent les lettres adress\u00e9es \u00e0 Nina. Nicolas, son fr\u00e8re, les r\u00e9cup\u00e8re et se pose la question de les envoyer ou non \u00e0 la jeune femme. Il d\u00e9cide de se donner le temps de la r\u00e9flexion et\u00a0les garde avec\u00a0lui. C&rsquo;est alors qu&rsquo;Emilie, la baby-sitter des enfants de Nicolas, va trouver ces missives par hasard, les parcourir, et tomber compl\u00e8tement sous leur charme. Jeune fille intuitive et d\u00e9brouillarde, elle d\u00e9cide de les \u00ab\u00a0emprunter\u00a0\u00bb afin de les montrer \u00e0 un \u00e9diteur qu&rsquo;elle conna\u00eet bien&#8230;<\/p>\n<p>Difficile de vous parler du roman, car il est hors de question que je vous en g\u00e2che le suspens. Suspens parfaitement ma\u00eetris\u00e9 par les auteurs jusqu&rsquo;\u00e0 la derni\u00e8re page. On ne se doute pas de ce qu&rsquo;il va finalement arriver.\u00a0Fr\u00e9d\u00e9ric Lenoir et Simonetta Greggio \u00a0jouent avec les nerfs de leur lecteur, et lui proposent maints rebondissements avant d&rsquo;acc\u00e9der au d\u00e9nouement ! On a beau se douter vaguement de ce qu&rsquo;il serait \u00ab\u00a0logique\u00a0\u00bb qu&rsquo;il se passe, de chapitres en chapitres, on n&rsquo;en est finalement pas bien s\u00fbrs, et on se demande r\u00e9guli\u00e8rement ce que les auteurs vont encore pouvoir nous inventer !<\/p>\n<p>Je dois \u00eatre honn\u00eate : je n&rsquo;ai pas accroch\u00e9 imm\u00e9diatement. Loin de l\u00e0. Je ne vous cache pas que les premi\u00e8res pages constituant la longue lettre d&rsquo;Adrien \u00e0 Nina, sont assez r\u00e9barbatives. Le jeune homme amoureux se r\u00e9p\u00e8te beaucoup. On est d&rsquo;accord, les lettres d&rsquo;amour sont rarement originales, et on ne peut s\u00fbrement pas se vanter d&rsquo;en avoir \u00e9crit de plus captivantes, mais le roman met du coup trop longtemps \u00e0 d\u00e9marrer \u00e0 mon go\u00fbt. J&rsquo;ai m\u00eame failli l\u00e2cher&#8230; et cela aurait quand m\u00eame \u00e9t\u00e9 dommage. Au fur et \u00e0 mesure du livre, de nouveaux personnages apparaissent, tous tr\u00e8s attachants et absolument cr\u00e9dibles. En particulier la jeune Emilie que j&rsquo;ai beaucoup aim\u00e9, ainsi que l&rsquo;\u00e9diteur, Robert&#8230; Qui quand on conna\u00eet un peu le monde de l&rsquo;\u00e9dition, nous rappelle vaguement quelqu&rsquo;un&#8230; Cette partie m&rsquo;a amus\u00e9e, car j&rsquo;y ai retrouv\u00e9 mes rep\u00e8res. On sent que les auteurs savent bien de quoi ils nous parlent, et le clin d&rsquo;oeil est appr\u00e9ciable.<\/p>\n<div id=\"attachment_6061\" style=\"width: 441px\" class=\"wp-caption aligncenter\"><a href=\"http:\/\/uploads.smallthings.fr\/2013\/06\/2440224.jpg\"><img loading=\"lazy\" decoding=\"async\" aria-describedby=\"caption-attachment-6061\" class=\"size-full wp-image-6061\" alt=\"\u00a9 Gianmarco Chieregato\" src=\"http:\/\/uploads.smallthings.fr\/2013\/06\/2440224.jpg\" width=\"431\" height=\"191\" \/><\/a><p id=\"caption-attachment-6061\" class=\"wp-caption-text\">\u00a9 Gianmarco Chieregato<\/p><\/div>\n<div id=\"attachment_6339\" style=\"width: 310px\" class=\"wp-caption aligncenter\"><a href=\"http:\/\/uploads.smallthings.fr\/2013\/06\/24403101.jpg\"><img loading=\"lazy\" decoding=\"async\" aria-describedby=\"caption-attachment-6339\" class=\"size-medium wp-image-6339\" alt=\"\u00a9 Gianmarco Chieregato\" src=\"http:\/\/uploads.smallthings.fr\/2013\/06\/24403101-300x202.jpg\" width=\"300\" height=\"202\" \/><\/a><p id=\"caption-attachment-6339\" class=\"wp-caption-text\">\u00a9 Gianmarco Chieregato<\/p><\/div>\n<p>A noter la dimension philosophique que l&rsquo;on retrouve en fil rouge tout au long du roman. L&rsquo;amour platonique, inassouvi, non-v\u00e9cu, qui hante si fort la personne qui l&rsquo;a ressenti, qu&rsquo;elle lui d\u00e9dierait sa vie. C&rsquo;est le cas d&rsquo;Adrien qui pr\u00e9sente dans ses lettres Nina comme le symbole, le centre, de toute sa vie, au moment o\u00f9 il d\u00e9cide de mourir.<\/p>\n<blockquote><p>\u00ab\u00a0Un amour non v\u00e9cu n&rsquo;est pas un amour perdu. C&rsquo;est un amour qui vous perd, qui vous poss\u00e8de plus que vous n&rsquo;en \u00eates d\u00e9poss\u00e9d\u00e9.\u00a0\u00bb<\/p><\/blockquote>\n<p>Chacun pourra \u00e9ventuellement y trouver un \u00e9cho dans sa vie personnelle. Il n&rsquo;y a pas de logique \u00e0 se souvenir beaucoup mieux d&rsquo;un amour non-v\u00e9cu, que d&rsquo;un amour v\u00e9cu qui est cens\u00e9 avoir \u00e9t\u00e9 plus sinc\u00e8re, car plus concret. Mais qu&rsquo;est-ce qui emp\u00eache le souvenir de l&rsquo;amour non-v\u00e9cu de s&rsquo;estomper ? La frustration ? Le sentiment trop pr\u00e9sent d&rsquo;avoir manqu\u00e9 quelque chose ? Petite r\u00e9flexion en arri\u00e8re-plan qui n&rsquo;est pas inint\u00e9ressante. J&rsquo;ai \u00e9t\u00e9 presque d\u00e9\u00e7ue que la question n&rsquo;ait pas \u00e9t\u00e9 davantage trait\u00e9e. Mais bon,\u00a0il s&rsquo;agit d&rsquo;un roman, pas d&rsquo;un essai philosophique.<\/p>\n<p>Pour finir, je vous en conseille donc la lecture, si vous aimez les jolis romans d&rsquo;amour \u00e0 petites touches philosophiques.<\/p>\n","protected":false},"excerpt":{"rendered":"<p>Sorti fin mai et \u00e9crit \u00e0 4 mains, \u00ab\u00a0Nina\u00a0\u00bb tr\u00f4ne depuis plusieurs semaines dans la liste des meilleures ventes. Un autre livre que la r\u00e9daction de Small Things vous conseille pour cet \u00e9t\u00e9, si vous aimez les romans d&rsquo;amour \u00e0 l&rsquo;eau de rose (y a pas de honte \u00e0 \u00e7a ^^)<\/p>\n","protected":false},"author":2,"featured_media":6370,"comment_status":"open","ping_status":"open","sticky":false,"template":"","format":"standard","meta":{"jetpack_post_was_ever_published":false,"_jetpack_newsletter_access":"","_jetpack_newsletter_tier_id":0,"footnotes":"","jetpack_publicize_message":"","jetpack_is_tweetstorm":false,"jetpack_publicize_feature_enabled":true,"jetpack_social_post_already_shared":true,"jetpack_social_options":{"image_generator_settings":{"template":"highway","enabled":false}}},"categories":[1117],"tags":[397,398,399,400],"jetpack_publicize_connections":[],"yoast_head":"<!-- This site is optimized with the Yoast SEO plugin v21.5 - https:\/\/yoast.com\/wordpress\/plugins\/seo\/ -->\n<title>Fr\u00e9d\u00e9ric Lenoir et Simonetta Greggio - &quot;Nina&quot; - Les Petits Livres<\/title>\n<meta name=\"robots\" content=\"index, follow, max-snippet:-1, max-image-preview:large, max-video-preview:-1\" \/>\n<link rel=\"canonical\" href=\"http:\/\/smallthings.fr\/lespetitslivres\/2013\/06\/27\/frederic-lenoir-et-simonetta-greggio-nina\/\" \/>\n<meta property=\"og:locale\" content=\"fr_FR\" \/>\n<meta property=\"og:type\" content=\"article\" \/>\n<meta property=\"og:title\" content=\"Fr\u00e9d\u00e9ric Lenoir et Simonetta Greggio - &quot;Nina&quot; - Les Petits Livres\" \/>\n<meta property=\"og:description\" content=\"Sorti fin mai et \u00e9crit \u00e0 4 mains, &quot;Nina&quot; tr\u00f4ne depuis plusieurs semaines dans la liste des meilleures ventes. Un autre livre que la r\u00e9daction de Small Things vous conseille pour cet \u00e9t\u00e9, si vous aimez les romans d&#039;amour \u00e0 l&#039;eau de rose (y a pas de honte \u00e0 \u00e7a ^^)\" \/>\n<meta property=\"og:url\" content=\"http:\/\/smallthings.fr\/lespetitslivres\/2013\/06\/27\/frederic-lenoir-et-simonetta-greggio-nina\/\" \/>\n<meta property=\"og:site_name\" content=\"Les Petits Livres\" \/>\n<meta property=\"article:published_time\" content=\"2013-06-27T10:07:32+00:00\" \/>\n<meta property=\"article:modified_time\" content=\"2015-11-02T12:38:09+00:00\" \/>\n<meta name=\"author\" content=\"Claire\" \/>\n<meta name=\"twitter:card\" content=\"summary_large_image\" \/>\n<meta name=\"twitter:label1\" content=\"\u00c9crit par\" \/>\n\t<meta name=\"twitter:data1\" content=\"Claire\" \/>\n\t<meta name=\"twitter:label2\" content=\"Dur\u00e9e de lecture estim\u00e9e\" \/>\n\t<meta name=\"twitter:data2\" content=\"4 minutes\" \/>\n<script type=\"application\/ld+json\" class=\"yoast-schema-graph\">{\"@context\":\"https:\/\/schema.org\",\"@graph\":[{\"@type\":\"WebPage\",\"@id\":\"http:\/\/smallthings.fr\/lespetitslivres\/2013\/06\/27\/frederic-lenoir-et-simonetta-greggio-nina\/\",\"url\":\"http:\/\/smallthings.fr\/lespetitslivres\/2013\/06\/27\/frederic-lenoir-et-simonetta-greggio-nina\/\",\"name\":\"Fr\u00e9d\u00e9ric Lenoir et Simonetta Greggio - \\\"Nina\\\" - Les Petits Livres\",\"isPartOf\":{\"@id\":\"https:\/\/smallthings.fr\/lespetitslivres\/#website\"},\"datePublished\":\"2013-06-27T10:07:32+00:00\",\"dateModified\":\"2015-11-02T12:38:09+00:00\",\"author\":{\"@id\":\"https:\/\/smallthings.fr\/lespetitslivres\/#\/schema\/person\/504d603cacfe064fe039dfa03a8b7918\"},\"breadcrumb\":{\"@id\":\"http:\/\/smallthings.fr\/lespetitslivres\/2013\/06\/27\/frederic-lenoir-et-simonetta-greggio-nina\/#breadcrumb\"},\"inLanguage\":\"fr-FR\",\"potentialAction\":[{\"@type\":\"ReadAction\",\"target\":[\"http:\/\/smallthings.fr\/lespetitslivres\/2013\/06\/27\/frederic-lenoir-et-simonetta-greggio-nina\/\"]}]},{\"@type\":\"BreadcrumbList\",\"@id\":\"http:\/\/smallthings.fr\/lespetitslivres\/2013\/06\/27\/frederic-lenoir-et-simonetta-greggio-nina\/#breadcrumb\",\"itemListElement\":[{\"@type\":\"ListItem\",\"position\":1,\"name\":\"Accueil\",\"item\":\"https:\/\/smallthings.fr\/lespetitslivres\/\"},{\"@type\":\"ListItem\",\"position\":2,\"name\":\"Fr\u00e9d\u00e9ric Lenoir et Simonetta Greggio &#8211; \u00ab\u00a0Nina\u00a0\u00bb\"}]},{\"@type\":\"WebSite\",\"@id\":\"https:\/\/smallthings.fr\/lespetitslivres\/#website\",\"url\":\"https:\/\/smallthings.fr\/lespetitslivres\/\",\"name\":\"Les Petits Livres\",\"description\":\"by Small Things\",\"potentialAction\":[{\"@type\":\"SearchAction\",\"target\":{\"@type\":\"EntryPoint\",\"urlTemplate\":\"https:\/\/smallthings.fr\/lespetitslivres\/?s={search_term_string}\"},\"query-input\":\"required name=search_term_string\"}],\"inLanguage\":\"fr-FR\"},{\"@type\":\"Person\",\"@id\":\"https:\/\/smallthings.fr\/lespetitslivres\/#\/schema\/person\/504d603cacfe064fe039dfa03a8b7918\",\"name\":\"Claire\",\"image\":{\"@type\":\"ImageObject\",\"inLanguage\":\"fr-FR\",\"@id\":\"https:\/\/smallthings.fr\/lespetitslivres\/#\/schema\/person\/image\/\",\"url\":\"https:\/\/secure.gravatar.com\/avatar\/9a85ff83d76b3eb17b8cae208640786e?s=96&d=retro&r=g\",\"contentUrl\":\"https:\/\/secure.gravatar.com\/avatar\/9a85ff83d76b3eb17b8cae208640786e?s=96&d=retro&r=g\",\"caption\":\"Claire\"},\"url\":\"https:\/\/smallthings.fr\/lespetitslivres\/author\/claire\/\"}]}<\/script>\n<!-- \/ Yoast SEO plugin. -->","yoast_head_json":{"title":"Fr\u00e9d\u00e9ric Lenoir et Simonetta Greggio - \"Nina\" - Les Petits Livres","robots":{"index":"index","follow":"follow","max-snippet":"max-snippet:-1","max-image-preview":"max-image-preview:large","max-video-preview":"max-video-preview:-1"},"canonical":"http:\/\/smallthings.fr\/lespetitslivres\/2013\/06\/27\/frederic-lenoir-et-simonetta-greggio-nina\/","og_locale":"fr_FR","og_type":"article","og_title":"Fr\u00e9d\u00e9ric Lenoir et Simonetta Greggio - \"Nina\" - Les Petits Livres","og_description":"Sorti fin mai et \u00e9crit \u00e0 4 mains, \"Nina\" tr\u00f4ne depuis plusieurs semaines dans la liste des meilleures ventes. Un autre livre que la r\u00e9daction de Small Things vous conseille pour cet \u00e9t\u00e9, si vous aimez les romans d'amour \u00e0 l'eau de rose (y a pas de honte \u00e0 \u00e7a ^^)","og_url":"http:\/\/smallthings.fr\/lespetitslivres\/2013\/06\/27\/frederic-lenoir-et-simonetta-greggio-nina\/","og_site_name":"Les Petits Livres","article_published_time":"2013-06-27T10:07:32+00:00","article_modified_time":"2015-11-02T12:38:09+00:00","author":"Claire","twitter_card":"summary_large_image","twitter_misc":{"\u00c9crit par":"Claire","Dur\u00e9e de lecture estim\u00e9e":"4 minutes"},"schema":{"@context":"https:\/\/schema.org","@graph":[{"@type":"WebPage","@id":"http:\/\/smallthings.fr\/lespetitslivres\/2013\/06\/27\/frederic-lenoir-et-simonetta-greggio-nina\/","url":"http:\/\/smallthings.fr\/lespetitslivres\/2013\/06\/27\/frederic-lenoir-et-simonetta-greggio-nina\/","name":"Fr\u00e9d\u00e9ric Lenoir et Simonetta Greggio - \"Nina\" - Les Petits Livres","isPartOf":{"@id":"https:\/\/smallthings.fr\/lespetitslivres\/#website"},"datePublished":"2013-06-27T10:07:32+00:00","dateModified":"2015-11-02T12:38:09+00:00","author":{"@id":"https:\/\/smallthings.fr\/lespetitslivres\/#\/schema\/person\/504d603cacfe064fe039dfa03a8b7918"},"breadcrumb":{"@id":"http:\/\/smallthings.fr\/lespetitslivres\/2013\/06\/27\/frederic-lenoir-et-simonetta-greggio-nina\/#breadcrumb"},"inLanguage":"fr-FR","potentialAction":[{"@type":"ReadAction","target":["http:\/\/smallthings.fr\/lespetitslivres\/2013\/06\/27\/frederic-lenoir-et-simonetta-greggio-nina\/"]}]},{"@type":"BreadcrumbList","@id":"http:\/\/smallthings.fr\/lespetitslivres\/2013\/06\/27\/frederic-lenoir-et-simonetta-greggio-nina\/#breadcrumb","itemListElement":[{"@type":"ListItem","position":1,"name":"Accueil","item":"https:\/\/smallthings.fr\/lespetitslivres\/"},{"@type":"ListItem","position":2,"name":"Fr\u00e9d\u00e9ric Lenoir et Simonetta Greggio &#8211; \u00ab\u00a0Nina\u00a0\u00bb"}]},{"@type":"WebSite","@id":"https:\/\/smallthings.fr\/lespetitslivres\/#website","url":"https:\/\/smallthings.fr\/lespetitslivres\/","name":"Les Petits Livres","description":"by Small Things","potentialAction":[{"@type":"SearchAction","target":{"@type":"EntryPoint","urlTemplate":"https:\/\/smallthings.fr\/lespetitslivres\/?s={search_term_string}"},"query-input":"required name=search_term_string"}],"inLanguage":"fr-FR"},{"@type":"Person","@id":"https:\/\/smallthings.fr\/lespetitslivres\/#\/schema\/person\/504d603cacfe064fe039dfa03a8b7918","name":"Claire","image":{"@type":"ImageObject","inLanguage":"fr-FR","@id":"https:\/\/smallthings.fr\/lespetitslivres\/#\/schema\/person\/image\/","url":"https:\/\/secure.gravatar.com\/avatar\/9a85ff83d76b3eb17b8cae208640786e?s=96&d=retro&r=g","contentUrl":"https:\/\/secure.gravatar.com\/avatar\/9a85ff83d76b3eb17b8cae208640786e?s=96&d=retro&r=g","caption":"Claire"},"url":"https:\/\/smallthings.fr\/lespetitslivres\/author\/claire\/"}]}},"jetpack_featured_media_url":"","jetpack_sharing_enabled":true,"jetpack_shortlink":"https:\/\/wp.me\/p6Un21-1zK","jetpack-related-posts":[{"id":31976,"url":"https:\/\/smallthings.fr\/lespetitslivres\/2019\/08\/14\/comment-etre-aussi-cool-que-nina-hill-la-romance-feel-good-de-lete\/","url_meta":{"origin":6060,"position":0},"title":"Comment \u00eatre aussi cool que Nina Hill, la romance feel-good de l\u2019\u00e9t\u00e9 !","author":"Jennifer","date":"14 ao\u00fbt 2019","format":false,"excerpt":"Comment \u00eatre aussi cool que Nina Hill est un roman d\u2019Abbi Waxman. Sorti aujourd\u2019hui chez les \u00e9ditions Milady, ce feel-good est un coup de c\u0153ur\u00a0! Il y a des livres qui ont l\u2019air bien et qui, finalement, vous transporte d\u00e8s la premi\u00e8re page. C\u2019est le cas de Comment \u00eatre aussi\u2026","rel":"","context":"Dans &quot;Roman \u00e9tranger&quot;","block_context":{"text":"Roman \u00e9tranger","link":"https:\/\/smallthings.fr\/lespetitslivres\/category\/roman\/roman-etranger\/"},"img":{"alt_text":"","src":"https:\/\/i0.wp.com\/smallthings.fr\/lespetitslivres\/wp-content\/uploads\/2019\/08\/comment-\u00eatre-aussi-cool-que-Nina-hill-Abbi-Waxman-2.jpg?resize=350%2C200&ssl=1","width":350,"height":200,"srcset":"https:\/\/i0.wp.com\/smallthings.fr\/lespetitslivres\/wp-content\/uploads\/2019\/08\/comment-\u00eatre-aussi-cool-que-Nina-hill-Abbi-Waxman-2.jpg?resize=350%2C200&ssl=1 1x, https:\/\/i0.wp.com\/smallthings.fr\/lespetitslivres\/wp-content\/uploads\/2019\/08\/comment-\u00eatre-aussi-cool-que-Nina-hill-Abbi-Waxman-2.jpg?resize=525%2C300&ssl=1 1.5x, https:\/\/i0.wp.com\/smallthings.fr\/lespetitslivres\/wp-content\/uploads\/2019\/08\/comment-\u00eatre-aussi-cool-que-Nina-hill-Abbi-Waxman-2.jpg?resize=700%2C400&ssl=1 2x, https:\/\/i0.wp.com\/smallthings.fr\/lespetitslivres\/wp-content\/uploads\/2019\/08\/comment-\u00eatre-aussi-cool-que-Nina-hill-Abbi-Waxman-2.jpg?resize=1050%2C600&ssl=1 3x, https:\/\/i0.wp.com\/smallthings.fr\/lespetitslivres\/wp-content\/uploads\/2019\/08\/comment-\u00eatre-aussi-cool-que-Nina-hill-Abbi-Waxman-2.jpg?resize=1400%2C800&ssl=1 4x"},"classes":[]},{"id":31795,"url":"https:\/\/smallthings.fr\/lespetitslivres\/2018\/08\/31\/hommes-desirent-naturellement-savoir-bouraoui\/","url_meta":{"origin":6060,"position":1},"title":"Tous les hommes d\u00e9sirent naturellement savoir, nouveau livre de Nina Bouraoui","author":"Claire","date":"31 ao\u00fbt 2018","format":false,"excerpt":"Le nouveau roman de Nina Bouraoui, Tous les hommes d\u00e9sirent naturellement savoir, vient de para\u00eetre chez Latt\u00e8s en cette Rentr\u00e9e litt\u00e9raire. Si le livre porte le nom de \"roman\", il a des allures d'autofiction, entre les souvenirs familiaux en France et en Alg\u00e9rie, l'homosexualit\u00e9 de la narratrice et le sujet\u2026","rel":"","context":"Dans &quot;Roman fran\u00e7ais&quot;","block_context":{"text":"Roman fran\u00e7ais","link":"https:\/\/smallthings.fr\/lespetitslivres\/category\/roman\/roman-francais\/"},"img":{"alt_text":"","src":"https:\/\/i0.wp.com\/smallthings.fr\/lespetitslivres\/wp-content\/uploads\/2018\/08\/nina-bouraoui.jpg?resize=350%2C200&ssl=1","width":350,"height":200,"srcset":"https:\/\/i0.wp.com\/smallthings.fr\/lespetitslivres\/wp-content\/uploads\/2018\/08\/nina-bouraoui.jpg?resize=350%2C200&ssl=1 1x, https:\/\/i0.wp.com\/smallthings.fr\/lespetitslivres\/wp-content\/uploads\/2018\/08\/nina-bouraoui.jpg?resize=525%2C300&ssl=1 1.5x"},"classes":[]},{"id":27985,"url":"https:\/\/smallthings.fr\/lespetitslivres\/2015\/10\/07\/frederic-beigbeder-conversations-enfant-critique\/","url_meta":{"origin":6060,"position":2},"title":"Fr\u00e9d\u00e9ric Beigbeder, son nouveau livre : de quoi s&rsquo;agit-il ?","author":"Cecile","date":"7 octobre 2015","format":false,"excerpt":"Conversations d\u2019un enfant du si\u00e8cle, paru le 16 septembre chez Grasset, est un recueil qui regroupe les entretiens que Fr\u00e9d\u00e9ric Beigbeder a fait entre 1999 et 2014 pour le compte de multiples magazines (Le Figaro litt\u00e9raire, Les livres et moi, Lui, GQ, Bordel, entre autres) avec les \u00e9crivains influents d\u2019aujourd\u2019hui,\u2026","rel":"","context":"Dans &quot;Essai&quot;","block_context":{"text":"Essai","link":"https:\/\/smallthings.fr\/lespetitslivres\/category\/non-fiction\/essai\/"},"img":{"alt_text":"","src":"https:\/\/i0.wp.com\/smallthings.fr\/lespetitslivres\/wp-content\/uploads\/2015\/10\/beigbeder-enfant-siecle.jpg?resize=350%2C200&ssl=1","width":350,"height":200,"srcset":"https:\/\/i0.wp.com\/smallthings.fr\/lespetitslivres\/wp-content\/uploads\/2015\/10\/beigbeder-enfant-siecle.jpg?resize=350%2C200&ssl=1 1x, https:\/\/i0.wp.com\/smallthings.fr\/lespetitslivres\/wp-content\/uploads\/2015\/10\/beigbeder-enfant-siecle.jpg?resize=525%2C300&ssl=1 1.5x, https:\/\/i0.wp.com\/smallthings.fr\/lespetitslivres\/wp-content\/uploads\/2015\/10\/beigbeder-enfant-siecle.jpg?resize=700%2C400&ssl=1 2x"},"classes":[]},{"id":31364,"url":"https:\/\/smallthings.fr\/lespetitslivres\/2017\/10\/26\/niveau-0-anne-feugnet-critique\/","url_meta":{"origin":6060,"position":3},"title":"Niveau 0&nbsp;: encore une p\u00e9pite sign\u00e9e Anne Feugnet","author":"Jennifer","date":"26 octobre 2017","format":false,"excerpt":"Niveau 0, le nouveau roman d\u2019anticipation d'Anne Feugnet, est sorti en septembre dernier chez Rebelle \u00e9ditions. L\u2019histoire se passe en 2349 \u00e0 Paris au niveau z\u00e9ro d\u2019une enceinte imprenable. L\u00e0-dessous, 150 hommes, n\u00e9s d\u2019une matrice artificielle, p\u00e9dalent pour produire de l\u2019\u00e9lectricit\u00e9 \u00e0 ceux de la surface et gagner ainsi leur\u2026","rel":"","context":"Dans &quot;Science-fiction&quot;","block_context":{"text":"Science-fiction","link":"https:\/\/smallthings.fr\/lespetitslivres\/category\/imaginaire\/science-fiction\/"},"img":{"alt_text":"","src":"https:\/\/i0.wp.com\/smallthings.fr\/lespetitslivres\/wp-content\/uploads\/2017\/10\/Niveau-0-Anne-Feugnet-2.jpg?resize=350%2C200&ssl=1","width":350,"height":200,"srcset":"https:\/\/i0.wp.com\/smallthings.fr\/lespetitslivres\/wp-content\/uploads\/2017\/10\/Niveau-0-Anne-Feugnet-2.jpg?resize=350%2C200&ssl=1 1x, https:\/\/i0.wp.com\/smallthings.fr\/lespetitslivres\/wp-content\/uploads\/2017\/10\/Niveau-0-Anne-Feugnet-2.jpg?resize=525%2C300&ssl=1 1.5x"},"classes":[]},{"id":16019,"url":"https:\/\/smallthings.fr\/lespetitslivres\/2014\/08\/25\/denis-michelis-chance-tu-as\/","url_meta":{"origin":6060,"position":4},"title":"Denis Michelis &#8211; La chance que tu as","author":"Claire","date":"25 ao\u00fbt 2014","format":false,"excerpt":"Denis Michelis publie chez Stock son premier roman pour la rentr\u00e9e litt\u00e9raire : La chance que tu as. Le journaliste choisit de parler de la souffrance sourde que tout un chacun dans cette soci\u00e9t\u00e9 peut ressentir parfois. Un roman tr\u00e8s efficace. Fra\u00eechement d\u00e9barqu\u00e9 de chez ses parents qui lui ont\u2026","rel":"","context":"Dans &quot;Roman fran\u00e7ais&quot;","block_context":{"text":"Roman fran\u00e7ais","link":"https:\/\/smallthings.fr\/lespetitslivres\/category\/roman\/roman-francais\/"},"img":{"alt_text":"Denis Michelis pr\u00c3\u00a9sente son roman \u00c3\u00a0 l'Institut du Monde Arabe en juin dernier.","src":"https:\/\/i0.wp.com\/smallthings.fr\/wp-content\/uploads\/2014\/08\/denis-michelis-chance-que.jpg?resize=350%2C200","width":350,"height":200},"classes":[]},{"id":32100,"url":"https:\/\/smallthings.fr\/lespetitslivres\/2020\/04\/29\/la-vie-a-portee-de-main-katherine-center\/","url_meta":{"origin":6060,"position":5},"title":"La vie \u00e0 port\u00e9e de main, le roman feel-good de Katherine Center","author":"Jennifer","date":"29 avril 2020","format":false,"excerpt":"La vie \u00e0 port\u00e9e de main est un roman feel-good \u00e9crit par Katherine Center et publi\u00e9 chez Milady. Un livre int\u00e9ressant sur la vie d\u2019une citadine qui vient s\u2019installer \u00e0 la compagne avec ses enfants. La vie \u00e0 port\u00e9e de main est un roman doudou. Ce n\u2019est pas un coup\u2026","rel":"","context":"Dans &quot;Roman \u00e9tranger&quot;","block_context":{"text":"Roman \u00e9tranger","link":"https:\/\/smallthings.fr\/lespetitslivres\/category\/roman\/roman-etranger\/"},"img":{"alt_text":"","src":"https:\/\/i0.wp.com\/smallthings.fr\/lespetitslivres\/wp-content\/uploads\/2020\/04\/barn-4596633_1280.jpg?resize=350%2C200&ssl=1","width":350,"height":200,"srcset":"https:\/\/i0.wp.com\/smallthings.fr\/lespetitslivres\/wp-content\/uploads\/2020\/04\/barn-4596633_1280.jpg?resize=350%2C200&ssl=1 1x, https:\/\/i0.wp.com\/smallthings.fr\/lespetitslivres\/wp-content\/uploads\/2020\/04\/barn-4596633_1280.jpg?resize=525%2C300&ssl=1 1.5x, https:\/\/i0.wp.com\/smallthings.fr\/lespetitslivres\/wp-content\/uploads\/2020\/04\/barn-4596633_1280.jpg?resize=700%2C400&ssl=1 2x, https:\/\/i0.wp.com\/smallthings.fr\/lespetitslivres\/wp-content\/uploads\/2020\/04\/barn-4596633_1280.jpg?resize=1050%2C600&ssl=1 3x"},"classes":[]}],"_links":{"self":[{"href":"https:\/\/smallthings.fr\/lespetitslivres\/wp-json\/wp\/v2\/posts\/6060"}],"collection":[{"href":"https:\/\/smallthings.fr\/lespetitslivres\/wp-json\/wp\/v2\/posts"}],"about":[{"href":"https:\/\/smallthings.fr\/lespetitslivres\/wp-json\/wp\/v2\/types\/post"}],"author":[{"embeddable":true,"href":"https:\/\/smallthings.fr\/lespetitslivres\/wp-json\/wp\/v2\/users\/2"}],"replies":[{"embeddable":true,"href":"https:\/\/smallthings.fr\/lespetitslivres\/wp-json\/wp\/v2\/comments?post=6060"}],"version-history":[{"count":1,"href":"https:\/\/smallthings.fr\/lespetitslivres\/wp-json\/wp\/v2\/posts\/6060\/revisions"}],"predecessor-version":[{"id":28968,"href":"https:\/\/smallthings.fr\/lespetitslivres\/wp-json\/wp\/v2\/posts\/6060\/revisions\/28968"}],"wp:featuredmedia":[{"embeddable":true,"href":"https:\/\/smallthings.fr\/lespetitslivres\/wp-json\/"}],"wp:attachment":[{"href":"https:\/\/smallthings.fr\/lespetitslivres\/wp-json\/wp\/v2\/media?parent=6060"}],"wp:term":[{"taxonomy":"category","embeddable":true,"href":"https:\/\/smallthings.fr\/lespetitslivres\/wp-json\/wp\/v2\/categories?post=6060"},{"taxonomy":"post_tag","embeddable":true,"href":"https:\/\/smallthings.fr\/lespetitslivres\/wp-json\/wp\/v2\/tags?post=6060"}],"curies":[{"name":"wp","href":"https:\/\/api.w.org\/{rel}","templated":true}]}}