{"id":4504,"date":"2013-04-11T18:09:10","date_gmt":"2013-04-11T17:09:10","guid":{"rendered":"http:\/\/smallthings.fr\/?post_type=os_livre&#038;p=4504"},"modified":"2015-10-21T17:36:24","modified_gmt":"2015-10-21T16:36:24","slug":"fabrice-colin-ta-mort-sera-la-mienne","status":"publish","type":"post","link":"https:\/\/smallthings.fr\/lespetitslivres\/2013\/04\/11\/fabrice-colin-ta-mort-sera-la-mienne\/","title":{"rendered":"Fabrice Colin &#8211; Ta mort sera la mienne"},"content":{"rendered":"<p>Certes je ne suis pas experte en polar, n\u00e9anmoins je peux quand m\u00eame dire que je n\u2019en avais jamais lu d\u2019aussi dense. <i>Ta mort sera la mienne<\/i> r\u00e9unit \u00e9norm\u00e9ment de qualit\u00e9s. Je trouve m\u00eame compliqu\u00e9 de le cat\u00e9goriser dans un genre litt\u00e9raire, tant il est complet. J\u2019irais m\u00eame plus loin\u00a0: je ne suis pas s\u00fbre que l\u2019on puisse parler d\u2019intrigue.<\/p>\n<p>Le n\u0153ud du roman est tout de m\u00eame de savoir ce qui relie les trois personnages principaux. Pour ma part, je l\u2019ai devin\u00e9 au milieu, alors que les indices deviennent de plus en plus nombreux, et que l\u2019on voit se dessiner la sc\u00e8ne finale o\u00f9 ils seront peut-\u00eatre r\u00e9unis. Mais le terme d\u2019intrigue ne me convient pas, dans le sens o\u00f9 l\u2019histoire des personnages principaux a dix fois plus de puissante, de densit\u00e9 et d\u2019int\u00e9r\u00eat, que l\u2019intrigue qui les rassemble. En tout cas c&rsquo;est ainsi que j&rsquo;ai per\u00e7u le livre.<\/p>\n<p>\u00ab\u00a0L\u2019intrigue\u00a0\u00bb, donc, est tr\u00e8s simple, et bas\u00e9e sur les points de vue des trois personnages principaux, dont on suppose d\u00e8s le d\u00e9part qu\u2019ils ont un lien. Les chapitres portent leurs pr\u00e9noms\u00a0: Karen, Troy, Donald.<\/p>\n<p>Karen est surveillante dans le cadre d\u2019un s\u00e9minaire litt\u00e9raire, qui se d\u00e9roule dans un motel. C\u2019est alors qu\u2019un homme habill\u00e9 en motard surgit et sort un fusil \u00e0 pompe de son sac. Il commence \u00e0 tuer les \u00e9tudiants un \u00e0 un. Karen parvient \u00e0 se cacher, tandis qu\u2019une \u00e9vidence s\u2019impose \u00e0 elle\u00a0: le tueur est venu pour elle.<\/p>\n<p>Chapitre suivant\u00a0: on devine de suite que Troy est le tueur en question. La deuxi\u00e8me personne du singulier qu\u2019emploie l\u2019auteur choque au d\u00e9part. Cela nous para\u00eet tr\u00e8s original et un peu g\u00eanant tout d&rsquo;abord, puis on s\u2019y habitue. Force est de consid\u00e9rer que oui, c\u2019est la seule mani\u00e8re de montrer \u00e0 quel point ce mec est barje. L\u2019effet rendu est excellent.<\/p>\n<p>Enfin, on fait la connaissance de Donald, un policier ob\u00e8se appel\u00e9 sur les lieux du massacre.<\/p>\n<p><img loading=\"lazy\" decoding=\"async\" class=\"alignleft  wp-image-4642\" style=\"margin-left: 5px; margin-right: 5px;\" alt=\"9782355841804_large\" src=\"http:\/\/uploads.smallthings.fr\/2013\/04\/9782355841804_large-188x300.jpg\" width=\"188\" height=\"300\" \/>L\u2019histoire se passe au pr\u00e9sent, et c\u2019est gr\u00e2ce aux tr\u00e8s nombreux flashbacks que l\u2019on en apprend davantage au sujet des personnages. Cela rend d\u2019ailleurs le livre un peu trop dense au d\u00e9but, selon moi. Il m\u2019est arriv\u00e9 de revenir en arri\u00e8re afin de me rappeler certaines choses. Est-ce que tout est indispensable \u00e0 retenir, je ne pense pas. N\u00e9anmoins, ces passages sont absolument passionnants, le pass\u00e9 des personnages s\u2019y trouve tr\u00e8s d\u00e9taill\u00e9, chaque\u00a0\u00e9l\u00e9ment nous semble important.<\/p>\n<p>Le polar de Fabrice Colin prend le temps d\u2019aborder plusieurs sujets de fond. Le plus \u00e9vident, bien s\u00fbr : cette tuerie ignoble. Le lecteur se doute qu\u2019il va au fur et \u00e0 mesure en apprendre davantage sur Troy, et sur ce qui l\u2019a pouss\u00e9 \u00e0 un tel acte. On\u00a0observe, lors des sc\u00e8nes qui se d\u00e9roulent au pr\u00e9sent, qu\u2019il est meurtri de l\u2019int\u00e9rieur et ne ressent absolument plus rien. Et les flashbacks vont nous aider \u00e0 le comprendre\u2026 Certaines sc\u00e8nes, j\u2019en profite pour le pr\u00e9ciser, sont quasiment insoutenables.<\/p>\n<p>Nous voil\u00e0 au deuxi\u00e8me sujet abord\u00e9\u00a0: celui des sectes. C\u2019est au \u00ab\u00a0Refuge\u00a0\u00bb que Troy a grandi. On ne comprend pas trop au d\u00e9part de quoi il s\u2019agit. Quel est cet endroit\u00a0ignoble et malsain\u00a0? L\u2019auteur d\u00e9crit en premier lieu les choses qui sont inflig\u00e9es au jeune gar\u00e7on (emprisonnement, privation, viol\u2026 \u00e2mes sensibles s\u2019abstenir), mais on ne sait pas o\u00f9 ni avec qui il est exactement. On le devine au fur et \u00e0 mesure de l\u2019histoire, o\u00f9 les r\u00e9f\u00e9rences \u00e0 l\u2019endroit sont de plus en plus claires. Ces flashbacks terribles apparaissent alors que Troy traverse le pays en direction du motel. Pourquoi ce jour-l\u00e0 pr\u00e9cis\u00e9ment\u00a0? Comment sait-il que Karen s\u2019y trouve, et qu\u2019est-elle pour lui\u00a0?<\/p>\n<p>On trouve aussi abord\u00e9s des th\u00e8mes un peu plus secondaires. Comme le drame qu\u2019a v\u00e9cu Donald au d\u00e9but de sa carri\u00e8re de policier\u00a0: perdre son coll\u00e8gue lors d\u2019une intervention, alors qu\u2019il \u00e9tait cens\u00e9 le couvrir\u2026 Cet \u00e9v\u00e9nement qui a malheureusement chang\u00e9 sa vie, continue de le hanter, inlassablement. L&rsquo;h\u00f4pital qui accueille Donald apr\u00e8s l&rsquo;accident va soigner ses blessures physiques, mais les morales vont rester.<\/p>\n<p>Le polar se d\u00e9roule en Utah (pour les sc\u00e8nes au pr\u00e9sent) et certaines sc\u00e8nes se passent aux alentours de Miami. Je trouve le choix de Miami tr\u00e8s bon\u00a0: ville toujours ensoleill\u00e9e et color\u00e9e, qui va \u00eatre l\u2019un des lieux de l&rsquo;illustration de la d\u00e9gringolade du r\u00eave am\u00e9ricain. Car c\u2019est bien de cela dont il s\u2019agit. Fabrice Colin, par l\u2019interm\u00e9diaire de cette histoire, veut nous montrer l\u2019un des c\u00f4t\u00e9s les plus sombres de cette d\u00e9sillusion progressive. L\u2019injustice, la col\u00e8re, l\u2019incompr\u00e9hension, la d\u00e9pression, la perte de ses rep\u00e8res\u2026<\/p>\n<p>Les personnages sont tous les trois \u00e0 c\u00f4t\u00e9 de leurs pompes, chacun \u00e0 leur mani\u00e8re.\u00a0Karen qui \u00e0 l\u2019\u00e9poque s\u2019est perdue dans diverses croyances douteuses, et n\u2019envisage pas de mener son existence autrement que guid\u00e9e par d\u2019autres. Troy qui est d\u00e9truit de l\u2019int\u00e9rieur, totalement ali\u00e9n\u00e9, et n\u2019a jamais \u00e9t\u00e9 la personne qu\u2019il aurait d\u00fb\/pu \u00eatre sans cette horrible enfance. Donald, incapable de faire le moindre choix depuis le drame, et qui fait une fixation sur l\u2019esprit des Navajos. Il aurait aim\u00e9 en \u00eatre un. Il aurait aim\u00e9 \u00eatre fort moralement, mais il ne peut plus, il a trop peur.<\/p>\n<p>Il y aurait beaucoup encore \u00e0 dire sur ce livre que j\u2019ai litt\u00e9ralement d\u00e9vor\u00e9. Il est dur, il est dense, il est pessimiste et violent, mais il est men\u00e9 d\u2019une main de ma\u00eetre, les histoires des personnages sont absolument passionnantes. L\u2019auteur nous accompagne jusqu\u2019\u00e0 ce que l\u2019on comprenne le n\u0153ud de l\u2019intrigue, et nous permet par la suite d\u2019envisager l\u2019histoire d\u2019une mani\u00e8re tout \u00e0 fait diff\u00e9rente sur toute la seconde moiti\u00e9.<\/p>\n<p>Une mani\u00e8re tr\u00e8s brutale et excessive de parler de la fin du r\u00eave am\u00e9ricain, et surtout de la d\u00e9sillusion ambiante, mais cela donne un tr\u00e8s bon bouquin ma foi.<\/p>\n<p>&nbsp;<\/p>\n<p><a href=\"http:\/\/uploads.smallthings.fr\/2013\/04\/47300271fabrice-colin-gif.gif\"><img loading=\"lazy\" decoding=\"async\" class=\"alignleft size-full wp-image-4519\" style=\"margin-left: 5px; margin-right: 5px;\" alt=\"47300271fabrice-colin-gif\" src=\"http:\/\/uploads.smallthings.fr\/2013\/04\/47300271fabrice-colin-gif.gif\" width=\"250\" height=\"250\" \/><\/a>Fabrice Colin met son talent au service de nombreux genres litt\u00e9raires : romans pour adultes, livres pour la jeunesse, litt\u00e9rature de l&rsquo;imaginaire, et m\u00eame bandes-dessin\u00e9es. Quatre fois laur\u00e9at du Grand prix de l&rsquo;Imaginaire, <em>Ta mort sera le mienne<\/em> est son deuxi\u00e8me polar publi\u00e9 chez Sonatine Editions.<\/p>\n<p>Le chouette blog de l&rsquo;auteur, o\u00f9 il nous raconte m\u00eame ses voyages et tout : <a href=\"http:\/\/fabrice-colin.over-blog.com\/\">http:\/\/fabrice-colin.over-blog.com\/<\/a><\/p>\n<p>&nbsp;<\/p>\n","protected":false},"excerpt":{"rendered":"<p>\u00ab\u00a0Ta mort sera la mienne\u00a0\u00bb est le deuxi\u00e8me polar de Fabrice Colin publi\u00e9 chez Sonatines. L&rsquo;auteur choisit le paysage de l&rsquo;Utah pour nous livrer sa vision de la d\u00e9gringolade du r\u00eave am\u00e9ricain. <\/p>\n","protected":false},"author":2,"featured_media":5426,"comment_status":"open","ping_status":"open","sticky":false,"template":"","format":"standard","meta":{"jetpack_post_was_ever_published":false,"_jetpack_newsletter_access":"","_jetpack_newsletter_tier_id":0,"footnotes":"","jetpack_publicize_message":"","jetpack_is_tweetstorm":false,"jetpack_publicize_feature_enabled":true,"jetpack_social_post_already_shared":true,"jetpack_social_options":{"image_generator_settings":{"template":"highway","enabled":false}}},"categories":[1111],"tags":[334,335,7,336,313,337,338],"jetpack_publicize_connections":[],"yoast_head":"<!-- This site is optimized with the Yoast SEO plugin v21.5 - https:\/\/yoast.com\/wordpress\/plugins\/seo\/ -->\n<title>Fabrice Colin - Ta mort sera la mienne - Les Petits Livres<\/title>\n<meta name=\"robots\" content=\"index, follow, max-snippet:-1, max-image-preview:large, max-video-preview:-1\" \/>\n<link rel=\"canonical\" href=\"https:\/\/smallthings.fr\/lespetitslivres\/2013\/04\/11\/fabrice-colin-ta-mort-sera-la-mienne\/\" \/>\n<meta property=\"og:locale\" content=\"fr_FR\" \/>\n<meta property=\"og:type\" content=\"article\" \/>\n<meta property=\"og:title\" content=\"Fabrice Colin - Ta mort sera la mienne - Les Petits Livres\" \/>\n<meta property=\"og:description\" content=\"&quot;Ta mort sera la mienne&quot; est le deuxi\u00e8me polar de Fabrice Colin publi\u00e9 chez Sonatines. L&#039;auteur choisit le paysage de l&#039;Utah pour nous livrer sa vision de la d\u00e9gringolade du r\u00eave am\u00e9ricain.\" \/>\n<meta property=\"og:url\" content=\"https:\/\/smallthings.fr\/lespetitslivres\/2013\/04\/11\/fabrice-colin-ta-mort-sera-la-mienne\/\" \/>\n<meta property=\"og:site_name\" content=\"Les Petits Livres\" \/>\n<meta property=\"article:published_time\" content=\"2013-04-11T17:09:10+00:00\" \/>\n<meta property=\"article:modified_time\" content=\"2015-10-21T16:36:24+00:00\" \/>\n<meta name=\"author\" content=\"Claire\" \/>\n<meta name=\"twitter:card\" content=\"summary_large_image\" \/>\n<meta name=\"twitter:label1\" content=\"\u00c9crit par\" \/>\n\t<meta name=\"twitter:data1\" content=\"Claire\" \/>\n\t<meta name=\"twitter:label2\" content=\"Dur\u00e9e de lecture estim\u00e9e\" \/>\n\t<meta name=\"twitter:data2\" content=\"6 minutes\" \/>\n<script type=\"application\/ld+json\" class=\"yoast-schema-graph\">{\"@context\":\"https:\/\/schema.org\",\"@graph\":[{\"@type\":\"WebPage\",\"@id\":\"https:\/\/smallthings.fr\/lespetitslivres\/2013\/04\/11\/fabrice-colin-ta-mort-sera-la-mienne\/\",\"url\":\"https:\/\/smallthings.fr\/lespetitslivres\/2013\/04\/11\/fabrice-colin-ta-mort-sera-la-mienne\/\",\"name\":\"Fabrice Colin - Ta mort sera la mienne - Les Petits Livres\",\"isPartOf\":{\"@id\":\"https:\/\/smallthings.fr\/lespetitslivres\/#website\"},\"datePublished\":\"2013-04-11T17:09:10+00:00\",\"dateModified\":\"2015-10-21T16:36:24+00:00\",\"author\":{\"@id\":\"https:\/\/smallthings.fr\/lespetitslivres\/#\/schema\/person\/504d603cacfe064fe039dfa03a8b7918\"},\"breadcrumb\":{\"@id\":\"https:\/\/smallthings.fr\/lespetitslivres\/2013\/04\/11\/fabrice-colin-ta-mort-sera-la-mienne\/#breadcrumb\"},\"inLanguage\":\"fr-FR\",\"potentialAction\":[{\"@type\":\"ReadAction\",\"target\":[\"https:\/\/smallthings.fr\/lespetitslivres\/2013\/04\/11\/fabrice-colin-ta-mort-sera-la-mienne\/\"]}]},{\"@type\":\"BreadcrumbList\",\"@id\":\"https:\/\/smallthings.fr\/lespetitslivres\/2013\/04\/11\/fabrice-colin-ta-mort-sera-la-mienne\/#breadcrumb\",\"itemListElement\":[{\"@type\":\"ListItem\",\"position\":1,\"name\":\"Accueil\",\"item\":\"https:\/\/smallthings.fr\/lespetitslivres\/\"},{\"@type\":\"ListItem\",\"position\":2,\"name\":\"Fabrice Colin &#8211; Ta mort sera la mienne\"}]},{\"@type\":\"WebSite\",\"@id\":\"https:\/\/smallthings.fr\/lespetitslivres\/#website\",\"url\":\"https:\/\/smallthings.fr\/lespetitslivres\/\",\"name\":\"Les Petits Livres\",\"description\":\"by Small Things\",\"potentialAction\":[{\"@type\":\"SearchAction\",\"target\":{\"@type\":\"EntryPoint\",\"urlTemplate\":\"https:\/\/smallthings.fr\/lespetitslivres\/?s={search_term_string}\"},\"query-input\":\"required name=search_term_string\"}],\"inLanguage\":\"fr-FR\"},{\"@type\":\"Person\",\"@id\":\"https:\/\/smallthings.fr\/lespetitslivres\/#\/schema\/person\/504d603cacfe064fe039dfa03a8b7918\",\"name\":\"Claire\",\"image\":{\"@type\":\"ImageObject\",\"inLanguage\":\"fr-FR\",\"@id\":\"https:\/\/smallthings.fr\/lespetitslivres\/#\/schema\/person\/image\/\",\"url\":\"https:\/\/secure.gravatar.com\/avatar\/9a85ff83d76b3eb17b8cae208640786e?s=96&d=retro&r=g\",\"contentUrl\":\"https:\/\/secure.gravatar.com\/avatar\/9a85ff83d76b3eb17b8cae208640786e?s=96&d=retro&r=g\",\"caption\":\"Claire\"},\"url\":\"https:\/\/smallthings.fr\/lespetitslivres\/author\/claire\/\"}]}<\/script>\n<!-- \/ Yoast SEO plugin. -->","yoast_head_json":{"title":"Fabrice Colin - Ta mort sera la mienne - Les Petits Livres","robots":{"index":"index","follow":"follow","max-snippet":"max-snippet:-1","max-image-preview":"max-image-preview:large","max-video-preview":"max-video-preview:-1"},"canonical":"https:\/\/smallthings.fr\/lespetitslivres\/2013\/04\/11\/fabrice-colin-ta-mort-sera-la-mienne\/","og_locale":"fr_FR","og_type":"article","og_title":"Fabrice Colin - Ta mort sera la mienne - Les Petits Livres","og_description":"\"Ta mort sera la mienne\" est le deuxi\u00e8me polar de Fabrice Colin publi\u00e9 chez Sonatines. L'auteur choisit le paysage de l'Utah pour nous livrer sa vision de la d\u00e9gringolade du r\u00eave am\u00e9ricain.","og_url":"https:\/\/smallthings.fr\/lespetitslivres\/2013\/04\/11\/fabrice-colin-ta-mort-sera-la-mienne\/","og_site_name":"Les Petits Livres","article_published_time":"2013-04-11T17:09:10+00:00","article_modified_time":"2015-10-21T16:36:24+00:00","author":"Claire","twitter_card":"summary_large_image","twitter_misc":{"\u00c9crit par":"Claire","Dur\u00e9e de lecture estim\u00e9e":"6 minutes"},"schema":{"@context":"https:\/\/schema.org","@graph":[{"@type":"WebPage","@id":"https:\/\/smallthings.fr\/lespetitslivres\/2013\/04\/11\/fabrice-colin-ta-mort-sera-la-mienne\/","url":"https:\/\/smallthings.fr\/lespetitslivres\/2013\/04\/11\/fabrice-colin-ta-mort-sera-la-mienne\/","name":"Fabrice Colin - Ta mort sera la mienne - Les Petits Livres","isPartOf":{"@id":"https:\/\/smallthings.fr\/lespetitslivres\/#website"},"datePublished":"2013-04-11T17:09:10+00:00","dateModified":"2015-10-21T16:36:24+00:00","author":{"@id":"https:\/\/smallthings.fr\/lespetitslivres\/#\/schema\/person\/504d603cacfe064fe039dfa03a8b7918"},"breadcrumb":{"@id":"https:\/\/smallthings.fr\/lespetitslivres\/2013\/04\/11\/fabrice-colin-ta-mort-sera-la-mienne\/#breadcrumb"},"inLanguage":"fr-FR","potentialAction":[{"@type":"ReadAction","target":["https:\/\/smallthings.fr\/lespetitslivres\/2013\/04\/11\/fabrice-colin-ta-mort-sera-la-mienne\/"]}]},{"@type":"BreadcrumbList","@id":"https:\/\/smallthings.fr\/lespetitslivres\/2013\/04\/11\/fabrice-colin-ta-mort-sera-la-mienne\/#breadcrumb","itemListElement":[{"@type":"ListItem","position":1,"name":"Accueil","item":"https:\/\/smallthings.fr\/lespetitslivres\/"},{"@type":"ListItem","position":2,"name":"Fabrice Colin &#8211; Ta mort sera la mienne"}]},{"@type":"WebSite","@id":"https:\/\/smallthings.fr\/lespetitslivres\/#website","url":"https:\/\/smallthings.fr\/lespetitslivres\/","name":"Les Petits Livres","description":"by Small Things","potentialAction":[{"@type":"SearchAction","target":{"@type":"EntryPoint","urlTemplate":"https:\/\/smallthings.fr\/lespetitslivres\/?s={search_term_string}"},"query-input":"required name=search_term_string"}],"inLanguage":"fr-FR"},{"@type":"Person","@id":"https:\/\/smallthings.fr\/lespetitslivres\/#\/schema\/person\/504d603cacfe064fe039dfa03a8b7918","name":"Claire","image":{"@type":"ImageObject","inLanguage":"fr-FR","@id":"https:\/\/smallthings.fr\/lespetitslivres\/#\/schema\/person\/image\/","url":"https:\/\/secure.gravatar.com\/avatar\/9a85ff83d76b3eb17b8cae208640786e?s=96&d=retro&r=g","contentUrl":"https:\/\/secure.gravatar.com\/avatar\/9a85ff83d76b3eb17b8cae208640786e?s=96&d=retro&r=g","caption":"Claire"},"url":"https:\/\/smallthings.fr\/lespetitslivres\/author\/claire\/"}]}},"jetpack_featured_media_url":"","jetpack_sharing_enabled":true,"jetpack_shortlink":"https:\/\/wp.me\/p6Un21-1aE","jetpack-related-posts":[{"id":29326,"url":"https:\/\/smallthings.fr\/lespetitslivres\/2016\/01\/07\/concours-polar-ta-mort-sera-la-mienne\/","url_meta":{"origin":4504,"position":0},"title":"[CONCOURS termin\u00e9] Gagnez le polar de Fabrice Colin, Ta mort sera la mienne","author":"Claire","date":"7 janvier 2016","format":false,"excerpt":"Le concours est termin\u00e9 ! Merci \u00e0 tous de vos participations et \u00e0 bient\u00f4t ! Ta mort sera la mienne, excellent polar de Fabrice Colin, vient de para\u00eetre en format poche. Pour l'occasion, et pour vous souhaiter la bonne ann\u00e9e comme il se doit, Le Livre de Poche et Les\u2026","rel":"","context":"Dans &quot;Actu&quot;","block_context":{"text":"Actu","link":"https:\/\/smallthings.fr\/lespetitslivres\/category\/actu\/"},"img":{"alt_text":"","src":"https:\/\/i0.wp.com\/smallthings.fr\/lespetitslivres\/wp-content\/uploads\/2016\/01\/ta-mort-sera-la-mienne-couv.jpeg?resize=350%2C200&ssl=1","width":350,"height":200},"classes":[]},{"id":30104,"url":"https:\/\/smallthings.fr\/lespetitslivres\/2016\/06\/22\/apres-toi-suite-jojo-moyes-avis\/","url_meta":{"origin":4504,"position":1},"title":"Apr\u00e8s toi, la suite tant attendue du livre de Jojo Moyes","author":"Jennifer","date":"22 juin 2016","format":false,"excerpt":"Apr\u00e8s toi, la suite du livre Avant toi de Jojo Moyes, est sorti le 10 juin dernier chez Milady. On retrouve Lou, notre h\u00e9ro\u00efne un peu paum\u00e9e, qui tente de suivre les conseils de Will et de vivre chaque jour comme si c\u2019\u00e9tait le dernier. Plus facile \u00e0 dire qu\u2019\u00e0\u2026","rel":"","context":"Dans &quot;Roman \u00e9tranger&quot;","block_context":{"text":"Roman \u00e9tranger","link":"https:\/\/smallthings.fr\/lespetitslivres\/category\/roman\/roman-etranger\/"},"img":{"alt_text":"","src":"https:\/\/i0.wp.com\/smallthings.fr\/lespetitslivres\/wp-content\/uploads\/2016\/06\/apres-toi.jpg?resize=350%2C200","width":350,"height":200},"classes":[]},{"id":31475,"url":"https:\/\/smallthings.fr\/lespetitslivres\/2018\/01\/01\/stephane-soutoul-je-n-aimerai-plus\/","url_meta":{"origin":4504,"position":2},"title":"Je n\u2019aimerai plus, une romance historique m\u00eal\u00e9e de fantastique","author":"Jennifer","date":"1 janvier 2018","format":false,"excerpt":"Apr\u00e8s s\u2019\u00eatre essay\u00e9 avec brio au thriller sentimental, St\u00e9phane Soutoul revient avec un genre qu\u2019il appr\u00e9cie particuli\u00e8rement, la romance. Je n\u2019aimerai plus, publi\u00e9e chez Rebelle \u00e9ditions, est une romance historique avec un brin de fantastique. Une belle d\u00e9couverte\u00a0! Je n\u2019aimerai plus raconte l\u2019histoire de Solange, une jeune femme frapp\u00e9e par\u2026","rel":"","context":"Dans &quot;Roman fran\u00e7ais&quot;","block_context":{"text":"Roman fran\u00e7ais","link":"https:\/\/smallthings.fr\/lespetitslivres\/category\/roman\/roman-francais\/"},"img":{"alt_text":"","src":"https:\/\/i0.wp.com\/smallthings.fr\/lespetitslivres\/wp-content\/uploads\/2017\/12\/Je-naimerai-plus-St\u00e9phane-Soutoul-3.jpg?resize=350%2C200&ssl=1","width":350,"height":200,"srcset":"https:\/\/i0.wp.com\/smallthings.fr\/lespetitslivres\/wp-content\/uploads\/2017\/12\/Je-naimerai-plus-St\u00e9phane-Soutoul-3.jpg?resize=350%2C200&ssl=1 1x, https:\/\/i0.wp.com\/smallthings.fr\/lespetitslivres\/wp-content\/uploads\/2017\/12\/Je-naimerai-plus-St\u00e9phane-Soutoul-3.jpg?resize=525%2C300&ssl=1 1.5x"},"classes":[]},{"id":32094,"url":"https:\/\/smallthings.fr\/lespetitslivres\/2020\/04\/27\/stephanie-butland-roman\/","url_meta":{"origin":4504,"position":3},"title":"St\u00e9phanie Butland : comment un secret peut d\u00e9truire votre vie ?","author":"Jennifer","date":"27 avril 2020","format":false,"excerpt":"J\u2019aime tout ce qui me rappelle que je ne suis pas seule \u00e0 souffrir sur cette terre est un roman de St\u00e9phanie Butland. Sorti en poche chez Milady en novembre dernier, ce livre est parfait pour lire sur un transat, comme au coin de la chemin\u00e9e. Vous passerez un bon\u2026","rel":"","context":"Dans &quot;Roman \u00e9tranger&quot;","block_context":{"text":"Roman \u00e9tranger","link":"https:\/\/smallthings.fr\/lespetitslivres\/category\/roman\/roman-etranger\/"},"img":{"alt_text":"","src":"https:\/\/i0.wp.com\/smallthings.fr\/lespetitslivres\/wp-content\/uploads\/2020\/04\/St\u00e9phanie-Butland-2.jpg?resize=350%2C200&ssl=1","width":350,"height":200,"srcset":"https:\/\/i0.wp.com\/smallthings.fr\/lespetitslivres\/wp-content\/uploads\/2020\/04\/St\u00e9phanie-Butland-2.jpg?resize=350%2C200&ssl=1 1x, https:\/\/i0.wp.com\/smallthings.fr\/lespetitslivres\/wp-content\/uploads\/2020\/04\/St\u00e9phanie-Butland-2.jpg?resize=525%2C300&ssl=1 1.5x, https:\/\/i0.wp.com\/smallthings.fr\/lespetitslivres\/wp-content\/uploads\/2020\/04\/St\u00e9phanie-Butland-2.jpg?resize=700%2C400&ssl=1 2x, https:\/\/i0.wp.com\/smallthings.fr\/lespetitslivres\/wp-content\/uploads\/2020\/04\/St\u00e9phanie-Butland-2.jpg?resize=1050%2C600&ssl=1 3x, https:\/\/i0.wp.com\/smallthings.fr\/lespetitslivres\/wp-content\/uploads\/2020\/04\/St\u00e9phanie-Butland-2.jpg?resize=1400%2C800&ssl=1 4x"},"classes":[]},{"id":16297,"url":"https:\/\/smallthings.fr\/lespetitslivres\/2014\/09\/04\/pas-termine-verite-affaire-harry-quebert\/","url_meta":{"origin":4504,"position":4},"title":"Pourquoi je n&rsquo;ai pas termin\u00e9 \u00ab\u00a0La V\u00e9rit\u00e9 sur l&rsquo;affaire Harry Qu\u00e9bert\u00a0\u00bb","author":"Claire","date":"4 septembre 2014","format":false,"excerpt":"Il y a quelques mois, j'\u00e9crivais avec enthousiasme avoir acquis la version poche de La V\u00e9rit\u00e9 sur l'affaire Harry Qu\u00e9bert, roman \u00e0 succ\u00e8s de Jo\u00ebl Dicker, laur\u00e9at de plusieurs prix litt\u00e9raires en 2012, tels que le Goncourt des lyc\u00e9ens, et le Grand Prix de l'Acad\u00e9mie Fran\u00e7aise, rien que \u00e7a. Cependant,\u2026","rel":"","context":"Dans &quot;Roman fran\u00e7ais&quot;","block_context":{"text":"Roman fran\u00e7ais","link":"https:\/\/smallthings.fr\/lespetitslivres\/category\/roman\/roman-francais\/"},"img":{"alt_text":"","src":"","width":0,"height":0},"classes":[]},{"id":29668,"url":"https:\/\/smallthings.fr\/lespetitslivres\/2016\/03\/05\/carnaval-aux-corbeaux-hauchecorne\/","url_meta":{"origin":4504,"position":5},"title":"Le Carnaval aux Corbeaux, le roman sombre et envo\u00fbtant d\u2019Anthelme Hauchecorne","author":"Jennifer","date":"5 mars 2016","format":false,"excerpt":"Le Carnaval aux Corbeaux\u00a0est le dernier livre d\u2019Anthelme Hauchecorne, une histoire sombre et magique qui se m\u00eale aux sublimes illustrations de Lo\u00efc Canavaggia et Mathieu Coudray. Un roman graphique sorti le 10 f\u00e9vrier dernier aux \u00e9ditions du Chat Noir et qui raconte l\u2019histoire d\u2019une f\u00eate foraine maudite revenue hanter les\u2026","rel":"","context":"Dans &quot;Fantastique&quot;","block_context":{"text":"Fantastique","link":"https:\/\/smallthings.fr\/lespetitslivres\/category\/imaginaire\/fantastique\/"},"img":{"alt_text":"","src":"https:\/\/i0.wp.com\/smallthings.fr\/lespetitslivres\/wp-content\/uploads\/2016\/03\/Herr-Alberich-carnaval-aux-corbeaux.png?resize=350%2C200&ssl=1","width":350,"height":200},"classes":[]}],"_links":{"self":[{"href":"https:\/\/smallthings.fr\/lespetitslivres\/wp-json\/wp\/v2\/posts\/4504"}],"collection":[{"href":"https:\/\/smallthings.fr\/lespetitslivres\/wp-json\/wp\/v2\/posts"}],"about":[{"href":"https:\/\/smallthings.fr\/lespetitslivres\/wp-json\/wp\/v2\/types\/post"}],"author":[{"embeddable":true,"href":"https:\/\/smallthings.fr\/lespetitslivres\/wp-json\/wp\/v2\/users\/2"}],"replies":[{"embeddable":true,"href":"https:\/\/smallthings.fr\/lespetitslivres\/wp-json\/wp\/v2\/comments?post=4504"}],"version-history":[{"count":1,"href":"https:\/\/smallthings.fr\/lespetitslivres\/wp-json\/wp\/v2\/posts\/4504\/revisions"}],"predecessor-version":[{"id":28689,"href":"https:\/\/smallthings.fr\/lespetitslivres\/wp-json\/wp\/v2\/posts\/4504\/revisions\/28689"}],"wp:featuredmedia":[{"embeddable":true,"href":"https:\/\/smallthings.fr\/lespetitslivres\/wp-json\/"}],"wp:attachment":[{"href":"https:\/\/smallthings.fr\/lespetitslivres\/wp-json\/wp\/v2\/media?parent=4504"}],"wp:term":[{"taxonomy":"category","embeddable":true,"href":"https:\/\/smallthings.fr\/lespetitslivres\/wp-json\/wp\/v2\/categories?post=4504"},{"taxonomy":"post_tag","embeddable":true,"href":"https:\/\/smallthings.fr\/lespetitslivres\/wp-json\/wp\/v2\/tags?post=4504"}],"curies":[{"name":"wp","href":"https:\/\/api.w.org\/{rel}","templated":true}]}}