{"id":4189,"date":"2013-04-04T10:00:23","date_gmt":"2013-04-04T09:00:23","guid":{"rendered":"http:\/\/smallthings.fr\/?post_type=os_livre&#038;p=4189"},"modified":"2015-11-02T13:39:46","modified_gmt":"2015-11-02T12:39:46","slug":"leconte-garcon-qui-nexistait-pas","status":"publish","type":"post","link":"https:\/\/smallthings.fr\/lespetitslivres\/2013\/04\/04\/leconte-garcon-qui-nexistait-pas\/","title":{"rendered":"Patrice Leconte &#8211; Le gar\u00e7on qui n&rsquo;existait pas"},"content":{"rendered":"<p>G\u00e9rald n&rsquo;est pas tr\u00e8s heureux dans la vie. Parisien, la trentaine, employ\u00e9 \u00e0 la BNP, il m\u00e8ne une existence plate, sans relief. Il est seul parce qu&rsquo;il est transparent. Il le dit lui-m\u00eame : personne ne le remarque. Personne ne fait attention \u00e0 lui. Il ne sait pas vraiment pourquoi il se l\u00e8ve le matin, jusqu&rsquo;\u00e0 ce qu&rsquo;il rencontre Victoire, qui travaille avec lui \u00e0 la banque. A partir de ce moment-l\u00e0, et persuad\u00e9 qu&rsquo;il n&rsquo;a aucune chance de la s\u00e9duire tel qu&rsquo;il est, il d\u00e9cide d&rsquo;entreprendre l&rsquo;action folle qui la fera tomber amoureuse de lui. Il traversera la Manche \u00e0 la nage.<\/p>\n<p>Ce qui nous frappe tout d&rsquo;abord, au sujet de G\u00e9rald, c&rsquo;est sa solitude. Sa tr\u00e8s grande solitude. A vrai dire, durant plusieurs chapitres, il nous en parle. Ses parents n&rsquo;ont jamais fait attention \u00e0 lui, alors qu&rsquo;ils prenaient soin de ses fr\u00e8res et soeurs, et ils ont m\u00eame fini par d\u00e9m\u00e9nager \u00e0 l&rsquo;\u00e9tranger, sans prendre la peine de l&#8217;emmener avec eux&#8230; Il ne leur en veut m\u00eame pas, et il les comprendrait presque, car de toute mani\u00e8re il s&rsquo;est toujours senti transparent. Toute sa vie. Ses coll\u00e8gues non plus ne semblent pas le remarquer. Il a m\u00eame fini par en faire un \u00ab\u00a0talent\u00a0\u00bb, et a accept\u00e9 quelques missions de d\u00e9tective priv\u00e9 pour arrondir ses fins de mois&#8230; Un peu gros, allez-vous me dire. Oui, mais on s&rsquo;en fiche. J&rsquo;y ai vu\u00a0la m\u00e9taphore de la solitude humaine \u00e0 notre \u00e9poque, et je dirais m\u00eame : typique aux grandes villes. On sent bien que Paris engloutit le personnage, qui croise tant d&rsquo;autres personnes semblables et diff\u00e9rentes de lui, qui sont toutes si sollicit\u00e9es de toutes parts et de nul part en m\u00eame temps, et chacun finit par se retrouver seul avec lui-m\u00eame, ne sachant comment exister.<\/p>\n<p>G\u00e9rald a donc d\u00e9cid\u00e9 de traverser la Manche \u00e0 la nage pour \u00e9pater sa belle. Par cet exploit, enfin, il pourra devenir quelqu&rsquo;un de remarquable (dans le premier sens du terme) \u00e0 ses yeux : il en est certain. Il s&rsquo;occupe donc du mat\u00e9riel n\u00e9cessaire. Ce passage est particuli\u00e8rement dr\u00f4le. Que peut-on acheter chez Decathlon pour r\u00e9ussir cette travers\u00e9e, quand on n&rsquo;est pas forc\u00e9ment bon nageur, ni tr\u00e8s sportif ? Palmes, super combinaison, etc&#8230;<\/p>\n<p>Patrice Leconte pr\u00eate son humour \u00e0 son personnage. G\u00e9rald a beau \u00eatre assez d\u00e9sesp\u00e9r\u00e9 (je crois qu&rsquo;on peut le dire), il n&rsquo;en est pas moins tr\u00e8s dr\u00f4le. Les situations souvent cocaces dans lesquelles il se retrouve, sont d\u00e9crites avec un faux premier degr\u00e9 parfaitement ma\u00eetris\u00e9, qui nous fait rire \u00e0 tous les coups.<\/p>\n<p>Et il ne se d\u00e9courage pas : il se lance, il y va vraiment.\u00a0Il \u00e9crit un petit mot \u00e0 Victoire, afin qu&rsquo;elle le retrouve \u00e0 l&rsquo;issue de sa travers\u00e9e. Joli passage : il laisse parler le destin. Il n&rsquo;indique pas d&rsquo;endroit pr\u00e9cis \u00e0 Victoire,\u00a0car il n&rsquo;envisage pas qu&rsquo;elle ne soit pas au bon endroit au bon moment&#8230;<\/p>\n<p>S&rsquo;en suit toute son aventure dans l&rsquo;eau. Et le pauvre, rien ne va lui \u00eatre \u00e9pargn\u00e9&#8230;<\/p>\n<p>Tandis qu&rsquo;il souffre et nage de toutes ses forces, des flash-backs apparaissent. On retourne dans la vie quotidienne de G\u00e9rald, on le revoit \u00e0 la banque, on d\u00e9couvre quelques moments o\u00f9 lui et Victoire se sont parl\u00e9s. La beaut\u00e9 de la jeune femme est d\u00e9crite avec beaucoup de po\u00e9sie ;\u00a0on sent le personnage tr\u00e8s amoureux, et l&rsquo;auteur lui-m\u00eame fascin\u00e9 par cette image qu&rsquo;il est en train de cr\u00e9er. On apprend m\u00eame que G\u00e9rald a fait preuve de courage lors d&rsquo;un bracage \u00e0 la banque. Mais est-il si transparent qu&rsquo;il le pense ? Victoire ne l&rsquo;a-t-elle r\u00e9ellement pas remarqu\u00e9 ?<\/p>\n<p>Le\u00a0suspens de la fin est parfaitement tenu. On tourne les pages dans l&rsquo;espoir d&rsquo;un happy ending. On imagine des sc\u00e9narios de fin plus d\u00e9goulinants les uns que les autres, mais \u00e7a nous ferait tellement plaisir ! G\u00e9rald et Victoire se retrouveront-ils sur la plage au soleil couchant ? G\u00e9rald sortira-t-il de l&rsquo;eau, vainqueur, \u00e9puis\u00e9 mais heureux, devant Victoire qui l&rsquo;accueillera bras ouverts, enfin amoureuse ?<\/p>\n<p>180 pages de plaisir. On sourit tout du long. Un moment de chaleur et d&rsquo;\u00e9motion fortement recommand\u00e9 apr\u00e8s cet hiver interminable \ud83d\ude42<\/p>\n<p style=\"text-align: center;\"><a href=\"http:\/\/uploads.smallthings.fr\/2013\/04\/CE_GARCON_QUI_N_EXISTAIT_PAS.jpg\"><img loading=\"lazy\" decoding=\"async\" class=\"size-large wp-image-4342 alignnone\" style=\"width: 308px; height: 397px;\" alt=\"CE_GARCON_QUI_N_EXISTAIT_PAS\" src=\"http:\/\/uploads.smallthings.fr\/2013\/04\/CE_GARCON_QUI_N_EXISTAIT_PAS-699x1024.jpg\" width=\"324\" height=\"397\" \/><\/a><\/p>\n","protected":false},"excerpt":{"rendered":"<p>Aujourd&rsquo;hui para\u00eet le nouveau roman du r\u00e9alisateur Patrice Leconte. Apr\u00e8s \u00ab\u00a0Les femmes aux cheveux courts\u00a0\u00bb (2009) et \u00ab\u00a0Riva Bella\u00a0\u00bb (2011), il publie son troisi\u00e8me, avec la po\u00e9sie, la sensibilit\u00e9 et l&rsquo;humour qui le caract\u00e9risent. <\/p>\n","protected":false},"author":2,"featured_media":5423,"comment_status":"open","ping_status":"open","sticky":false,"template":"","format":"standard","meta":{"jetpack_post_was_ever_published":false,"_jetpack_newsletter_access":"","_jetpack_newsletter_tier_id":0,"footnotes":"","jetpack_publicize_message":"","jetpack_is_tweetstorm":false,"jetpack_publicize_feature_enabled":true,"jetpack_social_post_already_shared":true,"jetpack_social_options":{"image_generator_settings":{"template":"highway","enabled":false}}},"categories":[1117],"tags":[29,327,328,329,330,331,332,333],"jetpack_publicize_connections":[],"yoast_head":"<!-- This site is optimized with the Yoast SEO plugin v21.5 - https:\/\/yoast.com\/wordpress\/plugins\/seo\/ -->\n<title>Patrice Leconte - Le gar\u00e7on qui n&#039;existait pas - Les Petits Livres<\/title>\n<meta name=\"robots\" content=\"index, follow, max-snippet:-1, max-image-preview:large, max-video-preview:-1\" \/>\n<link rel=\"canonical\" href=\"https:\/\/smallthings.fr\/lespetitslivres\/2013\/04\/04\/leconte-garcon-qui-nexistait-pas\/\" \/>\n<meta property=\"og:locale\" content=\"fr_FR\" \/>\n<meta property=\"og:type\" content=\"article\" \/>\n<meta property=\"og:title\" content=\"Patrice Leconte - Le gar\u00e7on qui n&#039;existait pas - Les Petits Livres\" \/>\n<meta property=\"og:description\" content=\"Aujourd&#039;hui para\u00eet le nouveau roman du r\u00e9alisateur Patrice Leconte. Apr\u00e8s &quot;Les femmes aux cheveux courts&quot; (2009) et &quot;Riva Bella&quot; (2011), il publie son troisi\u00e8me, avec la po\u00e9sie, la sensibilit\u00e9 et l&#039;humour qui le caract\u00e9risent.\" \/>\n<meta property=\"og:url\" content=\"https:\/\/smallthings.fr\/lespetitslivres\/2013\/04\/04\/leconte-garcon-qui-nexistait-pas\/\" \/>\n<meta property=\"og:site_name\" content=\"Les Petits Livres\" \/>\n<meta property=\"article:published_time\" content=\"2013-04-04T09:00:23+00:00\" \/>\n<meta property=\"article:modified_time\" content=\"2015-11-02T12:39:46+00:00\" \/>\n<meta name=\"author\" content=\"Claire\" \/>\n<meta name=\"twitter:card\" content=\"summary_large_image\" \/>\n<meta name=\"twitter:label1\" content=\"\u00c9crit par\" \/>\n\t<meta name=\"twitter:data1\" content=\"Claire\" \/>\n\t<meta name=\"twitter:label2\" content=\"Dur\u00e9e de lecture estim\u00e9e\" \/>\n\t<meta name=\"twitter:data2\" content=\"4 minutes\" \/>\n<script type=\"application\/ld+json\" class=\"yoast-schema-graph\">{\"@context\":\"https:\/\/schema.org\",\"@graph\":[{\"@type\":\"WebPage\",\"@id\":\"https:\/\/smallthings.fr\/lespetitslivres\/2013\/04\/04\/leconte-garcon-qui-nexistait-pas\/\",\"url\":\"https:\/\/smallthings.fr\/lespetitslivres\/2013\/04\/04\/leconte-garcon-qui-nexistait-pas\/\",\"name\":\"Patrice Leconte - Le gar\u00e7on qui n'existait pas - Les Petits Livres\",\"isPartOf\":{\"@id\":\"https:\/\/smallthings.fr\/lespetitslivres\/#website\"},\"datePublished\":\"2013-04-04T09:00:23+00:00\",\"dateModified\":\"2015-11-02T12:39:46+00:00\",\"author\":{\"@id\":\"https:\/\/smallthings.fr\/lespetitslivres\/#\/schema\/person\/504d603cacfe064fe039dfa03a8b7918\"},\"breadcrumb\":{\"@id\":\"https:\/\/smallthings.fr\/lespetitslivres\/2013\/04\/04\/leconte-garcon-qui-nexistait-pas\/#breadcrumb\"},\"inLanguage\":\"fr-FR\",\"potentialAction\":[{\"@type\":\"ReadAction\",\"target\":[\"https:\/\/smallthings.fr\/lespetitslivres\/2013\/04\/04\/leconte-garcon-qui-nexistait-pas\/\"]}]},{\"@type\":\"BreadcrumbList\",\"@id\":\"https:\/\/smallthings.fr\/lespetitslivres\/2013\/04\/04\/leconte-garcon-qui-nexistait-pas\/#breadcrumb\",\"itemListElement\":[{\"@type\":\"ListItem\",\"position\":1,\"name\":\"Accueil\",\"item\":\"https:\/\/smallthings.fr\/lespetitslivres\/\"},{\"@type\":\"ListItem\",\"position\":2,\"name\":\"Patrice Leconte &#8211; Le gar\u00e7on qui n&rsquo;existait pas\"}]},{\"@type\":\"WebSite\",\"@id\":\"https:\/\/smallthings.fr\/lespetitslivres\/#website\",\"url\":\"https:\/\/smallthings.fr\/lespetitslivres\/\",\"name\":\"Les Petits Livres\",\"description\":\"by Small Things\",\"potentialAction\":[{\"@type\":\"SearchAction\",\"target\":{\"@type\":\"EntryPoint\",\"urlTemplate\":\"https:\/\/smallthings.fr\/lespetitslivres\/?s={search_term_string}\"},\"query-input\":\"required name=search_term_string\"}],\"inLanguage\":\"fr-FR\"},{\"@type\":\"Person\",\"@id\":\"https:\/\/smallthings.fr\/lespetitslivres\/#\/schema\/person\/504d603cacfe064fe039dfa03a8b7918\",\"name\":\"Claire\",\"image\":{\"@type\":\"ImageObject\",\"inLanguage\":\"fr-FR\",\"@id\":\"https:\/\/smallthings.fr\/lespetitslivres\/#\/schema\/person\/image\/\",\"url\":\"https:\/\/secure.gravatar.com\/avatar\/9a85ff83d76b3eb17b8cae208640786e?s=96&d=retro&r=g\",\"contentUrl\":\"https:\/\/secure.gravatar.com\/avatar\/9a85ff83d76b3eb17b8cae208640786e?s=96&d=retro&r=g\",\"caption\":\"Claire\"},\"url\":\"https:\/\/smallthings.fr\/lespetitslivres\/author\/claire\/\"}]}<\/script>\n<!-- \/ Yoast SEO plugin. -->","yoast_head_json":{"title":"Patrice Leconte - Le gar\u00e7on qui n'existait pas - Les Petits Livres","robots":{"index":"index","follow":"follow","max-snippet":"max-snippet:-1","max-image-preview":"max-image-preview:large","max-video-preview":"max-video-preview:-1"},"canonical":"https:\/\/smallthings.fr\/lespetitslivres\/2013\/04\/04\/leconte-garcon-qui-nexistait-pas\/","og_locale":"fr_FR","og_type":"article","og_title":"Patrice Leconte - Le gar\u00e7on qui n'existait pas - Les Petits Livres","og_description":"Aujourd'hui para\u00eet le nouveau roman du r\u00e9alisateur Patrice Leconte. Apr\u00e8s \"Les femmes aux cheveux courts\" (2009) et \"Riva Bella\" (2011), il publie son troisi\u00e8me, avec la po\u00e9sie, la sensibilit\u00e9 et l'humour qui le caract\u00e9risent.","og_url":"https:\/\/smallthings.fr\/lespetitslivres\/2013\/04\/04\/leconte-garcon-qui-nexistait-pas\/","og_site_name":"Les Petits Livres","article_published_time":"2013-04-04T09:00:23+00:00","article_modified_time":"2015-11-02T12:39:46+00:00","author":"Claire","twitter_card":"summary_large_image","twitter_misc":{"\u00c9crit par":"Claire","Dur\u00e9e de lecture estim\u00e9e":"4 minutes"},"schema":{"@context":"https:\/\/schema.org","@graph":[{"@type":"WebPage","@id":"https:\/\/smallthings.fr\/lespetitslivres\/2013\/04\/04\/leconte-garcon-qui-nexistait-pas\/","url":"https:\/\/smallthings.fr\/lespetitslivres\/2013\/04\/04\/leconte-garcon-qui-nexistait-pas\/","name":"Patrice Leconte - Le gar\u00e7on qui n'existait pas - Les Petits Livres","isPartOf":{"@id":"https:\/\/smallthings.fr\/lespetitslivres\/#website"},"datePublished":"2013-04-04T09:00:23+00:00","dateModified":"2015-11-02T12:39:46+00:00","author":{"@id":"https:\/\/smallthings.fr\/lespetitslivres\/#\/schema\/person\/504d603cacfe064fe039dfa03a8b7918"},"breadcrumb":{"@id":"https:\/\/smallthings.fr\/lespetitslivres\/2013\/04\/04\/leconte-garcon-qui-nexistait-pas\/#breadcrumb"},"inLanguage":"fr-FR","potentialAction":[{"@type":"ReadAction","target":["https:\/\/smallthings.fr\/lespetitslivres\/2013\/04\/04\/leconte-garcon-qui-nexistait-pas\/"]}]},{"@type":"BreadcrumbList","@id":"https:\/\/smallthings.fr\/lespetitslivres\/2013\/04\/04\/leconte-garcon-qui-nexistait-pas\/#breadcrumb","itemListElement":[{"@type":"ListItem","position":1,"name":"Accueil","item":"https:\/\/smallthings.fr\/lespetitslivres\/"},{"@type":"ListItem","position":2,"name":"Patrice Leconte &#8211; Le gar\u00e7on qui n&rsquo;existait pas"}]},{"@type":"WebSite","@id":"https:\/\/smallthings.fr\/lespetitslivres\/#website","url":"https:\/\/smallthings.fr\/lespetitslivres\/","name":"Les Petits Livres","description":"by Small Things","potentialAction":[{"@type":"SearchAction","target":{"@type":"EntryPoint","urlTemplate":"https:\/\/smallthings.fr\/lespetitslivres\/?s={search_term_string}"},"query-input":"required name=search_term_string"}],"inLanguage":"fr-FR"},{"@type":"Person","@id":"https:\/\/smallthings.fr\/lespetitslivres\/#\/schema\/person\/504d603cacfe064fe039dfa03a8b7918","name":"Claire","image":{"@type":"ImageObject","inLanguage":"fr-FR","@id":"https:\/\/smallthings.fr\/lespetitslivres\/#\/schema\/person\/image\/","url":"https:\/\/secure.gravatar.com\/avatar\/9a85ff83d76b3eb17b8cae208640786e?s=96&d=retro&r=g","contentUrl":"https:\/\/secure.gravatar.com\/avatar\/9a85ff83d76b3eb17b8cae208640786e?s=96&d=retro&r=g","caption":"Claire"},"url":"https:\/\/smallthings.fr\/lespetitslivres\/author\/claire\/"}]}},"jetpack_featured_media_url":"","jetpack_sharing_enabled":true,"jetpack_shortlink":"https:\/\/wp.me\/p6Un21-15z","jetpack-related-posts":[{"id":15270,"url":"https:\/\/smallthings.fr\/lespetitslivres\/2014\/07\/23\/au-dela-oubli-creatures-frank\/","url_meta":{"origin":4189,"position":0},"title":"Au-del\u00e0 de l\u2019oubli, 3\u00e8me volet des Cr\u00e9atures des T\u00e9n\u00e8bres","author":"Jennifer","date":"23 juillet 2014","format":false,"excerpt":"Au-del\u00e0 de l\u2019oubli est le troisi\u00e8me volet de la saga Cr\u00e9atures des T\u00e9n\u00e8bres de Jacquelyn Frank (auteure \u00e9galement de la c\u00e9l\u00e8bre s\u00e9rie Le Clan des Nocturnes). Il est sorti le 11 juillet dernier aux \u00e9ditions Milady. Dans ce tome, on va d\u00e9couvrir L\u00e9o Alvarez, un mercenaire qui a \u00e9t\u00e9 tortur\u00e9\u2026","rel":"","context":"Dans &quot;Fantastique&quot;","block_context":{"text":"Fantastique","link":"https:\/\/smallthings.fr\/lespetitslivres\/category\/imaginaire\/fantastique\/"},"img":{"alt_text":"","src":"https:\/\/i0.wp.com\/smallthings.fr\/wp-content\/uploads\/2014\/07\/au-dela-de-l-oubli.jpg?resize=350%2C200","width":350,"height":200},"classes":[]},{"id":4735,"url":"https:\/\/smallthings.fr\/lespetitslivres\/2013\/04\/18\/john-irving-bien-des-personnages\/","url_meta":{"origin":4189,"position":1},"title":"John Irving &#8211; A moi seul bien des personnages","author":"Claire","date":"18 avril 2013","format":false,"excerpt":"Aujourd'hui para\u00eet la traduction fran\u00e7aise du treizi\u00e8me roman de John Irving, \"A moi seul bien des personnages\". Un roman sur la bisexualit\u00e9, paru en 2012 aux Etats-Unis, qui trouvera son \u00e9cho au coeur de l'actualit\u00e9 fran\u00e7aise... Billy, le h\u00e9ros, qui en bien des points nous rappelera l'auteur, nous raconte ses\u2026","rel":"","context":"Dans &quot;Roman \u00e9tranger&quot;","block_context":{"text":"Roman \u00e9tranger","link":"https:\/\/smallthings.fr\/lespetitslivres\/category\/roman\/roman-etranger\/"},"img":{"alt_text":"","src":"https:\/\/i0.wp.com\/uploads.smallthings.fr\/2013\/04\/684-205x272.jpg?resize=350%2C200","width":350,"height":200},"classes":[]},{"id":16019,"url":"https:\/\/smallthings.fr\/lespetitslivres\/2014\/08\/25\/denis-michelis-chance-tu-as\/","url_meta":{"origin":4189,"position":2},"title":"Denis Michelis &#8211; La chance que tu as","author":"Claire","date":"25 ao\u00fbt 2014","format":false,"excerpt":"Denis Michelis publie chez Stock son premier roman pour la rentr\u00e9e litt\u00e9raire : La chance que tu as. Le journaliste choisit de parler de la souffrance sourde que tout un chacun dans cette soci\u00e9t\u00e9 peut ressentir parfois. Un roman tr\u00e8s efficace. Fra\u00eechement d\u00e9barqu\u00e9 de chez ses parents qui lui ont\u2026","rel":"","context":"Dans &quot;Roman fran\u00e7ais&quot;","block_context":{"text":"Roman fran\u00e7ais","link":"https:\/\/smallthings.fr\/lespetitslivres\/category\/roman\/roman-francais\/"},"img":{"alt_text":"Denis Michelis pr\u00c3\u00a9sente son roman \u00c3\u00a0 l'Institut du Monde Arabe en juin dernier.","src":"https:\/\/i0.wp.com\/smallthings.fr\/wp-content\/uploads\/2014\/08\/denis-michelis-chance-que.jpg?resize=350%2C200","width":350,"height":200},"classes":[]},{"id":22949,"url":"https:\/\/smallthings.fr\/lespetitslivres\/2015\/04\/28\/a-l-etat-brut-meurtres-en-alaska-avis\/","url_meta":{"origin":4189,"position":3},"title":"\u00c0 l&rsquo;\u00e9tat brut : 2\u00e8me tome de la s\u00e9rie \u00ab\u00a0Meurtres en Alaska\u00a0\u00bb","author":"Jennifer","date":"28 avril 2015","format":false,"excerpt":"\u00c0 l\u2019\u00e9tat brut est le second tome de la saga Meurtres en Alaska de Kat Martin, sorti le 24 avril aux \u00e9ditions Milady. Apr\u00e8s l\u2019histoire de Dylan Brodie, nous rencontrons son fr\u00e8re Nick, un ancien policier qui va faire la rencontre de Samantha \u00e0 Las Vegas lors de ses vacances.\u2026","rel":"","context":"Dans &quot;Thriller&quot;","block_context":{"text":"Thriller","link":"https:\/\/smallthings.fr\/lespetitslivres\/category\/thriller\/"},"img":{"alt_text":"","src":"https:\/\/i0.wp.com\/smallthings.fr\/wp-content\/uploads\/2015\/04\/\u00c3\u00a9tat-brut-meurtres-en-alaska.jpg?resize=350%2C200","width":350,"height":200},"classes":[]},{"id":23214,"url":"https:\/\/smallthings.fr\/lespetitslivres\/2015\/05\/09\/sous-influence-saga-hayes-twilight-avis\/","url_meta":{"origin":4189,"position":4},"title":"Sous influence, une saga young-adult inspir\u00e9e de Twilight","author":"Jennifer","date":"9 mai 2015","format":false,"excerpt":"Sous Influence est une nouvelle saga bit-lit cr\u00e9\u00e9e par Gwen Hayes. Son 1er tome, Vertiges, est sorti le 15 avril dernier aux \u00e9ditions Panini. Ce roman young-adult met en avant Theia, une jeune femme surprot\u00e9g\u00e9e par son p\u00e8re, qui va r\u00e9apprendre \u00e0 vivre suite \u00e0 l\u2019apparition d\u2019un gar\u00e7on dans son\u2026","rel":"","context":"Dans &quot;Fantastique&quot;","block_context":{"text":"Fantastique","link":"https:\/\/smallthings.fr\/lespetitslivres\/category\/imaginaire\/fantastique\/"},"img":{"alt_text":"","src":"https:\/\/i0.wp.com\/smallthings.fr\/wp-content\/uploads\/2015\/05\/sous-influence-vertiges-534x800.jpg?resize=350%2C200","width":350,"height":200},"classes":[]},{"id":28993,"url":"https:\/\/smallthings.fr\/lespetitslivres\/2015\/11\/05\/grandes-evasions-paul-metral-critique\/","url_meta":{"origin":4189,"position":5},"title":"Les grandes \u00e9vasions de Paul M\u00e9tral : libre \u00e0 tout \u00e2ge et \u00e0 tout prix","author":"Cecile","date":"5 novembre 2015","format":false,"excerpt":"Les grandes \u00e9vasions de Paul M\u00e9tral est paru en octobre aux \u00e9ditions du Rouergue. On a l\u2019habitude d\u2019associer vieillesse et d\u00e9pendance, ou s\u00e9nilit\u00e9\u00a0; \u00e0 partir d\u2019un certain stade, plus les gens avancent en \u00e2ge, moins on accorde de poids \u00e0 leur opinion, \u00e0 leur volont\u00e9, \u00e0 leurs propos, parfois \u00e0\u2026","rel":"","context":"Dans &quot;Actu&quot;","block_context":{"text":"Actu","link":"https:\/\/smallthings.fr\/lespetitslivres\/category\/actu\/"},"img":{"alt_text":"","src":"https:\/\/i0.wp.com\/smallthings.fr\/lespetitslivres\/wp-content\/uploads\/2015\/11\/grandes-evasions-paul-metral-couv-e1446734423583.jpg?resize=350%2C200&ssl=1","width":350,"height":200},"classes":[]}],"_links":{"self":[{"href":"https:\/\/smallthings.fr\/lespetitslivres\/wp-json\/wp\/v2\/posts\/4189"}],"collection":[{"href":"https:\/\/smallthings.fr\/lespetitslivres\/wp-json\/wp\/v2\/posts"}],"about":[{"href":"https:\/\/smallthings.fr\/lespetitslivres\/wp-json\/wp\/v2\/types\/post"}],"author":[{"embeddable":true,"href":"https:\/\/smallthings.fr\/lespetitslivres\/wp-json\/wp\/v2\/users\/2"}],"replies":[{"embeddable":true,"href":"https:\/\/smallthings.fr\/lespetitslivres\/wp-json\/wp\/v2\/comments?post=4189"}],"version-history":[{"count":1,"href":"https:\/\/smallthings.fr\/lespetitslivres\/wp-json\/wp\/v2\/posts\/4189\/revisions"}],"predecessor-version":[{"id":28688,"href":"https:\/\/smallthings.fr\/lespetitslivres\/wp-json\/wp\/v2\/posts\/4189\/revisions\/28688"}],"wp:featuredmedia":[{"embeddable":true,"href":"https:\/\/smallthings.fr\/lespetitslivres\/wp-json\/"}],"wp:attachment":[{"href":"https:\/\/smallthings.fr\/lespetitslivres\/wp-json\/wp\/v2\/media?parent=4189"}],"wp:term":[{"taxonomy":"category","embeddable":true,"href":"https:\/\/smallthings.fr\/lespetitslivres\/wp-json\/wp\/v2\/categories?post=4189"},{"taxonomy":"post_tag","embeddable":true,"href":"https:\/\/smallthings.fr\/lespetitslivres\/wp-json\/wp\/v2\/tags?post=4189"}],"curies":[{"name":"wp","href":"https:\/\/api.w.org\/{rel}","templated":true}]}}