{"id":4154,"date":"2013-03-21T10:00:57","date_gmt":"2013-03-21T09:00:57","guid":{"rendered":"http:\/\/smallthings.fr\/?post_type=os_livre&#038;p=4154"},"modified":"2015-11-02T13:40:00","modified_gmt":"2015-11-02T12:40:00","slug":"amos-oz-entre-amis","status":"publish","type":"post","link":"https:\/\/smallthings.fr\/lespetitslivres\/2013\/03\/21\/amos-oz-entre-amis\/","title":{"rendered":"Amos Oz : histoires Entre amis"},"content":{"rendered":"<p>\u00ab\u00a0Entre amis\u00a0\u00bb est une fiction. Une s\u00e9rie de nouvelles qui se d\u00e9roulent toutes au sein du m\u00eame kibboutz. Amos Oz semble y d\u00e9voiler, par l&rsquo;interm\u00e9diaire de diff\u00e9rents personnages, ses souvenirs du kibboutz Houlda qu&rsquo;il a lui-m\u00eame int\u00e9gr\u00e9 sous le Minist\u00e8re de Ben Gourion. Il y r\u00e9v\u00e8le la complexit\u00e9 de cette communaut\u00e9, r\u00e9unie autour d&rsquo;une m\u00eame id\u00e9ologie, d&rsquo;une solidarit\u00e9 apparemment parfaite. N\u00e9anmoins l&rsquo;humain reste humain, et seul m\u00eame au sein d&rsquo;un clan. Chacun a ses doutes, ses d\u00e9fauts, ses d\u00e9rives.<\/p>\n<p>Dans le kibboutz Yikhat r\u00e8gne l&rsquo;esprit d&rsquo;entraide, du travail en collectivit\u00e9, de la sinc\u00e9rit\u00e9 et de l&rsquo;harmonie. C&rsquo;est l&rsquo;\u00e9quilibre qui doit perp\u00e9tuer, mais ce n&rsquo;est pas toujours simple. Certains dissimulent difficilement leur mal-\u00eatre, leurs doutes, leur d\u00e9sir de libert\u00e9, de transgression, parfois de fuite.<\/p>\n<p>C&rsquo;est le cas de la jeune Edna, fille de Nahum, qui s&rsquo;installe avec le professeur David, beaucoup plus \u00e2g\u00e9 qu&rsquo;elle, malgr\u00e9 la peine que cela procure \u00e0 son p\u00e8re. C&rsquo;est aussi le cas d&rsquo;Ariella, pour laquelle Boaz a quitt\u00e9 Osnat, qui se demande si elle fait une bonne affaire et pourquoi ressent-elle cette tendresse envers l&rsquo;ex-\u00e9pouse ?\u00a0Le petit Youval, qui doit aller dormir dans la maison des enfants, alors qu&rsquo;il y est maltrait\u00e9 par les autres gar\u00e7ons. Et Henia, qui a tr\u00e8s envie de transgresser les r\u00e8gles du kibboutz afin que son fils puisse aller \u00e9tudier \u00e0 l&rsquo;\u00e9tranger. Osnat, encore, qui s&rsquo;occupe tendrement du vieux Martin. Martin qui aimerait avoir le temps d&rsquo;apprendre l&rsquo;esperanto aux habitants du kibboutz avant de mourir&#8230;<\/p>\n<p style=\"text-align: center;\"><a href=\"http:\/\/uploads.smallthings.fr\/2013\/03\/Oz1.jpg\"><img loading=\"lazy\" decoding=\"async\" class=\"aligncenter  wp-image-4306\" alt=\"Oz\" src=\"http:\/\/uploads.smallthings.fr\/2013\/03\/Oz1.jpg\" width=\"560\" height=\"386\" \/><\/a><\/p>\n<p>A chaque nouvelle son personnage. Amos Oz nous d\u00e9crit leur situation familiale, amoureuse, professionnelle, mais surtout leurs \u00e9tats d&rsquo;\u00e2mes. Tout en finesse et en subtilit\u00e9, il parvient \u00e0 nous faire comprendre ces doutes et ces douleurs, \u00e0 nous les faire ressentir. La complexit\u00e9 de la vie en communaut\u00e9 est \u00e9galement parfaitement retranscrite, dans le sens o\u00f9 les personnages se retrouvent tiraill\u00e9s entre cette existence solidaire dont ils sont en g\u00e9n\u00e9ral reconnaissants, et cette envie, cet espoir, m\u00eame, de libert\u00e9 et d&rsquo;ind\u00e9pendance.<\/p>\n<p>Petite originalit\u00e9 dans la forme, qu&rsquo;il n&rsquo;est pas commun de voir dans un recueil de nouvelles : les histoires se font \u00e9cho les unes aux autres. Les habitants du kibboutz se connaissent tous, en r\u00e9alit\u00e9 ou de r\u00e9putation. Il arrive parfois, alors qu&rsquo;une nouvelle est centr\u00e9e sur un nouveau personnage, que l&rsquo;on\u00a0en retrouve un\u00a0d\u00e9j\u00e0 crois\u00e9.\u00a0\u00a0Si une nouvelle a laiss\u00e9 le lecteur sur sa faim, qu&rsquo;il soit rassur\u00e9, il conna\u00eetra sans doute le destin du personnage dans la nouvelle suivante. Mais pas toujours : ce petit suspens est agr\u00e9able et ne d\u00e9nature la forme de la nouvelle, puissante car br\u00e8ve.<\/p>\n<div id=\"attachment_4273\" style=\"width: 470px\" class=\"wp-caption aligncenter\"><a href=\"http:\/\/uploads.smallthings.fr\/2013\/03\/Amos-Oz-001.jpg\"><img loading=\"lazy\" decoding=\"async\" aria-describedby=\"caption-attachment-4273\" class=\"size-full wp-image-4273\" alt=\"Photo : Daniel Dal Zennaro\/EPA\" src=\"http:\/\/uploads.smallthings.fr\/2013\/03\/Amos-Oz-001.jpg\" width=\"460\" height=\"276\" \/><\/a><p id=\"caption-attachment-4273\" class=\"wp-caption-text\">Photo : Daniel Dal Zennaro\/EPA<\/p><\/div>\n<p>Auteur de romans, nouvelles, essais et d&rsquo;articles engag\u00e9s, Amos Oz est une grande figure de litt\u00e9rature isra\u00e9lienne. Son roman autobiographique publi\u00e9 en 2003, \u00ab\u00a0Une histoire d&rsquo;amour et de t\u00e9n\u00e8bres\u00a0\u00bb, a remport\u00e9 un immense succ\u00e8s.<\/p>\n","protected":false},"excerpt":{"rendered":"<p>Trois ans apr\u00e8s \u00ab\u00a0Sc\u00e8nes de vie villageoise\u00a0\u00bb, Gallimard publie le nouveau recueil de nouvelles d&rsquo;Amos Oz : \u00ab\u00a0Entre amis\u00a0\u00bb. Sept histoires qui nous d\u00e9voilent les p\u00e9r\u00e9grinations des habitants d&rsquo;un kibboutz. Un texte magnifique, tr\u00e8s sensible, tout en subtilit\u00e9 et en suggestion. <\/p>\n","protected":false},"author":2,"featured_media":5436,"comment_status":"open","ping_status":"open","sticky":false,"template":"","format":"standard","meta":{"jetpack_post_was_ever_published":false,"_jetpack_newsletter_access":"","_jetpack_newsletter_tier_id":0,"footnotes":"","jetpack_publicize_message":"","jetpack_is_tweetstorm":false,"jetpack_publicize_feature_enabled":true,"jetpack_social_post_already_shared":true,"jetpack_social_options":{"image_generator_settings":{"template":"highway","enabled":false}}},"categories":[1118],"tags":[316,317,318,319,320],"jetpack_publicize_connections":[],"yoast_head":"<!-- This site is optimized with the Yoast SEO plugin v21.5 - https:\/\/yoast.com\/wordpress\/plugins\/seo\/ -->\n<title>Amos Oz : histoires Entre amis - Les Petits Livres<\/title>\n<meta name=\"description\" content=\"Trois ans apr\u00e8s &quot;Sc\u00e8nes de vie villageoise&quot;, Gallimard publie le nouveau recueil de nouvelles d&#039;Amos Oz : &quot;Entre amis&quot;. Sept histoires qui nous d\u00e9voilent les p\u00e9r\u00e9grinations des habitants d&#039;un kibboutz. Un texte magnifique, tr\u00e8s sensible, tout en subtilit\u00e9 et en suggestion.\" \/>\n<meta name=\"robots\" content=\"index, follow, max-snippet:-1, max-image-preview:large, max-video-preview:-1\" \/>\n<link rel=\"canonical\" href=\"https:\/\/smallthings.fr\/lespetitslivres\/2013\/03\/21\/amos-oz-entre-amis\/\" \/>\n<meta property=\"og:locale\" content=\"fr_FR\" \/>\n<meta property=\"og:type\" content=\"article\" \/>\n<meta property=\"og:title\" content=\"Amos Oz : histoires Entre amis - Les Petits Livres\" \/>\n<meta property=\"og:description\" content=\"Trois ans apr\u00e8s &quot;Sc\u00e8nes de vie villageoise&quot;, Gallimard publie le nouveau recueil de nouvelles d&#039;Amos Oz : &quot;Entre amis&quot;. Sept histoires qui nous d\u00e9voilent les p\u00e9r\u00e9grinations des habitants d&#039;un kibboutz. Un texte magnifique, tr\u00e8s sensible, tout en subtilit\u00e9 et en suggestion.\" \/>\n<meta property=\"og:url\" content=\"https:\/\/smallthings.fr\/lespetitslivres\/2013\/03\/21\/amos-oz-entre-amis\/\" \/>\n<meta property=\"og:site_name\" content=\"Les Petits Livres\" \/>\n<meta property=\"article:published_time\" content=\"2013-03-21T09:00:57+00:00\" \/>\n<meta property=\"article:modified_time\" content=\"2015-11-02T12:40:00+00:00\" \/>\n<meta name=\"author\" content=\"Claire\" \/>\n<meta name=\"twitter:card\" content=\"summary_large_image\" \/>\n<meta name=\"twitter:label1\" content=\"\u00c9crit par\" \/>\n\t<meta name=\"twitter:data1\" content=\"Claire\" \/>\n\t<meta name=\"twitter:label2\" content=\"Dur\u00e9e de lecture estim\u00e9e\" \/>\n\t<meta name=\"twitter:data2\" content=\"3 minutes\" \/>\n<script type=\"application\/ld+json\" class=\"yoast-schema-graph\">{\"@context\":\"https:\/\/schema.org\",\"@graph\":[{\"@type\":\"WebPage\",\"@id\":\"https:\/\/smallthings.fr\/lespetitslivres\/2013\/03\/21\/amos-oz-entre-amis\/\",\"url\":\"https:\/\/smallthings.fr\/lespetitslivres\/2013\/03\/21\/amos-oz-entre-amis\/\",\"name\":\"Amos Oz : histoires Entre amis - Les Petits Livres\",\"isPartOf\":{\"@id\":\"https:\/\/smallthings.fr\/lespetitslivres\/#website\"},\"datePublished\":\"2013-03-21T09:00:57+00:00\",\"dateModified\":\"2015-11-02T12:40:00+00:00\",\"author\":{\"@id\":\"https:\/\/smallthings.fr\/lespetitslivres\/#\/schema\/person\/504d603cacfe064fe039dfa03a8b7918\"},\"description\":\"Trois ans apr\u00e8s \\\"Sc\u00e8nes de vie villageoise\\\", Gallimard publie le nouveau recueil de nouvelles d'Amos Oz : \\\"Entre amis\\\". Sept histoires qui nous d\u00e9voilent les p\u00e9r\u00e9grinations des habitants d'un kibboutz. Un texte magnifique, tr\u00e8s sensible, tout en subtilit\u00e9 et en suggestion.\",\"breadcrumb\":{\"@id\":\"https:\/\/smallthings.fr\/lespetitslivres\/2013\/03\/21\/amos-oz-entre-amis\/#breadcrumb\"},\"inLanguage\":\"fr-FR\",\"potentialAction\":[{\"@type\":\"ReadAction\",\"target\":[\"https:\/\/smallthings.fr\/lespetitslivres\/2013\/03\/21\/amos-oz-entre-amis\/\"]}]},{\"@type\":\"BreadcrumbList\",\"@id\":\"https:\/\/smallthings.fr\/lespetitslivres\/2013\/03\/21\/amos-oz-entre-amis\/#breadcrumb\",\"itemListElement\":[{\"@type\":\"ListItem\",\"position\":1,\"name\":\"Accueil\",\"item\":\"https:\/\/smallthings.fr\/lespetitslivres\/\"},{\"@type\":\"ListItem\",\"position\":2,\"name\":\"Amos Oz : histoires Entre amis\"}]},{\"@type\":\"WebSite\",\"@id\":\"https:\/\/smallthings.fr\/lespetitslivres\/#website\",\"url\":\"https:\/\/smallthings.fr\/lespetitslivres\/\",\"name\":\"Les Petits Livres\",\"description\":\"by Small Things\",\"potentialAction\":[{\"@type\":\"SearchAction\",\"target\":{\"@type\":\"EntryPoint\",\"urlTemplate\":\"https:\/\/smallthings.fr\/lespetitslivres\/?s={search_term_string}\"},\"query-input\":\"required name=search_term_string\"}],\"inLanguage\":\"fr-FR\"},{\"@type\":\"Person\",\"@id\":\"https:\/\/smallthings.fr\/lespetitslivres\/#\/schema\/person\/504d603cacfe064fe039dfa03a8b7918\",\"name\":\"Claire\",\"image\":{\"@type\":\"ImageObject\",\"inLanguage\":\"fr-FR\",\"@id\":\"https:\/\/smallthings.fr\/lespetitslivres\/#\/schema\/person\/image\/\",\"url\":\"https:\/\/secure.gravatar.com\/avatar\/9a85ff83d76b3eb17b8cae208640786e?s=96&d=retro&r=g\",\"contentUrl\":\"https:\/\/secure.gravatar.com\/avatar\/9a85ff83d76b3eb17b8cae208640786e?s=96&d=retro&r=g\",\"caption\":\"Claire\"},\"url\":\"https:\/\/smallthings.fr\/lespetitslivres\/author\/claire\/\"}]}<\/script>\n<!-- \/ Yoast SEO plugin. -->","yoast_head_json":{"title":"Amos Oz : histoires Entre amis - Les Petits Livres","description":"Trois ans apr\u00e8s \"Sc\u00e8nes de vie villageoise\", Gallimard publie le nouveau recueil de nouvelles d'Amos Oz : \"Entre amis\". Sept histoires qui nous d\u00e9voilent les p\u00e9r\u00e9grinations des habitants d'un kibboutz. Un texte magnifique, tr\u00e8s sensible, tout en subtilit\u00e9 et en suggestion.","robots":{"index":"index","follow":"follow","max-snippet":"max-snippet:-1","max-image-preview":"max-image-preview:large","max-video-preview":"max-video-preview:-1"},"canonical":"https:\/\/smallthings.fr\/lespetitslivres\/2013\/03\/21\/amos-oz-entre-amis\/","og_locale":"fr_FR","og_type":"article","og_title":"Amos Oz : histoires Entre amis - Les Petits Livres","og_description":"Trois ans apr\u00e8s \"Sc\u00e8nes de vie villageoise\", Gallimard publie le nouveau recueil de nouvelles d'Amos Oz : \"Entre amis\". Sept histoires qui nous d\u00e9voilent les p\u00e9r\u00e9grinations des habitants d'un kibboutz. Un texte magnifique, tr\u00e8s sensible, tout en subtilit\u00e9 et en suggestion.","og_url":"https:\/\/smallthings.fr\/lespetitslivres\/2013\/03\/21\/amos-oz-entre-amis\/","og_site_name":"Les Petits Livres","article_published_time":"2013-03-21T09:00:57+00:00","article_modified_time":"2015-11-02T12:40:00+00:00","author":"Claire","twitter_card":"summary_large_image","twitter_misc":{"\u00c9crit par":"Claire","Dur\u00e9e de lecture estim\u00e9e":"3 minutes"},"schema":{"@context":"https:\/\/schema.org","@graph":[{"@type":"WebPage","@id":"https:\/\/smallthings.fr\/lespetitslivres\/2013\/03\/21\/amos-oz-entre-amis\/","url":"https:\/\/smallthings.fr\/lespetitslivres\/2013\/03\/21\/amos-oz-entre-amis\/","name":"Amos Oz : histoires Entre amis - Les Petits Livres","isPartOf":{"@id":"https:\/\/smallthings.fr\/lespetitslivres\/#website"},"datePublished":"2013-03-21T09:00:57+00:00","dateModified":"2015-11-02T12:40:00+00:00","author":{"@id":"https:\/\/smallthings.fr\/lespetitslivres\/#\/schema\/person\/504d603cacfe064fe039dfa03a8b7918"},"description":"Trois ans apr\u00e8s \"Sc\u00e8nes de vie villageoise\", Gallimard publie le nouveau recueil de nouvelles d'Amos Oz : \"Entre amis\". Sept histoires qui nous d\u00e9voilent les p\u00e9r\u00e9grinations des habitants d'un kibboutz. Un texte magnifique, tr\u00e8s sensible, tout en subtilit\u00e9 et en suggestion.","breadcrumb":{"@id":"https:\/\/smallthings.fr\/lespetitslivres\/2013\/03\/21\/amos-oz-entre-amis\/#breadcrumb"},"inLanguage":"fr-FR","potentialAction":[{"@type":"ReadAction","target":["https:\/\/smallthings.fr\/lespetitslivres\/2013\/03\/21\/amos-oz-entre-amis\/"]}]},{"@type":"BreadcrumbList","@id":"https:\/\/smallthings.fr\/lespetitslivres\/2013\/03\/21\/amos-oz-entre-amis\/#breadcrumb","itemListElement":[{"@type":"ListItem","position":1,"name":"Accueil","item":"https:\/\/smallthings.fr\/lespetitslivres\/"},{"@type":"ListItem","position":2,"name":"Amos Oz : histoires Entre amis"}]},{"@type":"WebSite","@id":"https:\/\/smallthings.fr\/lespetitslivres\/#website","url":"https:\/\/smallthings.fr\/lespetitslivres\/","name":"Les Petits Livres","description":"by Small Things","potentialAction":[{"@type":"SearchAction","target":{"@type":"EntryPoint","urlTemplate":"https:\/\/smallthings.fr\/lespetitslivres\/?s={search_term_string}"},"query-input":"required name=search_term_string"}],"inLanguage":"fr-FR"},{"@type":"Person","@id":"https:\/\/smallthings.fr\/lespetitslivres\/#\/schema\/person\/504d603cacfe064fe039dfa03a8b7918","name":"Claire","image":{"@type":"ImageObject","inLanguage":"fr-FR","@id":"https:\/\/smallthings.fr\/lespetitslivres\/#\/schema\/person\/image\/","url":"https:\/\/secure.gravatar.com\/avatar\/9a85ff83d76b3eb17b8cae208640786e?s=96&d=retro&r=g","contentUrl":"https:\/\/secure.gravatar.com\/avatar\/9a85ff83d76b3eb17b8cae208640786e?s=96&d=retro&r=g","caption":"Claire"},"url":"https:\/\/smallthings.fr\/lespetitslivres\/author\/claire\/"}]}},"jetpack_featured_media_url":"","jetpack_sharing_enabled":true,"jetpack_shortlink":"https:\/\/wp.me\/p6Un21-150","jetpack-related-posts":[{"id":17055,"url":"https:\/\/smallthings.fr\/lespetitslivres\/2014\/10\/08\/jai-eu-nuits-ridicules-anna-rozen-avis\/","url_meta":{"origin":4154,"position":0},"title":"J&rsquo;ai eu des nuits ridicules&#8230; Un conte d&rsquo;Anna Rozen","author":"Claire","date":"8 octobre 2014","format":false,"excerpt":"Anna Rozen a publi\u00e9 son dernier roman, J'ai eu des nuits ridicules, au Dilettante le 1er octobre. Auteure confirm\u00e9e, notamment d'ouvrages jeunesse, J'ai eu des nuits ridicules est loin d'\u00eatre son premier roman. Derri\u00e8re le personnage de Val\u00e9rie, Anna Rozen prend le parti de s'amuser un peu et de nous\u2026","rel":"","context":"Dans &quot;Roman fran\u00e7ais&quot;","block_context":{"text":"Roman fran\u00e7ais","link":"https:\/\/smallthings.fr\/lespetitslivres\/category\/roman\/roman-francais\/"},"img":{"alt_text":"","src":"https:\/\/i0.wp.com\/smallthings.fr\/wp-content\/uploads\/2014\/10\/nuits-ridicules-rozen.jpg?resize=350%2C200","width":350,"height":200},"classes":[]},{"id":29946,"url":"https:\/\/smallthings.fr\/lespetitslivres\/2016\/05\/12\/jan-enfance-claudine-desmarteau-critique\/","url_meta":{"origin":4154,"position":1},"title":"Jan : l&rsquo;enfance r\u00e9volt\u00e9e, par Claudine Desmarteau","author":"Claire","date":"12 mai 2016","format":false,"excerpt":"Jan a beau \u00eatre estampill\u00e9 \"roman jeunesse\" sur le site des \u00e9ditions Thierry Magnier, le livre s'adresse, de par son sujet grave, \u00e0 tout type de public. Claudine Desmarteau, par ailleurs auteur d'albums jeunesse, ma\u00eetrise son sujet et nous entra\u00eene avec brio dans les pens\u00e9es d'une petite fille perdue. La\u2026","rel":"","context":"Dans &quot;Roman fran\u00e7ais&quot;","block_context":{"text":"Roman fran\u00e7ais","link":"https:\/\/smallthings.fr\/lespetitslivres\/category\/roman\/roman-francais\/"},"img":{"alt_text":"","src":"https:\/\/i0.wp.com\/smallthings.fr\/lespetitslivres\/wp-content\/uploads\/2016\/05\/jan-doinel-couv.jpg?resize=350%2C200&ssl=1","width":350,"height":200,"srcset":"https:\/\/i0.wp.com\/smallthings.fr\/lespetitslivres\/wp-content\/uploads\/2016\/05\/jan-doinel-couv.jpg?resize=350%2C200&ssl=1 1x, https:\/\/i0.wp.com\/smallthings.fr\/lespetitslivres\/wp-content\/uploads\/2016\/05\/jan-doinel-couv.jpg?resize=525%2C300&ssl=1 1.5x, https:\/\/i0.wp.com\/smallthings.fr\/lespetitslivres\/wp-content\/uploads\/2016\/05\/jan-doinel-couv.jpg?resize=700%2C400&ssl=1 2x"},"classes":[]},{"id":30232,"url":"https:\/\/smallthings.fr\/lespetitslivres\/2016\/08\/25\/police-gardien-paix-boris-critique\/","url_meta":{"origin":4154,"position":2},"title":"Police : dans la peau d&rsquo;un gardien de la paix","author":"June","date":"25 ao\u00fbt 2016","format":false,"excerpt":"Avec Police, paru\u00a0le 24 ao\u00fbt 2016 aux \u00e9ditions Grasset, Hugo Boris nous offre une plong\u00e9e d\u00e9routante dans l\u2019univers des gardiens de la paix. Une immersion troublante qui nous confronte autant \u00e0 nos convictions qu\u2019aux probl\u00e9matiques actuelles. Le temps de ce huis-clos entre ces trois policiers, on se questionne. Trois gardiens\u2026","rel":"","context":"Dans &quot;Rentr\u00e9e litt\u00e9raire&quot;","block_context":{"text":"Rentr\u00e9e litt\u00e9raire","link":"https:\/\/smallthings.fr\/lespetitslivres\/category\/rentree-litteraire\/"},"img":{"alt_text":"","src":"https:\/\/i0.wp.com\/smallthings.fr\/lespetitslivres\/wp-content\/uploads\/2016\/08\/police.jpeg?resize=350%2C200","width":350,"height":200},"classes":[]},{"id":17928,"url":"https:\/\/smallthings.fr\/lespetitslivres\/2014\/10\/27\/galatea-evanescence-monia-sommer\/","url_meta":{"origin":4154,"position":3},"title":"Galat\u00e9a : tome 1 Evanescence &#8211; 1er roman de Monia Sommer","author":"Jennifer","date":"27 octobre 2014","format":false,"excerpt":"Galat\u00e9a\u00a0: tome 1 Evanescence : le premier \u00ab\u00a0vrai\u00a0\u00bb roman de l\u2019auteur Monia Sommer sortira le 10 novembre prochain aux \u00e9ditions Valentina. Elle nous y conte l\u2019histoire d\u2019une princesse guerri\u00e8re, au centre d\u2019une proph\u00e9tie, qui va devoir affronter un ennemi redouble afin de sauver son royaume. Galat\u00e9a, princesse d\u2019une plan\u00e8te d\u2019hiver\u2026","rel":"","context":"Dans &quot;Fantastique&quot;","block_context":{"text":"Fantastique","link":"https:\/\/smallthings.fr\/lespetitslivres\/category\/imaginaire\/fantastique\/"},"img":{"alt_text":"","src":"https:\/\/i0.wp.com\/smallthings.fr\/wp-content\/uploads\/2014\/10\/galatea-evanescence.jpg?resize=350%2C200","width":350,"height":200},"classes":[]},{"id":29121,"url":"https:\/\/smallthings.fr\/lespetitslivres\/2015\/11\/14\/reste-avec-moi-warman-critique\/","url_meta":{"origin":4154,"position":4},"title":"Reste avec moi, le livre entre deux mondes de Jessica Warman","author":"Jennifer","date":"14 novembre 2015","format":false,"excerpt":"Reste avec moi de Jessica Warman est sorti le 14 octobre dernier en format poche aux \u00e9ditions Pocket Jeunesse. Il raconte l\u2019histoire d\u2019Elizabeth, jeune fille au comportement ex\u00e9crable, qui va \u00eatre tu\u00e9e le jour de son 18\u00e8me anniversaire. Coinc\u00e9e entre le monde des vivants et celui des morts, elle va\u2026","rel":"","context":"Dans &quot;Fantastique&quot;","block_context":{"text":"Fantastique","link":"https:\/\/smallthings.fr\/lespetitslivres\/category\/imaginaire\/fantastique\/"},"img":{"alt_text":"","src":"https:\/\/i0.wp.com\/smallthings.fr\/lespetitslivres\/wp-content\/uploads\/2015\/11\/reste-avec-moi-couv.jpg?resize=350%2C200&ssl=1","width":350,"height":200},"classes":[]},{"id":31199,"url":"https:\/\/smallthings.fr\/lespetitslivres\/2017\/08\/08\/a-nous-elin-hilderbrand-avis\/","url_meta":{"origin":4154,"position":5},"title":"\u00c0 nous, temp\u00eates familiales \u00e0 Nantucket","author":"June","date":"8 ao\u00fbt 2017","format":false,"excerpt":"Dans \u00c0\u00a0nous, Elin Hilderbrand marie avec brio analyse psychologique et l\u00e9g\u00e8ret\u00e9 du ton aux ingr\u00e9dients d\u2019un huis-clos savoureux. Trois \u00e9pouses, trois enfants, une maison et un homme \u00e0 la personnalit\u00e9 marqu\u00e9e par une blessure d\u2019enfance, Deacon Thorpe. Un roman paru en juin chez Latt\u00e8s. Deacon Thorpe n\u2019est pas ce que\u2026","rel":"","context":"Dans &quot;Roman \u00e9tranger&quot;","block_context":{"text":"Roman \u00e9tranger","link":"https:\/\/smallthings.fr\/lespetitslivres\/category\/roman\/roman-etranger\/"},"img":{"alt_text":"","src":"https:\/\/i0.wp.com\/smallthings.fr\/lespetitslivres\/wp-content\/uploads\/2017\/08\/a-nous-nantucket-livre.jpg?resize=350%2C200&ssl=1","width":350,"height":200,"srcset":"https:\/\/i0.wp.com\/smallthings.fr\/lespetitslivres\/wp-content\/uploads\/2017\/08\/a-nous-nantucket-livre.jpg?resize=350%2C200&ssl=1 1x, https:\/\/i0.wp.com\/smallthings.fr\/lespetitslivres\/wp-content\/uploads\/2017\/08\/a-nous-nantucket-livre.jpg?resize=525%2C300&ssl=1 1.5x, https:\/\/i0.wp.com\/smallthings.fr\/lespetitslivres\/wp-content\/uploads\/2017\/08\/a-nous-nantucket-livre.jpg?resize=700%2C400&ssl=1 2x, https:\/\/i0.wp.com\/smallthings.fr\/lespetitslivres\/wp-content\/uploads\/2017\/08\/a-nous-nantucket-livre.jpg?resize=1050%2C600&ssl=1 3x, https:\/\/i0.wp.com\/smallthings.fr\/lespetitslivres\/wp-content\/uploads\/2017\/08\/a-nous-nantucket-livre.jpg?resize=1400%2C800&ssl=1 4x"},"classes":[]}],"_links":{"self":[{"href":"https:\/\/smallthings.fr\/lespetitslivres\/wp-json\/wp\/v2\/posts\/4154"}],"collection":[{"href":"https:\/\/smallthings.fr\/lespetitslivres\/wp-json\/wp\/v2\/posts"}],"about":[{"href":"https:\/\/smallthings.fr\/lespetitslivres\/wp-json\/wp\/v2\/types\/post"}],"author":[{"embeddable":true,"href":"https:\/\/smallthings.fr\/lespetitslivres\/wp-json\/wp\/v2\/users\/2"}],"replies":[{"embeddable":true,"href":"https:\/\/smallthings.fr\/lespetitslivres\/wp-json\/wp\/v2\/comments?post=4154"}],"version-history":[{"count":1,"href":"https:\/\/smallthings.fr\/lespetitslivres\/wp-json\/wp\/v2\/posts\/4154\/revisions"}],"predecessor-version":[{"id":28682,"href":"https:\/\/smallthings.fr\/lespetitslivres\/wp-json\/wp\/v2\/posts\/4154\/revisions\/28682"}],"wp:featuredmedia":[{"embeddable":true,"href":"https:\/\/smallthings.fr\/lespetitslivres\/wp-json\/"}],"wp:attachment":[{"href":"https:\/\/smallthings.fr\/lespetitslivres\/wp-json\/wp\/v2\/media?parent=4154"}],"wp:term":[{"taxonomy":"category","embeddable":true,"href":"https:\/\/smallthings.fr\/lespetitslivres\/wp-json\/wp\/v2\/categories?post=4154"},{"taxonomy":"post_tag","embeddable":true,"href":"https:\/\/smallthings.fr\/lespetitslivres\/wp-json\/wp\/v2\/tags?post=4154"}],"curies":[{"name":"wp","href":"https:\/\/api.w.org\/{rel}","templated":true}]}}