{"id":32256,"date":"2021-08-04T10:44:25","date_gmt":"2021-08-04T09:44:25","guid":{"rendered":"http:\/\/smallthings.fr\/lespetitslivres\/?p=32256"},"modified":"2021-08-04T10:44:27","modified_gmt":"2021-08-04T09:44:27","slug":"dark-protectors-kane-rebecca-zanetti","status":"publish","type":"post","link":"https:\/\/smallthings.fr\/lespetitslivres\/2021\/08\/04\/dark-protectors-kane-rebecca-zanetti\/","title":{"rendered":"Dark Protectors, Kane, de Rebecca Zanetti"},"content":{"rendered":"\n<h3 class=\"wp-block-heading\"><em>Kane<\/em> est le cinqui\u00e8me tome de la saga bit-lit <em>Dark Protectors<\/em> de Rebecca Zanetti. Sorti le 7 juillet dernier chez les <a href=\"https:\/\/milady.fr\/catalogue\/9782811221683-kane\/\" target=\"_blank\" rel=\"noreferrer noopener\">\u00e9ditions Milady,<\/a> ce volet \u00e9tait attendu avec impatience par les fans des fr\u00e8res vampires. En effet, Kane est un personnage tr\u00e8s int\u00e9ressant. Plut\u00f4t casanier, il va devoir accomplir une mission en ext\u00e9rieur pour ramener une jeune femme\u2026 qui ne va pas se laisser faire.<\/h3>\n\n\n\n<p class=\"has-text-align-justify\">Apr\u00e8s <a href=\"http:\/\/smallthings.fr\/lespetitslivres\/2021\/01\/20\/dark-protectors-talen\/\" target=\"_blank\" rel=\"noreferrer noopener\">Talen<\/a>, <a href=\"http:\/\/smallthings.fr\/lespetitslivres\/2021\/01\/21\/dark-protectors-dage\/\" target=\"_blank\" rel=\"noreferrer noopener\">Dage<\/a>, <a href=\"http:\/\/smallthings.fr\/lespetitslivres\/2021\/02\/14\/dark-protector-conn\/\" target=\"_blank\" rel=\"noreferrer noopener\">Conn<\/a> et <a href=\"http:\/\/smallthings.fr\/lespetitslivres\/2021\/07\/04\/dark-protectors-jordan\/\" target=\"_blank\" rel=\"noreferrer noopener\">Jordan<\/a>, c\u2019est au tour de <em>Kane<\/em> de devenir le personnage principal de l\u2019intrigue. Ce vampire mill\u00e9naire est le plus intelligent du Royaume et, en plus de son travail sur l\u2019\u00e9limination du virus cr\u00e9\u00e9 par les Kurjans, il a une mission de la plus haute importance\u00a0<strong>: sauver son fr\u00e8re kidnapp\u00e9 par les d\u00e9mons il y a de nombreuses ann\u00e9es<\/strong>. Pour cela, il va devoir trouver une destructrice de d\u00e9mons.<\/p>\n\n\n\n<div class=\"wp-block-image\"><figure class=\"alignright size-large is-resized\"><img loading=\"lazy\" decoding=\"async\" data-attachment-id=\"32257\" data-permalink=\"https:\/\/smallthings.fr\/lespetitslivres\/2021\/08\/04\/dark-protectors-kane-rebecca-zanetti\/dark-protectors-kane-rebecca-zanetti\/\" data-orig-file=\"https:\/\/smallthings.fr\/lespetitslivres\/wp-content\/uploads\/2021\/08\/Dark-Protectors-Kane-Rebecca-Zanetti.jpg\" data-orig-size=\"550,890\" data-comments-opened=\"1\" data-image-meta=\"{&quot;aperture&quot;:&quot;0&quot;,&quot;credit&quot;:&quot;&quot;,&quot;camera&quot;:&quot;&quot;,&quot;caption&quot;:&quot;&quot;,&quot;created_timestamp&quot;:&quot;0&quot;,&quot;copyright&quot;:&quot;&quot;,&quot;focal_length&quot;:&quot;0&quot;,&quot;iso&quot;:&quot;0&quot;,&quot;shutter_speed&quot;:&quot;0&quot;,&quot;title&quot;:&quot;&quot;,&quot;orientation&quot;:&quot;0&quot;}\" data-image-title=\"Dark-Protectors-Kane-Rebecca-Zanetti\" data-image-description=\"\" data-image-caption=\"\" data-medium-file=\"https:\/\/smallthings.fr\/lespetitslivres\/wp-content\/uploads\/2021\/08\/Dark-Protectors-Kane-Rebecca-Zanetti-185x300.jpg\" data-large-file=\"https:\/\/smallthings.fr\/lespetitslivres\/wp-content\/uploads\/2021\/08\/Dark-Protectors-Kane-Rebecca-Zanetti.jpg\" src=\"http:\/\/smallthings.fr\/lespetitslivres\/wp-content\/uploads\/2021\/08\/Dark-Protectors-Kane-Rebecca-Zanetti.jpg\" alt=\"\" class=\"wp-image-32257\" width=\"256\" height=\"413\"\/><\/figure><\/div>\n\n\n\n<p class=\"has-text-align-justify\">Amber travaille dans un bar et vit dans une communaut\u00e9 tr\u00e8s soud\u00e9e. Esprit libre, elle d\u00e9teste qu\u2019on l\u2019oblige \u00e0 faire quoi que ce soit. Quand elle rencontre Kane et qu\u2019il lui parle du monde surnaturel, elle le prend pour un fou. Mais lorsque plusieurs d\u00e9mons tentent de la tuer, elle doit se rendre \u00e0 l\u2019\u00e9vidence, tout cela existe bel et bien. Kane semble avoir les r\u00e9ponses \u00e0 toutes ses questions alors <strong>elle va conclure un pacte avec lui&nbsp;: elle l\u2019aidera \u00e0 trouver son fr\u00e8re s\u2019il l\u2019aide en retour \u00e0 sauver sa famille<\/strong> qui est maintenant en danger elle aussi.<\/p>\n\n\n\n<p class=\"has-text-align-justify\">L\u2019attirance entre Amber et Kane est rapide alors, apr\u00e8s une seule nuit ensemble, ils vont succomber \u00e0 la tentation. Pour sauver son fr\u00e8re et aider Amber le plus vite possible, il existe une solution radicale\u00a0: que le couple s\u2019unisse \u00e0 la mani\u00e8re des fr\u00e8res Kayrs. Amber est tent\u00e9e, cependant elle recherche l\u2019amour avant tout et elle ne le trouvera surement pas avec Kane pour qui l\u2019\u00ab\u00a0amour\u00a0\u00bb, n\u2019est qu\u2019une r\u00e9action chimique du cerveau. L\u2019intellectuel refuse de ressentir des \u00e9motions et pr\u00e9f\u00e8re tout expliquer scientifiquement. Or \u00e0 trop vouloir se prot\u00e9ger, il risque la vie d\u2019Amber et celle de son fr\u00e8re disparu\u2026<\/p>\n\n\n\n<p class=\"has-text-align-justify\">Ce cinqui\u00e8me tome est franchement int\u00e9ressant. Pour une fois, c\u2019est l\u2019un des fr\u00e8res vampires qui ne veut pas \u00e9couter son c\u0153ur, \u00e7a change&nbsp;! <strong>L\u2019action est souvent pr\u00e9sente, l\u2019intrigue est vraiment bien d\u00e9velopp\u00e9e et certains passages sont vraiment intenses.<\/strong><\/p>\n\n\n\n<p class=\"has-text-align-justify\">J\u2019ai beaucoup appr\u00e9ci\u00e9 Kane, n\u00e9anmoins je dois avouer avoir \u00e9t\u00e9 un peu d\u00e9\u00e7ue. Je le pensais plus intelligent que cela au final. Ses tergiversations vont avoir de s\u00e9rieuses cons\u00e9quences&#8230; Malgr\u00e9 tout, le c\u00f4t\u00e9 psychologique est bien exploit\u00e9 et apporte \u00e9videmment un gros plus.<\/p>\n\n\n\n<p class=\"has-text-align-justify\">Les intrigues parall\u00e8les sont vraiment bonnes et j\u2019ai ador\u00e9 lire les passages de Jase, le fr\u00e8re tortur\u00e9 par les d\u00e9mons. <strong>Rebecca Zanetti nous offre un roman tr\u00e8s sombre et bien plus travaill\u00e9 que les autres tomes.<\/strong> La saga <em>Dark Protetors <\/em>est comme un bon vin rouge, elle devient meilleure avec le temps. Chaque tome apporte un petit plus \u00e0 la s\u00e9rie et plus on avance, meilleur c\u2019est\u00a0! J\u2019ai franchement h\u00e2te de lire le livre consacr\u00e9 \u00e0 Jase, je pense qu\u2019il nous r\u00e9serve bien des surprises. Et j\u2019esp\u00e8re avoir trouv\u00e9 qui est sa compagne. Si j\u2019ai raison, ce tome sera un coup de c\u0153ur personnel, c\u2019est certain.<\/p>\n\n\n\n<p>En conclusion, cette romance paranormale m\u00eale savamment action et passion. Une bonne saga bit-lit \u00e0 conseiller \u00e0 tous les fans du genre. <\/p>\n\n\n\n<p><span style=\"text-decoration: underline;\">Extrait<\/span>\u00a0:<\/p>\n\n\n\n<blockquote class=\"wp-block-quote\"><p>Kane secoua la t\u00eate et d\u00e9tendit les muscles de sa nuque. Le d\u00e9sir physique n\u2019avait pas sa place dans une mission. Depuis quand n\u2019avait-il par dormi\u00a0? Il sortit son portable et appela son fr\u00e8re a\u00een\u00e9.<br>&#8211; Tu l\u2019as trouv\u00e9e\u00a0? grogna le roi.<br>&#8211; Oui. Elle diffuse des ondes si puissantes que j\u2019ai du mal \u00e0 croire que je suis le seul \u00e0 les percevoir.<br>Kane vit deux cow-boys assis au bar, les yeux riv\u00e9s sur la serveuse blonde. Humains, so\u00fbls et abrutis\u2026 ils lui fourniraient peut-\u00eatre la diversion id\u00e9ale pour qu\u2019il enl\u00e8ve la jeune femme.<br>&#8211; Tu ne vas pas \u00eatre seul longtemps. Je suis s\u00fbr que les d\u00e9mons ne vont pas tarder \u00e0 arriver. [\u2026] Elle acceptera de nous aider\u00a0?<br>&#8211; Aucune id\u00e9e. Jusqu\u2019ici, on dirait qu\u2019elle ne sait pas que je suis un vampire. [\u2026]<br>&#8211; Je vais peut-\u00eatre devoir l\u2019enlever, expliqua-t-il au roi.<\/p><\/blockquote>\n","protected":false},"excerpt":{"rendered":"<p>Kane est le cinqui\u00e8me tome de la saga bit-lit Dark Protectors de Rebecca Zanetti. Sorti le 7 juillet dernier chez les \u00e9ditions Milady, ce volet \u00e9tait attendu avec impatience par les fans des fr\u00e8res vampires. En effet, Kane est un personnage tr\u00e8s int\u00e9ressant. Plut\u00f4t casanier, il va devoir accomplir une mission en ext\u00e9rieur pour ramener<\/p>\n","protected":false},"author":14,"featured_media":32258,"comment_status":"open","ping_status":"open","sticky":false,"template":"","format":"standard","meta":{"jetpack_post_was_ever_published":false,"_jetpack_newsletter_access":"","_jetpack_newsletter_tier_id":0,"footnotes":"","jetpack_publicize_message":"","jetpack_is_tweetstorm":false,"jetpack_publicize_feature_enabled":true,"jetpack_social_post_already_shared":true,"jetpack_social_options":{"image_generator_settings":{"template":"highway","enabled":false}}},"categories":[1107],"tags":[831,2251,1668,2273,2252,908],"jetpack_publicize_connections":[],"yoast_head":"<!-- This site is optimized with the Yoast SEO plugin v21.5 - https:\/\/yoast.com\/wordpress\/plugins\/seo\/ -->\n<title>Dark Protectors, Kane, de Rebecca Zanetti - Les Petits Livres<\/title>\n<meta name=\"description\" content=\"Kane, cinqui\u00e8me tome de la saga bit-lit Dark Protectors de Rebacca Zanetti. Vampires, actions, passion et rebondissements garantis.\" \/>\n<meta name=\"robots\" content=\"index, follow, max-snippet:-1, max-image-preview:large, max-video-preview:-1\" \/>\n<link rel=\"canonical\" href=\"https:\/\/smallthings.fr\/lespetitslivres\/2021\/08\/04\/dark-protectors-kane-rebecca-zanetti\/\" \/>\n<meta property=\"og:locale\" content=\"fr_FR\" \/>\n<meta property=\"og:type\" content=\"article\" \/>\n<meta property=\"og:title\" content=\"Dark Protectors, Kane, de Rebecca Zanetti - Les Petits Livres\" \/>\n<meta property=\"og:description\" content=\"Kane, cinqui\u00e8me tome de la saga bit-lit Dark Protectors de Rebacca Zanetti. Vampires, actions, passion et rebondissements garantis.\" \/>\n<meta property=\"og:url\" content=\"https:\/\/smallthings.fr\/lespetitslivres\/2021\/08\/04\/dark-protectors-kane-rebecca-zanetti\/\" \/>\n<meta property=\"og:site_name\" content=\"Les Petits Livres\" \/>\n<meta property=\"article:published_time\" content=\"2021-08-04T09:44:25+00:00\" \/>\n<meta property=\"article:modified_time\" content=\"2021-08-04T09:44:27+00:00\" \/>\n<meta property=\"og:image\" content=\"https:\/\/i0.wp.com\/smallthings.fr\/lespetitslivres\/wp-content\/uploads\/2021\/08\/Dark-Protectors-Kane-Rebecca-Zanetti-2.jpg?fit=550%2C402&ssl=1\" \/>\n\t<meta property=\"og:image:width\" content=\"550\" \/>\n\t<meta property=\"og:image:height\" content=\"402\" \/>\n\t<meta property=\"og:image:type\" content=\"image\/jpeg\" \/>\n<meta name=\"author\" content=\"Jennifer\" \/>\n<meta name=\"twitter:card\" content=\"summary_large_image\" \/>\n<meta name=\"twitter:label1\" content=\"\u00c9crit par\" \/>\n\t<meta name=\"twitter:data1\" content=\"Jennifer\" \/>\n\t<meta name=\"twitter:label2\" content=\"Dur\u00e9e de lecture estim\u00e9e\" \/>\n\t<meta name=\"twitter:data2\" content=\"4 minutes\" \/>\n<script type=\"application\/ld+json\" class=\"yoast-schema-graph\">{\"@context\":\"https:\/\/schema.org\",\"@graph\":[{\"@type\":\"WebPage\",\"@id\":\"https:\/\/smallthings.fr\/lespetitslivres\/2021\/08\/04\/dark-protectors-kane-rebecca-zanetti\/\",\"url\":\"https:\/\/smallthings.fr\/lespetitslivres\/2021\/08\/04\/dark-protectors-kane-rebecca-zanetti\/\",\"name\":\"Dark Protectors, Kane, de Rebecca Zanetti - Les Petits Livres\",\"isPartOf\":{\"@id\":\"https:\/\/smallthings.fr\/lespetitslivres\/#website\"},\"datePublished\":\"2021-08-04T09:44:25+00:00\",\"dateModified\":\"2021-08-04T09:44:27+00:00\",\"author\":{\"@id\":\"https:\/\/smallthings.fr\/lespetitslivres\/#\/schema\/person\/bb8808220f912e72f01f7a55924d9ad1\"},\"description\":\"Kane, cinqui\u00e8me tome de la saga bit-lit Dark Protectors de Rebacca Zanetti. Vampires, actions, passion et rebondissements garantis.\",\"breadcrumb\":{\"@id\":\"https:\/\/smallthings.fr\/lespetitslivres\/2021\/08\/04\/dark-protectors-kane-rebecca-zanetti\/#breadcrumb\"},\"inLanguage\":\"fr-FR\",\"potentialAction\":[{\"@type\":\"ReadAction\",\"target\":[\"https:\/\/smallthings.fr\/lespetitslivres\/2021\/08\/04\/dark-protectors-kane-rebecca-zanetti\/\"]}]},{\"@type\":\"BreadcrumbList\",\"@id\":\"https:\/\/smallthings.fr\/lespetitslivres\/2021\/08\/04\/dark-protectors-kane-rebecca-zanetti\/#breadcrumb\",\"itemListElement\":[{\"@type\":\"ListItem\",\"position\":1,\"name\":\"Accueil\",\"item\":\"https:\/\/smallthings.fr\/lespetitslivres\/\"},{\"@type\":\"ListItem\",\"position\":2,\"name\":\"Dark Protectors, Kane, de Rebecca Zanetti\"}]},{\"@type\":\"WebSite\",\"@id\":\"https:\/\/smallthings.fr\/lespetitslivres\/#website\",\"url\":\"https:\/\/smallthings.fr\/lespetitslivres\/\",\"name\":\"Les Petits Livres\",\"description\":\"by Small Things\",\"potentialAction\":[{\"@type\":\"SearchAction\",\"target\":{\"@type\":\"EntryPoint\",\"urlTemplate\":\"https:\/\/smallthings.fr\/lespetitslivres\/?s={search_term_string}\"},\"query-input\":\"required name=search_term_string\"}],\"inLanguage\":\"fr-FR\"},{\"@type\":\"Person\",\"@id\":\"https:\/\/smallthings.fr\/lespetitslivres\/#\/schema\/person\/bb8808220f912e72f01f7a55924d9ad1\",\"name\":\"Jennifer\",\"image\":{\"@type\":\"ImageObject\",\"inLanguage\":\"fr-FR\",\"@id\":\"https:\/\/smallthings.fr\/lespetitslivres\/#\/schema\/person\/image\/\",\"url\":\"https:\/\/secure.gravatar.com\/avatar\/ffcd6b107b6b18c3d5201f1bcc631683?s=96&d=retro&r=g\",\"contentUrl\":\"https:\/\/secure.gravatar.com\/avatar\/ffcd6b107b6b18c3d5201f1bcc631683?s=96&d=retro&r=g\",\"caption\":\"Jennifer\"},\"url\":\"https:\/\/smallthings.fr\/lespetitslivres\/author\/jennifer\/\"}]}<\/script>\n<!-- \/ Yoast SEO plugin. -->","yoast_head_json":{"title":"Dark Protectors, Kane, de Rebecca Zanetti - Les Petits Livres","description":"Kane, cinqui\u00e8me tome de la saga bit-lit Dark Protectors de Rebacca Zanetti. Vampires, actions, passion et rebondissements garantis.","robots":{"index":"index","follow":"follow","max-snippet":"max-snippet:-1","max-image-preview":"max-image-preview:large","max-video-preview":"max-video-preview:-1"},"canonical":"https:\/\/smallthings.fr\/lespetitslivres\/2021\/08\/04\/dark-protectors-kane-rebecca-zanetti\/","og_locale":"fr_FR","og_type":"article","og_title":"Dark Protectors, Kane, de Rebecca Zanetti - Les Petits Livres","og_description":"Kane, cinqui\u00e8me tome de la saga bit-lit Dark Protectors de Rebacca Zanetti. Vampires, actions, passion et rebondissements garantis.","og_url":"https:\/\/smallthings.fr\/lespetitslivres\/2021\/08\/04\/dark-protectors-kane-rebecca-zanetti\/","og_site_name":"Les Petits Livres","article_published_time":"2021-08-04T09:44:25+00:00","article_modified_time":"2021-08-04T09:44:27+00:00","og_image":[{"width":550,"height":402,"url":"https:\/\/i0.wp.com\/smallthings.fr\/lespetitslivres\/wp-content\/uploads\/2021\/08\/Dark-Protectors-Kane-Rebecca-Zanetti-2.jpg?fit=550%2C402&ssl=1","type":"image\/jpeg"}],"author":"Jennifer","twitter_card":"summary_large_image","twitter_misc":{"\u00c9crit par":"Jennifer","Dur\u00e9e de lecture estim\u00e9e":"4 minutes"},"schema":{"@context":"https:\/\/schema.org","@graph":[{"@type":"WebPage","@id":"https:\/\/smallthings.fr\/lespetitslivres\/2021\/08\/04\/dark-protectors-kane-rebecca-zanetti\/","url":"https:\/\/smallthings.fr\/lespetitslivres\/2021\/08\/04\/dark-protectors-kane-rebecca-zanetti\/","name":"Dark Protectors, Kane, de Rebecca Zanetti - Les Petits Livres","isPartOf":{"@id":"https:\/\/smallthings.fr\/lespetitslivres\/#website"},"datePublished":"2021-08-04T09:44:25+00:00","dateModified":"2021-08-04T09:44:27+00:00","author":{"@id":"https:\/\/smallthings.fr\/lespetitslivres\/#\/schema\/person\/bb8808220f912e72f01f7a55924d9ad1"},"description":"Kane, cinqui\u00e8me tome de la saga bit-lit Dark Protectors de Rebacca Zanetti. Vampires, actions, passion et rebondissements garantis.","breadcrumb":{"@id":"https:\/\/smallthings.fr\/lespetitslivres\/2021\/08\/04\/dark-protectors-kane-rebecca-zanetti\/#breadcrumb"},"inLanguage":"fr-FR","potentialAction":[{"@type":"ReadAction","target":["https:\/\/smallthings.fr\/lespetitslivres\/2021\/08\/04\/dark-protectors-kane-rebecca-zanetti\/"]}]},{"@type":"BreadcrumbList","@id":"https:\/\/smallthings.fr\/lespetitslivres\/2021\/08\/04\/dark-protectors-kane-rebecca-zanetti\/#breadcrumb","itemListElement":[{"@type":"ListItem","position":1,"name":"Accueil","item":"https:\/\/smallthings.fr\/lespetitslivres\/"},{"@type":"ListItem","position":2,"name":"Dark Protectors, Kane, de Rebecca Zanetti"}]},{"@type":"WebSite","@id":"https:\/\/smallthings.fr\/lespetitslivres\/#website","url":"https:\/\/smallthings.fr\/lespetitslivres\/","name":"Les Petits Livres","description":"by Small Things","potentialAction":[{"@type":"SearchAction","target":{"@type":"EntryPoint","urlTemplate":"https:\/\/smallthings.fr\/lespetitslivres\/?s={search_term_string}"},"query-input":"required name=search_term_string"}],"inLanguage":"fr-FR"},{"@type":"Person","@id":"https:\/\/smallthings.fr\/lespetitslivres\/#\/schema\/person\/bb8808220f912e72f01f7a55924d9ad1","name":"Jennifer","image":{"@type":"ImageObject","inLanguage":"fr-FR","@id":"https:\/\/smallthings.fr\/lespetitslivres\/#\/schema\/person\/image\/","url":"https:\/\/secure.gravatar.com\/avatar\/ffcd6b107b6b18c3d5201f1bcc631683?s=96&d=retro&r=g","contentUrl":"https:\/\/secure.gravatar.com\/avatar\/ffcd6b107b6b18c3d5201f1bcc631683?s=96&d=retro&r=g","caption":"Jennifer"},"url":"https:\/\/smallthings.fr\/lespetitslivres\/author\/jennifer\/"}]}},"jetpack_featured_media_url":"https:\/\/smallthings.fr\/lespetitslivres\/wp-content\/uploads\/2021\/08\/Dark-Protectors-Kane-Rebecca-Zanetti-2.jpg","jetpack_sharing_enabled":true,"jetpack_shortlink":"https:\/\/wp.me\/p6Un21-8og","jetpack-related-posts":[{"id":32187,"url":"https:\/\/smallthings.fr\/lespetitslivres\/2021\/01\/20\/dark-protectors-talen\/","url_meta":{"origin":32256,"position":0},"title":"Dark Protectors, la nouvelle s\u00e9rie pour les fans de bit-lit","author":"Jennifer","date":"20 janvier 2021","format":false,"excerpt":"Talen est le premier tome de la saga Dark Protectors de Rebecca Zanetti. Il sort aujourd\u2019hui aux \u00e9ditions Milady, en m\u00eame temps que le tome 2, Dage. Dans cet univers sombre, chaque guerrier a son \u00e2me s\u0153ur, et ces derniers devront se battre contre leurs ennemis jur\u00e9s pour sauver leurs\u2026","rel":"","context":"Dans &quot;Fantastique&quot;","block_context":{"text":"Fantastique","link":"https:\/\/smallthings.fr\/lespetitslivres\/category\/imaginaire\/fantastique\/"},"img":{"alt_text":"","src":"https:\/\/i0.wp.com\/smallthings.fr\/lespetitslivres\/wp-content\/uploads\/2021\/01\/Dark-Protectors-Talen-Rebecca-Zanetti-3.jpg?resize=350%2C200&ssl=1","width":350,"height":200,"srcset":"https:\/\/i0.wp.com\/smallthings.fr\/lespetitslivres\/wp-content\/uploads\/2021\/01\/Dark-Protectors-Talen-Rebecca-Zanetti-3.jpg?resize=350%2C200&ssl=1 1x, https:\/\/i0.wp.com\/smallthings.fr\/lespetitslivres\/wp-content\/uploads\/2021\/01\/Dark-Protectors-Talen-Rebecca-Zanetti-3.jpg?resize=525%2C300&ssl=1 1.5x"},"classes":[]},{"id":32297,"url":"https:\/\/smallthings.fr\/lespetitslivres\/2022\/02\/13\/dark-protectors-zane\/","url_meta":{"origin":32256,"position":1},"title":"Dark Protectors : enfin le livre sur Zane et Janie !","author":"Jennifer","date":"13 f\u00e9vrier 2022","format":false,"excerpt":"La saga Dark Protectors de Rebecca Zanetti fait des \u00e9mules parmi les fans de bitlit depuis la sortie du tout premier tome. Chaque livre apporte un plus \u00e0 l\u2019intrigue g\u00e9n\u00e9rale et nous permet de d\u00e9couvrir des personnages en profondeur. Ce septi\u00e8me tome, sorti le 19 janvier dernier chez les \u00e9ditions\u2026","rel":"","context":"Dans &quot;Fantastique&quot;","block_context":{"text":"Fantastique","link":"https:\/\/smallthings.fr\/lespetitslivres\/category\/imaginaire\/fantastique\/"},"img":{"alt_text":"","src":"https:\/\/i0.wp.com\/smallthings.fr\/lespetitslivres\/wp-content\/uploads\/2022\/02\/Dark-Protectors-Zane-Rebecca-Zanetti-3.jpg?resize=350%2C200&ssl=1","width":350,"height":200,"srcset":"https:\/\/i0.wp.com\/smallthings.fr\/lespetitslivres\/wp-content\/uploads\/2022\/02\/Dark-Protectors-Zane-Rebecca-Zanetti-3.jpg?resize=350%2C200&ssl=1 1x, https:\/\/i0.wp.com\/smallthings.fr\/lespetitslivres\/wp-content\/uploads\/2022\/02\/Dark-Protectors-Zane-Rebecca-Zanetti-3.jpg?resize=525%2C300&ssl=1 1.5x"},"classes":[]},{"id":32231,"url":"https:\/\/smallthings.fr\/lespetitslivres\/2021\/07\/04\/dark-protectors-jordan\/","url_meta":{"origin":32256,"position":2},"title":"Dark Protectors, Jordan, de Rebecca Zanetti","author":"Jennifer","date":"4 juillet 2021","format":false,"excerpt":"Rebecca Zanetti revient avec le quatri\u00e8me tome de la sublime saga bit-lit Dark Protectors\u00a0: Jordan. Sorti fin avril chez les \u00e9ditions Milady, ce nouvel opus met en avant Katie et Jordan qui se cherchent depuis le tome 1, mais qui doivent faire face \u00e0 des \u00e9preuves presque insurmontables. Et si\u2026","rel":"","context":"Dans &quot;Fantastique&quot;","block_context":{"text":"Fantastique","link":"https:\/\/smallthings.fr\/lespetitslivres\/category\/imaginaire\/fantastique\/"},"img":{"alt_text":"","src":"https:\/\/i0.wp.com\/smallthings.fr\/lespetitslivres\/wp-content\/uploads\/2021\/07\/dark-protectors-jordan-rebecca-SZanetti-milady-2.jpg?resize=350%2C200&ssl=1","width":350,"height":200,"srcset":"https:\/\/i0.wp.com\/smallthings.fr\/lespetitslivres\/wp-content\/uploads\/2021\/07\/dark-protectors-jordan-rebecca-SZanetti-milady-2.jpg?resize=350%2C200&ssl=1 1x, https:\/\/i0.wp.com\/smallthings.fr\/lespetitslivres\/wp-content\/uploads\/2021\/07\/dark-protectors-jordan-rebecca-SZanetti-milady-2.jpg?resize=525%2C300&ssl=1 1.5x"},"classes":[]},{"id":32194,"url":"https:\/\/smallthings.fr\/lespetitslivres\/2021\/01\/21\/dark-protectors-dage\/","url_meta":{"origin":32256,"position":3},"title":"Dage, second tome de la saga Dark Protectors","author":"Jennifer","date":"21 janvier 2021","format":false,"excerpt":"Les tomes de la saga Dark Protectors de Rebecca Zanetti s\u2019encha\u00eenent chez les \u00e9ditions Milady\u00a0! Apr\u00e8s Talen, c\u2019est au tour de Dage de devenir le personnage principal. Il va devoir retrouver son \u00e2me s\u0153ur, kidnapp\u00e9e par le clan ennemi, tout en devant lutter contre une nouvelle maladie qui s\u2019attaque aux\u2026","rel":"","context":"Dans &quot;Fantastique&quot;","block_context":{"text":"Fantastique","link":"https:\/\/smallthings.fr\/lespetitslivres\/category\/imaginaire\/fantastique\/"},"img":{"alt_text":"","src":"https:\/\/i0.wp.com\/smallthings.fr\/lespetitslivres\/wp-content\/uploads\/2021\/01\/Darks-protectors-Dage-Rebecca-ZAnetti-3.jpg?resize=350%2C200&ssl=1","width":350,"height":200,"srcset":"https:\/\/i0.wp.com\/smallthings.fr\/lespetitslivres\/wp-content\/uploads\/2021\/01\/Darks-protectors-Dage-Rebecca-ZAnetti-3.jpg?resize=350%2C200&ssl=1 1x, https:\/\/i0.wp.com\/smallthings.fr\/lespetitslivres\/wp-content\/uploads\/2021\/01\/Darks-protectors-Dage-Rebecca-ZAnetti-3.jpg?resize=525%2C300&ssl=1 1.5x"},"classes":[]},{"id":32200,"url":"https:\/\/smallthings.fr\/lespetitslivres\/2021\/02\/14\/dark-protector-conn\/","url_meta":{"origin":32256,"position":4},"title":"Dark Protectors : Conn","author":"Jennifer","date":"14 f\u00e9vrier 2021","format":false,"excerpt":"Conn est le troisi\u00e8me tome de la saga Dark Protectors de Rebecca Zanetti, publi\u00e9e chez les \u00e9ditions Milady. Un volet particuli\u00e8rement bien r\u00e9ussi qui nous fait entrer dans le monde des sorci\u00e8res et de leurs secrets. Apr\u00e8s Talen (chronique ici) et Dage (chronique ici), c\u2019est au tour de Conin de\u2026","rel":"","context":"Dans &quot;Fantastique&quot;","block_context":{"text":"Fantastique","link":"https:\/\/smallthings.fr\/lespetitslivres\/category\/imaginaire\/fantastique\/"},"img":{"alt_text":"","src":"https:\/\/i0.wp.com\/smallthings.fr\/lespetitslivres\/wp-content\/uploads\/2021\/02\/Dark-Protectors-Conin-milady-2.jpg?resize=350%2C200&ssl=1","width":350,"height":200,"srcset":"https:\/\/i0.wp.com\/smallthings.fr\/lespetitslivres\/wp-content\/uploads\/2021\/02\/Dark-Protectors-Conin-milady-2.jpg?resize=350%2C200&ssl=1 1x, https:\/\/i0.wp.com\/smallthings.fr\/lespetitslivres\/wp-content\/uploads\/2021\/02\/Dark-Protectors-Conin-milady-2.jpg?resize=525%2C300&ssl=1 1.5x"},"classes":[]},{"id":32292,"url":"https:\/\/smallthings.fr\/lespetitslivres\/2022\/01\/10\/dark-protectors-jase\/","url_meta":{"origin":32256,"position":5},"title":"Jase, 6\u00e8me tome de la saga \u00e0 succ\u00e8s Dark Protectors","author":"Jennifer","date":"10 janvier 2022","format":false,"excerpt":"Dark Protectors, la saga bit-lit \u00e9crite par Suzanne Wright, encha\u00eene les coups de c\u0153ur des lectrices\u00a0! Le sixi\u00e8me tome met en sc\u00e8ne Jase et est sorti le 20 octobre dernier chez les \u00e9ditions Milady. C\u2019est au tour de notre guerrier enfin sorti des griffes des d\u00e9mons de trouver son \u00e2me\u2026","rel":"","context":"Dans &quot;Fantastique&quot;","block_context":{"text":"Fantastique","link":"https:\/\/smallthings.fr\/lespetitslivres\/category\/imaginaire\/fantastique\/"},"img":{"alt_text":"","src":"https:\/\/i0.wp.com\/smallthings.fr\/lespetitslivres\/wp-content\/uploads\/2022\/01\/dark-protectors-Jase-rebecca-Zanetti-2.jpg?resize=350%2C200&ssl=1","width":350,"height":200,"srcset":"https:\/\/i0.wp.com\/smallthings.fr\/lespetitslivres\/wp-content\/uploads\/2022\/01\/dark-protectors-Jase-rebecca-Zanetti-2.jpg?resize=350%2C200&ssl=1 1x, https:\/\/i0.wp.com\/smallthings.fr\/lespetitslivres\/wp-content\/uploads\/2022\/01\/dark-protectors-Jase-rebecca-Zanetti-2.jpg?resize=525%2C300&ssl=1 1.5x"},"classes":[]}],"_links":{"self":[{"href":"https:\/\/smallthings.fr\/lespetitslivres\/wp-json\/wp\/v2\/posts\/32256"}],"collection":[{"href":"https:\/\/smallthings.fr\/lespetitslivres\/wp-json\/wp\/v2\/posts"}],"about":[{"href":"https:\/\/smallthings.fr\/lespetitslivres\/wp-json\/wp\/v2\/types\/post"}],"author":[{"embeddable":true,"href":"https:\/\/smallthings.fr\/lespetitslivres\/wp-json\/wp\/v2\/users\/14"}],"replies":[{"embeddable":true,"href":"https:\/\/smallthings.fr\/lespetitslivres\/wp-json\/wp\/v2\/comments?post=32256"}],"version-history":[{"count":2,"href":"https:\/\/smallthings.fr\/lespetitslivres\/wp-json\/wp\/v2\/posts\/32256\/revisions"}],"predecessor-version":[{"id":32260,"href":"https:\/\/smallthings.fr\/lespetitslivres\/wp-json\/wp\/v2\/posts\/32256\/revisions\/32260"}],"wp:featuredmedia":[{"embeddable":true,"href":"https:\/\/smallthings.fr\/lespetitslivres\/wp-json\/wp\/v2\/media\/32258"}],"wp:attachment":[{"href":"https:\/\/smallthings.fr\/lespetitslivres\/wp-json\/wp\/v2\/media?parent=32256"}],"wp:term":[{"taxonomy":"category","embeddable":true,"href":"https:\/\/smallthings.fr\/lespetitslivres\/wp-json\/wp\/v2\/categories?post=32256"},{"taxonomy":"post_tag","embeddable":true,"href":"https:\/\/smallthings.fr\/lespetitslivres\/wp-json\/wp\/v2\/tags?post=32256"}],"curies":[{"name":"wp","href":"https:\/\/api.w.org\/{rel}","templated":true}]}}