{"id":32231,"date":"2021-07-04T12:51:02","date_gmt":"2021-07-04T11:51:02","guid":{"rendered":"http:\/\/smallthings.fr\/lespetitslivres\/?p=32231"},"modified":"2021-07-04T13:35:46","modified_gmt":"2021-07-04T12:35:46","slug":"dark-protectors-jordan","status":"publish","type":"post","link":"https:\/\/smallthings.fr\/lespetitslivres\/2021\/07\/04\/dark-protectors-jordan\/","title":{"rendered":"Dark Protectors, Jordan, de Rebecca Zanetti"},"content":{"rendered":"\n<h3 class=\"wp-block-heading\">Rebecca Zanetti revient avec le quatri\u00e8me tome de la sublime saga bit-lit <em>Dark Protector<\/em>s\u00a0: <em>Jordan<\/em>. Sorti fin avril chez les <a rel=\"noreferrer noopener\" href=\"https:\/\/milady.fr\/catalogue\/9782811229641-jordan\/\" target=\"_blank\">\u00e9ditions Milady<\/a>, ce nouvel opus met en avant Katie et Jordan qui se cherchent depuis le tome 1, mais qui doivent faire face \u00e0 des \u00e9preuves presque insurmontables. Et si le seul moyen de sauver l\u2019un d\u2019entre eux serait que l\u2019autre se sacrifie\u00a0?<\/h3>\n\n\n\n<p class=\"has-text-align-center\"><em>Retrouvez mes chroniques des tomes <a href=\"http:\/\/smallthings.fr\/lespetitslivres\/2021\/01\/20\/dark-protectors-talen\/\" target=\"_blank\" rel=\"noreferrer noopener\">1<\/a>, <a href=\"http:\/\/smallthings.fr\/lespetitslivres\/2021\/01\/21\/dark-protectors-dage\/\" target=\"_blank\" rel=\"noreferrer noopener\">2<\/a> et <a href=\"http:\/\/smallthings.fr\/lespetitslivres\/2021\/02\/14\/dark-protector-conin\/\" target=\"_blank\" rel=\"noreferrer noopener\">3<\/a>&nbsp;!<\/em><\/p>\n\n\n\n<p class=\"has-text-align-justify\">Katie est un personnage que j\u2019ai ador\u00e9 d\u00e8s le d\u00e9but de la s\u00e9rie <em>Dark Protectors<\/em>. Elle est courageuse et forte, mais en m\u00eame temps elle manque de confiance en elle. Dans ce quatri\u00e8me tome, <strong>Katie, qui a \u00e9t\u00e9 touch\u00e9e par le virus, ne peut plus se transformer en puma,<\/strong> mais celui-ci lui a donn\u00e9 le pouvoir de localiser les loups-garous. Cette particularit\u00e9 lui permet de faire partie d\u2019une \u00e9quipe qui s\u2019occupe de les exterminer. Elle est fi\u00e8re de pouvoir aider les autres gr\u00e2ce \u00e0 son travail, mais quand Jordan r\u00e9apparait dans sa vie et lui ordonne de tout arr\u00eater, le combat entre les deux \u00e2mes s\u0153urs commence\u2026<\/p>\n\n\n\n<div class=\"wp-block-image\"><figure class=\"alignright size-large is-resized\"><img loading=\"lazy\" decoding=\"async\" data-attachment-id=\"32232\" data-permalink=\"https:\/\/smallthings.fr\/lespetitslivres\/2021\/07\/04\/dark-protectors-jordan\/dark-protectors-jordan-rebecca-szanetti-milady\/\" data-orig-file=\"https:\/\/smallthings.fr\/lespetitslivres\/wp-content\/uploads\/2021\/07\/dark-protectors-jordan-rebecca-SZanetti-milady.jpg\" data-orig-size=\"550,890\" data-comments-opened=\"1\" data-image-meta=\"{&quot;aperture&quot;:&quot;0&quot;,&quot;credit&quot;:&quot;&quot;,&quot;camera&quot;:&quot;&quot;,&quot;caption&quot;:&quot;&quot;,&quot;created_timestamp&quot;:&quot;0&quot;,&quot;copyright&quot;:&quot;&quot;,&quot;focal_length&quot;:&quot;0&quot;,&quot;iso&quot;:&quot;0&quot;,&quot;shutter_speed&quot;:&quot;0&quot;,&quot;title&quot;:&quot;&quot;,&quot;orientation&quot;:&quot;0&quot;}\" data-image-title=\"dark-protectors-jordan-rebecca-SZanetti-milady\" data-image-description=\"\" data-image-caption=\"\" data-medium-file=\"https:\/\/smallthings.fr\/lespetitslivres\/wp-content\/uploads\/2021\/07\/dark-protectors-jordan-rebecca-SZanetti-milady-185x300.jpg\" data-large-file=\"https:\/\/smallthings.fr\/lespetitslivres\/wp-content\/uploads\/2021\/07\/dark-protectors-jordan-rebecca-SZanetti-milady.jpg\" src=\"http:\/\/smallthings.fr\/lespetitslivres\/wp-content\/uploads\/2021\/07\/dark-protectors-jordan-rebecca-SZanetti-milady.jpg\" alt=\"\" class=\"wp-image-32232\" width=\"275\" height=\"445\" srcset=\"https:\/\/smallthings.fr\/lespetitslivres\/wp-content\/uploads\/2021\/07\/dark-protectors-jordan-rebecca-SZanetti-milady.jpg 550w, https:\/\/smallthings.fr\/lespetitslivres\/wp-content\/uploads\/2021\/07\/dark-protectors-jordan-rebecca-SZanetti-milady-185x300.jpg 185w\" sizes=\"(max-width: 275px) 100vw, 275px\" \/><\/figure><\/div>\n\n\n\n<p class=\"has-text-align-justify\"><strong>Retour sur l\u2019origine des loups-garous dans la saga Dark Protectors<\/strong>. Les Kurjans, ennemis mortels des <em>Dark Protectors<\/em>, ont cr\u00e9\u00e9 un virus capable de transformer les m\u00e9tamorphes, des personnes bonnes au d\u00e9part, en loups-garous tueurs de sang froid. Katie doit les rep\u00e9rer et les neutraliser. Bien s\u00fbr, c\u2019est compliquer de devoir s\u2019occuper de ces m\u00e9tamorphes qui n\u2019avaient rien fait de mal \u00e0 l\u2019origine, mais c\u2019est n\u00e9cessaire pour la survie des humains.<\/p>\n\n\n\n<p class=\"has-text-align-justify\">Quand <em>Jordan <\/em>retrouve Katie, il ravive les \u00e9motions de la jeune femme qui est amoureuse de lui depuis toujours. Elle sait qu\u2019elle n\u2019est pas \u00e0 la hauteur, qu\u2019elle ne peut pas devenir la compagne d\u2019un alpha, alors elle fait ce qu\u2019elle peut pour mettre de la distance entre eux. Sauf que <strong>son nouvel ordre de mission arrive en m\u00eame temps que Jordan&nbsp;: c\u2019est lui le nouveau m\u00e9tamorphe infect\u00e9.<\/strong> Dans quelques jours, il deviendra un loup-garou\u2026 Comment le sauver&nbsp;? C\u2019est presque impossible\u2026 \u00e0 moins qu\u2019elle ne devienne sa compagne et, qu\u2019en le liant \u00e0 elle, elle lui transmette cette partie d\u2019elle qui fait qu\u2019elle ne peut pas se transformer&nbsp;? C\u2019est une id\u00e9e qui m\u00e9rite d\u2019\u00eatre test\u00e9e, m\u00eame si cela voudra dire que Katie peut aussi en mourir\u2026 &nbsp;<\/p>\n\n\n\n<p class=\"has-text-align-justify\">Ce quatri\u00e8me tome est s\u00fbrement mon pr\u00e9f\u00e9r\u00e9 de la saga <em>Dark Protectors.<\/em> Les sentiments sont bien plus travaill\u00e9s et les rebondissements sont nombreux. Les personnages sont absolument g\u00e9niaux, on comprend leurs dilemmes, leurs angoisses. Rebecca Zanetti a ajout\u00e9 un \u00e9l\u00e9ment de suspense bien pens\u00e9 gr\u00e2ce \u00e0 l\u2019infection de Jordan. On ne sait vraiment pas comment tout cela va pouvoir se finir et c\u2019est addictif \u00e0 lire&nbsp;! <strong>Amour, peur et sang sont \u00e0 l\u2019honneur dans <em>Jordan<\/em>. J\u2019ai vraiment ador\u00e9 cette histoire qui ne manquait pas de piquant.<\/strong> Katie \u00e9tant mon personnage pr\u00e9f\u00e9r\u00e9e depuis le d\u00e9but, j\u2019avais vraiment h\u00e2te de lire son histoire et je ne suis pas d\u00e9\u00e7ue, loin de l\u00e0.<\/p>\n\n\n\n<p class=\"has-text-align-justify\">En conclusion, <em>Jordan<\/em> est un concentr\u00e9 d\u2019\u00e9motions. L\u2019action est bien pr\u00e9sente, les retournements de situations bien pens\u00e9s et les personnages sont juste parfaits. <strong>Un coup de c\u0153ur. &nbsp;<\/strong><\/p>\n\n\n\n<p><strong><span style=\"text-decoration: underline;\">Extrait<\/span><\/strong>&nbsp;:<\/p>\n\n\n\n<blockquote class=\"wp-block-quote\"><p>Jordan la regarda, un sourcil dress\u00e9, l\u2019air \u00e0 la fois arrogant et contrari\u00e9.<br>&#8211; Je t\u2019avais donn\u00e9 l\u2019ordre de partir t\u2019installer au QG du Royaume apr\u00e8s l\u2019attaque qu\u2019on a subie la semaine derni\u00e8re.<br>Elle inspira \u00e0 fond et regarda droit dans ses yeux fauves. Ce qu\u2019il avait pu lui manquer pendant ces dix derni\u00e8res ann\u00e9es\u2026 Malgr\u00e9 la col\u00e8re d\u00e9bordante qu\u2019elle \u00e9prouvait contre lui, elle aurait tout sacrifi\u00e9 pour pouvoir passer les mains dans sa chevelure \u00e9paisse. [\u2026]<br>&#8211; \u00c7a fait dix ans que je n\u2019ob\u00e9is plus \u00e0 tes ordres. Pars, maintenant.<\/p><\/blockquote>\n\n\n\n<p><\/p>\n","protected":false},"excerpt":{"rendered":"<p>Rebecca Zanetti revient avec le quatri\u00e8me tome de la sublime saga bit-lit Dark Protectors\u00a0: Jordan. Sorti fin avril chez les \u00e9ditions Milady, ce nouvel opus met en avant Katie et Jordan qui se cherchent depuis le tome 1, mais qui doivent faire face \u00e0 des \u00e9preuves presque insurmontables. Et si le seul moyen de sauver<\/p>\n","protected":false},"author":14,"featured_media":32234,"comment_status":"open","ping_status":"open","sticky":false,"template":"","format":"standard","meta":{"jetpack_post_was_ever_published":false,"_jetpack_newsletter_access":"","_jetpack_newsletter_tier_id":0,"footnotes":"","jetpack_publicize_message":"","jetpack_is_tweetstorm":false,"jetpack_publicize_feature_enabled":true,"jetpack_social_post_already_shared":true,"jetpack_social_options":{"image_generator_settings":{"template":"highway","enabled":false}}},"categories":[1107],"tags":[831,2251,2265,805,2252],"jetpack_publicize_connections":[],"yoast_head":"<!-- This site is optimized with the Yoast SEO plugin v21.5 - https:\/\/yoast.com\/wordpress\/plugins\/seo\/ -->\n<title>Dark Protectors, Jordan, de Rebecca Zanetti - Les Petits Livres<\/title>\n<meta name=\"description\" content=\"Rebecca Zanetti revient avec le quatri\u00e8me tome de la sublime saga bit-lit Dark Protectors. Katie et Jordan devront faire face \u00e0 des \u00e9preues insurmontables.\" \/>\n<meta name=\"robots\" content=\"index, follow, max-snippet:-1, max-image-preview:large, max-video-preview:-1\" \/>\n<link rel=\"canonical\" href=\"https:\/\/smallthings.fr\/lespetitslivres\/2021\/07\/04\/dark-protectors-jordan\/\" \/>\n<meta property=\"og:locale\" content=\"fr_FR\" \/>\n<meta property=\"og:type\" content=\"article\" \/>\n<meta property=\"og:title\" content=\"Dark Protectors, Jordan, de Rebecca Zanetti - Les Petits Livres\" \/>\n<meta property=\"og:description\" content=\"Rebecca Zanetti revient avec le quatri\u00e8me tome de la sublime saga bit-lit Dark Protectors. Katie et Jordan devront faire face \u00e0 des \u00e9preues insurmontables.\" \/>\n<meta property=\"og:url\" content=\"https:\/\/smallthings.fr\/lespetitslivres\/2021\/07\/04\/dark-protectors-jordan\/\" \/>\n<meta property=\"og:site_name\" content=\"Les Petits Livres\" \/>\n<meta property=\"article:published_time\" content=\"2021-07-04T11:51:02+00:00\" \/>\n<meta property=\"article:modified_time\" content=\"2021-07-04T12:35:46+00:00\" \/>\n<meta property=\"og:image\" content=\"https:\/\/i0.wp.com\/smallthings.fr\/lespetitslivres\/wp-content\/uploads\/2021\/07\/dark-protectors-jordan-rebecca-SZanetti-milady-2.jpg?fit=550%2C383&ssl=1\" \/>\n\t<meta property=\"og:image:width\" content=\"550\" \/>\n\t<meta property=\"og:image:height\" content=\"383\" \/>\n\t<meta property=\"og:image:type\" content=\"image\/jpeg\" \/>\n<meta name=\"author\" content=\"Jennifer\" \/>\n<meta name=\"twitter:card\" content=\"summary_large_image\" \/>\n<meta name=\"twitter:label1\" content=\"\u00c9crit par\" \/>\n\t<meta name=\"twitter:data1\" content=\"Jennifer\" \/>\n\t<meta name=\"twitter:label2\" content=\"Dur\u00e9e de lecture estim\u00e9e\" \/>\n\t<meta name=\"twitter:data2\" content=\"3 minutes\" \/>\n<script type=\"application\/ld+json\" class=\"yoast-schema-graph\">{\"@context\":\"https:\/\/schema.org\",\"@graph\":[{\"@type\":\"WebPage\",\"@id\":\"https:\/\/smallthings.fr\/lespetitslivres\/2021\/07\/04\/dark-protectors-jordan\/\",\"url\":\"https:\/\/smallthings.fr\/lespetitslivres\/2021\/07\/04\/dark-protectors-jordan\/\",\"name\":\"Dark Protectors, Jordan, de Rebecca Zanetti - Les Petits Livres\",\"isPartOf\":{\"@id\":\"https:\/\/smallthings.fr\/lespetitslivres\/#website\"},\"datePublished\":\"2021-07-04T11:51:02+00:00\",\"dateModified\":\"2021-07-04T12:35:46+00:00\",\"author\":{\"@id\":\"https:\/\/smallthings.fr\/lespetitslivres\/#\/schema\/person\/bb8808220f912e72f01f7a55924d9ad1\"},\"description\":\"Rebecca Zanetti revient avec le quatri\u00e8me tome de la sublime saga bit-lit Dark Protectors. Katie et Jordan devront faire face \u00e0 des \u00e9preues insurmontables.\",\"breadcrumb\":{\"@id\":\"https:\/\/smallthings.fr\/lespetitslivres\/2021\/07\/04\/dark-protectors-jordan\/#breadcrumb\"},\"inLanguage\":\"fr-FR\",\"potentialAction\":[{\"@type\":\"ReadAction\",\"target\":[\"https:\/\/smallthings.fr\/lespetitslivres\/2021\/07\/04\/dark-protectors-jordan\/\"]}]},{\"@type\":\"BreadcrumbList\",\"@id\":\"https:\/\/smallthings.fr\/lespetitslivres\/2021\/07\/04\/dark-protectors-jordan\/#breadcrumb\",\"itemListElement\":[{\"@type\":\"ListItem\",\"position\":1,\"name\":\"Accueil\",\"item\":\"https:\/\/smallthings.fr\/lespetitslivres\/\"},{\"@type\":\"ListItem\",\"position\":2,\"name\":\"Dark Protectors, Jordan, de Rebecca Zanetti\"}]},{\"@type\":\"WebSite\",\"@id\":\"https:\/\/smallthings.fr\/lespetitslivres\/#website\",\"url\":\"https:\/\/smallthings.fr\/lespetitslivres\/\",\"name\":\"Les Petits Livres\",\"description\":\"by Small Things\",\"potentialAction\":[{\"@type\":\"SearchAction\",\"target\":{\"@type\":\"EntryPoint\",\"urlTemplate\":\"https:\/\/smallthings.fr\/lespetitslivres\/?s={search_term_string}\"},\"query-input\":\"required name=search_term_string\"}],\"inLanguage\":\"fr-FR\"},{\"@type\":\"Person\",\"@id\":\"https:\/\/smallthings.fr\/lespetitslivres\/#\/schema\/person\/bb8808220f912e72f01f7a55924d9ad1\",\"name\":\"Jennifer\",\"image\":{\"@type\":\"ImageObject\",\"inLanguage\":\"fr-FR\",\"@id\":\"https:\/\/smallthings.fr\/lespetitslivres\/#\/schema\/person\/image\/\",\"url\":\"https:\/\/secure.gravatar.com\/avatar\/ffcd6b107b6b18c3d5201f1bcc631683?s=96&d=retro&r=g\",\"contentUrl\":\"https:\/\/secure.gravatar.com\/avatar\/ffcd6b107b6b18c3d5201f1bcc631683?s=96&d=retro&r=g\",\"caption\":\"Jennifer\"},\"url\":\"https:\/\/smallthings.fr\/lespetitslivres\/author\/jennifer\/\"}]}<\/script>\n<!-- \/ Yoast SEO plugin. -->","yoast_head_json":{"title":"Dark Protectors, Jordan, de Rebecca Zanetti - Les Petits Livres","description":"Rebecca Zanetti revient avec le quatri\u00e8me tome de la sublime saga bit-lit Dark Protectors. Katie et Jordan devront faire face \u00e0 des \u00e9preues insurmontables.","robots":{"index":"index","follow":"follow","max-snippet":"max-snippet:-1","max-image-preview":"max-image-preview:large","max-video-preview":"max-video-preview:-1"},"canonical":"https:\/\/smallthings.fr\/lespetitslivres\/2021\/07\/04\/dark-protectors-jordan\/","og_locale":"fr_FR","og_type":"article","og_title":"Dark Protectors, Jordan, de Rebecca Zanetti - Les Petits Livres","og_description":"Rebecca Zanetti revient avec le quatri\u00e8me tome de la sublime saga bit-lit Dark Protectors. Katie et Jordan devront faire face \u00e0 des \u00e9preues insurmontables.","og_url":"https:\/\/smallthings.fr\/lespetitslivres\/2021\/07\/04\/dark-protectors-jordan\/","og_site_name":"Les Petits Livres","article_published_time":"2021-07-04T11:51:02+00:00","article_modified_time":"2021-07-04T12:35:46+00:00","og_image":[{"width":550,"height":383,"url":"https:\/\/i0.wp.com\/smallthings.fr\/lespetitslivres\/wp-content\/uploads\/2021\/07\/dark-protectors-jordan-rebecca-SZanetti-milady-2.jpg?fit=550%2C383&ssl=1","type":"image\/jpeg"}],"author":"Jennifer","twitter_card":"summary_large_image","twitter_misc":{"\u00c9crit par":"Jennifer","Dur\u00e9e de lecture estim\u00e9e":"3 minutes"},"schema":{"@context":"https:\/\/schema.org","@graph":[{"@type":"WebPage","@id":"https:\/\/smallthings.fr\/lespetitslivres\/2021\/07\/04\/dark-protectors-jordan\/","url":"https:\/\/smallthings.fr\/lespetitslivres\/2021\/07\/04\/dark-protectors-jordan\/","name":"Dark Protectors, Jordan, de Rebecca Zanetti - Les Petits Livres","isPartOf":{"@id":"https:\/\/smallthings.fr\/lespetitslivres\/#website"},"datePublished":"2021-07-04T11:51:02+00:00","dateModified":"2021-07-04T12:35:46+00:00","author":{"@id":"https:\/\/smallthings.fr\/lespetitslivres\/#\/schema\/person\/bb8808220f912e72f01f7a55924d9ad1"},"description":"Rebecca Zanetti revient avec le quatri\u00e8me tome de la sublime saga bit-lit Dark Protectors. Katie et Jordan devront faire face \u00e0 des \u00e9preues insurmontables.","breadcrumb":{"@id":"https:\/\/smallthings.fr\/lespetitslivres\/2021\/07\/04\/dark-protectors-jordan\/#breadcrumb"},"inLanguage":"fr-FR","potentialAction":[{"@type":"ReadAction","target":["https:\/\/smallthings.fr\/lespetitslivres\/2021\/07\/04\/dark-protectors-jordan\/"]}]},{"@type":"BreadcrumbList","@id":"https:\/\/smallthings.fr\/lespetitslivres\/2021\/07\/04\/dark-protectors-jordan\/#breadcrumb","itemListElement":[{"@type":"ListItem","position":1,"name":"Accueil","item":"https:\/\/smallthings.fr\/lespetitslivres\/"},{"@type":"ListItem","position":2,"name":"Dark Protectors, Jordan, de Rebecca Zanetti"}]},{"@type":"WebSite","@id":"https:\/\/smallthings.fr\/lespetitslivres\/#website","url":"https:\/\/smallthings.fr\/lespetitslivres\/","name":"Les Petits Livres","description":"by Small Things","potentialAction":[{"@type":"SearchAction","target":{"@type":"EntryPoint","urlTemplate":"https:\/\/smallthings.fr\/lespetitslivres\/?s={search_term_string}"},"query-input":"required name=search_term_string"}],"inLanguage":"fr-FR"},{"@type":"Person","@id":"https:\/\/smallthings.fr\/lespetitslivres\/#\/schema\/person\/bb8808220f912e72f01f7a55924d9ad1","name":"Jennifer","image":{"@type":"ImageObject","inLanguage":"fr-FR","@id":"https:\/\/smallthings.fr\/lespetitslivres\/#\/schema\/person\/image\/","url":"https:\/\/secure.gravatar.com\/avatar\/ffcd6b107b6b18c3d5201f1bcc631683?s=96&d=retro&r=g","contentUrl":"https:\/\/secure.gravatar.com\/avatar\/ffcd6b107b6b18c3d5201f1bcc631683?s=96&d=retro&r=g","caption":"Jennifer"},"url":"https:\/\/smallthings.fr\/lespetitslivres\/author\/jennifer\/"}]}},"jetpack_featured_media_url":"https:\/\/smallthings.fr\/lespetitslivres\/wp-content\/uploads\/2021\/07\/dark-protectors-jordan-rebecca-SZanetti-milady-2.jpg","jetpack_sharing_enabled":true,"jetpack_shortlink":"https:\/\/wp.me\/p6Un21-8nR","jetpack-related-posts":[{"id":32256,"url":"https:\/\/smallthings.fr\/lespetitslivres\/2021\/08\/04\/dark-protectors-kane-rebecca-zanetti\/","url_meta":{"origin":32231,"position":0},"title":"Dark Protectors, Kane, de Rebecca Zanetti","author":"Jennifer","date":"4 ao\u00fbt 2021","format":false,"excerpt":"Kane est le cinqui\u00e8me tome de la saga bit-lit Dark Protectors de Rebecca Zanetti. Sorti le 7 juillet dernier chez les \u00e9ditions Milady, ce volet \u00e9tait attendu avec impatience par les fans des fr\u00e8res vampires. En effet, Kane est un personnage tr\u00e8s int\u00e9ressant. Plut\u00f4t casanier, il va devoir accomplir une\u2026","rel":"","context":"Dans &quot;Fantastique&quot;","block_context":{"text":"Fantastique","link":"https:\/\/smallthings.fr\/lespetitslivres\/category\/imaginaire\/fantastique\/"},"img":{"alt_text":"","src":"https:\/\/i0.wp.com\/smallthings.fr\/lespetitslivres\/wp-content\/uploads\/2021\/08\/Dark-Protectors-Kane-Rebecca-Zanetti-2.jpg?resize=350%2C200&ssl=1","width":350,"height":200,"srcset":"https:\/\/i0.wp.com\/smallthings.fr\/lespetitslivres\/wp-content\/uploads\/2021\/08\/Dark-Protectors-Kane-Rebecca-Zanetti-2.jpg?resize=350%2C200&ssl=1 1x, https:\/\/i0.wp.com\/smallthings.fr\/lespetitslivres\/wp-content\/uploads\/2021\/08\/Dark-Protectors-Kane-Rebecca-Zanetti-2.jpg?resize=525%2C300&ssl=1 1.5x"},"classes":[]},{"id":32187,"url":"https:\/\/smallthings.fr\/lespetitslivres\/2021\/01\/20\/dark-protectors-talen\/","url_meta":{"origin":32231,"position":1},"title":"Dark Protectors, la nouvelle s\u00e9rie pour les fans de bit-lit","author":"Jennifer","date":"20 janvier 2021","format":false,"excerpt":"Talen est le premier tome de la saga Dark Protectors de Rebecca Zanetti. Il sort aujourd\u2019hui aux \u00e9ditions Milady, en m\u00eame temps que le tome 2, Dage. Dans cet univers sombre, chaque guerrier a son \u00e2me s\u0153ur, et ces derniers devront se battre contre leurs ennemis jur\u00e9s pour sauver leurs\u2026","rel":"","context":"Dans &quot;Fantastique&quot;","block_context":{"text":"Fantastique","link":"https:\/\/smallthings.fr\/lespetitslivres\/category\/imaginaire\/fantastique\/"},"img":{"alt_text":"","src":"https:\/\/i0.wp.com\/smallthings.fr\/lespetitslivres\/wp-content\/uploads\/2021\/01\/Dark-Protectors-Talen-Rebecca-Zanetti-3.jpg?resize=350%2C200&ssl=1","width":350,"height":200,"srcset":"https:\/\/i0.wp.com\/smallthings.fr\/lespetitslivres\/wp-content\/uploads\/2021\/01\/Dark-Protectors-Talen-Rebecca-Zanetti-3.jpg?resize=350%2C200&ssl=1 1x, https:\/\/i0.wp.com\/smallthings.fr\/lespetitslivres\/wp-content\/uploads\/2021\/01\/Dark-Protectors-Talen-Rebecca-Zanetti-3.jpg?resize=525%2C300&ssl=1 1.5x"},"classes":[]},{"id":32297,"url":"https:\/\/smallthings.fr\/lespetitslivres\/2022\/02\/13\/dark-protectors-zane\/","url_meta":{"origin":32231,"position":2},"title":"Dark Protectors : enfin le livre sur Zane et Janie !","author":"Jennifer","date":"13 f\u00e9vrier 2022","format":false,"excerpt":"La saga Dark Protectors de Rebecca Zanetti fait des \u00e9mules parmi les fans de bitlit depuis la sortie du tout premier tome. Chaque livre apporte un plus \u00e0 l\u2019intrigue g\u00e9n\u00e9rale et nous permet de d\u00e9couvrir des personnages en profondeur. Ce septi\u00e8me tome, sorti le 19 janvier dernier chez les \u00e9ditions\u2026","rel":"","context":"Dans &quot;Fantastique&quot;","block_context":{"text":"Fantastique","link":"https:\/\/smallthings.fr\/lespetitslivres\/category\/imaginaire\/fantastique\/"},"img":{"alt_text":"","src":"https:\/\/i0.wp.com\/smallthings.fr\/lespetitslivres\/wp-content\/uploads\/2022\/02\/Dark-Protectors-Zane-Rebecca-Zanetti-3.jpg?resize=350%2C200&ssl=1","width":350,"height":200,"srcset":"https:\/\/i0.wp.com\/smallthings.fr\/lespetitslivres\/wp-content\/uploads\/2022\/02\/Dark-Protectors-Zane-Rebecca-Zanetti-3.jpg?resize=350%2C200&ssl=1 1x, https:\/\/i0.wp.com\/smallthings.fr\/lespetitslivres\/wp-content\/uploads\/2022\/02\/Dark-Protectors-Zane-Rebecca-Zanetti-3.jpg?resize=525%2C300&ssl=1 1.5x"},"classes":[]},{"id":32194,"url":"https:\/\/smallthings.fr\/lespetitslivres\/2021\/01\/21\/dark-protectors-dage\/","url_meta":{"origin":32231,"position":3},"title":"Dage, second tome de la saga Dark Protectors","author":"Jennifer","date":"21 janvier 2021","format":false,"excerpt":"Les tomes de la saga Dark Protectors de Rebecca Zanetti s\u2019encha\u00eenent chez les \u00e9ditions Milady\u00a0! Apr\u00e8s Talen, c\u2019est au tour de Dage de devenir le personnage principal. Il va devoir retrouver son \u00e2me s\u0153ur, kidnapp\u00e9e par le clan ennemi, tout en devant lutter contre une nouvelle maladie qui s\u2019attaque aux\u2026","rel":"","context":"Dans &quot;Fantastique&quot;","block_context":{"text":"Fantastique","link":"https:\/\/smallthings.fr\/lespetitslivres\/category\/imaginaire\/fantastique\/"},"img":{"alt_text":"","src":"https:\/\/i0.wp.com\/smallthings.fr\/lespetitslivres\/wp-content\/uploads\/2021\/01\/Darks-protectors-Dage-Rebecca-ZAnetti-3.jpg?resize=350%2C200&ssl=1","width":350,"height":200,"srcset":"https:\/\/i0.wp.com\/smallthings.fr\/lespetitslivres\/wp-content\/uploads\/2021\/01\/Darks-protectors-Dage-Rebecca-ZAnetti-3.jpg?resize=350%2C200&ssl=1 1x, https:\/\/i0.wp.com\/smallthings.fr\/lespetitslivres\/wp-content\/uploads\/2021\/01\/Darks-protectors-Dage-Rebecca-ZAnetti-3.jpg?resize=525%2C300&ssl=1 1.5x"},"classes":[]},{"id":32200,"url":"https:\/\/smallthings.fr\/lespetitslivres\/2021\/02\/14\/dark-protector-conn\/","url_meta":{"origin":32231,"position":4},"title":"Dark Protectors : Conn","author":"Jennifer","date":"14 f\u00e9vrier 2021","format":false,"excerpt":"Conn est le troisi\u00e8me tome de la saga Dark Protectors de Rebecca Zanetti, publi\u00e9e chez les \u00e9ditions Milady. Un volet particuli\u00e8rement bien r\u00e9ussi qui nous fait entrer dans le monde des sorci\u00e8res et de leurs secrets. Apr\u00e8s Talen (chronique ici) et Dage (chronique ici), c\u2019est au tour de Conin de\u2026","rel":"","context":"Dans &quot;Fantastique&quot;","block_context":{"text":"Fantastique","link":"https:\/\/smallthings.fr\/lespetitslivres\/category\/imaginaire\/fantastique\/"},"img":{"alt_text":"","src":"https:\/\/i0.wp.com\/smallthings.fr\/lespetitslivres\/wp-content\/uploads\/2021\/02\/Dark-Protectors-Conin-milady-2.jpg?resize=350%2C200&ssl=1","width":350,"height":200,"srcset":"https:\/\/i0.wp.com\/smallthings.fr\/lespetitslivres\/wp-content\/uploads\/2021\/02\/Dark-Protectors-Conin-milady-2.jpg?resize=350%2C200&ssl=1 1x, https:\/\/i0.wp.com\/smallthings.fr\/lespetitslivres\/wp-content\/uploads\/2021\/02\/Dark-Protectors-Conin-milady-2.jpg?resize=525%2C300&ssl=1 1.5x"},"classes":[]},{"id":32292,"url":"https:\/\/smallthings.fr\/lespetitslivres\/2022\/01\/10\/dark-protectors-jase\/","url_meta":{"origin":32231,"position":5},"title":"Jase, 6\u00e8me tome de la saga \u00e0 succ\u00e8s Dark Protectors","author":"Jennifer","date":"10 janvier 2022","format":false,"excerpt":"Dark Protectors, la saga bit-lit \u00e9crite par Suzanne Wright, encha\u00eene les coups de c\u0153ur des lectrices\u00a0! Le sixi\u00e8me tome met en sc\u00e8ne Jase et est sorti le 20 octobre dernier chez les \u00e9ditions Milady. C\u2019est au tour de notre guerrier enfin sorti des griffes des d\u00e9mons de trouver son \u00e2me\u2026","rel":"","context":"Dans &quot;Fantastique&quot;","block_context":{"text":"Fantastique","link":"https:\/\/smallthings.fr\/lespetitslivres\/category\/imaginaire\/fantastique\/"},"img":{"alt_text":"","src":"https:\/\/i0.wp.com\/smallthings.fr\/lespetitslivres\/wp-content\/uploads\/2022\/01\/dark-protectors-Jase-rebecca-Zanetti-2.jpg?resize=350%2C200&ssl=1","width":350,"height":200,"srcset":"https:\/\/i0.wp.com\/smallthings.fr\/lespetitslivres\/wp-content\/uploads\/2022\/01\/dark-protectors-Jase-rebecca-Zanetti-2.jpg?resize=350%2C200&ssl=1 1x, https:\/\/i0.wp.com\/smallthings.fr\/lespetitslivres\/wp-content\/uploads\/2022\/01\/dark-protectors-Jase-rebecca-Zanetti-2.jpg?resize=525%2C300&ssl=1 1.5x"},"classes":[]}],"_links":{"self":[{"href":"https:\/\/smallthings.fr\/lespetitslivres\/wp-json\/wp\/v2\/posts\/32231"}],"collection":[{"href":"https:\/\/smallthings.fr\/lespetitslivres\/wp-json\/wp\/v2\/posts"}],"about":[{"href":"https:\/\/smallthings.fr\/lespetitslivres\/wp-json\/wp\/v2\/types\/post"}],"author":[{"embeddable":true,"href":"https:\/\/smallthings.fr\/lespetitslivres\/wp-json\/wp\/v2\/users\/14"}],"replies":[{"embeddable":true,"href":"https:\/\/smallthings.fr\/lespetitslivres\/wp-json\/wp\/v2\/comments?post=32231"}],"version-history":[{"count":3,"href":"https:\/\/smallthings.fr\/lespetitslivres\/wp-json\/wp\/v2\/posts\/32231\/revisions"}],"predecessor-version":[{"id":32242,"href":"https:\/\/smallthings.fr\/lespetitslivres\/wp-json\/wp\/v2\/posts\/32231\/revisions\/32242"}],"wp:featuredmedia":[{"embeddable":true,"href":"https:\/\/smallthings.fr\/lespetitslivres\/wp-json\/wp\/v2\/media\/32234"}],"wp:attachment":[{"href":"https:\/\/smallthings.fr\/lespetitslivres\/wp-json\/wp\/v2\/media?parent=32231"}],"wp:term":[{"taxonomy":"category","embeddable":true,"href":"https:\/\/smallthings.fr\/lespetitslivres\/wp-json\/wp\/v2\/categories?post=32231"},{"taxonomy":"post_tag","embeddable":true,"href":"https:\/\/smallthings.fr\/lespetitslivres\/wp-json\/wp\/v2\/tags?post=32231"}],"curies":[{"name":"wp","href":"https:\/\/api.w.org\/{rel}","templated":true}]}}