{"id":32200,"date":"2021-02-14T14:32:11","date_gmt":"2021-02-14T13:32:11","guid":{"rendered":"http:\/\/smallthings.fr\/lespetitslivres\/?p=32200"},"modified":"2021-07-04T13:52:23","modified_gmt":"2021-07-04T12:52:23","slug":"dark-protector-conn","status":"publish","type":"post","link":"https:\/\/smallthings.fr\/lespetitslivres\/2021\/02\/14\/dark-protector-conn\/","title":{"rendered":"Dark Protectors : Conn"},"content":{"rendered":"\n<h3 class=\"wp-block-heading\">Conn est le troisi\u00e8me tome de la saga Dark Protectors de Rebecca Zanetti, publi\u00e9e chez les \u00e9ditions <a rel=\"noreferrer noopener\" href=\"https:\/\/milady.fr\/catalogue\/9782811236472-conn\/\" target=\"_blank\">Milady<\/a>. Un volet particuli\u00e8rement bien r\u00e9ussi qui nous fait entrer dans le monde des sorci\u00e8res et de leurs secrets.<\/h3>\n\n\n\n<p class=\"has-text-align-justify\">Apr\u00e8s Talen (chronique <strong><span style=\"text-decoration: underline;\">ici<\/span><\/strong>) et Dage (chronique <strong><span style=\"text-decoration: underline;\">ici<\/span><\/strong>), c\u2019est au tour de Conin de faire son entr\u00e9e. J\u2019avais tellement h\u00e2te de lire son histoire&nbsp;! Apr\u00e8s avoir rencontr\u00e9 son \u00e2me s\u0153ur Moira dans le tome 2, je m\u2019attendais \u00e0 des retrouvailles explosives et c\u2019est exactement ce que j\u2019ai eu&nbsp;!<\/p>\n\n\n\n<div class=\"wp-block-image\"><figure class=\"alignright size-large is-resized\"><img loading=\"lazy\" decoding=\"async\" data-attachment-id=\"32201\" data-permalink=\"https:\/\/smallthings.fr\/lespetitslivres\/2021\/02\/14\/dark-protector-conn\/dark-protectors-conin-milady\/\" data-orig-file=\"https:\/\/smallthings.fr\/lespetitslivres\/wp-content\/uploads\/2021\/02\/Dark-Protectors-Conin-milady.jpg\" data-orig-size=\"550,890\" data-comments-opened=\"1\" data-image-meta=\"{&quot;aperture&quot;:&quot;0&quot;,&quot;credit&quot;:&quot;&quot;,&quot;camera&quot;:&quot;&quot;,&quot;caption&quot;:&quot;&quot;,&quot;created_timestamp&quot;:&quot;0&quot;,&quot;copyright&quot;:&quot;&quot;,&quot;focal_length&quot;:&quot;0&quot;,&quot;iso&quot;:&quot;0&quot;,&quot;shutter_speed&quot;:&quot;0&quot;,&quot;title&quot;:&quot;&quot;,&quot;orientation&quot;:&quot;0&quot;}\" data-image-title=\"Dark-Protectors-Conin-milady\" data-image-description=\"\" data-image-caption=\"\" data-medium-file=\"https:\/\/smallthings.fr\/lespetitslivres\/wp-content\/uploads\/2021\/02\/Dark-Protectors-Conin-milady-185x300.jpg\" data-large-file=\"https:\/\/smallthings.fr\/lespetitslivres\/wp-content\/uploads\/2021\/02\/Dark-Protectors-Conin-milady.jpg\" src=\"http:\/\/smallthings.fr\/lespetitslivres\/wp-content\/uploads\/2021\/02\/Dark-Protectors-Conin-milady.jpg\" alt=\"\" class=\"wp-image-32201\" width=\"275\" height=\"445\" srcset=\"https:\/\/smallthings.fr\/lespetitslivres\/wp-content\/uploads\/2021\/02\/Dark-Protectors-Conin-milady.jpg 550w, https:\/\/smallthings.fr\/lespetitslivres\/wp-content\/uploads\/2021\/02\/Dark-Protectors-Conin-milady-185x300.jpg 185w\" sizes=\"(max-width: 275px) 100vw, 275px\" \/><\/figure><\/div>\n\n\n\n<p class=\"has-text-align-justify\">Moira est une sorci\u00e8re tr\u00e8s puissante car septi\u00e8me fille d\u2019une septi\u00e8me fille. Elle peut manipuler le temps et l\u2019espace, mais il lui est impossible de r\u00e9sister au charme de son amant Conn, qu\u2019elle n\u2019a pourtant pas vu depuis cent ans. Pourquoi autant de temps\u00a0? Parce que Conn a promis au Cercle (les plus puissantes sorci\u00e8res) de lui laisser ce d\u00e9lai pour devenir la sorci\u00e8re incroyable qu\u2019elle est devenue. Mais il est maintenant l\u2019heure de r\u00e9clamer son d\u00fb et si Moira n\u2019est pas aussi emball\u00e9e que lui, c\u2019est peut-\u00eatre parce qu\u2019elle a eu le sentiment, cent ans plus t\u00f4t, que Conn \u00e9tait ravi de se d\u00e9barrasser d\u2019elle.<\/p>\n\n\n\n<p class=\"has-text-align-justify\">Nous voil\u00e0 donc en Irlande, pays de Moira, avec un Conn qui a profit\u00e9 de ces derni\u00e8res ann\u00e9es pour apprendre la magie et avoir ainsi une chance de se battre contre\/pour sa sorci\u00e8re. Si les tourtereaux se chamaillent rapidement, <strong>ils sont interrompus par une cr\u00e9ature surpuissante qui tente d\u2019enlever la sorci\u00e8re \u00e0 travers un gigantesque tourbillon. <\/strong>Ils arrivent tant bien que mal \u00e0 en r\u00e9chapper, mais ce ne sera pas le cas de tout le monde. D\u2019autres sorci\u00e8res sont enlev\u00e9es et les vampires vont devoir lier leurs forces au Cercle pour comprendre ce qu\u2019il se passe. Autre gros souci\u00a0: les sorci\u00e8res veulent quitter le Royaume et peut-\u00eatre m\u00eame lui d\u00e9clarer la guerre. Comment les forcer \u00e0 changer de position ?<\/p>\n\n\n\n<p class=\"has-text-align-justify\">Les intrigues sont encore plus int\u00e9ressantes dans ce tome, d\u2019autant <strong>plus qu\u2019on voit plus de magie, plus de traitrise, plus d\u2019action.<\/strong> Les pages d\u00e9filent vite et on d\u00e9vore ce roman en quelques heures. Si l\u2019histoire \u00e9tait assez simple entre les deux premiers couples, j\u2019ai appr\u00e9ci\u00e9 que ce tome soit plus complexe. Le virus est toujours pr\u00e9sent, mais il prend un place moins importante pour nous faire entrer dans le monde de la politique magique. Captivant&nbsp;!<\/p>\n\n\n\n<p class=\"has-text-align-justify\">L\u2019\u00e9criture de Rebecca Zanetti est toujours aussi fluide, ses personnages toujours aussi attachants et ses histoires toujours captivantes&nbsp;! <strong><em>Dark Protectors<\/em> est une bonne saga bit-lit avec de l\u2019action, du suspense et de l\u2019\u00e9rotisme.<\/strong><\/p>\n\n\n\n<p><span style=\"text-decoration: underline;\">Extrait<\/span>&nbsp;:<\/p>\n\n\n\n<blockquote class=\"wp-block-quote\"><p>&#8211; Allons chez toi, Moira.&nbsp; [\u2026]<br>&#8211; Mauvaise id\u00e9e, Conn.<br>&#8211; Pourquoi&nbsp;?<br>Parce que je ne sais pas quoi faire&nbsp;!<br>&#8211; Je ne veux pas, dit-elle en baissant la t\u00eate.<br>Les yeux de Conn s\u2019adoucirent et elle comprit qu\u2019il n\u2019\u00e9tait pas dupe.<br>&#8211; Menteuse.<br>Soudain, il fixa un point derri\u00e8re elle et fron\u00e7a les sourcils.<br>&#8211; Quoi&nbsp;?<br>Elle le l\u00e2cha et sentit un \u00e9trange picotement le long du cou. L\u2019air s\u2019\u00e9lectrifia et elle sentit sa peau chauffer. La mati\u00e8re se modifia et l\u2019\u00e9nergie se mit \u00e0 cr\u00e9piter. Dans un grand bouillonnement d\u2019oxyg\u00e8ne, un passage s\u2019ouvrit.<br>&#8211; Conn&#8230;<br>Des griffes invisibles s\u2019enfonc\u00e8rent dans sa char et l\u2019arrach\u00e8rent aux bras du vampire.<\/p><\/blockquote>\n","protected":false},"excerpt":{"rendered":"<p>Conn est le troisi\u00e8me tome de la saga Dark Protectors de Rebecca Zanetti, publi\u00e9e chez les \u00e9ditions Milady. Un volet particuli\u00e8rement bien r\u00e9ussi qui nous fait entrer dans le monde des sorci\u00e8res et de leurs secrets. Apr\u00e8s Talen (chronique ici) et Dage (chronique ici), c\u2019est au tour de Conin de faire son entr\u00e9e. J\u2019avais tellement<\/p>\n","protected":false},"author":14,"featured_media":32204,"comment_status":"open","ping_status":"open","sticky":false,"template":"","format":"standard","meta":{"jetpack_post_was_ever_published":false,"_jetpack_newsletter_access":"","_jetpack_newsletter_tier_id":0,"footnotes":"","jetpack_publicize_message":"","jetpack_is_tweetstorm":false,"jetpack_publicize_feature_enabled":true,"jetpack_social_post_already_shared":true,"jetpack_social_options":{"image_generator_settings":{"template":"highway","enabled":false}}},"categories":[1107],"tags":[831,2258,2257,805,2252],"jetpack_publicize_connections":[],"yoast_head":"<!-- This site is optimized with the Yoast SEO plugin v21.5 - https:\/\/yoast.com\/wordpress\/plugins\/seo\/ -->\n<title>Dark Protectors : Conn - Les Petits Livres<\/title>\n<meta name=\"description\" content=\"Dark Protectors - Conn : Un volet particuli\u00e8rement bien r\u00e9ussi qui nous fait entrer dans le monde des sorci\u00e8res et de leurs secrets.\" \/>\n<meta name=\"robots\" content=\"index, follow, max-snippet:-1, max-image-preview:large, max-video-preview:-1\" \/>\n<link rel=\"canonical\" href=\"https:\/\/smallthings.fr\/lespetitslivres\/2021\/02\/14\/dark-protector-conn\/\" \/>\n<meta property=\"og:locale\" content=\"fr_FR\" \/>\n<meta property=\"og:type\" content=\"article\" \/>\n<meta property=\"og:title\" content=\"Dark Protectors : Conn - Les Petits Livres\" \/>\n<meta property=\"og:description\" content=\"Dark Protectors - Conn : Un volet particuli\u00e8rement bien r\u00e9ussi qui nous fait entrer dans le monde des sorci\u00e8res et de leurs secrets.\" \/>\n<meta property=\"og:url\" content=\"https:\/\/smallthings.fr\/lespetitslivres\/2021\/02\/14\/dark-protector-conn\/\" \/>\n<meta property=\"og:site_name\" content=\"Les Petits Livres\" \/>\n<meta property=\"article:published_time\" content=\"2021-02-14T13:32:11+00:00\" \/>\n<meta property=\"article:modified_time\" content=\"2021-07-04T12:52:23+00:00\" \/>\n<meta property=\"og:image\" content=\"https:\/\/i0.wp.com\/smallthings.fr\/lespetitslivres\/wp-content\/uploads\/2021\/02\/Dark-Protectors-Conin-milady-2.jpg?fit=530%2C370&ssl=1\" \/>\n\t<meta property=\"og:image:width\" content=\"530\" \/>\n\t<meta property=\"og:image:height\" content=\"370\" \/>\n\t<meta property=\"og:image:type\" content=\"image\/jpeg\" \/>\n<meta name=\"author\" content=\"Jennifer\" \/>\n<meta name=\"twitter:card\" content=\"summary_large_image\" \/>\n<meta name=\"twitter:label1\" content=\"\u00c9crit par\" \/>\n\t<meta name=\"twitter:data1\" content=\"Jennifer\" \/>\n\t<meta name=\"twitter:label2\" content=\"Dur\u00e9e de lecture estim\u00e9e\" \/>\n\t<meta name=\"twitter:data2\" content=\"3 minutes\" \/>\n<script type=\"application\/ld+json\" class=\"yoast-schema-graph\">{\"@context\":\"https:\/\/schema.org\",\"@graph\":[{\"@type\":\"WebPage\",\"@id\":\"https:\/\/smallthings.fr\/lespetitslivres\/2021\/02\/14\/dark-protector-conn\/\",\"url\":\"https:\/\/smallthings.fr\/lespetitslivres\/2021\/02\/14\/dark-protector-conn\/\",\"name\":\"Dark Protectors : Conn - Les Petits Livres\",\"isPartOf\":{\"@id\":\"https:\/\/smallthings.fr\/lespetitslivres\/#website\"},\"datePublished\":\"2021-02-14T13:32:11+00:00\",\"dateModified\":\"2021-07-04T12:52:23+00:00\",\"author\":{\"@id\":\"https:\/\/smallthings.fr\/lespetitslivres\/#\/schema\/person\/bb8808220f912e72f01f7a55924d9ad1\"},\"description\":\"Dark Protectors - Conn : Un volet particuli\u00e8rement bien r\u00e9ussi qui nous fait entrer dans le monde des sorci\u00e8res et de leurs secrets.\",\"breadcrumb\":{\"@id\":\"https:\/\/smallthings.fr\/lespetitslivres\/2021\/02\/14\/dark-protector-conn\/#breadcrumb\"},\"inLanguage\":\"fr-FR\",\"potentialAction\":[{\"@type\":\"ReadAction\",\"target\":[\"https:\/\/smallthings.fr\/lespetitslivres\/2021\/02\/14\/dark-protector-conn\/\"]}]},{\"@type\":\"BreadcrumbList\",\"@id\":\"https:\/\/smallthings.fr\/lespetitslivres\/2021\/02\/14\/dark-protector-conn\/#breadcrumb\",\"itemListElement\":[{\"@type\":\"ListItem\",\"position\":1,\"name\":\"Accueil\",\"item\":\"https:\/\/smallthings.fr\/lespetitslivres\/\"},{\"@type\":\"ListItem\",\"position\":2,\"name\":\"Dark Protectors : Conn\"}]},{\"@type\":\"WebSite\",\"@id\":\"https:\/\/smallthings.fr\/lespetitslivres\/#website\",\"url\":\"https:\/\/smallthings.fr\/lespetitslivres\/\",\"name\":\"Les Petits Livres\",\"description\":\"by Small Things\",\"potentialAction\":[{\"@type\":\"SearchAction\",\"target\":{\"@type\":\"EntryPoint\",\"urlTemplate\":\"https:\/\/smallthings.fr\/lespetitslivres\/?s={search_term_string}\"},\"query-input\":\"required name=search_term_string\"}],\"inLanguage\":\"fr-FR\"},{\"@type\":\"Person\",\"@id\":\"https:\/\/smallthings.fr\/lespetitslivres\/#\/schema\/person\/bb8808220f912e72f01f7a55924d9ad1\",\"name\":\"Jennifer\",\"image\":{\"@type\":\"ImageObject\",\"inLanguage\":\"fr-FR\",\"@id\":\"https:\/\/smallthings.fr\/lespetitslivres\/#\/schema\/person\/image\/\",\"url\":\"https:\/\/secure.gravatar.com\/avatar\/ffcd6b107b6b18c3d5201f1bcc631683?s=96&d=retro&r=g\",\"contentUrl\":\"https:\/\/secure.gravatar.com\/avatar\/ffcd6b107b6b18c3d5201f1bcc631683?s=96&d=retro&r=g\",\"caption\":\"Jennifer\"},\"url\":\"https:\/\/smallthings.fr\/lespetitslivres\/author\/jennifer\/\"}]}<\/script>\n<!-- \/ Yoast SEO plugin. -->","yoast_head_json":{"title":"Dark Protectors : Conn - Les Petits Livres","description":"Dark Protectors - Conn : Un volet particuli\u00e8rement bien r\u00e9ussi qui nous fait entrer dans le monde des sorci\u00e8res et de leurs secrets.","robots":{"index":"index","follow":"follow","max-snippet":"max-snippet:-1","max-image-preview":"max-image-preview:large","max-video-preview":"max-video-preview:-1"},"canonical":"https:\/\/smallthings.fr\/lespetitslivres\/2021\/02\/14\/dark-protector-conn\/","og_locale":"fr_FR","og_type":"article","og_title":"Dark Protectors : Conn - Les Petits Livres","og_description":"Dark Protectors - Conn : Un volet particuli\u00e8rement bien r\u00e9ussi qui nous fait entrer dans le monde des sorci\u00e8res et de leurs secrets.","og_url":"https:\/\/smallthings.fr\/lespetitslivres\/2021\/02\/14\/dark-protector-conn\/","og_site_name":"Les Petits Livres","article_published_time":"2021-02-14T13:32:11+00:00","article_modified_time":"2021-07-04T12:52:23+00:00","og_image":[{"width":530,"height":370,"url":"https:\/\/i0.wp.com\/smallthings.fr\/lespetitslivres\/wp-content\/uploads\/2021\/02\/Dark-Protectors-Conin-milady-2.jpg?fit=530%2C370&ssl=1","type":"image\/jpeg"}],"author":"Jennifer","twitter_card":"summary_large_image","twitter_misc":{"\u00c9crit par":"Jennifer","Dur\u00e9e de lecture estim\u00e9e":"3 minutes"},"schema":{"@context":"https:\/\/schema.org","@graph":[{"@type":"WebPage","@id":"https:\/\/smallthings.fr\/lespetitslivres\/2021\/02\/14\/dark-protector-conn\/","url":"https:\/\/smallthings.fr\/lespetitslivres\/2021\/02\/14\/dark-protector-conn\/","name":"Dark Protectors : Conn - Les Petits Livres","isPartOf":{"@id":"https:\/\/smallthings.fr\/lespetitslivres\/#website"},"datePublished":"2021-02-14T13:32:11+00:00","dateModified":"2021-07-04T12:52:23+00:00","author":{"@id":"https:\/\/smallthings.fr\/lespetitslivres\/#\/schema\/person\/bb8808220f912e72f01f7a55924d9ad1"},"description":"Dark Protectors - Conn : Un volet particuli\u00e8rement bien r\u00e9ussi qui nous fait entrer dans le monde des sorci\u00e8res et de leurs secrets.","breadcrumb":{"@id":"https:\/\/smallthings.fr\/lespetitslivres\/2021\/02\/14\/dark-protector-conn\/#breadcrumb"},"inLanguage":"fr-FR","potentialAction":[{"@type":"ReadAction","target":["https:\/\/smallthings.fr\/lespetitslivres\/2021\/02\/14\/dark-protector-conn\/"]}]},{"@type":"BreadcrumbList","@id":"https:\/\/smallthings.fr\/lespetitslivres\/2021\/02\/14\/dark-protector-conn\/#breadcrumb","itemListElement":[{"@type":"ListItem","position":1,"name":"Accueil","item":"https:\/\/smallthings.fr\/lespetitslivres\/"},{"@type":"ListItem","position":2,"name":"Dark Protectors : Conn"}]},{"@type":"WebSite","@id":"https:\/\/smallthings.fr\/lespetitslivres\/#website","url":"https:\/\/smallthings.fr\/lespetitslivres\/","name":"Les Petits Livres","description":"by Small Things","potentialAction":[{"@type":"SearchAction","target":{"@type":"EntryPoint","urlTemplate":"https:\/\/smallthings.fr\/lespetitslivres\/?s={search_term_string}"},"query-input":"required name=search_term_string"}],"inLanguage":"fr-FR"},{"@type":"Person","@id":"https:\/\/smallthings.fr\/lespetitslivres\/#\/schema\/person\/bb8808220f912e72f01f7a55924d9ad1","name":"Jennifer","image":{"@type":"ImageObject","inLanguage":"fr-FR","@id":"https:\/\/smallthings.fr\/lespetitslivres\/#\/schema\/person\/image\/","url":"https:\/\/secure.gravatar.com\/avatar\/ffcd6b107b6b18c3d5201f1bcc631683?s=96&d=retro&r=g","contentUrl":"https:\/\/secure.gravatar.com\/avatar\/ffcd6b107b6b18c3d5201f1bcc631683?s=96&d=retro&r=g","caption":"Jennifer"},"url":"https:\/\/smallthings.fr\/lespetitslivres\/author\/jennifer\/"}]}},"jetpack_featured_media_url":"https:\/\/smallthings.fr\/lespetitslivres\/wp-content\/uploads\/2021\/02\/Dark-Protectors-Conin-milady-2.jpg","jetpack_sharing_enabled":true,"jetpack_shortlink":"https:\/\/wp.me\/p6Un21-8nm","jetpack-related-posts":[{"id":32256,"url":"https:\/\/smallthings.fr\/lespetitslivres\/2021\/08\/04\/dark-protectors-kane-rebecca-zanetti\/","url_meta":{"origin":32200,"position":0},"title":"Dark Protectors, Kane, de Rebecca Zanetti","author":"Jennifer","date":"4 ao\u00fbt 2021","format":false,"excerpt":"Kane est le cinqui\u00e8me tome de la saga bit-lit Dark Protectors de Rebecca Zanetti. Sorti le 7 juillet dernier chez les \u00e9ditions Milady, ce volet \u00e9tait attendu avec impatience par les fans des fr\u00e8res vampires. En effet, Kane est un personnage tr\u00e8s int\u00e9ressant. Plut\u00f4t casanier, il va devoir accomplir une\u2026","rel":"","context":"Dans &quot;Fantastique&quot;","block_context":{"text":"Fantastique","link":"https:\/\/smallthings.fr\/lespetitslivres\/category\/imaginaire\/fantastique\/"},"img":{"alt_text":"","src":"https:\/\/i0.wp.com\/smallthings.fr\/lespetitslivres\/wp-content\/uploads\/2021\/08\/Dark-Protectors-Kane-Rebecca-Zanetti-2.jpg?resize=350%2C200&ssl=1","width":350,"height":200,"srcset":"https:\/\/i0.wp.com\/smallthings.fr\/lespetitslivres\/wp-content\/uploads\/2021\/08\/Dark-Protectors-Kane-Rebecca-Zanetti-2.jpg?resize=350%2C200&ssl=1 1x, https:\/\/i0.wp.com\/smallthings.fr\/lespetitslivres\/wp-content\/uploads\/2021\/08\/Dark-Protectors-Kane-Rebecca-Zanetti-2.jpg?resize=525%2C300&ssl=1 1.5x"},"classes":[]},{"id":32297,"url":"https:\/\/smallthings.fr\/lespetitslivres\/2022\/02\/13\/dark-protectors-zane\/","url_meta":{"origin":32200,"position":1},"title":"Dark Protectors : enfin le livre sur Zane et Janie !","author":"Jennifer","date":"13 f\u00e9vrier 2022","format":false,"excerpt":"La saga Dark Protectors de Rebecca Zanetti fait des \u00e9mules parmi les fans de bitlit depuis la sortie du tout premier tome. Chaque livre apporte un plus \u00e0 l\u2019intrigue g\u00e9n\u00e9rale et nous permet de d\u00e9couvrir des personnages en profondeur. Ce septi\u00e8me tome, sorti le 19 janvier dernier chez les \u00e9ditions\u2026","rel":"","context":"Dans &quot;Fantastique&quot;","block_context":{"text":"Fantastique","link":"https:\/\/smallthings.fr\/lespetitslivres\/category\/imaginaire\/fantastique\/"},"img":{"alt_text":"","src":"https:\/\/i0.wp.com\/smallthings.fr\/lespetitslivres\/wp-content\/uploads\/2022\/02\/Dark-Protectors-Zane-Rebecca-Zanetti-3.jpg?resize=350%2C200&ssl=1","width":350,"height":200,"srcset":"https:\/\/i0.wp.com\/smallthings.fr\/lespetitslivres\/wp-content\/uploads\/2022\/02\/Dark-Protectors-Zane-Rebecca-Zanetti-3.jpg?resize=350%2C200&ssl=1 1x, https:\/\/i0.wp.com\/smallthings.fr\/lespetitslivres\/wp-content\/uploads\/2022\/02\/Dark-Protectors-Zane-Rebecca-Zanetti-3.jpg?resize=525%2C300&ssl=1 1.5x"},"classes":[]},{"id":32194,"url":"https:\/\/smallthings.fr\/lespetitslivres\/2021\/01\/21\/dark-protectors-dage\/","url_meta":{"origin":32200,"position":2},"title":"Dage, second tome de la saga Dark Protectors","author":"Jennifer","date":"21 janvier 2021","format":false,"excerpt":"Les tomes de la saga Dark Protectors de Rebecca Zanetti s\u2019encha\u00eenent chez les \u00e9ditions Milady\u00a0! Apr\u00e8s Talen, c\u2019est au tour de Dage de devenir le personnage principal. Il va devoir retrouver son \u00e2me s\u0153ur, kidnapp\u00e9e par le clan ennemi, tout en devant lutter contre une nouvelle maladie qui s\u2019attaque aux\u2026","rel":"","context":"Dans &quot;Fantastique&quot;","block_context":{"text":"Fantastique","link":"https:\/\/smallthings.fr\/lespetitslivres\/category\/imaginaire\/fantastique\/"},"img":{"alt_text":"","src":"https:\/\/i0.wp.com\/smallthings.fr\/lespetitslivres\/wp-content\/uploads\/2021\/01\/Darks-protectors-Dage-Rebecca-ZAnetti-3.jpg?resize=350%2C200&ssl=1","width":350,"height":200,"srcset":"https:\/\/i0.wp.com\/smallthings.fr\/lespetitslivres\/wp-content\/uploads\/2021\/01\/Darks-protectors-Dage-Rebecca-ZAnetti-3.jpg?resize=350%2C200&ssl=1 1x, https:\/\/i0.wp.com\/smallthings.fr\/lespetitslivres\/wp-content\/uploads\/2021\/01\/Darks-protectors-Dage-Rebecca-ZAnetti-3.jpg?resize=525%2C300&ssl=1 1.5x"},"classes":[]},{"id":32231,"url":"https:\/\/smallthings.fr\/lespetitslivres\/2021\/07\/04\/dark-protectors-jordan\/","url_meta":{"origin":32200,"position":3},"title":"Dark Protectors, Jordan, de Rebecca Zanetti","author":"Jennifer","date":"4 juillet 2021","format":false,"excerpt":"Rebecca Zanetti revient avec le quatri\u00e8me tome de la sublime saga bit-lit Dark Protectors\u00a0: Jordan. Sorti fin avril chez les \u00e9ditions Milady, ce nouvel opus met en avant Katie et Jordan qui se cherchent depuis le tome 1, mais qui doivent faire face \u00e0 des \u00e9preuves presque insurmontables. Et si\u2026","rel":"","context":"Dans &quot;Fantastique&quot;","block_context":{"text":"Fantastique","link":"https:\/\/smallthings.fr\/lespetitslivres\/category\/imaginaire\/fantastique\/"},"img":{"alt_text":"","src":"https:\/\/i0.wp.com\/smallthings.fr\/lespetitslivres\/wp-content\/uploads\/2021\/07\/dark-protectors-jordan-rebecca-SZanetti-milady-2.jpg?resize=350%2C200&ssl=1","width":350,"height":200,"srcset":"https:\/\/i0.wp.com\/smallthings.fr\/lespetitslivres\/wp-content\/uploads\/2021\/07\/dark-protectors-jordan-rebecca-SZanetti-milady-2.jpg?resize=350%2C200&ssl=1 1x, https:\/\/i0.wp.com\/smallthings.fr\/lespetitslivres\/wp-content\/uploads\/2021\/07\/dark-protectors-jordan-rebecca-SZanetti-milady-2.jpg?resize=525%2C300&ssl=1 1.5x"},"classes":[]},{"id":32187,"url":"https:\/\/smallthings.fr\/lespetitslivres\/2021\/01\/20\/dark-protectors-talen\/","url_meta":{"origin":32200,"position":4},"title":"Dark Protectors, la nouvelle s\u00e9rie pour les fans de bit-lit","author":"Jennifer","date":"20 janvier 2021","format":false,"excerpt":"Talen est le premier tome de la saga Dark Protectors de Rebecca Zanetti. Il sort aujourd\u2019hui aux \u00e9ditions Milady, en m\u00eame temps que le tome 2, Dage. Dans cet univers sombre, chaque guerrier a son \u00e2me s\u0153ur, et ces derniers devront se battre contre leurs ennemis jur\u00e9s pour sauver leurs\u2026","rel":"","context":"Dans &quot;Fantastique&quot;","block_context":{"text":"Fantastique","link":"https:\/\/smallthings.fr\/lespetitslivres\/category\/imaginaire\/fantastique\/"},"img":{"alt_text":"","src":"https:\/\/i0.wp.com\/smallthings.fr\/lespetitslivres\/wp-content\/uploads\/2021\/01\/Dark-Protectors-Talen-Rebecca-Zanetti-3.jpg?resize=350%2C200&ssl=1","width":350,"height":200,"srcset":"https:\/\/i0.wp.com\/smallthings.fr\/lespetitslivres\/wp-content\/uploads\/2021\/01\/Dark-Protectors-Talen-Rebecca-Zanetti-3.jpg?resize=350%2C200&ssl=1 1x, https:\/\/i0.wp.com\/smallthings.fr\/lespetitslivres\/wp-content\/uploads\/2021\/01\/Dark-Protectors-Talen-Rebecca-Zanetti-3.jpg?resize=525%2C300&ssl=1 1.5x"},"classes":[]},{"id":32292,"url":"https:\/\/smallthings.fr\/lespetitslivres\/2022\/01\/10\/dark-protectors-jase\/","url_meta":{"origin":32200,"position":5},"title":"Jase, 6\u00e8me tome de la saga \u00e0 succ\u00e8s Dark Protectors","author":"Jennifer","date":"10 janvier 2022","format":false,"excerpt":"Dark Protectors, la saga bit-lit \u00e9crite par Suzanne Wright, encha\u00eene les coups de c\u0153ur des lectrices\u00a0! Le sixi\u00e8me tome met en sc\u00e8ne Jase et est sorti le 20 octobre dernier chez les \u00e9ditions Milady. C\u2019est au tour de notre guerrier enfin sorti des griffes des d\u00e9mons de trouver son \u00e2me\u2026","rel":"","context":"Dans &quot;Fantastique&quot;","block_context":{"text":"Fantastique","link":"https:\/\/smallthings.fr\/lespetitslivres\/category\/imaginaire\/fantastique\/"},"img":{"alt_text":"","src":"https:\/\/i0.wp.com\/smallthings.fr\/lespetitslivres\/wp-content\/uploads\/2022\/01\/dark-protectors-Jase-rebecca-Zanetti-2.jpg?resize=350%2C200&ssl=1","width":350,"height":200,"srcset":"https:\/\/i0.wp.com\/smallthings.fr\/lespetitslivres\/wp-content\/uploads\/2022\/01\/dark-protectors-Jase-rebecca-Zanetti-2.jpg?resize=350%2C200&ssl=1 1x, https:\/\/i0.wp.com\/smallthings.fr\/lespetitslivres\/wp-content\/uploads\/2022\/01\/dark-protectors-Jase-rebecca-Zanetti-2.jpg?resize=525%2C300&ssl=1 1.5x"},"classes":[]}],"_links":{"self":[{"href":"https:\/\/smallthings.fr\/lespetitslivres\/wp-json\/wp\/v2\/posts\/32200"}],"collection":[{"href":"https:\/\/smallthings.fr\/lespetitslivres\/wp-json\/wp\/v2\/posts"}],"about":[{"href":"https:\/\/smallthings.fr\/lespetitslivres\/wp-json\/wp\/v2\/types\/post"}],"author":[{"embeddable":true,"href":"https:\/\/smallthings.fr\/lespetitslivres\/wp-json\/wp\/v2\/users\/14"}],"replies":[{"embeddable":true,"href":"https:\/\/smallthings.fr\/lespetitslivres\/wp-json\/wp\/v2\/comments?post=32200"}],"version-history":[{"count":6,"href":"https:\/\/smallthings.fr\/lespetitslivres\/wp-json\/wp\/v2\/posts\/32200\/revisions"}],"predecessor-version":[{"id":32246,"href":"https:\/\/smallthings.fr\/lespetitslivres\/wp-json\/wp\/v2\/posts\/32200\/revisions\/32246"}],"wp:featuredmedia":[{"embeddable":true,"href":"https:\/\/smallthings.fr\/lespetitslivres\/wp-json\/wp\/v2\/media\/32204"}],"wp:attachment":[{"href":"https:\/\/smallthings.fr\/lespetitslivres\/wp-json\/wp\/v2\/media?parent=32200"}],"wp:term":[{"taxonomy":"category","embeddable":true,"href":"https:\/\/smallthings.fr\/lespetitslivres\/wp-json\/wp\/v2\/categories?post=32200"},{"taxonomy":"post_tag","embeddable":true,"href":"https:\/\/smallthings.fr\/lespetitslivres\/wp-json\/wp\/v2\/tags?post=32200"}],"curies":[{"name":"wp","href":"https:\/\/api.w.org\/{rel}","templated":true}]}}