{"id":32194,"date":"2021-01-21T18:00:00","date_gmt":"2021-01-21T17:00:00","guid":{"rendered":"http:\/\/smallthings.fr\/lespetitslivres\/?p=32194"},"modified":"2021-07-04T13:57:13","modified_gmt":"2021-07-04T12:57:13","slug":"dark-protectors-dage","status":"publish","type":"post","link":"https:\/\/smallthings.fr\/lespetitslivres\/2021\/01\/21\/dark-protectors-dage\/","title":{"rendered":"Dage, second tome de la saga Dark Protectors"},"content":{"rendered":"\n<h3 class=\"wp-block-heading\">Les tomes de la saga <em>Dark Protectors<\/em> de Rebecca Zanetti s\u2019encha\u00eenent chez les <a href=\"https:\/\/milady.fr\/catalogue\/9782811239275-dage\/\" target=\"_blank\" rel=\"noreferrer noopener\">\u00e9ditions Milady<\/a>&nbsp;! Apr\u00e8s <em>Talen<\/em>, c\u2019est au tour de <em>Dage <\/em>de devenir le personnage principal. Il va devoir retrouver son \u00e2me s\u0153ur, kidnapp\u00e9e par le clan ennemi, tout en devant lutter contre une nouvelle maladie qui s\u2019attaque aux compagnes.<\/h3>\n\n\n\n<p class=\"has-text-align-justify\">Les \u00e9ditions Milady ont eu la bonne id\u00e9e de sortir le tome 2 de Dark Protectors en m\u00eame temps que le 1, et on les remercie parce que la patience n\u2019est pas le fort des lecteurs&nbsp;! <strong>Si vous n\u2019avez pas lu <em>Talen<\/em>, attention vous allez \u00eatre spoil\u00e9s, vous \u00eates pr\u00e9venus\u2026<\/strong><\/p>\n\n\n\n<div class=\"wp-block-image\"><figure class=\"alignright size-large is-resized\"><img loading=\"lazy\" decoding=\"async\" data-attachment-id=\"32195\" data-permalink=\"https:\/\/smallthings.fr\/lespetitslivres\/2021\/01\/21\/dark-protectors-dage\/darks-protectors-dage-rebecca-zanetti\/\" data-orig-file=\"https:\/\/smallthings.fr\/lespetitslivres\/wp-content\/uploads\/2021\/01\/Darks-protectors-Dage-Rebecca-ZAnetti.jpg\" data-orig-size=\"550,890\" data-comments-opened=\"1\" data-image-meta=\"{&quot;aperture&quot;:&quot;0&quot;,&quot;credit&quot;:&quot;&quot;,&quot;camera&quot;:&quot;&quot;,&quot;caption&quot;:&quot;&quot;,&quot;created_timestamp&quot;:&quot;0&quot;,&quot;copyright&quot;:&quot;&quot;,&quot;focal_length&quot;:&quot;0&quot;,&quot;iso&quot;:&quot;0&quot;,&quot;shutter_speed&quot;:&quot;0&quot;,&quot;title&quot;:&quot;&quot;,&quot;orientation&quot;:&quot;0&quot;}\" data-image-title=\"Darks-protectors-Dage-Rebecca-ZAnetti\" data-image-description=\"\" data-image-caption=\"\" data-medium-file=\"https:\/\/smallthings.fr\/lespetitslivres\/wp-content\/uploads\/2021\/01\/Darks-protectors-Dage-Rebecca-ZAnetti-185x300.jpg\" data-large-file=\"https:\/\/smallthings.fr\/lespetitslivres\/wp-content\/uploads\/2021\/01\/Darks-protectors-Dage-Rebecca-ZAnetti.jpg\" src=\"http:\/\/smallthings.fr\/lespetitslivres\/wp-content\/uploads\/2021\/01\/Darks-protectors-Dage-Rebecca-ZAnetti.jpg\" alt=\"\" class=\"wp-image-32195\" width=\"275\" height=\"445\" srcset=\"https:\/\/smallthings.fr\/lespetitslivres\/wp-content\/uploads\/2021\/01\/Darks-protectors-Dage-Rebecca-ZAnetti.jpg 550w, https:\/\/smallthings.fr\/lespetitslivres\/wp-content\/uploads\/2021\/01\/Darks-protectors-Dage-Rebecca-ZAnetti-185x300.jpg 185w\" sizes=\"(max-width: 275px) 100vw, 275px\" \/><\/figure><\/div>\n\n\n\n<p class=\"has-text-align-justify\">A la fin du tome 1, la s\u0153ur de Cara, Emma \u00e9tait kidnapp\u00e9e par le clan ennemis, les Kurjans. Cette g\u00e9n\u00e9ticienne a plus d\u2019un tour dans son sac et elle avait r\u00e9ussi \u00e0 \u00e9viter ces abominations pendant des mois avant de se faire prendre. Dage, le chef des Dark Protectors, est \u00e0 sa recherche. <strong>Medium, il attendait l\u2019arriv\u00e9e d\u2019Emma dans sa vie depuis longtemps. Il sait qu\u2019elle est son \u00e2me s\u0153ur<\/strong>, et la savoir entre les mains de ses ennemis va lui faire perdre son sang-froid. Il va la sauver, bien entendu, mais <strong>une autre menace, encore plus grande, va frapper le clan\u00a0: une maladie s&rsquo;attaque \u00e0 toutes les \u00e2mes-s\u0153urs\u2026<\/strong><\/p>\n\n\n\n<p class=\"has-text-align-justify\">Cr\u00e9\u00e9e par les Kurjans de toute pi\u00e8ce, cette maladie a \u00e9t\u00e9 inject\u00e9e \u00e0 des femmes du clan et de leurs alli\u00e9s par un traitre\u2026 S\u2019ils ne font rien, ces derni\u00e8res mourront. <strong>Emma va alors utiliser tout son g\u00e9ni pour trouver une solution, quitte \u00e0 oser recourir \u00e0 la magie. <\/strong>Cela sera-t-il suffisant&nbsp;? Une course contre la montre s\u2019enclenche et, pour une fois, Dage et Talen se sentiront impuissants.<\/p>\n\n\n\n<p class=\"has-text-align-justify\">Ce second tome des <em>Dark Protectors<\/em> est tout aussi captivant. Les personnages secondaires que j\u2019adore tant sont un peu moins pr\u00e9sents, mais on en d\u00e9couvre d\u2019autres \u00e0 qui on s\u2019attache aussi. <strong>La plume de l\u2019auteur est toujours immersive, et les intrigues s\u2019entrem\u00ealent toujours autant pour nous mener par le bout du nez. <\/strong>Les rebondissements sont int\u00e9ressants et l\u2019arriv\u00e9e de la magie est un gros plus. On en apprend plus sur la vie d\u2019un autre fr\u00e8re Conn, qui a marqu\u00e9 une sorci\u00e8re cent ans plus t\u00f4t, et on a VRAIMENT envie de lire le tome qui lui sera consacr\u00e9 et qui est d\u2019ailleurs d\u00e9j\u00e0 disponible.<\/p>\n\n\n\n<p class=\"has-text-align-justify\">En conclusion, la saga <em>Dark Protectors<\/em> continue de surprendre. L\u2019action est palpitante, l\u2019humour toujours l\u00e0 et les personnages vraiment passionnants.<\/p>\n\n\n\n<p><span style=\"text-decoration: underline;\">Extrait<\/span>&nbsp;:<\/p>\n\n\n\n<blockquote class=\"wp-block-quote\"><p>&#8211; Euh, qu\u2019est-ce-que tu fais&nbsp;? demanda-t-elle d\u2019une voix tremblante.<br>L\u2019odeur cuivr\u00e9e du sang lui donnait la naus\u00e9e et Dage lui r\u00e9pondit avec un sourire las.<br>&#8211; Je me disais que j\u2019enl\u00e8verais bien ce bout de bois de mon \u00e9paule.<br>&#8211; Surtout pas&nbsp;! s\u2019exclama-t-elle, paniqu\u00e9e. Tu risquerais de mourir d\u2019une h\u00e9morragie. Ne fais pas \u00e7a.<br>Elle posa la main sur son \u00e9paule valide et sentit ses muscles se crisper. Les yeux de Dage s\u2019assombrirent.<br>&#8211; Cela fait des si\u00e8cles que j\u2019attends ce contact, Emma, mais ce n\u2019est pas comme \u00e7a que je l\u2019imaginais. (Il ferma les yeux et aspira \u00e0 fond). Bon, \u00e9carte-toi, ma belle.<\/p><\/blockquote>\n","protected":false},"excerpt":{"rendered":"<p>Les tomes de la saga Dark Protectors de Rebecca Zanetti s\u2019encha\u00eenent chez les \u00e9ditions Milady&nbsp;! Apr\u00e8s Talen, c\u2019est au tour de Dage de devenir le personnage principal. Il va devoir retrouver son \u00e2me s\u0153ur, kidnapp\u00e9e par le clan ennemi, tout en devant lutter contre une nouvelle maladie qui s\u2019attaque aux compagnes. Les \u00e9ditions Milady ont<\/p>\n","protected":false},"author":14,"featured_media":32198,"comment_status":"open","ping_status":"open","sticky":false,"template":"","format":"standard","meta":{"jetpack_post_was_ever_published":false,"_jetpack_newsletter_access":"","_jetpack_newsletter_tier_id":0,"footnotes":"","jetpack_publicize_message":"","jetpack_is_tweetstorm":false,"jetpack_publicize_feature_enabled":true,"jetpack_social_post_already_shared":true,"jetpack_social_options":{"image_generator_settings":{"template":"highway","enabled":false}}},"categories":[1107],"tags":[831,2255,2251,805,2256,2253],"jetpack_publicize_connections":[],"yoast_head":"<!-- This site is optimized with the Yoast SEO plugin v21.5 - https:\/\/yoast.com\/wordpress\/plugins\/seo\/ -->\n<title>Dage, second tome de la saga Dark Protectors - Les Petits Livres<\/title>\n<meta name=\"description\" content=\"Dark Protectors - Dage de Rebecca Zanetti. Une nouvelle maladie s&#039;attaque aux compagnes du Royaume. Dage va tenter de sauver son \u00e2me soeur.\" \/>\n<meta name=\"robots\" content=\"index, follow, max-snippet:-1, max-image-preview:large, max-video-preview:-1\" \/>\n<link rel=\"canonical\" href=\"https:\/\/smallthings.fr\/lespetitslivres\/2021\/01\/21\/dark-protectors-dage\/\" \/>\n<meta property=\"og:locale\" content=\"fr_FR\" \/>\n<meta property=\"og:type\" content=\"article\" \/>\n<meta property=\"og:title\" content=\"Dage, second tome de la saga Dark Protectors - Les Petits Livres\" \/>\n<meta property=\"og:description\" content=\"Dark Protectors - Dage de Rebecca Zanetti. Une nouvelle maladie s&#039;attaque aux compagnes du Royaume. Dage va tenter de sauver son \u00e2me soeur.\" \/>\n<meta property=\"og:url\" content=\"https:\/\/smallthings.fr\/lespetitslivres\/2021\/01\/21\/dark-protectors-dage\/\" \/>\n<meta property=\"og:site_name\" content=\"Les Petits Livres\" \/>\n<meta property=\"article:published_time\" content=\"2021-01-21T17:00:00+00:00\" \/>\n<meta property=\"article:modified_time\" content=\"2021-07-04T12:57:13+00:00\" \/>\n<meta property=\"og:image\" content=\"https:\/\/smallthings.fr\/lespetitslivres\/wp-content\/uploads\/2021\/01\/Darks-protectors-Dage-Rebecca-ZAnetti-3.jpg\" \/>\n\t<meta property=\"og:image:width\" content=\"547\" \/>\n\t<meta property=\"og:image:height\" content=\"367\" \/>\n\t<meta property=\"og:image:type\" content=\"image\/jpeg\" \/>\n<meta name=\"author\" content=\"Jennifer\" \/>\n<meta name=\"twitter:card\" content=\"summary_large_image\" \/>\n<meta name=\"twitter:label1\" content=\"\u00c9crit par\" \/>\n\t<meta name=\"twitter:data1\" content=\"Jennifer\" \/>\n\t<meta name=\"twitter:label2\" content=\"Dur\u00e9e de lecture estim\u00e9e\" \/>\n\t<meta name=\"twitter:data2\" content=\"3 minutes\" \/>\n<script type=\"application\/ld+json\" class=\"yoast-schema-graph\">{\"@context\":\"https:\/\/schema.org\",\"@graph\":[{\"@type\":\"WebPage\",\"@id\":\"https:\/\/smallthings.fr\/lespetitslivres\/2021\/01\/21\/dark-protectors-dage\/\",\"url\":\"https:\/\/smallthings.fr\/lespetitslivres\/2021\/01\/21\/dark-protectors-dage\/\",\"name\":\"Dage, second tome de la saga Dark Protectors - Les Petits Livres\",\"isPartOf\":{\"@id\":\"https:\/\/smallthings.fr\/lespetitslivres\/#website\"},\"datePublished\":\"2021-01-21T17:00:00+00:00\",\"dateModified\":\"2021-07-04T12:57:13+00:00\",\"author\":{\"@id\":\"https:\/\/smallthings.fr\/lespetitslivres\/#\/schema\/person\/bb8808220f912e72f01f7a55924d9ad1\"},\"description\":\"Dark Protectors - Dage de Rebecca Zanetti. Une nouvelle maladie s'attaque aux compagnes du Royaume. Dage va tenter de sauver son \u00e2me soeur.\",\"breadcrumb\":{\"@id\":\"https:\/\/smallthings.fr\/lespetitslivres\/2021\/01\/21\/dark-protectors-dage\/#breadcrumb\"},\"inLanguage\":\"fr-FR\",\"potentialAction\":[{\"@type\":\"ReadAction\",\"target\":[\"https:\/\/smallthings.fr\/lespetitslivres\/2021\/01\/21\/dark-protectors-dage\/\"]}]},{\"@type\":\"BreadcrumbList\",\"@id\":\"https:\/\/smallthings.fr\/lespetitslivres\/2021\/01\/21\/dark-protectors-dage\/#breadcrumb\",\"itemListElement\":[{\"@type\":\"ListItem\",\"position\":1,\"name\":\"Accueil\",\"item\":\"https:\/\/smallthings.fr\/lespetitslivres\/\"},{\"@type\":\"ListItem\",\"position\":2,\"name\":\"Dage, second tome de la saga Dark Protectors\"}]},{\"@type\":\"WebSite\",\"@id\":\"https:\/\/smallthings.fr\/lespetitslivres\/#website\",\"url\":\"https:\/\/smallthings.fr\/lespetitslivres\/\",\"name\":\"Les Petits Livres\",\"description\":\"by Small Things\",\"potentialAction\":[{\"@type\":\"SearchAction\",\"target\":{\"@type\":\"EntryPoint\",\"urlTemplate\":\"https:\/\/smallthings.fr\/lespetitslivres\/?s={search_term_string}\"},\"query-input\":\"required name=search_term_string\"}],\"inLanguage\":\"fr-FR\"},{\"@type\":\"Person\",\"@id\":\"https:\/\/smallthings.fr\/lespetitslivres\/#\/schema\/person\/bb8808220f912e72f01f7a55924d9ad1\",\"name\":\"Jennifer\",\"image\":{\"@type\":\"ImageObject\",\"inLanguage\":\"fr-FR\",\"@id\":\"https:\/\/smallthings.fr\/lespetitslivres\/#\/schema\/person\/image\/\",\"url\":\"https:\/\/secure.gravatar.com\/avatar\/ffcd6b107b6b18c3d5201f1bcc631683?s=96&d=retro&r=g\",\"contentUrl\":\"https:\/\/secure.gravatar.com\/avatar\/ffcd6b107b6b18c3d5201f1bcc631683?s=96&d=retro&r=g\",\"caption\":\"Jennifer\"},\"url\":\"https:\/\/smallthings.fr\/lespetitslivres\/author\/jennifer\/\"}]}<\/script>\n<!-- \/ Yoast SEO plugin. -->","yoast_head_json":{"title":"Dage, second tome de la saga Dark Protectors - Les Petits Livres","description":"Dark Protectors - Dage de Rebecca Zanetti. Une nouvelle maladie s'attaque aux compagnes du Royaume. Dage va tenter de sauver son \u00e2me soeur.","robots":{"index":"index","follow":"follow","max-snippet":"max-snippet:-1","max-image-preview":"max-image-preview:large","max-video-preview":"max-video-preview:-1"},"canonical":"https:\/\/smallthings.fr\/lespetitslivres\/2021\/01\/21\/dark-protectors-dage\/","og_locale":"fr_FR","og_type":"article","og_title":"Dage, second tome de la saga Dark Protectors - Les Petits Livres","og_description":"Dark Protectors - Dage de Rebecca Zanetti. Une nouvelle maladie s'attaque aux compagnes du Royaume. Dage va tenter de sauver son \u00e2me soeur.","og_url":"https:\/\/smallthings.fr\/lespetitslivres\/2021\/01\/21\/dark-protectors-dage\/","og_site_name":"Les Petits Livres","article_published_time":"2021-01-21T17:00:00+00:00","article_modified_time":"2021-07-04T12:57:13+00:00","og_image":[{"width":547,"height":367,"url":"https:\/\/smallthings.fr\/lespetitslivres\/wp-content\/uploads\/2021\/01\/Darks-protectors-Dage-Rebecca-ZAnetti-3.jpg","type":"image\/jpeg"}],"author":"Jennifer","twitter_card":"summary_large_image","twitter_misc":{"\u00c9crit par":"Jennifer","Dur\u00e9e de lecture estim\u00e9e":"3 minutes"},"schema":{"@context":"https:\/\/schema.org","@graph":[{"@type":"WebPage","@id":"https:\/\/smallthings.fr\/lespetitslivres\/2021\/01\/21\/dark-protectors-dage\/","url":"https:\/\/smallthings.fr\/lespetitslivres\/2021\/01\/21\/dark-protectors-dage\/","name":"Dage, second tome de la saga Dark Protectors - Les Petits Livres","isPartOf":{"@id":"https:\/\/smallthings.fr\/lespetitslivres\/#website"},"datePublished":"2021-01-21T17:00:00+00:00","dateModified":"2021-07-04T12:57:13+00:00","author":{"@id":"https:\/\/smallthings.fr\/lespetitslivres\/#\/schema\/person\/bb8808220f912e72f01f7a55924d9ad1"},"description":"Dark Protectors - Dage de Rebecca Zanetti. Une nouvelle maladie s'attaque aux compagnes du Royaume. Dage va tenter de sauver son \u00e2me soeur.","breadcrumb":{"@id":"https:\/\/smallthings.fr\/lespetitslivres\/2021\/01\/21\/dark-protectors-dage\/#breadcrumb"},"inLanguage":"fr-FR","potentialAction":[{"@type":"ReadAction","target":["https:\/\/smallthings.fr\/lespetitslivres\/2021\/01\/21\/dark-protectors-dage\/"]}]},{"@type":"BreadcrumbList","@id":"https:\/\/smallthings.fr\/lespetitslivres\/2021\/01\/21\/dark-protectors-dage\/#breadcrumb","itemListElement":[{"@type":"ListItem","position":1,"name":"Accueil","item":"https:\/\/smallthings.fr\/lespetitslivres\/"},{"@type":"ListItem","position":2,"name":"Dage, second tome de la saga Dark Protectors"}]},{"@type":"WebSite","@id":"https:\/\/smallthings.fr\/lespetitslivres\/#website","url":"https:\/\/smallthings.fr\/lespetitslivres\/","name":"Les Petits Livres","description":"by Small Things","potentialAction":[{"@type":"SearchAction","target":{"@type":"EntryPoint","urlTemplate":"https:\/\/smallthings.fr\/lespetitslivres\/?s={search_term_string}"},"query-input":"required name=search_term_string"}],"inLanguage":"fr-FR"},{"@type":"Person","@id":"https:\/\/smallthings.fr\/lespetitslivres\/#\/schema\/person\/bb8808220f912e72f01f7a55924d9ad1","name":"Jennifer","image":{"@type":"ImageObject","inLanguage":"fr-FR","@id":"https:\/\/smallthings.fr\/lespetitslivres\/#\/schema\/person\/image\/","url":"https:\/\/secure.gravatar.com\/avatar\/ffcd6b107b6b18c3d5201f1bcc631683?s=96&d=retro&r=g","contentUrl":"https:\/\/secure.gravatar.com\/avatar\/ffcd6b107b6b18c3d5201f1bcc631683?s=96&d=retro&r=g","caption":"Jennifer"},"url":"https:\/\/smallthings.fr\/lespetitslivres\/author\/jennifer\/"}]}},"jetpack_featured_media_url":"https:\/\/smallthings.fr\/lespetitslivres\/wp-content\/uploads\/2021\/01\/Darks-protectors-Dage-Rebecca-ZAnetti-3.jpg","jetpack_sharing_enabled":true,"jetpack_shortlink":"https:\/\/wp.me\/p6Un21-8ng","jetpack-related-posts":[{"id":32187,"url":"https:\/\/smallthings.fr\/lespetitslivres\/2021\/01\/20\/dark-protectors-talen\/","url_meta":{"origin":32194,"position":0},"title":"Dark Protectors, la nouvelle s\u00e9rie pour les fans de bit-lit","author":"Jennifer","date":"20 janvier 2021","format":false,"excerpt":"Talen est le premier tome de la saga Dark Protectors de Rebecca Zanetti. Il sort aujourd\u2019hui aux \u00e9ditions Milady, en m\u00eame temps que le tome 2, Dage. Dans cet univers sombre, chaque guerrier a son \u00e2me s\u0153ur, et ces derniers devront se battre contre leurs ennemis jur\u00e9s pour sauver leurs\u2026","rel":"","context":"Dans &quot;Fantastique&quot;","block_context":{"text":"Fantastique","link":"https:\/\/smallthings.fr\/lespetitslivres\/category\/imaginaire\/fantastique\/"},"img":{"alt_text":"","src":"https:\/\/i0.wp.com\/smallthings.fr\/lespetitslivres\/wp-content\/uploads\/2021\/01\/Dark-Protectors-Talen-Rebecca-Zanetti-3.jpg?resize=350%2C200&ssl=1","width":350,"height":200,"srcset":"https:\/\/i0.wp.com\/smallthings.fr\/lespetitslivres\/wp-content\/uploads\/2021\/01\/Dark-Protectors-Talen-Rebecca-Zanetti-3.jpg?resize=350%2C200&ssl=1 1x, https:\/\/i0.wp.com\/smallthings.fr\/lespetitslivres\/wp-content\/uploads\/2021\/01\/Dark-Protectors-Talen-Rebecca-Zanetti-3.jpg?resize=525%2C300&ssl=1 1.5x"},"classes":[]},{"id":32256,"url":"https:\/\/smallthings.fr\/lespetitslivres\/2021\/08\/04\/dark-protectors-kane-rebecca-zanetti\/","url_meta":{"origin":32194,"position":1},"title":"Dark Protectors, Kane, de Rebecca Zanetti","author":"Jennifer","date":"4 ao\u00fbt 2021","format":false,"excerpt":"Kane est le cinqui\u00e8me tome de la saga bit-lit Dark Protectors de Rebecca Zanetti. Sorti le 7 juillet dernier chez les \u00e9ditions Milady, ce volet \u00e9tait attendu avec impatience par les fans des fr\u00e8res vampires. En effet, Kane est un personnage tr\u00e8s int\u00e9ressant. Plut\u00f4t casanier, il va devoir accomplir une\u2026","rel":"","context":"Dans &quot;Fantastique&quot;","block_context":{"text":"Fantastique","link":"https:\/\/smallthings.fr\/lespetitslivres\/category\/imaginaire\/fantastique\/"},"img":{"alt_text":"","src":"https:\/\/i0.wp.com\/smallthings.fr\/lespetitslivres\/wp-content\/uploads\/2021\/08\/Dark-Protectors-Kane-Rebecca-Zanetti-2.jpg?resize=350%2C200&ssl=1","width":350,"height":200,"srcset":"https:\/\/i0.wp.com\/smallthings.fr\/lespetitslivres\/wp-content\/uploads\/2021\/08\/Dark-Protectors-Kane-Rebecca-Zanetti-2.jpg?resize=350%2C200&ssl=1 1x, https:\/\/i0.wp.com\/smallthings.fr\/lespetitslivres\/wp-content\/uploads\/2021\/08\/Dark-Protectors-Kane-Rebecca-Zanetti-2.jpg?resize=525%2C300&ssl=1 1.5x"},"classes":[]},{"id":32200,"url":"https:\/\/smallthings.fr\/lespetitslivres\/2021\/02\/14\/dark-protector-conn\/","url_meta":{"origin":32194,"position":2},"title":"Dark Protectors : Conn","author":"Jennifer","date":"14 f\u00e9vrier 2021","format":false,"excerpt":"Conn est le troisi\u00e8me tome de la saga Dark Protectors de Rebecca Zanetti, publi\u00e9e chez les \u00e9ditions Milady. Un volet particuli\u00e8rement bien r\u00e9ussi qui nous fait entrer dans le monde des sorci\u00e8res et de leurs secrets. Apr\u00e8s Talen (chronique ici) et Dage (chronique ici), c\u2019est au tour de Conin de\u2026","rel":"","context":"Dans &quot;Fantastique&quot;","block_context":{"text":"Fantastique","link":"https:\/\/smallthings.fr\/lespetitslivres\/category\/imaginaire\/fantastique\/"},"img":{"alt_text":"","src":"https:\/\/i0.wp.com\/smallthings.fr\/lespetitslivres\/wp-content\/uploads\/2021\/02\/Dark-Protectors-Conin-milady-2.jpg?resize=350%2C200&ssl=1","width":350,"height":200,"srcset":"https:\/\/i0.wp.com\/smallthings.fr\/lespetitslivres\/wp-content\/uploads\/2021\/02\/Dark-Protectors-Conin-milady-2.jpg?resize=350%2C200&ssl=1 1x, https:\/\/i0.wp.com\/smallthings.fr\/lespetitslivres\/wp-content\/uploads\/2021\/02\/Dark-Protectors-Conin-milady-2.jpg?resize=525%2C300&ssl=1 1.5x"},"classes":[]},{"id":32297,"url":"https:\/\/smallthings.fr\/lespetitslivres\/2022\/02\/13\/dark-protectors-zane\/","url_meta":{"origin":32194,"position":3},"title":"Dark Protectors : enfin le livre sur Zane et Janie !","author":"Jennifer","date":"13 f\u00e9vrier 2022","format":false,"excerpt":"La saga Dark Protectors de Rebecca Zanetti fait des \u00e9mules parmi les fans de bitlit depuis la sortie du tout premier tome. Chaque livre apporte un plus \u00e0 l\u2019intrigue g\u00e9n\u00e9rale et nous permet de d\u00e9couvrir des personnages en profondeur. Ce septi\u00e8me tome, sorti le 19 janvier dernier chez les \u00e9ditions\u2026","rel":"","context":"Dans &quot;Fantastique&quot;","block_context":{"text":"Fantastique","link":"https:\/\/smallthings.fr\/lespetitslivres\/category\/imaginaire\/fantastique\/"},"img":{"alt_text":"","src":"https:\/\/i0.wp.com\/smallthings.fr\/lespetitslivres\/wp-content\/uploads\/2022\/02\/Dark-Protectors-Zane-Rebecca-Zanetti-3.jpg?resize=350%2C200&ssl=1","width":350,"height":200,"srcset":"https:\/\/i0.wp.com\/smallthings.fr\/lespetitslivres\/wp-content\/uploads\/2022\/02\/Dark-Protectors-Zane-Rebecca-Zanetti-3.jpg?resize=350%2C200&ssl=1 1x, https:\/\/i0.wp.com\/smallthings.fr\/lespetitslivres\/wp-content\/uploads\/2022\/02\/Dark-Protectors-Zane-Rebecca-Zanetti-3.jpg?resize=525%2C300&ssl=1 1.5x"},"classes":[]},{"id":32231,"url":"https:\/\/smallthings.fr\/lespetitslivres\/2021\/07\/04\/dark-protectors-jordan\/","url_meta":{"origin":32194,"position":4},"title":"Dark Protectors, Jordan, de Rebecca Zanetti","author":"Jennifer","date":"4 juillet 2021","format":false,"excerpt":"Rebecca Zanetti revient avec le quatri\u00e8me tome de la sublime saga bit-lit Dark Protectors\u00a0: Jordan. Sorti fin avril chez les \u00e9ditions Milady, ce nouvel opus met en avant Katie et Jordan qui se cherchent depuis le tome 1, mais qui doivent faire face \u00e0 des \u00e9preuves presque insurmontables. Et si\u2026","rel":"","context":"Dans &quot;Fantastique&quot;","block_context":{"text":"Fantastique","link":"https:\/\/smallthings.fr\/lespetitslivres\/category\/imaginaire\/fantastique\/"},"img":{"alt_text":"","src":"https:\/\/i0.wp.com\/smallthings.fr\/lespetitslivres\/wp-content\/uploads\/2021\/07\/dark-protectors-jordan-rebecca-SZanetti-milady-2.jpg?resize=350%2C200&ssl=1","width":350,"height":200,"srcset":"https:\/\/i0.wp.com\/smallthings.fr\/lespetitslivres\/wp-content\/uploads\/2021\/07\/dark-protectors-jordan-rebecca-SZanetti-milady-2.jpg?resize=350%2C200&ssl=1 1x, https:\/\/i0.wp.com\/smallthings.fr\/lespetitslivres\/wp-content\/uploads\/2021\/07\/dark-protectors-jordan-rebecca-SZanetti-milady-2.jpg?resize=525%2C300&ssl=1 1.5x"},"classes":[]},{"id":32292,"url":"https:\/\/smallthings.fr\/lespetitslivres\/2022\/01\/10\/dark-protectors-jase\/","url_meta":{"origin":32194,"position":5},"title":"Jase, 6\u00e8me tome de la saga \u00e0 succ\u00e8s Dark Protectors","author":"Jennifer","date":"10 janvier 2022","format":false,"excerpt":"Dark Protectors, la saga bit-lit \u00e9crite par Suzanne Wright, encha\u00eene les coups de c\u0153ur des lectrices\u00a0! Le sixi\u00e8me tome met en sc\u00e8ne Jase et est sorti le 20 octobre dernier chez les \u00e9ditions Milady. C\u2019est au tour de notre guerrier enfin sorti des griffes des d\u00e9mons de trouver son \u00e2me\u2026","rel":"","context":"Dans &quot;Fantastique&quot;","block_context":{"text":"Fantastique","link":"https:\/\/smallthings.fr\/lespetitslivres\/category\/imaginaire\/fantastique\/"},"img":{"alt_text":"","src":"https:\/\/i0.wp.com\/smallthings.fr\/lespetitslivres\/wp-content\/uploads\/2022\/01\/dark-protectors-Jase-rebecca-Zanetti-2.jpg?resize=350%2C200&ssl=1","width":350,"height":200,"srcset":"https:\/\/i0.wp.com\/smallthings.fr\/lespetitslivres\/wp-content\/uploads\/2022\/01\/dark-protectors-Jase-rebecca-Zanetti-2.jpg?resize=350%2C200&ssl=1 1x, https:\/\/i0.wp.com\/smallthings.fr\/lespetitslivres\/wp-content\/uploads\/2022\/01\/dark-protectors-Jase-rebecca-Zanetti-2.jpg?resize=525%2C300&ssl=1 1.5x"},"classes":[]}],"_links":{"self":[{"href":"https:\/\/smallthings.fr\/lespetitslivres\/wp-json\/wp\/v2\/posts\/32194"}],"collection":[{"href":"https:\/\/smallthings.fr\/lespetitslivres\/wp-json\/wp\/v2\/posts"}],"about":[{"href":"https:\/\/smallthings.fr\/lespetitslivres\/wp-json\/wp\/v2\/types\/post"}],"author":[{"embeddable":true,"href":"https:\/\/smallthings.fr\/lespetitslivres\/wp-json\/wp\/v2\/users\/14"}],"replies":[{"embeddable":true,"href":"https:\/\/smallthings.fr\/lespetitslivres\/wp-json\/wp\/v2\/comments?post=32194"}],"version-history":[{"count":3,"href":"https:\/\/smallthings.fr\/lespetitslivres\/wp-json\/wp\/v2\/posts\/32194\/revisions"}],"predecessor-version":[{"id":32247,"href":"https:\/\/smallthings.fr\/lespetitslivres\/wp-json\/wp\/v2\/posts\/32194\/revisions\/32247"}],"wp:featuredmedia":[{"embeddable":true,"href":"https:\/\/smallthings.fr\/lespetitslivres\/wp-json\/wp\/v2\/media\/32198"}],"wp:attachment":[{"href":"https:\/\/smallthings.fr\/lespetitslivres\/wp-json\/wp\/v2\/media?parent=32194"}],"wp:term":[{"taxonomy":"category","embeddable":true,"href":"https:\/\/smallthings.fr\/lespetitslivres\/wp-json\/wp\/v2\/categories?post=32194"},{"taxonomy":"post_tag","embeddable":true,"href":"https:\/\/smallthings.fr\/lespetitslivres\/wp-json\/wp\/v2\/tags?post=32194"}],"curies":[{"name":"wp","href":"https:\/\/api.w.org\/{rel}","templated":true}]}}