{"id":32187,"date":"2021-01-20T14:10:00","date_gmt":"2021-01-20T13:10:00","guid":{"rendered":"http:\/\/smallthings.fr\/lespetitslivres\/?p=32187"},"modified":"2021-01-17T14:38:14","modified_gmt":"2021-01-17T13:38:14","slug":"dark-protectors-talen","status":"publish","type":"post","link":"https:\/\/smallthings.fr\/lespetitslivres\/2021\/01\/20\/dark-protectors-talen\/","title":{"rendered":"Dark Protectors, la nouvelle s\u00e9rie pour les fans de bit-lit"},"content":{"rendered":"\n<h3 class=\"wp-block-heading\"><em>Talen<\/em> est le premier tome de la saga <em>Dark Protectors<\/em> de Rebecca Zanetti. Il sort aujourd\u2019hui aux <a rel=\"noreferrer noopener\" href=\"https:\/\/milady.fr\/catalogue\/9782811221195-talen\/\" target=\"_blank\">\u00e9ditions Milady<\/a>, en m\u00eame temps que le tome 2, <em>Dage<\/em>. Dans cet univers sombre, chaque guerrier a son \u00e2me s\u0153ur, et ces derniers devront se battre contre leurs ennemis jur\u00e9s pour sauver leurs promises humaines. Une s\u00e9rie captivante&nbsp;!<\/h3>\n\n\n\n<p class=\"has-text-align-justify\">Rebecca Zanetti fait son entr\u00e9e chez les \u00e9ditions Milady avec cette superbe saga qui plaira \u00e0 coup s\u00fbr aux fans de <em>La confr\u00e9rie de la dague noire<\/em>. Nous nous retrouvons dans un monde o\u00f9 les humains ne savent pas que les cr\u00e9atures surnaturelles existent. Les <em>Dark Protectors<\/em> sont des vampires mill\u00e9naires qui m\u00e8nent une vie souterraine. Malgr\u00e9 leur force et leur intelligence, le clan a un \u00e9norme point faible, de chaque union na\u00eet obligatoirement un gar\u00e7on, ce qui fait que leurs compagnes sont forc\u00e9ment des non-vampires. Mais ce n\u2019est pas tout&nbsp;! Seules quelques rares femmes peuvent se lier \u00e0 eux. Le clan de <em>Talen<\/em> et leurs ennemis, qui connaissent le m\u00eame probl\u00e8me, se battent alors pour les compagnes.<\/p>\n\n\n\n<div class=\"wp-block-image\"><figure class=\"alignright size-large is-resized\"><img loading=\"lazy\" decoding=\"async\" data-attachment-id=\"32188\" data-permalink=\"https:\/\/smallthings.fr\/lespetitslivres\/2021\/01\/20\/dark-protectors-talen\/dark-protectors-talen-rebecca-zanetti\/\" data-orig-file=\"https:\/\/smallthings.fr\/lespetitslivres\/wp-content\/uploads\/2021\/01\/Dark-Protectors-Talen-Rebecca-Zanetti.jpg\" data-orig-size=\"550,891\" data-comments-opened=\"1\" data-image-meta=\"{&quot;aperture&quot;:&quot;0&quot;,&quot;credit&quot;:&quot;&quot;,&quot;camera&quot;:&quot;&quot;,&quot;caption&quot;:&quot;&quot;,&quot;created_timestamp&quot;:&quot;0&quot;,&quot;copyright&quot;:&quot;&quot;,&quot;focal_length&quot;:&quot;0&quot;,&quot;iso&quot;:&quot;0&quot;,&quot;shutter_speed&quot;:&quot;0&quot;,&quot;title&quot;:&quot;&quot;,&quot;orientation&quot;:&quot;0&quot;}\" data-image-title=\"Dark-Protectors-Talen-Rebecca-Zanetti\" data-image-description=\"\" data-image-caption=\"\" data-medium-file=\"https:\/\/smallthings.fr\/lespetitslivres\/wp-content\/uploads\/2021\/01\/Dark-Protectors-Talen-Rebecca-Zanetti-185x300.jpg\" data-large-file=\"https:\/\/smallthings.fr\/lespetitslivres\/wp-content\/uploads\/2021\/01\/Dark-Protectors-Talen-Rebecca-Zanetti.jpg\" src=\"http:\/\/smallthings.fr\/lespetitslivres\/wp-content\/uploads\/2021\/01\/Dark-Protectors-Talen-Rebecca-Zanetti.jpg\" alt=\"\" class=\"wp-image-32188\" width=\"275\" height=\"446\" srcset=\"https:\/\/smallthings.fr\/lespetitslivres\/wp-content\/uploads\/2021\/01\/Dark-Protectors-Talen-Rebecca-Zanetti.jpg 550w, https:\/\/smallthings.fr\/lespetitslivres\/wp-content\/uploads\/2021\/01\/Dark-Protectors-Talen-Rebecca-Zanetti-185x300.jpg 185w\" sizes=\"(max-width: 275px) 100vw, 275px\" \/><\/figure><\/div>\n\n\n\n<p class=\"has-text-align-justify\">Les \u00e2mes s\u0153urs existent aussi dans l\u2019univers de Rebecca Zanetti. En effet, les guerriers voient une marque appara\u00eetre sur leur corps lors de leur premier contact avec leurs \u00e2mes s\u0153urs. Lors de leur premi\u00e8re union, ils marquent \u00e0 leur tour leur compagne qui, gr\u00e2ce \u00e0 cela, sont moins vuln\u00e9rables. Elles obtiennent du pouvoir, de la force, qu\u2019elles tirent de leur compagnon.<\/p>\n\n\n\n<p class=\"has-text-align-justify\"><em>Talen<\/em>, charg\u00e9 de la protection du clan, fait une entr\u00e9e fracassante dans la vie de Cara, m\u00e8re c\u00e9libataire et scientifique accomplie. En pleine nuit, il entre de force chez elle et les emm\u00e8ne elle et sa fille dans un lieu s\u00fbr\u2026 car les ennemis de Talen sont sur les traces de Cara. Ils veulent la kidnapper pour la forcer \u00e0 se lier avec l\u2019un d\u2019entre eux. Eh oui, ce clan barbare se contrefiche des \u00e2mes s\u0153urs, ils entendent utiliser les femmes comme bon leur semble. <strong>Au lieu de compagnes, ils en font des esclaves, voire m\u00eame des rats de laboratoires pour leurs tests inhumains.<\/strong><\/p>\n\n\n\n<p class=\"has-text-align-justify\">Cara tente de lutter contre Talen, mais sa fille Janie, qui a des dons psychiques, le conna\u00eet d\u00e9j\u00e0 et lui dit qu\u2019il faut lui faire confiance. La fille a h\u00e9rit\u00e9 des talents de sa m\u00e8re\u2026 et bien plus encore&nbsp;! <strong>Elle sera la clef d\u2019une vieille proph\u00e9tie, rien de moins.<\/strong> Alors bien s\u00fbr, la m\u00e8re et la fille sont en grand danger. Malgr\u00e9 son attirance ind\u00e9niable pour Talen, Cara se m\u00e9fie. Elle fera pourtant tout pour mettre Janie en s\u00e9curit\u00e9, quitte \u00e0 devoir se marier avec cet homme \u00e9trange qui lui dit \u00eatre un vampire.<\/p>\n\n\n\n<p class=\"has-text-align-justify\"><strong>Les intrigues s\u2019entrem\u00ealent et on d\u00e9couvre de nombreux personnages au fil des pages.<\/strong> Les fr\u00e8res de Talen sont tr\u00e8s attachants et on comprend rapidement que chaque tome aura l\u2019un des fr\u00e8res comme personnage principal, car chacun doit trouver sa compagne. Pour Talen, c\u2019est chose faite, il a re\u00e7u la marque d\u00e8s son entr\u00e9e dans la maison de Cara, mais il devra faire face aux r\u00e9ticences de la jeune femme et aux manigances de ses ennemis. Pas s\u00fbr que tout le monde s\u2019en sorte indemne\u2026<\/p>\n\n\n\n<p class=\"has-text-align-justify\"><strong>Ce que j\u2019ai le plus ador\u00e9, ce sont les autres cr\u00e9atures imaginaires qui viennent peupler le r\u00e9cit.<\/strong> Elles apportent un plus \u00e0 l\u2019histoire, notamment avec des intrigues parall\u00e8les vraiment captivantes. Cela donne envie de lire les autres tomes rapidement&nbsp;!<\/p>\n\n\n\n<p class=\"has-text-align-justify\"><em>Dark Protectors<\/em> est une superbe saga, sup\u00e9rieure \u00e0 <em>La confr\u00e9rie de la dague noire<\/em> \u00e0 mon sens, car les intrigues sont plus d\u00e9velopp\u00e9es, il y a beaucoup de recherche, et beaucoup moins de descriptions \u00e0 rallonge. <strong>L\u2019humour est pr\u00e9sent de bout en bout, c\u2019est rafra\u00eechissant, cela vient all\u00e9ger toutes les abominations que l\u2019on d\u00e9couvre sur les ennemis des fr\u00e8res. <\/strong>En bref, Talen est un tr\u00e8s bon premier tome, les bases sont pos\u00e9es et on en veut plus&nbsp;!<\/p>\n\n\n\n<p><span style=\"text-decoration: underline;\">Extrait<\/span>&nbsp;:<\/p>\n\n\n\n<blockquote class=\"wp-block-quote\"><p>&#8211; Maman, maman, r\u00e9veille-toi\u00a0!<br>Des mains minuscules agripp\u00e8rent la chemise de nuit de Cara, la secouant de toutes leurs forces. La jeune femme s\u2019\u00e9veilla en sursaut, le c\u0153ur battant, et se retrouva face \u00e0 deux billes bleus terrifi\u00e9s dans l\u2019aube naissante. La petite devait avoir eu un nouveau cauchemar.<br>&#8211; Janie, qu\u2019est-ce qu\u2019il y a ma puce\u00a0?<br>&#8211; Ils sont l\u00e0. Les m\u00e9chants, ils arrivent. Il faut qu\u2019on s\u2019en aille, hoqueta l\u2019enfant avant de pousser un sanglot aigu. [\u2026]<br>Tout va bien, mon poussin, dit-elle en allumant sa lampe de chevet. Je suis s\u00fbre que ce n\u2019\u00e9tait qu\u2019un mauvais r\u00ea\u2026<br>Soudain, un craquement sonore retentit dans la pi\u00e8ce et Cara poussa un cri. Quelqu\u2019un venait d\u2019enfoncer la porte.<\/p><\/blockquote>\n","protected":false},"excerpt":{"rendered":"<p>Talen est le premier tome de la saga Dark Protectors de Rebecca Zanetti. Il sort aujourd\u2019hui aux \u00e9ditions Milady, en m\u00eame temps que le tome 2, Dage. Dans cet univers sombre, chaque guerrier a son \u00e2me s\u0153ur, et ces derniers devront se battre contre leurs ennemis jur\u00e9s pour sauver leurs promises humaines. Une s\u00e9rie captivante&nbsp;!<\/p>\n","protected":false},"author":14,"featured_media":32189,"comment_status":"open","ping_status":"open","sticky":false,"template":"","format":"standard","meta":{"jetpack_post_was_ever_published":false,"_jetpack_newsletter_access":"","_jetpack_newsletter_tier_id":0,"footnotes":"","jetpack_publicize_message":"","jetpack_is_tweetstorm":false,"jetpack_publicize_feature_enabled":true,"jetpack_social_post_already_shared":true,"jetpack_social_options":{"image_generator_settings":{"template":"highway","enabled":false}}},"categories":[1107],"tags":[831,2251,2254,805,2252,2253],"jetpack_publicize_connections":[],"yoast_head":"<!-- This site is optimized with the Yoast SEO plugin v21.5 - https:\/\/yoast.com\/wordpress\/plugins\/seo\/ -->\n<title>Dark Protectors, la nouvelle s\u00e9rie pour les fans de bit-lit - Les Petits Livres<\/title>\n<meta name=\"robots\" content=\"index, follow, max-snippet:-1, max-image-preview:large, max-video-preview:-1\" \/>\n<link rel=\"canonical\" href=\"https:\/\/smallthings.fr\/lespetitslivres\/2021\/01\/20\/dark-protectors-talen\/\" \/>\n<meta property=\"og:locale\" content=\"fr_FR\" \/>\n<meta property=\"og:type\" content=\"article\" \/>\n<meta property=\"og:title\" content=\"Dark Protectors, la nouvelle s\u00e9rie pour les fans de bit-lit - Les Petits Livres\" \/>\n<meta property=\"og:description\" content=\"Talen est le premier tome de la saga Dark Protectors de Rebecca Zanetti. Il sort aujourd\u2019hui aux \u00e9ditions Milady, en m\u00eame temps que le tome 2, Dage. Dans cet univers sombre, chaque guerrier a son \u00e2me s\u0153ur, et ces derniers devront se battre contre leurs ennemis jur\u00e9s pour sauver leurs promises humaines. Une s\u00e9rie captivante&nbsp;!\" \/>\n<meta property=\"og:url\" content=\"https:\/\/smallthings.fr\/lespetitslivres\/2021\/01\/20\/dark-protectors-talen\/\" \/>\n<meta property=\"og:site_name\" content=\"Les Petits Livres\" \/>\n<meta property=\"article:published_time\" content=\"2021-01-20T13:10:00+00:00\" \/>\n<meta property=\"article:modified_time\" content=\"2021-01-17T13:38:14+00:00\" \/>\n<meta property=\"og:image\" content=\"https:\/\/smallthings.fr\/lespetitslivres\/wp-content\/uploads\/2021\/01\/Dark-Protectors-Talen-Rebecca-Zanetti-3.jpg\" \/>\n\t<meta property=\"og:image:width\" content=\"547\" \/>\n\t<meta property=\"og:image:height\" content=\"376\" \/>\n\t<meta property=\"og:image:type\" content=\"image\/jpeg\" \/>\n<meta name=\"author\" content=\"Jennifer\" \/>\n<meta name=\"twitter:card\" content=\"summary_large_image\" \/>\n<meta name=\"twitter:label1\" content=\"\u00c9crit par\" \/>\n\t<meta name=\"twitter:data1\" content=\"Jennifer\" \/>\n\t<meta name=\"twitter:label2\" content=\"Dur\u00e9e de lecture estim\u00e9e\" \/>\n\t<meta name=\"twitter:data2\" content=\"4 minutes\" \/>\n<script type=\"application\/ld+json\" class=\"yoast-schema-graph\">{\"@context\":\"https:\/\/schema.org\",\"@graph\":[{\"@type\":\"WebPage\",\"@id\":\"https:\/\/smallthings.fr\/lespetitslivres\/2021\/01\/20\/dark-protectors-talen\/\",\"url\":\"https:\/\/smallthings.fr\/lespetitslivres\/2021\/01\/20\/dark-protectors-talen\/\",\"name\":\"Dark Protectors, la nouvelle s\u00e9rie pour les fans de bit-lit - Les Petits Livres\",\"isPartOf\":{\"@id\":\"https:\/\/smallthings.fr\/lespetitslivres\/#website\"},\"datePublished\":\"2021-01-20T13:10:00+00:00\",\"dateModified\":\"2021-01-17T13:38:14+00:00\",\"author\":{\"@id\":\"https:\/\/smallthings.fr\/lespetitslivres\/#\/schema\/person\/bb8808220f912e72f01f7a55924d9ad1\"},\"breadcrumb\":{\"@id\":\"https:\/\/smallthings.fr\/lespetitslivres\/2021\/01\/20\/dark-protectors-talen\/#breadcrumb\"},\"inLanguage\":\"fr-FR\",\"potentialAction\":[{\"@type\":\"ReadAction\",\"target\":[\"https:\/\/smallthings.fr\/lespetitslivres\/2021\/01\/20\/dark-protectors-talen\/\"]}]},{\"@type\":\"BreadcrumbList\",\"@id\":\"https:\/\/smallthings.fr\/lespetitslivres\/2021\/01\/20\/dark-protectors-talen\/#breadcrumb\",\"itemListElement\":[{\"@type\":\"ListItem\",\"position\":1,\"name\":\"Accueil\",\"item\":\"https:\/\/smallthings.fr\/lespetitslivres\/\"},{\"@type\":\"ListItem\",\"position\":2,\"name\":\"Dark Protectors, la nouvelle s\u00e9rie pour les fans de bit-lit\"}]},{\"@type\":\"WebSite\",\"@id\":\"https:\/\/smallthings.fr\/lespetitslivres\/#website\",\"url\":\"https:\/\/smallthings.fr\/lespetitslivres\/\",\"name\":\"Les Petits Livres\",\"description\":\"by Small Things\",\"potentialAction\":[{\"@type\":\"SearchAction\",\"target\":{\"@type\":\"EntryPoint\",\"urlTemplate\":\"https:\/\/smallthings.fr\/lespetitslivres\/?s={search_term_string}\"},\"query-input\":\"required name=search_term_string\"}],\"inLanguage\":\"fr-FR\"},{\"@type\":\"Person\",\"@id\":\"https:\/\/smallthings.fr\/lespetitslivres\/#\/schema\/person\/bb8808220f912e72f01f7a55924d9ad1\",\"name\":\"Jennifer\",\"image\":{\"@type\":\"ImageObject\",\"inLanguage\":\"fr-FR\",\"@id\":\"https:\/\/smallthings.fr\/lespetitslivres\/#\/schema\/person\/image\/\",\"url\":\"https:\/\/secure.gravatar.com\/avatar\/ffcd6b107b6b18c3d5201f1bcc631683?s=96&d=retro&r=g\",\"contentUrl\":\"https:\/\/secure.gravatar.com\/avatar\/ffcd6b107b6b18c3d5201f1bcc631683?s=96&d=retro&r=g\",\"caption\":\"Jennifer\"},\"url\":\"https:\/\/smallthings.fr\/lespetitslivres\/author\/jennifer\/\"}]}<\/script>\n<!-- \/ Yoast SEO plugin. -->","yoast_head_json":{"title":"Dark Protectors, la nouvelle s\u00e9rie pour les fans de bit-lit - Les Petits Livres","robots":{"index":"index","follow":"follow","max-snippet":"max-snippet:-1","max-image-preview":"max-image-preview:large","max-video-preview":"max-video-preview:-1"},"canonical":"https:\/\/smallthings.fr\/lespetitslivres\/2021\/01\/20\/dark-protectors-talen\/","og_locale":"fr_FR","og_type":"article","og_title":"Dark Protectors, la nouvelle s\u00e9rie pour les fans de bit-lit - Les Petits Livres","og_description":"Talen est le premier tome de la saga Dark Protectors de Rebecca Zanetti. Il sort aujourd\u2019hui aux \u00e9ditions Milady, en m\u00eame temps que le tome 2, Dage. Dans cet univers sombre, chaque guerrier a son \u00e2me s\u0153ur, et ces derniers devront se battre contre leurs ennemis jur\u00e9s pour sauver leurs promises humaines. Une s\u00e9rie captivante&nbsp;!","og_url":"https:\/\/smallthings.fr\/lespetitslivres\/2021\/01\/20\/dark-protectors-talen\/","og_site_name":"Les Petits Livres","article_published_time":"2021-01-20T13:10:00+00:00","article_modified_time":"2021-01-17T13:38:14+00:00","og_image":[{"width":547,"height":376,"url":"https:\/\/smallthings.fr\/lespetitslivres\/wp-content\/uploads\/2021\/01\/Dark-Protectors-Talen-Rebecca-Zanetti-3.jpg","type":"image\/jpeg"}],"author":"Jennifer","twitter_card":"summary_large_image","twitter_misc":{"\u00c9crit par":"Jennifer","Dur\u00e9e de lecture estim\u00e9e":"4 minutes"},"schema":{"@context":"https:\/\/schema.org","@graph":[{"@type":"WebPage","@id":"https:\/\/smallthings.fr\/lespetitslivres\/2021\/01\/20\/dark-protectors-talen\/","url":"https:\/\/smallthings.fr\/lespetitslivres\/2021\/01\/20\/dark-protectors-talen\/","name":"Dark Protectors, la nouvelle s\u00e9rie pour les fans de bit-lit - Les Petits Livres","isPartOf":{"@id":"https:\/\/smallthings.fr\/lespetitslivres\/#website"},"datePublished":"2021-01-20T13:10:00+00:00","dateModified":"2021-01-17T13:38:14+00:00","author":{"@id":"https:\/\/smallthings.fr\/lespetitslivres\/#\/schema\/person\/bb8808220f912e72f01f7a55924d9ad1"},"breadcrumb":{"@id":"https:\/\/smallthings.fr\/lespetitslivres\/2021\/01\/20\/dark-protectors-talen\/#breadcrumb"},"inLanguage":"fr-FR","potentialAction":[{"@type":"ReadAction","target":["https:\/\/smallthings.fr\/lespetitslivres\/2021\/01\/20\/dark-protectors-talen\/"]}]},{"@type":"BreadcrumbList","@id":"https:\/\/smallthings.fr\/lespetitslivres\/2021\/01\/20\/dark-protectors-talen\/#breadcrumb","itemListElement":[{"@type":"ListItem","position":1,"name":"Accueil","item":"https:\/\/smallthings.fr\/lespetitslivres\/"},{"@type":"ListItem","position":2,"name":"Dark Protectors, la nouvelle s\u00e9rie pour les fans de bit-lit"}]},{"@type":"WebSite","@id":"https:\/\/smallthings.fr\/lespetitslivres\/#website","url":"https:\/\/smallthings.fr\/lespetitslivres\/","name":"Les Petits Livres","description":"by Small Things","potentialAction":[{"@type":"SearchAction","target":{"@type":"EntryPoint","urlTemplate":"https:\/\/smallthings.fr\/lespetitslivres\/?s={search_term_string}"},"query-input":"required name=search_term_string"}],"inLanguage":"fr-FR"},{"@type":"Person","@id":"https:\/\/smallthings.fr\/lespetitslivres\/#\/schema\/person\/bb8808220f912e72f01f7a55924d9ad1","name":"Jennifer","image":{"@type":"ImageObject","inLanguage":"fr-FR","@id":"https:\/\/smallthings.fr\/lespetitslivres\/#\/schema\/person\/image\/","url":"https:\/\/secure.gravatar.com\/avatar\/ffcd6b107b6b18c3d5201f1bcc631683?s=96&d=retro&r=g","contentUrl":"https:\/\/secure.gravatar.com\/avatar\/ffcd6b107b6b18c3d5201f1bcc631683?s=96&d=retro&r=g","caption":"Jennifer"},"url":"https:\/\/smallthings.fr\/lespetitslivres\/author\/jennifer\/"}]}},"jetpack_featured_media_url":"https:\/\/smallthings.fr\/lespetitslivres\/wp-content\/uploads\/2021\/01\/Dark-Protectors-Talen-Rebecca-Zanetti-3.jpg","jetpack_sharing_enabled":true,"jetpack_shortlink":"https:\/\/wp.me\/p6Un21-8n9","jetpack-related-posts":[{"id":32194,"url":"https:\/\/smallthings.fr\/lespetitslivres\/2021\/01\/21\/dark-protectors-dage\/","url_meta":{"origin":32187,"position":0},"title":"Dage, second tome de la saga Dark Protectors","author":"Jennifer","date":"21 janvier 2021","format":false,"excerpt":"Les tomes de la saga Dark Protectors de Rebecca Zanetti s\u2019encha\u00eenent chez les \u00e9ditions Milady\u00a0! Apr\u00e8s Talen, c\u2019est au tour de Dage de devenir le personnage principal. Il va devoir retrouver son \u00e2me s\u0153ur, kidnapp\u00e9e par le clan ennemi, tout en devant lutter contre une nouvelle maladie qui s\u2019attaque aux\u2026","rel":"","context":"Dans &quot;Fantastique&quot;","block_context":{"text":"Fantastique","link":"https:\/\/smallthings.fr\/lespetitslivres\/category\/imaginaire\/fantastique\/"},"img":{"alt_text":"","src":"https:\/\/i0.wp.com\/smallthings.fr\/lespetitslivres\/wp-content\/uploads\/2021\/01\/Darks-protectors-Dage-Rebecca-ZAnetti-3.jpg?resize=350%2C200&ssl=1","width":350,"height":200,"srcset":"https:\/\/i0.wp.com\/smallthings.fr\/lespetitslivres\/wp-content\/uploads\/2021\/01\/Darks-protectors-Dage-Rebecca-ZAnetti-3.jpg?resize=350%2C200&ssl=1 1x, https:\/\/i0.wp.com\/smallthings.fr\/lespetitslivres\/wp-content\/uploads\/2021\/01\/Darks-protectors-Dage-Rebecca-ZAnetti-3.jpg?resize=525%2C300&ssl=1 1.5x"},"classes":[]},{"id":32256,"url":"https:\/\/smallthings.fr\/lespetitslivres\/2021\/08\/04\/dark-protectors-kane-rebecca-zanetti\/","url_meta":{"origin":32187,"position":1},"title":"Dark Protectors, Kane, de Rebecca Zanetti","author":"Jennifer","date":"4 ao\u00fbt 2021","format":false,"excerpt":"Kane est le cinqui\u00e8me tome de la saga bit-lit Dark Protectors de Rebecca Zanetti. Sorti le 7 juillet dernier chez les \u00e9ditions Milady, ce volet \u00e9tait attendu avec impatience par les fans des fr\u00e8res vampires. En effet, Kane est un personnage tr\u00e8s int\u00e9ressant. Plut\u00f4t casanier, il va devoir accomplir une\u2026","rel":"","context":"Dans &quot;Fantastique&quot;","block_context":{"text":"Fantastique","link":"https:\/\/smallthings.fr\/lespetitslivres\/category\/imaginaire\/fantastique\/"},"img":{"alt_text":"","src":"https:\/\/i0.wp.com\/smallthings.fr\/lespetitslivres\/wp-content\/uploads\/2021\/08\/Dark-Protectors-Kane-Rebecca-Zanetti-2.jpg?resize=350%2C200&ssl=1","width":350,"height":200,"srcset":"https:\/\/i0.wp.com\/smallthings.fr\/lespetitslivres\/wp-content\/uploads\/2021\/08\/Dark-Protectors-Kane-Rebecca-Zanetti-2.jpg?resize=350%2C200&ssl=1 1x, https:\/\/i0.wp.com\/smallthings.fr\/lespetitslivres\/wp-content\/uploads\/2021\/08\/Dark-Protectors-Kane-Rebecca-Zanetti-2.jpg?resize=525%2C300&ssl=1 1.5x"},"classes":[]},{"id":32200,"url":"https:\/\/smallthings.fr\/lespetitslivres\/2021\/02\/14\/dark-protector-conn\/","url_meta":{"origin":32187,"position":2},"title":"Dark Protectors : Conn","author":"Jennifer","date":"14 f\u00e9vrier 2021","format":false,"excerpt":"Conn est le troisi\u00e8me tome de la saga Dark Protectors de Rebecca Zanetti, publi\u00e9e chez les \u00e9ditions Milady. Un volet particuli\u00e8rement bien r\u00e9ussi qui nous fait entrer dans le monde des sorci\u00e8res et de leurs secrets. Apr\u00e8s Talen (chronique ici) et Dage (chronique ici), c\u2019est au tour de Conin de\u2026","rel":"","context":"Dans &quot;Fantastique&quot;","block_context":{"text":"Fantastique","link":"https:\/\/smallthings.fr\/lespetitslivres\/category\/imaginaire\/fantastique\/"},"img":{"alt_text":"","src":"https:\/\/i0.wp.com\/smallthings.fr\/lespetitslivres\/wp-content\/uploads\/2021\/02\/Dark-Protectors-Conin-milady-2.jpg?resize=350%2C200&ssl=1","width":350,"height":200,"srcset":"https:\/\/i0.wp.com\/smallthings.fr\/lespetitslivres\/wp-content\/uploads\/2021\/02\/Dark-Protectors-Conin-milady-2.jpg?resize=350%2C200&ssl=1 1x, https:\/\/i0.wp.com\/smallthings.fr\/lespetitslivres\/wp-content\/uploads\/2021\/02\/Dark-Protectors-Conin-milady-2.jpg?resize=525%2C300&ssl=1 1.5x"},"classes":[]},{"id":32231,"url":"https:\/\/smallthings.fr\/lespetitslivres\/2021\/07\/04\/dark-protectors-jordan\/","url_meta":{"origin":32187,"position":3},"title":"Dark Protectors, Jordan, de Rebecca Zanetti","author":"Jennifer","date":"4 juillet 2021","format":false,"excerpt":"Rebecca Zanetti revient avec le quatri\u00e8me tome de la sublime saga bit-lit Dark Protectors\u00a0: Jordan. Sorti fin avril chez les \u00e9ditions Milady, ce nouvel opus met en avant Katie et Jordan qui se cherchent depuis le tome 1, mais qui doivent faire face \u00e0 des \u00e9preuves presque insurmontables. Et si\u2026","rel":"","context":"Dans &quot;Fantastique&quot;","block_context":{"text":"Fantastique","link":"https:\/\/smallthings.fr\/lespetitslivres\/category\/imaginaire\/fantastique\/"},"img":{"alt_text":"","src":"https:\/\/i0.wp.com\/smallthings.fr\/lespetitslivres\/wp-content\/uploads\/2021\/07\/dark-protectors-jordan-rebecca-SZanetti-milady-2.jpg?resize=350%2C200&ssl=1","width":350,"height":200,"srcset":"https:\/\/i0.wp.com\/smallthings.fr\/lespetitslivres\/wp-content\/uploads\/2021\/07\/dark-protectors-jordan-rebecca-SZanetti-milady-2.jpg?resize=350%2C200&ssl=1 1x, https:\/\/i0.wp.com\/smallthings.fr\/lespetitslivres\/wp-content\/uploads\/2021\/07\/dark-protectors-jordan-rebecca-SZanetti-milady-2.jpg?resize=525%2C300&ssl=1 1.5x"},"classes":[]},{"id":32297,"url":"https:\/\/smallthings.fr\/lespetitslivres\/2022\/02\/13\/dark-protectors-zane\/","url_meta":{"origin":32187,"position":4},"title":"Dark Protectors : enfin le livre sur Zane et Janie !","author":"Jennifer","date":"13 f\u00e9vrier 2022","format":false,"excerpt":"La saga Dark Protectors de Rebecca Zanetti fait des \u00e9mules parmi les fans de bitlit depuis la sortie du tout premier tome. Chaque livre apporte un plus \u00e0 l\u2019intrigue g\u00e9n\u00e9rale et nous permet de d\u00e9couvrir des personnages en profondeur. Ce septi\u00e8me tome, sorti le 19 janvier dernier chez les \u00e9ditions\u2026","rel":"","context":"Dans &quot;Fantastique&quot;","block_context":{"text":"Fantastique","link":"https:\/\/smallthings.fr\/lespetitslivres\/category\/imaginaire\/fantastique\/"},"img":{"alt_text":"","src":"https:\/\/i0.wp.com\/smallthings.fr\/lespetitslivres\/wp-content\/uploads\/2022\/02\/Dark-Protectors-Zane-Rebecca-Zanetti-3.jpg?resize=350%2C200&ssl=1","width":350,"height":200,"srcset":"https:\/\/i0.wp.com\/smallthings.fr\/lespetitslivres\/wp-content\/uploads\/2022\/02\/Dark-Protectors-Zane-Rebecca-Zanetti-3.jpg?resize=350%2C200&ssl=1 1x, https:\/\/i0.wp.com\/smallthings.fr\/lespetitslivres\/wp-content\/uploads\/2022\/02\/Dark-Protectors-Zane-Rebecca-Zanetti-3.jpg?resize=525%2C300&ssl=1 1.5x"},"classes":[]},{"id":32292,"url":"https:\/\/smallthings.fr\/lespetitslivres\/2022\/01\/10\/dark-protectors-jase\/","url_meta":{"origin":32187,"position":5},"title":"Jase, 6\u00e8me tome de la saga \u00e0 succ\u00e8s Dark Protectors","author":"Jennifer","date":"10 janvier 2022","format":false,"excerpt":"Dark Protectors, la saga bit-lit \u00e9crite par Suzanne Wright, encha\u00eene les coups de c\u0153ur des lectrices\u00a0! Le sixi\u00e8me tome met en sc\u00e8ne Jase et est sorti le 20 octobre dernier chez les \u00e9ditions Milady. C\u2019est au tour de notre guerrier enfin sorti des griffes des d\u00e9mons de trouver son \u00e2me\u2026","rel":"","context":"Dans &quot;Fantastique&quot;","block_context":{"text":"Fantastique","link":"https:\/\/smallthings.fr\/lespetitslivres\/category\/imaginaire\/fantastique\/"},"img":{"alt_text":"","src":"https:\/\/i0.wp.com\/smallthings.fr\/lespetitslivres\/wp-content\/uploads\/2022\/01\/dark-protectors-Jase-rebecca-Zanetti-2.jpg?resize=350%2C200&ssl=1","width":350,"height":200,"srcset":"https:\/\/i0.wp.com\/smallthings.fr\/lespetitslivres\/wp-content\/uploads\/2022\/01\/dark-protectors-Jase-rebecca-Zanetti-2.jpg?resize=350%2C200&ssl=1 1x, https:\/\/i0.wp.com\/smallthings.fr\/lespetitslivres\/wp-content\/uploads\/2022\/01\/dark-protectors-Jase-rebecca-Zanetti-2.jpg?resize=525%2C300&ssl=1 1.5x"},"classes":[]}],"_links":{"self":[{"href":"https:\/\/smallthings.fr\/lespetitslivres\/wp-json\/wp\/v2\/posts\/32187"}],"collection":[{"href":"https:\/\/smallthings.fr\/lespetitslivres\/wp-json\/wp\/v2\/posts"}],"about":[{"href":"https:\/\/smallthings.fr\/lespetitslivres\/wp-json\/wp\/v2\/types\/post"}],"author":[{"embeddable":true,"href":"https:\/\/smallthings.fr\/lespetitslivres\/wp-json\/wp\/v2\/users\/14"}],"replies":[{"embeddable":true,"href":"https:\/\/smallthings.fr\/lespetitslivres\/wp-json\/wp\/v2\/comments?post=32187"}],"version-history":[{"count":4,"href":"https:\/\/smallthings.fr\/lespetitslivres\/wp-json\/wp\/v2\/posts\/32187\/revisions"}],"predecessor-version":[{"id":32193,"href":"https:\/\/smallthings.fr\/lespetitslivres\/wp-json\/wp\/v2\/posts\/32187\/revisions\/32193"}],"wp:featuredmedia":[{"embeddable":true,"href":"https:\/\/smallthings.fr\/lespetitslivres\/wp-json\/wp\/v2\/media\/32189"}],"wp:attachment":[{"href":"https:\/\/smallthings.fr\/lespetitslivres\/wp-json\/wp\/v2\/media?parent=32187"}],"wp:term":[{"taxonomy":"category","embeddable":true,"href":"https:\/\/smallthings.fr\/lespetitslivres\/wp-json\/wp\/v2\/categories?post=32187"},{"taxonomy":"post_tag","embeddable":true,"href":"https:\/\/smallthings.fr\/lespetitslivres\/wp-json\/wp\/v2\/tags?post=32187"}],"curies":[{"name":"wp","href":"https:\/\/api.w.org\/{rel}","templated":true}]}}