{"id":32113,"date":"2020-05-13T17:27:12","date_gmt":"2020-05-13T16:27:12","guid":{"rendered":"http:\/\/smallthings.fr\/lespetitslivres\/?p=32113"},"modified":"2020-05-13T17:27:16","modified_gmt":"2020-05-13T16:27:16","slug":"temple-des-derniers-jours-adam-nevill","status":"publish","type":"post","link":"https:\/\/smallthings.fr\/lespetitslivres\/2020\/05\/13\/temple-des-derniers-jours-adam-nevill\/","title":{"rendered":"Le temple des derniers jours de Adam Nevill : la d\u00e9ception"},"content":{"rendered":"\n<h3 class=\"wp-block-heading\">Adam Nevill, auteur de <em>Appartement 16 ,<\/em> a sorti en poche chez <a rel=\"noreferrer noopener\" aria-label=\"Bragelonne  (opens in a new tab)\" href=\"https:\/\/www.bragelonne.fr\/catalogue\/9791028105747-derniers-jours\/\" target=\"_blank\">Bragelonne <\/a> <em>Le temple des derniers jours<\/em>. Un thriller surnaturel au fort potentiel, mais qui m\u2019a d\u00e9\u00e7ue. <\/h3>\n\n\n\n<p class=\"has-text-align-justify\">Il m\u2019aura fallu pas moins de cinq mois pour venir \u00e0 bout du <em>Temple des derniers jours<\/em>. Le roman d\u2019Adam Nevill part d\u2019une super id\u00e9e, celui d\u2019un r\u00e9alisateur de documentaires qui veut raconter l\u2019histoire macabre d\u2019une secte, mais le style de l\u2019auteur aura eu beaucoup de mal \u00e0 me convaincre. <\/p>\n\n\n\n<p class=\"has-text-align-justify\"><strong>Une plume non immersive, des descriptions \u00e0 rallonge, aucun sentiment de frayeur ou m\u00eame de suspense, voil\u00e0 comment passer \u00e0 c\u00f4t\u00e9 d\u2019un livre.<\/strong> Si les avis sur ce roman sont presque tous dithyrambiques, je suis d\u00e9\u00e7ue de ne pas avoir \u00e9t\u00e9 conquise. Le style m\u2019a paru lourd et je n\u2019ai vraiment pas r\u00e9ussi \u00e0 entrer dans l\u2019histoire, \u00e0 avoir peur pour les personnages\u2026 Ce livre \u00e9tant class\u00e9 en \u00ab\u00a0terreur\u00a0\u00bb par l\u2019\u00e9diteur, je m\u2019attendais s\u00fbrement \u00e0 beaucoup plus\u00a0! Il n\u2019en reste pas moins que l\u2019histoire est int\u00e9ressante et que, si elle avait \u00e9t\u00e9 racont\u00e9e autrement, elle m\u2019aurait assur\u00e9ment s\u00e9duite.<\/p>\n\n\n\n<div class=\"wp-block-image\"><figure class=\"alignright size-large is-resized\"><img decoding=\"async\" data-attachment-id=\"32114\" data-permalink=\"https:\/\/smallthings.fr\/lespetitslivres\/2020\/05\/13\/temple-des-derniers-jours-adam-nevill\/le-temple-des-derniers-jours-adam-neville\/\" data-orig-file=\"https:\/\/smallthings.fr\/lespetitslivres\/wp-content\/uploads\/2020\/05\/Le-temple-des-derniers-jours-Adam-Neville.jpg\" data-orig-size=\"1400,2265\" data-comments-opened=\"1\" data-image-meta=\"{&quot;aperture&quot;:&quot;0&quot;,&quot;credit&quot;:&quot;&quot;,&quot;camera&quot;:&quot;&quot;,&quot;caption&quot;:&quot;&quot;,&quot;created_timestamp&quot;:&quot;0&quot;,&quot;copyright&quot;:&quot;&quot;,&quot;focal_length&quot;:&quot;0&quot;,&quot;iso&quot;:&quot;0&quot;,&quot;shutter_speed&quot;:&quot;0&quot;,&quot;title&quot;:&quot;&quot;,&quot;orientation&quot;:&quot;0&quot;}\" data-image-title=\"Le-temple-des-derniers-jours-Adam-Neville\" data-image-description=\"\" data-image-caption=\"\" data-medium-file=\"https:\/\/smallthings.fr\/lespetitslivres\/wp-content\/uploads\/2020\/05\/Le-temple-des-derniers-jours-Adam-Neville-185x300.jpg\" data-large-file=\"https:\/\/smallthings.fr\/lespetitslivres\/wp-content\/uploads\/2020\/05\/Le-temple-des-derniers-jours-Adam-Neville-633x1024.jpg\" src=\"https:\/\/i0.wp.com\/smallthings.fr\/lespetitslivres\/wp-content\/uploads\/2020\/05\/Le-temple-des-derniers-jours-Adam-Neville.jpg?fit=633%2C1024\" alt=\"\" class=\"wp-image-32114\" width=\"250\" srcset=\"https:\/\/smallthings.fr\/lespetitslivres\/wp-content\/uploads\/2020\/05\/Le-temple-des-derniers-jours-Adam-Neville.jpg 1400w, https:\/\/smallthings.fr\/lespetitslivres\/wp-content\/uploads\/2020\/05\/Le-temple-des-derniers-jours-Adam-Neville-185x300.jpg 185w, https:\/\/smallthings.fr\/lespetitslivres\/wp-content\/uploads\/2020\/05\/Le-temple-des-derniers-jours-Adam-Neville-633x1024.jpg 633w, https:\/\/smallthings.fr\/lespetitslivres\/wp-content\/uploads\/2020\/05\/Le-temple-des-derniers-jours-Adam-Neville-768x1243.jpg 768w, https:\/\/smallthings.fr\/lespetitslivres\/wp-content\/uploads\/2020\/05\/Le-temple-des-derniers-jours-Adam-Neville-949x1536.jpg 949w, https:\/\/smallthings.fr\/lespetitslivres\/wp-content\/uploads\/2020\/05\/Le-temple-des-derniers-jours-Adam-Neville-1266x2048.jpg 1266w\" sizes=\"(max-width: 1400px) 100vw, 1400px\" \/><\/figure><\/div>\n\n\n\n<p class=\"has-text-align-justify\">Kyle Freeeman est un r\u00e9alisateur de documentaires avec beaucoup de dettes. Quand il re\u00e7oit une proposition miracle du directeur de R\u00e9v\u00e9lation Productions, il n\u2019h\u00e9site pas une seconde\u00a0! Son r\u00f4le sera de raconter l\u2019histoire de la tristement c\u00e9l\u00e8bre secte <em>Le temple des derniers jours<\/em> en se rendant sur les lieux o\u00f9 la secte a v\u00e9cu et en interviewant d\u2019anciens membres. <strong>Le but est de mettre en avant le c\u00f4t\u00e9 surnaturel du groupe et de son personnage embl\u00e9matique, S\u0153ur Katherine. <\/strong><\/p>\n\n\n\n<p class=\"has-text-align-justify\">Si Kyle pense pouvoir se faire de l\u2019argent facilement, il va vite d\u00e9chanter. Son cameraman et lui-m\u00eame vont \u00eatre t\u00e9moins de ph\u00e9nom\u00e8nes tr\u00e8s \u00e9tranges. <strong>Ces cart\u00e9siens de nature vont retourner leurs vestes face aux apparitions inexpliqu\u00e9es qui n\u2019auront de cesse de les tourmenter. <\/strong><\/p>\n\n\n\n<p class=\"has-text-align-justify\"><strong>L\u2019histoire d\u2019Adam Nevill est int\u00e9ressante et a le potentiel pour angoisser de nombreux lecteurs.<\/strong> Les personnages de la secte sont franchement travaill\u00e9s, les ph\u00e9nom\u00e8nes paranormaux arrivent aux bons moments. Il y a un gros travail dans ce livre. On appr\u00e9cie de voir Kyle douter et on esp\u00e8re assister \u00e0 plus de sc\u00e8nes poignantes. Bien s\u00fbr, celles-ci se font attendre et manquent (\u00e0 mon go\u00fbt) de poigne, mais ce sont finalement les moments que j\u2019ai le plus appr\u00e9ci\u00e9s dans le livre. <\/p>\n\n\n\n<p class=\"has-text-align-justify\">Adeptes de myst\u00e8res et d\u2019histoires expliqu\u00e9es avec de maintes descriptions, <em>Le temple des derniers jours<\/em> est fait pour vous\u00a0! Pour ma part, <strong>bien que l\u2019id\u00e9e m\u2019ait vraiment plu, il m\u2019aura manqu\u00e9 du suspense et des sc\u00e8nes plus vivantes, plus prenantes. <\/strong>Les descriptions aussi longues que lourdes seront venues \u00e0 bout de la lectrice que je suis.<\/p>\n\n\n\n<blockquote class=\"wp-block-quote\"><p>\u00ab\u00a0&#8211; Vous avez cinq jours pour vous familiariser avec le sujet. (Max poussa doucement du doigt le livre de Levine pour mettre l\u2019accent sur ce point.) J\u2019ai pris la libert\u00e9 de fixer un planning qui suit la chronologie des d\u00e9placements de la secte\u00a0: Londres, la France, l\u2019Arizona. Ce sera le pitch de votre film\u00a0: la trajectoire de ces gens, de la fondation du groupe \u00e0 son autodestruction. Six tournages en ext\u00e9rieur dans trois pays et en onze jours. Vous devez absolument tenir les d\u00e9lais. Le dossier contient des copies des images que je me suis procur\u00e9es pour les plans d\u2019archives. (Max sourit.) Alors, qu\u2019est-ce que vous en dites\u00a0?\u00a0\u00bb<\/p><\/blockquote>\n","protected":false},"excerpt":{"rendered":"<p>Adam Nevill, auteur de Appartement 16 , a sorti en poche chez Bragelonne Le temple des derniers jours. Un thriller surnaturel au fort potentiel, mais qui m\u2019a d\u00e9\u00e7ue. Il m\u2019aura fallu pas moins de cinq mois pour venir \u00e0 bout du Temple des derniers jours. Le roman d\u2019Adam Nevill part d\u2019une super id\u00e9e, celui d\u2019un<\/p>\n","protected":false},"author":14,"featured_media":32115,"comment_status":"open","ping_status":"open","sticky":false,"template":"","format":"standard","meta":{"jetpack_post_was_ever_published":false,"_jetpack_newsletter_access":"","_jetpack_newsletter_tier_id":0,"footnotes":"","jetpack_publicize_message":"","jetpack_is_tweetstorm":false,"jetpack_publicize_feature_enabled":true,"jetpack_social_post_already_shared":true,"jetpack_social_options":{"image_generator_settings":{"template":"highway","enabled":false}}},"categories":[1107],"tags":[2230,2231,1571,2229,2232],"jetpack_publicize_connections":[],"yoast_head":"<!-- This site is optimized with the Yoast SEO plugin v21.5 - https:\/\/yoast.com\/wordpress\/plugins\/seo\/ -->\n<title>Le temple des derniers jours de Adam Nevill : la d\u00e9ception - Les Petits Livres<\/title>\n<meta name=\"robots\" content=\"index, follow, max-snippet:-1, max-image-preview:large, max-video-preview:-1\" \/>\n<link rel=\"canonical\" href=\"http:\/\/smallthings.fr\/lespetitslivres\/2020\/05\/13\/temple-des-derniers-jours-adam-nevill\/\" \/>\n<meta property=\"og:locale\" content=\"fr_FR\" \/>\n<meta property=\"og:type\" content=\"article\" \/>\n<meta property=\"og:title\" content=\"Le temple des derniers jours de Adam Nevill : la d\u00e9ception - Les Petits Livres\" \/>\n<meta property=\"og:description\" content=\"Adam Nevill, auteur de Appartement 16 , a sorti en poche chez Bragelonne Le temple des derniers jours. Un thriller surnaturel au fort potentiel, mais qui m\u2019a d\u00e9\u00e7ue. Il m\u2019aura fallu pas moins de cinq mois pour venir \u00e0 bout du Temple des derniers jours. Le roman d\u2019Adam Nevill part d\u2019une super id\u00e9e, celui d\u2019un\" \/>\n<meta property=\"og:url\" content=\"http:\/\/smallthings.fr\/lespetitslivres\/2020\/05\/13\/temple-des-derniers-jours-adam-nevill\/\" \/>\n<meta property=\"og:site_name\" content=\"Les Petits Livres\" \/>\n<meta property=\"article:published_time\" content=\"2020-05-13T16:27:12+00:00\" \/>\n<meta property=\"article:modified_time\" content=\"2020-05-13T16:27:16+00:00\" \/>\n<meta property=\"og:image\" content=\"https:\/\/i0.wp.com\/smallthings.fr\/lespetitslivres\/wp-content\/uploads\/2020\/05\/Le-temple-des-derniers-jours-Adam-Neville-2.jpg?fit=1356%2C935\" \/>\n\t<meta property=\"og:image:width\" content=\"1356\" \/>\n\t<meta property=\"og:image:height\" content=\"935\" \/>\n\t<meta property=\"og:image:type\" content=\"image\/jpeg\" \/>\n<meta name=\"author\" content=\"Jennifer\" \/>\n<meta name=\"twitter:card\" content=\"summary_large_image\" \/>\n<meta name=\"twitter:label1\" content=\"\u00c9crit par\" \/>\n\t<meta name=\"twitter:data1\" content=\"Jennifer\" \/>\n\t<meta name=\"twitter:label2\" content=\"Dur\u00e9e de lecture estim\u00e9e\" \/>\n\t<meta name=\"twitter:data2\" content=\"3 minutes\" \/>\n<script type=\"application\/ld+json\" class=\"yoast-schema-graph\">{\"@context\":\"https:\/\/schema.org\",\"@graph\":[{\"@type\":\"WebPage\",\"@id\":\"http:\/\/smallthings.fr\/lespetitslivres\/2020\/05\/13\/temple-des-derniers-jours-adam-nevill\/\",\"url\":\"http:\/\/smallthings.fr\/lespetitslivres\/2020\/05\/13\/temple-des-derniers-jours-adam-nevill\/\",\"name\":\"Le temple des derniers jours de Adam Nevill : la d\u00e9ception - Les Petits Livres\",\"isPartOf\":{\"@id\":\"https:\/\/smallthings.fr\/lespetitslivres\/#website\"},\"datePublished\":\"2020-05-13T16:27:12+00:00\",\"dateModified\":\"2020-05-13T16:27:16+00:00\",\"author\":{\"@id\":\"https:\/\/smallthings.fr\/lespetitslivres\/#\/schema\/person\/bb8808220f912e72f01f7a55924d9ad1\"},\"breadcrumb\":{\"@id\":\"http:\/\/smallthings.fr\/lespetitslivres\/2020\/05\/13\/temple-des-derniers-jours-adam-nevill\/#breadcrumb\"},\"inLanguage\":\"fr-FR\",\"potentialAction\":[{\"@type\":\"ReadAction\",\"target\":[\"http:\/\/smallthings.fr\/lespetitslivres\/2020\/05\/13\/temple-des-derniers-jours-adam-nevill\/\"]}]},{\"@type\":\"BreadcrumbList\",\"@id\":\"http:\/\/smallthings.fr\/lespetitslivres\/2020\/05\/13\/temple-des-derniers-jours-adam-nevill\/#breadcrumb\",\"itemListElement\":[{\"@type\":\"ListItem\",\"position\":1,\"name\":\"Accueil\",\"item\":\"https:\/\/smallthings.fr\/lespetitslivres\/\"},{\"@type\":\"ListItem\",\"position\":2,\"name\":\"Le temple des derniers jours de Adam Nevill : la d\u00e9ception\"}]},{\"@type\":\"WebSite\",\"@id\":\"https:\/\/smallthings.fr\/lespetitslivres\/#website\",\"url\":\"https:\/\/smallthings.fr\/lespetitslivres\/\",\"name\":\"Les Petits Livres\",\"description\":\"by Small Things\",\"potentialAction\":[{\"@type\":\"SearchAction\",\"target\":{\"@type\":\"EntryPoint\",\"urlTemplate\":\"https:\/\/smallthings.fr\/lespetitslivres\/?s={search_term_string}\"},\"query-input\":\"required name=search_term_string\"}],\"inLanguage\":\"fr-FR\"},{\"@type\":\"Person\",\"@id\":\"https:\/\/smallthings.fr\/lespetitslivres\/#\/schema\/person\/bb8808220f912e72f01f7a55924d9ad1\",\"name\":\"Jennifer\",\"image\":{\"@type\":\"ImageObject\",\"inLanguage\":\"fr-FR\",\"@id\":\"https:\/\/smallthings.fr\/lespetitslivres\/#\/schema\/person\/image\/\",\"url\":\"https:\/\/secure.gravatar.com\/avatar\/ffcd6b107b6b18c3d5201f1bcc631683?s=96&d=retro&r=g\",\"contentUrl\":\"https:\/\/secure.gravatar.com\/avatar\/ffcd6b107b6b18c3d5201f1bcc631683?s=96&d=retro&r=g\",\"caption\":\"Jennifer\"},\"url\":\"https:\/\/smallthings.fr\/lespetitslivres\/author\/jennifer\/\"}]}<\/script>\n<!-- \/ Yoast SEO plugin. -->","yoast_head_json":{"title":"Le temple des derniers jours de Adam Nevill : la d\u00e9ception - Les Petits Livres","robots":{"index":"index","follow":"follow","max-snippet":"max-snippet:-1","max-image-preview":"max-image-preview:large","max-video-preview":"max-video-preview:-1"},"canonical":"http:\/\/smallthings.fr\/lespetitslivres\/2020\/05\/13\/temple-des-derniers-jours-adam-nevill\/","og_locale":"fr_FR","og_type":"article","og_title":"Le temple des derniers jours de Adam Nevill : la d\u00e9ception - Les Petits Livres","og_description":"Adam Nevill, auteur de Appartement 16 , a sorti en poche chez Bragelonne Le temple des derniers jours. Un thriller surnaturel au fort potentiel, mais qui m\u2019a d\u00e9\u00e7ue. Il m\u2019aura fallu pas moins de cinq mois pour venir \u00e0 bout du Temple des derniers jours. Le roman d\u2019Adam Nevill part d\u2019une super id\u00e9e, celui d\u2019un","og_url":"http:\/\/smallthings.fr\/lespetitslivres\/2020\/05\/13\/temple-des-derniers-jours-adam-nevill\/","og_site_name":"Les Petits Livres","article_published_time":"2020-05-13T16:27:12+00:00","article_modified_time":"2020-05-13T16:27:16+00:00","og_image":[{"width":1356,"height":935,"url":"https:\/\/i0.wp.com\/smallthings.fr\/lespetitslivres\/wp-content\/uploads\/2020\/05\/Le-temple-des-derniers-jours-Adam-Neville-2.jpg?fit=1356%2C935","type":"image\/jpeg"}],"author":"Jennifer","twitter_card":"summary_large_image","twitter_misc":{"\u00c9crit par":"Jennifer","Dur\u00e9e de lecture estim\u00e9e":"3 minutes"},"schema":{"@context":"https:\/\/schema.org","@graph":[{"@type":"WebPage","@id":"http:\/\/smallthings.fr\/lespetitslivres\/2020\/05\/13\/temple-des-derniers-jours-adam-nevill\/","url":"http:\/\/smallthings.fr\/lespetitslivres\/2020\/05\/13\/temple-des-derniers-jours-adam-nevill\/","name":"Le temple des derniers jours de Adam Nevill : la d\u00e9ception - Les Petits Livres","isPartOf":{"@id":"https:\/\/smallthings.fr\/lespetitslivres\/#website"},"datePublished":"2020-05-13T16:27:12+00:00","dateModified":"2020-05-13T16:27:16+00:00","author":{"@id":"https:\/\/smallthings.fr\/lespetitslivres\/#\/schema\/person\/bb8808220f912e72f01f7a55924d9ad1"},"breadcrumb":{"@id":"http:\/\/smallthings.fr\/lespetitslivres\/2020\/05\/13\/temple-des-derniers-jours-adam-nevill\/#breadcrumb"},"inLanguage":"fr-FR","potentialAction":[{"@type":"ReadAction","target":["http:\/\/smallthings.fr\/lespetitslivres\/2020\/05\/13\/temple-des-derniers-jours-adam-nevill\/"]}]},{"@type":"BreadcrumbList","@id":"http:\/\/smallthings.fr\/lespetitslivres\/2020\/05\/13\/temple-des-derniers-jours-adam-nevill\/#breadcrumb","itemListElement":[{"@type":"ListItem","position":1,"name":"Accueil","item":"https:\/\/smallthings.fr\/lespetitslivres\/"},{"@type":"ListItem","position":2,"name":"Le temple des derniers jours de Adam Nevill : la d\u00e9ception"}]},{"@type":"WebSite","@id":"https:\/\/smallthings.fr\/lespetitslivres\/#website","url":"https:\/\/smallthings.fr\/lespetitslivres\/","name":"Les Petits Livres","description":"by Small Things","potentialAction":[{"@type":"SearchAction","target":{"@type":"EntryPoint","urlTemplate":"https:\/\/smallthings.fr\/lespetitslivres\/?s={search_term_string}"},"query-input":"required name=search_term_string"}],"inLanguage":"fr-FR"},{"@type":"Person","@id":"https:\/\/smallthings.fr\/lespetitslivres\/#\/schema\/person\/bb8808220f912e72f01f7a55924d9ad1","name":"Jennifer","image":{"@type":"ImageObject","inLanguage":"fr-FR","@id":"https:\/\/smallthings.fr\/lespetitslivres\/#\/schema\/person\/image\/","url":"https:\/\/secure.gravatar.com\/avatar\/ffcd6b107b6b18c3d5201f1bcc631683?s=96&d=retro&r=g","contentUrl":"https:\/\/secure.gravatar.com\/avatar\/ffcd6b107b6b18c3d5201f1bcc631683?s=96&d=retro&r=g","caption":"Jennifer"},"url":"https:\/\/smallthings.fr\/lespetitslivres\/author\/jennifer\/"}]}},"jetpack_featured_media_url":"https:\/\/smallthings.fr\/lespetitslivres\/wp-content\/uploads\/2020\/05\/Le-temple-des-derniers-jours-Adam-Neville-2.jpg","jetpack_sharing_enabled":true,"jetpack_shortlink":"https:\/\/wp.me\/p6Un21-8lX","jetpack-related-posts":[{"id":31377,"url":"https:\/\/smallthings.fr\/lespetitslivres\/2017\/11\/01\/derniers-jours-de-l-emerveillement-moore\/","url_meta":{"origin":32113,"position":0},"title":"Les Derniers jours de l\u2019\u00e9merveillement : et la lumi\u00e8re fut","author":"June","date":"1 novembre 2017","format":false,"excerpt":"La quatri\u00e8me de couverture des Derniers jours de l'\u00e9merveillement, paru au Cherche midi, m'avait attir\u00e9e comme une friandise...\u00a0\"\u00c0 la fa\u00e7on d\u2019Erik Larson, Graham Moore s\u2019est appuy\u00e9 sur des documents historiques peu connus pour nous livrer un r\u00e9cit d\u2019une incroyable efficacit\u00e9, qui se lit comme un thriller.\"\u00a0Pensez donc\u00a0!\u00a0M'app\u00e2ter avec \u00e7a, c'\u00e9tait\u2026","rel":"","context":"Dans &quot;Roman \u00e9tranger&quot;","block_context":{"text":"Roman \u00e9tranger","link":"https:\/\/smallthings.fr\/lespetitslivres\/category\/roman\/roman-etranger\/"},"img":{"alt_text":"","src":"https:\/\/i0.wp.com\/smallthings.fr\/lespetitslivres\/wp-content\/uploads\/2017\/10\/derniers-jours-emerveillement-moore-cover.jpg?resize=350%2C200&ssl=1","width":350,"height":200,"srcset":"https:\/\/i0.wp.com\/smallthings.fr\/lespetitslivres\/wp-content\/uploads\/2017\/10\/derniers-jours-emerveillement-moore-cover.jpg?resize=350%2C200&ssl=1 1x, https:\/\/i0.wp.com\/smallthings.fr\/lespetitslivres\/wp-content\/uploads\/2017\/10\/derniers-jours-emerveillement-moore-cover.jpg?resize=525%2C300&ssl=1 1.5x, https:\/\/i0.wp.com\/smallthings.fr\/lespetitslivres\/wp-content\/uploads\/2017\/10\/derniers-jours-emerveillement-moore-cover.jpg?resize=700%2C400&ssl=1 2x"},"classes":[]},{"id":31065,"url":"https:\/\/smallthings.fr\/lespetitslivres\/2017\/06\/16\/jours-meilleurs-cecelia-ahern-critique\/","url_meta":{"origin":32113,"position":1},"title":"Les jours meilleurs, road-trip en Irlande avec Cecelia Ahern","author":"Jennifer","date":"16 juin 2017","format":false,"excerpt":"Cecelia Ahern, l\u2019auteure de P.S. I Love You, est de retour\u00a0! Son roman Les jours meilleurs, qui para\u00eet aujourd\u2019hui aux\u00a0\u00e9ditions Milady, nous fait d\u00e9couvrir l\u2019Irlande en compagnie d\u2019une journaliste \u00e0 la r\u00e9putation d\u00e9sastreuse qui va tout faire pour comprendre le lien entre les cent personnes pr\u00e9sentes dans la liste de\u2026","rel":"","context":"Dans &quot;Roman \u00e9tranger&quot;","block_context":{"text":"Roman \u00e9tranger","link":"https:\/\/smallthings.fr\/lespetitslivres\/category\/roman\/roman-etranger\/"},"img":{"alt_text":"","src":"https:\/\/i0.wp.com\/smallthings.fr\/lespetitslivres\/wp-content\/uploads\/2017\/06\/ireland-347172_640.jpg?resize=350%2C200&ssl=1","width":350,"height":200,"srcset":"https:\/\/i0.wp.com\/smallthings.fr\/lespetitslivres\/wp-content\/uploads\/2017\/06\/ireland-347172_640.jpg?resize=350%2C200&ssl=1 1x, https:\/\/i0.wp.com\/smallthings.fr\/lespetitslivres\/wp-content\/uploads\/2017\/06\/ireland-347172_640.jpg?resize=525%2C300&ssl=1 1.5x"},"classes":[]},{"id":30889,"url":"https:\/\/smallthings.fr\/lespetitslivres\/2017\/03\/25\/mor-johana-gustawsson-thriller\/","url_meta":{"origin":32113,"position":2},"title":"M\u00f6r : thriller sanglant de Johana Gustawsson","author":"Jennifer","date":"25 mars 2017","format":false,"excerpt":"M\u00f6r, thriller de Johana Gustawsson, est sorti le 15 mars dernier aux\u00a0\u00e9ditions Bragelonne. Un roman captivant qui va nous plonger dans la traque d\u2019un tueur en s\u00e9rie qui d\u00e9coupe les seins, les fesses, les cuisses et les hanches de ses victimes. Le meurtrier a \u00e9t\u00e9 arr\u00eat\u00e9 10 ans plus t\u00f4t.\u2026","rel":"","context":"Dans &quot;Thriller&quot;","block_context":{"text":"Thriller","link":"https:\/\/smallthings.fr\/lespetitslivres\/category\/thriller\/"},"img":{"alt_text":"","src":"https:\/\/i0.wp.com\/smallthings.fr\/lespetitslivres\/wp-content\/uploads\/2017\/03\/Mor-gustawsson.jpg?resize=350%2C200&ssl=1","width":350,"height":200,"srcset":"https:\/\/i0.wp.com\/smallthings.fr\/lespetitslivres\/wp-content\/uploads\/2017\/03\/Mor-gustawsson.jpg?resize=350%2C200&ssl=1 1x, https:\/\/i0.wp.com\/smallthings.fr\/lespetitslivres\/wp-content\/uploads\/2017\/03\/Mor-gustawsson.jpg?resize=525%2C300&ssl=1 1.5x, https:\/\/i0.wp.com\/smallthings.fr\/lespetitslivres\/wp-content\/uploads\/2017\/03\/Mor-gustawsson.jpg?resize=700%2C400&ssl=1 2x, https:\/\/i0.wp.com\/smallthings.fr\/lespetitslivres\/wp-content\/uploads\/2017\/03\/Mor-gustawsson.jpg?resize=1050%2C600&ssl=1 3x"},"classes":[]},{"id":30975,"url":"https:\/\/smallthings.fr\/lespetitslivres\/2017\/04\/30\/night-room-peter-straub\/","url_meta":{"origin":32113,"position":3},"title":"Night Room de Peter Straub : quand la fiction d\u00e9passe la r\u00e9alit\u00e9","author":"Jennifer","date":"30 avril 2017","format":false,"excerpt":"Night Room\u00a0de Peter Straub est un roman fantastique paru aux\u00a0\u00e9ditions Bragelonne le mois dernier. Une intrigue int\u00e9ressante. L\u2019histoire de Willy Patrick, auteure de romans jeunesse, et de Timothy Underhill, \u00e9crivain de fiction : deux personnages que tout oppose sinon leur travail et leur deuil. Je ne prendrai pas quatre chemins\u2026","rel":"","context":"Dans &quot;Fantastique&quot;","block_context":{"text":"Fantastique","link":"https:\/\/smallthings.fr\/lespetitslivres\/category\/imaginaire\/fantastique\/"},"img":{"alt_text":"","src":"https:\/\/i0.wp.com\/smallthings.fr\/lespetitslivres\/wp-content\/uploads\/2017\/04\/lost-place-2152756_640.jpg?resize=350%2C200&ssl=1","width":350,"height":200,"srcset":"https:\/\/i0.wp.com\/smallthings.fr\/lespetitslivres\/wp-content\/uploads\/2017\/04\/lost-place-2152756_640.jpg?resize=350%2C200&ssl=1 1x, https:\/\/i0.wp.com\/smallthings.fr\/lespetitslivres\/wp-content\/uploads\/2017\/04\/lost-place-2152756_640.jpg?resize=525%2C300&ssl=1 1.5x"},"classes":[]},{"id":31190,"url":"https:\/\/smallthings.fr\/lespetitslivres\/2017\/08\/09\/dernier-ete-a-tokyo-romance-vinesse\/","url_meta":{"origin":32113,"position":4},"title":"Dernier \u00e9t\u00e9 \u00e0 Tokyo : sept jours pour une romance et des adieux","author":"Aya-chan","date":"9 ao\u00fbt 2017","format":false,"excerpt":"Dernier \u00e9t\u00e9 \u00e0 Tokyo, paru en juin dernier chez Pocket Jeunesse, est le premier roman de Cecilia Vinesse. On y suit la jeune Sophia durant les sept derniers jours qu\u2019elle passe \u00e0 Tokyo, o\u00f9 elle vit depuis des ann\u00e9es. Sept jours qui seront r\u00e9v\u00e9lateurs sur elle, ses amis, ses amours.\u2026","rel":"","context":"Dans &quot;Young Adult&quot;","block_context":{"text":"Young Adult","link":"https:\/\/smallthings.fr\/lespetitslivres\/category\/young-adult\/"},"img":{"alt_text":"","src":"https:\/\/i0.wp.com\/smallthings.fr\/lespetitslivres\/wp-content\/uploads\/2017\/07\/dernier-ete-tokyo-cover.jpg?resize=350%2C200&ssl=1","width":350,"height":200,"srcset":"https:\/\/i0.wp.com\/smallthings.fr\/lespetitslivres\/wp-content\/uploads\/2017\/07\/dernier-ete-tokyo-cover.jpg?resize=350%2C200&ssl=1 1x, https:\/\/i0.wp.com\/smallthings.fr\/lespetitslivres\/wp-content\/uploads\/2017\/07\/dernier-ete-tokyo-cover.jpg?resize=525%2C300&ssl=1 1.5x, https:\/\/i0.wp.com\/smallthings.fr\/lespetitslivres\/wp-content\/uploads\/2017\/07\/dernier-ete-tokyo-cover.jpg?resize=700%2C400&ssl=1 2x, https:\/\/i0.wp.com\/smallthings.fr\/lespetitslivres\/wp-content\/uploads\/2017\/07\/dernier-ete-tokyo-cover.jpg?resize=1050%2C600&ssl=1 3x, https:\/\/i0.wp.com\/smallthings.fr\/lespetitslivres\/wp-content\/uploads\/2017\/07\/dernier-ete-tokyo-cover.jpg?resize=1400%2C800&ssl=1 4x"},"classes":[]},{"id":30340,"url":"https:\/\/smallthings.fr\/lespetitslivres\/2016\/09\/22\/fusil-de-chasse-inoue-haiku\/","url_meta":{"origin":32113,"position":5},"title":"Le Fusil de Chasse de Yasushi Inou\u00e9 ou l&rsquo;Ha\u00efku de l&rsquo;adult\u00e8re","author":"Rebecca","date":"22 septembre 2016","format":false,"excerpt":"Le Fusil de Chasse est un minuscule roman \u00e9pistolaire, \u00e9crit par le Japonais Yasushi Inou\u00e9, \u00e9crivain tr\u00e8s connu au Japon, et paru en 1949. Publi\u00e9\u00a0au Livre de Poche en France, il ne comporte pas plus de 87 pages, et ne contient que trois lettres en tout et pour tout. Trois\u2026","rel":"","context":"Dans &quot;Nos classiques&quot;","block_context":{"text":"Nos classiques","link":"https:\/\/smallthings.fr\/lespetitslivres\/category\/nos-classiques\/"},"img":{"alt_text":"","src":"https:\/\/i0.wp.com\/smallthings.fr\/lespetitslivres\/wp-content\/uploads\/2016\/09\/fusil-chasse-couv.jpg?resize=350%2C200&ssl=1","width":350,"height":200,"srcset":"https:\/\/i0.wp.com\/smallthings.fr\/lespetitslivres\/wp-content\/uploads\/2016\/09\/fusil-chasse-couv.jpg?resize=350%2C200&ssl=1 1x, https:\/\/i0.wp.com\/smallthings.fr\/lespetitslivres\/wp-content\/uploads\/2016\/09\/fusil-chasse-couv.jpg?resize=525%2C300&ssl=1 1.5x, https:\/\/i0.wp.com\/smallthings.fr\/lespetitslivres\/wp-content\/uploads\/2016\/09\/fusil-chasse-couv.jpg?resize=700%2C400&ssl=1 2x"},"classes":[]}],"_links":{"self":[{"href":"https:\/\/smallthings.fr\/lespetitslivres\/wp-json\/wp\/v2\/posts\/32113"}],"collection":[{"href":"https:\/\/smallthings.fr\/lespetitslivres\/wp-json\/wp\/v2\/posts"}],"about":[{"href":"https:\/\/smallthings.fr\/lespetitslivres\/wp-json\/wp\/v2\/types\/post"}],"author":[{"embeddable":true,"href":"https:\/\/smallthings.fr\/lespetitslivres\/wp-json\/wp\/v2\/users\/14"}],"replies":[{"embeddable":true,"href":"https:\/\/smallthings.fr\/lespetitslivres\/wp-json\/wp\/v2\/comments?post=32113"}],"version-history":[{"count":2,"href":"https:\/\/smallthings.fr\/lespetitslivres\/wp-json\/wp\/v2\/posts\/32113\/revisions"}],"predecessor-version":[{"id":32117,"href":"https:\/\/smallthings.fr\/lespetitslivres\/wp-json\/wp\/v2\/posts\/32113\/revisions\/32117"}],"wp:featuredmedia":[{"embeddable":true,"href":"https:\/\/smallthings.fr\/lespetitslivres\/wp-json\/wp\/v2\/media\/32115"}],"wp:attachment":[{"href":"https:\/\/smallthings.fr\/lespetitslivres\/wp-json\/wp\/v2\/media?parent=32113"}],"wp:term":[{"taxonomy":"category","embeddable":true,"href":"https:\/\/smallthings.fr\/lespetitslivres\/wp-json\/wp\/v2\/categories?post=32113"},{"taxonomy":"post_tag","embeddable":true,"href":"https:\/\/smallthings.fr\/lespetitslivres\/wp-json\/wp\/v2\/tags?post=32113"}],"curies":[{"name":"wp","href":"https:\/\/api.w.org\/{rel}","templated":true}]}}