{"id":32080,"date":"2020-03-01T13:00:00","date_gmt":"2020-03-01T12:00:00","guid":{"rendered":"http:\/\/smallthings.fr\/lespetitslivres\/?p=32080"},"modified":"2020-02-23T16:33:16","modified_gmt":"2020-02-23T15:33:16","slug":"les-carnets-lovecraft-la-cite-sans-nom","status":"publish","type":"post","link":"https:\/\/smallthings.fr\/lespetitslivres\/2020\/03\/01\/les-carnets-lovecraft-la-cite-sans-nom\/","title":{"rendered":"Les Carnets Lovecraft : La cit\u00e9 sans nom"},"content":{"rendered":"\n<h3 class=\"wp-block-heading\">Les \u00e9ditions <a rel=\"noreferrer noopener\" aria-label=\"Bragelonne (opens in a new tab)\" href=\"https:\/\/www.bragelonne.fr\/catalogue\/9791028110499-les-carnets-de-lovecraft-la-cite-sans-nom\/\" target=\"_blank\">Bragelonne<\/a> sortent depuis plusieurs mois <em>Les carnets Lovecraft<\/em>. Des nouvelles, illustr\u00e9es par Armel Gaulme, dans un livre en hardcover. <em>La cit\u00e9 sans nom<\/em>, sortie initialement en 1921, a fait son apparition chez l\u2019\u00e9diteur le 30 octobre 2019 en version illustr\u00e9e.<\/h3>\n\n\n\n<p class=\"has-text-align-justify\">Qui ne conna\u00eet pas Howard Phillips Lovecraft\u00a0? Mais probablement que de nom, ou alors gr\u00e2ce \u00e0 au mythe de Cthulhu. Les \u00e9ditions Bragelonne, accompagn\u00e9s par l\u2019illustrateur Armel Gaulme, vous propose de vous plonger dans ses autres histoires. <\/p>\n\n\n\n<div class=\"wp-block-image\"><figure class=\"alignright size-large is-resized\"><img decoding=\"async\" data-attachment-id=\"32081\" data-permalink=\"https:\/\/smallthings.fr\/lespetitslivres\/2020\/03\/01\/les-carnets-lovecraft-la-cite-sans-nom\/les-carnets-de-lovecraft-la-cite-sans-nom\/\" data-orig-file=\"https:\/\/smallthings.fr\/lespetitslivres\/wp-content\/uploads\/2020\/02\/Les-carnets-de-Lovecraft-La-cit\u00e9-sans-nom.jpg\" data-orig-size=\"1400,2058\" data-comments-opened=\"1\" data-image-meta=\"{&quot;aperture&quot;:&quot;0&quot;,&quot;credit&quot;:&quot;&quot;,&quot;camera&quot;:&quot;&quot;,&quot;caption&quot;:&quot;&quot;,&quot;created_timestamp&quot;:&quot;0&quot;,&quot;copyright&quot;:&quot;&quot;,&quot;focal_length&quot;:&quot;0&quot;,&quot;iso&quot;:&quot;0&quot;,&quot;shutter_speed&quot;:&quot;0&quot;,&quot;title&quot;:&quot;&quot;,&quot;orientation&quot;:&quot;0&quot;}\" data-image-title=\"Les-carnets-de-Lovecraft-La-cit\u00e9-sans-nom\" data-image-description=\"\" data-image-caption=\"\" data-medium-file=\"https:\/\/smallthings.fr\/lespetitslivres\/wp-content\/uploads\/2020\/02\/Les-carnets-de-Lovecraft-La-cit\u00e9-sans-nom-204x300.jpg\" data-large-file=\"https:\/\/smallthings.fr\/lespetitslivres\/wp-content\/uploads\/2020\/02\/Les-carnets-de-Lovecraft-La-cit\u00e9-sans-nom-697x1024.jpg\" src=\"https:\/\/i0.wp.com\/smallthings.fr\/lespetitslivres\/wp-content\/uploads\/2020\/02\/Les-carnets-de-Lovecraft-La-cit\u00e9-sans-nom.jpg?fit=697%2C1024\" alt=\"\" class=\"wp-image-32081\" width=\"250\" srcset=\"https:\/\/smallthings.fr\/lespetitslivres\/wp-content\/uploads\/2020\/02\/Les-carnets-de-Lovecraft-La-cit\u00e9-sans-nom.jpg 1400w, https:\/\/smallthings.fr\/lespetitslivres\/wp-content\/uploads\/2020\/02\/Les-carnets-de-Lovecraft-La-cit\u00e9-sans-nom-204x300.jpg 204w, https:\/\/smallthings.fr\/lespetitslivres\/wp-content\/uploads\/2020\/02\/Les-carnets-de-Lovecraft-La-cit\u00e9-sans-nom-697x1024.jpg 697w, https:\/\/smallthings.fr\/lespetitslivres\/wp-content\/uploads\/2020\/02\/Les-carnets-de-Lovecraft-La-cit\u00e9-sans-nom-768x1129.jpg 768w, https:\/\/smallthings.fr\/lespetitslivres\/wp-content\/uploads\/2020\/02\/Les-carnets-de-Lovecraft-La-cit\u00e9-sans-nom-1045x1536.jpg 1045w, https:\/\/smallthings.fr\/lespetitslivres\/wp-content\/uploads\/2020\/02\/Les-carnets-de-Lovecraft-La-cit\u00e9-sans-nom-1393x2048.jpg 1393w\" sizes=\"(max-width: 1400px) 100vw, 1400px\" \/><\/figure><\/div>\n\n\n\n<p class=\"has-text-align-justify\"><em>La cit\u00e9 sans nom <\/em>est une nouvelle qui parle d\u2019une cit\u00e9 antique enfouie. <strong>R\u00e9dig\u00e9e tel un journal de bord, nous suivons les d\u00e9couvertes d\u2019un homme sur cette cit\u00e9 maudite.<\/strong> Sa peur est \u00e9vidente, mais il ne peut \u2013 ou ne veut \u2013 baisser les bras. Il va alors s\u2019enfoncer au plus profond de la terre, dans les vestiges d\u2019une civilisation myst\u00e9rieusement disparue. Lors de son exploration, il entendra et verra des choses inimaginables. Apparitions ou hallucinations, telle est la question pour le narrateur qui oscille entre curiosit\u00e9 et terreur. <\/p>\n\n\n\n<p class=\"has-text-align-justify\">Les illustrations d\u2019Armel Gaulme vont parfaitement avec l\u2019histoire\nde la <em>Cit\u00e9 sans nom<\/em>. On pourrait\npenser qu\u2019elles sont l\u2019\u0153uvre du narrateur, des croquis qu\u2019il aurait r\u00e9alis\u00e9s\nassis dans le sable. Ils nous permettent de visualis\u00e9 son parcours, mais aussi\nles monstres dont ils se cachent. <\/p>\n\n\n\n<p class=\"has-text-align-justify\">L\u2019\u00e9criture est \u00e9videmment magistrale, on est dans une transe, pris au pi\u00e8ge avec le personnage principal. On aimerait \u00eatre avec lui, et en m\u00eame temps pas vraiment. Une nouvelle, par d\u00e9finition courte, mais intense. <\/p>\n\n\n\n<p class=\"has-text-align-justify\"><em>Les Carnets Lovecraft<\/em> sont assur\u00e9ment \u00e0 d\u00e9couvrir\u00a0!<\/p>\n\n\n\n<figure class=\"wp-block-image size-large\"><img loading=\"lazy\" decoding=\"async\" width=\"2175\" height=\"1690\" data-attachment-id=\"32082\" data-permalink=\"https:\/\/smallthings.fr\/lespetitslivres\/2020\/03\/01\/les-carnets-lovecraft-la-cite-sans-nom\/les-carnets-lovecraft\/\" data-orig-file=\"https:\/\/smallthings.fr\/lespetitslivres\/wp-content\/uploads\/2020\/02\/les-carnets-lovecraft.jpg\" data-orig-size=\"2175,1690\" data-comments-opened=\"1\" data-image-meta=\"{&quot;aperture&quot;:&quot;2.4&quot;,&quot;credit&quot;:&quot;&quot;,&quot;camera&quot;:&quot;SM-G960F&quot;,&quot;caption&quot;:&quot;&quot;,&quot;created_timestamp&quot;:&quot;1582474906&quot;,&quot;copyright&quot;:&quot;&quot;,&quot;focal_length&quot;:&quot;4.3&quot;,&quot;iso&quot;:&quot;250&quot;,&quot;shutter_speed&quot;:&quot;0.02&quot;,&quot;title&quot;:&quot;&quot;,&quot;orientation&quot;:&quot;1&quot;}\" data-image-title=\"les-carnets-lovecraft\" data-image-description=\"\" data-image-caption=\"\" data-medium-file=\"https:\/\/smallthings.fr\/lespetitslivres\/wp-content\/uploads\/2020\/02\/les-carnets-lovecraft-300x233.jpg\" data-large-file=\"https:\/\/smallthings.fr\/lespetitslivres\/wp-content\/uploads\/2020\/02\/les-carnets-lovecraft-1024x796.jpg\" src=\"https:\/\/i2.wp.com\/smallthings.fr\/lespetitslivres\/wp-content\/uploads\/2020\/02\/les-carnets-lovecraft.jpg?fit=702%2C546\" alt=\"\" class=\"wp-image-32082\" srcset=\"https:\/\/smallthings.fr\/lespetitslivres\/wp-content\/uploads\/2020\/02\/les-carnets-lovecraft.jpg 2175w, https:\/\/smallthings.fr\/lespetitslivres\/wp-content\/uploads\/2020\/02\/les-carnets-lovecraft-300x233.jpg 300w, https:\/\/smallthings.fr\/lespetitslivres\/wp-content\/uploads\/2020\/02\/les-carnets-lovecraft-1024x796.jpg 1024w, https:\/\/smallthings.fr\/lespetitslivres\/wp-content\/uploads\/2020\/02\/les-carnets-lovecraft-768x597.jpg 768w, https:\/\/smallthings.fr\/lespetitslivres\/wp-content\/uploads\/2020\/02\/les-carnets-lovecraft-1536x1193.jpg 1536w, https:\/\/smallthings.fr\/lespetitslivres\/wp-content\/uploads\/2020\/02\/les-carnets-lovecraft-2048x1591.jpg 2048w\" sizes=\"(max-width: 2175px) 100vw, 2175px\" \/><\/figure>\n","protected":false},"excerpt":{"rendered":"<p>Les \u00e9ditions Bragelonne sortent depuis plusieurs mois Les carnets Lovecraft. Des nouvelles, illustr\u00e9es par Armel Gaulme, dans un livre en hardcover. La cit\u00e9 sans nom, sortie initialement en 1921, a fait son apparition chez l\u2019\u00e9diteur le 30 octobre 2019 en version illustr\u00e9e. Qui ne conna\u00eet pas Howard Phillips Lovecraft\u00a0? Mais probablement que de nom, ou<\/p>\n","protected":false},"author":14,"featured_media":32085,"comment_status":"open","ping_status":"open","sticky":false,"template":"","format":"standard","meta":{"jetpack_post_was_ever_published":false,"_jetpack_newsletter_access":"","_jetpack_newsletter_tier_id":0,"footnotes":"","jetpack_publicize_message":"","jetpack_is_tweetstorm":false,"jetpack_publicize_feature_enabled":true,"jetpack_social_post_already_shared":true,"jetpack_social_options":{"image_generator_settings":{"template":"highway","enabled":false}}},"categories":[1107],"tags":[2218,1571,2217,2216,2215],"jetpack_publicize_connections":[],"yoast_head":"<!-- This site is optimized with the Yoast SEO plugin v21.5 - https:\/\/yoast.com\/wordpress\/plugins\/seo\/ -->\n<title>Les Carnets Lovecraft : La cit\u00e9 sans nom - Les Petits Livres<\/title>\n<meta name=\"robots\" content=\"index, follow, max-snippet:-1, max-image-preview:large, max-video-preview:-1\" \/>\n<link rel=\"canonical\" href=\"https:\/\/smallthings.fr\/lespetitslivres\/2020\/03\/01\/les-carnets-lovecraft-la-cite-sans-nom\/\" \/>\n<meta property=\"og:locale\" content=\"fr_FR\" \/>\n<meta property=\"og:type\" content=\"article\" \/>\n<meta property=\"og:title\" content=\"Les Carnets Lovecraft : La cit\u00e9 sans nom - Les Petits Livres\" \/>\n<meta property=\"og:description\" content=\"Les \u00e9ditions Bragelonne sortent depuis plusieurs mois Les carnets Lovecraft. Des nouvelles, illustr\u00e9es par Armel Gaulme, dans un livre en hardcover. La cit\u00e9 sans nom, sortie initialement en 1921, a fait son apparition chez l\u2019\u00e9diteur le 30 octobre 2019 en version illustr\u00e9e. Qui ne conna\u00eet pas Howard Phillips Lovecraft\u00a0? Mais probablement que de nom, ou\" \/>\n<meta property=\"og:url\" content=\"https:\/\/smallthings.fr\/lespetitslivres\/2020\/03\/01\/les-carnets-lovecraft-la-cite-sans-nom\/\" \/>\n<meta property=\"og:site_name\" content=\"Les Petits Livres\" \/>\n<meta property=\"article:published_time\" content=\"2020-03-01T12:00:00+00:00\" \/>\n<meta property=\"article:modified_time\" content=\"2020-02-23T15:33:16+00:00\" \/>\n<meta property=\"og:image\" content=\"https:\/\/i0.wp.com\/smallthings.fr\/lespetitslivres\/wp-content\/uploads\/2020\/02\/la-cit\u00e9-sans-nom-2018-2.jpg?fit=1764%2C1453&ssl=1\" \/>\n\t<meta property=\"og:image:width\" content=\"1764\" \/>\n\t<meta property=\"og:image:height\" content=\"1453\" \/>\n\t<meta property=\"og:image:type\" content=\"image\/jpeg\" \/>\n<meta name=\"author\" content=\"Jennifer\" \/>\n<meta name=\"twitter:card\" content=\"summary_large_image\" \/>\n<meta name=\"twitter:label1\" content=\"\u00c9crit par\" \/>\n\t<meta name=\"twitter:data1\" content=\"Jennifer\" \/>\n\t<meta name=\"twitter:label2\" content=\"Dur\u00e9e de lecture estim\u00e9e\" \/>\n\t<meta name=\"twitter:data2\" content=\"1 minute\" \/>\n<script type=\"application\/ld+json\" class=\"yoast-schema-graph\">{\"@context\":\"https:\/\/schema.org\",\"@graph\":[{\"@type\":\"WebPage\",\"@id\":\"https:\/\/smallthings.fr\/lespetitslivres\/2020\/03\/01\/les-carnets-lovecraft-la-cite-sans-nom\/\",\"url\":\"https:\/\/smallthings.fr\/lespetitslivres\/2020\/03\/01\/les-carnets-lovecraft-la-cite-sans-nom\/\",\"name\":\"Les Carnets Lovecraft : La cit\u00e9 sans nom - Les Petits Livres\",\"isPartOf\":{\"@id\":\"https:\/\/smallthings.fr\/lespetitslivres\/#website\"},\"datePublished\":\"2020-03-01T12:00:00+00:00\",\"dateModified\":\"2020-02-23T15:33:16+00:00\",\"author\":{\"@id\":\"https:\/\/smallthings.fr\/lespetitslivres\/#\/schema\/person\/bb8808220f912e72f01f7a55924d9ad1\"},\"breadcrumb\":{\"@id\":\"https:\/\/smallthings.fr\/lespetitslivres\/2020\/03\/01\/les-carnets-lovecraft-la-cite-sans-nom\/#breadcrumb\"},\"inLanguage\":\"fr-FR\",\"potentialAction\":[{\"@type\":\"ReadAction\",\"target\":[\"https:\/\/smallthings.fr\/lespetitslivres\/2020\/03\/01\/les-carnets-lovecraft-la-cite-sans-nom\/\"]}]},{\"@type\":\"BreadcrumbList\",\"@id\":\"https:\/\/smallthings.fr\/lespetitslivres\/2020\/03\/01\/les-carnets-lovecraft-la-cite-sans-nom\/#breadcrumb\",\"itemListElement\":[{\"@type\":\"ListItem\",\"position\":1,\"name\":\"Accueil\",\"item\":\"https:\/\/smallthings.fr\/lespetitslivres\/\"},{\"@type\":\"ListItem\",\"position\":2,\"name\":\"Les Carnets Lovecraft : La cit\u00e9 sans nom\"}]},{\"@type\":\"WebSite\",\"@id\":\"https:\/\/smallthings.fr\/lespetitslivres\/#website\",\"url\":\"https:\/\/smallthings.fr\/lespetitslivres\/\",\"name\":\"Les Petits Livres\",\"description\":\"by Small Things\",\"potentialAction\":[{\"@type\":\"SearchAction\",\"target\":{\"@type\":\"EntryPoint\",\"urlTemplate\":\"https:\/\/smallthings.fr\/lespetitslivres\/?s={search_term_string}\"},\"query-input\":\"required name=search_term_string\"}],\"inLanguage\":\"fr-FR\"},{\"@type\":\"Person\",\"@id\":\"https:\/\/smallthings.fr\/lespetitslivres\/#\/schema\/person\/bb8808220f912e72f01f7a55924d9ad1\",\"name\":\"Jennifer\",\"image\":{\"@type\":\"ImageObject\",\"inLanguage\":\"fr-FR\",\"@id\":\"https:\/\/smallthings.fr\/lespetitslivres\/#\/schema\/person\/image\/\",\"url\":\"https:\/\/secure.gravatar.com\/avatar\/ffcd6b107b6b18c3d5201f1bcc631683?s=96&d=retro&r=g\",\"contentUrl\":\"https:\/\/secure.gravatar.com\/avatar\/ffcd6b107b6b18c3d5201f1bcc631683?s=96&d=retro&r=g\",\"caption\":\"Jennifer\"},\"url\":\"https:\/\/smallthings.fr\/lespetitslivres\/author\/jennifer\/\"}]}<\/script>\n<!-- \/ Yoast SEO plugin. -->","yoast_head_json":{"title":"Les Carnets Lovecraft : La cit\u00e9 sans nom - Les Petits Livres","robots":{"index":"index","follow":"follow","max-snippet":"max-snippet:-1","max-image-preview":"max-image-preview:large","max-video-preview":"max-video-preview:-1"},"canonical":"https:\/\/smallthings.fr\/lespetitslivres\/2020\/03\/01\/les-carnets-lovecraft-la-cite-sans-nom\/","og_locale":"fr_FR","og_type":"article","og_title":"Les Carnets Lovecraft : La cit\u00e9 sans nom - Les Petits Livres","og_description":"Les \u00e9ditions Bragelonne sortent depuis plusieurs mois Les carnets Lovecraft. Des nouvelles, illustr\u00e9es par Armel Gaulme, dans un livre en hardcover. La cit\u00e9 sans nom, sortie initialement en 1921, a fait son apparition chez l\u2019\u00e9diteur le 30 octobre 2019 en version illustr\u00e9e. Qui ne conna\u00eet pas Howard Phillips Lovecraft\u00a0? Mais probablement que de nom, ou","og_url":"https:\/\/smallthings.fr\/lespetitslivres\/2020\/03\/01\/les-carnets-lovecraft-la-cite-sans-nom\/","og_site_name":"Les Petits Livres","article_published_time":"2020-03-01T12:00:00+00:00","article_modified_time":"2020-02-23T15:33:16+00:00","og_image":[{"width":1764,"height":1453,"url":"https:\/\/i0.wp.com\/smallthings.fr\/lespetitslivres\/wp-content\/uploads\/2020\/02\/la-cit\u00e9-sans-nom-2018-2.jpg?fit=1764%2C1453&ssl=1","type":"image\/jpeg"}],"author":"Jennifer","twitter_card":"summary_large_image","twitter_misc":{"\u00c9crit par":"Jennifer","Dur\u00e9e de lecture estim\u00e9e":"1 minute"},"schema":{"@context":"https:\/\/schema.org","@graph":[{"@type":"WebPage","@id":"https:\/\/smallthings.fr\/lespetitslivres\/2020\/03\/01\/les-carnets-lovecraft-la-cite-sans-nom\/","url":"https:\/\/smallthings.fr\/lespetitslivres\/2020\/03\/01\/les-carnets-lovecraft-la-cite-sans-nom\/","name":"Les Carnets Lovecraft : La cit\u00e9 sans nom - Les Petits Livres","isPartOf":{"@id":"https:\/\/smallthings.fr\/lespetitslivres\/#website"},"datePublished":"2020-03-01T12:00:00+00:00","dateModified":"2020-02-23T15:33:16+00:00","author":{"@id":"https:\/\/smallthings.fr\/lespetitslivres\/#\/schema\/person\/bb8808220f912e72f01f7a55924d9ad1"},"breadcrumb":{"@id":"https:\/\/smallthings.fr\/lespetitslivres\/2020\/03\/01\/les-carnets-lovecraft-la-cite-sans-nom\/#breadcrumb"},"inLanguage":"fr-FR","potentialAction":[{"@type":"ReadAction","target":["https:\/\/smallthings.fr\/lespetitslivres\/2020\/03\/01\/les-carnets-lovecraft-la-cite-sans-nom\/"]}]},{"@type":"BreadcrumbList","@id":"https:\/\/smallthings.fr\/lespetitslivres\/2020\/03\/01\/les-carnets-lovecraft-la-cite-sans-nom\/#breadcrumb","itemListElement":[{"@type":"ListItem","position":1,"name":"Accueil","item":"https:\/\/smallthings.fr\/lespetitslivres\/"},{"@type":"ListItem","position":2,"name":"Les Carnets Lovecraft : La cit\u00e9 sans nom"}]},{"@type":"WebSite","@id":"https:\/\/smallthings.fr\/lespetitslivres\/#website","url":"https:\/\/smallthings.fr\/lespetitslivres\/","name":"Les Petits Livres","description":"by Small Things","potentialAction":[{"@type":"SearchAction","target":{"@type":"EntryPoint","urlTemplate":"https:\/\/smallthings.fr\/lespetitslivres\/?s={search_term_string}"},"query-input":"required name=search_term_string"}],"inLanguage":"fr-FR"},{"@type":"Person","@id":"https:\/\/smallthings.fr\/lespetitslivres\/#\/schema\/person\/bb8808220f912e72f01f7a55924d9ad1","name":"Jennifer","image":{"@type":"ImageObject","inLanguage":"fr-FR","@id":"https:\/\/smallthings.fr\/lespetitslivres\/#\/schema\/person\/image\/","url":"https:\/\/secure.gravatar.com\/avatar\/ffcd6b107b6b18c3d5201f1bcc631683?s=96&d=retro&r=g","contentUrl":"https:\/\/secure.gravatar.com\/avatar\/ffcd6b107b6b18c3d5201f1bcc631683?s=96&d=retro&r=g","caption":"Jennifer"},"url":"https:\/\/smallthings.fr\/lespetitslivres\/author\/jennifer\/"}]}},"jetpack_featured_media_url":"https:\/\/smallthings.fr\/lespetitslivres\/wp-content\/uploads\/2020\/02\/la-cit\u00e9-sans-nom-2018-2.jpg","jetpack_sharing_enabled":true,"jetpack_shortlink":"https:\/\/wp.me\/p6Un21-8lq","jetpack-related-posts":[{"id":31578,"url":"https:\/\/smallthings.fr\/lespetitslivres\/2018\/03\/10\/sherlock-holmes-ombres-shadwell-lovegrove\/","url_meta":{"origin":32080,"position":0},"title":"Sherlock Holmes et les ombres de Shadwell (Les Dossiers Cthulhu T1)","author":"June","date":"10 mars 2018","format":false,"excerpt":"Le tome 1 des \"Dossiers Cthulhu\", Sherlock Holmes et les ombres de Shadwell par James Lovegrove, est paru aux \u00e9ditions Bragelonne. Avez-vous souvenir de cette citation du Canon des aventures de Holmes\u00a0?\u00a0\"How often have I said to you that\u00a0when you have eliminated the impossible, whatever remains,\u00a0however improbable, must be the\u2026","rel":"","context":"Dans &quot;Fantastique&quot;","block_context":{"text":"Fantastique","link":"https:\/\/smallthings.fr\/lespetitslivres\/category\/imaginaire\/fantastique\/"},"img":{"alt_text":"","src":"https:\/\/i0.wp.com\/smallthings.fr\/lespetitslivres\/wp-content\/uploads\/2018\/03\/sherlock-holmes-ombres-shadwell-cover.jpg?resize=350%2C200&ssl=1","width":350,"height":200,"srcset":"https:\/\/i0.wp.com\/smallthings.fr\/lespetitslivres\/wp-content\/uploads\/2018\/03\/sherlock-holmes-ombres-shadwell-cover.jpg?resize=350%2C200&ssl=1 1x, https:\/\/i0.wp.com\/smallthings.fr\/lespetitslivres\/wp-content\/uploads\/2018\/03\/sherlock-holmes-ombres-shadwell-cover.jpg?resize=525%2C300&ssl=1 1.5x"},"classes":[]},{"id":30195,"url":"https:\/\/smallthings.fr\/lespetitslivres\/2016\/08\/17\/les-douze-rois-de-sharakhai\/","url_meta":{"origin":32080,"position":1},"title":"Les Douze Rois de Sharakha\u00ef, ou le combat d&rsquo;une vie&#8230;","author":"Jennifer","date":"17 ao\u00fbt 2016","format":false,"excerpt":"Sharakha\u00ef est le premier tome de la saga Les Douze Rois de Sharakha\u00ef qui sort aujourd'hui\u00a0chez Bragelonne. L\u2019auteur, Bradley P. Beaulieu, nous emm\u00e8ne dans le d\u00e9sert \u00e0 la rencontre de \u00c7eda, une jeune femme qui gagne sa vie dans les ar\u00e8nes de Sharakha\u00ef et qui a jur\u00e9 de venger sa\u2026","rel":"","context":"Dans &quot;Fantasy&quot;","block_context":{"text":"Fantasy","link":"https:\/\/smallthings.fr\/lespetitslivres\/category\/imaginaire\/fantasy\/"},"img":{"alt_text":"","src":"https:\/\/i0.wp.com\/smallthings.fr\/lespetitslivres\/wp-content\/uploads\/2016\/08\/douze-rois-sharakhai.jpg?resize=350%2C200","width":350,"height":200},"classes":[]},{"id":30824,"url":"https:\/\/smallthings.fr\/lespetitslivres\/2017\/03\/05\/arkane-pierre-bordage-fantasy\/","url_meta":{"origin":32080,"position":2},"title":"Arkane : arriv\u00e9e fracassante de Pierre Bordage dans l&rsquo;univers de la fantasy","author":"Jennifer","date":"5 mars 2017","format":false,"excerpt":"La D\u00e9solation est le premier tome de la saga Arkane\u00a0de Pierre Bordage. Sorti le 15 f\u00e9vrier dernier aux\u00a0\u00e9ditions Bragelonne, cet incroyable roman relate les aventures d\u2019Oziel, fille d\u2019une des plus grandes familles d\u2019Arkane, qui va devoir gagner les profondeurs de la cit\u00e9 apr\u00e8s qu\u2019un complot eut tu\u00e9 toute sa famille.\u2026","rel":"","context":"Dans &quot;Fantasy&quot;","block_context":{"text":"Fantasy","link":"https:\/\/smallthings.fr\/lespetitslivres\/category\/imaginaire\/fantasy\/"},"img":{"alt_text":"","src":"https:\/\/i0.wp.com\/smallthings.fr\/lespetitslivres\/wp-content\/uploads\/2017\/02\/Pierre-Bordage-Arkane.jpeg?resize=350%2C200&ssl=1","width":350,"height":200,"srcset":"https:\/\/i0.wp.com\/smallthings.fr\/lespetitslivres\/wp-content\/uploads\/2017\/02\/Pierre-Bordage-Arkane.jpeg?resize=350%2C200&ssl=1 1x, https:\/\/i0.wp.com\/smallthings.fr\/lespetitslivres\/wp-content\/uploads\/2017\/02\/Pierre-Bordage-Arkane.jpeg?resize=525%2C300&ssl=1 1.5x"},"classes":[]},{"id":31972,"url":"https:\/\/smallthings.fr\/lespetitslivres\/2019\/08\/13\/fog-le-roman-horrifique-de-james-herbert-paru-en-1975-ressort-chez-bragelonne\/","url_meta":{"origin":32080,"position":3},"title":"Fog, le roman horrifique de James Herbert paru en 1975 ressort chez Bragelonne !","author":"Jennifer","date":"13 ao\u00fbt 2019","format":false,"excerpt":"Fog est un roman horrifique \u00e9crit par James Herbert. Sorti en version poche chez Bragelonne le 03 juillet dernier, ce livre nous fait rentrer dans un brouillard capable de vous transformer en s\u00e9rial killer redoutable\u00a0! James Herbert est le best-seller britannique de la terreur, traduit en trente-trois langues d\u00e8s son\u2026","rel":"","context":"Dans &quot;Fantastique&quot;","block_context":{"text":"Fantastique","link":"https:\/\/smallthings.fr\/lespetitslivres\/category\/imaginaire\/fantastique\/"},"img":{"alt_text":"","src":"https:\/\/i0.wp.com\/smallthings.fr\/lespetitslivres\/wp-content\/uploads\/2019\/08\/fog-james-herbert-2.jpg?resize=350%2C200&ssl=1","width":350,"height":200,"srcset":"https:\/\/i0.wp.com\/smallthings.fr\/lespetitslivres\/wp-content\/uploads\/2019\/08\/fog-james-herbert-2.jpg?resize=350%2C200&ssl=1 1x, https:\/\/i0.wp.com\/smallthings.fr\/lespetitslivres\/wp-content\/uploads\/2019\/08\/fog-james-herbert-2.jpg?resize=525%2C300&ssl=1 1.5x"},"classes":[]},{"id":32107,"url":"https:\/\/smallthings.fr\/lespetitslivres\/2020\/05\/01\/new-victoria-steampunk-lia-habel\/","url_meta":{"origin":32080,"position":4},"title":"New Victoria, le roman steampunk de Lia Habel","author":"Jennifer","date":"1 mai 2020","format":false,"excerpt":"New Victoria est une duologie steampunk \u00e9crit par Lia Habel. Le premier tome est sorti chez les \u00e9ditions Bragelonne en f\u00e9vrier dans une version absolument sublime\u00a0! Un roman o\u00f9 vous rencontrerez des zombies en pleine \u00e9poque victorienne\u00a0! Lia Habel est une auteure d\u2019une vingtaine d\u2019ann\u00e9es passionn\u00e9e par les monstres. Son\u2026","rel":"","context":"Dans &quot;Fantastique&quot;","block_context":{"text":"Fantastique","link":"https:\/\/smallthings.fr\/lespetitslivres\/category\/imaginaire\/fantastique\/"},"img":{"alt_text":"","src":"https:\/\/i0.wp.com\/smallthings.fr\/lespetitslivres\/wp-content\/uploads\/2020\/04\/New-Victoria-Lia-Habel-2.jpg?resize=350%2C200&ssl=1","width":350,"height":200,"srcset":"https:\/\/i0.wp.com\/smallthings.fr\/lespetitslivres\/wp-content\/uploads\/2020\/04\/New-Victoria-Lia-Habel-2.jpg?resize=350%2C200&ssl=1 1x, https:\/\/i0.wp.com\/smallthings.fr\/lespetitslivres\/wp-content\/uploads\/2020\/04\/New-Victoria-Lia-Habel-2.jpg?resize=525%2C300&ssl=1 1.5x, https:\/\/i0.wp.com\/smallthings.fr\/lespetitslivres\/wp-content\/uploads\/2020\/04\/New-Victoria-Lia-Habel-2.jpg?resize=700%2C400&ssl=1 2x, https:\/\/i0.wp.com\/smallthings.fr\/lespetitslivres\/wp-content\/uploads\/2020\/04\/New-Victoria-Lia-Habel-2.jpg?resize=1050%2C600&ssl=1 3x"},"classes":[]},{"id":30975,"url":"https:\/\/smallthings.fr\/lespetitslivres\/2017\/04\/30\/night-room-peter-straub\/","url_meta":{"origin":32080,"position":5},"title":"Night Room de Peter Straub : quand la fiction d\u00e9passe la r\u00e9alit\u00e9","author":"Jennifer","date":"30 avril 2017","format":false,"excerpt":"Night Room\u00a0de Peter Straub est un roman fantastique paru aux\u00a0\u00e9ditions Bragelonne le mois dernier. Une intrigue int\u00e9ressante. L\u2019histoire de Willy Patrick, auteure de romans jeunesse, et de Timothy Underhill, \u00e9crivain de fiction : deux personnages que tout oppose sinon leur travail et leur deuil. Je ne prendrai pas quatre chemins\u2026","rel":"","context":"Dans &quot;Fantastique&quot;","block_context":{"text":"Fantastique","link":"https:\/\/smallthings.fr\/lespetitslivres\/category\/imaginaire\/fantastique\/"},"img":{"alt_text":"","src":"https:\/\/i0.wp.com\/smallthings.fr\/lespetitslivres\/wp-content\/uploads\/2017\/04\/lost-place-2152756_640.jpg?resize=350%2C200&ssl=1","width":350,"height":200,"srcset":"https:\/\/i0.wp.com\/smallthings.fr\/lespetitslivres\/wp-content\/uploads\/2017\/04\/lost-place-2152756_640.jpg?resize=350%2C200&ssl=1 1x, https:\/\/i0.wp.com\/smallthings.fr\/lespetitslivres\/wp-content\/uploads\/2017\/04\/lost-place-2152756_640.jpg?resize=525%2C300&ssl=1 1.5x"},"classes":[]}],"_links":{"self":[{"href":"https:\/\/smallthings.fr\/lespetitslivres\/wp-json\/wp\/v2\/posts\/32080"}],"collection":[{"href":"https:\/\/smallthings.fr\/lespetitslivres\/wp-json\/wp\/v2\/posts"}],"about":[{"href":"https:\/\/smallthings.fr\/lespetitslivres\/wp-json\/wp\/v2\/types\/post"}],"author":[{"embeddable":true,"href":"https:\/\/smallthings.fr\/lespetitslivres\/wp-json\/wp\/v2\/users\/14"}],"replies":[{"embeddable":true,"href":"https:\/\/smallthings.fr\/lespetitslivres\/wp-json\/wp\/v2\/comments?post=32080"}],"version-history":[{"count":2,"href":"https:\/\/smallthings.fr\/lespetitslivres\/wp-json\/wp\/v2\/posts\/32080\/revisions"}],"predecessor-version":[{"id":32086,"href":"https:\/\/smallthings.fr\/lespetitslivres\/wp-json\/wp\/v2\/posts\/32080\/revisions\/32086"}],"wp:featuredmedia":[{"embeddable":true,"href":"https:\/\/smallthings.fr\/lespetitslivres\/wp-json\/wp\/v2\/media\/32085"}],"wp:attachment":[{"href":"https:\/\/smallthings.fr\/lespetitslivres\/wp-json\/wp\/v2\/media?parent=32080"}],"wp:term":[{"taxonomy":"category","embeddable":true,"href":"https:\/\/smallthings.fr\/lespetitslivres\/wp-json\/wp\/v2\/categories?post=32080"},{"taxonomy":"post_tag","embeddable":true,"href":"https:\/\/smallthings.fr\/lespetitslivres\/wp-json\/wp\/v2\/tags?post=32080"}],"curies":[{"name":"wp","href":"https:\/\/api.w.org\/{rel}","templated":true}]}}