{"id":32072,"date":"2020-02-27T18:01:00","date_gmt":"2020-02-27T17:01:00","guid":{"rendered":"http:\/\/smallthings.fr\/lespetitslivres\/?p=32072"},"modified":"2020-02-23T16:03:16","modified_gmt":"2020-02-23T15:03:16","slug":"alfa-frank-milly-taiden","status":"publish","type":"post","link":"https:\/\/smallthings.fr\/lespetitslivres\/2020\/02\/27\/alfa-frank-milly-taiden\/","title":{"rendered":"ALFA de Milly Taiden, la d\u00e9ception."},"content":{"rendered":"\n<h3 class=\"wp-block-heading\"><em>Frank<\/em>, le tome 2 de la saga <em>Alfa<\/em> de Milly Taiden est sorti fin ao\u00fbt 2019 chez <a href=\"http:\/\/www.milady.fr\/auteurs\/view\/milly-taiden\" target=\"_blank\" rel=\"noreferrer noopener\" aria-label=\"Milady (opens in a new tab)\">Milady<\/a>. Si le premier tome avait du potentiel mais nous montrait une fin d\u00e9cevante, ce second volet n\u2019arrive pas \u00e0 relever le niveau.<\/h3>\n\n\n\n<p class=\"has-text-align-justify\">Dans le premier tome (chronique <a href=\"http:\/\/smallthings.fr\/lespetitslivres\/2019\/08\/12\/alfa-parish-milly-taiden\/\" target=\"_blank\" rel=\"noreferrer noopener\" aria-label=\"ici (opens in a new tab)\">ici<\/a>), nous  avions rencontr\u00e9 <em>Parish<\/em>, un agent secret m\u00e9tamorphe. Suite \u00e0 ses p\u00e9rip\u00e9ties, nous commen\u00e7ons le tome 2 avec un nouvel agent, <em>Frank<\/em>. <strong>Celui-ci va devoir assurer la protection de la petite-ni\u00e8ce du c\u00e9l\u00e8bre Al Capone, qui est devenue t\u00e9moin d\u2019un cambriolage.<\/strong> Si le temp\u00e9rament de la demoiselle ne suffisait pas \u00e0 rendre la mission difficile, le passif entre ces deux personnages ne va rien arranger. <\/p>\n\n\n\n<div class=\"wp-block-image\"><figure class=\"alignright size-large is-resized\"><img decoding=\"async\" data-attachment-id=\"32073\" data-permalink=\"https:\/\/smallthings.fr\/lespetitslivres\/2020\/02\/27\/alfa-frank-milly-taiden\/alfa-t2-frank\/\" data-orig-file=\"https:\/\/smallthings.fr\/lespetitslivres\/wp-content\/uploads\/2020\/02\/Alfa-T2-Frank.jpg\" data-orig-size=\"1400,2265\" data-comments-opened=\"1\" data-image-meta=\"{&quot;aperture&quot;:&quot;0&quot;,&quot;credit&quot;:&quot;&quot;,&quot;camera&quot;:&quot;&quot;,&quot;caption&quot;:&quot;&quot;,&quot;created_timestamp&quot;:&quot;0&quot;,&quot;copyright&quot;:&quot;&quot;,&quot;focal_length&quot;:&quot;0&quot;,&quot;iso&quot;:&quot;0&quot;,&quot;shutter_speed&quot;:&quot;0&quot;,&quot;title&quot;:&quot;&quot;,&quot;orientation&quot;:&quot;1&quot;}\" data-image-title=\"Alfa-T2-Frank\" data-image-description=\"\" data-image-caption=\"\" data-medium-file=\"https:\/\/smallthings.fr\/lespetitslivres\/wp-content\/uploads\/2020\/02\/Alfa-T2-Frank-185x300.jpg\" data-large-file=\"https:\/\/smallthings.fr\/lespetitslivres\/wp-content\/uploads\/2020\/02\/Alfa-T2-Frank-633x1024.jpg\" src=\"https:\/\/i1.wp.com\/smallthings.fr\/lespetitslivres\/wp-content\/uploads\/2020\/02\/Alfa-T2-Frank.jpg?fit=633%2C1024\" alt=\"\" class=\"wp-image-32073\" width=\"250\" srcset=\"https:\/\/smallthings.fr\/lespetitslivres\/wp-content\/uploads\/2020\/02\/Alfa-T2-Frank.jpg 1400w, https:\/\/smallthings.fr\/lespetitslivres\/wp-content\/uploads\/2020\/02\/Alfa-T2-Frank-185x300.jpg 185w, https:\/\/smallthings.fr\/lespetitslivres\/wp-content\/uploads\/2020\/02\/Alfa-T2-Frank-633x1024.jpg 633w, https:\/\/smallthings.fr\/lespetitslivres\/wp-content\/uploads\/2020\/02\/Alfa-T2-Frank-768x1243.jpg 768w, https:\/\/smallthings.fr\/lespetitslivres\/wp-content\/uploads\/2020\/02\/Alfa-T2-Frank-949x1536.jpg 949w, https:\/\/smallthings.fr\/lespetitslivres\/wp-content\/uploads\/2020\/02\/Alfa-T2-Frank-1266x2048.jpg 1266w\" sizes=\"(max-width: 1400px) 100vw, 1400px\" \/><\/figure><\/div>\n\n\n\n<p class=\"has-text-align-justify\">Amarella\nCapone est une femme qui se croit sup\u00e9rieur aux autres. Elle va vite d\u00e9chanter\nen apprenant que sa propre famille ne veut pas d\u2019elle. T\u00e9mointe d\u2019un\ncambriolage et victime d\u2019une tentative de meurtre, elle va devoir \u00eatre prot\u00e9g\u00e9e.\nLa jeune femme passe d\u2019un statut \u00e0 un autre de mani\u00e8re brutale et le fait qu\u2019elle\ndoive se coltiner Frank n\u2019arrange rien. <\/p>\n\n\n\n<p class=\"has-text-align-justify\"><strong>Celui-ci va la cacher \u00e0 l\u2019abri de tout danger, et quoi de mieux que le village secret des m\u00e9tamorphes\u00a0?<\/strong> L\u00e0-bas elle va malheureusement apprendre la v\u00e9rit\u00e9 sur son ex, mais elle va aussi s\u2019adoucir face \u00e0 la population. C\u2019est la partie que j\u2019ai pr\u00e9f\u00e9r\u00e9 de ce roman. Nous sommes loin d\u2019un suspense \u00e9touffant avec de l\u2019action \u00e0 gogo, mais <strong>le c\u00f4t\u00e9 psychologique est bien travaill\u00e9 et on finit par appr\u00e9cier le personnage gr\u00e2ce \u00e0 son \u00e9volution. <\/strong><\/p>\n\n\n\n<p class=\"has-text-align-justify\">Si Frank\npensait que Amarella \u00e9tait en s\u00e9curit\u00e9 avec les siens, il va vite se rendre\ncompte que ce n\u2019est pas le cas. C\u2019est donc tout son peuple qu\u2019il a mis en danger\u2026\nEt quand la magie s\u2019en m\u00eale, c\u2019est encore pire&nbsp;!<\/p>\n\n\n\n<p class=\"has-text-align-justify\"><strong>Tout comme le premier tome d\u2019Alfa, le\nd\u00e9but est prometteur, le milieu est tr\u00e8s int\u00e9ressant et la fin d\u00e9cevante.<\/strong> D\u00e8s qu\u2019on part sur la magie, cela ne\ncolle pas, il manque quelque chose. Il n\u2019en reste pas moins que l\u2019intrigue est\nsympathique, l\u2019action arrive au bon moment et les personnages sont hauts en\ncouleur. <\/p>\n\n\n\n<p class=\"has-text-align-justify\">En conclusion,\nAlfa est une s\u00e9rie \u00e0 lire sans prise de t\u00eate. Vous ne serez pas surpris et les\n\u00e9motions ne vous \u00e9toufferont pas, mais vous passerez tout de m\u00eame un bon\nmoment. <\/p>\n\n\n\n<blockquote class=\"wp-block-quote\"><p>\u00ab\u00a0Amarella se tenait accroupie dans l\u2019angle d\u2019une cabine de la boutique Prada, aussi loin que possible de l\u2019entr\u00e9e. La t\u00eate lui tournait. Qu\u2019\u00e9tait-elle cens\u00e9e redouter le plus\u00a0? Qu\u2019on ait tent\u00e9 de la tuer ou que son ex, le seul amour de sa vie, l\u2019ait vue\u00a0? Les deux probl\u00e8mes \u00e9taient lourds de cons\u00e9quences possibles. <br> Comment le destin pouvait-il se montrer si cruel\u00a0? Rencontre Frank sur le Strip alors qu\u2019elle \u00e9tait \u00e9tudiantes, prendre conscience qu\u2019ils \u00e9taient inscrits \u00e0 la m\u00eame fac, vivre les trois ann\u00e9es les plus belles de sa vie\u2026 puis ne jamais le revoir jusqu\u2019\u00e0 tout \u00e0 l\u2019heure.\u00a0\u00bb<\/p><\/blockquote>\n","protected":false},"excerpt":{"rendered":"<p>Frank, le tome 2 de la saga Alfa de Milly Taiden est sorti fin ao\u00fbt 2019 chez Milady. Si le premier tome avait du potentiel mais nous montrait une fin d\u00e9cevante, ce second volet n\u2019arrive pas \u00e0 relever le niveau. Dans le premier tome (chronique ici), nous avions rencontr\u00e9 Parish, un agent secret m\u00e9tamorphe. Suite<\/p>\n","protected":false},"author":14,"featured_media":32079,"comment_status":"open","ping_status":"open","sticky":false,"template":"","format":"standard","meta":{"jetpack_post_was_ever_published":false,"_jetpack_newsletter_access":"","_jetpack_newsletter_tier_id":0,"footnotes":"","jetpack_publicize_message":"","jetpack_is_tweetstorm":false,"jetpack_publicize_feature_enabled":true,"jetpack_social_post_already_shared":true,"jetpack_social_options":{"image_generator_settings":{"template":"highway","enabled":false}}},"categories":[1107],"tags":[2179,831,2214,2183,805,2181],"jetpack_publicize_connections":[],"yoast_head":"<!-- This site is optimized with the Yoast SEO plugin v21.5 - https:\/\/yoast.com\/wordpress\/plugins\/seo\/ -->\n<title>ALFA de Milly Taiden, la d\u00e9ception. - Les Petits Livres<\/title>\n<meta name=\"robots\" content=\"index, follow, max-snippet:-1, max-image-preview:large, max-video-preview:-1\" \/>\n<link rel=\"canonical\" href=\"https:\/\/smallthings.fr\/lespetitslivres\/2020\/02\/27\/alfa-frank-milly-taiden\/\" \/>\n<meta property=\"og:locale\" content=\"fr_FR\" \/>\n<meta property=\"og:type\" content=\"article\" \/>\n<meta property=\"og:title\" content=\"ALFA de Milly Taiden, la d\u00e9ception. - Les Petits Livres\" \/>\n<meta property=\"og:description\" content=\"Frank, le tome 2 de la saga Alfa de Milly Taiden est sorti fin ao\u00fbt 2019 chez Milady. Si le premier tome avait du potentiel mais nous montrait une fin d\u00e9cevante, ce second volet n\u2019arrive pas \u00e0 relever le niveau. Dans le premier tome (chronique ici), nous avions rencontr\u00e9 Parish, un agent secret m\u00e9tamorphe. Suite\" \/>\n<meta property=\"og:url\" content=\"https:\/\/smallthings.fr\/lespetitslivres\/2020\/02\/27\/alfa-frank-milly-taiden\/\" \/>\n<meta property=\"og:site_name\" content=\"Les Petits Livres\" \/>\n<meta property=\"article:published_time\" content=\"2020-02-27T17:01:00+00:00\" \/>\n<meta property=\"article:modified_time\" content=\"2020-02-23T15:03:16+00:00\" \/>\n<meta property=\"og:image\" content=\"https:\/\/i0.wp.com\/smallthings.fr\/lespetitslivres\/wp-content\/uploads\/2020\/02\/Alfa-T2-Frank-4.jpg?fit=1372%2C807&ssl=1\" \/>\n\t<meta property=\"og:image:width\" content=\"1372\" \/>\n\t<meta property=\"og:image:height\" content=\"807\" \/>\n\t<meta property=\"og:image:type\" content=\"image\/jpeg\" \/>\n<meta name=\"author\" content=\"Jennifer\" \/>\n<meta name=\"twitter:card\" content=\"summary_large_image\" \/>\n<meta name=\"twitter:label1\" content=\"\u00c9crit par\" \/>\n\t<meta name=\"twitter:data1\" content=\"Jennifer\" \/>\n\t<meta name=\"twitter:label2\" content=\"Dur\u00e9e de lecture estim\u00e9e\" \/>\n\t<meta name=\"twitter:data2\" content=\"3 minutes\" \/>\n<script type=\"application\/ld+json\" class=\"yoast-schema-graph\">{\"@context\":\"https:\/\/schema.org\",\"@graph\":[{\"@type\":\"WebPage\",\"@id\":\"https:\/\/smallthings.fr\/lespetitslivres\/2020\/02\/27\/alfa-frank-milly-taiden\/\",\"url\":\"https:\/\/smallthings.fr\/lespetitslivres\/2020\/02\/27\/alfa-frank-milly-taiden\/\",\"name\":\"ALFA de Milly Taiden, la d\u00e9ception. - Les Petits Livres\",\"isPartOf\":{\"@id\":\"https:\/\/smallthings.fr\/lespetitslivres\/#website\"},\"datePublished\":\"2020-02-27T17:01:00+00:00\",\"dateModified\":\"2020-02-23T15:03:16+00:00\",\"author\":{\"@id\":\"https:\/\/smallthings.fr\/lespetitslivres\/#\/schema\/person\/bb8808220f912e72f01f7a55924d9ad1\"},\"breadcrumb\":{\"@id\":\"https:\/\/smallthings.fr\/lespetitslivres\/2020\/02\/27\/alfa-frank-milly-taiden\/#breadcrumb\"},\"inLanguage\":\"fr-FR\",\"potentialAction\":[{\"@type\":\"ReadAction\",\"target\":[\"https:\/\/smallthings.fr\/lespetitslivres\/2020\/02\/27\/alfa-frank-milly-taiden\/\"]}]},{\"@type\":\"BreadcrumbList\",\"@id\":\"https:\/\/smallthings.fr\/lespetitslivres\/2020\/02\/27\/alfa-frank-milly-taiden\/#breadcrumb\",\"itemListElement\":[{\"@type\":\"ListItem\",\"position\":1,\"name\":\"Accueil\",\"item\":\"https:\/\/smallthings.fr\/lespetitslivres\/\"},{\"@type\":\"ListItem\",\"position\":2,\"name\":\"ALFA de Milly Taiden, la d\u00e9ception.\"}]},{\"@type\":\"WebSite\",\"@id\":\"https:\/\/smallthings.fr\/lespetitslivres\/#website\",\"url\":\"https:\/\/smallthings.fr\/lespetitslivres\/\",\"name\":\"Les Petits Livres\",\"description\":\"by Small Things\",\"potentialAction\":[{\"@type\":\"SearchAction\",\"target\":{\"@type\":\"EntryPoint\",\"urlTemplate\":\"https:\/\/smallthings.fr\/lespetitslivres\/?s={search_term_string}\"},\"query-input\":\"required name=search_term_string\"}],\"inLanguage\":\"fr-FR\"},{\"@type\":\"Person\",\"@id\":\"https:\/\/smallthings.fr\/lespetitslivres\/#\/schema\/person\/bb8808220f912e72f01f7a55924d9ad1\",\"name\":\"Jennifer\",\"image\":{\"@type\":\"ImageObject\",\"inLanguage\":\"fr-FR\",\"@id\":\"https:\/\/smallthings.fr\/lespetitslivres\/#\/schema\/person\/image\/\",\"url\":\"https:\/\/secure.gravatar.com\/avatar\/ffcd6b107b6b18c3d5201f1bcc631683?s=96&d=retro&r=g\",\"contentUrl\":\"https:\/\/secure.gravatar.com\/avatar\/ffcd6b107b6b18c3d5201f1bcc631683?s=96&d=retro&r=g\",\"caption\":\"Jennifer\"},\"url\":\"https:\/\/smallthings.fr\/lespetitslivres\/author\/jennifer\/\"}]}<\/script>\n<!-- \/ Yoast SEO plugin. -->","yoast_head_json":{"title":"ALFA de Milly Taiden, la d\u00e9ception. - Les Petits Livres","robots":{"index":"index","follow":"follow","max-snippet":"max-snippet:-1","max-image-preview":"max-image-preview:large","max-video-preview":"max-video-preview:-1"},"canonical":"https:\/\/smallthings.fr\/lespetitslivres\/2020\/02\/27\/alfa-frank-milly-taiden\/","og_locale":"fr_FR","og_type":"article","og_title":"ALFA de Milly Taiden, la d\u00e9ception. - Les Petits Livres","og_description":"Frank, le tome 2 de la saga Alfa de Milly Taiden est sorti fin ao\u00fbt 2019 chez Milady. Si le premier tome avait du potentiel mais nous montrait une fin d\u00e9cevante, ce second volet n\u2019arrive pas \u00e0 relever le niveau. Dans le premier tome (chronique ici), nous avions rencontr\u00e9 Parish, un agent secret m\u00e9tamorphe. Suite","og_url":"https:\/\/smallthings.fr\/lespetitslivres\/2020\/02\/27\/alfa-frank-milly-taiden\/","og_site_name":"Les Petits Livres","article_published_time":"2020-02-27T17:01:00+00:00","article_modified_time":"2020-02-23T15:03:16+00:00","og_image":[{"width":1372,"height":807,"url":"https:\/\/i0.wp.com\/smallthings.fr\/lespetitslivres\/wp-content\/uploads\/2020\/02\/Alfa-T2-Frank-4.jpg?fit=1372%2C807&ssl=1","type":"image\/jpeg"}],"author":"Jennifer","twitter_card":"summary_large_image","twitter_misc":{"\u00c9crit par":"Jennifer","Dur\u00e9e de lecture estim\u00e9e":"3 minutes"},"schema":{"@context":"https:\/\/schema.org","@graph":[{"@type":"WebPage","@id":"https:\/\/smallthings.fr\/lespetitslivres\/2020\/02\/27\/alfa-frank-milly-taiden\/","url":"https:\/\/smallthings.fr\/lespetitslivres\/2020\/02\/27\/alfa-frank-milly-taiden\/","name":"ALFA de Milly Taiden, la d\u00e9ception. - Les Petits Livres","isPartOf":{"@id":"https:\/\/smallthings.fr\/lespetitslivres\/#website"},"datePublished":"2020-02-27T17:01:00+00:00","dateModified":"2020-02-23T15:03:16+00:00","author":{"@id":"https:\/\/smallthings.fr\/lespetitslivres\/#\/schema\/person\/bb8808220f912e72f01f7a55924d9ad1"},"breadcrumb":{"@id":"https:\/\/smallthings.fr\/lespetitslivres\/2020\/02\/27\/alfa-frank-milly-taiden\/#breadcrumb"},"inLanguage":"fr-FR","potentialAction":[{"@type":"ReadAction","target":["https:\/\/smallthings.fr\/lespetitslivres\/2020\/02\/27\/alfa-frank-milly-taiden\/"]}]},{"@type":"BreadcrumbList","@id":"https:\/\/smallthings.fr\/lespetitslivres\/2020\/02\/27\/alfa-frank-milly-taiden\/#breadcrumb","itemListElement":[{"@type":"ListItem","position":1,"name":"Accueil","item":"https:\/\/smallthings.fr\/lespetitslivres\/"},{"@type":"ListItem","position":2,"name":"ALFA de Milly Taiden, la d\u00e9ception."}]},{"@type":"WebSite","@id":"https:\/\/smallthings.fr\/lespetitslivres\/#website","url":"https:\/\/smallthings.fr\/lespetitslivres\/","name":"Les Petits Livres","description":"by Small Things","potentialAction":[{"@type":"SearchAction","target":{"@type":"EntryPoint","urlTemplate":"https:\/\/smallthings.fr\/lespetitslivres\/?s={search_term_string}"},"query-input":"required name=search_term_string"}],"inLanguage":"fr-FR"},{"@type":"Person","@id":"https:\/\/smallthings.fr\/lespetitslivres\/#\/schema\/person\/bb8808220f912e72f01f7a55924d9ad1","name":"Jennifer","image":{"@type":"ImageObject","inLanguage":"fr-FR","@id":"https:\/\/smallthings.fr\/lespetitslivres\/#\/schema\/person\/image\/","url":"https:\/\/secure.gravatar.com\/avatar\/ffcd6b107b6b18c3d5201f1bcc631683?s=96&d=retro&r=g","contentUrl":"https:\/\/secure.gravatar.com\/avatar\/ffcd6b107b6b18c3d5201f1bcc631683?s=96&d=retro&r=g","caption":"Jennifer"},"url":"https:\/\/smallthings.fr\/lespetitslivres\/author\/jennifer\/"}]}},"jetpack_featured_media_url":"https:\/\/smallthings.fr\/lespetitslivres\/wp-content\/uploads\/2020\/02\/Alfa-T2-Frank-4.jpg","jetpack_sharing_enabled":true,"jetpack_shortlink":"https:\/\/wp.me\/p6Un21-8li","jetpack-related-posts":[{"id":31965,"url":"https:\/\/smallthings.fr\/lespetitslivres\/2019\/08\/12\/alfa-parish-milly-taiden\/","url_meta":{"origin":32072,"position":0},"title":"Alfa, la s\u00e9rie bit-lit de Milly Taiden d\u00e9barque chez Milady !","author":"Jennifer","date":"12 ao\u00fbt 2019","format":false,"excerpt":"Parish est le premier tome de la saga Alfa de Milly Taiden. Sorti le 19 juin chez Milady, ce roman bit-lit commence tr\u00e8s fort, mais les derniers chapitres nous d\u00e9\u00e7oivent totalement\u2026 Auteure de plusieurs sagas \u00e0 succ\u00e8s, Milly Taiden d\u00e9barque chez les \u00e9ditions Milady avec sa saga Alfa. Dans ce\u2026","rel":"","context":"Dans &quot;Fantastique&quot;","block_context":{"text":"Fantastique","link":"https:\/\/smallthings.fr\/lespetitslivres\/category\/imaginaire\/fantastique\/"},"img":{"alt_text":"","src":"https:\/\/i0.wp.com\/smallthings.fr\/lespetitslivres\/wp-content\/uploads\/2019\/08\/alfa-parish-milly-taiden-4.jpg?resize=350%2C200&ssl=1","width":350,"height":200,"srcset":"https:\/\/i0.wp.com\/smallthings.fr\/lespetitslivres\/wp-content\/uploads\/2019\/08\/alfa-parish-milly-taiden-4.jpg?resize=350%2C200&ssl=1 1x, https:\/\/i0.wp.com\/smallthings.fr\/lespetitslivres\/wp-content\/uploads\/2019\/08\/alfa-parish-milly-taiden-4.jpg?resize=525%2C300&ssl=1 1.5x, https:\/\/i0.wp.com\/smallthings.fr\/lespetitslivres\/wp-content\/uploads\/2019\/08\/alfa-parish-milly-taiden-4.jpg?resize=700%2C400&ssl=1 2x, https:\/\/i0.wp.com\/smallthings.fr\/lespetitslivres\/wp-content\/uploads\/2019\/08\/alfa-parish-milly-taiden-4.jpg?resize=1050%2C600&ssl=1 3x, https:\/\/i0.wp.com\/smallthings.fr\/lespetitslivres\/wp-content\/uploads\/2019\/08\/alfa-parish-milly-taiden-4.jpg?resize=1400%2C800&ssl=1 4x"},"classes":[]},{"id":32009,"url":"https:\/\/smallthings.fr\/lespetitslivres\/2020\/02\/03\/le-sixieme-monde-la-nouvelle-saga-de-chez-milady-qui-va-cartonner\/","url_meta":{"origin":32072,"position":1},"title":"Le sixi\u00e8me monde, la nouvelle saga de chez Milady qui va cartonner !","author":"Jennifer","date":"3 f\u00e9vrier 2020","format":false,"excerpt":"La piste des \u00e9clairs est le premier tome de la saga Le sixi\u00e8me monde de Rebecca Roanhorse. Sorti le 22 janvier dernier chez Milady, ce roman imaginaire nous fait entrer sur les terres des Navajos et nous fait adorer leur culture. Le sixi\u00e8me monde a re\u00e7u le Prix Locus du\u2026","rel":"","context":"Dans &quot;Fantasy&quot;","block_context":{"text":"Fantasy","link":"https:\/\/smallthings.fr\/lespetitslivres\/category\/imaginaire\/fantasy\/"},"img":{"alt_text":"","src":"https:\/\/i0.wp.com\/smallthings.fr\/lespetitslivres\/wp-content\/uploads\/2020\/02\/La-piste-des-\u00e9clairs-Le-sixi\u00e8me-monde-2.jpg?resize=350%2C200&ssl=1","width":350,"height":200},"classes":[]},{"id":30124,"url":"https:\/\/smallthings.fr\/lespetitslivres\/2016\/07\/04\/fletrissures-rose-morte-landressie-critique\/","url_meta":{"origin":32072,"position":2},"title":"Fl\u00e9trissures, 3\u00e8me tome de la saga Rose Morte","author":"Jennifer","date":"4 juillet 2016","format":false,"excerpt":"Fl\u00e9trissures est le troisi\u00e8me tome de la saga Rose Morte de C\u00e9line Landressie. Sorti le 20 mai aux \u00e9ditions Milady, ce nouveau volet nous emm\u00e8ne en pleine Seconde Guerre Mondiale. Rose, qui a une fois de plus \u00e9t\u00e9 mise de c\u00f4t\u00e9 par Artus, va devoir se lancer dans une course\u2026","rel":"","context":"Dans &quot;Fantastique&quot;","block_context":{"text":"Fantastique","link":"https:\/\/smallthings.fr\/lespetitslivres\/category\/imaginaire\/fantastique\/"},"img":{"alt_text":"","src":"https:\/\/i0.wp.com\/smallthings.fr\/lespetitslivres\/wp-content\/uploads\/2016\/07\/fletrissures-livre-couv.jpg?resize=350%2C200&ssl=1","width":350,"height":200,"srcset":"https:\/\/i0.wp.com\/smallthings.fr\/lespetitslivres\/wp-content\/uploads\/2016\/07\/fletrissures-livre-couv.jpg?resize=350%2C200&ssl=1 1x, https:\/\/i0.wp.com\/smallthings.fr\/lespetitslivres\/wp-content\/uploads\/2016\/07\/fletrissures-livre-couv.jpg?resize=525%2C300&ssl=1 1.5x, https:\/\/i0.wp.com\/smallthings.fr\/lespetitslivres\/wp-content\/uploads\/2016\/07\/fletrissures-livre-couv.jpg?resize=700%2C400&ssl=1 2x, https:\/\/i0.wp.com\/smallthings.fr\/lespetitslivres\/wp-content\/uploads\/2016\/07\/fletrissures-livre-couv.jpg?resize=1050%2C600&ssl=1 3x, https:\/\/i0.wp.com\/smallthings.fr\/lespetitslivres\/wp-content\/uploads\/2016\/07\/fletrissures-livre-couv.jpg?resize=1400%2C800&ssl=1 4x"},"classes":[]},{"id":15165,"url":"https:\/\/smallthings.fr\/lespetitslivres\/2014\/07\/20\/ardemment-votre-letal-tome-2\/","url_meta":{"origin":32072,"position":3},"title":"Ardemment V\u00f4tre, deuxi\u00e8me volet de la saga L\u00e9tal","author":"Jennifer","date":"20 juillet 2014","format":false,"excerpt":"Ardemment V\u00f4tre, second volet de la saga L\u00e9tal de Cynthia Eden, est sorti le 11 juillet dernier aux \u00e9ditions Milady. Apr\u00e8s Mortellement V\u00f4tre, Ardemment V\u00f4tre prend la rel\u00e8ve. Comme on peut l\u2019imaginer, ce tome 2 nous emm\u00e8ne dans l\u2019univers des pyromanes. L\u2019agent du FBI Kenton Lake, aid\u00e9 de la pompier\u2026","rel":"","context":"Dans &quot;Thriller&quot;","block_context":{"text":"Thriller","link":"https:\/\/smallthings.fr\/lespetitslivres\/category\/thriller\/"},"img":{"alt_text":"","src":"https:\/\/i0.wp.com\/smallthings.fr\/wp-content\/uploads\/2014\/07\/ardemment-votre-letal-tome-2.jpg?resize=350%2C200","width":350,"height":200},"classes":[]},{"id":14701,"url":"https:\/\/smallthings.fr\/lespetitslivres\/2014\/07\/03\/mortellement-1er-tome-serie-letal\/","url_meta":{"origin":32072,"position":4},"title":"Mortellement v\u00f4tre : 1er tome de la s\u00e9rie L\u00e9tal","author":"Jennifer","date":"3 juillet 2014","format":false,"excerpt":"Mortellement V\u00f4tre, premier tome de la saga L\u00e9tal, est sorti le 20 juin dernier aux \u00e9ditions Milady. L\u2019auteur, Cynthia Eden, nous fait entrer dans le monde des profilers en y ajoutant une pointe de romance. Monica Davenport, profiler experte en tueur en s\u00e9rie, doit d\u00e9nouer un grand myst\u00e8re : qui\u2026","rel":"","context":"Dans &quot;Thriller&quot;","block_context":{"text":"Thriller","link":"https:\/\/smallthings.fr\/lespetitslivres\/category\/thriller\/"},"img":{"alt_text":"","src":"https:\/\/i0.wp.com\/smallthings.fr\/wp-content\/uploads\/2014\/07\/mortellement-votre-letal.jpg?resize=350%2C200","width":350,"height":200},"classes":[]},{"id":15346,"url":"https:\/\/smallthings.fr\/lespetitslivres\/2014\/07\/27\/cavaliers-apocalypse-saga-avis\/","url_meta":{"origin":32072,"position":5},"title":"Les Cavaliers de l\u2019Apocalypse, une saga \u00e0 ne pas manquer","author":"Jennifer","date":"27 juillet 2014","format":false,"excerpt":"Larissa Ione, auteure de la saga Demonica, nous fait d\u00e9couvrir une nouvelle s\u00e9rie encore meilleure que la pr\u00e9c\u00e9dente\u00a0: Les Cavaliers de L\u2019Apocalypse. Le premier tome, Guerre, est sorti en format poche chez Milady le 11 juillet dernier mais la s\u00e9rie est pr\u00e9sente depuis plusieurs mois en grand format chez Bragelonne.\u2026","rel":"","context":"Dans &quot;Fantastique&quot;","block_context":{"text":"Fantastique","link":"https:\/\/smallthings.fr\/lespetitslivres\/category\/imaginaire\/fantastique\/"},"img":{"alt_text":"","src":"https:\/\/i0.wp.com\/smallthings.fr\/wp-content\/uploads\/2014\/07\/cavliers-apocalypse-braguelonne.jpg?resize=350%2C200","width":350,"height":200},"classes":[]}],"_links":{"self":[{"href":"https:\/\/smallthings.fr\/lespetitslivres\/wp-json\/wp\/v2\/posts\/32072"}],"collection":[{"href":"https:\/\/smallthings.fr\/lespetitslivres\/wp-json\/wp\/v2\/posts"}],"about":[{"href":"https:\/\/smallthings.fr\/lespetitslivres\/wp-json\/wp\/v2\/types\/post"}],"author":[{"embeddable":true,"href":"https:\/\/smallthings.fr\/lespetitslivres\/wp-json\/wp\/v2\/users\/14"}],"replies":[{"embeddable":true,"href":"https:\/\/smallthings.fr\/lespetitslivres\/wp-json\/wp\/v2\/comments?post=32072"}],"version-history":[{"count":1,"href":"https:\/\/smallthings.fr\/lespetitslivres\/wp-json\/wp\/v2\/posts\/32072\/revisions"}],"predecessor-version":[{"id":32075,"href":"https:\/\/smallthings.fr\/lespetitslivres\/wp-json\/wp\/v2\/posts\/32072\/revisions\/32075"}],"wp:featuredmedia":[{"embeddable":true,"href":"https:\/\/smallthings.fr\/lespetitslivres\/wp-json\/wp\/v2\/media\/32079"}],"wp:attachment":[{"href":"https:\/\/smallthings.fr\/lespetitslivres\/wp-json\/wp\/v2\/media?parent=32072"}],"wp:term":[{"taxonomy":"category","embeddable":true,"href":"https:\/\/smallthings.fr\/lespetitslivres\/wp-json\/wp\/v2\/categories?post=32072"},{"taxonomy":"post_tag","embeddable":true,"href":"https:\/\/smallthings.fr\/lespetitslivres\/wp-json\/wp\/v2\/tags?post=32072"}],"curies":[{"name":"wp","href":"https:\/\/api.w.org\/{rel}","templated":true}]}}