{"id":31997,"date":"2020-01-21T11:00:00","date_gmt":"2020-01-21T10:00:00","guid":{"rendered":"http:\/\/smallthings.fr\/lespetitslivres\/?p=31997"},"modified":"2020-01-20T21:31:37","modified_gmt":"2020-01-20T20:31:37","slug":"nora-jacobs-la-saga-bit-lit-que-vous-allez-adorer","status":"publish","type":"post","link":"https:\/\/smallthings.fr\/lespetitslivres\/2020\/01\/21\/nora-jacobs-la-saga-bit-lit-que-vous-allez-adorer\/","title":{"rendered":"Nora Jacobs, la saga bit-lit que vous allez adorer !"},"content":{"rendered":"\n<h3 class=\"wp-block-heading\"><em>D\u00e9masqu\u00e9e<\/em>, le premier tome de <em>Nora Jacobs<\/em> de Jackie May, est sorti chez Milady en septembre 2019. Un roman coup de c\u0153ur pour une s\u00e9rie bit-lit qui change de ce qu\u2019on a l\u2019habitude de lire. <\/h3>\n\n\n\n<p class=\"has-text-align-justify\">Jackie May fait une entr\u00e9e fracassante chez Milady avec Nora Jacobs, une h\u00e9ro\u00efne qui n\u2019a pas sa langue dans sa poche et qui va vivre de p\u00e9rilleuses aventures. <\/p>\n\n\n\n<div class=\"wp-block-image\"><figure class=\"alignright size-medium is-resized\"><img loading=\"lazy\" decoding=\"async\" data-attachment-id=\"31998\" data-permalink=\"https:\/\/smallthings.fr\/lespetitslivres\/2020\/01\/21\/nora-jacobs-la-saga-bit-lit-que-vous-allez-adorer\/nora-jacobs-demasquee\/\" data-orig-file=\"https:\/\/smallthings.fr\/lespetitslivres\/wp-content\/uploads\/2020\/01\/Nora-Jacobs-D\u00e9masqu\u00e9e.jpg\" data-orig-size=\"1400,2262\" data-comments-opened=\"1\" data-image-meta=\"{&quot;aperture&quot;:&quot;0&quot;,&quot;credit&quot;:&quot;&quot;,&quot;camera&quot;:&quot;&quot;,&quot;caption&quot;:&quot;&quot;,&quot;created_timestamp&quot;:&quot;0&quot;,&quot;copyright&quot;:&quot;&quot;,&quot;focal_length&quot;:&quot;0&quot;,&quot;iso&quot;:&quot;0&quot;,&quot;shutter_speed&quot;:&quot;0&quot;,&quot;title&quot;:&quot;&quot;,&quot;orientation&quot;:&quot;1&quot;}\" data-image-title=\"Nora-Jacobs-D\u00e9masqu\u00e9e\" data-image-description=\"\" data-image-caption=\"\" data-medium-file=\"https:\/\/smallthings.fr\/lespetitslivres\/wp-content\/uploads\/2020\/01\/Nora-Jacobs-D\u00e9masqu\u00e9e-186x300.jpg\" data-large-file=\"https:\/\/smallthings.fr\/lespetitslivres\/wp-content\/uploads\/2020\/01\/Nora-Jacobs-D\u00e9masqu\u00e9e-634x1024.jpg\" src=\"http:\/\/smallthings.fr\/lespetitslivres\/wp-content\/uploads\/2020\/01\/Nora-Jacobs-D\u00e9masqu\u00e9e-186x300.jpg\" alt=\"\" class=\"wp-image-31998\" width=\"230\" height=\"378\"\/><\/figure><\/div>\n\n\n\n<p class=\"has-text-align-justify\">  <em>D\u00e9masqu\u00e9e<\/em> commence fort&nbsp;: nous faisons \u00e0 peine connaissance avec Nora Jacobs qu\u2019elle est d\u00e9j\u00e0 dans l\u2019embarras. Un homme qui veut lui faire du mal depuis longtemps a r\u00e9ussi \u00e0 l\u2019atteindre. Comment s\u2019en sortir&nbsp;? Tout simplement en allant au-del\u00e0 des ennuis&nbsp;! Nora accompagne l\u2019homme dans un night-club tenu par des cr\u00e9atures magiques extr\u00eamement dangereuses. L\u00e0, elle fera la rencontre d\u2019autres personnages qui l\u2019aideront sans le savoir. Vous croyiez qu\u2019elle allait s\u2019en sortir&nbsp;? Eh bien non&nbsp;! <strong>Nora va devoir mener (de force) une enqu\u00eate pour retrouver des monstres qui ont \u00e9t\u00e9 kidnapp\u00e9s. <\/strong><\/p>\n\n\n\n<p>Si la majorit\u00e9 des cr\u00e9atures magiques sont terrifiantes, Nora Jacobs va trouver un alli\u00e9 redoutable en la pr\u00e9sence d\u2019un troll. Et c\u2019est l\u00e0 que la magie op\u00e8re pour le lecteur&nbsp;! <strong>Les personnages sont bien cr\u00e9\u00e9s, l\u2019\u00e9motion est au rendez-vous, les rebondissements s\u2019encha\u00eenent, vous \u00eates pris au pi\u00e8ge des pages de ce livre. <\/strong><\/p>\n\n\n\n<p class=\"has-text-align-justify\">Cela faisait longtemps que je n\u2019avais pas autant appr\u00e9ci\u00e9 un roman&nbsp;! Tout est absolument parfait, il n\u2019y a pas de temps morts, le monde cr\u00e9\u00e9 est diff\u00e9rent des autres bit-lit et l\u2019h\u00e9ro\u00efne est tout bonnement g\u00e9niale. <strong>Elle a de la r\u00e9partie, un c\u00f4t\u00e9 badass, mais elle est \u00e9galement consciente de ses limites. <\/strong>Il ne s\u2019agit pas d\u2019une de ces h\u00e9ro\u00efnes ultra fortes qui d\u00e9joue la mort avec facilit\u00e9, non. On parle d\u2019une femme sensible qui a d\u00fb, de par son v\u00e9cu, se forger un \u00e9norme carapace. Malgr\u00e9 son don, elle n\u2019arrive pas \u00e0 \u00e9viter les ennuis, de fait, elle les attire&nbsp;! <\/p>\n\n\n\n<p class=\"has-text-align-justify\">Le tome 2, <em>D\u00e9sir\u00e9e<\/em>, est sorti en novembre 2019. Je vais me jeter dessus sans attendre&nbsp;!<\/p>\n\n\n\n<blockquote class=\"wp-block-quote\"><p> \u00ab&nbsp;&#8211; Je ne demande qu\u2019\u00e0 te croire, mais je dois \u00eatre s\u00fbr. Pardonne-moi.  Quand je comprends qu\u2019il va me conduire aupr\u00e8s de son ma\u00eetre, je c\u00e8de finalement \u00e0 la panique.  <br>&#8211; Non&nbsp;! Pas chez les vampires&nbsp;! Je ne veux pas&nbsp;! Ne m\u2019emm\u00e8ne pas l\u00e0-bas&nbsp;! <br>Je secoue fr\u00e9n\u00e9tiquement la t\u00eate. Je voudrais me montrer courageuse, mais c\u2019est au-dessus de mes forces. Ma peur est trop grande, mon cauchemar encore trop vivace. La panique l\u2019emporte tandis que je suis assaillie par le souvenir de la nuit o\u00f9 j\u2019ai d\u00e9couvert le monde occulte.&nbsp;\u00bb<\/p><\/blockquote>\n","protected":false},"excerpt":{"rendered":"<p>D\u00e9masqu\u00e9e, le premier tome de Nora Jacobs de Jackie May, est sorti chez Milady en septembre 2019. Un roman coup de c\u0153ur pour une s\u00e9rie bit-lit qui change de ce qu\u2019on a l\u2019habitude de lire. Jackie May fait une entr\u00e9e fracassante chez Milady avec Nora Jacobs, une h\u00e9ro\u00efne qui n\u2019a pas sa langue dans sa<\/p>\n","protected":false},"author":14,"featured_media":31999,"comment_status":"open","ping_status":"open","sticky":false,"template":"","format":"standard","meta":{"jetpack_post_was_ever_published":false,"_jetpack_newsletter_access":"","_jetpack_newsletter_tier_id":0,"footnotes":"","jetpack_publicize_message":"","jetpack_is_tweetstorm":false,"jetpack_publicize_feature_enabled":true,"jetpack_social_post_already_shared":true,"jetpack_social_options":{"image_generator_settings":{"template":"highway","enabled":false}}},"categories":[1107],"tags":[831,2191,2192,805,2190],"jetpack_publicize_connections":[],"yoast_head":"<!-- This site is optimized with the Yoast SEO plugin v21.5 - https:\/\/yoast.com\/wordpress\/plugins\/seo\/ -->\n<title>Nora Jacobs, la saga bit-lit que vous allez adorer ! - Les Petits Livres<\/title>\n<meta name=\"robots\" content=\"index, follow, max-snippet:-1, max-image-preview:large, max-video-preview:-1\" \/>\n<link rel=\"canonical\" href=\"https:\/\/smallthings.fr\/lespetitslivres\/2020\/01\/21\/nora-jacobs-la-saga-bit-lit-que-vous-allez-adorer\/\" \/>\n<meta property=\"og:locale\" content=\"fr_FR\" \/>\n<meta property=\"og:type\" content=\"article\" \/>\n<meta property=\"og:title\" content=\"Nora Jacobs, la saga bit-lit que vous allez adorer ! - Les Petits Livres\" \/>\n<meta property=\"og:description\" content=\"D\u00e9masqu\u00e9e, le premier tome de Nora Jacobs de Jackie May, est sorti chez Milady en septembre 2019. Un roman coup de c\u0153ur pour une s\u00e9rie bit-lit qui change de ce qu\u2019on a l\u2019habitude de lire. Jackie May fait une entr\u00e9e fracassante chez Milady avec Nora Jacobs, une h\u00e9ro\u00efne qui n\u2019a pas sa langue dans sa\" \/>\n<meta property=\"og:url\" content=\"https:\/\/smallthings.fr\/lespetitslivres\/2020\/01\/21\/nora-jacobs-la-saga-bit-lit-que-vous-allez-adorer\/\" \/>\n<meta property=\"og:site_name\" content=\"Les Petits Livres\" \/>\n<meta property=\"article:published_time\" content=\"2020-01-21T10:00:00+00:00\" \/>\n<meta property=\"article:modified_time\" content=\"2020-01-20T20:31:37+00:00\" \/>\n<meta property=\"og:image\" content=\"https:\/\/i0.wp.com\/smallthings.fr\/lespetitslivres\/wp-content\/uploads\/2020\/01\/Nora-Jacobs-D\u00e9masqu\u00e9e-2.jpg?fit=1397%2C1125&ssl=1\" \/>\n\t<meta property=\"og:image:width\" content=\"1397\" \/>\n\t<meta property=\"og:image:height\" content=\"1125\" \/>\n\t<meta property=\"og:image:type\" content=\"image\/jpeg\" \/>\n<meta name=\"author\" content=\"Jennifer\" \/>\n<meta name=\"twitter:card\" content=\"summary_large_image\" \/>\n<meta name=\"twitter:label1\" content=\"\u00c9crit par\" \/>\n\t<meta name=\"twitter:data1\" content=\"Jennifer\" \/>\n\t<meta name=\"twitter:label2\" content=\"Dur\u00e9e de lecture estim\u00e9e\" \/>\n\t<meta name=\"twitter:data2\" content=\"2 minutes\" \/>\n<script type=\"application\/ld+json\" class=\"yoast-schema-graph\">{\"@context\":\"https:\/\/schema.org\",\"@graph\":[{\"@type\":\"WebPage\",\"@id\":\"https:\/\/smallthings.fr\/lespetitslivres\/2020\/01\/21\/nora-jacobs-la-saga-bit-lit-que-vous-allez-adorer\/\",\"url\":\"https:\/\/smallthings.fr\/lespetitslivres\/2020\/01\/21\/nora-jacobs-la-saga-bit-lit-que-vous-allez-adorer\/\",\"name\":\"Nora Jacobs, la saga bit-lit que vous allez adorer ! - Les Petits Livres\",\"isPartOf\":{\"@id\":\"https:\/\/smallthings.fr\/lespetitslivres\/#website\"},\"datePublished\":\"2020-01-21T10:00:00+00:00\",\"dateModified\":\"2020-01-20T20:31:37+00:00\",\"author\":{\"@id\":\"https:\/\/smallthings.fr\/lespetitslivres\/#\/schema\/person\/bb8808220f912e72f01f7a55924d9ad1\"},\"breadcrumb\":{\"@id\":\"https:\/\/smallthings.fr\/lespetitslivres\/2020\/01\/21\/nora-jacobs-la-saga-bit-lit-que-vous-allez-adorer\/#breadcrumb\"},\"inLanguage\":\"fr-FR\",\"potentialAction\":[{\"@type\":\"ReadAction\",\"target\":[\"https:\/\/smallthings.fr\/lespetitslivres\/2020\/01\/21\/nora-jacobs-la-saga-bit-lit-que-vous-allez-adorer\/\"]}]},{\"@type\":\"BreadcrumbList\",\"@id\":\"https:\/\/smallthings.fr\/lespetitslivres\/2020\/01\/21\/nora-jacobs-la-saga-bit-lit-que-vous-allez-adorer\/#breadcrumb\",\"itemListElement\":[{\"@type\":\"ListItem\",\"position\":1,\"name\":\"Accueil\",\"item\":\"https:\/\/smallthings.fr\/lespetitslivres\/\"},{\"@type\":\"ListItem\",\"position\":2,\"name\":\"Nora Jacobs, la saga bit-lit que vous allez adorer !\"}]},{\"@type\":\"WebSite\",\"@id\":\"https:\/\/smallthings.fr\/lespetitslivres\/#website\",\"url\":\"https:\/\/smallthings.fr\/lespetitslivres\/\",\"name\":\"Les Petits Livres\",\"description\":\"by Small Things\",\"potentialAction\":[{\"@type\":\"SearchAction\",\"target\":{\"@type\":\"EntryPoint\",\"urlTemplate\":\"https:\/\/smallthings.fr\/lespetitslivres\/?s={search_term_string}\"},\"query-input\":\"required name=search_term_string\"}],\"inLanguage\":\"fr-FR\"},{\"@type\":\"Person\",\"@id\":\"https:\/\/smallthings.fr\/lespetitslivres\/#\/schema\/person\/bb8808220f912e72f01f7a55924d9ad1\",\"name\":\"Jennifer\",\"image\":{\"@type\":\"ImageObject\",\"inLanguage\":\"fr-FR\",\"@id\":\"https:\/\/smallthings.fr\/lespetitslivres\/#\/schema\/person\/image\/\",\"url\":\"https:\/\/secure.gravatar.com\/avatar\/ffcd6b107b6b18c3d5201f1bcc631683?s=96&d=retro&r=g\",\"contentUrl\":\"https:\/\/secure.gravatar.com\/avatar\/ffcd6b107b6b18c3d5201f1bcc631683?s=96&d=retro&r=g\",\"caption\":\"Jennifer\"},\"url\":\"https:\/\/smallthings.fr\/lespetitslivres\/author\/jennifer\/\"}]}<\/script>\n<!-- \/ Yoast SEO plugin. -->","yoast_head_json":{"title":"Nora Jacobs, la saga bit-lit que vous allez adorer ! - Les Petits Livres","robots":{"index":"index","follow":"follow","max-snippet":"max-snippet:-1","max-image-preview":"max-image-preview:large","max-video-preview":"max-video-preview:-1"},"canonical":"https:\/\/smallthings.fr\/lespetitslivres\/2020\/01\/21\/nora-jacobs-la-saga-bit-lit-que-vous-allez-adorer\/","og_locale":"fr_FR","og_type":"article","og_title":"Nora Jacobs, la saga bit-lit que vous allez adorer ! - Les Petits Livres","og_description":"D\u00e9masqu\u00e9e, le premier tome de Nora Jacobs de Jackie May, est sorti chez Milady en septembre 2019. Un roman coup de c\u0153ur pour une s\u00e9rie bit-lit qui change de ce qu\u2019on a l\u2019habitude de lire. Jackie May fait une entr\u00e9e fracassante chez Milady avec Nora Jacobs, une h\u00e9ro\u00efne qui n\u2019a pas sa langue dans sa","og_url":"https:\/\/smallthings.fr\/lespetitslivres\/2020\/01\/21\/nora-jacobs-la-saga-bit-lit-que-vous-allez-adorer\/","og_site_name":"Les Petits Livres","article_published_time":"2020-01-21T10:00:00+00:00","article_modified_time":"2020-01-20T20:31:37+00:00","og_image":[{"width":1397,"height":1125,"url":"https:\/\/i0.wp.com\/smallthings.fr\/lespetitslivres\/wp-content\/uploads\/2020\/01\/Nora-Jacobs-D\u00e9masqu\u00e9e-2.jpg?fit=1397%2C1125&ssl=1","type":"image\/jpeg"}],"author":"Jennifer","twitter_card":"summary_large_image","twitter_misc":{"\u00c9crit par":"Jennifer","Dur\u00e9e de lecture estim\u00e9e":"2 minutes"},"schema":{"@context":"https:\/\/schema.org","@graph":[{"@type":"WebPage","@id":"https:\/\/smallthings.fr\/lespetitslivres\/2020\/01\/21\/nora-jacobs-la-saga-bit-lit-que-vous-allez-adorer\/","url":"https:\/\/smallthings.fr\/lespetitslivres\/2020\/01\/21\/nora-jacobs-la-saga-bit-lit-que-vous-allez-adorer\/","name":"Nora Jacobs, la saga bit-lit que vous allez adorer ! - Les Petits Livres","isPartOf":{"@id":"https:\/\/smallthings.fr\/lespetitslivres\/#website"},"datePublished":"2020-01-21T10:00:00+00:00","dateModified":"2020-01-20T20:31:37+00:00","author":{"@id":"https:\/\/smallthings.fr\/lespetitslivres\/#\/schema\/person\/bb8808220f912e72f01f7a55924d9ad1"},"breadcrumb":{"@id":"https:\/\/smallthings.fr\/lespetitslivres\/2020\/01\/21\/nora-jacobs-la-saga-bit-lit-que-vous-allez-adorer\/#breadcrumb"},"inLanguage":"fr-FR","potentialAction":[{"@type":"ReadAction","target":["https:\/\/smallthings.fr\/lespetitslivres\/2020\/01\/21\/nora-jacobs-la-saga-bit-lit-que-vous-allez-adorer\/"]}]},{"@type":"BreadcrumbList","@id":"https:\/\/smallthings.fr\/lespetitslivres\/2020\/01\/21\/nora-jacobs-la-saga-bit-lit-que-vous-allez-adorer\/#breadcrumb","itemListElement":[{"@type":"ListItem","position":1,"name":"Accueil","item":"https:\/\/smallthings.fr\/lespetitslivres\/"},{"@type":"ListItem","position":2,"name":"Nora Jacobs, la saga bit-lit que vous allez adorer !"}]},{"@type":"WebSite","@id":"https:\/\/smallthings.fr\/lespetitslivres\/#website","url":"https:\/\/smallthings.fr\/lespetitslivres\/","name":"Les Petits Livres","description":"by Small Things","potentialAction":[{"@type":"SearchAction","target":{"@type":"EntryPoint","urlTemplate":"https:\/\/smallthings.fr\/lespetitslivres\/?s={search_term_string}"},"query-input":"required name=search_term_string"}],"inLanguage":"fr-FR"},{"@type":"Person","@id":"https:\/\/smallthings.fr\/lespetitslivres\/#\/schema\/person\/bb8808220f912e72f01f7a55924d9ad1","name":"Jennifer","image":{"@type":"ImageObject","inLanguage":"fr-FR","@id":"https:\/\/smallthings.fr\/lespetitslivres\/#\/schema\/person\/image\/","url":"https:\/\/secure.gravatar.com\/avatar\/ffcd6b107b6b18c3d5201f1bcc631683?s=96&d=retro&r=g","contentUrl":"https:\/\/secure.gravatar.com\/avatar\/ffcd6b107b6b18c3d5201f1bcc631683?s=96&d=retro&r=g","caption":"Jennifer"},"url":"https:\/\/smallthings.fr\/lespetitslivres\/author\/jennifer\/"}]}},"jetpack_featured_media_url":"https:\/\/smallthings.fr\/lespetitslivres\/wp-content\/uploads\/2020\/01\/Nora-Jacobs-D\u00e9masqu\u00e9e-2.jpg","jetpack_sharing_enabled":true,"jetpack_shortlink":"https:\/\/wp.me\/p6Un21-8k5","jetpack-related-posts":[{"id":32210,"url":"https:\/\/smallthings.fr\/lespetitslivres\/2021\/03\/25\/shane-davies-jackie-may\/","url_meta":{"origin":31997,"position":0},"title":"Shane Davies, dans la lign\u00e9e de Nora Jacobs ?","author":"Jennifer","date":"25 mars 2021","format":false,"excerpt":"Moi, Rousse et Fauch\u00e9e, voici le titre du premier tome de la saga Shayne Davies de Jackie May, sorti chez les \u00e9ditions Milady en janvier dernier. L\u2019auteure a d\u00e9cid\u00e9 de lancer une s\u00e9rie dans l\u2019univers de sa sublime Nora Jacobs (chronique ici), avec une h\u00e9ro\u00efne compl\u00e8tement diff\u00e9rente. Un brin d\u00e9jant\u00e9e,\u2026","rel":"","context":"Dans &quot;Fantastique&quot;","block_context":{"text":"Fantastique","link":"https:\/\/smallthings.fr\/lespetitslivres\/category\/imaginaire\/fantastique\/"},"img":{"alt_text":"","src":"https:\/\/i0.wp.com\/smallthings.fr\/lespetitslivres\/wp-content\/uploads\/2021\/03\/shayne-davies-jackie-may-2.jpg?resize=350%2C200&ssl=1","width":350,"height":200,"srcset":"https:\/\/i0.wp.com\/smallthings.fr\/lespetitslivres\/wp-content\/uploads\/2021\/03\/shayne-davies-jackie-may-2.jpg?resize=350%2C200&ssl=1 1x, https:\/\/i0.wp.com\/smallthings.fr\/lespetitslivres\/wp-content\/uploads\/2021\/03\/shayne-davies-jackie-may-2.jpg?resize=525%2C300&ssl=1 1.5x"},"classes":[]},{"id":32222,"url":"https:\/\/smallthings.fr\/lespetitslivres\/2021\/05\/25\/shayne-davies-lui-blond-paume-may\/","url_meta":{"origin":31997,"position":1},"title":"Shayne Davies, renarde-garou, contre tueur en s\u00e9rie naus\u00e9abond","author":"Jennifer","date":"25 mai 2021","format":false,"excerpt":"Lui, blond et paum\u00e9 est le second tome de la s\u00e9rie Shayne Davies de Jackie May. Sorti le 21 avril dernier chez les \u00e9ditions Milady, ce volet nous montre une fois de plus que l\u2019h\u00e9ro\u00efne badass encha\u00eene les mauvais coups. Pour preuve, la voil\u00e0 m\u00eal\u00e9e \u00e0 une sombre affaire m\u00ealant\u2026","rel":"","context":"Dans &quot;Fantastique&quot;","block_context":{"text":"Fantastique","link":"https:\/\/smallthings.fr\/lespetitslivres\/category\/imaginaire\/fantastique\/"},"img":{"alt_text":"","src":"https:\/\/i0.wp.com\/smallthings.fr\/lespetitslivres\/wp-content\/uploads\/2021\/05\/shayne-davies-lui-blond-et-paum\u00e9-Jackie-May-2.jpg?resize=350%2C200&ssl=1","width":350,"height":200,"srcset":"https:\/\/i0.wp.com\/smallthings.fr\/lespetitslivres\/wp-content\/uploads\/2021\/05\/shayne-davies-lui-blond-et-paum\u00e9-Jackie-May-2.jpg?resize=350%2C200&ssl=1 1x, https:\/\/i0.wp.com\/smallthings.fr\/lespetitslivres\/wp-content\/uploads\/2021\/05\/shayne-davies-lui-blond-et-paum\u00e9-Jackie-May-2.jpg?resize=525%2C300&ssl=1 1.5x"},"classes":[]},{"id":32287,"url":"https:\/\/smallthings.fr\/lespetitslivres\/2021\/11\/10\/shayne-davies-jackie-may\/","url_meta":{"origin":31997,"position":2},"title":"Shayne Davies : Elle, rageante et parfaite","author":"Jennifer","date":"10 novembre 2021","format":false,"excerpt":"Elle, rageante et parfaite est le troisi\u00e8me tome de la saga Shayne Davies de Jackie May. Sorti en septembre chez Milady, cette romance paranormale ne s\u2019essouffle pas\u00a0! Action, myst\u00e8re et kidnapping seront au rendez-vous. Shayne Davies est une s\u00e9rie tr\u00e8s int\u00e9ressante qui se d\u00e9roule dans l\u2019univers de la saga Nora\u2026","rel":"","context":"Dans &quot;Fantastique&quot;","block_context":{"text":"Fantastique","link":"https:\/\/smallthings.fr\/lespetitslivres\/category\/imaginaire\/fantastique\/"},"img":{"alt_text":"","src":"https:\/\/i0.wp.com\/smallthings.fr\/lespetitslivres\/wp-content\/uploads\/2021\/11\/shayne-davies-tome-3-elle-rageante-et-parfaite-1522653-2.png?resize=350%2C200&ssl=1","width":350,"height":200,"srcset":"https:\/\/i0.wp.com\/smallthings.fr\/lespetitslivres\/wp-content\/uploads\/2021\/11\/shayne-davies-tome-3-elle-rageante-et-parfaite-1522653-2.png?resize=350%2C200&ssl=1 1x, https:\/\/i0.wp.com\/smallthings.fr\/lespetitslivres\/wp-content\/uploads\/2021\/11\/shayne-davies-tome-3-elle-rageante-et-parfaite-1522653-2.png?resize=525%2C300&ssl=1 1.5x, https:\/\/i0.wp.com\/smallthings.fr\/lespetitslivres\/wp-content\/uploads\/2021\/11\/shayne-davies-tome-3-elle-rageante-et-parfaite-1522653-2.png?resize=700%2C400&ssl=1 2x, https:\/\/i0.wp.com\/smallthings.fr\/lespetitslivres\/wp-content\/uploads\/2021\/11\/shayne-davies-tome-3-elle-rageante-et-parfaite-1522653-2.png?resize=1050%2C600&ssl=1 3x"},"classes":[]},{"id":26450,"url":"https:\/\/smallthings.fr\/lespetitslivres\/2015\/08\/28\/la-vie-selon-nora-linda-yellin-critique\/","url_meta":{"origin":31997,"position":3},"title":"La vie selon Nora, la com\u00e9die romantique de Linda Yellin","author":"Jennifer","date":"28 ao\u00fbt 2015","format":false,"excerpt":"La vie selon Nora de Linda Yellin sort aujourd'hui aux \u00e9ditions Milady. On suit l\u2019histoire de Molly, journaliste dans un magazine en vogue, qui n\u2019h\u00e9site pas \u00e0 sauter en parachute ou encore tester les portiques de s\u00e9curit\u00e9 avec un vibromasseur pour \u00e9crire sa chronique hebdomadaire. Jusqu\u2019au jour o\u00f9 sa patronne\u2026","rel":"","context":"Dans &quot;Roman \u00e9tranger&quot;","block_context":{"text":"Roman \u00e9tranger","link":"https:\/\/smallthings.fr\/lespetitslivres\/category\/roman\/roman-etranger\/"},"img":{"alt_text":"","src":"https:\/\/i0.wp.com\/smallthings.fr\/wp-content\/uploads\/2015\/08\/la-vie-selon-nora-200x300.jpg?resize=350%2C200","width":350,"height":200},"classes":[]},{"id":31965,"url":"https:\/\/smallthings.fr\/lespetitslivres\/2019\/08\/12\/alfa-parish-milly-taiden\/","url_meta":{"origin":31997,"position":4},"title":"Alfa, la s\u00e9rie bit-lit de Milly Taiden d\u00e9barque chez Milady !","author":"Jennifer","date":"12 ao\u00fbt 2019","format":false,"excerpt":"Parish est le premier tome de la saga Alfa de Milly Taiden. Sorti le 19 juin chez Milady, ce roman bit-lit commence tr\u00e8s fort, mais les derniers chapitres nous d\u00e9\u00e7oivent totalement\u2026 Auteure de plusieurs sagas \u00e0 succ\u00e8s, Milly Taiden d\u00e9barque chez les \u00e9ditions Milady avec sa saga Alfa. Dans ce\u2026","rel":"","context":"Dans &quot;Fantastique&quot;","block_context":{"text":"Fantastique","link":"https:\/\/smallthings.fr\/lespetitslivres\/category\/imaginaire\/fantastique\/"},"img":{"alt_text":"","src":"https:\/\/i0.wp.com\/smallthings.fr\/lespetitslivres\/wp-content\/uploads\/2019\/08\/alfa-parish-milly-taiden-4.jpg?resize=350%2C200&ssl=1","width":350,"height":200,"srcset":"https:\/\/i0.wp.com\/smallthings.fr\/lespetitslivres\/wp-content\/uploads\/2019\/08\/alfa-parish-milly-taiden-4.jpg?resize=350%2C200&ssl=1 1x, https:\/\/i0.wp.com\/smallthings.fr\/lespetitslivres\/wp-content\/uploads\/2019\/08\/alfa-parish-milly-taiden-4.jpg?resize=525%2C300&ssl=1 1.5x, https:\/\/i0.wp.com\/smallthings.fr\/lespetitslivres\/wp-content\/uploads\/2019\/08\/alfa-parish-milly-taiden-4.jpg?resize=700%2C400&ssl=1 2x, https:\/\/i0.wp.com\/smallthings.fr\/lespetitslivres\/wp-content\/uploads\/2019\/08\/alfa-parish-milly-taiden-4.jpg?resize=1050%2C600&ssl=1 3x, https:\/\/i0.wp.com\/smallthings.fr\/lespetitslivres\/wp-content\/uploads\/2019\/08\/alfa-parish-milly-taiden-4.jpg?resize=1400%2C800&ssl=1 4x"},"classes":[]},{"id":31936,"url":"https:\/\/smallthings.fr\/lespetitslivres\/2019\/08\/06\/dernier-loup-sauvages-maria-vale\/","url_meta":{"origin":31997,"position":5},"title":"Le dernier loup, premier tome de la saga bit-lit de Maria Vale","author":"Jennifer","date":"6 ao\u00fbt 2019","format":false,"excerpt":"Le dernier loup est le premier tome de la saga Sauvages de Maria Vale. Ce roman bit-lit est sorti le 20 mars dernier chez Milady. Un premier tome qui nous fait rencontrer tous les personnages et qui nous fait entrer dans un univers aussi sombre qu\u2019int\u00e9ressant. Sauvages est une saga\u2026","rel":"","context":"Dans &quot;Fantastique&quot;","block_context":{"text":"Fantastique","link":"https:\/\/smallthings.fr\/lespetitslivres\/category\/imaginaire\/fantastique\/"},"img":{"alt_text":"","src":"https:\/\/i0.wp.com\/smallthings.fr\/lespetitslivres\/wp-content\/uploads\/2019\/08\/Le-dernier-loup-sauvage-Maria-Vale-2.jpg?resize=350%2C200&ssl=1","width":350,"height":200,"srcset":"https:\/\/i0.wp.com\/smallthings.fr\/lespetitslivres\/wp-content\/uploads\/2019\/08\/Le-dernier-loup-sauvage-Maria-Vale-2.jpg?resize=350%2C200&ssl=1 1x, https:\/\/i0.wp.com\/smallthings.fr\/lespetitslivres\/wp-content\/uploads\/2019\/08\/Le-dernier-loup-sauvage-Maria-Vale-2.jpg?resize=525%2C300&ssl=1 1.5x, https:\/\/i0.wp.com\/smallthings.fr\/lespetitslivres\/wp-content\/uploads\/2019\/08\/Le-dernier-loup-sauvage-Maria-Vale-2.jpg?resize=700%2C400&ssl=1 2x, https:\/\/i0.wp.com\/smallthings.fr\/lespetitslivres\/wp-content\/uploads\/2019\/08\/Le-dernier-loup-sauvage-Maria-Vale-2.jpg?resize=1050%2C600&ssl=1 3x, https:\/\/i0.wp.com\/smallthings.fr\/lespetitslivres\/wp-content\/uploads\/2019\/08\/Le-dernier-loup-sauvage-Maria-Vale-2.jpg?resize=1400%2C800&ssl=1 4x"},"classes":[]}],"_links":{"self":[{"href":"https:\/\/smallthings.fr\/lespetitslivres\/wp-json\/wp\/v2\/posts\/31997"}],"collection":[{"href":"https:\/\/smallthings.fr\/lespetitslivres\/wp-json\/wp\/v2\/posts"}],"about":[{"href":"https:\/\/smallthings.fr\/lespetitslivres\/wp-json\/wp\/v2\/types\/post"}],"author":[{"embeddable":true,"href":"https:\/\/smallthings.fr\/lespetitslivres\/wp-json\/wp\/v2\/users\/14"}],"replies":[{"embeddable":true,"href":"https:\/\/smallthings.fr\/lespetitslivres\/wp-json\/wp\/v2\/comments?post=31997"}],"version-history":[{"count":8,"href":"https:\/\/smallthings.fr\/lespetitslivres\/wp-json\/wp\/v2\/posts\/31997\/revisions"}],"predecessor-version":[{"id":32013,"href":"https:\/\/smallthings.fr\/lespetitslivres\/wp-json\/wp\/v2\/posts\/31997\/revisions\/32013"}],"wp:featuredmedia":[{"embeddable":true,"href":"https:\/\/smallthings.fr\/lespetitslivres\/wp-json\/wp\/v2\/media\/31999"}],"wp:attachment":[{"href":"https:\/\/smallthings.fr\/lespetitslivres\/wp-json\/wp\/v2\/media?parent=31997"}],"wp:term":[{"taxonomy":"category","embeddable":true,"href":"https:\/\/smallthings.fr\/lespetitslivres\/wp-json\/wp\/v2\/categories?post=31997"},{"taxonomy":"post_tag","embeddable":true,"href":"https:\/\/smallthings.fr\/lespetitslivres\/wp-json\/wp\/v2\/tags?post=31997"}],"curies":[{"name":"wp","href":"https:\/\/api.w.org\/{rel}","templated":true}]}}