{"id":31985,"date":"2019-09-10T12:43:55","date_gmt":"2019-09-10T11:43:55","guid":{"rendered":"http:\/\/smallthings.fr\/lespetitslivres\/?p=31985"},"modified":"2019-09-10T12:44:52","modified_gmt":"2019-09-10T11:44:52","slug":"la-gouteuse-hitler-livre-audio","status":"publish","type":"post","link":"https:\/\/smallthings.fr\/lespetitslivres\/2019\/09\/10\/la-gouteuse-hitler-livre-audio\/","title":{"rendered":"La go\u00fbteuse d&rsquo;Hitler, thriller historique en livre audio"},"content":{"rendered":"\n<p style=\"font-size:-1px\">L&rsquo;automne arrive&#8230; <strong>Rien de tel qu&rsquo;un bon livre audio pour les soir\u00e9es qui rallongent et les week-ends pass\u00e9s au chaud&#8230; Le roman historique de Rosella Postorino, <\/strong><em><strong>La go\u00fbteuse d&rsquo;Hitler<\/strong><\/em><strong>, fait absolument l&rsquo;affaire<\/strong>. Lu par Audrey Sourdive, le livre nous transporte tout droit en 1943, dans le quartier g\u00e9n\u00e9rale prussien o\u00f9 Hitler s&rsquo;est retir\u00e9 \u00e0 la fin de la Seconde Guerre Mondiale&#8230;<br><br>On suit le parcours de Rosa, qui est devenue l&rsquo;une des go\u00fbteuses du F\u00fchrer&#8230; Ce dernier se sentant tr\u00e8s en danger \u00e0 ce moment-l\u00e0, a fait appel \u00e0 plusieurs go\u00fbteuses, charg\u00e9es de s&rsquo;assurer de la qualit\u00e9 de ses repas. Les go\u00fbteuses, aussi horrifi\u00e9es qu&rsquo;affam\u00e9es, savent que chaque boucher peut \u00eatre la derni\u00e8re&#8230;<br><br><strong>Tout au long de ce thriller historique au suspense haletant et excellemment lu, on suit le parcours de Rosa, inspir\u00e9 de l&rsquo;histoire vraie de Margot W\u00f6lk<\/strong>. On en apprend plus sur sa vie \u00e0 la \u00ab\u00a0tanni\u00e8re\u00a0\u00bb du loup, mais on revient aussi sur qui elle \u00e9tait avant cela&#8230; une jeune femme amoureuse qui tentait de prot\u00e9ger sa famille face \u00e0 la guerre&#8230;<br><br><strong>On tremble pour Rosa et, repas apr\u00e8s repas, on esp\u00e8re avec elle que ce ne soit pas le dernier&#8230;<\/strong> La go\u00fbteuse d&rsquo;Hitler est l&rsquo;un des romans embl\u00e9matiques de la rentr\u00e9e de janvier l&rsquo;ann\u00e9e pass\u00e9e. Je me r\u00e9jouissais de le d\u00e9couvrir en livre audio. Cela permet de se plonger totalement dans l&rsquo;atmosph\u00e8re du roman. <strong>Une exp\u00e9rience intense et passionnante !<\/strong><br><br><em>La go\u00fbteuse d&rsquo;Hitler<\/em> en livre audio est \u00e0 d\u00e9couvrir chez <a href=\"https:\/\/www.audible.fr\/pd\/La-gouteuse-dHitler-Livre-Audio\/B07QK2B6SF\">Audible<\/a>. Merci \u00e0 eux pour ce partenariat passionnant !<\/p>\n\n\n\n<div class=\"wp-block-image\"><figure class=\"alignleft\"><img loading=\"lazy\" decoding=\"async\" width=\"318\" height=\"316\" data-attachment-id=\"31989\" data-permalink=\"https:\/\/smallthings.fr\/lespetitslivres\/2019\/09\/10\/la-gouteuse-hitler-livre-audio\/postorino-audio\/\" data-orig-file=\"https:\/\/smallthings.fr\/lespetitslivres\/wp-content\/uploads\/2019\/09\/postorino-audio.png\" data-orig-size=\"318,316\" data-comments-opened=\"1\" data-image-meta=\"{&quot;aperture&quot;:&quot;0&quot;,&quot;credit&quot;:&quot;&quot;,&quot;camera&quot;:&quot;&quot;,&quot;caption&quot;:&quot;&quot;,&quot;created_timestamp&quot;:&quot;0&quot;,&quot;copyright&quot;:&quot;&quot;,&quot;focal_length&quot;:&quot;0&quot;,&quot;iso&quot;:&quot;0&quot;,&quot;shutter_speed&quot;:&quot;0&quot;,&quot;title&quot;:&quot;&quot;,&quot;orientation&quot;:&quot;0&quot;}\" data-image-title=\"postorino-audio\" data-image-description=\"\" data-image-caption=\"\" data-medium-file=\"https:\/\/smallthings.fr\/lespetitslivres\/wp-content\/uploads\/2019\/09\/postorino-audio-300x298.png\" data-large-file=\"https:\/\/smallthings.fr\/lespetitslivres\/wp-content\/uploads\/2019\/09\/postorino-audio.png\" src=\"http:\/\/smallthings.fr\/lespetitslivres\/wp-content\/uploads\/2019\/09\/postorino-audio.png\" alt=\"\" class=\"wp-image-31989\" srcset=\"https:\/\/smallthings.fr\/lespetitslivres\/wp-content\/uploads\/2019\/09\/postorino-audio.png 318w, https:\/\/smallthings.fr\/lespetitslivres\/wp-content\/uploads\/2019\/09\/postorino-audio-300x298.png 300w, https:\/\/smallthings.fr\/lespetitslivres\/wp-content\/uploads\/2019\/09\/postorino-audio-150x150.png 150w\" sizes=\"(max-width: 318px) 100vw, 318px\" \/><\/figure><\/div>\n","protected":false},"excerpt":{"rendered":"<p>L&rsquo;automne arrive&#8230; Rien de tel qu&rsquo;un bon livre audio pour les soir\u00e9es qui rallongent et les week-ends pass\u00e9s au chaud&#8230; Le roman historique de Rosella Postorino, La go\u00fbteuse d&rsquo;Hitler, fait absolument l&rsquo;affaire. Lu par Audrey Sourdive, le livre nous transporte tout droit en 1943, dans le quartier g\u00e9n\u00e9rale prussien o\u00f9 Hitler s&rsquo;est retir\u00e9 \u00e0 la<\/p>\n","protected":false},"author":2,"featured_media":31987,"comment_status":"open","ping_status":"open","sticky":false,"template":"","format":"standard","meta":{"jetpack_post_was_ever_published":false,"_jetpack_newsletter_access":"","_jetpack_newsletter_tier_id":0,"footnotes":"","jetpack_publicize_message":"","jetpack_is_tweetstorm":false,"jetpack_publicize_feature_enabled":true,"jetpack_social_post_already_shared":true,"jetpack_social_options":{"image_generator_settings":{"template":"highway","enabled":false}}},"categories":[1],"tags":[],"jetpack_publicize_connections":[],"yoast_head":"<!-- This site is optimized with the Yoast SEO plugin v21.5 - https:\/\/yoast.com\/wordpress\/plugins\/seo\/ -->\n<title>La go\u00fbteuse d&#039;Hitler, thriller historique en livre audio - Les Petits Livres<\/title>\n<meta name=\"description\" content=\"L\u2019automne arrive\u2026 Rien de tel qu\u2019un bon livre audio pour les soir\u00e9es qui rallongent et les week-ends pass\u00e9s au chaud\u2026 Le roman historique de Rosella Postorino, La go\u00fbteuse d\u2019Hitler, fait absolument l\u2019affaire.\" \/>\n<meta name=\"robots\" content=\"index, follow, max-snippet:-1, max-image-preview:large, max-video-preview:-1\" \/>\n<link rel=\"canonical\" href=\"https:\/\/smallthings.fr\/lespetitslivres\/2019\/09\/10\/la-gouteuse-hitler-livre-audio\/\" \/>\n<meta property=\"og:locale\" content=\"fr_FR\" \/>\n<meta property=\"og:type\" content=\"article\" \/>\n<meta property=\"og:title\" content=\"La go\u00fbteuse d&#039;Hitler, thriller historique en livre audio - Les Petits Livres\" \/>\n<meta property=\"og:description\" content=\"L\u2019automne arrive\u2026 Rien de tel qu\u2019un bon livre audio pour les soir\u00e9es qui rallongent et les week-ends pass\u00e9s au chaud\u2026 Le roman historique de Rosella Postorino, La go\u00fbteuse d\u2019Hitler, fait absolument l\u2019affaire.\" \/>\n<meta property=\"og:url\" content=\"https:\/\/smallthings.fr\/lespetitslivres\/2019\/09\/10\/la-gouteuse-hitler-livre-audio\/\" \/>\n<meta property=\"og:site_name\" content=\"Les Petits Livres\" \/>\n<meta property=\"article:published_time\" content=\"2019-09-10T11:43:55+00:00\" \/>\n<meta property=\"article:modified_time\" content=\"2019-09-10T11:44:52+00:00\" \/>\n<meta property=\"og:image\" content=\"https:\/\/i0.wp.com\/smallthings.fr\/lespetitslivres\/wp-content\/uploads\/2019\/09\/la-go\u00fbteuse-dhitler.png?fit=1200%2C713&ssl=1\" \/>\n\t<meta property=\"og:image:width\" content=\"1200\" \/>\n\t<meta property=\"og:image:height\" content=\"713\" \/>\n\t<meta property=\"og:image:type\" content=\"image\/png\" \/>\n<meta name=\"author\" content=\"Claire\" \/>\n<meta name=\"twitter:card\" content=\"summary_large_image\" \/>\n<meta name=\"twitter:label1\" content=\"\u00c9crit par\" \/>\n\t<meta name=\"twitter:data1\" content=\"Claire\" \/>\n\t<meta name=\"twitter:label2\" content=\"Dur\u00e9e de lecture estim\u00e9e\" \/>\n\t<meta name=\"twitter:data2\" content=\"1 minute\" \/>\n<script type=\"application\/ld+json\" class=\"yoast-schema-graph\">{\"@context\":\"https:\/\/schema.org\",\"@graph\":[{\"@type\":\"WebPage\",\"@id\":\"https:\/\/smallthings.fr\/lespetitslivres\/2019\/09\/10\/la-gouteuse-hitler-livre-audio\/\",\"url\":\"https:\/\/smallthings.fr\/lespetitslivres\/2019\/09\/10\/la-gouteuse-hitler-livre-audio\/\",\"name\":\"La go\u00fbteuse d'Hitler, thriller historique en livre audio - Les Petits Livres\",\"isPartOf\":{\"@id\":\"https:\/\/smallthings.fr\/lespetitslivres\/#website\"},\"datePublished\":\"2019-09-10T11:43:55+00:00\",\"dateModified\":\"2019-09-10T11:44:52+00:00\",\"author\":{\"@id\":\"https:\/\/smallthings.fr\/lespetitslivres\/#\/schema\/person\/504d603cacfe064fe039dfa03a8b7918\"},\"description\":\"L\u2019automne arrive\u2026 Rien de tel qu\u2019un bon livre audio pour les soir\u00e9es qui rallongent et les week-ends pass\u00e9s au chaud\u2026 Le roman historique de Rosella Postorino, La go\u00fbteuse d\u2019Hitler, fait absolument l\u2019affaire.\",\"breadcrumb\":{\"@id\":\"https:\/\/smallthings.fr\/lespetitslivres\/2019\/09\/10\/la-gouteuse-hitler-livre-audio\/#breadcrumb\"},\"inLanguage\":\"fr-FR\",\"potentialAction\":[{\"@type\":\"ReadAction\",\"target\":[\"https:\/\/smallthings.fr\/lespetitslivres\/2019\/09\/10\/la-gouteuse-hitler-livre-audio\/\"]}]},{\"@type\":\"BreadcrumbList\",\"@id\":\"https:\/\/smallthings.fr\/lespetitslivres\/2019\/09\/10\/la-gouteuse-hitler-livre-audio\/#breadcrumb\",\"itemListElement\":[{\"@type\":\"ListItem\",\"position\":1,\"name\":\"Accueil\",\"item\":\"https:\/\/smallthings.fr\/lespetitslivres\/\"},{\"@type\":\"ListItem\",\"position\":2,\"name\":\"La go\u00fbteuse d&rsquo;Hitler, thriller historique en livre audio\"}]},{\"@type\":\"WebSite\",\"@id\":\"https:\/\/smallthings.fr\/lespetitslivres\/#website\",\"url\":\"https:\/\/smallthings.fr\/lespetitslivres\/\",\"name\":\"Les Petits Livres\",\"description\":\"by Small Things\",\"potentialAction\":[{\"@type\":\"SearchAction\",\"target\":{\"@type\":\"EntryPoint\",\"urlTemplate\":\"https:\/\/smallthings.fr\/lespetitslivres\/?s={search_term_string}\"},\"query-input\":\"required name=search_term_string\"}],\"inLanguage\":\"fr-FR\"},{\"@type\":\"Person\",\"@id\":\"https:\/\/smallthings.fr\/lespetitslivres\/#\/schema\/person\/504d603cacfe064fe039dfa03a8b7918\",\"name\":\"Claire\",\"image\":{\"@type\":\"ImageObject\",\"inLanguage\":\"fr-FR\",\"@id\":\"https:\/\/smallthings.fr\/lespetitslivres\/#\/schema\/person\/image\/\",\"url\":\"https:\/\/secure.gravatar.com\/avatar\/9a85ff83d76b3eb17b8cae208640786e?s=96&d=retro&r=g\",\"contentUrl\":\"https:\/\/secure.gravatar.com\/avatar\/9a85ff83d76b3eb17b8cae208640786e?s=96&d=retro&r=g\",\"caption\":\"Claire\"},\"url\":\"https:\/\/smallthings.fr\/lespetitslivres\/author\/claire\/\"}]}<\/script>\n<!-- \/ Yoast SEO plugin. -->","yoast_head_json":{"title":"La go\u00fbteuse d'Hitler, thriller historique en livre audio - Les Petits Livres","description":"L\u2019automne arrive\u2026 Rien de tel qu\u2019un bon livre audio pour les soir\u00e9es qui rallongent et les week-ends pass\u00e9s au chaud\u2026 Le roman historique de Rosella Postorino, La go\u00fbteuse d\u2019Hitler, fait absolument l\u2019affaire.","robots":{"index":"index","follow":"follow","max-snippet":"max-snippet:-1","max-image-preview":"max-image-preview:large","max-video-preview":"max-video-preview:-1"},"canonical":"https:\/\/smallthings.fr\/lespetitslivres\/2019\/09\/10\/la-gouteuse-hitler-livre-audio\/","og_locale":"fr_FR","og_type":"article","og_title":"La go\u00fbteuse d'Hitler, thriller historique en livre audio - Les Petits Livres","og_description":"L\u2019automne arrive\u2026 Rien de tel qu\u2019un bon livre audio pour les soir\u00e9es qui rallongent et les week-ends pass\u00e9s au chaud\u2026 Le roman historique de Rosella Postorino, La go\u00fbteuse d\u2019Hitler, fait absolument l\u2019affaire.","og_url":"https:\/\/smallthings.fr\/lespetitslivres\/2019\/09\/10\/la-gouteuse-hitler-livre-audio\/","og_site_name":"Les Petits Livres","article_published_time":"2019-09-10T11:43:55+00:00","article_modified_time":"2019-09-10T11:44:52+00:00","og_image":[{"width":1200,"height":713,"url":"https:\/\/i0.wp.com\/smallthings.fr\/lespetitslivres\/wp-content\/uploads\/2019\/09\/la-go\u00fbteuse-dhitler.png?fit=1200%2C713&ssl=1","type":"image\/png"}],"author":"Claire","twitter_card":"summary_large_image","twitter_misc":{"\u00c9crit par":"Claire","Dur\u00e9e de lecture estim\u00e9e":"1 minute"},"schema":{"@context":"https:\/\/schema.org","@graph":[{"@type":"WebPage","@id":"https:\/\/smallthings.fr\/lespetitslivres\/2019\/09\/10\/la-gouteuse-hitler-livre-audio\/","url":"https:\/\/smallthings.fr\/lespetitslivres\/2019\/09\/10\/la-gouteuse-hitler-livre-audio\/","name":"La go\u00fbteuse d'Hitler, thriller historique en livre audio - Les Petits Livres","isPartOf":{"@id":"https:\/\/smallthings.fr\/lespetitslivres\/#website"},"datePublished":"2019-09-10T11:43:55+00:00","dateModified":"2019-09-10T11:44:52+00:00","author":{"@id":"https:\/\/smallthings.fr\/lespetitslivres\/#\/schema\/person\/504d603cacfe064fe039dfa03a8b7918"},"description":"L\u2019automne arrive\u2026 Rien de tel qu\u2019un bon livre audio pour les soir\u00e9es qui rallongent et les week-ends pass\u00e9s au chaud\u2026 Le roman historique de Rosella Postorino, La go\u00fbteuse d\u2019Hitler, fait absolument l\u2019affaire.","breadcrumb":{"@id":"https:\/\/smallthings.fr\/lespetitslivres\/2019\/09\/10\/la-gouteuse-hitler-livre-audio\/#breadcrumb"},"inLanguage":"fr-FR","potentialAction":[{"@type":"ReadAction","target":["https:\/\/smallthings.fr\/lespetitslivres\/2019\/09\/10\/la-gouteuse-hitler-livre-audio\/"]}]},{"@type":"BreadcrumbList","@id":"https:\/\/smallthings.fr\/lespetitslivres\/2019\/09\/10\/la-gouteuse-hitler-livre-audio\/#breadcrumb","itemListElement":[{"@type":"ListItem","position":1,"name":"Accueil","item":"https:\/\/smallthings.fr\/lespetitslivres\/"},{"@type":"ListItem","position":2,"name":"La go\u00fbteuse d&rsquo;Hitler, thriller historique en livre audio"}]},{"@type":"WebSite","@id":"https:\/\/smallthings.fr\/lespetitslivres\/#website","url":"https:\/\/smallthings.fr\/lespetitslivres\/","name":"Les Petits Livres","description":"by Small Things","potentialAction":[{"@type":"SearchAction","target":{"@type":"EntryPoint","urlTemplate":"https:\/\/smallthings.fr\/lespetitslivres\/?s={search_term_string}"},"query-input":"required name=search_term_string"}],"inLanguage":"fr-FR"},{"@type":"Person","@id":"https:\/\/smallthings.fr\/lespetitslivres\/#\/schema\/person\/504d603cacfe064fe039dfa03a8b7918","name":"Claire","image":{"@type":"ImageObject","inLanguage":"fr-FR","@id":"https:\/\/smallthings.fr\/lespetitslivres\/#\/schema\/person\/image\/","url":"https:\/\/secure.gravatar.com\/avatar\/9a85ff83d76b3eb17b8cae208640786e?s=96&d=retro&r=g","contentUrl":"https:\/\/secure.gravatar.com\/avatar\/9a85ff83d76b3eb17b8cae208640786e?s=96&d=retro&r=g","caption":"Claire"},"url":"https:\/\/smallthings.fr\/lespetitslivres\/author\/claire\/"}]}},"jetpack_featured_media_url":"https:\/\/smallthings.fr\/lespetitslivres\/wp-content\/uploads\/2019\/09\/la-go\u00fbteuse-dhitler.png","jetpack_sharing_enabled":true,"jetpack_shortlink":"https:\/\/wp.me\/p6Un21-8jT","jetpack-related-posts":[{"id":31431,"url":"https:\/\/smallthings.fr\/lespetitslivres\/2017\/12\/18\/outlander-livre-audio-chardon-tartan\/","url_meta":{"origin":31985,"position":0},"title":"Outlander en livre audio : \u00ab\u00a0Le chardon et le tartan\u00a0\u00bb","author":"Claire","date":"18 d\u00e9cembre 2017","format":false,"excerpt":"La saga Outlander, et plus pr\u00e9cis\u00e9ment son premier tome, Le chardon et le tartan, est disponible en livre audio chez Audible. Comme vous le savez, la s\u00e9rie est tir\u00e9e d'un livre : votre pote fan de Claire et Jamie les a d\u00e9j\u00e0 tous d\u00e9vor\u00e9s depuis des mois... Si le fait\u2026","rel":"","context":"Dans &quot;Num\u00e9rique et audio&quot;","block_context":{"text":"Num\u00e9rique et audio","link":"https:\/\/smallthings.fr\/lespetitslivres\/category\/numerique-audio\/"},"img":{"alt_text":"","src":"https:\/\/i0.wp.com\/smallthings.fr\/lespetitslivres\/wp-content\/uploads\/2017\/12\/outlander-audio-cover.jpg?resize=350%2C200&ssl=1","width":350,"height":200,"srcset":"https:\/\/i0.wp.com\/smallthings.fr\/lespetitslivres\/wp-content\/uploads\/2017\/12\/outlander-audio-cover.jpg?resize=350%2C200&ssl=1 1x, https:\/\/i0.wp.com\/smallthings.fr\/lespetitslivres\/wp-content\/uploads\/2017\/12\/outlander-audio-cover.jpg?resize=525%2C300&ssl=1 1.5x, https:\/\/i0.wp.com\/smallthings.fr\/lespetitslivres\/wp-content\/uploads\/2017\/12\/outlander-audio-cover.jpg?resize=700%2C400&ssl=1 2x"},"classes":[]},{"id":30559,"url":"https:\/\/smallthings.fr\/lespetitslivres\/2016\/12\/19\/livre-audio-test-audible-avis\/","url_meta":{"origin":31985,"position":1},"title":"On a test\u00e9 Audible. Le livre audio, c&rsquo;est comment ?","author":"Claire","date":"19 d\u00e9cembre 2016","format":false,"excerpt":"On n'y pense pas assez, mais le livre audio peut se r\u00e9v\u00e9ler id\u00e9al dans diverses situations, quand on a l'habitude de prendre les transport ou de faire de grandes marches \u00e0 pied... Quand on fait une activit\u00e9 manuelle, du footing... etc. C'est ce que nous avons r\u00e9cemment exp\u00e9riment\u00e9, gr\u00e2ce \u00e0\u2026","rel":"","context":"Dans &quot;Num\u00e9rique et audio&quot;","block_context":{"text":"Num\u00e9rique et audio","link":"https:\/\/smallthings.fr\/lespetitslivres\/category\/numerique-audio\/"},"img":{"alt_text":"","src":"https:\/\/i0.wp.com\/smallthings.fr\/lespetitslivres\/wp-content\/uploads\/2016\/12\/audible-couv.png?resize=350%2C200&ssl=1","width":350,"height":200},"classes":[]},{"id":31690,"url":"https:\/\/smallthings.fr\/lespetitslivres\/2018\/06\/07\/sans-elle-amelie-antoine-livre-audio\/","url_meta":{"origin":31985,"position":2},"title":"Sans elle, le polar d&rsquo;Am\u00e9lie Antoine en livre audio","author":"Claire","date":"7 juin 2018","format":false,"excerpt":"Je sors d'une bulle, apr\u00e8s des heures d'\u00e9coute du livre audio Sans elle, le roman d'Am\u00e9lie Antoine. Une bulle un peu \u00e0 part. Pendant tout ce temps, j'ai aim\u00e9 prendre les transports en commun. Incroyable mais vrai. J'avais envie de mettre mon casque et de conna\u00eetre la suite. Un polar\u2026","rel":"","context":"Dans &quot;Num\u00e9rique et audio&quot;","block_context":{"text":"Num\u00e9rique et audio","link":"https:\/\/smallthings.fr\/lespetitslivres\/category\/numerique-audio\/"},"img":{"alt_text":"","src":"https:\/\/i0.wp.com\/smallthings.fr\/lespetitslivres\/wp-content\/uploads\/2018\/06\/sans-elle-couv.jpg?resize=350%2C200&ssl=1","width":350,"height":200,"srcset":"https:\/\/i0.wp.com\/smallthings.fr\/lespetitslivres\/wp-content\/uploads\/2018\/06\/sans-elle-couv.jpg?resize=350%2C200&ssl=1 1x, https:\/\/i0.wp.com\/smallthings.fr\/lespetitslivres\/wp-content\/uploads\/2018\/06\/sans-elle-couv.jpg?resize=525%2C300&ssl=1 1.5x, https:\/\/i0.wp.com\/smallthings.fr\/lespetitslivres\/wp-content\/uploads\/2018\/06\/sans-elle-couv.jpg?resize=700%2C400&ssl=1 2x, https:\/\/i0.wp.com\/smallthings.fr\/lespetitslivres\/wp-content\/uploads\/2018\/06\/sans-elle-couv.jpg?resize=1050%2C600&ssl=1 3x"},"classes":[]},{"id":31328,"url":"https:\/\/smallthings.fr\/lespetitslivres\/2017\/10\/16\/j-aime-sexe-prefere-pizza-livre-audio\/","url_meta":{"origin":31985,"position":3},"title":"J&rsquo;aime le sexe mais je pr\u00e9f\u00e8re la pizza&#8230; et en livre audio !","author":"Claire","date":"16 octobre 2017","format":false,"excerpt":"Il y a des livres qu'on dirait faits pour \u00eatre \u00e9couter. C'est compl\u00e8tement le cas de J'aime le sexe mais je pr\u00e9f\u00e8re la pizza, de Thomas Rapha\u00ebl, lu par lui-m\u00eame. Il est dispo chez Audible depuis quelques semaines, et c'est un vrai r\u00e9gal. On embarque pour plus de 5 heures\u2026","rel":"","context":"Dans &quot;Num\u00e9rique et audio&quot;","block_context":{"text":"Num\u00e9rique et audio","link":"https:\/\/smallthings.fr\/lespetitslivres\/category\/numerique-audio\/"},"img":{"alt_text":"","src":"https:\/\/i0.wp.com\/smallthings.fr\/lespetitslivres\/wp-content\/uploads\/2017\/10\/livre-audio-sexe-pizza.png?resize=350%2C200&ssl=1","width":350,"height":200,"srcset":"https:\/\/i0.wp.com\/smallthings.fr\/lespetitslivres\/wp-content\/uploads\/2017\/10\/livre-audio-sexe-pizza.png?resize=350%2C200&ssl=1 1x, https:\/\/i0.wp.com\/smallthings.fr\/lespetitslivres\/wp-content\/uploads\/2017\/10\/livre-audio-sexe-pizza.png?resize=525%2C300&ssl=1 1.5x, https:\/\/i0.wp.com\/smallthings.fr\/lespetitslivres\/wp-content\/uploads\/2017\/10\/livre-audio-sexe-pizza.png?resize=700%2C400&ssl=1 2x"},"classes":[]},{"id":31647,"url":"https:\/\/smallthings.fr\/lespetitslivres\/2018\/05\/24\/forme-de-l-eau-livre-audio\/","url_meta":{"origin":31985,"position":4},"title":"La Forme de l&rsquo;eau, de Guillermo Del Toro et Daniel Kraus en livre audio","author":"Claire","date":"24 mai 2018","format":false,"excerpt":"La Forme de l'eau est \u00e0 d\u00e9couvrir en livre audio chez Audible. Il s'agit de la nov\u00e9lisation par Daniel Kraus du film de Guillermo Del Toro, sorti au cin\u00e9ma en mars dernier et qui a remport\u00e9 l'Oscar du meilleur film. Le livre se veut bien s\u00fbr le reflet du film,\u2026","rel":"","context":"Dans &quot;Num\u00e9rique et audio&quot;","block_context":{"text":"Num\u00e9rique et audio","link":"https:\/\/smallthings.fr\/lespetitslivres\/category\/numerique-audio\/"},"img":{"alt_text":"","src":"https:\/\/i0.wp.com\/smallthings.fr\/lespetitslivres\/wp-content\/uploads\/2018\/05\/forme-de-l-eau-livre-audio-cover.png?resize=350%2C200&ssl=1","width":350,"height":200,"srcset":"https:\/\/i0.wp.com\/smallthings.fr\/lespetitslivres\/wp-content\/uploads\/2018\/05\/forme-de-l-eau-livre-audio-cover.png?resize=350%2C200&ssl=1 1x, https:\/\/i0.wp.com\/smallthings.fr\/lespetitslivres\/wp-content\/uploads\/2018\/05\/forme-de-l-eau-livre-audio-cover.png?resize=525%2C300&ssl=1 1.5x, https:\/\/i0.wp.com\/smallthings.fr\/lespetitslivres\/wp-content\/uploads\/2018\/05\/forme-de-l-eau-livre-audio-cover.png?resize=700%2C400&ssl=1 2x"},"classes":[]},{"id":31697,"url":"https:\/\/smallthings.fr\/lespetitslivres\/2018\/06\/13\/nos-revolutions-jane-smiley-avis\/","url_meta":{"origin":31985,"position":5},"title":"Nos r\u00e9volutions, saga am\u00e9ricaine de Jane Smiley","author":"Victoire Neyraud","date":"13 juin 2018","format":false,"excerpt":"Le deuxi\u00e8me tome de l\u2019ambitieuse saga de Jane Smiley (Un si\u00e8cle Am\u00e9ricain) vient de para\u00eetre chez Rivages. Dans Nos R\u00e9volutions, Jane Smiley nous d\u00e9roule un tableau de l\u2019Am\u00e9rique de l\u2019apr\u00e8s seconde guerre mondiale, de 1953 \u00e0 1957, \u00e0 travers la vie quotidienne de la grande famille Langdon, que les lecteurs\u2026","rel":"","context":"Dans &quot;Roman \u00e9tranger&quot;","block_context":{"text":"Roman \u00e9tranger","link":"https:\/\/smallthings.fr\/lespetitslivres\/category\/roman\/roman-etranger\/"},"img":{"alt_text":"","src":"https:\/\/i0.wp.com\/smallthings.fr\/lespetitslivres\/wp-content\/uploads\/2018\/06\/nos-revolutions-smiley-cover.jpg?resize=350%2C200&ssl=1","width":350,"height":200},"classes":[]}],"_links":{"self":[{"href":"https:\/\/smallthings.fr\/lespetitslivres\/wp-json\/wp\/v2\/posts\/31985"}],"collection":[{"href":"https:\/\/smallthings.fr\/lespetitslivres\/wp-json\/wp\/v2\/posts"}],"about":[{"href":"https:\/\/smallthings.fr\/lespetitslivres\/wp-json\/wp\/v2\/types\/post"}],"author":[{"embeddable":true,"href":"https:\/\/smallthings.fr\/lespetitslivres\/wp-json\/wp\/v2\/users\/2"}],"replies":[{"embeddable":true,"href":"https:\/\/smallthings.fr\/lespetitslivres\/wp-json\/wp\/v2\/comments?post=31985"}],"version-history":[{"count":4,"href":"https:\/\/smallthings.fr\/lespetitslivres\/wp-json\/wp\/v2\/posts\/31985\/revisions"}],"predecessor-version":[{"id":31991,"href":"https:\/\/smallthings.fr\/lespetitslivres\/wp-json\/wp\/v2\/posts\/31985\/revisions\/31991"}],"wp:featuredmedia":[{"embeddable":true,"href":"https:\/\/smallthings.fr\/lespetitslivres\/wp-json\/wp\/v2\/media\/31987"}],"wp:attachment":[{"href":"https:\/\/smallthings.fr\/lespetitslivres\/wp-json\/wp\/v2\/media?parent=31985"}],"wp:term":[{"taxonomy":"category","embeddable":true,"href":"https:\/\/smallthings.fr\/lespetitslivres\/wp-json\/wp\/v2\/categories?post=31985"},{"taxonomy":"post_tag","embeddable":true,"href":"https:\/\/smallthings.fr\/lespetitslivres\/wp-json\/wp\/v2\/tags?post=31985"}],"curies":[{"name":"wp","href":"https:\/\/api.w.org\/{rel}","templated":true}]}}