{"id":31972,"date":"2019-08-13T12:01:12","date_gmt":"2019-08-13T11:01:12","guid":{"rendered":"http:\/\/smallthings.fr\/lespetitslivres\/?p=31972"},"modified":"2019-08-08T13:56:00","modified_gmt":"2019-08-08T12:56:00","slug":"fog-le-roman-horrifique-de-james-herbert-paru-en-1975-ressort-chez-bragelonne","status":"publish","type":"post","link":"https:\/\/smallthings.fr\/lespetitslivres\/2019\/08\/13\/fog-le-roman-horrifique-de-james-herbert-paru-en-1975-ressort-chez-bragelonne\/","title":{"rendered":"Fog, le roman horrifique de James Herbert paru en 1975 ressort chez Bragelonne !"},"content":{"rendered":"<h3 style=\"text-align: justify;\"><em>Fog<\/em> est un roman horrifique \u00e9crit par James Herbert. Sorti en version poche chez <a href=\"https:\/\/www.bragelonne.fr\/catalogue\/9791028104450-fog\/\" target=\"_blank\" rel=\"noopener\">Bragelonne<\/a> le 03 juillet dernier, ce livre nous fait rentrer dans un brouillard capable de vous transformer en s\u00e9rial killer redoutable\u00a0!<\/h3>\n<p style=\"text-align: justify;\"><strong>James Herbert <\/strong><strong>est le best-seller britannique de la terreur<\/strong>, traduit en trente-trois langues d\u00e8s son premier roman, <em>Les Rats<\/em>. Plusieurs de ses livres sont sortis chez Bragelonne et nous voil\u00e0 donc avec le petit dernier en format poche, <em>Fog\u00a0<\/em>!<\/p>\n<p style=\"text-align: justify;\"><img loading=\"lazy\" decoding=\"async\" data-attachment-id=\"31974\" data-permalink=\"https:\/\/smallthings.fr\/lespetitslivres\/2019\/08\/13\/fog-le-roman-horrifique-de-james-herbert-paru-en-1975-ressort-chez-bragelonne\/fog-james-herbert\/\" data-orig-file=\"https:\/\/smallthings.fr\/lespetitslivres\/wp-content\/uploads\/2019\/08\/fog-james-herbert.jpg\" data-orig-size=\"600,952\" data-comments-opened=\"1\" data-image-meta=\"{&quot;aperture&quot;:&quot;0&quot;,&quot;credit&quot;:&quot;&quot;,&quot;camera&quot;:&quot;&quot;,&quot;caption&quot;:&quot;&quot;,&quot;created_timestamp&quot;:&quot;0&quot;,&quot;copyright&quot;:&quot;&quot;,&quot;focal_length&quot;:&quot;0&quot;,&quot;iso&quot;:&quot;0&quot;,&quot;shutter_speed&quot;:&quot;0&quot;,&quot;title&quot;:&quot;&quot;,&quot;orientation&quot;:&quot;0&quot;}\" data-image-title=\"fog james herbert\" data-image-description=\"\" data-image-caption=\"\" data-medium-file=\"https:\/\/smallthings.fr\/lespetitslivres\/wp-content\/uploads\/2019\/08\/fog-james-herbert-189x300.jpg\" data-large-file=\"https:\/\/smallthings.fr\/lespetitslivres\/wp-content\/uploads\/2019\/08\/fog-james-herbert.jpg\" class=\"wp-image-31974 alignleft\" src=\"http:\/\/smallthings.fr\/lespetitslivres\/wp-content\/uploads\/2019\/08\/fog-james-herbert.jpg\" alt=\"\" width=\"230\" height=\"365\" srcset=\"https:\/\/smallthings.fr\/lespetitslivres\/wp-content\/uploads\/2019\/08\/fog-james-herbert.jpg 600w, https:\/\/smallthings.fr\/lespetitslivres\/wp-content\/uploads\/2019\/08\/fog-james-herbert-189x300.jpg 189w\" sizes=\"(max-width: 230px) 100vw, 230px\" \/>L\u2019histoire d\u00e9bute avec un tremblement de terre. <strong>Un \u00e9norme trou s\u00e9pare une ville en deux et, de ce trou, jaillit un brouillard qui rend d\u00e9mente toute personne l\u2019ayant respir\u00e9e.<\/strong> Le <em>Fog<\/em> grandit et se d\u00e9place de ville en ville, laissant derri\u00e8re lui de nombreux morts.<\/p>\n<p style=\"text-align: justify;\">Imaginez que la personne que vous aimez devienne tout \u00e0 coup hors de contr\u00f4le et tente de vous tuer \u00e0 coup de couteau, ou encore qu\u2019elle se d\u00e9shabille dans la rue pour se m\u00ealer \u00e0 une orgie d\u00e9mente, ou m\u00eame qu\u2019elle devienne muette et marche sans s\u2019arr\u00eater dans la mer, jusqu\u2019\u00e0 la noyade\u00a0? C\u2019est ce qu\u2019il se passe dans <em>Fog<\/em>.<\/p>\n<p style=\"text-align: justify;\"><strong>John Holman, agent du gouvernement, va mettre tout en \u0153uvre pour stopper ce brouillard. Il a \u00e9t\u00e9 l\u2019une de ses premi\u00e8res victimes\u2026 et la seule \u00e0 en \u00eatre sorti indemne<\/strong>. Aid\u00e9 de m\u00e9decins et soldats, il va tenter de comprendre pourquoi il est dor\u00e9navant le seul \u00e0 pouvoir respirer le brouillard sans devenir fou. Il est la clef de la sauvegarde de l\u2019humanit\u00e9, mais arriveront-ils \u00e0 trouver un antidote \u00e0 temps\u00a0? Rien n\u2019est moins s\u00fbr\u2026<\/p>\n<p style=\"text-align: justify;\">Avec <em>Fog<\/em>, James Herbert nous fait entrer dans une histoire sombre d\u00e8s le premier chapitre. Pas de temps mort, pas de halte, les massacres s\u2019encha\u00eenent. <strong>Les descriptions sont particuli\u00e8rement bien fournies, c\u2019est gla\u00e7ant.<\/strong> Cependant je d\u00e9plore une fin un peu r\u00e9p\u00e9titive. On va dans le brouillard, on tente un truc, \u00e7a ne marche pas, on revient, on r\u00e9essaie\u2026 Si la grande majorit\u00e9 du livre est absolument captivante, la fin m\u2019a un peu d\u00e9plut. J\u2019aurais aim\u00e9 qu\u2019elle soit encore plus dure, encore plus meurtri\u00e8re, mais j\u2019en demande peut-\u00eatre un peu trop.<\/p>\n<p style=\"text-align: justify;\"><em>Fog<\/em> est tout de m\u00eame un bon roman qu\u2019il ne faut pas h\u00e9siter \u00e0 d\u00e9couvrir. <strong>On entre dans l\u2019histoire tr\u00e8s rapidement et, hors d\u2019haleine, on n\u2019en sort qu\u2019\u00e0 la toute fin. <\/strong><\/p>\n<blockquote><p>\u00ab\u00a0Les \u00e9paules de la jeune femme se soulevaient, non \u00e0 cause d\u2019une difficult\u00e9 \u00e0 respirer, mais de la fureur maniaque qui se r\u00e9installait. Elle prit appui sur son coude. Vite, il la repoussa \u00e0 terre, la retourna et lui joignit les mains derri\u00e8re le dos. Elle commen\u00e7a \u00e0 lancer des coups de pied, il s\u2019assit sur elle pour lui lier les mains avec les draps roul\u00e9s. Sa t\u00eate qu\u2019elle jetait fr\u00e9n\u00e9tiquement de droite et de gauche raclait durement le sol sans qu\u2019elle en par\u00fbt affect\u00e9e\u00a0; puis, subitement, son corps s\u2019amollit, ses yeux devinrent vitreux comme dans une transe cataleptique\u00a0; une salive abondante, rose du sang de Holman, s\u2019\u00e9coula de ses l\u00e8vres nagu\u00e8re si douces, se rependant sur le plancher.\u00a0\u00bb<\/p><\/blockquote>\n<p style=\"text-align: justify;\">\n","protected":false},"excerpt":{"rendered":"<p>Fog est un roman horrifique \u00e9crit par James Herbert. Sorti en version poche chez Bragelonne le 03 juillet dernier, ce livre nous fait rentrer dans un brouillard capable de vous transformer en s\u00e9rial killer redoutable\u00a0! James Herbert est le best-seller britannique de la terreur, traduit en trente-trois langues d\u00e8s son premier roman, Les Rats. Plusieurs<\/p>\n","protected":false},"author":14,"featured_media":31973,"comment_status":"open","ping_status":"open","sticky":false,"template":"","format":"standard","meta":{"jetpack_post_was_ever_published":false,"_jetpack_newsletter_access":"","_jetpack_newsletter_tier_id":0,"footnotes":"","jetpack_publicize_message":"","jetpack_is_tweetstorm":false,"jetpack_publicize_feature_enabled":true,"jetpack_social_post_already_shared":true,"jetpack_social_options":{"image_generator_settings":{"template":"highway","enabled":false}}},"categories":[1107],"tags":[1571,828,2185,1657,2186,1630],"jetpack_publicize_connections":[],"yoast_head":"<!-- This site is optimized with the Yoast SEO plugin v21.5 - https:\/\/yoast.com\/wordpress\/plugins\/seo\/ -->\n<title>Fog, le roman horrifique de James Herbert paru en 1975 ressort chez Bragelonne ! - Les Petits Livres<\/title>\n<meta name=\"robots\" content=\"index, follow, max-snippet:-1, max-image-preview:large, max-video-preview:-1\" \/>\n<link rel=\"canonical\" href=\"https:\/\/smallthings.fr\/lespetitslivres\/2019\/08\/13\/fog-le-roman-horrifique-de-james-herbert-paru-en-1975-ressort-chez-bragelonne\/\" \/>\n<meta property=\"og:locale\" content=\"fr_FR\" \/>\n<meta property=\"og:type\" content=\"article\" \/>\n<meta property=\"og:title\" content=\"Fog, le roman horrifique de James Herbert paru en 1975 ressort chez Bragelonne ! - Les Petits Livres\" \/>\n<meta property=\"og:description\" content=\"Fog est un roman horrifique \u00e9crit par James Herbert. Sorti en version poche chez Bragelonne le 03 juillet dernier, ce livre nous fait rentrer dans un brouillard capable de vous transformer en s\u00e9rial killer redoutable\u00a0! James Herbert est le best-seller britannique de la terreur, traduit en trente-trois langues d\u00e8s son premier roman, Les Rats. Plusieurs\" \/>\n<meta property=\"og:url\" content=\"https:\/\/smallthings.fr\/lespetitslivres\/2019\/08\/13\/fog-le-roman-horrifique-de-james-herbert-paru-en-1975-ressort-chez-bragelonne\/\" \/>\n<meta property=\"og:site_name\" content=\"Les Petits Livres\" \/>\n<meta property=\"article:published_time\" content=\"2019-08-13T11:01:12+00:00\" \/>\n<meta property=\"article:modified_time\" content=\"2019-08-08T12:56:00+00:00\" \/>\n<meta property=\"og:image\" content=\"https:\/\/i0.wp.com\/smallthings.fr\/lespetitslivres\/wp-content\/uploads\/2019\/08\/fog-james-herbert-2.jpg?fit=600%2C489&ssl=1\" \/>\n\t<meta property=\"og:image:width\" content=\"600\" \/>\n\t<meta property=\"og:image:height\" content=\"489\" \/>\n\t<meta property=\"og:image:type\" content=\"image\/jpeg\" \/>\n<meta name=\"author\" content=\"Jennifer\" \/>\n<meta name=\"twitter:card\" content=\"summary_large_image\" \/>\n<meta name=\"twitter:label1\" content=\"\u00c9crit par\" \/>\n\t<meta name=\"twitter:data1\" content=\"Jennifer\" \/>\n\t<meta name=\"twitter:label2\" content=\"Dur\u00e9e de lecture estim\u00e9e\" \/>\n\t<meta name=\"twitter:data2\" content=\"3 minutes\" \/>\n<script type=\"application\/ld+json\" class=\"yoast-schema-graph\">{\"@context\":\"https:\/\/schema.org\",\"@graph\":[{\"@type\":\"WebPage\",\"@id\":\"https:\/\/smallthings.fr\/lespetitslivres\/2019\/08\/13\/fog-le-roman-horrifique-de-james-herbert-paru-en-1975-ressort-chez-bragelonne\/\",\"url\":\"https:\/\/smallthings.fr\/lespetitslivres\/2019\/08\/13\/fog-le-roman-horrifique-de-james-herbert-paru-en-1975-ressort-chez-bragelonne\/\",\"name\":\"Fog, le roman horrifique de James Herbert paru en 1975 ressort chez Bragelonne ! - Les Petits Livres\",\"isPartOf\":{\"@id\":\"https:\/\/smallthings.fr\/lespetitslivres\/#website\"},\"datePublished\":\"2019-08-13T11:01:12+00:00\",\"dateModified\":\"2019-08-08T12:56:00+00:00\",\"author\":{\"@id\":\"https:\/\/smallthings.fr\/lespetitslivres\/#\/schema\/person\/bb8808220f912e72f01f7a55924d9ad1\"},\"breadcrumb\":{\"@id\":\"https:\/\/smallthings.fr\/lespetitslivres\/2019\/08\/13\/fog-le-roman-horrifique-de-james-herbert-paru-en-1975-ressort-chez-bragelonne\/#breadcrumb\"},\"inLanguage\":\"fr-FR\",\"potentialAction\":[{\"@type\":\"ReadAction\",\"target\":[\"https:\/\/smallthings.fr\/lespetitslivres\/2019\/08\/13\/fog-le-roman-horrifique-de-james-herbert-paru-en-1975-ressort-chez-bragelonne\/\"]}]},{\"@type\":\"BreadcrumbList\",\"@id\":\"https:\/\/smallthings.fr\/lespetitslivres\/2019\/08\/13\/fog-le-roman-horrifique-de-james-herbert-paru-en-1975-ressort-chez-bragelonne\/#breadcrumb\",\"itemListElement\":[{\"@type\":\"ListItem\",\"position\":1,\"name\":\"Accueil\",\"item\":\"https:\/\/smallthings.fr\/lespetitslivres\/\"},{\"@type\":\"ListItem\",\"position\":2,\"name\":\"Fog, le roman horrifique de James Herbert paru en 1975 ressort chez Bragelonne !\"}]},{\"@type\":\"WebSite\",\"@id\":\"https:\/\/smallthings.fr\/lespetitslivres\/#website\",\"url\":\"https:\/\/smallthings.fr\/lespetitslivres\/\",\"name\":\"Les Petits Livres\",\"description\":\"by Small Things\",\"potentialAction\":[{\"@type\":\"SearchAction\",\"target\":{\"@type\":\"EntryPoint\",\"urlTemplate\":\"https:\/\/smallthings.fr\/lespetitslivres\/?s={search_term_string}\"},\"query-input\":\"required name=search_term_string\"}],\"inLanguage\":\"fr-FR\"},{\"@type\":\"Person\",\"@id\":\"https:\/\/smallthings.fr\/lespetitslivres\/#\/schema\/person\/bb8808220f912e72f01f7a55924d9ad1\",\"name\":\"Jennifer\",\"image\":{\"@type\":\"ImageObject\",\"inLanguage\":\"fr-FR\",\"@id\":\"https:\/\/smallthings.fr\/lespetitslivres\/#\/schema\/person\/image\/\",\"url\":\"https:\/\/secure.gravatar.com\/avatar\/ffcd6b107b6b18c3d5201f1bcc631683?s=96&d=retro&r=g\",\"contentUrl\":\"https:\/\/secure.gravatar.com\/avatar\/ffcd6b107b6b18c3d5201f1bcc631683?s=96&d=retro&r=g\",\"caption\":\"Jennifer\"},\"url\":\"https:\/\/smallthings.fr\/lespetitslivres\/author\/jennifer\/\"}]}<\/script>\n<!-- \/ Yoast SEO plugin. -->","yoast_head_json":{"title":"Fog, le roman horrifique de James Herbert paru en 1975 ressort chez Bragelonne ! - Les Petits Livres","robots":{"index":"index","follow":"follow","max-snippet":"max-snippet:-1","max-image-preview":"max-image-preview:large","max-video-preview":"max-video-preview:-1"},"canonical":"https:\/\/smallthings.fr\/lespetitslivres\/2019\/08\/13\/fog-le-roman-horrifique-de-james-herbert-paru-en-1975-ressort-chez-bragelonne\/","og_locale":"fr_FR","og_type":"article","og_title":"Fog, le roman horrifique de James Herbert paru en 1975 ressort chez Bragelonne ! - Les Petits Livres","og_description":"Fog est un roman horrifique \u00e9crit par James Herbert. Sorti en version poche chez Bragelonne le 03 juillet dernier, ce livre nous fait rentrer dans un brouillard capable de vous transformer en s\u00e9rial killer redoutable\u00a0! James Herbert est le best-seller britannique de la terreur, traduit en trente-trois langues d\u00e8s son premier roman, Les Rats. Plusieurs","og_url":"https:\/\/smallthings.fr\/lespetitslivres\/2019\/08\/13\/fog-le-roman-horrifique-de-james-herbert-paru-en-1975-ressort-chez-bragelonne\/","og_site_name":"Les Petits Livres","article_published_time":"2019-08-13T11:01:12+00:00","article_modified_time":"2019-08-08T12:56:00+00:00","og_image":[{"width":600,"height":489,"url":"https:\/\/i0.wp.com\/smallthings.fr\/lespetitslivres\/wp-content\/uploads\/2019\/08\/fog-james-herbert-2.jpg?fit=600%2C489&ssl=1","type":"image\/jpeg"}],"author":"Jennifer","twitter_card":"summary_large_image","twitter_misc":{"\u00c9crit par":"Jennifer","Dur\u00e9e de lecture estim\u00e9e":"3 minutes"},"schema":{"@context":"https:\/\/schema.org","@graph":[{"@type":"WebPage","@id":"https:\/\/smallthings.fr\/lespetitslivres\/2019\/08\/13\/fog-le-roman-horrifique-de-james-herbert-paru-en-1975-ressort-chez-bragelonne\/","url":"https:\/\/smallthings.fr\/lespetitslivres\/2019\/08\/13\/fog-le-roman-horrifique-de-james-herbert-paru-en-1975-ressort-chez-bragelonne\/","name":"Fog, le roman horrifique de James Herbert paru en 1975 ressort chez Bragelonne ! - Les Petits Livres","isPartOf":{"@id":"https:\/\/smallthings.fr\/lespetitslivres\/#website"},"datePublished":"2019-08-13T11:01:12+00:00","dateModified":"2019-08-08T12:56:00+00:00","author":{"@id":"https:\/\/smallthings.fr\/lespetitslivres\/#\/schema\/person\/bb8808220f912e72f01f7a55924d9ad1"},"breadcrumb":{"@id":"https:\/\/smallthings.fr\/lespetitslivres\/2019\/08\/13\/fog-le-roman-horrifique-de-james-herbert-paru-en-1975-ressort-chez-bragelonne\/#breadcrumb"},"inLanguage":"fr-FR","potentialAction":[{"@type":"ReadAction","target":["https:\/\/smallthings.fr\/lespetitslivres\/2019\/08\/13\/fog-le-roman-horrifique-de-james-herbert-paru-en-1975-ressort-chez-bragelonne\/"]}]},{"@type":"BreadcrumbList","@id":"https:\/\/smallthings.fr\/lespetitslivres\/2019\/08\/13\/fog-le-roman-horrifique-de-james-herbert-paru-en-1975-ressort-chez-bragelonne\/#breadcrumb","itemListElement":[{"@type":"ListItem","position":1,"name":"Accueil","item":"https:\/\/smallthings.fr\/lespetitslivres\/"},{"@type":"ListItem","position":2,"name":"Fog, le roman horrifique de James Herbert paru en 1975 ressort chez Bragelonne !"}]},{"@type":"WebSite","@id":"https:\/\/smallthings.fr\/lespetitslivres\/#website","url":"https:\/\/smallthings.fr\/lespetitslivres\/","name":"Les Petits Livres","description":"by Small Things","potentialAction":[{"@type":"SearchAction","target":{"@type":"EntryPoint","urlTemplate":"https:\/\/smallthings.fr\/lespetitslivres\/?s={search_term_string}"},"query-input":"required name=search_term_string"}],"inLanguage":"fr-FR"},{"@type":"Person","@id":"https:\/\/smallthings.fr\/lespetitslivres\/#\/schema\/person\/bb8808220f912e72f01f7a55924d9ad1","name":"Jennifer","image":{"@type":"ImageObject","inLanguage":"fr-FR","@id":"https:\/\/smallthings.fr\/lespetitslivres\/#\/schema\/person\/image\/","url":"https:\/\/secure.gravatar.com\/avatar\/ffcd6b107b6b18c3d5201f1bcc631683?s=96&d=retro&r=g","contentUrl":"https:\/\/secure.gravatar.com\/avatar\/ffcd6b107b6b18c3d5201f1bcc631683?s=96&d=retro&r=g","caption":"Jennifer"},"url":"https:\/\/smallthings.fr\/lespetitslivres\/author\/jennifer\/"}]}},"jetpack_featured_media_url":"https:\/\/smallthings.fr\/lespetitslivres\/wp-content\/uploads\/2019\/08\/fog-james-herbert-2.jpg","jetpack_sharing_enabled":true,"jetpack_shortlink":"https:\/\/wp.me\/p6Un21-8jG","jetpack-related-posts":[{"id":31886,"url":"https:\/\/smallthings.fr\/lespetitslivres\/2019\/01\/31\/les-yeux-thriller-berhoun\/","url_meta":{"origin":31972,"position":0},"title":"Les Yeux, thriller surprenant de Slimane-Baptiste Berhoun","author":"Jennifer","date":"31 janvier 2019","format":false,"excerpt":"Les Yeux, \u00e9crit par Slimane-Baptiste Berhoun, est sorti en format poche novembre aux \u00e9ditions Bragelonne. Un thriller fantastique qui nous fait entrer dans un h\u00f4pital psychiatrique des ann\u00e9es 50. Rien que cela suffit \u00e0 nous faire frissonner\u00a0! Les Yeux commence avec la d\u00e9couverte du cadavre d\u2019un enfant de 10 ans\u2026","rel":"","context":"Dans &quot;Thriller&quot;","block_context":{"text":"Thriller","link":"https:\/\/smallthings.fr\/lespetitslivres\/category\/thriller\/"},"img":{"alt_text":"","src":"https:\/\/i0.wp.com\/smallthings.fr\/lespetitslivres\/wp-content\/uploads\/2019\/01\/Slimane-Baptiste-Berhoun.jpg?resize=350%2C200&ssl=1","width":350,"height":200,"srcset":"https:\/\/i0.wp.com\/smallthings.fr\/lespetitslivres\/wp-content\/uploads\/2019\/01\/Slimane-Baptiste-Berhoun.jpg?resize=350%2C200&ssl=1 1x, https:\/\/i0.wp.com\/smallthings.fr\/lespetitslivres\/wp-content\/uploads\/2019\/01\/Slimane-Baptiste-Berhoun.jpg?resize=525%2C300&ssl=1 1.5x, https:\/\/i0.wp.com\/smallthings.fr\/lespetitslivres\/wp-content\/uploads\/2019\/01\/Slimane-Baptiste-Berhoun.jpg?resize=700%2C400&ssl=1 2x, https:\/\/i0.wp.com\/smallthings.fr\/lespetitslivres\/wp-content\/uploads\/2019\/01\/Slimane-Baptiste-Berhoun.jpg?resize=1050%2C600&ssl=1 3x"},"classes":[]},{"id":30459,"url":"https:\/\/smallthings.fr\/lespetitslivres\/2016\/11\/16\/le-golem-et-le-djinn-wecker\/","url_meta":{"origin":31972,"position":1},"title":"Le Golem et le Djinn, un conte fantastique d&rsquo;Helene Wecker","author":"Jennifer","date":"16 novembre 2016","format":false,"excerpt":"Le Golem et le Djinn est un livre \u00e9crit par Helene Wecker, paru chez\u00a0Bragelonne le 19 octobre dernier. Un roman qui retrace l\u2019histoire d\u2019un Golem qui, \u00e0 peine r\u00e9veill\u00e9, va perdre son ma\u00eetre et va devoir apprendre \u00e0 survivre dans un monde d\u2019Humains. Il raconte \u00e9galement l\u2019histoire d\u2019un Djinn lib\u00e9r\u00e9\u2026","rel":"","context":"Dans &quot;Fantastique&quot;","block_context":{"text":"Fantastique","link":"https:\/\/smallthings.fr\/lespetitslivres\/category\/imaginaire\/fantastique\/"},"img":{"alt_text":"","src":"https:\/\/i0.wp.com\/smallthings.fr\/lespetitslivres\/wp-content\/uploads\/2016\/11\/Le-Golem-et-Le-Djinn-Helene-Wecker-Une.jpg?resize=350%2C200&ssl=1","width":350,"height":200,"srcset":"https:\/\/i0.wp.com\/smallthings.fr\/lespetitslivres\/wp-content\/uploads\/2016\/11\/Le-Golem-et-Le-Djinn-Helene-Wecker-Une.jpg?resize=350%2C200&ssl=1 1x, https:\/\/i0.wp.com\/smallthings.fr\/lespetitslivres\/wp-content\/uploads\/2016\/11\/Le-Golem-et-Le-Djinn-Helene-Wecker-Une.jpg?resize=525%2C300&ssl=1 1.5x, https:\/\/i0.wp.com\/smallthings.fr\/lespetitslivres\/wp-content\/uploads\/2016\/11\/Le-Golem-et-Le-Djinn-Helene-Wecker-Une.jpg?resize=700%2C400&ssl=1 2x, https:\/\/i0.wp.com\/smallthings.fr\/lespetitslivres\/wp-content\/uploads\/2016\/11\/Le-Golem-et-Le-Djinn-Helene-Wecker-Une.jpg?resize=1050%2C600&ssl=1 3x"},"classes":[]},{"id":32080,"url":"https:\/\/smallthings.fr\/lespetitslivres\/2020\/03\/01\/les-carnets-lovecraft-la-cite-sans-nom\/","url_meta":{"origin":31972,"position":2},"title":"Les Carnets Lovecraft : La cit\u00e9 sans nom","author":"Jennifer","date":"1 mars 2020","format":false,"excerpt":"Les \u00e9ditions Bragelonne sortent depuis plusieurs mois Les carnets Lovecraft. Des nouvelles, illustr\u00e9es par Armel Gaulme, dans un livre en hardcover. La cit\u00e9 sans nom, sortie initialement en 1921, a fait son apparition chez l\u2019\u00e9diteur le 30 octobre 2019 en version illustr\u00e9e. Qui ne conna\u00eet pas Howard Phillips Lovecraft\u00a0? Mais\u2026","rel":"","context":"Dans &quot;Fantastique&quot;","block_context":{"text":"Fantastique","link":"https:\/\/smallthings.fr\/lespetitslivres\/category\/imaginaire\/fantastique\/"},"img":{"alt_text":"","src":"https:\/\/i0.wp.com\/smallthings.fr\/lespetitslivres\/wp-content\/uploads\/2020\/02\/la-cit\u00e9-sans-nom-2018-2.jpg?resize=350%2C200&ssl=1","width":350,"height":200,"srcset":"https:\/\/i0.wp.com\/smallthings.fr\/lespetitslivres\/wp-content\/uploads\/2020\/02\/la-cit\u00e9-sans-nom-2018-2.jpg?resize=350%2C200&ssl=1 1x, https:\/\/i0.wp.com\/smallthings.fr\/lespetitslivres\/wp-content\/uploads\/2020\/02\/la-cit\u00e9-sans-nom-2018-2.jpg?resize=525%2C300&ssl=1 1.5x, https:\/\/i0.wp.com\/smallthings.fr\/lespetitslivres\/wp-content\/uploads\/2020\/02\/la-cit\u00e9-sans-nom-2018-2.jpg?resize=700%2C400&ssl=1 2x, https:\/\/i0.wp.com\/smallthings.fr\/lespetitslivres\/wp-content\/uploads\/2020\/02\/la-cit\u00e9-sans-nom-2018-2.jpg?resize=1050%2C600&ssl=1 3x, https:\/\/i0.wp.com\/smallthings.fr\/lespetitslivres\/wp-content\/uploads\/2020\/02\/la-cit\u00e9-sans-nom-2018-2.jpg?resize=1400%2C800&ssl=1 4x"},"classes":[]},{"id":30975,"url":"https:\/\/smallthings.fr\/lespetitslivres\/2017\/04\/30\/night-room-peter-straub\/","url_meta":{"origin":31972,"position":3},"title":"Night Room de Peter Straub : quand la fiction d\u00e9passe la r\u00e9alit\u00e9","author":"Jennifer","date":"30 avril 2017","format":false,"excerpt":"Night Room\u00a0de Peter Straub est un roman fantastique paru aux\u00a0\u00e9ditions Bragelonne le mois dernier. Une intrigue int\u00e9ressante. L\u2019histoire de Willy Patrick, auteure de romans jeunesse, et de Timothy Underhill, \u00e9crivain de fiction : deux personnages que tout oppose sinon leur travail et leur deuil. Je ne prendrai pas quatre chemins\u2026","rel":"","context":"Dans &quot;Fantastique&quot;","block_context":{"text":"Fantastique","link":"https:\/\/smallthings.fr\/lespetitslivres\/category\/imaginaire\/fantastique\/"},"img":{"alt_text":"","src":"https:\/\/i0.wp.com\/smallthings.fr\/lespetitslivres\/wp-content\/uploads\/2017\/04\/lost-place-2152756_640.jpg?resize=350%2C200&ssl=1","width":350,"height":200,"srcset":"https:\/\/i0.wp.com\/smallthings.fr\/lespetitslivres\/wp-content\/uploads\/2017\/04\/lost-place-2152756_640.jpg?resize=350%2C200&ssl=1 1x, https:\/\/i0.wp.com\/smallthings.fr\/lespetitslivres\/wp-content\/uploads\/2017\/04\/lost-place-2152756_640.jpg?resize=525%2C300&ssl=1 1.5x"},"classes":[]},{"id":32267,"url":"https:\/\/smallthings.fr\/lespetitslivres\/2021\/09\/14\/mexican-gothic-prix-locus-du-meilleur-roman-terreur-2021\/","url_meta":{"origin":31972,"position":4},"title":"Mexican Gothic \u2013 Prix Locus du meilleur roman terreur 2021","author":"Jennifer","date":"14 septembre 2021","format":false,"excerpt":"Mexican Gothic est un roman fantastique \u00e9crit par Silvia Moreno-Garcia. Sorti chez les \u00e9ditions Bragelonne le 18 ao\u00fbt dernier, ce livre a re\u00e7u le prix Locus 2021 du meilleur roman terreur. Pr\u00e9sent\u00e9 comme la rencontre entre Lovecraft et les s\u0153urs Bront\u00eb, l\u2019action manque pourtant terriblement \u00e0 cette histoire aussi intelligente\u2026","rel":"","context":"Dans &quot;Fantastique&quot;","block_context":{"text":"Fantastique","link":"https:\/\/smallthings.fr\/lespetitslivres\/category\/imaginaire\/fantastique\/"},"img":{"alt_text":"","src":"https:\/\/i0.wp.com\/smallthings.fr\/lespetitslivres\/wp-content\/uploads\/2021\/09\/mexican-gothic-Prix-locus-2021-terreur.jpg?resize=350%2C200&ssl=1","width":350,"height":200,"srcset":"https:\/\/i0.wp.com\/smallthings.fr\/lespetitslivres\/wp-content\/uploads\/2021\/09\/mexican-gothic-Prix-locus-2021-terreur.jpg?resize=350%2C200&ssl=1 1x, https:\/\/i0.wp.com\/smallthings.fr\/lespetitslivres\/wp-content\/uploads\/2021\/09\/mexican-gothic-Prix-locus-2021-terreur.jpg?resize=525%2C300&ssl=1 1.5x, https:\/\/i0.wp.com\/smallthings.fr\/lespetitslivres\/wp-content\/uploads\/2021\/09\/mexican-gothic-Prix-locus-2021-terreur.jpg?resize=700%2C400&ssl=1 2x, https:\/\/i0.wp.com\/smallthings.fr\/lespetitslivres\/wp-content\/uploads\/2021\/09\/mexican-gothic-Prix-locus-2021-terreur.jpg?resize=1050%2C600&ssl=1 3x"},"classes":[]},{"id":31354,"url":"https:\/\/smallthings.fr\/lespetitslivres\/2017\/10\/24\/hex-sorciere-olde-heuvelt-critique\/","url_meta":{"origin":31972,"position":5},"title":"Hex : une sorci\u00e8re mutil\u00e9e r\u00f4de \u00e0 Black Spring&#8230;","author":"Jennifer","date":"24 octobre 2017","format":false,"excerpt":"Hex, fabuleux roman de Thomas Olde Heuvelt, est sorti fin septembre aux\u00a0\u00e9ditions Bragelonne. Une communaut\u00e9 est condamn\u00e9e \u00e0 vivre dans une ville d\u2019o\u00f9 il est impossible de repartir. Un lieu hant\u00e9 par une sorci\u00e8re dont les yeux et la bouche sont cousus. Tous connaissent, en th\u00e9orie, ce qui leur arrivera\u2026","rel":"","context":"Dans &quot;Fantastique&quot;","block_context":{"text":"Fantastique","link":"https:\/\/smallthings.fr\/lespetitslivres\/category\/imaginaire\/fantastique\/"},"img":{"alt_text":"","src":"https:\/\/i0.wp.com\/smallthings.fr\/lespetitslivres\/wp-content\/uploads\/2017\/10\/Hex-Thomas-Olde-Heuvelt-4.jpg?resize=350%2C200&ssl=1","width":350,"height":200,"srcset":"https:\/\/i0.wp.com\/smallthings.fr\/lespetitslivres\/wp-content\/uploads\/2017\/10\/Hex-Thomas-Olde-Heuvelt-4.jpg?resize=350%2C200&ssl=1 1x, https:\/\/i0.wp.com\/smallthings.fr\/lespetitslivres\/wp-content\/uploads\/2017\/10\/Hex-Thomas-Olde-Heuvelt-4.jpg?resize=525%2C300&ssl=1 1.5x"},"classes":[]}],"_links":{"self":[{"href":"https:\/\/smallthings.fr\/lespetitslivres\/wp-json\/wp\/v2\/posts\/31972"}],"collection":[{"href":"https:\/\/smallthings.fr\/lespetitslivres\/wp-json\/wp\/v2\/posts"}],"about":[{"href":"https:\/\/smallthings.fr\/lespetitslivres\/wp-json\/wp\/v2\/types\/post"}],"author":[{"embeddable":true,"href":"https:\/\/smallthings.fr\/lespetitslivres\/wp-json\/wp\/v2\/users\/14"}],"replies":[{"embeddable":true,"href":"https:\/\/smallthings.fr\/lespetitslivres\/wp-json\/wp\/v2\/comments?post=31972"}],"version-history":[{"count":1,"href":"https:\/\/smallthings.fr\/lespetitslivres\/wp-json\/wp\/v2\/posts\/31972\/revisions"}],"predecessor-version":[{"id":31975,"href":"https:\/\/smallthings.fr\/lespetitslivres\/wp-json\/wp\/v2\/posts\/31972\/revisions\/31975"}],"wp:featuredmedia":[{"embeddable":true,"href":"https:\/\/smallthings.fr\/lespetitslivres\/wp-json\/wp\/v2\/media\/31973"}],"wp:attachment":[{"href":"https:\/\/smallthings.fr\/lespetitslivres\/wp-json\/wp\/v2\/media?parent=31972"}],"wp:term":[{"taxonomy":"category","embeddable":true,"href":"https:\/\/smallthings.fr\/lespetitslivres\/wp-json\/wp\/v2\/categories?post=31972"},{"taxonomy":"post_tag","embeddable":true,"href":"https:\/\/smallthings.fr\/lespetitslivres\/wp-json\/wp\/v2\/tags?post=31972"}],"curies":[{"name":"wp","href":"https:\/\/api.w.org\/{rel}","templated":true}]}}