{"id":31965,"date":"2019-08-12T12:48:54","date_gmt":"2019-08-12T11:48:54","guid":{"rendered":"http:\/\/smallthings.fr\/lespetitslivres\/?p=31965"},"modified":"2019-08-08T12:57:18","modified_gmt":"2019-08-08T11:57:18","slug":"alfa-parish-milly-taiden","status":"publish","type":"post","link":"https:\/\/smallthings.fr\/lespetitslivres\/2019\/08\/12\/alfa-parish-milly-taiden\/","title":{"rendered":"Alfa, la s\u00e9rie bit-lit de Milly Taiden d\u00e9barque chez Milady !"},"content":{"rendered":"<h3 style=\"text-align: justify;\"><em>Parish<\/em> est le premier tome de la saga <em>Alfa<\/em> de Milly Taiden. Sorti le 19 juin chez <a href=\"http:\/\/www.milady.fr\/livres\/view\/parish\" target=\"_blank\" rel=\"noopener\">Milady<\/a>, ce roman bit-lit commence tr\u00e8s fort, mais les derniers chapitres nous d\u00e9\u00e7oivent totalement\u2026<\/h3>\n<p style=\"text-align: justify;\">Auteure de plusieurs sagas \u00e0 succ\u00e8s, Milly Taiden d\u00e9barque chez les \u00e9ditions Milady avec sa saga <em>Alfa<\/em>. Dans ce premier tome, <strong>nous rencontrons la belle scientifique Melinda Caster qui travaille sur un virus en Ouganda. Ce dernier d\u00e9veloppe l\u2019intelligence animale et leur octroie des facult\u00e9s surnaturelles. <\/strong><\/p>\n<p style=\"text-align: justify;\"><img loading=\"lazy\" decoding=\"async\" data-attachment-id=\"31967\" data-permalink=\"https:\/\/smallthings.fr\/lespetitslivres\/2019\/08\/12\/alfa-parish-milly-taiden\/alfa-parish-milly-taiden\/\" data-orig-file=\"https:\/\/smallthings.fr\/lespetitslivres\/wp-content\/uploads\/2019\/08\/alfa-parish-milly-taiden.jpg\" data-orig-size=\"1400,2265\" data-comments-opened=\"1\" data-image-meta=\"{&quot;aperture&quot;:&quot;0&quot;,&quot;credit&quot;:&quot;&quot;,&quot;camera&quot;:&quot;&quot;,&quot;caption&quot;:&quot;&quot;,&quot;created_timestamp&quot;:&quot;0&quot;,&quot;copyright&quot;:&quot;&quot;,&quot;focal_length&quot;:&quot;0&quot;,&quot;iso&quot;:&quot;0&quot;,&quot;shutter_speed&quot;:&quot;0&quot;,&quot;title&quot;:&quot;&quot;,&quot;orientation&quot;:&quot;1&quot;}\" data-image-title=\"alfa parish milly taiden\" data-image-description=\"\" data-image-caption=\"\" data-medium-file=\"https:\/\/smallthings.fr\/lespetitslivres\/wp-content\/uploads\/2019\/08\/alfa-parish-milly-taiden-185x300.jpg\" data-large-file=\"https:\/\/smallthings.fr\/lespetitslivres\/wp-content\/uploads\/2019\/08\/alfa-parish-milly-taiden-633x1024.jpg\" class=\"alignright wp-image-31967\" src=\"http:\/\/smallthings.fr\/lespetitslivres\/wp-content\/uploads\/2019\/08\/alfa-parish-milly-taiden.jpg\" alt=\"\" width=\"230\" height=\"372\" srcset=\"https:\/\/smallthings.fr\/lespetitslivres\/wp-content\/uploads\/2019\/08\/alfa-parish-milly-taiden.jpg 1400w, https:\/\/smallthings.fr\/lespetitslivres\/wp-content\/uploads\/2019\/08\/alfa-parish-milly-taiden-185x300.jpg 185w, https:\/\/smallthings.fr\/lespetitslivres\/wp-content\/uploads\/2019\/08\/alfa-parish-milly-taiden-633x1024.jpg 633w, https:\/\/smallthings.fr\/lespetitslivres\/wp-content\/uploads\/2019\/08\/alfa-parish-milly-taiden-768x1243.jpg 768w, https:\/\/smallthings.fr\/lespetitslivres\/wp-content\/uploads\/2019\/08\/alfa-parish-milly-taiden-949x1536.jpg 949w, https:\/\/smallthings.fr\/lespetitslivres\/wp-content\/uploads\/2019\/08\/alfa-parish-milly-taiden-1266x2048.jpg 1266w\" sizes=\"(max-width: 230px) 100vw, 230px\" \/>D\u00e8s le d\u00e9but du roman, nous d\u00e9couvrons les deux personnages principaux. Milly Taiden, bien s\u00fbr, mais \u00e9galement Parish Hamel, pr\u00e9sent\u00e9 comme un membre du comit\u00e9 de surveillance du gouvernement am\u00e9ricain. En r\u00e9alit\u00e9, <strong>c\u2019est un agent secret m\u00e9tamorphe, capable de se transformer en jaguar.<\/strong> Il est venu en Ouganda pour surveiller Milly et faire en sorte que le virus ne tombe pas entre de mauvaises mains.<\/p>\n<p style=\"text-align: justify;\">Comme dans toute saga bit-lit, ou presque, les cr\u00e9atures surnaturelles sont cach\u00e9es au reste du monde, Milly ne sait donc pas ce qu\u2019est Parish, mais elle va rapidement se rendre compte qu\u2019il n\u2019est pas ce qu\u2019il pr\u00e9tend. Elle va donc faire tr\u00e8s attention en sa pr\u00e9sence et cacher le virus en tout circonstance, ce qui s\u2019av\u00e8rera judicieux puisque, rapidement, d\u2019\u00e9tranges cr\u00e9atures vont vouloir lui voler.<\/p>\n<p style=\"text-align: justify;\"><strong>Si la grande majorit\u00e9 du livre est tr\u00e8s bon et l\u2019action pr\u00e9sente, la fin du roman nous perd totalement.<\/strong> Le c\u00f4t\u00e9 \u00ab\u00a0mystique\u00a0\u00bb fait son entr\u00e9e et n\u2019arrive pas \u00e0 convaincre. Le personnage f\u00e9minin change radicalement\u00a0: on passe d\u2019une femme intelligente et s\u00fbre d\u2019elle \u00e0 une midinette capricieuse. C\u2019est affligeant\u00a0! On croirait avoir chang\u00e9 de livre et de h\u00e9ros tellement la m\u00e9tamorphose est brutale.<\/p>\n<p style=\"text-align: justify;\"><strong>La plus grosse partie du roman est int\u00e9ressante, il y a de l\u2019action, de l\u2019humour, la romance est bien construite, puis reste la fin\u2026 quelques chapitres d\u00e9cevant au possible. <\/strong>Il n\u2019en reste pas moins que <em>Alfa<\/em> est un livre digne d\u2019int\u00e9r\u00eat, aussi je lirai le tome 2, <em>Frank<\/em>, qui sort le 21 ao\u00fbt prochain.<\/p>\n<blockquote>\n<p style=\"text-align: justify;\">\u00ab\u00a0&#8211; Bonjour tout le monde. Je vous pr\u00e9sente le docteur Parish Hamel du Comit\u00e9 de surveillance du gouvernement.<br \/>\nLes sourires s\u2019effac\u00e8rent imm\u00e9diatement sur tous les visages. Un agent dont le tutre comportait le terme \u00ab\u00a0surveillance\u00a0\u00bb ne serait jamais le bienvenu. Surtout pas pour M\u00e9linda. Si elle se trouvait au Laboratoire ougandais de recherche sur les virus, c\u2019\u00e9tait \u00e0 cause d\u2019un autre agent de ce m\u00eame comit\u00e9. Un v\u00e9ritable trouduc celui-l\u00e0.\u00a0\u00bb<\/p>\n<\/blockquote>\n","protected":false},"excerpt":{"rendered":"<p>Parish est le premier tome de la saga Alfa de Milly Taiden. Sorti le 19 juin chez Milady, ce roman bit-lit commence tr\u00e8s fort, mais les derniers chapitres nous d\u00e9\u00e7oivent totalement\u2026 Auteure de plusieurs sagas \u00e0 succ\u00e8s, Milly Taiden d\u00e9barque chez les \u00e9ditions Milady avec sa saga Alfa. Dans ce premier tome, nous rencontrons la<\/p>\n","protected":false},"author":14,"featured_media":31969,"comment_status":"open","ping_status":"open","sticky":false,"template":"","format":"standard","meta":{"jetpack_post_was_ever_published":false,"_jetpack_newsletter_access":"","_jetpack_newsletter_tier_id":0,"footnotes":"","jetpack_publicize_message":"","jetpack_is_tweetstorm":false,"jetpack_publicize_feature_enabled":true,"jetpack_social_post_already_shared":true,"jetpack_social_options":{"image_generator_settings":{"template":"highway","enabled":false}}},"categories":[1107],"tags":[2179,831,2183,2182,2181,2180,1598,2184],"jetpack_publicize_connections":[],"yoast_head":"<!-- This site is optimized with the Yoast SEO plugin v21.5 - https:\/\/yoast.com\/wordpress\/plugins\/seo\/ -->\n<title>Alfa, la s\u00e9rie bit-lit de Milly Taiden d\u00e9barque chez Milady ! - Les Petits Livres<\/title>\n<meta name=\"robots\" content=\"index, follow, max-snippet:-1, max-image-preview:large, max-video-preview:-1\" \/>\n<link rel=\"canonical\" href=\"http:\/\/smallthings.fr\/lespetitslivres\/2019\/08\/12\/alfa-parish-milly-taiden\/\" \/>\n<meta property=\"og:locale\" content=\"fr_FR\" \/>\n<meta property=\"og:type\" content=\"article\" \/>\n<meta property=\"og:title\" content=\"Alfa, la s\u00e9rie bit-lit de Milly Taiden d\u00e9barque chez Milady ! - Les Petits Livres\" \/>\n<meta property=\"og:description\" content=\"Parish est le premier tome de la saga Alfa de Milly Taiden. Sorti le 19 juin chez Milady, ce roman bit-lit commence tr\u00e8s fort, mais les derniers chapitres nous d\u00e9\u00e7oivent totalement\u2026 Auteure de plusieurs sagas \u00e0 succ\u00e8s, Milly Taiden d\u00e9barque chez les \u00e9ditions Milady avec sa saga Alfa. Dans ce premier tome, nous rencontrons la\" \/>\n<meta property=\"og:url\" content=\"http:\/\/smallthings.fr\/lespetitslivres\/2019\/08\/12\/alfa-parish-milly-taiden\/\" \/>\n<meta property=\"og:site_name\" content=\"Les Petits Livres\" \/>\n<meta property=\"article:published_time\" content=\"2019-08-12T11:48:54+00:00\" \/>\n<meta property=\"article:modified_time\" content=\"2019-08-08T11:57:18+00:00\" \/>\n<meta property=\"og:image\" content=\"https:\/\/i0.wp.com\/smallthings.fr\/lespetitslivres\/wp-content\/uploads\/2019\/08\/alfa-parish-milly-taiden-4.jpg?fit=1400%2C893\" \/>\n\t<meta property=\"og:image:width\" content=\"1400\" \/>\n\t<meta property=\"og:image:height\" content=\"893\" \/>\n\t<meta property=\"og:image:type\" content=\"image\/jpeg\" \/>\n<meta name=\"author\" content=\"Jennifer\" \/>\n<meta name=\"twitter:card\" content=\"summary_large_image\" \/>\n<meta name=\"twitter:label1\" content=\"\u00c9crit par\" \/>\n\t<meta name=\"twitter:data1\" content=\"Jennifer\" \/>\n\t<meta name=\"twitter:label2\" content=\"Dur\u00e9e de lecture estim\u00e9e\" \/>\n\t<meta name=\"twitter:data2\" content=\"2 minutes\" \/>\n<script type=\"application\/ld+json\" class=\"yoast-schema-graph\">{\"@context\":\"https:\/\/schema.org\",\"@graph\":[{\"@type\":\"WebPage\",\"@id\":\"http:\/\/smallthings.fr\/lespetitslivres\/2019\/08\/12\/alfa-parish-milly-taiden\/\",\"url\":\"http:\/\/smallthings.fr\/lespetitslivres\/2019\/08\/12\/alfa-parish-milly-taiden\/\",\"name\":\"Alfa, la s\u00e9rie bit-lit de Milly Taiden d\u00e9barque chez Milady ! - Les Petits Livres\",\"isPartOf\":{\"@id\":\"https:\/\/smallthings.fr\/lespetitslivres\/#website\"},\"datePublished\":\"2019-08-12T11:48:54+00:00\",\"dateModified\":\"2019-08-08T11:57:18+00:00\",\"author\":{\"@id\":\"https:\/\/smallthings.fr\/lespetitslivres\/#\/schema\/person\/bb8808220f912e72f01f7a55924d9ad1\"},\"breadcrumb\":{\"@id\":\"http:\/\/smallthings.fr\/lespetitslivres\/2019\/08\/12\/alfa-parish-milly-taiden\/#breadcrumb\"},\"inLanguage\":\"fr-FR\",\"potentialAction\":[{\"@type\":\"ReadAction\",\"target\":[\"http:\/\/smallthings.fr\/lespetitslivres\/2019\/08\/12\/alfa-parish-milly-taiden\/\"]}]},{\"@type\":\"BreadcrumbList\",\"@id\":\"http:\/\/smallthings.fr\/lespetitslivres\/2019\/08\/12\/alfa-parish-milly-taiden\/#breadcrumb\",\"itemListElement\":[{\"@type\":\"ListItem\",\"position\":1,\"name\":\"Accueil\",\"item\":\"https:\/\/smallthings.fr\/lespetitslivres\/\"},{\"@type\":\"ListItem\",\"position\":2,\"name\":\"Alfa, la s\u00e9rie bit-lit de Milly Taiden d\u00e9barque chez Milady !\"}]},{\"@type\":\"WebSite\",\"@id\":\"https:\/\/smallthings.fr\/lespetitslivres\/#website\",\"url\":\"https:\/\/smallthings.fr\/lespetitslivres\/\",\"name\":\"Les Petits Livres\",\"description\":\"by Small Things\",\"potentialAction\":[{\"@type\":\"SearchAction\",\"target\":{\"@type\":\"EntryPoint\",\"urlTemplate\":\"https:\/\/smallthings.fr\/lespetitslivres\/?s={search_term_string}\"},\"query-input\":\"required name=search_term_string\"}],\"inLanguage\":\"fr-FR\"},{\"@type\":\"Person\",\"@id\":\"https:\/\/smallthings.fr\/lespetitslivres\/#\/schema\/person\/bb8808220f912e72f01f7a55924d9ad1\",\"name\":\"Jennifer\",\"image\":{\"@type\":\"ImageObject\",\"inLanguage\":\"fr-FR\",\"@id\":\"https:\/\/smallthings.fr\/lespetitslivres\/#\/schema\/person\/image\/\",\"url\":\"https:\/\/secure.gravatar.com\/avatar\/ffcd6b107b6b18c3d5201f1bcc631683?s=96&d=retro&r=g\",\"contentUrl\":\"https:\/\/secure.gravatar.com\/avatar\/ffcd6b107b6b18c3d5201f1bcc631683?s=96&d=retro&r=g\",\"caption\":\"Jennifer\"},\"url\":\"https:\/\/smallthings.fr\/lespetitslivres\/author\/jennifer\/\"}]}<\/script>\n<!-- \/ Yoast SEO plugin. -->","yoast_head_json":{"title":"Alfa, la s\u00e9rie bit-lit de Milly Taiden d\u00e9barque chez Milady ! - Les Petits Livres","robots":{"index":"index","follow":"follow","max-snippet":"max-snippet:-1","max-image-preview":"max-image-preview:large","max-video-preview":"max-video-preview:-1"},"canonical":"http:\/\/smallthings.fr\/lespetitslivres\/2019\/08\/12\/alfa-parish-milly-taiden\/","og_locale":"fr_FR","og_type":"article","og_title":"Alfa, la s\u00e9rie bit-lit de Milly Taiden d\u00e9barque chez Milady ! - Les Petits Livres","og_description":"Parish est le premier tome de la saga Alfa de Milly Taiden. Sorti le 19 juin chez Milady, ce roman bit-lit commence tr\u00e8s fort, mais les derniers chapitres nous d\u00e9\u00e7oivent totalement\u2026 Auteure de plusieurs sagas \u00e0 succ\u00e8s, Milly Taiden d\u00e9barque chez les \u00e9ditions Milady avec sa saga Alfa. Dans ce premier tome, nous rencontrons la","og_url":"http:\/\/smallthings.fr\/lespetitslivres\/2019\/08\/12\/alfa-parish-milly-taiden\/","og_site_name":"Les Petits Livres","article_published_time":"2019-08-12T11:48:54+00:00","article_modified_time":"2019-08-08T11:57:18+00:00","og_image":[{"width":1400,"height":893,"url":"https:\/\/i0.wp.com\/smallthings.fr\/lespetitslivres\/wp-content\/uploads\/2019\/08\/alfa-parish-milly-taiden-4.jpg?fit=1400%2C893","type":"image\/jpeg"}],"author":"Jennifer","twitter_card":"summary_large_image","twitter_misc":{"\u00c9crit par":"Jennifer","Dur\u00e9e de lecture estim\u00e9e":"2 minutes"},"schema":{"@context":"https:\/\/schema.org","@graph":[{"@type":"WebPage","@id":"http:\/\/smallthings.fr\/lespetitslivres\/2019\/08\/12\/alfa-parish-milly-taiden\/","url":"http:\/\/smallthings.fr\/lespetitslivres\/2019\/08\/12\/alfa-parish-milly-taiden\/","name":"Alfa, la s\u00e9rie bit-lit de Milly Taiden d\u00e9barque chez Milady ! - Les Petits Livres","isPartOf":{"@id":"https:\/\/smallthings.fr\/lespetitslivres\/#website"},"datePublished":"2019-08-12T11:48:54+00:00","dateModified":"2019-08-08T11:57:18+00:00","author":{"@id":"https:\/\/smallthings.fr\/lespetitslivres\/#\/schema\/person\/bb8808220f912e72f01f7a55924d9ad1"},"breadcrumb":{"@id":"http:\/\/smallthings.fr\/lespetitslivres\/2019\/08\/12\/alfa-parish-milly-taiden\/#breadcrumb"},"inLanguage":"fr-FR","potentialAction":[{"@type":"ReadAction","target":["http:\/\/smallthings.fr\/lespetitslivres\/2019\/08\/12\/alfa-parish-milly-taiden\/"]}]},{"@type":"BreadcrumbList","@id":"http:\/\/smallthings.fr\/lespetitslivres\/2019\/08\/12\/alfa-parish-milly-taiden\/#breadcrumb","itemListElement":[{"@type":"ListItem","position":1,"name":"Accueil","item":"https:\/\/smallthings.fr\/lespetitslivres\/"},{"@type":"ListItem","position":2,"name":"Alfa, la s\u00e9rie bit-lit de Milly Taiden d\u00e9barque chez Milady !"}]},{"@type":"WebSite","@id":"https:\/\/smallthings.fr\/lespetitslivres\/#website","url":"https:\/\/smallthings.fr\/lespetitslivres\/","name":"Les Petits Livres","description":"by Small Things","potentialAction":[{"@type":"SearchAction","target":{"@type":"EntryPoint","urlTemplate":"https:\/\/smallthings.fr\/lespetitslivres\/?s={search_term_string}"},"query-input":"required name=search_term_string"}],"inLanguage":"fr-FR"},{"@type":"Person","@id":"https:\/\/smallthings.fr\/lespetitslivres\/#\/schema\/person\/bb8808220f912e72f01f7a55924d9ad1","name":"Jennifer","image":{"@type":"ImageObject","inLanguage":"fr-FR","@id":"https:\/\/smallthings.fr\/lespetitslivres\/#\/schema\/person\/image\/","url":"https:\/\/secure.gravatar.com\/avatar\/ffcd6b107b6b18c3d5201f1bcc631683?s=96&d=retro&r=g","contentUrl":"https:\/\/secure.gravatar.com\/avatar\/ffcd6b107b6b18c3d5201f1bcc631683?s=96&d=retro&r=g","caption":"Jennifer"},"url":"https:\/\/smallthings.fr\/lespetitslivres\/author\/jennifer\/"}]}},"jetpack_featured_media_url":"https:\/\/smallthings.fr\/lespetitslivres\/wp-content\/uploads\/2019\/08\/alfa-parish-milly-taiden-4.jpg","jetpack_sharing_enabled":true,"jetpack_shortlink":"https:\/\/wp.me\/p6Un21-8jz","jetpack-related-posts":[{"id":32072,"url":"https:\/\/smallthings.fr\/lespetitslivres\/2020\/02\/27\/alfa-frank-milly-taiden\/","url_meta":{"origin":31965,"position":0},"title":"ALFA de Milly Taiden, la d\u00e9ception.","author":"Jennifer","date":"27 f\u00e9vrier 2020","format":false,"excerpt":"Frank, le tome 2 de la saga Alfa de Milly Taiden est sorti fin ao\u00fbt 2019 chez Milady. Si le premier tome avait du potentiel mais nous montrait une fin d\u00e9cevante, ce second volet n\u2019arrive pas \u00e0 relever le niveau. Dans le premier tome (chronique ici), nous avions rencontr\u00e9 Parish,\u2026","rel":"","context":"Dans &quot;Fantastique&quot;","block_context":{"text":"Fantastique","link":"https:\/\/smallthings.fr\/lespetitslivres\/category\/imaginaire\/fantastique\/"},"img":{"alt_text":"","src":"https:\/\/i0.wp.com\/smallthings.fr\/lespetitslivres\/wp-content\/uploads\/2020\/02\/Alfa-T2-Frank-4.jpg?resize=350%2C200&ssl=1","width":350,"height":200,"srcset":"https:\/\/i0.wp.com\/smallthings.fr\/lespetitslivres\/wp-content\/uploads\/2020\/02\/Alfa-T2-Frank-4.jpg?resize=350%2C200&ssl=1 1x, https:\/\/i0.wp.com\/smallthings.fr\/lespetitslivres\/wp-content\/uploads\/2020\/02\/Alfa-T2-Frank-4.jpg?resize=525%2C300&ssl=1 1.5x, https:\/\/i0.wp.com\/smallthings.fr\/lespetitslivres\/wp-content\/uploads\/2020\/02\/Alfa-T2-Frank-4.jpg?resize=700%2C400&ssl=1 2x, https:\/\/i0.wp.com\/smallthings.fr\/lespetitslivres\/wp-content\/uploads\/2020\/02\/Alfa-T2-Frank-4.jpg?resize=1050%2C600&ssl=1 3x"},"classes":[]},{"id":31997,"url":"https:\/\/smallthings.fr\/lespetitslivres\/2020\/01\/21\/nora-jacobs-la-saga-bit-lit-que-vous-allez-adorer\/","url_meta":{"origin":31965,"position":1},"title":"Nora Jacobs, la saga bit-lit que vous allez adorer !","author":"Jennifer","date":"21 janvier 2020","format":false,"excerpt":"D\u00e9masqu\u00e9e, le premier tome de Nora Jacobs de Jackie May, est sorti chez Milady en septembre 2019. Un roman coup de c\u0153ur pour une s\u00e9rie bit-lit qui change de ce qu\u2019on a l\u2019habitude de lire. Jackie May fait une entr\u00e9e fracassante chez Milady avec Nora Jacobs, une h\u00e9ro\u00efne qui n\u2019a\u2026","rel":"","context":"Dans &quot;Fantastique&quot;","block_context":{"text":"Fantastique","link":"https:\/\/smallthings.fr\/lespetitslivres\/category\/imaginaire\/fantastique\/"},"img":{"alt_text":"","src":"https:\/\/i0.wp.com\/smallthings.fr\/lespetitslivres\/wp-content\/uploads\/2020\/01\/Nora-Jacobs-D\u00e9masqu\u00e9e-2.jpg?resize=350%2C200&ssl=1","width":350,"height":200,"srcset":"https:\/\/i0.wp.com\/smallthings.fr\/lespetitslivres\/wp-content\/uploads\/2020\/01\/Nora-Jacobs-D\u00e9masqu\u00e9e-2.jpg?resize=350%2C200&ssl=1 1x, https:\/\/i0.wp.com\/smallthings.fr\/lespetitslivres\/wp-content\/uploads\/2020\/01\/Nora-Jacobs-D\u00e9masqu\u00e9e-2.jpg?resize=525%2C300&ssl=1 1.5x, https:\/\/i0.wp.com\/smallthings.fr\/lespetitslivres\/wp-content\/uploads\/2020\/01\/Nora-Jacobs-D\u00e9masqu\u00e9e-2.jpg?resize=700%2C400&ssl=1 2x, https:\/\/i0.wp.com\/smallthings.fr\/lespetitslivres\/wp-content\/uploads\/2020\/01\/Nora-Jacobs-D\u00e9masqu\u00e9e-2.jpg?resize=1050%2C600&ssl=1 3x"},"classes":[]},{"id":32009,"url":"https:\/\/smallthings.fr\/lespetitslivres\/2020\/02\/03\/le-sixieme-monde-la-nouvelle-saga-de-chez-milady-qui-va-cartonner\/","url_meta":{"origin":31965,"position":2},"title":"Le sixi\u00e8me monde, la nouvelle saga de chez Milady qui va cartonner !","author":"Jennifer","date":"3 f\u00e9vrier 2020","format":false,"excerpt":"La piste des \u00e9clairs est le premier tome de la saga Le sixi\u00e8me monde de Rebecca Roanhorse. Sorti le 22 janvier dernier chez Milady, ce roman imaginaire nous fait entrer sur les terres des Navajos et nous fait adorer leur culture. Le sixi\u00e8me monde a re\u00e7u le Prix Locus du\u2026","rel":"","context":"Dans &quot;Fantasy&quot;","block_context":{"text":"Fantasy","link":"https:\/\/smallthings.fr\/lespetitslivres\/category\/imaginaire\/fantasy\/"},"img":{"alt_text":"","src":"https:\/\/i0.wp.com\/smallthings.fr\/lespetitslivres\/wp-content\/uploads\/2020\/02\/La-piste-des-\u00e9clairs-Le-sixi\u00e8me-monde-2.jpg?resize=350%2C200&ssl=1","width":350,"height":200},"classes":[]},{"id":31941,"url":"https:\/\/smallthings.fr\/lespetitslivres\/2019\/08\/08\/la-cite-des-loups-la-suite-de-la-saga-de-maria-vale\/","url_meta":{"origin":31965,"position":3},"title":"La cit\u00e9 des loups, la suite de la saga de Maria Vale","author":"Jennifer","date":"8 ao\u00fbt 2019","format":false,"excerpt":"La cit\u00e9 des loups est le deuxi\u00e8me tome de la saga Sauvages de Maria Vale. Sorti le 19 juin chez Milady, ce roman nous fait entrer dans la vie de Elijah Sorensson, un loup-garou qui travaille comme avocat chez les Hommes. Un deuxi\u00e8me volet encore une fois tr\u00e8s int\u00e9ressant et\u2026","rel":"","context":"Dans &quot;Fantastique&quot;","block_context":{"text":"Fantastique","link":"https:\/\/smallthings.fr\/lespetitslivres\/category\/imaginaire\/fantastique\/"},"img":{"alt_text":"","src":"https:\/\/i0.wp.com\/smallthings.fr\/lespetitslivres\/wp-content\/uploads\/2019\/08\/sauvages-la-cit\u00e9-des-loups-2.jpg?resize=350%2C200&ssl=1","width":350,"height":200,"srcset":"https:\/\/i0.wp.com\/smallthings.fr\/lespetitslivres\/wp-content\/uploads\/2019\/08\/sauvages-la-cit\u00e9-des-loups-2.jpg?resize=350%2C200&ssl=1 1x, https:\/\/i0.wp.com\/smallthings.fr\/lespetitslivres\/wp-content\/uploads\/2019\/08\/sauvages-la-cit\u00e9-des-loups-2.jpg?resize=525%2C300&ssl=1 1.5x, https:\/\/i0.wp.com\/smallthings.fr\/lespetitslivres\/wp-content\/uploads\/2019\/08\/sauvages-la-cit\u00e9-des-loups-2.jpg?resize=700%2C400&ssl=1 2x, https:\/\/i0.wp.com\/smallthings.fr\/lespetitslivres\/wp-content\/uploads\/2019\/08\/sauvages-la-cit\u00e9-des-loups-2.jpg?resize=1050%2C600&ssl=1 3x, https:\/\/i0.wp.com\/smallthings.fr\/lespetitslivres\/wp-content\/uploads\/2019\/08\/sauvages-la-cit\u00e9-des-loups-2.jpg?resize=1400%2C800&ssl=1 4x"},"classes":[]},{"id":31936,"url":"https:\/\/smallthings.fr\/lespetitslivres\/2019\/08\/06\/dernier-loup-sauvages-maria-vale\/","url_meta":{"origin":31965,"position":4},"title":"Le dernier loup, premier tome de la saga bit-lit de Maria Vale","author":"Jennifer","date":"6 ao\u00fbt 2019","format":false,"excerpt":"Le dernier loup est le premier tome de la saga Sauvages de Maria Vale. Ce roman bit-lit est sorti le 20 mars dernier chez Milady. Un premier tome qui nous fait rencontrer tous les personnages et qui nous fait entrer dans un univers aussi sombre qu\u2019int\u00e9ressant. Sauvages est une saga\u2026","rel":"","context":"Dans &quot;Fantastique&quot;","block_context":{"text":"Fantastique","link":"https:\/\/smallthings.fr\/lespetitslivres\/category\/imaginaire\/fantastique\/"},"img":{"alt_text":"","src":"https:\/\/i0.wp.com\/smallthings.fr\/lespetitslivres\/wp-content\/uploads\/2019\/08\/Le-dernier-loup-sauvage-Maria-Vale-2.jpg?resize=350%2C200&ssl=1","width":350,"height":200,"srcset":"https:\/\/i0.wp.com\/smallthings.fr\/lespetitslivres\/wp-content\/uploads\/2019\/08\/Le-dernier-loup-sauvage-Maria-Vale-2.jpg?resize=350%2C200&ssl=1 1x, https:\/\/i0.wp.com\/smallthings.fr\/lespetitslivres\/wp-content\/uploads\/2019\/08\/Le-dernier-loup-sauvage-Maria-Vale-2.jpg?resize=525%2C300&ssl=1 1.5x, https:\/\/i0.wp.com\/smallthings.fr\/lespetitslivres\/wp-content\/uploads\/2019\/08\/Le-dernier-loup-sauvage-Maria-Vale-2.jpg?resize=700%2C400&ssl=1 2x, https:\/\/i0.wp.com\/smallthings.fr\/lespetitslivres\/wp-content\/uploads\/2019\/08\/Le-dernier-loup-sauvage-Maria-Vale-2.jpg?resize=1050%2C600&ssl=1 3x, https:\/\/i0.wp.com\/smallthings.fr\/lespetitslivres\/wp-content\/uploads\/2019\/08\/Le-dernier-loup-sauvage-Maria-Vale-2.jpg?resize=1400%2C800&ssl=1 4x"},"classes":[]},{"id":32250,"url":"https:\/\/smallthings.fr\/lespetitslivres\/2021\/07\/08\/rio-leopards-christine-feehan\/","url_meta":{"origin":31965,"position":5},"title":"Rio, le l\u00e9opard de Christine Feehan","author":"Jennifer","date":"8 juillet 2021","format":false,"excerpt":"Rio est le premier tome de la saga L\u00e9opards de Christine Feehan. Sortie chez les \u00e9ditions Milady en mai dernier, cette bit-lit nous emm\u00e8ne dans une for\u00eat tropicale o\u00f9 Rachael tente d\u2019\u00e9chapper \u00e0 ses poursuivants. Mais elle va tomber nez \u00e0 nez avec un pr\u00e9dateur encore plus dangereux que ceux\u2026","rel":"","context":"Dans &quot;Fantastique&quot;","block_context":{"text":"Fantastique","link":"https:\/\/smallthings.fr\/lespetitslivres\/category\/imaginaire\/fantastique\/"},"img":{"alt_text":"","src":"https:\/\/i0.wp.com\/smallthings.fr\/lespetitslivres\/wp-content\/uploads\/2021\/07\/L\u00e9opards_Rio-de-Christine-Feehan.jpg?resize=350%2C200&ssl=1","width":350,"height":200,"srcset":"https:\/\/i0.wp.com\/smallthings.fr\/lespetitslivres\/wp-content\/uploads\/2021\/07\/L\u00e9opards_Rio-de-Christine-Feehan.jpg?resize=350%2C200&ssl=1 1x, https:\/\/i0.wp.com\/smallthings.fr\/lespetitslivres\/wp-content\/uploads\/2021\/07\/L\u00e9opards_Rio-de-Christine-Feehan.jpg?resize=525%2C300&ssl=1 1.5x, https:\/\/i0.wp.com\/smallthings.fr\/lespetitslivres\/wp-content\/uploads\/2021\/07\/L\u00e9opards_Rio-de-Christine-Feehan.jpg?resize=700%2C400&ssl=1 2x, https:\/\/i0.wp.com\/smallthings.fr\/lespetitslivres\/wp-content\/uploads\/2021\/07\/L\u00e9opards_Rio-de-Christine-Feehan.jpg?resize=1050%2C600&ssl=1 3x"},"classes":[]}],"_links":{"self":[{"href":"https:\/\/smallthings.fr\/lespetitslivres\/wp-json\/wp\/v2\/posts\/31965"}],"collection":[{"href":"https:\/\/smallthings.fr\/lespetitslivres\/wp-json\/wp\/v2\/posts"}],"about":[{"href":"https:\/\/smallthings.fr\/lespetitslivres\/wp-json\/wp\/v2\/types\/post"}],"author":[{"embeddable":true,"href":"https:\/\/smallthings.fr\/lespetitslivres\/wp-json\/wp\/v2\/users\/14"}],"replies":[{"embeddable":true,"href":"https:\/\/smallthings.fr\/lespetitslivres\/wp-json\/wp\/v2\/comments?post=31965"}],"version-history":[{"count":3,"href":"https:\/\/smallthings.fr\/lespetitslivres\/wp-json\/wp\/v2\/posts\/31965\/revisions"}],"predecessor-version":[{"id":31971,"href":"https:\/\/smallthings.fr\/lespetitslivres\/wp-json\/wp\/v2\/posts\/31965\/revisions\/31971"}],"wp:featuredmedia":[{"embeddable":true,"href":"https:\/\/smallthings.fr\/lespetitslivres\/wp-json\/wp\/v2\/media\/31969"}],"wp:attachment":[{"href":"https:\/\/smallthings.fr\/lespetitslivres\/wp-json\/wp\/v2\/media?parent=31965"}],"wp:term":[{"taxonomy":"category","embeddable":true,"href":"https:\/\/smallthings.fr\/lespetitslivres\/wp-json\/wp\/v2\/categories?post=31965"},{"taxonomy":"post_tag","embeddable":true,"href":"https:\/\/smallthings.fr\/lespetitslivres\/wp-json\/wp\/v2\/tags?post=31965"}],"curies":[{"name":"wp","href":"https:\/\/api.w.org\/{rel}","templated":true}]}}