{"id":31886,"date":"2019-01-31T14:06:05","date_gmt":"2019-01-31T13:06:05","guid":{"rendered":"http:\/\/smallthings.fr\/lespetitslivres\/?p=31886"},"modified":"2019-01-31T14:06:05","modified_gmt":"2019-01-31T13:06:05","slug":"les-yeux-thriller-berhoun","status":"publish","type":"post","link":"https:\/\/smallthings.fr\/lespetitslivres\/2019\/01\/31\/les-yeux-thriller-berhoun\/","title":{"rendered":"Les Yeux, thriller surprenant de Slimane-Baptiste Berhoun"},"content":{"rendered":"<h3><em>Les Yeux<\/em>, \u00e9crit par Slimane-Baptiste Berhoun, est sorti en format poche novembre aux \u00e9ditions <a href=\"http:\/\/www.bragelonne.fr\/livres\/View\/les-yeux--episode-1\" target=\"_blank\" rel=\"noopener\">Bragelonne<\/a>. Un thriller fantastique qui nous fait entrer dans un h\u00f4pital psychiatrique des ann\u00e9es 50. Rien que cela suffit \u00e0 nous faire frissonner\u00a0!<\/h3>\n<p><em>Les Yeux<\/em> commence avec la d\u00e9couverte du cadavre d\u2019un enfant de 10 ans dans la cour de L\u2019Orme, un asile lugubre. Intern\u00e9 dans cet h\u00f4pital psychiatrique, il est \u00e9videmment anormal de retrouver le petit mort \u00e0 l\u2019ext\u00e9rieur, et surtout dans cet \u00e9tat\u00a0: \u00ab\u00a0les segments des membres formaient des angles inhabituels, comme si les articulations avaient c\u00e9d\u00e9\u00a0\u00bb. Malgr\u00e9 le caract\u00e8re bizarre de la mort, il n\u2019y a pas de v\u00e9ritable enqu\u00eate, l\u2019endroit faisant m\u00eame peur aux policiers.<\/p>\n<p><img loading=\"lazy\" decoding=\"async\" data-attachment-id=\"31887\" data-permalink=\"https:\/\/smallthings.fr\/lespetitslivres\/2019\/01\/31\/les-yeux-thriller-berhoun\/les-yeux-slimane-baptiste-berhoun\/\" data-orig-file=\"https:\/\/smallthings.fr\/lespetitslivres\/wp-content\/uploads\/2019\/01\/Les-yeux-Slimane-Baptiste-Berhoun-e1548602938675.jpg\" data-orig-size=\"230,374\" data-comments-opened=\"1\" data-image-meta=\"{&quot;aperture&quot;:&quot;0&quot;,&quot;credit&quot;:&quot;&quot;,&quot;camera&quot;:&quot;&quot;,&quot;caption&quot;:&quot;&quot;,&quot;created_timestamp&quot;:&quot;0&quot;,&quot;copyright&quot;:&quot;&quot;,&quot;focal_length&quot;:&quot;0&quot;,&quot;iso&quot;:&quot;0&quot;,&quot;shutter_speed&quot;:&quot;0&quot;,&quot;title&quot;:&quot;&quot;,&quot;orientation&quot;:&quot;0&quot;}\" data-image-title=\"Les yeux Slimane-Baptiste Berhoun\" data-image-description=\"\" data-image-caption=\"\" data-medium-file=\"https:\/\/smallthings.fr\/lespetitslivres\/wp-content\/uploads\/2019\/01\/Les-yeux-Slimane-Baptiste-Berhoun-e1548602938675-184x300.jpg\" data-large-file=\"https:\/\/smallthings.fr\/lespetitslivres\/wp-content\/uploads\/2019\/01\/Les-yeux-Slimane-Baptiste-Berhoun-e1548602938675.jpg\" class=\"alignright size-full wp-image-31887\" src=\"http:\/\/smallthings.fr\/lespetitslivres\/wp-content\/uploads\/2019\/01\/Les-yeux-Slimane-Baptiste-Berhoun-e1548602938675.jpg\" alt=\"\" width=\"230\" height=\"374\" srcset=\"https:\/\/smallthings.fr\/lespetitslivres\/wp-content\/uploads\/2019\/01\/Les-yeux-Slimane-Baptiste-Berhoun-e1548602938675.jpg 230w, https:\/\/smallthings.fr\/lespetitslivres\/wp-content\/uploads\/2019\/01\/Les-yeux-Slimane-Baptiste-Berhoun-e1548602938675-184x300.jpg 184w\" sizes=\"(max-width: 230px) 100vw, 230px\" \/>C\u2019est l\u2019arriv\u00e9e de l\u2019\u00e9tudiante d\u2019un psychologue renomm\u00e9 qui va changer la donne et mettre tout l\u2019h\u00f4pital sens dessus dessous. Elle ose entrer dans l\u2019Orme pour \u00e9tudier un cas particulier, celui d\u2019une femme atteinte de prosopagnosie\u00a0: elle n\u2019arrive pas \u00e0 reconna\u00eetre les visages. <strong>En mettant son nez dans les affaires de l\u2019h\u00f4pital, Lucie Klein va d\u00e9couvrir de terribles choses. Et si les patients n\u2019\u00e9taient pas tous compl\u00e8tement fous\u00a0? Et si les cauchemars qu\u2019ils ont tous en commun n\u2019\u00e9taient pas des hallucinations mais la r\u00e9alit\u00e9\u00a0?<\/strong> Lucie va tenter de d\u00e9m\u00ealer le vrai du faux, tout en d\u00e9fiant le personnel m\u00e9dical.\u00a0 La demoiselle risque gros et ses propres secrets vont lui \u00e9clater au visage\u00a0!<\/p>\n<p><em>Les Yeux<\/em> est un thriller surprenant. Les divers rebondissements sont bien plac\u00e9s et arrivent \u00e0 nous faire douter. Les personnages sont myst\u00e9rieux, on ne sait pas \u00e0 qui se fier, et l\u2019atmosph\u00e8re est v\u00e9ritablement lugubre. La pression est au rendez-vous et les exp\u00e9rimentations des m\u00e9decins ne font rien pour arranger les choses\u00a0! Enfin, le final, malheureusement attendu, nous fait sourire. Qu\u2019il est bon de lire des histoires o\u00f9 tout ne finit pas forc\u00e9ment bien\u00a0!<\/p>\n<p>Slimane-Baptiste Berhoun a \u00e9crit un bon thriller fantastique. <strong>L\u2019id\u00e9e de situer l\u2019intrigue dans un h\u00f4pital psychiatrique \u00e9tait d\u00e9j\u00e0 bonne, mais la placer au milieu des ann\u00e9es 50 est encore mieux\u00a0!<\/strong> J\u2019adore le c\u00f4t\u00e9 m\u00e9dical qui est parfois plus gla\u00e7ant que le c\u00f4t\u00e9 horrifique, car malheureusement plus r\u00e9el.<\/p>\n<blockquote><p>\u00ab\u00a0Il \u00e9tait petit. Tout petit.<br \/>\nSi petit qu&rsquo;on ne pronon\u00e7ait g\u00e9n\u00e9ralement pas le E.<br \/>\nLe P&rsquo;tit. C&rsquo;est comme \u00e7a qu&rsquo;on disait. Le p&rsquo;tit Etienne.<br \/>\nOu le p&rsquo;tit con, selon l&rsquo;humeur des infirmiers.<br \/>\nOn n&rsquo;avait pas sp\u00e9cialement de sympathie pour les malades, vu qu&rsquo;on n&rsquo;\u00e9tait pas l\u00e0 pour \u00e7a, mais disons que les gamins, fatalement, on les remarquait.<br \/>\nPourtant, comme disait Valmont, \u00ab\u00a0un malade \u00e7a n&rsquo;a pas d&rsquo;\u00e2ge. \u00c7a a une maladie\u00a0\u00bb.<br \/>\nAlors on les traitait comme les autres, les adultes.<br \/>\nN&#8217;emp\u00eache qu&rsquo;Etienne, le P&rsquo;tit, personne ne s&rsquo;attendait \u00e0 ce qu&rsquo;il finisse comme \u00e7a, les yeux morts fixant le ciel, la bouche ouverte \u00e0 s&rsquo;en d\u00e9crocher la m\u00e2choire, comme s&rsquo;il \u00e9tait encore en train de hurler des injures.\u00a0\u00bb<\/p><\/blockquote>\n<p><span class=\"embed-youtube\" style=\"text-align:center; display: block;\"><iframe loading=\"lazy\" class=\"youtube-player\" width=\"702\" height=\"395\" src=\"https:\/\/www.youtube.com\/embed\/78gGJxgvMvc?version=3&#038;rel=1&#038;showsearch=0&#038;showinfo=1&#038;iv_load_policy=1&#038;fs=1&#038;hl=fr-FR&#038;autohide=2&#038;wmode=transparent\" allowfullscreen=\"true\" style=\"border:0;\" sandbox=\"allow-scripts allow-same-origin allow-popups allow-presentation allow-popups-to-escape-sandbox\"><\/iframe><\/span><\/p>\n","protected":false},"excerpt":{"rendered":"<p>Les Yeux, \u00e9crit par Slimane-Baptiste Berhoun, est sorti en format poche novembre aux \u00e9ditions Bragelonne. Un thriller fantastique qui nous fait entrer dans un h\u00f4pital psychiatrique des ann\u00e9es 50. Rien que cela suffit \u00e0 nous faire frissonner\u00a0! Les Yeux commence avec la d\u00e9couverte du cadavre d\u2019un enfant de 10 ans dans la cour de L\u2019Orme,<\/p>\n","protected":false},"author":14,"featured_media":31890,"comment_status":"open","ping_status":"open","sticky":false,"template":"","format":"standard","meta":{"jetpack_post_was_ever_published":false,"_jetpack_newsletter_access":"","_jetpack_newsletter_tier_id":0,"footnotes":"","jetpack_publicize_message":"","jetpack_is_tweetstorm":false,"jetpack_publicize_feature_enabled":true,"jetpack_social_post_already_shared":true,"jetpack_social_options":{"image_generator_settings":{"template":"highway","enabled":false}}},"categories":[1111],"tags":[1571,2157,2154,2155,18,2156],"jetpack_publicize_connections":[],"yoast_head":"<!-- This site is optimized with the Yoast SEO plugin v21.5 - https:\/\/yoast.com\/wordpress\/plugins\/seo\/ -->\n<title>Les Yeux, thriller surprenant de Slimane-Baptiste Berhoun<\/title>\n<meta name=\"description\" content=\"Les Yeux, \u00e9crit par Slimane-Baptiste Berhoun, est sorti en format poche novembre aux \u00e9ditions Bragelonne. Un thriller fantastique qui\" \/>\n<meta name=\"robots\" content=\"index, follow, max-snippet:-1, max-image-preview:large, max-video-preview:-1\" \/>\n<link rel=\"canonical\" href=\"https:\/\/smallthings.fr\/lespetitslivres\/2019\/01\/31\/les-yeux-thriller-berhoun\/\" \/>\n<meta property=\"og:locale\" content=\"fr_FR\" \/>\n<meta property=\"og:type\" content=\"article\" \/>\n<meta property=\"og:title\" content=\"Les Yeux, thriller surprenant de Slimane-Baptiste Berhoun\" \/>\n<meta property=\"og:description\" content=\"Les Yeux, \u00e9crit par Slimane-Baptiste Berhoun, est sorti en format poche novembre aux \u00e9ditions Bragelonne. Un thriller fantastique qui\" \/>\n<meta property=\"og:url\" content=\"https:\/\/smallthings.fr\/lespetitslivres\/2019\/01\/31\/les-yeux-thriller-berhoun\/\" \/>\n<meta property=\"og:site_name\" content=\"Les Petits Livres\" \/>\n<meta property=\"article:published_time\" content=\"2019-01-31T13:06:05+00:00\" \/>\n<meta property=\"og:image\" content=\"https:\/\/i0.wp.com\/smallthings.fr\/lespetitslivres\/wp-content\/uploads\/2019\/01\/Slimane-Baptiste-Berhoun.jpg?fit=1280%2C720&ssl=1\" \/>\n\t<meta property=\"og:image:width\" content=\"1280\" \/>\n\t<meta property=\"og:image:height\" content=\"720\" \/>\n\t<meta property=\"og:image:type\" content=\"image\/jpeg\" \/>\n<meta name=\"author\" content=\"Jennifer\" \/>\n<meta name=\"twitter:card\" content=\"summary_large_image\" \/>\n<meta name=\"twitter:label1\" content=\"\u00c9crit par\" \/>\n\t<meta name=\"twitter:data1\" content=\"Jennifer\" \/>\n\t<meta name=\"twitter:label2\" content=\"Dur\u00e9e de lecture estim\u00e9e\" \/>\n\t<meta name=\"twitter:data2\" content=\"3 minutes\" \/>\n<script type=\"application\/ld+json\" class=\"yoast-schema-graph\">{\"@context\":\"https:\/\/schema.org\",\"@graph\":[{\"@type\":\"WebPage\",\"@id\":\"https:\/\/smallthings.fr\/lespetitslivres\/2019\/01\/31\/les-yeux-thriller-berhoun\/\",\"url\":\"https:\/\/smallthings.fr\/lespetitslivres\/2019\/01\/31\/les-yeux-thriller-berhoun\/\",\"name\":\"Les Yeux, thriller surprenant de Slimane-Baptiste Berhoun\",\"isPartOf\":{\"@id\":\"https:\/\/smallthings.fr\/lespetitslivres\/#website\"},\"datePublished\":\"2019-01-31T13:06:05+00:00\",\"dateModified\":\"2019-01-31T13:06:05+00:00\",\"author\":{\"@id\":\"https:\/\/smallthings.fr\/lespetitslivres\/#\/schema\/person\/bb8808220f912e72f01f7a55924d9ad1\"},\"description\":\"Les Yeux, \u00e9crit par Slimane-Baptiste Berhoun, est sorti en format poche novembre aux \u00e9ditions Bragelonne. Un thriller fantastique qui\",\"breadcrumb\":{\"@id\":\"https:\/\/smallthings.fr\/lespetitslivres\/2019\/01\/31\/les-yeux-thriller-berhoun\/#breadcrumb\"},\"inLanguage\":\"fr-FR\",\"potentialAction\":[{\"@type\":\"ReadAction\",\"target\":[\"https:\/\/smallthings.fr\/lespetitslivres\/2019\/01\/31\/les-yeux-thriller-berhoun\/\"]}]},{\"@type\":\"BreadcrumbList\",\"@id\":\"https:\/\/smallthings.fr\/lespetitslivres\/2019\/01\/31\/les-yeux-thriller-berhoun\/#breadcrumb\",\"itemListElement\":[{\"@type\":\"ListItem\",\"position\":1,\"name\":\"Accueil\",\"item\":\"https:\/\/smallthings.fr\/lespetitslivres\/\"},{\"@type\":\"ListItem\",\"position\":2,\"name\":\"Les Yeux, thriller surprenant de Slimane-Baptiste Berhoun\"}]},{\"@type\":\"WebSite\",\"@id\":\"https:\/\/smallthings.fr\/lespetitslivres\/#website\",\"url\":\"https:\/\/smallthings.fr\/lespetitslivres\/\",\"name\":\"Les Petits Livres\",\"description\":\"by Small Things\",\"potentialAction\":[{\"@type\":\"SearchAction\",\"target\":{\"@type\":\"EntryPoint\",\"urlTemplate\":\"https:\/\/smallthings.fr\/lespetitslivres\/?s={search_term_string}\"},\"query-input\":\"required name=search_term_string\"}],\"inLanguage\":\"fr-FR\"},{\"@type\":\"Person\",\"@id\":\"https:\/\/smallthings.fr\/lespetitslivres\/#\/schema\/person\/bb8808220f912e72f01f7a55924d9ad1\",\"name\":\"Jennifer\",\"image\":{\"@type\":\"ImageObject\",\"inLanguage\":\"fr-FR\",\"@id\":\"https:\/\/smallthings.fr\/lespetitslivres\/#\/schema\/person\/image\/\",\"url\":\"https:\/\/secure.gravatar.com\/avatar\/ffcd6b107b6b18c3d5201f1bcc631683?s=96&d=retro&r=g\",\"contentUrl\":\"https:\/\/secure.gravatar.com\/avatar\/ffcd6b107b6b18c3d5201f1bcc631683?s=96&d=retro&r=g\",\"caption\":\"Jennifer\"},\"url\":\"https:\/\/smallthings.fr\/lespetitslivres\/author\/jennifer\/\"}]}<\/script>\n<!-- \/ Yoast SEO plugin. -->","yoast_head_json":{"title":"Les Yeux, thriller surprenant de Slimane-Baptiste Berhoun","description":"Les Yeux, \u00e9crit par Slimane-Baptiste Berhoun, est sorti en format poche novembre aux \u00e9ditions Bragelonne. Un thriller fantastique qui","robots":{"index":"index","follow":"follow","max-snippet":"max-snippet:-1","max-image-preview":"max-image-preview:large","max-video-preview":"max-video-preview:-1"},"canonical":"https:\/\/smallthings.fr\/lespetitslivres\/2019\/01\/31\/les-yeux-thriller-berhoun\/","og_locale":"fr_FR","og_type":"article","og_title":"Les Yeux, thriller surprenant de Slimane-Baptiste Berhoun","og_description":"Les Yeux, \u00e9crit par Slimane-Baptiste Berhoun, est sorti en format poche novembre aux \u00e9ditions Bragelonne. Un thriller fantastique qui","og_url":"https:\/\/smallthings.fr\/lespetitslivres\/2019\/01\/31\/les-yeux-thriller-berhoun\/","og_site_name":"Les Petits Livres","article_published_time":"2019-01-31T13:06:05+00:00","og_image":[{"width":1280,"height":720,"url":"https:\/\/i0.wp.com\/smallthings.fr\/lespetitslivres\/wp-content\/uploads\/2019\/01\/Slimane-Baptiste-Berhoun.jpg?fit=1280%2C720&ssl=1","type":"image\/jpeg"}],"author":"Jennifer","twitter_card":"summary_large_image","twitter_misc":{"\u00c9crit par":"Jennifer","Dur\u00e9e de lecture estim\u00e9e":"3 minutes"},"schema":{"@context":"https:\/\/schema.org","@graph":[{"@type":"WebPage","@id":"https:\/\/smallthings.fr\/lespetitslivres\/2019\/01\/31\/les-yeux-thriller-berhoun\/","url":"https:\/\/smallthings.fr\/lespetitslivres\/2019\/01\/31\/les-yeux-thriller-berhoun\/","name":"Les Yeux, thriller surprenant de Slimane-Baptiste Berhoun","isPartOf":{"@id":"https:\/\/smallthings.fr\/lespetitslivres\/#website"},"datePublished":"2019-01-31T13:06:05+00:00","dateModified":"2019-01-31T13:06:05+00:00","author":{"@id":"https:\/\/smallthings.fr\/lespetitslivres\/#\/schema\/person\/bb8808220f912e72f01f7a55924d9ad1"},"description":"Les Yeux, \u00e9crit par Slimane-Baptiste Berhoun, est sorti en format poche novembre aux \u00e9ditions Bragelonne. Un thriller fantastique qui","breadcrumb":{"@id":"https:\/\/smallthings.fr\/lespetitslivres\/2019\/01\/31\/les-yeux-thriller-berhoun\/#breadcrumb"},"inLanguage":"fr-FR","potentialAction":[{"@type":"ReadAction","target":["https:\/\/smallthings.fr\/lespetitslivres\/2019\/01\/31\/les-yeux-thriller-berhoun\/"]}]},{"@type":"BreadcrumbList","@id":"https:\/\/smallthings.fr\/lespetitslivres\/2019\/01\/31\/les-yeux-thriller-berhoun\/#breadcrumb","itemListElement":[{"@type":"ListItem","position":1,"name":"Accueil","item":"https:\/\/smallthings.fr\/lespetitslivres\/"},{"@type":"ListItem","position":2,"name":"Les Yeux, thriller surprenant de Slimane-Baptiste Berhoun"}]},{"@type":"WebSite","@id":"https:\/\/smallthings.fr\/lespetitslivres\/#website","url":"https:\/\/smallthings.fr\/lespetitslivres\/","name":"Les Petits Livres","description":"by Small Things","potentialAction":[{"@type":"SearchAction","target":{"@type":"EntryPoint","urlTemplate":"https:\/\/smallthings.fr\/lespetitslivres\/?s={search_term_string}"},"query-input":"required name=search_term_string"}],"inLanguage":"fr-FR"},{"@type":"Person","@id":"https:\/\/smallthings.fr\/lespetitslivres\/#\/schema\/person\/bb8808220f912e72f01f7a55924d9ad1","name":"Jennifer","image":{"@type":"ImageObject","inLanguage":"fr-FR","@id":"https:\/\/smallthings.fr\/lespetitslivres\/#\/schema\/person\/image\/","url":"https:\/\/secure.gravatar.com\/avatar\/ffcd6b107b6b18c3d5201f1bcc631683?s=96&d=retro&r=g","contentUrl":"https:\/\/secure.gravatar.com\/avatar\/ffcd6b107b6b18c3d5201f1bcc631683?s=96&d=retro&r=g","caption":"Jennifer"},"url":"https:\/\/smallthings.fr\/lespetitslivres\/author\/jennifer\/"}]}},"jetpack_featured_media_url":"https:\/\/smallthings.fr\/lespetitslivres\/wp-content\/uploads\/2019\/01\/Slimane-Baptiste-Berhoun.jpg","jetpack_sharing_enabled":true,"jetpack_shortlink":"https:\/\/wp.me\/p6Un21-8ii","jetpack-related-posts":[{"id":30889,"url":"https:\/\/smallthings.fr\/lespetitslivres\/2017\/03\/25\/mor-johana-gustawsson-thriller\/","url_meta":{"origin":31886,"position":0},"title":"M\u00f6r : thriller sanglant de Johana Gustawsson","author":"Jennifer","date":"25 mars 2017","format":false,"excerpt":"M\u00f6r, thriller de Johana Gustawsson, est sorti le 15 mars dernier aux\u00a0\u00e9ditions Bragelonne. Un roman captivant qui va nous plonger dans la traque d\u2019un tueur en s\u00e9rie qui d\u00e9coupe les seins, les fesses, les cuisses et les hanches de ses victimes. Le meurtrier a \u00e9t\u00e9 arr\u00eat\u00e9 10 ans plus t\u00f4t.\u2026","rel":"","context":"Dans &quot;Thriller&quot;","block_context":{"text":"Thriller","link":"https:\/\/smallthings.fr\/lespetitslivres\/category\/thriller\/"},"img":{"alt_text":"","src":"https:\/\/i0.wp.com\/smallthings.fr\/lespetitslivres\/wp-content\/uploads\/2017\/03\/Mor-gustawsson.jpg?resize=350%2C200&ssl=1","width":350,"height":200,"srcset":"https:\/\/i0.wp.com\/smallthings.fr\/lespetitslivres\/wp-content\/uploads\/2017\/03\/Mor-gustawsson.jpg?resize=350%2C200&ssl=1 1x, https:\/\/i0.wp.com\/smallthings.fr\/lespetitslivres\/wp-content\/uploads\/2017\/03\/Mor-gustawsson.jpg?resize=525%2C300&ssl=1 1.5x, https:\/\/i0.wp.com\/smallthings.fr\/lespetitslivres\/wp-content\/uploads\/2017\/03\/Mor-gustawsson.jpg?resize=700%2C400&ssl=1 2x, https:\/\/i0.wp.com\/smallthings.fr\/lespetitslivres\/wp-content\/uploads\/2017\/03\/Mor-gustawsson.jpg?resize=1050%2C600&ssl=1 3x"},"classes":[]},{"id":31354,"url":"https:\/\/smallthings.fr\/lespetitslivres\/2017\/10\/24\/hex-sorciere-olde-heuvelt-critique\/","url_meta":{"origin":31886,"position":1},"title":"Hex : une sorci\u00e8re mutil\u00e9e r\u00f4de \u00e0 Black Spring&#8230;","author":"Jennifer","date":"24 octobre 2017","format":false,"excerpt":"Hex, fabuleux roman de Thomas Olde Heuvelt, est sorti fin septembre aux\u00a0\u00e9ditions Bragelonne. Une communaut\u00e9 est condamn\u00e9e \u00e0 vivre dans une ville d\u2019o\u00f9 il est impossible de repartir. Un lieu hant\u00e9 par une sorci\u00e8re dont les yeux et la bouche sont cousus. Tous connaissent, en th\u00e9orie, ce qui leur arrivera\u2026","rel":"","context":"Dans &quot;Fantastique&quot;","block_context":{"text":"Fantastique","link":"https:\/\/smallthings.fr\/lespetitslivres\/category\/imaginaire\/fantastique\/"},"img":{"alt_text":"","src":"https:\/\/i0.wp.com\/smallthings.fr\/lespetitslivres\/wp-content\/uploads\/2017\/10\/Hex-Thomas-Olde-Heuvelt-4.jpg?resize=350%2C200&ssl=1","width":350,"height":200,"srcset":"https:\/\/i0.wp.com\/smallthings.fr\/lespetitslivres\/wp-content\/uploads\/2017\/10\/Hex-Thomas-Olde-Heuvelt-4.jpg?resize=350%2C200&ssl=1 1x, https:\/\/i0.wp.com\/smallthings.fr\/lespetitslivres\/wp-content\/uploads\/2017\/10\/Hex-Thomas-Olde-Heuvelt-4.jpg?resize=525%2C300&ssl=1 1.5x"},"classes":[]},{"id":26347,"url":"https:\/\/smallthings.fr\/lespetitslivres\/2015\/08\/21\/lzr-1143-contamination-zombie-bryan-james\/","url_meta":{"origin":31886,"position":2},"title":"LZR-1143, Contamination : encore une invasion zombie&#8230;","author":"Jennifer","date":"21 ao\u00fbt 2015","format":false,"excerpt":"C\u2019est le 15 juillet dernier que le premier tome de la s\u00e9rie de Bryan James LZR-1143, Contamination, est sorti en format poche chez aux \u00e9ditions Panini. Un nouveau roman apocalyptique : le narrateur est une ancienne star de cin\u00e9ma qui a tu\u00e9 sa femme mais qui ne se souvient plus\u2026","rel":"","context":"Dans &quot;Fantastique&quot;","block_context":{"text":"Fantastique","link":"https:\/\/smallthings.fr\/lespetitslivres\/category\/imaginaire\/fantastique\/"},"img":{"alt_text":"","src":"","width":0,"height":0},"classes":[]},{"id":31953,"url":"https:\/\/smallthings.fr\/lespetitslivres\/2019\/08\/09\/le-masque-de-la-mort-le-thriller-de-david-gemmell\/","url_meta":{"origin":31886,"position":3},"title":"Le Masque de la Mort, le thriller de David Gemmell","author":"Jennifer","date":"9 ao\u00fbt 2019","format":false,"excerpt":"Le Masque de la Mort est un thriller de David Gemmell publi\u00e9 chez Bragelonne le 15 mai dernier dans la collection Terreur. Une intrigue bien men\u00e9e malgr\u00e9 un d\u00e9part un peu lent. David Gemmell, auteur de best-sellers, nous raconte avec Le masque de la mort une histoire surprenante. Selon l\u2019\u00e9diteur,\u2026","rel":"","context":"Dans &quot;Thriller&quot;","block_context":{"text":"Thriller","link":"https:\/\/smallthings.fr\/lespetitslivres\/category\/thriller\/"},"img":{"alt_text":"","src":"https:\/\/i0.wp.com\/smallthings.fr\/lespetitslivres\/wp-content\/uploads\/2019\/08\/le-masque-de-la-mort-1181994-2.png?resize=350%2C200&ssl=1","width":350,"height":200,"srcset":"https:\/\/i0.wp.com\/smallthings.fr\/lespetitslivres\/wp-content\/uploads\/2019\/08\/le-masque-de-la-mort-1181994-2.png?resize=350%2C200&ssl=1 1x, https:\/\/i0.wp.com\/smallthings.fr\/lespetitslivres\/wp-content\/uploads\/2019\/08\/le-masque-de-la-mort-1181994-2.png?resize=525%2C300&ssl=1 1.5x, https:\/\/i0.wp.com\/smallthings.fr\/lespetitslivres\/wp-content\/uploads\/2019\/08\/le-masque-de-la-mort-1181994-2.png?resize=700%2C400&ssl=1 2x, https:\/\/i0.wp.com\/smallthings.fr\/lespetitslivres\/wp-content\/uploads\/2019\/08\/le-masque-de-la-mort-1181994-2.png?resize=1050%2C600&ssl=1 3x, https:\/\/i0.wp.com\/smallthings.fr\/lespetitslivres\/wp-content\/uploads\/2019\/08\/le-masque-de-la-mort-1181994-2.png?resize=1400%2C800&ssl=1 4x"},"classes":[]},{"id":31972,"url":"https:\/\/smallthings.fr\/lespetitslivres\/2019\/08\/13\/fog-le-roman-horrifique-de-james-herbert-paru-en-1975-ressort-chez-bragelonne\/","url_meta":{"origin":31886,"position":4},"title":"Fog, le roman horrifique de James Herbert paru en 1975 ressort chez Bragelonne !","author":"Jennifer","date":"13 ao\u00fbt 2019","format":false,"excerpt":"Fog est un roman horrifique \u00e9crit par James Herbert. Sorti en version poche chez Bragelonne le 03 juillet dernier, ce livre nous fait rentrer dans un brouillard capable de vous transformer en s\u00e9rial killer redoutable\u00a0! James Herbert est le best-seller britannique de la terreur, traduit en trente-trois langues d\u00e8s son\u2026","rel":"","context":"Dans &quot;Fantastique&quot;","block_context":{"text":"Fantastique","link":"https:\/\/smallthings.fr\/lespetitslivres\/category\/imaginaire\/fantastique\/"},"img":{"alt_text":"","src":"https:\/\/i0.wp.com\/smallthings.fr\/lespetitslivres\/wp-content\/uploads\/2019\/08\/fog-james-herbert-2.jpg?resize=350%2C200&ssl=1","width":350,"height":200,"srcset":"https:\/\/i0.wp.com\/smallthings.fr\/lespetitslivres\/wp-content\/uploads\/2019\/08\/fog-james-herbert-2.jpg?resize=350%2C200&ssl=1 1x, https:\/\/i0.wp.com\/smallthings.fr\/lespetitslivres\/wp-content\/uploads\/2019\/08\/fog-james-herbert-2.jpg?resize=525%2C300&ssl=1 1.5x"},"classes":[]},{"id":29459,"url":"https:\/\/smallthings.fr\/lespetitslivres\/2016\/01\/30\/tourbieres-noires-bec-bd-avis\/","url_meta":{"origin":31886,"position":5},"title":"Les Tourbi\u00e8res Noires : plong\u00e9e terrifiante au c\u0153ur de l&rsquo;Aubrac","author":"Paulo","date":"30 janvier 2016","format":false,"excerpt":"Nous partons aujourd'hui \u00e0 la d\u00e9couverte de l'Aubrac, gr\u00e2ce \u00e0 Christophe Bec et \u00e0 ses Tourbi\u00e8res Noires ! On d\u00e9couvre des paysages de campagne \u00e0 travers les yeux d'Antoine, photographe qui trouve refuge dans la ferme de Baptiste qui vit seul avec sa fille M\u00e9lodie. Adapt\u00e9 de La Peur de\u2026","rel":"","context":"Dans &quot;BD&quot;","block_context":{"text":"BD","link":"https:\/\/smallthings.fr\/lespetitslivres\/category\/bd-manga\/bd\/"},"img":{"alt_text":"","src":"https:\/\/i0.wp.com\/smallthings.fr\/lespetitslivres\/wp-content\/uploads\/2016\/01\/tourbieres-noires-couv.jpg?resize=350%2C200&ssl=1","width":350,"height":200,"srcset":"https:\/\/i0.wp.com\/smallthings.fr\/lespetitslivres\/wp-content\/uploads\/2016\/01\/tourbieres-noires-couv.jpg?resize=350%2C200&ssl=1 1x, https:\/\/i0.wp.com\/smallthings.fr\/lespetitslivres\/wp-content\/uploads\/2016\/01\/tourbieres-noires-couv.jpg?resize=525%2C300&ssl=1 1.5x"},"classes":[]}],"_links":{"self":[{"href":"https:\/\/smallthings.fr\/lespetitslivres\/wp-json\/wp\/v2\/posts\/31886"}],"collection":[{"href":"https:\/\/smallthings.fr\/lespetitslivres\/wp-json\/wp\/v2\/posts"}],"about":[{"href":"https:\/\/smallthings.fr\/lespetitslivres\/wp-json\/wp\/v2\/types\/post"}],"author":[{"embeddable":true,"href":"https:\/\/smallthings.fr\/lespetitslivres\/wp-json\/wp\/v2\/users\/14"}],"replies":[{"embeddable":true,"href":"https:\/\/smallthings.fr\/lespetitslivres\/wp-json\/wp\/v2\/comments?post=31886"}],"version-history":[{"count":4,"href":"https:\/\/smallthings.fr\/lespetitslivres\/wp-json\/wp\/v2\/posts\/31886\/revisions"}],"predecessor-version":[{"id":31900,"href":"https:\/\/smallthings.fr\/lespetitslivres\/wp-json\/wp\/v2\/posts\/31886\/revisions\/31900"}],"wp:featuredmedia":[{"embeddable":true,"href":"https:\/\/smallthings.fr\/lespetitslivres\/wp-json\/wp\/v2\/media\/31890"}],"wp:attachment":[{"href":"https:\/\/smallthings.fr\/lespetitslivres\/wp-json\/wp\/v2\/media?parent=31886"}],"wp:term":[{"taxonomy":"category","embeddable":true,"href":"https:\/\/smallthings.fr\/lespetitslivres\/wp-json\/wp\/v2\/categories?post=31886"},{"taxonomy":"post_tag","embeddable":true,"href":"https:\/\/smallthings.fr\/lespetitslivres\/wp-json\/wp\/v2\/tags?post=31886"}],"curies":[{"name":"wp","href":"https:\/\/api.w.org\/{rel}","templated":true}]}}