{"id":31803,"date":"2018-09-08T08:25:16","date_gmt":"2018-09-08T07:25:16","guid":{"rendered":"http:\/\/smallthings.fr\/lespetitslivres\/?p=31803"},"modified":"2018-09-05T13:31:27","modified_gmt":"2018-09-05T12:31:27","slug":"presque-nuit-ete-thi-thu-avis","status":"publish","type":"post","link":"https:\/\/smallthings.fr\/lespetitslivres\/2018\/09\/08\/presque-nuit-ete-thi-thu-avis\/","title":{"rendered":"Presque une nuit d\u2019\u00e9t\u00e9, premier roman de Thi Thu"},"content":{"rendered":"<h2>La rentr\u00e9e litt\u00e9raire 2018 a \u00e9tabli un record en mati\u00e8re de premiers romans. Difficile pour ces primo-romanciers de ne pas finir noy\u00e9s dans la masse. Dans cette for\u00eat de titres, on ne peut que conseiller de ne pas manquer un arbre d\u00e9licat et remarquable : <em>Presque une nuit d\u2019\u00e9t\u00e9<\/em> et il est sign\u00e9 Thi Thu, aux \u00e9ditions <a href=\"https:\/\/www.payot-rivages.fr\/rivages\/livre\/presque-une-nuit-d%C3%A9t%C3%A9-9782743644659\">Rivages<\/a>.<\/h2>\n<p><img loading=\"lazy\" decoding=\"async\" data-attachment-id=\"31804\" data-permalink=\"https:\/\/smallthings.fr\/lespetitslivres\/2018\/09\/08\/presque-nuit-ete-thi-thu-avis\/presque-une-nuit-d-ete-couv\/\" data-orig-file=\"https:\/\/smallthings.fr\/lespetitslivres\/wp-content\/uploads\/2018\/09\/presque-une-nuit-d-ete-couv.jpg\" data-orig-size=\"250,367\" data-comments-opened=\"1\" data-image-meta=\"{&quot;aperture&quot;:&quot;0&quot;,&quot;credit&quot;:&quot;&quot;,&quot;camera&quot;:&quot;&quot;,&quot;caption&quot;:&quot;&quot;,&quot;created_timestamp&quot;:&quot;0&quot;,&quot;copyright&quot;:&quot;&quot;,&quot;focal_length&quot;:&quot;0&quot;,&quot;iso&quot;:&quot;0&quot;,&quot;shutter_speed&quot;:&quot;0&quot;,&quot;title&quot;:&quot;&quot;,&quot;orientation&quot;:&quot;0&quot;}\" data-image-title=\"presque-une-nuit-d-ete-couv\" data-image-description=\"\" data-image-caption=\"\" data-medium-file=\"https:\/\/smallthings.fr\/lespetitslivres\/wp-content\/uploads\/2018\/09\/presque-une-nuit-d-ete-couv-204x300.jpg\" data-large-file=\"https:\/\/smallthings.fr\/lespetitslivres\/wp-content\/uploads\/2018\/09\/presque-une-nuit-d-ete-couv.jpg\" class=\"alignleft size-full wp-image-31804\" src=\"http:\/\/smallthings.fr\/lespetitslivres\/wp-content\/uploads\/2018\/09\/presque-une-nuit-d-ete-couv.jpg\" alt=\"\" width=\"250\" height=\"367\" srcset=\"https:\/\/smallthings.fr\/lespetitslivres\/wp-content\/uploads\/2018\/09\/presque-une-nuit-d-ete-couv.jpg 250w, https:\/\/smallthings.fr\/lespetitslivres\/wp-content\/uploads\/2018\/09\/presque-une-nuit-d-ete-couv-204x300.jpg 204w\" sizes=\"(max-width: 250px) 100vw, 250px\" \/><strong>Une jeune femme erre dans les rues, appareil photo \u00e0 la main, cherchant \u00e0 recueillir des instants de la vie de celles et ceux qu\u2019elle croise au gr\u00e9 de ses d\u00e9ambulations<\/strong>. Ce regard attentif et bienveillant port\u00e9 sur des inconnus ne d\u00e9bouche pas seulement sur des moments imprim\u00e9s sur la pellicule (ou la carte m\u00e9moire\u2026), mais sur de vrais rencontres.<\/p>\n<p>Les inconnus se racontent et livrent leur histoire, touchante, insolite, drolatique, \u00e0 la photographe. La premi\u00e8re impression qui se d\u00e9gage de <em>Presque une nuit d&rsquo;\u00e9t\u00e9<\/em> est celle d\u2019une galerie de personnages diablement bien camp\u00e9s, et pris dans des histoires justes, qu\u2019on lit avec plaisir. C\u2019est d\u00e9j\u00e0 beaucoup, mais trop peu pour faire un roman. Pourtant, le livre de Thi Thu est un authentique roman. Celui d\u2019un personnage d\u2019aujourd\u2019hui, en qu\u00eate de quelque chose d\u2019utile. Qui rencontre d\u2019autres personnages d\u2019aujourd\u2019hui \u2013 avec leurs malheurs, leurs joies, leurs folies.<\/p>\n<p>Surtout, <em>Presque une nuit d&rsquo;\u00e9t\u00e9<\/em> est un roman \u00e9crit. <strong>Il y a dans les mots, dans les phrases de Thi Thu, une d\u00e9licatesse po\u00e9tique qu\u2019on pressent d\u00e8s le merveilleux titre de son livre<\/strong> et qui se confirme jusqu\u2019\u00e0 la derni\u00e8re page. D\u00e9tail ou pas : l\u2019auteure a pour langue maternelle le vietnamien. Est-ce son regard ext\u00e9rieur, distanci\u00e9 sur la langue de Moli\u00e8re qui lui permet de la manier avec autant de gr\u00e2ce ? Peut-\u00eatre y a-t-il de \u00e7a. D\u00e8s ce premier roman, <strong>elle s\u2019impose en tous cas comme une voix francophone singuli\u00e8re, ent\u00eatante \u2013 qu\u2019on suivra avec plaisir<\/strong>.<\/p>\n","protected":false},"excerpt":{"rendered":"<p>La rentr\u00e9e litt\u00e9raire 2018 a \u00e9tabli un record en mati\u00e8re de premiers romans. Difficile pour ces primo-romanciers de ne pas finir noy\u00e9s dans la masse. Dans cette for\u00eat de titres, on ne peut que conseiller de ne pas manquer un arbre d\u00e9licat et remarquable : Presque une nuit d\u2019\u00e9t\u00e9 et il est sign\u00e9 Thi Thu,<\/p>\n","protected":false},"author":20,"featured_media":31805,"comment_status":"open","ping_status":"open","sticky":false,"template":"","format":"standard","meta":{"jetpack_post_was_ever_published":false,"_jetpack_newsletter_access":"","_jetpack_newsletter_tier_id":0,"footnotes":"","jetpack_publicize_message":"","jetpack_is_tweetstorm":false,"jetpack_publicize_feature_enabled":true,"jetpack_social_post_already_shared":true,"jetpack_social_options":{"image_generator_settings":{"template":"highway","enabled":false}}},"categories":[1117],"tags":[1848,1641,51,2123,54,2122],"jetpack_publicize_connections":[],"yoast_head":"<!-- This site is optimized with the Yoast SEO plugin v21.5 - https:\/\/yoast.com\/wordpress\/plugins\/seo\/ -->\n<title>Presque une nuit d\u2019\u00e9t\u00e9, premier roman de Thi Thu<\/title>\n<meta name=\"description\" content=\"La rentr\u00e9e litt\u00e9raire 2018 a \u00e9tabli un record en mati\u00e8re de premiers romans. Difficile pour ces primo-romanciers de ne pas finir noy\u00e9s dans la masse. Dans cette for\u00eat de titres, on ne peut que conseiller de ne pas manquer un arbre d\u00e9licat et remarquable : Presque une nuit d\u2019\u00e9t\u00e9 et il est sign\u00e9 Thi Thu\" \/>\n<meta name=\"robots\" content=\"index, follow, max-snippet:-1, max-image-preview:large, max-video-preview:-1\" \/>\n<link rel=\"canonical\" href=\"https:\/\/smallthings.fr\/lespetitslivres\/2018\/09\/08\/presque-nuit-ete-thi-thu-avis\/\" \/>\n<meta property=\"og:locale\" content=\"fr_FR\" \/>\n<meta property=\"og:type\" content=\"article\" \/>\n<meta property=\"og:title\" content=\"Presque une nuit d\u2019\u00e9t\u00e9, premier roman de Thi Thu\" \/>\n<meta property=\"og:description\" content=\"La rentr\u00e9e litt\u00e9raire 2018 a \u00e9tabli un record en mati\u00e8re de premiers romans. Difficile pour ces primo-romanciers de ne pas finir noy\u00e9s dans la masse. Dans cette for\u00eat de titres, on ne peut que conseiller de ne pas manquer un arbre d\u00e9licat et remarquable : Presque une nuit d\u2019\u00e9t\u00e9 et il est sign\u00e9 Thi Thu\" \/>\n<meta property=\"og:url\" content=\"https:\/\/smallthings.fr\/lespetitslivres\/2018\/09\/08\/presque-nuit-ete-thi-thu-avis\/\" \/>\n<meta property=\"og:site_name\" content=\"Les Petits Livres\" \/>\n<meta property=\"article:published_time\" content=\"2018-09-08T07:25:16+00:00\" \/>\n<meta property=\"article:modified_time\" content=\"2018-09-05T12:31:27+00:00\" \/>\n<meta property=\"og:image\" content=\"https:\/\/smallthings.fr\/lespetitslivres\/wp-content\/uploads\/2018\/09\/presque-une-nuit-d-ete-cover.jpg\" \/>\n\t<meta property=\"og:image:width\" content=\"600\" \/>\n\t<meta property=\"og:image:height\" content=\"315\" \/>\n\t<meta property=\"og:image:type\" content=\"image\/jpeg\" \/>\n<meta name=\"author\" content=\"Diane Norric\" \/>\n<meta name=\"twitter:card\" content=\"summary_large_image\" \/>\n<meta name=\"twitter:label1\" content=\"\u00c9crit par\" \/>\n\t<meta name=\"twitter:data1\" content=\"Diane Norric\" \/>\n\t<meta name=\"twitter:label2\" content=\"Dur\u00e9e de lecture estim\u00e9e\" \/>\n\t<meta name=\"twitter:data2\" content=\"2 minutes\" \/>\n<script type=\"application\/ld+json\" class=\"yoast-schema-graph\">{\"@context\":\"https:\/\/schema.org\",\"@graph\":[{\"@type\":\"WebPage\",\"@id\":\"https:\/\/smallthings.fr\/lespetitslivres\/2018\/09\/08\/presque-nuit-ete-thi-thu-avis\/\",\"url\":\"https:\/\/smallthings.fr\/lespetitslivres\/2018\/09\/08\/presque-nuit-ete-thi-thu-avis\/\",\"name\":\"Presque une nuit d\u2019\u00e9t\u00e9, premier roman de Thi Thu\",\"isPartOf\":{\"@id\":\"https:\/\/smallthings.fr\/lespetitslivres\/#website\"},\"datePublished\":\"2018-09-08T07:25:16+00:00\",\"dateModified\":\"2018-09-05T12:31:27+00:00\",\"author\":{\"@id\":\"https:\/\/smallthings.fr\/lespetitslivres\/#\/schema\/person\/d5a53b43d9461a170eb93b0fe68522f3\"},\"description\":\"La rentr\u00e9e litt\u00e9raire 2018 a \u00e9tabli un record en mati\u00e8re de premiers romans. Difficile pour ces primo-romanciers de ne pas finir noy\u00e9s dans la masse. Dans cette for\u00eat de titres, on ne peut que conseiller de ne pas manquer un arbre d\u00e9licat et remarquable : Presque une nuit d\u2019\u00e9t\u00e9 et il est sign\u00e9 Thi Thu\",\"breadcrumb\":{\"@id\":\"https:\/\/smallthings.fr\/lespetitslivres\/2018\/09\/08\/presque-nuit-ete-thi-thu-avis\/#breadcrumb\"},\"inLanguage\":\"fr-FR\",\"potentialAction\":[{\"@type\":\"ReadAction\",\"target\":[\"https:\/\/smallthings.fr\/lespetitslivres\/2018\/09\/08\/presque-nuit-ete-thi-thu-avis\/\"]}]},{\"@type\":\"BreadcrumbList\",\"@id\":\"https:\/\/smallthings.fr\/lespetitslivres\/2018\/09\/08\/presque-nuit-ete-thi-thu-avis\/#breadcrumb\",\"itemListElement\":[{\"@type\":\"ListItem\",\"position\":1,\"name\":\"Accueil\",\"item\":\"https:\/\/smallthings.fr\/lespetitslivres\/\"},{\"@type\":\"ListItem\",\"position\":2,\"name\":\"Presque une nuit d\u2019\u00e9t\u00e9, premier roman de Thi Thu\"}]},{\"@type\":\"WebSite\",\"@id\":\"https:\/\/smallthings.fr\/lespetitslivres\/#website\",\"url\":\"https:\/\/smallthings.fr\/lespetitslivres\/\",\"name\":\"Les Petits Livres\",\"description\":\"by Small Things\",\"potentialAction\":[{\"@type\":\"SearchAction\",\"target\":{\"@type\":\"EntryPoint\",\"urlTemplate\":\"https:\/\/smallthings.fr\/lespetitslivres\/?s={search_term_string}\"},\"query-input\":\"required name=search_term_string\"}],\"inLanguage\":\"fr-FR\"},{\"@type\":\"Person\",\"@id\":\"https:\/\/smallthings.fr\/lespetitslivres\/#\/schema\/person\/d5a53b43d9461a170eb93b0fe68522f3\",\"name\":\"Diane Norric\",\"image\":{\"@type\":\"ImageObject\",\"inLanguage\":\"fr-FR\",\"@id\":\"https:\/\/smallthings.fr\/lespetitslivres\/#\/schema\/person\/image\/\",\"url\":\"https:\/\/secure.gravatar.com\/avatar\/5ee9f6a30b0c402cbb9d80e9e814f454?s=96&d=retro&r=g\",\"contentUrl\":\"https:\/\/secure.gravatar.com\/avatar\/5ee9f6a30b0c402cbb9d80e9e814f454?s=96&d=retro&r=g\",\"caption\":\"Diane Norric\"},\"url\":\"https:\/\/smallthings.fr\/lespetitslivres\/author\/diane-norric\/\"}]}<\/script>\n<!-- \/ Yoast SEO plugin. -->","yoast_head_json":{"title":"Presque une nuit d\u2019\u00e9t\u00e9, premier roman de Thi Thu","description":"La rentr\u00e9e litt\u00e9raire 2018 a \u00e9tabli un record en mati\u00e8re de premiers romans. Difficile pour ces primo-romanciers de ne pas finir noy\u00e9s dans la masse. Dans cette for\u00eat de titres, on ne peut que conseiller de ne pas manquer un arbre d\u00e9licat et remarquable : Presque une nuit d\u2019\u00e9t\u00e9 et il est sign\u00e9 Thi Thu","robots":{"index":"index","follow":"follow","max-snippet":"max-snippet:-1","max-image-preview":"max-image-preview:large","max-video-preview":"max-video-preview:-1"},"canonical":"https:\/\/smallthings.fr\/lespetitslivres\/2018\/09\/08\/presque-nuit-ete-thi-thu-avis\/","og_locale":"fr_FR","og_type":"article","og_title":"Presque une nuit d\u2019\u00e9t\u00e9, premier roman de Thi Thu","og_description":"La rentr\u00e9e litt\u00e9raire 2018 a \u00e9tabli un record en mati\u00e8re de premiers romans. Difficile pour ces primo-romanciers de ne pas finir noy\u00e9s dans la masse. Dans cette for\u00eat de titres, on ne peut que conseiller de ne pas manquer un arbre d\u00e9licat et remarquable : Presque une nuit d\u2019\u00e9t\u00e9 et il est sign\u00e9 Thi Thu","og_url":"https:\/\/smallthings.fr\/lespetitslivres\/2018\/09\/08\/presque-nuit-ete-thi-thu-avis\/","og_site_name":"Les Petits Livres","article_published_time":"2018-09-08T07:25:16+00:00","article_modified_time":"2018-09-05T12:31:27+00:00","og_image":[{"width":600,"height":315,"url":"https:\/\/smallthings.fr\/lespetitslivres\/wp-content\/uploads\/2018\/09\/presque-une-nuit-d-ete-cover.jpg","type":"image\/jpeg"}],"author":"Diane Norric","twitter_card":"summary_large_image","twitter_misc":{"\u00c9crit par":"Diane Norric","Dur\u00e9e de lecture estim\u00e9e":"2 minutes"},"schema":{"@context":"https:\/\/schema.org","@graph":[{"@type":"WebPage","@id":"https:\/\/smallthings.fr\/lespetitslivres\/2018\/09\/08\/presque-nuit-ete-thi-thu-avis\/","url":"https:\/\/smallthings.fr\/lespetitslivres\/2018\/09\/08\/presque-nuit-ete-thi-thu-avis\/","name":"Presque une nuit d\u2019\u00e9t\u00e9, premier roman de Thi Thu","isPartOf":{"@id":"https:\/\/smallthings.fr\/lespetitslivres\/#website"},"datePublished":"2018-09-08T07:25:16+00:00","dateModified":"2018-09-05T12:31:27+00:00","author":{"@id":"https:\/\/smallthings.fr\/lespetitslivres\/#\/schema\/person\/d5a53b43d9461a170eb93b0fe68522f3"},"description":"La rentr\u00e9e litt\u00e9raire 2018 a \u00e9tabli un record en mati\u00e8re de premiers romans. Difficile pour ces primo-romanciers de ne pas finir noy\u00e9s dans la masse. Dans cette for\u00eat de titres, on ne peut que conseiller de ne pas manquer un arbre d\u00e9licat et remarquable : Presque une nuit d\u2019\u00e9t\u00e9 et il est sign\u00e9 Thi Thu","breadcrumb":{"@id":"https:\/\/smallthings.fr\/lespetitslivres\/2018\/09\/08\/presque-nuit-ete-thi-thu-avis\/#breadcrumb"},"inLanguage":"fr-FR","potentialAction":[{"@type":"ReadAction","target":["https:\/\/smallthings.fr\/lespetitslivres\/2018\/09\/08\/presque-nuit-ete-thi-thu-avis\/"]}]},{"@type":"BreadcrumbList","@id":"https:\/\/smallthings.fr\/lespetitslivres\/2018\/09\/08\/presque-nuit-ete-thi-thu-avis\/#breadcrumb","itemListElement":[{"@type":"ListItem","position":1,"name":"Accueil","item":"https:\/\/smallthings.fr\/lespetitslivres\/"},{"@type":"ListItem","position":2,"name":"Presque une nuit d\u2019\u00e9t\u00e9, premier roman de Thi Thu"}]},{"@type":"WebSite","@id":"https:\/\/smallthings.fr\/lespetitslivres\/#website","url":"https:\/\/smallthings.fr\/lespetitslivres\/","name":"Les Petits Livres","description":"by Small Things","potentialAction":[{"@type":"SearchAction","target":{"@type":"EntryPoint","urlTemplate":"https:\/\/smallthings.fr\/lespetitslivres\/?s={search_term_string}"},"query-input":"required name=search_term_string"}],"inLanguage":"fr-FR"},{"@type":"Person","@id":"https:\/\/smallthings.fr\/lespetitslivres\/#\/schema\/person\/d5a53b43d9461a170eb93b0fe68522f3","name":"Diane Norric","image":{"@type":"ImageObject","inLanguage":"fr-FR","@id":"https:\/\/smallthings.fr\/lespetitslivres\/#\/schema\/person\/image\/","url":"https:\/\/secure.gravatar.com\/avatar\/5ee9f6a30b0c402cbb9d80e9e814f454?s=96&d=retro&r=g","contentUrl":"https:\/\/secure.gravatar.com\/avatar\/5ee9f6a30b0c402cbb9d80e9e814f454?s=96&d=retro&r=g","caption":"Diane Norric"},"url":"https:\/\/smallthings.fr\/lespetitslivres\/author\/diane-norric\/"}]}},"jetpack_featured_media_url":"https:\/\/smallthings.fr\/lespetitslivres\/wp-content\/uploads\/2018\/09\/presque-une-nuit-d-ete-cover.jpg","jetpack_sharing_enabled":true,"jetpack_shortlink":"https:\/\/wp.me\/p6Un21-8gX","jetpack-related-posts":[{"id":24371,"url":"https:\/\/smallthings.fr\/lespetitslivres\/2015\/06\/18\/immeuble-des-femmes-renonce-hommes-critique\/","url_meta":{"origin":31803,"position":0},"title":"L&rsquo;immeuble des femmes qui ont renonc\u00e9 aux hommes &#8211; Karine Lambert","author":"Claire","date":"18 juin 2015","format":false,"excerpt":"L'immeuble des femmes qui ont renonc\u00e9 aux hommes de Karine Lambert est sorti le 9 juin au Livre de Poche. Un roman assez court et plut\u00f4t perch\u00e9, qui se passe dans un immeuble parisien. Carla part en voyage pour plusieurs mois, et propose \u00e0 son amie Juliette de reprendre son\u2026","rel":"","context":"Dans &quot;Roman fran\u00e7ais&quot;","block_context":{"text":"Roman fran\u00e7ais","link":"https:\/\/smallthings.fr\/lespetitslivres\/category\/roman\/roman-francais\/"},"img":{"alt_text":"","src":"https:\/\/i0.wp.com\/smallthings.fr\/wp-content\/uploads\/2015\/06\/immeuble-des-femmes-poche.jpg?resize=350%2C200","width":350,"height":200},"classes":[]},{"id":14280,"url":"https:\/\/smallthings.fr\/lespetitslivres\/2014\/06\/16\/de-toutes-les-nuits-les-amants-kawakami\/","url_meta":{"origin":31803,"position":1},"title":"De toutes les nuits, les amants &#8211; Mieko Kawakami","author":"Cecile","date":"16 juin 2014","format":false,"excerpt":"De toutes les nuits, les amants de la japonaise Mieko Kawakami, est sorti dans sa traduction fran\u00e7aise chez Actes Sud le 5 mars. A trente-six ans, Mieko Kawakami a d\u00e9j\u00e0 plusieurs cordes \u00e0 son arc\u00a0: musicienne, actrice et romanci\u00e8re, cette dipl\u00f4m\u00e9e de philosophie a re\u00e7u le prix Akutagawa en 2007\u2026","rel":"","context":"Dans &quot;Roman \u00e9tranger&quot;","block_context":{"text":"Roman \u00e9tranger","link":"https:\/\/smallthings.fr\/lespetitslivres\/category\/roman\/roman-etranger\/"},"img":{"alt_text":"Mieko Kawakami","src":"https:\/\/i0.wp.com\/smallthings.fr\/wp-content\/uploads\/2014\/06\/mieko-kawakami.jpg?resize=350%2C200","width":350,"height":200},"classes":[]},{"id":30700,"url":"https:\/\/smallthings.fr\/lespetitslivres\/2017\/01\/17\/presque-ensemble-philibert-critique\/","url_meta":{"origin":31803,"position":2},"title":"Presque ensemble, la vie malgr\u00e9 la d\u00e9sillusion selon Marjorie Philibert","author":"Cecile","date":"17 janvier 2017","format":false,"excerpt":"Presque ensemble est le premier roman de la journaliste Marjorie Philibert, qui vient de para\u00eetre chez JC Latt\u00e8s en cette rentr\u00e9e hivernale. Une analyse quasi sociologique du c\u00f4t\u00e9 obscur de notre g\u00e9n\u00e9ration\u00a0: les existences m\u00e9diocres. Un roman sans illusion, f\u00e9rocement dr\u00f4le. Le ton est donn\u00e9 d\u00e8s les premi\u00e8res pages\u00a0: ce\u2026","rel":"","context":"Dans &quot;Roman fran\u00e7ais&quot;","block_context":{"text":"Roman fran\u00e7ais","link":"https:\/\/smallthings.fr\/lespetitslivres\/category\/roman\/roman-francais\/"},"img":{"alt_text":"","src":"https:\/\/i0.wp.com\/smallthings.fr\/lespetitslivres\/wp-content\/uploads\/2017\/01\/presque-ensemble-couv.jpeg?resize=350%2C200&ssl=1","width":350,"height":200,"srcset":"https:\/\/i0.wp.com\/smallthings.fr\/lespetitslivres\/wp-content\/uploads\/2017\/01\/presque-ensemble-couv.jpeg?resize=350%2C200&ssl=1 1x, https:\/\/i0.wp.com\/smallthings.fr\/lespetitslivres\/wp-content\/uploads\/2017\/01\/presque-ensemble-couv.jpeg?resize=525%2C300&ssl=1 1.5x"},"classes":[]},{"id":26290,"url":"https:\/\/smallthings.fr\/lespetitslivres\/2015\/08\/19\/petits-plats-de-resistance-pujol-critique\/","url_meta":{"origin":31803,"position":3},"title":"Petits plats de r\u00e9sistance : le premier roman de Pascale Pujol","author":"Audrey Ch\u00e8vrefeuille","date":"19 ao\u00fbt 2015","format":false,"excerpt":"Avec Petits plats de r\u00e9sistance, de Pascale Pujol signe l'une des publications les plus originales de cette rentr\u00e9e litt\u00e9raire aux \u00e9ditions du Dilettante. Un premier roman pour cette auteure, qui s\u2019\u00e9tait auparavant essay\u00e9e au recueil de nouvelles en 2014 avec Fragments d\u2019un texto amoureux, publi\u00e9 aux \u00e9ditions Quadrature, un \u00e9diteur\u2026","rel":"","context":"Dans &quot;Rentr\u00e9e Litt\u00e9raire&quot;","block_context":{"text":"Rentr\u00e9e Litt\u00e9raire","link":"https:\/\/smallthings.fr\/lespetitslivres\/category\/rentree-litteraire-2015\/"},"img":{"alt_text":"","src":"https:\/\/i0.wp.com\/smallthings.fr\/wp-content\/uploads\/2015\/08\/petits-plats-de-resistance.jpg?resize=350%2C200","width":350,"height":200},"classes":[]},{"id":29168,"url":"https:\/\/smallthings.fr\/lespetitslivres\/2015\/11\/20\/des-millions-de-larmes-et-de-rires-roman\/","url_meta":{"origin":31803,"position":4},"title":"Des millions de larmes et de rires : partir pour gu\u00e9rir","author":"June","date":"20 novembre 2015","format":false,"excerpt":"Pour son premier roman, paru aux \u00e9ditions Mosa\u00efc le 28 octobre, Karma Brown n\u2019a pas choisi le sujet le plus \u00e9vident. Dans Des Millions de larmes et de rires, elle aborde le drame de la perte d\u2019un enfant \u00e0 na\u00eetre avec toutes les cons\u00e9quences que cela peut engendrer au sein\u2026","rel":"","context":"Dans &quot;Actu&quot;","block_context":{"text":"Actu","link":"https:\/\/smallthings.fr\/lespetitslivres\/category\/actu\/"},"img":{"alt_text":"","src":"https:\/\/i0.wp.com\/smallthings.fr\/lespetitslivres\/wp-content\/uploads\/2015\/11\/des-millions-de-larmes-et-de-rires-couv.jpeg?resize=350%2C200&ssl=1","width":350,"height":200},"classes":[]},{"id":26505,"url":"https:\/\/smallthings.fr\/lespetitslivres\/2015\/08\/26\/d-apres-une-histoire-vraie-vigan-critique\/","url_meta":{"origin":31803,"position":5},"title":"D&rsquo;apr\u00e8s une histoire vraie : Delphine de Vigan et l&rsquo;autofiction","author":"Claire","date":"26 ao\u00fbt 2015","format":false,"excerpt":"D'apr\u00e8s une histoire vraie, nouveau roman de Delphine de Vigan, sort aujourd'hui aux \u00e9ditions JC Latt\u00e8s. Un livre tr\u00e8s attendu, quatre ans apr\u00e8s la bombe Rien ne s'oppose \u00e0 la nuit (2011). Pour cette rentr\u00e9e litt\u00e9raire, l'auteure nous propose un livre surprenant, qui m\u00eale fiction et r\u00e9alit\u00e9 dans une intensit\u00e9\u2026","rel":"","context":"Dans &quot;Rentr\u00e9e Litt\u00e9raire&quot;","block_context":{"text":"Rentr\u00e9e Litt\u00e9raire","link":"https:\/\/smallthings.fr\/lespetitslivres\/category\/rentree-litteraire-2015\/"},"img":{"alt_text":"","src":"","width":0,"height":0},"classes":[]}],"_links":{"self":[{"href":"https:\/\/smallthings.fr\/lespetitslivres\/wp-json\/wp\/v2\/posts\/31803"}],"collection":[{"href":"https:\/\/smallthings.fr\/lespetitslivres\/wp-json\/wp\/v2\/posts"}],"about":[{"href":"https:\/\/smallthings.fr\/lespetitslivres\/wp-json\/wp\/v2\/types\/post"}],"author":[{"embeddable":true,"href":"https:\/\/smallthings.fr\/lespetitslivres\/wp-json\/wp\/v2\/users\/20"}],"replies":[{"embeddable":true,"href":"https:\/\/smallthings.fr\/lespetitslivres\/wp-json\/wp\/v2\/comments?post=31803"}],"version-history":[{"count":2,"href":"https:\/\/smallthings.fr\/lespetitslivres\/wp-json\/wp\/v2\/posts\/31803\/revisions"}],"predecessor-version":[{"id":31807,"href":"https:\/\/smallthings.fr\/lespetitslivres\/wp-json\/wp\/v2\/posts\/31803\/revisions\/31807"}],"wp:featuredmedia":[{"embeddable":true,"href":"https:\/\/smallthings.fr\/lespetitslivres\/wp-json\/wp\/v2\/media\/31805"}],"wp:attachment":[{"href":"https:\/\/smallthings.fr\/lespetitslivres\/wp-json\/wp\/v2\/media?parent=31803"}],"wp:term":[{"taxonomy":"category","embeddable":true,"href":"https:\/\/smallthings.fr\/lespetitslivres\/wp-json\/wp\/v2\/categories?post=31803"},{"taxonomy":"post_tag","embeddable":true,"href":"https:\/\/smallthings.fr\/lespetitslivres\/wp-json\/wp\/v2\/tags?post=31803"}],"curies":[{"name":"wp","href":"https:\/\/api.w.org\/{rel}","templated":true}]}}