{"id":31762,"date":"2018-08-23T13:52:30","date_gmt":"2018-08-23T12:52:30","guid":{"rendered":"http:\/\/smallthings.fr\/lespetitslivres\/?p=31762"},"modified":"2018-08-23T13:52:30","modified_gmt":"2018-08-23T12:52:30","slug":"vie-de-pierres-chaudes-aurelie-razimbaud","status":"publish","type":"post","link":"https:\/\/smallthings.fr\/lespetitslivres\/2018\/08\/23\/vie-de-pierres-chaudes-aurelie-razimbaud\/","title":{"rendered":"Une vie de pierres chaudes, le premier roman d&rsquo;Aur\u00e9lie Razimbaud"},"content":{"rendered":"<h2>Aur\u00e9lie Razimbaud publie son premier roman chez Albin Michel pour cette Rentr\u00e9e litt\u00e9raire, <em>Une vie de pierres chaudes<\/em>. C&rsquo;est dans le contexte de la guerre d&rsquo;Alg\u00e9rie qu&rsquo;elle plonge ses personnages. Un moyen pour elle de dire cette \u00e9poque que son grand-p\u00e8re n&rsquo;a jamais pu lui raconter&#8230;<\/h2>\n<p>En Alg\u00e9rie, dans les ann\u00e9es 70, Rose vient d&rsquo;\u00e9pouser Louis. Un grand bonheur pour elle, qui se languissait d&rsquo;amour pour lui depuis quelques temps. M\u00eame s&rsquo;il est tr\u00e8s myst\u00e9rieux, s&rsquo;il se r\u00e9veille en hurlant, s&rsquo;il a une ombre devant les yeux la plupart du temps, elle est heureuse. C&rsquo;est lui entre tous les autres, aupr\u00e8s de qui elle voulait passer sa vie.<\/p>\n<p><img loading=\"lazy\" decoding=\"async\" data-attachment-id=\"31767\" data-permalink=\"https:\/\/smallthings.fr\/lespetitslivres\/2018\/08\/23\/vie-de-pierres-chaudes-aurelie-razimbaud\/vie-de-pierres-chaudes-cover\/\" data-orig-file=\"https:\/\/smallthings.fr\/lespetitslivres\/wp-content\/uploads\/2018\/08\/vie-de-pierres-chaudes-cover.jpg\" data-orig-size=\"1654,2421\" data-comments-opened=\"1\" data-image-meta=\"{&quot;aperture&quot;:&quot;0&quot;,&quot;credit&quot;:&quot;&quot;,&quot;camera&quot;:&quot;&quot;,&quot;caption&quot;:&quot;&quot;,&quot;created_timestamp&quot;:&quot;0&quot;,&quot;copyright&quot;:&quot;&quot;,&quot;focal_length&quot;:&quot;0&quot;,&quot;iso&quot;:&quot;0&quot;,&quot;shutter_speed&quot;:&quot;0&quot;,&quot;title&quot;:&quot;&quot;,&quot;orientation&quot;:&quot;1&quot;}\" data-image-title=\"vie-de-pierres-chaudes-cover\" data-image-description=\"\" data-image-caption=\"\" data-medium-file=\"https:\/\/smallthings.fr\/lespetitslivres\/wp-content\/uploads\/2018\/08\/vie-de-pierres-chaudes-cover-205x300.jpg\" data-large-file=\"https:\/\/smallthings.fr\/lespetitslivres\/wp-content\/uploads\/2018\/08\/vie-de-pierres-chaudes-cover-700x1024.jpg\" class=\"alignleft  wp-image-31767\" src=\"http:\/\/smallthings.fr\/lespetitslivres\/wp-content\/uploads\/2018\/08\/vie-de-pierres-chaudes-cover-700x1024.jpg\" alt=\"\" width=\"295\" height=\"432\" srcset=\"https:\/\/smallthings.fr\/lespetitslivres\/wp-content\/uploads\/2018\/08\/vie-de-pierres-chaudes-cover-700x1024.jpg 700w, https:\/\/smallthings.fr\/lespetitslivres\/wp-content\/uploads\/2018\/08\/vie-de-pierres-chaudes-cover-205x300.jpg 205w, https:\/\/smallthings.fr\/lespetitslivres\/wp-content\/uploads\/2018\/08\/vie-de-pierres-chaudes-cover-768x1124.jpg 768w, https:\/\/smallthings.fr\/lespetitslivres\/wp-content\/uploads\/2018\/08\/vie-de-pierres-chaudes-cover-1049x1536.jpg 1049w, https:\/\/smallthings.fr\/lespetitslivres\/wp-content\/uploads\/2018\/08\/vie-de-pierres-chaudes-cover-1399x2048.jpg 1399w, https:\/\/smallthings.fr\/lespetitslivres\/wp-content\/uploads\/2018\/08\/vie-de-pierres-chaudes-cover.jpg 1654w\" sizes=\"(max-width: 295px) 100vw, 295px\" \/>Dans les premiers chapitres, on comprend que quelque chose de terrible s&rsquo;est pass\u00e9 pendant cette guerre d&rsquo;Alg\u00e9rie. Quelque chose que Louis aurait v\u00e9cu &#8211; ou pire &#8211; qu&rsquo;il aurait fait. C&rsquo;est en tout cas le myst\u00e8re qui plane sur lui, surnomm\u00e9 Beau Gosse par ses anciens compagnons de guerre. Beau Gosse, forc\u00e9ment solide, sans doute coupable de quelque chose&#8230; Rose et Louis ont une petite fille, Violette, qui souffre du manque d&rsquo;attention de son absent de p\u00e8re. Absent par la pens\u00e9e, constamment, mais aussi souvent en d\u00e9placement&#8230; Du moins c&rsquo;est ce qu&rsquo;il a dit \u00e0 son \u00e9pouse.\u00a0\u00c0 moins que&#8230;<\/p>\n<p><strong>La premi\u00e8re partie du roman se concentre sur Rose, patiente et amoureuse. On en apprend tr\u00e8s peu sur Louis, l&rsquo;\u00e9nigme. La seconde partie d&rsquo;<em>Une vie de pierres chaudes<\/em> le replace au centre<\/strong>. Et c&rsquo;est la partie la plus belle du livre. On fait connaissance avec cet homme, qui subit sa vie depuis cette guerre terrible qui l&rsquo;a oblig\u00e9 \u00e0 des extr\u00eames, sans retour en arri\u00e8re possible.<\/p>\n<p>Un homme au c\u0153ur et \u00e0 l&rsquo;\u00e2me bris\u00e9s, qui tente de faire les bons choix et d&rsquo;assumer ses errances. Aur\u00e9lie Razimbaud fait du personnage de Louis quelqu&rsquo;un d&rsquo;extr\u00eamement attachant. <strong>Par son style po\u00e9tique et subtil, elle nous touche en plein c\u0153ur au d\u00e9tour de nombreuses phrases, qui disent toute la complexit\u00e9 d&rsquo;une vie qui se serait pr\u00e9f\u00e9r\u00e9e simple<\/strong>.\u00a0Par petites touches de mots, Aur\u00e9lie Razimbaud parvient \u00e0 nous faire comprendre l&rsquo;essence de ses personnages, leurs \u00e9motions les plus intimes.<\/p>\n<p><strong><em>Une vie de pierres chaudes<\/em> est un premier roman magnifique, qui reste en t\u00eate<\/strong>. Il nous fait penser \u00e0 nos grands-parents, qui ont v\u00e9cu une guerre ou l&rsquo;autre, mais aussi \u00e0 tous ceux qui en vivent une aujourd\u2019hui.\u00a0\u00c0 ces vies sacrifi\u00e9es au repenti impossible, qui tra\u00eenent ces \u00e9preuves comme des boulets.\u00a0\u00c0 ces destins malchanceux qui essayent d\u00e9sesp\u00e9r\u00e9ment d&rsquo;atteindre le bonheur, sans \u00eatre s\u00fbr de bien le reconna\u00eetre, et qui s&rsquo;y cassent les dents.<\/p>\n","protected":false},"excerpt":{"rendered":"<p>Aur\u00e9lie Razimbaud publie son premier roman chez Albin Michel pour cette Rentr\u00e9e litt\u00e9raire, Une vie de pierres chaudes. C&rsquo;est dans le contexte de la guerre d&rsquo;Alg\u00e9rie qu&rsquo;elle plonge ses personnages. Un moyen pour elle de dire cette \u00e9poque que son grand-p\u00e8re n&rsquo;a jamais pu lui raconter&#8230; En Alg\u00e9rie, dans les ann\u00e9es 70, Rose vient d&rsquo;\u00e9pouser<\/p>\n","protected":false},"author":2,"featured_media":31763,"comment_status":"open","ping_status":"open","sticky":false,"template":"","format":"standard","meta":{"jetpack_post_was_ever_published":false,"_jetpack_newsletter_access":"","_jetpack_newsletter_tier_id":0,"footnotes":"","jetpack_publicize_message":"","jetpack_is_tweetstorm":false,"jetpack_publicize_feature_enabled":true,"jetpack_social_post_already_shared":true,"jetpack_social_options":{"image_generator_settings":{"template":"highway","enabled":false}}},"categories":[1117],"tags":[29,2105,2103,2106,1641,51,32,54,2104],"jetpack_publicize_connections":[],"yoast_head":"<!-- This site is optimized with the Yoast SEO plugin v21.5 - https:\/\/yoast.com\/wordpress\/plugins\/seo\/ -->\n<title>Une vie de pierres chaudes, le premier roman d&#039;Aur\u00e9lie Razimbaud<\/title>\n<meta name=\"description\" content=\"Aur\u00e9lie Razimbaud publie son premier roman chez Albin Michel pour cette Rentr\u00e9e litt\u00e9raire, Une vie de pierres chaudes. C&#039;est dans le contexte de la guerre d&#039;Alg\u00e9rie qu&#039;elle plonge ses personnages. Un moyen pour elle de dire cette \u00e9poque que son grand-p\u00e8re n&#039;a jamais pu lui raconter...\" \/>\n<meta name=\"robots\" content=\"index, follow, max-snippet:-1, max-image-preview:large, max-video-preview:-1\" \/>\n<link rel=\"canonical\" href=\"http:\/\/smallthings.fr\/lespetitslivres\/2018\/08\/23\/vie-de-pierres-chaudes-aurelie-razimbaud\/\" \/>\n<meta property=\"og:locale\" content=\"fr_FR\" \/>\n<meta property=\"og:type\" content=\"article\" \/>\n<meta property=\"og:title\" content=\"Une vie de pierres chaudes, le premier roman d&#039;Aur\u00e9lie Razimbaud\" \/>\n<meta property=\"og:description\" content=\"Aur\u00e9lie Razimbaud publie son premier roman chez Albin Michel pour cette Rentr\u00e9e litt\u00e9raire, Une vie de pierres chaudes. C&#039;est dans le contexte de la guerre d&#039;Alg\u00e9rie qu&#039;elle plonge ses personnages. Un moyen pour elle de dire cette \u00e9poque que son grand-p\u00e8re n&#039;a jamais pu lui raconter...\" \/>\n<meta property=\"og:url\" content=\"http:\/\/smallthings.fr\/lespetitslivres\/2018\/08\/23\/vie-de-pierres-chaudes-aurelie-razimbaud\/\" \/>\n<meta property=\"og:site_name\" content=\"Les Petits Livres\" \/>\n<meta property=\"article:published_time\" content=\"2018-08-23T12:52:30+00:00\" \/>\n<meta property=\"og:image\" content=\"https:\/\/i0.wp.com\/smallthings.fr\/lespetitslivres\/wp-content\/uploads\/2018\/08\/aurelie-razimbaud.jpg?fit=1280%2C720\" \/>\n\t<meta property=\"og:image:width\" content=\"1280\" \/>\n\t<meta property=\"og:image:height\" content=\"720\" \/>\n\t<meta property=\"og:image:type\" content=\"image\/jpeg\" \/>\n<meta name=\"author\" content=\"Claire\" \/>\n<meta name=\"twitter:card\" content=\"summary_large_image\" \/>\n<meta name=\"twitter:label1\" content=\"\u00c9crit par\" \/>\n\t<meta name=\"twitter:data1\" content=\"Claire\" \/>\n\t<meta name=\"twitter:label2\" content=\"Dur\u00e9e de lecture estim\u00e9e\" \/>\n\t<meta name=\"twitter:data2\" content=\"2 minutes\" \/>\n<script type=\"application\/ld+json\" class=\"yoast-schema-graph\">{\"@context\":\"https:\/\/schema.org\",\"@graph\":[{\"@type\":\"WebPage\",\"@id\":\"http:\/\/smallthings.fr\/lespetitslivres\/2018\/08\/23\/vie-de-pierres-chaudes-aurelie-razimbaud\/\",\"url\":\"http:\/\/smallthings.fr\/lespetitslivres\/2018\/08\/23\/vie-de-pierres-chaudes-aurelie-razimbaud\/\",\"name\":\"Une vie de pierres chaudes, le premier roman d'Aur\u00e9lie Razimbaud\",\"isPartOf\":{\"@id\":\"https:\/\/smallthings.fr\/lespetitslivres\/#website\"},\"datePublished\":\"2018-08-23T12:52:30+00:00\",\"dateModified\":\"2018-08-23T12:52:30+00:00\",\"author\":{\"@id\":\"https:\/\/smallthings.fr\/lespetitslivres\/#\/schema\/person\/504d603cacfe064fe039dfa03a8b7918\"},\"description\":\"Aur\u00e9lie Razimbaud publie son premier roman chez Albin Michel pour cette Rentr\u00e9e litt\u00e9raire, Une vie de pierres chaudes. C'est dans le contexte de la guerre d'Alg\u00e9rie qu'elle plonge ses personnages. Un moyen pour elle de dire cette \u00e9poque que son grand-p\u00e8re n'a jamais pu lui raconter...\",\"breadcrumb\":{\"@id\":\"http:\/\/smallthings.fr\/lespetitslivres\/2018\/08\/23\/vie-de-pierres-chaudes-aurelie-razimbaud\/#breadcrumb\"},\"inLanguage\":\"fr-FR\",\"potentialAction\":[{\"@type\":\"ReadAction\",\"target\":[\"http:\/\/smallthings.fr\/lespetitslivres\/2018\/08\/23\/vie-de-pierres-chaudes-aurelie-razimbaud\/\"]}]},{\"@type\":\"BreadcrumbList\",\"@id\":\"http:\/\/smallthings.fr\/lespetitslivres\/2018\/08\/23\/vie-de-pierres-chaudes-aurelie-razimbaud\/#breadcrumb\",\"itemListElement\":[{\"@type\":\"ListItem\",\"position\":1,\"name\":\"Accueil\",\"item\":\"https:\/\/smallthings.fr\/lespetitslivres\/\"},{\"@type\":\"ListItem\",\"position\":2,\"name\":\"Une vie de pierres chaudes, le premier roman d&rsquo;Aur\u00e9lie Razimbaud\"}]},{\"@type\":\"WebSite\",\"@id\":\"https:\/\/smallthings.fr\/lespetitslivres\/#website\",\"url\":\"https:\/\/smallthings.fr\/lespetitslivres\/\",\"name\":\"Les Petits Livres\",\"description\":\"by Small Things\",\"potentialAction\":[{\"@type\":\"SearchAction\",\"target\":{\"@type\":\"EntryPoint\",\"urlTemplate\":\"https:\/\/smallthings.fr\/lespetitslivres\/?s={search_term_string}\"},\"query-input\":\"required name=search_term_string\"}],\"inLanguage\":\"fr-FR\"},{\"@type\":\"Person\",\"@id\":\"https:\/\/smallthings.fr\/lespetitslivres\/#\/schema\/person\/504d603cacfe064fe039dfa03a8b7918\",\"name\":\"Claire\",\"image\":{\"@type\":\"ImageObject\",\"inLanguage\":\"fr-FR\",\"@id\":\"https:\/\/smallthings.fr\/lespetitslivres\/#\/schema\/person\/image\/\",\"url\":\"https:\/\/secure.gravatar.com\/avatar\/9a85ff83d76b3eb17b8cae208640786e?s=96&d=retro&r=g\",\"contentUrl\":\"https:\/\/secure.gravatar.com\/avatar\/9a85ff83d76b3eb17b8cae208640786e?s=96&d=retro&r=g\",\"caption\":\"Claire\"},\"url\":\"https:\/\/smallthings.fr\/lespetitslivres\/author\/claire\/\"}]}<\/script>\n<!-- \/ Yoast SEO plugin. -->","yoast_head_json":{"title":"Une vie de pierres chaudes, le premier roman d'Aur\u00e9lie Razimbaud","description":"Aur\u00e9lie Razimbaud publie son premier roman chez Albin Michel pour cette Rentr\u00e9e litt\u00e9raire, Une vie de pierres chaudes. C'est dans le contexte de la guerre d'Alg\u00e9rie qu'elle plonge ses personnages. Un moyen pour elle de dire cette \u00e9poque que son grand-p\u00e8re n'a jamais pu lui raconter...","robots":{"index":"index","follow":"follow","max-snippet":"max-snippet:-1","max-image-preview":"max-image-preview:large","max-video-preview":"max-video-preview:-1"},"canonical":"http:\/\/smallthings.fr\/lespetitslivres\/2018\/08\/23\/vie-de-pierres-chaudes-aurelie-razimbaud\/","og_locale":"fr_FR","og_type":"article","og_title":"Une vie de pierres chaudes, le premier roman d'Aur\u00e9lie Razimbaud","og_description":"Aur\u00e9lie Razimbaud publie son premier roman chez Albin Michel pour cette Rentr\u00e9e litt\u00e9raire, Une vie de pierres chaudes. C'est dans le contexte de la guerre d'Alg\u00e9rie qu'elle plonge ses personnages. Un moyen pour elle de dire cette \u00e9poque que son grand-p\u00e8re n'a jamais pu lui raconter...","og_url":"http:\/\/smallthings.fr\/lespetitslivres\/2018\/08\/23\/vie-de-pierres-chaudes-aurelie-razimbaud\/","og_site_name":"Les Petits Livres","article_published_time":"2018-08-23T12:52:30+00:00","og_image":[{"width":1280,"height":720,"url":"https:\/\/i0.wp.com\/smallthings.fr\/lespetitslivres\/wp-content\/uploads\/2018\/08\/aurelie-razimbaud.jpg?fit=1280%2C720","type":"image\/jpeg"}],"author":"Claire","twitter_card":"summary_large_image","twitter_misc":{"\u00c9crit par":"Claire","Dur\u00e9e de lecture estim\u00e9e":"2 minutes"},"schema":{"@context":"https:\/\/schema.org","@graph":[{"@type":"WebPage","@id":"http:\/\/smallthings.fr\/lespetitslivres\/2018\/08\/23\/vie-de-pierres-chaudes-aurelie-razimbaud\/","url":"http:\/\/smallthings.fr\/lespetitslivres\/2018\/08\/23\/vie-de-pierres-chaudes-aurelie-razimbaud\/","name":"Une vie de pierres chaudes, le premier roman d'Aur\u00e9lie Razimbaud","isPartOf":{"@id":"https:\/\/smallthings.fr\/lespetitslivres\/#website"},"datePublished":"2018-08-23T12:52:30+00:00","dateModified":"2018-08-23T12:52:30+00:00","author":{"@id":"https:\/\/smallthings.fr\/lespetitslivres\/#\/schema\/person\/504d603cacfe064fe039dfa03a8b7918"},"description":"Aur\u00e9lie Razimbaud publie son premier roman chez Albin Michel pour cette Rentr\u00e9e litt\u00e9raire, Une vie de pierres chaudes. C'est dans le contexte de la guerre d'Alg\u00e9rie qu'elle plonge ses personnages. Un moyen pour elle de dire cette \u00e9poque que son grand-p\u00e8re n'a jamais pu lui raconter...","breadcrumb":{"@id":"http:\/\/smallthings.fr\/lespetitslivres\/2018\/08\/23\/vie-de-pierres-chaudes-aurelie-razimbaud\/#breadcrumb"},"inLanguage":"fr-FR","potentialAction":[{"@type":"ReadAction","target":["http:\/\/smallthings.fr\/lespetitslivres\/2018\/08\/23\/vie-de-pierres-chaudes-aurelie-razimbaud\/"]}]},{"@type":"BreadcrumbList","@id":"http:\/\/smallthings.fr\/lespetitslivres\/2018\/08\/23\/vie-de-pierres-chaudes-aurelie-razimbaud\/#breadcrumb","itemListElement":[{"@type":"ListItem","position":1,"name":"Accueil","item":"https:\/\/smallthings.fr\/lespetitslivres\/"},{"@type":"ListItem","position":2,"name":"Une vie de pierres chaudes, le premier roman d&rsquo;Aur\u00e9lie Razimbaud"}]},{"@type":"WebSite","@id":"https:\/\/smallthings.fr\/lespetitslivres\/#website","url":"https:\/\/smallthings.fr\/lespetitslivres\/","name":"Les Petits Livres","description":"by Small Things","potentialAction":[{"@type":"SearchAction","target":{"@type":"EntryPoint","urlTemplate":"https:\/\/smallthings.fr\/lespetitslivres\/?s={search_term_string}"},"query-input":"required name=search_term_string"}],"inLanguage":"fr-FR"},{"@type":"Person","@id":"https:\/\/smallthings.fr\/lespetitslivres\/#\/schema\/person\/504d603cacfe064fe039dfa03a8b7918","name":"Claire","image":{"@type":"ImageObject","inLanguage":"fr-FR","@id":"https:\/\/smallthings.fr\/lespetitslivres\/#\/schema\/person\/image\/","url":"https:\/\/secure.gravatar.com\/avatar\/9a85ff83d76b3eb17b8cae208640786e?s=96&d=retro&r=g","contentUrl":"https:\/\/secure.gravatar.com\/avatar\/9a85ff83d76b3eb17b8cae208640786e?s=96&d=retro&r=g","caption":"Claire"},"url":"https:\/\/smallthings.fr\/lespetitslivres\/author\/claire\/"}]}},"jetpack_featured_media_url":"https:\/\/smallthings.fr\/lespetitslivres\/wp-content\/uploads\/2018\/08\/aurelie-razimbaud.jpg","jetpack_sharing_enabled":true,"jetpack_shortlink":"https:\/\/wp.me\/p6Un21-8gi","jetpack-related-posts":[{"id":31299,"url":"https:\/\/smallthings.fr\/lespetitslivres\/2017\/09\/26\/dans-epaisseur-chair-blas-de-robles\/","url_meta":{"origin":31762,"position":0},"title":"Dans l&rsquo;\u00e9paisseur de la chair : retour dans le pass\u00e9 d&rsquo;un p\u00e8re myst\u00e9rieux","author":"Betsy","date":"26 septembre 2017","format":false,"excerpt":"Dans l'\u00e9paisseur de la chair est le nouveau roman de Jean-Marie Blas de Robl\u00e8s, paru chez Zulma en cette rentr\u00e9e litt\u00e9raire. Un retour dans un pass\u00e9 pas forc\u00e9ment glorieux mais \u00e9mouvant et ouvrant \u00e0 la r\u00e9flexion. Et bien que l\u00e9g\u00e8rement autobiographique pour rendre hommage \u00e0 son p\u00e8re, Dans l'\u00e9paisseur de\u2026","rel":"","context":"Dans &quot;Roman fran\u00e7ais&quot;","block_context":{"text":"Roman fran\u00e7ais","link":"https:\/\/smallthings.fr\/lespetitslivres\/category\/roman\/roman-francais\/"},"img":{"alt_text":"","src":"https:\/\/i0.wp.com\/smallthings.fr\/lespetitslivres\/wp-content\/uploads\/2017\/09\/blas-de-robles-jean-marie-blas-de-robles-opale-ok_0.jpg?resize=350%2C200&ssl=1","width":350,"height":200,"srcset":"https:\/\/i0.wp.com\/smallthings.fr\/lespetitslivres\/wp-content\/uploads\/2017\/09\/blas-de-robles-jean-marie-blas-de-robles-opale-ok_0.jpg?resize=350%2C200&ssl=1 1x, https:\/\/i0.wp.com\/smallthings.fr\/lespetitslivres\/wp-content\/uploads\/2017\/09\/blas-de-robles-jean-marie-blas-de-robles-opale-ok_0.jpg?resize=525%2C300&ssl=1 1.5x, https:\/\/i0.wp.com\/smallthings.fr\/lespetitslivres\/wp-content\/uploads\/2017\/09\/blas-de-robles-jean-marie-blas-de-robles-opale-ok_0.jpg?resize=700%2C400&ssl=1 2x"},"classes":[]},{"id":31224,"url":"https:\/\/smallthings.fr\/lespetitslivres\/2017\/08\/24\/amelie-nothomb-frappe-toi-coeur-avis\/","url_meta":{"origin":31762,"position":1},"title":"Am\u00e9lie Nothomb : Frappe-toi le c\u0153ur et 25 ans de carri\u00e8re","author":"Audrey Ch\u00e8vrefeuille","date":"24 ao\u00fbt 2017","format":false,"excerpt":"Voici le Nothomb nouveau, Frappe-toi le c\u0153ur, qui vient de para\u00eetre en cette rentr\u00e9e litt\u00e9raire. Rentr\u00e9e 2017 qui ne fera pas exception : Albin Michel publie, cette ann\u00e9e encore, le nouveau roman d'Am\u00e9lie, qui vient couronner vingt-cinq ans d\u2019une carri\u00e8re \u00e9patante et ravira les lecteurs. \"Frappe-toi le c\u0153ur, c\u2019est l\u00e0\u2026","rel":"","context":"Dans &quot;Roman fran\u00e7ais&quot;","block_context":{"text":"Roman fran\u00e7ais","link":"https:\/\/smallthings.fr\/lespetitslivres\/category\/roman\/roman-francais\/"},"img":{"alt_text":"","src":"https:\/\/i0.wp.com\/smallthings.fr\/lespetitslivres\/wp-content\/uploads\/2017\/08\/nothomb-frappe-toi-cover.jpg?resize=350%2C200&ssl=1","width":350,"height":200,"srcset":"https:\/\/i0.wp.com\/smallthings.fr\/lespetitslivres\/wp-content\/uploads\/2017\/08\/nothomb-frappe-toi-cover.jpg?resize=350%2C200&ssl=1 1x, https:\/\/i0.wp.com\/smallthings.fr\/lespetitslivres\/wp-content\/uploads\/2017\/08\/nothomb-frappe-toi-cover.jpg?resize=525%2C300&ssl=1 1.5x, https:\/\/i0.wp.com\/smallthings.fr\/lespetitslivres\/wp-content\/uploads\/2017\/08\/nothomb-frappe-toi-cover.jpg?resize=700%2C400&ssl=1 2x, https:\/\/i0.wp.com\/smallthings.fr\/lespetitslivres\/wp-content\/uploads\/2017\/08\/nothomb-frappe-toi-cover.jpg?resize=1050%2C600&ssl=1 3x"},"classes":[]},{"id":31241,"url":"https:\/\/smallthings.fr\/lespetitslivres\/2017\/08\/28\/faux-depart-marion-messina-critique\/","url_meta":{"origin":31762,"position":2},"title":"Faux d\u00e9part : portrait d&rsquo;une jeunesse d\u00e9senchant\u00e9e","author":"Marie Leroy","date":"28 ao\u00fbt 2017","format":false,"excerpt":"Faux d\u00e9part de Marion Messina vient de para\u00eetre chez Le Dilettante pour cette rentr\u00e9e litt\u00e9raire. Un premier roman au style direct et sans m\u00e9lodrame mais au pessimisme latent, d\u00e9non\u00e7ant l'injustice d'\u00eatre mal n\u00e9 dans un monde o\u00f9 il est difficile de changer de classe sociale. Quand on d\u00e9bute sa vie\u2026","rel":"","context":"Dans &quot;Roman fran\u00e7ais&quot;","block_context":{"text":"Roman fran\u00e7ais","link":"https:\/\/smallthings.fr\/lespetitslivres\/category\/roman\/roman-francais\/"},"img":{"alt_text":"","src":"https:\/\/i0.wp.com\/smallthings.fr\/lespetitslivres\/wp-content\/uploads\/2017\/08\/faux-depart-messina.jpg?resize=350%2C200","width":350,"height":200},"classes":[]},{"id":15845,"url":"https:\/\/smallthings.fr\/lespetitslivres\/2014\/08\/20\/amelie-nothomb-petronille-rentree-avis\/","url_meta":{"origin":31762,"position":3},"title":"Am\u00e9lie Nothomb fait sa rentr\u00e9e avec P\u00e9tronille","author":"Audrey Ch\u00e8vrefeuille","date":"20 ao\u00fbt 2014","format":false,"excerpt":"Comme chaque ann\u00e9e, Am\u00e9lie Nothomb sort son nouveau roman pour la rentr\u00e9e litt\u00e9raire chez Albin Michel. C\u2019est devenu une habitude depuis longtemps maintenant. Pas de r\u00e9el suspense donc quant \u00e0 l\u2019\u00e9v\u00e9nement, mais toujours une impatience et des interrogations sur le contenu. Annonc\u00e9 \u00e0 200.000 exemplaires, P\u00e9tronille fera s\u00fbrement beaucoup parler\u2026","rel":"","context":"Dans &quot;Roman fran\u00e7ais&quot;","block_context":{"text":"Roman fran\u00e7ais","link":"https:\/\/smallthings.fr\/lespetitslivres\/category\/roman\/roman-francais\/"},"img":{"alt_text":"","src":"https:\/\/i0.wp.com\/smallthings.fr\/wp-content\/uploads\/2014\/08\/nothomb-petronille.jpg?resize=350%2C200","width":350,"height":200},"classes":[]},{"id":30217,"url":"https:\/\/smallthings.fr\/lespetitslivres\/2016\/08\/18\/derniers-feux-sunset-fitzgerald\/","url_meta":{"origin":31762,"position":4},"title":"Derniers feux sur Sunset ou la vie revisit\u00e9e de Francis Scott Fitzgerald","author":"Fanny","date":"18 ao\u00fbt 2016","format":false,"excerpt":"Avec Derniers feux sur Sunset, ce tout nouveau roman \u00e0 para\u00eetre aujourd'hui\u00a0aux \u00e9ditions de l'Olivier, Stewart O'Nan nous plonge dans un Hollywood plus r\u00e9aliste, d\u00e9fra\u00eechi et mit\u00e9, bien loin de celui des \u00e9crans de cin\u00e9ma. Le temps a pass\u00e9, la vie de Francis Scott Fitzgerald aussi. En 1937, Scott se\u2026","rel":"","context":"Dans &quot;Rentr\u00e9e litt\u00e9raire&quot;","block_context":{"text":"Rentr\u00e9e litt\u00e9raire","link":"https:\/\/smallthings.fr\/lespetitslivres\/category\/rentree-litteraire\/"},"img":{"alt_text":"","src":"https:\/\/i0.wp.com\/smallthings.fr\/lespetitslivres\/wp-content\/uploads\/2016\/08\/derniers-feux-sunset-couv.jpg?resize=350%2C200&ssl=1","width":350,"height":200,"srcset":"https:\/\/i0.wp.com\/smallthings.fr\/lespetitslivres\/wp-content\/uploads\/2016\/08\/derniers-feux-sunset-couv.jpg?resize=350%2C200&ssl=1 1x, https:\/\/i0.wp.com\/smallthings.fr\/lespetitslivres\/wp-content\/uploads\/2016\/08\/derniers-feux-sunset-couv.jpg?resize=525%2C300&ssl=1 1.5x, https:\/\/i0.wp.com\/smallthings.fr\/lespetitslivres\/wp-content\/uploads\/2016\/08\/derniers-feux-sunset-couv.jpg?resize=700%2C400&ssl=1 2x, https:\/\/i0.wp.com\/smallthings.fr\/lespetitslivres\/wp-content\/uploads\/2016\/08\/derniers-feux-sunset-couv.jpg?resize=1050%2C600&ssl=1 3x"},"classes":[]},{"id":7577,"url":"https:\/\/smallthings.fr\/lespetitslivres\/2013\/08\/22\/a-nothomb-la-nostalgie-heureuse\/","url_meta":{"origin":31762,"position":5},"title":"Am\u00e9lie Nothomb &#8211; La Nostalgie heureuse","author":"Audrey Ch\u00e8vrefeuille","date":"22 ao\u00fbt 2013","format":false,"excerpt":"Le mill\u00e9sime Nothomb 2013 vient de para\u00eetre : il est d\u00e9sormais dispo en librairie. Audrey Chevrefeuille nous donne son avis sur l'un des romans les plus attendus de la rentr\u00e9e.","rel":"","context":"Dans &quot;Roman fran\u00e7ais&quot;","block_context":{"text":"Roman fran\u00e7ais","link":"https:\/\/smallthings.fr\/lespetitslivres\/category\/roman\/roman-francais\/"},"img":{"alt_text":"amelie-nothomb-copie-1.jpg","src":"https:\/\/i0.wp.com\/idata.over-blog.com\/3\/60\/10\/05\/Auteurs-et-livres\/amelie-nothomb-copie-1.jpg?resize=350%2C200","width":350,"height":200},"classes":[]}],"_links":{"self":[{"href":"https:\/\/smallthings.fr\/lespetitslivres\/wp-json\/wp\/v2\/posts\/31762"}],"collection":[{"href":"https:\/\/smallthings.fr\/lespetitslivres\/wp-json\/wp\/v2\/posts"}],"about":[{"href":"https:\/\/smallthings.fr\/lespetitslivres\/wp-json\/wp\/v2\/types\/post"}],"author":[{"embeddable":true,"href":"https:\/\/smallthings.fr\/lespetitslivres\/wp-json\/wp\/v2\/users\/2"}],"replies":[{"embeddable":true,"href":"https:\/\/smallthings.fr\/lespetitslivres\/wp-json\/wp\/v2\/comments?post=31762"}],"version-history":[{"count":3,"href":"https:\/\/smallthings.fr\/lespetitslivres\/wp-json\/wp\/v2\/posts\/31762\/revisions"}],"predecessor-version":[{"id":31768,"href":"https:\/\/smallthings.fr\/lespetitslivres\/wp-json\/wp\/v2\/posts\/31762\/revisions\/31768"}],"wp:featuredmedia":[{"embeddable":true,"href":"https:\/\/smallthings.fr\/lespetitslivres\/wp-json\/wp\/v2\/media\/31763"}],"wp:attachment":[{"href":"https:\/\/smallthings.fr\/lespetitslivres\/wp-json\/wp\/v2\/media?parent=31762"}],"wp:term":[{"taxonomy":"category","embeddable":true,"href":"https:\/\/smallthings.fr\/lespetitslivres\/wp-json\/wp\/v2\/categories?post=31762"},{"taxonomy":"post_tag","embeddable":true,"href":"https:\/\/smallthings.fr\/lespetitslivres\/wp-json\/wp\/v2\/tags?post=31762"}],"curies":[{"name":"wp","href":"https:\/\/api.w.org\/{rel}","templated":true}]}}