{"id":31758,"date":"2018-08-22T16:04:46","date_gmt":"2018-08-22T15:04:46","guid":{"rendered":"http:\/\/smallthings.fr\/lespetitslivres\/?p=31758"},"modified":"2018-08-22T16:04:46","modified_gmt":"2018-08-22T15:04:46","slug":"vivre-ensemble-roman-emilie-freche","status":"publish","type":"post","link":"https:\/\/smallthings.fr\/lespetitslivres\/2018\/08\/22\/vivre-ensemble-roman-emilie-freche\/","title":{"rendered":"Vivre ensemble, le nouveau roman d&rsquo;\u00c9milie Fr\u00e8che"},"content":{"rendered":"<h2>Le nouveau roman d&rsquo;\u00c9milie Fr\u00e8che, <em>Vivre ensemble<\/em>, sort aujourd&rsquo;hui chez <a href=\"https:\/\/www.editions-stock.fr\/livres\/la-bleue\/vivre-ensemble-9782234081734\">Stock<\/a> pour la Rentr\u00e9e litt\u00e9raire. Un livre aussi terrifiant que bouleversant qui pose la question du vivre ensemble au sein d&rsquo;une famille recompos\u00e9e. D\u00e9borah et Pierre, qui ont chacun un fils, d\u00e9cident d&#8217;emm\u00e9nager ensemble, pour le meilleur et pour le pire&#8230;<\/h2>\n<p><img loading=\"lazy\" decoding=\"async\" data-attachment-id=\"31760\" data-permalink=\"https:\/\/smallthings.fr\/lespetitslivres\/2018\/08\/22\/vivre-ensemble-roman-emilie-freche\/cover-vivre-ensemble\/\" data-orig-file=\"https:\/\/smallthings.fr\/lespetitslivres\/wp-content\/uploads\/2018\/08\/cover-vivre-ensemble.jpeg\" data-orig-size=\"600,955\" data-comments-opened=\"1\" data-image-meta=\"{&quot;aperture&quot;:&quot;0&quot;,&quot;credit&quot;:&quot;&quot;,&quot;camera&quot;:&quot;&quot;,&quot;caption&quot;:&quot;&quot;,&quot;created_timestamp&quot;:&quot;0&quot;,&quot;copyright&quot;:&quot;&quot;,&quot;focal_length&quot;:&quot;0&quot;,&quot;iso&quot;:&quot;0&quot;,&quot;shutter_speed&quot;:&quot;0&quot;,&quot;title&quot;:&quot;&quot;,&quot;orientation&quot;:&quot;0&quot;}\" data-image-title=\"cover-vivre-ensemble\" data-image-description=\"\" data-image-caption=\"\" data-medium-file=\"https:\/\/smallthings.fr\/lespetitslivres\/wp-content\/uploads\/2018\/08\/cover-vivre-ensemble-188x300.jpeg\" data-large-file=\"https:\/\/smallthings.fr\/lespetitslivres\/wp-content\/uploads\/2018\/08\/cover-vivre-ensemble.jpeg\" class=\"alignleft  wp-image-31760\" src=\"http:\/\/smallthings.fr\/lespetitslivres\/wp-content\/uploads\/2018\/08\/cover-vivre-ensemble.jpeg\" alt=\"\" width=\"267\" height=\"425\" srcset=\"https:\/\/smallthings.fr\/lespetitslivres\/wp-content\/uploads\/2018\/08\/cover-vivre-ensemble.jpeg 600w, https:\/\/smallthings.fr\/lespetitslivres\/wp-content\/uploads\/2018\/08\/cover-vivre-ensemble-188x300.jpeg 188w\" sizes=\"(max-width: 267px) 100vw, 267px\" \/><strong><em>Vivre ensemble<\/em> pose la question de la vie en communaut\u00e9 sous divers points de vue<\/strong> : celui d&rsquo;une famille recompos\u00e9e qui emm\u00e9nage sous le m\u00eame toit, celui d&rsquo;un couple gagn\u00e9 par l&rsquo;optimisme &#8211; ou la fureur de vivre &#8211; au lendemain des attentats du 13 novembre, mais aussi plus largement la question des migrants par l&rsquo;interm\u00e9diaire de l&rsquo;engagement social du personnage de Pierre.<\/p>\n<p>Apr\u00e8s le 13 novembre, D\u00e9borah sent sa vie basculer. <strong>En couple avec Pierre depuis quelques temps, elle ne veut plus attendre et lui propose qu&rsquo;ils vivent ensemble<\/strong>. Cela implique que leurs gar\u00e7ons respectifs, L\u00e9o et Salomon, dont ils ont la garde une semaine sur deux, cohabitent. Apr\u00e8s tout, ils ne sont pas la premi\u00e8re famille recompos\u00e9e au monde ; aucune raison que cela se passe mal !<\/p>\n<p>C&rsquo;est sans compter le caract\u00e8re tr\u00e8s particulier de Salomon, qui se montre r\u00e9ticent et mena\u00e7ant d\u00e8s le d\u00e9but. Pierre conna\u00eet son fils : il n&rsquo;est pas comme les autres jeunes gar\u00e7ons. Il a beaucoup de mal \u00e0 g\u00e9rer ses \u00e9motions et certaines manies \u00e9tranges comme le fait de garder sans arr\u00eat son cartable sur le dos&#8230; mais tout devrait tr\u00e8s bien se passer&#8230;<\/p>\n<p>D\u00e9borah, elle, en est moins s\u00fbre. Elle veut y croire, mais le comportement de Salomon et la haine qu&rsquo;il semble avoir pour elle et son fils, la glacent. <strong>Sera-t-il vraiment possible pour eux de vivre ensemble ?<\/strong> Et comment g\u00e9rer cela vis-\u00e0-vis de son couple, certes passionn\u00e9, mais assez r\u00e9cent et encore fragile ? De plus, Pierre, de par son engagement \u00e0 Calais aupr\u00e8s des migrants, la laisse seule avec les gar\u00e7ons un soir toutes les deux semaines. C&rsquo;est g\u00e9n\u00e9ralement le moment que Salomon choisit pour \u00eatre le plus odieux ou le plus inqui\u00e9tant&#8230;<\/p>\n<p><strong>Ce nouveau roman d&rsquo;\u00c9milie Fr\u00e8che a des allures de thriller psychologique, et c&rsquo;est diablement efficace<\/strong>. \u00c9milie Fr\u00e8che distille une angoisse, comme un mauvais pressentiment, \u00e0 propos de ce qui va arriver avec Salomon. On sent qu&rsquo;il peut \u00eatre une vraie menace&#8230; Et au-del\u00e0 de ce suspense, <em>Vivre ensemble<\/em> d\u00e9veloppe la question de la vie en communaut\u00e9 sous divers angles, tous aussi int\u00e9ressants les uns que les autres. Car finalement, recomposer une famille, cela ne va pas de soi. Amener deux enfants, qui ne se connaissent pas du tout, \u00e0 cohabiter comme des \u00ab\u00a0fr\u00e8res\u00a0\u00bb, cela peut \u00eatre tr\u00e8s compliqu\u00e9, surtout si l&rsquo;un des enfants est \u00e9motionnellement diff\u00e9rent.<\/p>\n<p>Le sujet des migrants est aussi abord\u00e9 \u00e0 travers Pierre, qui s&rsquo;est engag\u00e9 \u00e0 leur apporter son aide chaque semaine \u00e0 Calais. Des anecdotes nous permettent de prendre du recul, de repenser la r\u00e9alit\u00e9 des choses et des horreurs qu&rsquo;on nous cache et qui sont bien r\u00e9elles. Dans l&rsquo;espoir d&rsquo;un meilleur vivre ensemble \u00e0 l&rsquo;avenir&#8230;<\/p>\n","protected":false},"excerpt":{"rendered":"<p>Le nouveau roman d&rsquo;\u00c9milie Fr\u00e8che, Vivre ensemble, sort aujourd&rsquo;hui chez Stock pour la Rentr\u00e9e litt\u00e9raire. Un livre aussi terrifiant que bouleversant qui pose la question du vivre ensemble au sein d&rsquo;une famille recompos\u00e9e. D\u00e9borah et Pierre, qui ont chacun un fils, d\u00e9cident d&#8217;emm\u00e9nager ensemble, pour le meilleur et pour le pire&#8230; Vivre ensemble pose la<\/p>\n","protected":false},"author":2,"featured_media":31759,"comment_status":"open","ping_status":"open","sticky":false,"template":"","format":"standard","meta":{"jetpack_post_was_ever_published":false,"_jetpack_newsletter_access":"","_jetpack_newsletter_tier_id":0,"footnotes":"","jetpack_publicize_message":"","jetpack_is_tweetstorm":false,"jetpack_publicize_feature_enabled":true,"jetpack_social_post_already_shared":true,"jetpack_social_options":{"image_generator_settings":{"template":"highway","enabled":false}}},"categories":[1117],"tags":[776,1843,2102,1641,32,54,2101],"jetpack_publicize_connections":[],"yoast_head":"<!-- This site is optimized with the Yoast SEO plugin v21.5 - https:\/\/yoast.com\/wordpress\/plugins\/seo\/ -->\n<title>Vivre ensemble, le nouveau roman d&#039;\u00c9milie Fr\u00e8che<\/title>\n<meta name=\"description\" content=\"Le nouveau roman d&#039;\u00c9milie Fr\u00e8che, Vivre ensemble, sort aujourd&#039;hui chez Stock pour la Rentr\u00e9e litt\u00e9raire. Un livre aussi terrifiant que bouleversant qui pose la question du vivre ensemble au sein d&#039;une famille recompos\u00e9e. D\u00e9borah et Pierre, qui ont chacun un fils,\" \/>\n<meta name=\"robots\" content=\"index, follow, max-snippet:-1, max-image-preview:large, max-video-preview:-1\" \/>\n<link rel=\"canonical\" href=\"https:\/\/smallthings.fr\/lespetitslivres\/2018\/08\/22\/vivre-ensemble-roman-emilie-freche\/\" \/>\n<meta property=\"og:locale\" content=\"fr_FR\" \/>\n<meta property=\"og:type\" content=\"article\" \/>\n<meta property=\"og:title\" content=\"Vivre ensemble, le nouveau roman d&#039;\u00c9milie Fr\u00e8che\" \/>\n<meta property=\"og:description\" content=\"Le nouveau roman d&#039;\u00c9milie Fr\u00e8che, Vivre ensemble, sort aujourd&#039;hui chez Stock pour la Rentr\u00e9e litt\u00e9raire. Un livre aussi terrifiant que bouleversant qui pose la question du vivre ensemble au sein d&#039;une famille recompos\u00e9e. D\u00e9borah et Pierre, qui ont chacun un fils,\" \/>\n<meta property=\"og:url\" content=\"https:\/\/smallthings.fr\/lespetitslivres\/2018\/08\/22\/vivre-ensemble-roman-emilie-freche\/\" \/>\n<meta property=\"og:site_name\" content=\"Les Petits Livres\" \/>\n<meta property=\"article:published_time\" content=\"2018-08-22T15:04:46+00:00\" \/>\n<meta property=\"og:image\" content=\"https:\/\/i0.wp.com\/smallthings.fr\/lespetitslivres\/wp-content\/uploads\/2018\/08\/emilie-freche-vivre-ensemble.jpg?fit=640%2C360&ssl=1\" \/>\n\t<meta property=\"og:image:width\" content=\"640\" \/>\n\t<meta property=\"og:image:height\" content=\"360\" \/>\n\t<meta property=\"og:image:type\" content=\"image\/jpeg\" \/>\n<meta name=\"author\" content=\"Claire\" \/>\n<meta name=\"twitter:card\" content=\"summary_large_image\" \/>\n<meta name=\"twitter:label1\" content=\"\u00c9crit par\" \/>\n\t<meta name=\"twitter:data1\" content=\"Claire\" \/>\n\t<meta name=\"twitter:label2\" content=\"Dur\u00e9e de lecture estim\u00e9e\" \/>\n\t<meta name=\"twitter:data2\" content=\"3 minutes\" \/>\n<script type=\"application\/ld+json\" class=\"yoast-schema-graph\">{\"@context\":\"https:\/\/schema.org\",\"@graph\":[{\"@type\":\"WebPage\",\"@id\":\"https:\/\/smallthings.fr\/lespetitslivres\/2018\/08\/22\/vivre-ensemble-roman-emilie-freche\/\",\"url\":\"https:\/\/smallthings.fr\/lespetitslivres\/2018\/08\/22\/vivre-ensemble-roman-emilie-freche\/\",\"name\":\"Vivre ensemble, le nouveau roman d'\u00c9milie Fr\u00e8che\",\"isPartOf\":{\"@id\":\"https:\/\/smallthings.fr\/lespetitslivres\/#website\"},\"datePublished\":\"2018-08-22T15:04:46+00:00\",\"dateModified\":\"2018-08-22T15:04:46+00:00\",\"author\":{\"@id\":\"https:\/\/smallthings.fr\/lespetitslivres\/#\/schema\/person\/504d603cacfe064fe039dfa03a8b7918\"},\"description\":\"Le nouveau roman d'\u00c9milie Fr\u00e8che, Vivre ensemble, sort aujourd'hui chez Stock pour la Rentr\u00e9e litt\u00e9raire. Un livre aussi terrifiant que bouleversant qui pose la question du vivre ensemble au sein d'une famille recompos\u00e9e. D\u00e9borah et Pierre, qui ont chacun un fils,\",\"breadcrumb\":{\"@id\":\"https:\/\/smallthings.fr\/lespetitslivres\/2018\/08\/22\/vivre-ensemble-roman-emilie-freche\/#breadcrumb\"},\"inLanguage\":\"fr-FR\",\"potentialAction\":[{\"@type\":\"ReadAction\",\"target\":[\"https:\/\/smallthings.fr\/lespetitslivres\/2018\/08\/22\/vivre-ensemble-roman-emilie-freche\/\"]}]},{\"@type\":\"BreadcrumbList\",\"@id\":\"https:\/\/smallthings.fr\/lespetitslivres\/2018\/08\/22\/vivre-ensemble-roman-emilie-freche\/#breadcrumb\",\"itemListElement\":[{\"@type\":\"ListItem\",\"position\":1,\"name\":\"Accueil\",\"item\":\"https:\/\/smallthings.fr\/lespetitslivres\/\"},{\"@type\":\"ListItem\",\"position\":2,\"name\":\"Vivre ensemble, le nouveau roman d&rsquo;\u00c9milie Fr\u00e8che\"}]},{\"@type\":\"WebSite\",\"@id\":\"https:\/\/smallthings.fr\/lespetitslivres\/#website\",\"url\":\"https:\/\/smallthings.fr\/lespetitslivres\/\",\"name\":\"Les Petits Livres\",\"description\":\"by Small Things\",\"potentialAction\":[{\"@type\":\"SearchAction\",\"target\":{\"@type\":\"EntryPoint\",\"urlTemplate\":\"https:\/\/smallthings.fr\/lespetitslivres\/?s={search_term_string}\"},\"query-input\":\"required name=search_term_string\"}],\"inLanguage\":\"fr-FR\"},{\"@type\":\"Person\",\"@id\":\"https:\/\/smallthings.fr\/lespetitslivres\/#\/schema\/person\/504d603cacfe064fe039dfa03a8b7918\",\"name\":\"Claire\",\"image\":{\"@type\":\"ImageObject\",\"inLanguage\":\"fr-FR\",\"@id\":\"https:\/\/smallthings.fr\/lespetitslivres\/#\/schema\/person\/image\/\",\"url\":\"https:\/\/secure.gravatar.com\/avatar\/9a85ff83d76b3eb17b8cae208640786e?s=96&d=retro&r=g\",\"contentUrl\":\"https:\/\/secure.gravatar.com\/avatar\/9a85ff83d76b3eb17b8cae208640786e?s=96&d=retro&r=g\",\"caption\":\"Claire\"},\"url\":\"https:\/\/smallthings.fr\/lespetitslivres\/author\/claire\/\"}]}<\/script>\n<!-- \/ Yoast SEO plugin. -->","yoast_head_json":{"title":"Vivre ensemble, le nouveau roman d'\u00c9milie Fr\u00e8che","description":"Le nouveau roman d'\u00c9milie Fr\u00e8che, Vivre ensemble, sort aujourd'hui chez Stock pour la Rentr\u00e9e litt\u00e9raire. Un livre aussi terrifiant que bouleversant qui pose la question du vivre ensemble au sein d'une famille recompos\u00e9e. D\u00e9borah et Pierre, qui ont chacun un fils,","robots":{"index":"index","follow":"follow","max-snippet":"max-snippet:-1","max-image-preview":"max-image-preview:large","max-video-preview":"max-video-preview:-1"},"canonical":"https:\/\/smallthings.fr\/lespetitslivres\/2018\/08\/22\/vivre-ensemble-roman-emilie-freche\/","og_locale":"fr_FR","og_type":"article","og_title":"Vivre ensemble, le nouveau roman d'\u00c9milie Fr\u00e8che","og_description":"Le nouveau roman d'\u00c9milie Fr\u00e8che, Vivre ensemble, sort aujourd'hui chez Stock pour la Rentr\u00e9e litt\u00e9raire. Un livre aussi terrifiant que bouleversant qui pose la question du vivre ensemble au sein d'une famille recompos\u00e9e. D\u00e9borah et Pierre, qui ont chacun un fils,","og_url":"https:\/\/smallthings.fr\/lespetitslivres\/2018\/08\/22\/vivre-ensemble-roman-emilie-freche\/","og_site_name":"Les Petits Livres","article_published_time":"2018-08-22T15:04:46+00:00","og_image":[{"width":640,"height":360,"url":"https:\/\/i0.wp.com\/smallthings.fr\/lespetitslivres\/wp-content\/uploads\/2018\/08\/emilie-freche-vivre-ensemble.jpg?fit=640%2C360&ssl=1","type":"image\/jpeg"}],"author":"Claire","twitter_card":"summary_large_image","twitter_misc":{"\u00c9crit par":"Claire","Dur\u00e9e de lecture estim\u00e9e":"3 minutes"},"schema":{"@context":"https:\/\/schema.org","@graph":[{"@type":"WebPage","@id":"https:\/\/smallthings.fr\/lespetitslivres\/2018\/08\/22\/vivre-ensemble-roman-emilie-freche\/","url":"https:\/\/smallthings.fr\/lespetitslivres\/2018\/08\/22\/vivre-ensemble-roman-emilie-freche\/","name":"Vivre ensemble, le nouveau roman d'\u00c9milie Fr\u00e8che","isPartOf":{"@id":"https:\/\/smallthings.fr\/lespetitslivres\/#website"},"datePublished":"2018-08-22T15:04:46+00:00","dateModified":"2018-08-22T15:04:46+00:00","author":{"@id":"https:\/\/smallthings.fr\/lespetitslivres\/#\/schema\/person\/504d603cacfe064fe039dfa03a8b7918"},"description":"Le nouveau roman d'\u00c9milie Fr\u00e8che, Vivre ensemble, sort aujourd'hui chez Stock pour la Rentr\u00e9e litt\u00e9raire. Un livre aussi terrifiant que bouleversant qui pose la question du vivre ensemble au sein d'une famille recompos\u00e9e. D\u00e9borah et Pierre, qui ont chacun un fils,","breadcrumb":{"@id":"https:\/\/smallthings.fr\/lespetitslivres\/2018\/08\/22\/vivre-ensemble-roman-emilie-freche\/#breadcrumb"},"inLanguage":"fr-FR","potentialAction":[{"@type":"ReadAction","target":["https:\/\/smallthings.fr\/lespetitslivres\/2018\/08\/22\/vivre-ensemble-roman-emilie-freche\/"]}]},{"@type":"BreadcrumbList","@id":"https:\/\/smallthings.fr\/lespetitslivres\/2018\/08\/22\/vivre-ensemble-roman-emilie-freche\/#breadcrumb","itemListElement":[{"@type":"ListItem","position":1,"name":"Accueil","item":"https:\/\/smallthings.fr\/lespetitslivres\/"},{"@type":"ListItem","position":2,"name":"Vivre ensemble, le nouveau roman d&rsquo;\u00c9milie Fr\u00e8che"}]},{"@type":"WebSite","@id":"https:\/\/smallthings.fr\/lespetitslivres\/#website","url":"https:\/\/smallthings.fr\/lespetitslivres\/","name":"Les Petits Livres","description":"by Small Things","potentialAction":[{"@type":"SearchAction","target":{"@type":"EntryPoint","urlTemplate":"https:\/\/smallthings.fr\/lespetitslivres\/?s={search_term_string}"},"query-input":"required name=search_term_string"}],"inLanguage":"fr-FR"},{"@type":"Person","@id":"https:\/\/smallthings.fr\/lespetitslivres\/#\/schema\/person\/504d603cacfe064fe039dfa03a8b7918","name":"Claire","image":{"@type":"ImageObject","inLanguage":"fr-FR","@id":"https:\/\/smallthings.fr\/lespetitslivres\/#\/schema\/person\/image\/","url":"https:\/\/secure.gravatar.com\/avatar\/9a85ff83d76b3eb17b8cae208640786e?s=96&d=retro&r=g","contentUrl":"https:\/\/secure.gravatar.com\/avatar\/9a85ff83d76b3eb17b8cae208640786e?s=96&d=retro&r=g","caption":"Claire"},"url":"https:\/\/smallthings.fr\/lespetitslivres\/author\/claire\/"}]}},"jetpack_featured_media_url":"https:\/\/smallthings.fr\/lespetitslivres\/wp-content\/uploads\/2018\/08\/emilie-freche-vivre-ensemble.jpg","jetpack_sharing_enabled":true,"jetpack_shortlink":"https:\/\/wp.me\/p6Un21-8ge","jetpack-related-posts":[{"id":26328,"url":"https:\/\/smallthings.fr\/lespetitslivres\/2015\/08\/20\/un-homme-dangereux-emilie-freche-critique\/","url_meta":{"origin":31758,"position":0},"title":"Un homme dangereux &#8211; \u00c9milie Fr\u00e8che","author":"Claire","date":"20 ao\u00fbt 2015","format":false,"excerpt":"Un homme dangereux, nouveau roman d\u2019\u00c9milie Fr\u00e8che, laur\u00e9ate en 2013 du Prix Orange du Livre avec Deux \u00e9trangers, vient de para\u00eetre chez Stock. Fort et captivant, c'est l'un de mes coups de c\u0153ur de cette rentr\u00e9e litt\u00e9raire. Un homme dangereux raconte l'une de ces rencontres qui nous changent et nous\u2026","rel":"","context":"Dans &quot;Rentr\u00e9e Litt\u00e9raire&quot;","block_context":{"text":"Rentr\u00e9e Litt\u00e9raire","link":"https:\/\/smallthings.fr\/lespetitslivres\/category\/rentree-litteraire-2015\/"},"img":{"alt_text":"","src":"","width":0,"height":0},"classes":[]},{"id":30213,"url":"https:\/\/smallthings.fr\/lespetitslivres\/2016\/08\/24\/beaux-rivages-amour-fondamental-bouraoui\/","url_meta":{"origin":31758,"position":1},"title":"Beaux rivages, l&rsquo;amour fondamental par Nina Bouraoui","author":"Claire","date":"24 ao\u00fbt 2016","format":false,"excerpt":"Beaux rivages est le nouveau roman de Nina Bouraoui, qui para\u00eet aujourd'hui chez JC Latt\u00e8s. Apr\u00e8s notamment le tr\u00e8s remarqu\u00e9\u00a0Gar\u00e7on manqu\u00e9, La Vie heureuse, Mes mauvaises pens\u00e9es (prix Renaudot 2005), elle nous propose un roman sur la rupture amoureuse, ses origines, ses d\u00e9g\u00e2ts, et la vie d'apr\u00e8s. Comme l'indique la\u2026","rel":"","context":"Dans &quot;Rentr\u00e9e litt\u00e9raire&quot;","block_context":{"text":"Rentr\u00e9e litt\u00e9raire","link":"https:\/\/smallthings.fr\/lespetitslivres\/category\/rentree-litteraire\/"},"img":{"alt_text":"","src":"https:\/\/i0.wp.com\/smallthings.fr\/lespetitslivres\/wp-content\/uploads\/2016\/08\/beaux-rivages-bouraoui.jpeg?resize=350%2C200&ssl=1","width":350,"height":200,"srcset":"https:\/\/i0.wp.com\/smallthings.fr\/lespetitslivres\/wp-content\/uploads\/2016\/08\/beaux-rivages-bouraoui.jpeg?resize=350%2C200&ssl=1 1x, https:\/\/i0.wp.com\/smallthings.fr\/lespetitslivres\/wp-content\/uploads\/2016\/08\/beaux-rivages-bouraoui.jpeg?resize=525%2C300&ssl=1 1.5x, https:\/\/i0.wp.com\/smallthings.fr\/lespetitslivres\/wp-content\/uploads\/2016\/08\/beaux-rivages-bouraoui.jpeg?resize=700%2C400&ssl=1 2x"},"classes":[]},{"id":30226,"url":"https:\/\/smallthings.fr\/lespetitslivres\/2016\/08\/31\/seduire-isabelle-a-bassignac-critique\/","url_meta":{"origin":31758,"position":2},"title":"S\u00e9duire Isabelle A. : \u00ab\u00a0on choisit pas sa famille\u00a0\u00bb","author":"Claire","date":"31 ao\u00fbt 2016","format":false,"excerpt":"S\u00e9duire Isabelle A. est le roman que nous propose Sophie Bassignac pour la rentr\u00e9e litt\u00e9raire. Il para\u00eet aujourd'hui aux \u00e9ditions JC Latt\u00e8s. Quelques ann\u00e9es apr\u00e8s le tr\u00e8s remarqu\u00e9 Mer agit\u00e9e \u00e0 tr\u00e8s agit\u00e9e, l'auteur nous entra\u00eene au c\u0153ur d'une famille compl\u00e8tement d\u00e9jant\u00e9e \u00e0 travers les yeux du futur gendre, \u00e0\u2026","rel":"","context":"Dans &quot;Rentr\u00e9e litt\u00e9raire&quot;","block_context":{"text":"Rentr\u00e9e litt\u00e9raire","link":"https:\/\/smallthings.fr\/lespetitslivres\/category\/rentree-litteraire\/"},"img":{"alt_text":"","src":"https:\/\/i0.wp.com\/smallthings.fr\/lespetitslivres\/wp-content\/uploads\/2016\/08\/sophie-bassignac.jpg?resize=350%2C200&ssl=1","width":350,"height":200,"srcset":"https:\/\/i0.wp.com\/smallthings.fr\/lespetitslivres\/wp-content\/uploads\/2016\/08\/sophie-bassignac.jpg?resize=350%2C200&ssl=1 1x, https:\/\/i0.wp.com\/smallthings.fr\/lespetitslivres\/wp-content\/uploads\/2016\/08\/sophie-bassignac.jpg?resize=525%2C300&ssl=1 1.5x, https:\/\/i0.wp.com\/smallthings.fr\/lespetitslivres\/wp-content\/uploads\/2016\/08\/sophie-bassignac.jpg?resize=700%2C400&ssl=1 2x"},"classes":[]},{"id":30659,"url":"https:\/\/smallthings.fr\/lespetitslivres\/2017\/01\/15\/je-vous-sauverai-tous-freche-avis\/","url_meta":{"origin":31758,"position":3},"title":"Je vous sauverai tous, le signal d&rsquo;alarme d\u2019\u00c9milie Fr\u00e8che","author":"Claire","date":"15 janvier 2017","format":false,"excerpt":"Je vous sauverai tous est le nouveau livre d'\u00c9milie Fr\u00e8che, tout r\u00e9cemment paru chez Hachette romans. Pour aborder le sujet de l'embrigadement des jeunes filles par Daech, elle choisit la forme du journal intime. Les voix d'\u00c9l\u00e9a, de sa m\u00e8re et de son p\u00e8re, se croisent pour raconter l'impensable. \u00c9l\u00e9a\u2026","rel":"","context":"Dans &quot;Roman fran\u00e7ais&quot;","block_context":{"text":"Roman fran\u00e7ais","link":"https:\/\/smallthings.fr\/lespetitslivres\/category\/roman\/roman-francais\/"},"img":{"alt_text":"","src":"https:\/\/i0.wp.com\/smallthings.fr\/lespetitslivres\/wp-content\/uploads\/2017\/01\/je-vous-sauverai-tous-couv.jpg?resize=350%2C200&ssl=1","width":350,"height":200,"srcset":"https:\/\/i0.wp.com\/smallthings.fr\/lespetitslivres\/wp-content\/uploads\/2017\/01\/je-vous-sauverai-tous-couv.jpg?resize=350%2C200&ssl=1 1x, https:\/\/i0.wp.com\/smallthings.fr\/lespetitslivres\/wp-content\/uploads\/2017\/01\/je-vous-sauverai-tous-couv.jpg?resize=525%2C300&ssl=1 1.5x"},"classes":[]},{"id":31276,"url":"https:\/\/smallthings.fr\/lespetitslivres\/2017\/09\/11\/sciences-de-la-vie-joy-sorman\/","url_meta":{"origin":31758,"position":4},"title":"Sciences de la vie&nbsp;: quand la maladie est une fatalit\u00e9","author":"Claire","date":"11 septembre 2017","format":false,"excerpt":"Sciences de la vie est le nouveau roman que Joy Sorman publie au Seuil pour cette rentr\u00e9e litt\u00e9raire. Apr\u00e8s notamment Comme une b\u00eate et La peau de l'ours, c'est sur le th\u00e8me de la maladie que se penche Joy Sorman. La maladie comme obsession, la maladie comme seule chose qui\u2026","rel":"","context":"Dans &quot;Roman fran\u00e7ais&quot;","block_context":{"text":"Roman fran\u00e7ais","link":"https:\/\/smallthings.fr\/lespetitslivres\/category\/roman\/roman-francais\/"},"img":{"alt_text":"","src":"https:\/\/i0.wp.com\/smallthings.fr\/lespetitslivres\/wp-content\/uploads\/2017\/09\/sorman-sciences-vie-cover.jpg?resize=350%2C200&ssl=1","width":350,"height":200,"srcset":"https:\/\/i0.wp.com\/smallthings.fr\/lespetitslivres\/wp-content\/uploads\/2017\/09\/sorman-sciences-vie-cover.jpg?resize=350%2C200&ssl=1 1x, https:\/\/i0.wp.com\/smallthings.fr\/lespetitslivres\/wp-content\/uploads\/2017\/09\/sorman-sciences-vie-cover.jpg?resize=525%2C300&ssl=1 1.5x, https:\/\/i0.wp.com\/smallthings.fr\/lespetitslivres\/wp-content\/uploads\/2017\/09\/sorman-sciences-vie-cover.jpg?resize=700%2C400&ssl=1 2x"},"classes":[]},{"id":26678,"url":"https:\/\/smallthings.fr\/lespetitslivres\/2015\/09\/03\/les-pechers-claire-castillon-critique\/","url_meta":{"origin":31758,"position":5},"title":"Les p\u00eachers, la rentr\u00e9e de Claire Castillon : d\u00e9ception","author":"Claire","date":"3 septembre 2015","format":false,"excerpt":"Grande amatrice des nouvelles de Claire Castillon, j'attendais son roman Les p\u00eachers avec beaucoup d'impatience et de curiosit\u00e9. Il para\u00eet aujourd'hui aux \u00e9ditions de l'Olivier. Ce roman \u00e0 trois voix a beau \u00eatre servi par un style impeccable, il ne parvient pas \u00e0 nous accrocher jusqu'\u00e0 la fin. Certains passages,\u2026","rel":"","context":"Dans &quot;Rentr\u00e9e Litt\u00e9raire&quot;","block_context":{"text":"Rentr\u00e9e Litt\u00e9raire","link":"https:\/\/smallthings.fr\/lespetitslivres\/category\/rentree-litteraire-2015\/"},"img":{"alt_text":"","src":"","width":0,"height":0},"classes":[]}],"_links":{"self":[{"href":"https:\/\/smallthings.fr\/lespetitslivres\/wp-json\/wp\/v2\/posts\/31758"}],"collection":[{"href":"https:\/\/smallthings.fr\/lespetitslivres\/wp-json\/wp\/v2\/posts"}],"about":[{"href":"https:\/\/smallthings.fr\/lespetitslivres\/wp-json\/wp\/v2\/types\/post"}],"author":[{"embeddable":true,"href":"https:\/\/smallthings.fr\/lespetitslivres\/wp-json\/wp\/v2\/users\/2"}],"replies":[{"embeddable":true,"href":"https:\/\/smallthings.fr\/lespetitslivres\/wp-json\/wp\/v2\/comments?post=31758"}],"version-history":[{"count":1,"href":"https:\/\/smallthings.fr\/lespetitslivres\/wp-json\/wp\/v2\/posts\/31758\/revisions"}],"predecessor-version":[{"id":31761,"href":"https:\/\/smallthings.fr\/lespetitslivres\/wp-json\/wp\/v2\/posts\/31758\/revisions\/31761"}],"wp:featuredmedia":[{"embeddable":true,"href":"https:\/\/smallthings.fr\/lespetitslivres\/wp-json\/wp\/v2\/media\/31759"}],"wp:attachment":[{"href":"https:\/\/smallthings.fr\/lespetitslivres\/wp-json\/wp\/v2\/media?parent=31758"}],"wp:term":[{"taxonomy":"category","embeddable":true,"href":"https:\/\/smallthings.fr\/lespetitslivres\/wp-json\/wp\/v2\/categories?post=31758"},{"taxonomy":"post_tag","embeddable":true,"href":"https:\/\/smallthings.fr\/lespetitslivres\/wp-json\/wp\/v2\/tags?post=31758"}],"curies":[{"name":"wp","href":"https:\/\/api.w.org\/{rel}","templated":true}]}}