{"id":31725,"date":"2018-07-03T13:57:31","date_gmt":"2018-07-03T12:57:31","guid":{"rendered":"http:\/\/smallthings.fr\/lespetitslivres\/?p=31725"},"modified":"2018-07-03T13:57:31","modified_gmt":"2018-07-03T12:57:31","slug":"avec-elle-solene-bakoswki-audio","status":"publish","type":"post","link":"https:\/\/smallthings.fr\/lespetitslivres\/2018\/07\/03\/avec-elle-solene-bakoswki-audio\/","title":{"rendered":"Avec elle, roman psychologique de Sol\u00e8ne Bakowski en audio"},"content":{"rendered":"<h2><em>Avec elle<\/em> est un roman de Sol\u00e8ne Bakowski, \u00e9crit en parall\u00e8le \u00e0 <em>Sans elle<\/em> d&rsquo;Am\u00e9lie Antoine, que nous avons \u00e9cout\u00e9 en livre audio juste avant. Il n&rsquo;y a pas d&rsquo;ordre \u00e0 proprement parler pour lire l&rsquo;un et l&rsquo;autre. Mais la lecture des deux est une tr\u00e8s bonne exp\u00e9rience et j&rsquo;ai pass\u00e9 un excellent moment &#8211; malgr\u00e9 eux &#8211; avec la famille de Coline et Jessica.<\/h2>\n<p><em><img loading=\"lazy\" decoding=\"async\" data-attachment-id=\"31729\" data-permalink=\"https:\/\/smallthings.fr\/lespetitslivres\/2018\/07\/03\/avec-elle-solene-bakoswki-audio\/avec-elle-audio\/\" data-orig-file=\"https:\/\/smallthings.fr\/lespetitslivres\/wp-content\/uploads\/2018\/07\/avec-elle-audio.jpg\" data-orig-size=\"500,500\" data-comments-opened=\"1\" data-image-meta=\"{&quot;aperture&quot;:&quot;0&quot;,&quot;credit&quot;:&quot;&quot;,&quot;camera&quot;:&quot;&quot;,&quot;caption&quot;:&quot;&quot;,&quot;created_timestamp&quot;:&quot;0&quot;,&quot;copyright&quot;:&quot;&quot;,&quot;focal_length&quot;:&quot;0&quot;,&quot;iso&quot;:&quot;0&quot;,&quot;shutter_speed&quot;:&quot;0&quot;,&quot;title&quot;:&quot;&quot;,&quot;orientation&quot;:&quot;0&quot;}\" data-image-title=\"avec-elle-audio\" data-image-description=\"\" data-image-caption=\"\" data-medium-file=\"https:\/\/smallthings.fr\/lespetitslivres\/wp-content\/uploads\/2018\/07\/avec-elle-audio-300x300.jpg\" data-large-file=\"https:\/\/smallthings.fr\/lespetitslivres\/wp-content\/uploads\/2018\/07\/avec-elle-audio.jpg\" class=\"alignleft wp-image-31729\" src=\"http:\/\/smallthings.fr\/lespetitslivres\/wp-content\/uploads\/2018\/07\/avec-elle-audio.jpg\" alt=\"\" width=\"256\" height=\"256\" srcset=\"https:\/\/smallthings.fr\/lespetitslivres\/wp-content\/uploads\/2018\/07\/avec-elle-audio.jpg 500w, https:\/\/smallthings.fr\/lespetitslivres\/wp-content\/uploads\/2018\/07\/avec-elle-audio-300x300.jpg 300w, https:\/\/smallthings.fr\/lespetitslivres\/wp-content\/uploads\/2018\/07\/avec-elle-audio-150x150.jpg 150w\" sizes=\"(max-width: 256px) 100vw, 256px\" \/>Avec elle<\/em> est l&rsquo;histoire de deux s\u0153urs jumelles. Deux s\u0153urs aussi semblables que diff\u00e9rentes. Extr\u00eamement proches, comme peuvent l&rsquo;\u00eatre des jumelles. Trop. Elles sont aussi suffisamment diff\u00e9rentes pour que l&rsquo;une ait l&rsquo;ascendant sur l&rsquo;autre. Pour le meilleur et pour le pire. Contrairement \u00e0 <em>Sans elle<\/em>, dans <em>Avec elle<\/em>, comme son nom l&rsquo;indique, Jessica ne dispara\u00eet pas. Cela ne tient d&rsquo;ailleurs qu&rsquo;\u00e0 un fil&#8230;<\/p>\n<p>Puisque Jessica n&rsquo;a pas disparu, les jumelles grandissent l&rsquo;une aupr\u00e8s de l&rsquo;autre. On sent tr\u00e8s vite que le caract\u00e8re fonceur de Jessica sera compliqu\u00e9 pour Coline, qui s&rsquo;\u00e9panouit en r\u00e9alit\u00e9 malgr\u00e9 sa s\u0153ur, et en r\u00e9action \u00e0 elle. <strong>Jessica est aussi extravertie que Coline est discr\u00e8te. Jessica est aussi t\u00eate br\u00fbl\u00e9e que Coline est raisonnable<\/strong>. Mais un pacte secret entre les jumelles interdit \u00e0 Coline toute d\u00e9nonciation ou trahison. De plus, elle aime trop sa s\u0153ur pour cela.<\/p>\n<p>Les jumelles d\u00e9veloppent un rapport d&rsquo;amour-haine. Elles ne peuvent vivre l&rsquo;une sans l&rsquo;autre, mais ne peuvent se r\u00e9aliser l&rsquo;une avec l&rsquo;autre. Jessica y parvient un peu mieux. Mais ne souhaite-t-elle pas tout simplement se diff\u00e9rencier \u00e0 tout prix de sa s\u0153ur, par ce caract\u00e8re si tranch\u00e9 ?<\/p>\n<div id=\"attachment_31728\" style=\"width: 252px\" class=\"wp-caption alignright\"><img loading=\"lazy\" decoding=\"async\" aria-describedby=\"caption-attachment-31728\" data-attachment-id=\"31728\" data-permalink=\"https:\/\/smallthings.fr\/lespetitslivres\/2018\/07\/03\/avec-elle-solene-bakoswki-audio\/solene-bakowski\/\" data-orig-file=\"https:\/\/smallthings.fr\/lespetitslivres\/wp-content\/uploads\/2018\/07\/solene-bakowski.jpg\" data-orig-size=\"300,300\" data-comments-opened=\"1\" data-image-meta=\"{&quot;aperture&quot;:&quot;0&quot;,&quot;credit&quot;:&quot;&quot;,&quot;camera&quot;:&quot;&quot;,&quot;caption&quot;:&quot;&quot;,&quot;created_timestamp&quot;:&quot;0&quot;,&quot;copyright&quot;:&quot;&quot;,&quot;focal_length&quot;:&quot;0&quot;,&quot;iso&quot;:&quot;0&quot;,&quot;shutter_speed&quot;:&quot;0&quot;,&quot;title&quot;:&quot;&quot;,&quot;orientation&quot;:&quot;0&quot;}\" data-image-title=\"solene-bakowski\" data-image-description=\"\" data-image-caption=\"&lt;p&gt;Sol\u00e8ne Bakowski&lt;\/p&gt;\n\" data-medium-file=\"https:\/\/smallthings.fr\/lespetitslivres\/wp-content\/uploads\/2018\/07\/solene-bakowski.jpg\" data-large-file=\"https:\/\/smallthings.fr\/lespetitslivres\/wp-content\/uploads\/2018\/07\/solene-bakowski.jpg\" class=\" wp-image-31728\" src=\"http:\/\/smallthings.fr\/lespetitslivres\/wp-content\/uploads\/2018\/07\/solene-bakowski.jpg\" alt=\"\" width=\"242\" height=\"242\" srcset=\"https:\/\/smallthings.fr\/lespetitslivres\/wp-content\/uploads\/2018\/07\/solene-bakowski.jpg 300w, https:\/\/smallthings.fr\/lespetitslivres\/wp-content\/uploads\/2018\/07\/solene-bakowski-150x150.jpg 150w\" sizes=\"(max-width: 242px) 100vw, 242px\" \/><p id=\"caption-attachment-31728\" class=\"wp-caption-text\">Sol\u00e8ne Bakowski<\/p><\/div>\n<p><strong><em>Avec elle<\/em> est un roman psychologique tr\u00e8s r\u00e9ussi. Son \u00e9coute chez <a href=\"https:\/\/www.audible.fr\/pd\/Romans\/Avec-elle-Livre-Audio\/B07CPWC1BK\">Audible<\/a> est tr\u00e8s agr\u00e9able, tr\u00e8s prenante<\/strong>. On a chaque fois h\u00e2te de retrouver les aventures de la famille Simo\u00ebns. Apr\u00e8s l&rsquo;\u00e9coute de ces deux livres, on a l&rsquo;impression de les conna\u00eetre parfaitement. <strong>Am\u00e9lie Antoine et Sol\u00e8ne Bakowski ont r\u00e9ussi le tour de force d&rsquo;\u00e9crire deux r\u00e9alit\u00e9s parall\u00e8les totalement cr\u00e9dibles<\/strong>. Les personnages y sont d\u00e9velopp\u00e9s parfaitement, d&rsquo;un c\u00f4t\u00e9 comme de l&rsquo;autre. La fatalit\u00e9 de l&rsquo;\u00e9chec du mariage des parents, le caract\u00e8re fragile et influen\u00e7able de Coline, l&rsquo;ombre de Jessica, qu&rsquo;elle soit pr\u00e9sente ou pas&#8230;<\/p>\n<p><strong>Lila Tamazit lit <em>Avec elle<\/em> \u00e0 la perfection<\/strong>. Ses intonations sont agr\u00e9ables \u00e0 \u00e9couter et garantissent une immersion parfaite. Elle n&rsquo;a pas peur d&rsquo;exag\u00e9rer les moments les plus intenses, ce qui rend l&rsquo;\u00e9coute on-ne-peut-plus captivante. Bref, <strong>un vrai bonheur !<\/strong><\/p>\n","protected":false},"excerpt":{"rendered":"<p>Avec elle est un roman de Sol\u00e8ne Bakowski, \u00e9crit en parall\u00e8le \u00e0 Sans elle d&rsquo;Am\u00e9lie Antoine, que nous avons \u00e9cout\u00e9 en livre audio juste avant. Il n&rsquo;y a pas d&rsquo;ordre \u00e0 proprement parler pour lire l&rsquo;un et l&rsquo;autre. Mais la lecture des deux est une tr\u00e8s bonne exp\u00e9rience et j&rsquo;ai pass\u00e9 un excellent moment &#8211;<\/p>\n","protected":false},"author":2,"featured_media":31731,"comment_status":"open","ping_status":"open","sticky":false,"template":"","format":"standard","meta":{"jetpack_post_was_ever_published":false,"_jetpack_newsletter_access":"","_jetpack_newsletter_tier_id":0,"footnotes":"","jetpack_publicize_message":"","jetpack_is_tweetstorm":false,"jetpack_publicize_feature_enabled":true,"jetpack_social_post_already_shared":true,"jetpack_social_options":{"image_generator_settings":{"template":"highway","enabled":false}}},"categories":[1109],"tags":[1604,2082,2081,571,1975,54,1685],"jetpack_publicize_connections":[],"yoast_head":"<!-- This site is optimized with the Yoast SEO plugin v21.5 - https:\/\/yoast.com\/wordpress\/plugins\/seo\/ -->\n<title>Avec elle, roman psychologique de Sol\u00e8ne Bakowski en audio<\/title>\n<meta name=\"description\" content=\"Avec elle est un roman de Sol\u00e8ne Bakowski, \u00e9crit en parall\u00e8le \u00e0 Sans elle d&#039;Am\u00e9lie Antoine, que nous avons \u00e9cout\u00e9 en livre audio juste avant. Il n&#039;y a pas d&#039;ordre \u00e0 proprement parler pour lire l&#039;un et l&#039;autre. Mais la lecture des deux est une tr\u00e8s bonne exp\u00e9rience\" \/>\n<meta name=\"robots\" content=\"index, follow, max-snippet:-1, max-image-preview:large, max-video-preview:-1\" \/>\n<link rel=\"canonical\" href=\"https:\/\/smallthings.fr\/lespetitslivres\/2018\/07\/03\/avec-elle-solene-bakoswki-audio\/\" \/>\n<meta property=\"og:locale\" content=\"fr_FR\" \/>\n<meta property=\"og:type\" content=\"article\" \/>\n<meta property=\"og:title\" content=\"Avec elle, roman psychologique de Sol\u00e8ne Bakowski en audio\" \/>\n<meta property=\"og:description\" content=\"Avec elle est un roman de Sol\u00e8ne Bakowski, \u00e9crit en parall\u00e8le \u00e0 Sans elle d&#039;Am\u00e9lie Antoine, que nous avons \u00e9cout\u00e9 en livre audio juste avant. Il n&#039;y a pas d&#039;ordre \u00e0 proprement parler pour lire l&#039;un et l&#039;autre. Mais la lecture des deux est une tr\u00e8s bonne exp\u00e9rience\" \/>\n<meta property=\"og:url\" content=\"https:\/\/smallthings.fr\/lespetitslivres\/2018\/07\/03\/avec-elle-solene-bakoswki-audio\/\" \/>\n<meta property=\"og:site_name\" content=\"Les Petits Livres\" \/>\n<meta property=\"article:published_time\" content=\"2018-07-03T12:57:31+00:00\" \/>\n<meta property=\"og:image\" content=\"https:\/\/smallthings.fr\/lespetitslivres\/wp-content\/uploads\/2018\/07\/avec-elle.jpg\" \/>\n\t<meta property=\"og:image:width\" content=\"1512\" \/>\n\t<meta property=\"og:image:height\" content=\"809\" \/>\n\t<meta property=\"og:image:type\" content=\"image\/jpeg\" \/>\n<meta name=\"author\" content=\"Claire\" \/>\n<meta name=\"twitter:card\" content=\"summary_large_image\" \/>\n<meta name=\"twitter:label1\" content=\"\u00c9crit par\" \/>\n\t<meta name=\"twitter:data1\" content=\"Claire\" \/>\n\t<meta name=\"twitter:label2\" content=\"Dur\u00e9e de lecture estim\u00e9e\" \/>\n\t<meta name=\"twitter:data2\" content=\"2 minutes\" \/>\n<script type=\"application\/ld+json\" class=\"yoast-schema-graph\">{\"@context\":\"https:\/\/schema.org\",\"@graph\":[{\"@type\":\"WebPage\",\"@id\":\"https:\/\/smallthings.fr\/lespetitslivres\/2018\/07\/03\/avec-elle-solene-bakoswki-audio\/\",\"url\":\"https:\/\/smallthings.fr\/lespetitslivres\/2018\/07\/03\/avec-elle-solene-bakoswki-audio\/\",\"name\":\"Avec elle, roman psychologique de Sol\u00e8ne Bakowski en audio\",\"isPartOf\":{\"@id\":\"https:\/\/smallthings.fr\/lespetitslivres\/#website\"},\"datePublished\":\"2018-07-03T12:57:31+00:00\",\"dateModified\":\"2018-07-03T12:57:31+00:00\",\"author\":{\"@id\":\"https:\/\/smallthings.fr\/lespetitslivres\/#\/schema\/person\/504d603cacfe064fe039dfa03a8b7918\"},\"description\":\"Avec elle est un roman de Sol\u00e8ne Bakowski, \u00e9crit en parall\u00e8le \u00e0 Sans elle d'Am\u00e9lie Antoine, que nous avons \u00e9cout\u00e9 en livre audio juste avant. Il n'y a pas d'ordre \u00e0 proprement parler pour lire l'un et l'autre. Mais la lecture des deux est une tr\u00e8s bonne exp\u00e9rience\",\"breadcrumb\":{\"@id\":\"https:\/\/smallthings.fr\/lespetitslivres\/2018\/07\/03\/avec-elle-solene-bakoswki-audio\/#breadcrumb\"},\"inLanguage\":\"fr-FR\",\"potentialAction\":[{\"@type\":\"ReadAction\",\"target\":[\"https:\/\/smallthings.fr\/lespetitslivres\/2018\/07\/03\/avec-elle-solene-bakoswki-audio\/\"]}]},{\"@type\":\"BreadcrumbList\",\"@id\":\"https:\/\/smallthings.fr\/lespetitslivres\/2018\/07\/03\/avec-elle-solene-bakoswki-audio\/#breadcrumb\",\"itemListElement\":[{\"@type\":\"ListItem\",\"position\":1,\"name\":\"Accueil\",\"item\":\"https:\/\/smallthings.fr\/lespetitslivres\/\"},{\"@type\":\"ListItem\",\"position\":2,\"name\":\"Avec elle, roman psychologique de Sol\u00e8ne Bakowski en audio\"}]},{\"@type\":\"WebSite\",\"@id\":\"https:\/\/smallthings.fr\/lespetitslivres\/#website\",\"url\":\"https:\/\/smallthings.fr\/lespetitslivres\/\",\"name\":\"Les Petits Livres\",\"description\":\"by Small Things\",\"potentialAction\":[{\"@type\":\"SearchAction\",\"target\":{\"@type\":\"EntryPoint\",\"urlTemplate\":\"https:\/\/smallthings.fr\/lespetitslivres\/?s={search_term_string}\"},\"query-input\":\"required name=search_term_string\"}],\"inLanguage\":\"fr-FR\"},{\"@type\":\"Person\",\"@id\":\"https:\/\/smallthings.fr\/lespetitslivres\/#\/schema\/person\/504d603cacfe064fe039dfa03a8b7918\",\"name\":\"Claire\",\"image\":{\"@type\":\"ImageObject\",\"inLanguage\":\"fr-FR\",\"@id\":\"https:\/\/smallthings.fr\/lespetitslivres\/#\/schema\/person\/image\/\",\"url\":\"https:\/\/secure.gravatar.com\/avatar\/9a85ff83d76b3eb17b8cae208640786e?s=96&d=retro&r=g\",\"contentUrl\":\"https:\/\/secure.gravatar.com\/avatar\/9a85ff83d76b3eb17b8cae208640786e?s=96&d=retro&r=g\",\"caption\":\"Claire\"},\"url\":\"https:\/\/smallthings.fr\/lespetitslivres\/author\/claire\/\"}]}<\/script>\n<!-- \/ Yoast SEO plugin. -->","yoast_head_json":{"title":"Avec elle, roman psychologique de Sol\u00e8ne Bakowski en audio","description":"Avec elle est un roman de Sol\u00e8ne Bakowski, \u00e9crit en parall\u00e8le \u00e0 Sans elle d'Am\u00e9lie Antoine, que nous avons \u00e9cout\u00e9 en livre audio juste avant. Il n'y a pas d'ordre \u00e0 proprement parler pour lire l'un et l'autre. Mais la lecture des deux est une tr\u00e8s bonne exp\u00e9rience","robots":{"index":"index","follow":"follow","max-snippet":"max-snippet:-1","max-image-preview":"max-image-preview:large","max-video-preview":"max-video-preview:-1"},"canonical":"https:\/\/smallthings.fr\/lespetitslivres\/2018\/07\/03\/avec-elle-solene-bakoswki-audio\/","og_locale":"fr_FR","og_type":"article","og_title":"Avec elle, roman psychologique de Sol\u00e8ne Bakowski en audio","og_description":"Avec elle est un roman de Sol\u00e8ne Bakowski, \u00e9crit en parall\u00e8le \u00e0 Sans elle d'Am\u00e9lie Antoine, que nous avons \u00e9cout\u00e9 en livre audio juste avant. Il n'y a pas d'ordre \u00e0 proprement parler pour lire l'un et l'autre. Mais la lecture des deux est une tr\u00e8s bonne exp\u00e9rience","og_url":"https:\/\/smallthings.fr\/lespetitslivres\/2018\/07\/03\/avec-elle-solene-bakoswki-audio\/","og_site_name":"Les Petits Livres","article_published_time":"2018-07-03T12:57:31+00:00","og_image":[{"width":1512,"height":809,"url":"https:\/\/smallthings.fr\/lespetitslivres\/wp-content\/uploads\/2018\/07\/avec-elle.jpg","type":"image\/jpeg"}],"author":"Claire","twitter_card":"summary_large_image","twitter_misc":{"\u00c9crit par":"Claire","Dur\u00e9e de lecture estim\u00e9e":"2 minutes"},"schema":{"@context":"https:\/\/schema.org","@graph":[{"@type":"WebPage","@id":"https:\/\/smallthings.fr\/lespetitslivres\/2018\/07\/03\/avec-elle-solene-bakoswki-audio\/","url":"https:\/\/smallthings.fr\/lespetitslivres\/2018\/07\/03\/avec-elle-solene-bakoswki-audio\/","name":"Avec elle, roman psychologique de Sol\u00e8ne Bakowski en audio","isPartOf":{"@id":"https:\/\/smallthings.fr\/lespetitslivres\/#website"},"datePublished":"2018-07-03T12:57:31+00:00","dateModified":"2018-07-03T12:57:31+00:00","author":{"@id":"https:\/\/smallthings.fr\/lespetitslivres\/#\/schema\/person\/504d603cacfe064fe039dfa03a8b7918"},"description":"Avec elle est un roman de Sol\u00e8ne Bakowski, \u00e9crit en parall\u00e8le \u00e0 Sans elle d'Am\u00e9lie Antoine, que nous avons \u00e9cout\u00e9 en livre audio juste avant. Il n'y a pas d'ordre \u00e0 proprement parler pour lire l'un et l'autre. Mais la lecture des deux est une tr\u00e8s bonne exp\u00e9rience","breadcrumb":{"@id":"https:\/\/smallthings.fr\/lespetitslivres\/2018\/07\/03\/avec-elle-solene-bakoswki-audio\/#breadcrumb"},"inLanguage":"fr-FR","potentialAction":[{"@type":"ReadAction","target":["https:\/\/smallthings.fr\/lespetitslivres\/2018\/07\/03\/avec-elle-solene-bakoswki-audio\/"]}]},{"@type":"BreadcrumbList","@id":"https:\/\/smallthings.fr\/lespetitslivres\/2018\/07\/03\/avec-elle-solene-bakoswki-audio\/#breadcrumb","itemListElement":[{"@type":"ListItem","position":1,"name":"Accueil","item":"https:\/\/smallthings.fr\/lespetitslivres\/"},{"@type":"ListItem","position":2,"name":"Avec elle, roman psychologique de Sol\u00e8ne Bakowski en audio"}]},{"@type":"WebSite","@id":"https:\/\/smallthings.fr\/lespetitslivres\/#website","url":"https:\/\/smallthings.fr\/lespetitslivres\/","name":"Les Petits Livres","description":"by Small Things","potentialAction":[{"@type":"SearchAction","target":{"@type":"EntryPoint","urlTemplate":"https:\/\/smallthings.fr\/lespetitslivres\/?s={search_term_string}"},"query-input":"required name=search_term_string"}],"inLanguage":"fr-FR"},{"@type":"Person","@id":"https:\/\/smallthings.fr\/lespetitslivres\/#\/schema\/person\/504d603cacfe064fe039dfa03a8b7918","name":"Claire","image":{"@type":"ImageObject","inLanguage":"fr-FR","@id":"https:\/\/smallthings.fr\/lespetitslivres\/#\/schema\/person\/image\/","url":"https:\/\/secure.gravatar.com\/avatar\/9a85ff83d76b3eb17b8cae208640786e?s=96&d=retro&r=g","contentUrl":"https:\/\/secure.gravatar.com\/avatar\/9a85ff83d76b3eb17b8cae208640786e?s=96&d=retro&r=g","caption":"Claire"},"url":"https:\/\/smallthings.fr\/lespetitslivres\/author\/claire\/"}]}},"jetpack_featured_media_url":"https:\/\/smallthings.fr\/lespetitslivres\/wp-content\/uploads\/2018\/07\/avec-elle.jpg","jetpack_sharing_enabled":true,"jetpack_shortlink":"https:\/\/wp.me\/p6Un21-8fH","jetpack-related-posts":[{"id":31690,"url":"https:\/\/smallthings.fr\/lespetitslivres\/2018\/06\/07\/sans-elle-amelie-antoine-livre-audio\/","url_meta":{"origin":31725,"position":0},"title":"Sans elle, le polar d&rsquo;Am\u00e9lie Antoine en livre audio","author":"Claire","date":"7 juin 2018","format":false,"excerpt":"Je sors d'une bulle, apr\u00e8s des heures d'\u00e9coute du livre audio Sans elle, le roman d'Am\u00e9lie Antoine. Une bulle un peu \u00e0 part. Pendant tout ce temps, j'ai aim\u00e9 prendre les transports en commun. Incroyable mais vrai. J'avais envie de mettre mon casque et de conna\u00eetre la suite. Un polar\u2026","rel":"","context":"Dans &quot;Num\u00e9rique et audio&quot;","block_context":{"text":"Num\u00e9rique et audio","link":"https:\/\/smallthings.fr\/lespetitslivres\/category\/numerique-audio\/"},"img":{"alt_text":"","src":"https:\/\/i0.wp.com\/smallthings.fr\/lespetitslivres\/wp-content\/uploads\/2018\/06\/sans-elle-couv.jpg?resize=350%2C200&ssl=1","width":350,"height":200,"srcset":"https:\/\/i0.wp.com\/smallthings.fr\/lespetitslivres\/wp-content\/uploads\/2018\/06\/sans-elle-couv.jpg?resize=350%2C200&ssl=1 1x, https:\/\/i0.wp.com\/smallthings.fr\/lespetitslivres\/wp-content\/uploads\/2018\/06\/sans-elle-couv.jpg?resize=525%2C300&ssl=1 1.5x, https:\/\/i0.wp.com\/smallthings.fr\/lespetitslivres\/wp-content\/uploads\/2018\/06\/sans-elle-couv.jpg?resize=700%2C400&ssl=1 2x, https:\/\/i0.wp.com\/smallthings.fr\/lespetitslivres\/wp-content\/uploads\/2018\/06\/sans-elle-couv.jpg?resize=1050%2C600&ssl=1 3x"},"classes":[]},{"id":31024,"url":"https:\/\/smallthings.fr\/lespetitslivres\/2017\/05\/26\/aussi-libre-reve-manon-fargetton\/","url_meta":{"origin":31725,"position":1},"title":"Aussi libre qu\u2019un r\u00eave, le premier livre de Manon Fargetton","author":"Jennifer","date":"26 mai 2017","format":false,"excerpt":"Aussi libre qu\u2019un r\u00eave est un roman young-adult de Manon Fargetton, sorti en poche chez Castelmore en avril dernier. L\u2019auteure nous emm\u00e8ne \u00e0 la fin du XXIe si\u00e8cle, dans une monde r\u00e9gi par les dates de naissance. N\u00e9 en d\u00e9but d\u2019ann\u00e9e, vous avez acc\u00e8s aux m\u00e9tiers de vos r\u00eaves, n\u00e9\u2026","rel":"","context":"Dans &quot;Young Adult&quot;","block_context":{"text":"Young Adult","link":"https:\/\/smallthings.fr\/lespetitslivres\/category\/young-adult\/"},"img":{"alt_text":"","src":"https:\/\/i0.wp.com\/smallthings.fr\/lespetitslivres\/wp-content\/uploads\/2017\/05\/Manon-Fargetton-d\u00e9dicace-4-scaled.jpg?resize=350%2C200&ssl=1","width":350,"height":200,"srcset":"https:\/\/i0.wp.com\/smallthings.fr\/lespetitslivres\/wp-content\/uploads\/2017\/05\/Manon-Fargetton-d\u00e9dicace-4-scaled.jpg?resize=350%2C200&ssl=1 1x, https:\/\/i0.wp.com\/smallthings.fr\/lespetitslivres\/wp-content\/uploads\/2017\/05\/Manon-Fargetton-d\u00e9dicace-4-scaled.jpg?resize=525%2C300&ssl=1 1.5x, https:\/\/i0.wp.com\/smallthings.fr\/lespetitslivres\/wp-content\/uploads\/2017\/05\/Manon-Fargetton-d\u00e9dicace-4-scaled.jpg?resize=700%2C400&ssl=1 2x, https:\/\/i0.wp.com\/smallthings.fr\/lespetitslivres\/wp-content\/uploads\/2017\/05\/Manon-Fargetton-d\u00e9dicace-4-scaled.jpg?resize=1050%2C600&ssl=1 3x, https:\/\/i0.wp.com\/smallthings.fr\/lespetitslivres\/wp-content\/uploads\/2017\/05\/Manon-Fargetton-d\u00e9dicace-4-scaled.jpg?resize=1400%2C800&ssl=1 4x"},"classes":[]},{"id":25743,"url":"https:\/\/smallthings.fr\/lespetitslivres\/2015\/07\/25\/les-quatre-filles-du-reverend-latimer-livre-critique\/","url_meta":{"origin":31725,"position":2},"title":"Les Quatre Filles du r\u00e9v\u00e9rend Latimer : \u00e9mancipation et d\u00e9pression","author":"Rebecca","date":"25 juillet 2015","format":false,"excerpt":"Les Quatre Filles du R\u00e9v\u00e9rend Latimer,\u00a0paru aux \u00e9ditions de l\u2019Archipel au mois de juin, est l\u2019\u0153uvre de Colleen McCullough, auteure des\u00a0Oiseaux se cachent pour mourir, saga dramatique adapt\u00e9e de multiples fois, notamment en s\u00e9rie t\u00e9l\u00e9. Or, le grand public conna\u00eet moins ses autres \u0153uvres, \u00e0 l\u2019instar de celle-ci, qui est\u2026","rel":"","context":"Dans &quot;Roman \u00e9tranger&quot;","block_context":{"text":"Roman \u00e9tranger","link":"https:\/\/smallthings.fr\/lespetitslivres\/category\/roman\/roman-etranger\/"},"img":{"alt_text":"","src":"https:\/\/i0.wp.com\/smallthings.fr\/wp-content\/uploads\/2015\/07\/les-quatre-filles-du-reverend-latimer.jpg?resize=350%2C200","width":350,"height":200},"classes":[]},{"id":30797,"url":"https:\/\/smallthings.fr\/lespetitslivres\/2017\/02\/21\/un-sac-solene-bakowski\/","url_meta":{"origin":31725,"position":3},"title":"Un sac : la sombre destin\u00e9e d\u2019une enfant pas comme les autres","author":"Jennifer","date":"21 f\u00e9vrier 2017","format":false,"excerpt":"Un sac est un\u00a0thriller de Sol\u00e8ne Bakowski, sorti aux\u00a0\u00e9ditions Milady le 20 janvier dernier. Un roman noir sur la vie d\u2019Anna-Marie Caravelle, une enfant qui ne d\u00e9sirait rien d\u2019autre que d\u2019\u00eatre aim\u00e9e mais qui, \u00e0 cause de son physique et de son \u00e9ducation, va se transformer en monstre. Sol\u00e8ne Bakowski\u2026","rel":"","context":"Dans &quot;Thriller&quot;","block_context":{"text":"Thriller","link":"https:\/\/smallthings.fr\/lespetitslivres\/category\/thriller\/"},"img":{"alt_text":"","src":"https:\/\/i0.wp.com\/smallthings.fr\/lespetitslivres\/wp-content\/uploads\/2017\/02\/Un-sac-Sol\u00e8ne-Bakowski-2.jpg?resize=350%2C200&ssl=1","width":350,"height":200,"srcset":"https:\/\/i0.wp.com\/smallthings.fr\/lespetitslivres\/wp-content\/uploads\/2017\/02\/Un-sac-Sol\u00e8ne-Bakowski-2.jpg?resize=350%2C200&ssl=1 1x, https:\/\/i0.wp.com\/smallthings.fr\/lespetitslivres\/wp-content\/uploads\/2017\/02\/Un-sac-Sol\u00e8ne-Bakowski-2.jpg?resize=525%2C300&ssl=1 1.5x"},"classes":[]},{"id":24515,"url":"https:\/\/smallthings.fr\/lespetitslivres\/2015\/06\/15\/deux-mois-sans-elle-romance-murphy\/","url_meta":{"origin":31725,"position":4},"title":"Deux mois sans elle &#8211; une romance de Monica Murphy","author":"Jennifer","date":"15 juin 2015","format":false,"excerpt":"Deux mois sans elle est un roman de Monica Murphy sorti le 29 mai dernier aux \u00e9ditions Milady. Il raconte l\u2019histoire de Fable et Drew, deux jeunes adultes qui cherchent \u00e0 aller de l\u2019avant malgr\u00e9 les probl\u00e8mes qu\u2019ils ont pu rencontrer. Alors qu\u2019il l\u2019a quitt\u00e9e il y a plusieurs mois,\u2026","rel":"","context":"Dans &quot;Roman \u00e9tranger&quot;","block_context":{"text":"Roman \u00e9tranger","link":"https:\/\/smallthings.fr\/lespetitslivres\/category\/roman\/roman-etranger\/"},"img":{"alt_text":"","src":"https:\/\/i0.wp.com\/smallthings.fr\/wp-content\/uploads\/2015\/06\/deux-mois-sans-elle.jpg?resize=350%2C200","width":350,"height":200},"classes":[]},{"id":29121,"url":"https:\/\/smallthings.fr\/lespetitslivres\/2015\/11\/14\/reste-avec-moi-warman-critique\/","url_meta":{"origin":31725,"position":5},"title":"Reste avec moi, le livre entre deux mondes de Jessica Warman","author":"Jennifer","date":"14 novembre 2015","format":false,"excerpt":"Reste avec moi de Jessica Warman est sorti le 14 octobre dernier en format poche aux \u00e9ditions Pocket Jeunesse. Il raconte l\u2019histoire d\u2019Elizabeth, jeune fille au comportement ex\u00e9crable, qui va \u00eatre tu\u00e9e le jour de son 18\u00e8me anniversaire. Coinc\u00e9e entre le monde des vivants et celui des morts, elle va\u2026","rel":"","context":"Dans &quot;Fantastique&quot;","block_context":{"text":"Fantastique","link":"https:\/\/smallthings.fr\/lespetitslivres\/category\/imaginaire\/fantastique\/"},"img":{"alt_text":"","src":"https:\/\/i0.wp.com\/smallthings.fr\/lespetitslivres\/wp-content\/uploads\/2015\/11\/reste-avec-moi-couv.jpg?resize=350%2C200&ssl=1","width":350,"height":200},"classes":[]}],"_links":{"self":[{"href":"https:\/\/smallthings.fr\/lespetitslivres\/wp-json\/wp\/v2\/posts\/31725"}],"collection":[{"href":"https:\/\/smallthings.fr\/lespetitslivres\/wp-json\/wp\/v2\/posts"}],"about":[{"href":"https:\/\/smallthings.fr\/lespetitslivres\/wp-json\/wp\/v2\/types\/post"}],"author":[{"embeddable":true,"href":"https:\/\/smallthings.fr\/lespetitslivres\/wp-json\/wp\/v2\/users\/2"}],"replies":[{"embeddable":true,"href":"https:\/\/smallthings.fr\/lespetitslivres\/wp-json\/wp\/v2\/comments?post=31725"}],"version-history":[{"count":4,"href":"https:\/\/smallthings.fr\/lespetitslivres\/wp-json\/wp\/v2\/posts\/31725\/revisions"}],"predecessor-version":[{"id":31732,"href":"https:\/\/smallthings.fr\/lespetitslivres\/wp-json\/wp\/v2\/posts\/31725\/revisions\/31732"}],"wp:featuredmedia":[{"embeddable":true,"href":"https:\/\/smallthings.fr\/lespetitslivres\/wp-json\/wp\/v2\/media\/31731"}],"wp:attachment":[{"href":"https:\/\/smallthings.fr\/lespetitslivres\/wp-json\/wp\/v2\/media?parent=31725"}],"wp:term":[{"taxonomy":"category","embeddable":true,"href":"https:\/\/smallthings.fr\/lespetitslivres\/wp-json\/wp\/v2\/categories?post=31725"},{"taxonomy":"post_tag","embeddable":true,"href":"https:\/\/smallthings.fr\/lespetitslivres\/wp-json\/wp\/v2\/tags?post=31725"}],"curies":[{"name":"wp","href":"https:\/\/api.w.org\/{rel}","templated":true}]}}