{"id":31697,"date":"2018-06-13T13:24:07","date_gmt":"2018-06-13T12:24:07","guid":{"rendered":"http:\/\/smallthings.fr\/lespetitslivres\/?p=31697"},"modified":"2018-06-13T13:47:26","modified_gmt":"2018-06-13T12:47:26","slug":"nos-revolutions-jane-smiley-avis","status":"publish","type":"post","link":"https:\/\/smallthings.fr\/lespetitslivres\/2018\/06\/13\/nos-revolutions-jane-smiley-avis\/","title":{"rendered":"Nos r\u00e9volutions, saga am\u00e9ricaine de Jane Smiley"},"content":{"rendered":"<h2>Le deuxi\u00e8me tome de l\u2019ambitieuse saga de Jane Smiley (<em>Un si\u00e8cle Am\u00e9ricain<\/em>) vient de para\u00eetre chez <a href=\"http:\/\/www.payot-rivages.fr\/rivages\/livre\/nos-r%C3%A9volutions-9782743644109\">Rivages<\/a>. Dans <em>Nos R\u00e9volutions<\/em>, Jane Smiley nous d\u00e9roule un tableau de l\u2019Am\u00e9rique de l\u2019apr\u00e8s seconde guerre mondiale, de 1953 \u00e0 1957, \u00e0 travers la vie quotidienne de la grande famille Langdon, que les lecteurs avaient d\u00e9j\u00e0 suivi dans le tome 1 (<em>Nos Premiers Jours<\/em>).<\/h2>\n<p>\u00c0 la lecture de <em>Nos r\u00e9volutions<\/em>, on se retrouve comme plong\u00e9s dans un monde, absorb\u00e9s par le quotidien du clan Langdon, et bringuebal\u00e9s entre tous les personnages (\u00e0 s\u2019y perdre parfois, heureusement il y a l\u2019arbre g\u00e9n\u00e9alogique pr\u00e9sent \u00e0 la fin du livre). Dans ce r\u00e9cit ambitieux, <strong>la romanci\u00e8re am\u00e9ricaine nous fait rentrer alternativement dans l\u2019esprit de chacun des personnages<\/strong>, que ce soit dans la vie de Franck, le s\u00e9ducteur new-yorkais, de sa fille Janny, embl\u00e8me de la jeunesse r\u00e9volt\u00e9e des ann\u00e9es 60, du barbant professeur m\u00e9di\u00e9viste Henry, ou encore dans celle de la matriarche Rosanna, h\u00e9ro\u00efne du tome 1, et du mari de Lillian, Arthur, qui ne supporte plus le poids des secrets qu\u2019il doit garder pour le compte de son emploi \u00e0 la CIA en pleine guerre froide.<\/p>\n<p><img loading=\"lazy\" decoding=\"async\" data-attachment-id=\"31698\" data-permalink=\"https:\/\/smallthings.fr\/lespetitslivres\/2018\/06\/13\/nos-revolutions-jane-smiley-avis\/smiley-nos-revolutions-couv\/\" data-orig-file=\"https:\/\/smallthings.fr\/lespetitslivres\/wp-content\/uploads\/2018\/06\/smiley-nos-revolutions-couv.jpg\" data-orig-size=\"340,340\" data-comments-opened=\"1\" data-image-meta=\"{&quot;aperture&quot;:&quot;0&quot;,&quot;credit&quot;:&quot;&quot;,&quot;camera&quot;:&quot;&quot;,&quot;caption&quot;:&quot;&quot;,&quot;created_timestamp&quot;:&quot;0&quot;,&quot;copyright&quot;:&quot;&quot;,&quot;focal_length&quot;:&quot;0&quot;,&quot;iso&quot;:&quot;0&quot;,&quot;shutter_speed&quot;:&quot;0&quot;,&quot;title&quot;:&quot;&quot;,&quot;orientation&quot;:&quot;0&quot;}\" data-image-title=\"smiley-nos-revolutions-couv\" data-image-description=\"\" data-image-caption=\"\" data-medium-file=\"https:\/\/smallthings.fr\/lespetitslivres\/wp-content\/uploads\/2018\/06\/smiley-nos-revolutions-couv-300x300.jpg\" data-large-file=\"https:\/\/smallthings.fr\/lespetitslivres\/wp-content\/uploads\/2018\/06\/smiley-nos-revolutions-couv.jpg\" class=\"alignleft size-full wp-image-31698\" src=\"http:\/\/smallthings.fr\/lespetitslivres\/wp-content\/uploads\/2018\/06\/smiley-nos-revolutions-couv.jpg\" alt=\"\" width=\"340\" height=\"340\" srcset=\"https:\/\/smallthings.fr\/lespetitslivres\/wp-content\/uploads\/2018\/06\/smiley-nos-revolutions-couv.jpg 340w, https:\/\/smallthings.fr\/lespetitslivres\/wp-content\/uploads\/2018\/06\/smiley-nos-revolutions-couv-300x300.jpg 300w, https:\/\/smallthings.fr\/lespetitslivres\/wp-content\/uploads\/2018\/06\/smiley-nos-revolutions-couv-150x150.jpg 150w\" sizes=\"(max-width: 340px) 100vw, 340px\" \/><strong>On suit donc la vie de cette famille sur toute une g\u00e9n\u00e9ration, chaque chapitre repr\u00e9sentant une ann\u00e9e, ce qui permet au lecteur de voir v\u00e9ritablement \u00e9voluer les personnages auxquels il a pu, en six cents pages, avoir le temps de s\u2019attacher<\/strong>. Si le premier tome s\u2019\u00e9tait construit autour de la ferme du couple Langdon, dans l\u2019Ohio, <em>Nos R\u00e9volutions<\/em>\u00a0suit les tribulations \u00e0 travers les \u00c9tats-Unis de leurs cinq enfants, et de leurs petits-enfants.<\/p>\n<p>Ce qui est d\u2019autant plus int\u00e9ressant, c\u2019est que sous couvert du r\u00e9cit de la vie d\u2019une famille, <strong>Jane Smiley nous livre une immense fresque de l\u2019Am\u00e9rique de ce second vingti\u00e8me si\u00e8cle<\/strong> qui \u00e9volue \u00e0 toute vitesse\u00a0: trente glorieuses, guerre froide, Vietnam, mouvement des droits civiques, crise de Cuba, lib\u00e9ration sexuelle, p\u00e9riode hippie\u00a0: tout y passe. On assiste par exemple, devant le regard horrifi\u00e9 de Rosanna, \u00e0 l\u2019av\u00e8nement de la nouvelle premi\u00e8re dame, une certaine Jacquie Kennedy. Celle-ci ne supporte pas ses airs et son sourire guind\u00e9. On suit \u00e9galement Janet et sa grand-tante \u00c9lo\u00efse, qui rejoignent \u00e0 New York les foules de manifestants oppos\u00e9s \u00e0 la guerre du Vietnam.<\/p>\n<p>Stylistiquement, <em>Nos r\u00e9volutions<\/em> est sans fioritures. Les personnages ont le m\u00e9rite de livrer le regard cynique et moqueur de l\u2019auteure sur les clich\u00e9s am\u00e9ricains de cette \u00e9poque et de la nature humaine en g\u00e9n\u00e9ral. Les personnages de Jane Smiley sont en effet tr\u00e8s humains, bourr\u00e9s de d\u00e9fauts, \u00e0 tel point qu\u2019ils sont parfois trop proches de la caricature. Qui plus est, la narration, et c\u2019est un effet secondaire de l\u2019ambition folle de l\u2019auteur \u2013 \u00e9crire toute l\u2019histoire d\u2019un si\u00e8cle am\u00e9ricain \u00e0 travers celle d\u2019une famille \u2013 pi\u00e9tine un peu.<\/p>\n<p><em>Nos r\u00e9volutions<\/em>,<strong> c\u2019est un roman du vrai, une v\u00e9ritable parenth\u00e8se historique qui nous fait voyager des ann\u00e9es 50 aux ann\u00e9es 80 sans quitter notre fauteuil<\/strong>. Mais Jane Smiley a tellement bien d\u00e9crit la r\u00e9alit\u00e9 qu\u2019elle ne nous a pas \u00e9pargn\u00e9s les d\u00e9tails moins palpitants, ce qui rend son r\u00e9cit un peu lourd mais tout de m\u00eame d\u00e9paysant. Reste \u00e0 voir si dans son troisi\u00e8me volet, <em>Notre \u00c2ge d\u2019or<\/em>, que Rivages publiera d\u00e9but 2019, elle saura nous passionner davantage.<\/p>\n","protected":false},"excerpt":{"rendered":"<p>Le deuxi\u00e8me tome de l\u2019ambitieuse saga de Jane Smiley (Un si\u00e8cle Am\u00e9ricain) vient de para\u00eetre chez Rivages. Dans Nos R\u00e9volutions, Jane Smiley nous d\u00e9roule un tableau de l\u2019Am\u00e9rique de l\u2019apr\u00e8s seconde guerre mondiale, de 1953 \u00e0 1957, \u00e0 travers la vie quotidienne de la grande famille Langdon, que les lecteurs avaient d\u00e9j\u00e0 suivi dans le<\/p>\n","protected":false},"author":27,"featured_media":31699,"comment_status":"open","ping_status":"open","sticky":false,"template":"","format":"standard","meta":{"jetpack_post_was_ever_published":false,"_jetpack_newsletter_access":"","_jetpack_newsletter_tier_id":0,"footnotes":"","jetpack_publicize_message":"","jetpack_is_tweetstorm":false,"jetpack_publicize_feature_enabled":true,"jetpack_social_post_already_shared":true,"jetpack_social_options":{"image_generator_settings":{"template":"highway","enabled":false}}},"categories":[1118],"tags":[2064,335,2063,2060,2062,1812,2061],"jetpack_publicize_connections":[],"yoast_head":"<!-- This site is optimized with the Yoast SEO plugin v21.5 - https:\/\/yoast.com\/wordpress\/plugins\/seo\/ -->\n<title>Nos r\u00e9volutions, saga am\u00e9ricaine de Jane Smiley<\/title>\n<meta name=\"description\" content=\"Le deuxi\u00e8me tome de l\u2019ambitieuse saga de Jane Smiley (Un si\u00e8cle Am\u00e9ricain) vient de para\u00eetre chez Rivages. Dans Nos R\u00e9volutions, Jane Smiley nous d\u00e9roule un tableau de l\u2019Am\u00e9rique de l\u2019apr\u00e8s seconde guerre mondiale, de 1953 \u00e0 1957, \u00e0 travers la vie quotidienne de la grande famille Langdon,\" \/>\n<meta name=\"robots\" content=\"index, follow, max-snippet:-1, max-image-preview:large, max-video-preview:-1\" \/>\n<link rel=\"canonical\" href=\"http:\/\/smallthings.fr\/lespetitslivres\/2018\/06\/13\/nos-revolutions-jane-smiley-avis\/\" \/>\n<meta property=\"og:locale\" content=\"fr_FR\" \/>\n<meta property=\"og:type\" content=\"article\" \/>\n<meta property=\"og:title\" content=\"Nos r\u00e9volutions, saga am\u00e9ricaine de Jane Smiley\" \/>\n<meta property=\"og:description\" content=\"Le deuxi\u00e8me tome de l\u2019ambitieuse saga de Jane Smiley (Un si\u00e8cle Am\u00e9ricain) vient de para\u00eetre chez Rivages. Dans Nos R\u00e9volutions, Jane Smiley nous d\u00e9roule un tableau de l\u2019Am\u00e9rique de l\u2019apr\u00e8s seconde guerre mondiale, de 1953 \u00e0 1957, \u00e0 travers la vie quotidienne de la grande famille Langdon,\" \/>\n<meta property=\"og:url\" content=\"http:\/\/smallthings.fr\/lespetitslivres\/2018\/06\/13\/nos-revolutions-jane-smiley-avis\/\" \/>\n<meta property=\"og:site_name\" content=\"Les Petits Livres\" \/>\n<meta property=\"article:published_time\" content=\"2018-06-13T12:24:07+00:00\" \/>\n<meta property=\"article:modified_time\" content=\"2018-06-13T12:47:26+00:00\" \/>\n<meta property=\"og:image\" content=\"https:\/\/i0.wp.com\/smallthings.fr\/lespetitslivres\/wp-content\/uploads\/2018\/06\/nos-revolutions-smiley-cover.jpg?fit=479%2C308\" \/>\n\t<meta property=\"og:image:width\" content=\"479\" \/>\n\t<meta property=\"og:image:height\" content=\"308\" \/>\n\t<meta property=\"og:image:type\" content=\"image\/jpeg\" \/>\n<meta name=\"author\" content=\"Victoire Neyraud\" \/>\n<meta name=\"twitter:card\" content=\"summary_large_image\" \/>\n<meta name=\"twitter:label1\" content=\"\u00c9crit par\" \/>\n\t<meta name=\"twitter:data1\" content=\"Victoire Neyraud\" \/>\n\t<meta name=\"twitter:label2\" content=\"Dur\u00e9e de lecture estim\u00e9e\" \/>\n\t<meta name=\"twitter:data2\" content=\"3 minutes\" \/>\n<script type=\"application\/ld+json\" class=\"yoast-schema-graph\">{\"@context\":\"https:\/\/schema.org\",\"@graph\":[{\"@type\":\"WebPage\",\"@id\":\"http:\/\/smallthings.fr\/lespetitslivres\/2018\/06\/13\/nos-revolutions-jane-smiley-avis\/\",\"url\":\"http:\/\/smallthings.fr\/lespetitslivres\/2018\/06\/13\/nos-revolutions-jane-smiley-avis\/\",\"name\":\"Nos r\u00e9volutions, saga am\u00e9ricaine de Jane Smiley\",\"isPartOf\":{\"@id\":\"https:\/\/smallthings.fr\/lespetitslivres\/#website\"},\"datePublished\":\"2018-06-13T12:24:07+00:00\",\"dateModified\":\"2018-06-13T12:47:26+00:00\",\"author\":{\"@id\":\"https:\/\/smallthings.fr\/lespetitslivres\/#\/schema\/person\/512ced3544b09c6f531140354d2cda5b\"},\"description\":\"Le deuxi\u00e8me tome de l\u2019ambitieuse saga de Jane Smiley (Un si\u00e8cle Am\u00e9ricain) vient de para\u00eetre chez Rivages. Dans Nos R\u00e9volutions, Jane Smiley nous d\u00e9roule un tableau de l\u2019Am\u00e9rique de l\u2019apr\u00e8s seconde guerre mondiale, de 1953 \u00e0 1957, \u00e0 travers la vie quotidienne de la grande famille Langdon,\",\"breadcrumb\":{\"@id\":\"http:\/\/smallthings.fr\/lespetitslivres\/2018\/06\/13\/nos-revolutions-jane-smiley-avis\/#breadcrumb\"},\"inLanguage\":\"fr-FR\",\"potentialAction\":[{\"@type\":\"ReadAction\",\"target\":[\"http:\/\/smallthings.fr\/lespetitslivres\/2018\/06\/13\/nos-revolutions-jane-smiley-avis\/\"]}]},{\"@type\":\"BreadcrumbList\",\"@id\":\"http:\/\/smallthings.fr\/lespetitslivres\/2018\/06\/13\/nos-revolutions-jane-smiley-avis\/#breadcrumb\",\"itemListElement\":[{\"@type\":\"ListItem\",\"position\":1,\"name\":\"Accueil\",\"item\":\"https:\/\/smallthings.fr\/lespetitslivres\/\"},{\"@type\":\"ListItem\",\"position\":2,\"name\":\"Nos r\u00e9volutions, saga am\u00e9ricaine de Jane Smiley\"}]},{\"@type\":\"WebSite\",\"@id\":\"https:\/\/smallthings.fr\/lespetitslivres\/#website\",\"url\":\"https:\/\/smallthings.fr\/lespetitslivres\/\",\"name\":\"Les Petits Livres\",\"description\":\"by Small Things\",\"potentialAction\":[{\"@type\":\"SearchAction\",\"target\":{\"@type\":\"EntryPoint\",\"urlTemplate\":\"https:\/\/smallthings.fr\/lespetitslivres\/?s={search_term_string}\"},\"query-input\":\"required name=search_term_string\"}],\"inLanguage\":\"fr-FR\"},{\"@type\":\"Person\",\"@id\":\"https:\/\/smallthings.fr\/lespetitslivres\/#\/schema\/person\/512ced3544b09c6f531140354d2cda5b\",\"name\":\"Victoire Neyraud\",\"image\":{\"@type\":\"ImageObject\",\"inLanguage\":\"fr-FR\",\"@id\":\"https:\/\/smallthings.fr\/lespetitslivres\/#\/schema\/person\/image\/\",\"url\":\"https:\/\/secure.gravatar.com\/avatar\/d14c66d3e387305c7afc773267198c05?s=96&d=retro&r=g\",\"contentUrl\":\"https:\/\/secure.gravatar.com\/avatar\/d14c66d3e387305c7afc773267198c05?s=96&d=retro&r=g\",\"caption\":\"Victoire Neyraud\"},\"url\":\"https:\/\/smallthings.fr\/lespetitslivres\/author\/victoire-neyraud\/\"}]}<\/script>\n<!-- \/ Yoast SEO plugin. -->","yoast_head_json":{"title":"Nos r\u00e9volutions, saga am\u00e9ricaine de Jane Smiley","description":"Le deuxi\u00e8me tome de l\u2019ambitieuse saga de Jane Smiley (Un si\u00e8cle Am\u00e9ricain) vient de para\u00eetre chez Rivages. Dans Nos R\u00e9volutions, Jane Smiley nous d\u00e9roule un tableau de l\u2019Am\u00e9rique de l\u2019apr\u00e8s seconde guerre mondiale, de 1953 \u00e0 1957, \u00e0 travers la vie quotidienne de la grande famille Langdon,","robots":{"index":"index","follow":"follow","max-snippet":"max-snippet:-1","max-image-preview":"max-image-preview:large","max-video-preview":"max-video-preview:-1"},"canonical":"http:\/\/smallthings.fr\/lespetitslivres\/2018\/06\/13\/nos-revolutions-jane-smiley-avis\/","og_locale":"fr_FR","og_type":"article","og_title":"Nos r\u00e9volutions, saga am\u00e9ricaine de Jane Smiley","og_description":"Le deuxi\u00e8me tome de l\u2019ambitieuse saga de Jane Smiley (Un si\u00e8cle Am\u00e9ricain) vient de para\u00eetre chez Rivages. Dans Nos R\u00e9volutions, Jane Smiley nous d\u00e9roule un tableau de l\u2019Am\u00e9rique de l\u2019apr\u00e8s seconde guerre mondiale, de 1953 \u00e0 1957, \u00e0 travers la vie quotidienne de la grande famille Langdon,","og_url":"http:\/\/smallthings.fr\/lespetitslivres\/2018\/06\/13\/nos-revolutions-jane-smiley-avis\/","og_site_name":"Les Petits Livres","article_published_time":"2018-06-13T12:24:07+00:00","article_modified_time":"2018-06-13T12:47:26+00:00","og_image":[{"width":479,"height":308,"url":"https:\/\/i0.wp.com\/smallthings.fr\/lespetitslivres\/wp-content\/uploads\/2018\/06\/nos-revolutions-smiley-cover.jpg?fit=479%2C308","type":"image\/jpeg"}],"author":"Victoire Neyraud","twitter_card":"summary_large_image","twitter_misc":{"\u00c9crit par":"Victoire Neyraud","Dur\u00e9e de lecture estim\u00e9e":"3 minutes"},"schema":{"@context":"https:\/\/schema.org","@graph":[{"@type":"WebPage","@id":"http:\/\/smallthings.fr\/lespetitslivres\/2018\/06\/13\/nos-revolutions-jane-smiley-avis\/","url":"http:\/\/smallthings.fr\/lespetitslivres\/2018\/06\/13\/nos-revolutions-jane-smiley-avis\/","name":"Nos r\u00e9volutions, saga am\u00e9ricaine de Jane Smiley","isPartOf":{"@id":"https:\/\/smallthings.fr\/lespetitslivres\/#website"},"datePublished":"2018-06-13T12:24:07+00:00","dateModified":"2018-06-13T12:47:26+00:00","author":{"@id":"https:\/\/smallthings.fr\/lespetitslivres\/#\/schema\/person\/512ced3544b09c6f531140354d2cda5b"},"description":"Le deuxi\u00e8me tome de l\u2019ambitieuse saga de Jane Smiley (Un si\u00e8cle Am\u00e9ricain) vient de para\u00eetre chez Rivages. Dans Nos R\u00e9volutions, Jane Smiley nous d\u00e9roule un tableau de l\u2019Am\u00e9rique de l\u2019apr\u00e8s seconde guerre mondiale, de 1953 \u00e0 1957, \u00e0 travers la vie quotidienne de la grande famille Langdon,","breadcrumb":{"@id":"http:\/\/smallthings.fr\/lespetitslivres\/2018\/06\/13\/nos-revolutions-jane-smiley-avis\/#breadcrumb"},"inLanguage":"fr-FR","potentialAction":[{"@type":"ReadAction","target":["http:\/\/smallthings.fr\/lespetitslivres\/2018\/06\/13\/nos-revolutions-jane-smiley-avis\/"]}]},{"@type":"BreadcrumbList","@id":"http:\/\/smallthings.fr\/lespetitslivres\/2018\/06\/13\/nos-revolutions-jane-smiley-avis\/#breadcrumb","itemListElement":[{"@type":"ListItem","position":1,"name":"Accueil","item":"https:\/\/smallthings.fr\/lespetitslivres\/"},{"@type":"ListItem","position":2,"name":"Nos r\u00e9volutions, saga am\u00e9ricaine de Jane Smiley"}]},{"@type":"WebSite","@id":"https:\/\/smallthings.fr\/lespetitslivres\/#website","url":"https:\/\/smallthings.fr\/lespetitslivres\/","name":"Les Petits Livres","description":"by Small Things","potentialAction":[{"@type":"SearchAction","target":{"@type":"EntryPoint","urlTemplate":"https:\/\/smallthings.fr\/lespetitslivres\/?s={search_term_string}"},"query-input":"required name=search_term_string"}],"inLanguage":"fr-FR"},{"@type":"Person","@id":"https:\/\/smallthings.fr\/lespetitslivres\/#\/schema\/person\/512ced3544b09c6f531140354d2cda5b","name":"Victoire Neyraud","image":{"@type":"ImageObject","inLanguage":"fr-FR","@id":"https:\/\/smallthings.fr\/lespetitslivres\/#\/schema\/person\/image\/","url":"https:\/\/secure.gravatar.com\/avatar\/d14c66d3e387305c7afc773267198c05?s=96&d=retro&r=g","contentUrl":"https:\/\/secure.gravatar.com\/avatar\/d14c66d3e387305c7afc773267198c05?s=96&d=retro&r=g","caption":"Victoire Neyraud"},"url":"https:\/\/smallthings.fr\/lespetitslivres\/author\/victoire-neyraud\/"}]}},"jetpack_featured_media_url":"https:\/\/smallthings.fr\/lespetitslivres\/wp-content\/uploads\/2018\/06\/nos-revolutions-smiley-cover.jpg","jetpack_sharing_enabled":true,"jetpack_shortlink":"https:\/\/wp.me\/p6Un21-8ff","jetpack-related-posts":[{"id":29427,"url":"https:\/\/smallthings.fr\/lespetitslivres\/2016\/01\/27\/fouille-au-corps-alpha-ops-avis\/","url_meta":{"origin":31697,"position":0},"title":"Fouille au corps, T2 d&rsquo;Alpha Ops : de la romance et du suspense","author":"Jennifer","date":"27 janvier 2016","format":false,"excerpt":"Fouille au corps, tome 2 d'Alpha Ops, saga de romance \u00e0 suspense d'Emmy Curtis, est sorti le 11 d\u00e9cembre dernier aux \u00e9ditions Milady. Dans ce second volet, on red\u00e9couvre les personnages d'Harriet et de Matt qui vont se retrouver en Irak \u00e0 cause de terroristes qui veulent s\u2019approprier un tr\u00e9sor\u2026","rel":"","context":"Dans &quot;Thriller&quot;","block_context":{"text":"Thriller","link":"https:\/\/smallthings.fr\/lespetitslivres\/category\/thriller\/"},"img":{"alt_text":"","src":"https:\/\/i0.wp.com\/smallthings.fr\/lespetitslivres\/wp-content\/uploads\/2016\/01\/fouille-au-corps-alpha-ops-couv.jpg?resize=350%2C200&ssl=1","width":350,"height":200,"srcset":"https:\/\/i0.wp.com\/smallthings.fr\/lespetitslivres\/wp-content\/uploads\/2016\/01\/fouille-au-corps-alpha-ops-couv.jpg?resize=350%2C200&ssl=1 1x, https:\/\/i0.wp.com\/smallthings.fr\/lespetitslivres\/wp-content\/uploads\/2016\/01\/fouille-au-corps-alpha-ops-couv.jpg?resize=525%2C300&ssl=1 1.5x, https:\/\/i0.wp.com\/smallthings.fr\/lespetitslivres\/wp-content\/uploads\/2016\/01\/fouille-au-corps-alpha-ops-couv.jpg?resize=700%2C400&ssl=1 2x, https:\/\/i0.wp.com\/smallthings.fr\/lespetitslivres\/wp-content\/uploads\/2016\/01\/fouille-au-corps-alpha-ops-couv.jpg?resize=1050%2C600&ssl=1 3x"},"classes":[]},{"id":20279,"url":"https:\/\/smallthings.fr\/lespetitslivres\/2015\/01\/23\/fille-hecate-cecile-guillot-saga\/","url_meta":{"origin":31697,"position":1},"title":"Fille d&rsquo;H\u00e9cate, la saga de C\u00e9cile Guillot aux \u00e9ditions du Chat Noir","author":"Jennifer","date":"23 janvier 2015","format":false,"excerpt":"Fille d\u2019H\u00e9cate est une s\u00e9rie \u00e9crite par C\u00e9cile Guillot et \u00e9dit\u00e9e aux \u00e9ditions du Chat Noir. Le tome 1, La Voie de la Sorci\u00e8re (juillet 2012) nous emporte dans l\u2019univers de la Wicca gr\u00e2ce \u00e0 l\u2019h\u00e9ro\u00efne Ma\u00eblys, qui apprend qu\u2019elle est une sorci\u00e8re. Dans le tome 2, Le Parfum du\u2026","rel":"","context":"Dans &quot;Fantastique&quot;","block_context":{"text":"Fantastique","link":"https:\/\/smallthings.fr\/lespetitslivres\/category\/imaginaire\/fantastique\/"},"img":{"alt_text":"","src":"https:\/\/i0.wp.com\/smallthings.fr\/wp-content\/uploads\/2015\/01\/fille-hecate-voie-sorciere-210x300.jpg?resize=350%2C200","width":350,"height":200},"classes":[]},{"id":32067,"url":"https:\/\/smallthings.fr\/lespetitslivres\/2020\/02\/25\/magik-le-nouveau-roman-de-h-v-gavriel\/","url_meta":{"origin":31697,"position":2},"title":"Magik : le nouveau roman de H.V Gavriel","author":"Jennifer","date":"25 f\u00e9vrier 2020","format":false,"excerpt":"Double jeu est le premier tome de la nouvelle saga de H.V Gavriel. Sorti le 20 novembre dernier chez Milady, Magik nous fait entrer dans un monde o\u00f9 humains et personnes dot\u00e9es de pouvoirs magiques tentent de cohabiter. J\u2019ai d\u00e9couvert cette auteure en 2014 avec sa saga M\/M Les loups\u2026","rel":"","context":"Dans &quot;Fantastique&quot;","block_context":{"text":"Fantastique","link":"https:\/\/smallthings.fr\/lespetitslivres\/category\/imaginaire\/fantastique\/"},"img":{"alt_text":"","src":"https:\/\/i0.wp.com\/smallthings.fr\/lespetitslivres\/wp-content\/uploads\/2020\/02\/Magic-Double-jeu-2.jpg?resize=350%2C200&ssl=1","width":350,"height":200,"srcset":"https:\/\/i0.wp.com\/smallthings.fr\/lespetitslivres\/wp-content\/uploads\/2020\/02\/Magic-Double-jeu-2.jpg?resize=350%2C200&ssl=1 1x, https:\/\/i0.wp.com\/smallthings.fr\/lespetitslivres\/wp-content\/uploads\/2020\/02\/Magic-Double-jeu-2.jpg?resize=525%2C300&ssl=1 1.5x, https:\/\/i0.wp.com\/smallthings.fr\/lespetitslivres\/wp-content\/uploads\/2020\/02\/Magic-Double-jeu-2.jpg?resize=700%2C400&ssl=1 2x, https:\/\/i0.wp.com\/smallthings.fr\/lespetitslivres\/wp-content\/uploads\/2020\/02\/Magic-Double-jeu-2.jpg?resize=1050%2C600&ssl=1 3x"},"classes":[]},{"id":15165,"url":"https:\/\/smallthings.fr\/lespetitslivres\/2014\/07\/20\/ardemment-votre-letal-tome-2\/","url_meta":{"origin":31697,"position":3},"title":"Ardemment V\u00f4tre, deuxi\u00e8me volet de la saga L\u00e9tal","author":"Jennifer","date":"20 juillet 2014","format":false,"excerpt":"Ardemment V\u00f4tre, second volet de la saga L\u00e9tal de Cynthia Eden, est sorti le 11 juillet dernier aux \u00e9ditions Milady. Apr\u00e8s Mortellement V\u00f4tre, Ardemment V\u00f4tre prend la rel\u00e8ve. Comme on peut l\u2019imaginer, ce tome 2 nous emm\u00e8ne dans l\u2019univers des pyromanes. L\u2019agent du FBI Kenton Lake, aid\u00e9 de la pompier\u2026","rel":"","context":"Dans &quot;Thriller&quot;","block_context":{"text":"Thriller","link":"https:\/\/smallthings.fr\/lespetitslivres\/category\/thriller\/"},"img":{"alt_text":"","src":"https:\/\/i0.wp.com\/smallthings.fr\/wp-content\/uploads\/2014\/07\/ardemment-votre-letal-tome-2.jpg?resize=350%2C200","width":350,"height":200},"classes":[]},{"id":32156,"url":"https:\/\/smallthings.fr\/lespetitslivres\/2020\/08\/31\/anges-dapocalypse-frisson-des-aurores\/","url_meta":{"origin":31697,"position":4},"title":"Le frisson des aurores, suite de la saga Anges d&rsquo;apocalypse","author":"Jennifer","date":"31 ao\u00fbt 2020","format":false,"excerpt":"Sorti chez Rebelle Editions, Le frisson des aurores est le second tome de la saga Anges d\u2019apocalypse de St\u00e9phane Soutoul. Une histoire int\u00e9ressante avec des personnages extr\u00eamement bien cr\u00e9\u00e9s. Dans le premier tome, Le tourment des aurores\u00a0(chronique ici), nous d\u00e9couvrions les quatre cavali\u00e8res de l\u2019apocalypse, et plus particuli\u00e8rement Famine. \u00c0\u2026","rel":"","context":"Dans &quot;Fantastique&quot;","block_context":{"text":"Fantastique","link":"https:\/\/smallthings.fr\/lespetitslivres\/category\/imaginaire\/fantastique\/"},"img":{"alt_text":"","src":"https:\/\/i0.wp.com\/smallthings.fr\/lespetitslivres\/wp-content\/uploads\/2020\/08\/people-3055824_1280.jpg?resize=350%2C200&ssl=1","width":350,"height":200,"srcset":"https:\/\/i0.wp.com\/smallthings.fr\/lespetitslivres\/wp-content\/uploads\/2020\/08\/people-3055824_1280.jpg?resize=350%2C200&ssl=1 1x, https:\/\/i0.wp.com\/smallthings.fr\/lespetitslivres\/wp-content\/uploads\/2020\/08\/people-3055824_1280.jpg?resize=525%2C300&ssl=1 1.5x, https:\/\/i0.wp.com\/smallthings.fr\/lespetitslivres\/wp-content\/uploads\/2020\/08\/people-3055824_1280.jpg?resize=700%2C400&ssl=1 2x, https:\/\/i0.wp.com\/smallthings.fr\/lespetitslivres\/wp-content\/uploads\/2020\/08\/people-3055824_1280.jpg?resize=1050%2C600&ssl=1 3x"},"classes":[]},{"id":21174,"url":"https:\/\/smallthings.fr\/lespetitslivres\/2015\/02\/23\/emissaire-tome-2-percheron-avis\/","url_meta":{"origin":31697,"position":5},"title":"Emissaire : tome 2 de la saga Percheron","author":"Jennifer","date":"23 f\u00e9vrier 2015","format":false,"excerpt":"Emissaire, second volet de la saga Percheron de Fiona McIntosh, sort le 20 f\u00e9vrier aux \u00e9ditions Milady. L\u2019odalisque Ana est encore au centre des complots et le combat c\u00e9leste entre Lyana et Maliz a r\u00e9ellement commenc\u00e9. Lazar, Pez et Ana devront faire preuve de prudence s\u2019ils veulent que la d\u00e9esse\u2026","rel":"","context":"Dans &quot;Fantasy&quot;","block_context":{"text":"Fantasy","link":"https:\/\/smallthings.fr\/lespetitslivres\/category\/imaginaire\/fantasy\/"},"img":{"alt_text":"","src":"https:\/\/i0.wp.com\/smallthings.fr\/wp-content\/uploads\/2015\/02\/emissaire-percheron-494x800.jpg?resize=350%2C200","width":350,"height":200},"classes":[]}],"_links":{"self":[{"href":"https:\/\/smallthings.fr\/lespetitslivres\/wp-json\/wp\/v2\/posts\/31697"}],"collection":[{"href":"https:\/\/smallthings.fr\/lespetitslivres\/wp-json\/wp\/v2\/posts"}],"about":[{"href":"https:\/\/smallthings.fr\/lespetitslivres\/wp-json\/wp\/v2\/types\/post"}],"author":[{"embeddable":true,"href":"https:\/\/smallthings.fr\/lespetitslivres\/wp-json\/wp\/v2\/users\/27"}],"replies":[{"embeddable":true,"href":"https:\/\/smallthings.fr\/lespetitslivres\/wp-json\/wp\/v2\/comments?post=31697"}],"version-history":[{"count":1,"href":"https:\/\/smallthings.fr\/lespetitslivres\/wp-json\/wp\/v2\/posts\/31697\/revisions"}],"predecessor-version":[{"id":31700,"href":"https:\/\/smallthings.fr\/lespetitslivres\/wp-json\/wp\/v2\/posts\/31697\/revisions\/31700"}],"wp:featuredmedia":[{"embeddable":true,"href":"https:\/\/smallthings.fr\/lespetitslivres\/wp-json\/wp\/v2\/media\/31699"}],"wp:attachment":[{"href":"https:\/\/smallthings.fr\/lespetitslivres\/wp-json\/wp\/v2\/media?parent=31697"}],"wp:term":[{"taxonomy":"category","embeddable":true,"href":"https:\/\/smallthings.fr\/lespetitslivres\/wp-json\/wp\/v2\/categories?post=31697"},{"taxonomy":"post_tag","embeddable":true,"href":"https:\/\/smallthings.fr\/lespetitslivres\/wp-json\/wp\/v2\/tags?post=31697"}],"curies":[{"name":"wp","href":"https:\/\/api.w.org\/{rel}","templated":true}]}}