{"id":31690,"date":"2018-06-07T17:23:58","date_gmt":"2018-06-07T16:23:58","guid":{"rendered":"http:\/\/smallthings.fr\/lespetitslivres\/?p=31690"},"modified":"2018-06-13T08:52:21","modified_gmt":"2018-06-13T07:52:21","slug":"sans-elle-amelie-antoine-livre-audio","status":"publish","type":"post","link":"https:\/\/smallthings.fr\/lespetitslivres\/2018\/06\/07\/sans-elle-amelie-antoine-livre-audio\/","title":{"rendered":"Sans elle, le polar d&rsquo;Am\u00e9lie Antoine en livre audio"},"content":{"rendered":"<h2>Je sors d&rsquo;une bulle, apr\u00e8s des heures d&rsquo;\u00e9coute du livre audio <em>Sans elle<\/em>, le roman d&rsquo;Am\u00e9lie Antoine. Une bulle un peu \u00e0 part. Pendant tout ce temps, j&rsquo;ai aim\u00e9 prendre les transports en commun. Incroyable mais vrai. J&rsquo;avais envie de mettre mon casque et de conna\u00eetre la suite. Un polar psychologique excellent, qui d\u00e9chire le c\u0153ur, hyper agr\u00e9able \u00e0 d\u00e9couvrir en livre audio chez <a href=\"https:\/\/www.audible.fr\/pd\/Romans\/Sans-elle-Livre-Audio\/B07CQ59169\">Audible<\/a>.<\/h2>\n<p><strong><em>Sans elle<\/em> fait partie d&rsquo;un projet g\u00e9nial, qu&rsquo;Am\u00e9lie Antoine et Sol\u00e8ne Bakowski ont mis en place ensemble<\/strong>. <em>Sans elle<\/em> et <em>Avec elle<\/em> sont les deux pendants d&rsquo;une m\u00eame histoire. Dans le premier livre, la petite Jessica dispara\u00eet, laissant ses parents et sa jumelle inconsolables. Dans le second, Jessica est toujours l\u00e0. Et sa relation avec sa jumelle va devenir toxique et destructrice.<\/p>\n<p><img loading=\"lazy\" decoding=\"async\" data-attachment-id=\"31691\" data-permalink=\"https:\/\/smallthings.fr\/lespetitslivres\/2018\/06\/07\/sans-elle-amelie-antoine-livre-audio\/sans-elle-amelie-antoine\/\" data-orig-file=\"https:\/\/smallthings.fr\/lespetitslivres\/wp-content\/uploads\/2018\/06\/sans-elle-amelie-antoine.jpg\" data-orig-size=\"250,363\" data-comments-opened=\"1\" data-image-meta=\"{&quot;aperture&quot;:&quot;0&quot;,&quot;credit&quot;:&quot;&quot;,&quot;camera&quot;:&quot;&quot;,&quot;caption&quot;:&quot;&quot;,&quot;created_timestamp&quot;:&quot;0&quot;,&quot;copyright&quot;:&quot;&quot;,&quot;focal_length&quot;:&quot;0&quot;,&quot;iso&quot;:&quot;0&quot;,&quot;shutter_speed&quot;:&quot;0&quot;,&quot;title&quot;:&quot;&quot;,&quot;orientation&quot;:&quot;0&quot;}\" data-image-title=\"sans-elle-amelie-antoine\" data-image-description=\"\" data-image-caption=\"\" data-medium-file=\"https:\/\/smallthings.fr\/lespetitslivres\/wp-content\/uploads\/2018\/06\/sans-elle-amelie-antoine-207x300.jpg\" data-large-file=\"https:\/\/smallthings.fr\/lespetitslivres\/wp-content\/uploads\/2018\/06\/sans-elle-amelie-antoine.jpg\" class=\"alignleft size-full wp-image-31691\" src=\"http:\/\/smallthings.fr\/lespetitslivres\/wp-content\/uploads\/2018\/06\/sans-elle-amelie-antoine.jpg\" alt=\"\" width=\"250\" height=\"363\" srcset=\"https:\/\/smallthings.fr\/lespetitslivres\/wp-content\/uploads\/2018\/06\/sans-elle-amelie-antoine.jpg 250w, https:\/\/smallthings.fr\/lespetitslivres\/wp-content\/uploads\/2018\/06\/sans-elle-amelie-antoine-207x300.jpg 207w\" sizes=\"(max-width: 250px) 100vw, 250px\" \/>J&rsquo;ai tout d&rsquo;abord d\u00e9couvert <em>Sans elle<\/em>. Tr\u00e8s curieuse d&rsquo;\u00e9couter <em>Avec elle<\/em> (j&rsquo;ai un penchant pour les romans psychologiques) j&rsquo;avais tout de m\u00eame h\u00e2te de conna\u00eetre le contexte de cette disparition dramatique et l&rsquo;enqu\u00eate qui allait s&rsquo;en suivre. Sans oublier l&rsquo;\u00e9volution des personnages apr\u00e8s le drame. Et je n&rsquo;ai pas \u00e9t\u00e9 d\u00e9\u00e7ue. <strong><em>Sans elle<\/em> m&rsquo;a port\u00e9e jusqu&rsquo;au bout. On est embarqu\u00e9 avec les personnages dans leur chute<\/strong>. Am\u00e9lie Antoine nous propose des rebondissements souvent d\u00e9chirants. On se prend \u00e0 esp\u00e9rer, nous aussi, que Jessica soit retrouv\u00e9e saine et sauve&#8230;<\/p>\n<p>Surtout que tout est all\u00e9 si vite&#8230; Un jour ordinaire. Les jumelles qui se disputent : l&rsquo;une est punie, l&rsquo;autre a le droit d&rsquo;aller voir les feux d&rsquo;artifice du 14 juillet avec sa m\u00e8re. L\u00e0-bas, Jessica tr\u00e9pigne. Elle demande \u00e0 sa m\u00e8re si elle a le droit d&rsquo;aller chercher un bijou fluorescent sur un stand. La m\u00e8re dit oui, fait peut-\u00eatre moins attention que d&rsquo;habitude, et la fillette dispara\u00eet. Sans laisser aucune trace. Les recherches commencent. <strong>On vit tout aux c\u00f4t\u00e9s de Patricia, la m\u00e8re des petites, jusqu&rsquo;\u00e0 l&rsquo;annonce de la disparition au p\u00e8re, le faire comprendre \u00e0 Coline, la mise en place de l&rsquo;enqu\u00eate et tout ce que cela implique<\/strong>. Le temps qui passe&#8230; L&rsquo;espoir qui s&rsquo;en va, le malheur qui s&rsquo;installe, insidieusement, et comment chaque personnage va le g\u00e9rer.<\/p>\n<p><strong>Un livre audio impeccablement lu par Ludmila Ruoso, qui, sans jamais exag\u00e9rer, adapte sa voix et ses intonations aux diff\u00e9rents personnages<\/strong> : de la m\u00e8re en passant par le p\u00e8re, jusqu&rsquo;aux fillettes. On est saisi par l&rsquo;histoire, on vibre avec cette famille bris\u00e9e. Particuli\u00e8rement avec Coline, la deuxi\u00e8me jumelle, d\u00e9chir\u00e9e par la disparition de sa s\u0153ur, qui va devoir grandir avec ce myst\u00e8re, ce drame, ce fardeau. Le polar se situe \u00e0 deux niveaux selon moi : l&rsquo;enqu\u00eate de police afin de retrouver Jessica, et l&rsquo;\u00e9volution terrifiante de Coline, qui doit se construire avec cela. On a peur pour elle presque plus que pour Jessica&#8230; Et on a raison&#8230;<\/p>\n<p><strong>Jusqu&rsquo;\u00e0 pr\u00e9sent, <em>Sans elle<\/em> est le livre audio qui m&rsquo;a le plus happ\u00e9e<\/strong>. Impossible d&rsquo;envisager un trajet, une pause, sans mettre mon casque et conna\u00eetre la suite de l&rsquo;histoire. <strong>J&rsquo;ai pass\u00e9 un moment un peu hors du temps, hors de mon quotidien, et \u00e7a fait tellement de bien !<\/strong> Merci <a href=\"https:\/\/www.audible.fr\/\">Audible<\/a> pour cette d\u00e9couverte !<\/p>\n<p><img loading=\"lazy\" decoding=\"async\" data-attachment-id=\"31692\" data-permalink=\"https:\/\/smallthings.fr\/lespetitslivres\/2018\/06\/07\/sans-elle-amelie-antoine-livre-audio\/sans-elle-avec-elle-cover\/\" data-orig-file=\"https:\/\/smallthings.fr\/lespetitslivres\/wp-content\/uploads\/2018\/06\/sans-elle-avec-elle-cover.jpg\" data-orig-size=\"1024,509\" data-comments-opened=\"1\" data-image-meta=\"{&quot;aperture&quot;:&quot;0&quot;,&quot;credit&quot;:&quot;&quot;,&quot;camera&quot;:&quot;&quot;,&quot;caption&quot;:&quot;&quot;,&quot;created_timestamp&quot;:&quot;0&quot;,&quot;copyright&quot;:&quot;&quot;,&quot;focal_length&quot;:&quot;0&quot;,&quot;iso&quot;:&quot;0&quot;,&quot;shutter_speed&quot;:&quot;0&quot;,&quot;title&quot;:&quot;&quot;,&quot;orientation&quot;:&quot;1&quot;}\" data-image-title=\"sans-elle-avec-elle-cover\" data-image-description=\"\" data-image-caption=\"\" data-medium-file=\"https:\/\/smallthings.fr\/lespetitslivres\/wp-content\/uploads\/2018\/06\/sans-elle-avec-elle-cover-300x149.jpg\" data-large-file=\"https:\/\/smallthings.fr\/lespetitslivres\/wp-content\/uploads\/2018\/06\/sans-elle-avec-elle-cover-1024x509.jpg\" class=\"aligncenter wp-image-31692\" src=\"http:\/\/smallthings.fr\/lespetitslivres\/wp-content\/uploads\/2018\/06\/sans-elle-avec-elle-cover-1024x509.jpg\" alt=\"\" width=\"606\" height=\"301\" srcset=\"https:\/\/smallthings.fr\/lespetitslivres\/wp-content\/uploads\/2018\/06\/sans-elle-avec-elle-cover.jpg 1024w, https:\/\/smallthings.fr\/lespetitslivres\/wp-content\/uploads\/2018\/06\/sans-elle-avec-elle-cover-300x149.jpg 300w, https:\/\/smallthings.fr\/lespetitslivres\/wp-content\/uploads\/2018\/06\/sans-elle-avec-elle-cover-768x382.jpg 768w, https:\/\/smallthings.fr\/lespetitslivres\/wp-content\/uploads\/2018\/06\/sans-elle-avec-elle-cover-164x82.jpg 164w\" sizes=\"(max-width: 606px) 100vw, 606px\" \/><\/p>\n","protected":false},"excerpt":{"rendered":"<p>Je sors d&rsquo;une bulle, apr\u00e8s des heures d&rsquo;\u00e9coute du livre audio Sans elle, le roman d&rsquo;Am\u00e9lie Antoine. Une bulle un peu \u00e0 part. Pendant tout ce temps, j&rsquo;ai aim\u00e9 prendre les transports en commun. Incroyable mais vrai. J&rsquo;avais envie de mettre mon casque et de conna\u00eetre la suite. Un polar psychologique excellent, qui d\u00e9chire le<\/p>\n","protected":false},"author":2,"featured_media":31693,"comment_status":"open","ping_status":"open","sticky":false,"template":"","format":"standard","meta":{"jetpack_post_was_ever_published":false,"_jetpack_newsletter_access":"","_jetpack_newsletter_tier_id":0,"footnotes":"","jetpack_publicize_message":"","jetpack_is_tweetstorm":false,"jetpack_publicize_feature_enabled":true,"jetpack_social_post_already_shared":true,"jetpack_social_options":{"image_generator_settings":{"template":"highway","enabled":false}}},"categories":[1109],"tags":[2058,1604,2059,571,7,1975,2057],"jetpack_publicize_connections":[],"yoast_head":"<!-- This site is optimized with the Yoast SEO plugin v21.5 - https:\/\/yoast.com\/wordpress\/plugins\/seo\/ -->\n<title>Sans elle, le polar d&#039;Am\u00e9lie Antoine en livre audio - Les Petits Livres<\/title>\n<meta name=\"description\" content=\"Je sors d&#039;une bulle, apr\u00e8s des heures d&#039;\u00e9coute du livre audio Sans elle, le roman d&#039;Am\u00e9lie Antoine. Une bulle un peu \u00e0 part. Pendant tout ce temps, j&#039;ai aim\u00e9 prendre les transports en commun. Incroyable mais vrai. J&#039;avais envie de mettre mon casque et de conna\u00eetre la suite.\" \/>\n<meta name=\"robots\" content=\"index, follow, max-snippet:-1, max-image-preview:large, max-video-preview:-1\" \/>\n<link rel=\"canonical\" href=\"http:\/\/smallthings.fr\/lespetitslivres\/2018\/06\/07\/sans-elle-amelie-antoine-livre-audio\/\" \/>\n<meta property=\"og:locale\" content=\"fr_FR\" \/>\n<meta property=\"og:type\" content=\"article\" \/>\n<meta property=\"og:title\" content=\"Sans elle, le polar d&#039;Am\u00e9lie Antoine en livre audio - Les Petits Livres\" \/>\n<meta property=\"og:description\" content=\"Je sors d&#039;une bulle, apr\u00e8s des heures d&#039;\u00e9coute du livre audio Sans elle, le roman d&#039;Am\u00e9lie Antoine. Une bulle un peu \u00e0 part. Pendant tout ce temps, j&#039;ai aim\u00e9 prendre les transports en commun. Incroyable mais vrai. J&#039;avais envie de mettre mon casque et de conna\u00eetre la suite.\" \/>\n<meta property=\"og:url\" content=\"http:\/\/smallthings.fr\/lespetitslivres\/2018\/06\/07\/sans-elle-amelie-antoine-livre-audio\/\" \/>\n<meta property=\"og:site_name\" content=\"Les Petits Livres\" \/>\n<meta property=\"article:published_time\" content=\"2018-06-07T16:23:58+00:00\" \/>\n<meta property=\"article:modified_time\" content=\"2018-06-13T07:52:21+00:00\" \/>\n<meta property=\"og:image\" content=\"https:\/\/i0.wp.com\/smallthings.fr\/lespetitslivres\/wp-content\/uploads\/2018\/06\/sans-elle-couv.jpg?fit=1280%2C647\" \/>\n\t<meta property=\"og:image:width\" content=\"1280\" \/>\n\t<meta property=\"og:image:height\" content=\"647\" \/>\n\t<meta property=\"og:image:type\" content=\"image\/jpeg\" \/>\n<meta name=\"author\" content=\"Claire\" \/>\n<meta name=\"twitter:card\" content=\"summary_large_image\" \/>\n<meta name=\"twitter:label1\" content=\"\u00c9crit par\" \/>\n\t<meta name=\"twitter:data1\" content=\"Claire\" \/>\n\t<meta name=\"twitter:label2\" content=\"Dur\u00e9e de lecture estim\u00e9e\" \/>\n\t<meta name=\"twitter:data2\" content=\"3 minutes\" \/>\n<script type=\"application\/ld+json\" class=\"yoast-schema-graph\">{\"@context\":\"https:\/\/schema.org\",\"@graph\":[{\"@type\":\"WebPage\",\"@id\":\"http:\/\/smallthings.fr\/lespetitslivres\/2018\/06\/07\/sans-elle-amelie-antoine-livre-audio\/\",\"url\":\"http:\/\/smallthings.fr\/lespetitslivres\/2018\/06\/07\/sans-elle-amelie-antoine-livre-audio\/\",\"name\":\"Sans elle, le polar d'Am\u00e9lie Antoine en livre audio - Les Petits Livres\",\"isPartOf\":{\"@id\":\"https:\/\/smallthings.fr\/lespetitslivres\/#website\"},\"datePublished\":\"2018-06-07T16:23:58+00:00\",\"dateModified\":\"2018-06-13T07:52:21+00:00\",\"author\":{\"@id\":\"https:\/\/smallthings.fr\/lespetitslivres\/#\/schema\/person\/504d603cacfe064fe039dfa03a8b7918\"},\"description\":\"Je sors d'une bulle, apr\u00e8s des heures d'\u00e9coute du livre audio Sans elle, le roman d'Am\u00e9lie Antoine. Une bulle un peu \u00e0 part. Pendant tout ce temps, j'ai aim\u00e9 prendre les transports en commun. Incroyable mais vrai. J'avais envie de mettre mon casque et de conna\u00eetre la suite.\",\"breadcrumb\":{\"@id\":\"http:\/\/smallthings.fr\/lespetitslivres\/2018\/06\/07\/sans-elle-amelie-antoine-livre-audio\/#breadcrumb\"},\"inLanguage\":\"fr-FR\",\"potentialAction\":[{\"@type\":\"ReadAction\",\"target\":[\"http:\/\/smallthings.fr\/lespetitslivres\/2018\/06\/07\/sans-elle-amelie-antoine-livre-audio\/\"]}]},{\"@type\":\"BreadcrumbList\",\"@id\":\"http:\/\/smallthings.fr\/lespetitslivres\/2018\/06\/07\/sans-elle-amelie-antoine-livre-audio\/#breadcrumb\",\"itemListElement\":[{\"@type\":\"ListItem\",\"position\":1,\"name\":\"Accueil\",\"item\":\"https:\/\/smallthings.fr\/lespetitslivres\/\"},{\"@type\":\"ListItem\",\"position\":2,\"name\":\"Sans elle, le polar d&rsquo;Am\u00e9lie Antoine en livre audio\"}]},{\"@type\":\"WebSite\",\"@id\":\"https:\/\/smallthings.fr\/lespetitslivres\/#website\",\"url\":\"https:\/\/smallthings.fr\/lespetitslivres\/\",\"name\":\"Les Petits Livres\",\"description\":\"by Small Things\",\"potentialAction\":[{\"@type\":\"SearchAction\",\"target\":{\"@type\":\"EntryPoint\",\"urlTemplate\":\"https:\/\/smallthings.fr\/lespetitslivres\/?s={search_term_string}\"},\"query-input\":\"required name=search_term_string\"}],\"inLanguage\":\"fr-FR\"},{\"@type\":\"Person\",\"@id\":\"https:\/\/smallthings.fr\/lespetitslivres\/#\/schema\/person\/504d603cacfe064fe039dfa03a8b7918\",\"name\":\"Claire\",\"image\":{\"@type\":\"ImageObject\",\"inLanguage\":\"fr-FR\",\"@id\":\"https:\/\/smallthings.fr\/lespetitslivres\/#\/schema\/person\/image\/\",\"url\":\"https:\/\/secure.gravatar.com\/avatar\/9a85ff83d76b3eb17b8cae208640786e?s=96&d=retro&r=g\",\"contentUrl\":\"https:\/\/secure.gravatar.com\/avatar\/9a85ff83d76b3eb17b8cae208640786e?s=96&d=retro&r=g\",\"caption\":\"Claire\"},\"url\":\"https:\/\/smallthings.fr\/lespetitslivres\/author\/claire\/\"}]}<\/script>\n<!-- \/ Yoast SEO plugin. -->","yoast_head_json":{"title":"Sans elle, le polar d'Am\u00e9lie Antoine en livre audio - Les Petits Livres","description":"Je sors d'une bulle, apr\u00e8s des heures d'\u00e9coute du livre audio Sans elle, le roman d'Am\u00e9lie Antoine. Une bulle un peu \u00e0 part. Pendant tout ce temps, j'ai aim\u00e9 prendre les transports en commun. Incroyable mais vrai. J'avais envie de mettre mon casque et de conna\u00eetre la suite.","robots":{"index":"index","follow":"follow","max-snippet":"max-snippet:-1","max-image-preview":"max-image-preview:large","max-video-preview":"max-video-preview:-1"},"canonical":"http:\/\/smallthings.fr\/lespetitslivres\/2018\/06\/07\/sans-elle-amelie-antoine-livre-audio\/","og_locale":"fr_FR","og_type":"article","og_title":"Sans elle, le polar d'Am\u00e9lie Antoine en livre audio - Les Petits Livres","og_description":"Je sors d'une bulle, apr\u00e8s des heures d'\u00e9coute du livre audio Sans elle, le roman d'Am\u00e9lie Antoine. Une bulle un peu \u00e0 part. Pendant tout ce temps, j'ai aim\u00e9 prendre les transports en commun. Incroyable mais vrai. J'avais envie de mettre mon casque et de conna\u00eetre la suite.","og_url":"http:\/\/smallthings.fr\/lespetitslivres\/2018\/06\/07\/sans-elle-amelie-antoine-livre-audio\/","og_site_name":"Les Petits Livres","article_published_time":"2018-06-07T16:23:58+00:00","article_modified_time":"2018-06-13T07:52:21+00:00","og_image":[{"width":1280,"height":647,"url":"https:\/\/i0.wp.com\/smallthings.fr\/lespetitslivres\/wp-content\/uploads\/2018\/06\/sans-elle-couv.jpg?fit=1280%2C647","type":"image\/jpeg"}],"author":"Claire","twitter_card":"summary_large_image","twitter_misc":{"\u00c9crit par":"Claire","Dur\u00e9e de lecture estim\u00e9e":"3 minutes"},"schema":{"@context":"https:\/\/schema.org","@graph":[{"@type":"WebPage","@id":"http:\/\/smallthings.fr\/lespetitslivres\/2018\/06\/07\/sans-elle-amelie-antoine-livre-audio\/","url":"http:\/\/smallthings.fr\/lespetitslivres\/2018\/06\/07\/sans-elle-amelie-antoine-livre-audio\/","name":"Sans elle, le polar d'Am\u00e9lie Antoine en livre audio - Les Petits Livres","isPartOf":{"@id":"https:\/\/smallthings.fr\/lespetitslivres\/#website"},"datePublished":"2018-06-07T16:23:58+00:00","dateModified":"2018-06-13T07:52:21+00:00","author":{"@id":"https:\/\/smallthings.fr\/lespetitslivres\/#\/schema\/person\/504d603cacfe064fe039dfa03a8b7918"},"description":"Je sors d'une bulle, apr\u00e8s des heures d'\u00e9coute du livre audio Sans elle, le roman d'Am\u00e9lie Antoine. Une bulle un peu \u00e0 part. Pendant tout ce temps, j'ai aim\u00e9 prendre les transports en commun. Incroyable mais vrai. J'avais envie de mettre mon casque et de conna\u00eetre la suite.","breadcrumb":{"@id":"http:\/\/smallthings.fr\/lespetitslivres\/2018\/06\/07\/sans-elle-amelie-antoine-livre-audio\/#breadcrumb"},"inLanguage":"fr-FR","potentialAction":[{"@type":"ReadAction","target":["http:\/\/smallthings.fr\/lespetitslivres\/2018\/06\/07\/sans-elle-amelie-antoine-livre-audio\/"]}]},{"@type":"BreadcrumbList","@id":"http:\/\/smallthings.fr\/lespetitslivres\/2018\/06\/07\/sans-elle-amelie-antoine-livre-audio\/#breadcrumb","itemListElement":[{"@type":"ListItem","position":1,"name":"Accueil","item":"https:\/\/smallthings.fr\/lespetitslivres\/"},{"@type":"ListItem","position":2,"name":"Sans elle, le polar d&rsquo;Am\u00e9lie Antoine en livre audio"}]},{"@type":"WebSite","@id":"https:\/\/smallthings.fr\/lespetitslivres\/#website","url":"https:\/\/smallthings.fr\/lespetitslivres\/","name":"Les Petits Livres","description":"by Small Things","potentialAction":[{"@type":"SearchAction","target":{"@type":"EntryPoint","urlTemplate":"https:\/\/smallthings.fr\/lespetitslivres\/?s={search_term_string}"},"query-input":"required name=search_term_string"}],"inLanguage":"fr-FR"},{"@type":"Person","@id":"https:\/\/smallthings.fr\/lespetitslivres\/#\/schema\/person\/504d603cacfe064fe039dfa03a8b7918","name":"Claire","image":{"@type":"ImageObject","inLanguage":"fr-FR","@id":"https:\/\/smallthings.fr\/lespetitslivres\/#\/schema\/person\/image\/","url":"https:\/\/secure.gravatar.com\/avatar\/9a85ff83d76b3eb17b8cae208640786e?s=96&d=retro&r=g","contentUrl":"https:\/\/secure.gravatar.com\/avatar\/9a85ff83d76b3eb17b8cae208640786e?s=96&d=retro&r=g","caption":"Claire"},"url":"https:\/\/smallthings.fr\/lespetitslivres\/author\/claire\/"}]}},"jetpack_featured_media_url":"https:\/\/smallthings.fr\/lespetitslivres\/wp-content\/uploads\/2018\/06\/sans-elle-couv.jpg","jetpack_sharing_enabled":true,"jetpack_shortlink":"https:\/\/wp.me\/p6Un21-8f8","jetpack-related-posts":[{"id":31725,"url":"https:\/\/smallthings.fr\/lespetitslivres\/2018\/07\/03\/avec-elle-solene-bakoswki-audio\/","url_meta":{"origin":31690,"position":0},"title":"Avec elle, roman psychologique de Sol\u00e8ne Bakowski en audio","author":"Claire","date":"3 juillet 2018","format":false,"excerpt":"Avec elle est un roman de Sol\u00e8ne Bakowski, \u00e9crit en parall\u00e8le \u00e0 Sans elle d'Am\u00e9lie Antoine, que nous avons \u00e9cout\u00e9 en livre audio juste avant. Il n'y a pas d'ordre \u00e0 proprement parler pour lire l'un et l'autre. Mais la lecture des deux est une tr\u00e8s bonne exp\u00e9rience et j'ai\u2026","rel":"","context":"Dans &quot;Num\u00e9rique et audio&quot;","block_context":{"text":"Num\u00e9rique et audio","link":"https:\/\/smallthings.fr\/lespetitslivres\/category\/numerique-audio\/"},"img":{"alt_text":"","src":"https:\/\/i0.wp.com\/smallthings.fr\/lespetitslivres\/wp-content\/uploads\/2018\/07\/avec-elle.jpg?resize=350%2C200&ssl=1","width":350,"height":200,"srcset":"https:\/\/i0.wp.com\/smallthings.fr\/lespetitslivres\/wp-content\/uploads\/2018\/07\/avec-elle.jpg?resize=350%2C200&ssl=1 1x, https:\/\/i0.wp.com\/smallthings.fr\/lespetitslivres\/wp-content\/uploads\/2018\/07\/avec-elle.jpg?resize=525%2C300&ssl=1 1.5x, https:\/\/i0.wp.com\/smallthings.fr\/lespetitslivres\/wp-content\/uploads\/2018\/07\/avec-elle.jpg?resize=700%2C400&ssl=1 2x, https:\/\/i0.wp.com\/smallthings.fr\/lespetitslivres\/wp-content\/uploads\/2018\/07\/avec-elle.jpg?resize=1050%2C600&ssl=1 3x, https:\/\/i0.wp.com\/smallthings.fr\/lespetitslivres\/wp-content\/uploads\/2018\/07\/avec-elle.jpg?resize=1400%2C800&ssl=1 4x"},"classes":[]},{"id":31347,"url":"https:\/\/smallthings.fr\/lespetitslivres\/2017\/10\/28\/frappe-toi-coeur-nothomb-livre-audio\/","url_meta":{"origin":31690,"position":1},"title":"Frappe-toi le coeur : le conte moderne d&rsquo;Am\u00e9lie Nothomb en livre audio","author":"Claire","date":"28 octobre 2017","format":false,"excerpt":"Le roman de la rentr\u00e9e d'Am\u00e9lie Nothomb, Frappe-toi le c\u0153ur, est disponible en livre audio chez Audible. Ce conte moderne, pl\u00e9biscit\u00e9 par la critique et tr\u00e8s appr\u00e9ci\u00e9 du public, nous raconte l'histoire de la jalousie d'une m\u00e8re pour sa fille. C'est Fran\u00e7oise Gillard qui pr\u00eate sa voix au r\u00e9cit. La\u2026","rel":"","context":"Dans &quot;Num\u00e9rique et audio&quot;","block_context":{"text":"Num\u00e9rique et audio","link":"https:\/\/smallthings.fr\/lespetitslivres\/category\/numerique-audio\/"},"img":{"alt_text":"","src":"https:\/\/i0.wp.com\/smallthings.fr\/lespetitslivres\/wp-content\/uploads\/2017\/10\/nothomb-livre-audio2.jpg?resize=350%2C200&ssl=1","width":350,"height":200,"srcset":"https:\/\/i0.wp.com\/smallthings.fr\/lespetitslivres\/wp-content\/uploads\/2017\/10\/nothomb-livre-audio2.jpg?resize=350%2C200&ssl=1 1x, https:\/\/i0.wp.com\/smallthings.fr\/lespetitslivres\/wp-content\/uploads\/2017\/10\/nothomb-livre-audio2.jpg?resize=525%2C300&ssl=1 1.5x, https:\/\/i0.wp.com\/smallthings.fr\/lespetitslivres\/wp-content\/uploads\/2017\/10\/nothomb-livre-audio2.jpg?resize=700%2C400&ssl=1 2x"},"classes":[]},{"id":8865,"url":"https:\/\/smallthings.fr\/lespetitslivres\/2013\/10\/24\/edition-numerique-cecile-la-liseuse\/","url_meta":{"origin":31690,"position":2},"title":"\u00c9dition num\u00e9rique &#8211; Zoom sur les \u00e9ditions C\u00e9cile La Liseuse","author":"Claire","date":"24 octobre 2013","format":false,"excerpt":"Zoom sur les \u00e9ditions C\u00e9cile La Liseuse dans le cadre de notre dossier sur l'\u00e9dition num\u00e9rique.","rel":"","context":"Dans &quot;Num\u00e9rique et audio&quot;","block_context":{"text":"Num\u00e9rique et audio","link":"https:\/\/smallthings.fr\/lespetitslivres\/category\/numerique-audio\/"},"img":{"alt_text":"","src":"https:\/\/i0.wp.com\/uploads.smallthings.fr\/2013\/10\/88415842_o-211x300.jpg?resize=350%2C200","width":350,"height":200},"classes":[]},{"id":30559,"url":"https:\/\/smallthings.fr\/lespetitslivres\/2016\/12\/19\/livre-audio-test-audible-avis\/","url_meta":{"origin":31690,"position":3},"title":"On a test\u00e9 Audible. Le livre audio, c&rsquo;est comment ?","author":"Claire","date":"19 d\u00e9cembre 2016","format":false,"excerpt":"On n'y pense pas assez, mais le livre audio peut se r\u00e9v\u00e9ler id\u00e9al dans diverses situations, quand on a l'habitude de prendre les transport ou de faire de grandes marches \u00e0 pied... Quand on fait une activit\u00e9 manuelle, du footing... etc. C'est ce que nous avons r\u00e9cemment exp\u00e9riment\u00e9, gr\u00e2ce \u00e0\u2026","rel":"","context":"Dans &quot;Num\u00e9rique et audio&quot;","block_context":{"text":"Num\u00e9rique et audio","link":"https:\/\/smallthings.fr\/lespetitslivres\/category\/numerique-audio\/"},"img":{"alt_text":"","src":"https:\/\/i0.wp.com\/smallthings.fr\/lespetitslivres\/wp-content\/uploads\/2016\/12\/audible-couv.png?resize=350%2C200&ssl=1","width":350,"height":200},"classes":[]},{"id":31799,"url":"https:\/\/smallthings.fr\/lespetitslivres\/2018\/09\/04\/trancher-amelie-cordonnier-roman-avis\/","url_meta":{"origin":31690,"position":4},"title":"Trancher, quand les mots d\u00e9truisent : le premier roman d&rsquo;Am\u00e9lie Cordonnier","author":"Claire","date":"4 septembre 2018","format":false,"excerpt":"En cette Rentr\u00e9e litt\u00e9raire, la journaliste Am\u00e9lie Cordonnier publie son premier roman, Trancher, chez Flammarion. Un livre difficile qui aborde le sujet de la violence conjugale verbale. L'h\u00e9ro\u00efne est en couple avec Aur\u00e9lien. Ils ont deux enfants. Apr\u00e8s des ann\u00e9es de tr\u00eave, Aur\u00e9lien recommence \u00e0 l'insulter, et ce devant leurs\u2026","rel":"","context":"Dans &quot;Roman fran\u00e7ais&quot;","block_context":{"text":"Roman fran\u00e7ais","link":"https:\/\/smallthings.fr\/lespetitslivres\/category\/roman\/roman-francais\/"},"img":{"alt_text":"","src":"https:\/\/i0.wp.com\/smallthings.fr\/lespetitslivres\/wp-content\/uploads\/2018\/09\/trancher-cordonnier-cover.jpg?resize=350%2C200&ssl=1","width":350,"height":200,"srcset":"https:\/\/i0.wp.com\/smallthings.fr\/lespetitslivres\/wp-content\/uploads\/2018\/09\/trancher-cordonnier-cover.jpg?resize=350%2C200&ssl=1 1x, https:\/\/i0.wp.com\/smallthings.fr\/lespetitslivres\/wp-content\/uploads\/2018\/09\/trancher-cordonnier-cover.jpg?resize=525%2C300&ssl=1 1.5x"},"classes":[]},{"id":31394,"url":"https:\/\/smallthings.fr\/lespetitslivres\/2017\/11\/27\/assassins-d-avant-elisa-vix\/","url_meta":{"origin":31690,"position":5},"title":"Assassins d&rsquo;avant : qui a tu\u00e9 la ma\u00eetresse ?","author":"Cecile","date":"27 novembre 2017","format":false,"excerpt":"Assassins d'avant est le nouveau livre d'\u00c9lisa Vix, publi\u00e9 en septembre dernier au Rouergue. Un polar qui m\u00eale \u00e9nigme et romance de mani\u00e8re efficace. L\u2019entr\u00e9e en mati\u00e8re m\u00eale classiquement \u00e9nigme et romance\u00a0: une jeune femme vient au commissariat, demande \u00e0 interviewer un policier et lui r\u00e9v\u00e8le qu\u2019elle est en r\u00e9alit\u00e9\u2026","rel":"","context":"Dans &quot;Roman fran\u00e7ais&quot;","block_context":{"text":"Roman fran\u00e7ais","link":"https:\/\/smallthings.fr\/lespetitslivres\/category\/roman\/roman-francais\/"},"img":{"alt_text":"","src":"https:\/\/i0.wp.com\/smallthings.fr\/lespetitslivres\/wp-content\/uploads\/2017\/11\/assassins-d-avant-vix-cover.jpg?resize=350%2C200&ssl=1","width":350,"height":200,"srcset":"https:\/\/i0.wp.com\/smallthings.fr\/lespetitslivres\/wp-content\/uploads\/2017\/11\/assassins-d-avant-vix-cover.jpg?resize=350%2C200&ssl=1 1x, https:\/\/i0.wp.com\/smallthings.fr\/lespetitslivres\/wp-content\/uploads\/2017\/11\/assassins-d-avant-vix-cover.jpg?resize=525%2C300&ssl=1 1.5x, https:\/\/i0.wp.com\/smallthings.fr\/lespetitslivres\/wp-content\/uploads\/2017\/11\/assassins-d-avant-vix-cover.jpg?resize=700%2C400&ssl=1 2x, https:\/\/i0.wp.com\/smallthings.fr\/lespetitslivres\/wp-content\/uploads\/2017\/11\/assassins-d-avant-vix-cover.jpg?resize=1050%2C600&ssl=1 3x, https:\/\/i0.wp.com\/smallthings.fr\/lespetitslivres\/wp-content\/uploads\/2017\/11\/assassins-d-avant-vix-cover.jpg?resize=1400%2C800&ssl=1 4x"},"classes":[]}],"_links":{"self":[{"href":"https:\/\/smallthings.fr\/lespetitslivres\/wp-json\/wp\/v2\/posts\/31690"}],"collection":[{"href":"https:\/\/smallthings.fr\/lespetitslivres\/wp-json\/wp\/v2\/posts"}],"about":[{"href":"https:\/\/smallthings.fr\/lespetitslivres\/wp-json\/wp\/v2\/types\/post"}],"author":[{"embeddable":true,"href":"https:\/\/smallthings.fr\/lespetitslivres\/wp-json\/wp\/v2\/users\/2"}],"replies":[{"embeddable":true,"href":"https:\/\/smallthings.fr\/lespetitslivres\/wp-json\/wp\/v2\/comments?post=31690"}],"version-history":[{"count":3,"href":"https:\/\/smallthings.fr\/lespetitslivres\/wp-json\/wp\/v2\/posts\/31690\/revisions"}],"predecessor-version":[{"id":31696,"href":"https:\/\/smallthings.fr\/lespetitslivres\/wp-json\/wp\/v2\/posts\/31690\/revisions\/31696"}],"wp:featuredmedia":[{"embeddable":true,"href":"https:\/\/smallthings.fr\/lespetitslivres\/wp-json\/wp\/v2\/media\/31693"}],"wp:attachment":[{"href":"https:\/\/smallthings.fr\/lespetitslivres\/wp-json\/wp\/v2\/media?parent=31690"}],"wp:term":[{"taxonomy":"category","embeddable":true,"href":"https:\/\/smallthings.fr\/lespetitslivres\/wp-json\/wp\/v2\/categories?post=31690"},{"taxonomy":"post_tag","embeddable":true,"href":"https:\/\/smallthings.fr\/lespetitslivres\/wp-json\/wp\/v2\/tags?post=31690"}],"curies":[{"name":"wp","href":"https:\/\/api.w.org\/{rel}","templated":true}]}}