{"id":31669,"date":"2018-05-28T12:51:50","date_gmt":"2018-05-28T11:51:50","guid":{"rendered":"http:\/\/smallthings.fr\/lespetitslivres\/?p=31669"},"modified":"2018-05-28T12:51:50","modified_gmt":"2018-05-28T11:51:50","slug":"te-protegerai-policier-a-lun-ancienne","status":"publish","type":"post","link":"https:\/\/smallthings.fr\/lespetitslivres\/2018\/05\/28\/te-protegerai-policier-a-lun-ancienne\/","title":{"rendered":"Je te prot\u00e9gerai : le policier \u00e0 l\u2019(un peu trop) ancienne"},"content":{"rendered":"<h2>Le dernier thriller du romancier \u00e9cossais Peter May, <em>Je te prot\u00e9gerai<\/em>, para\u00eet en traduction aux <a href=\"http:\/\/www.lerouergue.com\/catalogue\/je-te-protegerai\">\u00e9ditions du Rouergue<\/a>. Au menu, un pav\u00e9 de 400 pages qui nous emm\u00e8ne de Paris aux H\u00e9brides ext\u00e9rieures et nous fait d\u00e9couvrir l\u2019industrie locale : la production de tweed.<\/h2>\n<p>Niamh Macfarlane voit la voiture qui emm\u00e8ne son mari exploser sous ses yeux, Place de la R\u00e9publique. L\u2019hypoth\u00e8se d\u2019un attentat est rapidement \u00e9cart\u00e9e ; la police penche plut\u00f4t pour un r\u00e8glement de compte \u00e0 caract\u00e8re personnel ou professionnel. <strong>Les raisons de faire dispara\u00eetre Ruairidh Macfarlane ne manquent pas \u2013 et les meurtriers potentiels non plus<\/strong>. Sa belle-famille le d\u00e9teste ; sa femme le soup\u00e7onne de la tromper<br \/>\navec une styliste ; le mari de ladite styliste le croit aussi ; l\u2019activit\u00e9 professionnelle de Ruairidh, qui a cr\u00e9\u00e9 avec Niamh une florissante entreprise de textile, lui a valu de nombreux ennemis.<\/p>\n<p><img loading=\"lazy\" decoding=\"async\" data-attachment-id=\"31671\" data-permalink=\"https:\/\/smallthings.fr\/lespetitslivres\/2018\/05\/28\/te-protegerai-policier-a-lun-ancienne\/je-te-protegerai-peter-may\/\" data-orig-file=\"https:\/\/smallthings.fr\/lespetitslivres\/wp-content\/uploads\/2018\/05\/je-te-protegerai-peter-may.jpg\" data-orig-size=\"195,286\" data-comments-opened=\"1\" data-image-meta=\"{&quot;aperture&quot;:&quot;0&quot;,&quot;credit&quot;:&quot;&quot;,&quot;camera&quot;:&quot;&quot;,&quot;caption&quot;:&quot;&quot;,&quot;created_timestamp&quot;:&quot;0&quot;,&quot;copyright&quot;:&quot;&quot;,&quot;focal_length&quot;:&quot;0&quot;,&quot;iso&quot;:&quot;0&quot;,&quot;shutter_speed&quot;:&quot;0&quot;,&quot;title&quot;:&quot;&quot;,&quot;orientation&quot;:&quot;0&quot;}\" data-image-title=\"je-te-protegerai-peter-may\" data-image-description=\"\" data-image-caption=\"\" data-medium-file=\"https:\/\/smallthings.fr\/lespetitslivres\/wp-content\/uploads\/2018\/05\/je-te-protegerai-peter-may.jpg\" data-large-file=\"https:\/\/smallthings.fr\/lespetitslivres\/wp-content\/uploads\/2018\/05\/je-te-protegerai-peter-may.jpg\" class=\"alignleft size-full wp-image-31671\" src=\"http:\/\/smallthings.fr\/lespetitslivres\/wp-content\/uploads\/2018\/05\/je-te-protegerai-peter-may.jpg\" alt=\"\" width=\"195\" height=\"286\" \/>Apr\u00e8s avoir r\u00e9pondu aux enqu\u00eateurs parisiens, Niamh retourne dans la villa qu\u2019elle a fait construire avec Ruairidh, aux H\u00e9brides ext\u00e9rieures. <em>Je te prot\u00e9gerai<\/em> d\u00e9ploie alors ses plus beaux atours, <strong>nous faisant d\u00e9couvrir ces \u00eeles perdues au large de l\u2019\u00c9cosse, au climat rude et aux paysages d\u2019une beaut\u00e9 sauvage. C\u2019est sans aucun doute l\u2019aspect le plus r\u00e9ussi du roman<\/strong>. Peter May nous embarque vers ces \u00eeles et nous donne une furieuse envie d\u2019aller y passer quelques jours pour de vrai. Il nous initie par ailleurs \u00e0 la subtilit\u00e9 du textile qui fait la r\u00e9putation des \u00eeles, o\u00f9 il est exclusivement tiss\u00e9 : le tweed. <strong>L\u2019auteur a eu l\u2019intelligence de placer son intrigue dans un cadre original et d\u2019en tirer le meilleur parti<\/strong>.<\/p>\n<p>C\u2019est \u2013 h\u00e9las ! \u2013 la plus grande qualit\u00e9 de ce thriller. Certes, l\u2019intrigue, de facture assez classique, se laisse lire sans d\u00e9plaisir. L\u2019alternance entre la narration \u00e0 la troisi\u00e8me personne et le r\u00e9cit de Niamh \u00e0 la premi\u00e8re personne soutient l\u2019int\u00e9r\u00eat et nous embarque astucieusement dans l\u2019intimit\u00e9 des personnages. <em>Je te prot\u00e9gerai<\/em> entretient toutefois le myst\u00e8re en reportant sans cesse les r\u00e9v\u00e9lations au moyen de ficelles trop visibles. Ma\u00eetris\u00e9, le cliffhanger soutient l\u2019int\u00e9r\u00eat du lecteur ; utilis\u00e9 avec maladresse comme ici, il irrite. \u00c0 force de retarder les r\u00e9v\u00e9lations, Peter May fait comme Agatha Christie : la v\u00e9rit\u00e9 est livr\u00e9e d\u2019un bloc au dernier chapitre ; aucun indice n\u2019est diss\u00e9min\u00e9 au cours du r\u00e9cit pour faire participer le lecteur \u00e0 l\u2019enqu\u00eate. Cette fa\u00e7on de faire \u00e9tait de rigueur du temps de l\u2019auteure de <em>Dix petits n\u00e8gres<\/em>, mais elle passe beaucoup plus difficilement aujourd\u2019hui. Pour le lecteur ainsi laiss\u00e9 de c\u00f4t\u00e9, le retournement de situation final tombe alors non comme une divine surprise, mais comme une trahison&#8230;<\/p>\n<p>Si encore ce roman n\u2019avait de d\u00e9su\u00e8te que sa conception de la forme polici\u00e8re ! Mais <strong>le suspense cache ici une vision du monde rancie<\/strong>. Dans <em>Je te prot\u00e9gerai<\/em>, la femme qui a un boulot \u00e0 responsabilit\u00e9s est une mauvaise m\u00e8re qui sera punie de son inconduite ; la lesbienne est forc\u00e9ment amoureuse d\u2019une h\u00e9t\u00e9ro et voue une jalousie maladive et hyst\u00e9rique au mari ; le grand couturier est forc\u00e9ment gay, l\u00e2che et hypocrite. S\u2019ouvrant sur la recherche d\u2019un meurtrier, le roman glisse insensiblement vers la sanctification du m\u00e2le sain, viril, protecteur, de l\u2019\u00e9pouse amoureuse, qui l\u2019\u00e9paule professionnellement sans \u00eatre trop carri\u00e9riste, et de leur couple, confort\u00e9 par la naissance d\u2019un enfant&#8230;<\/p>\n<p>Le roman de Peter May n\u2019a finalement d\u2019original que son d\u00e9cor ; son propos, lui, est vieux comme le patriarcat.<\/p>\n","protected":false},"excerpt":{"rendered":"<p>Le dernier thriller du romancier \u00e9cossais Peter May, Je te prot\u00e9gerai, para\u00eet en traduction aux \u00e9ditions du Rouergue. Au menu, un pav\u00e9 de 400 pages qui nous emm\u00e8ne de Paris aux H\u00e9brides ext\u00e9rieures et nous fait d\u00e9couvrir l\u2019industrie locale : la production de tweed. Niamh Macfarlane voit la voiture qui emm\u00e8ne son mari exploser sous<\/p>\n","protected":false},"author":20,"featured_media":31670,"comment_status":"open","ping_status":"open","sticky":false,"template":"","format":"standard","meta":{"jetpack_post_was_ever_published":false,"_jetpack_newsletter_access":"","_jetpack_newsletter_tier_id":0,"footnotes":"","jetpack_publicize_message":"","jetpack_is_tweetstorm":false,"jetpack_publicize_feature_enabled":true,"jetpack_social_post_already_shared":true,"jetpack_social_options":{"image_generator_settings":{"template":"highway","enabled":false}}},"categories":[1111],"tags":[2050,2049,1438,238,18],"jetpack_publicize_connections":[],"yoast_head":"<!-- This site is optimized with the Yoast SEO plugin v21.5 - https:\/\/yoast.com\/wordpress\/plugins\/seo\/ -->\n<title>Je te prot\u00e9gerai : le policier \u00e0 l\u2019(un peu trop) ancienne<\/title>\n<meta name=\"description\" content=\"Le dernier thriller du romancier \u00e9cossais Peter May, Je te prot\u00e9gerai, para\u00eet en traduction aux \u00e9ditions du Rouergue. Au menu, un pav\u00e9 de 400 pages qui nous emm\u00e8ne de Paris aux H\u00e9brides ext\u00e9rieures et nous fait d\u00e9couvrir l\u2019industrie locale : la production de tweed.\" \/>\n<meta name=\"robots\" content=\"index, follow, max-snippet:-1, max-image-preview:large, max-video-preview:-1\" \/>\n<link rel=\"canonical\" href=\"https:\/\/smallthings.fr\/lespetitslivres\/2018\/05\/28\/te-protegerai-policier-a-lun-ancienne\/\" \/>\n<meta property=\"og:locale\" content=\"fr_FR\" \/>\n<meta property=\"og:type\" content=\"article\" \/>\n<meta property=\"og:title\" content=\"Je te prot\u00e9gerai : le policier \u00e0 l\u2019(un peu trop) ancienne\" \/>\n<meta property=\"og:description\" content=\"Le dernier thriller du romancier \u00e9cossais Peter May, Je te prot\u00e9gerai, para\u00eet en traduction aux \u00e9ditions du Rouergue. Au menu, un pav\u00e9 de 400 pages qui nous emm\u00e8ne de Paris aux H\u00e9brides ext\u00e9rieures et nous fait d\u00e9couvrir l\u2019industrie locale : la production de tweed.\" \/>\n<meta property=\"og:url\" content=\"https:\/\/smallthings.fr\/lespetitslivres\/2018\/05\/28\/te-protegerai-policier-a-lun-ancienne\/\" \/>\n<meta property=\"og:site_name\" content=\"Les Petits Livres\" \/>\n<meta property=\"article:published_time\" content=\"2018-05-28T11:51:50+00:00\" \/>\n<meta property=\"og:image\" content=\"https:\/\/i0.wp.com\/smallthings.fr\/lespetitslivres\/wp-content\/uploads\/2018\/05\/peter-may-je-te-protegerai-cover.jpg?fit=534%2C355&ssl=1\" \/>\n\t<meta property=\"og:image:width\" content=\"534\" \/>\n\t<meta property=\"og:image:height\" content=\"355\" \/>\n\t<meta property=\"og:image:type\" content=\"image\/jpeg\" \/>\n<meta name=\"author\" content=\"Diane Norric\" \/>\n<meta name=\"twitter:card\" content=\"summary_large_image\" \/>\n<meta name=\"twitter:label1\" content=\"\u00c9crit par\" \/>\n\t<meta name=\"twitter:data1\" content=\"Diane Norric\" \/>\n\t<meta name=\"twitter:label2\" content=\"Dur\u00e9e de lecture estim\u00e9e\" \/>\n\t<meta name=\"twitter:data2\" content=\"3 minutes\" \/>\n<script type=\"application\/ld+json\" class=\"yoast-schema-graph\">{\"@context\":\"https:\/\/schema.org\",\"@graph\":[{\"@type\":\"WebPage\",\"@id\":\"https:\/\/smallthings.fr\/lespetitslivres\/2018\/05\/28\/te-protegerai-policier-a-lun-ancienne\/\",\"url\":\"https:\/\/smallthings.fr\/lespetitslivres\/2018\/05\/28\/te-protegerai-policier-a-lun-ancienne\/\",\"name\":\"Je te prot\u00e9gerai : le policier \u00e0 l\u2019(un peu trop) ancienne\",\"isPartOf\":{\"@id\":\"https:\/\/smallthings.fr\/lespetitslivres\/#website\"},\"datePublished\":\"2018-05-28T11:51:50+00:00\",\"dateModified\":\"2018-05-28T11:51:50+00:00\",\"author\":{\"@id\":\"https:\/\/smallthings.fr\/lespetitslivres\/#\/schema\/person\/d5a53b43d9461a170eb93b0fe68522f3\"},\"description\":\"Le dernier thriller du romancier \u00e9cossais Peter May, Je te prot\u00e9gerai, para\u00eet en traduction aux \u00e9ditions du Rouergue. Au menu, un pav\u00e9 de 400 pages qui nous emm\u00e8ne de Paris aux H\u00e9brides ext\u00e9rieures et nous fait d\u00e9couvrir l\u2019industrie locale : la production de tweed.\",\"breadcrumb\":{\"@id\":\"https:\/\/smallthings.fr\/lespetitslivres\/2018\/05\/28\/te-protegerai-policier-a-lun-ancienne\/#breadcrumb\"},\"inLanguage\":\"fr-FR\",\"potentialAction\":[{\"@type\":\"ReadAction\",\"target\":[\"https:\/\/smallthings.fr\/lespetitslivres\/2018\/05\/28\/te-protegerai-policier-a-lun-ancienne\/\"]}]},{\"@type\":\"BreadcrumbList\",\"@id\":\"https:\/\/smallthings.fr\/lespetitslivres\/2018\/05\/28\/te-protegerai-policier-a-lun-ancienne\/#breadcrumb\",\"itemListElement\":[{\"@type\":\"ListItem\",\"position\":1,\"name\":\"Accueil\",\"item\":\"https:\/\/smallthings.fr\/lespetitslivres\/\"},{\"@type\":\"ListItem\",\"position\":2,\"name\":\"Je te prot\u00e9gerai : le policier \u00e0 l\u2019(un peu trop) ancienne\"}]},{\"@type\":\"WebSite\",\"@id\":\"https:\/\/smallthings.fr\/lespetitslivres\/#website\",\"url\":\"https:\/\/smallthings.fr\/lespetitslivres\/\",\"name\":\"Les Petits Livres\",\"description\":\"by Small Things\",\"potentialAction\":[{\"@type\":\"SearchAction\",\"target\":{\"@type\":\"EntryPoint\",\"urlTemplate\":\"https:\/\/smallthings.fr\/lespetitslivres\/?s={search_term_string}\"},\"query-input\":\"required name=search_term_string\"}],\"inLanguage\":\"fr-FR\"},{\"@type\":\"Person\",\"@id\":\"https:\/\/smallthings.fr\/lespetitslivres\/#\/schema\/person\/d5a53b43d9461a170eb93b0fe68522f3\",\"name\":\"Diane Norric\",\"image\":{\"@type\":\"ImageObject\",\"inLanguage\":\"fr-FR\",\"@id\":\"https:\/\/smallthings.fr\/lespetitslivres\/#\/schema\/person\/image\/\",\"url\":\"https:\/\/secure.gravatar.com\/avatar\/5ee9f6a30b0c402cbb9d80e9e814f454?s=96&d=retro&r=g\",\"contentUrl\":\"https:\/\/secure.gravatar.com\/avatar\/5ee9f6a30b0c402cbb9d80e9e814f454?s=96&d=retro&r=g\",\"caption\":\"Diane Norric\"},\"url\":\"https:\/\/smallthings.fr\/lespetitslivres\/author\/diane-norric\/\"}]}<\/script>\n<!-- \/ Yoast SEO plugin. -->","yoast_head_json":{"title":"Je te prot\u00e9gerai : le policier \u00e0 l\u2019(un peu trop) ancienne","description":"Le dernier thriller du romancier \u00e9cossais Peter May, Je te prot\u00e9gerai, para\u00eet en traduction aux \u00e9ditions du Rouergue. Au menu, un pav\u00e9 de 400 pages qui nous emm\u00e8ne de Paris aux H\u00e9brides ext\u00e9rieures et nous fait d\u00e9couvrir l\u2019industrie locale : la production de tweed.","robots":{"index":"index","follow":"follow","max-snippet":"max-snippet:-1","max-image-preview":"max-image-preview:large","max-video-preview":"max-video-preview:-1"},"canonical":"https:\/\/smallthings.fr\/lespetitslivres\/2018\/05\/28\/te-protegerai-policier-a-lun-ancienne\/","og_locale":"fr_FR","og_type":"article","og_title":"Je te prot\u00e9gerai : le policier \u00e0 l\u2019(un peu trop) ancienne","og_description":"Le dernier thriller du romancier \u00e9cossais Peter May, Je te prot\u00e9gerai, para\u00eet en traduction aux \u00e9ditions du Rouergue. Au menu, un pav\u00e9 de 400 pages qui nous emm\u00e8ne de Paris aux H\u00e9brides ext\u00e9rieures et nous fait d\u00e9couvrir l\u2019industrie locale : la production de tweed.","og_url":"https:\/\/smallthings.fr\/lespetitslivres\/2018\/05\/28\/te-protegerai-policier-a-lun-ancienne\/","og_site_name":"Les Petits Livres","article_published_time":"2018-05-28T11:51:50+00:00","og_image":[{"width":534,"height":355,"url":"https:\/\/i0.wp.com\/smallthings.fr\/lespetitslivres\/wp-content\/uploads\/2018\/05\/peter-may-je-te-protegerai-cover.jpg?fit=534%2C355&ssl=1","type":"image\/jpeg"}],"author":"Diane Norric","twitter_card":"summary_large_image","twitter_misc":{"\u00c9crit par":"Diane Norric","Dur\u00e9e de lecture estim\u00e9e":"3 minutes"},"schema":{"@context":"https:\/\/schema.org","@graph":[{"@type":"WebPage","@id":"https:\/\/smallthings.fr\/lespetitslivres\/2018\/05\/28\/te-protegerai-policier-a-lun-ancienne\/","url":"https:\/\/smallthings.fr\/lespetitslivres\/2018\/05\/28\/te-protegerai-policier-a-lun-ancienne\/","name":"Je te prot\u00e9gerai : le policier \u00e0 l\u2019(un peu trop) ancienne","isPartOf":{"@id":"https:\/\/smallthings.fr\/lespetitslivres\/#website"},"datePublished":"2018-05-28T11:51:50+00:00","dateModified":"2018-05-28T11:51:50+00:00","author":{"@id":"https:\/\/smallthings.fr\/lespetitslivres\/#\/schema\/person\/d5a53b43d9461a170eb93b0fe68522f3"},"description":"Le dernier thriller du romancier \u00e9cossais Peter May, Je te prot\u00e9gerai, para\u00eet en traduction aux \u00e9ditions du Rouergue. Au menu, un pav\u00e9 de 400 pages qui nous emm\u00e8ne de Paris aux H\u00e9brides ext\u00e9rieures et nous fait d\u00e9couvrir l\u2019industrie locale : la production de tweed.","breadcrumb":{"@id":"https:\/\/smallthings.fr\/lespetitslivres\/2018\/05\/28\/te-protegerai-policier-a-lun-ancienne\/#breadcrumb"},"inLanguage":"fr-FR","potentialAction":[{"@type":"ReadAction","target":["https:\/\/smallthings.fr\/lespetitslivres\/2018\/05\/28\/te-protegerai-policier-a-lun-ancienne\/"]}]},{"@type":"BreadcrumbList","@id":"https:\/\/smallthings.fr\/lespetitslivres\/2018\/05\/28\/te-protegerai-policier-a-lun-ancienne\/#breadcrumb","itemListElement":[{"@type":"ListItem","position":1,"name":"Accueil","item":"https:\/\/smallthings.fr\/lespetitslivres\/"},{"@type":"ListItem","position":2,"name":"Je te prot\u00e9gerai : le policier \u00e0 l\u2019(un peu trop) ancienne"}]},{"@type":"WebSite","@id":"https:\/\/smallthings.fr\/lespetitslivres\/#website","url":"https:\/\/smallthings.fr\/lespetitslivres\/","name":"Les Petits Livres","description":"by Small Things","potentialAction":[{"@type":"SearchAction","target":{"@type":"EntryPoint","urlTemplate":"https:\/\/smallthings.fr\/lespetitslivres\/?s={search_term_string}"},"query-input":"required name=search_term_string"}],"inLanguage":"fr-FR"},{"@type":"Person","@id":"https:\/\/smallthings.fr\/lespetitslivres\/#\/schema\/person\/d5a53b43d9461a170eb93b0fe68522f3","name":"Diane Norric","image":{"@type":"ImageObject","inLanguage":"fr-FR","@id":"https:\/\/smallthings.fr\/lespetitslivres\/#\/schema\/person\/image\/","url":"https:\/\/secure.gravatar.com\/avatar\/5ee9f6a30b0c402cbb9d80e9e814f454?s=96&d=retro&r=g","contentUrl":"https:\/\/secure.gravatar.com\/avatar\/5ee9f6a30b0c402cbb9d80e9e814f454?s=96&d=retro&r=g","caption":"Diane Norric"},"url":"https:\/\/smallthings.fr\/lespetitslivres\/author\/diane-norric\/"}]}},"jetpack_featured_media_url":"https:\/\/smallthings.fr\/lespetitslivres\/wp-content\/uploads\/2018\/05\/peter-may-je-te-protegerai-cover.jpg","jetpack_sharing_enabled":true,"jetpack_shortlink":"https:\/\/wp.me\/p6Un21-8eN","jetpack-related-posts":[{"id":30048,"url":"https:\/\/smallthings.fr\/lespetitslivres\/2016\/06\/08\/disparus-du-phare-peter-may-critique\/","url_meta":{"origin":31669,"position":0},"title":"Les Disparus du phare, myst\u00e8re et perte de m\u00e9moire dans les \u00eeles \u00e9cossaises","author":"Cecile","date":"8 juin 2016","format":false,"excerpt":"Avec Les Disparus du phare, Peter May revient dans les \u00eeles H\u00e9brides avec un roman passionnant qui allie suspense, enqu\u00eate et d\u00e9bat scientifico-politique. Apr\u00e8s sa c\u00e9l\u00e8bre trilogie (L\u2019\u00cele des chasseurs d\u2019oiseaux, L\u2019Homme de Lewis et Le Braconnier du lac perdu), ce thriller vient tout juste de para\u00eetre aux \u00e9ditions du\u2026","rel":"","context":"Dans &quot;Thriller&quot;","block_context":{"text":"Thriller","link":"https:\/\/smallthings.fr\/lespetitslivres\/category\/thriller\/"},"img":{"alt_text":"","src":"https:\/\/i0.wp.com\/smallthings.fr\/lespetitslivres\/wp-content\/uploads\/2016\/06\/disparus-phare-couv.jpg?resize=350%2C200&ssl=1","width":350,"height":200,"srcset":"https:\/\/i0.wp.com\/smallthings.fr\/lespetitslivres\/wp-content\/uploads\/2016\/06\/disparus-phare-couv.jpg?resize=350%2C200&ssl=1 1x, https:\/\/i0.wp.com\/smallthings.fr\/lespetitslivres\/wp-content\/uploads\/2016\/06\/disparus-phare-couv.jpg?resize=525%2C300&ssl=1 1.5x, https:\/\/i0.wp.com\/smallthings.fr\/lespetitslivres\/wp-content\/uploads\/2016\/06\/disparus-phare-couv.jpg?resize=700%2C400&ssl=1 2x, https:\/\/i0.wp.com\/smallthings.fr\/lespetitslivres\/wp-content\/uploads\/2016\/06\/disparus-phare-couv.jpg?resize=1050%2C600&ssl=1 3x"},"classes":[]},{"id":29855,"url":"https:\/\/smallthings.fr\/lespetitslivres\/2016\/04\/17\/linconnue-du-quai\/","url_meta":{"origin":31669,"position":1},"title":"L&rsquo;Inconnue du quai, thriller familial haletant de Mary Kubica","author":"June","date":"17 avril 2016","format":false,"excerpt":"L\u2019Inconnue du quai de l'am\u00e9ricaine Mary Kubica, paru le 13 avril aux \u00e9ditions Mosa\u00efc, est un subtil thriller psychologique compl\u00e8tement addictif, qui nous emm\u00e8ne bien plus loin qu\u2019on ne pourrait le supposer. Page apr\u00e8s page, on est totalement happ\u00e9 par cette histoire, suspendu \u00e0 cette question\u00a0: qui est r\u00e9ellement l\u2019inconnue\u2026","rel":"","context":"Dans &quot;Thriller&quot;","block_context":{"text":"Thriller","link":"https:\/\/smallthings.fr\/lespetitslivres\/category\/thriller\/"},"img":{"alt_text":"","src":"https:\/\/i0.wp.com\/smallthings.fr\/lespetitslivres\/wp-content\/uploads\/2016\/04\/inconnue-du-quai-couv.jpeg?resize=350%2C200&ssl=1","width":350,"height":200,"srcset":"https:\/\/i0.wp.com\/smallthings.fr\/lespetitslivres\/wp-content\/uploads\/2016\/04\/inconnue-du-quai-couv.jpeg?resize=350%2C200&ssl=1 1x, https:\/\/i0.wp.com\/smallthings.fr\/lespetitslivres\/wp-content\/uploads\/2016\/04\/inconnue-du-quai-couv.jpeg?resize=525%2C300&ssl=1 1.5x, https:\/\/i0.wp.com\/smallthings.fr\/lespetitslivres\/wp-content\/uploads\/2016\/04\/inconnue-du-quai-couv.jpeg?resize=700%2C400&ssl=1 2x, https:\/\/i0.wp.com\/smallthings.fr\/lespetitslivres\/wp-content\/uploads\/2016\/04\/inconnue-du-quai-couv.jpeg?resize=1050%2C600&ssl=1 3x, https:\/\/i0.wp.com\/smallthings.fr\/lespetitslivres\/wp-content\/uploads\/2016\/04\/inconnue-du-quai-couv.jpeg?resize=1400%2C800&ssl=1 4x"},"classes":[]},{"id":31523,"url":"https:\/\/smallthings.fr\/lespetitslivres\/2018\/02\/01\/rien-a-voir-avec-amour-claire-gallen\/","url_meta":{"origin":31669,"position":2},"title":"Rien \u00e0 voir avec l\u2019amour : le roman noir de Claire Gallen","author":"Diane Norric","date":"1 f\u00e9vrier 2018","format":false,"excerpt":"Rien \u00e0 voir avec l\u2019amour\u00a0de Claire Gallen raconte sept jours, du 8 au 14 juillet, dans la vie de Sandra, la narratrice. Au gr\u00e9 de flashbacks judicieux et du d\u00e9roul\u00e9 de la semaine, on reconstitue petit \u00e0 petit le fil de l\u2019histoire. Le roman est paru aux \u00e9ditions du Rouergue.\u2026","rel":"","context":"Dans &quot;Roman fran\u00e7ais&quot;","block_context":{"text":"Roman fran\u00e7ais","link":"https:\/\/smallthings.fr\/lespetitslivres\/category\/roman\/roman-francais\/"},"img":{"alt_text":"","src":"https:\/\/i0.wp.com\/smallthings.fr\/lespetitslivres\/wp-content\/uploads\/2018\/02\/rien-a-voir-amour-cover.jpg?resize=350%2C200&ssl=1","width":350,"height":200,"srcset":"https:\/\/i0.wp.com\/smallthings.fr\/lespetitslivres\/wp-content\/uploads\/2018\/02\/rien-a-voir-amour-cover.jpg?resize=350%2C200&ssl=1 1x, https:\/\/i0.wp.com\/smallthings.fr\/lespetitslivres\/wp-content\/uploads\/2018\/02\/rien-a-voir-amour-cover.jpg?resize=525%2C300&ssl=1 1.5x, https:\/\/i0.wp.com\/smallthings.fr\/lespetitslivres\/wp-content\/uploads\/2018\/02\/rien-a-voir-amour-cover.jpg?resize=700%2C400&ssl=1 2x"},"classes":[]},{"id":29354,"url":"https:\/\/smallthings.fr\/lespetitslivres\/2016\/01\/07\/ubac-polar-elisa-vix-avis\/","url_meta":{"origin":31669,"position":3},"title":"Ubac : polar saisissant d&rsquo;Elisa Vix","author":"Fanny","date":"7 janvier 2016","format":false,"excerpt":"Ubac, polar d'Elisa Vix, sort ce mois-ci au Rouergue Noir. Un drame familial saisissant qui se d\u00e9ploie en un huis-clos alpin. Val Plaisir. R\u00eaveuse, Estelle ne s'en cache pas. Son dipl\u00f4me de pr\u00e9paratrice en pharmacie en poche, elle quitte sa derni\u00e8re famille en date et r\u00e9pond \u00e0 une offre d'emploi\u2026","rel":"","context":"Dans &quot;Actu&quot;","block_context":{"text":"Actu","link":"https:\/\/smallthings.fr\/lespetitslivres\/category\/actu\/"},"img":{"alt_text":"","src":"https:\/\/i0.wp.com\/smallthings.fr\/lespetitslivres\/wp-content\/uploads\/2016\/01\/ubac-vix-couv.jpg?resize=350%2C200&ssl=1","width":350,"height":200},"classes":[]},{"id":22351,"url":"https:\/\/smallthings.fr\/lespetitslivres\/2015\/04\/10\/quarante-tentatives-trouver-homme-vie-avis\/","url_meta":{"origin":31669,"position":4},"title":"Quarante tentatives pour trouver l\u2019homme de sa vie \u2013 Rachel Corenblit","author":"Cecile","date":"10 avril 2015","format":false,"excerpt":"C'est aux \u00e9ditions du Rouergue que para\u00eet Quarante tentatives pour trouver l'homme de sa vie, le nouveau roman de Rachel Corenblit. Le pitch est d\u2019une simplicit\u00e9 d\u00e9sarmante\u00a0: Lucie, qui a quitt\u00e9 son compagnon depuis trois ans et s\u2019approche de la quarantaine. Elle est pr\u00eate \u00e0 tout pour trouver l\u2019homme de\u2026","rel":"","context":"Dans &quot;Roman fran\u00e7ais&quot;","block_context":{"text":"Roman fran\u00e7ais","link":"https:\/\/smallthings.fr\/lespetitslivres\/category\/roman\/roman-francais\/"},"img":{"alt_text":"","src":"https:\/\/i0.wp.com\/smallthings.fr\/wp-content\/uploads\/2015\/04\/quarante-tentatives.jpg?resize=350%2C200","width":350,"height":200},"classes":[]},{"id":22518,"url":"https:\/\/smallthings.fr\/lespetitslivres\/2015\/04\/15\/sauve-toi-kelly-braffet-polar-amerique-avis\/","url_meta":{"origin":31669,"position":5},"title":"\u00ab\u00a0Sauve-toi\u00a0\u00bb de Kelly Braffet : polar en Am\u00e9rique profonde","author":"Cecile","date":"15 avril 2015","format":false,"excerpt":"Sauve-toi, troisi\u00e8me roman de Kelly Braffet, belle-fille de Stephen King, est paru le 9 avril aux \u00e9ditions du Rouergue (collection Rouergue Noir). Il est le premier de ses livres \u00e0 \u00eatre traduit en fran\u00e7ais et fut un succ\u00e8s aux \u00c9tats-Unis lors de sa parution. Il va donc sans dire qu\u2019on\u2026","rel":"","context":"Dans &quot;Thriller&quot;","block_context":{"text":"Thriller","link":"https:\/\/smallthings.fr\/lespetitslivres\/category\/thriller\/"},"img":{"alt_text":"","src":"https:\/\/i0.wp.com\/smallthings.fr\/wp-content\/uploads\/2015\/04\/sauve-toi-kelly-braffet.jpg?resize=350%2C200","width":350,"height":200},"classes":[]}],"_links":{"self":[{"href":"https:\/\/smallthings.fr\/lespetitslivres\/wp-json\/wp\/v2\/posts\/31669"}],"collection":[{"href":"https:\/\/smallthings.fr\/lespetitslivres\/wp-json\/wp\/v2\/posts"}],"about":[{"href":"https:\/\/smallthings.fr\/lespetitslivres\/wp-json\/wp\/v2\/types\/post"}],"author":[{"embeddable":true,"href":"https:\/\/smallthings.fr\/lespetitslivres\/wp-json\/wp\/v2\/users\/20"}],"replies":[{"embeddable":true,"href":"https:\/\/smallthings.fr\/lespetitslivres\/wp-json\/wp\/v2\/comments?post=31669"}],"version-history":[{"count":2,"href":"https:\/\/smallthings.fr\/lespetitslivres\/wp-json\/wp\/v2\/posts\/31669\/revisions"}],"predecessor-version":[{"id":31673,"href":"https:\/\/smallthings.fr\/lespetitslivres\/wp-json\/wp\/v2\/posts\/31669\/revisions\/31673"}],"wp:featuredmedia":[{"embeddable":true,"href":"https:\/\/smallthings.fr\/lespetitslivres\/wp-json\/wp\/v2\/media\/31670"}],"wp:attachment":[{"href":"https:\/\/smallthings.fr\/lespetitslivres\/wp-json\/wp\/v2\/media?parent=31669"}],"wp:term":[{"taxonomy":"category","embeddable":true,"href":"https:\/\/smallthings.fr\/lespetitslivres\/wp-json\/wp\/v2\/categories?post=31669"},{"taxonomy":"post_tag","embeddable":true,"href":"https:\/\/smallthings.fr\/lespetitslivres\/wp-json\/wp\/v2\/tags?post=31669"}],"curies":[{"name":"wp","href":"https:\/\/api.w.org\/{rel}","templated":true}]}}