{"id":31660,"date":"2018-05-13T16:00:47","date_gmt":"2018-05-13T15:00:47","guid":{"rendered":"http:\/\/smallthings.fr\/lespetitslivres\/?p=31660"},"modified":"2018-05-12T16:49:21","modified_gmt":"2018-05-12T15:49:21","slug":"le-lambeau-philippe-lancon-raconte","status":"publish","type":"post","link":"https:\/\/smallthings.fr\/lespetitslivres\/2018\/05\/13\/le-lambeau-philippe-lancon-raconte\/","title":{"rendered":"Le lambeau, quand Philippe Lan\u00e7on raconte&#8230;"},"content":{"rendered":"<h2><a href=\"http:\/\/www.gallimard.fr\/Media\/Gallimard\/Entretien-ecrit\/Entretien-Philippe-Lancon.-Le-lambeau\/(source)\/301988\"><em>Le lambeau<\/em><\/a> est le roman t\u00e9moignage de Philippe Lan\u00e7on, journaliste gravement bless\u00e9 lors de l&rsquo;attentat \u00e0 la r\u00e9daction de Charlie Hebdo, le 7 janvier 2015. Il y raconte l&rsquo;attentat, bien s\u00fbr, mais surtout son calvaire ensuite. Son s\u00e9jour interminable \u00e0 l&rsquo;h\u00f4pital, les op\u00e9rations, leurs effets secondaires, et son nouveau rapport \u00e0 la vie, aux autres, au travail, et \u00e0 l&rsquo;avenir.<\/h2>\n<p><strong>Au moment o\u00f9 l&rsquo;on ouvre <em>Le lambeau<\/em>, on sait que l&rsquo;on ouvre un livre important.<\/strong> Un livre qui est important dans l&rsquo;absolu, pour le devoir de m\u00e9moire surtout, et parce qu&rsquo;il est important que ces \u00e9v\u00e9nements soient racont\u00e9s. Mais qui sera important pour soi, aussi. On ouvre la premi\u00e8re page et on autorise les souvenirs ce jour-l\u00e0 \u00e0 revenir&#8230; Ce midi-l\u00e0 du 7 janvier. Se souvenir o\u00f9 on \u00e9tait \u00e0 ce moment-l\u00e0. Se souvenir qu&rsquo;on est all\u00e9 Place de la R\u00e9publique, peut-\u00eatre, le soir m\u00eame, protester contre le terrorisme, contre la censure, pour la libert\u00e9 d&rsquo;expression, la libert\u00e9 tout court, et ce monde qui part en couille.<\/p>\n<p><img loading=\"lazy\" decoding=\"async\" data-attachment-id=\"31662\" data-permalink=\"https:\/\/smallthings.fr\/lespetitslivres\/2018\/05\/13\/le-lambeau-philippe-lancon-raconte\/le-lambeau-couv\/\" data-orig-file=\"https:\/\/smallthings.fr\/lespetitslivres\/wp-content\/uploads\/2018\/05\/le-lambeau-couv.jpg\" data-orig-size=\"342,500\" data-comments-opened=\"1\" data-image-meta=\"{&quot;aperture&quot;:&quot;0&quot;,&quot;credit&quot;:&quot;&quot;,&quot;camera&quot;:&quot;&quot;,&quot;caption&quot;:&quot;&quot;,&quot;created_timestamp&quot;:&quot;0&quot;,&quot;copyright&quot;:&quot;&quot;,&quot;focal_length&quot;:&quot;0&quot;,&quot;iso&quot;:&quot;0&quot;,&quot;shutter_speed&quot;:&quot;0&quot;,&quot;title&quot;:&quot;&quot;,&quot;orientation&quot;:&quot;0&quot;}\" data-image-title=\"le-lambeau-couv\" data-image-description=\"\" data-image-caption=\"\" data-medium-file=\"https:\/\/smallthings.fr\/lespetitslivres\/wp-content\/uploads\/2018\/05\/le-lambeau-couv-205x300.jpg\" data-large-file=\"https:\/\/smallthings.fr\/lespetitslivres\/wp-content\/uploads\/2018\/05\/le-lambeau-couv.jpg\" class=\"alignleft  wp-image-31662\" src=\"http:\/\/smallthings.fr\/lespetitslivres\/wp-content\/uploads\/2018\/05\/le-lambeau-couv.jpg\" alt=\"\" width=\"315\" height=\"461\" srcset=\"https:\/\/smallthings.fr\/lespetitslivres\/wp-content\/uploads\/2018\/05\/le-lambeau-couv.jpg 342w, https:\/\/smallthings.fr\/lespetitslivres\/wp-content\/uploads\/2018\/05\/le-lambeau-couv-205x300.jpg 205w\" sizes=\"(max-width: 315px) 100vw, 315px\" \/>Je ne peux pas commencer cet article sans rappeler qu&rsquo;il faudra toujours \u00eatre Charlie. C&rsquo;est ce qui nous frappe, et ce qui nous hante, quand on lit les premi\u00e8res pages du <em>Lambeau<\/em>. Le r\u00e9cit de l&rsquo;attentat est terrible. Philippe Lan\u00e7on nous permet de revoir un instant ces visages familiers, fauch\u00e9s par la mort dans leur bonhomie, leur irr\u00e9v\u00e9rence, leur insouciance. Lan\u00e7on n&rsquo;a pas la pr\u00e9tention &#8211; ni la capacit\u00e9 d&rsquo;ailleurs &#8211; de retranscrire les faits de mani\u00e8re exhaustive. <strong>Tr\u00e8s vite, il s&rsquo;est retrouv\u00e9 au sol et la seule chose qu&rsquo;il ait vue, ce sont des \u00ab\u00a0jambes noires\u00a0\u00bb.<\/strong> Les terroristes de son point de vue n&rsquo;avaient pas de visage. Juste des jambes, qui parcouraient la pi\u00e8ce, s&rsquo;assuraient que tout le monde y \u00e9tait bien pass\u00e9. Ces jambes noires qui le hanteront pour toujours.<\/p>\n<p>Une fois que les secours sont arriv\u00e9s, va d\u00e9marrer un tout autre calvaire pour Philippe Lan\u00e7on. Sa \u00ab\u00a0blessure de guerre\u00a0\u00bb n\u00e9cessite bien s\u00fbr des op\u00e9rations en urgence et, par la suite, une greffe. Il restera des mois \u00e0 l\u2019h\u00f4pital. De ce s\u00e9jour, Lan\u00e7on ne nous \u00e9pargne rien. Les visites ahuries de ses proches, sa relation forc\u00e9ment d\u00e9lit\u00e9e avec sa compagne Gabriela, les op\u00e9rations bien s\u00fbr, les soins, le personnel soignant, \u00e0 qui il rend un v\u00e9ritable hommage tout au long de son livre. Car <strong><em>Le lambeau<\/em> est bien plus qu&rsquo;un r\u00e9cit des attentats de Charlie Hebdo. C&rsquo;est, \u00e0 travers l&rsquo;exp\u00e9rience de son auteur, un remerciement immense \u00e0 la m\u00e9decine, \u00e0 l&rsquo;h\u00f4pital public, au corps m\u00e9dical et aux soignants, du chirurgien \u00e0 l&rsquo;aide-soignant, de l&rsquo;interne au brancardier.<\/strong> Ses mots sont forts, magnifiques. Son admiration et sa reconnaissance \u00e9ternelles transparaissent.<\/p>\n<p>Difficile de faire la \u00ab\u00a0chronique\u00a0\u00bb de ce livre, mais il faut assur\u00e9ment en parler. Dire comme il est beau, bien \u00e9crit, et comme c&rsquo;est important qu&rsquo;il existe. Philippe Lan\u00e7on nous offre une magnifique preuve de courage, mais de courage malgr\u00e9 lui, comme il le dit souvent. Il n&rsquo;y a qu&rsquo;un pas entre le courage et la survie. L&rsquo;un conditionne l&rsquo;autre et inversement. Je ne le dirai jamais assez : <strong>il faut lire <em>Le lambeau<\/em>. Il faut se remettre en t\u00eate ce terrible r\u00e9cit, et, pour la litt\u00e9rature, il faut d\u00e9couvrir ce bijou de style, de sensibilit\u00e9 et de philosophie.<\/strong><\/p>\n","protected":false},"excerpt":{"rendered":"<p>Le lambeau est le roman t\u00e9moignage de Philippe Lan\u00e7on, journaliste gravement bless\u00e9 lors de l&rsquo;attentat \u00e0 la r\u00e9daction de Charlie Hebdo, le 7 janvier 2015. Il y raconte l&rsquo;attentat, bien s\u00fbr, mais surtout son calvaire ensuite. Son s\u00e9jour interminable \u00e0 l&rsquo;h\u00f4pital, les op\u00e9rations, leurs effets secondaires, et son nouveau rapport \u00e0 la vie, aux autres,<\/p>\n","protected":false},"author":2,"featured_media":31661,"comment_status":"open","ping_status":"open","sticky":false,"template":"","format":"standard","meta":{"jetpack_post_was_ever_published":false,"_jetpack_newsletter_access":"","_jetpack_newsletter_tier_id":0,"footnotes":"","jetpack_publicize_message":"","jetpack_is_tweetstorm":false,"jetpack_publicize_feature_enabled":true,"jetpack_social_post_already_shared":true,"jetpack_social_options":{"image_generator_settings":{"template":"highway","enabled":false}}},"categories":[1117],"tags":[2047,2048,1663,2043,2042,2044,2045,2046],"jetpack_publicize_connections":[],"yoast_head":"<!-- This site is optimized with the Yoast SEO plugin v21.5 - https:\/\/yoast.com\/wordpress\/plugins\/seo\/ -->\n<title>Le lambeau, quand Philippe Lan\u00e7on raconte...<\/title>\n<meta name=\"description\" content=\"Le lambeau est le roman t\u00e9moignage de Philippe Lan\u00e7on, journaliste gravement bless\u00e9 lors de l&#039;attentat \u00e0 la r\u00e9daction de Charlie Hebdo, le 7 janvier 2015. Il y raconte l&#039;attentat, bien s\u00fbr, mais surtout son calvaire ensuite. Son s\u00e9jour interminable \u00e0 l&#039;h\u00f4pital, les op\u00e9rations,\" \/>\n<meta name=\"robots\" content=\"index, follow, max-snippet:-1, max-image-preview:large, max-video-preview:-1\" \/>\n<link rel=\"canonical\" href=\"http:\/\/smallthings.fr\/lespetitslivres\/2018\/05\/13\/le-lambeau-philippe-lancon-raconte\/\" \/>\n<meta property=\"og:locale\" content=\"fr_FR\" \/>\n<meta property=\"og:type\" content=\"article\" \/>\n<meta property=\"og:title\" content=\"Le lambeau, quand Philippe Lan\u00e7on raconte...\" \/>\n<meta property=\"og:description\" content=\"Le lambeau est le roman t\u00e9moignage de Philippe Lan\u00e7on, journaliste gravement bless\u00e9 lors de l&#039;attentat \u00e0 la r\u00e9daction de Charlie Hebdo, le 7 janvier 2015. Il y raconte l&#039;attentat, bien s\u00fbr, mais surtout son calvaire ensuite. Son s\u00e9jour interminable \u00e0 l&#039;h\u00f4pital, les op\u00e9rations,\" \/>\n<meta property=\"og:url\" content=\"http:\/\/smallthings.fr\/lespetitslivres\/2018\/05\/13\/le-lambeau-philippe-lancon-raconte\/\" \/>\n<meta property=\"og:site_name\" content=\"Les Petits Livres\" \/>\n<meta property=\"article:published_time\" content=\"2018-05-13T15:00:47+00:00\" \/>\n<meta property=\"article:modified_time\" content=\"2018-05-12T15:49:21+00:00\" \/>\n<meta property=\"og:image\" content=\"https:\/\/i0.wp.com\/smallthings.fr\/lespetitslivres\/wp-content\/uploads\/2018\/05\/lambeau-lancon-cover.jpg?fit=1000%2C625\" \/>\n\t<meta property=\"og:image:width\" content=\"1000\" \/>\n\t<meta property=\"og:image:height\" content=\"625\" \/>\n\t<meta property=\"og:image:type\" content=\"image\/jpeg\" \/>\n<meta name=\"author\" content=\"Claire\" \/>\n<meta name=\"twitter:card\" content=\"summary_large_image\" \/>\n<meta name=\"twitter:label1\" content=\"\u00c9crit par\" \/>\n\t<meta name=\"twitter:data1\" content=\"Claire\" \/>\n\t<meta name=\"twitter:label2\" content=\"Dur\u00e9e de lecture estim\u00e9e\" \/>\n\t<meta name=\"twitter:data2\" content=\"3 minutes\" \/>\n<script type=\"application\/ld+json\" class=\"yoast-schema-graph\">{\"@context\":\"https:\/\/schema.org\",\"@graph\":[{\"@type\":\"WebPage\",\"@id\":\"http:\/\/smallthings.fr\/lespetitslivres\/2018\/05\/13\/le-lambeau-philippe-lancon-raconte\/\",\"url\":\"http:\/\/smallthings.fr\/lespetitslivres\/2018\/05\/13\/le-lambeau-philippe-lancon-raconte\/\",\"name\":\"Le lambeau, quand Philippe Lan\u00e7on raconte...\",\"isPartOf\":{\"@id\":\"https:\/\/smallthings.fr\/lespetitslivres\/#website\"},\"datePublished\":\"2018-05-13T15:00:47+00:00\",\"dateModified\":\"2018-05-12T15:49:21+00:00\",\"author\":{\"@id\":\"https:\/\/smallthings.fr\/lespetitslivres\/#\/schema\/person\/504d603cacfe064fe039dfa03a8b7918\"},\"description\":\"Le lambeau est le roman t\u00e9moignage de Philippe Lan\u00e7on, journaliste gravement bless\u00e9 lors de l'attentat \u00e0 la r\u00e9daction de Charlie Hebdo, le 7 janvier 2015. Il y raconte l'attentat, bien s\u00fbr, mais surtout son calvaire ensuite. Son s\u00e9jour interminable \u00e0 l'h\u00f4pital, les op\u00e9rations,\",\"breadcrumb\":{\"@id\":\"http:\/\/smallthings.fr\/lespetitslivres\/2018\/05\/13\/le-lambeau-philippe-lancon-raconte\/#breadcrumb\"},\"inLanguage\":\"fr-FR\",\"potentialAction\":[{\"@type\":\"ReadAction\",\"target\":[\"http:\/\/smallthings.fr\/lespetitslivres\/2018\/05\/13\/le-lambeau-philippe-lancon-raconte\/\"]}]},{\"@type\":\"BreadcrumbList\",\"@id\":\"http:\/\/smallthings.fr\/lespetitslivres\/2018\/05\/13\/le-lambeau-philippe-lancon-raconte\/#breadcrumb\",\"itemListElement\":[{\"@type\":\"ListItem\",\"position\":1,\"name\":\"Accueil\",\"item\":\"https:\/\/smallthings.fr\/lespetitslivres\/\"},{\"@type\":\"ListItem\",\"position\":2,\"name\":\"Le lambeau, quand Philippe Lan\u00e7on raconte&#8230;\"}]},{\"@type\":\"WebSite\",\"@id\":\"https:\/\/smallthings.fr\/lespetitslivres\/#website\",\"url\":\"https:\/\/smallthings.fr\/lespetitslivres\/\",\"name\":\"Les Petits Livres\",\"description\":\"by Small Things\",\"potentialAction\":[{\"@type\":\"SearchAction\",\"target\":{\"@type\":\"EntryPoint\",\"urlTemplate\":\"https:\/\/smallthings.fr\/lespetitslivres\/?s={search_term_string}\"},\"query-input\":\"required name=search_term_string\"}],\"inLanguage\":\"fr-FR\"},{\"@type\":\"Person\",\"@id\":\"https:\/\/smallthings.fr\/lespetitslivres\/#\/schema\/person\/504d603cacfe064fe039dfa03a8b7918\",\"name\":\"Claire\",\"image\":{\"@type\":\"ImageObject\",\"inLanguage\":\"fr-FR\",\"@id\":\"https:\/\/smallthings.fr\/lespetitslivres\/#\/schema\/person\/image\/\",\"url\":\"https:\/\/secure.gravatar.com\/avatar\/9a85ff83d76b3eb17b8cae208640786e?s=96&d=retro&r=g\",\"contentUrl\":\"https:\/\/secure.gravatar.com\/avatar\/9a85ff83d76b3eb17b8cae208640786e?s=96&d=retro&r=g\",\"caption\":\"Claire\"},\"url\":\"https:\/\/smallthings.fr\/lespetitslivres\/author\/claire\/\"}]}<\/script>\n<!-- \/ Yoast SEO plugin. -->","yoast_head_json":{"title":"Le lambeau, quand Philippe Lan\u00e7on raconte...","description":"Le lambeau est le roman t\u00e9moignage de Philippe Lan\u00e7on, journaliste gravement bless\u00e9 lors de l'attentat \u00e0 la r\u00e9daction de Charlie Hebdo, le 7 janvier 2015. Il y raconte l'attentat, bien s\u00fbr, mais surtout son calvaire ensuite. Son s\u00e9jour interminable \u00e0 l'h\u00f4pital, les op\u00e9rations,","robots":{"index":"index","follow":"follow","max-snippet":"max-snippet:-1","max-image-preview":"max-image-preview:large","max-video-preview":"max-video-preview:-1"},"canonical":"http:\/\/smallthings.fr\/lespetitslivres\/2018\/05\/13\/le-lambeau-philippe-lancon-raconte\/","og_locale":"fr_FR","og_type":"article","og_title":"Le lambeau, quand Philippe Lan\u00e7on raconte...","og_description":"Le lambeau est le roman t\u00e9moignage de Philippe Lan\u00e7on, journaliste gravement bless\u00e9 lors de l'attentat \u00e0 la r\u00e9daction de Charlie Hebdo, le 7 janvier 2015. Il y raconte l'attentat, bien s\u00fbr, mais surtout son calvaire ensuite. Son s\u00e9jour interminable \u00e0 l'h\u00f4pital, les op\u00e9rations,","og_url":"http:\/\/smallthings.fr\/lespetitslivres\/2018\/05\/13\/le-lambeau-philippe-lancon-raconte\/","og_site_name":"Les Petits Livres","article_published_time":"2018-05-13T15:00:47+00:00","article_modified_time":"2018-05-12T15:49:21+00:00","og_image":[{"width":1000,"height":625,"url":"https:\/\/i0.wp.com\/smallthings.fr\/lespetitslivres\/wp-content\/uploads\/2018\/05\/lambeau-lancon-cover.jpg?fit=1000%2C625","type":"image\/jpeg"}],"author":"Claire","twitter_card":"summary_large_image","twitter_misc":{"\u00c9crit par":"Claire","Dur\u00e9e de lecture estim\u00e9e":"3 minutes"},"schema":{"@context":"https:\/\/schema.org","@graph":[{"@type":"WebPage","@id":"http:\/\/smallthings.fr\/lespetitslivres\/2018\/05\/13\/le-lambeau-philippe-lancon-raconte\/","url":"http:\/\/smallthings.fr\/lespetitslivres\/2018\/05\/13\/le-lambeau-philippe-lancon-raconte\/","name":"Le lambeau, quand Philippe Lan\u00e7on raconte...","isPartOf":{"@id":"https:\/\/smallthings.fr\/lespetitslivres\/#website"},"datePublished":"2018-05-13T15:00:47+00:00","dateModified":"2018-05-12T15:49:21+00:00","author":{"@id":"https:\/\/smallthings.fr\/lespetitslivres\/#\/schema\/person\/504d603cacfe064fe039dfa03a8b7918"},"description":"Le lambeau est le roman t\u00e9moignage de Philippe Lan\u00e7on, journaliste gravement bless\u00e9 lors de l'attentat \u00e0 la r\u00e9daction de Charlie Hebdo, le 7 janvier 2015. Il y raconte l'attentat, bien s\u00fbr, mais surtout son calvaire ensuite. Son s\u00e9jour interminable \u00e0 l'h\u00f4pital, les op\u00e9rations,","breadcrumb":{"@id":"http:\/\/smallthings.fr\/lespetitslivres\/2018\/05\/13\/le-lambeau-philippe-lancon-raconte\/#breadcrumb"},"inLanguage":"fr-FR","potentialAction":[{"@type":"ReadAction","target":["http:\/\/smallthings.fr\/lespetitslivres\/2018\/05\/13\/le-lambeau-philippe-lancon-raconte\/"]}]},{"@type":"BreadcrumbList","@id":"http:\/\/smallthings.fr\/lespetitslivres\/2018\/05\/13\/le-lambeau-philippe-lancon-raconte\/#breadcrumb","itemListElement":[{"@type":"ListItem","position":1,"name":"Accueil","item":"https:\/\/smallthings.fr\/lespetitslivres\/"},{"@type":"ListItem","position":2,"name":"Le lambeau, quand Philippe Lan\u00e7on raconte&#8230;"}]},{"@type":"WebSite","@id":"https:\/\/smallthings.fr\/lespetitslivres\/#website","url":"https:\/\/smallthings.fr\/lespetitslivres\/","name":"Les Petits Livres","description":"by Small Things","potentialAction":[{"@type":"SearchAction","target":{"@type":"EntryPoint","urlTemplate":"https:\/\/smallthings.fr\/lespetitslivres\/?s={search_term_string}"},"query-input":"required name=search_term_string"}],"inLanguage":"fr-FR"},{"@type":"Person","@id":"https:\/\/smallthings.fr\/lespetitslivres\/#\/schema\/person\/504d603cacfe064fe039dfa03a8b7918","name":"Claire","image":{"@type":"ImageObject","inLanguage":"fr-FR","@id":"https:\/\/smallthings.fr\/lespetitslivres\/#\/schema\/person\/image\/","url":"https:\/\/secure.gravatar.com\/avatar\/9a85ff83d76b3eb17b8cae208640786e?s=96&d=retro&r=g","contentUrl":"https:\/\/secure.gravatar.com\/avatar\/9a85ff83d76b3eb17b8cae208640786e?s=96&d=retro&r=g","caption":"Claire"},"url":"https:\/\/smallthings.fr\/lespetitslivres\/author\/claire\/"}]}},"jetpack_featured_media_url":"https:\/\/smallthings.fr\/lespetitslivres\/wp-content\/uploads\/2018\/05\/lambeau-lancon-cover.jpg","jetpack_sharing_enabled":true,"jetpack_shortlink":"https:\/\/wp.me\/p6Un21-8eE","jetpack-related-posts":[{"id":30659,"url":"https:\/\/smallthings.fr\/lespetitslivres\/2017\/01\/15\/je-vous-sauverai-tous-freche-avis\/","url_meta":{"origin":31660,"position":0},"title":"Je vous sauverai tous, le signal d&rsquo;alarme d\u2019\u00c9milie Fr\u00e8che","author":"Claire","date":"15 janvier 2017","format":false,"excerpt":"Je vous sauverai tous est le nouveau livre d'\u00c9milie Fr\u00e8che, tout r\u00e9cemment paru chez Hachette romans. Pour aborder le sujet de l'embrigadement des jeunes filles par Daech, elle choisit la forme du journal intime. Les voix d'\u00c9l\u00e9a, de sa m\u00e8re et de son p\u00e8re, se croisent pour raconter l'impensable. \u00c9l\u00e9a\u2026","rel":"","context":"Dans &quot;Roman fran\u00e7ais&quot;","block_context":{"text":"Roman fran\u00e7ais","link":"https:\/\/smallthings.fr\/lespetitslivres\/category\/roman\/roman-francais\/"},"img":{"alt_text":"","src":"https:\/\/i0.wp.com\/smallthings.fr\/lespetitslivres\/wp-content\/uploads\/2017\/01\/je-vous-sauverai-tous-couv.jpg?resize=350%2C200&ssl=1","width":350,"height":200,"srcset":"https:\/\/i0.wp.com\/smallthings.fr\/lespetitslivres\/wp-content\/uploads\/2017\/01\/je-vous-sauverai-tous-couv.jpg?resize=350%2C200&ssl=1 1x, https:\/\/i0.wp.com\/smallthings.fr\/lespetitslivres\/wp-content\/uploads\/2017\/01\/je-vous-sauverai-tous-couv.jpg?resize=525%2C300&ssl=1 1.5x"},"classes":[]},{"id":8344,"url":"https:\/\/smallthings.fr\/lespetitslivres\/2013\/10\/09\/chat-revisite-bible\/","url_meta":{"origin":31660,"position":1},"title":"Le Chat revisite la Bible","author":"Claire","date":"9 octobre 2013","format":false,"excerpt":"Le Chat revient ! \u00e7a faisait longtemps que Philippe Geluck ne nous avait pas concoct\u00e9 un petit recueil dont il a le secret.","rel":"","context":"Dans &quot;BD&quot;","block_context":{"text":"BD","link":"https:\/\/smallthings.fr\/lespetitslivres\/category\/bd-manga\/bd\/"},"img":{"alt_text":"bible-selon-le-chat","src":"https:\/\/i0.wp.com\/uploads.smallthings.fr\/2013\/10\/BIBLE-COFFRET.jpg?resize=350%2C200","width":350,"height":200,"srcset":"https:\/\/i0.wp.com\/uploads.smallthings.fr\/2013\/10\/BIBLE-COFFRET.jpg?resize=350%2C200 1x, https:\/\/i0.wp.com\/uploads.smallthings.fr\/2013\/10\/BIBLE-COFFRET.jpg?resize=525%2C300 1.5x"},"classes":[]},{"id":8060,"url":"https:\/\/smallthings.fr\/lespetitslivres\/2013\/10\/02\/billie-anna-gavalda\/","url_meta":{"origin":31660,"position":2},"title":"Billie &#8211; Anna Gavalda","author":"Claire","date":"2 octobre 2013","format":false,"excerpt":"C'est avec Billie qu'Anna Gavalda fait aujourd'hui son grand retour. Un roman court mais ultra dense, des personnages forts, en marge.","rel":"","context":"Dans &quot;Roman fran\u00e7ais&quot;","block_context":{"text":"Roman fran\u00e7ais","link":"https:\/\/smallthings.fr\/lespetitslivres\/category\/roman\/roman-francais\/"},"img":{"alt_text":"Anna Gavalda \/ \u00c2\u00a9 Alexandre Isar - Le Dilettante","src":"https:\/\/i0.wp.com\/uploads.smallthings.fr\/2013\/09\/anna-gavalda-bureau-12a44.jpg?resize=350%2C200","width":350,"height":200},"classes":[]},{"id":31463,"url":"https:\/\/smallthings.fr\/lespetitslivres\/2018\/01\/03\/les-loyautes-delphine-de-vigan\/","url_meta":{"origin":31660,"position":3},"title":"Les loyaut\u00e9s, nouvelle p\u00e9pite de Delphine de Vigan","author":"Claire","date":"3 janvier 2018","format":false,"excerpt":"C'est un roman choral audacieux et ac\u00e9r\u00e9 que Delphine de Vigan nous propose pour cette rentr\u00e9e de janvier chez Latt\u00e8s. Le titre, Les loyaut\u00e9s, en est comme l'explication de texte permanente que l'on se rappelle tout au long de la lecture pour faire r\u00e9sonner les mots \u00e0 sa lumi\u00e8re. L'histoire\u2026","rel":"","context":"Dans &quot;Roman fran\u00e7ais&quot;","block_context":{"text":"Roman fran\u00e7ais","link":"https:\/\/smallthings.fr\/lespetitslivres\/category\/roman\/roman-francais\/"},"img":{"alt_text":"","src":"https:\/\/i0.wp.com\/smallthings.fr\/lespetitslivres\/wp-content\/uploads\/2018\/01\/Delphine-de-Vigan-scaled.jpg?resize=350%2C200&ssl=1","width":350,"height":200,"srcset":"https:\/\/i0.wp.com\/smallthings.fr\/lespetitslivres\/wp-content\/uploads\/2018\/01\/Delphine-de-Vigan-scaled.jpg?resize=350%2C200&ssl=1 1x, https:\/\/i0.wp.com\/smallthings.fr\/lespetitslivres\/wp-content\/uploads\/2018\/01\/Delphine-de-Vigan-scaled.jpg?resize=525%2C300&ssl=1 1.5x, https:\/\/i0.wp.com\/smallthings.fr\/lespetitslivres\/wp-content\/uploads\/2018\/01\/Delphine-de-Vigan-scaled.jpg?resize=700%2C400&ssl=1 2x, https:\/\/i0.wp.com\/smallthings.fr\/lespetitslivres\/wp-content\/uploads\/2018\/01\/Delphine-de-Vigan-scaled.jpg?resize=1050%2C600&ssl=1 3x, https:\/\/i0.wp.com\/smallthings.fr\/lespetitslivres\/wp-content\/uploads\/2018\/01\/Delphine-de-Vigan-scaled.jpg?resize=1400%2C800&ssl=1 4x"},"classes":[]},{"id":29030,"url":"https:\/\/smallthings.fr\/lespetitslivres\/2015\/11\/04\/maintenant-qu-il-est-trop-tard-critique\/","url_meta":{"origin":31660,"position":4},"title":"Maintenant qu\u2019il est trop tard : comment Tortue s&rsquo;est faite kidnapper par le P\u00e8re No\u00ebl","author":"Jennifer","date":"4 novembre 2015","format":false,"excerpt":"Maintenant qu\u2019il est trop tard est un roman de Jessica Warman, paru le 15 octobre aux \u00e9ditions Pocket Jeunesse. Il raconte un drame familial\u00a0: comment le P\u00e8re No\u00ebl a enlev\u00e9 la jeune Tortue un soir du nouvel an devant les yeux de sa s\u0153ur et de leur jeune voisin. Un\u2026","rel":"","context":"Dans &quot;Thriller&quot;","block_context":{"text":"Thriller","link":"https:\/\/smallthings.fr\/lespetitslivres\/category\/thriller\/"},"img":{"alt_text":"","src":"https:\/\/i0.wp.com\/smallthings.fr\/lespetitslivres\/wp-content\/uploads\/2015\/11\/maintenant-qu-il-est-trop-tard-couv-2.jpg?resize=350%2C200&ssl=1","width":350,"height":200},"classes":[]},{"id":30867,"url":"https:\/\/smallthings.fr\/lespetitslivres\/2017\/03\/10\/avant-ombres-s-effacent-dalembert\/","url_meta":{"origin":31660,"position":5},"title":"Avant que les ombres s\u2019effacent : apr\u00e8s l\u2019errance, Ha\u00efti","author":"Diane Norric","date":"10 mars 2017","format":false,"excerpt":"N\u00e9 en 1962, l\u2019\u00e9crivain ha\u00eftien Louis-Philippe Dalembert peut se targuer d\u2019une \u0153uvre abondante et vari\u00e9e, o\u00f9 les romans c\u00f4toient la po\u00e9sie et l\u2019essai, et o\u00f9 le cr\u00e9ole rivalise avec le fran\u00e7ais. Avec Avant que les ombres s\u2019effacent, il revient avec un roman, mais s\u2019offre un nouvel \u00e9diteur\u00a0: Sabine Wespieser. Un\u2026","rel":"","context":"Dans &quot;Roman \u00e9tranger&quot;","block_context":{"text":"Roman \u00e9tranger","link":"https:\/\/smallthings.fr\/lespetitslivres\/category\/roman\/roman-etranger\/"},"img":{"alt_text":"","src":"https:\/\/i0.wp.com\/smallthings.fr\/lespetitslivres\/wp-content\/uploads\/2017\/03\/dalembert-ombres-haiti.jpg?resize=350%2C200&ssl=1","width":350,"height":200,"srcset":"https:\/\/i0.wp.com\/smallthings.fr\/lespetitslivres\/wp-content\/uploads\/2017\/03\/dalembert-ombres-haiti.jpg?resize=350%2C200&ssl=1 1x, https:\/\/i0.wp.com\/smallthings.fr\/lespetitslivres\/wp-content\/uploads\/2017\/03\/dalembert-ombres-haiti.jpg?resize=525%2C300&ssl=1 1.5x"},"classes":[]}],"_links":{"self":[{"href":"https:\/\/smallthings.fr\/lespetitslivres\/wp-json\/wp\/v2\/posts\/31660"}],"collection":[{"href":"https:\/\/smallthings.fr\/lespetitslivres\/wp-json\/wp\/v2\/posts"}],"about":[{"href":"https:\/\/smallthings.fr\/lespetitslivres\/wp-json\/wp\/v2\/types\/post"}],"author":[{"embeddable":true,"href":"https:\/\/smallthings.fr\/lespetitslivres\/wp-json\/wp\/v2\/users\/2"}],"replies":[{"embeddable":true,"href":"https:\/\/smallthings.fr\/lespetitslivres\/wp-json\/wp\/v2\/comments?post=31660"}],"version-history":[{"count":1,"href":"https:\/\/smallthings.fr\/lespetitslivres\/wp-json\/wp\/v2\/posts\/31660\/revisions"}],"predecessor-version":[{"id":31663,"href":"https:\/\/smallthings.fr\/lespetitslivres\/wp-json\/wp\/v2\/posts\/31660\/revisions\/31663"}],"wp:featuredmedia":[{"embeddable":true,"href":"https:\/\/smallthings.fr\/lespetitslivres\/wp-json\/wp\/v2\/media\/31661"}],"wp:attachment":[{"href":"https:\/\/smallthings.fr\/lespetitslivres\/wp-json\/wp\/v2\/media?parent=31660"}],"wp:term":[{"taxonomy":"category","embeddable":true,"href":"https:\/\/smallthings.fr\/lespetitslivres\/wp-json\/wp\/v2\/categories?post=31660"},{"taxonomy":"post_tag","embeddable":true,"href":"https:\/\/smallthings.fr\/lespetitslivres\/wp-json\/wp\/v2\/tags?post=31660"}],"curies":[{"name":"wp","href":"https:\/\/api.w.org\/{rel}","templated":true}]}}