{"id":31647,"date":"2018-05-24T13:19:18","date_gmt":"2018-05-24T12:19:18","guid":{"rendered":"http:\/\/smallthings.fr\/lespetitslivres\/?p=31647"},"modified":"2018-05-24T16:55:42","modified_gmt":"2018-05-24T15:55:42","slug":"forme-de-l-eau-livre-audio","status":"publish","type":"post","link":"https:\/\/smallthings.fr\/lespetitslivres\/2018\/05\/24\/forme-de-l-eau-livre-audio\/","title":{"rendered":"La Forme de l&rsquo;eau, de Guillermo Del Toro et Daniel Kraus en livre audio"},"content":{"rendered":"<h2><em>La Forme de l&rsquo;eau<\/em> est \u00e0 d\u00e9couvrir en livre audio chez <a href=\"https:\/\/www.audible.fr\/pd\/Thriller-et-SF\/La-forme-de-leau-Livre-Audio\/B07B3ZGYX7\">Audible<\/a>. Il s&rsquo;agit de la nov\u00e9lisation par Daniel Kraus du film de Guillermo Del Toro, sorti au cin\u00e9ma en mars dernier et qui a remport\u00e9 l&rsquo;Oscar du meilleur film. Le livre se veut bien s\u00fbr le reflet du film, mais pas seulement. Il est bien plus que cela car il d\u00e9veloppe des aspects de l&rsquo;histoire survol\u00e9s voire absents du film.<\/h2>\n<p>Si vous n&rsquo;avez pas vu <em>La Forme de l&rsquo;eau<\/em>, vous avez forc\u00e9ment quelques images en t\u00eate. Le film m&rsquo;avait s\u00e9duite par son caract\u00e8re onirique, presque mythologique. On est surtout fascin\u00e9 par l&rsquo;esth\u00e9tique, la po\u00e9sie des images et l&rsquo;univers \u00e0 part enti\u00e8re que Guillermo Del Toro d\u00e9roule sous nos yeux. <strong>Le livre aborde un tout autre pan de l&rsquo;histoire, en d\u00e9veloppant \u00e0 la perfection la psychologie des personnages<\/strong>.<\/p>\n<p>Ces personnages gagnent en simplicit\u00e9. <strong>On se sent plus proches d&rsquo;eux et on s&rsquo;y identifie beaucoup plus facilement que dans le film<\/strong>. Le livre fait davantage de sociologie, si l&rsquo;on peut dire, notamment \u00e0 travers les personnages de Giles et d&rsquo;Elaine. Giles, vieux c\u00e9libataire, qui aime les hommes et ne sait comment s&rsquo;y prendre dans cette soci\u00e9t\u00e9 qui ne veut pas de lui. Et Elaine, l&rsquo;\u00e9pouse domestique d\u00e9laiss\u00e9e. Et bien s\u00fbr, cette jeune femme muette et romantique, inadapt\u00e9e et incomprise, qui prendra un virage d\u00e9sesp\u00e9r\u00e9.<\/p>\n<p><img loading=\"lazy\" decoding=\"async\" data-attachment-id=\"31666\" data-permalink=\"https:\/\/smallthings.fr\/lespetitslivres\/2018\/05\/24\/forme-de-l-eau-livre-audio\/forme-de-l-eau\/\" data-orig-file=\"https:\/\/smallthings.fr\/lespetitslivres\/wp-content\/uploads\/2018\/05\/forme-de-l-eau.jpg\" data-orig-size=\"500,500\" data-comments-opened=\"1\" data-image-meta=\"{&quot;aperture&quot;:&quot;0&quot;,&quot;credit&quot;:&quot;&quot;,&quot;camera&quot;:&quot;&quot;,&quot;caption&quot;:&quot;&quot;,&quot;created_timestamp&quot;:&quot;0&quot;,&quot;copyright&quot;:&quot;&quot;,&quot;focal_length&quot;:&quot;0&quot;,&quot;iso&quot;:&quot;0&quot;,&quot;shutter_speed&quot;:&quot;0&quot;,&quot;title&quot;:&quot;&quot;,&quot;orientation&quot;:&quot;0&quot;}\" data-image-title=\"forme-de-l-eau\" data-image-description=\"\" data-image-caption=\"\" data-medium-file=\"https:\/\/smallthings.fr\/lespetitslivres\/wp-content\/uploads\/2018\/05\/forme-de-l-eau-300x300.jpg\" data-large-file=\"https:\/\/smallthings.fr\/lespetitslivres\/wp-content\/uploads\/2018\/05\/forme-de-l-eau.jpg\" class=\"alignleft wp-image-31666\" src=\"http:\/\/smallthings.fr\/lespetitslivres\/wp-content\/uploads\/2018\/05\/forme-de-l-eau.jpg\" alt=\"\" width=\"281\" height=\"281\" srcset=\"https:\/\/smallthings.fr\/lespetitslivres\/wp-content\/uploads\/2018\/05\/forme-de-l-eau.jpg 500w, https:\/\/smallthings.fr\/lespetitslivres\/wp-content\/uploads\/2018\/05\/forme-de-l-eau-300x300.jpg 300w, https:\/\/smallthings.fr\/lespetitslivres\/wp-content\/uploads\/2018\/05\/forme-de-l-eau-150x150.jpg 150w\" sizes=\"(max-width: 281px) 100vw, 281px\" \/><\/p>\n<p>On plonge \u00e0 pieds joints dans cet univers fantastique, cette histoire d&rsquo;amour impossible et improbable, entre une cr\u00e9ature des eaux, ni monstre mi dieu, et cette jeune femme. <strong>L&rsquo;audio garantit bien s\u00fbr cette immersion. On oublie tout tandis que l&rsquo;histoire se d\u00e9roule<\/strong>. La lectrice, Manon Jomain, s&rsquo;applique \u00e0 adapter sa voix et ses intonations aux personnages.<\/p>\n<p>Beaucoup plus que dans le film, on s&rsquo;arr\u00eate sur le destin de chacun des personnages. La r\u00e9alit\u00e9 de leur d\u00e9sespoir, de leurs doutes, leurs frustrations, est temporis\u00e9e par la tendresse avec laquelle les auteurs &#8211; et par extension la lectrice &#8211; se penchent sur leurs cas. On s&rsquo;attache tout particuli\u00e8rement et contre tout attente \u00e0 Elaine, la femme de l&rsquo;\u00e9go\u00efste et cruel explorateur Strickland, et \u00e0 Giles, l&rsquo;ami et voisin d&rsquo;Elisa, coinc\u00e9 dans un monde o\u00f9 aimer les hommes quand on en est un est tout sauf \u00e9vident.<\/p>\n<p>Tout comme <em>La Forme de l&rsquo;eau<\/em> le film, on est fascin\u00e9 par cette relation que vont entretenir Elisa et la cr\u00e9ature. Sauf que le livre fait durer le teasing beaucoup plus longtemps, ce qui est tr\u00e8s int\u00e9ressant. <strong>On en apprend plus sur l&rsquo;exp\u00e9dition, son c\u00f4t\u00e9 extr\u00eame et dangereux. Ce qu&rsquo;il a fallu braver pour capturer la cr\u00e9ature et les s\u00e9quelles de l&rsquo;\u00e9quipe<\/strong>. Un c\u00f4t\u00e9 un peu fou et d\u00e9raisonn\u00e9 \u00e9mane de cette aventure qui n&rsquo;a pour but que la gloire personnelle, au d\u00e9triment de la recherche scientifique et du respect des peuples.<\/p>\n<p><strong>Le livre audio <em>La Forme de l&rsquo;eau<\/em> est une exp\u00e9rience \u00e0 part enti\u00e8re. L&rsquo;audio permet de s&rsquo;immerger compl\u00e8tement dans cet univers fantastique \u00e0 tout point de vue. Et le livre d\u00e9veloppe des \u00e9l\u00e9ments de l&rsquo;histoire qui s&rsquo;av\u00e8rent passionnants.<\/strong><\/p>\n","protected":false},"excerpt":{"rendered":"<p>La Forme de l&rsquo;eau est \u00e0 d\u00e9couvrir en livre audio chez Audible. Il s&rsquo;agit de la nov\u00e9lisation par Daniel Kraus du film de Guillermo Del Toro, sorti au cin\u00e9ma en mars dernier et qui a remport\u00e9 l&rsquo;Oscar du meilleur film. Le livre se veut bien s\u00fbr le reflet du film, mais pas seulement. Il est<\/p>\n","protected":false},"author":2,"featured_media":31648,"comment_status":"open","ping_status":"open","sticky":false,"template":"","format":"standard","meta":{"jetpack_post_was_ever_published":false,"_jetpack_newsletter_access":"","_jetpack_newsletter_tier_id":0,"footnotes":"","jetpack_publicize_message":"","jetpack_is_tweetstorm":false,"jetpack_publicize_feature_enabled":true,"jetpack_social_post_already_shared":true,"jetpack_social_options":{"image_generator_settings":{"template":"highway","enabled":false}}},"categories":[1109],"tags":[1604,2038,2037,2039,571,1823],"jetpack_publicize_connections":[],"yoast_head":"<!-- This site is optimized with the Yoast SEO plugin v21.5 - https:\/\/yoast.com\/wordpress\/plugins\/seo\/ -->\n<title>La Forme de l&#039;eau, de Guillermo Del Toro et Daniel Kraus en livre audio<\/title>\n<meta name=\"description\" content=\"La Forme de l&#039;eau est \u00e0 d\u00e9couvrir en livre audio chez Audible. Il s&#039;agit de la nov\u00e9lisation par Daniel Kraus du film de Guillermo Del Toro, sorti au cin\u00e9ma en mars dernier et qui a remport\u00e9 l&#039;Oscar du meilleur film. Le livre se veut bien s\u00fbr le reflet du film, mais pas seulement. Il est bien plus que cela il d\u00e9veloppe\" \/>\n<meta name=\"robots\" content=\"index, follow, max-snippet:-1, max-image-preview:large, max-video-preview:-1\" \/>\n<link rel=\"canonical\" href=\"http:\/\/smallthings.fr\/lespetitslivres\/2018\/05\/24\/forme-de-l-eau-livre-audio\/\" \/>\n<meta property=\"og:locale\" content=\"fr_FR\" \/>\n<meta property=\"og:type\" content=\"article\" \/>\n<meta property=\"og:title\" content=\"La Forme de l&#039;eau, de Guillermo Del Toro et Daniel Kraus en livre audio\" \/>\n<meta property=\"og:description\" content=\"La Forme de l&#039;eau est \u00e0 d\u00e9couvrir en livre audio chez Audible. Il s&#039;agit de la nov\u00e9lisation par Daniel Kraus du film de Guillermo Del Toro, sorti au cin\u00e9ma en mars dernier et qui a remport\u00e9 l&#039;Oscar du meilleur film. Le livre se veut bien s\u00fbr le reflet du film, mais pas seulement. Il est bien plus que cela il d\u00e9veloppe\" \/>\n<meta property=\"og:url\" content=\"http:\/\/smallthings.fr\/lespetitslivres\/2018\/05\/24\/forme-de-l-eau-livre-audio\/\" \/>\n<meta property=\"og:site_name\" content=\"Les Petits Livres\" \/>\n<meta property=\"article:published_time\" content=\"2018-05-24T12:19:18+00:00\" \/>\n<meta property=\"article:modified_time\" content=\"2018-05-24T15:55:42+00:00\" \/>\n<meta property=\"og:image\" content=\"https:\/\/i0.wp.com\/smallthings.fr\/lespetitslivres\/wp-content\/uploads\/2018\/05\/forme-de-l-eau-livre-audio-cover.png?fit=1019%2C565\" \/>\n\t<meta property=\"og:image:width\" content=\"1019\" \/>\n\t<meta property=\"og:image:height\" content=\"565\" \/>\n\t<meta property=\"og:image:type\" content=\"image\/png\" \/>\n<meta name=\"author\" content=\"Claire\" \/>\n<meta name=\"twitter:card\" content=\"summary_large_image\" \/>\n<meta name=\"twitter:label1\" content=\"\u00c9crit par\" \/>\n\t<meta name=\"twitter:data1\" content=\"Claire\" \/>\n\t<meta name=\"twitter:label2\" content=\"Dur\u00e9e de lecture estim\u00e9e\" \/>\n\t<meta name=\"twitter:data2\" content=\"3 minutes\" \/>\n<script type=\"application\/ld+json\" class=\"yoast-schema-graph\">{\"@context\":\"https:\/\/schema.org\",\"@graph\":[{\"@type\":\"WebPage\",\"@id\":\"http:\/\/smallthings.fr\/lespetitslivres\/2018\/05\/24\/forme-de-l-eau-livre-audio\/\",\"url\":\"http:\/\/smallthings.fr\/lespetitslivres\/2018\/05\/24\/forme-de-l-eau-livre-audio\/\",\"name\":\"La Forme de l'eau, de Guillermo Del Toro et Daniel Kraus en livre audio\",\"isPartOf\":{\"@id\":\"https:\/\/smallthings.fr\/lespetitslivres\/#website\"},\"datePublished\":\"2018-05-24T12:19:18+00:00\",\"dateModified\":\"2018-05-24T15:55:42+00:00\",\"author\":{\"@id\":\"https:\/\/smallthings.fr\/lespetitslivres\/#\/schema\/person\/504d603cacfe064fe039dfa03a8b7918\"},\"description\":\"La Forme de l'eau est \u00e0 d\u00e9couvrir en livre audio chez Audible. Il s'agit de la nov\u00e9lisation par Daniel Kraus du film de Guillermo Del Toro, sorti au cin\u00e9ma en mars dernier et qui a remport\u00e9 l'Oscar du meilleur film. Le livre se veut bien s\u00fbr le reflet du film, mais pas seulement. Il est bien plus que cela il d\u00e9veloppe\",\"breadcrumb\":{\"@id\":\"http:\/\/smallthings.fr\/lespetitslivres\/2018\/05\/24\/forme-de-l-eau-livre-audio\/#breadcrumb\"},\"inLanguage\":\"fr-FR\",\"potentialAction\":[{\"@type\":\"ReadAction\",\"target\":[\"http:\/\/smallthings.fr\/lespetitslivres\/2018\/05\/24\/forme-de-l-eau-livre-audio\/\"]}]},{\"@type\":\"BreadcrumbList\",\"@id\":\"http:\/\/smallthings.fr\/lespetitslivres\/2018\/05\/24\/forme-de-l-eau-livre-audio\/#breadcrumb\",\"itemListElement\":[{\"@type\":\"ListItem\",\"position\":1,\"name\":\"Accueil\",\"item\":\"https:\/\/smallthings.fr\/lespetitslivres\/\"},{\"@type\":\"ListItem\",\"position\":2,\"name\":\"La Forme de l&rsquo;eau, de Guillermo Del Toro et Daniel Kraus en livre audio\"}]},{\"@type\":\"WebSite\",\"@id\":\"https:\/\/smallthings.fr\/lespetitslivres\/#website\",\"url\":\"https:\/\/smallthings.fr\/lespetitslivres\/\",\"name\":\"Les Petits Livres\",\"description\":\"by Small Things\",\"potentialAction\":[{\"@type\":\"SearchAction\",\"target\":{\"@type\":\"EntryPoint\",\"urlTemplate\":\"https:\/\/smallthings.fr\/lespetitslivres\/?s={search_term_string}\"},\"query-input\":\"required name=search_term_string\"}],\"inLanguage\":\"fr-FR\"},{\"@type\":\"Person\",\"@id\":\"https:\/\/smallthings.fr\/lespetitslivres\/#\/schema\/person\/504d603cacfe064fe039dfa03a8b7918\",\"name\":\"Claire\",\"image\":{\"@type\":\"ImageObject\",\"inLanguage\":\"fr-FR\",\"@id\":\"https:\/\/smallthings.fr\/lespetitslivres\/#\/schema\/person\/image\/\",\"url\":\"https:\/\/secure.gravatar.com\/avatar\/9a85ff83d76b3eb17b8cae208640786e?s=96&d=retro&r=g\",\"contentUrl\":\"https:\/\/secure.gravatar.com\/avatar\/9a85ff83d76b3eb17b8cae208640786e?s=96&d=retro&r=g\",\"caption\":\"Claire\"},\"url\":\"https:\/\/smallthings.fr\/lespetitslivres\/author\/claire\/\"}]}<\/script>\n<!-- \/ Yoast SEO plugin. -->","yoast_head_json":{"title":"La Forme de l'eau, de Guillermo Del Toro et Daniel Kraus en livre audio","description":"La Forme de l'eau est \u00e0 d\u00e9couvrir en livre audio chez Audible. Il s'agit de la nov\u00e9lisation par Daniel Kraus du film de Guillermo Del Toro, sorti au cin\u00e9ma en mars dernier et qui a remport\u00e9 l'Oscar du meilleur film. Le livre se veut bien s\u00fbr le reflet du film, mais pas seulement. Il est bien plus que cela il d\u00e9veloppe","robots":{"index":"index","follow":"follow","max-snippet":"max-snippet:-1","max-image-preview":"max-image-preview:large","max-video-preview":"max-video-preview:-1"},"canonical":"http:\/\/smallthings.fr\/lespetitslivres\/2018\/05\/24\/forme-de-l-eau-livre-audio\/","og_locale":"fr_FR","og_type":"article","og_title":"La Forme de l'eau, de Guillermo Del Toro et Daniel Kraus en livre audio","og_description":"La Forme de l'eau est \u00e0 d\u00e9couvrir en livre audio chez Audible. Il s'agit de la nov\u00e9lisation par Daniel Kraus du film de Guillermo Del Toro, sorti au cin\u00e9ma en mars dernier et qui a remport\u00e9 l'Oscar du meilleur film. Le livre se veut bien s\u00fbr le reflet du film, mais pas seulement. Il est bien plus que cela il d\u00e9veloppe","og_url":"http:\/\/smallthings.fr\/lespetitslivres\/2018\/05\/24\/forme-de-l-eau-livre-audio\/","og_site_name":"Les Petits Livres","article_published_time":"2018-05-24T12:19:18+00:00","article_modified_time":"2018-05-24T15:55:42+00:00","og_image":[{"width":1019,"height":565,"url":"https:\/\/i0.wp.com\/smallthings.fr\/lespetitslivres\/wp-content\/uploads\/2018\/05\/forme-de-l-eau-livre-audio-cover.png?fit=1019%2C565","type":"image\/png"}],"author":"Claire","twitter_card":"summary_large_image","twitter_misc":{"\u00c9crit par":"Claire","Dur\u00e9e de lecture estim\u00e9e":"3 minutes"},"schema":{"@context":"https:\/\/schema.org","@graph":[{"@type":"WebPage","@id":"http:\/\/smallthings.fr\/lespetitslivres\/2018\/05\/24\/forme-de-l-eau-livre-audio\/","url":"http:\/\/smallthings.fr\/lespetitslivres\/2018\/05\/24\/forme-de-l-eau-livre-audio\/","name":"La Forme de l'eau, de Guillermo Del Toro et Daniel Kraus en livre audio","isPartOf":{"@id":"https:\/\/smallthings.fr\/lespetitslivres\/#website"},"datePublished":"2018-05-24T12:19:18+00:00","dateModified":"2018-05-24T15:55:42+00:00","author":{"@id":"https:\/\/smallthings.fr\/lespetitslivres\/#\/schema\/person\/504d603cacfe064fe039dfa03a8b7918"},"description":"La Forme de l'eau est \u00e0 d\u00e9couvrir en livre audio chez Audible. Il s'agit de la nov\u00e9lisation par Daniel Kraus du film de Guillermo Del Toro, sorti au cin\u00e9ma en mars dernier et qui a remport\u00e9 l'Oscar du meilleur film. Le livre se veut bien s\u00fbr le reflet du film, mais pas seulement. Il est bien plus que cela il d\u00e9veloppe","breadcrumb":{"@id":"http:\/\/smallthings.fr\/lespetitslivres\/2018\/05\/24\/forme-de-l-eau-livre-audio\/#breadcrumb"},"inLanguage":"fr-FR","potentialAction":[{"@type":"ReadAction","target":["http:\/\/smallthings.fr\/lespetitslivres\/2018\/05\/24\/forme-de-l-eau-livre-audio\/"]}]},{"@type":"BreadcrumbList","@id":"http:\/\/smallthings.fr\/lespetitslivres\/2018\/05\/24\/forme-de-l-eau-livre-audio\/#breadcrumb","itemListElement":[{"@type":"ListItem","position":1,"name":"Accueil","item":"https:\/\/smallthings.fr\/lespetitslivres\/"},{"@type":"ListItem","position":2,"name":"La Forme de l&rsquo;eau, de Guillermo Del Toro et Daniel Kraus en livre audio"}]},{"@type":"WebSite","@id":"https:\/\/smallthings.fr\/lespetitslivres\/#website","url":"https:\/\/smallthings.fr\/lespetitslivres\/","name":"Les Petits Livres","description":"by Small Things","potentialAction":[{"@type":"SearchAction","target":{"@type":"EntryPoint","urlTemplate":"https:\/\/smallthings.fr\/lespetitslivres\/?s={search_term_string}"},"query-input":"required name=search_term_string"}],"inLanguage":"fr-FR"},{"@type":"Person","@id":"https:\/\/smallthings.fr\/lespetitslivres\/#\/schema\/person\/504d603cacfe064fe039dfa03a8b7918","name":"Claire","image":{"@type":"ImageObject","inLanguage":"fr-FR","@id":"https:\/\/smallthings.fr\/lespetitslivres\/#\/schema\/person\/image\/","url":"https:\/\/secure.gravatar.com\/avatar\/9a85ff83d76b3eb17b8cae208640786e?s=96&d=retro&r=g","contentUrl":"https:\/\/secure.gravatar.com\/avatar\/9a85ff83d76b3eb17b8cae208640786e?s=96&d=retro&r=g","caption":"Claire"},"url":"https:\/\/smallthings.fr\/lespetitslivres\/author\/claire\/"}]}},"jetpack_featured_media_url":"https:\/\/smallthings.fr\/lespetitslivres\/wp-content\/uploads\/2018\/05\/forme-de-l-eau-livre-audio-cover.png","jetpack_sharing_enabled":true,"jetpack_shortlink":"https:\/\/wp.me\/p6Un21-8er","jetpack-related-posts":[{"id":30559,"url":"https:\/\/smallthings.fr\/lespetitslivres\/2016\/12\/19\/livre-audio-test-audible-avis\/","url_meta":{"origin":31647,"position":0},"title":"On a test\u00e9 Audible. Le livre audio, c&rsquo;est comment ?","author":"Claire","date":"19 d\u00e9cembre 2016","format":false,"excerpt":"On n'y pense pas assez, mais le livre audio peut se r\u00e9v\u00e9ler id\u00e9al dans diverses situations, quand on a l'habitude de prendre les transport ou de faire de grandes marches \u00e0 pied... Quand on fait une activit\u00e9 manuelle, du footing... etc. C'est ce que nous avons r\u00e9cemment exp\u00e9riment\u00e9, gr\u00e2ce \u00e0\u2026","rel":"","context":"Dans &quot;Num\u00e9rique et audio&quot;","block_context":{"text":"Num\u00e9rique et audio","link":"https:\/\/smallthings.fr\/lespetitslivres\/category\/numerique-audio\/"},"img":{"alt_text":"","src":"https:\/\/i0.wp.com\/smallthings.fr\/lespetitslivres\/wp-content\/uploads\/2016\/12\/audible-couv.png?resize=350%2C200&ssl=1","width":350,"height":200},"classes":[]},{"id":31328,"url":"https:\/\/smallthings.fr\/lespetitslivres\/2017\/10\/16\/j-aime-sexe-prefere-pizza-livre-audio\/","url_meta":{"origin":31647,"position":1},"title":"J&rsquo;aime le sexe mais je pr\u00e9f\u00e8re la pizza&#8230; et en livre audio !","author":"Claire","date":"16 octobre 2017","format":false,"excerpt":"Il y a des livres qu'on dirait faits pour \u00eatre \u00e9couter. C'est compl\u00e8tement le cas de J'aime le sexe mais je pr\u00e9f\u00e8re la pizza, de Thomas Rapha\u00ebl, lu par lui-m\u00eame. Il est dispo chez Audible depuis quelques semaines, et c'est un vrai r\u00e9gal. On embarque pour plus de 5 heures\u2026","rel":"","context":"Dans &quot;Num\u00e9rique et audio&quot;","block_context":{"text":"Num\u00e9rique et audio","link":"https:\/\/smallthings.fr\/lespetitslivres\/category\/numerique-audio\/"},"img":{"alt_text":"","src":"https:\/\/i0.wp.com\/smallthings.fr\/lespetitslivres\/wp-content\/uploads\/2017\/10\/livre-audio-sexe-pizza.png?resize=350%2C200&ssl=1","width":350,"height":200,"srcset":"https:\/\/i0.wp.com\/smallthings.fr\/lespetitslivres\/wp-content\/uploads\/2017\/10\/livre-audio-sexe-pizza.png?resize=350%2C200&ssl=1 1x, https:\/\/i0.wp.com\/smallthings.fr\/lespetitslivres\/wp-content\/uploads\/2017\/10\/livre-audio-sexe-pizza.png?resize=525%2C300&ssl=1 1.5x, https:\/\/i0.wp.com\/smallthings.fr\/lespetitslivres\/wp-content\/uploads\/2017\/10\/livre-audio-sexe-pizza.png?resize=700%2C400&ssl=1 2x"},"classes":[]},{"id":29145,"url":"https:\/\/smallthings.fr\/lespetitslivres\/2015\/11\/16\/seul-sur-mars-weir-livre-film\/","url_meta":{"origin":31647,"position":2},"title":"Seul sur Mars, le livre du film \u00e9crit par Andy Weir","author":"Jennifer","date":"16 novembre 2015","format":false,"excerpt":"Seul sur Mars est un livre d'Andy Weir. Sorti en juin en grand format chez Bragelonne, il est finalement disponible en format poche depuis le 16 octobre dernier chez Milady. Une sortie qui co\u00efncide avec l\u2019adaptation cin\u00e9matographique du livre. Seul sur Mars, comme son nom l\u2019indique, c\u2019est l\u2019histoire de Mark\u2026","rel":"","context":"Dans &quot;Actu&quot;","block_context":{"text":"Actu","link":"https:\/\/smallthings.fr\/lespetitslivres\/category\/actu\/"},"img":{"alt_text":"","src":"https:\/\/i0.wp.com\/smallthings.fr\/lespetitslivres\/wp-content\/uploads\/2015\/11\/seul-sur-mars-couv.jpg?resize=350%2C200&ssl=1","width":350,"height":200},"classes":[]},{"id":31160,"url":"https:\/\/smallthings.fr\/lespetitslivres\/2017\/07\/22\/livre-audio-harry-potter-audible\/","url_meta":{"origin":31647,"position":3},"title":"Vous avez lu et vu Harry Potter ? Maintenant, \u00e9coutez-le !","author":"Claire","date":"22 juillet 2017","format":false,"excerpt":"Les aventures d'Harry Potter sont disponibles en livre audio chez Audible pour notre plus grand bonheur. Une tr\u00e8s chouette mani\u00e8re de s'immerger dans l'univers, pour ceux qui ne les auraient jamais lus. Et pour les fans, qui ont lu et relu les livres, vu et revu les films, quoi de\u2026","rel":"","context":"Dans &quot;Num\u00e9rique et audio&quot;","block_context":{"text":"Num\u00e9rique et audio","link":"https:\/\/smallthings.fr\/lespetitslivres\/category\/numerique-audio\/"},"img":{"alt_text":"","src":"https:\/\/i0.wp.com\/smallthings.fr\/lespetitslivres\/wp-content\/uploads\/2017\/07\/harry-potter-livre-audio.jpg?resize=350%2C200&ssl=1","width":350,"height":200,"srcset":"https:\/\/i0.wp.com\/smallthings.fr\/lespetitslivres\/wp-content\/uploads\/2017\/07\/harry-potter-livre-audio.jpg?resize=350%2C200&ssl=1 1x, https:\/\/i0.wp.com\/smallthings.fr\/lespetitslivres\/wp-content\/uploads\/2017\/07\/harry-potter-livre-audio.jpg?resize=525%2C300&ssl=1 1.5x, https:\/\/i0.wp.com\/smallthings.fr\/lespetitslivres\/wp-content\/uploads\/2017\/07\/harry-potter-livre-audio.jpg?resize=700%2C400&ssl=1 2x, https:\/\/i0.wp.com\/smallthings.fr\/lespetitslivres\/wp-content\/uploads\/2017\/07\/harry-potter-livre-audio.jpg?resize=1050%2C600&ssl=1 3x"},"classes":[]},{"id":31134,"url":"https:\/\/smallthings.fr\/lespetitslivres\/2017\/07\/13\/contes-lus-livre-audio-audible\/","url_meta":{"origin":31647,"position":4},"title":"Les contes lus, ou comment occuper les enfants pendant les trajets d&rsquo;\u00e9t\u00e9 !","author":"Claire","date":"13 juillet 2017","format":false,"excerpt":"Les contes lus d\u00e9barquent sur Audible. Les vacances approchent... et avec elles les lonnnngs trajets en voiture, en train, ou autre... Quoi de mieux que des livres audio pour faire passer le temps plus vite ? Et quel bonheur de se replonger d'une autre fa\u00e7on dans ces classiques plein de\u2026","rel":"","context":"Dans &quot;Num\u00e9rique et audio&quot;","block_context":{"text":"Num\u00e9rique et audio","link":"https:\/\/smallthings.fr\/lespetitslivres\/category\/numerique-audio\/"},"img":{"alt_text":"","src":"https:\/\/i0.wp.com\/smallthings.fr\/lespetitslivres\/wp-content\/uploads\/2017\/07\/contes-lus-livre-audio-audible.jpg?resize=350%2C200&ssl=1","width":350,"height":200,"srcset":"https:\/\/i0.wp.com\/smallthings.fr\/lespetitslivres\/wp-content\/uploads\/2017\/07\/contes-lus-livre-audio-audible.jpg?resize=350%2C200&ssl=1 1x, https:\/\/i0.wp.com\/smallthings.fr\/lespetitslivres\/wp-content\/uploads\/2017\/07\/contes-lus-livre-audio-audible.jpg?resize=525%2C300&ssl=1 1.5x, https:\/\/i0.wp.com\/smallthings.fr\/lespetitslivres\/wp-content\/uploads\/2017\/07\/contes-lus-livre-audio-audible.jpg?resize=700%2C400&ssl=1 2x, https:\/\/i0.wp.com\/smallthings.fr\/lespetitslivres\/wp-content\/uploads\/2017\/07\/contes-lus-livre-audio-audible.jpg?resize=1050%2C600&ssl=1 3x"},"classes":[]},{"id":31347,"url":"https:\/\/smallthings.fr\/lespetitslivres\/2017\/10\/28\/frappe-toi-coeur-nothomb-livre-audio\/","url_meta":{"origin":31647,"position":5},"title":"Frappe-toi le coeur : le conte moderne d&rsquo;Am\u00e9lie Nothomb en livre audio","author":"Claire","date":"28 octobre 2017","format":false,"excerpt":"Le roman de la rentr\u00e9e d'Am\u00e9lie Nothomb, Frappe-toi le c\u0153ur, est disponible en livre audio chez Audible. Ce conte moderne, pl\u00e9biscit\u00e9 par la critique et tr\u00e8s appr\u00e9ci\u00e9 du public, nous raconte l'histoire de la jalousie d'une m\u00e8re pour sa fille. C'est Fran\u00e7oise Gillard qui pr\u00eate sa voix au r\u00e9cit. La\u2026","rel":"","context":"Dans &quot;Num\u00e9rique et audio&quot;","block_context":{"text":"Num\u00e9rique et audio","link":"https:\/\/smallthings.fr\/lespetitslivres\/category\/numerique-audio\/"},"img":{"alt_text":"","src":"https:\/\/i0.wp.com\/smallthings.fr\/lespetitslivres\/wp-content\/uploads\/2017\/10\/nothomb-livre-audio2.jpg?resize=350%2C200&ssl=1","width":350,"height":200,"srcset":"https:\/\/i0.wp.com\/smallthings.fr\/lespetitslivres\/wp-content\/uploads\/2017\/10\/nothomb-livre-audio2.jpg?resize=350%2C200&ssl=1 1x, https:\/\/i0.wp.com\/smallthings.fr\/lespetitslivres\/wp-content\/uploads\/2017\/10\/nothomb-livre-audio2.jpg?resize=525%2C300&ssl=1 1.5x, https:\/\/i0.wp.com\/smallthings.fr\/lespetitslivres\/wp-content\/uploads\/2017\/10\/nothomb-livre-audio2.jpg?resize=700%2C400&ssl=1 2x"},"classes":[]}],"_links":{"self":[{"href":"https:\/\/smallthings.fr\/lespetitslivres\/wp-json\/wp\/v2\/posts\/31647"}],"collection":[{"href":"https:\/\/smallthings.fr\/lespetitslivres\/wp-json\/wp\/v2\/posts"}],"about":[{"href":"https:\/\/smallthings.fr\/lespetitslivres\/wp-json\/wp\/v2\/types\/post"}],"author":[{"embeddable":true,"href":"https:\/\/smallthings.fr\/lespetitslivres\/wp-json\/wp\/v2\/users\/2"}],"replies":[{"embeddable":true,"href":"https:\/\/smallthings.fr\/lespetitslivres\/wp-json\/wp\/v2\/comments?post=31647"}],"version-history":[{"count":3,"href":"https:\/\/smallthings.fr\/lespetitslivres\/wp-json\/wp\/v2\/posts\/31647\/revisions"}],"predecessor-version":[{"id":31668,"href":"https:\/\/smallthings.fr\/lespetitslivres\/wp-json\/wp\/v2\/posts\/31647\/revisions\/31668"}],"wp:featuredmedia":[{"embeddable":true,"href":"https:\/\/smallthings.fr\/lespetitslivres\/wp-json\/wp\/v2\/media\/31648"}],"wp:attachment":[{"href":"https:\/\/smallthings.fr\/lespetitslivres\/wp-json\/wp\/v2\/media?parent=31647"}],"wp:term":[{"taxonomy":"category","embeddable":true,"href":"https:\/\/smallthings.fr\/lespetitslivres\/wp-json\/wp\/v2\/categories?post=31647"},{"taxonomy":"post_tag","embeddable":true,"href":"https:\/\/smallthings.fr\/lespetitslivres\/wp-json\/wp\/v2\/tags?post=31647"}],"curies":[{"name":"wp","href":"https:\/\/api.w.org\/{rel}","templated":true}]}}