{"id":31625,"date":"2018-04-05T08:30:39","date_gmt":"2018-04-05T07:30:39","guid":{"rendered":"http:\/\/smallthings.fr\/lespetitslivres\/?p=31625"},"modified":"2018-04-03T18:42:10","modified_gmt":"2018-04-03T17:42:10","slug":"the-hate-you-give-angie-thomas","status":"publish","type":"post","link":"https:\/\/smallthings.fr\/lespetitslivres\/2018\/04\/05\/the-hate-you-give-angie-thomas\/","title":{"rendered":"The Hate You Give, le roman \u00e9v\u00e9nement d&rsquo;Angie Thomas"},"content":{"rendered":"<h2><em>The Hate You Give<\/em> est le roman \u00e9v\u00e9nement d&rsquo;Angie Thomas, publi\u00e9 l&rsquo;ann\u00e9e derni\u00e8re en langue originale et qui para\u00eet aujourd&rsquo;hui chez <a href=\"https:\/\/editions.nathan.fr\/actualites\/coups-de-projecteur\/thug-the-hate-you-give\">Nathan<\/a>. Un livre choc qui fait d\u00e9j\u00e0 beaucoup parler de lui. Starr a 16 ans. Elle est noire et vit \u00e0 Garden Heights, dans la zone, le ghetto, avec une famille recompos\u00e9e pas toujours simple \u00e0 g\u00e9rer&#8230;<\/h2>\n<p>Son p\u00e8re \u00e9picier, membre de gang repenti et sa m\u00e8re infirmi\u00e8re sont solidaires avec leur communaut\u00e9, mais ont d\u00e9cid\u00e9 d\u2019ouvrir d\u2019autres voies pour leurs enfants que la drogue, les gangs, la violence, les balles perdues ou la mis\u00e8re. Aussi elle et ses fr\u00e8res vont depuis leur plus jeune \u00e2ge \u00e0 Williamson, un \u00e9tablissement scolaire chic \u00e0 majorit\u00e9 blanche. L\u00e0-bas, Starr a l\u2019impression d\u2019avoir une autre identit\u00e9. Partag\u00e9e entre deux mondes, <strong>elle parvient pourtant \u00e0 trouver un certain \u00e9quilibre. Jusqu\u2019au jour au Khalil, son ami d\u2019enfance est tu\u00e9 sous ses yeux par un policier blanc, lors d\u2019un banal contr\u00f4le, alors qu\u2019il la ram\u00e8ne chez elle<\/strong>.<\/p>\n<p>Starr a tout vu. Chaque d\u00e9tail. Elle est la seule \u00e0 savoir toute la v\u00e9rit\u00e9. Mais doit-elle se taire et prot\u00e9ger sa vie et sa famille. Ou doit-elle faire \u00e9clater la v\u00e9rit\u00e9 au risque de tout embraser\u00a0?<\/p>\n<div id=\"attachment_31627\" style=\"width: 295px\" class=\"wp-caption alignleft\"><img loading=\"lazy\" decoding=\"async\" aria-describedby=\"caption-attachment-31627\" data-attachment-id=\"31627\" data-permalink=\"https:\/\/smallthings.fr\/lespetitslivres\/2018\/04\/05\/the-hate-you-give-angie-thomas\/angie-thomas-the-hate-you-give\/\" data-orig-file=\"https:\/\/smallthings.fr\/lespetitslivres\/wp-content\/uploads\/2018\/04\/angie-thomas-the-hate-you-give.jpg\" data-orig-size=\"800,800\" data-comments-opened=\"1\" data-image-meta=\"{&quot;aperture&quot;:&quot;0&quot;,&quot;credit&quot;:&quot;&quot;,&quot;camera&quot;:&quot;&quot;,&quot;caption&quot;:&quot;&quot;,&quot;created_timestamp&quot;:&quot;0&quot;,&quot;copyright&quot;:&quot;&quot;,&quot;focal_length&quot;:&quot;0&quot;,&quot;iso&quot;:&quot;0&quot;,&quot;shutter_speed&quot;:&quot;0&quot;,&quot;title&quot;:&quot;&quot;,&quot;orientation&quot;:&quot;0&quot;}\" data-image-title=\"angie-thomas-the-hate-you-give\" data-image-description=\"\" data-image-caption=\"&lt;p&gt;Angie Thomas&lt;\/p&gt;\n\" data-medium-file=\"https:\/\/smallthings.fr\/lespetitslivres\/wp-content\/uploads\/2018\/04\/angie-thomas-the-hate-you-give-300x300.jpg\" data-large-file=\"https:\/\/smallthings.fr\/lespetitslivres\/wp-content\/uploads\/2018\/04\/angie-thomas-the-hate-you-give.jpg\" class=\" wp-image-31627\" src=\"http:\/\/smallthings.fr\/lespetitslivres\/wp-content\/uploads\/2018\/04\/angie-thomas-the-hate-you-give.jpg\" alt=\"\" width=\"285\" height=\"285\" srcset=\"https:\/\/smallthings.fr\/lespetitslivres\/wp-content\/uploads\/2018\/04\/angie-thomas-the-hate-you-give.jpg 800w, https:\/\/smallthings.fr\/lespetitslivres\/wp-content\/uploads\/2018\/04\/angie-thomas-the-hate-you-give-300x300.jpg 300w, https:\/\/smallthings.fr\/lespetitslivres\/wp-content\/uploads\/2018\/04\/angie-thomas-the-hate-you-give-150x150.jpg 150w, https:\/\/smallthings.fr\/lespetitslivres\/wp-content\/uploads\/2018\/04\/angie-thomas-the-hate-you-give-768x768.jpg 768w\" sizes=\"(max-width: 285px) 100vw, 285px\" \/><p id=\"caption-attachment-31627\" class=\"wp-caption-text\">Angie Thomas<\/p><\/div>\n<p><em>The Hate You Give<\/em><strong>\u00a0<\/strong>n\u2019est ni une victimisation, ni une justification des d\u00e9rives ou de la violence, que ce soit d\u2019un c\u00f4t\u00e9 ou de l\u2019autre de la couleur de peau. <strong>C\u2019est \u00e0 travers la fiction, le constat amer et dur d\u2019un \u00e9tat fait\u00a0: la haine que l\u2019on donne n\u2019est que le r\u00e9sultat de celle que l\u2019on nous donne<\/strong>, qu\u2019on a re\u00e7ue ou que l\u2019on re\u00e7oit. C\u2019est un poison qui se distille et qui fiche tout le monde en l\u2019air comme disait le rappeur Tupac dont Angie Thomas s\u2019est inspir\u00e9e.<\/p>\n<p><em>\u00a0\u00ab\u00a0Starr-Starr, tu fais tout ce qu\u2019ils te disent de faire. Garde tes mains en \u00e9vidence. Ne fais pas de mouvement brusque. Ne parle que si on te pose une question.\u00a0\u00bb<\/em><\/p>\n<p>Que vous soyez dealer ou ambulancier, par d\u00e9faut, <strong>si vous \u00eates noir face \u00e0 un policier est blanc, c\u2019est une r\u00e9alit\u00e9, sur un geste, tout peut d\u00e9raper<\/strong>. D\u2019ailleurs le policier qui abat Khalil dans le roman, ne v\u00e9rifie pas son pedigree avant. Quand tu es noir et que tu viens d\u2019un quartier pauvre, tu es potentiellement coupable. Cela fait froid dans le dos, n\u2019est-ce pas\u00a0? On voudrait refermer <em>The Hate You Give<\/em> et se dire que tout \u00e7a n\u2019est qu\u2019une fiction.<\/p>\n<p>Sauf que vous regardez les informations comme moi\u2026 Sauf que ce sc\u00e9nario a \u00e9veill\u00e9 dans vos esprits comme dans le mien des images bien r\u00e9elles. De jeunes hommes noirs non arm\u00e9s, abattus sans sommation par un policier blanc \u00e0 cran, \u00e0 cause d\u2019un geste maladroit pour attraper un portefeuille, un portable\u2026 Sauf que ce roman est l\u2019\u00e9cho brutal d\u2019une r\u00e9alit\u00e9 que m\u00eame un pr\u00e9sident noir n\u2019a pas su effacer.<\/p>\n<p><em>The Hate You Give<\/em><strong>\u00a0<\/strong>r\u00e9sonne comme un grand cri d\u2019alarme. Sa plume brute, sans concession, nous fait vivre cette r\u00e9alit\u00e9 \u00e0 travers son r\u00e9cit de fa\u00e7on percutante, sur un rythme sourd et haletant, comme le battement d\u2019un c\u0153ur. <em>The Hate You Give<\/em><b>\u00a0<\/b>r\u00e9sonne en nous comme la vibration d\u2019un tempo sur le b\u00e9ton et on en ressort sonn\u00e9. <strong>Une claque ass\u00e9n\u00e9e avec style. Brutale. Simple. Efficace<\/strong>.<\/p>\n<p>Sans fioritures, ni auto-apitoiement, Angie Thomas nous emm\u00e8ne au contact d\u2019une v\u00e9rit\u00e9 humaine, sociale et politique qui vous prend aux tripes comme un torrent de lave en fusion. Une fois la machine lanc\u00e9e, impossible de l\u00e2cher le roman. On est pris dans le feu implacable des \u00e9v\u00e9nements. Tout comme Starr, il nous faut aller jusqu\u2019au bout. C\u2019est incroyablement puissant.<\/p>\n<p>Mais ce qui est encore plus incroyable et fort, c\u2019est l\u2019espoir qui r\u00e9sonne dans tout \u00e7a. L\u2019espoir que ne pas oublier aide \u00e0 avancer. L\u2019espoir que parler, se battre, dire la v\u00e9rit\u00e9, ouvrir le dialogue fasse la diff\u00e9rence, change un peu les choses. L\u2019envie de donner de l\u2019espoir aux jeunes g\u00e9n\u00e9rations \u00e0 la place de la haine. Ainsi que le dit son auteur, <em>il y a des roses qui poussent au milieu du b\u00e9ton<\/em>. <strong><em>The Hate You Give<\/em> est un roman militant, porteur avec force d\u2019une certaine r\u00e9alit\u00e9. Mais c\u2019est un roman qui parle de la haine pour mieux l\u2019an\u00e9antir<\/strong>. C\u2019est un roman d\u2019espoir et un roman vrai, que chacun devrait lire.<\/p>\n<p>Pour aller plus loin, <a href=\"https:\/\/www.youtube.com\/watch?v=4O0GTxjA68I\"><strong>voir l&rsquo;interview d&rsquo;Angie Thomas<\/strong><\/a>.<\/p>\n","protected":false},"excerpt":{"rendered":"<p>The Hate You Give est le roman \u00e9v\u00e9nement d&rsquo;Angie Thomas, publi\u00e9 l&rsquo;ann\u00e9e derni\u00e8re en langue originale et qui para\u00eet aujourd&rsquo;hui chez Nathan. Un livre choc qui fait d\u00e9j\u00e0 beaucoup parler de lui. Starr a 16 ans. Elle est noire et vit \u00e0 Garden Heights, dans la zone, le ghetto, avec une famille recompos\u00e9e pas toujours<\/p>\n","protected":false},"author":15,"featured_media":31626,"comment_status":"open","ping_status":"open","sticky":false,"template":"","format":"standard","meta":{"jetpack_post_was_ever_published":false,"_jetpack_newsletter_access":"","_jetpack_newsletter_tier_id":0,"footnotes":"","jetpack_publicize_message":"","jetpack_is_tweetstorm":false,"jetpack_publicize_feature_enabled":true,"jetpack_social_post_already_shared":true,"jetpack_social_options":{"image_generator_settings":{"template":"highway","enabled":false}}},"categories":[1118],"tags":[2027,2029,54,2028],"jetpack_publicize_connections":[],"yoast_head":"<!-- This site is optimized with the Yoast SEO plugin v21.5 - https:\/\/yoast.com\/wordpress\/plugins\/seo\/ -->\n<title>The Hate You Give, le roman \u00e9v\u00e9nement d&#039;Angie Thomas<\/title>\n<meta name=\"description\" content=\"The Hate You Give est le roman \u00e9v\u00e9nement d&#039;Angie Thomas, publi\u00e9 l&#039;ann\u00e9e derni\u00e8re en langue originale et qui para\u00eet aujourd&#039;hui chez Nathan. Un livre choc qui fait d\u00e9j\u00e0 beaucoup parler de lui. Starr a 16 ans. Elle est noire et vit \u00e0 Garden Heights, dans la zone,\" \/>\n<meta name=\"robots\" content=\"index, follow, max-snippet:-1, max-image-preview:large, max-video-preview:-1\" \/>\n<link rel=\"canonical\" href=\"http:\/\/smallthings.fr\/lespetitslivres\/2018\/04\/05\/the-hate-you-give-angie-thomas\/\" \/>\n<meta property=\"og:locale\" content=\"fr_FR\" \/>\n<meta property=\"og:type\" content=\"article\" \/>\n<meta property=\"og:title\" content=\"The Hate You Give, le roman \u00e9v\u00e9nement d&#039;Angie Thomas\" \/>\n<meta property=\"og:description\" content=\"The Hate You Give est le roman \u00e9v\u00e9nement d&#039;Angie Thomas, publi\u00e9 l&#039;ann\u00e9e derni\u00e8re en langue originale et qui para\u00eet aujourd&#039;hui chez Nathan. Un livre choc qui fait d\u00e9j\u00e0 beaucoup parler de lui. Starr a 16 ans. Elle est noire et vit \u00e0 Garden Heights, dans la zone,\" \/>\n<meta property=\"og:url\" content=\"http:\/\/smallthings.fr\/lespetitslivres\/2018\/04\/05\/the-hate-you-give-angie-thomas\/\" \/>\n<meta property=\"og:site_name\" content=\"Les Petits Livres\" \/>\n<meta property=\"article:published_time\" content=\"2018-04-05T07:30:39+00:00\" \/>\n<meta property=\"article:modified_time\" content=\"2018-04-03T17:42:10+00:00\" \/>\n<meta property=\"og:image\" content=\"https:\/\/i0.wp.com\/smallthings.fr\/lespetitslivres\/wp-content\/uploads\/2018\/04\/the-hate-you-give-couv.png?fit=900%2C450\" \/>\n\t<meta property=\"og:image:width\" content=\"900\" \/>\n\t<meta property=\"og:image:height\" content=\"450\" \/>\n\t<meta property=\"og:image:type\" content=\"image\/png\" \/>\n<meta name=\"author\" content=\"June\" \/>\n<meta name=\"twitter:card\" content=\"summary_large_image\" \/>\n<meta name=\"twitter:creator\" content=\"@dariadgille\" \/>\n<meta name=\"twitter:label1\" content=\"\u00c9crit par\" \/>\n\t<meta name=\"twitter:data1\" content=\"June\" \/>\n\t<meta name=\"twitter:label2\" content=\"Dur\u00e9e de lecture estim\u00e9e\" \/>\n\t<meta name=\"twitter:data2\" content=\"4 minutes\" \/>\n<script type=\"application\/ld+json\" class=\"yoast-schema-graph\">{\"@context\":\"https:\/\/schema.org\",\"@graph\":[{\"@type\":\"WebPage\",\"@id\":\"http:\/\/smallthings.fr\/lespetitslivres\/2018\/04\/05\/the-hate-you-give-angie-thomas\/\",\"url\":\"http:\/\/smallthings.fr\/lespetitslivres\/2018\/04\/05\/the-hate-you-give-angie-thomas\/\",\"name\":\"The Hate You Give, le roman \u00e9v\u00e9nement d'Angie Thomas\",\"isPartOf\":{\"@id\":\"https:\/\/smallthings.fr\/lespetitslivres\/#website\"},\"datePublished\":\"2018-04-05T07:30:39+00:00\",\"dateModified\":\"2018-04-03T17:42:10+00:00\",\"author\":{\"@id\":\"https:\/\/smallthings.fr\/lespetitslivres\/#\/schema\/person\/3e6389e33dfcb17850d47fa745090e73\"},\"description\":\"The Hate You Give est le roman \u00e9v\u00e9nement d'Angie Thomas, publi\u00e9 l'ann\u00e9e derni\u00e8re en langue originale et qui para\u00eet aujourd'hui chez Nathan. Un livre choc qui fait d\u00e9j\u00e0 beaucoup parler de lui. Starr a 16 ans. Elle est noire et vit \u00e0 Garden Heights, dans la zone,\",\"breadcrumb\":{\"@id\":\"http:\/\/smallthings.fr\/lespetitslivres\/2018\/04\/05\/the-hate-you-give-angie-thomas\/#breadcrumb\"},\"inLanguage\":\"fr-FR\",\"potentialAction\":[{\"@type\":\"ReadAction\",\"target\":[\"http:\/\/smallthings.fr\/lespetitslivres\/2018\/04\/05\/the-hate-you-give-angie-thomas\/\"]}]},{\"@type\":\"BreadcrumbList\",\"@id\":\"http:\/\/smallthings.fr\/lespetitslivres\/2018\/04\/05\/the-hate-you-give-angie-thomas\/#breadcrumb\",\"itemListElement\":[{\"@type\":\"ListItem\",\"position\":1,\"name\":\"Accueil\",\"item\":\"https:\/\/smallthings.fr\/lespetitslivres\/\"},{\"@type\":\"ListItem\",\"position\":2,\"name\":\"The Hate You Give, le roman \u00e9v\u00e9nement d&rsquo;Angie Thomas\"}]},{\"@type\":\"WebSite\",\"@id\":\"https:\/\/smallthings.fr\/lespetitslivres\/#website\",\"url\":\"https:\/\/smallthings.fr\/lespetitslivres\/\",\"name\":\"Les Petits Livres\",\"description\":\"by Small Things\",\"potentialAction\":[{\"@type\":\"SearchAction\",\"target\":{\"@type\":\"EntryPoint\",\"urlTemplate\":\"https:\/\/smallthings.fr\/lespetitslivres\/?s={search_term_string}\"},\"query-input\":\"required name=search_term_string\"}],\"inLanguage\":\"fr-FR\"},{\"@type\":\"Person\",\"@id\":\"https:\/\/smallthings.fr\/lespetitslivres\/#\/schema\/person\/3e6389e33dfcb17850d47fa745090e73\",\"name\":\"June\",\"image\":{\"@type\":\"ImageObject\",\"inLanguage\":\"fr-FR\",\"@id\":\"https:\/\/smallthings.fr\/lespetitslivres\/#\/schema\/person\/image\/\",\"url\":\"https:\/\/secure.gravatar.com\/avatar\/b9e34137bb78059aebeb6866f6a13f5a?s=96&d=retro&r=g\",\"contentUrl\":\"https:\/\/secure.gravatar.com\/avatar\/b9e34137bb78059aebeb6866f6a13f5a?s=96&d=retro&r=g\",\"caption\":\"June\"},\"sameAs\":[\"https:\/\/twitter.com\/@dariadgille\"],\"url\":\"https:\/\/smallthings.fr\/lespetitslivres\/author\/june\/\"}]}<\/script>\n<!-- \/ Yoast SEO plugin. -->","yoast_head_json":{"title":"The Hate You Give, le roman \u00e9v\u00e9nement d'Angie Thomas","description":"The Hate You Give est le roman \u00e9v\u00e9nement d'Angie Thomas, publi\u00e9 l'ann\u00e9e derni\u00e8re en langue originale et qui para\u00eet aujourd'hui chez Nathan. Un livre choc qui fait d\u00e9j\u00e0 beaucoup parler de lui. Starr a 16 ans. Elle est noire et vit \u00e0 Garden Heights, dans la zone,","robots":{"index":"index","follow":"follow","max-snippet":"max-snippet:-1","max-image-preview":"max-image-preview:large","max-video-preview":"max-video-preview:-1"},"canonical":"http:\/\/smallthings.fr\/lespetitslivres\/2018\/04\/05\/the-hate-you-give-angie-thomas\/","og_locale":"fr_FR","og_type":"article","og_title":"The Hate You Give, le roman \u00e9v\u00e9nement d'Angie Thomas","og_description":"The Hate You Give est le roman \u00e9v\u00e9nement d'Angie Thomas, publi\u00e9 l'ann\u00e9e derni\u00e8re en langue originale et qui para\u00eet aujourd'hui chez Nathan. Un livre choc qui fait d\u00e9j\u00e0 beaucoup parler de lui. Starr a 16 ans. Elle est noire et vit \u00e0 Garden Heights, dans la zone,","og_url":"http:\/\/smallthings.fr\/lespetitslivres\/2018\/04\/05\/the-hate-you-give-angie-thomas\/","og_site_name":"Les Petits Livres","article_published_time":"2018-04-05T07:30:39+00:00","article_modified_time":"2018-04-03T17:42:10+00:00","og_image":[{"width":900,"height":450,"url":"https:\/\/i0.wp.com\/smallthings.fr\/lespetitslivres\/wp-content\/uploads\/2018\/04\/the-hate-you-give-couv.png?fit=900%2C450","type":"image\/png"}],"author":"June","twitter_card":"summary_large_image","twitter_creator":"@dariadgille","twitter_misc":{"\u00c9crit par":"June","Dur\u00e9e de lecture estim\u00e9e":"4 minutes"},"schema":{"@context":"https:\/\/schema.org","@graph":[{"@type":"WebPage","@id":"http:\/\/smallthings.fr\/lespetitslivres\/2018\/04\/05\/the-hate-you-give-angie-thomas\/","url":"http:\/\/smallthings.fr\/lespetitslivres\/2018\/04\/05\/the-hate-you-give-angie-thomas\/","name":"The Hate You Give, le roman \u00e9v\u00e9nement d'Angie Thomas","isPartOf":{"@id":"https:\/\/smallthings.fr\/lespetitslivres\/#website"},"datePublished":"2018-04-05T07:30:39+00:00","dateModified":"2018-04-03T17:42:10+00:00","author":{"@id":"https:\/\/smallthings.fr\/lespetitslivres\/#\/schema\/person\/3e6389e33dfcb17850d47fa745090e73"},"description":"The Hate You Give est le roman \u00e9v\u00e9nement d'Angie Thomas, publi\u00e9 l'ann\u00e9e derni\u00e8re en langue originale et qui para\u00eet aujourd'hui chez Nathan. Un livre choc qui fait d\u00e9j\u00e0 beaucoup parler de lui. Starr a 16 ans. Elle est noire et vit \u00e0 Garden Heights, dans la zone,","breadcrumb":{"@id":"http:\/\/smallthings.fr\/lespetitslivres\/2018\/04\/05\/the-hate-you-give-angie-thomas\/#breadcrumb"},"inLanguage":"fr-FR","potentialAction":[{"@type":"ReadAction","target":["http:\/\/smallthings.fr\/lespetitslivres\/2018\/04\/05\/the-hate-you-give-angie-thomas\/"]}]},{"@type":"BreadcrumbList","@id":"http:\/\/smallthings.fr\/lespetitslivres\/2018\/04\/05\/the-hate-you-give-angie-thomas\/#breadcrumb","itemListElement":[{"@type":"ListItem","position":1,"name":"Accueil","item":"https:\/\/smallthings.fr\/lespetitslivres\/"},{"@type":"ListItem","position":2,"name":"The Hate You Give, le roman \u00e9v\u00e9nement d&rsquo;Angie Thomas"}]},{"@type":"WebSite","@id":"https:\/\/smallthings.fr\/lespetitslivres\/#website","url":"https:\/\/smallthings.fr\/lespetitslivres\/","name":"Les Petits Livres","description":"by Small Things","potentialAction":[{"@type":"SearchAction","target":{"@type":"EntryPoint","urlTemplate":"https:\/\/smallthings.fr\/lespetitslivres\/?s={search_term_string}"},"query-input":"required name=search_term_string"}],"inLanguage":"fr-FR"},{"@type":"Person","@id":"https:\/\/smallthings.fr\/lespetitslivres\/#\/schema\/person\/3e6389e33dfcb17850d47fa745090e73","name":"June","image":{"@type":"ImageObject","inLanguage":"fr-FR","@id":"https:\/\/smallthings.fr\/lespetitslivres\/#\/schema\/person\/image\/","url":"https:\/\/secure.gravatar.com\/avatar\/b9e34137bb78059aebeb6866f6a13f5a?s=96&d=retro&r=g","contentUrl":"https:\/\/secure.gravatar.com\/avatar\/b9e34137bb78059aebeb6866f6a13f5a?s=96&d=retro&r=g","caption":"June"},"sameAs":["https:\/\/twitter.com\/@dariadgille"],"url":"https:\/\/smallthings.fr\/lespetitslivres\/author\/june\/"}]}},"jetpack_featured_media_url":"https:\/\/smallthings.fr\/lespetitslivres\/wp-content\/uploads\/2018\/04\/the-hate-you-give-couv.png","jetpack_sharing_enabled":true,"jetpack_shortlink":"https:\/\/wp.me\/p6Un21-8e5","jetpack-related-posts":[{"id":31354,"url":"https:\/\/smallthings.fr\/lespetitslivres\/2017\/10\/24\/hex-sorciere-olde-heuvelt-critique\/","url_meta":{"origin":31625,"position":0},"title":"Hex : une sorci\u00e8re mutil\u00e9e r\u00f4de \u00e0 Black Spring&#8230;","author":"Jennifer","date":"24 octobre 2017","format":false,"excerpt":"Hex, fabuleux roman de Thomas Olde Heuvelt, est sorti fin septembre aux\u00a0\u00e9ditions Bragelonne. Une communaut\u00e9 est condamn\u00e9e \u00e0 vivre dans une ville d\u2019o\u00f9 il est impossible de repartir. Un lieu hant\u00e9 par une sorci\u00e8re dont les yeux et la bouche sont cousus. Tous connaissent, en th\u00e9orie, ce qui leur arrivera\u2026","rel":"","context":"Dans &quot;Fantastique&quot;","block_context":{"text":"Fantastique","link":"https:\/\/smallthings.fr\/lespetitslivres\/category\/imaginaire\/fantastique\/"},"img":{"alt_text":"","src":"https:\/\/i0.wp.com\/smallthings.fr\/lespetitslivres\/wp-content\/uploads\/2017\/10\/Hex-Thomas-Olde-Heuvelt-4.jpg?resize=350%2C200&ssl=1","width":350,"height":200,"srcset":"https:\/\/i0.wp.com\/smallthings.fr\/lespetitslivres\/wp-content\/uploads\/2017\/10\/Hex-Thomas-Olde-Heuvelt-4.jpg?resize=350%2C200&ssl=1 1x, https:\/\/i0.wp.com\/smallthings.fr\/lespetitslivres\/wp-content\/uploads\/2017\/10\/Hex-Thomas-Olde-Heuvelt-4.jpg?resize=525%2C300&ssl=1 1.5x"},"classes":[]},{"id":31829,"url":"https:\/\/smallthings.fr\/lespetitslivres\/2018\/11\/08\/ca-raconte-sarah-delabroy-allard\/","url_meta":{"origin":31625,"position":1},"title":"\u00c7a raconte Sarah, superbe premier roman de Pauline Delabroy-Allard","author":"Claire","date":"8 novembre 2018","format":false,"excerpt":"\u00c7a raconte Sarah est le premier roman tr\u00e8s remarqu\u00e9 de Pauline Delabroy-Allard, paru aux \u00e9ditions de Minuit. C'est le roman de l'amour, de l'amour extr\u00eame, de l'amour absolu, de l'amour folie, o\u00f9 la fronti\u00e8re entre r\u00eave et r\u00e9alit\u00e9 devient floue. Un livre magnifique qui ne recule devant rien. Un livre\u2026","rel":"","context":"Dans &quot;Roman fran\u00e7ais&quot;","block_context":{"text":"Roman fran\u00e7ais","link":"https:\/\/smallthings.fr\/lespetitslivres\/category\/roman\/roman-francais\/"},"img":{"alt_text":"","src":"https:\/\/i0.wp.com\/smallthings.fr\/lespetitslivres\/wp-content\/uploads\/2018\/11\/ca-raconte-sarah-cover.jpg?resize=350%2C200&ssl=1","width":350,"height":200,"srcset":"https:\/\/i0.wp.com\/smallthings.fr\/lespetitslivres\/wp-content\/uploads\/2018\/11\/ca-raconte-sarah-cover.jpg?resize=350%2C200&ssl=1 1x, https:\/\/i0.wp.com\/smallthings.fr\/lespetitslivres\/wp-content\/uploads\/2018\/11\/ca-raconte-sarah-cover.jpg?resize=525%2C300&ssl=1 1.5x, https:\/\/i0.wp.com\/smallthings.fr\/lespetitslivres\/wp-content\/uploads\/2018\/11\/ca-raconte-sarah-cover.jpg?resize=700%2C400&ssl=1 2x, https:\/\/i0.wp.com\/smallthings.fr\/lespetitslivres\/wp-content\/uploads\/2018\/11\/ca-raconte-sarah-cover.jpg?resize=1050%2C600&ssl=1 3x, https:\/\/i0.wp.com\/smallthings.fr\/lespetitslivres\/wp-content\/uploads\/2018\/11\/ca-raconte-sarah-cover.jpg?resize=1400%2C800&ssl=1 4x"},"classes":[]},{"id":7577,"url":"https:\/\/smallthings.fr\/lespetitslivres\/2013\/08\/22\/a-nothomb-la-nostalgie-heureuse\/","url_meta":{"origin":31625,"position":2},"title":"Am\u00e9lie Nothomb &#8211; La Nostalgie heureuse","author":"Audrey Ch\u00e8vrefeuille","date":"22 ao\u00fbt 2013","format":false,"excerpt":"Le mill\u00e9sime Nothomb 2013 vient de para\u00eetre : il est d\u00e9sormais dispo en librairie. Audrey Chevrefeuille nous donne son avis sur l'un des romans les plus attendus de la rentr\u00e9e.","rel":"","context":"Dans &quot;Roman fran\u00e7ais&quot;","block_context":{"text":"Roman fran\u00e7ais","link":"https:\/\/smallthings.fr\/lespetitslivres\/category\/roman\/roman-francais\/"},"img":{"alt_text":"amelie-nothomb-copie-1.jpg","src":"https:\/\/i0.wp.com\/idata.over-blog.com\/3\/60\/10\/05\/Auteurs-et-livres\/amelie-nothomb-copie-1.jpg?resize=350%2C200","width":350,"height":200},"classes":[]},{"id":25554,"url":"https:\/\/smallthings.fr\/lespetitslivres\/2015\/07\/18\/meilleure-chose-qui-me-soit-jamais-arrivee-critique\/","url_meta":{"origin":31625,"position":3},"title":"La meilleure chose qui me soit (jamais) arriv\u00e9e : la romance de l&rsquo;\u00e9t\u00e9","author":"Jennifer","date":"18 juillet 2015","format":false,"excerpt":"La meilleure chose qui me soit (jamais) arriv\u00e9e\u00a0est un roman de Laura Tait et Jimmy Rice. Publi\u00e9 chez Milady le 10 juillet dernier, il raconte l\u2019histoire de Holly et Alex, deux personnes qui s\u2019aiment depuis leur plus tendre enfance, mais qui n\u2019ont jamais \u00e9t\u00e9 ensemble suite \u00e0 beaucoup de malentendus.\u2026","rel":"","context":"Dans &quot;Roman \u00e9tranger&quot;","block_context":{"text":"Roman \u00e9tranger","link":"https:\/\/smallthings.fr\/lespetitslivres\/category\/roman\/roman-etranger\/"},"img":{"alt_text":"","src":"https:\/\/i0.wp.com\/smallthings.fr\/wp-content\/uploads\/2015\/07\/meilleure-chose-qui-me-soit.jpg?resize=350%2C200","width":350,"height":200},"classes":[]},{"id":29636,"url":"https:\/\/smallthings.fr\/lespetitslivres\/2016\/03\/01\/ana-l-etoilee-ours-colombe-bruneau\/","url_meta":{"origin":31625,"position":4},"title":"Ana L\u2019\u00e9toil\u00e9e, T1 : L\u2019Ours et la Colombe, d\u2019Oph\u00e9lie Bruneau","author":"Jennifer","date":"1 mars 2016","format":false,"excerpt":"Ana\u00a0L\u2019\u00e9toil\u00e9e tome 1\u00a0L\u2019Ours et la Colombe\u00a0est un roman d'Oph\u00e9lie Bruneau et sorti aux \u00e9ditions du Chat Noir le 10 f\u00e9vrier dernier. On y rencontre Ana Monta\u00f1ez, une jeune sorci\u00e8re, qui va \u00eatre appel\u00e9e \u00e0 la rescousse car un fant\u00f4me hante la chambre d\u2019une maison en Espagne. Elle qui pensait r\u00e9aliser\u2026","rel":"","context":"Dans &quot;Fantastique&quot;","block_context":{"text":"Fantastique","link":"https:\/\/smallthings.fr\/lespetitslivres\/category\/imaginaire\/fantastique\/"},"img":{"alt_text":"","src":"https:\/\/i0.wp.com\/smallthings.fr\/lespetitslivres\/wp-content\/uploads\/2016\/02\/ana-l-etoilee-couv.jpg?resize=350%2C200&ssl=1","width":350,"height":200,"srcset":"https:\/\/i0.wp.com\/smallthings.fr\/lespetitslivres\/wp-content\/uploads\/2016\/02\/ana-l-etoilee-couv.jpg?resize=350%2C200&ssl=1 1x, https:\/\/i0.wp.com\/smallthings.fr\/lespetitslivres\/wp-content\/uploads\/2016\/02\/ana-l-etoilee-couv.jpg?resize=525%2C300&ssl=1 1.5x"},"classes":[]},{"id":30081,"url":"https:\/\/smallthings.fr\/lespetitslivres\/2016\/06\/14\/avant-toi-roman-film-evenement\/","url_meta":{"origin":31625,"position":5},"title":"Avant toi, le roman qui a inspir\u00e9 le film \u00e9v\u00e9nement","author":"Jennifer","date":"14 juin 2016","format":false,"excerpt":"Avant toi, le livre \u00e0 succ\u00e8s de Jojo Moyes, est sorti en format poche le 10 juin dernier aux \u00e9ditions Milady. Une histoire \u00e9mouvante entre Lou, jeune femme au style particulier cherchant d\u00e9sesp\u00e9r\u00e9ment un emploi, et Will, un homme exceptionnel qui, suite \u00e0 un accident de la route, est devenu\u2026","rel":"","context":"Dans &quot;Roman \u00e9tranger&quot;","block_context":{"text":"Roman \u00e9tranger","link":"https:\/\/smallthings.fr\/lespetitslivres\/category\/roman\/roman-etranger\/"},"img":{"alt_text":"","src":"https:\/\/i0.wp.com\/smallthings.fr\/lespetitslivres\/wp-content\/uploads\/2016\/06\/avant-toi-couv.jpg?resize=350%2C200&ssl=1","width":350,"height":200,"srcset":"https:\/\/i0.wp.com\/smallthings.fr\/lespetitslivres\/wp-content\/uploads\/2016\/06\/avant-toi-couv.jpg?resize=350%2C200&ssl=1 1x, https:\/\/i0.wp.com\/smallthings.fr\/lespetitslivres\/wp-content\/uploads\/2016\/06\/avant-toi-couv.jpg?resize=525%2C300&ssl=1 1.5x, https:\/\/i0.wp.com\/smallthings.fr\/lespetitslivres\/wp-content\/uploads\/2016\/06\/avant-toi-couv.jpg?resize=700%2C400&ssl=1 2x, https:\/\/i0.wp.com\/smallthings.fr\/lespetitslivres\/wp-content\/uploads\/2016\/06\/avant-toi-couv.jpg?resize=1050%2C600&ssl=1 3x, https:\/\/i0.wp.com\/smallthings.fr\/lespetitslivres\/wp-content\/uploads\/2016\/06\/avant-toi-couv.jpg?resize=1400%2C800&ssl=1 4x"},"classes":[]}],"_links":{"self":[{"href":"https:\/\/smallthings.fr\/lespetitslivres\/wp-json\/wp\/v2\/posts\/31625"}],"collection":[{"href":"https:\/\/smallthings.fr\/lespetitslivres\/wp-json\/wp\/v2\/posts"}],"about":[{"href":"https:\/\/smallthings.fr\/lespetitslivres\/wp-json\/wp\/v2\/types\/post"}],"author":[{"embeddable":true,"href":"https:\/\/smallthings.fr\/lespetitslivres\/wp-json\/wp\/v2\/users\/15"}],"replies":[{"embeddable":true,"href":"https:\/\/smallthings.fr\/lespetitslivres\/wp-json\/wp\/v2\/comments?post=31625"}],"version-history":[{"count":1,"href":"https:\/\/smallthings.fr\/lespetitslivres\/wp-json\/wp\/v2\/posts\/31625\/revisions"}],"predecessor-version":[{"id":31628,"href":"https:\/\/smallthings.fr\/lespetitslivres\/wp-json\/wp\/v2\/posts\/31625\/revisions\/31628"}],"wp:featuredmedia":[{"embeddable":true,"href":"https:\/\/smallthings.fr\/lespetitslivres\/wp-json\/wp\/v2\/media\/31626"}],"wp:attachment":[{"href":"https:\/\/smallthings.fr\/lespetitslivres\/wp-json\/wp\/v2\/media?parent=31625"}],"wp:term":[{"taxonomy":"category","embeddable":true,"href":"https:\/\/smallthings.fr\/lespetitslivres\/wp-json\/wp\/v2\/categories?post=31625"},{"taxonomy":"post_tag","embeddable":true,"href":"https:\/\/smallthings.fr\/lespetitslivres\/wp-json\/wp\/v2\/tags?post=31625"}],"curies":[{"name":"wp","href":"https:\/\/api.w.org\/{rel}","templated":true}]}}