{"id":31614,"date":"2018-04-01T13:11:01","date_gmt":"2018-04-01T12:11:01","guid":{"rendered":"http:\/\/smallthings.fr\/lespetitslivres\/?p=31614"},"modified":"2018-04-02T12:52:07","modified_gmt":"2018-04-02T11:52:07","slug":"midwinter-fiona-melrose-avis","status":"publish","type":"post","link":"https:\/\/smallthings.fr\/lespetitslivres\/2018\/04\/01\/midwinter-fiona-melrose-avis\/","title":{"rendered":"Midwinter de Fiona Melrose, quand la m\u00e8re manque"},"content":{"rendered":"<h2><em>Midwinter<\/em>, premier roman de l&rsquo;auteure sud-africaine Fiona Melrose, est sorti au mois de f\u00e9vrier au Quai Voltaire, collection de la maison d&rsquo;\u00e9dition <a href=\"http:\/\/www.gallimard.fr\/Catalogue\/Table-Ronde\/Quai-Voltaire\/Quai-Voltaire\/Midwinter\">La Table Ronde<\/a>. On y d\u00e9couvre l&rsquo;histoire de Landyn Midwinter et de son fils Vale, agriculteurs dans le Suffolk, qui peinent \u00e0 joindre les deux bouts. Hant\u00e9s par la disparition tragique de l&rsquo;\u00e9pouse et m\u00e8re ador\u00e9e, les liens entre eux sont tendus.<\/h2>\n<p><em>Midwinter<\/em> d\u00e9marre tr\u00e8s fort, par une sc\u00e8ne en mer, une fuite vers l&rsquo;inconnu et le danger, qui va se conclure sur un accident impressionnant, qui va encore nuire sur le moral du jeune homme. La sc\u00e8ne est tr\u00e8s immersive et rythm\u00e9e, et happe directement le lecteur.<\/p>\n<p><img loading=\"lazy\" decoding=\"async\" data-attachment-id=\"31616\" data-permalink=\"https:\/\/smallthings.fr\/lespetitslivres\/2018\/04\/01\/midwinter-fiona-melrose-avis\/midwinter-couv\/\" data-orig-file=\"https:\/\/smallthings.fr\/lespetitslivres\/wp-content\/uploads\/2018\/04\/midwinter-couv.jpg\" data-orig-size=\"176,287\" data-comments-opened=\"1\" data-image-meta=\"{&quot;aperture&quot;:&quot;0&quot;,&quot;credit&quot;:&quot;&quot;,&quot;camera&quot;:&quot;&quot;,&quot;caption&quot;:&quot;&quot;,&quot;created_timestamp&quot;:&quot;0&quot;,&quot;copyright&quot;:&quot;&quot;,&quot;focal_length&quot;:&quot;0&quot;,&quot;iso&quot;:&quot;0&quot;,&quot;shutter_speed&quot;:&quot;0&quot;,&quot;title&quot;:&quot;&quot;,&quot;orientation&quot;:&quot;0&quot;}\" data-image-title=\"midwinter-couv\" data-image-description=\"\" data-image-caption=\"\" data-medium-file=\"https:\/\/smallthings.fr\/lespetitslivres\/wp-content\/uploads\/2018\/04\/midwinter-couv.jpg\" data-large-file=\"https:\/\/smallthings.fr\/lespetitslivres\/wp-content\/uploads\/2018\/04\/midwinter-couv.jpg\" class=\"alignleft size-full wp-image-31616\" style=\"font-size: 14px; font-family: 'Open Sans', Arial, sans-serif;\" src=\"http:\/\/smallthings.fr\/lespetitslivres\/wp-content\/uploads\/2018\/04\/midwinter-couv.jpg\" alt=\"\" width=\"176\" height=\"287\" \/><\/p>\n<p><span style=\"font-size: 14px;\">Vient ensuite le calme apr\u00e8s la temp\u00eate, le retour difficile \u00e0 la maison, et les confrontations avec la r\u00e9alit\u00e9 : <strong>la ferme qui bat de l&rsquo;aile, le p\u00e8re et les relations conflictuels, l&rsquo;ami bless\u00e9, les sentiments amoureux, l&rsquo;isolement \u00e0 la ferme et dans le petit village ou tout se sait et o\u00f9 les visages sont toujours les m\u00eames, et, bien s\u00fbr, l&rsquo;absence de la m\u00e8re.<\/strong><\/span><\/p>\n<p>Les relations tendues montent en puissance au fil du r\u00e9cit, jusqu&rsquo;\u00e0 l&rsquo;explosion, et les souvenirs africains sortis du placard. Pour moi, la force de <em>Midwinter<\/em> r\u00e9side dans cette mont\u00e9e en puissance des \u00e9motions, qui happe le lecteur et fait se succ\u00e9der des \u00e9motions contradictoires : col\u00e8re, suspicion, tendresse, fragilit\u00e9, et tristesse.\u00a0<em>J&rsquo;ai fini le r\u00e9cit remu\u00e9e par cette tornade d&rsquo;\u00e9motions.<\/em><\/p>\n<p>L&rsquo;alternance des points de vue entre le p\u00e8re et le fils est tr\u00e8s bien utilis\u00e9e, permet un attachement fort aux deux malgr\u00e9 leurs personnalit\u00e9s \u00e9loign\u00e9es (bien que tortur\u00e9es toutes les deux) et leur entente compliqu\u00e9e. Le personnage du fils est touchant car marqu\u00e9 par des questions identitaires classiques de son \u00e2ge. Un personnage dans lequel on peut se projeter malgr\u00e9 l&rsquo;aspect parfois extr\u00eame et \u00e0 vif du personnage. Le p\u00e8re est quand \u00e0 lui un personnage beaucoup plus original, un peu marginal, connect\u00e9 \u00e0 ses animaux et un peu \u00e9loign\u00e9 des codes sociaux, mais sa sensibilit\u00e9 est palpable.<\/p>\n<p>Les animaux jouent une part tr\u00e8s importantes et sont omnipr\u00e9sents dans <em>Midwinter<\/em>, d&rsquo;o\u00f9 son adorable couverture : cochons, meute de chien, et <strong>la renarde, animal totem, protecteur et image de la m\u00e8re<\/strong>.<\/p>\n<p>En r\u00e9sum\u00e9, <strong><em>Midwinter<\/em> est un premier roman contemporain fort, qui monte en puissance et marque par les \u00e9motions transmises<\/strong>.<\/p>\n<div><strong>Extrait :\u00a0<\/strong><br \/>\n\u2013 Mais je me suis \u00e9puis\u00e9 \u00e0 la t\u00e2che, non ? J\u2019ai \u00e9t\u00e9 honn\u00eate, j\u2019ai fait mon possible. Travaill\u00e9 nuit et jour. Tu le sais, non ?<br \/>\n\u2013 Tu parles si je le sais ! Je te vois si peu que je ne te reconna\u00eetrais pas si je te croisais dans la rue.<\/div>\n","protected":false},"excerpt":{"rendered":"<p>Midwinter, premier roman de l&rsquo;auteure sud-africaine Fiona Melrose, est sorti au mois de f\u00e9vrier au Quai Voltaire, collection de la maison d&rsquo;\u00e9dition La Table Ronde. On y d\u00e9couvre l&rsquo;histoire de Landyn Midwinter et de son fils Vale, agriculteurs dans le Suffolk, qui peinent \u00e0 joindre les deux bouts. Hant\u00e9s par la disparition tragique de l&rsquo;\u00e9pouse<\/p>\n","protected":false},"author":23,"featured_media":31615,"comment_status":"open","ping_status":"open","sticky":false,"template":"","format":"standard","meta":{"jetpack_post_was_ever_published":false,"_jetpack_newsletter_access":"","_jetpack_newsletter_tier_id":0,"footnotes":"","jetpack_publicize_message":"","jetpack_is_tweetstorm":false,"jetpack_publicize_feature_enabled":true,"jetpack_social_post_already_shared":true,"jetpack_social_options":{"image_generator_settings":{"template":"highway","enabled":false}}},"categories":[1118],"tags":[116,2023,2021,2022,54],"jetpack_publicize_connections":[],"yoast_head":"<!-- This site is optimized with the Yoast SEO plugin v21.5 - https:\/\/yoast.com\/wordpress\/plugins\/seo\/ -->\n<title>Midwinter de Fiona Melrose;&amp;nbsp: quand la m\u00e8re manque<\/title>\n<meta name=\"description\" content=\"Midwinter, premier roman de l&#039;auteure sud-africaine Fiona Melrose, est sorti au mois de f\u00e9vrier au Quai Voltaire, collection de la maison d&#039;\u00e9dition La Table Ronde. On y d\u00e9couvre l&#039;histoire de Landyn Midwinter et de son fils Vale, agriculteurs dans le Suffolk, qui peinent \u00e0 joindre les deux bouts.\" \/>\n<meta name=\"robots\" content=\"index, follow, max-snippet:-1, max-image-preview:large, max-video-preview:-1\" \/>\n<link rel=\"canonical\" href=\"http:\/\/smallthings.fr\/lespetitslivres\/2018\/04\/01\/midwinter-fiona-melrose-avis\/\" \/>\n<meta property=\"og:locale\" content=\"fr_FR\" \/>\n<meta property=\"og:type\" content=\"article\" \/>\n<meta property=\"og:title\" content=\"Midwinter de Fiona Melrose;&amp;nbsp: quand la m\u00e8re manque\" \/>\n<meta property=\"og:description\" content=\"Midwinter, premier roman de l&#039;auteure sud-africaine Fiona Melrose, est sorti au mois de f\u00e9vrier au Quai Voltaire, collection de la maison d&#039;\u00e9dition La Table Ronde. On y d\u00e9couvre l&#039;histoire de Landyn Midwinter et de son fils Vale, agriculteurs dans le Suffolk, qui peinent \u00e0 joindre les deux bouts.\" \/>\n<meta property=\"og:url\" content=\"http:\/\/smallthings.fr\/lespetitslivres\/2018\/04\/01\/midwinter-fiona-melrose-avis\/\" \/>\n<meta property=\"og:site_name\" content=\"Les Petits Livres\" \/>\n<meta property=\"article:published_time\" content=\"2018-04-01T12:11:01+00:00\" \/>\n<meta property=\"article:modified_time\" content=\"2018-04-02T11:52:07+00:00\" \/>\n<meta property=\"og:image\" content=\"https:\/\/i0.wp.com\/smallthings.fr\/lespetitslivres\/wp-content\/uploads\/2018\/04\/midwinter-cover.jpg?fit=595%2C446\" \/>\n\t<meta property=\"og:image:width\" content=\"595\" \/>\n\t<meta property=\"og:image:height\" content=\"446\" \/>\n\t<meta property=\"og:image:type\" content=\"image\/jpeg\" \/>\n<meta name=\"author\" content=\"Axelle\" \/>\n<meta name=\"twitter:card\" content=\"summary_large_image\" \/>\n<meta name=\"twitter:label1\" content=\"\u00c9crit par\" \/>\n\t<meta name=\"twitter:data1\" content=\"Axelle\" \/>\n\t<meta name=\"twitter:label2\" content=\"Dur\u00e9e de lecture estim\u00e9e\" \/>\n\t<meta name=\"twitter:data2\" content=\"2 minutes\" \/>\n<script type=\"application\/ld+json\" class=\"yoast-schema-graph\">{\"@context\":\"https:\/\/schema.org\",\"@graph\":[{\"@type\":\"WebPage\",\"@id\":\"http:\/\/smallthings.fr\/lespetitslivres\/2018\/04\/01\/midwinter-fiona-melrose-avis\/\",\"url\":\"http:\/\/smallthings.fr\/lespetitslivres\/2018\/04\/01\/midwinter-fiona-melrose-avis\/\",\"name\":\"Midwinter de Fiona Melrose;&nbsp: quand la m\u00e8re manque\",\"isPartOf\":{\"@id\":\"https:\/\/smallthings.fr\/lespetitslivres\/#website\"},\"datePublished\":\"2018-04-01T12:11:01+00:00\",\"dateModified\":\"2018-04-02T11:52:07+00:00\",\"author\":{\"@id\":\"https:\/\/smallthings.fr\/lespetitslivres\/#\/schema\/person\/0499aafe852a7a067332481e7bab8faa\"},\"description\":\"Midwinter, premier roman de l'auteure sud-africaine Fiona Melrose, est sorti au mois de f\u00e9vrier au Quai Voltaire, collection de la maison d'\u00e9dition La Table Ronde. On y d\u00e9couvre l'histoire de Landyn Midwinter et de son fils Vale, agriculteurs dans le Suffolk, qui peinent \u00e0 joindre les deux bouts.\",\"breadcrumb\":{\"@id\":\"http:\/\/smallthings.fr\/lespetitslivres\/2018\/04\/01\/midwinter-fiona-melrose-avis\/#breadcrumb\"},\"inLanguage\":\"fr-FR\",\"potentialAction\":[{\"@type\":\"ReadAction\",\"target\":[\"http:\/\/smallthings.fr\/lespetitslivres\/2018\/04\/01\/midwinter-fiona-melrose-avis\/\"]}]},{\"@type\":\"BreadcrumbList\",\"@id\":\"http:\/\/smallthings.fr\/lespetitslivres\/2018\/04\/01\/midwinter-fiona-melrose-avis\/#breadcrumb\",\"itemListElement\":[{\"@type\":\"ListItem\",\"position\":1,\"name\":\"Accueil\",\"item\":\"https:\/\/smallthings.fr\/lespetitslivres\/\"},{\"@type\":\"ListItem\",\"position\":2,\"name\":\"Midwinter de Fiona Melrose, quand la m\u00e8re manque\"}]},{\"@type\":\"WebSite\",\"@id\":\"https:\/\/smallthings.fr\/lespetitslivres\/#website\",\"url\":\"https:\/\/smallthings.fr\/lespetitslivres\/\",\"name\":\"Les Petits Livres\",\"description\":\"by Small Things\",\"potentialAction\":[{\"@type\":\"SearchAction\",\"target\":{\"@type\":\"EntryPoint\",\"urlTemplate\":\"https:\/\/smallthings.fr\/lespetitslivres\/?s={search_term_string}\"},\"query-input\":\"required name=search_term_string\"}],\"inLanguage\":\"fr-FR\"},{\"@type\":\"Person\",\"@id\":\"https:\/\/smallthings.fr\/lespetitslivres\/#\/schema\/person\/0499aafe852a7a067332481e7bab8faa\",\"name\":\"Axelle\",\"image\":{\"@type\":\"ImageObject\",\"inLanguage\":\"fr-FR\",\"@id\":\"https:\/\/smallthings.fr\/lespetitslivres\/#\/schema\/person\/image\/\",\"url\":\"https:\/\/secure.gravatar.com\/avatar\/f87a21f80128c1598d393bfb5a2f1db0?s=96&d=retro&r=g\",\"contentUrl\":\"https:\/\/secure.gravatar.com\/avatar\/f87a21f80128c1598d393bfb5a2f1db0?s=96&d=retro&r=g\",\"caption\":\"Axelle\"},\"description\":\"D\u00e9couvrez la cha\u00eene YouTube d'Axelle d\u00e9di\u00e9e aux livres: https:\/\/www.youtube.com\/channel\/UC9xcK4SkHmY7zOZDBfOwbgw\",\"sameAs\":[\"http:\/\/laparenthesedaxelle.blogspot.fr\/\"],\"url\":\"https:\/\/smallthings.fr\/lespetitslivres\/author\/la-parenthese-d-axelle\/\"}]}<\/script>\n<!-- \/ Yoast SEO plugin. -->","yoast_head_json":{"title":"Midwinter de Fiona Melrose;&nbsp: quand la m\u00e8re manque","description":"Midwinter, premier roman de l'auteure sud-africaine Fiona Melrose, est sorti au mois de f\u00e9vrier au Quai Voltaire, collection de la maison d'\u00e9dition La Table Ronde. On y d\u00e9couvre l'histoire de Landyn Midwinter et de son fils Vale, agriculteurs dans le Suffolk, qui peinent \u00e0 joindre les deux bouts.","robots":{"index":"index","follow":"follow","max-snippet":"max-snippet:-1","max-image-preview":"max-image-preview:large","max-video-preview":"max-video-preview:-1"},"canonical":"http:\/\/smallthings.fr\/lespetitslivres\/2018\/04\/01\/midwinter-fiona-melrose-avis\/","og_locale":"fr_FR","og_type":"article","og_title":"Midwinter de Fiona Melrose;&nbsp: quand la m\u00e8re manque","og_description":"Midwinter, premier roman de l'auteure sud-africaine Fiona Melrose, est sorti au mois de f\u00e9vrier au Quai Voltaire, collection de la maison d'\u00e9dition La Table Ronde. On y d\u00e9couvre l'histoire de Landyn Midwinter et de son fils Vale, agriculteurs dans le Suffolk, qui peinent \u00e0 joindre les deux bouts.","og_url":"http:\/\/smallthings.fr\/lespetitslivres\/2018\/04\/01\/midwinter-fiona-melrose-avis\/","og_site_name":"Les Petits Livres","article_published_time":"2018-04-01T12:11:01+00:00","article_modified_time":"2018-04-02T11:52:07+00:00","og_image":[{"width":595,"height":446,"url":"https:\/\/i0.wp.com\/smallthings.fr\/lespetitslivres\/wp-content\/uploads\/2018\/04\/midwinter-cover.jpg?fit=595%2C446","type":"image\/jpeg"}],"author":"Axelle","twitter_card":"summary_large_image","twitter_misc":{"\u00c9crit par":"Axelle","Dur\u00e9e de lecture estim\u00e9e":"2 minutes"},"schema":{"@context":"https:\/\/schema.org","@graph":[{"@type":"WebPage","@id":"http:\/\/smallthings.fr\/lespetitslivres\/2018\/04\/01\/midwinter-fiona-melrose-avis\/","url":"http:\/\/smallthings.fr\/lespetitslivres\/2018\/04\/01\/midwinter-fiona-melrose-avis\/","name":"Midwinter de Fiona Melrose;&nbsp: quand la m\u00e8re manque","isPartOf":{"@id":"https:\/\/smallthings.fr\/lespetitslivres\/#website"},"datePublished":"2018-04-01T12:11:01+00:00","dateModified":"2018-04-02T11:52:07+00:00","author":{"@id":"https:\/\/smallthings.fr\/lespetitslivres\/#\/schema\/person\/0499aafe852a7a067332481e7bab8faa"},"description":"Midwinter, premier roman de l'auteure sud-africaine Fiona Melrose, est sorti au mois de f\u00e9vrier au Quai Voltaire, collection de la maison d'\u00e9dition La Table Ronde. On y d\u00e9couvre l'histoire de Landyn Midwinter et de son fils Vale, agriculteurs dans le Suffolk, qui peinent \u00e0 joindre les deux bouts.","breadcrumb":{"@id":"http:\/\/smallthings.fr\/lespetitslivres\/2018\/04\/01\/midwinter-fiona-melrose-avis\/#breadcrumb"},"inLanguage":"fr-FR","potentialAction":[{"@type":"ReadAction","target":["http:\/\/smallthings.fr\/lespetitslivres\/2018\/04\/01\/midwinter-fiona-melrose-avis\/"]}]},{"@type":"BreadcrumbList","@id":"http:\/\/smallthings.fr\/lespetitslivres\/2018\/04\/01\/midwinter-fiona-melrose-avis\/#breadcrumb","itemListElement":[{"@type":"ListItem","position":1,"name":"Accueil","item":"https:\/\/smallthings.fr\/lespetitslivres\/"},{"@type":"ListItem","position":2,"name":"Midwinter de Fiona Melrose, quand la m\u00e8re manque"}]},{"@type":"WebSite","@id":"https:\/\/smallthings.fr\/lespetitslivres\/#website","url":"https:\/\/smallthings.fr\/lespetitslivres\/","name":"Les Petits Livres","description":"by Small Things","potentialAction":[{"@type":"SearchAction","target":{"@type":"EntryPoint","urlTemplate":"https:\/\/smallthings.fr\/lespetitslivres\/?s={search_term_string}"},"query-input":"required name=search_term_string"}],"inLanguage":"fr-FR"},{"@type":"Person","@id":"https:\/\/smallthings.fr\/lespetitslivres\/#\/schema\/person\/0499aafe852a7a067332481e7bab8faa","name":"Axelle","image":{"@type":"ImageObject","inLanguage":"fr-FR","@id":"https:\/\/smallthings.fr\/lespetitslivres\/#\/schema\/person\/image\/","url":"https:\/\/secure.gravatar.com\/avatar\/f87a21f80128c1598d393bfb5a2f1db0?s=96&d=retro&r=g","contentUrl":"https:\/\/secure.gravatar.com\/avatar\/f87a21f80128c1598d393bfb5a2f1db0?s=96&d=retro&r=g","caption":"Axelle"},"description":"D\u00e9couvrez la cha\u00eene YouTube d'Axelle d\u00e9di\u00e9e aux livres: https:\/\/www.youtube.com\/channel\/UC9xcK4SkHmY7zOZDBfOwbgw","sameAs":["http:\/\/laparenthesedaxelle.blogspot.fr\/"],"url":"https:\/\/smallthings.fr\/lespetitslivres\/author\/la-parenthese-d-axelle\/"}]}},"jetpack_featured_media_url":"https:\/\/smallthings.fr\/lespetitslivres\/wp-content\/uploads\/2018\/04\/midwinter-cover.jpg","jetpack_sharing_enabled":true,"jetpack_shortlink":"https:\/\/wp.me\/p6Un21-8dU","jetpack-related-posts":[{"id":30480,"url":"https:\/\/smallthings.fr\/lespetitslivres\/2016\/11\/17\/froidures-kate-moses-critique\/","url_meta":{"origin":31614,"position":0},"title":"Froidure, dans les pas m\u00e9lancoliques de la po\u00e9tesse Sylvia Plath","author":"June","date":"17 novembre 2016","format":false,"excerpt":"Avec Froidure, premier roman, paru le 13 octobre aux \u00e9ditions du Petit Quai Voltaire, Kate Moses nous emm\u00e8ne au c\u0153ur de l\u2019hiver 1962 \u00e0 Londres et du tragique destin de la po\u00e9tesse Sylvia Plath. Saisis par le froid, on se laisse entra\u00eener par cette \u00e9criture po\u00e9tique, entre lumi\u00e8re et ombres,\u2026","rel":"","context":"Dans &quot;Roman \u00e9tranger&quot;","block_context":{"text":"Roman \u00e9tranger","link":"https:\/\/smallthings.fr\/lespetitslivres\/category\/roman\/roman-etranger\/"},"img":{"alt_text":"","src":"https:\/\/i0.wp.com\/smallthings.fr\/lespetitslivres\/wp-content\/uploads\/2016\/11\/froidures-couv.jpg?resize=350%2C200&ssl=1","width":350,"height":200,"srcset":"https:\/\/i0.wp.com\/smallthings.fr\/lespetitslivres\/wp-content\/uploads\/2016\/11\/froidures-couv.jpg?resize=350%2C200&ssl=1 1x, https:\/\/i0.wp.com\/smallthings.fr\/lespetitslivres\/wp-content\/uploads\/2016\/11\/froidures-couv.jpg?resize=525%2C300&ssl=1 1.5x, https:\/\/i0.wp.com\/smallthings.fr\/lespetitslivres\/wp-content\/uploads\/2016\/11\/froidures-couv.jpg?resize=700%2C400&ssl=1 2x"},"classes":[]},{"id":18752,"url":"https:\/\/smallthings.fr\/lespetitslivres\/2014\/11\/25\/percheron-odalisque-mcintosh-fantasy\/","url_meta":{"origin":31614,"position":1},"title":"Percheron : la nouvelle saga de Fiona McIntosh","author":"Jennifer","date":"25 novembre 2014","format":false,"excerpt":"C'est avec la s\u00e9rie Percheron, que Fiona McIntosh,\u00a0surtout connue pour sa saga Le Dernier Souffle, revient. Percheron est une s\u00e9rie ax\u00e9e sur la r\u00e9incarnation. Le tome 1, Odalisque, sorti aux \u00e9ditions Milady le 28 octobre, nous raconte l\u2019histoire de quatre personnages que le destin a fait se rencontrer pour changer\u2026","rel":"","context":"Dans &quot;Fantasy&quot;","block_context":{"text":"Fantasy","link":"https:\/\/smallthings.fr\/lespetitslivres\/category\/imaginaire\/fantasy\/"},"img":{"alt_text":"","src":"https:\/\/i0.wp.com\/smallthings.fr\/wp-content\/uploads\/2014\/11\/percheron-odalisque-mcintosh.jpg?resize=350%2C200","width":350,"height":200},"classes":[]},{"id":31701,"url":"https:\/\/smallthings.fr\/lespetitslivres\/2018\/06\/14\/valse-hesitation-angela-huth\/","url_meta":{"origin":31614,"position":2},"title":"Valse h\u00e9sitation, le nouveau roman d&rsquo;Angela Huth","author":"Axelle","date":"14 juin 2018","format":false,"excerpt":"Valse h\u00e9sitation, de Angela Huth, est sorti le 8 mars aux \u00e9ditions de La Table Ronde dans leur collection Quai Voltaire. Un beau roman sur les histoires amoureuses d'une femme. Nous d\u00e9couvrons au d\u00e9but du roman l'h\u00e9ro\u00efne Clare, dans les ann\u00e9es 1970. Celle ci se rend \u00e0 l'enterrement de son\u2026","rel":"","context":"Dans &quot;Roman \u00e9tranger&quot;","block_context":{"text":"Roman \u00e9tranger","link":"https:\/\/smallthings.fr\/lespetitslivres\/category\/roman\/roman-etranger\/"},"img":{"alt_text":"","src":"","width":0,"height":0},"classes":[]},{"id":31404,"url":"https:\/\/smallthings.fr\/lespetitslivres\/2017\/12\/04\/vie-revee-virginia-fly-huth\/","url_meta":{"origin":31614,"position":3},"title":"La vie r\u00eav\u00e9e de Virginia Fly : ce que veulent les femmes selon Angela Huth","author":"Cecile","date":"4 d\u00e9cembre 2017","format":false,"excerpt":"La vie r\u00eav\u00e9e de Virginia Fly est le dernier roman d'Angela Huth, paru chez Quai Voltaire cette ann\u00e9e. Un roman coup de c\u0153ur ! Une histoire savoureuse, cruelle et tendre tout \u00e0 la fois, qui tourne en ridicule les clich\u00e9s que la soci\u00e9t\u00e9 impose aux femmes. Un tour de force\u2026","rel":"","context":"Dans &quot;Roman \u00e9tranger&quot;","block_context":{"text":"Roman \u00e9tranger","link":"https:\/\/smallthings.fr\/lespetitslivres\/category\/roman\/roman-etranger\/"},"img":{"alt_text":"","src":"https:\/\/i0.wp.com\/smallthings.fr\/lespetitslivres\/wp-content\/uploads\/2017\/12\/vie-revee-virginia-fly-cover.jpg?resize=350%2C200&ssl=1","width":350,"height":200,"srcset":"https:\/\/i0.wp.com\/smallthings.fr\/lespetitslivres\/wp-content\/uploads\/2017\/12\/vie-revee-virginia-fly-cover.jpg?resize=350%2C200&ssl=1 1x, https:\/\/i0.wp.com\/smallthings.fr\/lespetitslivres\/wp-content\/uploads\/2017\/12\/vie-revee-virginia-fly-cover.jpg?resize=525%2C300&ssl=1 1.5x, https:\/\/i0.wp.com\/smallthings.fr\/lespetitslivres\/wp-content\/uploads\/2017\/12\/vie-revee-virginia-fly-cover.jpg?resize=700%2C400&ssl=1 2x, https:\/\/i0.wp.com\/smallthings.fr\/lespetitslivres\/wp-content\/uploads\/2017\/12\/vie-revee-virginia-fly-cover.jpg?resize=1050%2C600&ssl=1 3x, https:\/\/i0.wp.com\/smallthings.fr\/lespetitslivres\/wp-content\/uploads\/2017\/12\/vie-revee-virginia-fly-cover.jpg?resize=1400%2C800&ssl=1 4x"},"classes":[]},{"id":30251,"url":"https:\/\/smallthings.fr\/lespetitslivres\/2016\/08\/25\/the-girls-emma-cline-critique\/","url_meta":{"origin":31614,"position":4},"title":"The Girls, plong\u00e9e dans les affres de l&rsquo;adolescence","author":"June","date":"25 ao\u00fbt 2016","format":false,"excerpt":"Perturbant et fascinant, The Girls, paru aujourd'hui aux \u00e9ditions Quai Voltaire, est un roman qui nous entra\u00eene dans un univers trouble m\u00ealant affres de l\u2019adolescence et univers des sectes. Avec une intelligence et une dext\u00e9rit\u00e9 rares, Emma Cline maintient jusqu\u2019\u00e0 la derni\u00e8re ligne le lecteur sous l\u2019emprise de sa plume\u2026","rel":"","context":"Dans &quot;Rentr\u00e9e litt\u00e9raire&quot;","block_context":{"text":"Rentr\u00e9e litt\u00e9raire","link":"https:\/\/smallthings.fr\/lespetitslivres\/category\/rentree-litteraire\/"},"img":{"alt_text":"","src":"https:\/\/i0.wp.com\/smallthings.fr\/lespetitslivres\/wp-content\/uploads\/2016\/08\/emma-cline-couv.jpg?resize=350%2C200&ssl=1","width":350,"height":200,"srcset":"https:\/\/i0.wp.com\/smallthings.fr\/lespetitslivres\/wp-content\/uploads\/2016\/08\/emma-cline-couv.jpg?resize=350%2C200&ssl=1 1x, https:\/\/i0.wp.com\/smallthings.fr\/lespetitslivres\/wp-content\/uploads\/2016\/08\/emma-cline-couv.jpg?resize=525%2C300&ssl=1 1.5x"},"classes":[]},{"id":30852,"url":"https:\/\/smallthings.fr\/lespetitslivres\/2017\/03\/08\/bouffee-air-pur-malladi-avis\/","url_meta":{"origin":31614,"position":5},"title":"Une bouff\u00e9e d&rsquo;air pur, entre drame personnel et drame collectif","author":"June","date":"8 mars 2017","format":false,"excerpt":"Une bouff\u00e9e d'air pur est un roman de l'indienne Amulya Malladi. La jeune Anjali attend son mari Prakash sur le quai de la gare de Bhopal. Mais celui-ci ne viendra pas la chercher. Il l\u2019a tout simplement oubli\u00e9e et dort paisiblement \u00e0 quelques kilom\u00e8tres de l\u00e0. Pour lui, le vent\u2026","rel":"","context":"Dans &quot;Roman \u00e9tranger&quot;","block_context":{"text":"Roman \u00e9tranger","link":"https:\/\/smallthings.fr\/lespetitslivres\/category\/roman\/roman-etranger\/"},"img":{"alt_text":"","src":"https:\/\/i0.wp.com\/smallthings.fr\/lespetitslivres\/wp-content\/uploads\/2017\/03\/bouffee-air-pur-couv.jpg?resize=350%2C200&ssl=1","width":350,"height":200},"classes":[]}],"_links":{"self":[{"href":"https:\/\/smallthings.fr\/lespetitslivres\/wp-json\/wp\/v2\/posts\/31614"}],"collection":[{"href":"https:\/\/smallthings.fr\/lespetitslivres\/wp-json\/wp\/v2\/posts"}],"about":[{"href":"https:\/\/smallthings.fr\/lespetitslivres\/wp-json\/wp\/v2\/types\/post"}],"author":[{"embeddable":true,"href":"https:\/\/smallthings.fr\/lespetitslivres\/wp-json\/wp\/v2\/users\/23"}],"replies":[{"embeddable":true,"href":"https:\/\/smallthings.fr\/lespetitslivres\/wp-json\/wp\/v2\/comments?post=31614"}],"version-history":[{"count":4,"href":"https:\/\/smallthings.fr\/lespetitslivres\/wp-json\/wp\/v2\/posts\/31614\/revisions"}],"predecessor-version":[{"id":31620,"href":"https:\/\/smallthings.fr\/lespetitslivres\/wp-json\/wp\/v2\/posts\/31614\/revisions\/31620"}],"wp:featuredmedia":[{"embeddable":true,"href":"https:\/\/smallthings.fr\/lespetitslivres\/wp-json\/wp\/v2\/media\/31615"}],"wp:attachment":[{"href":"https:\/\/smallthings.fr\/lespetitslivres\/wp-json\/wp\/v2\/media?parent=31614"}],"wp:term":[{"taxonomy":"category","embeddable":true,"href":"https:\/\/smallthings.fr\/lespetitslivres\/wp-json\/wp\/v2\/categories?post=31614"},{"taxonomy":"post_tag","embeddable":true,"href":"https:\/\/smallthings.fr\/lespetitslivres\/wp-json\/wp\/v2\/tags?post=31614"}],"curies":[{"name":"wp","href":"https:\/\/api.w.org\/{rel}","templated":true}]}}