{"id":31582,"date":"2018-03-11T12:00:18","date_gmt":"2018-03-11T11:00:18","guid":{"rendered":"http:\/\/smallthings.fr\/lespetitslivres\/?p=31582"},"modified":"2018-03-10T12:54:12","modified_gmt":"2018-03-10T11:54:12","slug":"foyer-meres-heureuses-malladi-gpa","status":"publish","type":"post","link":"https:\/\/smallthings.fr\/lespetitslivres\/2018\/03\/11\/foyer-meres-heureuses-malladi-gpa\/","title":{"rendered":"Le Foyer des m\u00e8res heureuses, une vision de la GPA"},"content":{"rendered":"<h2><em>Le Foyer des m\u00e8res heureuses<\/em>, roman de l&rsquo;indienne Amulya Malladi, est paru il y a un mois au <a href=\"http:\/\/www.mercuredefrance.fr\/livre-Le_Foyer_des_m%C3%A8res_heureuses-9782715245747-1-1-0-1.html\">Mercure de France<\/a>. Un roman sur la GPA qui m\u00e9nage tous les points de vue : celui des parents d&rsquo;origine indienne, qui vivent en Californie, et qui attend qu&rsquo;Asha, m\u00e8re porteuse qui vit en Inde, accouche de leur tout premier enfant, celui qu&rsquo;ils ont d\u00e9sesp\u00e9r\u00e9ment attendu, r\u00eav\u00e9, pleur\u00e9, pendant des ann\u00e9es.<\/h2>\n<p><img loading=\"lazy\" decoding=\"async\" data-attachment-id=\"31583\" data-permalink=\"https:\/\/smallthings.fr\/lespetitslivres\/2018\/03\/11\/foyer-meres-heureuses-malladi-gpa\/foyer-des-meres-heureuses\/\" data-orig-file=\"https:\/\/smallthings.fr\/lespetitslivres\/wp-content\/uploads\/2018\/03\/foyer-des-meres-heureuses.jpg\" data-orig-size=\"400,585\" data-comments-opened=\"1\" data-image-meta=\"{&quot;aperture&quot;:&quot;0&quot;,&quot;credit&quot;:&quot;&quot;,&quot;camera&quot;:&quot;&quot;,&quot;caption&quot;:&quot;&quot;,&quot;created_timestamp&quot;:&quot;0&quot;,&quot;copyright&quot;:&quot;&quot;,&quot;focal_length&quot;:&quot;0&quot;,&quot;iso&quot;:&quot;0&quot;,&quot;shutter_speed&quot;:&quot;0&quot;,&quot;title&quot;:&quot;&quot;,&quot;orientation&quot;:&quot;0&quot;}\" data-image-title=\"foyer-des-meres-heureuses\" data-image-description=\"\" data-image-caption=\"\" data-medium-file=\"https:\/\/smallthings.fr\/lespetitslivres\/wp-content\/uploads\/2018\/03\/foyer-des-meres-heureuses-205x300.jpg\" data-large-file=\"https:\/\/smallthings.fr\/lespetitslivres\/wp-content\/uploads\/2018\/03\/foyer-des-meres-heureuses.jpg\" class=\"alignleft  wp-image-31583\" src=\"http:\/\/smallthings.fr\/lespetitslivres\/wp-content\/uploads\/2018\/03\/foyer-des-meres-heureuses.jpg\" alt=\"\" width=\"281\" height=\"411\" srcset=\"https:\/\/smallthings.fr\/lespetitslivres\/wp-content\/uploads\/2018\/03\/foyer-des-meres-heureuses.jpg 400w, https:\/\/smallthings.fr\/lespetitslivres\/wp-content\/uploads\/2018\/03\/foyer-des-meres-heureuses-205x300.jpg 205w\" sizes=\"(max-width: 281px) 100vw, 281px\" \/>Priya et Madhu, couple d&rsquo;indiens tr\u00e8s occidental, vivent en Californie depuis des ann\u00e9es. Ils travaillent tous les deux, ont une bonne situation. Seule ombre au tableau, et pas des moindres, ils n&rsquo;arrivent pas \u00e0 avoir de b\u00e9b\u00e9. Priya a fait plusieurs fausses couches et ils sont d\u00e9munis. <strong>Derni\u00e8rement, ils ont pris la grande d\u00e9cision de passer par la GPA. Et d\u00e9sormais, Asha, qui vit en Inde, porte leur enfant<\/strong>. Une situation in\u00e9dite pour les 4 personnages principaux du roman : Asha n&rsquo;a jamais \u00e9t\u00e9 m\u00e8re porteuse mais y a \u00e9t\u00e9 encourag\u00e9e par ses amies, et son mari, afin de payer les \u00e9tudes de leur fils a\u00een\u00e9.<\/p>\n<p><strong><em>Le Foyer des m\u00e8res heureuses<\/em>, Amulya Malladi s&rsquo;attache \u00e0 d\u00e9velopper les points de vue des deux \u00ab\u00a0m\u00e8res\u00a0\u00bb. <\/strong>La m\u00e8re biologique, qui vit aux Etats-Unis, loin du b\u00e9b\u00e9 qui grandit dans le ventre d&rsquo;une autre. Et celui d&rsquo;Asha, jeune indienne d\u00e9j\u00e0 maman de deux enfants, encourag\u00e9e par sa famille et la pression sociale \u00e0 faire quelque chose qu&rsquo;elle n&rsquo;aurait jamais imagin\u00e9 faire&#8230; Ses \u00e9motions sont aussi troubles pour nous que pour elle. Tout se passe tr\u00e8s bien et elle rejoint m\u00eame un \u00ab\u00a0foyer\u00a0\u00bb pour les derniers mois de sa grossesse, sorte de \u00ab\u00a0pause\u00a0\u00bb dans sa vie d&rsquo;\u00e9pouse et de maman indienne sans arr\u00eat occup\u00e9e par les t\u00e2ches m\u00e9nag\u00e8res et autres obligations.<\/p>\n<p>Quant \u00e0 Priya, la situation est in\u00e9dite et d\u00e9concertante pour elle aussi. Pour s&rsquo;aider, elle s&rsquo;est inscrite sur un forum de femmes qui ont recours \u00e0 la GPA. Amulya Malladi nous retranscrit certaines discussions issues de ces forums, pr\u00e9sentant ainsi plusieurs points de vue et exp\u00e9riences. M\u00eame si elles sont romanesques, ces exp\u00e9riences rapport\u00e9es semblent tout \u00e0 fait tir\u00e9es de la vie r\u00e9elle.<\/p>\n<p>Apr\u00e8s avoir perdu son travail, Priya aura l&rsquo;occasion de se rendre en Inde. Parce qu&rsquo;elle ne supporte plus d\u2019\u00eatre loin de son enfant, de ne pas \u00eatre aupr\u00e8s d&rsquo;Asha qui le porte. Sans la d\u00e9ranger, juste se rapprocher, \u00eatre dans le m\u00eame pays, \u00ab\u00a0au cas o\u00f9\u00a0\u00bb. Et l&rsquo;aider, financi\u00e8rement, concr\u00e8tement, en \u00e9change de ce cadeau, si beau qu&rsquo;il en est irr\u00e9el, qu&rsquo;Asha lui fait. Parce que cet \u00e9change d&rsquo;argent, bien que cons\u00e9quent, ne sera jamais suffisant aux yeux Priya qui r\u00e9alise son r\u00eave le plus fou gr\u00e2ce \u00e0 cette femme qu&rsquo;elle ne conna\u00eet pas.<\/p>\n<p><em>Le Foyer des m\u00e8res heureuses<\/em> est un tr\u00e8s beau roman. Tr\u00e8s pudique. <strong>On d\u00e9roule d\u00e9licatement le fil de ces existences boulevers\u00e9es par cet enfant, si attendu d&rsquo;un c\u00f4t\u00e9, presque redout\u00e9 de l&rsquo;autre<\/strong>. Comment se passera l&rsquo;accouchement ? Asha risque-t-elle sa vie pour donner naissance \u00e0 un enfant qui n&rsquo;est pas le sien ? Qui ne rejoindra pas sa famille ? Voudra-t-elle le voir \u00e0 la naissance ? Mais Asha sait pourquoi elle le fait, et reste volontaire tout au long de cette grossesse. Et du point de vue de Priya, qui ne sait que penser de ce qu&rsquo;elle fait vivre \u00e0 cette femme, le b\u00e9b\u00e9 na\u00eetra-t-il sain, en bonne sant\u00e9 ?<\/p>\n<p><strong><em>Le Foyer des m\u00e8res heureuses<\/em> pr\u00e9sente avec pudeur et \u00e9motion l&rsquo;ensemble des points de vue dans le cadre d&rsquo;une GPA. Amulya Malladi ne porte aucun jugement, se contentant de raconter ces histoires telles qu&rsquo;elles sont, en respectant les choix de chacun et en nuan\u00e7ant toute id\u00e9e pr\u00e9con\u00e7ue<\/strong>. Parce qu&rsquo;il s&rsquo;agit de femmes, de m\u00e8res, que chaque d\u00e9marche est honorable et justifi\u00e9e.<\/p>\n<p><em>\u00ab\u00a0Tu es en train de changer ta vie, Asha. Tu es une m\u00e8re porteuse pour que ta fille aussi fasse des \u00e9tudes et devienne ind\u00e9pendante plus tard.\u00a0\u00bb<\/em><\/p>\n","protected":false},"excerpt":{"rendered":"<p>Le Foyer des m\u00e8res heureuses, roman de l&rsquo;indienne Amulya Malladi, est paru il y a un mois au Mercure de France. Un roman sur la GPA qui m\u00e9nage tous les points de vue : celui des parents d&rsquo;origine indienne, qui vivent en Californie, et qui attend qu&rsquo;Asha, m\u00e8re porteuse qui vit en Inde, accouche de<\/p>\n","protected":false},"author":2,"featured_media":31584,"comment_status":"open","ping_status":"open","sticky":false,"template":"","format":"standard","meta":{"jetpack_post_was_ever_published":false,"_jetpack_newsletter_access":"","_jetpack_newsletter_tier_id":0,"footnotes":"","jetpack_publicize_message":"","jetpack_is_tweetstorm":false,"jetpack_publicize_feature_enabled":true,"jetpack_social_post_already_shared":true,"jetpack_social_options":{"image_generator_settings":{"template":"highway","enabled":false}}},"categories":[1118],"tags":[1705,2003,2005,2002,2006,2004,256],"jetpack_publicize_connections":[],"yoast_head":"<!-- This site is optimized with the Yoast SEO plugin v21.5 - https:\/\/yoast.com\/wordpress\/plugins\/seo\/ -->\n<title>Le Foyer des m\u00e8res heureuses, une vision de la GPA<\/title>\n<meta name=\"description\" content=\"Le Foyer des m\u00e8res heureuses, roman de l&#039;indienne Amulya Malladi, est paru il y a un mois au Mercure de France. Un roman sur la GPA qui m\u00e9nage tous les points de vue : celui des parents d&#039;origine indienne, qui vivent en Californie, et qui attend qu&#039;Asha, m\u00e8re porteuse qui vit en Inde,\" \/>\n<meta name=\"robots\" content=\"index, follow, max-snippet:-1, max-image-preview:large, max-video-preview:-1\" \/>\n<link rel=\"canonical\" href=\"https:\/\/smallthings.fr\/lespetitslivres\/2018\/03\/11\/foyer-meres-heureuses-malladi-gpa\/\" \/>\n<meta property=\"og:locale\" content=\"fr_FR\" \/>\n<meta property=\"og:type\" content=\"article\" \/>\n<meta property=\"og:title\" content=\"Le Foyer des m\u00e8res heureuses, une vision de la GPA\" \/>\n<meta property=\"og:description\" content=\"Le Foyer des m\u00e8res heureuses, roman de l&#039;indienne Amulya Malladi, est paru il y a un mois au Mercure de France. Un roman sur la GPA qui m\u00e9nage tous les points de vue : celui des parents d&#039;origine indienne, qui vivent en Californie, et qui attend qu&#039;Asha, m\u00e8re porteuse qui vit en Inde,\" \/>\n<meta property=\"og:url\" content=\"https:\/\/smallthings.fr\/lespetitslivres\/2018\/03\/11\/foyer-meres-heureuses-malladi-gpa\/\" \/>\n<meta property=\"og:site_name\" content=\"Les Petits Livres\" \/>\n<meta property=\"article:published_time\" content=\"2018-03-11T11:00:18+00:00\" \/>\n<meta property=\"article:modified_time\" content=\"2018-03-10T11:54:12+00:00\" \/>\n<meta property=\"og:image\" content=\"https:\/\/smallthings.fr\/lespetitslivres\/wp-content\/uploads\/2018\/03\/foyer-meres-heureuses-cover.jpg\" \/>\n\t<meta property=\"og:image:width\" content=\"560\" \/>\n\t<meta property=\"og:image:height\" content=\"424\" \/>\n\t<meta property=\"og:image:type\" content=\"image\/jpeg\" \/>\n<meta name=\"author\" content=\"Claire\" \/>\n<meta name=\"twitter:card\" content=\"summary_large_image\" \/>\n<meta name=\"twitter:label1\" content=\"\u00c9crit par\" \/>\n\t<meta name=\"twitter:data1\" content=\"Claire\" \/>\n\t<meta name=\"twitter:label2\" content=\"Dur\u00e9e de lecture estim\u00e9e\" \/>\n\t<meta name=\"twitter:data2\" content=\"3 minutes\" \/>\n<script type=\"application\/ld+json\" class=\"yoast-schema-graph\">{\"@context\":\"https:\/\/schema.org\",\"@graph\":[{\"@type\":\"WebPage\",\"@id\":\"https:\/\/smallthings.fr\/lespetitslivres\/2018\/03\/11\/foyer-meres-heureuses-malladi-gpa\/\",\"url\":\"https:\/\/smallthings.fr\/lespetitslivres\/2018\/03\/11\/foyer-meres-heureuses-malladi-gpa\/\",\"name\":\"Le Foyer des m\u00e8res heureuses, une vision de la GPA\",\"isPartOf\":{\"@id\":\"https:\/\/smallthings.fr\/lespetitslivres\/#website\"},\"datePublished\":\"2018-03-11T11:00:18+00:00\",\"dateModified\":\"2018-03-10T11:54:12+00:00\",\"author\":{\"@id\":\"https:\/\/smallthings.fr\/lespetitslivres\/#\/schema\/person\/504d603cacfe064fe039dfa03a8b7918\"},\"description\":\"Le Foyer des m\u00e8res heureuses, roman de l'indienne Amulya Malladi, est paru il y a un mois au Mercure de France. Un roman sur la GPA qui m\u00e9nage tous les points de vue : celui des parents d'origine indienne, qui vivent en Californie, et qui attend qu'Asha, m\u00e8re porteuse qui vit en Inde,\",\"breadcrumb\":{\"@id\":\"https:\/\/smallthings.fr\/lespetitslivres\/2018\/03\/11\/foyer-meres-heureuses-malladi-gpa\/#breadcrumb\"},\"inLanguage\":\"fr-FR\",\"potentialAction\":[{\"@type\":\"ReadAction\",\"target\":[\"https:\/\/smallthings.fr\/lespetitslivres\/2018\/03\/11\/foyer-meres-heureuses-malladi-gpa\/\"]}]},{\"@type\":\"BreadcrumbList\",\"@id\":\"https:\/\/smallthings.fr\/lespetitslivres\/2018\/03\/11\/foyer-meres-heureuses-malladi-gpa\/#breadcrumb\",\"itemListElement\":[{\"@type\":\"ListItem\",\"position\":1,\"name\":\"Accueil\",\"item\":\"https:\/\/smallthings.fr\/lespetitslivres\/\"},{\"@type\":\"ListItem\",\"position\":2,\"name\":\"Le Foyer des m\u00e8res heureuses, une vision de la GPA\"}]},{\"@type\":\"WebSite\",\"@id\":\"https:\/\/smallthings.fr\/lespetitslivres\/#website\",\"url\":\"https:\/\/smallthings.fr\/lespetitslivres\/\",\"name\":\"Les Petits Livres\",\"description\":\"by Small Things\",\"potentialAction\":[{\"@type\":\"SearchAction\",\"target\":{\"@type\":\"EntryPoint\",\"urlTemplate\":\"https:\/\/smallthings.fr\/lespetitslivres\/?s={search_term_string}\"},\"query-input\":\"required name=search_term_string\"}],\"inLanguage\":\"fr-FR\"},{\"@type\":\"Person\",\"@id\":\"https:\/\/smallthings.fr\/lespetitslivres\/#\/schema\/person\/504d603cacfe064fe039dfa03a8b7918\",\"name\":\"Claire\",\"image\":{\"@type\":\"ImageObject\",\"inLanguage\":\"fr-FR\",\"@id\":\"https:\/\/smallthings.fr\/lespetitslivres\/#\/schema\/person\/image\/\",\"url\":\"https:\/\/secure.gravatar.com\/avatar\/9a85ff83d76b3eb17b8cae208640786e?s=96&d=retro&r=g\",\"contentUrl\":\"https:\/\/secure.gravatar.com\/avatar\/9a85ff83d76b3eb17b8cae208640786e?s=96&d=retro&r=g\",\"caption\":\"Claire\"},\"url\":\"https:\/\/smallthings.fr\/lespetitslivres\/author\/claire\/\"}]}<\/script>\n<!-- \/ Yoast SEO plugin. -->","yoast_head_json":{"title":"Le Foyer des m\u00e8res heureuses, une vision de la GPA","description":"Le Foyer des m\u00e8res heureuses, roman de l'indienne Amulya Malladi, est paru il y a un mois au Mercure de France. Un roman sur la GPA qui m\u00e9nage tous les points de vue : celui des parents d'origine indienne, qui vivent en Californie, et qui attend qu'Asha, m\u00e8re porteuse qui vit en Inde,","robots":{"index":"index","follow":"follow","max-snippet":"max-snippet:-1","max-image-preview":"max-image-preview:large","max-video-preview":"max-video-preview:-1"},"canonical":"https:\/\/smallthings.fr\/lespetitslivres\/2018\/03\/11\/foyer-meres-heureuses-malladi-gpa\/","og_locale":"fr_FR","og_type":"article","og_title":"Le Foyer des m\u00e8res heureuses, une vision de la GPA","og_description":"Le Foyer des m\u00e8res heureuses, roman de l'indienne Amulya Malladi, est paru il y a un mois au Mercure de France. Un roman sur la GPA qui m\u00e9nage tous les points de vue : celui des parents d'origine indienne, qui vivent en Californie, et qui attend qu'Asha, m\u00e8re porteuse qui vit en Inde,","og_url":"https:\/\/smallthings.fr\/lespetitslivres\/2018\/03\/11\/foyer-meres-heureuses-malladi-gpa\/","og_site_name":"Les Petits Livres","article_published_time":"2018-03-11T11:00:18+00:00","article_modified_time":"2018-03-10T11:54:12+00:00","og_image":[{"width":560,"height":424,"url":"https:\/\/smallthings.fr\/lespetitslivres\/wp-content\/uploads\/2018\/03\/foyer-meres-heureuses-cover.jpg","type":"image\/jpeg"}],"author":"Claire","twitter_card":"summary_large_image","twitter_misc":{"\u00c9crit par":"Claire","Dur\u00e9e de lecture estim\u00e9e":"3 minutes"},"schema":{"@context":"https:\/\/schema.org","@graph":[{"@type":"WebPage","@id":"https:\/\/smallthings.fr\/lespetitslivres\/2018\/03\/11\/foyer-meres-heureuses-malladi-gpa\/","url":"https:\/\/smallthings.fr\/lespetitslivres\/2018\/03\/11\/foyer-meres-heureuses-malladi-gpa\/","name":"Le Foyer des m\u00e8res heureuses, une vision de la GPA","isPartOf":{"@id":"https:\/\/smallthings.fr\/lespetitslivres\/#website"},"datePublished":"2018-03-11T11:00:18+00:00","dateModified":"2018-03-10T11:54:12+00:00","author":{"@id":"https:\/\/smallthings.fr\/lespetitslivres\/#\/schema\/person\/504d603cacfe064fe039dfa03a8b7918"},"description":"Le Foyer des m\u00e8res heureuses, roman de l'indienne Amulya Malladi, est paru il y a un mois au Mercure de France. Un roman sur la GPA qui m\u00e9nage tous les points de vue : celui des parents d'origine indienne, qui vivent en Californie, et qui attend qu'Asha, m\u00e8re porteuse qui vit en Inde,","breadcrumb":{"@id":"https:\/\/smallthings.fr\/lespetitslivres\/2018\/03\/11\/foyer-meres-heureuses-malladi-gpa\/#breadcrumb"},"inLanguage":"fr-FR","potentialAction":[{"@type":"ReadAction","target":["https:\/\/smallthings.fr\/lespetitslivres\/2018\/03\/11\/foyer-meres-heureuses-malladi-gpa\/"]}]},{"@type":"BreadcrumbList","@id":"https:\/\/smallthings.fr\/lespetitslivres\/2018\/03\/11\/foyer-meres-heureuses-malladi-gpa\/#breadcrumb","itemListElement":[{"@type":"ListItem","position":1,"name":"Accueil","item":"https:\/\/smallthings.fr\/lespetitslivres\/"},{"@type":"ListItem","position":2,"name":"Le Foyer des m\u00e8res heureuses, une vision de la GPA"}]},{"@type":"WebSite","@id":"https:\/\/smallthings.fr\/lespetitslivres\/#website","url":"https:\/\/smallthings.fr\/lespetitslivres\/","name":"Les Petits Livres","description":"by Small Things","potentialAction":[{"@type":"SearchAction","target":{"@type":"EntryPoint","urlTemplate":"https:\/\/smallthings.fr\/lespetitslivres\/?s={search_term_string}"},"query-input":"required name=search_term_string"}],"inLanguage":"fr-FR"},{"@type":"Person","@id":"https:\/\/smallthings.fr\/lespetitslivres\/#\/schema\/person\/504d603cacfe064fe039dfa03a8b7918","name":"Claire","image":{"@type":"ImageObject","inLanguage":"fr-FR","@id":"https:\/\/smallthings.fr\/lespetitslivres\/#\/schema\/person\/image\/","url":"https:\/\/secure.gravatar.com\/avatar\/9a85ff83d76b3eb17b8cae208640786e?s=96&d=retro&r=g","contentUrl":"https:\/\/secure.gravatar.com\/avatar\/9a85ff83d76b3eb17b8cae208640786e?s=96&d=retro&r=g","caption":"Claire"},"url":"https:\/\/smallthings.fr\/lespetitslivres\/author\/claire\/"}]}},"jetpack_featured_media_url":"https:\/\/smallthings.fr\/lespetitslivres\/wp-content\/uploads\/2018\/03\/foyer-meres-heureuses-cover.jpg","jetpack_sharing_enabled":true,"jetpack_shortlink":"https:\/\/wp.me\/p6Un21-8do","jetpack-related-posts":[{"id":30852,"url":"https:\/\/smallthings.fr\/lespetitslivres\/2017\/03\/08\/bouffee-air-pur-malladi-avis\/","url_meta":{"origin":31582,"position":0},"title":"Une bouff\u00e9e d&rsquo;air pur, entre drame personnel et drame collectif","author":"June","date":"8 mars 2017","format":false,"excerpt":"Une bouff\u00e9e d'air pur est un roman de l'indienne Amulya Malladi. La jeune Anjali attend son mari Prakash sur le quai de la gare de Bhopal. Mais celui-ci ne viendra pas la chercher. Il l\u2019a tout simplement oubli\u00e9e et dort paisiblement \u00e0 quelques kilom\u00e8tres de l\u00e0. Pour lui, le vent\u2026","rel":"","context":"Dans &quot;Roman \u00e9tranger&quot;","block_context":{"text":"Roman \u00e9tranger","link":"https:\/\/smallthings.fr\/lespetitslivres\/category\/roman\/roman-etranger\/"},"img":{"alt_text":"","src":"https:\/\/i0.wp.com\/smallthings.fr\/lespetitslivres\/wp-content\/uploads\/2017\/03\/bouffee-air-pur-couv.jpg?resize=350%2C200&ssl=1","width":350,"height":200},"classes":[]},{"id":22313,"url":"https:\/\/smallthings.fr\/lespetitslivres\/2015\/04\/08\/partials-futuriste-dan-wells-avis\/","url_meta":{"origin":31582,"position":1},"title":"Partials : le roman futuriste de Dan Wells","author":"Jennifer","date":"8 avril 2015","format":false,"excerpt":"Partials est un livre de Dan Wells qui est paru au Livre de Poche le 1er avril dernier. Cette dystopie raconte comment les humains ont d\u00e9truit la plan\u00e8te en cr\u00e9ant des \u00eatres g\u00e9n\u00e9tiquement modifi\u00e9s ressemblant aux Hommes, mais dot\u00e9s d\u2019une force surhumaine et d\u2019une invincibilit\u00e9 incroyable. Ces derniers, les Partials,\u2026","rel":"","context":"Dans &quot;Science-fiction&quot;","block_context":{"text":"Science-fiction","link":"https:\/\/smallthings.fr\/lespetitslivres\/category\/imaginaire\/science-fiction\/"},"img":{"alt_text":"","src":"https:\/\/i0.wp.com\/smallthings.fr\/wp-content\/uploads\/2015\/04\/partials-dan-wells.jpg?resize=350%2C200","width":350,"height":200},"classes":[]},{"id":31799,"url":"https:\/\/smallthings.fr\/lespetitslivres\/2018\/09\/04\/trancher-amelie-cordonnier-roman-avis\/","url_meta":{"origin":31582,"position":2},"title":"Trancher, quand les mots d\u00e9truisent : le premier roman d&rsquo;Am\u00e9lie Cordonnier","author":"Claire","date":"4 septembre 2018","format":false,"excerpt":"En cette Rentr\u00e9e litt\u00e9raire, la journaliste Am\u00e9lie Cordonnier publie son premier roman, Trancher, chez Flammarion. Un livre difficile qui aborde le sujet de la violence conjugale verbale. L'h\u00e9ro\u00efne est en couple avec Aur\u00e9lien. Ils ont deux enfants. Apr\u00e8s des ann\u00e9es de tr\u00eave, Aur\u00e9lien recommence \u00e0 l'insulter, et ce devant leurs\u2026","rel":"","context":"Dans &quot;Roman fran\u00e7ais&quot;","block_context":{"text":"Roman fran\u00e7ais","link":"https:\/\/smallthings.fr\/lespetitslivres\/category\/roman\/roman-francais\/"},"img":{"alt_text":"","src":"https:\/\/i0.wp.com\/smallthings.fr\/lespetitslivres\/wp-content\/uploads\/2018\/09\/trancher-cordonnier-cover.jpg?resize=350%2C200&ssl=1","width":350,"height":200,"srcset":"https:\/\/i0.wp.com\/smallthings.fr\/lespetitslivres\/wp-content\/uploads\/2018\/09\/trancher-cordonnier-cover.jpg?resize=350%2C200&ssl=1 1x, https:\/\/i0.wp.com\/smallthings.fr\/lespetitslivres\/wp-content\/uploads\/2018\/09\/trancher-cordonnier-cover.jpg?resize=525%2C300&ssl=1 1.5x"},"classes":[]},{"id":30809,"url":"https:\/\/smallthings.fr\/lespetitslivres\/2017\/02\/24\/lake-ephemeral-anya-allyn\/","url_meta":{"origin":31582,"position":3},"title":"Lake Ephemeral : l\u2019enfer est pav\u00e9 de bonnes intentions","author":"Jennifer","date":"24 f\u00e9vrier 2017","format":false,"excerpt":"Lake Ephemeral est un roman surprenant d'Anya Allyn. Paru aux\u00a0\u00e9ditions du Chat Noir d\u00e9but f\u00e9vrier, ce livre nous raconte les aventures de Sera, onze ans, une orpheline qui d\u00e9couvre que sa m\u00e8re biologique \u00e9tait en fait \u00e0 sa recherche depuis de nombreuses ann\u00e9es. Elle est emmen\u00e9e \u00e0 Lake Ephemeral, un\u2026","rel":"","context":"Dans &quot;Young Adult&quot;","block_context":{"text":"Young Adult","link":"https:\/\/smallthings.fr\/lespetitslivres\/category\/young-adult\/"},"img":{"alt_text":"","src":"https:\/\/i0.wp.com\/smallthings.fr\/lespetitslivres\/wp-content\/uploads\/2017\/02\/Lake-Ephemeral-Anya-Allyn-2.jpg?resize=350%2C200&ssl=1","width":350,"height":200,"srcset":"https:\/\/i0.wp.com\/smallthings.fr\/lespetitslivres\/wp-content\/uploads\/2017\/02\/Lake-Ephemeral-Anya-Allyn-2.jpg?resize=350%2C200&ssl=1 1x, https:\/\/i0.wp.com\/smallthings.fr\/lespetitslivres\/wp-content\/uploads\/2017\/02\/Lake-Ephemeral-Anya-Allyn-2.jpg?resize=525%2C300&ssl=1 1.5x"},"classes":[]},{"id":31758,"url":"https:\/\/smallthings.fr\/lespetitslivres\/2018\/08\/22\/vivre-ensemble-roman-emilie-freche\/","url_meta":{"origin":31582,"position":4},"title":"Vivre ensemble, le nouveau roman d&rsquo;\u00c9milie Fr\u00e8che","author":"Claire","date":"22 ao\u00fbt 2018","format":false,"excerpt":"Le nouveau roman d'\u00c9milie Fr\u00e8che, Vivre ensemble, sort aujourd'hui chez Stock pour la Rentr\u00e9e litt\u00e9raire. Un livre aussi terrifiant que bouleversant qui pose la question du vivre ensemble au sein d'une famille recompos\u00e9e. D\u00e9borah et Pierre, qui ont chacun un fils, d\u00e9cident d'emm\u00e9nager ensemble, pour le meilleur et pour le\u2026","rel":"","context":"Dans &quot;Roman fran\u00e7ais&quot;","block_context":{"text":"Roman fran\u00e7ais","link":"https:\/\/smallthings.fr\/lespetitslivres\/category\/roman\/roman-francais\/"},"img":{"alt_text":"","src":"https:\/\/i0.wp.com\/smallthings.fr\/lespetitslivres\/wp-content\/uploads\/2018\/08\/emilie-freche-vivre-ensemble.jpg?resize=350%2C200&ssl=1","width":350,"height":200,"srcset":"https:\/\/i0.wp.com\/smallthings.fr\/lespetitslivres\/wp-content\/uploads\/2018\/08\/emilie-freche-vivre-ensemble.jpg?resize=350%2C200&ssl=1 1x, https:\/\/i0.wp.com\/smallthings.fr\/lespetitslivres\/wp-content\/uploads\/2018\/08\/emilie-freche-vivre-ensemble.jpg?resize=525%2C300&ssl=1 1.5x"},"classes":[]},{"id":19953,"url":"https:\/\/smallthings.fr\/lespetitslivres\/2015\/01\/15\/zoya-pirzad-comme-tous-les-apres-midi\/","url_meta":{"origin":31582,"position":5},"title":"Comme tous les apr\u00e8s-midi, de l&rsquo;iranienne Zoy\u00e2 Pirz\u00e2d","author":"Cecile","date":"15 janvier 2015","format":false,"excerpt":"Zoy\u00e2 Pirz\u00e2d est une des figures majeures de la litt\u00e9rature iranienne contemporaine. R\u00e9v\u00e9l\u00e9e en Europe par C\u2019est moi qui \u00e9teins les lumi\u00e8res, elle n\u2019a de cesse de peindre \u00e0 petits traits sensibles la vie des femmes iraniennes, souvent m\u00e8res au foyer, faisant s\u2019\u00e9panouir au sein de ses mots la po\u00e9sie\u2026","rel":"","context":"Dans &quot;Roman \u00e9tranger&quot;","block_context":{"text":"Roman \u00e9tranger","link":"https:\/\/smallthings.fr\/lespetitslivres\/category\/roman\/roman-etranger\/"},"img":{"alt_text":"","src":"https:\/\/i0.wp.com\/smallthings.fr\/wp-content\/uploads\/2015\/01\/zoya-pirzad-comme-tous.jpg?resize=350%2C200","width":350,"height":200},"classes":[]}],"_links":{"self":[{"href":"https:\/\/smallthings.fr\/lespetitslivres\/wp-json\/wp\/v2\/posts\/31582"}],"collection":[{"href":"https:\/\/smallthings.fr\/lespetitslivres\/wp-json\/wp\/v2\/posts"}],"about":[{"href":"https:\/\/smallthings.fr\/lespetitslivres\/wp-json\/wp\/v2\/types\/post"}],"author":[{"embeddable":true,"href":"https:\/\/smallthings.fr\/lespetitslivres\/wp-json\/wp\/v2\/users\/2"}],"replies":[{"embeddable":true,"href":"https:\/\/smallthings.fr\/lespetitslivres\/wp-json\/wp\/v2\/comments?post=31582"}],"version-history":[{"count":1,"href":"https:\/\/smallthings.fr\/lespetitslivres\/wp-json\/wp\/v2\/posts\/31582\/revisions"}],"predecessor-version":[{"id":31585,"href":"https:\/\/smallthings.fr\/lespetitslivres\/wp-json\/wp\/v2\/posts\/31582\/revisions\/31585"}],"wp:featuredmedia":[{"embeddable":true,"href":"https:\/\/smallthings.fr\/lespetitslivres\/wp-json\/wp\/v2\/media\/31584"}],"wp:attachment":[{"href":"https:\/\/smallthings.fr\/lespetitslivres\/wp-json\/wp\/v2\/media?parent=31582"}],"wp:term":[{"taxonomy":"category","embeddable":true,"href":"https:\/\/smallthings.fr\/lespetitslivres\/wp-json\/wp\/v2\/categories?post=31582"},{"taxonomy":"post_tag","embeddable":true,"href":"https:\/\/smallthings.fr\/lespetitslivres\/wp-json\/wp\/v2\/tags?post=31582"}],"curies":[{"name":"wp","href":"https:\/\/api.w.org\/{rel}","templated":true}]}}