{"id":31504,"date":"2018-01-18T08:00:44","date_gmt":"2018-01-18T07:00:44","guid":{"rendered":"http:\/\/smallthings.fr\/lespetitslivres\/?p=31504"},"modified":"2018-01-17T20:04:59","modified_gmt":"2018-01-17T19:04:59","slug":"l-atelier-des-souvenirs-idoux-thivet","status":"publish","type":"post","link":"https:\/\/smallthings.fr\/lespetitslivres\/2018\/01\/18\/l-atelier-des-souvenirs-idoux-thivet\/","title":{"rendered":"L&rsquo;Atelier des souvenirs, premier roman d&rsquo;Anne Idoux-Thivet"},"content":{"rendered":"<h2><em>L&rsquo;Atelier des souvenirs<\/em> est le premier roman d&rsquo;Anne Idoux-Thivet, qui vient de para\u00eetre chez <a href=\"http:\/\/www.michel-lafon.fr\/livre\/1986-L_ATELIER_DES_SOUVENIRS.html\">Michel Lafon<\/a>. A d\u00e9faut de trouver du travail, Alice prend sa th\u00e8se sous son bras et part vivre \u00e0 la campagne dans la maison de feue sa grand-m\u00e8re\u2026 O\u00f9 elle d\u00e9p\u00e9rit passablement. Jusqu\u2019au jour o\u00f9 elle d\u00e9cide de se mettre \u00e0 son compte pour animer des ateliers d\u2019\u00e9criture.<\/h2>\n<p>Une d\u00e9cision qui va chambouler sa vie en l\u2019emmenant \u00e0 la rencontre de Germaine, Suzanne, Lucien et bien d\u2019autres, joyeux pensionnaires des maisons de retraite dans lesquelles elle se retrouve en mission. Et au fil des ateliers d\u2019\u00e9criture, elle va d\u00e9couvrir que les anciens n\u2019ont pas dit leur dernier mot\u2026<\/p>\n<p><img loading=\"lazy\" decoding=\"async\" data-attachment-id=\"31505\" data-permalink=\"https:\/\/smallthings.fr\/lespetitslivres\/2018\/01\/18\/l-atelier-des-souvenirs-idoux-thivet\/atelier-des-souvenirs\/\" data-orig-file=\"https:\/\/smallthings.fr\/lespetitslivres\/wp-content\/uploads\/2018\/01\/atelier-des-souvenirs.png\" data-orig-size=\"394,640\" data-comments-opened=\"1\" data-image-meta=\"{&quot;aperture&quot;:&quot;0&quot;,&quot;credit&quot;:&quot;&quot;,&quot;camera&quot;:&quot;&quot;,&quot;caption&quot;:&quot;&quot;,&quot;created_timestamp&quot;:&quot;0&quot;,&quot;copyright&quot;:&quot;&quot;,&quot;focal_length&quot;:&quot;0&quot;,&quot;iso&quot;:&quot;0&quot;,&quot;shutter_speed&quot;:&quot;0&quot;,&quot;title&quot;:&quot;&quot;,&quot;orientation&quot;:&quot;0&quot;}\" data-image-title=\"atelier-des-souvenirs\" data-image-description=\"\" data-image-caption=\"\" data-medium-file=\"https:\/\/smallthings.fr\/lespetitslivres\/wp-content\/uploads\/2018\/01\/atelier-des-souvenirs-185x300.png\" data-large-file=\"https:\/\/smallthings.fr\/lespetitslivres\/wp-content\/uploads\/2018\/01\/atelier-des-souvenirs.png\" class=\"alignleft  wp-image-31505\" src=\"http:\/\/smallthings.fr\/lespetitslivres\/wp-content\/uploads\/2018\/01\/atelier-des-souvenirs.png\" alt=\"\" width=\"270\" height=\"439\" srcset=\"https:\/\/smallthings.fr\/lespetitslivres\/wp-content\/uploads\/2018\/01\/atelier-des-souvenirs.png 394w, https:\/\/smallthings.fr\/lespetitslivres\/wp-content\/uploads\/2018\/01\/atelier-des-souvenirs-185x300.png 185w\" sizes=\"(max-width: 270px) 100vw, 270px\" \/>Au pitch, \u00e7a partait bien. Bon sang que \u00e7a partait bien cette histoire\u00a0! \u00c7a semblait original, dr\u00f4le, sensible. Mais voil\u00e0, la mayonnaise ne prend pas suffisamment. Dans cette <strong>histoire \u00e0 la Gavalda<\/strong>, il manque un je-ne-sais-quoi. Pourtant, ils sont sympathiques ces petits retrait\u00e9s qui envahissent la vie d\u2019Alice de leurs souvenirs et de leurs initiatives farfelues. Et justement on voudrait en savoir plus sur eux, plonger un peu plus loin dans leurs parcours, que l\u2019on ne fait qu\u2019affleurer finalement. Au lieu de retourner toujours vers Alice qu\u2019on a plut\u00f4t envie de secouer. D\u2019ailleurs il est peut-\u00eatre l\u00e0 le probl\u00e8me de cette histoire\u00a0: le manque d\u2019adversit\u00e9. Alice, je ne suis pas parvenue \u00e0 m\u2019y attacher car elle n\u2019a pas vraiment de probl\u00e8me. <strong>Son seul probl\u00e8me, c\u2019est d\u2019oser s\u2019ouvrir et se lancer<\/strong>.<\/p>\n<p>L\u2019alternance entre les temps de narration et les \u00e9crits divers (souvenirs, lettres, journaux intimes) aurait d\u00fb apporter \u00e0 <em>L&rsquo;Atelier des souvenirs<\/em> la touche de peps qui lui faisait d\u00e9faut. Mais au contraire la trop grande diversit\u00e9 des supports et des \u00e9metteurs donne une impression de fouillis. Certains \u00e9crits lancent des pistes, font progresser l\u2019action, offrent une pause po\u00e9tique agr\u00e9able, tandis que d\u2019autres sont inutiles.<\/p>\n<p><em>L&rsquo;Atelier des souvenirs<\/em> comporte cependant <strong>de belles id\u00e9es et de jolis moments d\u2019\u00e9motions<\/strong>, comme le personnage de Lucien qui est sans doute le plus attachant de tous. Ou Germaine avec son sacr\u00e9 caract\u00e8re. Mais beaucoup d\u2019id\u00e9es ou de pistes narratives sont lanc\u00e9es sans \u00eatre vraiment nourries par la suite, alors qu\u2019elles \u00e9taient porteuses.<\/p>\n<p>On a comme l\u2019impression parfois qu&rsquo;Anne Idoux-Thivet avait trop d\u2019id\u00e9es pour chacun de ses personnages et n\u2019a pas pu choisir\u2026 De la m\u00eame fa\u00e7on qu\u2019on pressent le potentiel humoristique de certains personnages sans qu\u2019il ne soit totalement r\u00e9v\u00e9l\u00e9.<\/p>\n<p><strong><em>L\u2019Atelier des souvenirs<\/em> est une tr\u00e8s belle id\u00e9e de roman, pleine de bienveillance<\/strong>, qui aurait pu \u00eatre le parfait <em>feel-good book<\/em>, mais qui se lit sans plus marquer les esprits, faute d\u2019\u00eatre totalement abouti dans son propos.<\/p>\n","protected":false},"excerpt":{"rendered":"<p>L&rsquo;Atelier des souvenirs est le premier roman d&rsquo;Anne Idoux-Thivet, qui vient de para\u00eetre chez Michel Lafon. A d\u00e9faut de trouver du travail, Alice prend sa th\u00e8se sous son bras et part vivre \u00e0 la campagne dans la maison de feue sa grand-m\u00e8re\u2026 O\u00f9 elle d\u00e9p\u00e9rit passablement. Jusqu\u2019au jour o\u00f9 elle d\u00e9cide de se mettre \u00e0<\/p>\n","protected":false},"author":15,"featured_media":31506,"comment_status":"open","ping_status":"open","sticky":false,"template":"","format":"standard","meta":{"jetpack_post_was_ever_published":false,"_jetpack_newsletter_access":"","_jetpack_newsletter_tier_id":0,"footnotes":"","jetpack_publicize_message":"","jetpack_is_tweetstorm":false,"jetpack_publicize_feature_enabled":true,"jetpack_social_post_already_shared":true,"jetpack_social_options":{"image_generator_settings":{"template":"highway","enabled":false}}},"categories":[1117],"tags":[1968,1966,1538,1783,1848,1641,1967,54],"jetpack_publicize_connections":[],"yoast_head":"<!-- This site is optimized with the Yoast SEO plugin v21.5 - https:\/\/yoast.com\/wordpress\/plugins\/seo\/ -->\n<title>L&#039;Atelier des souvenirs, premier roman d&#039;Anne Idoux-Thivet<\/title>\n<meta name=\"description\" content=\"L&#039;Atelier des souvenirs est le premier roman d&#039;Anne Idoux-Thivet, qui vient de para\u00eetre chez Michel Lafon. A d\u00e9faut de trouver du travail, Alice prend sa\" \/>\n<meta name=\"robots\" content=\"index, follow, max-snippet:-1, max-image-preview:large, max-video-preview:-1\" \/>\n<link rel=\"canonical\" href=\"http:\/\/smallthings.fr\/lespetitslivres\/2018\/01\/18\/l-atelier-des-souvenirs-idoux-thivet\/\" \/>\n<meta property=\"og:locale\" content=\"fr_FR\" \/>\n<meta property=\"og:type\" content=\"article\" \/>\n<meta property=\"og:title\" content=\"L&#039;Atelier des souvenirs, premier roman d&#039;Anne Idoux-Thivet\" \/>\n<meta property=\"og:description\" content=\"L&#039;Atelier des souvenirs est le premier roman d&#039;Anne Idoux-Thivet, qui vient de para\u00eetre chez Michel Lafon. A d\u00e9faut de trouver du travail, Alice prend sa\" \/>\n<meta property=\"og:url\" content=\"http:\/\/smallthings.fr\/lespetitslivres\/2018\/01\/18\/l-atelier-des-souvenirs-idoux-thivet\/\" \/>\n<meta property=\"og:site_name\" content=\"Les Petits Livres\" \/>\n<meta property=\"article:published_time\" content=\"2018-01-18T07:00:44+00:00\" \/>\n<meta property=\"article:modified_time\" content=\"2018-01-17T19:04:59+00:00\" \/>\n<meta property=\"og:image\" content=\"https:\/\/i0.wp.com\/smallthings.fr\/lespetitslivres\/wp-content\/uploads\/2018\/01\/atelier-des-souvenirs-cover.png?fit=394%2C241\" \/>\n\t<meta property=\"og:image:width\" content=\"394\" \/>\n\t<meta property=\"og:image:height\" content=\"241\" \/>\n\t<meta property=\"og:image:type\" content=\"image\/png\" \/>\n<meta name=\"author\" content=\"June\" \/>\n<meta name=\"twitter:card\" content=\"summary_large_image\" \/>\n<meta name=\"twitter:creator\" content=\"@dariadgille\" \/>\n<meta name=\"twitter:label1\" content=\"\u00c9crit par\" \/>\n\t<meta name=\"twitter:data1\" content=\"June\" \/>\n\t<meta name=\"twitter:label2\" content=\"Dur\u00e9e de lecture estim\u00e9e\" \/>\n\t<meta name=\"twitter:data2\" content=\"2 minutes\" \/>\n<script type=\"application\/ld+json\" class=\"yoast-schema-graph\">{\"@context\":\"https:\/\/schema.org\",\"@graph\":[{\"@type\":\"WebPage\",\"@id\":\"http:\/\/smallthings.fr\/lespetitslivres\/2018\/01\/18\/l-atelier-des-souvenirs-idoux-thivet\/\",\"url\":\"http:\/\/smallthings.fr\/lespetitslivres\/2018\/01\/18\/l-atelier-des-souvenirs-idoux-thivet\/\",\"name\":\"L'Atelier des souvenirs, premier roman d'Anne Idoux-Thivet\",\"isPartOf\":{\"@id\":\"https:\/\/smallthings.fr\/lespetitslivres\/#website\"},\"datePublished\":\"2018-01-18T07:00:44+00:00\",\"dateModified\":\"2018-01-17T19:04:59+00:00\",\"author\":{\"@id\":\"https:\/\/smallthings.fr\/lespetitslivres\/#\/schema\/person\/3e6389e33dfcb17850d47fa745090e73\"},\"description\":\"L'Atelier des souvenirs est le premier roman d'Anne Idoux-Thivet, qui vient de para\u00eetre chez Michel Lafon. A d\u00e9faut de trouver du travail, Alice prend sa\",\"breadcrumb\":{\"@id\":\"http:\/\/smallthings.fr\/lespetitslivres\/2018\/01\/18\/l-atelier-des-souvenirs-idoux-thivet\/#breadcrumb\"},\"inLanguage\":\"fr-FR\",\"potentialAction\":[{\"@type\":\"ReadAction\",\"target\":[\"http:\/\/smallthings.fr\/lespetitslivres\/2018\/01\/18\/l-atelier-des-souvenirs-idoux-thivet\/\"]}]},{\"@type\":\"BreadcrumbList\",\"@id\":\"http:\/\/smallthings.fr\/lespetitslivres\/2018\/01\/18\/l-atelier-des-souvenirs-idoux-thivet\/#breadcrumb\",\"itemListElement\":[{\"@type\":\"ListItem\",\"position\":1,\"name\":\"Accueil\",\"item\":\"https:\/\/smallthings.fr\/lespetitslivres\/\"},{\"@type\":\"ListItem\",\"position\":2,\"name\":\"L&rsquo;Atelier des souvenirs, premier roman d&rsquo;Anne Idoux-Thivet\"}]},{\"@type\":\"WebSite\",\"@id\":\"https:\/\/smallthings.fr\/lespetitslivres\/#website\",\"url\":\"https:\/\/smallthings.fr\/lespetitslivres\/\",\"name\":\"Les Petits Livres\",\"description\":\"by Small Things\",\"potentialAction\":[{\"@type\":\"SearchAction\",\"target\":{\"@type\":\"EntryPoint\",\"urlTemplate\":\"https:\/\/smallthings.fr\/lespetitslivres\/?s={search_term_string}\"},\"query-input\":\"required name=search_term_string\"}],\"inLanguage\":\"fr-FR\"},{\"@type\":\"Person\",\"@id\":\"https:\/\/smallthings.fr\/lespetitslivres\/#\/schema\/person\/3e6389e33dfcb17850d47fa745090e73\",\"name\":\"June\",\"image\":{\"@type\":\"ImageObject\",\"inLanguage\":\"fr-FR\",\"@id\":\"https:\/\/smallthings.fr\/lespetitslivres\/#\/schema\/person\/image\/\",\"url\":\"https:\/\/secure.gravatar.com\/avatar\/b9e34137bb78059aebeb6866f6a13f5a?s=96&d=retro&r=g\",\"contentUrl\":\"https:\/\/secure.gravatar.com\/avatar\/b9e34137bb78059aebeb6866f6a13f5a?s=96&d=retro&r=g\",\"caption\":\"June\"},\"sameAs\":[\"https:\/\/twitter.com\/@dariadgille\"],\"url\":\"https:\/\/smallthings.fr\/lespetitslivres\/author\/june\/\"}]}<\/script>\n<!-- \/ Yoast SEO plugin. -->","yoast_head_json":{"title":"L'Atelier des souvenirs, premier roman d'Anne Idoux-Thivet","description":"L'Atelier des souvenirs est le premier roman d'Anne Idoux-Thivet, qui vient de para\u00eetre chez Michel Lafon. A d\u00e9faut de trouver du travail, Alice prend sa","robots":{"index":"index","follow":"follow","max-snippet":"max-snippet:-1","max-image-preview":"max-image-preview:large","max-video-preview":"max-video-preview:-1"},"canonical":"http:\/\/smallthings.fr\/lespetitslivres\/2018\/01\/18\/l-atelier-des-souvenirs-idoux-thivet\/","og_locale":"fr_FR","og_type":"article","og_title":"L'Atelier des souvenirs, premier roman d'Anne Idoux-Thivet","og_description":"L'Atelier des souvenirs est le premier roman d'Anne Idoux-Thivet, qui vient de para\u00eetre chez Michel Lafon. A d\u00e9faut de trouver du travail, Alice prend sa","og_url":"http:\/\/smallthings.fr\/lespetitslivres\/2018\/01\/18\/l-atelier-des-souvenirs-idoux-thivet\/","og_site_name":"Les Petits Livres","article_published_time":"2018-01-18T07:00:44+00:00","article_modified_time":"2018-01-17T19:04:59+00:00","og_image":[{"width":394,"height":241,"url":"https:\/\/i0.wp.com\/smallthings.fr\/lespetitslivres\/wp-content\/uploads\/2018\/01\/atelier-des-souvenirs-cover.png?fit=394%2C241","type":"image\/png"}],"author":"June","twitter_card":"summary_large_image","twitter_creator":"@dariadgille","twitter_misc":{"\u00c9crit par":"June","Dur\u00e9e de lecture estim\u00e9e":"2 minutes"},"schema":{"@context":"https:\/\/schema.org","@graph":[{"@type":"WebPage","@id":"http:\/\/smallthings.fr\/lespetitslivres\/2018\/01\/18\/l-atelier-des-souvenirs-idoux-thivet\/","url":"http:\/\/smallthings.fr\/lespetitslivres\/2018\/01\/18\/l-atelier-des-souvenirs-idoux-thivet\/","name":"L'Atelier des souvenirs, premier roman d'Anne Idoux-Thivet","isPartOf":{"@id":"https:\/\/smallthings.fr\/lespetitslivres\/#website"},"datePublished":"2018-01-18T07:00:44+00:00","dateModified":"2018-01-17T19:04:59+00:00","author":{"@id":"https:\/\/smallthings.fr\/lespetitslivres\/#\/schema\/person\/3e6389e33dfcb17850d47fa745090e73"},"description":"L'Atelier des souvenirs est le premier roman d'Anne Idoux-Thivet, qui vient de para\u00eetre chez Michel Lafon. A d\u00e9faut de trouver du travail, Alice prend sa","breadcrumb":{"@id":"http:\/\/smallthings.fr\/lespetitslivres\/2018\/01\/18\/l-atelier-des-souvenirs-idoux-thivet\/#breadcrumb"},"inLanguage":"fr-FR","potentialAction":[{"@type":"ReadAction","target":["http:\/\/smallthings.fr\/lespetitslivres\/2018\/01\/18\/l-atelier-des-souvenirs-idoux-thivet\/"]}]},{"@type":"BreadcrumbList","@id":"http:\/\/smallthings.fr\/lespetitslivres\/2018\/01\/18\/l-atelier-des-souvenirs-idoux-thivet\/#breadcrumb","itemListElement":[{"@type":"ListItem","position":1,"name":"Accueil","item":"https:\/\/smallthings.fr\/lespetitslivres\/"},{"@type":"ListItem","position":2,"name":"L&rsquo;Atelier des souvenirs, premier roman d&rsquo;Anne Idoux-Thivet"}]},{"@type":"WebSite","@id":"https:\/\/smallthings.fr\/lespetitslivres\/#website","url":"https:\/\/smallthings.fr\/lespetitslivres\/","name":"Les Petits Livres","description":"by Small Things","potentialAction":[{"@type":"SearchAction","target":{"@type":"EntryPoint","urlTemplate":"https:\/\/smallthings.fr\/lespetitslivres\/?s={search_term_string}"},"query-input":"required name=search_term_string"}],"inLanguage":"fr-FR"},{"@type":"Person","@id":"https:\/\/smallthings.fr\/lespetitslivres\/#\/schema\/person\/3e6389e33dfcb17850d47fa745090e73","name":"June","image":{"@type":"ImageObject","inLanguage":"fr-FR","@id":"https:\/\/smallthings.fr\/lespetitslivres\/#\/schema\/person\/image\/","url":"https:\/\/secure.gravatar.com\/avatar\/b9e34137bb78059aebeb6866f6a13f5a?s=96&d=retro&r=g","contentUrl":"https:\/\/secure.gravatar.com\/avatar\/b9e34137bb78059aebeb6866f6a13f5a?s=96&d=retro&r=g","caption":"June"},"sameAs":["https:\/\/twitter.com\/@dariadgille"],"url":"https:\/\/smallthings.fr\/lespetitslivres\/author\/june\/"}]}},"jetpack_featured_media_url":"https:\/\/smallthings.fr\/lespetitslivres\/wp-content\/uploads\/2018\/01\/atelier-des-souvenirs-cover.png","jetpack_sharing_enabled":true,"jetpack_shortlink":"https:\/\/wp.me\/p6Un21-8c8","jetpack-related-posts":[{"id":30314,"url":"https:\/\/smallthings.fr\/lespetitslivres\/2016\/09\/20\/souvenirs-voles-trilogie-voile\/","url_meta":{"origin":31504,"position":0},"title":"Souvenirs Vol\u00e9s, premier tome de la Trilogie du Voile","author":"Jennifer","date":"20 septembre 2016","format":false,"excerpt":"Souvenirs Vol\u00e9s est le premier tome de la saga La Trilogie du Voile de l\u2019auteure australienne Selina Fenech. Sorti le 5 septembre aux \u00e9ditions du Chat Noir, ce roman nous conte l\u2019histoire de Memory, une jeune gothique qui se retrouve dans un monde o\u00f9 magie, f\u00e9es et dragons existent r\u00e9ellement.\u2026","rel":"","context":"Dans &quot;Fantastique&quot;","block_context":{"text":"Fantastique","link":"https:\/\/smallthings.fr\/lespetitslivres\/category\/imaginaire\/fantastique\/"},"img":{"alt_text":"","src":"https:\/\/i0.wp.com\/smallthings.fr\/lespetitslivres\/wp-content\/uploads\/2016\/09\/souvenirs-voiles-trilogie-voile-couv.jpg?resize=350%2C200&ssl=1","width":350,"height":200,"srcset":"https:\/\/i0.wp.com\/smallthings.fr\/lespetitslivres\/wp-content\/uploads\/2016\/09\/souvenirs-voiles-trilogie-voile-couv.jpg?resize=350%2C200&ssl=1 1x, https:\/\/i0.wp.com\/smallthings.fr\/lespetitslivres\/wp-content\/uploads\/2016\/09\/souvenirs-voiles-trilogie-voile-couv.jpg?resize=525%2C300&ssl=1 1.5x"},"classes":[]},{"id":29168,"url":"https:\/\/smallthings.fr\/lespetitslivres\/2015\/11\/20\/des-millions-de-larmes-et-de-rires-roman\/","url_meta":{"origin":31504,"position":1},"title":"Des millions de larmes et de rires : partir pour gu\u00e9rir","author":"June","date":"20 novembre 2015","format":false,"excerpt":"Pour son premier roman, paru aux \u00e9ditions Mosa\u00efc le 28 octobre, Karma Brown n\u2019a pas choisi le sujet le plus \u00e9vident. Dans Des Millions de larmes et de rires, elle aborde le drame de la perte d\u2019un enfant \u00e0 na\u00eetre avec toutes les cons\u00e9quences que cela peut engendrer au sein\u2026","rel":"","context":"Dans &quot;Actu&quot;","block_context":{"text":"Actu","link":"https:\/\/smallthings.fr\/lespetitslivres\/category\/actu\/"},"img":{"alt_text":"","src":"https:\/\/i0.wp.com\/smallthings.fr\/lespetitslivres\/wp-content\/uploads\/2015\/11\/des-millions-de-larmes-et-de-rires-couv.jpeg?resize=350%2C200&ssl=1","width":350,"height":200},"classes":[]},{"id":31795,"url":"https:\/\/smallthings.fr\/lespetitslivres\/2018\/08\/31\/hommes-desirent-naturellement-savoir-bouraoui\/","url_meta":{"origin":31504,"position":2},"title":"Tous les hommes d\u00e9sirent naturellement savoir, nouveau livre de Nina Bouraoui","author":"Claire","date":"31 ao\u00fbt 2018","format":false,"excerpt":"Le nouveau roman de Nina Bouraoui, Tous les hommes d\u00e9sirent naturellement savoir, vient de para\u00eetre chez Latt\u00e8s en cette Rentr\u00e9e litt\u00e9raire. Si le livre porte le nom de \"roman\", il a des allures d'autofiction, entre les souvenirs familiaux en France et en Alg\u00e9rie, l'homosexualit\u00e9 de la narratrice et le sujet\u2026","rel":"","context":"Dans &quot;Roman fran\u00e7ais&quot;","block_context":{"text":"Roman fran\u00e7ais","link":"https:\/\/smallthings.fr\/lespetitslivres\/category\/roman\/roman-francais\/"},"img":{"alt_text":"","src":"https:\/\/i0.wp.com\/smallthings.fr\/lespetitslivres\/wp-content\/uploads\/2018\/08\/nina-bouraoui.jpg?resize=350%2C200&ssl=1","width":350,"height":200,"srcset":"https:\/\/i0.wp.com\/smallthings.fr\/lespetitslivres\/wp-content\/uploads\/2018\/08\/nina-bouraoui.jpg?resize=350%2C200&ssl=1 1x, https:\/\/i0.wp.com\/smallthings.fr\/lespetitslivres\/wp-content\/uploads\/2018\/08\/nina-bouraoui.jpg?resize=525%2C300&ssl=1 1.5x"},"classes":[]},{"id":29923,"url":"https:\/\/smallthings.fr\/lespetitslivres\/2016\/05\/12\/eh-bien-dansons-maintenant-roman\/","url_meta":{"origin":31504,"position":3},"title":"Eh bien dansons maintenant : le roman doudou du printemps","author":"Lola","date":"12 mai 2016","format":false,"excerpt":"Apr\u00e8s L'immeuble des femmes qui ont renonc\u00e9 aux hommes, paru chez Michel Lafon, Karine Lambert passe chez JC Latt\u00e8s avec Eh bien dansons maintenant ! qui vient de para\u00eetre. Comment faire son deuil et rena\u00eetre \u00e0 plus de 70 ans ! Si l'\u00e9criture de Eh bien dansons maintenant ! est\u2026","rel":"","context":"Dans &quot;Roman fran\u00e7ais&quot;","block_context":{"text":"Roman fran\u00e7ais","link":"https:\/\/smallthings.fr\/lespetitslivres\/category\/roman\/roman-francais\/"},"img":{"alt_text":"","src":"https:\/\/i0.wp.com\/smallthings.fr\/lespetitslivres\/wp-content\/uploads\/2016\/05\/eh-bien-dansons-maintenant.jpg?resize=350%2C200&ssl=1","width":350,"height":200,"srcset":"https:\/\/i0.wp.com\/smallthings.fr\/lespetitslivres\/wp-content\/uploads\/2016\/05\/eh-bien-dansons-maintenant.jpg?resize=350%2C200&ssl=1 1x, https:\/\/i0.wp.com\/smallthings.fr\/lespetitslivres\/wp-content\/uploads\/2016\/05\/eh-bien-dansons-maintenant.jpg?resize=525%2C300&ssl=1 1.5x, https:\/\/i0.wp.com\/smallthings.fr\/lespetitslivres\/wp-content\/uploads\/2016\/05\/eh-bien-dansons-maintenant.jpg?resize=700%2C400&ssl=1 2x"},"classes":[]},{"id":30480,"url":"https:\/\/smallthings.fr\/lespetitslivres\/2016\/11\/17\/froidures-kate-moses-critique\/","url_meta":{"origin":31504,"position":4},"title":"Froidure, dans les pas m\u00e9lancoliques de la po\u00e9tesse Sylvia Plath","author":"June","date":"17 novembre 2016","format":false,"excerpt":"Avec Froidure, premier roman, paru le 13 octobre aux \u00e9ditions du Petit Quai Voltaire, Kate Moses nous emm\u00e8ne au c\u0153ur de l\u2019hiver 1962 \u00e0 Londres et du tragique destin de la po\u00e9tesse Sylvia Plath. Saisis par le froid, on se laisse entra\u00eener par cette \u00e9criture po\u00e9tique, entre lumi\u00e8re et ombres,\u2026","rel":"","context":"Dans &quot;Roman \u00e9tranger&quot;","block_context":{"text":"Roman \u00e9tranger","link":"https:\/\/smallthings.fr\/lespetitslivres\/category\/roman\/roman-etranger\/"},"img":{"alt_text":"","src":"https:\/\/i0.wp.com\/smallthings.fr\/lespetitslivres\/wp-content\/uploads\/2016\/11\/froidures-couv.jpg?resize=350%2C200&ssl=1","width":350,"height":200,"srcset":"https:\/\/i0.wp.com\/smallthings.fr\/lespetitslivres\/wp-content\/uploads\/2016\/11\/froidures-couv.jpg?resize=350%2C200&ssl=1 1x, https:\/\/i0.wp.com\/smallthings.fr\/lespetitslivres\/wp-content\/uploads\/2016\/11\/froidures-couv.jpg?resize=525%2C300&ssl=1 1.5x, https:\/\/i0.wp.com\/smallthings.fr\/lespetitslivres\/wp-content\/uploads\/2016\/11\/froidures-couv.jpg?resize=700%2C400&ssl=1 2x"},"classes":[]},{"id":31829,"url":"https:\/\/smallthings.fr\/lespetitslivres\/2018\/11\/08\/ca-raconte-sarah-delabroy-allard\/","url_meta":{"origin":31504,"position":5},"title":"\u00c7a raconte Sarah, superbe premier roman de Pauline Delabroy-Allard","author":"Claire","date":"8 novembre 2018","format":false,"excerpt":"\u00c7a raconte Sarah est le premier roman tr\u00e8s remarqu\u00e9 de Pauline Delabroy-Allard, paru aux \u00e9ditions de Minuit. C'est le roman de l'amour, de l'amour extr\u00eame, de l'amour absolu, de l'amour folie, o\u00f9 la fronti\u00e8re entre r\u00eave et r\u00e9alit\u00e9 devient floue. Un livre magnifique qui ne recule devant rien. Un livre\u2026","rel":"","context":"Dans &quot;Roman fran\u00e7ais&quot;","block_context":{"text":"Roman fran\u00e7ais","link":"https:\/\/smallthings.fr\/lespetitslivres\/category\/roman\/roman-francais\/"},"img":{"alt_text":"","src":"https:\/\/i0.wp.com\/smallthings.fr\/lespetitslivres\/wp-content\/uploads\/2018\/11\/ca-raconte-sarah-cover.jpg?resize=350%2C200&ssl=1","width":350,"height":200,"srcset":"https:\/\/i0.wp.com\/smallthings.fr\/lespetitslivres\/wp-content\/uploads\/2018\/11\/ca-raconte-sarah-cover.jpg?resize=350%2C200&ssl=1 1x, https:\/\/i0.wp.com\/smallthings.fr\/lespetitslivres\/wp-content\/uploads\/2018\/11\/ca-raconte-sarah-cover.jpg?resize=525%2C300&ssl=1 1.5x, https:\/\/i0.wp.com\/smallthings.fr\/lespetitslivres\/wp-content\/uploads\/2018\/11\/ca-raconte-sarah-cover.jpg?resize=700%2C400&ssl=1 2x, https:\/\/i0.wp.com\/smallthings.fr\/lespetitslivres\/wp-content\/uploads\/2018\/11\/ca-raconte-sarah-cover.jpg?resize=1050%2C600&ssl=1 3x, https:\/\/i0.wp.com\/smallthings.fr\/lespetitslivres\/wp-content\/uploads\/2018\/11\/ca-raconte-sarah-cover.jpg?resize=1400%2C800&ssl=1 4x"},"classes":[]}],"_links":{"self":[{"href":"https:\/\/smallthings.fr\/lespetitslivres\/wp-json\/wp\/v2\/posts\/31504"}],"collection":[{"href":"https:\/\/smallthings.fr\/lespetitslivres\/wp-json\/wp\/v2\/posts"}],"about":[{"href":"https:\/\/smallthings.fr\/lespetitslivres\/wp-json\/wp\/v2\/types\/post"}],"author":[{"embeddable":true,"href":"https:\/\/smallthings.fr\/lespetitslivres\/wp-json\/wp\/v2\/users\/15"}],"replies":[{"embeddable":true,"href":"https:\/\/smallthings.fr\/lespetitslivres\/wp-json\/wp\/v2\/comments?post=31504"}],"version-history":[{"count":1,"href":"https:\/\/smallthings.fr\/lespetitslivres\/wp-json\/wp\/v2\/posts\/31504\/revisions"}],"predecessor-version":[{"id":31507,"href":"https:\/\/smallthings.fr\/lespetitslivres\/wp-json\/wp\/v2\/posts\/31504\/revisions\/31507"}],"wp:featuredmedia":[{"embeddable":true,"href":"https:\/\/smallthings.fr\/lespetitslivres\/wp-json\/wp\/v2\/media\/31506"}],"wp:attachment":[{"href":"https:\/\/smallthings.fr\/lespetitslivres\/wp-json\/wp\/v2\/media?parent=31504"}],"wp:term":[{"taxonomy":"category","embeddable":true,"href":"https:\/\/smallthings.fr\/lespetitslivres\/wp-json\/wp\/v2\/categories?post=31504"},{"taxonomy":"post_tag","embeddable":true,"href":"https:\/\/smallthings.fr\/lespetitslivres\/wp-json\/wp\/v2\/tags?post=31504"}],"curies":[{"name":"wp","href":"https:\/\/api.w.org\/{rel}","templated":true}]}}