{"id":31496,"date":"2018-02-02T12:30:58","date_gmt":"2018-02-02T11:30:58","guid":{"rendered":"http:\/\/smallthings.fr\/lespetitslivres\/?p=31496"},"modified":"2018-01-12T14:47:49","modified_gmt":"2018-01-12T13:47:49","slug":"l-ete-circulaire-marion-brunet-avis","status":"publish","type":"post","link":"https:\/\/smallthings.fr\/lespetitslivres\/2018\/02\/02\/l-ete-circulaire-marion-brunet-avis\/","title":{"rendered":"L&rsquo;\u00e9t\u00e9 circulaire, roman noir et social de Marion Brunet"},"content":{"rendered":"<h2><em>L&rsquo;\u00e9t\u00e9 circulaire<\/em> est le nouveau roman de Marion Brunet, \u00e9galement auteure pour la jeunesse, publi\u00e9 aux \u00e9ditions <a href=\"http:\/\/www.albin-michel.fr\/ouvrages\/lete-circulaire-9782226398918\">Albin Michel<\/a>. Lors d&rsquo;une f\u00eate foraine comme on en conna\u00eet tous, dans une petite ville du sud, C\u00e9line, seize ans, fait un malaise et est oblig\u00e9e d&rsquo;avouer qu&rsquo;elle est enceinte. Ses parents, sa s\u0153ur et ses amis sont sous le choc. Comment cela a-t-il pu arriver ? Et qui est le p\u00e8re ?<\/h2>\n<p><em><img loading=\"lazy\" decoding=\"async\" data-attachment-id=\"31497\" data-permalink=\"https:\/\/smallthings.fr\/lespetitslivres\/2018\/02\/02\/l-ete-circulaire-marion-brunet-avis\/ete-circulaire\/\" data-orig-file=\"https:\/\/smallthings.fr\/lespetitslivres\/wp-content\/uploads\/2018\/01\/ete-circulaire.jpg\" data-orig-size=\"1648,2419\" data-comments-opened=\"1\" data-image-meta=\"{&quot;aperture&quot;:&quot;0&quot;,&quot;credit&quot;:&quot;&quot;,&quot;camera&quot;:&quot;&quot;,&quot;caption&quot;:&quot;&quot;,&quot;created_timestamp&quot;:&quot;0&quot;,&quot;copyright&quot;:&quot;&quot;,&quot;focal_length&quot;:&quot;0&quot;,&quot;iso&quot;:&quot;0&quot;,&quot;shutter_speed&quot;:&quot;0&quot;,&quot;title&quot;:&quot;&quot;,&quot;orientation&quot;:&quot;1&quot;}\" data-image-title=\"ete-circulaire\" data-image-description=\"\" data-image-caption=\"\" data-medium-file=\"https:\/\/smallthings.fr\/lespetitslivres\/wp-content\/uploads\/2018\/01\/ete-circulaire-204x300.jpg\" data-large-file=\"https:\/\/smallthings.fr\/lespetitslivres\/wp-content\/uploads\/2018\/01\/ete-circulaire-698x1024.jpg\" class=\"alignleft wp-image-31497\" src=\"http:\/\/smallthings.fr\/lespetitslivres\/wp-content\/uploads\/2018\/01\/ete-circulaire-698x1024.jpg\" alt=\"\" width=\"307\" height=\"451\" srcset=\"https:\/\/smallthings.fr\/lespetitslivres\/wp-content\/uploads\/2018\/01\/ete-circulaire-698x1024.jpg 698w, https:\/\/smallthings.fr\/lespetitslivres\/wp-content\/uploads\/2018\/01\/ete-circulaire-204x300.jpg 204w, https:\/\/smallthings.fr\/lespetitslivres\/wp-content\/uploads\/2018\/01\/ete-circulaire-768x1127.jpg 768w, https:\/\/smallthings.fr\/lespetitslivres\/wp-content\/uploads\/2018\/01\/ete-circulaire-1046x1536.jpg 1046w, https:\/\/smallthings.fr\/lespetitslivres\/wp-content\/uploads\/2018\/01\/ete-circulaire-1395x2048.jpg 1395w, https:\/\/smallthings.fr\/lespetitslivres\/wp-content\/uploads\/2018\/01\/ete-circulaire.jpg 1648w\" sizes=\"(max-width: 307px) 100vw, 307px\" \/><strong>L&rsquo;\u00e9t\u00e9 circulaire<\/strong><\/em><strong> n&rsquo;est pas un polar, malgr\u00e9 les nombreuses questions qui restent en suspens et le mauvais pressentiment que quelque chose, \u00e0 un moment, va tr\u00e8s mal se passer&#8230; C&rsquo;est un roman noir et un roman social parfaitement ma\u00eetris\u00e9, comme je n&rsquo;en avais pas lu depuis longtemps<\/strong>. On a l&rsquo;impression d&rsquo;\u00eatre mille fois pass\u00e9 par ce genre de petit ville, d&rsquo;y avoir crois\u00e9 ses personnages, d&rsquo;y avoir pressenti ces histoires, ces drames, ces regrets&#8230; Cette galerie aussi cruelle que d\u00e9testable en devient finalement touchante de v\u00e9rit\u00e9, touchante de fatalit\u00e9.<\/p>\n<p>L&rsquo;action principale se d\u00e9roule au c\u0153ur de la famille de Manuel, chef de chantier, mari\u00e9 \u00e0 S\u00e9verine, jeune m\u00e8re un brin d\u00e9pressive et r\u00e9sign\u00e9e, qui consid\u00e8re \u00eatre pass\u00e9e \u00e0 c\u00f4t\u00e9 de sa vie. Ils ont deux filles : la belle C\u00e9line, qui est tomb\u00e9e enceinte, et Jo, quinze ans, la cadette un peu bizarre, un peu \u00e0 part, un peu dans son monde, mais qui pige tout plus vite que sa s\u0153ur. Les deux jeunes filles sont tr\u00e8s li\u00e9es et traversent la vie au rythme des baffes que leur donne leur p\u00e8re, des remarques de leur m\u00e8re, des regards de leurs copains de classe, au rythme des conneries et des r\u00eaves lointains.<\/p>\n<p>Dans <em>L&rsquo;\u00e9t\u00e9 circulaire<\/em>, rien n&rsquo;est laiss\u00e9 au hasard. Marion Brunet cr\u00e9e une v\u00e9ritable galerie de personnages, tous plus \u00e9corch\u00e9s par la vie les uns que les autres. On y rencontre aussi Patrick et Val\u00e9rie, le couple d&rsquo;amis de Manuel et S\u00e9verine, Sa\u00efd, le voisin arabe qui sort avec Jo mais que Manuel soup\u00e7onne d&rsquo;avoir mis sa fille a\u00een\u00e9e enceinte, et d&rsquo;autres. <strong>On se croirait sur la place de l&rsquo;un de ces villages ensoleill\u00e9s du sud, o\u00f9 tout a l&rsquo;air si beau, si calme, si lumineux, mais o\u00f9 r\u00f4dent remords, jalousies, ranc\u0153urs et gens malheureux&#8230;\u00a0<\/strong><\/p>\n<p>Marion Brunet parvient \u00e0 distiller ce pressentiment que quelque chose va mal finir&#8230; On ne sait quoi, on ne sait comment. On reconna\u00eet rapidement les personnages les plus dangereux, les plus borderline, et les innocents qui en p\u00e2tiront. <em>L&rsquo;\u00e9t\u00e9 circulaire<\/em> est un roman magnifiquement sombre, qui ne nous laisse aucun r\u00e9pit et auquel on ne peut s&#8217;emp\u00eacher de penser plusieurs jours apr\u00e8s l&rsquo;avoir referm\u00e9.<\/p>\n<p><strong>Certains passages sont bouleversants de v\u00e9rit\u00e9<\/strong>. Des phrases courtes, efficaces, des coups de poing pour la plupart. D&rsquo;autres passages sont bouleversants, d&rsquo;une beaut\u00e9 rare. La beaut\u00e9 de cette lumi\u00e8re qui surgit au moment o\u00f9 on s&rsquo;y attend le moins, ces moments de gr\u00e2ce partag\u00e9s, que les personnages subissent plus qu&rsquo;ils ne les vivent. Comme une tr\u00eave, une pause, avant la temp\u00eate.<\/p>\n","protected":false},"excerpt":{"rendered":"<p>L&rsquo;\u00e9t\u00e9 circulaire est le nouveau roman de Marion Brunet, \u00e9galement auteure pour la jeunesse, publi\u00e9 aux \u00e9ditions Albin Michel. Lors d&rsquo;une f\u00eate foraine comme on en conna\u00eet tous, dans une petite ville du sud, C\u00e9line, seize ans, fait un malaise et est oblig\u00e9e d&rsquo;avouer qu&rsquo;elle est enceinte. Ses parents, sa s\u0153ur et ses amis sont<\/p>\n","protected":false},"author":2,"featured_media":31502,"comment_status":"open","ping_status":"open","sticky":false,"template":"","format":"standard","meta":{"jetpack_post_was_ever_published":false,"_jetpack_newsletter_access":"","_jetpack_newsletter_tier_id":0,"footnotes":"","jetpack_publicize_message":"","jetpack_is_tweetstorm":false,"jetpack_publicize_feature_enabled":true,"jetpack_social_post_already_shared":true,"jetpack_social_options":{"image_generator_settings":{"template":"highway","enabled":false}}},"categories":[1117],"tags":[29,1963,1964,1965,54,1616,1613],"jetpack_publicize_connections":[],"yoast_head":"<!-- This site is optimized with the Yoast SEO plugin v21.5 - https:\/\/yoast.com\/wordpress\/plugins\/seo\/ -->\n<title>L&#039;\u00e9t\u00e9 circulaire, roman noir et social de Marion Brunet<\/title>\n<meta name=\"description\" content=\"L&#039;\u00e9t\u00e9 circulaire est le nouveau roman de Marion Brunet, \u00e9galement auteure pour la jeunesse, publi\u00e9 aux \u00e9ditions Albin Michel. Lors d&#039;une f\u00eate foraine comme\" \/>\n<meta name=\"robots\" content=\"index, follow, max-snippet:-1, max-image-preview:large, max-video-preview:-1\" \/>\n<link rel=\"canonical\" href=\"http:\/\/smallthings.fr\/lespetitslivres\/2018\/02\/02\/l-ete-circulaire-marion-brunet-avis\/\" \/>\n<meta property=\"og:locale\" content=\"fr_FR\" \/>\n<meta property=\"og:type\" content=\"article\" \/>\n<meta property=\"og:title\" content=\"L&#039;\u00e9t\u00e9 circulaire, roman noir et social de Marion Brunet\" \/>\n<meta property=\"og:description\" content=\"L&#039;\u00e9t\u00e9 circulaire est le nouveau roman de Marion Brunet, \u00e9galement auteure pour la jeunesse, publi\u00e9 aux \u00e9ditions Albin Michel. Lors d&#039;une f\u00eate foraine comme\" \/>\n<meta property=\"og:url\" content=\"http:\/\/smallthings.fr\/lespetitslivres\/2018\/02\/02\/l-ete-circulaire-marion-brunet-avis\/\" \/>\n<meta property=\"og:site_name\" content=\"Les Petits Livres\" \/>\n<meta property=\"article:published_time\" content=\"2018-02-02T11:30:58+00:00\" \/>\n<meta property=\"article:modified_time\" content=\"2018-01-12T13:47:49+00:00\" \/>\n<meta property=\"og:image\" content=\"https:\/\/i0.wp.com\/smallthings.fr\/lespetitslivres\/wp-content\/uploads\/2018\/02\/ete-circulaire-cover.jpg?fit=1337%2C770\" \/>\n\t<meta property=\"og:image:width\" content=\"1337\" \/>\n\t<meta property=\"og:image:height\" content=\"770\" \/>\n\t<meta property=\"og:image:type\" content=\"image\/jpeg\" \/>\n<meta name=\"author\" content=\"Claire\" \/>\n<meta name=\"twitter:card\" content=\"summary_large_image\" \/>\n<meta name=\"twitter:label1\" content=\"\u00c9crit par\" \/>\n\t<meta name=\"twitter:data1\" content=\"Claire\" \/>\n\t<meta name=\"twitter:label2\" content=\"Dur\u00e9e de lecture estim\u00e9e\" \/>\n\t<meta name=\"twitter:data2\" content=\"3 minutes\" \/>\n<script type=\"application\/ld+json\" class=\"yoast-schema-graph\">{\"@context\":\"https:\/\/schema.org\",\"@graph\":[{\"@type\":\"WebPage\",\"@id\":\"http:\/\/smallthings.fr\/lespetitslivres\/2018\/02\/02\/l-ete-circulaire-marion-brunet-avis\/\",\"url\":\"http:\/\/smallthings.fr\/lespetitslivres\/2018\/02\/02\/l-ete-circulaire-marion-brunet-avis\/\",\"name\":\"L'\u00e9t\u00e9 circulaire, roman noir et social de Marion Brunet\",\"isPartOf\":{\"@id\":\"https:\/\/smallthings.fr\/lespetitslivres\/#website\"},\"datePublished\":\"2018-02-02T11:30:58+00:00\",\"dateModified\":\"2018-01-12T13:47:49+00:00\",\"author\":{\"@id\":\"https:\/\/smallthings.fr\/lespetitslivres\/#\/schema\/person\/504d603cacfe064fe039dfa03a8b7918\"},\"description\":\"L'\u00e9t\u00e9 circulaire est le nouveau roman de Marion Brunet, \u00e9galement auteure pour la jeunesse, publi\u00e9 aux \u00e9ditions Albin Michel. Lors d'une f\u00eate foraine comme\",\"breadcrumb\":{\"@id\":\"http:\/\/smallthings.fr\/lespetitslivres\/2018\/02\/02\/l-ete-circulaire-marion-brunet-avis\/#breadcrumb\"},\"inLanguage\":\"fr-FR\",\"potentialAction\":[{\"@type\":\"ReadAction\",\"target\":[\"http:\/\/smallthings.fr\/lespetitslivres\/2018\/02\/02\/l-ete-circulaire-marion-brunet-avis\/\"]}]},{\"@type\":\"BreadcrumbList\",\"@id\":\"http:\/\/smallthings.fr\/lespetitslivres\/2018\/02\/02\/l-ete-circulaire-marion-brunet-avis\/#breadcrumb\",\"itemListElement\":[{\"@type\":\"ListItem\",\"position\":1,\"name\":\"Accueil\",\"item\":\"https:\/\/smallthings.fr\/lespetitslivres\/\"},{\"@type\":\"ListItem\",\"position\":2,\"name\":\"L&rsquo;\u00e9t\u00e9 circulaire, roman noir et social de Marion Brunet\"}]},{\"@type\":\"WebSite\",\"@id\":\"https:\/\/smallthings.fr\/lespetitslivres\/#website\",\"url\":\"https:\/\/smallthings.fr\/lespetitslivres\/\",\"name\":\"Les Petits Livres\",\"description\":\"by Small Things\",\"potentialAction\":[{\"@type\":\"SearchAction\",\"target\":{\"@type\":\"EntryPoint\",\"urlTemplate\":\"https:\/\/smallthings.fr\/lespetitslivres\/?s={search_term_string}\"},\"query-input\":\"required name=search_term_string\"}],\"inLanguage\":\"fr-FR\"},{\"@type\":\"Person\",\"@id\":\"https:\/\/smallthings.fr\/lespetitslivres\/#\/schema\/person\/504d603cacfe064fe039dfa03a8b7918\",\"name\":\"Claire\",\"image\":{\"@type\":\"ImageObject\",\"inLanguage\":\"fr-FR\",\"@id\":\"https:\/\/smallthings.fr\/lespetitslivres\/#\/schema\/person\/image\/\",\"url\":\"https:\/\/secure.gravatar.com\/avatar\/9a85ff83d76b3eb17b8cae208640786e?s=96&d=retro&r=g\",\"contentUrl\":\"https:\/\/secure.gravatar.com\/avatar\/9a85ff83d76b3eb17b8cae208640786e?s=96&d=retro&r=g\",\"caption\":\"Claire\"},\"url\":\"https:\/\/smallthings.fr\/lespetitslivres\/author\/claire\/\"}]}<\/script>\n<!-- \/ Yoast SEO plugin. -->","yoast_head_json":{"title":"L'\u00e9t\u00e9 circulaire, roman noir et social de Marion Brunet","description":"L'\u00e9t\u00e9 circulaire est le nouveau roman de Marion Brunet, \u00e9galement auteure pour la jeunesse, publi\u00e9 aux \u00e9ditions Albin Michel. Lors d'une f\u00eate foraine comme","robots":{"index":"index","follow":"follow","max-snippet":"max-snippet:-1","max-image-preview":"max-image-preview:large","max-video-preview":"max-video-preview:-1"},"canonical":"http:\/\/smallthings.fr\/lespetitslivres\/2018\/02\/02\/l-ete-circulaire-marion-brunet-avis\/","og_locale":"fr_FR","og_type":"article","og_title":"L'\u00e9t\u00e9 circulaire, roman noir et social de Marion Brunet","og_description":"L'\u00e9t\u00e9 circulaire est le nouveau roman de Marion Brunet, \u00e9galement auteure pour la jeunesse, publi\u00e9 aux \u00e9ditions Albin Michel. Lors d'une f\u00eate foraine comme","og_url":"http:\/\/smallthings.fr\/lespetitslivres\/2018\/02\/02\/l-ete-circulaire-marion-brunet-avis\/","og_site_name":"Les Petits Livres","article_published_time":"2018-02-02T11:30:58+00:00","article_modified_time":"2018-01-12T13:47:49+00:00","og_image":[{"width":1337,"height":770,"url":"https:\/\/i0.wp.com\/smallthings.fr\/lespetitslivres\/wp-content\/uploads\/2018\/02\/ete-circulaire-cover.jpg?fit=1337%2C770","type":"image\/jpeg"}],"author":"Claire","twitter_card":"summary_large_image","twitter_misc":{"\u00c9crit par":"Claire","Dur\u00e9e de lecture estim\u00e9e":"3 minutes"},"schema":{"@context":"https:\/\/schema.org","@graph":[{"@type":"WebPage","@id":"http:\/\/smallthings.fr\/lespetitslivres\/2018\/02\/02\/l-ete-circulaire-marion-brunet-avis\/","url":"http:\/\/smallthings.fr\/lespetitslivres\/2018\/02\/02\/l-ete-circulaire-marion-brunet-avis\/","name":"L'\u00e9t\u00e9 circulaire, roman noir et social de Marion Brunet","isPartOf":{"@id":"https:\/\/smallthings.fr\/lespetitslivres\/#website"},"datePublished":"2018-02-02T11:30:58+00:00","dateModified":"2018-01-12T13:47:49+00:00","author":{"@id":"https:\/\/smallthings.fr\/lespetitslivres\/#\/schema\/person\/504d603cacfe064fe039dfa03a8b7918"},"description":"L'\u00e9t\u00e9 circulaire est le nouveau roman de Marion Brunet, \u00e9galement auteure pour la jeunesse, publi\u00e9 aux \u00e9ditions Albin Michel. Lors d'une f\u00eate foraine comme","breadcrumb":{"@id":"http:\/\/smallthings.fr\/lespetitslivres\/2018\/02\/02\/l-ete-circulaire-marion-brunet-avis\/#breadcrumb"},"inLanguage":"fr-FR","potentialAction":[{"@type":"ReadAction","target":["http:\/\/smallthings.fr\/lespetitslivres\/2018\/02\/02\/l-ete-circulaire-marion-brunet-avis\/"]}]},{"@type":"BreadcrumbList","@id":"http:\/\/smallthings.fr\/lespetitslivres\/2018\/02\/02\/l-ete-circulaire-marion-brunet-avis\/#breadcrumb","itemListElement":[{"@type":"ListItem","position":1,"name":"Accueil","item":"https:\/\/smallthings.fr\/lespetitslivres\/"},{"@type":"ListItem","position":2,"name":"L&rsquo;\u00e9t\u00e9 circulaire, roman noir et social de Marion Brunet"}]},{"@type":"WebSite","@id":"https:\/\/smallthings.fr\/lespetitslivres\/#website","url":"https:\/\/smallthings.fr\/lespetitslivres\/","name":"Les Petits Livres","description":"by Small Things","potentialAction":[{"@type":"SearchAction","target":{"@type":"EntryPoint","urlTemplate":"https:\/\/smallthings.fr\/lespetitslivres\/?s={search_term_string}"},"query-input":"required name=search_term_string"}],"inLanguage":"fr-FR"},{"@type":"Person","@id":"https:\/\/smallthings.fr\/lespetitslivres\/#\/schema\/person\/504d603cacfe064fe039dfa03a8b7918","name":"Claire","image":{"@type":"ImageObject","inLanguage":"fr-FR","@id":"https:\/\/smallthings.fr\/lespetitslivres\/#\/schema\/person\/image\/","url":"https:\/\/secure.gravatar.com\/avatar\/9a85ff83d76b3eb17b8cae208640786e?s=96&d=retro&r=g","contentUrl":"https:\/\/secure.gravatar.com\/avatar\/9a85ff83d76b3eb17b8cae208640786e?s=96&d=retro&r=g","caption":"Claire"},"url":"https:\/\/smallthings.fr\/lespetitslivres\/author\/claire\/"}]}},"jetpack_featured_media_url":"https:\/\/smallthings.fr\/lespetitslivres\/wp-content\/uploads\/2018\/02\/ete-circulaire-cover.jpg","jetpack_sharing_enabled":true,"jetpack_shortlink":"https:\/\/wp.me\/p6Un21-8c0","jetpack-related-posts":[{"id":30593,"url":"https:\/\/smallthings.fr\/lespetitslivres\/2017\/01\/02\/aveu-de-faiblesses-viguier-avis\/","url_meta":{"origin":31496,"position":0},"title":"Aveu de faiblesses, polar psychologique et d\u00e9nonciation du syst\u00e8me judiciaire","author":"Claire","date":"2 janvier 2017","format":false,"excerpt":"Aveu de faiblesses est le tr\u00e8s r\u00e9ussi second roman de Fr\u00e9d\u00e9ric Viguier, qui para\u00eet en cette \"petite\" rentr\u00e9e litt\u00e9raire de janvier chez Albin Michel. Apr\u00e8s Ressources inhumaines, qui d\u00e9peignait le monde impitoyable du travail, Aveu de faiblesses raconte la descente aux enfers d'Yvan Gourlet, adolescent \u00e0 la psychologie fragile, suspect\u00e9\u2026","rel":"","context":"Dans &quot;Roman fran\u00e7ais&quot;","block_context":{"text":"Roman fran\u00e7ais","link":"https:\/\/smallthings.fr\/lespetitslivres\/category\/roman\/roman-francais\/"},"img":{"alt_text":"","src":"https:\/\/i0.wp.com\/smallthings.fr\/lespetitslivres\/wp-content\/uploads\/2016\/12\/aveu-de-faiblesses-viguier.jpg?resize=350%2C200&ssl=1","width":350,"height":200,"srcset":"https:\/\/i0.wp.com\/smallthings.fr\/lespetitslivres\/wp-content\/uploads\/2016\/12\/aveu-de-faiblesses-viguier.jpg?resize=350%2C200&ssl=1 1x, https:\/\/i0.wp.com\/smallthings.fr\/lespetitslivres\/wp-content\/uploads\/2016\/12\/aveu-de-faiblesses-viguier.jpg?resize=525%2C300&ssl=1 1.5x"},"classes":[]},{"id":30300,"url":"https:\/\/smallthings.fr\/lespetitslivres\/2016\/09\/15\/racine-carree-de-l-ete\/","url_meta":{"origin":31496,"position":1},"title":"La racine carr\u00e9e de l\u2019\u00e9t\u00e9 : physique quantique, amour et deuil","author":"Jennifer","date":"15 septembre 2016","format":false,"excerpt":"La racine carr\u00e9e de l\u2019\u00e9t\u00e9 est un roman d'Harriet Reuter Hapgood,\u00a0sorti le 1er septembre dernier aux\u00a0\u00e9ditions Pocket Jeunesse. Il relate l\u2019histoire de Gottie H. Oppenheimer, g\u00e9nie des maths, qui a des moments d\u2019absence pendant lesquels elle est projet\u00e9e dans son pass\u00e9. Gottie H. Oppenheimer est une jeune femme de 17\u2026","rel":"","context":"Dans &quot;Young Adult&quot;","block_context":{"text":"Young Adult","link":"https:\/\/smallthings.fr\/lespetitslivres\/category\/young-adult\/"},"img":{"alt_text":"","src":"https:\/\/i0.wp.com\/smallthings.fr\/lespetitslivres\/wp-content\/uploads\/2016\/09\/racine-carree-ete.jpg?resize=350%2C200","width":350,"height":200},"classes":[]},{"id":31241,"url":"https:\/\/smallthings.fr\/lespetitslivres\/2017\/08\/28\/faux-depart-marion-messina-critique\/","url_meta":{"origin":31496,"position":2},"title":"Faux d\u00e9part : portrait d&rsquo;une jeunesse d\u00e9senchant\u00e9e","author":"Marie Leroy","date":"28 ao\u00fbt 2017","format":false,"excerpt":"Faux d\u00e9part de Marion Messina vient de para\u00eetre chez Le Dilettante pour cette rentr\u00e9e litt\u00e9raire. Un premier roman au style direct et sans m\u00e9lodrame mais au pessimisme latent, d\u00e9non\u00e7ant l'injustice d'\u00eatre mal n\u00e9 dans un monde o\u00f9 il est difficile de changer de classe sociale. Quand on d\u00e9bute sa vie\u2026","rel":"","context":"Dans &quot;Roman fran\u00e7ais&quot;","block_context":{"text":"Roman fran\u00e7ais","link":"https:\/\/smallthings.fr\/lespetitslivres\/category\/roman\/roman-francais\/"},"img":{"alt_text":"","src":"https:\/\/i0.wp.com\/smallthings.fr\/lespetitslivres\/wp-content\/uploads\/2017\/08\/faux-depart-messina.jpg?resize=350%2C200","width":350,"height":200},"classes":[]},{"id":7044,"url":"https:\/\/smallthings.fr\/lespetitslivres\/2013\/09\/11\/e-pessan-muette\/","url_meta":{"origin":31496,"position":3},"title":"Eric Pessan &#8211; Muette","author":"Audrey Ch\u00e8vrefeuille","date":"11 septembre 2013","format":false,"excerpt":"Avec Muette, Eric\u00a0Pessan choisit pour cette rentr\u00e9e le th\u00e8me de la fugue et du mal-\u00eatre adolescent. Muette,\u00a0ou l'incompr\u00e9hension\u00a0entre\u00a0une jeune fille\u00a0et le reste du monde. Un roman sensible et po\u00e9tique. C'est l'\u00e9t\u00e9. Le moment est id\u00e9al. Muette a soigneusement pr\u00e9par\u00e9 sa fuite, pens\u00e9 au meilleur endroit o\u00f9 se cacher, au temps\u2026","rel":"","context":"Dans &quot;Roman fran\u00e7ais&quot;","block_context":{"text":"Roman fran\u00e7ais","link":"https:\/\/smallthings.fr\/lespetitslivres\/category\/roman\/roman-francais\/"},"img":{"alt_text":"","src":"https:\/\/i0.wp.com\/uploads.smallthings.fr\/2013\/07\/Muette-EricPessan-204x300.jpg?resize=350%2C200","width":350,"height":200},"classes":[]},{"id":23066,"url":"https:\/\/smallthings.fr\/lespetitslivres\/2015\/05\/04\/quatre-saisons-de-l-ete-delacourt-avis\/","url_meta":{"origin":31496,"position":4},"title":"Les quatre saisons de l&rsquo;\u00e9t\u00e9, concerto de Gr\u00e9goire Delacourt","author":"Claire","date":"4 mai 2015","format":false,"excerpt":"Les quatre saisons de l'\u00e9t\u00e9, nouveau roman de Gr\u00e9goire Delacourt, vient de sortir chez JC Latt\u00e8s. Quelques mois seulement apr\u00e8s le percutant On ne voyait que le bonheur (critique ici) qu'il nous avait propos\u00e9 \u00e0 la rentr\u00e9e litt\u00e9raire. Amatrice tardive du travail de Delacourt, ses premiers romans, les plus connus,\u2026","rel":"","context":"Dans &quot;Roman fran\u00e7ais&quot;","block_context":{"text":"Roman fran\u00e7ais","link":"https:\/\/smallthings.fr\/lespetitslivres\/category\/roman\/roman-francais\/"},"img":{"alt_text":"","src":"https:\/\/i0.wp.com\/smallthings.fr\/wp-content\/uploads\/2015\/05\/quatre-saisons-de-l-ete.jpg?resize=350%2C200","width":350,"height":200},"classes":[]},{"id":15991,"url":"https:\/\/smallthings.fr\/lespetitslivres\/2014\/08\/28\/odeur-minotaure-roman-richez\/","url_meta":{"origin":31496,"position":5},"title":"L\u2019Odeur du Minotaure, premier roman de Marion Richez","author":"Cecile","date":"28 ao\u00fbt 2014","format":false,"excerpt":"L'Odeur du Minotaure est le premier roman de Marion Richez, publi\u00e9 chez Sabine Wespieser pour la rentr\u00e9e litt\u00e9raire. Dipl\u00f4m\u00e9e de l\u2019ENS Ulm et agr\u00e9g\u00e9e de philosophie, Marion Richez pr\u00e9pare actuellement une th\u00e8se sur la conscience du corps \u00e0 Paris IV. En parall\u00e8le, elle explore donc \u00e9galement la veine romanesque. Une\u2026","rel":"","context":"Dans &quot;Roman fran\u00e7ais&quot;","block_context":{"text":"Roman fran\u00e7ais","link":"https:\/\/smallthings.fr\/lespetitslivres\/category\/roman\/roman-francais\/"},"img":{"alt_text":"","src":"https:\/\/i0.wp.com\/smallthings.fr\/wp-content\/uploads\/2014\/08\/odeur-minotaure-richez.jpg?resize=350%2C200","width":350,"height":200},"classes":[]}],"_links":{"self":[{"href":"https:\/\/smallthings.fr\/lespetitslivres\/wp-json\/wp\/v2\/posts\/31496"}],"collection":[{"href":"https:\/\/smallthings.fr\/lespetitslivres\/wp-json\/wp\/v2\/posts"}],"about":[{"href":"https:\/\/smallthings.fr\/lespetitslivres\/wp-json\/wp\/v2\/types\/post"}],"author":[{"embeddable":true,"href":"https:\/\/smallthings.fr\/lespetitslivres\/wp-json\/wp\/v2\/users\/2"}],"replies":[{"embeddable":true,"href":"https:\/\/smallthings.fr\/lespetitslivres\/wp-json\/wp\/v2\/comments?post=31496"}],"version-history":[{"count":4,"href":"https:\/\/smallthings.fr\/lespetitslivres\/wp-json\/wp\/v2\/posts\/31496\/revisions"}],"predecessor-version":[{"id":31503,"href":"https:\/\/smallthings.fr\/lespetitslivres\/wp-json\/wp\/v2\/posts\/31496\/revisions\/31503"}],"wp:featuredmedia":[{"embeddable":true,"href":"https:\/\/smallthings.fr\/lespetitslivres\/wp-json\/wp\/v2\/media\/31502"}],"wp:attachment":[{"href":"https:\/\/smallthings.fr\/lespetitslivres\/wp-json\/wp\/v2\/media?parent=31496"}],"wp:term":[{"taxonomy":"category","embeddable":true,"href":"https:\/\/smallthings.fr\/lespetitslivres\/wp-json\/wp\/v2\/categories?post=31496"},{"taxonomy":"post_tag","embeddable":true,"href":"https:\/\/smallthings.fr\/lespetitslivres\/wp-json\/wp\/v2\/tags?post=31496"}],"curies":[{"name":"wp","href":"https:\/\/api.w.org\/{rel}","templated":true}]}}