{"id":31485,"date":"2018-01-11T10:15:16","date_gmt":"2018-01-11T09:15:16","guid":{"rendered":"http:\/\/smallthings.fr\/lespetitslivres\/?p=31485"},"modified":"2018-01-10T21:34:26","modified_gmt":"2018-01-10T20:34:26","slug":"la-soie-du-sanglier-emmanuelle-delacomptee","status":"publish","type":"post","link":"https:\/\/smallthings.fr\/lespetitslivres\/2018\/01\/11\/la-soie-du-sanglier-emmanuelle-delacomptee\/","title":{"rendered":"La soie du sanglier : quand ce qui ressource isole"},"content":{"rendered":"<h2><em>La soie du sanglier<\/em> est le second roman d&rsquo;Emmanuelle Delacompt\u00e9e, que les \u00e9ditions <a href=\"http:\/\/www.editions-jclattes.fr\/la-soie-du-sanglier-9782709661416\">JC Latt\u00e8s<\/a> nous proposent pour cette petite rentr\u00e9e de janvier. Bernard vit seul dans un garage d\u00e9labr\u00e9, dans un petit village de Dordogne. Plut\u00f4t que d\u2019aider son p\u00e8re \u00e0 exploiter sa terre \u00e0 outrance en l\u2019inondant de pesticides, il pr\u00e9f\u00e8re \u00eatre l\u2019homme \u00e0 tout faire du village pour les gros travaux d\u2019ext\u00e9rieur, afin de rester fid\u00e8le au fonctionnement intrins\u00e8que de la nature.<\/h2>\n<p><img loading=\"lazy\" decoding=\"async\" data-attachment-id=\"31486\" data-permalink=\"https:\/\/smallthings.fr\/lespetitslivres\/2018\/01\/11\/la-soie-du-sanglier-emmanuelle-delacomptee\/soie-du-sanglier\/\" data-orig-file=\"https:\/\/smallthings.fr\/lespetitslivres\/wp-content\/uploads\/2018\/01\/soie-du-sanglier.jpeg\" data-orig-size=\"305,480\" data-comments-opened=\"1\" data-image-meta=\"{&quot;aperture&quot;:&quot;0&quot;,&quot;credit&quot;:&quot;&quot;,&quot;camera&quot;:&quot;&quot;,&quot;caption&quot;:&quot;&quot;,&quot;created_timestamp&quot;:&quot;0&quot;,&quot;copyright&quot;:&quot;&quot;,&quot;focal_length&quot;:&quot;0&quot;,&quot;iso&quot;:&quot;0&quot;,&quot;shutter_speed&quot;:&quot;0&quot;,&quot;title&quot;:&quot;&quot;,&quot;orientation&quot;:&quot;0&quot;}\" data-image-title=\"soie-du-sanglier\" data-image-description=\"\" data-image-caption=\"\" data-medium-file=\"https:\/\/smallthings.fr\/lespetitslivres\/wp-content\/uploads\/2018\/01\/soie-du-sanglier-191x300.jpeg\" data-large-file=\"https:\/\/smallthings.fr\/lespetitslivres\/wp-content\/uploads\/2018\/01\/soie-du-sanglier.jpeg\" class=\"alignright  wp-image-31486\" src=\"http:\/\/smallthings.fr\/lespetitslivres\/wp-content\/uploads\/2018\/01\/soie-du-sanglier.jpeg\" alt=\"\" width=\"224\" height=\"353\" srcset=\"https:\/\/smallthings.fr\/lespetitslivres\/wp-content\/uploads\/2018\/01\/soie-du-sanglier.jpeg 305w, https:\/\/smallthings.fr\/lespetitslivres\/wp-content\/uploads\/2018\/01\/soie-du-sanglier-191x300.jpeg 191w\" sizes=\"(max-width: 224px) 100vw, 224px\" \/>Bernard respire et vit en communion avec elle, conna\u00eet les arbres, les animaux et surtout la r\u00e9gion comme personne. <strong>Son d\u00e9labrement social jure donc avec la richesse de sa relation \u00e0 la nature et aux animaux<\/strong>. C\u2019est sur ce contraste que se b\u00e2tit <em>La soie du sanglier<\/em>, tirant son \u00e9nergie de l\u2019opposition entre ces deux aspects.<\/p>\n<p>Dans <em>La soie du sanglier<\/em>, Emmanuelle Delacompt\u00e9e alterne les sc\u00e8nes de conflit entre Bernard et son p\u00e8re ou d\u2019autres hommes du village, dont Bernard ne supporte pas les arrangements et les manigances et les moments de ressourcement dans la nature, au c\u0153ur de la for\u00eat, avec ses chiens. Le lien \u00e0 la nature est omnipr\u00e9sent dans son esprit et s\u2019incarne jusque chez lui o\u00f9 une branche de p\u00eacher entre dans sa chambre par la fen\u00eatre dont on ne peut plus fermer un battant. Branche qu\u2019il ne peut bien s\u00fbr pas se r\u00e9soudre \u00e0 couper.<\/p>\n<p>L\u2019autre dynamique du roman est l\u2019absence d\u2019une femme\u00a0; <strong>la femme dont Bernard \u00e9tait tomb\u00e9 amoureux et qui l\u2019avait aim\u00e9 malgr\u00e9 sa vie marginale, avant de renoncer devant son manque de volont\u00e9 \u00e0 r\u00e9aliser leurs projets d\u2019avenir et de partir un jour par surprise<\/strong>. Depuis, la nostalgie et la tristesse impr\u00e8gnent toutes les pens\u00e9es de Bernard qui n\u2019arrive pas \u00e0 faire son deuil depuis deux ans, et par extension le roman.<\/p>\n<p>Humainement, la vie de Bernard semble donc \u00eatre un \u00e9chec, sans compter l\u2019alcool dont il s\u2019imbibe copieusement tous les soirs. Et la descente aux enfers semble s\u2019engager quand Bernard commence \u00e0 avoir des d\u00e9m\u00eal\u00e9s avec les seuls compagnons qui lui restent, ses partenaires de chasse, puis avec la police qui le prend en flagrant d\u00e9lit de conduite en \u00e9tat d\u2019ivresse. Mais, toujours, le contact avec la nature le r\u00e9g\u00e9n\u00e8re, l\u2019emp\u00eache de basculer tout \u00e0 fait dans la d\u00e9ch\u00e9ance.<\/p>\n<p>J\u2019ai appr\u00e9ci\u00e9 dans <em>La soie du sanglier<\/em> le traitement de cette oscillation, qui est tr\u00e8s bien men\u00e9 par le r\u00e9cit et stylistiquement bien exploit\u00e9\u00a0; le lecteur se retrouve r\u00e9guli\u00e8rement \u00e0 la lisi\u00e8re du d\u00e9go\u00fbt, avec la quasi-certitude que le personnage de Bernard va plonger, et \u00e0 chaque fois un d\u00e9tail, un mouvement de la nature, le d\u00e9tourne de cette voie, fait revenir en lui l\u2019humanit\u00e9, l\u2019apaisement.<\/p>\n<div id=\"attachment_31487\" style=\"width: 349px\" class=\"wp-caption alignleft\"><img loading=\"lazy\" decoding=\"async\" aria-describedby=\"caption-attachment-31487\" data-attachment-id=\"31487\" data-permalink=\"https:\/\/smallthings.fr\/lespetitslivres\/2018\/01\/11\/la-soie-du-sanglier-emmanuelle-delacomptee\/emmanuelle-delacomptee\/\" data-orig-file=\"https:\/\/smallthings.fr\/lespetitslivres\/wp-content\/uploads\/2018\/01\/emmanuelle-delacomptee.jpg\" data-orig-size=\"600,411\" data-comments-opened=\"1\" data-image-meta=\"{&quot;aperture&quot;:&quot;0&quot;,&quot;credit&quot;:&quot;&quot;,&quot;camera&quot;:&quot;&quot;,&quot;caption&quot;:&quot;&quot;,&quot;created_timestamp&quot;:&quot;0&quot;,&quot;copyright&quot;:&quot;&quot;,&quot;focal_length&quot;:&quot;0&quot;,&quot;iso&quot;:&quot;0&quot;,&quot;shutter_speed&quot;:&quot;0&quot;,&quot;title&quot;:&quot;&quot;,&quot;orientation&quot;:&quot;0&quot;}\" data-image-title=\"emmanuelle-delacomptee\" data-image-description=\"\" data-image-caption=\"&lt;p&gt;Emmanuelle Delacompt\u00e9e&lt;\/p&gt;\n\" data-medium-file=\"https:\/\/smallthings.fr\/lespetitslivres\/wp-content\/uploads\/2018\/01\/emmanuelle-delacomptee-300x206.jpg\" data-large-file=\"https:\/\/smallthings.fr\/lespetitslivres\/wp-content\/uploads\/2018\/01\/emmanuelle-delacomptee.jpg\" class=\" wp-image-31487\" src=\"http:\/\/smallthings.fr\/lespetitslivres\/wp-content\/uploads\/2018\/01\/emmanuelle-delacomptee.jpg\" alt=\"\" width=\"339\" height=\"232\" srcset=\"https:\/\/smallthings.fr\/lespetitslivres\/wp-content\/uploads\/2018\/01\/emmanuelle-delacomptee.jpg 600w, https:\/\/smallthings.fr\/lespetitslivres\/wp-content\/uploads\/2018\/01\/emmanuelle-delacomptee-300x206.jpg 300w\" sizes=\"(max-width: 339px) 100vw, 339px\" \/><p id=\"caption-attachment-31487\" class=\"wp-caption-text\">Emmanuelle Delacompt\u00e9e<\/p><\/div>\n<p>Il n\u2019y a que la nostalgie d\u2019Isabelle qui me semble moins plausible, car elle \u00e9tait autant citadine que Bernard est campagnard, et la fa\u00e7on dont Emmanuelle Delacompt\u00e9e souligne cette diff\u00e9rence radicale rend cette histoire, et surtout l\u2019ampleur du manque de Bernard, peu cr\u00e9dible. Mais au fond, Isabelle n\u2019est pr\u00e9sente que pour faire contrepoint \u00e0 Marie, celle qui lui succ\u00e8de peu \u00e0 peu, par petites touches. Marie qui incarne autant la Dordogne, l\u2019histoire, l\u2019enracinement \u00e0 la terre qu\u2019Isabelle \u00e9tait une femme de la ville, une femme aux magazines de mode et aux croissants frais, trop ext\u00e9rieure \u00e0 Bernard pour lui inspirer autre chose que de la fascination. Sans qu\u2019une vraie communion ne soit possible. Au contraire, <strong>l\u2019assimilation de Marie \u00e0 la Dordogne permet \u00e0 Bernard de la comprendre comme il comprend sa terre, de la reconna\u00eetre comme de son propre sang, de la m\u00eame esp\u00e8ce que lui<\/strong>. La seule chose qui les fait se manquer, se tourner autour, ce sont les convenances sociales, qu\u2019ils balaieront finalement, en une ode alliant femme et nature.<\/p>\n<p><strong>\u00c0 la fois noir et lumineux, jouant de l\u2019opposition entre l\u2019humanit\u00e9 de la nature et la bestialit\u00e9 humaine, tranchant et lyrique, <em>La soie du sanglier<\/em> est une bonne r\u00e9ussite stylistique et se laisse lire avec plaisir par l\u2019amateur de belle langue<\/strong>. Ma seule r\u00e9serve concerne l\u2019intrigue qui est un peu appauvrie par ce manich\u00e9isme\u00a0 de l\u2019humanit\u00e9 et de la nature\u00a0: ces th\u00e8mes sont un peu courus depuis le romantisme. Les personnages, surtout Isabelle et Marie, perdent en profondeur ce que le style gagne en virtuosit\u00e9. Bernard est le seul personnage, et certes le plus important, qui garde une belle complexit\u00e9.<\/p>\n<p><em><strong>Extrait<\/strong><\/em><\/p>\n<p><em>\u00ab\u00a0Bernard porte son regard loin au-del\u00e0 des ramages des troncs. Derni\u00e8re fronti\u00e8re avant le grand voyage. Les branches oscillent dans un sens, dans l\u2019autre. Il caresse distraitement sa chienne qui veille. Le silence qu\u2019il sait habit\u00e9 est pur. Absolu. Apaisant comme les bras de cette nature qui l\u2019enserrent. Il garde ses yeux ouverts, s\u2019efforce de ne plus penser \u00e0 rien. Fixe haut devant lui vers les contr\u00e9es les plus lointaines. Peu \u00e0 peu, il se sent berc\u00e9 dans un espace immense. Est-ce le ciel qui bouge, les brass\u00e9es de feuillages\u00a0? Il oublie ses r\u00eaves malmen\u00e9s. Ses chagrins redeviennent minuscules. Ses soucis de village, d\u00e9risoires. Il l\u00e2che prise. Il lui semble qu\u2019un souffle glisse sur toute chose, sur lui, le console. Sa col\u00e8re passe. Ses sentiments de faillite, de malheur se dispersent sous les odeurs exalt\u00e9es par la pluie. C\u2019est fini. Bernard d\u00e9rive dans un demi-sommeil. Les songes le rattrapent et, doucement, \u00e9mergent les mouvements de la faune au gagnage.\u00a0\u00bb<\/em><\/p>\n","protected":false},"excerpt":{"rendered":"<p>La soie du sanglier est le second roman d&rsquo;Emmanuelle Delacompt\u00e9e, que les \u00e9ditions JC Latt\u00e8s nous proposent pour cette petite rentr\u00e9e de janvier. Bernard vit seul dans un garage d\u00e9labr\u00e9, dans un petit village de Dordogne. Plut\u00f4t que d\u2019aider son p\u00e8re \u00e0 exploiter sa terre \u00e0 outrance en l\u2019inondant de pesticides, il pr\u00e9f\u00e8re \u00eatre l\u2019homme<\/p>\n","protected":false},"author":13,"featured_media":31488,"comment_status":"open","ping_status":"open","sticky":false,"template":"","format":"standard","meta":{"jetpack_post_was_ever_published":false,"_jetpack_newsletter_access":"","_jetpack_newsletter_tier_id":0,"footnotes":"","jetpack_publicize_message":"","jetpack_is_tweetstorm":false,"jetpack_publicize_feature_enabled":true,"jetpack_social_post_already_shared":true,"jetpack_social_options":{"image_generator_settings":{"template":"highway","enabled":false}}},"categories":[1117],"tags":[1960,460,32,54,1959],"jetpack_publicize_connections":[],"yoast_head":"<!-- This site is optimized with the Yoast SEO plugin v21.5 - https:\/\/yoast.com\/wordpress\/plugins\/seo\/ -->\n<title>La soie du sanglier : quand ce qui ressource isole<\/title>\n<meta name=\"description\" content=\"La soie du sanglier est le second roman d&#039;Emmanuelle Delacompt\u00e9e, que les \u00e9ditions JC Latt\u00e8s nous proposent pour cette petite rentr\u00e9e de janvier. Bernard\" \/>\n<meta name=\"robots\" content=\"index, follow, max-snippet:-1, max-image-preview:large, max-video-preview:-1\" \/>\n<link rel=\"canonical\" href=\"https:\/\/smallthings.fr\/lespetitslivres\/2018\/01\/11\/la-soie-du-sanglier-emmanuelle-delacomptee\/\" \/>\n<meta property=\"og:locale\" content=\"fr_FR\" \/>\n<meta property=\"og:type\" content=\"article\" \/>\n<meta property=\"og:title\" content=\"La soie du sanglier : quand ce qui ressource isole\" \/>\n<meta property=\"og:description\" content=\"La soie du sanglier est le second roman d&#039;Emmanuelle Delacompt\u00e9e, que les \u00e9ditions JC Latt\u00e8s nous proposent pour cette petite rentr\u00e9e de janvier. Bernard\" \/>\n<meta property=\"og:url\" content=\"https:\/\/smallthings.fr\/lespetitslivres\/2018\/01\/11\/la-soie-du-sanglier-emmanuelle-delacomptee\/\" \/>\n<meta property=\"og:site_name\" content=\"Les Petits Livres\" \/>\n<meta property=\"article:published_time\" content=\"2018-01-11T09:15:16+00:00\" \/>\n<meta property=\"article:modified_time\" content=\"2018-01-10T20:34:26+00:00\" \/>\n<meta property=\"og:image\" content=\"https:\/\/i0.wp.com\/smallthings.fr\/lespetitslivres\/wp-content\/uploads\/2018\/01\/soie-du-sanglier-cover.jpg?fit=2560%2C1600&ssl=1\" \/>\n\t<meta property=\"og:image:width\" content=\"2560\" \/>\n\t<meta property=\"og:image:height\" content=\"1600\" \/>\n\t<meta property=\"og:image:type\" content=\"image\/jpeg\" \/>\n<meta name=\"author\" content=\"Cecile\" \/>\n<meta name=\"twitter:card\" content=\"summary_large_image\" \/>\n<meta name=\"twitter:label1\" content=\"\u00c9crit par\" \/>\n\t<meta name=\"twitter:data1\" content=\"Cecile\" \/>\n\t<meta name=\"twitter:label2\" content=\"Dur\u00e9e de lecture estim\u00e9e\" \/>\n\t<meta name=\"twitter:data2\" content=\"5 minutes\" \/>\n<script type=\"application\/ld+json\" class=\"yoast-schema-graph\">{\"@context\":\"https:\/\/schema.org\",\"@graph\":[{\"@type\":\"WebPage\",\"@id\":\"https:\/\/smallthings.fr\/lespetitslivres\/2018\/01\/11\/la-soie-du-sanglier-emmanuelle-delacomptee\/\",\"url\":\"https:\/\/smallthings.fr\/lespetitslivres\/2018\/01\/11\/la-soie-du-sanglier-emmanuelle-delacomptee\/\",\"name\":\"La soie du sanglier : quand ce qui ressource isole\",\"isPartOf\":{\"@id\":\"https:\/\/smallthings.fr\/lespetitslivres\/#website\"},\"datePublished\":\"2018-01-11T09:15:16+00:00\",\"dateModified\":\"2018-01-10T20:34:26+00:00\",\"author\":{\"@id\":\"https:\/\/smallthings.fr\/lespetitslivres\/#\/schema\/person\/7b3de8ef611f2b29f758a00cad7cafb2\"},\"description\":\"La soie du sanglier est le second roman d'Emmanuelle Delacompt\u00e9e, que les \u00e9ditions JC Latt\u00e8s nous proposent pour cette petite rentr\u00e9e de janvier. Bernard\",\"breadcrumb\":{\"@id\":\"https:\/\/smallthings.fr\/lespetitslivres\/2018\/01\/11\/la-soie-du-sanglier-emmanuelle-delacomptee\/#breadcrumb\"},\"inLanguage\":\"fr-FR\",\"potentialAction\":[{\"@type\":\"ReadAction\",\"target\":[\"https:\/\/smallthings.fr\/lespetitslivres\/2018\/01\/11\/la-soie-du-sanglier-emmanuelle-delacomptee\/\"]}]},{\"@type\":\"BreadcrumbList\",\"@id\":\"https:\/\/smallthings.fr\/lespetitslivres\/2018\/01\/11\/la-soie-du-sanglier-emmanuelle-delacomptee\/#breadcrumb\",\"itemListElement\":[{\"@type\":\"ListItem\",\"position\":1,\"name\":\"Accueil\",\"item\":\"https:\/\/smallthings.fr\/lespetitslivres\/\"},{\"@type\":\"ListItem\",\"position\":2,\"name\":\"La soie du sanglier : quand ce qui ressource isole\"}]},{\"@type\":\"WebSite\",\"@id\":\"https:\/\/smallthings.fr\/lespetitslivres\/#website\",\"url\":\"https:\/\/smallthings.fr\/lespetitslivres\/\",\"name\":\"Les Petits Livres\",\"description\":\"by Small Things\",\"potentialAction\":[{\"@type\":\"SearchAction\",\"target\":{\"@type\":\"EntryPoint\",\"urlTemplate\":\"https:\/\/smallthings.fr\/lespetitslivres\/?s={search_term_string}\"},\"query-input\":\"required name=search_term_string\"}],\"inLanguage\":\"fr-FR\"},{\"@type\":\"Person\",\"@id\":\"https:\/\/smallthings.fr\/lespetitslivres\/#\/schema\/person\/7b3de8ef611f2b29f758a00cad7cafb2\",\"name\":\"Cecile\",\"image\":{\"@type\":\"ImageObject\",\"inLanguage\":\"fr-FR\",\"@id\":\"https:\/\/smallthings.fr\/lespetitslivres\/#\/schema\/person\/image\/\",\"url\":\"https:\/\/secure.gravatar.com\/avatar\/a855fa1dbad38b06e97132a8a6579746?s=96&d=retro&r=g\",\"contentUrl\":\"https:\/\/secure.gravatar.com\/avatar\/a855fa1dbad38b06e97132a8a6579746?s=96&d=retro&r=g\",\"caption\":\"Cecile\"},\"url\":\"https:\/\/smallthings.fr\/lespetitslivres\/author\/cecile\/\"}]}<\/script>\n<!-- \/ Yoast SEO plugin. -->","yoast_head_json":{"title":"La soie du sanglier : quand ce qui ressource isole","description":"La soie du sanglier est le second roman d'Emmanuelle Delacompt\u00e9e, que les \u00e9ditions JC Latt\u00e8s nous proposent pour cette petite rentr\u00e9e de janvier. Bernard","robots":{"index":"index","follow":"follow","max-snippet":"max-snippet:-1","max-image-preview":"max-image-preview:large","max-video-preview":"max-video-preview:-1"},"canonical":"https:\/\/smallthings.fr\/lespetitslivres\/2018\/01\/11\/la-soie-du-sanglier-emmanuelle-delacomptee\/","og_locale":"fr_FR","og_type":"article","og_title":"La soie du sanglier : quand ce qui ressource isole","og_description":"La soie du sanglier est le second roman d'Emmanuelle Delacompt\u00e9e, que les \u00e9ditions JC Latt\u00e8s nous proposent pour cette petite rentr\u00e9e de janvier. Bernard","og_url":"https:\/\/smallthings.fr\/lespetitslivres\/2018\/01\/11\/la-soie-du-sanglier-emmanuelle-delacomptee\/","og_site_name":"Les Petits Livres","article_published_time":"2018-01-11T09:15:16+00:00","article_modified_time":"2018-01-10T20:34:26+00:00","og_image":[{"width":2560,"height":1600,"url":"https:\/\/i0.wp.com\/smallthings.fr\/lespetitslivres\/wp-content\/uploads\/2018\/01\/soie-du-sanglier-cover.jpg?fit=2560%2C1600&ssl=1","type":"image\/jpeg"}],"author":"Cecile","twitter_card":"summary_large_image","twitter_misc":{"\u00c9crit par":"Cecile","Dur\u00e9e de lecture estim\u00e9e":"5 minutes"},"schema":{"@context":"https:\/\/schema.org","@graph":[{"@type":"WebPage","@id":"https:\/\/smallthings.fr\/lespetitslivres\/2018\/01\/11\/la-soie-du-sanglier-emmanuelle-delacomptee\/","url":"https:\/\/smallthings.fr\/lespetitslivres\/2018\/01\/11\/la-soie-du-sanglier-emmanuelle-delacomptee\/","name":"La soie du sanglier : quand ce qui ressource isole","isPartOf":{"@id":"https:\/\/smallthings.fr\/lespetitslivres\/#website"},"datePublished":"2018-01-11T09:15:16+00:00","dateModified":"2018-01-10T20:34:26+00:00","author":{"@id":"https:\/\/smallthings.fr\/lespetitslivres\/#\/schema\/person\/7b3de8ef611f2b29f758a00cad7cafb2"},"description":"La soie du sanglier est le second roman d'Emmanuelle Delacompt\u00e9e, que les \u00e9ditions JC Latt\u00e8s nous proposent pour cette petite rentr\u00e9e de janvier. Bernard","breadcrumb":{"@id":"https:\/\/smallthings.fr\/lespetitslivres\/2018\/01\/11\/la-soie-du-sanglier-emmanuelle-delacomptee\/#breadcrumb"},"inLanguage":"fr-FR","potentialAction":[{"@type":"ReadAction","target":["https:\/\/smallthings.fr\/lespetitslivres\/2018\/01\/11\/la-soie-du-sanglier-emmanuelle-delacomptee\/"]}]},{"@type":"BreadcrumbList","@id":"https:\/\/smallthings.fr\/lespetitslivres\/2018\/01\/11\/la-soie-du-sanglier-emmanuelle-delacomptee\/#breadcrumb","itemListElement":[{"@type":"ListItem","position":1,"name":"Accueil","item":"https:\/\/smallthings.fr\/lespetitslivres\/"},{"@type":"ListItem","position":2,"name":"La soie du sanglier : quand ce qui ressource isole"}]},{"@type":"WebSite","@id":"https:\/\/smallthings.fr\/lespetitslivres\/#website","url":"https:\/\/smallthings.fr\/lespetitslivres\/","name":"Les Petits Livres","description":"by Small Things","potentialAction":[{"@type":"SearchAction","target":{"@type":"EntryPoint","urlTemplate":"https:\/\/smallthings.fr\/lespetitslivres\/?s={search_term_string}"},"query-input":"required name=search_term_string"}],"inLanguage":"fr-FR"},{"@type":"Person","@id":"https:\/\/smallthings.fr\/lespetitslivres\/#\/schema\/person\/7b3de8ef611f2b29f758a00cad7cafb2","name":"Cecile","image":{"@type":"ImageObject","inLanguage":"fr-FR","@id":"https:\/\/smallthings.fr\/lespetitslivres\/#\/schema\/person\/image\/","url":"https:\/\/secure.gravatar.com\/avatar\/a855fa1dbad38b06e97132a8a6579746?s=96&d=retro&r=g","contentUrl":"https:\/\/secure.gravatar.com\/avatar\/a855fa1dbad38b06e97132a8a6579746?s=96&d=retro&r=g","caption":"Cecile"},"url":"https:\/\/smallthings.fr\/lespetitslivres\/author\/cecile\/"}]}},"jetpack_featured_media_url":"https:\/\/smallthings.fr\/lespetitslivres\/wp-content\/uploads\/2018\/01\/soie-du-sanglier-cover.jpg","jetpack_sharing_enabled":true,"jetpack_shortlink":"https:\/\/wp.me\/p6Un21-8bP","jetpack-related-posts":[{"id":11672,"url":"https:\/\/smallthings.fr\/lespetitslivres\/2014\/02\/20\/nouveau-roman-rowling-ver-soie\/","url_meta":{"origin":31485,"position":0},"title":"Le nouveau Rowling, sous pseudonyme en octobre","author":"Claire","date":"20 f\u00e9vrier 2014","format":false,"excerpt":"Le nouveau roman de JK Rowling, Le ver \u00e0 soie, sera publi\u00e9 par Grasset en octobre prochain. Apr\u00e8s Une place \u00e0 prendre (2012) et L'appel du coucou (2013), la romanci\u00e8re pr\u00e9pare donc son troisi\u00e8me roman post-Harry Potter. Cette fois-ci, il sortira sous le pseudonyme de Robert Galbraith. Dans Le ver\u2026","rel":"","context":"Dans &quot;Actu&quot;","block_context":{"text":"Actu","link":"https:\/\/smallthings.fr\/lespetitslivres\/category\/actu\/"},"img":{"alt_text":"","src":"","width":0,"height":0},"classes":[]},{"id":7609,"url":"https:\/\/smallthings.fr\/lespetitslivres\/2013\/08\/23\/delphine-bertholon-le-soleil-a-mes-pieds\/","url_meta":{"origin":31485,"position":1},"title":"Delphine Bertholon &#8211; Le soleil \u00e0 mes pieds","author":"Claire","date":"23 ao\u00fbt 2013","format":false,"excerpt":"Continuons notre exploration des sorties de la rentr\u00e9e litt\u00e9raire avec le nouveau roman de Delphine Berthelon qui para\u00eet chez JC Latt\u00e8s.","rel":"","context":"Dans &quot;Roman fran\u00e7ais&quot;","block_context":{"text":"Roman fran\u00e7ais","link":"https:\/\/smallthings.fr\/lespetitslivres\/category\/roman\/roman-francais\/"},"img":{"alt_text":"","src":"","width":0,"height":0},"classes":[]},{"id":29758,"url":"https:\/\/smallthings.fr\/lespetitslivres\/2016\/03\/22\/nil-roman-matson-critique\/","url_meta":{"origin":31485,"position":2},"title":"NIL : entre Lost et le Labyrinthe","author":"Jennifer","date":"22 mars 2016","format":false,"excerpt":"Nil de Lynne Matson est sorti chez Pocket Jeunesse le 18 f\u00e9vrier dernier. Il raconte comment des adolescents qui se r\u00e9veillent sur l\u2019\u00eele de Nil doivent trouver un moyen de s\u2019\u00e9chapper en 365 jours. Pass\u00e9 ce d\u00e9lai, ils mourront\u2026 Nil\u00a0est un livre qui aura peut-\u00eatre du mal \u00e0 trouver sa\u2026","rel":"","context":"Dans &quot;Young Adult&quot;","block_context":{"text":"Young Adult","link":"https:\/\/smallthings.fr\/lespetitslivres\/category\/young-adult\/"},"img":{"alt_text":"","src":"https:\/\/i0.wp.com\/smallthings.fr\/lespetitslivres\/wp-content\/uploads\/2016\/03\/nil.jpg?resize=350%2C200","width":350,"height":200},"classes":[]},{"id":30226,"url":"https:\/\/smallthings.fr\/lespetitslivres\/2016\/08\/31\/seduire-isabelle-a-bassignac-critique\/","url_meta":{"origin":31485,"position":3},"title":"S\u00e9duire Isabelle A. : \u00ab\u00a0on choisit pas sa famille\u00a0\u00bb","author":"Claire","date":"31 ao\u00fbt 2016","format":false,"excerpt":"S\u00e9duire Isabelle A. est le roman que nous propose Sophie Bassignac pour la rentr\u00e9e litt\u00e9raire. Il para\u00eet aujourd'hui aux \u00e9ditions JC Latt\u00e8s. Quelques ann\u00e9es apr\u00e8s le tr\u00e8s remarqu\u00e9 Mer agit\u00e9e \u00e0 tr\u00e8s agit\u00e9e, l'auteur nous entra\u00eene au c\u0153ur d'une famille compl\u00e8tement d\u00e9jant\u00e9e \u00e0 travers les yeux du futur gendre, \u00e0\u2026","rel":"","context":"Dans &quot;Rentr\u00e9e litt\u00e9raire&quot;","block_context":{"text":"Rentr\u00e9e litt\u00e9raire","link":"https:\/\/smallthings.fr\/lespetitslivres\/category\/rentree-litteraire\/"},"img":{"alt_text":"","src":"https:\/\/i0.wp.com\/smallthings.fr\/lespetitslivres\/wp-content\/uploads\/2016\/08\/sophie-bassignac.jpg?resize=350%2C200&ssl=1","width":350,"height":200,"srcset":"https:\/\/i0.wp.com\/smallthings.fr\/lespetitslivres\/wp-content\/uploads\/2016\/08\/sophie-bassignac.jpg?resize=350%2C200&ssl=1 1x, https:\/\/i0.wp.com\/smallthings.fr\/lespetitslivres\/wp-content\/uploads\/2016\/08\/sophie-bassignac.jpg?resize=525%2C300&ssl=1 1.5x, https:\/\/i0.wp.com\/smallthings.fr\/lespetitslivres\/wp-content\/uploads\/2016\/08\/sophie-bassignac.jpg?resize=700%2C400&ssl=1 2x"},"classes":[]},{"id":15874,"url":"https:\/\/smallthings.fr\/lespetitslivres\/2014\/08\/20\/delacourt-on-ne-voyait-bonheur-roman\/","url_meta":{"origin":31485,"position":4},"title":"Gr\u00e9goire Delacourt &#8211; On ne voyait que le bonheur","author":"Claire","date":"20 ao\u00fbt 2014","format":false,"excerpt":"Gr\u00e9goire Delacourt est d\u00e9cid\u00e9ment un auteur dont on n'arr\u00eate pas de parler. Suite aux sorties poche de ses succ\u00e8s La Premi\u00e8re chose que l'on regarde et La Liste des mes envies, puis son proc\u00e8s avec Scarlett Johansson, voil\u00e0 d\u00e9j\u00e0 son nouveau roman pour la rentr\u00e9e litt\u00e9raire chez JC Latt\u00e8s. Mais\u2026","rel":"","context":"Dans &quot;Roman fran\u00e7ais&quot;","block_context":{"text":"Roman fran\u00e7ais","link":"https:\/\/smallthings.fr\/lespetitslivres\/category\/roman\/roman-francais\/"},"img":{"alt_text":"Gr\u00c3\u00a9goire Delacourt","src":"https:\/\/i0.wp.com\/smallthings.fr\/wp-content\/uploads\/2014\/08\/gregoire-delacourt.jpeg?resize=350%2C200","width":350,"height":200,"srcset":"https:\/\/i0.wp.com\/smallthings.fr\/wp-content\/uploads\/2014\/08\/gregoire-delacourt.jpeg?resize=350%2C200 1x, https:\/\/i0.wp.com\/smallthings.fr\/wp-content\/uploads\/2014\/08\/gregoire-delacourt.jpeg?resize=525%2C300 1.5x"},"classes":[]},{"id":30213,"url":"https:\/\/smallthings.fr\/lespetitslivres\/2016\/08\/24\/beaux-rivages-amour-fondamental-bouraoui\/","url_meta":{"origin":31485,"position":5},"title":"Beaux rivages, l&rsquo;amour fondamental par Nina Bouraoui","author":"Claire","date":"24 ao\u00fbt 2016","format":false,"excerpt":"Beaux rivages est le nouveau roman de Nina Bouraoui, qui para\u00eet aujourd'hui chez JC Latt\u00e8s. Apr\u00e8s notamment le tr\u00e8s remarqu\u00e9\u00a0Gar\u00e7on manqu\u00e9, La Vie heureuse, Mes mauvaises pens\u00e9es (prix Renaudot 2005), elle nous propose un roman sur la rupture amoureuse, ses origines, ses d\u00e9g\u00e2ts, et la vie d'apr\u00e8s. Comme l'indique la\u2026","rel":"","context":"Dans &quot;Rentr\u00e9e litt\u00e9raire&quot;","block_context":{"text":"Rentr\u00e9e litt\u00e9raire","link":"https:\/\/smallthings.fr\/lespetitslivres\/category\/rentree-litteraire\/"},"img":{"alt_text":"","src":"https:\/\/i0.wp.com\/smallthings.fr\/lespetitslivres\/wp-content\/uploads\/2016\/08\/beaux-rivages-bouraoui.jpeg?resize=350%2C200&ssl=1","width":350,"height":200,"srcset":"https:\/\/i0.wp.com\/smallthings.fr\/lespetitslivres\/wp-content\/uploads\/2016\/08\/beaux-rivages-bouraoui.jpeg?resize=350%2C200&ssl=1 1x, https:\/\/i0.wp.com\/smallthings.fr\/lespetitslivres\/wp-content\/uploads\/2016\/08\/beaux-rivages-bouraoui.jpeg?resize=525%2C300&ssl=1 1.5x, https:\/\/i0.wp.com\/smallthings.fr\/lespetitslivres\/wp-content\/uploads\/2016\/08\/beaux-rivages-bouraoui.jpeg?resize=700%2C400&ssl=1 2x"},"classes":[]}],"_links":{"self":[{"href":"https:\/\/smallthings.fr\/lespetitslivres\/wp-json\/wp\/v2\/posts\/31485"}],"collection":[{"href":"https:\/\/smallthings.fr\/lespetitslivres\/wp-json\/wp\/v2\/posts"}],"about":[{"href":"https:\/\/smallthings.fr\/lespetitslivres\/wp-json\/wp\/v2\/types\/post"}],"author":[{"embeddable":true,"href":"https:\/\/smallthings.fr\/lespetitslivres\/wp-json\/wp\/v2\/users\/13"}],"replies":[{"embeddable":true,"href":"https:\/\/smallthings.fr\/lespetitslivres\/wp-json\/wp\/v2\/comments?post=31485"}],"version-history":[{"count":3,"href":"https:\/\/smallthings.fr\/lespetitslivres\/wp-json\/wp\/v2\/posts\/31485\/revisions"}],"predecessor-version":[{"id":31491,"href":"https:\/\/smallthings.fr\/lespetitslivres\/wp-json\/wp\/v2\/posts\/31485\/revisions\/31491"}],"wp:featuredmedia":[{"embeddable":true,"href":"https:\/\/smallthings.fr\/lespetitslivres\/wp-json\/wp\/v2\/media\/31488"}],"wp:attachment":[{"href":"https:\/\/smallthings.fr\/lespetitslivres\/wp-json\/wp\/v2\/media?parent=31485"}],"wp:term":[{"taxonomy":"category","embeddable":true,"href":"https:\/\/smallthings.fr\/lespetitslivres\/wp-json\/wp\/v2\/categories?post=31485"},{"taxonomy":"post_tag","embeddable":true,"href":"https:\/\/smallthings.fr\/lespetitslivres\/wp-json\/wp\/v2\/tags?post=31485"}],"curies":[{"name":"wp","href":"https:\/\/api.w.org\/{rel}","templated":true}]}}