{"id":31431,"date":"2017-12-18T14:36:45","date_gmt":"2017-12-18T13:36:45","guid":{"rendered":"http:\/\/smallthings.fr\/lespetitslivres\/?p=31431"},"modified":"2017-12-18T14:36:45","modified_gmt":"2017-12-18T13:36:45","slug":"outlander-livre-audio-chardon-tartan","status":"publish","type":"post","link":"https:\/\/smallthings.fr\/lespetitslivres\/2017\/12\/18\/outlander-livre-audio-chardon-tartan\/","title":{"rendered":"Outlander en livre audio : \u00ab\u00a0Le chardon et le tartan\u00a0\u00bb"},"content":{"rendered":"<h2>La saga <em>Outlander<\/em>, et plus pr\u00e9cis\u00e9ment son premier tome, <em>Le chardon et le tartan<\/em>, est disponible en livre audio chez <a href=\"https:\/\/www.audible.fr\/pd\/Romans\/Le-Chardon-et-le-Tartan-Outlander-1-Livre-Audio\/B07655TZ3P\/ref=a_search_c4_1_1_srTtl\/258-5141433-8695019?qid=1513603439&amp;sr=1-1\">Audible<\/a>. Comme vous le savez, la s\u00e9rie est tir\u00e9e d&rsquo;un livre : votre pote fan de Claire et Jamie les a d\u00e9j\u00e0 tous d\u00e9vor\u00e9s depuis des mois&#8230; Si le fait de vous lancer dans la lecture vous fait un peu peur, optez pour la version audio !<\/h2>\n<p><img loading=\"lazy\" decoding=\"async\" data-attachment-id=\"31433\" data-permalink=\"https:\/\/smallthings.fr\/lespetitslivres\/2017\/12\/18\/outlander-livre-audio-chardon-tartan\/outlander-tartan-chardon-audio\/\" data-orig-file=\"https:\/\/smallthings.fr\/lespetitslivres\/wp-content\/uploads\/2017\/12\/outlander-tartan-chardon-audio.jpg\" data-orig-size=\"300,300\" data-comments-opened=\"1\" data-image-meta=\"{&quot;aperture&quot;:&quot;0&quot;,&quot;credit&quot;:&quot;&quot;,&quot;camera&quot;:&quot;&quot;,&quot;caption&quot;:&quot;&quot;,&quot;created_timestamp&quot;:&quot;0&quot;,&quot;copyright&quot;:&quot;&quot;,&quot;focal_length&quot;:&quot;0&quot;,&quot;iso&quot;:&quot;0&quot;,&quot;shutter_speed&quot;:&quot;0&quot;,&quot;title&quot;:&quot;&quot;,&quot;orientation&quot;:&quot;0&quot;}\" data-image-title=\"outlander-tartan-chardon-audio\" data-image-description=\"\" data-image-caption=\"\" data-medium-file=\"https:\/\/smallthings.fr\/lespetitslivres\/wp-content\/uploads\/2017\/12\/outlander-tartan-chardon-audio.jpg\" data-large-file=\"https:\/\/smallthings.fr\/lespetitslivres\/wp-content\/uploads\/2017\/12\/outlander-tartan-chardon-audio.jpg\" class=\"alignleft size-full wp-image-31433\" src=\"http:\/\/smallthings.fr\/lespetitslivres\/wp-content\/uploads\/2017\/12\/outlander-tartan-chardon-audio.jpg\" alt=\"\" width=\"300\" height=\"300\" srcset=\"https:\/\/smallthings.fr\/lespetitslivres\/wp-content\/uploads\/2017\/12\/outlander-tartan-chardon-audio.jpg 300w, https:\/\/smallthings.fr\/lespetitslivres\/wp-content\/uploads\/2017\/12\/outlander-tartan-chardon-audio-150x150.jpg 150w\" sizes=\"(max-width: 300px) 100vw, 300px\" \/>On est nombreux \u00e0 avoir succomb\u00e9 aux charmes de la s\u00e9rie <em>Outlander<\/em>. Alors que la saison 3 vient de s&rsquo;achever, n&rsquo;importe quel fan d\u00e9sesp\u00e9r\u00e9 qui n&rsquo;a pas encore lu les livres, se demande s&rsquo;il ne va pas s&rsquo;y jeter pour patienter jusqu&rsquo;\u00e0 l&rsquo;ann\u00e9e prochaine&#8230; <strong>Audible nous propose <a href=\"https:\/\/www.audible.fr\/pd\/Romans\/Le-Chardon-et-le-Tartan-Outlander-1-Livre-Audio\/B07655TZ3P\/ref=a_search_c4_1_1_srTtl\/258-5141433-8695019?qid=1513603439&amp;sr=1-1\">le premier tome en version audio<\/a>, lu par Marie Bouvier.\u00a0<\/strong>Les tomes suivants seront tr\u00e8s bient\u00f4t disponibles !<\/p>\n<p>Dans cette version audio de <em>Le chardon et le tartan<\/em>, on retrouve instantan\u00e9ment tout ce qui fait le charme de la s\u00e9rie <em>Outlander<\/em>. Et si comme moi vous avez particuli\u00e8rement aim\u00e9 la premi\u00e8re saison&#8230; son myst\u00e8re, son suspense, la d\u00e9couverte des personnages&#8230; alors n&rsquo;h\u00e9sitez plus. Marie Bouvier nous raconte \u00e0 merveille le d\u00e9but des aventures de Claire. On frissonne avec elle. On refait connaissance avec les personnages.<\/p>\n<p style=\"font-size: 14px; font-family: 'Open Sans', Arial, sans-serif;\">\n<p><strong>C&rsquo;est un vrai d\u00e9lice, surtout \u00e0 l&rsquo;approche des f\u00eates, qui donnent envie de se plo<\/strong><strong>nger dans l&rsquo;imaginaire et le fantastique&#8230;<\/strong> l&rsquo;atmosph\u00e8re qui fait le charme de la s\u00e9rie : les plaines \u00e9cossaises, l&rsquo;histoire folle de Claire et sa rencontre avec Jamie. Tout y est, bien \u00e9videmment, et plus encore ! Le format audio est un bon entre-deux quand on n&rsquo;ose pas se plonger dans les livres !<\/p>\n<p><img loading=\"lazy\" decoding=\"async\" data-attachment-id=\"31434\" data-permalink=\"https:\/\/smallthings.fr\/lespetitslivres\/2017\/12\/18\/outlander-livre-audio-chardon-tartan\/livre-outlander-tartan\/\" data-orig-file=\"https:\/\/smallthings.fr\/lespetitslivres\/wp-content\/uploads\/2017\/12\/livre-outlander-tartan.jpg\" data-orig-size=\"342,499\" data-comments-opened=\"1\" data-image-meta=\"{&quot;aperture&quot;:&quot;0&quot;,&quot;credit&quot;:&quot;&quot;,&quot;camera&quot;:&quot;&quot;,&quot;caption&quot;:&quot;&quot;,&quot;created_timestamp&quot;:&quot;0&quot;,&quot;copyright&quot;:&quot;&quot;,&quot;focal_length&quot;:&quot;0&quot;,&quot;iso&quot;:&quot;0&quot;,&quot;shutter_speed&quot;:&quot;0&quot;,&quot;title&quot;:&quot;&quot;,&quot;orientation&quot;:&quot;0&quot;}\" data-image-title=\"livre-outlander-tartan\" data-image-description=\"\" data-image-caption=\"\" data-medium-file=\"https:\/\/smallthings.fr\/lespetitslivres\/wp-content\/uploads\/2017\/12\/livre-outlander-tartan-206x300.jpg\" data-large-file=\"https:\/\/smallthings.fr\/lespetitslivres\/wp-content\/uploads\/2017\/12\/livre-outlander-tartan.jpg\" class=\"alignright wp-image-31434\" style=\"font-size: 14px; font-family: 'Open Sans', Arial, sans-serif;\" src=\"http:\/\/smallthings.fr\/lespetitslivres\/wp-content\/uploads\/2017\/12\/livre-outlander-tartan.jpg\" alt=\"\" width=\"274\" height=\"400\" srcset=\"https:\/\/smallthings.fr\/lespetitslivres\/wp-content\/uploads\/2017\/12\/livre-outlander-tartan.jpg 342w, https:\/\/smallthings.fr\/lespetitslivres\/wp-content\/uploads\/2017\/12\/livre-outlander-tartan-206x300.jpg 206w\" sizes=\"(max-width: 274px) 100vw, 274px\" \/><\/p>\n<p>L&rsquo;occasion de d\u00e9couvrir que les livres sont \u00e9videmment beaucoup plus denses que la s\u00e9rie. <strong><em>Le chardon et le tartan<\/em> nous garantit une immersion totale dans l&rsquo;univers d&rsquo;<em>Outlander<\/em><\/strong>. Tout est plus d\u00e9taill\u00e9, \u00e0 commencer par les us, coutumes et les croyances d&rsquo;Ecosse, qui prennent une place toute particuli\u00e8re et contribuent \u00e0 l&rsquo;atmosph\u00e8re g\u00e9n\u00e9rale.<\/p>\n<p>L&rsquo;abonnement Audible est <strong>une bonne id\u00e9e cadeau<\/strong> ! L&rsquo;occasion de profiter de l&rsquo;offre d&rsquo;essai. Plus d&rsquo;infos <a href=\"https:\/\/www.audible.fr\/\"><strong>par ici<\/strong><\/a>.<\/p>\n<p style=\"font-size: 14px; font-family: 'Open Sans', Arial, sans-serif;\">\n<p>&nbsp;<\/p>\n<p><strong>Et les autres tomes, ils sortent quand ? La r\u00e9ponse <a href=\"https:\/\/www.audible.fr\/search\/ref=a_search_tseft__galileo?advsearchKeywords=le+chardon+et+le+tartan&amp;x=0&amp;y=0&amp;sprefixRefmarker=nb_sb_ss_i_0_11&amp;sprefix=le+chardon+\">sur le site d&rsquo;Audible<\/a>.<\/strong><\/p>\n","protected":false},"excerpt":{"rendered":"<p>La saga Outlander, et plus pr\u00e9cis\u00e9ment son premier tome, Le chardon et le tartan, est disponible en livre audio chez Audible. Comme vous le savez, la s\u00e9rie est tir\u00e9e d&rsquo;un livre : votre pote fan de Claire et Jamie les a d\u00e9j\u00e0 tous d\u00e9vor\u00e9s depuis des mois&#8230; Si le fait de vous lancer dans la<\/p>\n","protected":false},"author":2,"featured_media":31432,"comment_status":"open","ping_status":"open","sticky":false,"template":"","format":"standard","meta":{"jetpack_post_was_ever_published":false,"_jetpack_newsletter_access":"","_jetpack_newsletter_tier_id":0,"footnotes":"","jetpack_publicize_message":"","jetpack_is_tweetstorm":false,"jetpack_publicize_feature_enabled":true,"jetpack_social_post_already_shared":true,"jetpack_social_options":{"image_generator_settings":{"template":"highway","enabled":false}}},"categories":[1109],"tags":[1604,1940,1939,571,1823,1938],"jetpack_publicize_connections":[],"yoast_head":"<!-- This site is optimized with the Yoast SEO plugin v21.5 - https:\/\/yoast.com\/wordpress\/plugins\/seo\/ -->\n<title>Outlander en livre audio : &quot;Le chardon et le tartan&quot;<\/title>\n<meta name=\"description\" content=\"La saga Outlander, et plus pr\u00e9cis\u00e9ment son premier tome, Le chardon et le tartan, est disponible en livre audio chez Audible. Comme vous le savez, la s\u00e9rie\" \/>\n<meta name=\"robots\" content=\"index, follow, max-snippet:-1, max-image-preview:large, max-video-preview:-1\" \/>\n<link rel=\"canonical\" href=\"https:\/\/smallthings.fr\/lespetitslivres\/2017\/12\/18\/outlander-livre-audio-chardon-tartan\/\" \/>\n<meta property=\"og:locale\" content=\"fr_FR\" \/>\n<meta property=\"og:type\" content=\"article\" \/>\n<meta property=\"og:title\" content=\"Outlander en livre audio : &quot;Le chardon et le tartan&quot;\" \/>\n<meta property=\"og:description\" content=\"La saga Outlander, et plus pr\u00e9cis\u00e9ment son premier tome, Le chardon et le tartan, est disponible en livre audio chez Audible. Comme vous le savez, la s\u00e9rie\" \/>\n<meta property=\"og:url\" content=\"https:\/\/smallthings.fr\/lespetitslivres\/2017\/12\/18\/outlander-livre-audio-chardon-tartan\/\" \/>\n<meta property=\"og:site_name\" content=\"Les Petits Livres\" \/>\n<meta property=\"article:published_time\" content=\"2017-12-18T13:36:45+00:00\" \/>\n<meta property=\"og:image\" content=\"https:\/\/i0.wp.com\/smallthings.fr\/lespetitslivres\/wp-content\/uploads\/2017\/12\/outlander-audio-cover.jpg?fit=700%2C350&ssl=1\" \/>\n\t<meta property=\"og:image:width\" content=\"700\" \/>\n\t<meta property=\"og:image:height\" content=\"350\" \/>\n\t<meta property=\"og:image:type\" content=\"image\/jpeg\" \/>\n<meta name=\"author\" content=\"Claire\" \/>\n<meta name=\"twitter:card\" content=\"summary_large_image\" \/>\n<meta name=\"twitter:label1\" content=\"\u00c9crit par\" \/>\n\t<meta name=\"twitter:data1\" content=\"Claire\" \/>\n\t<meta name=\"twitter:label2\" content=\"Dur\u00e9e de lecture estim\u00e9e\" \/>\n\t<meta name=\"twitter:data2\" content=\"2 minutes\" \/>\n<script type=\"application\/ld+json\" class=\"yoast-schema-graph\">{\"@context\":\"https:\/\/schema.org\",\"@graph\":[{\"@type\":\"WebPage\",\"@id\":\"https:\/\/smallthings.fr\/lespetitslivres\/2017\/12\/18\/outlander-livre-audio-chardon-tartan\/\",\"url\":\"https:\/\/smallthings.fr\/lespetitslivres\/2017\/12\/18\/outlander-livre-audio-chardon-tartan\/\",\"name\":\"Outlander en livre audio : \\\"Le chardon et le tartan\\\"\",\"isPartOf\":{\"@id\":\"https:\/\/smallthings.fr\/lespetitslivres\/#website\"},\"datePublished\":\"2017-12-18T13:36:45+00:00\",\"dateModified\":\"2017-12-18T13:36:45+00:00\",\"author\":{\"@id\":\"https:\/\/smallthings.fr\/lespetitslivres\/#\/schema\/person\/504d603cacfe064fe039dfa03a8b7918\"},\"description\":\"La saga Outlander, et plus pr\u00e9cis\u00e9ment son premier tome, Le chardon et le tartan, est disponible en livre audio chez Audible. Comme vous le savez, la s\u00e9rie\",\"breadcrumb\":{\"@id\":\"https:\/\/smallthings.fr\/lespetitslivres\/2017\/12\/18\/outlander-livre-audio-chardon-tartan\/#breadcrumb\"},\"inLanguage\":\"fr-FR\",\"potentialAction\":[{\"@type\":\"ReadAction\",\"target\":[\"https:\/\/smallthings.fr\/lespetitslivres\/2017\/12\/18\/outlander-livre-audio-chardon-tartan\/\"]}]},{\"@type\":\"BreadcrumbList\",\"@id\":\"https:\/\/smallthings.fr\/lespetitslivres\/2017\/12\/18\/outlander-livre-audio-chardon-tartan\/#breadcrumb\",\"itemListElement\":[{\"@type\":\"ListItem\",\"position\":1,\"name\":\"Accueil\",\"item\":\"https:\/\/smallthings.fr\/lespetitslivres\/\"},{\"@type\":\"ListItem\",\"position\":2,\"name\":\"Outlander en livre audio : \u00ab\u00a0Le chardon et le tartan\u00a0\u00bb\"}]},{\"@type\":\"WebSite\",\"@id\":\"https:\/\/smallthings.fr\/lespetitslivres\/#website\",\"url\":\"https:\/\/smallthings.fr\/lespetitslivres\/\",\"name\":\"Les Petits Livres\",\"description\":\"by Small Things\",\"potentialAction\":[{\"@type\":\"SearchAction\",\"target\":{\"@type\":\"EntryPoint\",\"urlTemplate\":\"https:\/\/smallthings.fr\/lespetitslivres\/?s={search_term_string}\"},\"query-input\":\"required name=search_term_string\"}],\"inLanguage\":\"fr-FR\"},{\"@type\":\"Person\",\"@id\":\"https:\/\/smallthings.fr\/lespetitslivres\/#\/schema\/person\/504d603cacfe064fe039dfa03a8b7918\",\"name\":\"Claire\",\"image\":{\"@type\":\"ImageObject\",\"inLanguage\":\"fr-FR\",\"@id\":\"https:\/\/smallthings.fr\/lespetitslivres\/#\/schema\/person\/image\/\",\"url\":\"https:\/\/secure.gravatar.com\/avatar\/9a85ff83d76b3eb17b8cae208640786e?s=96&d=retro&r=g\",\"contentUrl\":\"https:\/\/secure.gravatar.com\/avatar\/9a85ff83d76b3eb17b8cae208640786e?s=96&d=retro&r=g\",\"caption\":\"Claire\"},\"url\":\"https:\/\/smallthings.fr\/lespetitslivres\/author\/claire\/\"}]}<\/script>\n<!-- \/ Yoast SEO plugin. -->","yoast_head_json":{"title":"Outlander en livre audio : \"Le chardon et le tartan\"","description":"La saga Outlander, et plus pr\u00e9cis\u00e9ment son premier tome, Le chardon et le tartan, est disponible en livre audio chez Audible. Comme vous le savez, la s\u00e9rie","robots":{"index":"index","follow":"follow","max-snippet":"max-snippet:-1","max-image-preview":"max-image-preview:large","max-video-preview":"max-video-preview:-1"},"canonical":"https:\/\/smallthings.fr\/lespetitslivres\/2017\/12\/18\/outlander-livre-audio-chardon-tartan\/","og_locale":"fr_FR","og_type":"article","og_title":"Outlander en livre audio : \"Le chardon et le tartan\"","og_description":"La saga Outlander, et plus pr\u00e9cis\u00e9ment son premier tome, Le chardon et le tartan, est disponible en livre audio chez Audible. Comme vous le savez, la s\u00e9rie","og_url":"https:\/\/smallthings.fr\/lespetitslivres\/2017\/12\/18\/outlander-livre-audio-chardon-tartan\/","og_site_name":"Les Petits Livres","article_published_time":"2017-12-18T13:36:45+00:00","og_image":[{"width":700,"height":350,"url":"https:\/\/i0.wp.com\/smallthings.fr\/lespetitslivres\/wp-content\/uploads\/2017\/12\/outlander-audio-cover.jpg?fit=700%2C350&ssl=1","type":"image\/jpeg"}],"author":"Claire","twitter_card":"summary_large_image","twitter_misc":{"\u00c9crit par":"Claire","Dur\u00e9e de lecture estim\u00e9e":"2 minutes"},"schema":{"@context":"https:\/\/schema.org","@graph":[{"@type":"WebPage","@id":"https:\/\/smallthings.fr\/lespetitslivres\/2017\/12\/18\/outlander-livre-audio-chardon-tartan\/","url":"https:\/\/smallthings.fr\/lespetitslivres\/2017\/12\/18\/outlander-livre-audio-chardon-tartan\/","name":"Outlander en livre audio : \"Le chardon et le tartan\"","isPartOf":{"@id":"https:\/\/smallthings.fr\/lespetitslivres\/#website"},"datePublished":"2017-12-18T13:36:45+00:00","dateModified":"2017-12-18T13:36:45+00:00","author":{"@id":"https:\/\/smallthings.fr\/lespetitslivres\/#\/schema\/person\/504d603cacfe064fe039dfa03a8b7918"},"description":"La saga Outlander, et plus pr\u00e9cis\u00e9ment son premier tome, Le chardon et le tartan, est disponible en livre audio chez Audible. Comme vous le savez, la s\u00e9rie","breadcrumb":{"@id":"https:\/\/smallthings.fr\/lespetitslivres\/2017\/12\/18\/outlander-livre-audio-chardon-tartan\/#breadcrumb"},"inLanguage":"fr-FR","potentialAction":[{"@type":"ReadAction","target":["https:\/\/smallthings.fr\/lespetitslivres\/2017\/12\/18\/outlander-livre-audio-chardon-tartan\/"]}]},{"@type":"BreadcrumbList","@id":"https:\/\/smallthings.fr\/lespetitslivres\/2017\/12\/18\/outlander-livre-audio-chardon-tartan\/#breadcrumb","itemListElement":[{"@type":"ListItem","position":1,"name":"Accueil","item":"https:\/\/smallthings.fr\/lespetitslivres\/"},{"@type":"ListItem","position":2,"name":"Outlander en livre audio : \u00ab\u00a0Le chardon et le tartan\u00a0\u00bb"}]},{"@type":"WebSite","@id":"https:\/\/smallthings.fr\/lespetitslivres\/#website","url":"https:\/\/smallthings.fr\/lespetitslivres\/","name":"Les Petits Livres","description":"by Small Things","potentialAction":[{"@type":"SearchAction","target":{"@type":"EntryPoint","urlTemplate":"https:\/\/smallthings.fr\/lespetitslivres\/?s={search_term_string}"},"query-input":"required name=search_term_string"}],"inLanguage":"fr-FR"},{"@type":"Person","@id":"https:\/\/smallthings.fr\/lespetitslivres\/#\/schema\/person\/504d603cacfe064fe039dfa03a8b7918","name":"Claire","image":{"@type":"ImageObject","inLanguage":"fr-FR","@id":"https:\/\/smallthings.fr\/lespetitslivres\/#\/schema\/person\/image\/","url":"https:\/\/secure.gravatar.com\/avatar\/9a85ff83d76b3eb17b8cae208640786e?s=96&d=retro&r=g","contentUrl":"https:\/\/secure.gravatar.com\/avatar\/9a85ff83d76b3eb17b8cae208640786e?s=96&d=retro&r=g","caption":"Claire"},"url":"https:\/\/smallthings.fr\/lespetitslivres\/author\/claire\/"}]}},"jetpack_featured_media_url":"https:\/\/smallthings.fr\/lespetitslivres\/wp-content\/uploads\/2017\/12\/outlander-audio-cover.jpg","jetpack_sharing_enabled":true,"jetpack_shortlink":"https:\/\/wp.me\/p6Un21-8aX","jetpack-related-posts":[{"id":30559,"url":"https:\/\/smallthings.fr\/lespetitslivres\/2016\/12\/19\/livre-audio-test-audible-avis\/","url_meta":{"origin":31431,"position":0},"title":"On a test\u00e9 Audible. Le livre audio, c&rsquo;est comment ?","author":"Claire","date":"19 d\u00e9cembre 2016","format":false,"excerpt":"On n'y pense pas assez, mais le livre audio peut se r\u00e9v\u00e9ler id\u00e9al dans diverses situations, quand on a l'habitude de prendre les transport ou de faire de grandes marches \u00e0 pied... Quand on fait une activit\u00e9 manuelle, du footing... etc. C'est ce que nous avons r\u00e9cemment exp\u00e9riment\u00e9, gr\u00e2ce \u00e0\u2026","rel":"","context":"Dans &quot;Num\u00e9rique et audio&quot;","block_context":{"text":"Num\u00e9rique et audio","link":"https:\/\/smallthings.fr\/lespetitslivres\/category\/numerique-audio\/"},"img":{"alt_text":"","src":"https:\/\/i0.wp.com\/smallthings.fr\/lespetitslivres\/wp-content\/uploads\/2016\/12\/audible-couv.png?resize=350%2C200&ssl=1","width":350,"height":200},"classes":[]},{"id":31160,"url":"https:\/\/smallthings.fr\/lespetitslivres\/2017\/07\/22\/livre-audio-harry-potter-audible\/","url_meta":{"origin":31431,"position":1},"title":"Vous avez lu et vu Harry Potter ? Maintenant, \u00e9coutez-le !","author":"Claire","date":"22 juillet 2017","format":false,"excerpt":"Les aventures d'Harry Potter sont disponibles en livre audio chez Audible pour notre plus grand bonheur. Une tr\u00e8s chouette mani\u00e8re de s'immerger dans l'univers, pour ceux qui ne les auraient jamais lus. Et pour les fans, qui ont lu et relu les livres, vu et revu les films, quoi de\u2026","rel":"","context":"Dans &quot;Num\u00e9rique et audio&quot;","block_context":{"text":"Num\u00e9rique et audio","link":"https:\/\/smallthings.fr\/lespetitslivres\/category\/numerique-audio\/"},"img":{"alt_text":"","src":"https:\/\/i0.wp.com\/smallthings.fr\/lespetitslivres\/wp-content\/uploads\/2017\/07\/harry-potter-livre-audio.jpg?resize=350%2C200&ssl=1","width":350,"height":200,"srcset":"https:\/\/i0.wp.com\/smallthings.fr\/lespetitslivres\/wp-content\/uploads\/2017\/07\/harry-potter-livre-audio.jpg?resize=350%2C200&ssl=1 1x, https:\/\/i0.wp.com\/smallthings.fr\/lespetitslivres\/wp-content\/uploads\/2017\/07\/harry-potter-livre-audio.jpg?resize=525%2C300&ssl=1 1.5x, https:\/\/i0.wp.com\/smallthings.fr\/lespetitslivres\/wp-content\/uploads\/2017\/07\/harry-potter-livre-audio.jpg?resize=700%2C400&ssl=1 2x, https:\/\/i0.wp.com\/smallthings.fr\/lespetitslivres\/wp-content\/uploads\/2017\/07\/harry-potter-livre-audio.jpg?resize=1050%2C600&ssl=1 3x"},"classes":[]},{"id":31328,"url":"https:\/\/smallthings.fr\/lespetitslivres\/2017\/10\/16\/j-aime-sexe-prefere-pizza-livre-audio\/","url_meta":{"origin":31431,"position":2},"title":"J&rsquo;aime le sexe mais je pr\u00e9f\u00e8re la pizza&#8230; et en livre audio !","author":"Claire","date":"16 octobre 2017","format":false,"excerpt":"Il y a des livres qu'on dirait faits pour \u00eatre \u00e9couter. C'est compl\u00e8tement le cas de J'aime le sexe mais je pr\u00e9f\u00e8re la pizza, de Thomas Rapha\u00ebl, lu par lui-m\u00eame. Il est dispo chez Audible depuis quelques semaines, et c'est un vrai r\u00e9gal. On embarque pour plus de 5 heures\u2026","rel":"","context":"Dans &quot;Num\u00e9rique et audio&quot;","block_context":{"text":"Num\u00e9rique et audio","link":"https:\/\/smallthings.fr\/lespetitslivres\/category\/numerique-audio\/"},"img":{"alt_text":"","src":"https:\/\/i0.wp.com\/smallthings.fr\/lespetitslivres\/wp-content\/uploads\/2017\/10\/livre-audio-sexe-pizza.png?resize=350%2C200&ssl=1","width":350,"height":200,"srcset":"https:\/\/i0.wp.com\/smallthings.fr\/lespetitslivres\/wp-content\/uploads\/2017\/10\/livre-audio-sexe-pizza.png?resize=350%2C200&ssl=1 1x, https:\/\/i0.wp.com\/smallthings.fr\/lespetitslivres\/wp-content\/uploads\/2017\/10\/livre-audio-sexe-pizza.png?resize=525%2C300&ssl=1 1.5x, https:\/\/i0.wp.com\/smallthings.fr\/lespetitslivres\/wp-content\/uploads\/2017\/10\/livre-audio-sexe-pizza.png?resize=700%2C400&ssl=1 2x"},"classes":[]},{"id":31134,"url":"https:\/\/smallthings.fr\/lespetitslivres\/2017\/07\/13\/contes-lus-livre-audio-audible\/","url_meta":{"origin":31431,"position":3},"title":"Les contes lus, ou comment occuper les enfants pendant les trajets d&rsquo;\u00e9t\u00e9 !","author":"Claire","date":"13 juillet 2017","format":false,"excerpt":"Les contes lus d\u00e9barquent sur Audible. Les vacances approchent... et avec elles les lonnnngs trajets en voiture, en train, ou autre... Quoi de mieux que des livres audio pour faire passer le temps plus vite ? Et quel bonheur de se replonger d'une autre fa\u00e7on dans ces classiques plein de\u2026","rel":"","context":"Dans &quot;Num\u00e9rique et audio&quot;","block_context":{"text":"Num\u00e9rique et audio","link":"https:\/\/smallthings.fr\/lespetitslivres\/category\/numerique-audio\/"},"img":{"alt_text":"","src":"https:\/\/i0.wp.com\/smallthings.fr\/lespetitslivres\/wp-content\/uploads\/2017\/07\/contes-lus-livre-audio-audible.jpg?resize=350%2C200&ssl=1","width":350,"height":200,"srcset":"https:\/\/i0.wp.com\/smallthings.fr\/lespetitslivres\/wp-content\/uploads\/2017\/07\/contes-lus-livre-audio-audible.jpg?resize=350%2C200&ssl=1 1x, https:\/\/i0.wp.com\/smallthings.fr\/lespetitslivres\/wp-content\/uploads\/2017\/07\/contes-lus-livre-audio-audible.jpg?resize=525%2C300&ssl=1 1.5x, https:\/\/i0.wp.com\/smallthings.fr\/lespetitslivres\/wp-content\/uploads\/2017\/07\/contes-lus-livre-audio-audible.jpg?resize=700%2C400&ssl=1 2x, https:\/\/i0.wp.com\/smallthings.fr\/lespetitslivres\/wp-content\/uploads\/2017\/07\/contes-lus-livre-audio-audible.jpg?resize=1050%2C600&ssl=1 3x"},"classes":[]},{"id":31647,"url":"https:\/\/smallthings.fr\/lespetitslivres\/2018\/05\/24\/forme-de-l-eau-livre-audio\/","url_meta":{"origin":31431,"position":4},"title":"La Forme de l&rsquo;eau, de Guillermo Del Toro et Daniel Kraus en livre audio","author":"Claire","date":"24 mai 2018","format":false,"excerpt":"La Forme de l'eau est \u00e0 d\u00e9couvrir en livre audio chez Audible. Il s'agit de la nov\u00e9lisation par Daniel Kraus du film de Guillermo Del Toro, sorti au cin\u00e9ma en mars dernier et qui a remport\u00e9 l'Oscar du meilleur film. Le livre se veut bien s\u00fbr le reflet du film,\u2026","rel":"","context":"Dans &quot;Num\u00e9rique et audio&quot;","block_context":{"text":"Num\u00e9rique et audio","link":"https:\/\/smallthings.fr\/lespetitslivres\/category\/numerique-audio\/"},"img":{"alt_text":"","src":"https:\/\/i0.wp.com\/smallthings.fr\/lespetitslivres\/wp-content\/uploads\/2018\/05\/forme-de-l-eau-livre-audio-cover.png?resize=350%2C200&ssl=1","width":350,"height":200,"srcset":"https:\/\/i0.wp.com\/smallthings.fr\/lespetitslivres\/wp-content\/uploads\/2018\/05\/forme-de-l-eau-livre-audio-cover.png?resize=350%2C200&ssl=1 1x, https:\/\/i0.wp.com\/smallthings.fr\/lespetitslivres\/wp-content\/uploads\/2018\/05\/forme-de-l-eau-livre-audio-cover.png?resize=525%2C300&ssl=1 1.5x, https:\/\/i0.wp.com\/smallthings.fr\/lespetitslivres\/wp-content\/uploads\/2018\/05\/forme-de-l-eau-livre-audio-cover.png?resize=700%2C400&ssl=1 2x"},"classes":[]},{"id":31347,"url":"https:\/\/smallthings.fr\/lespetitslivres\/2017\/10\/28\/frappe-toi-coeur-nothomb-livre-audio\/","url_meta":{"origin":31431,"position":5},"title":"Frappe-toi le coeur : le conte moderne d&rsquo;Am\u00e9lie Nothomb en livre audio","author":"Claire","date":"28 octobre 2017","format":false,"excerpt":"Le roman de la rentr\u00e9e d'Am\u00e9lie Nothomb, Frappe-toi le c\u0153ur, est disponible en livre audio chez Audible. Ce conte moderne, pl\u00e9biscit\u00e9 par la critique et tr\u00e8s appr\u00e9ci\u00e9 du public, nous raconte l'histoire de la jalousie d'une m\u00e8re pour sa fille. C'est Fran\u00e7oise Gillard qui pr\u00eate sa voix au r\u00e9cit. La\u2026","rel":"","context":"Dans &quot;Num\u00e9rique et audio&quot;","block_context":{"text":"Num\u00e9rique et audio","link":"https:\/\/smallthings.fr\/lespetitslivres\/category\/numerique-audio\/"},"img":{"alt_text":"","src":"https:\/\/i0.wp.com\/smallthings.fr\/lespetitslivres\/wp-content\/uploads\/2017\/10\/nothomb-livre-audio2.jpg?resize=350%2C200&ssl=1","width":350,"height":200,"srcset":"https:\/\/i0.wp.com\/smallthings.fr\/lespetitslivres\/wp-content\/uploads\/2017\/10\/nothomb-livre-audio2.jpg?resize=350%2C200&ssl=1 1x, https:\/\/i0.wp.com\/smallthings.fr\/lespetitslivres\/wp-content\/uploads\/2017\/10\/nothomb-livre-audio2.jpg?resize=525%2C300&ssl=1 1.5x, https:\/\/i0.wp.com\/smallthings.fr\/lespetitslivres\/wp-content\/uploads\/2017\/10\/nothomb-livre-audio2.jpg?resize=700%2C400&ssl=1 2x"},"classes":[]}],"_links":{"self":[{"href":"https:\/\/smallthings.fr\/lespetitslivres\/wp-json\/wp\/v2\/posts\/31431"}],"collection":[{"href":"https:\/\/smallthings.fr\/lespetitslivres\/wp-json\/wp\/v2\/posts"}],"about":[{"href":"https:\/\/smallthings.fr\/lespetitslivres\/wp-json\/wp\/v2\/types\/post"}],"author":[{"embeddable":true,"href":"https:\/\/smallthings.fr\/lespetitslivres\/wp-json\/wp\/v2\/users\/2"}],"replies":[{"embeddable":true,"href":"https:\/\/smallthings.fr\/lespetitslivres\/wp-json\/wp\/v2\/comments?post=31431"}],"version-history":[{"count":4,"href":"https:\/\/smallthings.fr\/lespetitslivres\/wp-json\/wp\/v2\/posts\/31431\/revisions"}],"predecessor-version":[{"id":31439,"href":"https:\/\/smallthings.fr\/lespetitslivres\/wp-json\/wp\/v2\/posts\/31431\/revisions\/31439"}],"wp:featuredmedia":[{"embeddable":true,"href":"https:\/\/smallthings.fr\/lespetitslivres\/wp-json\/wp\/v2\/media\/31432"}],"wp:attachment":[{"href":"https:\/\/smallthings.fr\/lespetitslivres\/wp-json\/wp\/v2\/media?parent=31431"}],"wp:term":[{"taxonomy":"category","embeddable":true,"href":"https:\/\/smallthings.fr\/lespetitslivres\/wp-json\/wp\/v2\/categories?post=31431"},{"taxonomy":"post_tag","embeddable":true,"href":"https:\/\/smallthings.fr\/lespetitslivres\/wp-json\/wp\/v2\/tags?post=31431"}],"curies":[{"name":"wp","href":"https:\/\/api.w.org\/{rel}","templated":true}]}}