{"id":31425,"date":"2017-12-07T13:21:06","date_gmt":"2017-12-07T12:21:06","guid":{"rendered":"http:\/\/smallthings.fr\/lespetitslivres\/?p=31425"},"modified":"2017-12-07T13:21:06","modified_gmt":"2017-12-07T12:21:06","slug":"t-arracher-claudine-desmarteau-avis","status":"publish","type":"post","link":"https:\/\/smallthings.fr\/lespetitslivres\/2017\/12\/07\/t-arracher-claudine-desmarteau-avis\/","title":{"rendered":"T&rsquo;arracher : le d\u00e9sespoir amoureux qui nous construit"},"content":{"rendered":"<h2><em>T&rsquo;arracher<\/em> de Claudine Desmarteau est sorti pour la rentr\u00e9e litt\u00e9raire aux \u00e9ditions <a href=\"http:\/\/www.editions-thierry-magnier.com\/9791035200763-l-claudine-desmarteau-amandine-chambosse-t-arracher.htm\">Thierry Magnier<\/a>. Le livre est destin\u00e9 \u00e0 un public jeunesse, mais son th\u00e8me universel &#8211; la d\u00e9ception amoureuse &#8211; peut r\u00e9sonner en chacun de nous. On plonge la t\u00eate la premi\u00e8re dans le c\u0153ur bris\u00e9 de Lou, lyc\u00e9enne de Terminale.<\/h2>\n<p><img loading=\"lazy\" decoding=\"async\" data-attachment-id=\"31427\" data-permalink=\"https:\/\/smallthings.fr\/lespetitslivres\/2017\/12\/07\/t-arracher-claudine-desmarteau-avis\/t-arracher-desmarteau\/\" data-orig-file=\"https:\/\/smallthings.fr\/lespetitslivres\/wp-content\/uploads\/2017\/12\/t-arracher-desmarteau.jpg\" data-orig-size=\"478,750\" data-comments-opened=\"1\" data-image-meta=\"{&quot;aperture&quot;:&quot;0&quot;,&quot;credit&quot;:&quot;&quot;,&quot;camera&quot;:&quot;&quot;,&quot;caption&quot;:&quot;&quot;,&quot;created_timestamp&quot;:&quot;0&quot;,&quot;copyright&quot;:&quot;&quot;,&quot;focal_length&quot;:&quot;0&quot;,&quot;iso&quot;:&quot;0&quot;,&quot;shutter_speed&quot;:&quot;0&quot;,&quot;title&quot;:&quot;&quot;,&quot;orientation&quot;:&quot;0&quot;}\" data-image-title=\"t-arracher-desmarteau\" data-image-description=\"\" data-image-caption=\"\" data-medium-file=\"https:\/\/smallthings.fr\/lespetitslivres\/wp-content\/uploads\/2017\/12\/t-arracher-desmarteau-191x300.jpg\" data-large-file=\"https:\/\/smallthings.fr\/lespetitslivres\/wp-content\/uploads\/2017\/12\/t-arracher-desmarteau.jpg\" class=\"alignleft  wp-image-31427\" src=\"http:\/\/smallthings.fr\/lespetitslivres\/wp-content\/uploads\/2017\/12\/t-arracher-desmarteau.jpg\" alt=\"\" width=\"258\" height=\"405\" srcset=\"https:\/\/smallthings.fr\/lespetitslivres\/wp-content\/uploads\/2017\/12\/t-arracher-desmarteau.jpg 478w, https:\/\/smallthings.fr\/lespetitslivres\/wp-content\/uploads\/2017\/12\/t-arracher-desmarteau-191x300.jpg 191w\" sizes=\"(max-width: 258px) 100vw, 258px\" \/><\/p>\n<p>Pas de pr\u00e9nom, pas d&rsquo;histoire : celui qui est \u00e0 l&rsquo;origine de la d\u00e9pression amoureuse de Lou n&rsquo;est nomm\u00e9 que par Toi. La premi\u00e8re page est d&rsquo;ailleurs rempli de ce Toi, envahissant l&rsquo;espace comme il a envahit son esprit. Il l&rsquo;a largu\u00e9 sans m\u00e9nagement, sans explication, et elle doit se d\u00e9brouiller avec \u00e7a. Sauf qu&rsquo;elle n&rsquo;y arrive pas, elle perd pied, elle se laisse doucement sombrer dans le d\u00e9sespoir amoureux. Elle l&rsquo;aime encore, ce Toi fant\u00f4me, m\u00eame lorsqu&rsquo;elle l&rsquo;insulte int\u00e9rieurement, pour exprimer sa col\u00e8re d&rsquo;\u00eatre sans nouvelle de lui.<\/p>\n<p><strong>Malgr\u00e9 la douleur de la d\u00e9ception amoureuse et la d\u00e9couverte d&rsquo;une maladie qui la clouera au lit de longues semaines, elle trouve tout de m\u00eame le courage de se lancer dans les m\u00e9andre des inscriptions post-bac, et de choisir sa voie, celle de la cr\u00e9ation.<\/strong><\/p>\n<div id=\"attachment_31426\" style=\"width: 231px\" class=\"wp-caption alignright\"><img loading=\"lazy\" decoding=\"async\" aria-describedby=\"caption-attachment-31426\" data-attachment-id=\"31426\" data-permalink=\"https:\/\/smallthings.fr\/lespetitslivres\/2017\/12\/07\/t-arracher-claudine-desmarteau-avis\/claudine-desmarteau-2\/\" data-orig-file=\"https:\/\/smallthings.fr\/lespetitslivres\/wp-content\/uploads\/2017\/12\/claudine-desmarteau.jpg\" data-orig-size=\"975,1219\" data-comments-opened=\"1\" data-image-meta=\"{&quot;aperture&quot;:&quot;0&quot;,&quot;credit&quot;:&quot;&quot;,&quot;camera&quot;:&quot;&quot;,&quot;caption&quot;:&quot;&quot;,&quot;created_timestamp&quot;:&quot;0&quot;,&quot;copyright&quot;:&quot;&quot;,&quot;focal_length&quot;:&quot;0&quot;,&quot;iso&quot;:&quot;0&quot;,&quot;shutter_speed&quot;:&quot;0&quot;,&quot;title&quot;:&quot;&quot;,&quot;orientation&quot;:&quot;0&quot;}\" data-image-title=\"claudine-desmarteau\" data-image-description=\"\" data-image-caption=\"&lt;p&gt;Claudine Desmarteau&lt;\/p&gt;\n\" data-medium-file=\"https:\/\/smallthings.fr\/lespetitslivres\/wp-content\/uploads\/2017\/12\/claudine-desmarteau-240x300.jpg\" data-large-file=\"https:\/\/smallthings.fr\/lespetitslivres\/wp-content\/uploads\/2017\/12\/claudine-desmarteau-819x1024.jpg\" class=\" wp-image-31426\" src=\"http:\/\/smallthings.fr\/lespetitslivres\/wp-content\/uploads\/2017\/12\/claudine-desmarteau-819x1024.jpg\" alt=\"\" width=\"221\" height=\"277\" srcset=\"https:\/\/smallthings.fr\/lespetitslivres\/wp-content\/uploads\/2017\/12\/claudine-desmarteau-819x1024.jpg 819w, https:\/\/smallthings.fr\/lespetitslivres\/wp-content\/uploads\/2017\/12\/claudine-desmarteau-240x300.jpg 240w, https:\/\/smallthings.fr\/lespetitslivres\/wp-content\/uploads\/2017\/12\/claudine-desmarteau-768x960.jpg 768w, https:\/\/smallthings.fr\/lespetitslivres\/wp-content\/uploads\/2017\/12\/claudine-desmarteau.jpg 975w\" sizes=\"(max-width: 221px) 100vw, 221px\" \/><p id=\"caption-attachment-31426\" class=\"wp-caption-text\">Claudine Desmarteau<\/p><\/div>\n<p>La perte du premier grand amour, th\u00e8me principal de <em>T&rsquo;arracher<\/em>, est une \u00e9preuve difficile \u00e0 relever. Rythm\u00e9e par les paroles de chansons, allant des Stooges \u00e0 Christina Aguilera, l&rsquo;ann\u00e9e de Terminale de Lou est un rite de passage \u00e0 l&rsquo;\u00e2ge adulte, entre larmes et espoir, entre col\u00e8re et l\u00e2cher prise. <strong>Claudine Desmarteau arrive \u00e0 nous faire tanguer sur cet \u00e9quilibre fragile, en esp\u00e9rant \u00e0 chaque page que Lou tombera du bon c\u00f4t\u00e9<\/strong>.<\/p>\n<p><em>Claudine Desmarteau est aussi l&rsquo;auteur du roman <\/em><strong>Jan<\/strong><em>, que nous avions ador\u00e9. La critique est <a href=\"http:\/\/smallthings.fr\/lespetitslivres\/2016\/05\/12\/jan-enfance-claudine-desmarteau-critique\/\">par ici<\/a>.\u00a0<\/em><\/p>\n","protected":false},"excerpt":{"rendered":"<p>T&rsquo;arracher de Claudine Desmarteau est sorti pour la rentr\u00e9e litt\u00e9raire aux \u00e9ditions Thierry Magnier. Le livre est destin\u00e9 \u00e0 un public jeunesse, mais son th\u00e8me universel &#8211; la d\u00e9ception amoureuse &#8211; peut r\u00e9sonner en chacun de nous. On plonge la t\u00eate la premi\u00e8re dans le c\u0153ur bris\u00e9 de Lou, lyc\u00e9enne de Terminale. Pas de pr\u00e9nom,<\/p>\n","protected":false},"author":24,"featured_media":31428,"comment_status":"open","ping_status":"open","sticky":false,"template":"","format":"standard","meta":{"jetpack_post_was_ever_published":false,"_jetpack_newsletter_access":"","_jetpack_newsletter_tier_id":0,"footnotes":"","jetpack_publicize_message":"T'arracher : le d\u00e9sespoir amoureux qui nous construit","jetpack_is_tweetstorm":false,"jetpack_publicize_feature_enabled":true,"jetpack_social_post_already_shared":true,"jetpack_social_options":{"image_generator_settings":{"template":"highway","enabled":false}}},"categories":[1117],"tags":[1413,1937,32,54,1412,1936],"jetpack_publicize_connections":[],"yoast_head":"<!-- This site is optimized with the Yoast SEO plugin v21.5 - https:\/\/yoast.com\/wordpress\/plugins\/seo\/ -->\n<title>T&#039;arracher : le d\u00e9sespoir amoureux qui nous construit<\/title>\n<meta name=\"description\" content=\"T&#039;arracher de Claudine Desmarteau est sorti pour la rentr\u00e9e litt\u00e9raire aux \u00e9ditions Thierry Magnier. Le livre est destin\u00e9 \u00e0 un public jeunesse, mais son\" \/>\n<meta name=\"robots\" content=\"index, follow, max-snippet:-1, max-image-preview:large, max-video-preview:-1\" \/>\n<link rel=\"canonical\" href=\"https:\/\/smallthings.fr\/lespetitslivres\/2017\/12\/07\/t-arracher-claudine-desmarteau-avis\/\" \/>\n<meta property=\"og:locale\" content=\"fr_FR\" \/>\n<meta property=\"og:type\" content=\"article\" \/>\n<meta property=\"og:title\" content=\"T&#039;arracher : le d\u00e9sespoir amoureux qui nous construit\" \/>\n<meta property=\"og:description\" content=\"T&#039;arracher de Claudine Desmarteau est sorti pour la rentr\u00e9e litt\u00e9raire aux \u00e9ditions Thierry Magnier. Le livre est destin\u00e9 \u00e0 un public jeunesse, mais son\" \/>\n<meta property=\"og:url\" content=\"https:\/\/smallthings.fr\/lespetitslivres\/2017\/12\/07\/t-arracher-claudine-desmarteau-avis\/\" \/>\n<meta property=\"og:site_name\" content=\"Les Petits Livres\" \/>\n<meta property=\"article:published_time\" content=\"2017-12-07T12:21:06+00:00\" \/>\n<meta property=\"og:image\" content=\"https:\/\/smallthings.fr\/lespetitslivres\/wp-content\/uploads\/2017\/12\/t-arracher-cover.jpg\" \/>\n\t<meta property=\"og:image:width\" content=\"500\" \/>\n\t<meta property=\"og:image:height\" content=\"287\" \/>\n\t<meta property=\"og:image:type\" content=\"image\/jpeg\" \/>\n<meta name=\"author\" content=\"Marie Leroy\" \/>\n<meta name=\"twitter:card\" content=\"summary_large_image\" \/>\n<meta name=\"twitter:label1\" content=\"\u00c9crit par\" \/>\n\t<meta name=\"twitter:data1\" content=\"Marie Leroy\" \/>\n\t<meta name=\"twitter:label2\" content=\"Dur\u00e9e de lecture estim\u00e9e\" \/>\n\t<meta name=\"twitter:data2\" content=\"2 minutes\" \/>\n<script type=\"application\/ld+json\" class=\"yoast-schema-graph\">{\"@context\":\"https:\/\/schema.org\",\"@graph\":[{\"@type\":\"WebPage\",\"@id\":\"https:\/\/smallthings.fr\/lespetitslivres\/2017\/12\/07\/t-arracher-claudine-desmarteau-avis\/\",\"url\":\"https:\/\/smallthings.fr\/lespetitslivres\/2017\/12\/07\/t-arracher-claudine-desmarteau-avis\/\",\"name\":\"T'arracher : le d\u00e9sespoir amoureux qui nous construit\",\"isPartOf\":{\"@id\":\"https:\/\/smallthings.fr\/lespetitslivres\/#website\"},\"datePublished\":\"2017-12-07T12:21:06+00:00\",\"dateModified\":\"2017-12-07T12:21:06+00:00\",\"author\":{\"@id\":\"https:\/\/smallthings.fr\/lespetitslivres\/#\/schema\/person\/3f346b29f3ef2469beeb80dd1884f038\"},\"description\":\"T'arracher de Claudine Desmarteau est sorti pour la rentr\u00e9e litt\u00e9raire aux \u00e9ditions Thierry Magnier. Le livre est destin\u00e9 \u00e0 un public jeunesse, mais son\",\"breadcrumb\":{\"@id\":\"https:\/\/smallthings.fr\/lespetitslivres\/2017\/12\/07\/t-arracher-claudine-desmarteau-avis\/#breadcrumb\"},\"inLanguage\":\"fr-FR\",\"potentialAction\":[{\"@type\":\"ReadAction\",\"target\":[\"https:\/\/smallthings.fr\/lespetitslivres\/2017\/12\/07\/t-arracher-claudine-desmarteau-avis\/\"]}]},{\"@type\":\"BreadcrumbList\",\"@id\":\"https:\/\/smallthings.fr\/lespetitslivres\/2017\/12\/07\/t-arracher-claudine-desmarteau-avis\/#breadcrumb\",\"itemListElement\":[{\"@type\":\"ListItem\",\"position\":1,\"name\":\"Accueil\",\"item\":\"https:\/\/smallthings.fr\/lespetitslivres\/\"},{\"@type\":\"ListItem\",\"position\":2,\"name\":\"T&rsquo;arracher : le d\u00e9sespoir amoureux qui nous construit\"}]},{\"@type\":\"WebSite\",\"@id\":\"https:\/\/smallthings.fr\/lespetitslivres\/#website\",\"url\":\"https:\/\/smallthings.fr\/lespetitslivres\/\",\"name\":\"Les Petits Livres\",\"description\":\"by Small Things\",\"potentialAction\":[{\"@type\":\"SearchAction\",\"target\":{\"@type\":\"EntryPoint\",\"urlTemplate\":\"https:\/\/smallthings.fr\/lespetitslivres\/?s={search_term_string}\"},\"query-input\":\"required name=search_term_string\"}],\"inLanguage\":\"fr-FR\"},{\"@type\":\"Person\",\"@id\":\"https:\/\/smallthings.fr\/lespetitslivres\/#\/schema\/person\/3f346b29f3ef2469beeb80dd1884f038\",\"name\":\"Marie Leroy\",\"image\":{\"@type\":\"ImageObject\",\"inLanguage\":\"fr-FR\",\"@id\":\"https:\/\/smallthings.fr\/lespetitslivres\/#\/schema\/person\/image\/\",\"url\":\"https:\/\/secure.gravatar.com\/avatar\/f76ce54092214b724bbb187c63bd5362?s=96&d=retro&r=g\",\"contentUrl\":\"https:\/\/secure.gravatar.com\/avatar\/f76ce54092214b724bbb187c63bd5362?s=96&d=retro&r=g\",\"caption\":\"Marie Leroy\"},\"url\":\"https:\/\/smallthings.fr\/lespetitslivres\/author\/marie-leroy\/\"}]}<\/script>\n<!-- \/ Yoast SEO plugin. -->","yoast_head_json":{"title":"T'arracher : le d\u00e9sespoir amoureux qui nous construit","description":"T'arracher de Claudine Desmarteau est sorti pour la rentr\u00e9e litt\u00e9raire aux \u00e9ditions Thierry Magnier. Le livre est destin\u00e9 \u00e0 un public jeunesse, mais son","robots":{"index":"index","follow":"follow","max-snippet":"max-snippet:-1","max-image-preview":"max-image-preview:large","max-video-preview":"max-video-preview:-1"},"canonical":"https:\/\/smallthings.fr\/lespetitslivres\/2017\/12\/07\/t-arracher-claudine-desmarteau-avis\/","og_locale":"fr_FR","og_type":"article","og_title":"T'arracher : le d\u00e9sespoir amoureux qui nous construit","og_description":"T'arracher de Claudine Desmarteau est sorti pour la rentr\u00e9e litt\u00e9raire aux \u00e9ditions Thierry Magnier. Le livre est destin\u00e9 \u00e0 un public jeunesse, mais son","og_url":"https:\/\/smallthings.fr\/lespetitslivres\/2017\/12\/07\/t-arracher-claudine-desmarteau-avis\/","og_site_name":"Les Petits Livres","article_published_time":"2017-12-07T12:21:06+00:00","og_image":[{"width":500,"height":287,"url":"https:\/\/smallthings.fr\/lespetitslivres\/wp-content\/uploads\/2017\/12\/t-arracher-cover.jpg","type":"image\/jpeg"}],"author":"Marie Leroy","twitter_card":"summary_large_image","twitter_misc":{"\u00c9crit par":"Marie Leroy","Dur\u00e9e de lecture estim\u00e9e":"2 minutes"},"schema":{"@context":"https:\/\/schema.org","@graph":[{"@type":"WebPage","@id":"https:\/\/smallthings.fr\/lespetitslivres\/2017\/12\/07\/t-arracher-claudine-desmarteau-avis\/","url":"https:\/\/smallthings.fr\/lespetitslivres\/2017\/12\/07\/t-arracher-claudine-desmarteau-avis\/","name":"T'arracher : le d\u00e9sespoir amoureux qui nous construit","isPartOf":{"@id":"https:\/\/smallthings.fr\/lespetitslivres\/#website"},"datePublished":"2017-12-07T12:21:06+00:00","dateModified":"2017-12-07T12:21:06+00:00","author":{"@id":"https:\/\/smallthings.fr\/lespetitslivres\/#\/schema\/person\/3f346b29f3ef2469beeb80dd1884f038"},"description":"T'arracher de Claudine Desmarteau est sorti pour la rentr\u00e9e litt\u00e9raire aux \u00e9ditions Thierry Magnier. Le livre est destin\u00e9 \u00e0 un public jeunesse, mais son","breadcrumb":{"@id":"https:\/\/smallthings.fr\/lespetitslivres\/2017\/12\/07\/t-arracher-claudine-desmarteau-avis\/#breadcrumb"},"inLanguage":"fr-FR","potentialAction":[{"@type":"ReadAction","target":["https:\/\/smallthings.fr\/lespetitslivres\/2017\/12\/07\/t-arracher-claudine-desmarteau-avis\/"]}]},{"@type":"BreadcrumbList","@id":"https:\/\/smallthings.fr\/lespetitslivres\/2017\/12\/07\/t-arracher-claudine-desmarteau-avis\/#breadcrumb","itemListElement":[{"@type":"ListItem","position":1,"name":"Accueil","item":"https:\/\/smallthings.fr\/lespetitslivres\/"},{"@type":"ListItem","position":2,"name":"T&rsquo;arracher : le d\u00e9sespoir amoureux qui nous construit"}]},{"@type":"WebSite","@id":"https:\/\/smallthings.fr\/lespetitslivres\/#website","url":"https:\/\/smallthings.fr\/lespetitslivres\/","name":"Les Petits Livres","description":"by Small Things","potentialAction":[{"@type":"SearchAction","target":{"@type":"EntryPoint","urlTemplate":"https:\/\/smallthings.fr\/lespetitslivres\/?s={search_term_string}"},"query-input":"required name=search_term_string"}],"inLanguage":"fr-FR"},{"@type":"Person","@id":"https:\/\/smallthings.fr\/lespetitslivres\/#\/schema\/person\/3f346b29f3ef2469beeb80dd1884f038","name":"Marie Leroy","image":{"@type":"ImageObject","inLanguage":"fr-FR","@id":"https:\/\/smallthings.fr\/lespetitslivres\/#\/schema\/person\/image\/","url":"https:\/\/secure.gravatar.com\/avatar\/f76ce54092214b724bbb187c63bd5362?s=96&d=retro&r=g","contentUrl":"https:\/\/secure.gravatar.com\/avatar\/f76ce54092214b724bbb187c63bd5362?s=96&d=retro&r=g","caption":"Marie Leroy"},"url":"https:\/\/smallthings.fr\/lespetitslivres\/author\/marie-leroy\/"}]}},"jetpack_featured_media_url":"https:\/\/smallthings.fr\/lespetitslivres\/wp-content\/uploads\/2017\/12\/t-arracher-cover.jpg","jetpack_sharing_enabled":true,"jetpack_shortlink":"https:\/\/wp.me\/p6Un21-8aR","jetpack-related-posts":[{"id":31241,"url":"https:\/\/smallthings.fr\/lespetitslivres\/2017\/08\/28\/faux-depart-marion-messina-critique\/","url_meta":{"origin":31425,"position":0},"title":"Faux d\u00e9part : portrait d&rsquo;une jeunesse d\u00e9senchant\u00e9e","author":"Marie Leroy","date":"28 ao\u00fbt 2017","format":false,"excerpt":"Faux d\u00e9part de Marion Messina vient de para\u00eetre chez Le Dilettante pour cette rentr\u00e9e litt\u00e9raire. Un premier roman au style direct et sans m\u00e9lodrame mais au pessimisme latent, d\u00e9non\u00e7ant l'injustice d'\u00eatre mal n\u00e9 dans un monde o\u00f9 il est difficile de changer de classe sociale. Quand on d\u00e9bute sa vie\u2026","rel":"","context":"Dans &quot;Roman fran\u00e7ais&quot;","block_context":{"text":"Roman fran\u00e7ais","link":"https:\/\/smallthings.fr\/lespetitslivres\/category\/roman\/roman-francais\/"},"img":{"alt_text":"","src":"https:\/\/i0.wp.com\/smallthings.fr\/lespetitslivres\/wp-content\/uploads\/2017\/08\/faux-depart-messina.jpg?resize=350%2C200","width":350,"height":200},"classes":[]},{"id":31799,"url":"https:\/\/smallthings.fr\/lespetitslivres\/2018\/09\/04\/trancher-amelie-cordonnier-roman-avis\/","url_meta":{"origin":31425,"position":1},"title":"Trancher, quand les mots d\u00e9truisent : le premier roman d&rsquo;Am\u00e9lie Cordonnier","author":"Claire","date":"4 septembre 2018","format":false,"excerpt":"En cette Rentr\u00e9e litt\u00e9raire, la journaliste Am\u00e9lie Cordonnier publie son premier roman, Trancher, chez Flammarion. Un livre difficile qui aborde le sujet de la violence conjugale verbale. L'h\u00e9ro\u00efne est en couple avec Aur\u00e9lien. Ils ont deux enfants. Apr\u00e8s des ann\u00e9es de tr\u00eave, Aur\u00e9lien recommence \u00e0 l'insulter, et ce devant leurs\u2026","rel":"","context":"Dans &quot;Roman fran\u00e7ais&quot;","block_context":{"text":"Roman fran\u00e7ais","link":"https:\/\/smallthings.fr\/lespetitslivres\/category\/roman\/roman-francais\/"},"img":{"alt_text":"","src":"https:\/\/i0.wp.com\/smallthings.fr\/lespetitslivres\/wp-content\/uploads\/2018\/09\/trancher-cordonnier-cover.jpg?resize=350%2C200&ssl=1","width":350,"height":200,"srcset":"https:\/\/i0.wp.com\/smallthings.fr\/lespetitslivres\/wp-content\/uploads\/2018\/09\/trancher-cordonnier-cover.jpg?resize=350%2C200&ssl=1 1x, https:\/\/i0.wp.com\/smallthings.fr\/lespetitslivres\/wp-content\/uploads\/2018\/09\/trancher-cordonnier-cover.jpg?resize=525%2C300&ssl=1 1.5x"},"classes":[]},{"id":7907,"url":"https:\/\/smallthings.fr\/lespetitslivres\/2013\/09\/13\/veronique-ovalde-grace-brigands\/","url_meta":{"origin":31425,"position":2},"title":"V\u00e9ronique Ovald\u00e9 &#8211; La gr\u00e2ce des brigands","author":"Audrey Ch\u00e8vrefeuille","date":"13 septembre 2013","format":false,"excerpt":"La gr\u00e2ce des brigants, neuvi\u00e8me roman de V\u00e9ronique Ovald\u00e9, sort aux \u00e9ditions de l'Olivier en cette rentr\u00e9e litt\u00e9raire. V\u00e9ronique Ovald\u00e9 est notamment l'auteur des tr\u00e8s prim\u00e9s Ce que je sais de Vera\u00a0Candida et Mon coeur transparent. Cette fois encore, les personnages et leurs histoires, leurs pass\u00e9s, sont au coeur de\u2026","rel":"","context":"Dans &quot;Roman fran\u00e7ais&quot;","block_context":{"text":"Roman fran\u00e7ais","link":"https:\/\/smallthings.fr\/lespetitslivres\/category\/roman\/roman-francais\/"},"img":{"alt_text":"","src":"https:\/\/i0.wp.com\/uploads.smallthings.fr\/2013\/09\/OVALDV1-877x1024.jpg?resize=350%2C200","width":350,"height":200},"classes":[]},{"id":7044,"url":"https:\/\/smallthings.fr\/lespetitslivres\/2013\/09\/11\/e-pessan-muette\/","url_meta":{"origin":31425,"position":3},"title":"Eric Pessan &#8211; Muette","author":"Audrey Ch\u00e8vrefeuille","date":"11 septembre 2013","format":false,"excerpt":"Avec Muette, Eric\u00a0Pessan choisit pour cette rentr\u00e9e le th\u00e8me de la fugue et du mal-\u00eatre adolescent. Muette,\u00a0ou l'incompr\u00e9hension\u00a0entre\u00a0une jeune fille\u00a0et le reste du monde. Un roman sensible et po\u00e9tique. C'est l'\u00e9t\u00e9. Le moment est id\u00e9al. Muette a soigneusement pr\u00e9par\u00e9 sa fuite, pens\u00e9 au meilleur endroit o\u00f9 se cacher, au temps\u2026","rel":"","context":"Dans &quot;Roman fran\u00e7ais&quot;","block_context":{"text":"Roman fran\u00e7ais","link":"https:\/\/smallthings.fr\/lespetitslivres\/category\/roman\/roman-francais\/"},"img":{"alt_text":"","src":"https:\/\/i0.wp.com\/uploads.smallthings.fr\/2013\/07\/Muette-EricPessan-204x300.jpg?resize=350%2C200","width":350,"height":200},"classes":[]},{"id":31780,"url":"https:\/\/smallthings.fr\/lespetitslivres\/2018\/08\/28\/monsieur-viannet-veronique-le-goaziou\/","url_meta":{"origin":31425,"position":4},"title":"Monsieur Viannet, le roman des laiss\u00e9s pour compte","author":"Victoire Neyraud","date":"28 ao\u00fbt 2018","format":false,"excerpt":"Monsieur Viannet, le dernier roman de la sociologue et romanci\u00e8re V\u00e9ronique Le Goaziou, qui vient de para\u00eetre aux \u00e9ditions La Table Ronde pour la Rentr\u00e9e litt\u00e9raire. Une petite perle qui, d\u00e8s les premiers instants de lecture, nous prend en haleine et nous emporte sans pr\u00e9ambule dans un monde souvent peu\u2026","rel":"","context":"Dans &quot;Roman fran\u00e7ais&quot;","block_context":{"text":"Roman fran\u00e7ais","link":"https:\/\/smallthings.fr\/lespetitslivres\/category\/roman\/roman-francais\/"},"img":{"alt_text":"","src":"https:\/\/i0.wp.com\/smallthings.fr\/lespetitslivres\/wp-content\/uploads\/2018\/08\/monsieur-viannet-couverture-cover.jpg?resize=350%2C200&ssl=1","width":350,"height":200,"srcset":"https:\/\/i0.wp.com\/smallthings.fr\/lespetitslivres\/wp-content\/uploads\/2018\/08\/monsieur-viannet-couverture-cover.jpg?resize=350%2C200&ssl=1 1x, https:\/\/i0.wp.com\/smallthings.fr\/lespetitslivres\/wp-content\/uploads\/2018\/08\/monsieur-viannet-couverture-cover.jpg?resize=525%2C300&ssl=1 1.5x, https:\/\/i0.wp.com\/smallthings.fr\/lespetitslivres\/wp-content\/uploads\/2018\/08\/monsieur-viannet-couverture-cover.jpg?resize=700%2C400&ssl=1 2x"},"classes":[]},{"id":29946,"url":"https:\/\/smallthings.fr\/lespetitslivres\/2016\/05\/12\/jan-enfance-claudine-desmarteau-critique\/","url_meta":{"origin":31425,"position":5},"title":"Jan : l&rsquo;enfance r\u00e9volt\u00e9e, par Claudine Desmarteau","author":"Claire","date":"12 mai 2016","format":false,"excerpt":"Jan a beau \u00eatre estampill\u00e9 \"roman jeunesse\" sur le site des \u00e9ditions Thierry Magnier, le livre s'adresse, de par son sujet grave, \u00e0 tout type de public. Claudine Desmarteau, par ailleurs auteur d'albums jeunesse, ma\u00eetrise son sujet et nous entra\u00eene avec brio dans les pens\u00e9es d'une petite fille perdue. La\u2026","rel":"","context":"Dans &quot;Roman fran\u00e7ais&quot;","block_context":{"text":"Roman fran\u00e7ais","link":"https:\/\/smallthings.fr\/lespetitslivres\/category\/roman\/roman-francais\/"},"img":{"alt_text":"","src":"https:\/\/i0.wp.com\/smallthings.fr\/lespetitslivres\/wp-content\/uploads\/2016\/05\/jan-doinel-couv.jpg?resize=350%2C200&ssl=1","width":350,"height":200,"srcset":"https:\/\/i0.wp.com\/smallthings.fr\/lespetitslivres\/wp-content\/uploads\/2016\/05\/jan-doinel-couv.jpg?resize=350%2C200&ssl=1 1x, https:\/\/i0.wp.com\/smallthings.fr\/lespetitslivres\/wp-content\/uploads\/2016\/05\/jan-doinel-couv.jpg?resize=525%2C300&ssl=1 1.5x, https:\/\/i0.wp.com\/smallthings.fr\/lespetitslivres\/wp-content\/uploads\/2016\/05\/jan-doinel-couv.jpg?resize=700%2C400&ssl=1 2x"},"classes":[]}],"_links":{"self":[{"href":"https:\/\/smallthings.fr\/lespetitslivres\/wp-json\/wp\/v2\/posts\/31425"}],"collection":[{"href":"https:\/\/smallthings.fr\/lespetitslivres\/wp-json\/wp\/v2\/posts"}],"about":[{"href":"https:\/\/smallthings.fr\/lespetitslivres\/wp-json\/wp\/v2\/types\/post"}],"author":[{"embeddable":true,"href":"https:\/\/smallthings.fr\/lespetitslivres\/wp-json\/wp\/v2\/users\/24"}],"replies":[{"embeddable":true,"href":"https:\/\/smallthings.fr\/lespetitslivres\/wp-json\/wp\/v2\/comments?post=31425"}],"version-history":[{"count":1,"href":"https:\/\/smallthings.fr\/lespetitslivres\/wp-json\/wp\/v2\/posts\/31425\/revisions"}],"predecessor-version":[{"id":31429,"href":"https:\/\/smallthings.fr\/lespetitslivres\/wp-json\/wp\/v2\/posts\/31425\/revisions\/31429"}],"wp:featuredmedia":[{"embeddable":true,"href":"https:\/\/smallthings.fr\/lespetitslivres\/wp-json\/wp\/v2\/media\/31428"}],"wp:attachment":[{"href":"https:\/\/smallthings.fr\/lespetitslivres\/wp-json\/wp\/v2\/media?parent=31425"}],"wp:term":[{"taxonomy":"category","embeddable":true,"href":"https:\/\/smallthings.fr\/lespetitslivres\/wp-json\/wp\/v2\/categories?post=31425"},{"taxonomy":"post_tag","embeddable":true,"href":"https:\/\/smallthings.fr\/lespetitslivres\/wp-json\/wp\/v2\/tags?post=31425"}],"curies":[{"name":"wp","href":"https:\/\/api.w.org\/{rel}","templated":true}]}}