{"id":31416,"date":"2017-12-07T09:42:38","date_gmt":"2017-12-07T08:42:38","guid":{"rendered":"http:\/\/smallthings.fr\/lespetitslivres\/?p=31416"},"modified":"2017-12-07T09:42:38","modified_gmt":"2017-12-07T08:42:38","slug":"hommage-jean-d-ormesson","status":"publish","type":"post","link":"https:\/\/smallthings.fr\/lespetitslivres\/2017\/12\/07\/hommage-jean-d-ormesson\/","title":{"rendered":"Notre modeste hommage \u00e0 Jean d&rsquo;Ormesson"},"content":{"rendered":"<h2 id=\"m_-6905636588030791940yui_3_16_0_ym19_1_1512503964443_6670\" dir=\"ltr\"><span id=\"m_-6905636588030791940yui_3_16_0_ym19_1_1512503964443_12273\">Jean d&rsquo;Ormesson, grand \u00e9crivain, membre de l&rsquo;Acad\u00e9mie Fran\u00e7aise depuis 1973, nous a quitt\u00e9. Lui et son franc sourire. Sa carri\u00e8re d&rsquo;\u00e9crivain est quasi parfaite et ferait p\u00e2lir d&rsquo;envie tout jeune auteur qui a envie de se lancer. D&rsquo;ascendance aristocratique, son \u00e9l\u00e9gance naturelle ne l&rsquo;a jamais emp\u00each\u00e9 d&rsquo;avoir une certaine proximit\u00e9 avec les gens, y compris dans ses nombreuses interviews, qu&rsquo;il ne boudait pas. Avec lui, ce n&rsquo;est pas seulement un homme qui dispara\u00eet, mais une partie de la culture fran\u00e7aise.<\/span><\/h2>\n<div id=\"m_-6905636588030791940yui_3_16_0_ym19_1_1512503964443_6670\" dir=\"ltr\"><span id=\"m_-6905636588030791940yui_3_16_0_ym19_1_1512503964443_12336\"><span id=\"m_-6905636588030791940yui_3_16_0_ym19_1_1512503964443_12397\">La famille d&rsquo;Ormesson prend ses racines loin dans la noblesse depuis le XVI\u00e8 si\u00e8cle. Parmi ses illustres anc\u00eatres, on compte le juge\u00a0<\/span><span id=\"m_-6905636588030791940yui_3_16_0_ym19_1_1512503964443_12337\"><span id=\"m_-6905636588030791940yui_3_16_0_ym19_1_1512503964443_12398\">Olivier Lef\u00e8vre d&rsquo;Ormesson, qui fut disgraci\u00e9 \u00e0 la suite du proc\u00e8s de Nicolas Fouquet. C&rsquo;est donc logiquement dans un ch\u00e2teau, celui de Saint-Fargeau, que\u00a0<\/span><\/span><\/span><span id=\"m_-6905636588030791940yui_3_16_0_ym19_1_1512503964443_12338\"><span id=\"m_-6905636588030791940yui_3_16_0_ym19_1_1512503964443_12355\"><a href=\"https:\/\/fr.wikipedia.org\/wiki\/Jean_d%27Ormesson\">Jean Bruno Wladimir Fran\u00e7ois de Paule Lef\u00e8vre d\u2019Ormesson<\/a> voit le jour, en 1925.<\/span><\/span><\/div>\n<div dir=\"ltr\"><span id=\"m_-6905636588030791940yui_3_16_0_ym19_1_1512503964443_12340\"><strong>C&rsquo;est gr\u00e2ce \u00e0 son livre <em>La Gloire de l&rsquo;Empire<\/em>, publi\u00e9 en 1971, qu&rsquo;il obtient le Prix de l&rsquo;Acad\u00e9mie Fran\u00e7aise<\/strong>. Malgr\u00e9 ce parcours et ces origines prestigieuses, \u00ab\u00a0Jean d&rsquo;O.\u00a0\u00bb n&rsquo;en est pas moins un homme sensible, avenant, presque familier et qui ne montre jamais le moindre m\u00e9pris pour autrui. Bien au contraire, il pourrait \u00eatre le bon ami de n&rsquo;importe qui. C&rsquo;\u00e9tait tout simplement mon Acad\u00e9micien pr\u00e9f\u00e9r\u00e9, l&rsquo;air toujours jeune malgr\u00e9 ses 90 ans. Il n&rsquo;h\u00e9sitait pas \u00e0 annoncer sa propre mort qu&rsquo;il sentait approcher, mais toute en franchise et en s\u00e9r\u00e9nit\u00e9, <strong>ne s&rsquo;arr\u00eatant jamais de c\u00e9l\u00e9brer la vie qu&rsquo;il adorait par-dessus tout<\/strong>. Avec Jean d&rsquo;O., c&rsquo;est bien une partie du patrimoine fran\u00e7ais qui dispara\u00eet. D&rsquo;Ormesson avait une classe, une tr\u00e8s grande classe, qui peut certes passer pour d\u00e9su\u00e8te, mais qui est rest\u00e9e jusqu&rsquo;au bout touchante et forte.<\/span><\/div>\n<div dir=\"ltr\"><span id=\"m_-6905636588030791940yui_3_16_0_ym19_1_1512503964443_14268\">\u00ab\u00a0L&rsquo;\u00e9ternel jeune homme\u00a0\u00bb est <strong>l&rsquo;auteur d&rsquo;un livre posthume qui para\u00eetra en f\u00e9vrier 2018 chez Gallimard : <em>Et moi, je vis toujours<\/em><\/strong>. Ironique, me diriez-vous? Pas tout \u00e0 fait. Quand le talent est l\u00e0, il est immortel. Et m\u00eame si d&rsquo;Ormesson lui-m\u00eame jugeait l&rsquo;immortalit\u00e9 particuli\u00e8rement horrible, il poussait toujours les autres \u00e0 continuer de vivre, m\u00eame si c&rsquo;est parfois dur !<\/span><\/div>\n<div dir=\"ltr\">\n<div id=\"attachment_31418\" style=\"width: 712px\" class=\"wp-caption aligncenter\"><img loading=\"lazy\" decoding=\"async\" aria-describedby=\"caption-attachment-31418\" data-attachment-id=\"31418\" data-permalink=\"https:\/\/smallthings.fr\/lespetitslivres\/2017\/12\/07\/hommage-jean-d-ormesson\/files-france-literature-portrait-2\/\" data-orig-file=\"https:\/\/smallthings.fr\/lespetitslivres\/wp-content\/uploads\/2017\/12\/jean-d-ormesson-1-scaled.jpg\" data-orig-size=\"2560,1278\" data-comments-opened=\"1\" data-image-meta=\"{&quot;aperture&quot;:&quot;0&quot;,&quot;credit&quot;:&quot;AFP&quot;,&quot;camera&quot;:&quot;&quot;,&quot;caption&quot;:&quot;(FILES) This file photo taken on January 31, 2017 shows French author and member of the Academie Francaise (French Academy) Jean d&#039;Ormesson posing during a photo session in Paris. Writer Jean d&#039;Ormesson died in the night at the age of 92, his daughter said on December 5, 2017. \\\/ AFP \\\/ JOEL SAGET&quot;,&quot;created_timestamp&quot;:&quot;1485869996&quot;,&quot;copyright&quot;:&quot;&quot;,&quot;focal_length&quot;:&quot;0&quot;,&quot;iso&quot;:&quot;0&quot;,&quot;shutter_speed&quot;:&quot;0&quot;,&quot;title&quot;:&quot;FILES-FRANCE-LITERATURE-PORTRAIT&quot;,&quot;orientation&quot;:&quot;1&quot;}\" data-image-title=\"Jean d&amp;rsquo;Ormesson\" data-image-description=\"\" data-image-caption=\"&lt;p&gt;Jean d&amp;rsquo;Ormesson&lt;\/p&gt;\n\" data-medium-file=\"https:\/\/smallthings.fr\/lespetitslivres\/wp-content\/uploads\/2017\/12\/jean-d-ormesson-1-300x150.jpg\" data-large-file=\"https:\/\/smallthings.fr\/lespetitslivres\/wp-content\/uploads\/2017\/12\/jean-d-ormesson-1-1024x511.jpg\" class=\"size-large wp-image-31418\" src=\"http:\/\/smallthings.fr\/lespetitslivres\/wp-content\/uploads\/2017\/12\/jean-d-ormesson-1-1024x511.jpg\" alt=\"\" width=\"702\" height=\"350\" srcset=\"https:\/\/smallthings.fr\/lespetitslivres\/wp-content\/uploads\/2017\/12\/jean-d-ormesson-1-1024x511.jpg 1024w, https:\/\/smallthings.fr\/lespetitslivres\/wp-content\/uploads\/2017\/12\/jean-d-ormesson-1-300x150.jpg 300w, https:\/\/smallthings.fr\/lespetitslivres\/wp-content\/uploads\/2017\/12\/jean-d-ormesson-1-768x383.jpg 768w, https:\/\/smallthings.fr\/lespetitslivres\/wp-content\/uploads\/2017\/12\/jean-d-ormesson-1-1536x767.jpg 1536w, https:\/\/smallthings.fr\/lespetitslivres\/wp-content\/uploads\/2017\/12\/jean-d-ormesson-1-2048x1022.jpg 2048w, https:\/\/smallthings.fr\/lespetitslivres\/wp-content\/uploads\/2017\/12\/jean-d-ormesson-1-164x82.jpg 164w\" sizes=\"(max-width: 702px) 100vw, 702px\" \/><p id=\"caption-attachment-31418\" class=\"wp-caption-text\">Jean d&rsquo;Ormesson<\/p><\/div>\n<\/div>\n","protected":false},"excerpt":{"rendered":"<p>Jean d&rsquo;Ormesson, grand \u00e9crivain, membre de l&rsquo;Acad\u00e9mie Fran\u00e7aise depuis 1973, nous a quitt\u00e9. Lui et son franc sourire. Sa carri\u00e8re d&rsquo;\u00e9crivain est quasi parfaite et ferait p\u00e2lir d&rsquo;envie tout jeune auteur qui a envie de se lancer. D&rsquo;ascendance aristocratique, son \u00e9l\u00e9gance naturelle ne l&rsquo;a jamais emp\u00each\u00e9 d&rsquo;avoir une certaine proximit\u00e9 avec les gens, y compris<\/p>\n","protected":false},"author":17,"featured_media":31417,"comment_status":"open","ping_status":"open","sticky":false,"template":"","format":"standard","meta":{"jetpack_post_was_ever_published":false,"_jetpack_newsletter_access":"","_jetpack_newsletter_tier_id":0,"footnotes":"","jetpack_publicize_message":"","jetpack_is_tweetstorm":false,"jetpack_publicize_feature_enabled":true,"jetpack_social_post_already_shared":true,"jetpack_social_options":{"image_generator_settings":{"template":"highway","enabled":false}}},"categories":[1121],"tags":[1826,1928,1925,1926,1927,1893],"jetpack_publicize_connections":[],"yoast_head":"<!-- This site is optimized with the Yoast SEO plugin v21.5 - https:\/\/yoast.com\/wordpress\/plugins\/seo\/ -->\n<title>Notre modeste hommage \u00e0 Jean d&#039;Ormesson<\/title>\n<meta name=\"description\" content=\"Jean d&#039;Ormesson, grand \u00e9crivain, membre de l&#039;Acad\u00e9mie Fran\u00e7aise depuis 1973, nous a quitt\u00e9. Lui et son franc sourire. Sa carri\u00e8re d&#039;\u00e9crivain est quasi\" \/>\n<meta name=\"robots\" content=\"index, follow, max-snippet:-1, max-image-preview:large, max-video-preview:-1\" \/>\n<link rel=\"canonical\" href=\"http:\/\/smallthings.fr\/lespetitslivres\/2017\/12\/07\/hommage-jean-d-ormesson\/\" \/>\n<meta property=\"og:locale\" content=\"fr_FR\" \/>\n<meta property=\"og:type\" content=\"article\" \/>\n<meta property=\"og:title\" content=\"Notre modeste hommage \u00e0 Jean d&#039;Ormesson\" \/>\n<meta property=\"og:description\" content=\"Jean d&#039;Ormesson, grand \u00e9crivain, membre de l&#039;Acad\u00e9mie Fran\u00e7aise depuis 1973, nous a quitt\u00e9. Lui et son franc sourire. Sa carri\u00e8re d&#039;\u00e9crivain est quasi\" \/>\n<meta property=\"og:url\" content=\"http:\/\/smallthings.fr\/lespetitslivres\/2017\/12\/07\/hommage-jean-d-ormesson\/\" \/>\n<meta property=\"og:site_name\" content=\"Les Petits Livres\" \/>\n<meta property=\"article:published_time\" content=\"2017-12-07T08:42:38+00:00\" \/>\n<meta property=\"og:image\" content=\"https:\/\/i0.wp.com\/smallthings.fr\/lespetitslivres\/wp-content\/uploads\/2017\/12\/jean-d-ormesson-scaled.jpg?fit=2560%2C1278\" \/>\n\t<meta property=\"og:image:width\" content=\"2560\" \/>\n\t<meta property=\"og:image:height\" content=\"1278\" \/>\n\t<meta property=\"og:image:type\" content=\"image\/jpeg\" \/>\n<meta name=\"author\" content=\"Rebecca\" \/>\n<meta name=\"twitter:card\" content=\"summary_large_image\" \/>\n<meta name=\"twitter:label1\" content=\"\u00c9crit par\" \/>\n\t<meta name=\"twitter:data1\" content=\"Rebecca\" \/>\n\t<meta name=\"twitter:label2\" content=\"Dur\u00e9e de lecture estim\u00e9e\" \/>\n\t<meta name=\"twitter:data2\" content=\"2 minutes\" \/>\n<script type=\"application\/ld+json\" class=\"yoast-schema-graph\">{\"@context\":\"https:\/\/schema.org\",\"@graph\":[{\"@type\":\"WebPage\",\"@id\":\"http:\/\/smallthings.fr\/lespetitslivres\/2017\/12\/07\/hommage-jean-d-ormesson\/\",\"url\":\"http:\/\/smallthings.fr\/lespetitslivres\/2017\/12\/07\/hommage-jean-d-ormesson\/\",\"name\":\"Notre modeste hommage \u00e0 Jean d'Ormesson\",\"isPartOf\":{\"@id\":\"https:\/\/smallthings.fr\/lespetitslivres\/#website\"},\"datePublished\":\"2017-12-07T08:42:38+00:00\",\"dateModified\":\"2017-12-07T08:42:38+00:00\",\"author\":{\"@id\":\"https:\/\/smallthings.fr\/lespetitslivres\/#\/schema\/person\/0cd6a80f4ed2616c81a8973aed74c2b8\"},\"description\":\"Jean d'Ormesson, grand \u00e9crivain, membre de l'Acad\u00e9mie Fran\u00e7aise depuis 1973, nous a quitt\u00e9. Lui et son franc sourire. Sa carri\u00e8re d'\u00e9crivain est quasi\",\"breadcrumb\":{\"@id\":\"http:\/\/smallthings.fr\/lespetitslivres\/2017\/12\/07\/hommage-jean-d-ormesson\/#breadcrumb\"},\"inLanguage\":\"fr-FR\",\"potentialAction\":[{\"@type\":\"ReadAction\",\"target\":[\"http:\/\/smallthings.fr\/lespetitslivres\/2017\/12\/07\/hommage-jean-d-ormesson\/\"]}]},{\"@type\":\"BreadcrumbList\",\"@id\":\"http:\/\/smallthings.fr\/lespetitslivres\/2017\/12\/07\/hommage-jean-d-ormesson\/#breadcrumb\",\"itemListElement\":[{\"@type\":\"ListItem\",\"position\":1,\"name\":\"Accueil\",\"item\":\"https:\/\/smallthings.fr\/lespetitslivres\/\"},{\"@type\":\"ListItem\",\"position\":2,\"name\":\"Notre modeste hommage \u00e0 Jean d&rsquo;Ormesson\"}]},{\"@type\":\"WebSite\",\"@id\":\"https:\/\/smallthings.fr\/lespetitslivres\/#website\",\"url\":\"https:\/\/smallthings.fr\/lespetitslivres\/\",\"name\":\"Les Petits Livres\",\"description\":\"by Small Things\",\"potentialAction\":[{\"@type\":\"SearchAction\",\"target\":{\"@type\":\"EntryPoint\",\"urlTemplate\":\"https:\/\/smallthings.fr\/lespetitslivres\/?s={search_term_string}\"},\"query-input\":\"required name=search_term_string\"}],\"inLanguage\":\"fr-FR\"},{\"@type\":\"Person\",\"@id\":\"https:\/\/smallthings.fr\/lespetitslivres\/#\/schema\/person\/0cd6a80f4ed2616c81a8973aed74c2b8\",\"name\":\"Rebecca\",\"image\":{\"@type\":\"ImageObject\",\"inLanguage\":\"fr-FR\",\"@id\":\"https:\/\/smallthings.fr\/lespetitslivres\/#\/schema\/person\/image\/\",\"url\":\"https:\/\/secure.gravatar.com\/avatar\/246cd9ae3b479e7da67da1cdf8c319af?s=96&d=retro&r=g\",\"contentUrl\":\"https:\/\/secure.gravatar.com\/avatar\/246cd9ae3b479e7da67da1cdf8c319af?s=96&d=retro&r=g\",\"caption\":\"Rebecca\"},\"url\":\"https:\/\/smallthings.fr\/lespetitslivres\/author\/rebecca\/\"}]}<\/script>\n<!-- \/ Yoast SEO plugin. -->","yoast_head_json":{"title":"Notre modeste hommage \u00e0 Jean d'Ormesson","description":"Jean d'Ormesson, grand \u00e9crivain, membre de l'Acad\u00e9mie Fran\u00e7aise depuis 1973, nous a quitt\u00e9. Lui et son franc sourire. Sa carri\u00e8re d'\u00e9crivain est quasi","robots":{"index":"index","follow":"follow","max-snippet":"max-snippet:-1","max-image-preview":"max-image-preview:large","max-video-preview":"max-video-preview:-1"},"canonical":"http:\/\/smallthings.fr\/lespetitslivres\/2017\/12\/07\/hommage-jean-d-ormesson\/","og_locale":"fr_FR","og_type":"article","og_title":"Notre modeste hommage \u00e0 Jean d'Ormesson","og_description":"Jean d'Ormesson, grand \u00e9crivain, membre de l'Acad\u00e9mie Fran\u00e7aise depuis 1973, nous a quitt\u00e9. Lui et son franc sourire. Sa carri\u00e8re d'\u00e9crivain est quasi","og_url":"http:\/\/smallthings.fr\/lespetitslivres\/2017\/12\/07\/hommage-jean-d-ormesson\/","og_site_name":"Les Petits Livres","article_published_time":"2017-12-07T08:42:38+00:00","og_image":[{"width":2560,"height":1278,"url":"https:\/\/i0.wp.com\/smallthings.fr\/lespetitslivres\/wp-content\/uploads\/2017\/12\/jean-d-ormesson-scaled.jpg?fit=2560%2C1278","type":"image\/jpeg"}],"author":"Rebecca","twitter_card":"summary_large_image","twitter_misc":{"\u00c9crit par":"Rebecca","Dur\u00e9e de lecture estim\u00e9e":"2 minutes"},"schema":{"@context":"https:\/\/schema.org","@graph":[{"@type":"WebPage","@id":"http:\/\/smallthings.fr\/lespetitslivres\/2017\/12\/07\/hommage-jean-d-ormesson\/","url":"http:\/\/smallthings.fr\/lespetitslivres\/2017\/12\/07\/hommage-jean-d-ormesson\/","name":"Notre modeste hommage \u00e0 Jean d'Ormesson","isPartOf":{"@id":"https:\/\/smallthings.fr\/lespetitslivres\/#website"},"datePublished":"2017-12-07T08:42:38+00:00","dateModified":"2017-12-07T08:42:38+00:00","author":{"@id":"https:\/\/smallthings.fr\/lespetitslivres\/#\/schema\/person\/0cd6a80f4ed2616c81a8973aed74c2b8"},"description":"Jean d'Ormesson, grand \u00e9crivain, membre de l'Acad\u00e9mie Fran\u00e7aise depuis 1973, nous a quitt\u00e9. Lui et son franc sourire. Sa carri\u00e8re d'\u00e9crivain est quasi","breadcrumb":{"@id":"http:\/\/smallthings.fr\/lespetitslivres\/2017\/12\/07\/hommage-jean-d-ormesson\/#breadcrumb"},"inLanguage":"fr-FR","potentialAction":[{"@type":"ReadAction","target":["http:\/\/smallthings.fr\/lespetitslivres\/2017\/12\/07\/hommage-jean-d-ormesson\/"]}]},{"@type":"BreadcrumbList","@id":"http:\/\/smallthings.fr\/lespetitslivres\/2017\/12\/07\/hommage-jean-d-ormesson\/#breadcrumb","itemListElement":[{"@type":"ListItem","position":1,"name":"Accueil","item":"https:\/\/smallthings.fr\/lespetitslivres\/"},{"@type":"ListItem","position":2,"name":"Notre modeste hommage \u00e0 Jean d&rsquo;Ormesson"}]},{"@type":"WebSite","@id":"https:\/\/smallthings.fr\/lespetitslivres\/#website","url":"https:\/\/smallthings.fr\/lespetitslivres\/","name":"Les Petits Livres","description":"by Small Things","potentialAction":[{"@type":"SearchAction","target":{"@type":"EntryPoint","urlTemplate":"https:\/\/smallthings.fr\/lespetitslivres\/?s={search_term_string}"},"query-input":"required name=search_term_string"}],"inLanguage":"fr-FR"},{"@type":"Person","@id":"https:\/\/smallthings.fr\/lespetitslivres\/#\/schema\/person\/0cd6a80f4ed2616c81a8973aed74c2b8","name":"Rebecca","image":{"@type":"ImageObject","inLanguage":"fr-FR","@id":"https:\/\/smallthings.fr\/lespetitslivres\/#\/schema\/person\/image\/","url":"https:\/\/secure.gravatar.com\/avatar\/246cd9ae3b479e7da67da1cdf8c319af?s=96&d=retro&r=g","contentUrl":"https:\/\/secure.gravatar.com\/avatar\/246cd9ae3b479e7da67da1cdf8c319af?s=96&d=retro&r=g","caption":"Rebecca"},"url":"https:\/\/smallthings.fr\/lespetitslivres\/author\/rebecca\/"}]}},"jetpack_featured_media_url":"https:\/\/smallthings.fr\/lespetitslivres\/wp-content\/uploads\/2017\/12\/jean-d-ormesson-scaled.jpg","jetpack_sharing_enabled":true,"jetpack_shortlink":"https:\/\/wp.me\/p6Un21-8aI","jetpack-related-posts":[{"id":31312,"url":"https:\/\/smallthings.fr\/lespetitslivres\/2017\/10\/02\/madame-extraordinaire-fabrice-lehman-avis\/","url_meta":{"origin":31416,"position":0},"title":"Madame Extraordinaire&nbsp;: voyage au pays de la banalit\u00e9","author":"Rebecca","date":"2 octobre 2017","format":false,"excerpt":"Madame Extraordinaire de Fabrice Lehman est paru en juin dernier aux \u00e9ditions JC Latt\u00e8s. Le titre, qui fait penser \u00e0 la la s\u00e9rie \"Monsieur\" et \"Madame\", (Madame Heureuse, Madame Triste, Monsieur Maladroit, etc.) ne parvient pas \u00e0 dissimuler un contenu qui se r\u00e9v\u00e8le peu inventif et approfondi. Explications. St\u00e9phanie est\u2026","rel":"","context":"Dans &quot;Roman fran\u00e7ais&quot;","block_context":{"text":"Roman fran\u00e7ais","link":"https:\/\/smallthings.fr\/lespetitslivres\/category\/roman\/roman-francais\/"},"img":{"alt_text":"","src":"https:\/\/i0.wp.com\/smallthings.fr\/lespetitslivres\/wp-content\/uploads\/2017\/10\/madame-extraordinaire-truman-cover.jpg?resize=350%2C200&ssl=1","width":350,"height":200,"srcset":"https:\/\/i0.wp.com\/smallthings.fr\/lespetitslivres\/wp-content\/uploads\/2017\/10\/madame-extraordinaire-truman-cover.jpg?resize=350%2C200&ssl=1 1x, https:\/\/i0.wp.com\/smallthings.fr\/lespetitslivres\/wp-content\/uploads\/2017\/10\/madame-extraordinaire-truman-cover.jpg?resize=525%2C300&ssl=1 1.5x, https:\/\/i0.wp.com\/smallthings.fr\/lespetitslivres\/wp-content\/uploads\/2017\/10\/madame-extraordinaire-truman-cover.jpg?resize=700%2C400&ssl=1 2x, https:\/\/i0.wp.com\/smallthings.fr\/lespetitslivres\/wp-content\/uploads\/2017\/10\/madame-extraordinaire-truman-cover.jpg?resize=1050%2C600&ssl=1 3x"},"classes":[]},{"id":22074,"url":"https:\/\/smallthings.fr\/lespetitslivres\/2015\/04\/03\/hommage-de-auteur-absent-de-paris-attachee-presse\/","url_meta":{"origin":31416,"position":1},"title":"\u00ab\u00a0Hommage de l&rsquo;auteur absent de Paris\u00a0\u00bb et bons baisers de son attach\u00e9e de presse","author":"Claire","date":"3 avril 2015","format":false,"excerpt":"C'est \u00e0 travers l'hilarant Hommage de l'auteur absent de Paris qu'Emmanuelle Allibert, attach\u00e9e de presse aux \u00e9ditions JC Latt\u00e8s, nous parle de son m\u00e9tier. Sorti chez L\u00e9o Scheer le 7 janvier, ce t\u00e9moignage \u00e0 la fois sinc\u00e8re et d\u00e9tach\u00e9, s'adresse \u00e0 un public tr\u00e8s averti qui conna\u00eet bien le milieu\u2026","rel":"","context":"Dans &quot;Non fiction&quot;","block_context":{"text":"Non fiction","link":"https:\/\/smallthings.fr\/lespetitslivres\/category\/non-fiction\/"},"img":{"alt_text":"","src":"https:\/\/i0.wp.com\/smallthings.fr\/lespetitslivres\/wp-content\/uploads\/2015\/04\/hommage-auteur-absent-paris-couv.jpg?resize=350%2C200&ssl=1","width":350,"height":200,"srcset":"https:\/\/i0.wp.com\/smallthings.fr\/lespetitslivres\/wp-content\/uploads\/2015\/04\/hommage-auteur-absent-paris-couv.jpg?resize=350%2C200&ssl=1 1x, https:\/\/i0.wp.com\/smallthings.fr\/lespetitslivres\/wp-content\/uploads\/2015\/04\/hommage-auteur-absent-paris-couv.jpg?resize=525%2C300&ssl=1 1.5x"},"classes":[]},{"id":31299,"url":"https:\/\/smallthings.fr\/lespetitslivres\/2017\/09\/26\/dans-epaisseur-chair-blas-de-robles\/","url_meta":{"origin":31416,"position":2},"title":"Dans l&rsquo;\u00e9paisseur de la chair : retour dans le pass\u00e9 d&rsquo;un p\u00e8re myst\u00e9rieux","author":"Betsy","date":"26 septembre 2017","format":false,"excerpt":"Dans l'\u00e9paisseur de la chair est le nouveau roman de Jean-Marie Blas de Robl\u00e8s, paru chez Zulma en cette rentr\u00e9e litt\u00e9raire. Un retour dans un pass\u00e9 pas forc\u00e9ment glorieux mais \u00e9mouvant et ouvrant \u00e0 la r\u00e9flexion. Et bien que l\u00e9g\u00e8rement autobiographique pour rendre hommage \u00e0 son p\u00e8re, Dans l'\u00e9paisseur de\u2026","rel":"","context":"Dans &quot;Roman fran\u00e7ais&quot;","block_context":{"text":"Roman fran\u00e7ais","link":"https:\/\/smallthings.fr\/lespetitslivres\/category\/roman\/roman-francais\/"},"img":{"alt_text":"","src":"https:\/\/i0.wp.com\/smallthings.fr\/lespetitslivres\/wp-content\/uploads\/2017\/09\/blas-de-robles-jean-marie-blas-de-robles-opale-ok_0.jpg?resize=350%2C200&ssl=1","width":350,"height":200,"srcset":"https:\/\/i0.wp.com\/smallthings.fr\/lespetitslivres\/wp-content\/uploads\/2017\/09\/blas-de-robles-jean-marie-blas-de-robles-opale-ok_0.jpg?resize=350%2C200&ssl=1 1x, https:\/\/i0.wp.com\/smallthings.fr\/lespetitslivres\/wp-content\/uploads\/2017\/09\/blas-de-robles-jean-marie-blas-de-robles-opale-ok_0.jpg?resize=525%2C300&ssl=1 1.5x, https:\/\/i0.wp.com\/smallthings.fr\/lespetitslivres\/wp-content\/uploads\/2017\/09\/blas-de-robles-jean-marie-blas-de-robles-opale-ok_0.jpg?resize=700%2C400&ssl=1 2x"},"classes":[]},{"id":7980,"url":"https:\/\/smallthings.fr\/lespetitslivres\/2013\/09\/19\/jean-louis-fournier-servante-du-seigneur\/","url_meta":{"origin":31416,"position":3},"title":"Jean-Louis Fournier &#8211; La Servante du Seigneur","author":"Claire","date":"19 septembre 2013","format":false,"excerpt":"La Servante du Seigneur\u00a0de Jean-Louis Fournier, depuis sa sortie en cette rentr\u00e9e litt\u00e9raire 2013, a fait grand bruit. Pour la sensibilit\u00e9 de son \u00e9criture et son ton percutant, bien s\u00fbr, mais aussi parce qu'il s'est retrouv\u00e9 au coeur d'une affaire judiciaire in\u00e9dite dans l'\u00e9dition. Que s'est-il pass\u00e9 ? Et le\u2026","rel":"","context":"Dans &quot;Roman fran\u00e7ais&quot;","block_context":{"text":"Roman fran\u00e7ais","link":"https:\/\/smallthings.fr\/lespetitslivres\/category\/roman\/roman-francais\/"},"img":{"alt_text":"Jean-Louis Fournier","src":"https:\/\/i0.wp.com\/uploads.smallthings.fr\/2013\/09\/fournier-servante-1748695-jpg_1604797.jpg?resize=350%2C200","width":350,"height":200},"classes":[]},{"id":5834,"url":"https:\/\/smallthings.fr\/lespetitslivres\/2013\/07\/18\/jean-fabien-le-journal-dun-ecrivain-sans-succes\/","url_meta":{"origin":31416,"position":4},"title":"Jean-Fabien &#8211; Le journal d&rsquo;un \u00e9crivain sans succ\u00e8s","author":"Audrey Ch\u00e8vrefeuille","date":"18 juillet 2013","format":false,"excerpt":"Un informaticien se rend compte un jour qu'il veut \u00eatre \u00e9crivain. Il commence alors un journal sous forme de blog dans lequel il raconte ses aventures, les p\u00e9rip\u00e9ties de son esprit en pleine construction du roman.","rel":"","context":"Dans &quot;Roman fran\u00e7ais&quot;","block_context":{"text":"Roman fran\u00e7ais","link":"https:\/\/smallthings.fr\/lespetitslivres\/category\/roman\/roman-francais\/"},"img":{"alt_text":"","src":"","width":0,"height":0},"classes":[]},{"id":26505,"url":"https:\/\/smallthings.fr\/lespetitslivres\/2015\/08\/26\/d-apres-une-histoire-vraie-vigan-critique\/","url_meta":{"origin":31416,"position":5},"title":"D&rsquo;apr\u00e8s une histoire vraie : Delphine de Vigan et l&rsquo;autofiction","author":"Claire","date":"26 ao\u00fbt 2015","format":false,"excerpt":"D'apr\u00e8s une histoire vraie, nouveau roman de Delphine de Vigan, sort aujourd'hui aux \u00e9ditions JC Latt\u00e8s. Un livre tr\u00e8s attendu, quatre ans apr\u00e8s la bombe Rien ne s'oppose \u00e0 la nuit (2011). Pour cette rentr\u00e9e litt\u00e9raire, l'auteure nous propose un livre surprenant, qui m\u00eale fiction et r\u00e9alit\u00e9 dans une intensit\u00e9\u2026","rel":"","context":"Dans &quot;Rentr\u00e9e Litt\u00e9raire&quot;","block_context":{"text":"Rentr\u00e9e Litt\u00e9raire","link":"https:\/\/smallthings.fr\/lespetitslivres\/category\/rentree-litteraire-2015\/"},"img":{"alt_text":"","src":"","width":0,"height":0},"classes":[]}],"_links":{"self":[{"href":"https:\/\/smallthings.fr\/lespetitslivres\/wp-json\/wp\/v2\/posts\/31416"}],"collection":[{"href":"https:\/\/smallthings.fr\/lespetitslivres\/wp-json\/wp\/v2\/posts"}],"about":[{"href":"https:\/\/smallthings.fr\/lespetitslivres\/wp-json\/wp\/v2\/types\/post"}],"author":[{"embeddable":true,"href":"https:\/\/smallthings.fr\/lespetitslivres\/wp-json\/wp\/v2\/users\/17"}],"replies":[{"embeddable":true,"href":"https:\/\/smallthings.fr\/lespetitslivres\/wp-json\/wp\/v2\/comments?post=31416"}],"version-history":[{"count":2,"href":"https:\/\/smallthings.fr\/lespetitslivres\/wp-json\/wp\/v2\/posts\/31416\/revisions"}],"predecessor-version":[{"id":31420,"href":"https:\/\/smallthings.fr\/lespetitslivres\/wp-json\/wp\/v2\/posts\/31416\/revisions\/31420"}],"wp:featuredmedia":[{"embeddable":true,"href":"https:\/\/smallthings.fr\/lespetitslivres\/wp-json\/wp\/v2\/media\/31417"}],"wp:attachment":[{"href":"https:\/\/smallthings.fr\/lespetitslivres\/wp-json\/wp\/v2\/media?parent=31416"}],"wp:term":[{"taxonomy":"category","embeddable":true,"href":"https:\/\/smallthings.fr\/lespetitslivres\/wp-json\/wp\/v2\/categories?post=31416"},{"taxonomy":"post_tag","embeddable":true,"href":"https:\/\/smallthings.fr\/lespetitslivres\/wp-json\/wp\/v2\/tags?post=31416"}],"curies":[{"name":"wp","href":"https:\/\/api.w.org\/{rel}","templated":true}]}}