{"id":31394,"date":"2017-11-27T19:23:58","date_gmt":"2017-11-27T18:23:58","guid":{"rendered":"http:\/\/smallthings.fr\/lespetitslivres\/?p=31394"},"modified":"2017-11-27T19:32:45","modified_gmt":"2017-11-27T18:32:45","slug":"assassins-d-avant-elisa-vix","status":"publish","type":"post","link":"https:\/\/smallthings.fr\/lespetitslivres\/2017\/11\/27\/assassins-d-avant-elisa-vix\/","title":{"rendered":"Assassins d&rsquo;avant : qui a tu\u00e9 la ma\u00eetresse ?"},"content":{"rendered":"<h2><em>Assassins d&rsquo;avant<\/em> est le nouveau livre d&rsquo;\u00c9lisa Vix, publi\u00e9 en septembre dernier au <a href=\"http:\/\/www.lerouergue.com\/catalogue\/assassins-davant\">Rouergue<\/a>. Un polar qui m\u00eale \u00e9nigme et romance de mani\u00e8re efficace.<\/h2>\n<p>L\u2019entr\u00e9e en mati\u00e8re m\u00eale classiquement \u00e9nigme et romance<strong>\u00a0<\/strong>: une jeune femme vient au commissariat, demande \u00e0 interviewer un policier et lui r\u00e9v\u00e8le qu\u2019elle est en r\u00e9alit\u00e9 \u00e0 la recherche d\u2019explications sur la mort de sa m\u00e8re. Une institutrice de CM2, jolie, souriante, aim\u00e9e de tous, qui a \u00e9t\u00e9 tu\u00e9e par un de ses \u00e9l\u00e8ves en plein cours par une balle dans le dos. Le policier, d\u00e9j\u00e0 s\u00e9duit par son physique, lui rappelle que le meurtrier a \u00e9t\u00e9 facilement trouv\u00e9, l\u2019affaire class\u00e9e sans suite car en s\u2019enfuyant de l\u2019\u00e9cole ce dernier s\u2019est fait renverser par une moto et a \u00e9t\u00e9 tu\u00e9 sur le coup<\/p>\n<p><img loading=\"lazy\" decoding=\"async\" data-attachment-id=\"31395\" data-permalink=\"https:\/\/smallthings.fr\/lespetitslivres\/2017\/11\/27\/assassins-d-avant-elisa-vix\/assassins-d-avant-vix\/\" data-orig-file=\"https:\/\/smallthings.fr\/lespetitslivres\/wp-content\/uploads\/2017\/11\/assassins-d-avant-vix.jpg\" data-orig-size=\"370,542\" data-comments-opened=\"1\" data-image-meta=\"{&quot;aperture&quot;:&quot;0&quot;,&quot;credit&quot;:&quot;&quot;,&quot;camera&quot;:&quot;&quot;,&quot;caption&quot;:&quot;&quot;,&quot;created_timestamp&quot;:&quot;0&quot;,&quot;copyright&quot;:&quot;&quot;,&quot;focal_length&quot;:&quot;0&quot;,&quot;iso&quot;:&quot;0&quot;,&quot;shutter_speed&quot;:&quot;0&quot;,&quot;title&quot;:&quot;&quot;,&quot;orientation&quot;:&quot;0&quot;}\" data-image-title=\"assassins-d-avant-vix\" data-image-description=\"\" data-image-caption=\"\" data-medium-file=\"https:\/\/smallthings.fr\/lespetitslivres\/wp-content\/uploads\/2017\/11\/assassins-d-avant-vix-205x300.jpg\" data-large-file=\"https:\/\/smallthings.fr\/lespetitslivres\/wp-content\/uploads\/2017\/11\/assassins-d-avant-vix.jpg\" class=\"alignleft wp-image-31395\" src=\"http:\/\/smallthings.fr\/lespetitslivres\/wp-content\/uploads\/2017\/11\/assassins-d-avant-vix.jpg\" alt=\"\" width=\"248\" height=\"363\" srcset=\"https:\/\/smallthings.fr\/lespetitslivres\/wp-content\/uploads\/2017\/11\/assassins-d-avant-vix.jpg 370w, https:\/\/smallthings.fr\/lespetitslivres\/wp-content\/uploads\/2017\/11\/assassins-d-avant-vix-205x300.jpg 205w\" sizes=\"(max-width: 248px) 100vw, 248px\" \/>Mais cela ne suffit pas \u00e0 Ad\u00e8le. Elle veut comprendre comment cela a pu arriver. <strong>Comment un enfant de dix ans a pu venir avec une arme en classe. Comment il a pu vouloir tuer une ma\u00eetresse que tous ses \u00e9l\u00e8ves adoraient.<\/strong><\/p>\n<p>Le policier, Manuel, pourrait balayer cette femme d\u2019un revers de main, l\u2019envoyer pa\u00eetre et retourner \u00e0 son quotidien. Mais le charme agit d\u00e9j\u00e0. Il lui promet donc de l\u2019aider dans ses recherches, avec l\u2019unique intention de la revoir.<\/p>\n<p><strong>Enqu\u00eate polici\u00e8re et histoire romantique se d\u00e9veloppent de pair dans <em>Assassins d&rsquo;avan<\/em>t. <\/strong>L\u2019\u00e9criture est fluide, concise, avec quelques comparaisons bien plac\u00e9es.<strong> Efficace, en somme. <\/strong>Malheureusement, pour moi, le suspense s\u2019est effondr\u00e9 d\u00e8s le d\u00e9but, avec un indice de trop distill\u00e9 apr\u00e8s la premi\u00e8re rencontre de Manuel et d\u2019Ad\u00e8le. Je ne dirai pas lequel, pour vous \u00e9viter la m\u00eame m\u00e9saventure, mais par la suite, toute l\u2019intrigue \u00e9tait pratiquement cousue de fil blanc \u00e0 mes yeux. Cela ne m\u2019a pas enlev\u00e9 tout int\u00e9r\u00eat pour la lecture car restait la question de savoir comment \u00c9lisa Vix allait en arriver \u00e0 d\u00e9voiler l\u2019identit\u00e9 du coupable, et par quels chemins. L\u00e0 je n\u2019ai pas \u00e9t\u00e9 d\u00e9\u00e7ue car <strong>les p\u00e9rip\u00e9ties sont bien ficel\u00e9es, certains rebondissements inattendus, et certaines fausses pistes sont tr\u00e8s cr\u00e9dibles<\/strong>, ce qui a suffisamment relanc\u00e9 ma curiosit\u00e9 pour que j\u2019atteigne la fin sans peiner. J\u2019ai appr\u00e9ci\u00e9 la d\u00e9construction de l\u2019image sans tache de l\u2019institutrice, par diff\u00e9rentes r\u00e9v\u00e9lations et le fait qu\u2019\u00c9lisa Vix ne vire pas non plus \u00e0 l\u2019autre extr\u00eame, d\u00e9voile ses failles sans \u00f4ter la sympathie que le lecteur a pour elle. Et inversement, montre la part d\u2019humanit\u00e9 et de bont\u00e9 d\u2019autres personnages qu\u2019on croit au d\u00e9but \u00eatre \u00e9go\u00efstes et sans c\u0153ur ou peureux et faibles.<\/p>\n<p><strong>L\u2019\u00e9criture d&rsquo;<em>Assassins d&rsquo;avan<\/em>t est entra\u00eenante, le style effil\u00e9, la narration efficace et les portraits des diff\u00e9rents personnages bien bross\u00e9s<\/strong>. Lisez juste ce livre comme un policier, pas comme une histoire d\u2019amour. Cette derni\u00e8re n\u2019est que l\u2019alibi donn\u00e9 \u00e0 l\u2019intrigue, au fond.<\/p>\n<p><em>\u00ab\u00a0Une biche qui a besoin de mon aide, susurre-t-elle de ses l\u00e8vres si rouges. Elle r\u00e9p\u00e8te, elle veut comprendre et je suis le seul \u00e0 pouvoir l\u2019aider.<br \/>\n<\/em><em>Ad\u00e8le marque une pause dans l\u2019attente d\u2019un consentement qui ne vient pas. Elle se lance quand m\u00eame\u00a0: pour commencer, elle voudrait les PV d\u2019audition des enfants.<br \/>\n<\/em><em>J\u2019\u00e9mets un sifflement ironique. Une vingtaine de PV, vieux de vingt-cinq ans\u00a0! Rien que \u00e7a\u00a0?<br \/>\n<\/em><em>Les yeux de biche pas si fragile ne cillent pas. Celui du directeur aussi&#8230; S\u2019il vous pla\u00eet.\u00a0\u00bb<\/em><\/p>\n","protected":false},"excerpt":{"rendered":"<p>Assassins d&rsquo;avant est le nouveau livre d&rsquo;\u00c9lisa Vix, publi\u00e9 en septembre dernier au Rouergue. Un polar qui m\u00eale \u00e9nigme et romance de mani\u00e8re efficace. L\u2019entr\u00e9e en mati\u00e8re m\u00eale classiquement \u00e9nigme et romance\u00a0: une jeune femme vient au commissariat, demande \u00e0 interviewer un policier et lui r\u00e9v\u00e8le qu\u2019elle est en r\u00e9alit\u00e9 \u00e0 la recherche d\u2019explications sur<\/p>\n","protected":false},"author":13,"featured_media":31398,"comment_status":"open","ping_status":"open","sticky":false,"template":"","format":"standard","meta":{"jetpack_post_was_ever_published":false,"_jetpack_newsletter_access":"","_jetpack_newsletter_tier_id":0,"footnotes":"","jetpack_publicize_message":"Assassins d'avant : qui a tu\u00e9 la ma\u00eetresse ?","jetpack_is_tweetstorm":false,"jetpack_publicize_feature_enabled":true,"jetpack_social_post_already_shared":true,"jetpack_social_options":{"image_generator_settings":{"template":"highway","enabled":false}}},"categories":[1117],"tags":[1919,1229,1641,7,54,238,958],"jetpack_publicize_connections":[],"yoast_head":"<!-- This site is optimized with the Yoast SEO plugin v21.5 - https:\/\/yoast.com\/wordpress\/plugins\/seo\/ -->\n<title>Assassins d&#039;avant : qui a tu\u00e9 la ma\u00eetresse ?<\/title>\n<meta name=\"description\" content=\"Assassins d&#039;avant est le nouveau livre d&#039;\u00c9lisa Vix, publi\u00e9 en septembre dernier au Rouergue. Un polar qui m\u00eale \u00e9nigme et romance de mani\u00e8re efficace.\" \/>\n<meta name=\"robots\" content=\"index, follow, max-snippet:-1, max-image-preview:large, max-video-preview:-1\" \/>\n<link rel=\"canonical\" href=\"http:\/\/smallthings.fr\/lespetitslivres\/2017\/11\/27\/assassins-d-avant-elisa-vix\/\" \/>\n<meta property=\"og:locale\" content=\"fr_FR\" \/>\n<meta property=\"og:type\" content=\"article\" \/>\n<meta property=\"og:title\" content=\"Assassins d&#039;avant : qui a tu\u00e9 la ma\u00eetresse ?\" \/>\n<meta property=\"og:description\" content=\"Assassins d&#039;avant est le nouveau livre d&#039;\u00c9lisa Vix, publi\u00e9 en septembre dernier au Rouergue. Un polar qui m\u00eale \u00e9nigme et romance de mani\u00e8re efficace.\" \/>\n<meta property=\"og:url\" content=\"http:\/\/smallthings.fr\/lespetitslivres\/2017\/11\/27\/assassins-d-avant-elisa-vix\/\" \/>\n<meta property=\"og:site_name\" content=\"Les Petits Livres\" \/>\n<meta property=\"article:published_time\" content=\"2017-11-27T18:23:58+00:00\" \/>\n<meta property=\"article:modified_time\" content=\"2017-11-27T18:32:45+00:00\" \/>\n<meta property=\"og:image\" content=\"https:\/\/i0.wp.com\/smallthings.fr\/lespetitslivres\/wp-content\/uploads\/2017\/11\/assassins-d-avant-vix-cover.jpg?fit=2000%2C1333\" \/>\n\t<meta property=\"og:image:width\" content=\"2000\" \/>\n\t<meta property=\"og:image:height\" content=\"1333\" \/>\n\t<meta property=\"og:image:type\" content=\"image\/jpeg\" \/>\n<meta name=\"author\" content=\"Cecile\" \/>\n<meta name=\"twitter:card\" content=\"summary_large_image\" \/>\n<meta name=\"twitter:label1\" content=\"\u00c9crit par\" \/>\n\t<meta name=\"twitter:data1\" content=\"Cecile\" \/>\n\t<meta name=\"twitter:label2\" content=\"Dur\u00e9e de lecture estim\u00e9e\" \/>\n\t<meta name=\"twitter:data2\" content=\"3 minutes\" \/>\n<script type=\"application\/ld+json\" class=\"yoast-schema-graph\">{\"@context\":\"https:\/\/schema.org\",\"@graph\":[{\"@type\":\"WebPage\",\"@id\":\"http:\/\/smallthings.fr\/lespetitslivres\/2017\/11\/27\/assassins-d-avant-elisa-vix\/\",\"url\":\"http:\/\/smallthings.fr\/lespetitslivres\/2017\/11\/27\/assassins-d-avant-elisa-vix\/\",\"name\":\"Assassins d'avant : qui a tu\u00e9 la ma\u00eetresse ?\",\"isPartOf\":{\"@id\":\"https:\/\/smallthings.fr\/lespetitslivres\/#website\"},\"datePublished\":\"2017-11-27T18:23:58+00:00\",\"dateModified\":\"2017-11-27T18:32:45+00:00\",\"author\":{\"@id\":\"https:\/\/smallthings.fr\/lespetitslivres\/#\/schema\/person\/7b3de8ef611f2b29f758a00cad7cafb2\"},\"description\":\"Assassins d'avant est le nouveau livre d'\u00c9lisa Vix, publi\u00e9 en septembre dernier au Rouergue. Un polar qui m\u00eale \u00e9nigme et romance de mani\u00e8re efficace.\",\"breadcrumb\":{\"@id\":\"http:\/\/smallthings.fr\/lespetitslivres\/2017\/11\/27\/assassins-d-avant-elisa-vix\/#breadcrumb\"},\"inLanguage\":\"fr-FR\",\"potentialAction\":[{\"@type\":\"ReadAction\",\"target\":[\"http:\/\/smallthings.fr\/lespetitslivres\/2017\/11\/27\/assassins-d-avant-elisa-vix\/\"]}]},{\"@type\":\"BreadcrumbList\",\"@id\":\"http:\/\/smallthings.fr\/lespetitslivres\/2017\/11\/27\/assassins-d-avant-elisa-vix\/#breadcrumb\",\"itemListElement\":[{\"@type\":\"ListItem\",\"position\":1,\"name\":\"Accueil\",\"item\":\"https:\/\/smallthings.fr\/lespetitslivres\/\"},{\"@type\":\"ListItem\",\"position\":2,\"name\":\"Assassins d&rsquo;avant : qui a tu\u00e9 la ma\u00eetresse ?\"}]},{\"@type\":\"WebSite\",\"@id\":\"https:\/\/smallthings.fr\/lespetitslivres\/#website\",\"url\":\"https:\/\/smallthings.fr\/lespetitslivres\/\",\"name\":\"Les Petits Livres\",\"description\":\"by Small Things\",\"potentialAction\":[{\"@type\":\"SearchAction\",\"target\":{\"@type\":\"EntryPoint\",\"urlTemplate\":\"https:\/\/smallthings.fr\/lespetitslivres\/?s={search_term_string}\"},\"query-input\":\"required name=search_term_string\"}],\"inLanguage\":\"fr-FR\"},{\"@type\":\"Person\",\"@id\":\"https:\/\/smallthings.fr\/lespetitslivres\/#\/schema\/person\/7b3de8ef611f2b29f758a00cad7cafb2\",\"name\":\"Cecile\",\"image\":{\"@type\":\"ImageObject\",\"inLanguage\":\"fr-FR\",\"@id\":\"https:\/\/smallthings.fr\/lespetitslivres\/#\/schema\/person\/image\/\",\"url\":\"https:\/\/secure.gravatar.com\/avatar\/a855fa1dbad38b06e97132a8a6579746?s=96&d=retro&r=g\",\"contentUrl\":\"https:\/\/secure.gravatar.com\/avatar\/a855fa1dbad38b06e97132a8a6579746?s=96&d=retro&r=g\",\"caption\":\"Cecile\"},\"url\":\"https:\/\/smallthings.fr\/lespetitslivres\/author\/cecile\/\"}]}<\/script>\n<!-- \/ Yoast SEO plugin. -->","yoast_head_json":{"title":"Assassins d'avant : qui a tu\u00e9 la ma\u00eetresse ?","description":"Assassins d'avant est le nouveau livre d'\u00c9lisa Vix, publi\u00e9 en septembre dernier au Rouergue. Un polar qui m\u00eale \u00e9nigme et romance de mani\u00e8re efficace.","robots":{"index":"index","follow":"follow","max-snippet":"max-snippet:-1","max-image-preview":"max-image-preview:large","max-video-preview":"max-video-preview:-1"},"canonical":"http:\/\/smallthings.fr\/lespetitslivres\/2017\/11\/27\/assassins-d-avant-elisa-vix\/","og_locale":"fr_FR","og_type":"article","og_title":"Assassins d'avant : qui a tu\u00e9 la ma\u00eetresse ?","og_description":"Assassins d'avant est le nouveau livre d'\u00c9lisa Vix, publi\u00e9 en septembre dernier au Rouergue. Un polar qui m\u00eale \u00e9nigme et romance de mani\u00e8re efficace.","og_url":"http:\/\/smallthings.fr\/lespetitslivres\/2017\/11\/27\/assassins-d-avant-elisa-vix\/","og_site_name":"Les Petits Livres","article_published_time":"2017-11-27T18:23:58+00:00","article_modified_time":"2017-11-27T18:32:45+00:00","og_image":[{"width":2000,"height":1333,"url":"https:\/\/i0.wp.com\/smallthings.fr\/lespetitslivres\/wp-content\/uploads\/2017\/11\/assassins-d-avant-vix-cover.jpg?fit=2000%2C1333","type":"image\/jpeg"}],"author":"Cecile","twitter_card":"summary_large_image","twitter_misc":{"\u00c9crit par":"Cecile","Dur\u00e9e de lecture estim\u00e9e":"3 minutes"},"schema":{"@context":"https:\/\/schema.org","@graph":[{"@type":"WebPage","@id":"http:\/\/smallthings.fr\/lespetitslivres\/2017\/11\/27\/assassins-d-avant-elisa-vix\/","url":"http:\/\/smallthings.fr\/lespetitslivres\/2017\/11\/27\/assassins-d-avant-elisa-vix\/","name":"Assassins d'avant : qui a tu\u00e9 la ma\u00eetresse ?","isPartOf":{"@id":"https:\/\/smallthings.fr\/lespetitslivres\/#website"},"datePublished":"2017-11-27T18:23:58+00:00","dateModified":"2017-11-27T18:32:45+00:00","author":{"@id":"https:\/\/smallthings.fr\/lespetitslivres\/#\/schema\/person\/7b3de8ef611f2b29f758a00cad7cafb2"},"description":"Assassins d'avant est le nouveau livre d'\u00c9lisa Vix, publi\u00e9 en septembre dernier au Rouergue. Un polar qui m\u00eale \u00e9nigme et romance de mani\u00e8re efficace.","breadcrumb":{"@id":"http:\/\/smallthings.fr\/lespetitslivres\/2017\/11\/27\/assassins-d-avant-elisa-vix\/#breadcrumb"},"inLanguage":"fr-FR","potentialAction":[{"@type":"ReadAction","target":["http:\/\/smallthings.fr\/lespetitslivres\/2017\/11\/27\/assassins-d-avant-elisa-vix\/"]}]},{"@type":"BreadcrumbList","@id":"http:\/\/smallthings.fr\/lespetitslivres\/2017\/11\/27\/assassins-d-avant-elisa-vix\/#breadcrumb","itemListElement":[{"@type":"ListItem","position":1,"name":"Accueil","item":"https:\/\/smallthings.fr\/lespetitslivres\/"},{"@type":"ListItem","position":2,"name":"Assassins d&rsquo;avant : qui a tu\u00e9 la ma\u00eetresse ?"}]},{"@type":"WebSite","@id":"https:\/\/smallthings.fr\/lespetitslivres\/#website","url":"https:\/\/smallthings.fr\/lespetitslivres\/","name":"Les Petits Livres","description":"by Small Things","potentialAction":[{"@type":"SearchAction","target":{"@type":"EntryPoint","urlTemplate":"https:\/\/smallthings.fr\/lespetitslivres\/?s={search_term_string}"},"query-input":"required name=search_term_string"}],"inLanguage":"fr-FR"},{"@type":"Person","@id":"https:\/\/smallthings.fr\/lespetitslivres\/#\/schema\/person\/7b3de8ef611f2b29f758a00cad7cafb2","name":"Cecile","image":{"@type":"ImageObject","inLanguage":"fr-FR","@id":"https:\/\/smallthings.fr\/lespetitslivres\/#\/schema\/person\/image\/","url":"https:\/\/secure.gravatar.com\/avatar\/a855fa1dbad38b06e97132a8a6579746?s=96&d=retro&r=g","contentUrl":"https:\/\/secure.gravatar.com\/avatar\/a855fa1dbad38b06e97132a8a6579746?s=96&d=retro&r=g","caption":"Cecile"},"url":"https:\/\/smallthings.fr\/lespetitslivres\/author\/cecile\/"}]}},"jetpack_featured_media_url":"https:\/\/smallthings.fr\/lespetitslivres\/wp-content\/uploads\/2017\/11\/assassins-d-avant-vix-cover.jpg","jetpack_sharing_enabled":true,"jetpack_shortlink":"https:\/\/wp.me\/p6Un21-8am","jetpack-related-posts":[{"id":29602,"url":"https:\/\/smallthings.fr\/lespetitslivres\/2016\/02\/21\/vengeances-thriller-aichner-critique\/","url_meta":{"origin":31394,"position":0},"title":"Vengeances, thriller de Bernhard Aichner : la d\u00e9ception","author":"Jennifer","date":"21 f\u00e9vrier 2016","format":false,"excerpt":"Vengeances\u00a0est un thriller de Bernhard Aichner, paru aux \u00e9ditions de l\u2019Archipel le 3 f\u00e9vrier dernier. Un roman qui porte bien son nom car l\u2019h\u00e9ro\u00efne principale va se venger de ses parents puis, plus tard, des assassins de son mari. Vengeances\u00a0est un roman tr\u00e8s r\u00e9cemment sorti, qui connait d\u00e9j\u00e0 un franc\u2026","rel":"","context":"Dans &quot;Thriller&quot;","block_context":{"text":"Thriller","link":"https:\/\/smallthings.fr\/lespetitslivres\/category\/thriller\/"},"img":{"alt_text":"","src":"https:\/\/i0.wp.com\/smallthings.fr\/lespetitslivres\/wp-content\/uploads\/2016\/02\/vengeances-couv.jpg?resize=350%2C200&ssl=1","width":350,"height":200,"srcset":"https:\/\/i0.wp.com\/smallthings.fr\/lespetitslivres\/wp-content\/uploads\/2016\/02\/vengeances-couv.jpg?resize=350%2C200&ssl=1 1x, https:\/\/i0.wp.com\/smallthings.fr\/lespetitslivres\/wp-content\/uploads\/2016\/02\/vengeances-couv.jpg?resize=525%2C300&ssl=1 1.5x, https:\/\/i0.wp.com\/smallthings.fr\/lespetitslivres\/wp-content\/uploads\/2016\/02\/vengeances-couv.jpg?resize=700%2C400&ssl=1 2x, https:\/\/i0.wp.com\/smallthings.fr\/lespetitslivres\/wp-content\/uploads\/2016\/02\/vengeances-couv.jpg?resize=1050%2C600&ssl=1 3x"},"classes":[]},{"id":31669,"url":"https:\/\/smallthings.fr\/lespetitslivres\/2018\/05\/28\/te-protegerai-policier-a-lun-ancienne\/","url_meta":{"origin":31394,"position":1},"title":"Je te prot\u00e9gerai : le policier \u00e0 l\u2019(un peu trop) ancienne","author":"Diane Norric","date":"28 mai 2018","format":false,"excerpt":"Le dernier thriller du romancier \u00e9cossais Peter May, Je te prot\u00e9gerai, para\u00eet en traduction aux \u00e9ditions du Rouergue. Au menu, un pav\u00e9 de 400 pages qui nous emm\u00e8ne de Paris aux H\u00e9brides ext\u00e9rieures et nous fait d\u00e9couvrir l\u2019industrie locale : la production de tweed. Niamh Macfarlane voit la voiture qui\u2026","rel":"","context":"Dans &quot;Thriller&quot;","block_context":{"text":"Thriller","link":"https:\/\/smallthings.fr\/lespetitslivres\/category\/thriller\/"},"img":{"alt_text":"","src":"https:\/\/i0.wp.com\/smallthings.fr\/lespetitslivres\/wp-content\/uploads\/2018\/05\/peter-may-je-te-protegerai-cover.jpg?resize=350%2C200&ssl=1","width":350,"height":200,"srcset":"https:\/\/i0.wp.com\/smallthings.fr\/lespetitslivres\/wp-content\/uploads\/2018\/05\/peter-may-je-te-protegerai-cover.jpg?resize=350%2C200&ssl=1 1x, https:\/\/i0.wp.com\/smallthings.fr\/lespetitslivres\/wp-content\/uploads\/2018\/05\/peter-may-je-te-protegerai-cover.jpg?resize=525%2C300&ssl=1 1.5x"},"classes":[]},{"id":26669,"url":"https:\/\/smallthings.fr\/lespetitslivres\/2015\/09\/01\/un-si-beau-soleil-pour-mourir-patterson-critique\/","url_meta":{"origin":31394,"position":2},"title":"Un si beau soleil pour mourir, le nouveau polar de James Patterson","author":"Jennifer","date":"1 septembre 2015","format":false,"excerpt":"Un si beau soleil pour mourir est un roman policier \u00e9crit par James Patterson et Howard Roughan. Sorti le 19 ao\u00fbt aux \u00e9ditions de l\u2019Archipel, ce polar nous emm\u00e8ne sur deux enqu\u00eates diff\u00e9rentes avec deux agents diff\u00e9rents. Les meurtres se m\u00e9langent et les deux d\u00e9tectives devront collaborer main dans la\u2026","rel":"","context":"Dans &quot;Thriller&quot;","block_context":{"text":"Thriller","link":"https:\/\/smallthings.fr\/lespetitslivres\/category\/thriller\/"},"img":{"alt_text":"","src":"https:\/\/i0.wp.com\/smallthings.fr\/lespetitslivres\/wp-content\/uploads\/2015\/09\/si-beau-soleil-patterson.jpeg?resize=350%2C200&ssl=1","width":350,"height":200},"classes":[]},{"id":29354,"url":"https:\/\/smallthings.fr\/lespetitslivres\/2016\/01\/07\/ubac-polar-elisa-vix-avis\/","url_meta":{"origin":31394,"position":3},"title":"Ubac : polar saisissant d&rsquo;Elisa Vix","author":"Fanny","date":"7 janvier 2016","format":false,"excerpt":"Ubac, polar d'Elisa Vix, sort ce mois-ci au Rouergue Noir. Un drame familial saisissant qui se d\u00e9ploie en un huis-clos alpin. Val Plaisir. R\u00eaveuse, Estelle ne s'en cache pas. Son dipl\u00f4me de pr\u00e9paratrice en pharmacie en poche, elle quitte sa derni\u00e8re famille en date et r\u00e9pond \u00e0 une offre d'emploi\u2026","rel":"","context":"Dans &quot;Actu&quot;","block_context":{"text":"Actu","link":"https:\/\/smallthings.fr\/lespetitslivres\/category\/actu\/"},"img":{"alt_text":"","src":"https:\/\/i0.wp.com\/smallthings.fr\/lespetitslivres\/wp-content\/uploads\/2016\/01\/ubac-vix-couv.jpg?resize=350%2C200&ssl=1","width":350,"height":200},"classes":[]},{"id":31246,"url":"https:\/\/smallthings.fr\/lespetitslivres\/2017\/08\/29\/une-mer-d-huile-morin-critique\/","url_meta":{"origin":31394,"position":4},"title":"Une mer d&rsquo;huile de Pascal Morin, malaise au sein d&rsquo;une famille","author":"Axelle","date":"29 ao\u00fbt 2017","format":false,"excerpt":"Une mer d'huile de Pascal Morin vient de para\u00eetre dans la collection La Brune des \u00e9ditions du Rouergue pour cette rentr\u00e9e litt\u00e9raire. L'histoire d'une routine familiale perturb\u00e9e par l'arriv\u00e9e d'un \u00e9l\u00e9ment nouveau, \u00e9tranger et intriguant. Nous d\u00e9couvrons\u00a0une famille \u00e0 son rendez-vous annuel dans la villa de la C\u00f4te d'Azur. Danielle,\u2026","rel":"","context":"Dans &quot;Roman fran\u00e7ais&quot;","block_context":{"text":"Roman fran\u00e7ais","link":"https:\/\/smallthings.fr\/lespetitslivres\/category\/roman\/roman-francais\/"},"img":{"alt_text":"","src":"https:\/\/i0.wp.com\/smallthings.fr\/lespetitslivres\/wp-content\/uploads\/2017\/08\/mer-d-huile-cover.jpg?resize=350%2C200&ssl=1","width":350,"height":200,"srcset":"https:\/\/i0.wp.com\/smallthings.fr\/lespetitslivres\/wp-content\/uploads\/2017\/08\/mer-d-huile-cover.jpg?resize=350%2C200&ssl=1 1x, https:\/\/i0.wp.com\/smallthings.fr\/lespetitslivres\/wp-content\/uploads\/2017\/08\/mer-d-huile-cover.jpg?resize=525%2C300&ssl=1 1.5x, https:\/\/i0.wp.com\/smallthings.fr\/lespetitslivres\/wp-content\/uploads\/2017\/08\/mer-d-huile-cover.jpg?resize=700%2C400&ssl=1 2x, https:\/\/i0.wp.com\/smallthings.fr\/lespetitslivres\/wp-content\/uploads\/2017\/08\/mer-d-huile-cover.jpg?resize=1050%2C600&ssl=1 3x"},"classes":[]},{"id":22518,"url":"https:\/\/smallthings.fr\/lespetitslivres\/2015\/04\/15\/sauve-toi-kelly-braffet-polar-amerique-avis\/","url_meta":{"origin":31394,"position":5},"title":"\u00ab\u00a0Sauve-toi\u00a0\u00bb de Kelly Braffet : polar en Am\u00e9rique profonde","author":"Cecile","date":"15 avril 2015","format":false,"excerpt":"Sauve-toi, troisi\u00e8me roman de Kelly Braffet, belle-fille de Stephen King, est paru le 9 avril aux \u00e9ditions du Rouergue (collection Rouergue Noir). Il est le premier de ses livres \u00e0 \u00eatre traduit en fran\u00e7ais et fut un succ\u00e8s aux \u00c9tats-Unis lors de sa parution. Il va donc sans dire qu\u2019on\u2026","rel":"","context":"Dans &quot;Thriller&quot;","block_context":{"text":"Thriller","link":"https:\/\/smallthings.fr\/lespetitslivres\/category\/thriller\/"},"img":{"alt_text":"","src":"https:\/\/i0.wp.com\/smallthings.fr\/wp-content\/uploads\/2015\/04\/sauve-toi-kelly-braffet.jpg?resize=350%2C200","width":350,"height":200},"classes":[]}],"_links":{"self":[{"href":"https:\/\/smallthings.fr\/lespetitslivres\/wp-json\/wp\/v2\/posts\/31394"}],"collection":[{"href":"https:\/\/smallthings.fr\/lespetitslivres\/wp-json\/wp\/v2\/posts"}],"about":[{"href":"https:\/\/smallthings.fr\/lespetitslivres\/wp-json\/wp\/v2\/types\/post"}],"author":[{"embeddable":true,"href":"https:\/\/smallthings.fr\/lespetitslivres\/wp-json\/wp\/v2\/users\/13"}],"replies":[{"embeddable":true,"href":"https:\/\/smallthings.fr\/lespetitslivres\/wp-json\/wp\/v2\/comments?post=31394"}],"version-history":[{"count":2,"href":"https:\/\/smallthings.fr\/lespetitslivres\/wp-json\/wp\/v2\/posts\/31394\/revisions"}],"predecessor-version":[{"id":31399,"href":"https:\/\/smallthings.fr\/lespetitslivres\/wp-json\/wp\/v2\/posts\/31394\/revisions\/31399"}],"wp:featuredmedia":[{"embeddable":true,"href":"https:\/\/smallthings.fr\/lespetitslivres\/wp-json\/wp\/v2\/media\/31398"}],"wp:attachment":[{"href":"https:\/\/smallthings.fr\/lespetitslivres\/wp-json\/wp\/v2\/media?parent=31394"}],"wp:term":[{"taxonomy":"category","embeddable":true,"href":"https:\/\/smallthings.fr\/lespetitslivres\/wp-json\/wp\/v2\/categories?post=31394"},{"taxonomy":"post_tag","embeddable":true,"href":"https:\/\/smallthings.fr\/lespetitslivres\/wp-json\/wp\/v2\/tags?post=31394"}],"curies":[{"name":"wp","href":"https:\/\/api.w.org\/{rel}","templated":true}]}}