{"id":31377,"date":"2017-11-01T10:00:01","date_gmt":"2017-11-01T09:00:01","guid":{"rendered":"http:\/\/smallthings.fr\/lespetitslivres\/?p=31377"},"modified":"2017-10-31T14:01:12","modified_gmt":"2017-10-31T13:01:12","slug":"derniers-jours-de-l-emerveillement-moore","status":"publish","type":"post","link":"https:\/\/smallthings.fr\/lespetitslivres\/2017\/11\/01\/derniers-jours-de-l-emerveillement-moore\/","title":{"rendered":"Les Derniers jours de l\u2019\u00e9merveillement : et la lumi\u00e8re fut"},"content":{"rendered":"<h2>La quatri\u00e8me de couverture des <em>Derniers jours de l&rsquo;\u00e9merveillement<\/em>, paru au <a href=\"https:\/\/www.cherche-midi.com\/livres\/les-derniers-jours-de-l-emerveillement\">Cherche midi<\/a>, m&rsquo;avait attir\u00e9e comme une friandise&#8230;\u00a0<em>\u00ab\u00a0\u00c0 la fa\u00e7on d\u2019Erik Larson, Graham Moore s\u2019est appuy\u00e9 sur des documents historiques peu connus pour nous livrer un r\u00e9cit d\u2019une incroyable efficacit\u00e9, qui se lit comme un thriller.\u00a0\u00bb\u00a0<\/em>Pensez donc\u00a0!\u00a0M&rsquo;app\u00e2ter avec \u00e7a, c&rsquo;\u00e9tait me promettre No\u00ebl avant l&rsquo;heure. Et en effet, je me suis r\u00e9gal\u00e9e.<\/h2>\n<p><strong>Sachant que Graham Moore \u00e9tait le sc\u00e9nariste oscaris\u00e9 de <em>The Imitation Game<\/em>, je pensais pouvoir partir en confiance sur le point de vue historique et je ne me suis pas tromp\u00e9e<\/strong>. M\u00eame si l&rsquo;ensemble est largement romanc\u00e9, on ne peut nier que l&rsquo;auteur ait le sens de la pr\u00e9cision dans le d\u00e9tail historique et ma\u00eetrise son sujet. Il met d&rsquo;ailleurs un point d&rsquo;honneur en fin d&rsquo;ouvrage \u00e0 d\u00e9tailler tous les historiques sur lesquels il a pu s&rsquo;appuyer, explicitant ceux qui sont exacts, ceux sur lesquels les sources sont floues, ceux qu&rsquo;il a d\u00fb romancer ou encore avancer chronologiquement pour garder son rythme narratif.<\/p>\n<p><img loading=\"lazy\" decoding=\"async\" data-attachment-id=\"31378\" data-permalink=\"https:\/\/smallthings.fr\/lespetitslivres\/2017\/11\/01\/derniers-jours-de-l-emerveillement-moore\/9782749148991web\/\" data-orig-file=\"https:\/\/smallthings.fr\/lespetitslivres\/wp-content\/uploads\/2017\/10\/9782749148991WEB.jpg\" data-orig-size=\"500,801\" data-comments-opened=\"1\" data-image-meta=\"{&quot;aperture&quot;:&quot;0&quot;,&quot;credit&quot;:&quot;&quot;,&quot;camera&quot;:&quot;&quot;,&quot;caption&quot;:&quot;&quot;,&quot;created_timestamp&quot;:&quot;0&quot;,&quot;copyright&quot;:&quot;&quot;,&quot;focal_length&quot;:&quot;0&quot;,&quot;iso&quot;:&quot;0&quot;,&quot;shutter_speed&quot;:&quot;0&quot;,&quot;title&quot;:&quot;&quot;,&quot;orientation&quot;:&quot;0&quot;}\" data-image-title=\"9782749148991WEB\" data-image-description=\"\" data-image-caption=\"\" data-medium-file=\"https:\/\/smallthings.fr\/lespetitslivres\/wp-content\/uploads\/2017\/10\/9782749148991WEB-187x300.jpg\" data-large-file=\"https:\/\/smallthings.fr\/lespetitslivres\/wp-content\/uploads\/2017\/10\/9782749148991WEB.jpg\" class=\"alignright  wp-image-31378\" src=\"http:\/\/smallthings.fr\/lespetitslivres\/wp-content\/uploads\/2017\/10\/9782749148991WEB.jpg\" alt=\"\" width=\"305\" height=\"489\" srcset=\"https:\/\/smallthings.fr\/lespetitslivres\/wp-content\/uploads\/2017\/10\/9782749148991WEB.jpg 500w, https:\/\/smallthings.fr\/lespetitslivres\/wp-content\/uploads\/2017\/10\/9782749148991WEB-187x300.jpg 187w\" sizes=\"(max-width: 305px) 100vw, 305px\" \/>Dans <em>Les Derniers jours de l&rsquo;\u00e9merveillement<\/em>, Graham Moore d\u00e9montre d&rsquo;un merveilleux talent pour mettre en sc\u00e8ne en sc\u00e8ne ces impressionnantes figures historiques que sont Thomas Edison\u00a0(le f\u00e9roce marchand), George Westinghouse (l&rsquo;artisan d\u00e9termin\u00e9) et Nikolas Tesla (le visionnaire). De chacun, il sait r\u00e9v\u00e9ler la complexit\u00e9, le talent et les parts d&rsquo;ombre au fil de son r\u00e9cit, prouvant du m\u00eame coup que la situation n&rsquo;\u00e9tait pas si manich\u00e9enne qu&rsquo;elle pouvait le semble de prime abord. Il d\u00e9montre surtout, qu&rsquo;en d\u00e9pit de leurs antagonismes, <strong>il fallait trois hommes de cette envergure, g\u00e9nial chacun \u00e0 leur mani\u00e8re, pour inventer le miracle de l&rsquo;\u00e9lectricit\u00e9 tel que nous le connaissons.<\/strong><\/p>\n<p><strong>Graham Moore fait \u00e9galement un formidable livre de vulgarisation scientifique, clarifiant les d\u00e9tails techniques de cette folle course commerciale \u00e0 la modernit\u00e9<\/strong>. Car, ne vous y trompez pas, si la cl\u00e9 de cette guerre est scientifique, son enjeu est purement financier. Celui qui triomphe aura le monopole et le fin mot de cette folle histoire, je peux vous le r\u00e9v\u00e9ler sans spoiler, c&rsquo;est la naissance d&rsquo;une compagnie au nom familier :\u00a0General Electric.<\/p>\n<p>De la diff\u00e9rence entre courant alternatif et courant continu, de l&rsquo;int\u00e9r\u00eat commercial du premier, de cette incroyable course aux brevets ou de la difficult\u00e9 de mettre en place cette fameuse ampoule qui serait la cl\u00e9 de tout, l&rsquo;auteur parvient au fil des chapitres \u00e0 nous apporter ses lumi\u00e8res, sans pour autant nous faire sombrer dans une t\u00e9n\u00e9breuse masse de pr\u00e9cisions indigestes. Et pour ma part, je m&rsquo;en clairement couch\u00e9e moins b\u00eate. J&rsquo;ai d&rsquo;ailleurs souvenir d&rsquo;une sc\u00e8ne haletante page 88, o\u00f9 Tesla r\u00e9v\u00e8le \u00e0 tous le courant alternatif et o\u00f9 Westinghouse explique \u00e0 Paul Cravath notre h\u00e9ros, la r\u00e9volution que cela repr\u00e9sente. <strong>Ce fut bien la premi\u00e8re fois qu&rsquo;une histoire de courant me fila le frisson, sans que je me sois pris une ch\u00e2taigne<\/strong>.<\/p>\n<p>Car, oui, <em>Les Derniers jours de l&rsquo;\u00e9merveillement<\/em> est tout bonnement haletant.\u00a0Graham Moore\u00a0parvient, \u00e0 travers les yeux de\u00a0 Paul Cravath,\u00a0ce jeune avocat qui en fut r\u00e9ellement un des acteurs, \u00e0 nous projeter au c\u0153ur de cette guerre pour nous en faire saisir les rebondissements, les d\u00e9veloppements et les enjeux. <strong>C&rsquo;est une bataille juridique, scientifique et industrielle acharn\u00e9e dont ressortira notre monde moderne qui se joue sous nos yeux<\/strong>.<strong> Coups bas, manigances, trahisons, secrets, petites magouilles et grandes strat\u00e9gies, c&rsquo;est l&rsquo;Histoire qui d\u00e9roule, aussi palpitante qu&rsquo;un thriller<\/strong>. Que ce soir \u00e0 l&rsquo;\u00e9cran ou sur papier, m\u00eame des thrillers juridiques comme <em>L&rsquo;Affaire P\u00e9lican<\/em>, <em>Erin Brockovitch<\/em> ou <em>JFK<\/em> ne m&rsquo;ont plus tenus en haleine que ce roman-l\u00e0. A chaque moment de lecture, je l&rsquo;ai retrouv\u00e9 avec un plaisir toujours renouvel\u00e9.<\/p>\n<p>Derri\u00e8re ce r\u00e9cit tr\u00e9pidant, au travers de cette guerre presque sans merci,\u00a0Graham Moore\u00a0nous permet de saisir toute la subtilit\u00e9 de son titre. Les derniers jours de l&rsquo;\u00e9merveillement, ce sont ces derniers instants o\u00f9 la magie du miracle scientifique, de cette ampoule qui s&rsquo;illumine pour la premi\u00e8re fois, laisse place \u00e0 la loi du march\u00e9 et de l&rsquo;argent.<\/p>\n<p>Conciliant tous ces \u00e9l\u00e9ments,\u00a0Graham Moore\u00a0m\u00e8ne son roman d&rsquo;une main ma\u00eetre, nous livrant un r\u00e9cit \u00e9poustouflant, ludique et proprement addictif, o\u00f9 l&rsquo;Histoire se r\u00e9v\u00e8le plus incroyable encore que le roman.\u00a0Un coup de c\u0153ur absolu\u00a0!<\/p>\n<p><strong>A noter&#8230;<\/strong><\/p>\n<p><em><strong>Les Derniers jours de l&rsquo;\u00e9merveillement\u00a0<\/strong><\/em>est une parfaite mise en bouche pour son homologue sur grand \u00e9cran, <em><strong>The Current War<\/strong><\/em> dont la sortie est pr\u00e9vue prochainement. M\u00eame si j&rsquo;ignore si l&rsquo;un a pu inspirer l&rsquo;autre, le roman et le film abordent le m\u00eame sujet et la m\u00eame p\u00e9riode et il sera probablement plus qu&rsquo;int\u00e9ressant de comparer la fa\u00e7on dont le sujet a \u00e9t\u00e9 trait\u00e9.<\/p>\n","protected":false},"excerpt":{"rendered":"<p>La quatri\u00e8me de couverture des Derniers jours de l&rsquo;\u00e9merveillement, paru au Cherche midi, m&rsquo;avait attir\u00e9e comme une friandise&#8230;\u00a0\u00ab\u00a0\u00c0 la fa\u00e7on d\u2019Erik Larson, Graham Moore s\u2019est appuy\u00e9 sur des documents historiques peu connus pour nous livrer un r\u00e9cit d\u2019une incroyable efficacit\u00e9, qui se lit comme un thriller.\u00a0\u00bb\u00a0Pensez donc\u00a0!\u00a0M&rsquo;app\u00e2ter avec \u00e7a, c&rsquo;\u00e9tait me promettre No\u00ebl avant l&rsquo;heure.<\/p>\n","protected":false},"author":15,"featured_media":31379,"comment_status":"open","ping_status":"open","sticky":false,"template":"","format":"standard","meta":{"jetpack_post_was_ever_published":false,"_jetpack_newsletter_access":"","_jetpack_newsletter_tier_id":0,"footnotes":"","jetpack_publicize_message":"","jetpack_is_tweetstorm":false,"jetpack_publicize_feature_enabled":true,"jetpack_social_post_already_shared":true,"jetpack_social_options":{"image_generator_settings":{"template":"highway","enabled":false}}},"categories":[1118],"tags":[],"jetpack_publicize_connections":[],"yoast_head":"<!-- This site is optimized with the Yoast SEO plugin v21.5 - https:\/\/yoast.com\/wordpress\/plugins\/seo\/ -->\n<title>Les Derniers jours de l\u2019\u00e9merveillement : et la lumi\u00e8re fut<\/title>\n<meta name=\"description\" content=\"La quatri\u00e8me de couverture des Derniers jours de l&#039;\u00e9merveillement, paru au Cherche midi, m&#039;avait attir\u00e9e comme une friandise...\u00a0&quot;\u00c0 la fa\u00e7on d\u2019Erik Larson,\" \/>\n<meta name=\"robots\" content=\"index, follow, max-snippet:-1, max-image-preview:large, max-video-preview:-1\" \/>\n<link rel=\"canonical\" href=\"https:\/\/smallthings.fr\/lespetitslivres\/2017\/11\/01\/derniers-jours-de-l-emerveillement-moore\/\" \/>\n<meta property=\"og:locale\" content=\"fr_FR\" \/>\n<meta property=\"og:type\" content=\"article\" \/>\n<meta property=\"og:title\" content=\"Les Derniers jours de l\u2019\u00e9merveillement : et la lumi\u00e8re fut\" \/>\n<meta property=\"og:description\" content=\"La quatri\u00e8me de couverture des Derniers jours de l&#039;\u00e9merveillement, paru au Cherche midi, m&#039;avait attir\u00e9e comme une friandise...\u00a0&quot;\u00c0 la fa\u00e7on d\u2019Erik Larson,\" \/>\n<meta property=\"og:url\" content=\"https:\/\/smallthings.fr\/lespetitslivres\/2017\/11\/01\/derniers-jours-de-l-emerveillement-moore\/\" \/>\n<meta property=\"og:site_name\" content=\"Les Petits Livres\" \/>\n<meta property=\"article:published_time\" content=\"2017-11-01T09:00:01+00:00\" \/>\n<meta property=\"article:modified_time\" content=\"2017-10-31T13:01:12+00:00\" \/>\n<meta property=\"og:image\" content=\"https:\/\/i0.wp.com\/smallthings.fr\/lespetitslivres\/wp-content\/uploads\/2017\/10\/derniers-jours-emerveillement-moore-cover.jpg?fit=880%2C586&ssl=1\" \/>\n\t<meta property=\"og:image:width\" content=\"880\" \/>\n\t<meta property=\"og:image:height\" content=\"586\" \/>\n\t<meta property=\"og:image:type\" content=\"image\/jpeg\" \/>\n<meta name=\"author\" content=\"June\" \/>\n<meta name=\"twitter:card\" content=\"summary_large_image\" \/>\n<meta name=\"twitter:creator\" content=\"@dariadgille\" \/>\n<meta name=\"twitter:label1\" content=\"\u00c9crit par\" \/>\n\t<meta name=\"twitter:data1\" content=\"June\" \/>\n\t<meta name=\"twitter:label2\" content=\"Dur\u00e9e de lecture estim\u00e9e\" \/>\n\t<meta name=\"twitter:data2\" content=\"4 minutes\" \/>\n<script type=\"application\/ld+json\" class=\"yoast-schema-graph\">{\"@context\":\"https:\/\/schema.org\",\"@graph\":[{\"@type\":\"WebPage\",\"@id\":\"https:\/\/smallthings.fr\/lespetitslivres\/2017\/11\/01\/derniers-jours-de-l-emerveillement-moore\/\",\"url\":\"https:\/\/smallthings.fr\/lespetitslivres\/2017\/11\/01\/derniers-jours-de-l-emerveillement-moore\/\",\"name\":\"Les Derniers jours de l\u2019\u00e9merveillement : et la lumi\u00e8re fut\",\"isPartOf\":{\"@id\":\"https:\/\/smallthings.fr\/lespetitslivres\/#website\"},\"datePublished\":\"2017-11-01T09:00:01+00:00\",\"dateModified\":\"2017-10-31T13:01:12+00:00\",\"author\":{\"@id\":\"https:\/\/smallthings.fr\/lespetitslivres\/#\/schema\/person\/3e6389e33dfcb17850d47fa745090e73\"},\"description\":\"La quatri\u00e8me de couverture des Derniers jours de l'\u00e9merveillement, paru au Cherche midi, m'avait attir\u00e9e comme une friandise...\u00a0\\\"\u00c0 la fa\u00e7on d\u2019Erik Larson,\",\"breadcrumb\":{\"@id\":\"https:\/\/smallthings.fr\/lespetitslivres\/2017\/11\/01\/derniers-jours-de-l-emerveillement-moore\/#breadcrumb\"},\"inLanguage\":\"fr-FR\",\"potentialAction\":[{\"@type\":\"ReadAction\",\"target\":[\"https:\/\/smallthings.fr\/lespetitslivres\/2017\/11\/01\/derniers-jours-de-l-emerveillement-moore\/\"]}]},{\"@type\":\"BreadcrumbList\",\"@id\":\"https:\/\/smallthings.fr\/lespetitslivres\/2017\/11\/01\/derniers-jours-de-l-emerveillement-moore\/#breadcrumb\",\"itemListElement\":[{\"@type\":\"ListItem\",\"position\":1,\"name\":\"Accueil\",\"item\":\"https:\/\/smallthings.fr\/lespetitslivres\/\"},{\"@type\":\"ListItem\",\"position\":2,\"name\":\"Les Derniers jours de l\u2019\u00e9merveillement : et la lumi\u00e8re fut\"}]},{\"@type\":\"WebSite\",\"@id\":\"https:\/\/smallthings.fr\/lespetitslivres\/#website\",\"url\":\"https:\/\/smallthings.fr\/lespetitslivres\/\",\"name\":\"Les Petits Livres\",\"description\":\"by Small Things\",\"potentialAction\":[{\"@type\":\"SearchAction\",\"target\":{\"@type\":\"EntryPoint\",\"urlTemplate\":\"https:\/\/smallthings.fr\/lespetitslivres\/?s={search_term_string}\"},\"query-input\":\"required name=search_term_string\"}],\"inLanguage\":\"fr-FR\"},{\"@type\":\"Person\",\"@id\":\"https:\/\/smallthings.fr\/lespetitslivres\/#\/schema\/person\/3e6389e33dfcb17850d47fa745090e73\",\"name\":\"June\",\"image\":{\"@type\":\"ImageObject\",\"inLanguage\":\"fr-FR\",\"@id\":\"https:\/\/smallthings.fr\/lespetitslivres\/#\/schema\/person\/image\/\",\"url\":\"https:\/\/secure.gravatar.com\/avatar\/b9e34137bb78059aebeb6866f6a13f5a?s=96&d=retro&r=g\",\"contentUrl\":\"https:\/\/secure.gravatar.com\/avatar\/b9e34137bb78059aebeb6866f6a13f5a?s=96&d=retro&r=g\",\"caption\":\"June\"},\"sameAs\":[\"https:\/\/twitter.com\/@dariadgille\"],\"url\":\"https:\/\/smallthings.fr\/lespetitslivres\/author\/june\/\"}]}<\/script>\n<!-- \/ Yoast SEO plugin. -->","yoast_head_json":{"title":"Les Derniers jours de l\u2019\u00e9merveillement : et la lumi\u00e8re fut","description":"La quatri\u00e8me de couverture des Derniers jours de l'\u00e9merveillement, paru au Cherche midi, m'avait attir\u00e9e comme une friandise...\u00a0\"\u00c0 la fa\u00e7on d\u2019Erik Larson,","robots":{"index":"index","follow":"follow","max-snippet":"max-snippet:-1","max-image-preview":"max-image-preview:large","max-video-preview":"max-video-preview:-1"},"canonical":"https:\/\/smallthings.fr\/lespetitslivres\/2017\/11\/01\/derniers-jours-de-l-emerveillement-moore\/","og_locale":"fr_FR","og_type":"article","og_title":"Les Derniers jours de l\u2019\u00e9merveillement : et la lumi\u00e8re fut","og_description":"La quatri\u00e8me de couverture des Derniers jours de l'\u00e9merveillement, paru au Cherche midi, m'avait attir\u00e9e comme une friandise...\u00a0\"\u00c0 la fa\u00e7on d\u2019Erik Larson,","og_url":"https:\/\/smallthings.fr\/lespetitslivres\/2017\/11\/01\/derniers-jours-de-l-emerveillement-moore\/","og_site_name":"Les Petits Livres","article_published_time":"2017-11-01T09:00:01+00:00","article_modified_time":"2017-10-31T13:01:12+00:00","og_image":[{"width":880,"height":586,"url":"https:\/\/i0.wp.com\/smallthings.fr\/lespetitslivres\/wp-content\/uploads\/2017\/10\/derniers-jours-emerveillement-moore-cover.jpg?fit=880%2C586&ssl=1","type":"image\/jpeg"}],"author":"June","twitter_card":"summary_large_image","twitter_creator":"@dariadgille","twitter_misc":{"\u00c9crit par":"June","Dur\u00e9e de lecture estim\u00e9e":"4 minutes"},"schema":{"@context":"https:\/\/schema.org","@graph":[{"@type":"WebPage","@id":"https:\/\/smallthings.fr\/lespetitslivres\/2017\/11\/01\/derniers-jours-de-l-emerveillement-moore\/","url":"https:\/\/smallthings.fr\/lespetitslivres\/2017\/11\/01\/derniers-jours-de-l-emerveillement-moore\/","name":"Les Derniers jours de l\u2019\u00e9merveillement : et la lumi\u00e8re fut","isPartOf":{"@id":"https:\/\/smallthings.fr\/lespetitslivres\/#website"},"datePublished":"2017-11-01T09:00:01+00:00","dateModified":"2017-10-31T13:01:12+00:00","author":{"@id":"https:\/\/smallthings.fr\/lespetitslivres\/#\/schema\/person\/3e6389e33dfcb17850d47fa745090e73"},"description":"La quatri\u00e8me de couverture des Derniers jours de l'\u00e9merveillement, paru au Cherche midi, m'avait attir\u00e9e comme une friandise...\u00a0\"\u00c0 la fa\u00e7on d\u2019Erik Larson,","breadcrumb":{"@id":"https:\/\/smallthings.fr\/lespetitslivres\/2017\/11\/01\/derniers-jours-de-l-emerveillement-moore\/#breadcrumb"},"inLanguage":"fr-FR","potentialAction":[{"@type":"ReadAction","target":["https:\/\/smallthings.fr\/lespetitslivres\/2017\/11\/01\/derniers-jours-de-l-emerveillement-moore\/"]}]},{"@type":"BreadcrumbList","@id":"https:\/\/smallthings.fr\/lespetitslivres\/2017\/11\/01\/derniers-jours-de-l-emerveillement-moore\/#breadcrumb","itemListElement":[{"@type":"ListItem","position":1,"name":"Accueil","item":"https:\/\/smallthings.fr\/lespetitslivres\/"},{"@type":"ListItem","position":2,"name":"Les Derniers jours de l\u2019\u00e9merveillement : et la lumi\u00e8re fut"}]},{"@type":"WebSite","@id":"https:\/\/smallthings.fr\/lespetitslivres\/#website","url":"https:\/\/smallthings.fr\/lespetitslivres\/","name":"Les Petits Livres","description":"by Small Things","potentialAction":[{"@type":"SearchAction","target":{"@type":"EntryPoint","urlTemplate":"https:\/\/smallthings.fr\/lespetitslivres\/?s={search_term_string}"},"query-input":"required name=search_term_string"}],"inLanguage":"fr-FR"},{"@type":"Person","@id":"https:\/\/smallthings.fr\/lespetitslivres\/#\/schema\/person\/3e6389e33dfcb17850d47fa745090e73","name":"June","image":{"@type":"ImageObject","inLanguage":"fr-FR","@id":"https:\/\/smallthings.fr\/lespetitslivres\/#\/schema\/person\/image\/","url":"https:\/\/secure.gravatar.com\/avatar\/b9e34137bb78059aebeb6866f6a13f5a?s=96&d=retro&r=g","contentUrl":"https:\/\/secure.gravatar.com\/avatar\/b9e34137bb78059aebeb6866f6a13f5a?s=96&d=retro&r=g","caption":"June"},"sameAs":["https:\/\/twitter.com\/@dariadgille"],"url":"https:\/\/smallthings.fr\/lespetitslivres\/author\/june\/"}]}},"jetpack_featured_media_url":"https:\/\/smallthings.fr\/lespetitslivres\/wp-content\/uploads\/2017\/10\/derniers-jours-emerveillement-moore-cover.jpg","jetpack_sharing_enabled":true,"jetpack_shortlink":"https:\/\/wp.me\/p6Un21-8a5","jetpack-related-posts":[{"id":23366,"url":"https:\/\/smallthings.fr\/lespetitslivres\/2015\/05\/12\/captain-tsubasa-t28-manga-critique\/","url_meta":{"origin":31377,"position":0},"title":"Captain Tsubasa T28 : Olive et Tom, ils sont toujours ensemble !","author":"Rebecca","date":"12 mai 2015","format":false,"excerpt":"Captain Tsubasa de Yoichi Takahashi, c\u00e9l\u00e8bre sh\u00f4nen paru au Japon en 1983, n\u2019est autre que la version originale du dessin anim\u00e9 Olive et Tom, diffus\u00e9 sous nos latitudes. Enfin publi\u00e9 en manga en langue fran\u00e7aise, le 28e tome vient de para\u00eetre en avril chez Gl\u00e9nat. Et l\u2019histoire n\u2019a rien perdu\u2026","rel":"","context":"Dans &quot;Manga&quot;","block_context":{"text":"Manga","link":"https:\/\/smallthings.fr\/lespetitslivres\/category\/bd-manga\/manga\/"},"img":{"alt_text":"","src":"https:\/\/i0.wp.com\/smallthings.fr\/wp-content\/uploads\/2015\/05\/captain-tsubasa.jpg?resize=350%2C200","width":350,"height":200},"classes":[]},{"id":32113,"url":"https:\/\/smallthings.fr\/lespetitslivres\/2020\/05\/13\/temple-des-derniers-jours-adam-nevill\/","url_meta":{"origin":31377,"position":1},"title":"Le temple des derniers jours de Adam Nevill : la d\u00e9ception","author":"Jennifer","date":"13 mai 2020","format":false,"excerpt":"Adam Nevill, auteur de Appartement 16 , a sorti en poche chez Bragelonne Le temple des derniers jours. Un thriller surnaturel au fort potentiel, mais qui m\u2019a d\u00e9\u00e7ue. Il m\u2019aura fallu pas moins de cinq mois pour venir \u00e0 bout du Temple des derniers jours. Le roman d\u2019Adam Nevill part\u2026","rel":"","context":"Dans &quot;Fantastique&quot;","block_context":{"text":"Fantastique","link":"https:\/\/smallthings.fr\/lespetitslivres\/category\/imaginaire\/fantastique\/"},"img":{"alt_text":"","src":"https:\/\/i0.wp.com\/smallthings.fr\/lespetitslivres\/wp-content\/uploads\/2020\/05\/Le-temple-des-derniers-jours-Adam-Neville-2.jpg?resize=350%2C200&ssl=1","width":350,"height":200,"srcset":"https:\/\/i0.wp.com\/smallthings.fr\/lespetitslivres\/wp-content\/uploads\/2020\/05\/Le-temple-des-derniers-jours-Adam-Neville-2.jpg?resize=350%2C200&ssl=1 1x, https:\/\/i0.wp.com\/smallthings.fr\/lespetitslivres\/wp-content\/uploads\/2020\/05\/Le-temple-des-derniers-jours-Adam-Neville-2.jpg?resize=525%2C300&ssl=1 1.5x, https:\/\/i0.wp.com\/smallthings.fr\/lespetitslivres\/wp-content\/uploads\/2020\/05\/Le-temple-des-derniers-jours-Adam-Neville-2.jpg?resize=700%2C400&ssl=1 2x, https:\/\/i0.wp.com\/smallthings.fr\/lespetitslivres\/wp-content\/uploads\/2020\/05\/Le-temple-des-derniers-jours-Adam-Neville-2.jpg?resize=1050%2C600&ssl=1 3x"},"classes":[]},{"id":32236,"url":"https:\/\/smallthings.fr\/lespetitslivres\/2021\/07\/07\/siri-qui-suis-je-sam-tschida\/","url_meta":{"origin":31377,"position":2},"title":"Siri, qui suis-je ? la com\u00e9die romantique de Sam Tschida","author":"Jennifer","date":"7 juillet 2021","format":false,"excerpt":"Sortie chez les \u00e9ditions Hauteville en mai dernier, Siri, qui suis-je\u00a0? est une com\u00e9die romantique de Sam Tschida qui raconte la lutte de Mia pour retrouver la m\u00e9moire apr\u00e8s un accident. Un roman qui avait une bonne id\u00e9e de d\u00e9part, mais qui \u00e9tait malheureusement un peu longuet. Siri, qui suis-je\u00a0?\u2026","rel":"","context":"Dans &quot;Roman \u00e9tranger&quot;","block_context":{"text":"Roman \u00e9tranger","link":"https:\/\/smallthings.fr\/lespetitslivres\/category\/roman\/roman-etranger\/"},"img":{"alt_text":"","src":"https:\/\/i0.wp.com\/smallthings.fr\/lespetitslivres\/wp-content\/uploads\/2021\/07\/Siri-qui-suis-je-Sam-Tschida-Hauteville-\u00e9ditions-2.jpg?resize=350%2C200&ssl=1","width":350,"height":200,"srcset":"https:\/\/i0.wp.com\/smallthings.fr\/lespetitslivres\/wp-content\/uploads\/2021\/07\/Siri-qui-suis-je-Sam-Tschida-Hauteville-\u00e9ditions-2.jpg?resize=350%2C200&ssl=1 1x, https:\/\/i0.wp.com\/smallthings.fr\/lespetitslivres\/wp-content\/uploads\/2021\/07\/Siri-qui-suis-je-Sam-Tschida-Hauteville-\u00e9ditions-2.jpg?resize=525%2C300&ssl=1 1.5x"},"classes":[]},{"id":31643,"url":"https:\/\/smallthings.fr\/lespetitslivres\/2018\/05\/03\/marquise-des-poisons-olivier-seigneur\/","url_meta":{"origin":31377,"position":3},"title":"La Marquise des poisons, enqu\u00eate romanesque sur l&rsquo;Affaire des Poisons","author":"June","date":"3 mai 2018","format":false,"excerpt":"La Marquise des poisons\u00a0est un roman historique d'Olivier Seigneur, sous-titr\u00e9 Les enqu\u00eates de La Reynie, le policier du Roi-Soleil. Il s'attaque \u00e0 la fameuse et bien connue Affaire des Poisons ! Celle qui va jeter l'opprobre sur la cour de Louis XIV. Le livre para\u00eet aujourd'hui chez Plon. Quel coup\u2026","rel":"","context":"Dans &quot;Roman fran\u00e7ais&quot;","block_context":{"text":"Roman fran\u00e7ais","link":"https:\/\/smallthings.fr\/lespetitslivres\/category\/roman\/roman-francais\/"},"img":{"alt_text":"","src":"https:\/\/i0.wp.com\/smallthings.fr\/lespetitslivres\/wp-content\/uploads\/2018\/05\/marquise-des-poisons-cover.jpg?resize=350%2C200&ssl=1","width":350,"height":200,"srcset":"https:\/\/i0.wp.com\/smallthings.fr\/lespetitslivres\/wp-content\/uploads\/2018\/05\/marquise-des-poisons-cover.jpg?resize=350%2C200&ssl=1 1x, https:\/\/i0.wp.com\/smallthings.fr\/lespetitslivres\/wp-content\/uploads\/2018\/05\/marquise-des-poisons-cover.jpg?resize=525%2C300&ssl=1 1.5x"},"classes":[]},{"id":31475,"url":"https:\/\/smallthings.fr\/lespetitslivres\/2018\/01\/01\/stephane-soutoul-je-n-aimerai-plus\/","url_meta":{"origin":31377,"position":4},"title":"Je n\u2019aimerai plus, une romance historique m\u00eal\u00e9e de fantastique","author":"Jennifer","date":"1 janvier 2018","format":false,"excerpt":"Apr\u00e8s s\u2019\u00eatre essay\u00e9 avec brio au thriller sentimental, St\u00e9phane Soutoul revient avec un genre qu\u2019il appr\u00e9cie particuli\u00e8rement, la romance. Je n\u2019aimerai plus, publi\u00e9e chez Rebelle \u00e9ditions, est une romance historique avec un brin de fantastique. Une belle d\u00e9couverte\u00a0! Je n\u2019aimerai plus raconte l\u2019histoire de Solange, une jeune femme frapp\u00e9e par\u2026","rel":"","context":"Dans &quot;Roman fran\u00e7ais&quot;","block_context":{"text":"Roman fran\u00e7ais","link":"https:\/\/smallthings.fr\/lespetitslivres\/category\/roman\/roman-francais\/"},"img":{"alt_text":"","src":"https:\/\/i0.wp.com\/smallthings.fr\/lespetitslivres\/wp-content\/uploads\/2017\/12\/Je-naimerai-plus-St\u00e9phane-Soutoul-3.jpg?resize=350%2C200&ssl=1","width":350,"height":200,"srcset":"https:\/\/i0.wp.com\/smallthings.fr\/lespetitslivres\/wp-content\/uploads\/2017\/12\/Je-naimerai-plus-St\u00e9phane-Soutoul-3.jpg?resize=350%2C200&ssl=1 1x, https:\/\/i0.wp.com\/smallthings.fr\/lespetitslivres\/wp-content\/uploads\/2017\/12\/Je-naimerai-plus-St\u00e9phane-Soutoul-3.jpg?resize=525%2C300&ssl=1 1.5x"},"classes":[]},{"id":31593,"url":"https:\/\/smallthings.fr\/lespetitslivres\/2018\/03\/28\/interview-nathalie-salmon-amour-liberte\/","url_meta":{"origin":31377,"position":5},"title":"Interview de Nathalie Salmon, auteure de Un amour de libert\u00e9","author":"June","date":"28 mars 2018","format":false,"excerpt":"Hate you met... Nathalie Salmon ? June nous fait le plaisir de partager avec nous cette interview de Nathalie Salmon, auteure d'Un amour de libert\u00e9, qu'elle a chroniqu\u00e9 par ici. Bonjour Nathalie Salmon, c\u2019est un plaisir et un honneur. Si vous\u00a0le voulez bien, commen\u00e7ons par vous pr\u00e9senter un peu. Quel\u2026","rel":"","context":"Dans &quot;Roman fran\u00e7ais&quot;","block_context":{"text":"Roman fran\u00e7ais","link":"https:\/\/smallthings.fr\/lespetitslivres\/category\/roman\/roman-francais\/"},"img":{"alt_text":"","src":"https:\/\/i0.wp.com\/smallthings.fr\/lespetitslivres\/wp-content\/uploads\/2018\/03\/nathalie-salmon-1.jpg?resize=350%2C200&ssl=1","width":350,"height":200,"srcset":"https:\/\/i0.wp.com\/smallthings.fr\/lespetitslivres\/wp-content\/uploads\/2018\/03\/nathalie-salmon-1.jpg?resize=350%2C200&ssl=1 1x, https:\/\/i0.wp.com\/smallthings.fr\/lespetitslivres\/wp-content\/uploads\/2018\/03\/nathalie-salmon-1.jpg?resize=525%2C300&ssl=1 1.5x, https:\/\/i0.wp.com\/smallthings.fr\/lespetitslivres\/wp-content\/uploads\/2018\/03\/nathalie-salmon-1.jpg?resize=700%2C400&ssl=1 2x, https:\/\/i0.wp.com\/smallthings.fr\/lespetitslivres\/wp-content\/uploads\/2018\/03\/nathalie-salmon-1.jpg?resize=1050%2C600&ssl=1 3x, https:\/\/i0.wp.com\/smallthings.fr\/lespetitslivres\/wp-content\/uploads\/2018\/03\/nathalie-salmon-1.jpg?resize=1400%2C800&ssl=1 4x"},"classes":[]}],"_links":{"self":[{"href":"https:\/\/smallthings.fr\/lespetitslivres\/wp-json\/wp\/v2\/posts\/31377"}],"collection":[{"href":"https:\/\/smallthings.fr\/lespetitslivres\/wp-json\/wp\/v2\/posts"}],"about":[{"href":"https:\/\/smallthings.fr\/lespetitslivres\/wp-json\/wp\/v2\/types\/post"}],"author":[{"embeddable":true,"href":"https:\/\/smallthings.fr\/lespetitslivres\/wp-json\/wp\/v2\/users\/15"}],"replies":[{"embeddable":true,"href":"https:\/\/smallthings.fr\/lespetitslivres\/wp-json\/wp\/v2\/comments?post=31377"}],"version-history":[{"count":1,"href":"https:\/\/smallthings.fr\/lespetitslivres\/wp-json\/wp\/v2\/posts\/31377\/revisions"}],"predecessor-version":[{"id":31380,"href":"https:\/\/smallthings.fr\/lespetitslivres\/wp-json\/wp\/v2\/posts\/31377\/revisions\/31380"}],"wp:featuredmedia":[{"embeddable":true,"href":"https:\/\/smallthings.fr\/lespetitslivres\/wp-json\/wp\/v2\/media\/31379"}],"wp:attachment":[{"href":"https:\/\/smallthings.fr\/lespetitslivres\/wp-json\/wp\/v2\/media?parent=31377"}],"wp:term":[{"taxonomy":"category","embeddable":true,"href":"https:\/\/smallthings.fr\/lespetitslivres\/wp-json\/wp\/v2\/categories?post=31377"},{"taxonomy":"post_tag","embeddable":true,"href":"https:\/\/smallthings.fr\/lespetitslivres\/wp-json\/wp\/v2\/tags?post=31377"}],"curies":[{"name":"wp","href":"https:\/\/api.w.org\/{rel}","templated":true}]}}