{"id":31347,"date":"2017-10-28T10:00:18","date_gmt":"2017-10-28T09:00:18","guid":{"rendered":"http:\/\/smallthings.fr\/lespetitslivres\/?p=31347"},"modified":"2017-10-27T16:15:35","modified_gmt":"2017-10-27T15:15:35","slug":"frappe-toi-coeur-nothomb-livre-audio","status":"publish","type":"post","link":"https:\/\/smallthings.fr\/lespetitslivres\/2017\/10\/28\/frappe-toi-coeur-nothomb-livre-audio\/","title":{"rendered":"Frappe-toi le coeur : le conte moderne d&rsquo;Am\u00e9lie Nothomb en livre audio"},"content":{"rendered":"<h2>Le roman de la rentr\u00e9e d&rsquo;Am\u00e9lie Nothomb, <em>Frappe-toi le c\u0153ur<\/em>, est disponible en livre audio chez <a href=\"https:\/\/www.audible.fr\/pd\/Romans\/Frappe-toi-le-cx153-ur-Livre-Audio\/B073QW6YFM\/\">Audible<\/a>. Ce conte moderne, pl\u00e9biscit\u00e9 par la critique et tr\u00e8s appr\u00e9ci\u00e9 du public, nous raconte l&rsquo;histoire de la jalousie d&rsquo;une m\u00e8re pour sa fille. C&rsquo;est Fran\u00e7oise Gillard qui pr\u00eate sa voix au r\u00e9cit.<\/h2>\n<p><img loading=\"lazy\" decoding=\"async\" data-attachment-id=\"31349\" data-permalink=\"https:\/\/smallthings.fr\/lespetitslivres\/2017\/10\/28\/frappe-toi-coeur-nothomb-livre-audio\/nothomb\/\" data-orig-file=\"https:\/\/smallthings.fr\/lespetitslivres\/wp-content\/uploads\/2017\/10\/nothomb.png\" data-orig-size=\"319,318\" data-comments-opened=\"1\" data-image-meta=\"{&quot;aperture&quot;:&quot;0&quot;,&quot;credit&quot;:&quot;&quot;,&quot;camera&quot;:&quot;&quot;,&quot;caption&quot;:&quot;&quot;,&quot;created_timestamp&quot;:&quot;0&quot;,&quot;copyright&quot;:&quot;&quot;,&quot;focal_length&quot;:&quot;0&quot;,&quot;iso&quot;:&quot;0&quot;,&quot;shutter_speed&quot;:&quot;0&quot;,&quot;title&quot;:&quot;&quot;,&quot;orientation&quot;:&quot;0&quot;}\" data-image-title=\"nothomb\" data-image-description=\"\" data-image-caption=\"\" data-medium-file=\"https:\/\/smallthings.fr\/lespetitslivres\/wp-content\/uploads\/2017\/10\/nothomb-300x300.png\" data-large-file=\"https:\/\/smallthings.fr\/lespetitslivres\/wp-content\/uploads\/2017\/10\/nothomb.png\" class=\"alignleft wp-image-31349\" src=\"http:\/\/smallthings.fr\/lespetitslivres\/wp-content\/uploads\/2017\/10\/nothomb.png\" alt=\"\" width=\"292\" height=\"291\" srcset=\"https:\/\/smallthings.fr\/lespetitslivres\/wp-content\/uploads\/2017\/10\/nothomb.png 319w, https:\/\/smallthings.fr\/lespetitslivres\/wp-content\/uploads\/2017\/10\/nothomb-300x300.png 300w, https:\/\/smallthings.fr\/lespetitslivres\/wp-content\/uploads\/2017\/10\/nothomb-150x150.png 150w\" sizes=\"(max-width: 292px) 100vw, 292px\" \/><strong>La version audio de <em>Frappe-toi le c\u0153ur<\/em> nous happe imm\u00e9diatement.<\/strong> C&rsquo;est l&rsquo;effet \u00ab\u00a0conte\u00a0\u00bb, \u00e9videmment ! Am\u00e9lie Nothomb d\u00e9roule son histoire et nous embarque \u00e0 la rencontre de Marie, tout d&rsquo;abord, puis de sa fille Diane. La jeune Marie, tr\u00e8s belle, adore qu&rsquo;on l&rsquo;admire. Mais quand elle met au monde sa fille Diane, son monde s&rsquo;\u00e9croule. Son mari, ses parents, et le reste du monde, n&rsquo;ont plus d&rsquo;yeux que pour la petite Diane. Le constat est implacable : Marie est jalouse. Par cons\u00e9quent, impossible de d\u00e9velopper de la tendresse pour sa fille. La petite Diane en est bien s\u00fbr d\u00e9boussol\u00e9e mais se fait diverses raisons. Quand un jour, sa petite s\u0153ur na\u00eet. Diane se pr\u00e9pare \u00e0 devoir prot\u00e9ger sa s\u0153ur de ce manque d&rsquo;amour maternel. Mais contre toute attente, Marie devient folle de sa deuxi\u00e8me fille. Toutes les th\u00e9ories de Diane s&rsquo;effondre. Ce n&rsquo;est pas ses filles, que Marie n&rsquo;aime pas. C&rsquo;est juste elle.\u00a0<strong>Elle va alors prendre ses distances par rapport \u00e0 sa famille. Pour se retrouver en face d&rsquo;un monstre \u00e9quivalent \u00e0 sa m\u00e8re quelques ann\u00e9es plus tard&#8230;\u00a0<\/strong><\/p>\n<p>Fran\u00e7oise Gillard module sa voix selon les personnages. <strong>Elle adopte un ton anecdotique et enjou\u00e9, qui convient tr\u00e8s bien \u00e0 ce conte moderne<\/strong>. Elle prend \u00e9galement une voix d&rsquo;enfant na\u00efve et adorable quand l&rsquo;histoire est racont\u00e9e du point de vue de la petite Diane. <strong>Elle nous happe totalement et l&rsquo;histoire s&rsquo;\u00e9coute d&rsquo;une traite.<\/strong><\/p>\n<p><strong><img loading=\"lazy\" decoding=\"async\" data-attachment-id=\"31375\" data-permalink=\"https:\/\/smallthings.fr\/lespetitslivres\/2017\/10\/28\/frappe-toi-coeur-nothomb-livre-audio\/nothomb-2\/\" data-orig-file=\"https:\/\/smallthings.fr\/lespetitslivres\/wp-content\/uploads\/2017\/10\/nothomb-scaled.jpg\" data-orig-size=\"2560,1741\" data-comments-opened=\"1\" data-image-meta=\"{&quot;aperture&quot;:&quot;0&quot;,&quot;credit&quot;:&quot;&quot;,&quot;camera&quot;:&quot;&quot;,&quot;caption&quot;:&quot;&quot;,&quot;created_timestamp&quot;:&quot;0&quot;,&quot;copyright&quot;:&quot;&quot;,&quot;focal_length&quot;:&quot;0&quot;,&quot;iso&quot;:&quot;0&quot;,&quot;shutter_speed&quot;:&quot;0&quot;,&quot;title&quot;:&quot;&quot;,&quot;orientation&quot;:&quot;0&quot;}\" data-image-title=\"nothomb\" data-image-description=\"\" data-image-caption=\"\" data-medium-file=\"https:\/\/smallthings.fr\/lespetitslivres\/wp-content\/uploads\/2017\/10\/nothomb-300x204.jpg\" data-large-file=\"https:\/\/smallthings.fr\/lespetitslivres\/wp-content\/uploads\/2017\/10\/nothomb-1024x696.jpg\" class=\"alignright wp-image-31375\" src=\"http:\/\/smallthings.fr\/lespetitslivres\/wp-content\/uploads\/2017\/10\/nothomb-1024x696.jpg\" alt=\"\" width=\"325\" height=\"221\" srcset=\"https:\/\/smallthings.fr\/lespetitslivres\/wp-content\/uploads\/2017\/10\/nothomb-1024x696.jpg 1024w, https:\/\/smallthings.fr\/lespetitslivres\/wp-content\/uploads\/2017\/10\/nothomb-300x204.jpg 300w, https:\/\/smallthings.fr\/lespetitslivres\/wp-content\/uploads\/2017\/10\/nothomb-768x522.jpg 768w, https:\/\/smallthings.fr\/lespetitslivres\/wp-content\/uploads\/2017\/10\/nothomb-1536x1044.jpg 1536w, https:\/\/smallthings.fr\/lespetitslivres\/wp-content\/uploads\/2017\/10\/nothomb-2048x1393.jpg 2048w\" sizes=\"(max-width: 325px) 100vw, 325px\" \/>Les rebondissements, parfois dr\u00f4les, parfois cruels, et le suspense sous-jacent absolument redoutable, sont un d\u00e9lice \u00e0 \u00e9couter.<\/strong><\/p>\n<p><strong>Trouver le livre lu chez Audible et tenter les 30 jours d&rsquo;essai : <a href=\"https:\/\/www.audible.fr\/pd\/Romans\/Frappe-toi-le-cx153-ur-Livre-Audio\/B073QW6YFM\">par ici<\/a>.<\/strong><\/p>\n<p><strong>D\u00e9couvrez notre critique du roman par ici : <a href=\"http:\/\/smallthings.fr\/lespetitslivres\/2017\/08\/24\/amelie-nothomb-frappe-toi-coeur-avis\/\">Am\u00e9lie Nothomb, Frappe-toi le c\u0153ur et 25 ans de carri\u00e8re<\/a>.<\/strong><\/p>\n","protected":false},"excerpt":{"rendered":"<p>Le roman de la rentr\u00e9e d&rsquo;Am\u00e9lie Nothomb, Frappe-toi le c\u0153ur, est disponible en livre audio chez Audible. Ce conte moderne, pl\u00e9biscit\u00e9 par la critique et tr\u00e8s appr\u00e9ci\u00e9 du public, nous raconte l&rsquo;histoire de la jalousie d&rsquo;une m\u00e8re pour sa fille. C&rsquo;est Fran\u00e7oise Gillard qui pr\u00eate sa voix au r\u00e9cit. La version audio de Frappe-toi le<\/p>\n","protected":false},"author":2,"featured_media":31348,"comment_status":"open","ping_status":"open","sticky":false,"template":"","format":"standard","meta":{"jetpack_post_was_ever_published":false,"_jetpack_newsletter_access":"","_jetpack_newsletter_tier_id":0,"footnotes":"","jetpack_publicize_message":"Frappe-toi le coeur : le conte moderne d'Am\u00e9lie Nothomb en livre audio","jetpack_is_tweetstorm":false,"jetpack_publicize_feature_enabled":true,"jetpack_social_post_already_shared":true,"jetpack_social_options":{"image_generator_settings":{"template":"highway","enabled":false}}},"categories":[1109],"tags":[35,1604,1851,571,1823,32],"jetpack_publicize_connections":[],"yoast_head":"<!-- This site is optimized with the Yoast SEO plugin v21.5 - https:\/\/yoast.com\/wordpress\/plugins\/seo\/ -->\n<title>Frappe-toi le coeur : le conte moderne d&#039;Am\u00e9lie Nothomb en livre audio<\/title>\n<meta name=\"description\" content=\"Le roman de la rentr\u00e9e d&#039;Am\u00e9lie Nothomb, Frappe-toi le c\u0153ur, est disponible en livre audio chez Audible. Ce conte moderne, pl\u00e9biscit\u00e9 par la critique et\" \/>\n<meta name=\"robots\" content=\"index, follow, max-snippet:-1, max-image-preview:large, max-video-preview:-1\" \/>\n<link rel=\"canonical\" href=\"https:\/\/smallthings.fr\/lespetitslivres\/2017\/10\/28\/frappe-toi-coeur-nothomb-livre-audio\/\" \/>\n<meta property=\"og:locale\" content=\"fr_FR\" \/>\n<meta property=\"og:type\" content=\"article\" \/>\n<meta property=\"og:title\" content=\"Frappe-toi le coeur : le conte moderne d&#039;Am\u00e9lie Nothomb en livre audio\" \/>\n<meta property=\"og:description\" content=\"Le roman de la rentr\u00e9e d&#039;Am\u00e9lie Nothomb, Frappe-toi le c\u0153ur, est disponible en livre audio chez Audible. Ce conte moderne, pl\u00e9biscit\u00e9 par la critique et\" \/>\n<meta property=\"og:url\" content=\"https:\/\/smallthings.fr\/lespetitslivres\/2017\/10\/28\/frappe-toi-coeur-nothomb-livre-audio\/\" \/>\n<meta property=\"og:site_name\" content=\"Les Petits Livres\" \/>\n<meta property=\"article:published_time\" content=\"2017-10-28T09:00:18+00:00\" \/>\n<meta property=\"article:modified_time\" content=\"2017-10-27T15:15:35+00:00\" \/>\n<meta property=\"og:image\" content=\"https:\/\/smallthings.fr\/lespetitslivres\/wp-content\/uploads\/2017\/10\/nothomb-livre-audio2.jpg\" \/>\n\t<meta property=\"og:image:width\" content=\"870\" \/>\n\t<meta property=\"og:image:height\" content=\"504\" \/>\n\t<meta property=\"og:image:type\" content=\"image\/jpeg\" \/>\n<meta name=\"author\" content=\"Claire\" \/>\n<meta name=\"twitter:card\" content=\"summary_large_image\" \/>\n<meta name=\"twitter:label1\" content=\"\u00c9crit par\" \/>\n\t<meta name=\"twitter:data1\" content=\"Claire\" \/>\n\t<meta name=\"twitter:label2\" content=\"Dur\u00e9e de lecture estim\u00e9e\" \/>\n\t<meta name=\"twitter:data2\" content=\"2 minutes\" \/>\n<script type=\"application\/ld+json\" class=\"yoast-schema-graph\">{\"@context\":\"https:\/\/schema.org\",\"@graph\":[{\"@type\":\"WebPage\",\"@id\":\"https:\/\/smallthings.fr\/lespetitslivres\/2017\/10\/28\/frappe-toi-coeur-nothomb-livre-audio\/\",\"url\":\"https:\/\/smallthings.fr\/lespetitslivres\/2017\/10\/28\/frappe-toi-coeur-nothomb-livre-audio\/\",\"name\":\"Frappe-toi le coeur : le conte moderne d'Am\u00e9lie Nothomb en livre audio\",\"isPartOf\":{\"@id\":\"https:\/\/smallthings.fr\/lespetitslivres\/#website\"},\"datePublished\":\"2017-10-28T09:00:18+00:00\",\"dateModified\":\"2017-10-27T15:15:35+00:00\",\"author\":{\"@id\":\"https:\/\/smallthings.fr\/lespetitslivres\/#\/schema\/person\/504d603cacfe064fe039dfa03a8b7918\"},\"description\":\"Le roman de la rentr\u00e9e d'Am\u00e9lie Nothomb, Frappe-toi le c\u0153ur, est disponible en livre audio chez Audible. Ce conte moderne, pl\u00e9biscit\u00e9 par la critique et\",\"breadcrumb\":{\"@id\":\"https:\/\/smallthings.fr\/lespetitslivres\/2017\/10\/28\/frappe-toi-coeur-nothomb-livre-audio\/#breadcrumb\"},\"inLanguage\":\"fr-FR\",\"potentialAction\":[{\"@type\":\"ReadAction\",\"target\":[\"https:\/\/smallthings.fr\/lespetitslivres\/2017\/10\/28\/frappe-toi-coeur-nothomb-livre-audio\/\"]}]},{\"@type\":\"BreadcrumbList\",\"@id\":\"https:\/\/smallthings.fr\/lespetitslivres\/2017\/10\/28\/frappe-toi-coeur-nothomb-livre-audio\/#breadcrumb\",\"itemListElement\":[{\"@type\":\"ListItem\",\"position\":1,\"name\":\"Accueil\",\"item\":\"https:\/\/smallthings.fr\/lespetitslivres\/\"},{\"@type\":\"ListItem\",\"position\":2,\"name\":\"Frappe-toi le coeur : le conte moderne d&rsquo;Am\u00e9lie Nothomb en livre audio\"}]},{\"@type\":\"WebSite\",\"@id\":\"https:\/\/smallthings.fr\/lespetitslivres\/#website\",\"url\":\"https:\/\/smallthings.fr\/lespetitslivres\/\",\"name\":\"Les Petits Livres\",\"description\":\"by Small Things\",\"potentialAction\":[{\"@type\":\"SearchAction\",\"target\":{\"@type\":\"EntryPoint\",\"urlTemplate\":\"https:\/\/smallthings.fr\/lespetitslivres\/?s={search_term_string}\"},\"query-input\":\"required name=search_term_string\"}],\"inLanguage\":\"fr-FR\"},{\"@type\":\"Person\",\"@id\":\"https:\/\/smallthings.fr\/lespetitslivres\/#\/schema\/person\/504d603cacfe064fe039dfa03a8b7918\",\"name\":\"Claire\",\"image\":{\"@type\":\"ImageObject\",\"inLanguage\":\"fr-FR\",\"@id\":\"https:\/\/smallthings.fr\/lespetitslivres\/#\/schema\/person\/image\/\",\"url\":\"https:\/\/secure.gravatar.com\/avatar\/9a85ff83d76b3eb17b8cae208640786e?s=96&d=retro&r=g\",\"contentUrl\":\"https:\/\/secure.gravatar.com\/avatar\/9a85ff83d76b3eb17b8cae208640786e?s=96&d=retro&r=g\",\"caption\":\"Claire\"},\"url\":\"https:\/\/smallthings.fr\/lespetitslivres\/author\/claire\/\"}]}<\/script>\n<!-- \/ Yoast SEO plugin. -->","yoast_head_json":{"title":"Frappe-toi le coeur : le conte moderne d'Am\u00e9lie Nothomb en livre audio","description":"Le roman de la rentr\u00e9e d'Am\u00e9lie Nothomb, Frappe-toi le c\u0153ur, est disponible en livre audio chez Audible. Ce conte moderne, pl\u00e9biscit\u00e9 par la critique et","robots":{"index":"index","follow":"follow","max-snippet":"max-snippet:-1","max-image-preview":"max-image-preview:large","max-video-preview":"max-video-preview:-1"},"canonical":"https:\/\/smallthings.fr\/lespetitslivres\/2017\/10\/28\/frappe-toi-coeur-nothomb-livre-audio\/","og_locale":"fr_FR","og_type":"article","og_title":"Frappe-toi le coeur : le conte moderne d'Am\u00e9lie Nothomb en livre audio","og_description":"Le roman de la rentr\u00e9e d'Am\u00e9lie Nothomb, Frappe-toi le c\u0153ur, est disponible en livre audio chez Audible. Ce conte moderne, pl\u00e9biscit\u00e9 par la critique et","og_url":"https:\/\/smallthings.fr\/lespetitslivres\/2017\/10\/28\/frappe-toi-coeur-nothomb-livre-audio\/","og_site_name":"Les Petits Livres","article_published_time":"2017-10-28T09:00:18+00:00","article_modified_time":"2017-10-27T15:15:35+00:00","og_image":[{"width":870,"height":504,"url":"https:\/\/smallthings.fr\/lespetitslivres\/wp-content\/uploads\/2017\/10\/nothomb-livre-audio2.jpg","type":"image\/jpeg"}],"author":"Claire","twitter_card":"summary_large_image","twitter_misc":{"\u00c9crit par":"Claire","Dur\u00e9e de lecture estim\u00e9e":"2 minutes"},"schema":{"@context":"https:\/\/schema.org","@graph":[{"@type":"WebPage","@id":"https:\/\/smallthings.fr\/lespetitslivres\/2017\/10\/28\/frappe-toi-coeur-nothomb-livre-audio\/","url":"https:\/\/smallthings.fr\/lespetitslivres\/2017\/10\/28\/frappe-toi-coeur-nothomb-livre-audio\/","name":"Frappe-toi le coeur : le conte moderne d'Am\u00e9lie Nothomb en livre audio","isPartOf":{"@id":"https:\/\/smallthings.fr\/lespetitslivres\/#website"},"datePublished":"2017-10-28T09:00:18+00:00","dateModified":"2017-10-27T15:15:35+00:00","author":{"@id":"https:\/\/smallthings.fr\/lespetitslivres\/#\/schema\/person\/504d603cacfe064fe039dfa03a8b7918"},"description":"Le roman de la rentr\u00e9e d'Am\u00e9lie Nothomb, Frappe-toi le c\u0153ur, est disponible en livre audio chez Audible. Ce conte moderne, pl\u00e9biscit\u00e9 par la critique et","breadcrumb":{"@id":"https:\/\/smallthings.fr\/lespetitslivres\/2017\/10\/28\/frappe-toi-coeur-nothomb-livre-audio\/#breadcrumb"},"inLanguage":"fr-FR","potentialAction":[{"@type":"ReadAction","target":["https:\/\/smallthings.fr\/lespetitslivres\/2017\/10\/28\/frappe-toi-coeur-nothomb-livre-audio\/"]}]},{"@type":"BreadcrumbList","@id":"https:\/\/smallthings.fr\/lespetitslivres\/2017\/10\/28\/frappe-toi-coeur-nothomb-livre-audio\/#breadcrumb","itemListElement":[{"@type":"ListItem","position":1,"name":"Accueil","item":"https:\/\/smallthings.fr\/lespetitslivres\/"},{"@type":"ListItem","position":2,"name":"Frappe-toi le coeur : le conte moderne d&rsquo;Am\u00e9lie Nothomb en livre audio"}]},{"@type":"WebSite","@id":"https:\/\/smallthings.fr\/lespetitslivres\/#website","url":"https:\/\/smallthings.fr\/lespetitslivres\/","name":"Les Petits Livres","description":"by Small Things","potentialAction":[{"@type":"SearchAction","target":{"@type":"EntryPoint","urlTemplate":"https:\/\/smallthings.fr\/lespetitslivres\/?s={search_term_string}"},"query-input":"required name=search_term_string"}],"inLanguage":"fr-FR"},{"@type":"Person","@id":"https:\/\/smallthings.fr\/lespetitslivres\/#\/schema\/person\/504d603cacfe064fe039dfa03a8b7918","name":"Claire","image":{"@type":"ImageObject","inLanguage":"fr-FR","@id":"https:\/\/smallthings.fr\/lespetitslivres\/#\/schema\/person\/image\/","url":"https:\/\/secure.gravatar.com\/avatar\/9a85ff83d76b3eb17b8cae208640786e?s=96&d=retro&r=g","contentUrl":"https:\/\/secure.gravatar.com\/avatar\/9a85ff83d76b3eb17b8cae208640786e?s=96&d=retro&r=g","caption":"Claire"},"url":"https:\/\/smallthings.fr\/lespetitslivres\/author\/claire\/"}]}},"jetpack_featured_media_url":"https:\/\/smallthings.fr\/lespetitslivres\/wp-content\/uploads\/2017\/10\/nothomb-livre-audio2.jpg","jetpack_sharing_enabled":true,"jetpack_shortlink":"https:\/\/wp.me\/p6Un21-89B","jetpack-related-posts":[{"id":31224,"url":"https:\/\/smallthings.fr\/lespetitslivres\/2017\/08\/24\/amelie-nothomb-frappe-toi-coeur-avis\/","url_meta":{"origin":31347,"position":0},"title":"Am\u00e9lie Nothomb : Frappe-toi le c\u0153ur et 25 ans de carri\u00e8re","author":"Audrey Ch\u00e8vrefeuille","date":"24 ao\u00fbt 2017","format":false,"excerpt":"Voici le Nothomb nouveau, Frappe-toi le c\u0153ur, qui vient de para\u00eetre en cette rentr\u00e9e litt\u00e9raire. Rentr\u00e9e 2017 qui ne fera pas exception : Albin Michel publie, cette ann\u00e9e encore, le nouveau roman d'Am\u00e9lie, qui vient couronner vingt-cinq ans d\u2019une carri\u00e8re \u00e9patante et ravira les lecteurs. \"Frappe-toi le c\u0153ur, c\u2019est l\u00e0\u2026","rel":"","context":"Dans &quot;Roman fran\u00e7ais&quot;","block_context":{"text":"Roman fran\u00e7ais","link":"https:\/\/smallthings.fr\/lespetitslivres\/category\/roman\/roman-francais\/"},"img":{"alt_text":"","src":"https:\/\/i0.wp.com\/smallthings.fr\/lespetitslivres\/wp-content\/uploads\/2017\/08\/nothomb-frappe-toi-cover.jpg?resize=350%2C200&ssl=1","width":350,"height":200,"srcset":"https:\/\/i0.wp.com\/smallthings.fr\/lespetitslivres\/wp-content\/uploads\/2017\/08\/nothomb-frappe-toi-cover.jpg?resize=350%2C200&ssl=1 1x, https:\/\/i0.wp.com\/smallthings.fr\/lespetitslivres\/wp-content\/uploads\/2017\/08\/nothomb-frappe-toi-cover.jpg?resize=525%2C300&ssl=1 1.5x, https:\/\/i0.wp.com\/smallthings.fr\/lespetitslivres\/wp-content\/uploads\/2017\/08\/nothomb-frappe-toi-cover.jpg?resize=700%2C400&ssl=1 2x, https:\/\/i0.wp.com\/smallthings.fr\/lespetitslivres\/wp-content\/uploads\/2017\/08\/nothomb-frappe-toi-cover.jpg?resize=1050%2C600&ssl=1 3x"},"classes":[]},{"id":30202,"url":"https:\/\/smallthings.fr\/lespetitslivres\/2016\/08\/17\/amelie-nothomb-retour-pays-contes\/","url_meta":{"origin":31347,"position":1},"title":"Am\u00e9lie Nothomb : retour au pays des contes","author":"Audrey Ch\u00e8vrefeuille","date":"17 ao\u00fbt 2016","format":false,"excerpt":"Depuis 1992 et son tr\u00e8s remarqu\u00e9 premier roman Hygi\u00e8ne de l\u2019assassin, Am\u00e9lie Nothomb occupe la sc\u00e8ne m\u00e9diatique de chaque rentr\u00e9e en publiant annuellement un nouveau roman. Une valeur s\u00fbre pour Albin Michel, son \u00e9diteur historique, qui publie aujourd'hui Riquet \u00e0 la houppe. En 2012, Am\u00e9lie Nothomb publiait Barbe bleue, r\u00e9\u00e9criture\u2026","rel":"","context":"Dans &quot;Rentr\u00e9e litt\u00e9raire&quot;","block_context":{"text":"Rentr\u00e9e litt\u00e9raire","link":"https:\/\/smallthings.fr\/lespetitslivres\/category\/rentree-litteraire\/"},"img":{"alt_text":"","src":"https:\/\/i0.wp.com\/smallthings.fr\/lespetitslivres\/wp-content\/uploads\/2016\/08\/amelie-nothomb.jpg?resize=350%2C200&ssl=1","width":350,"height":200,"srcset":"https:\/\/i0.wp.com\/smallthings.fr\/lespetitslivres\/wp-content\/uploads\/2016\/08\/amelie-nothomb.jpg?resize=350%2C200&ssl=1 1x, https:\/\/i0.wp.com\/smallthings.fr\/lespetitslivres\/wp-content\/uploads\/2016\/08\/amelie-nothomb.jpg?resize=525%2C300&ssl=1 1.5x, https:\/\/i0.wp.com\/smallthings.fr\/lespetitslivres\/wp-content\/uploads\/2016\/08\/amelie-nothomb.jpg?resize=700%2C400&ssl=1 2x"},"classes":[]},{"id":26283,"url":"https:\/\/smallthings.fr\/lespetitslivres\/2015\/08\/19\/amelie-nothomb-crime-du-comte-neville-critique\/","url_meta":{"origin":31347,"position":2},"title":"Am\u00e9lie Nothomb, Le crime du comte Neville : ch\u00e2teau, mon beau ch\u00e2teau","author":"Audrey Ch\u00e8vrefeuille","date":"19 ao\u00fbt 2015","format":false,"excerpt":"Avec une pr\u00e9cision et une r\u00e9gularit\u00e9 dignes d\u2019un m\u00e9tronome, Am\u00e9lie Nothomb propose chaque ann\u00e9e \u00e0 ses lecteurs \u2013 dont beaucoup sont des fans depuis de longues ann\u00e9es \u2013 un nouveau livre \u00e0 la fin du mois d\u2019ao\u00fbt. Une bien belle fa\u00e7on d\u2019entamer la rentr\u00e9e litt\u00e9raire. Fid\u00e8le \u00e0 Albin Michel, son\u2026","rel":"","context":"Dans &quot;Rentr\u00e9e Litt\u00e9raire&quot;","block_context":{"text":"Rentr\u00e9e Litt\u00e9raire","link":"https:\/\/smallthings.fr\/lespetitslivres\/category\/rentree-litteraire-2015\/"},"img":{"alt_text":"","src":"https:\/\/i0.wp.com\/smallthings.fr\/wp-content\/uploads\/2015\/08\/nothomb-comte-neville.jpg?resize=350%2C200","width":350,"height":200},"classes":[]},{"id":7577,"url":"https:\/\/smallthings.fr\/lespetitslivres\/2013\/08\/22\/a-nothomb-la-nostalgie-heureuse\/","url_meta":{"origin":31347,"position":3},"title":"Am\u00e9lie Nothomb &#8211; La Nostalgie heureuse","author":"Audrey Ch\u00e8vrefeuille","date":"22 ao\u00fbt 2013","format":false,"excerpt":"Le mill\u00e9sime Nothomb 2013 vient de para\u00eetre : il est d\u00e9sormais dispo en librairie. Audrey Chevrefeuille nous donne son avis sur l'un des romans les plus attendus de la rentr\u00e9e.","rel":"","context":"Dans &quot;Roman fran\u00e7ais&quot;","block_context":{"text":"Roman fran\u00e7ais","link":"https:\/\/smallthings.fr\/lespetitslivres\/category\/roman\/roman-francais\/"},"img":{"alt_text":"amelie-nothomb-copie-1.jpg","src":"https:\/\/i0.wp.com\/idata.over-blog.com\/3\/60\/10\/05\/Auteurs-et-livres\/amelie-nothomb-copie-1.jpg?resize=350%2C200","width":350,"height":200},"classes":[]},{"id":2745,"url":"https:\/\/smallthings.fr\/lespetitslivres\/2012\/10\/28\/barbe-bleue-amelie-nothomb\/","url_meta":{"origin":31347,"position":4},"title":"Barbe bleue &#8211; Am\u00e9lie Nothomb","author":"Claire","date":"28 octobre 2012","format":false,"excerpt":"Critique du nouveau roman d'Am\u00e9lie Nothomb, Barbe bleue paru chez Albin Michel pour la Rentr\u00e9e litt\u00e9raire 2012 !","rel":"","context":"Dans &quot;Roman fran\u00e7ais&quot;","block_context":{"text":"Roman fran\u00e7ais","link":"https:\/\/smallthings.fr\/lespetitslivres\/category\/roman\/roman-francais\/"},"img":{"alt_text":"","src":"","width":0,"height":0},"classes":[]},{"id":15845,"url":"https:\/\/smallthings.fr\/lespetitslivres\/2014\/08\/20\/amelie-nothomb-petronille-rentree-avis\/","url_meta":{"origin":31347,"position":5},"title":"Am\u00e9lie Nothomb fait sa rentr\u00e9e avec P\u00e9tronille","author":"Audrey Ch\u00e8vrefeuille","date":"20 ao\u00fbt 2014","format":false,"excerpt":"Comme chaque ann\u00e9e, Am\u00e9lie Nothomb sort son nouveau roman pour la rentr\u00e9e litt\u00e9raire chez Albin Michel. C\u2019est devenu une habitude depuis longtemps maintenant. Pas de r\u00e9el suspense donc quant \u00e0 l\u2019\u00e9v\u00e9nement, mais toujours une impatience et des interrogations sur le contenu. Annonc\u00e9 \u00e0 200.000 exemplaires, P\u00e9tronille fera s\u00fbrement beaucoup parler\u2026","rel":"","context":"Dans &quot;Roman fran\u00e7ais&quot;","block_context":{"text":"Roman fran\u00e7ais","link":"https:\/\/smallthings.fr\/lespetitslivres\/category\/roman\/roman-francais\/"},"img":{"alt_text":"","src":"https:\/\/i0.wp.com\/smallthings.fr\/wp-content\/uploads\/2014\/08\/nothomb-petronille.jpg?resize=350%2C200","width":350,"height":200},"classes":[]}],"_links":{"self":[{"href":"https:\/\/smallthings.fr\/lespetitslivres\/wp-json\/wp\/v2\/posts\/31347"}],"collection":[{"href":"https:\/\/smallthings.fr\/lespetitslivres\/wp-json\/wp\/v2\/posts"}],"about":[{"href":"https:\/\/smallthings.fr\/lespetitslivres\/wp-json\/wp\/v2\/types\/post"}],"author":[{"embeddable":true,"href":"https:\/\/smallthings.fr\/lespetitslivres\/wp-json\/wp\/v2\/users\/2"}],"replies":[{"embeddable":true,"href":"https:\/\/smallthings.fr\/lespetitslivres\/wp-json\/wp\/v2\/comments?post=31347"}],"version-history":[{"count":3,"href":"https:\/\/smallthings.fr\/lespetitslivres\/wp-json\/wp\/v2\/posts\/31347\/revisions"}],"predecessor-version":[{"id":31376,"href":"https:\/\/smallthings.fr\/lespetitslivres\/wp-json\/wp\/v2\/posts\/31347\/revisions\/31376"}],"wp:featuredmedia":[{"embeddable":true,"href":"https:\/\/smallthings.fr\/lespetitslivres\/wp-json\/wp\/v2\/media\/31348"}],"wp:attachment":[{"href":"https:\/\/smallthings.fr\/lespetitslivres\/wp-json\/wp\/v2\/media?parent=31347"}],"wp:term":[{"taxonomy":"category","embeddable":true,"href":"https:\/\/smallthings.fr\/lespetitslivres\/wp-json\/wp\/v2\/categories?post=31347"},{"taxonomy":"post_tag","embeddable":true,"href":"https:\/\/smallthings.fr\/lespetitslivres\/wp-json\/wp\/v2\/tags?post=31347"}],"curies":[{"name":"wp","href":"https:\/\/api.w.org\/{rel}","templated":true}]}}